{"id":153494,"date":"2021-06-01T11:39:30","date_gmt":"2021-06-01T14:39:30","guid":{"rendered":"https:\/\/www.suno.com.br\/noticias\/?p=153494"},"modified":"2021-06-01T11:39:30","modified_gmt":"2021-06-01T14:39:30","slug":"uber-anuncia-escritorio-perspectiva-expansao","status":"publish","type":"post","link":"https:\/\/www.suno.com.br\/noticias\/uber-anuncia-escritorio-perspectiva-expansao\/","title":{"rendered":"Uber anuncia escrit\u00f3rio de 30 mil m\u00b2 seguindo perspectiva de expans\u00e3o"},"content":{"rendered":"<p>A <a href=\"https:\/\/www.suno.com.br\/artigos\/bdr-uma-forma-simples-de-investir-no-exterior\/\"><strong>Uber\u00a0<\/strong>(U1BE34)<\/a> anunciou um projeto de expans\u00e3o no Brasil com a constru\u00e7\u00e3o de uma nova sede de 30 mil metros quadrados (o triplo do escrit\u00f3rio atual) em S\u00e3o Paulo. O an\u00fancio foi feito na tarde da \u00faltima segunda-feira (31), em em reuni\u00e3o com os mais de mil funcion\u00e1rios.<\/p>\t<div class=\"wrapper-featured-image\">\n\t\t<figure class=\"spotlightImg\">\n\n\t\t\t<picture>\n\t\t\t\t<source media=\"(max-width: 768px)\" srcset=\"https:\/\/files.sunoresearch.com.br\/n\/uploads\/2021\/06\/25b1c7b2-uber-400x200.webp\">\n\t\t\t\t<img loading=\"lazy\" decoding=\"async\" class=\"newsContent__article__imgCapa lazyloadDisabled \" src=\"https:\/\/files.sunoresearch.com.br\/n\/uploads\/2021\/06\/25b1c7b2-uber-800x450.webp\" width=\"800\" height=\"450\" alt=\"Uber anuncia escrit\u00f3rio de 30 mil m\u00b2 seguindo perspectiva de expans\u00e3o\" fetchpriority=high \/>\n\t\t\t<\/picture>\n\n\t\t\t<figcaption class=\"wp-caption-text wp-caption-text--show\">Uber<\/figcaption>\n\t\t<\/figure>\n\t<\/div>\n\n\n\t<p>\n\t\t<a href=\"https:\/\/lp.suno.com.br\/planilha-controle-gastos\/\" target=\"_blank\" data-element=\"shortcode-suno-banner\" title=\"Banner SUNO, clique e saiba mais\">\n\t\t\t<picture>\n\t\t\t\t<source media=\"(max-width: 500px)\" srcset=\"https:\/\/files.sunoresearch.com.br\/n\/uploads\/2023\/03\/400x300-Planilha-controle-de-gastos.png\">\n\t\t\t\t<img class=\"newsContent__article__imgCapa newsContent__article__imgCapa--banner\"\n\t\t\t\t\tsrc=\"https:\/\/files.sunoresearch.com.br\/n\/uploads\/2023\/03\/1420x240-Planilha-controle-de-gastos.png\"\n\t\t\t\t\tdata-promo-id=\"101751\"\t\t\t\t\t\t\t\t\t\twidth='1420' height='240'\t\t\t\t\talt=\"https:\/\/files.sunoresearch.com.br\/n\/uploads\/2023\/03\/1420x240-Planilha-controle-de-gastos.png\"\n\t\t\t\t>\n\t\t\t<\/picture>\n\t\t<\/a>\n\t<\/p>\n\n\n<p>Com o nome de &#8220;<strong>Uber Campus<\/strong>&#8220;, o local tem previs\u00e3o de inaugura\u00e7\u00e3o para 2022, em Osasco, na regi\u00e3o da Vila Iara, e abrigar\u00e1 o primeiro Centro de Tecnologia da Uber na Am\u00e9rica Latina, inaugurado no Brasil em 2018.<\/p>\n<p>Segundo a companhia, &#8220;a decis\u00e3o foi tomada ap\u00f3s defini\u00e7\u00e3o de seu modelo de <strong>trabalho h\u00edbrido<\/strong>, que permanentemente incluir\u00e1 somente tr\u00eas dias por semana de trabalho presencial \u2013 os outros dois continuar\u00e3o remotos&#8221;.<\/p>\n<p><a href=\"https:\/\/lp.suno.com.br\/suno-one\/?ppp=noticias\/hospital-care-pedido-ipo-cvm\/\"><b>Suno One: acesse gratuitamente eBooks, Minicursos, Artigos e V\u00eddeo Aulas sobre investimentos com um \u00fanico cadastro. Clique para saber mais!<\/b><\/a><\/p>\n<p>O projeto ambicioso acompanha uma grande <a href=\"https:\/\/www.suno.com.br\/artigos\/indicadores-de-produtividade\/\">perspectiva de <b>expans\u00e3o <\/b>da empresa<\/a> de entregas e transporte que \u00e9 projetado para os pr\u00f3ximos anos. Ser\u00e3o 12 mil metros quadrados de \u00e1rea para 18 mil de \u00e1rea verde.<\/p>\n<p>O espa\u00e7o deve incluir:<\/p>\n<ul>\n<li>Salas de reuni\u00f5es amplas;<\/li>\n<li>Restaurante;<\/li>\n<li>Cafeteria;<\/li>\n<li>Academia;<\/li>\n<li>Sala de amamenta\u00e7\u00e3o;<\/li>\n<li>\u00c1rea para pets.<\/li>\n<\/ul>\n<p>Apesar de ter triplicado o tamanho do <strong>escrit\u00f3rio<\/strong> atual, o espa\u00e7o n\u00e3o ir\u00e1 contar com todos os funcion\u00e1rios diariamente.<\/p>\n\t<div data-element=\"shortcode-read-more\" class=\"knowMore\">\n\t\t\t\t<span class=\"knowMore__title\">Saiba mais<\/span>\n\t\t\t\t<a class=\"knowMore__link\" href=\"https:\/\/www.suno.com.br\/noticias\/uber-u1be34-lyft-corridas-gratuitas-vacinacao\/\">\n\t\t\tUber (U1BE34) e Lyft oferecer\u00e3o corridas gratuitas a locais de vacina\u00e7\u00e3o nos EUA\t\t<\/a>\n\t<\/div>\n\n\n<h2>Mudan\u00e7a na Uber segue modelo de trabalho h\u00edbrido<\/h2>\n<p>\u201cSabemos que o mundo n\u00e3o ser\u00e1 o mesmo ap\u00f3s a pandemia, o que impacta tamb\u00e9m a maneira como nos relacionamos com o trabalho\u201d, disse o Diretor Geral da Uber para Am\u00e9rica Latina, George Gordon.<\/p>\n<p>&#8220;Por causa disso, reavaliamos nosso modelo e repensamos nosso espa\u00e7o para fomentar a colabora\u00e7\u00e3o entre os <strong>funcion\u00e1rios<\/strong>, levando em conta o momento atual e o potencial crescimento da nossa opera\u00e7\u00e3o no Brasil.&#8221;<\/p>\n\t<p>\n\t\t<a href=\"https:\/\/lp.suno.com.br\/planilha-da-vida-financeira\/\" target=\"_blank\" data-element=\"shortcode-suno-banner\" title=\"Banner SUNO, clique e saiba mais\">\n\t\t\t<picture>\n\t\t\t\t<source media=\"(max-width: 500px)\" srcset=\"https:\/\/files.sunoresearch.com.br\/n\/uploads\/2023\/04\/400x300-Planilha-vida-financeira-true.png\">\n\t\t\t\t<img class=\"newsContent__article__imgCapa newsContent__article__imgCapa--banner\"\n\t\t\t\t\tsrc=\"https:\/\/files.sunoresearch.com.br\/n\/uploads\/2023\/04\/1420x240-Planilha-vida-financeira-true.png\"\n\t\t\t\t\tdata-promo-id=\"106682\"\t\t\t\t\t\t\t\t\t\twidth='1420' height='240'\t\t\t\t\talt=\"https:\/\/files.sunoresearch.com.br\/n\/uploads\/2023\/04\/1420x240-Planilha-vida-financeira-true.png\"\n\t\t\t\t>\n\t\t\t<\/picture>\n\t\t<\/a>\n\t<\/p>\n\n\n<p>O executivo ressalta que o Uber Campus deve frisar necessidade de um local que &#8220;privilegia a conviv\u00eancia&#8221;, ainda que o <a href=\"https:\/\/www.suno.com.br\/artigos\/ganhar-dinheiro-em-casa\/\">trabalho de forma remota tenha passado a ser mais popular<\/a>. \u201cIr todos os dias ao trabalho mudou de significado&#8221;, afirma.<\/p>\n<p>A mudan\u00e7a est\u00e1 em linha com a nova pol\u00edtica de trabalho anunciada globalmente pela empresa ainda no m\u00eas de abril, que segue um modelo gradual em que os funcion\u00e1rios n\u00e3o precisar\u00e3o mais estar presencialmente todos os dias, indo ao escrit\u00f3rio tr\u00eas vezes na semana.<\/p>\n<p>Segundo a <strong>Uber<\/strong>, a ideia \u00e9 &#8220;oferecer mais flexibilidade de hor\u00e1rios e a op\u00e7\u00e3o de combinar trabalho presencial e remoto da maneira que melhor se enquadre nos desafios de cada atividade e no estilo de vida de cada um&#8221;.<\/p>\n\t<p>\n\t\t<a href=\"https:\/\/lp.suno.com.br\/planilha-de-controle-de-investimentos\/\" target=\"_blank\" data-element=\"shortcode-suno-banner\" title=\"Banner SUNO, clique e saiba mais\">\n\t\t\t<picture>\n\t\t\t\t<source media=\"(max-width: 500px)\" srcset=\"https:\/\/files.sunoresearch.com.br\/n\/uploads\/2023\/03\/400x300-Controle-de-Investimentos.png\">\n\t\t\t\t<img class=\"newsContent__article__imgCapa newsContent__article__imgCapa--banner\"\n\t\t\t\t\tsrc=\"https:\/\/files.sunoresearch.com.br\/n\/uploads\/2023\/03\/1420x240-Controle-de-Investimentos.png\"\n\t\t\t\t\tdata-promo-id=\"75934\"\t\t\t\t\t\t\t\t\t\twidth='1420' height='240'\t\t\t\t\talt=\"https:\/\/files.sunoresearch.com.br\/n\/uploads\/2023\/03\/1420x240-Controle-de-Investimentos.png\"\n\t\t\t\t>\n\t\t\t<\/picture>\n\t\t<\/a>\n\t<\/p>\n\n\n","protected":false},"excerpt":{"rendered":"<p>A Uber\u00a0(U1BE34) anunciou um projeto de expans\u00e3o no Brasil com a constru\u00e7\u00e3o de uma nova sede de 30 mil metros quadrados (o triplo do escrit\u00f3rio atual) em S\u00e3o Paulo. O an\u00fancio foi feito na tarde da \u00faltima segunda-feira (31), em em reuni\u00e3o com os mais de mil funcion\u00e1rios. Uber Com o nome de &#8220;Uber Campus&#8220;, [&hellip;]<\/p>\n","protected":false},"author":73,"featured_media":153504,"comment_status":"closed","ping_status":"closed","sticky":false,"template":"","format":"standard","meta":[],"categories":[64],"tags":[4769,954,2210],"suno_strategy":[],"class_list":["post-153494","post","type-post","status-publish","format-standard","has-post-thumbnail","hentry","category-negocios","tag-home-office","tag-uber-u1be34","tag-uber-eats"],"yoast_head":"<!-- This site is optimized with the Yoast SEO plugin v24.4 - https:\/\/yoast.com\/wordpress\/plugins\/seo\/ -->\n<title>Uber anuncia escrit\u00f3rio de 30 mil m\u00b2 seguindo perspectiva de expans\u00e3o<\/title>\n<meta name=\"description\" content=\"A Uber anunciou um novo escrit\u00f3rio com o triplo do tamanho do atual. A previs\u00e3o de inaugura\u00e7\u00e3o e em 2022, em Osasco. Leia mais.\" \/>\n<meta name=\"robots\" content=\"index, follow, max-snippet:-1, max-image-preview:large, max-video-preview:-1\" \/>\n<link rel=\"canonical\" href=\"https:\/\/www.suno.com.br\/noticias\/uber-anuncia-escritorio-perspectiva-expansao\/\" \/>\n<meta property=\"og:locale\" content=\"pt_BR\" \/>\n<meta property=\"og:type\" content=\"article\" \/>\n<meta property=\"og:title\" content=\"Uber anuncia escrit\u00f3rio de 30 mil m\u00b2 seguindo perspectiva de expans\u00e3o\" \/>\n<meta property=\"og:description\" content=\"A Uber anunciou um novo escrit\u00f3rio com o triplo do tamanho do atual. A previs\u00e3o de inaugura\u00e7\u00e3o e em 2022, em Osasco. Leia mais.\" \/>\n<meta property=\"og:url\" content=\"https:\/\/www.suno.com.br\/noticias\/uber-anuncia-escritorio-perspectiva-expansao\/\" \/>\n<meta property=\"og:site_name\" content=\"Suno Not\u00edcias\" \/>\n<meta property=\"article:publisher\" content=\"https:\/\/facebook.com\/sunoresearch\" \/>\n<meta property=\"og:image\" content=\"https:\/\/files.sunoresearch.com.br\/n\/uploads\/2021\/06\/25b1c7b2-uber.jpg\" \/>\n\t<meta property=\"og:image:width\" content=\"1200\" \/>\n\t<meta property=\"og:image:height\" content=\"800\" \/>\n\t<meta property=\"og:image:type\" content=\"image\/jpeg\" \/>\n<meta name=\"author\" content=\"Eduardo Vargas\" \/>\n<meta name=\"twitter:card\" content=\"summary_large_image\" \/>\n<meta name=\"twitter:creator\" content=\"@sunoresearch\" \/>\n<meta name=\"twitter:site\" content=\"@sunoresearch\" \/>\n<meta name=\"twitter:label1\" content=\"Escrito por\" \/>\n\t<meta name=\"twitter:data1\" content=\"Eduardo Vargas\" \/>\n\t<meta name=\"twitter:label2\" content=\"Est. tempo de leitura\" \/>\n\t<meta name=\"twitter:data2\" content=\"2 minutos\" \/>\n<script type=\"application\/ld+json\" class=\"yoast-schema-graph\">{\"@context\":\"https:\/\/schema.org\",\"@graph\":[{\"@type\":\"NewsArticle\",\"@id\":\"https:\/\/www.suno.com.br\/noticias\/uber-anuncia-escritorio-perspectiva-expansao\/#article\",\"isPartOf\":{\"@id\":\"https:\/\/www.suno.com.br\/noticias\/uber-anuncia-escritorio-perspectiva-expansao\/\"},\"author\":{\"name\":\"Eduardo Vargas\",\"@id\":\"https:\/\/www.suno.com.br\/noticias\/#\/schema\/person\/7f4d362bf3518e76090143ae77bb49a5\"},\"headline\":\"Uber anuncia escrit\u00f3rio de 30 mil m\u00b2 seguindo perspectiva de expans\u00e3o\",\"datePublished\":\"2021-06-01T14:39:30+00:00\",\"mainEntityOfPage\":{\"@id\":\"https:\/\/www.suno.com.br\/noticias\/uber-anuncia-escritorio-perspectiva-expansao\/\"},\"wordCount\":476,\"publisher\":{\"@id\":\"https:\/\/www.suno.com.br\/noticias\/#organization\"},\"image\":{\"@id\":\"https:\/\/www.suno.com.br\/noticias\/uber-anuncia-escritorio-perspectiva-expansao\/#primaryimage\"},\"thumbnailUrl\":\"https:\/\/files.sunoresearch.com.br\/n\/uploads\/2021\/06\/25b1c7b2-uber-jpg.webp\",\"keywords\":[\"home office\",\"Uber (U1BE34)\",\"Uber Eats\"],\"articleSection\":[\"Neg\u00f3cios\"],\"inLanguage\":\"pt-BR\"},{\"@type\":\"WebPage\",\"@id\":\"https:\/\/www.suno.com.br\/noticias\/uber-anuncia-escritorio-perspectiva-expansao\/\",\"url\":\"https:\/\/www.suno.com.br\/noticias\/uber-anuncia-escritorio-perspectiva-expansao\/\",\"name\":\"Uber anuncia escrit\u00f3rio de 30 mil m\u00b2 seguindo perspectiva de expans\u00e3o\",\"isPartOf\":{\"@id\":\"https:\/\/www.suno.com.br\/noticias\/#website\"},\"primaryImageOfPage\":{\"@id\":\"https:\/\/www.suno.com.br\/noticias\/uber-anuncia-escritorio-perspectiva-expansao\/#primaryimage\"},\"image\":{\"@id\":\"https:\/\/www.suno.com.br\/noticias\/uber-anuncia-escritorio-perspectiva-expansao\/#primaryimage\"},\"thumbnailUrl\":\"https:\/\/files.sunoresearch.com.br\/n\/uploads\/2021\/06\/25b1c7b2-uber-jpg.webp\",\"datePublished\":\"2021-06-01T14:39:30+00:00\",\"description\":\"A Uber anunciou um novo escrit\u00f3rio com o triplo do tamanho do atual. A previs\u00e3o de inaugura\u00e7\u00e3o e em 2022, em Osasco. Leia mais.\",\"breadcrumb\":{\"@id\":\"https:\/\/www.suno.com.br\/noticias\/uber-anuncia-escritorio-perspectiva-expansao\/#breadcrumb\"},\"inLanguage\":\"pt-BR\",\"potentialAction\":[{\"@type\":\"ReadAction\",\"target\":[\"https:\/\/www.suno.com.br\/noticias\/uber-anuncia-escritorio-perspectiva-expansao\/\"]}]},{\"@type\":\"ImageObject\",\"inLanguage\":\"pt-BR\",\"@id\":\"https:\/\/www.suno.com.br\/noticias\/uber-anuncia-escritorio-perspectiva-expansao\/#primaryimage\",\"url\":\"https:\/\/files.sunoresearch.com.br\/n\/uploads\/2021\/06\/25b1c7b2-uber-jpg.webp\",\"contentUrl\":\"https:\/\/files.sunoresearch.com.br\/n\/uploads\/2021\/06\/25b1c7b2-uber-jpg.webp\",\"width\":1200,\"height\":800,\"caption\":\"Uber\"},{\"@type\":\"BreadcrumbList\",\"@id\":\"https:\/\/www.suno.com.br\/noticias\/uber-anuncia-escritorio-perspectiva-expansao\/#breadcrumb\",\"itemListElement\":[{\"@type\":\"ListItem\",\"position\":1,\"name\":\"Not\u00edcias\",\"item\":\"https:\/\/www.suno.com.br\/noticias\/\"},{\"@type\":\"ListItem\",\"position\":2,\"name\":\"Neg\u00f3cios\",\"item\":\"https:\/\/www.suno.com.br\/noticias\/negocios\/\"},{\"@type\":\"ListItem\",\"position\":3,\"name\":\"Uber anuncia escrit\u00f3rio de 30 mil m\u00b2 seguindo perspectiva de expans\u00e3o\"}]},{\"@type\":\"WebSite\",\"@id\":\"https:\/\/www.suno.com.br\/noticias\/#website\",\"url\":\"https:\/\/www.suno.com.br\/noticias\/\",\"name\":\"Suno Not\u00edcias\",\"description\":\"Seu portal de informa\u00e7\u00e3o sobre o mundo dos investimentos\",\"publisher\":{\"@id\":\"https:\/\/www.suno.com.br\/noticias\/#organization\"},\"potentialAction\":[{\"@type\":\"SearchAction\",\"target\":{\"@type\":\"EntryPoint\",\"urlTemplate\":\"https:\/\/www.suno.com.br\/noticias\/?s={search_term_string}\"},\"query-input\":{\"@type\":\"PropertyValueSpecification\",\"valueRequired\":true,\"valueName\":\"search_term_string\"}}],\"inLanguage\":\"pt-BR\"},{\"@type\":\"Organization\",\"@id\":\"https:\/\/www.suno.com.br\/noticias\/#organization\",\"name\":\"Suno Not\u00edcias\",\"url\":\"https:\/\/www.suno.com.br\/noticias\/\",\"logo\":{\"@type\":\"ImageObject\",\"inLanguage\":\"pt-BR\",\"@id\":\"https:\/\/www.suno.com.br\/noticias\/#\/schema\/logo\/image\/\",\"url\":\"https:\/\/files.sunoresearch.com.br\/n\/uploads\/2021\/09\/suno-logo.png\",\"contentUrl\":\"https:\/\/files.sunoresearch.com.br\/n\/uploads\/2021\/09\/suno-logo.png\",\"width\":180,\"height\":180,\"caption\":\"Suno Not\u00edcias\"},\"image\":{\"@id\":\"https:\/\/www.suno.com.br\/noticias\/#\/schema\/logo\/image\/\"},\"sameAs\":[\"https:\/\/facebook.com\/sunoresearch\",\"https:\/\/x.com\/sunoresearch\",\"https:\/\/www.instagram.com\/suno\",\"https:\/\/www.linkedin.com\/company\/suno-research\/\",\"https:\/\/www.youtube.com\/c\/sunoresearch\"]},{\"@type\":\"Person\",\"@id\":\"https:\/\/www.suno.com.br\/noticias\/#\/schema\/person\/7f4d362bf3518e76090143ae77bb49a5\",\"name\":\"Eduardo Vargas\",\"image\":{\"@type\":\"ImageObject\",\"inLanguage\":\"pt-BR\",\"@id\":\"https:\/\/www.suno.com.br\/noticias\/#\/schema\/person\/image\/\",\"url\":\"https:\/\/secure.gravatar.com\/avatar\/dac340933427a22924c9f99d1eb2e3f2?s=96&r=g\",\"contentUrl\":\"https:\/\/secure.gravatar.com\/avatar\/dac340933427a22924c9f99d1eb2e3f2?s=96&r=g\",\"caption\":\"Eduardo Vargas\"},\"description\":\"Jornalista formado pela UFSC, cobre macroeconomia, neg\u00f3cios e startups para o Suno Not\u00edcias, escrevendo principalmente not\u00edcias sobre o mercado financeiro e a bolsa de valores. No YouTube e no Instagram, \u00e9 respons\u00e1vel pela produ\u00e7\u00e3o de Reels e Shorts do Suno Not\u00edcias. Anteriormente, trabalhou cobrindo economia e cotidiano no ND+ e para o ND, maior jornal impresso de Santa Catarina. Cursou um semestre letivo de Estudos de M\u00eddia na Universidad de Buenos Aires.\",\"url\":\"https:\/\/www.suno.com.br\/noticias\/author\/eduardo-vargas\/\"}]}<\/script>\n<!-- \/ Yoast SEO plugin. -->","yoast_head_json":{"title":"Uber anuncia escrit\u00f3rio de 30 mil m\u00b2 seguindo perspectiva de expans\u00e3o","description":"A Uber anunciou um novo escrit\u00f3rio com o triplo do tamanho do atual. A previs\u00e3o de inaugura\u00e7\u00e3o e em 2022, em Osasco. Leia mais.","robots":{"index":"index","follow":"follow","max-snippet":"max-snippet:-1","max-image-preview":"max-image-preview:large","max-video-preview":"max-video-preview:-1"},"canonical":"https:\/\/www.suno.com.br\/noticias\/uber-anuncia-escritorio-perspectiva-expansao\/","og_locale":"pt_BR","og_type":"article","og_title":"Uber anuncia escrit\u00f3rio de 30 mil m\u00b2 seguindo perspectiva de expans\u00e3o","og_description":"A Uber anunciou um novo escrit\u00f3rio com o triplo do tamanho do atual. A previs\u00e3o de inaugura\u00e7\u00e3o e em 2022, em Osasco. Leia mais.","og_url":"https:\/\/www.suno.com.br\/noticias\/uber-anuncia-escritorio-perspectiva-expansao\/","og_site_name":"Suno Not\u00edcias","article_publisher":"https:\/\/facebook.com\/sunoresearch","og_image":[{"width":1200,"height":800,"url":"https:\/\/files.sunoresearch.com.br\/n\/uploads\/2021\/06\/25b1c7b2-uber.jpg","type":"image\/jpeg"}],"author":"Eduardo Vargas","twitter_card":"summary_large_image","twitter_creator":"@sunoresearch","twitter_site":"@sunoresearch","twitter_misc":{"Escrito por":"Eduardo Vargas","Est. tempo de leitura":"2 minutos"},"schema":{"@context":"https:\/\/schema.org","@graph":[{"@type":"NewsArticle","@id":"https:\/\/www.suno.com.br\/noticias\/uber-anuncia-escritorio-perspectiva-expansao\/#article","isPartOf":{"@id":"https:\/\/www.suno.com.br\/noticias\/uber-anuncia-escritorio-perspectiva-expansao\/"},"author":{"name":"Eduardo Vargas","@id":"https:\/\/www.suno.com.br\/noticias\/#\/schema\/person\/7f4d362bf3518e76090143ae77bb49a5"},"headline":"Uber anuncia escrit\u00f3rio de 30 mil m\u00b2 seguindo perspectiva de expans\u00e3o","datePublished":"2021-06-01T14:39:30+00:00","mainEntityOfPage":{"@id":"https:\/\/www.suno.com.br\/noticias\/uber-anuncia-escritorio-perspectiva-expansao\/"},"wordCount":476,"publisher":{"@id":"https:\/\/www.suno.com.br\/noticias\/#organization"},"image":{"@id":"https:\/\/www.suno.com.br\/noticias\/uber-anuncia-escritorio-perspectiva-expansao\/#primaryimage"},"thumbnailUrl":"https:\/\/files.sunoresearch.com.br\/n\/uploads\/2021\/06\/25b1c7b2-uber-jpg.webp","keywords":["home office","Uber (U1BE34)","Uber Eats"],"articleSection":["Neg\u00f3cios"],"inLanguage":"pt-BR"},{"@type":"WebPage","@id":"https:\/\/www.suno.com.br\/noticias\/uber-anuncia-escritorio-perspectiva-expansao\/","url":"https:\/\/www.suno.com.br\/noticias\/uber-anuncia-escritorio-perspectiva-expansao\/","name":"Uber anuncia escrit\u00f3rio de 30 mil m\u00b2 seguindo perspectiva de expans\u00e3o","isPartOf":{"@id":"https:\/\/www.suno.com.br\/noticias\/#website"},"primaryImageOfPage":{"@id":"https:\/\/www.suno.com.br\/noticias\/uber-anuncia-escritorio-perspectiva-expansao\/#primaryimage"},"image":{"@id":"https:\/\/www.suno.com.br\/noticias\/uber-anuncia-escritorio-perspectiva-expansao\/#primaryimage"},"thumbnailUrl":"https:\/\/files.sunoresearch.com.br\/n\/uploads\/2021\/06\/25b1c7b2-uber-jpg.webp","datePublished":"2021-06-01T14:39:30+00:00","description":"A Uber anunciou um novo escrit\u00f3rio com o triplo do tamanho do atual. A previs\u00e3o de inaugura\u00e7\u00e3o e em 2022, em Osasco. Leia mais.","breadcrumb":{"@id":"https:\/\/www.suno.com.br\/noticias\/uber-anuncia-escritorio-perspectiva-expansao\/#breadcrumb"},"inLanguage":"pt-BR","potentialAction":[{"@type":"ReadAction","target":["https:\/\/www.suno.com.br\/noticias\/uber-anuncia-escritorio-perspectiva-expansao\/"]}]},{"@type":"ImageObject","inLanguage":"pt-BR","@id":"https:\/\/www.suno.com.br\/noticias\/uber-anuncia-escritorio-perspectiva-expansao\/#primaryimage","url":"https:\/\/files.sunoresearch.com.br\/n\/uploads\/2021\/06\/25b1c7b2-uber-jpg.webp","contentUrl":"https:\/\/files.sunoresearch.com.br\/n\/uploads\/2021\/06\/25b1c7b2-uber-jpg.webp","width":1200,"height":800,"caption":"Uber"},{"@type":"BreadcrumbList","@id":"https:\/\/www.suno.com.br\/noticias\/uber-anuncia-escritorio-perspectiva-expansao\/#breadcrumb","itemListElement":[{"@type":"ListItem","position":1,"name":"Not\u00edcias","item":"https:\/\/www.suno.com.br\/noticias\/"},{"@type":"ListItem","position":2,"name":"Neg\u00f3cios","item":"https:\/\/www.suno.com.br\/noticias\/negocios\/"},{"@type":"ListItem","position":3,"name":"Uber anuncia escrit\u00f3rio de 30 mil m\u00b2 seguindo perspectiva de expans\u00e3o"}]},{"@type":"WebSite","@id":"https:\/\/www.suno.com.br\/noticias\/#website","url":"https:\/\/www.suno.com.br\/noticias\/","name":"Suno Not\u00edcias","description":"Seu portal de informa\u00e7\u00e3o sobre o mundo dos investimentos","publisher":{"@id":"https:\/\/www.suno.com.br\/noticias\/#organization"},"potentialAction":[{"@type":"SearchAction","target":{"@type":"EntryPoint","urlTemplate":"https:\/\/www.suno.com.br\/noticias\/?s={search_term_string}"},"query-input":{"@type":"PropertyValueSpecification","valueRequired":true,"valueName":"search_term_string"}}],"inLanguage":"pt-BR"},{"@type":"Organization","@id":"https:\/\/www.suno.com.br\/noticias\/#organization","name":"Suno Not\u00edcias","url":"https:\/\/www.suno.com.br\/noticias\/","logo":{"@type":"ImageObject","inLanguage":"pt-BR","@id":"https:\/\/www.suno.com.br\/noticias\/#\/schema\/logo\/image\/","url":"https:\/\/files.sunoresearch.com.br\/n\/uploads\/2021\/09\/suno-logo.png","contentUrl":"https:\/\/files.sunoresearch.com.br\/n\/uploads\/2021\/09\/suno-logo.png","width":180,"height":180,"caption":"Suno Not\u00edcias"},"image":{"@id":"https:\/\/www.suno.com.br\/noticias\/#\/schema\/logo\/image\/"},"sameAs":["https:\/\/facebook.com\/sunoresearch","https:\/\/x.com\/sunoresearch","https:\/\/www.instagram.com\/suno","https:\/\/www.linkedin.com\/company\/suno-research\/","https:\/\/www.youtube.com\/c\/sunoresearch"]},{"@type":"Person","@id":"https:\/\/www.suno.com.br\/noticias\/#\/schema\/person\/7f4d362bf3518e76090143ae77bb49a5","name":"Eduardo Vargas","image":{"@type":"ImageObject","inLanguage":"pt-BR","@id":"https:\/\/www.suno.com.br\/noticias\/#\/schema\/person\/image\/","url":"https:\/\/secure.gravatar.com\/avatar\/dac340933427a22924c9f99d1eb2e3f2?s=96&r=g","contentUrl":"https:\/\/secure.gravatar.com\/avatar\/dac340933427a22924c9f99d1eb2e3f2?s=96&r=g","caption":"Eduardo Vargas"},"description":"Jornalista formado pela UFSC, cobre macroeconomia, neg\u00f3cios e startups para o Suno Not\u00edcias, escrevendo principalmente not\u00edcias sobre o mercado financeiro e a bolsa de valores. No YouTube e no Instagram, \u00e9 respons\u00e1vel pela produ\u00e7\u00e3o de Reels e Shorts do Suno Not\u00edcias. Anteriormente, trabalhou cobrindo economia e cotidiano no ND+ e para o ND, maior jornal impresso de Santa Catarina. Cursou um semestre letivo de Estudos de M\u00eddia na Universidad de Buenos Aires.","url":"https:\/\/www.suno.com.br\/noticias\/author\/eduardo-vargas\/"}]}},"default_loop_html":"<div class=\"cardsPage__listCard__boxs\"><div class=\"cardsPage__listCard__boxs__img\"><a href=\"https:\/\/www.suno.com.br\/noticias\/uber-anuncia-escritorio-perspectiva-expansao\/\"><img class=\"mask\" src=\"https:\/\/www.suno.com.br\/noticias\/wp-content\/themes\/suno\/resources\/images\/spotlight\/spotlight1img\/bg-mask.png\" alt=\"Image Mask\"\/><img src=\"https:\/\/files.sunoresearch.com.br\/n\/uploads\/2021\/06\/25b1c7b2-uber-400x200.webp\" alt=\"Uber anuncia escrit\u00f3rio de 30 mil m\u00b2 seguindo perspectiva de expans\u00e3o\"\/><\/a><span class=\"spotlightCategory\"><a href=\"https:\/\/www.suno.com.br\/noticias\/negocios\/\">Neg\u00f3cios<\/a><\/span><\/div><div class=\"cardsPage__listCard__boxs__content\"><a href=\"https:\/\/www.suno.com.br\/noticias\/uber-anuncia-escritorio-perspectiva-expansao\/\"><h2 class=\"content__title\">Uber anuncia escrit\u00f3rio de 30 mil m\u00b2 seguindo perspectiva de expans\u00e3o<\/h2><\/a><div class=\"newsContent__article__meta\"><div class=\"newsContent__article__meta__authorBox\"><a href=\"https:\/\/www.suno.com.br\/noticias\/author\/eduardo-vargas\/\" class=\"authorBox__avatar noMobi\"><img src=\"https:\/\/secure.gravatar.com\/avatar\/dac340933427a22924c9f99d1eb2e3f2?s=96&#038;r=g\" alt=\"Eduardo Vargas\"><\/a><div class=\"authorBox__name\"><span>por\n\t\t\t<a href=\"https:\/\/www.suno.com.br\/noticias\/author\/eduardo-vargas\/\"><span itemprop=\"author\">Eduardo Vargas<\/span><\/a><\/span><time datetime=\"2021-06-01T11:39:30-03:00\" itemprop=\"datePublished\">01\/06\/2021 11:39<\/time><\/div><\/div><\/div><\/div><\/div>","single_layout":"posts","amp_enabled":true,"_links":{"self":[{"href":"https:\/\/www.suno.com.br\/noticias\/wp-json\/wp\/v2\/posts\/153494"}],"collection":[{"href":"https:\/\/www.suno.com.br\/noticias\/wp-json\/wp\/v2\/posts"}],"about":[{"href":"https:\/\/www.suno.com.br\/noticias\/wp-json\/wp\/v2\/types\/post"}],"author":[{"embeddable":true,"href":"https:\/\/www.suno.com.br\/noticias\/wp-json\/wp\/v2\/users\/73"}],"replies":[{"embeddable":true,"href":"https:\/\/www.suno.com.br\/noticias\/wp-json\/wp\/v2\/comments?post=153494"}],"version-history":[{"count":3,"href":"https:\/\/www.suno.com.br\/noticias\/wp-json\/wp\/v2\/posts\/153494\/revisions"}],"predecessor-version":[{"id":153510,"href":"https:\/\/www.suno.com.br\/noticias\/wp-json\/wp\/v2\/posts\/153494\/revisions\/153510"}],"wp:featuredmedia":[{"embeddable":true,"href":"https:\/\/www.suno.com.br\/noticias\/wp-json\/wp\/v2\/media\/153504"}],"wp:attachment":[{"href":"https:\/\/www.suno.com.br\/noticias\/wp-json\/wp\/v2\/media?parent=153494"}],"wp:term":[{"taxonomy":"category","embeddable":true,"href":"https:\/\/www.suno.com.br\/noticias\/wp-json\/wp\/v2\/categories?post=153494"},{"taxonomy":"post_tag","embeddable":true,"href":"https:\/\/www.suno.com.br\/noticias\/wp-json\/wp\/v2\/tags?post=153494"},{"taxonomy":"suno_strategy","embeddable":true,"href":"https:\/\/www.suno.com.br\/noticias\/wp-json\/wp\/v2\/suno_strategy?post=153494"}],"curies":[{"name":"wp","href":"https:\/\/api.w.org\/{rel}","templated":true}]}}