{"id":153462,"date":"2021-06-01T10:08:58","date_gmt":"2021-06-01T13:08:58","guid":{"rendered":"https:\/\/www.suno.com.br\/noticias\/?p=153462"},"modified":"2021-06-01T10:12:45","modified_gmt":"2021-06-01T13:12:45","slug":"pib-avanca-12-no-primeiro-trimestre-e-retoma-nivel-pre-pandemia","status":"publish","type":"post","link":"https:\/\/www.suno.com.br\/noticias\/pib-avanca-12-no-primeiro-trimestre-e-retoma-nivel-pre-pandemia\/","title":{"rendered":"PIB avan\u00e7a 1,2% no primeiro trimestre e retoma n\u00edvel pr\u00e9-pandemia"},"content":{"rendered":"<p>O <a href=\"https:\/\/www.suno.com.br\/artigos\/pib-produto-interno-bruto\/\">Produto Interno Bruto (<strong>PIB<\/strong>)<\/a> do Brasil cresceu 1,2% no primeiro trimestre deste ano, em compara\u00e7\u00e3o ao tr\u00eas meses imediatamente anteriores, na s\u00e9rie com ajuste sazonal. Em valores correntes, o PIB totalizou R$ 2,04 trilh\u00f5es, segundo a divulga\u00e7\u00e3o do Instituto Brasileiro de Geografia e Estat\u00edstica (IBGE) nesta ter\u00e7a-feira (1).<\/p>\t<div class=\"wrapper-featured-image\">\n\t\t<figure class=\"spotlightImg\">\n\n\t\t\t<picture>\n\t\t\t\t<source media=\"(max-width: 768px)\" srcset=\"https:\/\/files.sunoresearch.com.br\/n\/uploads\/2021\/06\/d0071a97-dia-nacional-da-bandeira_4057-400x200.jpg\">\n\t\t\t\t<img loading=\"lazy\" decoding=\"async\" class=\"newsContent__article__imgCapa lazyloadDisabled \" src=\"https:\/\/files.sunoresearch.com.br\/n\/uploads\/2021\/06\/d0071a97-dia-nacional-da-bandeira_4057-800x450.jpg\" width=\"800\" height=\"450\" alt=\"PIB avan\u00e7a 1,2% no primeiro trimestre e retoma n\u00edvel pr\u00e9-pandemia\" fetchpriority=high \/>\n\t\t\t<\/picture>\n\n\t\t\t<figcaption class=\"wp-caption-text wp-caption-text--show\">Foto: Marcello Casal Jr\/Ag\u00eancia Brasil<\/figcaption>\n\t\t<\/figure>\n\t<\/div>\n\n\n\t<p>\n\t\t<a href=\"https:\/\/lp.suno.com.br\/planilha-controle-gastos\/\" target=\"_blank\" data-element=\"shortcode-suno-banner\" title=\"Banner SUNO, clique e saiba mais\">\n\t\t\t<picture>\n\t\t\t\t<source media=\"(max-width: 500px)\" srcset=\"https:\/\/files.sunoresearch.com.br\/n\/uploads\/2023\/03\/400x300-Planilha-controle-de-gastos.png\">\n\t\t\t\t<img class=\"newsContent__article__imgCapa newsContent__article__imgCapa--banner\"\n\t\t\t\t\tsrc=\"https:\/\/files.sunoresearch.com.br\/n\/uploads\/2023\/03\/1420x240-Planilha-controle-de-gastos.png\"\n\t\t\t\t\tdata-promo-id=\"101751\"\t\t\t\t\t\t\t\t\t\twidth='1420' height='240'\t\t\t\t\talt=\"https:\/\/files.sunoresearch.com.br\/n\/uploads\/2023\/03\/1420x240-Planilha-controle-de-gastos.png\"\n\t\t\t\t>\n\t\t\t<\/picture>\n\t\t<\/a>\n\t<\/p>\n\n\n<p>O resultado do PIB brasileiro ficou acima da expectativa do mercado, que estava entre alta de 0,7% e 0,9%. Com isso, a economia brasileira voltou ao patamar do quarto trimestre de 2019, antes da chegada da pandemia do <a href=\"https:\/\/www.suno.com.br\/noticias\/search\/coronav%C3%ADrus\">novo <strong>coronav\u00edrus<\/strong> (Covid-19)<\/a>.<\/p>\n<p>&#8220;Com o resultado do primeiro trimestre, o PIB voltou ao patamar do quarto trimestre de 2019, per\u00edodo pr\u00e9-pandemia, mas ainda est\u00e1 3,1% abaixo do ponto mais alto da atividade econ\u00f4mica do pa\u00eds, alcan\u00e7ado no primeiro trimestre de 2014&#8221;, destacou o <strong>IBGE<\/strong>.<\/p>\n<p><a href=\"https:\/\/lp.suno.com.br\/suno-one\/\"><span style=\"font-weight: 400;\">Suno One: acesse gratuitamente eBooks, Minicursos, Artigos e Video Aulas sobre investimentos com um \u00fanico cadastro. Clique para saber mais!<\/span><\/a><\/p>\n<p>Frente ao primeiro trimestre de 2020, avan\u00e7o foi de 1%. Os n\u00fameros do Instituto mostraram que a economia do Pa\u00eds iniciou o ano em expans\u00e3o, mas em ritmo desacelerado, ap\u00f3s avan\u00e7o de 3,2% no quarto trimestre do ano passado.<\/p>\n\t<div data-element=\"shortcode-read-more\" class=\"knowMore\">\n\t\t\t\t<span class=\"knowMore__title\">Saiba mais<\/span>\n\t\t\t\t<a class=\"knowMore__link\" href=\"https:\/\/www.suno.com.br\/noticias\/boletim-focus-pib-2021-ipca\/\">\n\t\t\tBoletim Focus eleva proje\u00e7\u00e3o do PIB pela 6\u00aa semana consecutiva\t\t<\/a>\n\t<\/div>\n\n\n<h2>PIB ainda busca recupera\u00e7\u00e3o e tem destaque de agropecu\u00e1ria e servi\u00e7os<\/h2>\n<p>No acumulado nos \u00faltimos quatro trimestres, terminados em mar\u00e7o de 2021, a economia foi contra\u00edda em 3,8%, comparado aos quatro trimestres imediatamente anteriores. A <strong>economia<\/strong> ainda n\u00e3o eliminou o tombo recorde de 9,2% registrado entre abril e junho de 2020.<\/p>\n\t<p>\n\t\t<a href=\"https:\/\/lp.suno.com.br\/planilha-da-vida-financeira\/\" target=\"_blank\" data-element=\"shortcode-suno-banner\" title=\"Banner SUNO, clique e saiba mais\">\n\t\t\t<picture>\n\t\t\t\t<source media=\"(max-width: 500px)\" srcset=\"https:\/\/files.sunoresearch.com.br\/n\/uploads\/2023\/04\/400x300-Planilha-vida-financeira-true.png\">\n\t\t\t\t<img class=\"newsContent__article__imgCapa newsContent__article__imgCapa--banner\"\n\t\t\t\t\tsrc=\"https:\/\/files.sunoresearch.com.br\/n\/uploads\/2023\/04\/1420x240-Planilha-vida-financeira-true.png\"\n\t\t\t\t\tdata-promo-id=\"106682\"\t\t\t\t\t\t\t\t\t\twidth='1420' height='240'\t\t\t\t\talt=\"https:\/\/files.sunoresearch.com.br\/n\/uploads\/2023\/04\/1420x240-Planilha-vida-financeira-true.png\"\n\t\t\t\t>\n\t\t\t<\/picture>\n\t\t<\/a>\n\t<\/p>\n\n\n<p>O PIB \u00e9 uma amostra da soma do consumo das fam\u00edlias em bens e servi\u00e7os, os investimentos de empresas, os gastos do governo e a diferen\u00e7a entre exporta\u00e7\u00f5es e importa\u00e7\u00f5es. Os destaques do primeiro trimestre deste ano foram:<\/p>\n<ul>\n<li>Importa\u00e7\u00f5es: +11,6%<\/li>\n<li>Agropecu\u00e1ria: +5,7%<\/li>\n<li>Investimentos: +4,6%<\/li>\n<li>Exporta\u00e7\u00f5es: +3,7%<\/li>\n<li>Constru\u00e7\u00e3o civil: +2,1%<\/li>\n<li>Ind\u00fastria: +0,7%<\/li>\n<li>Servi\u00e7os: +0,4%<\/li>\n<li>Consumo de fam\u00edlias: -0,1%<\/li>\n<li>Consumo do governo: -0,8%<\/li>\n<\/ul>\n<p>&#8220;Dentro da nossa proje\u00e7\u00e3o, a principal surpresa foi em servi\u00e7os, com destaque especial para transportes, que n\u00e3o chegou a recuar na margem&#8221;, comentou <strong>\u00c9tore Sanchez<\/strong>, economista-chefe da Ativa Investimentos. &#8220;Naturalmente, essa surpresa j\u00e1 encomenda um vi\u00e9s altista para rec\u00e9m alterada proje\u00e7\u00e3o de 3,5% do PIB para esse ano.&#8221;<\/p>\n<p>O economista avalia que logo <a href=\"https:\/\/www.youtube.com\/watch?v=oMJ5SvnKVa0\">as proje\u00e7\u00f5es para a economia brasileira tamb\u00e9m devem ser reajustadas para cima<\/a>. Por qualquer \u00e2ngulo de observa\u00e7\u00e3o, os n\u00fameros deste primeiro trimestre s\u00e3o bastante positivos, ressaltou <strong>Jos\u00e9 Mauro<\/strong> Delella, consultor econ\u00f4mico da Alta Vista Investimentos.<\/p>\n<p>&#8220;Esse resultado sucede dois trimestres consecutivos de crescimento trimestral. O n\u00famero \u00e9 resultado em taxas de crescimento positivas sobretudo em <strong>agropecu\u00e1ria<\/strong>, <strong>ind\u00fastria<\/strong> e <strong>servi\u00e7os<\/strong>, mas todos os grupos tiveram um bom desempenho&#8221;, comenta. &#8220;Isso \u00e9 not\u00e1vel por se tratar de um per\u00edodo em que houve agravamento da pandemia e consequente fechamento de algumas atividades.&#8221;<\/p>\n<p>Embora ainda existam incertezas causadas pela pandemia, com a amea\u00e7a de uma terceira onda de contamina\u00e7\u00f5es, al\u00e9m de entraves \u00e0 vacina\u00e7\u00e3o, indicadores econ\u00f4micos t\u00eam surpreendido positivamente neste ano. O ministro <a href=\"https:\/\/www.suno.com.br\/tudo-sobre\/paulo-guedes\/\">Paulo Guedes<\/a> disse na \u00faltima semana que o <strong>PIB<\/strong> pode crescer de 4,5% a 5% em 2021.<\/p>\n\t<p>\n\t\t<a href=\"https:\/\/lp.suno.com.br\/planilha-de-controle-de-investimentos\/\" target=\"_blank\" data-element=\"shortcode-suno-banner\" title=\"Banner SUNO, clique e saiba mais\">\n\t\t\t<picture>\n\t\t\t\t<source media=\"(max-width: 500px)\" srcset=\"https:\/\/files.sunoresearch.com.br\/n\/uploads\/2023\/03\/400x300-Controle-de-Investimentos.png\">\n\t\t\t\t<img class=\"newsContent__article__imgCapa newsContent__article__imgCapa--banner\"\n\t\t\t\t\tsrc=\"https:\/\/files.sunoresearch.com.br\/n\/uploads\/2023\/03\/1420x240-Controle-de-Investimentos.png\"\n\t\t\t\t\tdata-promo-id=\"75934\"\t\t\t\t\t\t\t\t\t\twidth='1420' height='240'\t\t\t\t\talt=\"https:\/\/files.sunoresearch.com.br\/n\/uploads\/2023\/03\/1420x240-Controle-de-Investimentos.png\"\n\t\t\t\t>\n\t\t\t<\/picture>\n\t\t<\/a>\n\t<\/p>\n\n\n","protected":false},"excerpt":{"rendered":"<p>O Produto Interno Bruto (PIB) do Brasil cresceu 1,2% no primeiro trimestre deste ano, em compara\u00e7\u00e3o ao tr\u00eas meses imediatamente anteriores, na s\u00e9rie com ajuste sazonal. Em valores correntes, o PIB totalizou R$ 2,04 trilh\u00f5es, segundo a divulga\u00e7\u00e3o do Instituto Brasileiro de Geografia e Estat\u00edstica (IBGE) nesta ter\u00e7a-feira (1). Foto: Marcello Casal Jr\/Ag\u00eancia Brasil O [&hellip;]<\/p>\n","protected":false},"author":24,"featured_media":153476,"comment_status":"closed","ping_status":"closed","sticky":false,"template":"","format":"standard","meta":[],"categories":[62],"tags":[740,105816,2748,807],"suno_strategy":[],"class_list":["post-153462","post","type-post","status-publish","format-standard","has-post-thumbnail","hentry","category-economia","tag-economia","tag-especialistas","tag-pandemia","tag-produto-interno-bruto-pib"],"yoast_head":"<!-- This site is optimized with the Yoast SEO plugin v24.4 - https:\/\/yoast.com\/wordpress\/plugins\/seo\/ -->\n<title>PIB avan\u00e7a 1,2% no primeiro trimestre e retoma n\u00edvel pr\u00e9-pandemia<\/title>\n<meta name=\"description\" content=\"O PIB do Brasil cresceu 1,2% no primeiro trimestre deste ano, em compara\u00e7\u00e3o ao tr\u00eas meses imediatamente anteriores. Clique e confira.\" \/>\n<meta name=\"robots\" content=\"index, follow, max-snippet:-1, max-image-preview:large, max-video-preview:-1\" \/>\n<link rel=\"canonical\" href=\"https:\/\/www.suno.com.br\/noticias\/pib-avanca-12-no-primeiro-trimestre-e-retoma-nivel-pre-pandemia\/\" \/>\n<meta property=\"og:locale\" content=\"pt_BR\" \/>\n<meta property=\"og:type\" content=\"article\" \/>\n<meta property=\"og:title\" content=\"PIB avan\u00e7a 1,2% no primeiro trimestre e retoma n\u00edvel pr\u00e9-pandemia\" \/>\n<meta property=\"og:description\" content=\"O PIB do Brasil cresceu 1,2% no primeiro trimestre deste ano, em compara\u00e7\u00e3o ao tr\u00eas meses imediatamente anteriores. Clique e confira.\" \/>\n<meta property=\"og:url\" content=\"https:\/\/www.suno.com.br\/noticias\/pib-avanca-12-no-primeiro-trimestre-e-retoma-nivel-pre-pandemia\/\" \/>\n<meta property=\"og:site_name\" content=\"Suno Not\u00edcias\" \/>\n<meta property=\"article:publisher\" content=\"https:\/\/facebook.com\/sunoresearch\" \/>\n<meta property=\"og:image\" content=\"https:\/\/files.sunoresearch.com.br\/n\/uploads\/2021\/06\/d0071a97-dia-nacional-da-bandeira_4057-scaled.jpg\" \/>\n\t<meta property=\"og:image:width\" content=\"2560\" \/>\n\t<meta property=\"og:image:height\" content=\"1639\" \/>\n\t<meta property=\"og:image:type\" content=\"image\/jpeg\" \/>\n<meta name=\"author\" content=\"Jader Lazarini\" \/>\n<meta name=\"twitter:card\" content=\"summary_large_image\" \/>\n<meta name=\"twitter:creator\" content=\"@sunoresearch\" \/>\n<meta name=\"twitter:site\" content=\"@sunoresearch\" \/>\n<meta name=\"twitter:label1\" content=\"Escrito por\" \/>\n\t<meta name=\"twitter:data1\" content=\"Jader Lazarini\" \/>\n\t<meta name=\"twitter:label2\" content=\"Est. tempo de leitura\" \/>\n\t<meta name=\"twitter:data2\" content=\"3 minutos\" \/>\n<script type=\"application\/ld+json\" class=\"yoast-schema-graph\">{\"@context\":\"https:\/\/schema.org\",\"@graph\":[{\"@type\":\"NewsArticle\",\"@id\":\"https:\/\/www.suno.com.br\/noticias\/pib-avanca-12-no-primeiro-trimestre-e-retoma-nivel-pre-pandemia\/#article\",\"isPartOf\":{\"@id\":\"https:\/\/www.suno.com.br\/noticias\/pib-avanca-12-no-primeiro-trimestre-e-retoma-nivel-pre-pandemia\/\"},\"author\":{\"name\":\"Jader Lazarini\",\"@id\":\"https:\/\/www.suno.com.br\/noticias\/#\/schema\/person\/918d79de1f0281f01599b93f9ea6e23f\"},\"headline\":\"PIB avan\u00e7a 1,2% no primeiro trimestre e retoma n\u00edvel pr\u00e9-pandemia\",\"datePublished\":\"2021-06-01T13:08:58+00:00\",\"dateModified\":\"2021-06-01T13:12:45+00:00\",\"mainEntityOfPage\":{\"@id\":\"https:\/\/www.suno.com.br\/noticias\/pib-avanca-12-no-primeiro-trimestre-e-retoma-nivel-pre-pandemia\/\"},\"wordCount\":549,\"publisher\":{\"@id\":\"https:\/\/www.suno.com.br\/noticias\/#organization\"},\"image\":{\"@id\":\"https:\/\/www.suno.com.br\/noticias\/pib-avanca-12-no-primeiro-trimestre-e-retoma-nivel-pre-pandemia\/#primaryimage\"},\"thumbnailUrl\":\"https:\/\/files.sunoresearch.com.br\/n\/uploads\/2021\/06\/d0071a97-dia-nacional-da-bandeira_4057-scaled.jpg\",\"keywords\":[\"Economia\",\"Especialistas\",\"pandemia\",\"Produto Interno Bruto (PIB)\"],\"articleSection\":[\"Economia\"],\"inLanguage\":\"pt-BR\"},{\"@type\":\"WebPage\",\"@id\":\"https:\/\/www.suno.com.br\/noticias\/pib-avanca-12-no-primeiro-trimestre-e-retoma-nivel-pre-pandemia\/\",\"url\":\"https:\/\/www.suno.com.br\/noticias\/pib-avanca-12-no-primeiro-trimestre-e-retoma-nivel-pre-pandemia\/\",\"name\":\"PIB avan\u00e7a 1,2% no primeiro trimestre e retoma n\u00edvel pr\u00e9-pandemia\",\"isPartOf\":{\"@id\":\"https:\/\/www.suno.com.br\/noticias\/#website\"},\"primaryImageOfPage\":{\"@id\":\"https:\/\/www.suno.com.br\/noticias\/pib-avanca-12-no-primeiro-trimestre-e-retoma-nivel-pre-pandemia\/#primaryimage\"},\"image\":{\"@id\":\"https:\/\/www.suno.com.br\/noticias\/pib-avanca-12-no-primeiro-trimestre-e-retoma-nivel-pre-pandemia\/#primaryimage\"},\"thumbnailUrl\":\"https:\/\/files.sunoresearch.com.br\/n\/uploads\/2021\/06\/d0071a97-dia-nacional-da-bandeira_4057-scaled.jpg\",\"datePublished\":\"2021-06-01T13:08:58+00:00\",\"dateModified\":\"2021-06-01T13:12:45+00:00\",\"description\":\"O PIB do Brasil cresceu 1,2% no primeiro trimestre deste ano, em compara\u00e7\u00e3o ao tr\u00eas meses imediatamente anteriores. Clique e confira.\",\"breadcrumb\":{\"@id\":\"https:\/\/www.suno.com.br\/noticias\/pib-avanca-12-no-primeiro-trimestre-e-retoma-nivel-pre-pandemia\/#breadcrumb\"},\"inLanguage\":\"pt-BR\",\"potentialAction\":[{\"@type\":\"ReadAction\",\"target\":[\"https:\/\/www.suno.com.br\/noticias\/pib-avanca-12-no-primeiro-trimestre-e-retoma-nivel-pre-pandemia\/\"]}]},{\"@type\":\"ImageObject\",\"inLanguage\":\"pt-BR\",\"@id\":\"https:\/\/www.suno.com.br\/noticias\/pib-avanca-12-no-primeiro-trimestre-e-retoma-nivel-pre-pandemia\/#primaryimage\",\"url\":\"https:\/\/files.sunoresearch.com.br\/n\/uploads\/2021\/06\/d0071a97-dia-nacional-da-bandeira_4057-scaled.jpg\",\"contentUrl\":\"https:\/\/files.sunoresearch.com.br\/n\/uploads\/2021\/06\/d0071a97-dia-nacional-da-bandeira_4057-scaled.jpg\",\"width\":2560,\"height\":1639,\"caption\":\"Foto: Marcello Casal Jr\/Ag\u00eancia Brasil\"},{\"@type\":\"BreadcrumbList\",\"@id\":\"https:\/\/www.suno.com.br\/noticias\/pib-avanca-12-no-primeiro-trimestre-e-retoma-nivel-pre-pandemia\/#breadcrumb\",\"itemListElement\":[{\"@type\":\"ListItem\",\"position\":1,\"name\":\"Not\u00edcias\",\"item\":\"https:\/\/www.suno.com.br\/noticias\/\"},{\"@type\":\"ListItem\",\"position\":2,\"name\":\"Economia\",\"item\":\"https:\/\/www.suno.com.br\/noticias\/economia\/\"},{\"@type\":\"ListItem\",\"position\":3,\"name\":\"PIB avan\u00e7a 1,2% no primeiro trimestre e retoma n\u00edvel pr\u00e9-pandemia\"}]},{\"@type\":\"WebSite\",\"@id\":\"https:\/\/www.suno.com.br\/noticias\/#website\",\"url\":\"https:\/\/www.suno.com.br\/noticias\/\",\"name\":\"Suno Not\u00edcias\",\"description\":\"Seu portal de informa\u00e7\u00e3o sobre o mundo dos investimentos\",\"publisher\":{\"@id\":\"https:\/\/www.suno.com.br\/noticias\/#organization\"},\"potentialAction\":[{\"@type\":\"SearchAction\",\"target\":{\"@type\":\"EntryPoint\",\"urlTemplate\":\"https:\/\/www.suno.com.br\/noticias\/?s={search_term_string}\"},\"query-input\":{\"@type\":\"PropertyValueSpecification\",\"valueRequired\":true,\"valueName\":\"search_term_string\"}}],\"inLanguage\":\"pt-BR\"},{\"@type\":\"Organization\",\"@id\":\"https:\/\/www.suno.com.br\/noticias\/#organization\",\"name\":\"Suno Not\u00edcias\",\"url\":\"https:\/\/www.suno.com.br\/noticias\/\",\"logo\":{\"@type\":\"ImageObject\",\"inLanguage\":\"pt-BR\",\"@id\":\"https:\/\/www.suno.com.br\/noticias\/#\/schema\/logo\/image\/\",\"url\":\"https:\/\/files.sunoresearch.com.br\/n\/uploads\/2021\/09\/suno-logo.png\",\"contentUrl\":\"https:\/\/files.sunoresearch.com.br\/n\/uploads\/2021\/09\/suno-logo.png\",\"width\":180,\"height\":180,\"caption\":\"Suno Not\u00edcias\"},\"image\":{\"@id\":\"https:\/\/www.suno.com.br\/noticias\/#\/schema\/logo\/image\/\"},\"sameAs\":[\"https:\/\/facebook.com\/sunoresearch\",\"https:\/\/x.com\/sunoresearch\",\"https:\/\/www.instagram.com\/suno\",\"https:\/\/www.linkedin.com\/company\/suno-research\/\",\"https:\/\/www.youtube.com\/c\/sunoresearch\"]},{\"@type\":\"Person\",\"@id\":\"https:\/\/www.suno.com.br\/noticias\/#\/schema\/person\/918d79de1f0281f01599b93f9ea6e23f\",\"name\":\"Jader Lazarini\",\"image\":{\"@type\":\"ImageObject\",\"inLanguage\":\"pt-BR\",\"@id\":\"https:\/\/www.suno.com.br\/noticias\/#\/schema\/person\/image\/\",\"url\":\"https:\/\/secure.gravatar.com\/avatar\/3c1ad8caa51589841baeb923fcddea97?s=96&r=g\",\"contentUrl\":\"https:\/\/secure.gravatar.com\/avatar\/3c1ad8caa51589841baeb923fcddea97?s=96&r=g\",\"caption\":\"Jader Lazarini\"},\"description\":\"Jader Lazarini escreve sobre investimentos, finan\u00e7as, economia e neg\u00f3cios. \u00c9 bacharel em Rela\u00e7\u00f5es Internacionais e analista CNPI (2619).\",\"url\":\"https:\/\/www.suno.com.br\/noticias\/author\/jader-lazarini\/\"}]}<\/script>\n<!-- \/ Yoast SEO plugin. -->","yoast_head_json":{"title":"PIB avan\u00e7a 1,2% no primeiro trimestre e retoma n\u00edvel pr\u00e9-pandemia","description":"O PIB do Brasil cresceu 1,2% no primeiro trimestre deste ano, em compara\u00e7\u00e3o ao tr\u00eas meses imediatamente anteriores. Clique e confira.","robots":{"index":"index","follow":"follow","max-snippet":"max-snippet:-1","max-image-preview":"max-image-preview:large","max-video-preview":"max-video-preview:-1"},"canonical":"https:\/\/www.suno.com.br\/noticias\/pib-avanca-12-no-primeiro-trimestre-e-retoma-nivel-pre-pandemia\/","og_locale":"pt_BR","og_type":"article","og_title":"PIB avan\u00e7a 1,2% no primeiro trimestre e retoma n\u00edvel pr\u00e9-pandemia","og_description":"O PIB do Brasil cresceu 1,2% no primeiro trimestre deste ano, em compara\u00e7\u00e3o ao tr\u00eas meses imediatamente anteriores. Clique e confira.","og_url":"https:\/\/www.suno.com.br\/noticias\/pib-avanca-12-no-primeiro-trimestre-e-retoma-nivel-pre-pandemia\/","og_site_name":"Suno Not\u00edcias","article_publisher":"https:\/\/facebook.com\/sunoresearch","og_image":[{"width":2560,"height":1639,"url":"https:\/\/files.sunoresearch.com.br\/n\/uploads\/2021\/06\/d0071a97-dia-nacional-da-bandeira_4057-scaled.jpg","type":"image\/jpeg"}],"author":"Jader Lazarini","twitter_card":"summary_large_image","twitter_creator":"@sunoresearch","twitter_site":"@sunoresearch","twitter_misc":{"Escrito por":"Jader Lazarini","Est. tempo de leitura":"3 minutos"},"schema":{"@context":"https:\/\/schema.org","@graph":[{"@type":"NewsArticle","@id":"https:\/\/www.suno.com.br\/noticias\/pib-avanca-12-no-primeiro-trimestre-e-retoma-nivel-pre-pandemia\/#article","isPartOf":{"@id":"https:\/\/www.suno.com.br\/noticias\/pib-avanca-12-no-primeiro-trimestre-e-retoma-nivel-pre-pandemia\/"},"author":{"name":"Jader Lazarini","@id":"https:\/\/www.suno.com.br\/noticias\/#\/schema\/person\/918d79de1f0281f01599b93f9ea6e23f"},"headline":"PIB avan\u00e7a 1,2% no primeiro trimestre e retoma n\u00edvel pr\u00e9-pandemia","datePublished":"2021-06-01T13:08:58+00:00","dateModified":"2021-06-01T13:12:45+00:00","mainEntityOfPage":{"@id":"https:\/\/www.suno.com.br\/noticias\/pib-avanca-12-no-primeiro-trimestre-e-retoma-nivel-pre-pandemia\/"},"wordCount":549,"publisher":{"@id":"https:\/\/www.suno.com.br\/noticias\/#organization"},"image":{"@id":"https:\/\/www.suno.com.br\/noticias\/pib-avanca-12-no-primeiro-trimestre-e-retoma-nivel-pre-pandemia\/#primaryimage"},"thumbnailUrl":"https:\/\/files.sunoresearch.com.br\/n\/uploads\/2021\/06\/d0071a97-dia-nacional-da-bandeira_4057-scaled.jpg","keywords":["Economia","Especialistas","pandemia","Produto Interno Bruto (PIB)"],"articleSection":["Economia"],"inLanguage":"pt-BR"},{"@type":"WebPage","@id":"https:\/\/www.suno.com.br\/noticias\/pib-avanca-12-no-primeiro-trimestre-e-retoma-nivel-pre-pandemia\/","url":"https:\/\/www.suno.com.br\/noticias\/pib-avanca-12-no-primeiro-trimestre-e-retoma-nivel-pre-pandemia\/","name":"PIB avan\u00e7a 1,2% no primeiro trimestre e retoma n\u00edvel pr\u00e9-pandemia","isPartOf":{"@id":"https:\/\/www.suno.com.br\/noticias\/#website"},"primaryImageOfPage":{"@id":"https:\/\/www.suno.com.br\/noticias\/pib-avanca-12-no-primeiro-trimestre-e-retoma-nivel-pre-pandemia\/#primaryimage"},"image":{"@id":"https:\/\/www.suno.com.br\/noticias\/pib-avanca-12-no-primeiro-trimestre-e-retoma-nivel-pre-pandemia\/#primaryimage"},"thumbnailUrl":"https:\/\/files.sunoresearch.com.br\/n\/uploads\/2021\/06\/d0071a97-dia-nacional-da-bandeira_4057-scaled.jpg","datePublished":"2021-06-01T13:08:58+00:00","dateModified":"2021-06-01T13:12:45+00:00","description":"O PIB do Brasil cresceu 1,2% no primeiro trimestre deste ano, em compara\u00e7\u00e3o ao tr\u00eas meses imediatamente anteriores. Clique e confira.","breadcrumb":{"@id":"https:\/\/www.suno.com.br\/noticias\/pib-avanca-12-no-primeiro-trimestre-e-retoma-nivel-pre-pandemia\/#breadcrumb"},"inLanguage":"pt-BR","potentialAction":[{"@type":"ReadAction","target":["https:\/\/www.suno.com.br\/noticias\/pib-avanca-12-no-primeiro-trimestre-e-retoma-nivel-pre-pandemia\/"]}]},{"@type":"ImageObject","inLanguage":"pt-BR","@id":"https:\/\/www.suno.com.br\/noticias\/pib-avanca-12-no-primeiro-trimestre-e-retoma-nivel-pre-pandemia\/#primaryimage","url":"https:\/\/files.sunoresearch.com.br\/n\/uploads\/2021\/06\/d0071a97-dia-nacional-da-bandeira_4057-scaled.jpg","contentUrl":"https:\/\/files.sunoresearch.com.br\/n\/uploads\/2021\/06\/d0071a97-dia-nacional-da-bandeira_4057-scaled.jpg","width":2560,"height":1639,"caption":"Foto: Marcello Casal Jr\/Ag\u00eancia Brasil"},{"@type":"BreadcrumbList","@id":"https:\/\/www.suno.com.br\/noticias\/pib-avanca-12-no-primeiro-trimestre-e-retoma-nivel-pre-pandemia\/#breadcrumb","itemListElement":[{"@type":"ListItem","position":1,"name":"Not\u00edcias","item":"https:\/\/www.suno.com.br\/noticias\/"},{"@type":"ListItem","position":2,"name":"Economia","item":"https:\/\/www.suno.com.br\/noticias\/economia\/"},{"@type":"ListItem","position":3,"name":"PIB avan\u00e7a 1,2% no primeiro trimestre e retoma n\u00edvel pr\u00e9-pandemia"}]},{"@type":"WebSite","@id":"https:\/\/www.suno.com.br\/noticias\/#website","url":"https:\/\/www.suno.com.br\/noticias\/","name":"Suno Not\u00edcias","description":"Seu portal de informa\u00e7\u00e3o sobre o mundo dos investimentos","publisher":{"@id":"https:\/\/www.suno.com.br\/noticias\/#organization"},"potentialAction":[{"@type":"SearchAction","target":{"@type":"EntryPoint","urlTemplate":"https:\/\/www.suno.com.br\/noticias\/?s={search_term_string}"},"query-input":{"@type":"PropertyValueSpecification","valueRequired":true,"valueName":"search_term_string"}}],"inLanguage":"pt-BR"},{"@type":"Organization","@id":"https:\/\/www.suno.com.br\/noticias\/#organization","name":"Suno Not\u00edcias","url":"https:\/\/www.suno.com.br\/noticias\/","logo":{"@type":"ImageObject","inLanguage":"pt-BR","@id":"https:\/\/www.suno.com.br\/noticias\/#\/schema\/logo\/image\/","url":"https:\/\/files.sunoresearch.com.br\/n\/uploads\/2021\/09\/suno-logo.png","contentUrl":"https:\/\/files.sunoresearch.com.br\/n\/uploads\/2021\/09\/suno-logo.png","width":180,"height":180,"caption":"Suno Not\u00edcias"},"image":{"@id":"https:\/\/www.suno.com.br\/noticias\/#\/schema\/logo\/image\/"},"sameAs":["https:\/\/facebook.com\/sunoresearch","https:\/\/x.com\/sunoresearch","https:\/\/www.instagram.com\/suno","https:\/\/www.linkedin.com\/company\/suno-research\/","https:\/\/www.youtube.com\/c\/sunoresearch"]},{"@type":"Person","@id":"https:\/\/www.suno.com.br\/noticias\/#\/schema\/person\/918d79de1f0281f01599b93f9ea6e23f","name":"Jader Lazarini","image":{"@type":"ImageObject","inLanguage":"pt-BR","@id":"https:\/\/www.suno.com.br\/noticias\/#\/schema\/person\/image\/","url":"https:\/\/secure.gravatar.com\/avatar\/3c1ad8caa51589841baeb923fcddea97?s=96&r=g","contentUrl":"https:\/\/secure.gravatar.com\/avatar\/3c1ad8caa51589841baeb923fcddea97?s=96&r=g","caption":"Jader Lazarini"},"description":"Jader Lazarini escreve sobre investimentos, finan\u00e7as, economia e neg\u00f3cios. \u00c9 bacharel em Rela\u00e7\u00f5es Internacionais e analista CNPI (2619).","url":"https:\/\/www.suno.com.br\/noticias\/author\/jader-lazarini\/"}]}},"default_loop_html":"<div class=\"cardsPage__listCard__boxs\"><div class=\"cardsPage__listCard__boxs__img\"><a href=\"https:\/\/www.suno.com.br\/noticias\/pib-avanca-12-no-primeiro-trimestre-e-retoma-nivel-pre-pandemia\/\"><img class=\"mask\" src=\"https:\/\/www.suno.com.br\/noticias\/wp-content\/themes\/suno\/resources\/images\/spotlight\/spotlight1img\/bg-mask.png\" alt=\"Image Mask\"\/><img src=\"https:\/\/files.sunoresearch.com.br\/n\/uploads\/2021\/06\/d0071a97-dia-nacional-da-bandeira_4057-400x200.jpg\" alt=\"PIB avan\u00e7a 1,2% no primeiro trimestre e retoma n\u00edvel pr\u00e9-pandemia\"\/><\/a><span class=\"spotlightCategory\"><a href=\"https:\/\/www.suno.com.br\/noticias\/economia\/\">Economia<\/a><\/span><\/div><div class=\"cardsPage__listCard__boxs__content\"><a href=\"https:\/\/www.suno.com.br\/noticias\/pib-avanca-12-no-primeiro-trimestre-e-retoma-nivel-pre-pandemia\/\"><h2 class=\"content__title\">PIB avan\u00e7a 1,2% no primeiro trimestre e retoma n\u00edvel pr\u00e9-pandemia<\/h2><\/a><div class=\"newsContent__article__meta\"><div class=\"newsContent__article__meta__authorBox\"><a href=\"https:\/\/www.suno.com.br\/noticias\/author\/jader-lazarini\/\" class=\"authorBox__avatar noMobi\"><img src=\"https:\/\/files.sunoresearch.com.br\/n\/uploads\/2021\/01\/178e6598-foto-perfil-2-150x150.jpg\" alt=\"Jader Lazarini\"><\/a><div class=\"authorBox__name\"><span>por\n\t\t\t<a href=\"https:\/\/www.suno.com.br\/noticias\/author\/jader-lazarini\/\"><span itemprop=\"author\">Jader Lazarini<\/span><\/a><\/span><time datetime=\"2021-06-01T10:08:58-03:00\" itemprop=\"datePublished\">01\/06\/2021 10:08<\/time><\/div><\/div><\/div><\/div><\/div>","single_layout":"posts","amp_enabled":true,"_links":{"self":[{"href":"https:\/\/www.suno.com.br\/noticias\/wp-json\/wp\/v2\/posts\/153462"}],"collection":[{"href":"https:\/\/www.suno.com.br\/noticias\/wp-json\/wp\/v2\/posts"}],"about":[{"href":"https:\/\/www.suno.com.br\/noticias\/wp-json\/wp\/v2\/types\/post"}],"author":[{"embeddable":true,"href":"https:\/\/www.suno.com.br\/noticias\/wp-json\/wp\/v2\/users\/24"}],"replies":[{"embeddable":true,"href":"https:\/\/www.suno.com.br\/noticias\/wp-json\/wp\/v2\/comments?post=153462"}],"version-history":[{"count":3,"href":"https:\/\/www.suno.com.br\/noticias\/wp-json\/wp\/v2\/posts\/153462\/revisions"}],"predecessor-version":[{"id":153483,"href":"https:\/\/www.suno.com.br\/noticias\/wp-json\/wp\/v2\/posts\/153462\/revisions\/153483"}],"wp:featuredmedia":[{"embeddable":true,"href":"https:\/\/www.suno.com.br\/noticias\/wp-json\/wp\/v2\/media\/153476"}],"wp:attachment":[{"href":"https:\/\/www.suno.com.br\/noticias\/wp-json\/wp\/v2\/media?parent=153462"}],"wp:term":[{"taxonomy":"category","embeddable":true,"href":"https:\/\/www.suno.com.br\/noticias\/wp-json\/wp\/v2\/categories?post=153462"},{"taxonomy":"post_tag","embeddable":true,"href":"https:\/\/www.suno.com.br\/noticias\/wp-json\/wp\/v2\/tags?post=153462"},{"taxonomy":"suno_strategy","embeddable":true,"href":"https:\/\/www.suno.com.br\/noticias\/wp-json\/wp\/v2\/suno_strategy?post=153462"}],"curies":[{"name":"wp","href":"https:\/\/api.w.org\/{rel}","templated":true}]}}