{"id":15345,"date":"2019-02-14T16:19:36","date_gmt":"2019-02-14T18:19:36","guid":{"rendered":"https:\/\/www.suno.com.br\/noticias\/?p=15345"},"modified":"2019-02-14T16:19:36","modified_gmt":"2019-02-14T18:19:36","slug":"lucro-airbus-desempenho-eleva-acoes","status":"publish","type":"post","link":"https:\/\/www.suno.com.br\/noticias\/lucro-airbus-desempenho-eleva-acoes\/","title":{"rendered":"Lucro da Airbus cresce 56%; desempenho robusto eleva a\u00e7\u00f5es"},"content":{"rendered":"<p>As a\u00e7\u00f5es da Airbus subiram 5,4% no in\u00edcio da sess\u00e3o desta quinta (14) ap\u00f3s a divulga\u00e7\u00e3o do <a href=\"https:\/\/www.suno.com.br\/artigos\/demonstracoes-financeiras\/\">balan\u00e7o financeiro<\/a> da empresa, que apresentaram resultados acima das expectativas do mercado.<\/p>\t<div class=\"wrapper-featured-image\">\n\t\t<figure class=\"spotlightImg\">\n\n\t\t\t<picture>\n\t\t\t\t<source media=\"(max-width: 768px)\" srcset=\"https:\/\/files.sunoresearch.com.br\/n\/uploads\/2018\/10\/ee7ee203-latam_brazil_airbus_a350-900_f-wzgu_to_pr-xte_28915136883-400x200.webp\">\n\t\t\t\t<img loading=\"lazy\" decoding=\"async\" class=\"newsContent__article__imgCapa lazyloadDisabled newsContent__article__imgCapa--noCaption\" src=\"https:\/\/files.sunoresearch.com.br\/n\/uploads\/2018\/10\/ee7ee203-latam_brazil_airbus_a350-900_f-wzgu_to_pr-xte_28915136883-800x450.webp\" width=\"800\" height=\"450\" alt=\"Lucro da Airbus cresce 56%; desempenho robusto eleva a\u00e7\u00f5es\" fetchpriority=high \/>\n\t\t\t<\/picture>\n\n\t\t\t<figcaption class=\"wp-caption-text wp-caption-text--hide\">Latam reduz voos em 70% por conta do coronav\u00edrus<\/figcaption>\n\t\t<\/figure>\n\t<\/div>\n\n\n<p>A <strong>Airbus<\/strong> registrou <strong>lucro operacional<\/strong> de 3,096 bilh\u00f5es de euros no <strong>quarto trimestre<\/strong> de 2018, uma alta de 56% no comparativo ao mesmo per\u00edodo do ano anterior. As <strong>receitas<\/strong> subiram 11% no acumulado dos tr\u00eas meses, atingindo 23,286 bilh\u00f5es de euros.<\/p>\n<p><a href=\"https:\/\/www.suno.com.br\/noticias\/airbus-superjumbo-a380-fim-producao\/\">Saiba mais: Airbus informa encerramento de produ\u00e7\u00e3o do superjumbo A380<\/a><\/p>\n<p><strong>Analistas<\/strong> haviam calculado um <strong>lucro<\/strong> de 2,292 bilh\u00f5es de euros, segundo a ag\u00eancia <strong>Reuters.<\/strong> A <strong>receita,<\/strong> por sua vez, era estimada em 22,372 bilh\u00f5es de euros. Ambas as <strong>proje\u00e7\u00f5es<\/strong> foram <strong>superadas<\/strong> com folga pela <strong>fabricante.<\/strong><\/p>\n<p>O <strong>robusto desempenho<\/strong> s\u00f3 acabou <strong>ofuscado<\/strong> pelo <strong>an\u00fancio de encerramento da produ\u00e7\u00e3o do superjumbo A380<\/strong>, o <strong>maior avi\u00e3o de passageiros<\/strong> do mundo. O \u00faltimo modelo ser\u00e1 entregue em 2021. O fim da produ\u00e7\u00e3o desse tipo de <strong>aeronave<\/strong> se deu ap\u00f3s a <strong>Emirates,<\/strong> a maior cliente do produto, reduzir a demanda e substitu\u00ed-los por modelos menores e mais baratos.<\/p>\n<p>&#8220;N\u00e3o temos nenhuma base para sustentar a <strong>produ\u00e7\u00e3o,<\/strong> apesar de todos os nossos esfor\u00e7os de vendas para outras <strong>companhias<\/strong> a\u00e9reas nos \u00faltimos anos&#8221;, declarou o <strong>CEO<\/strong> da <strong>Airbus, Tom Enders<\/strong>, segundo a <strong>CNN.<\/strong> A empresa \u00e9 a segunda maior fabricante de avi\u00f5es do mundo, <a href=\"https:\/\/www.suno.com.br\/noticias\/boeing-confirma-maior-fabricante-avioes-mundo\/\">somente atr\u00e1s da <strong>Boeing<\/strong><\/a><strong>.<\/strong><\/p>\n<p><a href=\"https:\/\/www.suno.com.br\/noticias\/azul-preve-aumento-oferta-trocar-aeronaves\/\">Saiba mais: Azul prev\u00ea aumento de 18% da oferta ap\u00f3s trocar aeronaves<\/a><\/p>\n<h2>A380<\/h2>\n<p>O <strong>superjumbo A380<\/strong> come\u00e7ou a ser produzido h\u00e1 14 anos atr\u00e1s, e substituiu o\u00a0<strong>Boeing 747<\/strong> como o <strong>maior avi\u00e3o<\/strong> de passageiros do mundo.<\/p>\n<p>O <strong>A380<\/strong> consegue transportar cerca de 800 <strong>passageiros<\/strong> no esquema \u00fanico de classe econ\u00f4mica.<\/p>\n<p>Dentro do padr\u00e3o de tr\u00eas classes, a <strong>capacidade<\/strong> cai para 544 passageiros.<\/p>\n<p>Na \u00e9poca, estimava-se que a <strong>Airbus<\/strong> entregaria 1.200 unidades \u00e0s companhias interessadas. Contudo, at\u00e9 hoje, foram entregues 234 unidades do<strong> modelo de avi\u00e3o<\/strong>.<\/p>\n<p>O empecilho no sucesso do <strong>superjumbo<\/strong> foi o foco das <strong>companhias a\u00e9reas<\/strong> em jatos de <strong>passageiros<\/strong>, que s\u00e3o mais leves e mais <strong>econ\u00f4micos<\/strong>.<\/p>\n<p>\u201cO an\u00fancio de hoje \u00e9 <strong>doloroso<\/strong> para n\u00f3s e para as comunidades do <strong>A380<\/strong> em todo o mundo\u201d, sentiu <strong>Tom Enders<\/strong>.<\/p>\n<p>\u201cMas os <strong>A380<\/strong> ainda voar\u00e3o por muitos anos e a <strong>Airbus<\/strong> continuar\u00e1 apoiando as operadoras desse modelo\u201d, completou o CEO da companhia.<\/p>\n","protected":false},"excerpt":{"rendered":"<p>As a\u00e7\u00f5es da Airbus subiram 5,4% no in\u00edcio da sess\u00e3o desta quinta (14) ap\u00f3s a divulga\u00e7\u00e3o do balan\u00e7o financeiro da empresa, que apresentaram resultados acima das expectativas do mercado. Latam reduz voos em 70% por conta do coronav\u00edrus A Airbus registrou lucro operacional de 3,096 bilh\u00f5es de euros no quarto trimestre de 2018, uma alta [&hellip;]<\/p>\n","protected":false},"author":13,"featured_media":4860,"comment_status":"closed","ping_status":"closed","sticky":false,"template":"","format":"standard","meta":[],"categories":[64],"tags":[947,1029,828,710],"suno_strategy":[],"class_list":["post-15345","post","type-post","status-publish","format-standard","has-post-thumbnail","hentry","category-negocios","tag-airbus","tag-balancos-trimestrais","tag-boeing-boei34","tag-europa"],"yoast_head":"<!-- This site is optimized with the Yoast SEO plugin v24.4 - https:\/\/yoast.com\/wordpress\/plugins\/seo\/ -->\n<title>Lucro da Airbus cresce 56%; desempenho robusto eleva a\u00e7\u00f5es<\/title>\n<meta name=\"description\" content=\"As a\u00e7\u00f5es da Airbus subiram 5,4% no in\u00edcio da sess\u00e3o desta quinta ap\u00f3s a divulga\u00e7\u00e3o do balan\u00e7o financeiro da empresa. Clique e saiba mais\" \/>\n<meta name=\"robots\" content=\"index, follow, max-snippet:-1, max-image-preview:large, max-video-preview:-1\" \/>\n<link rel=\"canonical\" href=\"https:\/\/www.suno.com.br\/noticias\/lucro-airbus-desempenho-eleva-acoes\/\" \/>\n<meta property=\"og:locale\" content=\"pt_BR\" \/>\n<meta property=\"og:type\" content=\"article\" \/>\n<meta property=\"og:title\" content=\"Lucro da Airbus cresce 56%; desempenho robusto eleva a\u00e7\u00f5es\" \/>\n<meta property=\"og:description\" content=\"As a\u00e7\u00f5es da Airbus subiram 5,4% no in\u00edcio da sess\u00e3o desta quinta ap\u00f3s a divulga\u00e7\u00e3o do balan\u00e7o financeiro da empresa. Clique e saiba mais\" \/>\n<meta property=\"og:url\" content=\"https:\/\/www.suno.com.br\/noticias\/lucro-airbus-desempenho-eleva-acoes\/\" \/>\n<meta property=\"og:site_name\" content=\"Suno Not\u00edcias\" \/>\n<meta property=\"article:publisher\" content=\"https:\/\/facebook.com\/sunoresearch\" \/>\n<meta property=\"og:image\" content=\"https:\/\/files.sunoresearch.com.br\/n\/uploads\/2018\/10\/ee7ee203-latam_brazil_airbus_a350-900_f-wzgu_to_pr-xte_28915136883.jpg\" \/>\n\t<meta property=\"og:image:width\" content=\"1199\" \/>\n\t<meta property=\"og:image:height\" content=\"801\" \/>\n\t<meta property=\"og:image:type\" content=\"image\/jpeg\" \/>\n<meta name=\"author\" content=\"Guilherme Caetano\" \/>\n<meta name=\"twitter:card\" content=\"summary_large_image\" \/>\n<meta name=\"twitter:creator\" content=\"@sunoresearch\" \/>\n<meta name=\"twitter:site\" content=\"@sunoresearch\" \/>\n<meta name=\"twitter:label1\" content=\"Escrito por\" \/>\n\t<meta name=\"twitter:data1\" content=\"Guilherme Caetano\" \/>\n\t<meta name=\"twitter:label2\" content=\"Est. tempo de leitura\" \/>\n\t<meta name=\"twitter:data2\" content=\"2 minutos\" \/>\n<script type=\"application\/ld+json\" class=\"yoast-schema-graph\">{\"@context\":\"https:\/\/schema.org\",\"@graph\":[{\"@type\":\"NewsArticle\",\"@id\":\"https:\/\/www.suno.com.br\/noticias\/lucro-airbus-desempenho-eleva-acoes\/#article\",\"isPartOf\":{\"@id\":\"https:\/\/www.suno.com.br\/noticias\/lucro-airbus-desempenho-eleva-acoes\/\"},\"author\":{\"name\":\"Guilherme Caetano\",\"@id\":\"https:\/\/www.suno.com.br\/noticias\/#\/schema\/person\/0d0c9687cd2f600c564f25980c140de9\"},\"headline\":\"Lucro da Airbus cresce 56%; desempenho robusto eleva a\u00e7\u00f5es\",\"datePublished\":\"2019-02-14T18:19:36+00:00\",\"mainEntityOfPage\":{\"@id\":\"https:\/\/www.suno.com.br\/noticias\/lucro-airbus-desempenho-eleva-acoes\/\"},\"wordCount\":404,\"publisher\":{\"@id\":\"https:\/\/www.suno.com.br\/noticias\/#organization\"},\"image\":{\"@id\":\"https:\/\/www.suno.com.br\/noticias\/lucro-airbus-desempenho-eleva-acoes\/#primaryimage\"},\"thumbnailUrl\":\"https:\/\/files.sunoresearch.com.br\/n\/uploads\/2018\/10\/ee7ee203-latam_brazil_airbus_a350-900_f-wzgu_to_pr-xte_28915136883-jpg.webp\",\"keywords\":[\"Airbus\",\"balan\u00e7os trimestrais\",\"Boeing (BOEI34)\",\"Europa\"],\"articleSection\":[\"Neg\u00f3cios\"],\"inLanguage\":\"pt-BR\"},{\"@type\":\"WebPage\",\"@id\":\"https:\/\/www.suno.com.br\/noticias\/lucro-airbus-desempenho-eleva-acoes\/\",\"url\":\"https:\/\/www.suno.com.br\/noticias\/lucro-airbus-desempenho-eleva-acoes\/\",\"name\":\"Lucro da Airbus cresce 56%; desempenho robusto eleva a\u00e7\u00f5es\",\"isPartOf\":{\"@id\":\"https:\/\/www.suno.com.br\/noticias\/#website\"},\"primaryImageOfPage\":{\"@id\":\"https:\/\/www.suno.com.br\/noticias\/lucro-airbus-desempenho-eleva-acoes\/#primaryimage\"},\"image\":{\"@id\":\"https:\/\/www.suno.com.br\/noticias\/lucro-airbus-desempenho-eleva-acoes\/#primaryimage\"},\"thumbnailUrl\":\"https:\/\/files.sunoresearch.com.br\/n\/uploads\/2018\/10\/ee7ee203-latam_brazil_airbus_a350-900_f-wzgu_to_pr-xte_28915136883-jpg.webp\",\"datePublished\":\"2019-02-14T18:19:36+00:00\",\"description\":\"As a\u00e7\u00f5es da Airbus subiram 5,4% no in\u00edcio da sess\u00e3o desta quinta ap\u00f3s a divulga\u00e7\u00e3o do balan\u00e7o financeiro da empresa. Clique e saiba mais\",\"breadcrumb\":{\"@id\":\"https:\/\/www.suno.com.br\/noticias\/lucro-airbus-desempenho-eleva-acoes\/#breadcrumb\"},\"inLanguage\":\"pt-BR\",\"potentialAction\":[{\"@type\":\"ReadAction\",\"target\":[\"https:\/\/www.suno.com.br\/noticias\/lucro-airbus-desempenho-eleva-acoes\/\"]}]},{\"@type\":\"ImageObject\",\"inLanguage\":\"pt-BR\",\"@id\":\"https:\/\/www.suno.com.br\/noticias\/lucro-airbus-desempenho-eleva-acoes\/#primaryimage\",\"url\":\"https:\/\/files.sunoresearch.com.br\/n\/uploads\/2018\/10\/ee7ee203-latam_brazil_airbus_a350-900_f-wzgu_to_pr-xte_28915136883-jpg.webp\",\"contentUrl\":\"https:\/\/files.sunoresearch.com.br\/n\/uploads\/2018\/10\/ee7ee203-latam_brazil_airbus_a350-900_f-wzgu_to_pr-xte_28915136883-jpg.webp\",\"width\":1199,\"height\":801,\"caption\":\"Latam reduz voos em 70% por conta do coronav\u00edrus\"},{\"@type\":\"BreadcrumbList\",\"@id\":\"https:\/\/www.suno.com.br\/noticias\/lucro-airbus-desempenho-eleva-acoes\/#breadcrumb\",\"itemListElement\":[{\"@type\":\"ListItem\",\"position\":1,\"name\":\"Not\u00edcias\",\"item\":\"https:\/\/www.suno.com.br\/noticias\/\"},{\"@type\":\"ListItem\",\"position\":2,\"name\":\"Neg\u00f3cios\",\"item\":\"https:\/\/www.suno.com.br\/noticias\/negocios\/\"},{\"@type\":\"ListItem\",\"position\":3,\"name\":\"Lucro da Airbus cresce 56%; desempenho robusto eleva a\u00e7\u00f5es\"}]},{\"@type\":\"WebSite\",\"@id\":\"https:\/\/www.suno.com.br\/noticias\/#website\",\"url\":\"https:\/\/www.suno.com.br\/noticias\/\",\"name\":\"Suno Not\u00edcias\",\"description\":\"Seu portal de informa\u00e7\u00e3o sobre o mundo dos investimentos\",\"publisher\":{\"@id\":\"https:\/\/www.suno.com.br\/noticias\/#organization\"},\"potentialAction\":[{\"@type\":\"SearchAction\",\"target\":{\"@type\":\"EntryPoint\",\"urlTemplate\":\"https:\/\/www.suno.com.br\/noticias\/?s={search_term_string}\"},\"query-input\":{\"@type\":\"PropertyValueSpecification\",\"valueRequired\":true,\"valueName\":\"search_term_string\"}}],\"inLanguage\":\"pt-BR\"},{\"@type\":\"Organization\",\"@id\":\"https:\/\/www.suno.com.br\/noticias\/#organization\",\"name\":\"Suno Not\u00edcias\",\"url\":\"https:\/\/www.suno.com.br\/noticias\/\",\"logo\":{\"@type\":\"ImageObject\",\"inLanguage\":\"pt-BR\",\"@id\":\"https:\/\/www.suno.com.br\/noticias\/#\/schema\/logo\/image\/\",\"url\":\"https:\/\/files.sunoresearch.com.br\/n\/uploads\/2021\/09\/suno-logo.png\",\"contentUrl\":\"https:\/\/files.sunoresearch.com.br\/n\/uploads\/2021\/09\/suno-logo.png\",\"width\":180,\"height\":180,\"caption\":\"Suno Not\u00edcias\"},\"image\":{\"@id\":\"https:\/\/www.suno.com.br\/noticias\/#\/schema\/logo\/image\/\"},\"sameAs\":[\"https:\/\/facebook.com\/sunoresearch\",\"https:\/\/x.com\/sunoresearch\",\"https:\/\/www.instagram.com\/suno\",\"https:\/\/www.linkedin.com\/company\/suno-research\/\",\"https:\/\/www.youtube.com\/c\/sunoresearch\"]},{\"@type\":\"Person\",\"@id\":\"https:\/\/www.suno.com.br\/noticias\/#\/schema\/person\/0d0c9687cd2f600c564f25980c140de9\",\"name\":\"Guilherme Caetano\",\"image\":{\"@type\":\"ImageObject\",\"inLanguage\":\"pt-BR\",\"@id\":\"https:\/\/www.suno.com.br\/noticias\/#\/schema\/person\/image\/\",\"url\":\"https:\/\/secure.gravatar.com\/avatar\/e48357351a01702a0d19307070e081bf?s=96&r=g\",\"contentUrl\":\"https:\/\/secure.gravatar.com\/avatar\/e48357351a01702a0d19307070e081bf?s=96&r=g\",\"caption\":\"Guilherme Caetano\"},\"description\":\"Formado em jornalismo pela Escola de Comunica\u00e7\u00f5es e Artes da USP, Guilherme Caetano escreve para o portal de not\u00edcias da Suno Research. Passou pelas reda\u00e7\u00f5es da Folha de S.Paulo e da revista \u00c9poca.\",\"url\":\"https:\/\/www.suno.com.br\/noticias\/author\/guilherme-caetano\/\"}]}<\/script>\n<!-- \/ Yoast SEO plugin. -->","yoast_head_json":{"title":"Lucro da Airbus cresce 56%; desempenho robusto eleva a\u00e7\u00f5es","description":"As a\u00e7\u00f5es da Airbus subiram 5,4% no in\u00edcio da sess\u00e3o desta quinta ap\u00f3s a divulga\u00e7\u00e3o do balan\u00e7o financeiro da empresa. Clique e saiba mais","robots":{"index":"index","follow":"follow","max-snippet":"max-snippet:-1","max-image-preview":"max-image-preview:large","max-video-preview":"max-video-preview:-1"},"canonical":"https:\/\/www.suno.com.br\/noticias\/lucro-airbus-desempenho-eleva-acoes\/","og_locale":"pt_BR","og_type":"article","og_title":"Lucro da Airbus cresce 56%; desempenho robusto eleva a\u00e7\u00f5es","og_description":"As a\u00e7\u00f5es da Airbus subiram 5,4% no in\u00edcio da sess\u00e3o desta quinta ap\u00f3s a divulga\u00e7\u00e3o do balan\u00e7o financeiro da empresa. Clique e saiba mais","og_url":"https:\/\/www.suno.com.br\/noticias\/lucro-airbus-desempenho-eleva-acoes\/","og_site_name":"Suno Not\u00edcias","article_publisher":"https:\/\/facebook.com\/sunoresearch","og_image":[{"width":1199,"height":801,"url":"https:\/\/files.sunoresearch.com.br\/n\/uploads\/2018\/10\/ee7ee203-latam_brazil_airbus_a350-900_f-wzgu_to_pr-xte_28915136883.jpg","type":"image\/jpeg"}],"author":"Guilherme Caetano","twitter_card":"summary_large_image","twitter_creator":"@sunoresearch","twitter_site":"@sunoresearch","twitter_misc":{"Escrito por":"Guilherme Caetano","Est. tempo de leitura":"2 minutos"},"schema":{"@context":"https:\/\/schema.org","@graph":[{"@type":"NewsArticle","@id":"https:\/\/www.suno.com.br\/noticias\/lucro-airbus-desempenho-eleva-acoes\/#article","isPartOf":{"@id":"https:\/\/www.suno.com.br\/noticias\/lucro-airbus-desempenho-eleva-acoes\/"},"author":{"name":"Guilherme Caetano","@id":"https:\/\/www.suno.com.br\/noticias\/#\/schema\/person\/0d0c9687cd2f600c564f25980c140de9"},"headline":"Lucro da Airbus cresce 56%; desempenho robusto eleva a\u00e7\u00f5es","datePublished":"2019-02-14T18:19:36+00:00","mainEntityOfPage":{"@id":"https:\/\/www.suno.com.br\/noticias\/lucro-airbus-desempenho-eleva-acoes\/"},"wordCount":404,"publisher":{"@id":"https:\/\/www.suno.com.br\/noticias\/#organization"},"image":{"@id":"https:\/\/www.suno.com.br\/noticias\/lucro-airbus-desempenho-eleva-acoes\/#primaryimage"},"thumbnailUrl":"https:\/\/files.sunoresearch.com.br\/n\/uploads\/2018\/10\/ee7ee203-latam_brazil_airbus_a350-900_f-wzgu_to_pr-xte_28915136883-jpg.webp","keywords":["Airbus","balan\u00e7os trimestrais","Boeing (BOEI34)","Europa"],"articleSection":["Neg\u00f3cios"],"inLanguage":"pt-BR"},{"@type":"WebPage","@id":"https:\/\/www.suno.com.br\/noticias\/lucro-airbus-desempenho-eleva-acoes\/","url":"https:\/\/www.suno.com.br\/noticias\/lucro-airbus-desempenho-eleva-acoes\/","name":"Lucro da Airbus cresce 56%; desempenho robusto eleva a\u00e7\u00f5es","isPartOf":{"@id":"https:\/\/www.suno.com.br\/noticias\/#website"},"primaryImageOfPage":{"@id":"https:\/\/www.suno.com.br\/noticias\/lucro-airbus-desempenho-eleva-acoes\/#primaryimage"},"image":{"@id":"https:\/\/www.suno.com.br\/noticias\/lucro-airbus-desempenho-eleva-acoes\/#primaryimage"},"thumbnailUrl":"https:\/\/files.sunoresearch.com.br\/n\/uploads\/2018\/10\/ee7ee203-latam_brazil_airbus_a350-900_f-wzgu_to_pr-xte_28915136883-jpg.webp","datePublished":"2019-02-14T18:19:36+00:00","description":"As a\u00e7\u00f5es da Airbus subiram 5,4% no in\u00edcio da sess\u00e3o desta quinta ap\u00f3s a divulga\u00e7\u00e3o do balan\u00e7o financeiro da empresa. Clique e saiba mais","breadcrumb":{"@id":"https:\/\/www.suno.com.br\/noticias\/lucro-airbus-desempenho-eleva-acoes\/#breadcrumb"},"inLanguage":"pt-BR","potentialAction":[{"@type":"ReadAction","target":["https:\/\/www.suno.com.br\/noticias\/lucro-airbus-desempenho-eleva-acoes\/"]}]},{"@type":"ImageObject","inLanguage":"pt-BR","@id":"https:\/\/www.suno.com.br\/noticias\/lucro-airbus-desempenho-eleva-acoes\/#primaryimage","url":"https:\/\/files.sunoresearch.com.br\/n\/uploads\/2018\/10\/ee7ee203-latam_brazil_airbus_a350-900_f-wzgu_to_pr-xte_28915136883-jpg.webp","contentUrl":"https:\/\/files.sunoresearch.com.br\/n\/uploads\/2018\/10\/ee7ee203-latam_brazil_airbus_a350-900_f-wzgu_to_pr-xte_28915136883-jpg.webp","width":1199,"height":801,"caption":"Latam reduz voos em 70% por conta do coronav\u00edrus"},{"@type":"BreadcrumbList","@id":"https:\/\/www.suno.com.br\/noticias\/lucro-airbus-desempenho-eleva-acoes\/#breadcrumb","itemListElement":[{"@type":"ListItem","position":1,"name":"Not\u00edcias","item":"https:\/\/www.suno.com.br\/noticias\/"},{"@type":"ListItem","position":2,"name":"Neg\u00f3cios","item":"https:\/\/www.suno.com.br\/noticias\/negocios\/"},{"@type":"ListItem","position":3,"name":"Lucro da Airbus cresce 56%; desempenho robusto eleva a\u00e7\u00f5es"}]},{"@type":"WebSite","@id":"https:\/\/www.suno.com.br\/noticias\/#website","url":"https:\/\/www.suno.com.br\/noticias\/","name":"Suno Not\u00edcias","description":"Seu portal de informa\u00e7\u00e3o sobre o mundo dos investimentos","publisher":{"@id":"https:\/\/www.suno.com.br\/noticias\/#organization"},"potentialAction":[{"@type":"SearchAction","target":{"@type":"EntryPoint","urlTemplate":"https:\/\/www.suno.com.br\/noticias\/?s={search_term_string}"},"query-input":{"@type":"PropertyValueSpecification","valueRequired":true,"valueName":"search_term_string"}}],"inLanguage":"pt-BR"},{"@type":"Organization","@id":"https:\/\/www.suno.com.br\/noticias\/#organization","name":"Suno Not\u00edcias","url":"https:\/\/www.suno.com.br\/noticias\/","logo":{"@type":"ImageObject","inLanguage":"pt-BR","@id":"https:\/\/www.suno.com.br\/noticias\/#\/schema\/logo\/image\/","url":"https:\/\/files.sunoresearch.com.br\/n\/uploads\/2021\/09\/suno-logo.png","contentUrl":"https:\/\/files.sunoresearch.com.br\/n\/uploads\/2021\/09\/suno-logo.png","width":180,"height":180,"caption":"Suno Not\u00edcias"},"image":{"@id":"https:\/\/www.suno.com.br\/noticias\/#\/schema\/logo\/image\/"},"sameAs":["https:\/\/facebook.com\/sunoresearch","https:\/\/x.com\/sunoresearch","https:\/\/www.instagram.com\/suno","https:\/\/www.linkedin.com\/company\/suno-research\/","https:\/\/www.youtube.com\/c\/sunoresearch"]},{"@type":"Person","@id":"https:\/\/www.suno.com.br\/noticias\/#\/schema\/person\/0d0c9687cd2f600c564f25980c140de9","name":"Guilherme Caetano","image":{"@type":"ImageObject","inLanguage":"pt-BR","@id":"https:\/\/www.suno.com.br\/noticias\/#\/schema\/person\/image\/","url":"https:\/\/secure.gravatar.com\/avatar\/e48357351a01702a0d19307070e081bf?s=96&r=g","contentUrl":"https:\/\/secure.gravatar.com\/avatar\/e48357351a01702a0d19307070e081bf?s=96&r=g","caption":"Guilherme Caetano"},"description":"Formado em jornalismo pela Escola de Comunica\u00e7\u00f5es e Artes da USP, Guilherme Caetano escreve para o portal de not\u00edcias da Suno Research. Passou pelas reda\u00e7\u00f5es da Folha de S.Paulo e da revista \u00c9poca.","url":"https:\/\/www.suno.com.br\/noticias\/author\/guilherme-caetano\/"}]}},"default_loop_html":"<div class=\"cardsPage__listCard__boxs\"><div class=\"cardsPage__listCard__boxs__img\"><a href=\"https:\/\/www.suno.com.br\/noticias\/lucro-airbus-desempenho-eleva-acoes\/\"><img class=\"mask\" src=\"https:\/\/www.suno.com.br\/noticias\/wp-content\/themes\/suno\/resources\/images\/spotlight\/spotlight1img\/bg-mask.png\" alt=\"Image Mask\"\/><img src=\"https:\/\/files.sunoresearch.com.br\/n\/uploads\/2018\/10\/ee7ee203-latam_brazil_airbus_a350-900_f-wzgu_to_pr-xte_28915136883-400x200.webp\" alt=\"Lucro da Airbus cresce 56%; desempenho robusto eleva a\u00e7\u00f5es\"\/><\/a><span class=\"spotlightCategory\"><a href=\"https:\/\/www.suno.com.br\/noticias\/negocios\/\">Neg\u00f3cios<\/a><\/span><\/div><div class=\"cardsPage__listCard__boxs__content\"><a href=\"https:\/\/www.suno.com.br\/noticias\/lucro-airbus-desempenho-eleva-acoes\/\"><h2 class=\"content__title\">Lucro da Airbus cresce 56%; desempenho robusto eleva a\u00e7\u00f5es<\/h2><\/a><div class=\"newsContent__article__meta\"><div class=\"newsContent__article__meta__authorBox\"><a href=\"https:\/\/www.suno.com.br\/noticias\/author\/guilherme-caetano\/\" class=\"authorBox__avatar noMobi\"><img src=\"https:\/\/secure.gravatar.com\/avatar\/e48357351a01702a0d19307070e081bf?s=96&#038;r=g\" alt=\"Guilherme Caetano\"><\/a><div class=\"authorBox__name\"><span>por\n\t\t\t<a href=\"https:\/\/www.suno.com.br\/noticias\/author\/guilherme-caetano\/\"><span itemprop=\"author\">Guilherme Caetano<\/span><\/a><\/span><time datetime=\"2019-02-14T16:19:36-02:00\" itemprop=\"datePublished\">14\/02\/2019 16:19<\/time><\/div><\/div><\/div><\/div><\/div>","single_layout":"posts","amp_enabled":true,"_links":{"self":[{"href":"https:\/\/www.suno.com.br\/noticias\/wp-json\/wp\/v2\/posts\/15345"}],"collection":[{"href":"https:\/\/www.suno.com.br\/noticias\/wp-json\/wp\/v2\/posts"}],"about":[{"href":"https:\/\/www.suno.com.br\/noticias\/wp-json\/wp\/v2\/types\/post"}],"author":[{"embeddable":true,"href":"https:\/\/www.suno.com.br\/noticias\/wp-json\/wp\/v2\/users\/13"}],"replies":[{"embeddable":true,"href":"https:\/\/www.suno.com.br\/noticias\/wp-json\/wp\/v2\/comments?post=15345"}],"version-history":[{"count":0,"href":"https:\/\/www.suno.com.br\/noticias\/wp-json\/wp\/v2\/posts\/15345\/revisions"}],"wp:featuredmedia":[{"embeddable":true,"href":"https:\/\/www.suno.com.br\/noticias\/wp-json\/wp\/v2\/media\/4860"}],"wp:attachment":[{"href":"https:\/\/www.suno.com.br\/noticias\/wp-json\/wp\/v2\/media?parent=15345"}],"wp:term":[{"taxonomy":"category","embeddable":true,"href":"https:\/\/www.suno.com.br\/noticias\/wp-json\/wp\/v2\/categories?post=15345"},{"taxonomy":"post_tag","embeddable":true,"href":"https:\/\/www.suno.com.br\/noticias\/wp-json\/wp\/v2\/tags?post=15345"},{"taxonomy":"suno_strategy","embeddable":true,"href":"https:\/\/www.suno.com.br\/noticias\/wp-json\/wp\/v2\/suno_strategy?post=15345"}],"curies":[{"name":"wp","href":"https:\/\/api.w.org\/{rel}","templated":true}]}}