{"id":153378,"date":"2021-06-01T09:36:25","date_gmt":"2021-06-01T12:36:25","guid":{"rendered":"https:\/\/www.suno.com.br\/noticias\/?p=153378"},"modified":"2021-06-21T05:48:34","modified_gmt":"2021-06-21T08:48:34","slug":"xp-aumenta-otimismo-divida-pib-2021","status":"publish","type":"post","link":"https:\/\/www.suno.com.br\/noticias\/xp-aumenta-otimismo-divida-pib-2021\/","title":{"rendered":"XP aumenta otimismo e projeta d\u00edvida\/PIB de 84,5% para 2021"},"content":{"rendered":"<p>A proje\u00e7\u00e3o feita pelo departamento econ\u00f4mico da XP\u00a0revisou os <a href=\"https:\/\/www.suno.com.br\/artigos\/divida-liquida\/\">dados da rela\u00e7\u00e3o entre <strong>d\u00edvida<\/strong><\/a> e Produto Interno Bruto (PIB), saindo dos 87% do fim do ano para 84,5%.<\/p>\t<div class=\"wrapper-featured-image\">\n\t\t<figure class=\"spotlightImg\">\n\n\t\t\t<picture>\n\t\t\t\t<source media=\"(max-width: 768px)\" srcset=\"https:\/\/files.sunoresearch.com.br\/n\/uploads\/2021\/05\/e0c1086d-913-xp-carreiras-400x200.jpg\">\n\t\t\t\t<img loading=\"lazy\" decoding=\"async\" class=\"newsContent__article__imgCapa lazyloadDisabled \" src=\"https:\/\/files.sunoresearch.com.br\/n\/uploads\/2021\/05\/e0c1086d-913-xp-carreiras-800x450.jpg\" width=\"800\" height=\"450\" alt=\"XP aumenta otimismo e projeta d\u00edvida\/PIB de 84,5% para 2021\" fetchpriority=high \/>\n\t\t\t<\/picture>\n\n\t\t\t<figcaption class=\"wp-caption-text wp-caption-text--show\">Plataforma da XP foi anunciada em maio e deve expandir leque de ativos conforme o &#039;aumento do apetite do investidor&#039; - Foto: Divulga\u00e7\u00e3o\/XP<\/figcaption>\n\t\t<\/figure>\n\t<\/div>\n\n\n\t<p>\n\t\t<a href=\"https:\/\/lp.suno.com.br\/planilha-controle-gastos\/\" target=\"_blank\" data-element=\"shortcode-suno-banner\" title=\"Banner SUNO, clique e saiba mais\">\n\t\t\t<picture>\n\t\t\t\t<source media=\"(max-width: 500px)\" srcset=\"https:\/\/files.sunoresearch.com.br\/n\/uploads\/2023\/03\/400x300-Planilha-controle-de-gastos.png\">\n\t\t\t\t<img class=\"newsContent__article__imgCapa newsContent__article__imgCapa--banner\"\n\t\t\t\t\tsrc=\"https:\/\/files.sunoresearch.com.br\/n\/uploads\/2023\/03\/1420x240-Planilha-controle-de-gastos.png\"\n\t\t\t\t\tdata-promo-id=\"101751\"\t\t\t\t\t\t\t\t\t\twidth='1420' height='240'\t\t\t\t\talt=\"https:\/\/files.sunoresearch.com.br\/n\/uploads\/2023\/03\/1420x240-Planilha-controle-de-gastos.png\"\n\t\t\t\t>\n\t\t\t<\/picture>\n\t\t<\/a>\n\t<\/p>\n\n\n<p>A melhora analisada pela casa se d\u00e1 em decorr\u00eancia das vari\u00e1veis da <a href=\"https:\/\/www.suno.com.br\/artigos\/politica-fiscal\/\">pol\u00edtica fiscal brasileira<\/a>, que melhoraram recentemente, reduzindo expectativas negativas para os n\u00fameros de <strong>d\u00edvida<\/strong> p\u00fablica.<\/p>\n<p>A <strong>XP<\/strong> alterou tamb\u00e9m as proje\u00e7\u00f5es para o d\u00e9ficit p\u00fablico, de 3,2% para 2,6% do <strong>PIB<\/strong>. Segundo os economistas Caio Megale e Rachel de S\u00e1, essa revis\u00e3o \u00e9 fruto especialmente da melhora na arrecada\u00e7\u00e3o. &#8220;Agora esperamos R$ 1,724 bilh\u00e3o no ano&#8221;, disseram.<\/p>\n<p><a href=\"https:\/\/lp.suno.com.br\/suno-one\/?ppp=noticias\/hospital-care-pedido-ipo-cvm\/\"><b>Suno One: acesse gratuitamente eBooks, Minicursos, Artigos e V\u00eddeo Aulas sobre investimentos com um \u00fanico cadastro. Clique para saber mais!<\/b><\/a><\/p>\n<p>Consideraram ainda os economistas o fato de, al\u00e9m de um resultado prim\u00e1rio melhor que o esperado, a alta dos pre\u00e7os tamb\u00e9m contribuir para a <strong>redu\u00e7\u00e3o<\/strong> da rela\u00e7\u00e3o d\u00edvida\/PIB.<\/p>\n<p>&#8220;Olhando para frente, esperamos que os gastos finalmente se normalizem ap\u00f3s a aprova\u00e7\u00e3o do Or\u00e7amento de 2021, portanto, reduzindo as surpresas mensais positivas. No entanto, os principais fatores observados at\u00e9 agora no lado da receita devem continuar fortalecendo a arrecada\u00e7\u00e3o de tributos, principalmente no tocante aos pre\u00e7os ao produtor&#8221;, disseram Megale e Rachel.<\/p>\n\t<div data-element=\"shortcode-read-more\" class=\"knowMore\">\n\t\t\t\t<span class=\"knowMore__title\">Saiba mais<\/span>\n\t\t\t\t<a class=\"knowMore__link\" href=\"https:\/\/www.suno.com.br\/noticias\/divida-governo-recua-867-pib-pandemia\/\">\n\t\t\tD\u00edvida do Governo recua para 86,7% do PIB mesmo em meio \u00e0 pandemia\t\t<\/a>\n\t<\/div>\n\n\n<p>Vale destacar, observaram eles, um importante risco ao cen\u00e1rio positivo esperado para a arrecada\u00e7\u00e3o, atrelado \u00e0 recente decis\u00e3o do Supremo Tribunal Federal (STF) de excluir o <strong>ICMS<\/strong> <a href=\"https:\/\/www.suno.com.br\/artigos\/cofins\/\">da base de c\u00e1lculo do PIS\/Cofins<\/a>.<\/p>\n<p>&#8220;De acordo com c\u00e1lculo da Institui\u00e7\u00e3o Fiscal Independente (IFI), a perda de arrecada\u00e7\u00e3o por meio de compensa\u00e7\u00f5es tribut\u00e1rias por parte da Uni\u00e3o pode chegar a R$ 121 bilh\u00f5es este ano, se consideradas, al\u00e9m das receitas j\u00e1 esperadas para o ano, os potenciais passivos relativos ao per\u00edodo entre 2017 e 2020 encerrados&#8221;, afirmaram.<\/p>\n<h2>D\u00edvida do governo cai para 86,7%, diz BC<\/h2>\n<p>A D\u00edvida Bruta do Governo Geral fechou abril aos R$ 6,665 trilh\u00f5es, segundo constam nos dados divulgados pelo <a href=\"https:\/\/www.suno.com.br\/artigos\/bacen\/\">Banco Central<\/a> nesta segunda-feira (31). O montante representa 86,7% do <a href=\"https:\/\/www.suno.com.br\/artigos\/pib-produto-interno-bruto\/\">Produto Interno Bruto (PIB)<\/a>.<\/p>\n\t<p>\n\t\t<a href=\"https:\/\/lp.suno.com.br\/planilha-da-vida-financeira\/\" target=\"_blank\" data-element=\"shortcode-suno-banner\" title=\"Banner SUNO, clique e saiba mais\">\n\t\t\t<picture>\n\t\t\t\t<source media=\"(max-width: 500px)\" srcset=\"https:\/\/files.sunoresearch.com.br\/n\/uploads\/2023\/04\/400x300-Planilha-vida-financeira-true.png\">\n\t\t\t\t<img class=\"newsContent__article__imgCapa newsContent__article__imgCapa--banner\"\n\t\t\t\t\tsrc=\"https:\/\/files.sunoresearch.com.br\/n\/uploads\/2023\/04\/1420x240-Planilha-vida-financeira-true.png\"\n\t\t\t\t\tdata-promo-id=\"106682\"\t\t\t\t\t\t\t\t\t\twidth='1420' height='240'\t\t\t\t\talt=\"https:\/\/files.sunoresearch.com.br\/n\/uploads\/2023\/04\/1420x240-Planilha-vida-financeira-true.png\"\n\t\t\t\t>\n\t\t\t<\/picture>\n\t\t<\/a>\n\t<\/p>\n\n\n<p>O porcentual, divulgado nesta segunda pelo Banco Central, \u00e9 menor que os 88,9% de d\u00edvida em rela\u00e7\u00e3o ao PIB divulgados em mar\u00e7o, em n\u00fameros revisados.\u00a0 A queda ocorre apesar dos gastos do governo em rela\u00e7\u00e3o \u00e0 pandemia do novo coronav\u00edrus.\u00a0No melhor momento da s\u00e9rie, em dezembro de 2013, a rela\u00e7\u00e3o era de 51,5% do PIB.<\/p>\n<p>Com o aumento de despesas p\u00fablicas em fun\u00e7\u00e3o da pandemia, a expectativa \u00e9 de que a <strong>d\u00edvida<\/strong> bruta continue a subir nos pr\u00f3ximos meses no Brasil. Este \u00e9 um dos principais fatores de preocupa\u00e7\u00e3o dos economistas do mercado financeiro.<\/p>\n<p><em><strong>Com informa\u00e7\u00f5es do Estad\u00e3o Conte\u00fado<\/strong><\/em><\/p>\n\t<p>\n\t\t<a href=\"https:\/\/lp.suno.com.br\/planilha-de-controle-de-investimentos\/\" target=\"_blank\" data-element=\"shortcode-suno-banner\" title=\"Banner SUNO, clique e saiba mais\">\n\t\t\t<picture>\n\t\t\t\t<source media=\"(max-width: 500px)\" srcset=\"https:\/\/files.sunoresearch.com.br\/n\/uploads\/2023\/03\/400x300-Controle-de-Investimentos.png\">\n\t\t\t\t<img class=\"newsContent__article__imgCapa newsContent__article__imgCapa--banner\"\n\t\t\t\t\tsrc=\"https:\/\/files.sunoresearch.com.br\/n\/uploads\/2023\/03\/1420x240-Controle-de-Investimentos.png\"\n\t\t\t\t\tdata-promo-id=\"75934\"\t\t\t\t\t\t\t\t\t\twidth='1420' height='240'\t\t\t\t\talt=\"https:\/\/files.sunoresearch.com.br\/n\/uploads\/2023\/03\/1420x240-Controle-de-Investimentos.png\"\n\t\t\t\t>\n\t\t\t<\/picture>\n\t\t<\/a>\n\t<\/p>\n\n\n","protected":false},"excerpt":{"rendered":"<p>A proje\u00e7\u00e3o feita pelo departamento econ\u00f4mico da XP\u00a0revisou os dados da rela\u00e7\u00e3o entre d\u00edvida e Produto Interno Bruto (PIB), saindo dos 87% do fim do ano para 84,5%. Plataforma da XP foi anunciada em maio e deve expandir leque de ativos conforme o &#039;aumento do apetite do investidor&#039; &#8211; Foto: Divulga\u00e7\u00e3o\/XP A melhora analisada pela [&hellip;]<\/p>\n","protected":false},"author":73,"featured_media":151046,"comment_status":"closed","ping_status":"closed","sticky":false,"template":"","format":"standard","meta":[],"categories":[62],"tags":[1265,1858,807,888],"suno_strategy":[],"class_list":["post-153378","post","type-post","status-publish","format-standard","has-post-thumbnail","hentry","category-economia","tag-divida-publica-federal","tag-endividamento","tag-produto-interno-bruto-pib","tag-xp-investimentos"],"yoast_head":"<!-- This site is optimized with the Yoast SEO plugin v24.4 - https:\/\/yoast.com\/wordpress\/plugins\/seo\/ -->\n<title>XP aumenta otimismo e projeta d\u00edvida\/PIB de 84,5% para 2021<\/title>\n<meta name=\"description\" content=\"A XP, considerando a pol\u00edtica fiscal atual, ressalta uma d\u00edvida p\u00fablica que deve cair em rela\u00e7\u00e3o ao Produto Interno Bruto. Leia sobre\" \/>\n<meta name=\"robots\" content=\"index, follow, max-snippet:-1, max-image-preview:large, max-video-preview:-1\" \/>\n<link rel=\"canonical\" href=\"https:\/\/www.suno.com.br\/noticias\/xp-aumenta-otimismo-divida-pib-2021\/\" \/>\n<meta property=\"og:locale\" content=\"pt_BR\" \/>\n<meta property=\"og:type\" content=\"article\" \/>\n<meta property=\"og:title\" content=\"XP aumenta otimismo e projeta d\u00edvida\/PIB de 84,5% para 2021\" \/>\n<meta property=\"og:description\" content=\"A XP, considerando a pol\u00edtica fiscal atual, ressalta uma d\u00edvida p\u00fablica que deve cair em rela\u00e7\u00e3o ao Produto Interno Bruto. Leia sobre\" \/>\n<meta property=\"og:url\" content=\"https:\/\/www.suno.com.br\/noticias\/xp-aumenta-otimismo-divida-pib-2021\/\" \/>\n<meta property=\"og:site_name\" content=\"Suno Not\u00edcias\" \/>\n<meta property=\"article:publisher\" content=\"https:\/\/facebook.com\/sunoresearch\" \/>\n<meta property=\"og:image\" content=\"https:\/\/files.sunoresearch.com.br\/n\/uploads\/2021\/05\/e0c1086d-913-xp-carreiras-scaled.jpg\" \/>\n\t<meta property=\"og:image:width\" content=\"2560\" \/>\n\t<meta property=\"og:image:height\" content=\"1707\" \/>\n\t<meta property=\"og:image:type\" content=\"image\/jpeg\" \/>\n<meta name=\"author\" content=\"Eduardo Vargas\" \/>\n<meta name=\"twitter:card\" content=\"summary_large_image\" \/>\n<meta name=\"twitter:creator\" content=\"@sunoresearch\" \/>\n<meta name=\"twitter:site\" content=\"@sunoresearch\" \/>\n<meta name=\"twitter:label1\" content=\"Escrito por\" \/>\n\t<meta name=\"twitter:data1\" content=\"Eduardo Vargas\" \/>\n\t<meta name=\"twitter:label2\" content=\"Est. tempo de leitura\" \/>\n\t<meta name=\"twitter:data2\" content=\"2 minutos\" \/>\n<script type=\"application\/ld+json\" class=\"yoast-schema-graph\">{\"@context\":\"https:\/\/schema.org\",\"@graph\":[{\"@type\":\"NewsArticle\",\"@id\":\"https:\/\/www.suno.com.br\/noticias\/xp-aumenta-otimismo-divida-pib-2021\/#article\",\"isPartOf\":{\"@id\":\"https:\/\/www.suno.com.br\/noticias\/xp-aumenta-otimismo-divida-pib-2021\/\"},\"author\":{\"name\":\"Eduardo Vargas\",\"@id\":\"https:\/\/www.suno.com.br\/noticias\/#\/schema\/person\/7f4d362bf3518e76090143ae77bb49a5\"},\"headline\":\"XP aumenta otimismo e projeta d\u00edvida\/PIB de 84,5% para 2021\",\"datePublished\":\"2021-06-01T12:36:25+00:00\",\"dateModified\":\"2021-06-21T08:48:34+00:00\",\"mainEntityOfPage\":{\"@id\":\"https:\/\/www.suno.com.br\/noticias\/xp-aumenta-otimismo-divida-pib-2021\/\"},\"wordCount\":492,\"publisher\":{\"@id\":\"https:\/\/www.suno.com.br\/noticias\/#organization\"},\"image\":{\"@id\":\"https:\/\/www.suno.com.br\/noticias\/xp-aumenta-otimismo-divida-pib-2021\/#primaryimage\"},\"thumbnailUrl\":\"https:\/\/files.sunoresearch.com.br\/n\/uploads\/2021\/05\/e0c1086d-913-xp-carreiras-scaled.jpg\",\"keywords\":[\"D\u00edvida P\u00fablica Federal\",\"endividamento\",\"Produto Interno Bruto (PIB)\",\"XP Investimentos\"],\"articleSection\":[\"Economia\"],\"inLanguage\":\"pt-BR\"},{\"@type\":\"WebPage\",\"@id\":\"https:\/\/www.suno.com.br\/noticias\/xp-aumenta-otimismo-divida-pib-2021\/\",\"url\":\"https:\/\/www.suno.com.br\/noticias\/xp-aumenta-otimismo-divida-pib-2021\/\",\"name\":\"XP aumenta otimismo e projeta d\u00edvida\/PIB de 84,5% para 2021\",\"isPartOf\":{\"@id\":\"https:\/\/www.suno.com.br\/noticias\/#website\"},\"primaryImageOfPage\":{\"@id\":\"https:\/\/www.suno.com.br\/noticias\/xp-aumenta-otimismo-divida-pib-2021\/#primaryimage\"},\"image\":{\"@id\":\"https:\/\/www.suno.com.br\/noticias\/xp-aumenta-otimismo-divida-pib-2021\/#primaryimage\"},\"thumbnailUrl\":\"https:\/\/files.sunoresearch.com.br\/n\/uploads\/2021\/05\/e0c1086d-913-xp-carreiras-scaled.jpg\",\"datePublished\":\"2021-06-01T12:36:25+00:00\",\"dateModified\":\"2021-06-21T08:48:34+00:00\",\"description\":\"A XP, considerando a pol\u00edtica fiscal atual, ressalta uma d\u00edvida p\u00fablica que deve cair em rela\u00e7\u00e3o ao Produto Interno Bruto. Leia sobre\",\"breadcrumb\":{\"@id\":\"https:\/\/www.suno.com.br\/noticias\/xp-aumenta-otimismo-divida-pib-2021\/#breadcrumb\"},\"inLanguage\":\"pt-BR\",\"potentialAction\":[{\"@type\":\"ReadAction\",\"target\":[\"https:\/\/www.suno.com.br\/noticias\/xp-aumenta-otimismo-divida-pib-2021\/\"]}]},{\"@type\":\"ImageObject\",\"inLanguage\":\"pt-BR\",\"@id\":\"https:\/\/www.suno.com.br\/noticias\/xp-aumenta-otimismo-divida-pib-2021\/#primaryimage\",\"url\":\"https:\/\/files.sunoresearch.com.br\/n\/uploads\/2021\/05\/e0c1086d-913-xp-carreiras-scaled.jpg\",\"contentUrl\":\"https:\/\/files.sunoresearch.com.br\/n\/uploads\/2021\/05\/e0c1086d-913-xp-carreiras-scaled.jpg\",\"width\":2560,\"height\":1707,\"caption\":\"Plataforma da XP foi anunciada em maio e deve expandir leque de ativos conforme o 'aumento do apetite do investidor' - Foto: Divulga\u00e7\u00e3o\/XP\"},{\"@type\":\"BreadcrumbList\",\"@id\":\"https:\/\/www.suno.com.br\/noticias\/xp-aumenta-otimismo-divida-pib-2021\/#breadcrumb\",\"itemListElement\":[{\"@type\":\"ListItem\",\"position\":1,\"name\":\"Not\u00edcias\",\"item\":\"https:\/\/www.suno.com.br\/noticias\/\"},{\"@type\":\"ListItem\",\"position\":2,\"name\":\"Economia\",\"item\":\"https:\/\/www.suno.com.br\/noticias\/economia\/\"},{\"@type\":\"ListItem\",\"position\":3,\"name\":\"XP aumenta otimismo e projeta d\u00edvida\/PIB de 84,5% para 2021\"}]},{\"@type\":\"WebSite\",\"@id\":\"https:\/\/www.suno.com.br\/noticias\/#website\",\"url\":\"https:\/\/www.suno.com.br\/noticias\/\",\"name\":\"Suno Not\u00edcias\",\"description\":\"Seu portal de informa\u00e7\u00e3o sobre o mundo dos investimentos\",\"publisher\":{\"@id\":\"https:\/\/www.suno.com.br\/noticias\/#organization\"},\"potentialAction\":[{\"@type\":\"SearchAction\",\"target\":{\"@type\":\"EntryPoint\",\"urlTemplate\":\"https:\/\/www.suno.com.br\/noticias\/?s={search_term_string}\"},\"query-input\":{\"@type\":\"PropertyValueSpecification\",\"valueRequired\":true,\"valueName\":\"search_term_string\"}}],\"inLanguage\":\"pt-BR\"},{\"@type\":\"Organization\",\"@id\":\"https:\/\/www.suno.com.br\/noticias\/#organization\",\"name\":\"Suno Not\u00edcias\",\"url\":\"https:\/\/www.suno.com.br\/noticias\/\",\"logo\":{\"@type\":\"ImageObject\",\"inLanguage\":\"pt-BR\",\"@id\":\"https:\/\/www.suno.com.br\/noticias\/#\/schema\/logo\/image\/\",\"url\":\"https:\/\/files.sunoresearch.com.br\/n\/uploads\/2021\/09\/suno-logo.png\",\"contentUrl\":\"https:\/\/files.sunoresearch.com.br\/n\/uploads\/2021\/09\/suno-logo.png\",\"width\":180,\"height\":180,\"caption\":\"Suno Not\u00edcias\"},\"image\":{\"@id\":\"https:\/\/www.suno.com.br\/noticias\/#\/schema\/logo\/image\/\"},\"sameAs\":[\"https:\/\/facebook.com\/sunoresearch\",\"https:\/\/x.com\/sunoresearch\",\"https:\/\/www.instagram.com\/suno\",\"https:\/\/www.linkedin.com\/company\/suno-research\/\",\"https:\/\/www.youtube.com\/c\/sunoresearch\"]},{\"@type\":\"Person\",\"@id\":\"https:\/\/www.suno.com.br\/noticias\/#\/schema\/person\/7f4d362bf3518e76090143ae77bb49a5\",\"name\":\"Eduardo Vargas\",\"image\":{\"@type\":\"ImageObject\",\"inLanguage\":\"pt-BR\",\"@id\":\"https:\/\/www.suno.com.br\/noticias\/#\/schema\/person\/image\/\",\"url\":\"https:\/\/secure.gravatar.com\/avatar\/dac340933427a22924c9f99d1eb2e3f2?s=96&r=g\",\"contentUrl\":\"https:\/\/secure.gravatar.com\/avatar\/dac340933427a22924c9f99d1eb2e3f2?s=96&r=g\",\"caption\":\"Eduardo Vargas\"},\"description\":\"Jornalista formado pela UFSC, cobre macroeconomia, neg\u00f3cios e startups para o Suno Not\u00edcias, escrevendo principalmente not\u00edcias sobre o mercado financeiro e a bolsa de valores. No YouTube e no Instagram, \u00e9 respons\u00e1vel pela produ\u00e7\u00e3o de Reels e Shorts do Suno Not\u00edcias. Anteriormente, trabalhou cobrindo economia e cotidiano no ND+ e para o ND, maior jornal impresso de Santa Catarina. Cursou um semestre letivo de Estudos de M\u00eddia na Universidad de Buenos Aires.\",\"url\":\"https:\/\/www.suno.com.br\/noticias\/author\/eduardo-vargas\/\"}]}<\/script>\n<!-- \/ Yoast SEO plugin. -->","yoast_head_json":{"title":"XP aumenta otimismo e projeta d\u00edvida\/PIB de 84,5% para 2021","description":"A XP, considerando a pol\u00edtica fiscal atual, ressalta uma d\u00edvida p\u00fablica que deve cair em rela\u00e7\u00e3o ao Produto Interno Bruto. Leia sobre","robots":{"index":"index","follow":"follow","max-snippet":"max-snippet:-1","max-image-preview":"max-image-preview:large","max-video-preview":"max-video-preview:-1"},"canonical":"https:\/\/www.suno.com.br\/noticias\/xp-aumenta-otimismo-divida-pib-2021\/","og_locale":"pt_BR","og_type":"article","og_title":"XP aumenta otimismo e projeta d\u00edvida\/PIB de 84,5% para 2021","og_description":"A XP, considerando a pol\u00edtica fiscal atual, ressalta uma d\u00edvida p\u00fablica que deve cair em rela\u00e7\u00e3o ao Produto Interno Bruto. Leia sobre","og_url":"https:\/\/www.suno.com.br\/noticias\/xp-aumenta-otimismo-divida-pib-2021\/","og_site_name":"Suno Not\u00edcias","article_publisher":"https:\/\/facebook.com\/sunoresearch","og_image":[{"width":2560,"height":1707,"url":"https:\/\/files.sunoresearch.com.br\/n\/uploads\/2021\/05\/e0c1086d-913-xp-carreiras-scaled.jpg","type":"image\/jpeg"}],"author":"Eduardo Vargas","twitter_card":"summary_large_image","twitter_creator":"@sunoresearch","twitter_site":"@sunoresearch","twitter_misc":{"Escrito por":"Eduardo Vargas","Est. tempo de leitura":"2 minutos"},"schema":{"@context":"https:\/\/schema.org","@graph":[{"@type":"NewsArticle","@id":"https:\/\/www.suno.com.br\/noticias\/xp-aumenta-otimismo-divida-pib-2021\/#article","isPartOf":{"@id":"https:\/\/www.suno.com.br\/noticias\/xp-aumenta-otimismo-divida-pib-2021\/"},"author":{"name":"Eduardo Vargas","@id":"https:\/\/www.suno.com.br\/noticias\/#\/schema\/person\/7f4d362bf3518e76090143ae77bb49a5"},"headline":"XP aumenta otimismo e projeta d\u00edvida\/PIB de 84,5% para 2021","datePublished":"2021-06-01T12:36:25+00:00","dateModified":"2021-06-21T08:48:34+00:00","mainEntityOfPage":{"@id":"https:\/\/www.suno.com.br\/noticias\/xp-aumenta-otimismo-divida-pib-2021\/"},"wordCount":492,"publisher":{"@id":"https:\/\/www.suno.com.br\/noticias\/#organization"},"image":{"@id":"https:\/\/www.suno.com.br\/noticias\/xp-aumenta-otimismo-divida-pib-2021\/#primaryimage"},"thumbnailUrl":"https:\/\/files.sunoresearch.com.br\/n\/uploads\/2021\/05\/e0c1086d-913-xp-carreiras-scaled.jpg","keywords":["D\u00edvida P\u00fablica Federal","endividamento","Produto Interno Bruto (PIB)","XP Investimentos"],"articleSection":["Economia"],"inLanguage":"pt-BR"},{"@type":"WebPage","@id":"https:\/\/www.suno.com.br\/noticias\/xp-aumenta-otimismo-divida-pib-2021\/","url":"https:\/\/www.suno.com.br\/noticias\/xp-aumenta-otimismo-divida-pib-2021\/","name":"XP aumenta otimismo e projeta d\u00edvida\/PIB de 84,5% para 2021","isPartOf":{"@id":"https:\/\/www.suno.com.br\/noticias\/#website"},"primaryImageOfPage":{"@id":"https:\/\/www.suno.com.br\/noticias\/xp-aumenta-otimismo-divida-pib-2021\/#primaryimage"},"image":{"@id":"https:\/\/www.suno.com.br\/noticias\/xp-aumenta-otimismo-divida-pib-2021\/#primaryimage"},"thumbnailUrl":"https:\/\/files.sunoresearch.com.br\/n\/uploads\/2021\/05\/e0c1086d-913-xp-carreiras-scaled.jpg","datePublished":"2021-06-01T12:36:25+00:00","dateModified":"2021-06-21T08:48:34+00:00","description":"A XP, considerando a pol\u00edtica fiscal atual, ressalta uma d\u00edvida p\u00fablica que deve cair em rela\u00e7\u00e3o ao Produto Interno Bruto. Leia sobre","breadcrumb":{"@id":"https:\/\/www.suno.com.br\/noticias\/xp-aumenta-otimismo-divida-pib-2021\/#breadcrumb"},"inLanguage":"pt-BR","potentialAction":[{"@type":"ReadAction","target":["https:\/\/www.suno.com.br\/noticias\/xp-aumenta-otimismo-divida-pib-2021\/"]}]},{"@type":"ImageObject","inLanguage":"pt-BR","@id":"https:\/\/www.suno.com.br\/noticias\/xp-aumenta-otimismo-divida-pib-2021\/#primaryimage","url":"https:\/\/files.sunoresearch.com.br\/n\/uploads\/2021\/05\/e0c1086d-913-xp-carreiras-scaled.jpg","contentUrl":"https:\/\/files.sunoresearch.com.br\/n\/uploads\/2021\/05\/e0c1086d-913-xp-carreiras-scaled.jpg","width":2560,"height":1707,"caption":"Plataforma da XP foi anunciada em maio e deve expandir leque de ativos conforme o 'aumento do apetite do investidor' - Foto: Divulga\u00e7\u00e3o\/XP"},{"@type":"BreadcrumbList","@id":"https:\/\/www.suno.com.br\/noticias\/xp-aumenta-otimismo-divida-pib-2021\/#breadcrumb","itemListElement":[{"@type":"ListItem","position":1,"name":"Not\u00edcias","item":"https:\/\/www.suno.com.br\/noticias\/"},{"@type":"ListItem","position":2,"name":"Economia","item":"https:\/\/www.suno.com.br\/noticias\/economia\/"},{"@type":"ListItem","position":3,"name":"XP aumenta otimismo e projeta d\u00edvida\/PIB de 84,5% para 2021"}]},{"@type":"WebSite","@id":"https:\/\/www.suno.com.br\/noticias\/#website","url":"https:\/\/www.suno.com.br\/noticias\/","name":"Suno Not\u00edcias","description":"Seu portal de informa\u00e7\u00e3o sobre o mundo dos investimentos","publisher":{"@id":"https:\/\/www.suno.com.br\/noticias\/#organization"},"potentialAction":[{"@type":"SearchAction","target":{"@type":"EntryPoint","urlTemplate":"https:\/\/www.suno.com.br\/noticias\/?s={search_term_string}"},"query-input":{"@type":"PropertyValueSpecification","valueRequired":true,"valueName":"search_term_string"}}],"inLanguage":"pt-BR"},{"@type":"Organization","@id":"https:\/\/www.suno.com.br\/noticias\/#organization","name":"Suno Not\u00edcias","url":"https:\/\/www.suno.com.br\/noticias\/","logo":{"@type":"ImageObject","inLanguage":"pt-BR","@id":"https:\/\/www.suno.com.br\/noticias\/#\/schema\/logo\/image\/","url":"https:\/\/files.sunoresearch.com.br\/n\/uploads\/2021\/09\/suno-logo.png","contentUrl":"https:\/\/files.sunoresearch.com.br\/n\/uploads\/2021\/09\/suno-logo.png","width":180,"height":180,"caption":"Suno Not\u00edcias"},"image":{"@id":"https:\/\/www.suno.com.br\/noticias\/#\/schema\/logo\/image\/"},"sameAs":["https:\/\/facebook.com\/sunoresearch","https:\/\/x.com\/sunoresearch","https:\/\/www.instagram.com\/suno","https:\/\/www.linkedin.com\/company\/suno-research\/","https:\/\/www.youtube.com\/c\/sunoresearch"]},{"@type":"Person","@id":"https:\/\/www.suno.com.br\/noticias\/#\/schema\/person\/7f4d362bf3518e76090143ae77bb49a5","name":"Eduardo Vargas","image":{"@type":"ImageObject","inLanguage":"pt-BR","@id":"https:\/\/www.suno.com.br\/noticias\/#\/schema\/person\/image\/","url":"https:\/\/secure.gravatar.com\/avatar\/dac340933427a22924c9f99d1eb2e3f2?s=96&r=g","contentUrl":"https:\/\/secure.gravatar.com\/avatar\/dac340933427a22924c9f99d1eb2e3f2?s=96&r=g","caption":"Eduardo Vargas"},"description":"Jornalista formado pela UFSC, cobre macroeconomia, neg\u00f3cios e startups para o Suno Not\u00edcias, escrevendo principalmente not\u00edcias sobre o mercado financeiro e a bolsa de valores. No YouTube e no Instagram, \u00e9 respons\u00e1vel pela produ\u00e7\u00e3o de Reels e Shorts do Suno Not\u00edcias. Anteriormente, trabalhou cobrindo economia e cotidiano no ND+ e para o ND, maior jornal impresso de Santa Catarina. Cursou um semestre letivo de Estudos de M\u00eddia na Universidad de Buenos Aires.","url":"https:\/\/www.suno.com.br\/noticias\/author\/eduardo-vargas\/"}]}},"default_loop_html":"<div class=\"cardsPage__listCard__boxs\"><div class=\"cardsPage__listCard__boxs__img\"><a href=\"https:\/\/www.suno.com.br\/noticias\/xp-aumenta-otimismo-divida-pib-2021\/\"><img class=\"mask\" src=\"https:\/\/www.suno.com.br\/noticias\/wp-content\/themes\/suno\/resources\/images\/spotlight\/spotlight1img\/bg-mask.png\" alt=\"Image Mask\"\/><img src=\"https:\/\/files.sunoresearch.com.br\/n\/uploads\/2021\/05\/e0c1086d-913-xp-carreiras-400x200.jpg\" alt=\"XP aumenta otimismo e projeta d\u00edvida\/PIB de 84,5% para 2021\"\/><\/a><span class=\"spotlightCategory\"><a href=\"https:\/\/www.suno.com.br\/noticias\/economia\/\">Economia<\/a><\/span><\/div><div class=\"cardsPage__listCard__boxs__content\"><a href=\"https:\/\/www.suno.com.br\/noticias\/xp-aumenta-otimismo-divida-pib-2021\/\"><h2 class=\"content__title\">XP aumenta otimismo e projeta d\u00edvida\/PIB de 84,5% para 2021<\/h2><\/a><div class=\"newsContent__article__meta\"><div class=\"newsContent__article__meta__authorBox\"><a href=\"https:\/\/www.suno.com.br\/noticias\/author\/eduardo-vargas\/\" class=\"authorBox__avatar noMobi\"><img src=\"https:\/\/secure.gravatar.com\/avatar\/dac340933427a22924c9f99d1eb2e3f2?s=96&#038;r=g\" alt=\"Eduardo Vargas\"><\/a><div class=\"authorBox__name\"><span>por\n\t\t\t<a href=\"https:\/\/www.suno.com.br\/noticias\/author\/eduardo-vargas\/\"><span itemprop=\"author\">Eduardo Vargas<\/span><\/a><\/span><time datetime=\"2021-06-01T09:36:25-03:00\" itemprop=\"datePublished\">01\/06\/2021 09:36<\/time><\/div><\/div><\/div><\/div><\/div>","single_layout":"posts","amp_enabled":true,"_links":{"self":[{"href":"https:\/\/www.suno.com.br\/noticias\/wp-json\/wp\/v2\/posts\/153378"}],"collection":[{"href":"https:\/\/www.suno.com.br\/noticias\/wp-json\/wp\/v2\/posts"}],"about":[{"href":"https:\/\/www.suno.com.br\/noticias\/wp-json\/wp\/v2\/types\/post"}],"author":[{"embeddable":true,"href":"https:\/\/www.suno.com.br\/noticias\/wp-json\/wp\/v2\/users\/73"}],"replies":[{"embeddable":true,"href":"https:\/\/www.suno.com.br\/noticias\/wp-json\/wp\/v2\/comments?post=153378"}],"version-history":[{"count":4,"href":"https:\/\/www.suno.com.br\/noticias\/wp-json\/wp\/v2\/posts\/153378\/revisions"}],"predecessor-version":[{"id":153460,"href":"https:\/\/www.suno.com.br\/noticias\/wp-json\/wp\/v2\/posts\/153378\/revisions\/153460"}],"wp:featuredmedia":[{"embeddable":true,"href":"https:\/\/www.suno.com.br\/noticias\/wp-json\/wp\/v2\/media\/151046"}],"wp:attachment":[{"href":"https:\/\/www.suno.com.br\/noticias\/wp-json\/wp\/v2\/media?parent=153378"}],"wp:term":[{"taxonomy":"category","embeddable":true,"href":"https:\/\/www.suno.com.br\/noticias\/wp-json\/wp\/v2\/categories?post=153378"},{"taxonomy":"post_tag","embeddable":true,"href":"https:\/\/www.suno.com.br\/noticias\/wp-json\/wp\/v2\/tags?post=153378"},{"taxonomy":"suno_strategy","embeddable":true,"href":"https:\/\/www.suno.com.br\/noticias\/wp-json\/wp\/v2\/suno_strategy?post=153378"}],"curies":[{"name":"wp","href":"https:\/\/api.w.org\/{rel}","templated":true}]}}