{"id":15298,"date":"2019-02-14T11:56:22","date_gmt":"2019-02-14T13:56:22","guid":{"rendered":"https:\/\/www.suno.com.br\/noticias\/?p=15298"},"modified":"2019-02-14T11:56:22","modified_gmt":"2019-02-14T13:56:22","slug":"anvisa-proibe-comercializacao-lotes-carne-brf","status":"publish","type":"post","link":"https:\/\/www.suno.com.br\/noticias\/anvisa-proibe-comercializacao-lotes-carne-brf\/","title":{"rendered":"ANVISA pro\u00edbe venda de lotes de carne da Perdig\u00e3o, marca da BRF"},"content":{"rendered":"<p>A <strong>ANVISA<\/strong> proibiu nesta quinta-feira (14) a venda de lotes de <strong>carne de frango<\/strong> da Perdig\u00e3o. A decis\u00e3o da ag\u00eancia foi tomada depois do\u00a0recall volunt\u00e1rio da BRF (BRFS3), dona da marca. A preocupa\u00e7\u00e3o\u00a0\u00e9 de que os lotes estejam contaminados com a bact\u00e9ria <strong>Salmonella enteritidis<\/strong>.<\/p>\t<div class=\"wrapper-featured-image\">\n\t\t<figure class=\"spotlightImg\">\n\n\t\t\t<picture>\n\t\t\t\t<source media=\"(max-width: 768px)\" srcset=\"https:\/\/files.sunoresearch.com.br\/n\/uploads\/2019\/02\/aadc41a2-frango-perdig\u00e3o-brf-400x200.webp\">\n\t\t\t\t<img loading=\"lazy\" decoding=\"async\" class=\"newsContent__article__imgCapa lazyloadDisabled newsContent__article__imgCapa--noCaption\" src=\"https:\/\/files.sunoresearch.com.br\/n\/uploads\/2019\/02\/aadc41a2-frango-perdig\u00e3o-brf-jpg.webp\" width=\"800\" height=\"450\" alt=\"ANVISA pro\u00edbe venda de lotes de carne da Perdig\u00e3o, marca da BRF\" fetchpriority=high \/>\n\t\t\t<\/picture>\n\n\t\t\t<figcaption class=\"wp-caption-text wp-caption-text--hide\">Frango Perdig\u00e3o BRF<\/figcaption>\n\t\t<\/figure>\n\t<\/div>\n\n\n<p><a href=\"https:\/\/www.suno.com.br\/noticias\/brf-recall-carne-salmonela\/\">Saiba mais: BRF faz recall de 464,3 toneladas de carne por risco de salmonela\u00a0<\/a><\/p>\n<p>Na \u00faltima quarta-feira (13) a <strong>BRF<\/strong> anunciou um <strong>recall<\/strong> volunt\u00e1rio de lotes de <strong>carne de frango.<\/strong> No total, foram retiradas do mercado 164,7 toneladas de carne de frango distribu\u00eddas no <strong>Brasil<\/strong> e 299,6 que seriam destinadas ao exterior.<\/p>\n<p>A decis\u00e3o da <strong>Ag\u00eancia Nacional de Vigil\u00e2ncia Sanit\u00e1ria (ANVISA)<\/strong> foi publicada no <strong>Di\u00e1rio Oficial<\/strong> <strong>da<\/strong> <strong>Uni\u00e3o.<\/strong><\/p>\n<h2>Recall preventivo de lotes<\/h2>\n<p>A <strong>BRF<\/strong>\u00a0tinha informado a informou a<strong>\u00a0ANVISA<\/strong>\u00a0e o <strong>Minist\u00e9rio da Agricultura, Pecu\u00e1ria e Abastecimento (MAPA)<\/strong>. sobre a retirada da <strong>carne de frango<\/strong>. Al\u00e9m disso, a empresa enviou um comunicado\u00a0\u00e0 <strong>Comiss\u00e3o<\/strong> de <strong>Valores Mobili\u00e1rios (CVM)<\/strong> sobre o caso.<\/p>\n<p><a href=\"https:\/\/www.suno.com.br\/noticias\/brf-meta-desinvestimento-venda-ativos\/\">Saiba mais: BRF n\u00e3o alcan\u00e7a meta de desinvestimento e encerra venda de ativos\u00a0<\/a><\/p>\n<p>&#8220;A\u00a0<strong>bact\u00e9ria Salmonella<\/strong> n\u00e3o resiste ao tratamento com <strong>calor.<\/strong>\u00a0Ou seja, os processos tradicionais de <strong>cozimento<\/strong> s\u00e3o suficientes para eliminar qualquer potencial perigo causado pela presen\u00e7a da bact\u00e9ria\u201d, informou a <strong>BRF<\/strong> em comunicado.<\/p>\n<p>Dentre os produtos recolhidos pela empresa, est\u00e3o:<\/p>\n<ul>\n<li>164,7 toneladas de carne de <strong>frango<\/strong> in natura destinadas ao mercado dom\u00e9stico;<\/li>\n<li>retirada preventiva de aproximadamente 299,6 toneladas destinadas ao mercado internacional.<\/li>\n<\/ul>\n<p>A <strong>carne<\/strong> foi produzida nos dias 30 de outubro de 2018 e 05, 06, 07, 09, 10 e 12 de novembro de 2018, na unidade de <strong>Dourados<\/strong> (MS).<\/p>\n<p>De acordo com o jornal o &#8220;Estado de S. Paulo&#8221;, no mercado local, os produtos de\u00a0<strong>carne<\/strong> de <strong>frango<\/strong>\u00a0s\u00e3o:<\/p>\n<ul>\n<li>cortes congelados de coxas e sobrecoxas;<\/li>\n<li>meio peito sem osso e sem pele;<\/li>\n<li>filezinho (sassami);<\/li>\n<li>mi\u00fados\/cora\u00e7\u00e3o;<\/li>\n<li>e fil\u00e9 de peito.<\/li>\n<\/ul>\n<p><a href=\"https:\/\/www.suno.com.br\/noticias\/exportacoes-carne-frango-caem\/\">Saiba mais &#8211;\u00a0Exporta\u00e7\u00f5es de carne de frango caem 14,7% em janeiro, diz ABPA<\/a><\/p>\n<h2>Recolhimento volunt\u00e1rio<\/h2>\n<p>A empresa informou que \u201ca decis\u00e3o de <strong>recolher<\/strong> todos os lotes, ao inv\u00e9s de partes da produ\u00e7\u00e3o afetadas, segue o princ\u00edpio da <strong>precau\u00e7\u00e3o<\/strong> e o compromisso da <strong>BRF<\/strong> com <strong>Seguran\u00e7a Alimentar, Qualidade<\/strong> e <strong>Transpar\u00eancia\u201d.<\/strong><\/p>\n<p>O recall ocorre cerca de um ano ap\u00f3s a deflagra\u00e7\u00e3o da <strong>Opera\u00e7\u00e3o Trapa\u00e7a,<\/strong> investiga\u00e7\u00e3o iniciada pela <strong>Pol\u00edcia Federal<\/strong>\u00a0<strong>(PF).<\/strong> A opera\u00e7\u00e3o tamb\u00e9m apura supostas\u00a0<span style=\"font-size: 1.21429rem;\"><strong>fraudes<\/strong> cometidas por ex-funcion\u00e1rios da <strong>BRF<\/strong> para burlar os testes de <strong>salmonela.<\/strong>\u00a0<\/span><\/p>\n<p>A <strong>Opera\u00e7\u00e3o Trapa\u00e7a<\/strong> levou a <strong>Uni\u00e3o Europeia<\/strong> (UE) a proibir a BRF de exportar <strong>carne de frango<\/strong> em seu territ\u00f3rio. Por causa da opera\u00e7\u00e3o, a <strong>BRF<\/strong> <a href=\"https:\/\/www.suno.com.br\/noticias\/brf-investigacao-carne-fraca\/\">estaria negociando um\u00a0acordo de leni\u00eancia<\/a> com o <strong>Minist\u00e9rio P\u00fablico Federal (MPU)<\/strong> e <strong>Controladoria-Geral da Uni\u00e3o (CGU<\/strong>). Esse seria o primeiro acordo em que uma empresa reconhece sua responsabilidade em crimes contra a sa\u00fade p\u00fablica.<\/p>\n<p><a href=\"https:\/\/www.suno.com.br\/noticias\/brf-investigacao-carne-fraca\/\">Saiba mais: BRF informa que contribuir\u00e1 nas investiga\u00e7\u00f5es da PF\u00a0<\/a><\/p>\n<p>A <strong>BRF<\/strong> tamb\u00e9m informou que iniciou o invent\u00e1rio de recolhimento dos <strong>produtos<\/strong> em rota. Al\u00e9m disso, tamb\u00e9m mapeia produtos que est\u00e3o juntos aos clientes no <strong>mercado interno<\/strong> e <strong>externo.<\/strong><\/p>\n<p>A empresa destacou que um grupo de especialistas investiga as origens\u00a0\u201cdeste \u00fanico caso para garantir a ado\u00e7\u00e3o das medidas apropriadas para evitar recorr\u00eancia\u201d.<\/p>\n<p>Quanto \u00e0 produ\u00e7\u00e3o em <strong>Dourados<\/strong>, segue \u201csob um processo rigoroso de manuten\u00e7\u00e3o e libera\u00e7\u00e3o dos produtos para assegurar que a ocorr\u00eancia foi pontual e n\u00e3o se repetir\u00e1\u201d, informou em nota a <strong>BRF<\/strong>.<\/p>\n","protected":false},"excerpt":{"rendered":"<p>A ANVISA proibiu nesta quinta-feira (14) a venda de lotes de carne de frango da Perdig\u00e3o. A decis\u00e3o da ag\u00eancia foi tomada depois do\u00a0recall volunt\u00e1rio da BRF (BRFS3), dona da marca. A preocupa\u00e7\u00e3o\u00a0\u00e9 de que os lotes estejam contaminados com a bact\u00e9ria Salmonella enteritidis. Frango Perdig\u00e3o BRF Saiba mais: BRF faz recall de 464,3 toneladas [&hellip;]<\/p>\n","protected":false},"author":9,"featured_media":15303,"comment_status":"closed","ping_status":"closed","sticky":false,"template":"","format":"standard","meta":[],"categories":[60],"tags":[1145,397,1122],"suno_strategy":[],"class_list":["post-15298","post","type-post","status-publish","format-standard","has-post-thumbnail","hentry","category-mercado","tag-anvisa","tag-brf-brfs3","tag-ministerio-da-agricultura"],"yoast_head":"<!-- This site is optimized with the Yoast SEO plugin v24.4 - https:\/\/yoast.com\/wordpress\/plugins\/seo\/ -->\n<title>Anvisa pro\u00edbe venda de lotes de carne da Perdig\u00e3o, marca da BRF<\/title>\n<meta name=\"description\" content=\"Anvisa pro\u00edbe comercializa\u00e7\u00e3o de lotes de carne de carne de frango da marca Perdig\u00e3o, da BRF. Clique aqui para saber mais.\" \/>\n<meta name=\"robots\" content=\"index, follow, max-snippet:-1, max-image-preview:large, max-video-preview:-1\" \/>\n<link rel=\"canonical\" href=\"https:\/\/www.suno.com.br\/noticias\/anvisa-proibe-comercializacao-lotes-carne-brf\/\" \/>\n<meta property=\"og:locale\" content=\"pt_BR\" \/>\n<meta property=\"og:type\" content=\"article\" \/>\n<meta property=\"og:title\" content=\"Anvisa pro\u00edbe venda de lotes de carne da Perdig\u00e3o, marca da BRF\" \/>\n<meta property=\"og:description\" content=\"Anvisa pro\u00edbe comercializa\u00e7\u00e3o de lotes de carne de carne de frango da marca Perdig\u00e3o, da BRF. Clique aqui para saber mais.\" \/>\n<meta property=\"og:url\" content=\"https:\/\/www.suno.com.br\/noticias\/anvisa-proibe-comercializacao-lotes-carne-brf\/\" \/>\n<meta property=\"og:site_name\" content=\"Suno Not\u00edcias\" \/>\n<meta property=\"article:publisher\" content=\"https:\/\/facebook.com\/sunoresearch\" \/>\n<meta property=\"og:image\" content=\"https:\/\/files.sunoresearch.com.br\/n\/uploads\/2019\/02\/aadc41a2-frango-perdig\u00e3o-brf.jpg\" \/>\n\t<meta property=\"og:image:width\" content=\"620\" \/>\n\t<meta property=\"og:image:height\" content=\"620\" \/>\n\t<meta property=\"og:image:type\" content=\"image\/jpeg\" \/>\n<meta name=\"author\" content=\"Carlo Cauti\" \/>\n<meta name=\"twitter:card\" content=\"summary_large_image\" \/>\n<meta name=\"twitter:creator\" content=\"@sunoresearch\" \/>\n<meta name=\"twitter:site\" content=\"@sunoresearch\" \/>\n<meta name=\"twitter:label1\" content=\"Escrito por\" \/>\n\t<meta name=\"twitter:data1\" content=\"Carlo Cauti\" \/>\n\t<meta name=\"twitter:label2\" content=\"Est. tempo de leitura\" \/>\n\t<meta name=\"twitter:data2\" content=\"3 minutos\" \/>\n<script type=\"application\/ld+json\" class=\"yoast-schema-graph\">{\"@context\":\"https:\/\/schema.org\",\"@graph\":[{\"@type\":\"NewsArticle\",\"@id\":\"https:\/\/www.suno.com.br\/noticias\/anvisa-proibe-comercializacao-lotes-carne-brf\/#article\",\"isPartOf\":{\"@id\":\"https:\/\/www.suno.com.br\/noticias\/anvisa-proibe-comercializacao-lotes-carne-brf\/\"},\"author\":{\"name\":\"Carlo Cauti\",\"@id\":\"https:\/\/www.suno.com.br\/noticias\/#\/schema\/person\/e6e0f723cc177805027f4566c1d5e0c8\"},\"headline\":\"ANVISA pro\u00edbe venda de lotes de carne da Perdig\u00e3o, marca da BRF\",\"datePublished\":\"2019-02-14T13:56:22+00:00\",\"mainEntityOfPage\":{\"@id\":\"https:\/\/www.suno.com.br\/noticias\/anvisa-proibe-comercializacao-lotes-carne-brf\/\"},\"wordCount\":611,\"publisher\":{\"@id\":\"https:\/\/www.suno.com.br\/noticias\/#organization\"},\"image\":{\"@id\":\"https:\/\/www.suno.com.br\/noticias\/anvisa-proibe-comercializacao-lotes-carne-brf\/#primaryimage\"},\"thumbnailUrl\":\"https:\/\/files.sunoresearch.com.br\/n\/uploads\/2019\/02\/aadc41a2-frango-perdig\u00e3o-brf-jpg.webp\",\"keywords\":[\"ANVISA\",\"BRF (BRFS3)\",\"Minist\u00e9rio da Agricultura\"],\"articleSection\":[\"Mercado\"],\"inLanguage\":\"pt-BR\"},{\"@type\":\"WebPage\",\"@id\":\"https:\/\/www.suno.com.br\/noticias\/anvisa-proibe-comercializacao-lotes-carne-brf\/\",\"url\":\"https:\/\/www.suno.com.br\/noticias\/anvisa-proibe-comercializacao-lotes-carne-brf\/\",\"name\":\"Anvisa pro\u00edbe venda de lotes de carne da Perdig\u00e3o, marca da BRF\",\"isPartOf\":{\"@id\":\"https:\/\/www.suno.com.br\/noticias\/#website\"},\"primaryImageOfPage\":{\"@id\":\"https:\/\/www.suno.com.br\/noticias\/anvisa-proibe-comercializacao-lotes-carne-brf\/#primaryimage\"},\"image\":{\"@id\":\"https:\/\/www.suno.com.br\/noticias\/anvisa-proibe-comercializacao-lotes-carne-brf\/#primaryimage\"},\"thumbnailUrl\":\"https:\/\/files.sunoresearch.com.br\/n\/uploads\/2019\/02\/aadc41a2-frango-perdig\u00e3o-brf-jpg.webp\",\"datePublished\":\"2019-02-14T13:56:22+00:00\",\"description\":\"Anvisa pro\u00edbe comercializa\u00e7\u00e3o de lotes de carne de carne de frango da marca Perdig\u00e3o, da BRF. Clique aqui para saber mais.\",\"breadcrumb\":{\"@id\":\"https:\/\/www.suno.com.br\/noticias\/anvisa-proibe-comercializacao-lotes-carne-brf\/#breadcrumb\"},\"inLanguage\":\"pt-BR\",\"potentialAction\":[{\"@type\":\"ReadAction\",\"target\":[\"https:\/\/www.suno.com.br\/noticias\/anvisa-proibe-comercializacao-lotes-carne-brf\/\"]}]},{\"@type\":\"ImageObject\",\"inLanguage\":\"pt-BR\",\"@id\":\"https:\/\/www.suno.com.br\/noticias\/anvisa-proibe-comercializacao-lotes-carne-brf\/#primaryimage\",\"url\":\"https:\/\/files.sunoresearch.com.br\/n\/uploads\/2019\/02\/aadc41a2-frango-perdig\u00e3o-brf-jpg.webp\",\"contentUrl\":\"https:\/\/files.sunoresearch.com.br\/n\/uploads\/2019\/02\/aadc41a2-frango-perdig\u00e3o-brf-jpg.webp\",\"width\":620,\"height\":620,\"caption\":\"Frango Perdig\u00e3o BRF\"},{\"@type\":\"BreadcrumbList\",\"@id\":\"https:\/\/www.suno.com.br\/noticias\/anvisa-proibe-comercializacao-lotes-carne-brf\/#breadcrumb\",\"itemListElement\":[{\"@type\":\"ListItem\",\"position\":1,\"name\":\"Not\u00edcias\",\"item\":\"https:\/\/www.suno.com.br\/noticias\/\"},{\"@type\":\"ListItem\",\"position\":2,\"name\":\"Mercado\",\"item\":\"https:\/\/www.suno.com.br\/noticias\/mercado\/\"},{\"@type\":\"ListItem\",\"position\":3,\"name\":\"ANVISA pro\u00edbe venda de lotes de carne da Perdig\u00e3o, marca da BRF\"}]},{\"@type\":\"WebSite\",\"@id\":\"https:\/\/www.suno.com.br\/noticias\/#website\",\"url\":\"https:\/\/www.suno.com.br\/noticias\/\",\"name\":\"Suno Not\u00edcias\",\"description\":\"Seu portal de informa\u00e7\u00e3o sobre o mundo dos investimentos\",\"publisher\":{\"@id\":\"https:\/\/www.suno.com.br\/noticias\/#organization\"},\"potentialAction\":[{\"@type\":\"SearchAction\",\"target\":{\"@type\":\"EntryPoint\",\"urlTemplate\":\"https:\/\/www.suno.com.br\/noticias\/?s={search_term_string}\"},\"query-input\":{\"@type\":\"PropertyValueSpecification\",\"valueRequired\":true,\"valueName\":\"search_term_string\"}}],\"inLanguage\":\"pt-BR\"},{\"@type\":\"Organization\",\"@id\":\"https:\/\/www.suno.com.br\/noticias\/#organization\",\"name\":\"Suno Not\u00edcias\",\"url\":\"https:\/\/www.suno.com.br\/noticias\/\",\"logo\":{\"@type\":\"ImageObject\",\"inLanguage\":\"pt-BR\",\"@id\":\"https:\/\/www.suno.com.br\/noticias\/#\/schema\/logo\/image\/\",\"url\":\"https:\/\/files.sunoresearch.com.br\/n\/uploads\/2021\/09\/suno-logo.png\",\"contentUrl\":\"https:\/\/files.sunoresearch.com.br\/n\/uploads\/2021\/09\/suno-logo.png\",\"width\":180,\"height\":180,\"caption\":\"Suno Not\u00edcias\"},\"image\":{\"@id\":\"https:\/\/www.suno.com.br\/noticias\/#\/schema\/logo\/image\/\"},\"sameAs\":[\"https:\/\/facebook.com\/sunoresearch\",\"https:\/\/x.com\/sunoresearch\",\"https:\/\/www.instagram.com\/suno\",\"https:\/\/www.linkedin.com\/company\/suno-research\/\",\"https:\/\/www.youtube.com\/c\/sunoresearch\"]},{\"@type\":\"Person\",\"@id\":\"https:\/\/www.suno.com.br\/noticias\/#\/schema\/person\/e6e0f723cc177805027f4566c1d5e0c8\",\"name\":\"Carlo Cauti\",\"image\":{\"@type\":\"ImageObject\",\"inLanguage\":\"pt-BR\",\"@id\":\"https:\/\/www.suno.com.br\/noticias\/#\/schema\/person\/image\/\",\"url\":\"https:\/\/secure.gravatar.com\/avatar\/3ada9e0bd164c23abd4792a9606d583c?s=96&r=g\",\"contentUrl\":\"https:\/\/secure.gravatar.com\/avatar\/3ada9e0bd164c23abd4792a9606d583c?s=96&r=g\",\"caption\":\"Carlo Cauti\"},\"description\":\"Editor multim\u00eddia do SUNO Not\u00edcias. Italiano, formado em Ci\u00eancias Pol\u00edticas pela universidade LUISS G. Carli de Roma e mestre cum laude em Rela\u00e7\u00f5es Internacionais, Jornalismo Internacional e de Guerra e em Economia Internacional. Concluiu tamb\u00e9m um MBA em Finan\u00e7as na B3. No Brasil, teve passagem por ve\u00edculos como Estad\u00e3o, Globo, Veja e EXAME. e nas ag\u00eancias de not\u00edcias italianas ANSA e NOVA.\",\"url\":\"https:\/\/www.suno.com.br\/noticias\/author\/carlo-cauti\/\"}]}<\/script>\n<!-- \/ Yoast SEO plugin. -->","yoast_head_json":{"title":"Anvisa pro\u00edbe venda de lotes de carne da Perdig\u00e3o, marca da BRF","description":"Anvisa pro\u00edbe comercializa\u00e7\u00e3o de lotes de carne de carne de frango da marca Perdig\u00e3o, da BRF. Clique aqui para saber mais.","robots":{"index":"index","follow":"follow","max-snippet":"max-snippet:-1","max-image-preview":"max-image-preview:large","max-video-preview":"max-video-preview:-1"},"canonical":"https:\/\/www.suno.com.br\/noticias\/anvisa-proibe-comercializacao-lotes-carne-brf\/","og_locale":"pt_BR","og_type":"article","og_title":"Anvisa pro\u00edbe venda de lotes de carne da Perdig\u00e3o, marca da BRF","og_description":"Anvisa pro\u00edbe comercializa\u00e7\u00e3o de lotes de carne de carne de frango da marca Perdig\u00e3o, da BRF. Clique aqui para saber mais.","og_url":"https:\/\/www.suno.com.br\/noticias\/anvisa-proibe-comercializacao-lotes-carne-brf\/","og_site_name":"Suno Not\u00edcias","article_publisher":"https:\/\/facebook.com\/sunoresearch","og_image":[{"width":620,"height":620,"url":"https:\/\/files.sunoresearch.com.br\/n\/uploads\/2019\/02\/aadc41a2-frango-perdig\u00e3o-brf.jpg","type":"image\/jpeg"}],"author":"Carlo Cauti","twitter_card":"summary_large_image","twitter_creator":"@sunoresearch","twitter_site":"@sunoresearch","twitter_misc":{"Escrito por":"Carlo Cauti","Est. tempo de leitura":"3 minutos"},"schema":{"@context":"https:\/\/schema.org","@graph":[{"@type":"NewsArticle","@id":"https:\/\/www.suno.com.br\/noticias\/anvisa-proibe-comercializacao-lotes-carne-brf\/#article","isPartOf":{"@id":"https:\/\/www.suno.com.br\/noticias\/anvisa-proibe-comercializacao-lotes-carne-brf\/"},"author":{"name":"Carlo Cauti","@id":"https:\/\/www.suno.com.br\/noticias\/#\/schema\/person\/e6e0f723cc177805027f4566c1d5e0c8"},"headline":"ANVISA pro\u00edbe venda de lotes de carne da Perdig\u00e3o, marca da BRF","datePublished":"2019-02-14T13:56:22+00:00","mainEntityOfPage":{"@id":"https:\/\/www.suno.com.br\/noticias\/anvisa-proibe-comercializacao-lotes-carne-brf\/"},"wordCount":611,"publisher":{"@id":"https:\/\/www.suno.com.br\/noticias\/#organization"},"image":{"@id":"https:\/\/www.suno.com.br\/noticias\/anvisa-proibe-comercializacao-lotes-carne-brf\/#primaryimage"},"thumbnailUrl":"https:\/\/files.sunoresearch.com.br\/n\/uploads\/2019\/02\/aadc41a2-frango-perdig\u00e3o-brf-jpg.webp","keywords":["ANVISA","BRF (BRFS3)","Minist\u00e9rio da Agricultura"],"articleSection":["Mercado"],"inLanguage":"pt-BR"},{"@type":"WebPage","@id":"https:\/\/www.suno.com.br\/noticias\/anvisa-proibe-comercializacao-lotes-carne-brf\/","url":"https:\/\/www.suno.com.br\/noticias\/anvisa-proibe-comercializacao-lotes-carne-brf\/","name":"Anvisa pro\u00edbe venda de lotes de carne da Perdig\u00e3o, marca da BRF","isPartOf":{"@id":"https:\/\/www.suno.com.br\/noticias\/#website"},"primaryImageOfPage":{"@id":"https:\/\/www.suno.com.br\/noticias\/anvisa-proibe-comercializacao-lotes-carne-brf\/#primaryimage"},"image":{"@id":"https:\/\/www.suno.com.br\/noticias\/anvisa-proibe-comercializacao-lotes-carne-brf\/#primaryimage"},"thumbnailUrl":"https:\/\/files.sunoresearch.com.br\/n\/uploads\/2019\/02\/aadc41a2-frango-perdig\u00e3o-brf-jpg.webp","datePublished":"2019-02-14T13:56:22+00:00","description":"Anvisa pro\u00edbe comercializa\u00e7\u00e3o de lotes de carne de carne de frango da marca Perdig\u00e3o, da BRF. Clique aqui para saber mais.","breadcrumb":{"@id":"https:\/\/www.suno.com.br\/noticias\/anvisa-proibe-comercializacao-lotes-carne-brf\/#breadcrumb"},"inLanguage":"pt-BR","potentialAction":[{"@type":"ReadAction","target":["https:\/\/www.suno.com.br\/noticias\/anvisa-proibe-comercializacao-lotes-carne-brf\/"]}]},{"@type":"ImageObject","inLanguage":"pt-BR","@id":"https:\/\/www.suno.com.br\/noticias\/anvisa-proibe-comercializacao-lotes-carne-brf\/#primaryimage","url":"https:\/\/files.sunoresearch.com.br\/n\/uploads\/2019\/02\/aadc41a2-frango-perdig\u00e3o-brf-jpg.webp","contentUrl":"https:\/\/files.sunoresearch.com.br\/n\/uploads\/2019\/02\/aadc41a2-frango-perdig\u00e3o-brf-jpg.webp","width":620,"height":620,"caption":"Frango Perdig\u00e3o BRF"},{"@type":"BreadcrumbList","@id":"https:\/\/www.suno.com.br\/noticias\/anvisa-proibe-comercializacao-lotes-carne-brf\/#breadcrumb","itemListElement":[{"@type":"ListItem","position":1,"name":"Not\u00edcias","item":"https:\/\/www.suno.com.br\/noticias\/"},{"@type":"ListItem","position":2,"name":"Mercado","item":"https:\/\/www.suno.com.br\/noticias\/mercado\/"},{"@type":"ListItem","position":3,"name":"ANVISA pro\u00edbe venda de lotes de carne da Perdig\u00e3o, marca da BRF"}]},{"@type":"WebSite","@id":"https:\/\/www.suno.com.br\/noticias\/#website","url":"https:\/\/www.suno.com.br\/noticias\/","name":"Suno Not\u00edcias","description":"Seu portal de informa\u00e7\u00e3o sobre o mundo dos investimentos","publisher":{"@id":"https:\/\/www.suno.com.br\/noticias\/#organization"},"potentialAction":[{"@type":"SearchAction","target":{"@type":"EntryPoint","urlTemplate":"https:\/\/www.suno.com.br\/noticias\/?s={search_term_string}"},"query-input":{"@type":"PropertyValueSpecification","valueRequired":true,"valueName":"search_term_string"}}],"inLanguage":"pt-BR"},{"@type":"Organization","@id":"https:\/\/www.suno.com.br\/noticias\/#organization","name":"Suno Not\u00edcias","url":"https:\/\/www.suno.com.br\/noticias\/","logo":{"@type":"ImageObject","inLanguage":"pt-BR","@id":"https:\/\/www.suno.com.br\/noticias\/#\/schema\/logo\/image\/","url":"https:\/\/files.sunoresearch.com.br\/n\/uploads\/2021\/09\/suno-logo.png","contentUrl":"https:\/\/files.sunoresearch.com.br\/n\/uploads\/2021\/09\/suno-logo.png","width":180,"height":180,"caption":"Suno Not\u00edcias"},"image":{"@id":"https:\/\/www.suno.com.br\/noticias\/#\/schema\/logo\/image\/"},"sameAs":["https:\/\/facebook.com\/sunoresearch","https:\/\/x.com\/sunoresearch","https:\/\/www.instagram.com\/suno","https:\/\/www.linkedin.com\/company\/suno-research\/","https:\/\/www.youtube.com\/c\/sunoresearch"]},{"@type":"Person","@id":"https:\/\/www.suno.com.br\/noticias\/#\/schema\/person\/e6e0f723cc177805027f4566c1d5e0c8","name":"Carlo Cauti","image":{"@type":"ImageObject","inLanguage":"pt-BR","@id":"https:\/\/www.suno.com.br\/noticias\/#\/schema\/person\/image\/","url":"https:\/\/secure.gravatar.com\/avatar\/3ada9e0bd164c23abd4792a9606d583c?s=96&r=g","contentUrl":"https:\/\/secure.gravatar.com\/avatar\/3ada9e0bd164c23abd4792a9606d583c?s=96&r=g","caption":"Carlo Cauti"},"description":"Editor multim\u00eddia do SUNO Not\u00edcias. Italiano, formado em Ci\u00eancias Pol\u00edticas pela universidade LUISS G. Carli de Roma e mestre cum laude em Rela\u00e7\u00f5es Internacionais, Jornalismo Internacional e de Guerra e em Economia Internacional. Concluiu tamb\u00e9m um MBA em Finan\u00e7as na B3. No Brasil, teve passagem por ve\u00edculos como Estad\u00e3o, Globo, Veja e EXAME. e nas ag\u00eancias de not\u00edcias italianas ANSA e NOVA.","url":"https:\/\/www.suno.com.br\/noticias\/author\/carlo-cauti\/"}]}},"default_loop_html":"<div class=\"cardsPage__listCard__boxs\"><div class=\"cardsPage__listCard__boxs__img\"><a href=\"https:\/\/www.suno.com.br\/noticias\/anvisa-proibe-comercializacao-lotes-carne-brf\/\"><img class=\"mask\" src=\"https:\/\/www.suno.com.br\/noticias\/wp-content\/themes\/suno\/resources\/images\/spotlight\/spotlight1img\/bg-mask.png\" alt=\"Image Mask\"\/><img src=\"https:\/\/files.sunoresearch.com.br\/n\/uploads\/2019\/02\/aadc41a2-frango-perdig\u00e3o-brf-400x200.webp\" alt=\"ANVISA pro\u00edbe venda de lotes de carne da Perdig\u00e3o, marca da BRF\"\/><\/a><span class=\"spotlightCategory\"><a href=\"https:\/\/www.suno.com.br\/noticias\/mercado\/\">Mercado<\/a><\/span><\/div><div class=\"cardsPage__listCard__boxs__content\"><a href=\"https:\/\/www.suno.com.br\/noticias\/anvisa-proibe-comercializacao-lotes-carne-brf\/\"><h2 class=\"content__title\">ANVISA pro\u00edbe venda de lotes de carne da Perdig\u00e3o, marca da BRF<\/h2><\/a><div class=\"newsContent__article__meta\"><div class=\"newsContent__article__meta__authorBox\"><a href=\"https:\/\/www.suno.com.br\/noticias\/author\/carlo-cauti\/\" class=\"authorBox__avatar noMobi\"><img src=\"https:\/\/files.sunoresearch.com.br\/n\/uploads\/2020\/08\/e3745f9a-perfil-carlo-cauti-150x150.webp\" alt=\"Carlo Cauti\"><\/a><div class=\"authorBox__name\"><span>por\n\t\t\t<a href=\"https:\/\/www.suno.com.br\/noticias\/author\/carlo-cauti\/\"><span itemprop=\"author\">Carlo Cauti<\/span><\/a><\/span><time datetime=\"2019-02-14T11:56:22-02:00\" itemprop=\"datePublished\">14\/02\/2019 11:56<\/time><\/div><\/div><\/div><\/div><\/div>","single_layout":"posts","amp_enabled":true,"_links":{"self":[{"href":"https:\/\/www.suno.com.br\/noticias\/wp-json\/wp\/v2\/posts\/15298"}],"collection":[{"href":"https:\/\/www.suno.com.br\/noticias\/wp-json\/wp\/v2\/posts"}],"about":[{"href":"https:\/\/www.suno.com.br\/noticias\/wp-json\/wp\/v2\/types\/post"}],"author":[{"embeddable":true,"href":"https:\/\/www.suno.com.br\/noticias\/wp-json\/wp\/v2\/users\/9"}],"replies":[{"embeddable":true,"href":"https:\/\/www.suno.com.br\/noticias\/wp-json\/wp\/v2\/comments?post=15298"}],"version-history":[{"count":0,"href":"https:\/\/www.suno.com.br\/noticias\/wp-json\/wp\/v2\/posts\/15298\/revisions"}],"wp:featuredmedia":[{"embeddable":true,"href":"https:\/\/www.suno.com.br\/noticias\/wp-json\/wp\/v2\/media\/15303"}],"wp:attachment":[{"href":"https:\/\/www.suno.com.br\/noticias\/wp-json\/wp\/v2\/media?parent=15298"}],"wp:term":[{"taxonomy":"category","embeddable":true,"href":"https:\/\/www.suno.com.br\/noticias\/wp-json\/wp\/v2\/categories?post=15298"},{"taxonomy":"post_tag","embeddable":true,"href":"https:\/\/www.suno.com.br\/noticias\/wp-json\/wp\/v2\/tags?post=15298"},{"taxonomy":"suno_strategy","embeddable":true,"href":"https:\/\/www.suno.com.br\/noticias\/wp-json\/wp\/v2\/suno_strategy?post=15298"}],"curies":[{"name":"wp","href":"https:\/\/api.w.org\/{rel}","templated":true}]}}