{"id":152843,"date":"2021-05-31T13:30:14","date_gmt":"2021-05-31T16:30:14","guid":{"rendered":"https:\/\/www.suno.com.br\/noticias\/?p=152843"},"modified":"2021-08-03T14:55:32","modified_gmt":"2021-08-03T17:55:32","slug":"ser-educacional-compra-fael-por-280-milhoes","status":"publish","type":"post","link":"https:\/\/www.suno.com.br\/noticias\/ser-educacional-compra-fael-por-280-milhoes\/","title":{"rendered":"Ser Educacional (SEER3) compra a Fael por R$ 280 milh\u00f5es"},"content":{"rendered":"<p>A <a href=\"https:\/\/www.suno.com.br\/acoes\/seer3\/\"><strong>Ser Educacional<\/strong> (SEER3)<\/a> anunciou nesta segunda-feira a compra, por meio da sua subsidi\u00e1ria 3L Tecnologias Educacionais e Solu\u00e7\u00f5es Digitais, da Sociedade T\u00e9cnica Educacional da Lapa (Fael), mantenedora da Faculdade Educacional da Lapa (Fael), com atua\u00e7\u00e3o em todo o territ\u00f3rio nacional, exclusivamente na modalidade de Ensino Digital (ou Ensino \u00e0 Dist\u00e2ncia &#8211; EAD), por R$ 280 milh\u00f5es.<\/p>\t<div class=\"wrapper-featured-image\">\n\t\t<figure class=\"spotlightImg\">\n\n\t\t\t<picture>\n\t\t\t\t<source media=\"(max-width: 768px)\" srcset=\"https:\/\/files.sunoresearch.com.br\/n\/uploads\/2021\/05\/cc4d9a51-bricks-2181920_1920-400x200.webp\">\n\t\t\t\t<img loading=\"lazy\" decoding=\"async\" class=\"newsContent__article__imgCapa lazyloadDisabled \" src=\"https:\/\/files.sunoresearch.com.br\/n\/uploads\/2021\/05\/cc4d9a51-bricks-2181920_1920-800x450.webp\" width=\"800\" height=\"450\" alt=\"Ser Educacional (SEER3) compra a Fael por R$ 280 milh\u00f5es\" fetchpriority=high \/>\n\t\t\t<\/picture>\n\n\t\t\t<figcaption class=\"wp-caption-text wp-caption-text--show\">Ser Educacional. Foto: Pixabay<\/figcaption>\n\t\t<\/figure>\n\t<\/div>\n\n\n\t<p>\n\t\t<a href=\"https:\/\/lp.suno.com.br\/planilha-controle-gastos\/\" target=\"_blank\" data-element=\"shortcode-suno-banner\" title=\"Banner SUNO, clique e saiba mais\">\n\t\t\t<picture>\n\t\t\t\t<source media=\"(max-width: 500px)\" srcset=\"https:\/\/files.sunoresearch.com.br\/n\/uploads\/2023\/03\/400x300-Planilha-controle-de-gastos.png\">\n\t\t\t\t<img class=\"newsContent__article__imgCapa newsContent__article__imgCapa--banner\"\n\t\t\t\t\tsrc=\"https:\/\/files.sunoresearch.com.br\/n\/uploads\/2023\/03\/1420x240-Planilha-controle-de-gastos.png\"\n\t\t\t\t\tdata-promo-id=\"101751\"\t\t\t\t\t\t\t\t\t\twidth='1420' height='240'\t\t\t\t\talt=\"https:\/\/files.sunoresearch.com.br\/n\/uploads\/2023\/03\/1420x240-Planilha-controle-de-gastos.png\"\n\t\t\t\t>\n\t\t\t<\/picture>\n\t\t<\/a>\n\t<\/p>\n\n\n<p>Em fato relevante enviado \u00e0 Comiss\u00e3o de Valores Mobili\u00e1rios (CVM), a Ser Educacional destaca que o valor est\u00e1 sujeito a um ajuste de capital de giro e d\u00edvida l\u00edquida da <strong>Fael<\/strong>, bem como ao pagamento de um <strong>earn-out<\/strong> de at\u00e9 R$ 17,5 milh\u00f5es condicionado ao atingimento de determinadas metas de performance pela Fael.<\/p>\n<p><iframe loading=\"lazy\" title=\"Messem Investimentos em acordo com XP, Ita\u00fa (ITUB4): Fed aprova segrega\u00e7\u00e3o da XP; (SEER3) e Fael\" width=\"1080\" height=\"608\" src=\"https:\/\/www.youtube.com\/embed\/IXzbqtiM7Vw?feature=oembed&#038;enablejsapi=1&#038;origin=https:\/\/www.suno.com.br\" frameborder=\"0\" allow=\"accelerometer; autoplay; clipboard-write; encrypted-media; gyroscope; picture-in-picture\" allowfullscreen><\/iframe><\/p>\n<p><a href=\"https:\/\/lp.suno.com.br\/suno-one\/\">Suno One: acesse gratuitamente eBooks, Minicursos, Artigos e V\u00eddeo Aulas sobre investimentos com um \u00fanico cadastro. Clique para saber mais!<\/a><\/p>\n<p>A empresa informa que a <strong>Fael<\/strong> tem suas opera\u00e7\u00f5es baseadas na cidade da <strong>Lapa<\/strong> (PR) e \u00e9 uma das maiores institui\u00e7\u00f5es de ensino superior digital do Brasil, tendo cerca de 90 mil alunos nas modalidades de gradua\u00e7\u00e3o e p\u00f3s-gradua\u00e7\u00e3o registrados direta ou indiretamente em sua institui\u00e7\u00e3o.<\/p>\n<p>Seu modelo operacional \u00e9 baseado na distribui\u00e7\u00e3o de <strong>cursos<\/strong> via seus mais de 600 polos e conta com s\u00f3lida capilaridade em munic\u00edpios com menos de 100 mil habitantes.<\/p>\n<p>&#8220;Suas opera\u00e7\u00f5es possuem um modelo complementar ao da SER, tanto por sua presen\u00e7a regional, concentrando cerca de 67% da sua base de alunos de gradua\u00e7\u00e3o nas regi\u00f5es <strong>Sul<\/strong>, <strong>Sudeste<\/strong> e <strong>Centro-Oeste<\/strong>, quanto por sua estrutura comercial, uma vez que sua rede de polos parceiros \u00e9 respons\u00e1vel por cerca de 98% de sua base de alunos, enquanto a rede de polos parceiros da SER corresponde a cerca de 20% de sua base de alunos, sendo o restante dessa base de alunos matriculada via unidades pr\u00f3prias e matr\u00edculas online&#8221;, destaca.<\/p>\n<p>Em 2020, a Fael apresentou receita l\u00edquida de R$ 155,5 milh\u00f5es e um <strong><a href=\"https:\/\/conecta.suno.com.br\/pergunta\/diferenca-entre-ebitda-e-ebitda-ajustado\/\">Ebitda ajustado<\/a><\/strong> pelas despesas de aluguel, efeitos n\u00e3o recorrentes e pr\u00e1ticas cont\u00e1beis da Ser de R$ 20 milh\u00f5es, apresentando crescimento da receita e do Ebitda ajustado em compara\u00e7\u00e3o a 2019 de 12% e 124%, respectivamente.<\/p>\n<h2>Ser Educacional planeja cria\u00e7\u00e3o de valor com a nova aquisi\u00e7\u00e3o<\/h2>\n<p>A Companhia espera que a transa\u00e7\u00e3o a torne um <strong>player<\/strong> ainda mais relevante no segmento de <strong>ensino superior<\/strong> e com s\u00f3lido potencial de gera\u00e7\u00e3o de valor aos acionistas, uma vez que a aquisi\u00e7\u00e3o da Fael criar\u00e1 uma rede com mais de 1.000 polos, com portf\u00f3lio de marcas com alcance nacional e compar\u00e1vel aos maiores players desse segmento no mercado.<\/p>\n\t<p>\n\t\t<a href=\"https:\/\/lp.suno.com.br\/planilha-de-controle-de-investimentos\/\" target=\"_blank\" data-element=\"shortcode-suno-banner\" title=\"Banner SUNO, clique e saiba mais\">\n\t\t\t<picture>\n\t\t\t\t<source media=\"(max-width: 500px)\" srcset=\"https:\/\/files.sunoresearch.com.br\/n\/uploads\/2023\/03\/400x300-Controle-de-Investimentos.png\">\n\t\t\t\t<img class=\"newsContent__article__imgCapa newsContent__article__imgCapa--banner\"\n\t\t\t\t\tsrc=\"https:\/\/files.sunoresearch.com.br\/n\/uploads\/2023\/03\/1420x240-Controle-de-Investimentos.png\"\n\t\t\t\t\tdata-promo-id=\"75934\"\t\t\t\t\t\t\t\t\t\twidth='1420' height='240'\t\t\t\t\talt=\"https:\/\/files.sunoresearch.com.br\/n\/uploads\/2023\/03\/1420x240-Controle-de-Investimentos.png\"\n\t\t\t\t>\n\t\t\t<\/picture>\n\t\t<\/a>\n\t<\/p>\n\n\n<p>Entre os benef\u00edcios esperados est\u00e3o a transforma\u00e7\u00e3o do <strong>Ensino digital<\/strong>, que passa a ser relevante na Ser, otimizando sua posi\u00e7\u00e3o em um segmento de alto crescimento de mercado; cria\u00e7\u00e3o de um novo modelo de gest\u00e3o de polos parceiros oriundos da Fael para todas as marcas Ser; amplia\u00e7\u00e3o do portf\u00f3lio de cursos dispon\u00edveis aos polos Fael, com destaque para os cursos de maior t\u00edquete m\u00e9dio e margens operacionais como os cursos nas \u00e1reas da sa\u00fade e engenharias.<\/p>\n<p>A empresa cita ainda aumento da escala operacional, com dilui\u00e7\u00e3o do custo de aquisi\u00e7\u00e3o de clientes e dilui\u00e7\u00e3o dos custos de retaguarda; sinergias nas empresas combinadas com a expans\u00e3o da base de cursos na Ub\u00edqua e distribui\u00e7\u00e3o de cursos online no ecossistema Ser; e otimiza\u00e7\u00e3o de custos e despesas ap\u00f3s a integra\u00e7\u00e3o.<\/p>\n<p>A opera\u00e7\u00e3o da <strong>Ser<\/strong> est\u00e1 sujeita ao cumprimento de determinadas condi\u00e7\u00f5es precedentes usuais em opera\u00e7\u00f5es similares, incluindo a aprova\u00e7\u00e3o do Conselho Administrativo de Defesa Econ\u00f4mica (Cade), e ser\u00e1 conclu\u00edda t\u00e3o logo tais condi\u00e7\u00f5es sejam cumpridas.<\/p>\n<p><em>(Com informa\u00e7\u00f5es do Estad\u00e3o Conte\u00fado)<\/em><\/p>\n\t<p>\n\t\t<a href=\"https:\/\/lp.suno.com.br\/planilha-da-vida-financeira\/\" target=\"_blank\" data-element=\"shortcode-suno-banner\" title=\"Banner SUNO, clique e saiba mais\">\n\t\t\t<picture>\n\t\t\t\t<source media=\"(max-width: 500px)\" srcset=\"https:\/\/files.sunoresearch.com.br\/n\/uploads\/2023\/04\/400x300-Planilha-vida-financeira-true.png\">\n\t\t\t\t<img class=\"newsContent__article__imgCapa newsContent__article__imgCapa--banner\"\n\t\t\t\t\tsrc=\"https:\/\/files.sunoresearch.com.br\/n\/uploads\/2023\/04\/1420x240-Planilha-vida-financeira-true.png\"\n\t\t\t\t\tdata-promo-id=\"106682\"\t\t\t\t\t\t\t\t\t\twidth='1420' height='240'\t\t\t\t\talt=\"https:\/\/files.sunoresearch.com.br\/n\/uploads\/2023\/04\/1420x240-Planilha-vida-financeira-true.png\"\n\t\t\t\t>\n\t\t\t<\/picture>\n\t\t<\/a>\n\t<\/p>\n\n\n","protected":false},"excerpt":{"rendered":"<p>A Ser Educacional (SEER3) anunciou nesta segunda-feira a compra, por meio da sua subsidi\u00e1ria 3L Tecnologias Educacionais e Solu\u00e7\u00f5es Digitais, da Sociedade T\u00e9cnica Educacional da Lapa (Fael), mantenedora da Faculdade Educacional da Lapa (Fael), com atua\u00e7\u00e3o em todo o territ\u00f3rio nacional, exclusivamente na modalidade de Ensino Digital (ou Ensino \u00e0 Dist\u00e2ncia &#8211; EAD), por R$ [&hellip;]<\/p>\n","protected":false},"author":15,"featured_media":152891,"comment_status":"closed","ping_status":"closed","sticky":false,"template":"","format":"standard","meta":[],"categories":[64],"tags":[851,632,106436],"suno_strategy":[],"class_list":["post-152843","post","type-post","status-publish","format-standard","has-post-thumbnail","hentry","category-negocios","tag-cade","tag-ser-educacional-seer3","tag-setor-educacional"],"yoast_head":"<!-- This site is optimized with the Yoast SEO plugin v24.4 - https:\/\/yoast.com\/wordpress\/plugins\/seo\/ -->\n<title>Ser Educacional (SEER3) compra a Fael por R$ 280 milh\u00f5es<\/title>\n<meta name=\"description\" content=\"A Ser Educacional (SEER3) anunciou a compra da Fael, com atua\u00e7\u00e3o em todo o territ\u00f3rio nacional, por R$ 280 milh\u00f5es. Clique aqui e saiba mais\" \/>\n<meta name=\"robots\" content=\"index, follow, max-snippet:-1, max-image-preview:large, max-video-preview:-1\" \/>\n<link rel=\"canonical\" href=\"https:\/\/www.suno.com.br\/noticias\/ser-educacional-compra-fael-por-280-milhoes\/\" \/>\n<meta property=\"og:locale\" content=\"pt_BR\" \/>\n<meta property=\"og:type\" content=\"article\" \/>\n<meta property=\"og:title\" content=\"Ser Educacional (SEER3) compra a Fael por R$ 280 milh\u00f5es\" \/>\n<meta property=\"og:description\" content=\"A Ser Educacional (SEER3) anunciou a compra da Fael, com atua\u00e7\u00e3o em todo o territ\u00f3rio nacional, por R$ 280 milh\u00f5es. Clique aqui e saiba mais\" \/>\n<meta property=\"og:url\" content=\"https:\/\/www.suno.com.br\/noticias\/ser-educacional-compra-fael-por-280-milhoes\/\" \/>\n<meta property=\"og:site_name\" content=\"Suno Not\u00edcias\" \/>\n<meta property=\"article:publisher\" content=\"https:\/\/facebook.com\/sunoresearch\" \/>\n<meta property=\"og:image\" content=\"https:\/\/files.sunoresearch.com.br\/n\/uploads\/2021\/05\/cc4d9a51-bricks-2181920_1920.jpg\" \/>\n\t<meta property=\"og:image:width\" content=\"1920\" \/>\n\t<meta property=\"og:image:height\" content=\"1280\" \/>\n\t<meta property=\"og:image:type\" content=\"image\/jpeg\" \/>\n<meta name=\"author\" content=\"Poliana Santos\" \/>\n<meta name=\"twitter:card\" content=\"summary_large_image\" \/>\n<meta name=\"twitter:creator\" content=\"@sunoresearch\" \/>\n<meta name=\"twitter:site\" content=\"@sunoresearch\" \/>\n<meta name=\"twitter:label1\" content=\"Escrito por\" \/>\n\t<meta name=\"twitter:data1\" content=\"Poliana Santos\" \/>\n\t<meta name=\"twitter:label2\" content=\"Est. tempo de leitura\" \/>\n\t<meta name=\"twitter:data2\" content=\"3 minutos\" \/>\n<script type=\"application\/ld+json\" class=\"yoast-schema-graph\">{\"@context\":\"https:\/\/schema.org\",\"@graph\":[{\"@type\":\"NewsArticle\",\"@id\":\"https:\/\/www.suno.com.br\/noticias\/ser-educacional-compra-fael-por-280-milhoes\/#article\",\"isPartOf\":{\"@id\":\"https:\/\/www.suno.com.br\/noticias\/ser-educacional-compra-fael-por-280-milhoes\/\"},\"author\":{\"name\":\"Poliana Santos\",\"@id\":\"https:\/\/www.suno.com.br\/noticias\/#\/schema\/person\/02ec1f752758247878a2bf4abee1aeda\"},\"headline\":\"Ser Educacional (SEER3) compra a Fael por R$ 280 milh\u00f5es\",\"datePublished\":\"2021-05-31T16:30:14+00:00\",\"dateModified\":\"2021-08-03T17:55:32+00:00\",\"mainEntityOfPage\":{\"@id\":\"https:\/\/www.suno.com.br\/noticias\/ser-educacional-compra-fael-por-280-milhoes\/\"},\"wordCount\":660,\"publisher\":{\"@id\":\"https:\/\/www.suno.com.br\/noticias\/#organization\"},\"image\":{\"@id\":\"https:\/\/www.suno.com.br\/noticias\/ser-educacional-compra-fael-por-280-milhoes\/#primaryimage\"},\"thumbnailUrl\":\"https:\/\/files.sunoresearch.com.br\/n\/uploads\/2021\/05\/cc4d9a51-bricks-2181920_1920-jpg.webp\",\"keywords\":[\"CADE\",\"Ser Educacional (SEER3)\",\"setor educacional\"],\"articleSection\":[\"Neg\u00f3cios\"],\"inLanguage\":\"pt-BR\"},{\"@type\":\"WebPage\",\"@id\":\"https:\/\/www.suno.com.br\/noticias\/ser-educacional-compra-fael-por-280-milhoes\/\",\"url\":\"https:\/\/www.suno.com.br\/noticias\/ser-educacional-compra-fael-por-280-milhoes\/\",\"name\":\"Ser Educacional (SEER3) compra a Fael por R$ 280 milh\u00f5es\",\"isPartOf\":{\"@id\":\"https:\/\/www.suno.com.br\/noticias\/#website\"},\"primaryImageOfPage\":{\"@id\":\"https:\/\/www.suno.com.br\/noticias\/ser-educacional-compra-fael-por-280-milhoes\/#primaryimage\"},\"image\":{\"@id\":\"https:\/\/www.suno.com.br\/noticias\/ser-educacional-compra-fael-por-280-milhoes\/#primaryimage\"},\"thumbnailUrl\":\"https:\/\/files.sunoresearch.com.br\/n\/uploads\/2021\/05\/cc4d9a51-bricks-2181920_1920-jpg.webp\",\"datePublished\":\"2021-05-31T16:30:14+00:00\",\"dateModified\":\"2021-08-03T17:55:32+00:00\",\"description\":\"A Ser Educacional (SEER3) anunciou a compra da Fael, com atua\u00e7\u00e3o em todo o territ\u00f3rio nacional, por R$ 280 milh\u00f5es. Clique aqui e saiba mais\",\"breadcrumb\":{\"@id\":\"https:\/\/www.suno.com.br\/noticias\/ser-educacional-compra-fael-por-280-milhoes\/#breadcrumb\"},\"inLanguage\":\"pt-BR\",\"potentialAction\":[{\"@type\":\"ReadAction\",\"target\":[\"https:\/\/www.suno.com.br\/noticias\/ser-educacional-compra-fael-por-280-milhoes\/\"]}]},{\"@type\":\"ImageObject\",\"inLanguage\":\"pt-BR\",\"@id\":\"https:\/\/www.suno.com.br\/noticias\/ser-educacional-compra-fael-por-280-milhoes\/#primaryimage\",\"url\":\"https:\/\/files.sunoresearch.com.br\/n\/uploads\/2021\/05\/cc4d9a51-bricks-2181920_1920-jpg.webp\",\"contentUrl\":\"https:\/\/files.sunoresearch.com.br\/n\/uploads\/2021\/05\/cc4d9a51-bricks-2181920_1920-jpg.webp\",\"width\":1920,\"height\":1280,\"caption\":\"Ser Educacional. Foto: Pixabay\"},{\"@type\":\"BreadcrumbList\",\"@id\":\"https:\/\/www.suno.com.br\/noticias\/ser-educacional-compra-fael-por-280-milhoes\/#breadcrumb\",\"itemListElement\":[{\"@type\":\"ListItem\",\"position\":1,\"name\":\"Not\u00edcias\",\"item\":\"https:\/\/www.suno.com.br\/noticias\/\"},{\"@type\":\"ListItem\",\"position\":2,\"name\":\"Neg\u00f3cios\",\"item\":\"https:\/\/www.suno.com.br\/noticias\/negocios\/\"},{\"@type\":\"ListItem\",\"position\":3,\"name\":\"Ser Educacional (SEER3) compra a Fael por R$ 280 milh\u00f5es\"}]},{\"@type\":\"WebSite\",\"@id\":\"https:\/\/www.suno.com.br\/noticias\/#website\",\"url\":\"https:\/\/www.suno.com.br\/noticias\/\",\"name\":\"Suno Not\u00edcias\",\"description\":\"Seu portal de informa\u00e7\u00e3o sobre o mundo dos investimentos\",\"publisher\":{\"@id\":\"https:\/\/www.suno.com.br\/noticias\/#organization\"},\"potentialAction\":[{\"@type\":\"SearchAction\",\"target\":{\"@type\":\"EntryPoint\",\"urlTemplate\":\"https:\/\/www.suno.com.br\/noticias\/?s={search_term_string}\"},\"query-input\":{\"@type\":\"PropertyValueSpecification\",\"valueRequired\":true,\"valueName\":\"search_term_string\"}}],\"inLanguage\":\"pt-BR\"},{\"@type\":\"Organization\",\"@id\":\"https:\/\/www.suno.com.br\/noticias\/#organization\",\"name\":\"Suno Not\u00edcias\",\"url\":\"https:\/\/www.suno.com.br\/noticias\/\",\"logo\":{\"@type\":\"ImageObject\",\"inLanguage\":\"pt-BR\",\"@id\":\"https:\/\/www.suno.com.br\/noticias\/#\/schema\/logo\/image\/\",\"url\":\"https:\/\/files.sunoresearch.com.br\/n\/uploads\/2021\/09\/suno-logo.png\",\"contentUrl\":\"https:\/\/files.sunoresearch.com.br\/n\/uploads\/2021\/09\/suno-logo.png\",\"width\":180,\"height\":180,\"caption\":\"Suno Not\u00edcias\"},\"image\":{\"@id\":\"https:\/\/www.suno.com.br\/noticias\/#\/schema\/logo\/image\/\"},\"sameAs\":[\"https:\/\/facebook.com\/sunoresearch\",\"https:\/\/x.com\/sunoresearch\",\"https:\/\/www.instagram.com\/suno\",\"https:\/\/www.linkedin.com\/company\/suno-research\/\",\"https:\/\/www.youtube.com\/c\/sunoresearch\"]},{\"@type\":\"Person\",\"@id\":\"https:\/\/www.suno.com.br\/noticias\/#\/schema\/person\/02ec1f752758247878a2bf4abee1aeda\",\"name\":\"Poliana Santos\",\"image\":{\"@type\":\"ImageObject\",\"inLanguage\":\"pt-BR\",\"@id\":\"https:\/\/www.suno.com.br\/noticias\/#\/schema\/person\/image\/\",\"url\":\"https:\/\/secure.gravatar.com\/avatar\/0645bd32f23d87b2130f2b2dff1d3f8d?s=96&r=g\",\"contentUrl\":\"https:\/\/secure.gravatar.com\/avatar\/0645bd32f23d87b2130f2b2dff1d3f8d?s=96&r=g\",\"caption\":\"Poliana Santos\"},\"description\":\"Rep\u00f3rter no Suno Not\u00edcias, com cobertura em mercado financeiro, economia, finan\u00e7as pessoais, renda fixa e varejo. Jornalista formada pela Faculdade C\u00e1sper L\u00edbero e possui passagem na R\u00e1dio Gazeta AM com a produ\u00e7\u00e3o de conte\u00fado sobre economia, pol\u00edtica, sa\u00fade, moda e m\u00fasica. Possui certificado de conclus\u00e3o do curso de An\u00e1lise de Balan\u00e7os pela Funda\u00e7\u00e3o Bradesco, Agenda Brasil pela FAAP, Educa\u00e7\u00e3o Pol\u00edtica por Alexandre Garcia e do Tesouro Direto e Mercado de A\u00e7\u00f5es pela B3.\",\"url\":\"https:\/\/www.suno.com.br\/noticias\/author\/poliana-santos\/\"}]}<\/script>\n<!-- \/ Yoast SEO plugin. -->","yoast_head_json":{"title":"Ser Educacional (SEER3) compra a Fael por R$ 280 milh\u00f5es","description":"A Ser Educacional (SEER3) anunciou a compra da Fael, com atua\u00e7\u00e3o em todo o territ\u00f3rio nacional, por R$ 280 milh\u00f5es. Clique aqui e saiba mais","robots":{"index":"index","follow":"follow","max-snippet":"max-snippet:-1","max-image-preview":"max-image-preview:large","max-video-preview":"max-video-preview:-1"},"canonical":"https:\/\/www.suno.com.br\/noticias\/ser-educacional-compra-fael-por-280-milhoes\/","og_locale":"pt_BR","og_type":"article","og_title":"Ser Educacional (SEER3) compra a Fael por R$ 280 milh\u00f5es","og_description":"A Ser Educacional (SEER3) anunciou a compra da Fael, com atua\u00e7\u00e3o em todo o territ\u00f3rio nacional, por R$ 280 milh\u00f5es. Clique aqui e saiba mais","og_url":"https:\/\/www.suno.com.br\/noticias\/ser-educacional-compra-fael-por-280-milhoes\/","og_site_name":"Suno Not\u00edcias","article_publisher":"https:\/\/facebook.com\/sunoresearch","og_image":[{"width":1920,"height":1280,"url":"https:\/\/files.sunoresearch.com.br\/n\/uploads\/2021\/05\/cc4d9a51-bricks-2181920_1920.jpg","type":"image\/jpeg"}],"author":"Poliana Santos","twitter_card":"summary_large_image","twitter_creator":"@sunoresearch","twitter_site":"@sunoresearch","twitter_misc":{"Escrito por":"Poliana Santos","Est. tempo de leitura":"3 minutos"},"schema":{"@context":"https:\/\/schema.org","@graph":[{"@type":"NewsArticle","@id":"https:\/\/www.suno.com.br\/noticias\/ser-educacional-compra-fael-por-280-milhoes\/#article","isPartOf":{"@id":"https:\/\/www.suno.com.br\/noticias\/ser-educacional-compra-fael-por-280-milhoes\/"},"author":{"name":"Poliana Santos","@id":"https:\/\/www.suno.com.br\/noticias\/#\/schema\/person\/02ec1f752758247878a2bf4abee1aeda"},"headline":"Ser Educacional (SEER3) compra a Fael por R$ 280 milh\u00f5es","datePublished":"2021-05-31T16:30:14+00:00","dateModified":"2021-08-03T17:55:32+00:00","mainEntityOfPage":{"@id":"https:\/\/www.suno.com.br\/noticias\/ser-educacional-compra-fael-por-280-milhoes\/"},"wordCount":660,"publisher":{"@id":"https:\/\/www.suno.com.br\/noticias\/#organization"},"image":{"@id":"https:\/\/www.suno.com.br\/noticias\/ser-educacional-compra-fael-por-280-milhoes\/#primaryimage"},"thumbnailUrl":"https:\/\/files.sunoresearch.com.br\/n\/uploads\/2021\/05\/cc4d9a51-bricks-2181920_1920-jpg.webp","keywords":["CADE","Ser Educacional (SEER3)","setor educacional"],"articleSection":["Neg\u00f3cios"],"inLanguage":"pt-BR"},{"@type":"WebPage","@id":"https:\/\/www.suno.com.br\/noticias\/ser-educacional-compra-fael-por-280-milhoes\/","url":"https:\/\/www.suno.com.br\/noticias\/ser-educacional-compra-fael-por-280-milhoes\/","name":"Ser Educacional (SEER3) compra a Fael por R$ 280 milh\u00f5es","isPartOf":{"@id":"https:\/\/www.suno.com.br\/noticias\/#website"},"primaryImageOfPage":{"@id":"https:\/\/www.suno.com.br\/noticias\/ser-educacional-compra-fael-por-280-milhoes\/#primaryimage"},"image":{"@id":"https:\/\/www.suno.com.br\/noticias\/ser-educacional-compra-fael-por-280-milhoes\/#primaryimage"},"thumbnailUrl":"https:\/\/files.sunoresearch.com.br\/n\/uploads\/2021\/05\/cc4d9a51-bricks-2181920_1920-jpg.webp","datePublished":"2021-05-31T16:30:14+00:00","dateModified":"2021-08-03T17:55:32+00:00","description":"A Ser Educacional (SEER3) anunciou a compra da Fael, com atua\u00e7\u00e3o em todo o territ\u00f3rio nacional, por R$ 280 milh\u00f5es. Clique aqui e saiba mais","breadcrumb":{"@id":"https:\/\/www.suno.com.br\/noticias\/ser-educacional-compra-fael-por-280-milhoes\/#breadcrumb"},"inLanguage":"pt-BR","potentialAction":[{"@type":"ReadAction","target":["https:\/\/www.suno.com.br\/noticias\/ser-educacional-compra-fael-por-280-milhoes\/"]}]},{"@type":"ImageObject","inLanguage":"pt-BR","@id":"https:\/\/www.suno.com.br\/noticias\/ser-educacional-compra-fael-por-280-milhoes\/#primaryimage","url":"https:\/\/files.sunoresearch.com.br\/n\/uploads\/2021\/05\/cc4d9a51-bricks-2181920_1920-jpg.webp","contentUrl":"https:\/\/files.sunoresearch.com.br\/n\/uploads\/2021\/05\/cc4d9a51-bricks-2181920_1920-jpg.webp","width":1920,"height":1280,"caption":"Ser Educacional. Foto: Pixabay"},{"@type":"BreadcrumbList","@id":"https:\/\/www.suno.com.br\/noticias\/ser-educacional-compra-fael-por-280-milhoes\/#breadcrumb","itemListElement":[{"@type":"ListItem","position":1,"name":"Not\u00edcias","item":"https:\/\/www.suno.com.br\/noticias\/"},{"@type":"ListItem","position":2,"name":"Neg\u00f3cios","item":"https:\/\/www.suno.com.br\/noticias\/negocios\/"},{"@type":"ListItem","position":3,"name":"Ser Educacional (SEER3) compra a Fael por R$ 280 milh\u00f5es"}]},{"@type":"WebSite","@id":"https:\/\/www.suno.com.br\/noticias\/#website","url":"https:\/\/www.suno.com.br\/noticias\/","name":"Suno Not\u00edcias","description":"Seu portal de informa\u00e7\u00e3o sobre o mundo dos investimentos","publisher":{"@id":"https:\/\/www.suno.com.br\/noticias\/#organization"},"potentialAction":[{"@type":"SearchAction","target":{"@type":"EntryPoint","urlTemplate":"https:\/\/www.suno.com.br\/noticias\/?s={search_term_string}"},"query-input":{"@type":"PropertyValueSpecification","valueRequired":true,"valueName":"search_term_string"}}],"inLanguage":"pt-BR"},{"@type":"Organization","@id":"https:\/\/www.suno.com.br\/noticias\/#organization","name":"Suno Not\u00edcias","url":"https:\/\/www.suno.com.br\/noticias\/","logo":{"@type":"ImageObject","inLanguage":"pt-BR","@id":"https:\/\/www.suno.com.br\/noticias\/#\/schema\/logo\/image\/","url":"https:\/\/files.sunoresearch.com.br\/n\/uploads\/2021\/09\/suno-logo.png","contentUrl":"https:\/\/files.sunoresearch.com.br\/n\/uploads\/2021\/09\/suno-logo.png","width":180,"height":180,"caption":"Suno Not\u00edcias"},"image":{"@id":"https:\/\/www.suno.com.br\/noticias\/#\/schema\/logo\/image\/"},"sameAs":["https:\/\/facebook.com\/sunoresearch","https:\/\/x.com\/sunoresearch","https:\/\/www.instagram.com\/suno","https:\/\/www.linkedin.com\/company\/suno-research\/","https:\/\/www.youtube.com\/c\/sunoresearch"]},{"@type":"Person","@id":"https:\/\/www.suno.com.br\/noticias\/#\/schema\/person\/02ec1f752758247878a2bf4abee1aeda","name":"Poliana Santos","image":{"@type":"ImageObject","inLanguage":"pt-BR","@id":"https:\/\/www.suno.com.br\/noticias\/#\/schema\/person\/image\/","url":"https:\/\/secure.gravatar.com\/avatar\/0645bd32f23d87b2130f2b2dff1d3f8d?s=96&r=g","contentUrl":"https:\/\/secure.gravatar.com\/avatar\/0645bd32f23d87b2130f2b2dff1d3f8d?s=96&r=g","caption":"Poliana Santos"},"description":"Rep\u00f3rter no Suno Not\u00edcias, com cobertura em mercado financeiro, economia, finan\u00e7as pessoais, renda fixa e varejo. Jornalista formada pela Faculdade C\u00e1sper L\u00edbero e possui passagem na R\u00e1dio Gazeta AM com a produ\u00e7\u00e3o de conte\u00fado sobre economia, pol\u00edtica, sa\u00fade, moda e m\u00fasica. Possui certificado de conclus\u00e3o do curso de An\u00e1lise de Balan\u00e7os pela Funda\u00e7\u00e3o Bradesco, Agenda Brasil pela FAAP, Educa\u00e7\u00e3o Pol\u00edtica por Alexandre Garcia e do Tesouro Direto e Mercado de A\u00e7\u00f5es pela B3.","url":"https:\/\/www.suno.com.br\/noticias\/author\/poliana-santos\/"}]}},"default_loop_html":"<div class=\"cardsPage__listCard__boxs\"><div class=\"cardsPage__listCard__boxs__img\"><a href=\"https:\/\/www.suno.com.br\/noticias\/ser-educacional-compra-fael-por-280-milhoes\/\"><img class=\"mask\" src=\"https:\/\/www.suno.com.br\/noticias\/wp-content\/themes\/suno\/resources\/images\/spotlight\/spotlight1img\/bg-mask.png\" alt=\"Image Mask\"\/><img src=\"https:\/\/files.sunoresearch.com.br\/n\/uploads\/2021\/05\/cc4d9a51-bricks-2181920_1920-400x200.webp\" alt=\"Ser Educacional (SEER3) compra a Fael por R$ 280 milh\u00f5es\"\/><\/a><span class=\"spotlightCategory\"><a href=\"https:\/\/www.suno.com.br\/noticias\/negocios\/\">Neg\u00f3cios<\/a><\/span><\/div><div class=\"cardsPage__listCard__boxs__content\"><a href=\"https:\/\/www.suno.com.br\/noticias\/ser-educacional-compra-fael-por-280-milhoes\/\"><h2 class=\"content__title\">Ser Educacional (SEER3) compra a Fael por R$ 280 milh\u00f5es<\/h2><\/a><div class=\"newsContent__article__meta\"><div class=\"newsContent__article__meta__authorBox\"><a href=\"https:\/\/www.suno.com.br\/noticias\/author\/poliana-santos\/\" class=\"authorBox__avatar noMobi\"><img src=\"https:\/\/files.sunoresearch.com.br\/n\/uploads\/2020\/08\/7ef34026-whatsapp-image-2020-08-03-at-12.37.57-150x150.webp\" alt=\"Poliana Santos\"><\/a><div class=\"authorBox__name\"><span>por\n\t\t\t<a href=\"https:\/\/www.suno.com.br\/noticias\/author\/poliana-santos\/\"><span itemprop=\"author\">Poliana Santos<\/span><\/a><\/span><time datetime=\"2021-05-31T13:30:14-03:00\" itemprop=\"datePublished\">31\/05\/2021 13:30<\/time><\/div><\/div><\/div><\/div><\/div>","single_layout":"posts","amp_enabled":true,"_links":{"self":[{"href":"https:\/\/www.suno.com.br\/noticias\/wp-json\/wp\/v2\/posts\/152843"}],"collection":[{"href":"https:\/\/www.suno.com.br\/noticias\/wp-json\/wp\/v2\/posts"}],"about":[{"href":"https:\/\/www.suno.com.br\/noticias\/wp-json\/wp\/v2\/types\/post"}],"author":[{"embeddable":true,"href":"https:\/\/www.suno.com.br\/noticias\/wp-json\/wp\/v2\/users\/15"}],"replies":[{"embeddable":true,"href":"https:\/\/www.suno.com.br\/noticias\/wp-json\/wp\/v2\/comments?post=152843"}],"version-history":[{"count":4,"href":"https:\/\/www.suno.com.br\/noticias\/wp-json\/wp\/v2\/posts\/152843\/revisions"}],"predecessor-version":[{"id":171857,"href":"https:\/\/www.suno.com.br\/noticias\/wp-json\/wp\/v2\/posts\/152843\/revisions\/171857"}],"wp:featuredmedia":[{"embeddable":true,"href":"https:\/\/www.suno.com.br\/noticias\/wp-json\/wp\/v2\/media\/152891"}],"wp:attachment":[{"href":"https:\/\/www.suno.com.br\/noticias\/wp-json\/wp\/v2\/media?parent=152843"}],"wp:term":[{"taxonomy":"category","embeddable":true,"href":"https:\/\/www.suno.com.br\/noticias\/wp-json\/wp\/v2\/categories?post=152843"},{"taxonomy":"post_tag","embeddable":true,"href":"https:\/\/www.suno.com.br\/noticias\/wp-json\/wp\/v2\/tags?post=152843"},{"taxonomy":"suno_strategy","embeddable":true,"href":"https:\/\/www.suno.com.br\/noticias\/wp-json\/wp\/v2\/suno_strategy?post=152843"}],"curies":[{"name":"wp","href":"https:\/\/api.w.org\/{rel}","templated":true}]}}