{"id":15273,"date":"2019-02-14T10:17:19","date_gmt":"2019-02-14T12:17:19","guid":{"rendered":"https:\/\/www.suno.com.br\/noticias\/?p=15273"},"modified":"2019-02-14T10:17:19","modified_gmt":"2019-02-14T12:17:19","slug":"nestle-comercializar-cafe-starbucks","status":"publish","type":"post","link":"https:\/\/www.suno.com.br\/noticias\/nestle-comercializar-cafe-starbucks\/","title":{"rendered":"Nestl\u00e9 vai comercializar caf\u00e9 da Starbucks em acordo de US$ 7,2 bi"},"content":{"rendered":"<p>A Nestl\u00e9 vender\u00e1 o caf\u00e9 da Starbucks, na Europa, \u00c1sia e Am\u00e9rica Latina a partir deste m\u00eas, em um acordo de US$ 7,2 bilh\u00f5es, firmado no \u00faltimo ano.<\/p>\t<div class=\"wrapper-featured-image\">\n\t\t<figure class=\"spotlightImg\">\n\n\t\t\t<picture>\n\t\t\t\t<source media=\"(max-width: 768px)\" srcset=\"https:\/\/files.sunoresearch.com.br\/n\/uploads\/2019\/02\/1b75a9e5-nestl\u00e9-400x200.webp\">\n\t\t\t\t<img loading=\"lazy\" decoding=\"async\" class=\"newsContent__article__imgCapa lazyloadDisabled newsContent__article__imgCapa--noCaption\" src=\"https:\/\/files.sunoresearch.com.br\/n\/uploads\/2019\/02\/1b75a9e5-nestl\u00e9-800x450.webp\" width=\"800\" height=\"450\" alt=\"Nestl\u00e9 vai comercializar caf\u00e9 da Starbucks em acordo de US$ 7,2 bi\" fetchpriority=high \/>\n\t\t\t<\/picture>\n\n\t\t\t<figcaption class=\"wp-caption-text wp-caption-text--hide\">Nestl\u00e9 vai comercializar caf\u00e9 da Starbucks em acordo de US$ 7,2 bi<\/figcaption>\n\t\t<\/figure>\n\t<\/div>\n\n\n<p>Dessa forma, a <strong>Nestl\u00e9<\/strong> busca aumentar sua lideran\u00e7a global na venda de <strong>caf\u00e9<\/strong>.<\/p>\n<p>No entanto, os produtos da <strong>Starbucks<\/strong> s\u00e3o vendidos tanto no varejo quanto pela internet. Al\u00e9m disso, o comercializado em diversos formatos, como exemplo, caf\u00e9 torrado e mo\u00eddo e em c\u00e1psulas que podem ser usadas nas m\u00e1quinas: <strong>Nespresso<\/strong> e <strong>Dolce Gusto<\/strong>.<\/p>\n<p>Os pa\u00edses que receber\u00e3o primeiro a novidade, s\u00e3o:<\/p>\n<ul>\n<li>Brasil;<\/li>\n<li>Gr\u00e3-Bretanha;<\/li>\n<li>Espanha;<\/li>\n<li>M\u00e9xico;<\/li>\n<li>B\u00e9lgica;<\/li>\n<li>Coreia do Sul;<\/li>\n<li>Holanda;<\/li>\n<\/ul>\n<p><a href=\"https:\/\/www.suno.com.br\/noticias\/ex-ceo-starbucks-concorrer-presidencia\/\">Saiba mais: Ex-CEO do Starbucks diz que vai concorrer \u00e0 presid\u00eancia e \u00e9 criticado<\/a><\/p>\n<h2>Acordo realizado em 2018<\/h2>\n<p>Em 2018, a <strong>Nestl\u00e9<\/strong>\u00a0fechou um acordo de licenciamento com a <strong>Starbucks<\/strong> com o objetivo de comercializar bebidas (como ch\u00e1s e caf\u00e9s embalados) da norte-americana em todo o territ\u00f3rio global.<\/p>\n<p>No entanto, o acordo girou em torno de\u00a0US$ 7,2 bilh\u00f5es e d\u00e1 direito a Nestl\u00e9 de vender produtos da Starbucks fora das cafeterias da empresa.<\/p>\n<p>Al\u00e9m disso, o acordo far\u00e1 com que 500 funcion\u00e1rios da companhia americana migre para a <strong>sede da Nestl\u00e9<\/strong> na Europa, principalmente para Londres.<\/p>\n<p>Dessa forma, o caf\u00e9 da Nestl\u00e9 ganha ainda mais for\u00e7a no setor, principalmente por unir seu alcance mundial e a marca Starbucks.<\/p>\n<p>Al\u00e9m de ser comercializado nas 28 mil unidades da empresa, os caf\u00e9s da Starbucks eram vendidos da seguinte forma:<\/p>\n<ul>\n<li>Embalagens prontas para <strong>consumo;<\/strong><\/li>\n<li>M\u00e1quinas distribuidoras;<\/li>\n<li>Companhias a\u00e9reas (que possu\u00edam acordo com a marca).<\/li>\n<\/ul>\n<p>No entanto, a partir de agora, ser\u00e1 poss\u00edvel comprar os produtos de outras formas, como:<\/p>\n<ul>\n<li><strong>Caf\u00e9 em gr\u00e3o;<\/strong><\/li>\n<li><strong>Caf\u00e9 mo\u00eddo;<\/strong><\/li>\n<li><strong>C\u00e1psulas.<\/strong><\/li>\n<\/ul>\n<p>Os <strong>produtos<\/strong> embalados para o lar e os servi\u00e7os de restaura\u00e7\u00e3o representam 10% do faturamento da <strong>Starbucks<\/strong>, que chegou a US$ 22,4 bilh\u00f5es em 2017.<\/p>\n","protected":false},"excerpt":{"rendered":"<p>A Nestl\u00e9 vender\u00e1 o caf\u00e9 da Starbucks, na Europa, \u00c1sia e Am\u00e9rica Latina a partir deste m\u00eas, em um acordo de US$ 7,2 bilh\u00f5es, firmado no \u00faltimo ano. Nestl\u00e9 vai comercializar caf\u00e9 da Starbucks em acordo de US$ 7,2 bi Dessa forma, a Nestl\u00e9 busca aumentar sua lideran\u00e7a global na venda de caf\u00e9. No entanto, [&hellip;]<\/p>\n","protected":false},"author":11,"featured_media":15285,"comment_status":"closed","ping_status":"closed","sticky":false,"template":"","format":"standard","meta":[],"categories":[63],"tags":[1059,1159],"suno_strategy":[],"class_list":["post-15273","post","type-post","status-publish","format-standard","has-post-thumbnail","hentry","category-internacional","tag-cafe","tag-nestle"],"yoast_head":"<!-- This site is optimized with the Yoast SEO plugin v24.4 - https:\/\/yoast.com\/wordpress\/plugins\/seo\/ -->\n<title>Nestl\u00e9 vai comercializar caf\u00e9 da Starbucks em acordo de US$ 7,2 bi<\/title>\n<meta name=\"description\" content=\"Acordo entre Nestl\u00e9 e Starbucks foi realizado em 2018; Empresa sui\u00e7a aumentar a vantagem no setor de caf\u00e9. Clique para saber mais.\" \/>\n<meta name=\"robots\" content=\"index, follow, max-snippet:-1, max-image-preview:large, max-video-preview:-1\" \/>\n<link rel=\"canonical\" href=\"https:\/\/www.suno.com.br\/noticias\/nestle-comercializar-cafe-starbucks\/\" \/>\n<meta property=\"og:locale\" content=\"pt_BR\" \/>\n<meta property=\"og:type\" content=\"article\" \/>\n<meta property=\"og:title\" content=\"Nestl\u00e9 vai comercializar caf\u00e9 da Starbucks em acordo de US$ 7,2 bi\" \/>\n<meta property=\"og:description\" content=\"Acordo entre Nestl\u00e9 e Starbucks foi realizado em 2018; Empresa sui\u00e7a aumentar a vantagem no setor de caf\u00e9. Clique para saber mais.\" \/>\n<meta property=\"og:url\" content=\"https:\/\/www.suno.com.br\/noticias\/nestle-comercializar-cafe-starbucks\/\" \/>\n<meta property=\"og:site_name\" content=\"Suno Not\u00edcias\" \/>\n<meta property=\"article:publisher\" content=\"https:\/\/facebook.com\/sunoresearch\" \/>\n<meta property=\"og:image\" content=\"https:\/\/files.sunoresearch.com.br\/n\/uploads\/2019\/02\/1b75a9e5-nestl\u00e9.jpg\" \/>\n\t<meta property=\"og:image:width\" content=\"800\" \/>\n\t<meta property=\"og:image:height\" content=\"600\" \/>\n\t<meta property=\"og:image:type\" content=\"image\/jpeg\" \/>\n<meta name=\"author\" content=\"Renan Bandeira\" \/>\n<meta name=\"twitter:card\" content=\"summary_large_image\" \/>\n<meta name=\"twitter:creator\" content=\"@sunoresearch\" \/>\n<meta name=\"twitter:site\" content=\"@sunoresearch\" \/>\n<meta name=\"twitter:label1\" content=\"Escrito por\" \/>\n\t<meta name=\"twitter:data1\" content=\"Renan Bandeira\" \/>\n\t<meta name=\"twitter:label2\" content=\"Est. tempo de leitura\" \/>\n\t<meta name=\"twitter:data2\" content=\"2 minutos\" \/>\n<script type=\"application\/ld+json\" class=\"yoast-schema-graph\">{\"@context\":\"https:\/\/schema.org\",\"@graph\":[{\"@type\":\"NewsArticle\",\"@id\":\"https:\/\/www.suno.com.br\/noticias\/nestle-comercializar-cafe-starbucks\/#article\",\"isPartOf\":{\"@id\":\"https:\/\/www.suno.com.br\/noticias\/nestle-comercializar-cafe-starbucks\/\"},\"author\":{\"name\":\"Renan Bandeira\",\"@id\":\"https:\/\/www.suno.com.br\/noticias\/#\/schema\/person\/fc144a1c6108bd1dcd43784e88a3c138\"},\"headline\":\"Nestl\u00e9 vai comercializar caf\u00e9 da Starbucks em acordo de US$ 7,2 bi\",\"datePublished\":\"2019-02-14T12:17:19+00:00\",\"mainEntityOfPage\":{\"@id\":\"https:\/\/www.suno.com.br\/noticias\/nestle-comercializar-cafe-starbucks\/\"},\"wordCount\":331,\"publisher\":{\"@id\":\"https:\/\/www.suno.com.br\/noticias\/#organization\"},\"image\":{\"@id\":\"https:\/\/www.suno.com.br\/noticias\/nestle-comercializar-cafe-starbucks\/#primaryimage\"},\"thumbnailUrl\":\"https:\/\/files.sunoresearch.com.br\/n\/uploads\/2019\/02\/1b75a9e5-nestl\u00e9-jpg.webp\",\"keywords\":[\"caf\u00e9\",\"Nestl\u00e9\"],\"articleSection\":[\"Internacional\"],\"inLanguage\":\"pt-BR\"},{\"@type\":\"WebPage\",\"@id\":\"https:\/\/www.suno.com.br\/noticias\/nestle-comercializar-cafe-starbucks\/\",\"url\":\"https:\/\/www.suno.com.br\/noticias\/nestle-comercializar-cafe-starbucks\/\",\"name\":\"Nestl\u00e9 vai comercializar caf\u00e9 da Starbucks em acordo de US$ 7,2 bi\",\"isPartOf\":{\"@id\":\"https:\/\/www.suno.com.br\/noticias\/#website\"},\"primaryImageOfPage\":{\"@id\":\"https:\/\/www.suno.com.br\/noticias\/nestle-comercializar-cafe-starbucks\/#primaryimage\"},\"image\":{\"@id\":\"https:\/\/www.suno.com.br\/noticias\/nestle-comercializar-cafe-starbucks\/#primaryimage\"},\"thumbnailUrl\":\"https:\/\/files.sunoresearch.com.br\/n\/uploads\/2019\/02\/1b75a9e5-nestl\u00e9-jpg.webp\",\"datePublished\":\"2019-02-14T12:17:19+00:00\",\"description\":\"Acordo entre Nestl\u00e9 e Starbucks foi realizado em 2018; Empresa sui\u00e7a aumentar a vantagem no setor de caf\u00e9. Clique para saber mais.\",\"breadcrumb\":{\"@id\":\"https:\/\/www.suno.com.br\/noticias\/nestle-comercializar-cafe-starbucks\/#breadcrumb\"},\"inLanguage\":\"pt-BR\",\"potentialAction\":[{\"@type\":\"ReadAction\",\"target\":[\"https:\/\/www.suno.com.br\/noticias\/nestle-comercializar-cafe-starbucks\/\"]}]},{\"@type\":\"ImageObject\",\"inLanguage\":\"pt-BR\",\"@id\":\"https:\/\/www.suno.com.br\/noticias\/nestle-comercializar-cafe-starbucks\/#primaryimage\",\"url\":\"https:\/\/files.sunoresearch.com.br\/n\/uploads\/2019\/02\/1b75a9e5-nestl\u00e9-jpg.webp\",\"contentUrl\":\"https:\/\/files.sunoresearch.com.br\/n\/uploads\/2019\/02\/1b75a9e5-nestl\u00e9-jpg.webp\",\"width\":800,\"height\":600,\"caption\":\"Nestl\u00e9 vai comercializar caf\u00e9 da Starbucks em acordo de US$ 7,2 bi\"},{\"@type\":\"BreadcrumbList\",\"@id\":\"https:\/\/www.suno.com.br\/noticias\/nestle-comercializar-cafe-starbucks\/#breadcrumb\",\"itemListElement\":[{\"@type\":\"ListItem\",\"position\":1,\"name\":\"Not\u00edcias\",\"item\":\"https:\/\/www.suno.com.br\/noticias\/\"},{\"@type\":\"ListItem\",\"position\":2,\"name\":\"Internacional\",\"item\":\"https:\/\/www.suno.com.br\/noticias\/internacional\/\"},{\"@type\":\"ListItem\",\"position\":3,\"name\":\"Nestl\u00e9 vai comercializar caf\u00e9 da Starbucks em acordo de US$ 7,2 bi\"}]},{\"@type\":\"WebSite\",\"@id\":\"https:\/\/www.suno.com.br\/noticias\/#website\",\"url\":\"https:\/\/www.suno.com.br\/noticias\/\",\"name\":\"Suno Not\u00edcias\",\"description\":\"Seu portal de informa\u00e7\u00e3o sobre o mundo dos investimentos\",\"publisher\":{\"@id\":\"https:\/\/www.suno.com.br\/noticias\/#organization\"},\"potentialAction\":[{\"@type\":\"SearchAction\",\"target\":{\"@type\":\"EntryPoint\",\"urlTemplate\":\"https:\/\/www.suno.com.br\/noticias\/?s={search_term_string}\"},\"query-input\":{\"@type\":\"PropertyValueSpecification\",\"valueRequired\":true,\"valueName\":\"search_term_string\"}}],\"inLanguage\":\"pt-BR\"},{\"@type\":\"Organization\",\"@id\":\"https:\/\/www.suno.com.br\/noticias\/#organization\",\"name\":\"Suno Not\u00edcias\",\"url\":\"https:\/\/www.suno.com.br\/noticias\/\",\"logo\":{\"@type\":\"ImageObject\",\"inLanguage\":\"pt-BR\",\"@id\":\"https:\/\/www.suno.com.br\/noticias\/#\/schema\/logo\/image\/\",\"url\":\"https:\/\/files.sunoresearch.com.br\/n\/uploads\/2021\/09\/suno-logo.png\",\"contentUrl\":\"https:\/\/files.sunoresearch.com.br\/n\/uploads\/2021\/09\/suno-logo.png\",\"width\":180,\"height\":180,\"caption\":\"Suno Not\u00edcias\"},\"image\":{\"@id\":\"https:\/\/www.suno.com.br\/noticias\/#\/schema\/logo\/image\/\"},\"sameAs\":[\"https:\/\/facebook.com\/sunoresearch\",\"https:\/\/x.com\/sunoresearch\",\"https:\/\/www.instagram.com\/suno\",\"https:\/\/www.linkedin.com\/company\/suno-research\/\",\"https:\/\/www.youtube.com\/c\/sunoresearch\"]},{\"@type\":\"Person\",\"@id\":\"https:\/\/www.suno.com.br\/noticias\/#\/schema\/person\/fc144a1c6108bd1dcd43784e88a3c138\",\"name\":\"Renan Bandeira\",\"image\":{\"@type\":\"ImageObject\",\"inLanguage\":\"pt-BR\",\"@id\":\"https:\/\/www.suno.com.br\/noticias\/#\/schema\/person\/image\/\",\"url\":\"https:\/\/secure.gravatar.com\/avatar\/68359cdb608f14f11bbefcb78f3fc747?s=96&r=g\",\"contentUrl\":\"https:\/\/secure.gravatar.com\/avatar\/68359cdb608f14f11bbefcb78f3fc747?s=96&r=g\",\"caption\":\"Renan Bandeira\"},\"description\":\"Renan Bandeira escreve sobre pol\u00edtica e economia para o portal da Suno Research. Antes da Suno, trabalhou em uma rede de televis\u00e3o, onde fazia reportagens sobre os mesmos temas. Estuda na Universidade Metodista de S\u00e3o Paulo.\",\"url\":\"https:\/\/www.suno.com.br\/noticias\/author\/renan-bandeira\/\"}]}<\/script>\n<!-- \/ Yoast SEO plugin. -->","yoast_head_json":{"title":"Nestl\u00e9 vai comercializar caf\u00e9 da Starbucks em acordo de US$ 7,2 bi","description":"Acordo entre Nestl\u00e9 e Starbucks foi realizado em 2018; Empresa sui\u00e7a aumentar a vantagem no setor de caf\u00e9. Clique para saber mais.","robots":{"index":"index","follow":"follow","max-snippet":"max-snippet:-1","max-image-preview":"max-image-preview:large","max-video-preview":"max-video-preview:-1"},"canonical":"https:\/\/www.suno.com.br\/noticias\/nestle-comercializar-cafe-starbucks\/","og_locale":"pt_BR","og_type":"article","og_title":"Nestl\u00e9 vai comercializar caf\u00e9 da Starbucks em acordo de US$ 7,2 bi","og_description":"Acordo entre Nestl\u00e9 e Starbucks foi realizado em 2018; Empresa sui\u00e7a aumentar a vantagem no setor de caf\u00e9. Clique para saber mais.","og_url":"https:\/\/www.suno.com.br\/noticias\/nestle-comercializar-cafe-starbucks\/","og_site_name":"Suno Not\u00edcias","article_publisher":"https:\/\/facebook.com\/sunoresearch","og_image":[{"width":800,"height":600,"url":"https:\/\/files.sunoresearch.com.br\/n\/uploads\/2019\/02\/1b75a9e5-nestl\u00e9.jpg","type":"image\/jpeg"}],"author":"Renan Bandeira","twitter_card":"summary_large_image","twitter_creator":"@sunoresearch","twitter_site":"@sunoresearch","twitter_misc":{"Escrito por":"Renan Bandeira","Est. tempo de leitura":"2 minutos"},"schema":{"@context":"https:\/\/schema.org","@graph":[{"@type":"NewsArticle","@id":"https:\/\/www.suno.com.br\/noticias\/nestle-comercializar-cafe-starbucks\/#article","isPartOf":{"@id":"https:\/\/www.suno.com.br\/noticias\/nestle-comercializar-cafe-starbucks\/"},"author":{"name":"Renan Bandeira","@id":"https:\/\/www.suno.com.br\/noticias\/#\/schema\/person\/fc144a1c6108bd1dcd43784e88a3c138"},"headline":"Nestl\u00e9 vai comercializar caf\u00e9 da Starbucks em acordo de US$ 7,2 bi","datePublished":"2019-02-14T12:17:19+00:00","mainEntityOfPage":{"@id":"https:\/\/www.suno.com.br\/noticias\/nestle-comercializar-cafe-starbucks\/"},"wordCount":331,"publisher":{"@id":"https:\/\/www.suno.com.br\/noticias\/#organization"},"image":{"@id":"https:\/\/www.suno.com.br\/noticias\/nestle-comercializar-cafe-starbucks\/#primaryimage"},"thumbnailUrl":"https:\/\/files.sunoresearch.com.br\/n\/uploads\/2019\/02\/1b75a9e5-nestl\u00e9-jpg.webp","keywords":["caf\u00e9","Nestl\u00e9"],"articleSection":["Internacional"],"inLanguage":"pt-BR"},{"@type":"WebPage","@id":"https:\/\/www.suno.com.br\/noticias\/nestle-comercializar-cafe-starbucks\/","url":"https:\/\/www.suno.com.br\/noticias\/nestle-comercializar-cafe-starbucks\/","name":"Nestl\u00e9 vai comercializar caf\u00e9 da Starbucks em acordo de US$ 7,2 bi","isPartOf":{"@id":"https:\/\/www.suno.com.br\/noticias\/#website"},"primaryImageOfPage":{"@id":"https:\/\/www.suno.com.br\/noticias\/nestle-comercializar-cafe-starbucks\/#primaryimage"},"image":{"@id":"https:\/\/www.suno.com.br\/noticias\/nestle-comercializar-cafe-starbucks\/#primaryimage"},"thumbnailUrl":"https:\/\/files.sunoresearch.com.br\/n\/uploads\/2019\/02\/1b75a9e5-nestl\u00e9-jpg.webp","datePublished":"2019-02-14T12:17:19+00:00","description":"Acordo entre Nestl\u00e9 e Starbucks foi realizado em 2018; Empresa sui\u00e7a aumentar a vantagem no setor de caf\u00e9. Clique para saber mais.","breadcrumb":{"@id":"https:\/\/www.suno.com.br\/noticias\/nestle-comercializar-cafe-starbucks\/#breadcrumb"},"inLanguage":"pt-BR","potentialAction":[{"@type":"ReadAction","target":["https:\/\/www.suno.com.br\/noticias\/nestle-comercializar-cafe-starbucks\/"]}]},{"@type":"ImageObject","inLanguage":"pt-BR","@id":"https:\/\/www.suno.com.br\/noticias\/nestle-comercializar-cafe-starbucks\/#primaryimage","url":"https:\/\/files.sunoresearch.com.br\/n\/uploads\/2019\/02\/1b75a9e5-nestl\u00e9-jpg.webp","contentUrl":"https:\/\/files.sunoresearch.com.br\/n\/uploads\/2019\/02\/1b75a9e5-nestl\u00e9-jpg.webp","width":800,"height":600,"caption":"Nestl\u00e9 vai comercializar caf\u00e9 da Starbucks em acordo de US$ 7,2 bi"},{"@type":"BreadcrumbList","@id":"https:\/\/www.suno.com.br\/noticias\/nestle-comercializar-cafe-starbucks\/#breadcrumb","itemListElement":[{"@type":"ListItem","position":1,"name":"Not\u00edcias","item":"https:\/\/www.suno.com.br\/noticias\/"},{"@type":"ListItem","position":2,"name":"Internacional","item":"https:\/\/www.suno.com.br\/noticias\/internacional\/"},{"@type":"ListItem","position":3,"name":"Nestl\u00e9 vai comercializar caf\u00e9 da Starbucks em acordo de US$ 7,2 bi"}]},{"@type":"WebSite","@id":"https:\/\/www.suno.com.br\/noticias\/#website","url":"https:\/\/www.suno.com.br\/noticias\/","name":"Suno Not\u00edcias","description":"Seu portal de informa\u00e7\u00e3o sobre o mundo dos investimentos","publisher":{"@id":"https:\/\/www.suno.com.br\/noticias\/#organization"},"potentialAction":[{"@type":"SearchAction","target":{"@type":"EntryPoint","urlTemplate":"https:\/\/www.suno.com.br\/noticias\/?s={search_term_string}"},"query-input":{"@type":"PropertyValueSpecification","valueRequired":true,"valueName":"search_term_string"}}],"inLanguage":"pt-BR"},{"@type":"Organization","@id":"https:\/\/www.suno.com.br\/noticias\/#organization","name":"Suno Not\u00edcias","url":"https:\/\/www.suno.com.br\/noticias\/","logo":{"@type":"ImageObject","inLanguage":"pt-BR","@id":"https:\/\/www.suno.com.br\/noticias\/#\/schema\/logo\/image\/","url":"https:\/\/files.sunoresearch.com.br\/n\/uploads\/2021\/09\/suno-logo.png","contentUrl":"https:\/\/files.sunoresearch.com.br\/n\/uploads\/2021\/09\/suno-logo.png","width":180,"height":180,"caption":"Suno Not\u00edcias"},"image":{"@id":"https:\/\/www.suno.com.br\/noticias\/#\/schema\/logo\/image\/"},"sameAs":["https:\/\/facebook.com\/sunoresearch","https:\/\/x.com\/sunoresearch","https:\/\/www.instagram.com\/suno","https:\/\/www.linkedin.com\/company\/suno-research\/","https:\/\/www.youtube.com\/c\/sunoresearch"]},{"@type":"Person","@id":"https:\/\/www.suno.com.br\/noticias\/#\/schema\/person\/fc144a1c6108bd1dcd43784e88a3c138","name":"Renan Bandeira","image":{"@type":"ImageObject","inLanguage":"pt-BR","@id":"https:\/\/www.suno.com.br\/noticias\/#\/schema\/person\/image\/","url":"https:\/\/secure.gravatar.com\/avatar\/68359cdb608f14f11bbefcb78f3fc747?s=96&r=g","contentUrl":"https:\/\/secure.gravatar.com\/avatar\/68359cdb608f14f11bbefcb78f3fc747?s=96&r=g","caption":"Renan Bandeira"},"description":"Renan Bandeira escreve sobre pol\u00edtica e economia para o portal da Suno Research. Antes da Suno, trabalhou em uma rede de televis\u00e3o, onde fazia reportagens sobre os mesmos temas. Estuda na Universidade Metodista de S\u00e3o Paulo.","url":"https:\/\/www.suno.com.br\/noticias\/author\/renan-bandeira\/"}]}},"default_loop_html":"<div class=\"cardsPage__listCard__boxs\"><div class=\"cardsPage__listCard__boxs__img\"><a href=\"https:\/\/www.suno.com.br\/noticias\/nestle-comercializar-cafe-starbucks\/\"><img class=\"mask\" src=\"https:\/\/www.suno.com.br\/noticias\/wp-content\/themes\/suno\/resources\/images\/spotlight\/spotlight1img\/bg-mask.png\" alt=\"Image Mask\"\/><img src=\"https:\/\/files.sunoresearch.com.br\/n\/uploads\/2019\/02\/1b75a9e5-nestl\u00e9-400x200.webp\" alt=\"Nestl\u00e9 vai comercializar caf\u00e9 da Starbucks em acordo de US$ 7,2 bi\"\/><\/a><span class=\"spotlightCategory\"><a href=\"https:\/\/www.suno.com.br\/noticias\/internacional\/\">Internacional<\/a><\/span><\/div><div class=\"cardsPage__listCard__boxs__content\"><a href=\"https:\/\/www.suno.com.br\/noticias\/nestle-comercializar-cafe-starbucks\/\"><h2 class=\"content__title\">Nestl\u00e9 vai comercializar caf\u00e9 da Starbucks em acordo de US$ 7,2 bi<\/h2><\/a><div class=\"newsContent__article__meta\"><div class=\"newsContent__article__meta__authorBox\"><a href=\"https:\/\/www.suno.com.br\/noticias\/author\/renan-bandeira\/\" class=\"authorBox__avatar noMobi\"><img src=\"https:\/\/secure.gravatar.com\/avatar\/68359cdb608f14f11bbefcb78f3fc747?s=96&#038;r=g\" alt=\"Renan Bandeira\"><\/a><div class=\"authorBox__name\"><span>por\n\t\t\t<a href=\"https:\/\/www.suno.com.br\/noticias\/author\/renan-bandeira\/\"><span itemprop=\"author\">Renan Bandeira<\/span><\/a><\/span><time datetime=\"2019-02-14T10:17:19-02:00\" itemprop=\"datePublished\">14\/02\/2019 10:17<\/time><\/div><\/div><\/div><\/div><\/div>","single_layout":"posts","amp_enabled":true,"_links":{"self":[{"href":"https:\/\/www.suno.com.br\/noticias\/wp-json\/wp\/v2\/posts\/15273"}],"collection":[{"href":"https:\/\/www.suno.com.br\/noticias\/wp-json\/wp\/v2\/posts"}],"about":[{"href":"https:\/\/www.suno.com.br\/noticias\/wp-json\/wp\/v2\/types\/post"}],"author":[{"embeddable":true,"href":"https:\/\/www.suno.com.br\/noticias\/wp-json\/wp\/v2\/users\/11"}],"replies":[{"embeddable":true,"href":"https:\/\/www.suno.com.br\/noticias\/wp-json\/wp\/v2\/comments?post=15273"}],"version-history":[{"count":0,"href":"https:\/\/www.suno.com.br\/noticias\/wp-json\/wp\/v2\/posts\/15273\/revisions"}],"wp:featuredmedia":[{"embeddable":true,"href":"https:\/\/www.suno.com.br\/noticias\/wp-json\/wp\/v2\/media\/15285"}],"wp:attachment":[{"href":"https:\/\/www.suno.com.br\/noticias\/wp-json\/wp\/v2\/media?parent=15273"}],"wp:term":[{"taxonomy":"category","embeddable":true,"href":"https:\/\/www.suno.com.br\/noticias\/wp-json\/wp\/v2\/categories?post=15273"},{"taxonomy":"post_tag","embeddable":true,"href":"https:\/\/www.suno.com.br\/noticias\/wp-json\/wp\/v2\/tags?post=15273"},{"taxonomy":"suno_strategy","embeddable":true,"href":"https:\/\/www.suno.com.br\/noticias\/wp-json\/wp\/v2\/suno_strategy?post=15273"}],"curies":[{"name":"wp","href":"https:\/\/api.w.org\/{rel}","templated":true}]}}