{"id":15252,"date":"2019-02-13T20:52:42","date_gmt":"2019-02-13T22:52:42","guid":{"rendered":"https:\/\/www.suno.com.br\/noticias\/?p=15252"},"modified":"2019-02-13T20:52:42","modified_gmt":"2019-02-13T22:52:42","slug":"brasil-8-potencia-energia-eolica-2026","status":"publish","type":"post","link":"https:\/\/www.suno.com.br\/noticias\/brasil-8-potencia-energia-eolica-2026\/","title":{"rendered":"Brasil deve se tornar 8\u00aa pot\u00eancia em energia e\u00f3lica em 2026, diz estudo"},"content":{"rendered":"<p>A capacidade de gera\u00e7\u00e3o e\u00f3lica do Brasil deve dobrar at\u00e9 2026. Com isso, o Pa\u00eds deve se tornar a oitava maior pot\u00eancia do setor. Os dados s\u00e3o de um estudo da consultoria A.T. Kearney, publicado pelo Valor Econ\u00f4mico.<\/p>\t<div class=\"wrapper-featured-image\">\n\t\t<figure class=\"spotlightImg\">\n\n\t\t\t<picture>\n\t\t\t\t<source media=\"(max-width: 768px)\" srcset=\"https:\/\/files.sunoresearch.com.br\/n\/uploads\/2019\/02\/bca6793d-energia-e\u00f3lica-400x200.webp\">\n\t\t\t\t<img loading=\"lazy\" decoding=\"async\" class=\"newsContent__article__imgCapa lazyloadDisabled newsContent__article__imgCapa--noCaption\" src=\"https:\/\/files.sunoresearch.com.br\/n\/uploads\/2019\/02\/bca6793d-energia-e\u00f3lica-800x450.webp\" width=\"800\" height=\"450\" alt=\"Brasil deve se tornar 8\u00aa pot\u00eancia em energia e\u00f3lica em 2026, diz estudo\" fetchpriority=high \/>\n\t\t\t<\/picture>\n\n\t\t\t<figcaption class=\"wp-caption-text wp-caption-text--hide\">Energia e\u00f3lica figura como um dos principais segmentos para renova\u00e7\u00e3o da matriz energ\u00e9tica - Foto Pixabay<\/figcaption>\n\t\t<\/figure>\n\t<\/div>\n\n\n<p>Em 2026, a <strong>produ\u00e7\u00e3o<\/strong> brasileira de <strong>energia e\u00f3lica<\/strong> deve chegar a 25 <strong>GW.<\/strong> O Pa\u00eds \u00e9 favorecido por <strong>bons ventos,<\/strong> principalmente em sua costa. Sua m\u00e9dia de <strong>fator de capacidade<\/strong> (propor\u00e7\u00e3o entre a produ\u00e7\u00e3o efetiva da usina e a capacidade total m\u00e1xima) \u00e9 acima dos 50%, enquanto a <strong>m\u00e9dia global<\/strong> est\u00e1 muito abaixo, nos 28%. O <strong>estudo<\/strong> ainda informa que a taxa brasileira deve subir a 63% em 2021.<\/p>\n<p><a href=\"https:\/\/www.suno.com.br\/noticias\/energia-eolica-matriz-energetica-brasil\/\">Saiba mais: Energia e\u00f3lica chega a 8% de toda a matriz energ\u00e9tica do Brasil<\/a><\/p>\n<p>A <strong>Empresa de Pesquisa Energ\u00e9tica<\/strong>, vinculada ao <a href=\"http:\/\/www.mme.gov.br\/\"><strong>Minist\u00e9rio de Minas e Energia<\/strong><\/a> e respons\u00e1vel pelo <strong>planejamento energ\u00e9tico<\/strong> do Pa\u00eds, estima um aumento de 12 GW de <strong>fonte e\u00f3lica<\/strong> at\u00e9 2026.<\/p>\n<p>Os <strong>leil\u00f5es<\/strong> no <strong>setor<\/strong> foram retomados ap\u00f3s um per\u00edodo sem contrata\u00e7\u00e3o de novos projetos. As <strong>geradoras<\/strong> come\u00e7aram a dar espa\u00e7o para <strong>leil\u00f5es privados<\/strong> e contratos no mercado livre, considerados tend\u00eancia para manter a <strong>expans\u00e3o<\/strong> da <strong>gera\u00e7\u00e3o<\/strong> de <strong>energia e\u00f3lica<\/strong> nos pr\u00f3ximos anos.<\/p>\n<p><a href=\"https:\/\/www.suno.com.br\/noticias\/ons-economia-setor-energetico-revisto\/\">Saiba mais: ONS: Se economia crescer demais, setor energ\u00e9tico ter\u00e1 de ser revisto<\/a><\/p>\n<h2>Energia solar<\/h2>\n<p>Atualmente, o <strong>Brasil<\/strong> se encontra na 12\u00aa posi\u00e7\u00e3o entre os pa\u00edses com maior n\u00famero de <strong>pain\u00e9is solares<\/strong> instalados. Mas o Pa\u00eds tem <strong>potencial<\/strong> para ultrapassar pa\u00edses dessa lista como <strong>It\u00e1lia, Holanda<\/strong> e <strong>Reino Unido<\/strong>, segundo o especialista no setor el\u00e9trico da <strong>A.T. Kearney<\/strong> no <strong>Brasil,<\/strong> <strong>Cl\u00e1udio Gon\u00e7alves<\/strong>. <strong>Alemanha, Dinamarca, China,<\/strong> <strong>Estados Unidos<\/strong>, <strong>Fran\u00e7a<\/strong> e <strong>Espanha<\/strong> s\u00e3o outros que est\u00e3o \u00e0 frente do <strong>Brasil.<\/strong><\/p>\n<p>&#8220;Acredito que o <strong>Brasil<\/strong> vai subir no <strong>ranking.<\/strong>\u00a0Trabalhamos com empresas otimistas em rela\u00e7\u00e3o ao mercado de <strong>energia renov\u00e1vel&#8221;,<\/strong> declarou <strong>Gon\u00e7alves<\/strong> ao jornal. &#8220;Vemos o <strong>Brasil<\/strong> com muito <strong>potencial<\/strong> de penetra\u00e7\u00e3o e <strong>condi\u00e7\u00f5es meteorol\u00f3gicas favor\u00e1veis.<\/strong> S\u00f3 vai <a href=\"https:\/\/www.suno.com.br\/artigos\/o-que-esperar-do-proximo-governo\/\">depende da <\/a><strong>economia&#8221;.<\/strong><\/p>\n<p>O <strong>Pa\u00eds<\/strong> \u00e9 considerado <strong>promissor<\/strong> porque n\u00e3o alcan\u00e7ou a m\u00e1xima de seu <strong>potencial<\/strong> ainda. Pa\u00edses europeus como <strong>It\u00e1lia, Reino Unido<\/strong> e <strong>Espanha,<\/strong> por exemplo, j\u00e1 encontram seus <strong>mercados<\/strong> mais saturados. \u00c0 <strong>Holanda,<\/strong> por sua vez, falta <strong>espa\u00e7o<\/strong> para a constru\u00e7\u00e3o de novas <strong>usinas e\u00f3licas.<\/strong> A solu\u00e7\u00e3o foi apostar em <strong>parques &#8220;offshore&#8221;,<\/strong> ou seja, longe da costa, cuja <strong>constru\u00e7\u00e3o<\/strong> \u00e9 mais cara.<\/p>\n","protected":false},"excerpt":{"rendered":"<p>A capacidade de gera\u00e7\u00e3o e\u00f3lica do Brasil deve dobrar at\u00e9 2026. Com isso, o Pa\u00eds deve se tornar a oitava maior pot\u00eancia do setor. Os dados s\u00e3o de um estudo da consultoria A.T. Kearney, publicado pelo Valor Econ\u00f4mico. Energia e\u00f3lica figura como um dos principais segmentos para renova\u00e7\u00e3o da matriz energ\u00e9tica &#8211; Foto Pixabay Em [&hellip;]<\/p>\n","protected":false},"author":13,"featured_media":15054,"comment_status":"closed","ping_status":"closed","sticky":false,"template":"","format":"standard","meta":[],"categories":[62],"tags":[1135,1037,750],"suno_strategy":[],"class_list":["post-15252","post","type-post","status-publish","format-standard","has-post-thumbnail","hentry","category-economia","tag-energia-eolica","tag-energia-fotovoltaica","tag-energia-solar"],"yoast_head":"<!-- This site is optimized with the Yoast SEO plugin v24.4 - https:\/\/yoast.com\/wordpress\/plugins\/seo\/ -->\n<title>Brasil deve se tornar 8\u00aa pot\u00eancia em energia e\u00f3lica em 2026, diz estudo<\/title>\n<meta name=\"description\" content=\"A capacidade de gera\u00e7\u00e3o e\u00f3lica do Brasil deve dobrar at\u00e9 2026 e o Pa\u00eds deve se tornar a oitava maior pot\u00eancia do setor. Clique e saiba mais\" \/>\n<meta name=\"robots\" content=\"index, follow, max-snippet:-1, max-image-preview:large, max-video-preview:-1\" \/>\n<link rel=\"canonical\" href=\"https:\/\/www.suno.com.br\/noticias\/brasil-8-potencia-energia-eolica-2026\/\" \/>\n<meta property=\"og:locale\" content=\"pt_BR\" \/>\n<meta property=\"og:type\" content=\"article\" \/>\n<meta property=\"og:title\" content=\"Brasil deve se tornar 8\u00aa pot\u00eancia em energia e\u00f3lica em 2026, diz estudo\" \/>\n<meta property=\"og:description\" content=\"A capacidade de gera\u00e7\u00e3o e\u00f3lica do Brasil deve dobrar at\u00e9 2026 e o Pa\u00eds deve se tornar a oitava maior pot\u00eancia do setor. Clique e saiba mais\" \/>\n<meta property=\"og:url\" content=\"https:\/\/www.suno.com.br\/noticias\/brasil-8-potencia-energia-eolica-2026\/\" \/>\n<meta property=\"og:site_name\" content=\"Suno Not\u00edcias\" \/>\n<meta property=\"article:publisher\" content=\"https:\/\/facebook.com\/sunoresearch\" \/>\n<meta property=\"og:image\" content=\"https:\/\/files.sunoresearch.com.br\/n\/uploads\/2019\/02\/bca6793d-energia-e\u00f3lica-1024x754.jpg\" \/>\n\t<meta property=\"og:image:width\" content=\"1024\" \/>\n\t<meta property=\"og:image:height\" content=\"754\" \/>\n\t<meta property=\"og:image:type\" content=\"image\/jpeg\" \/>\n<meta name=\"author\" content=\"Guilherme Caetano\" \/>\n<meta name=\"twitter:card\" content=\"summary_large_image\" \/>\n<meta name=\"twitter:creator\" content=\"@sunoresearch\" \/>\n<meta name=\"twitter:site\" content=\"@sunoresearch\" \/>\n<meta name=\"twitter:label1\" content=\"Escrito por\" \/>\n\t<meta name=\"twitter:data1\" content=\"Guilherme Caetano\" \/>\n\t<meta name=\"twitter:label2\" content=\"Est. tempo de leitura\" \/>\n\t<meta name=\"twitter:data2\" content=\"2 minutos\" \/>\n<script type=\"application\/ld+json\" class=\"yoast-schema-graph\">{\"@context\":\"https:\/\/schema.org\",\"@graph\":[{\"@type\":\"NewsArticle\",\"@id\":\"https:\/\/www.suno.com.br\/noticias\/brasil-8-potencia-energia-eolica-2026\/#article\",\"isPartOf\":{\"@id\":\"https:\/\/www.suno.com.br\/noticias\/brasil-8-potencia-energia-eolica-2026\/\"},\"author\":{\"name\":\"Guilherme Caetano\",\"@id\":\"https:\/\/www.suno.com.br\/noticias\/#\/schema\/person\/0d0c9687cd2f600c564f25980c140de9\"},\"headline\":\"Brasil deve se tornar 8\u00aa pot\u00eancia em energia e\u00f3lica em 2026, diz estudo\",\"datePublished\":\"2019-02-13T22:52:42+00:00\",\"mainEntityOfPage\":{\"@id\":\"https:\/\/www.suno.com.br\/noticias\/brasil-8-potencia-energia-eolica-2026\/\"},\"wordCount\":436,\"publisher\":{\"@id\":\"https:\/\/www.suno.com.br\/noticias\/#organization\"},\"image\":{\"@id\":\"https:\/\/www.suno.com.br\/noticias\/brasil-8-potencia-energia-eolica-2026\/#primaryimage\"},\"thumbnailUrl\":\"https:\/\/files.sunoresearch.com.br\/n\/uploads\/2019\/02\/bca6793d-energia-e\u00f3lica-scaled.webp\",\"keywords\":[\"energia e\u00f3lica\",\"energia fotovoltaica\",\"energia solar\"],\"articleSection\":[\"Economia\"],\"inLanguage\":\"pt-BR\"},{\"@type\":\"WebPage\",\"@id\":\"https:\/\/www.suno.com.br\/noticias\/brasil-8-potencia-energia-eolica-2026\/\",\"url\":\"https:\/\/www.suno.com.br\/noticias\/brasil-8-potencia-energia-eolica-2026\/\",\"name\":\"Brasil deve se tornar 8\u00aa pot\u00eancia em energia e\u00f3lica em 2026, diz estudo\",\"isPartOf\":{\"@id\":\"https:\/\/www.suno.com.br\/noticias\/#website\"},\"primaryImageOfPage\":{\"@id\":\"https:\/\/www.suno.com.br\/noticias\/brasil-8-potencia-energia-eolica-2026\/#primaryimage\"},\"image\":{\"@id\":\"https:\/\/www.suno.com.br\/noticias\/brasil-8-potencia-energia-eolica-2026\/#primaryimage\"},\"thumbnailUrl\":\"https:\/\/files.sunoresearch.com.br\/n\/uploads\/2019\/02\/bca6793d-energia-e\u00f3lica-scaled.webp\",\"datePublished\":\"2019-02-13T22:52:42+00:00\",\"description\":\"A capacidade de gera\u00e7\u00e3o e\u00f3lica do Brasil deve dobrar at\u00e9 2026 e o Pa\u00eds deve se tornar a oitava maior pot\u00eancia do setor. Clique e saiba mais\",\"breadcrumb\":{\"@id\":\"https:\/\/www.suno.com.br\/noticias\/brasil-8-potencia-energia-eolica-2026\/#breadcrumb\"},\"inLanguage\":\"pt-BR\",\"potentialAction\":[{\"@type\":\"ReadAction\",\"target\":[\"https:\/\/www.suno.com.br\/noticias\/brasil-8-potencia-energia-eolica-2026\/\"]}]},{\"@type\":\"ImageObject\",\"inLanguage\":\"pt-BR\",\"@id\":\"https:\/\/www.suno.com.br\/noticias\/brasil-8-potencia-energia-eolica-2026\/#primaryimage\",\"url\":\"https:\/\/files.sunoresearch.com.br\/n\/uploads\/2019\/02\/bca6793d-energia-e\u00f3lica-scaled.webp\",\"contentUrl\":\"https:\/\/files.sunoresearch.com.br\/n\/uploads\/2019\/02\/bca6793d-energia-e\u00f3lica-scaled.webp\",\"width\":2560,\"height\":1886,\"caption\":\"Energia e\u00f3lica figura como um dos principais segmentos para renova\u00e7\u00e3o da matriz energ\u00e9tica - Foto Pixabay\"},{\"@type\":\"BreadcrumbList\",\"@id\":\"https:\/\/www.suno.com.br\/noticias\/brasil-8-potencia-energia-eolica-2026\/#breadcrumb\",\"itemListElement\":[{\"@type\":\"ListItem\",\"position\":1,\"name\":\"Not\u00edcias\",\"item\":\"https:\/\/www.suno.com.br\/noticias\/\"},{\"@type\":\"ListItem\",\"position\":2,\"name\":\"Economia\",\"item\":\"https:\/\/www.suno.com.br\/noticias\/economia\/\"},{\"@type\":\"ListItem\",\"position\":3,\"name\":\"Brasil deve se tornar 8\u00aa pot\u00eancia em energia e\u00f3lica em 2026, diz estudo\"}]},{\"@type\":\"WebSite\",\"@id\":\"https:\/\/www.suno.com.br\/noticias\/#website\",\"url\":\"https:\/\/www.suno.com.br\/noticias\/\",\"name\":\"Suno Not\u00edcias\",\"description\":\"Seu portal de informa\u00e7\u00e3o sobre o mundo dos investimentos\",\"publisher\":{\"@id\":\"https:\/\/www.suno.com.br\/noticias\/#organization\"},\"potentialAction\":[{\"@type\":\"SearchAction\",\"target\":{\"@type\":\"EntryPoint\",\"urlTemplate\":\"https:\/\/www.suno.com.br\/noticias\/?s={search_term_string}\"},\"query-input\":{\"@type\":\"PropertyValueSpecification\",\"valueRequired\":true,\"valueName\":\"search_term_string\"}}],\"inLanguage\":\"pt-BR\"},{\"@type\":\"Organization\",\"@id\":\"https:\/\/www.suno.com.br\/noticias\/#organization\",\"name\":\"Suno Not\u00edcias\",\"url\":\"https:\/\/www.suno.com.br\/noticias\/\",\"logo\":{\"@type\":\"ImageObject\",\"inLanguage\":\"pt-BR\",\"@id\":\"https:\/\/www.suno.com.br\/noticias\/#\/schema\/logo\/image\/\",\"url\":\"https:\/\/files.sunoresearch.com.br\/n\/uploads\/2021\/09\/suno-logo.png\",\"contentUrl\":\"https:\/\/files.sunoresearch.com.br\/n\/uploads\/2021\/09\/suno-logo.png\",\"width\":180,\"height\":180,\"caption\":\"Suno Not\u00edcias\"},\"image\":{\"@id\":\"https:\/\/www.suno.com.br\/noticias\/#\/schema\/logo\/image\/\"},\"sameAs\":[\"https:\/\/facebook.com\/sunoresearch\",\"https:\/\/x.com\/sunoresearch\",\"https:\/\/www.instagram.com\/suno\",\"https:\/\/www.linkedin.com\/company\/suno-research\/\",\"https:\/\/www.youtube.com\/c\/sunoresearch\"]},{\"@type\":\"Person\",\"@id\":\"https:\/\/www.suno.com.br\/noticias\/#\/schema\/person\/0d0c9687cd2f600c564f25980c140de9\",\"name\":\"Guilherme Caetano\",\"image\":{\"@type\":\"ImageObject\",\"inLanguage\":\"pt-BR\",\"@id\":\"https:\/\/www.suno.com.br\/noticias\/#\/schema\/person\/image\/\",\"url\":\"https:\/\/secure.gravatar.com\/avatar\/e48357351a01702a0d19307070e081bf?s=96&r=g\",\"contentUrl\":\"https:\/\/secure.gravatar.com\/avatar\/e48357351a01702a0d19307070e081bf?s=96&r=g\",\"caption\":\"Guilherme Caetano\"},\"description\":\"Formado em jornalismo pela Escola de Comunica\u00e7\u00f5es e Artes da USP, Guilherme Caetano escreve para o portal de not\u00edcias da Suno Research. Passou pelas reda\u00e7\u00f5es da Folha de S.Paulo e da revista \u00c9poca.\",\"url\":\"https:\/\/www.suno.com.br\/noticias\/author\/guilherme-caetano\/\"}]}<\/script>\n<!-- \/ Yoast SEO plugin. -->","yoast_head_json":{"title":"Brasil deve se tornar 8\u00aa pot\u00eancia em energia e\u00f3lica em 2026, diz estudo","description":"A capacidade de gera\u00e7\u00e3o e\u00f3lica do Brasil deve dobrar at\u00e9 2026 e o Pa\u00eds deve se tornar a oitava maior pot\u00eancia do setor. Clique e saiba mais","robots":{"index":"index","follow":"follow","max-snippet":"max-snippet:-1","max-image-preview":"max-image-preview:large","max-video-preview":"max-video-preview:-1"},"canonical":"https:\/\/www.suno.com.br\/noticias\/brasil-8-potencia-energia-eolica-2026\/","og_locale":"pt_BR","og_type":"article","og_title":"Brasil deve se tornar 8\u00aa pot\u00eancia em energia e\u00f3lica em 2026, diz estudo","og_description":"A capacidade de gera\u00e7\u00e3o e\u00f3lica do Brasil deve dobrar at\u00e9 2026 e o Pa\u00eds deve se tornar a oitava maior pot\u00eancia do setor. Clique e saiba mais","og_url":"https:\/\/www.suno.com.br\/noticias\/brasil-8-potencia-energia-eolica-2026\/","og_site_name":"Suno Not\u00edcias","article_publisher":"https:\/\/facebook.com\/sunoresearch","og_image":[{"width":1024,"height":754,"url":"https:\/\/files.sunoresearch.com.br\/n\/uploads\/2019\/02\/bca6793d-energia-e\u00f3lica-1024x754.jpg","type":"image\/jpeg"}],"author":"Guilherme Caetano","twitter_card":"summary_large_image","twitter_creator":"@sunoresearch","twitter_site":"@sunoresearch","twitter_misc":{"Escrito por":"Guilherme Caetano","Est. tempo de leitura":"2 minutos"},"schema":{"@context":"https:\/\/schema.org","@graph":[{"@type":"NewsArticle","@id":"https:\/\/www.suno.com.br\/noticias\/brasil-8-potencia-energia-eolica-2026\/#article","isPartOf":{"@id":"https:\/\/www.suno.com.br\/noticias\/brasil-8-potencia-energia-eolica-2026\/"},"author":{"name":"Guilherme Caetano","@id":"https:\/\/www.suno.com.br\/noticias\/#\/schema\/person\/0d0c9687cd2f600c564f25980c140de9"},"headline":"Brasil deve se tornar 8\u00aa pot\u00eancia em energia e\u00f3lica em 2026, diz estudo","datePublished":"2019-02-13T22:52:42+00:00","mainEntityOfPage":{"@id":"https:\/\/www.suno.com.br\/noticias\/brasil-8-potencia-energia-eolica-2026\/"},"wordCount":436,"publisher":{"@id":"https:\/\/www.suno.com.br\/noticias\/#organization"},"image":{"@id":"https:\/\/www.suno.com.br\/noticias\/brasil-8-potencia-energia-eolica-2026\/#primaryimage"},"thumbnailUrl":"https:\/\/files.sunoresearch.com.br\/n\/uploads\/2019\/02\/bca6793d-energia-e\u00f3lica-scaled.webp","keywords":["energia e\u00f3lica","energia fotovoltaica","energia solar"],"articleSection":["Economia"],"inLanguage":"pt-BR"},{"@type":"WebPage","@id":"https:\/\/www.suno.com.br\/noticias\/brasil-8-potencia-energia-eolica-2026\/","url":"https:\/\/www.suno.com.br\/noticias\/brasil-8-potencia-energia-eolica-2026\/","name":"Brasil deve se tornar 8\u00aa pot\u00eancia em energia e\u00f3lica em 2026, diz estudo","isPartOf":{"@id":"https:\/\/www.suno.com.br\/noticias\/#website"},"primaryImageOfPage":{"@id":"https:\/\/www.suno.com.br\/noticias\/brasil-8-potencia-energia-eolica-2026\/#primaryimage"},"image":{"@id":"https:\/\/www.suno.com.br\/noticias\/brasil-8-potencia-energia-eolica-2026\/#primaryimage"},"thumbnailUrl":"https:\/\/files.sunoresearch.com.br\/n\/uploads\/2019\/02\/bca6793d-energia-e\u00f3lica-scaled.webp","datePublished":"2019-02-13T22:52:42+00:00","description":"A capacidade de gera\u00e7\u00e3o e\u00f3lica do Brasil deve dobrar at\u00e9 2026 e o Pa\u00eds deve se tornar a oitava maior pot\u00eancia do setor. Clique e saiba mais","breadcrumb":{"@id":"https:\/\/www.suno.com.br\/noticias\/brasil-8-potencia-energia-eolica-2026\/#breadcrumb"},"inLanguage":"pt-BR","potentialAction":[{"@type":"ReadAction","target":["https:\/\/www.suno.com.br\/noticias\/brasil-8-potencia-energia-eolica-2026\/"]}]},{"@type":"ImageObject","inLanguage":"pt-BR","@id":"https:\/\/www.suno.com.br\/noticias\/brasil-8-potencia-energia-eolica-2026\/#primaryimage","url":"https:\/\/files.sunoresearch.com.br\/n\/uploads\/2019\/02\/bca6793d-energia-e\u00f3lica-scaled.webp","contentUrl":"https:\/\/files.sunoresearch.com.br\/n\/uploads\/2019\/02\/bca6793d-energia-e\u00f3lica-scaled.webp","width":2560,"height":1886,"caption":"Energia e\u00f3lica figura como um dos principais segmentos para renova\u00e7\u00e3o da matriz energ\u00e9tica - Foto Pixabay"},{"@type":"BreadcrumbList","@id":"https:\/\/www.suno.com.br\/noticias\/brasil-8-potencia-energia-eolica-2026\/#breadcrumb","itemListElement":[{"@type":"ListItem","position":1,"name":"Not\u00edcias","item":"https:\/\/www.suno.com.br\/noticias\/"},{"@type":"ListItem","position":2,"name":"Economia","item":"https:\/\/www.suno.com.br\/noticias\/economia\/"},{"@type":"ListItem","position":3,"name":"Brasil deve se tornar 8\u00aa pot\u00eancia em energia e\u00f3lica em 2026, diz estudo"}]},{"@type":"WebSite","@id":"https:\/\/www.suno.com.br\/noticias\/#website","url":"https:\/\/www.suno.com.br\/noticias\/","name":"Suno Not\u00edcias","description":"Seu portal de informa\u00e7\u00e3o sobre o mundo dos investimentos","publisher":{"@id":"https:\/\/www.suno.com.br\/noticias\/#organization"},"potentialAction":[{"@type":"SearchAction","target":{"@type":"EntryPoint","urlTemplate":"https:\/\/www.suno.com.br\/noticias\/?s={search_term_string}"},"query-input":{"@type":"PropertyValueSpecification","valueRequired":true,"valueName":"search_term_string"}}],"inLanguage":"pt-BR"},{"@type":"Organization","@id":"https:\/\/www.suno.com.br\/noticias\/#organization","name":"Suno Not\u00edcias","url":"https:\/\/www.suno.com.br\/noticias\/","logo":{"@type":"ImageObject","inLanguage":"pt-BR","@id":"https:\/\/www.suno.com.br\/noticias\/#\/schema\/logo\/image\/","url":"https:\/\/files.sunoresearch.com.br\/n\/uploads\/2021\/09\/suno-logo.png","contentUrl":"https:\/\/files.sunoresearch.com.br\/n\/uploads\/2021\/09\/suno-logo.png","width":180,"height":180,"caption":"Suno Not\u00edcias"},"image":{"@id":"https:\/\/www.suno.com.br\/noticias\/#\/schema\/logo\/image\/"},"sameAs":["https:\/\/facebook.com\/sunoresearch","https:\/\/x.com\/sunoresearch","https:\/\/www.instagram.com\/suno","https:\/\/www.linkedin.com\/company\/suno-research\/","https:\/\/www.youtube.com\/c\/sunoresearch"]},{"@type":"Person","@id":"https:\/\/www.suno.com.br\/noticias\/#\/schema\/person\/0d0c9687cd2f600c564f25980c140de9","name":"Guilherme Caetano","image":{"@type":"ImageObject","inLanguage":"pt-BR","@id":"https:\/\/www.suno.com.br\/noticias\/#\/schema\/person\/image\/","url":"https:\/\/secure.gravatar.com\/avatar\/e48357351a01702a0d19307070e081bf?s=96&r=g","contentUrl":"https:\/\/secure.gravatar.com\/avatar\/e48357351a01702a0d19307070e081bf?s=96&r=g","caption":"Guilherme Caetano"},"description":"Formado em jornalismo pela Escola de Comunica\u00e7\u00f5es e Artes da USP, Guilherme Caetano escreve para o portal de not\u00edcias da Suno Research. Passou pelas reda\u00e7\u00f5es da Folha de S.Paulo e da revista \u00c9poca.","url":"https:\/\/www.suno.com.br\/noticias\/author\/guilherme-caetano\/"}]}},"default_loop_html":"<div class=\"cardsPage__listCard__boxs\"><div class=\"cardsPage__listCard__boxs__img\"><a href=\"https:\/\/www.suno.com.br\/noticias\/brasil-8-potencia-energia-eolica-2026\/\"><img class=\"mask\" src=\"https:\/\/www.suno.com.br\/noticias\/wp-content\/themes\/suno\/resources\/images\/spotlight\/spotlight1img\/bg-mask.png\" alt=\"Image Mask\"\/><img src=\"https:\/\/files.sunoresearch.com.br\/n\/uploads\/2019\/02\/bca6793d-energia-e\u00f3lica-400x200.webp\" alt=\"Brasil deve se tornar 8\u00aa pot\u00eancia em energia e\u00f3lica em 2026, diz estudo\"\/><\/a><span class=\"spotlightCategory\"><a href=\"https:\/\/www.suno.com.br\/noticias\/economia\/\">Economia<\/a><\/span><\/div><div class=\"cardsPage__listCard__boxs__content\"><a href=\"https:\/\/www.suno.com.br\/noticias\/brasil-8-potencia-energia-eolica-2026\/\"><h2 class=\"content__title\">Brasil deve se tornar 8\u00aa pot\u00eancia em energia e\u00f3lica em 2026, diz estudo<\/h2><\/a><div class=\"newsContent__article__meta\"><div class=\"newsContent__article__meta__authorBox\"><a href=\"https:\/\/www.suno.com.br\/noticias\/author\/guilherme-caetano\/\" class=\"authorBox__avatar noMobi\"><img src=\"https:\/\/secure.gravatar.com\/avatar\/e48357351a01702a0d19307070e081bf?s=96&#038;r=g\" alt=\"Guilherme Caetano\"><\/a><div class=\"authorBox__name\"><span>por\n\t\t\t<a href=\"https:\/\/www.suno.com.br\/noticias\/author\/guilherme-caetano\/\"><span itemprop=\"author\">Guilherme Caetano<\/span><\/a><\/span><time datetime=\"2019-02-13T20:52:42-02:00\" itemprop=\"datePublished\">13\/02\/2019 20:52<\/time><\/div><\/div><\/div><\/div><\/div>","single_layout":"posts","amp_enabled":true,"_links":{"self":[{"href":"https:\/\/www.suno.com.br\/noticias\/wp-json\/wp\/v2\/posts\/15252"}],"collection":[{"href":"https:\/\/www.suno.com.br\/noticias\/wp-json\/wp\/v2\/posts"}],"about":[{"href":"https:\/\/www.suno.com.br\/noticias\/wp-json\/wp\/v2\/types\/post"}],"author":[{"embeddable":true,"href":"https:\/\/www.suno.com.br\/noticias\/wp-json\/wp\/v2\/users\/13"}],"replies":[{"embeddable":true,"href":"https:\/\/www.suno.com.br\/noticias\/wp-json\/wp\/v2\/comments?post=15252"}],"version-history":[{"count":0,"href":"https:\/\/www.suno.com.br\/noticias\/wp-json\/wp\/v2\/posts\/15252\/revisions"}],"wp:featuredmedia":[{"embeddable":true,"href":"https:\/\/www.suno.com.br\/noticias\/wp-json\/wp\/v2\/media\/15054"}],"wp:attachment":[{"href":"https:\/\/www.suno.com.br\/noticias\/wp-json\/wp\/v2\/media?parent=15252"}],"wp:term":[{"taxonomy":"category","embeddable":true,"href":"https:\/\/www.suno.com.br\/noticias\/wp-json\/wp\/v2\/categories?post=15252"},{"taxonomy":"post_tag","embeddable":true,"href":"https:\/\/www.suno.com.br\/noticias\/wp-json\/wp\/v2\/tags?post=15252"},{"taxonomy":"suno_strategy","embeddable":true,"href":"https:\/\/www.suno.com.br\/noticias\/wp-json\/wp\/v2\/suno_strategy?post=15252"}],"curies":[{"name":"wp","href":"https:\/\/api.w.org\/{rel}","templated":true}]}}