{"id":152304,"date":"2021-05-30T10:40:06","date_gmt":"2021-05-30T13:40:06","guid":{"rendered":"https:\/\/www.suno.com.br\/noticias\/?p=152304"},"modified":"2021-05-30T11:49:42","modified_gmt":"2021-05-30T14:49:42","slug":"petrobras-petr4-reafirma-politica-de-precos-apos-bolsonaro-falar-em-previsibilidade","status":"publish","type":"post","link":"https:\/\/www.suno.com.br\/noticias\/petrobras-petr4-reafirma-politica-de-precos-apos-bolsonaro-falar-em-previsibilidade\/","title":{"rendered":"Petrobras (PETR4) reafirma pol\u00edtica de pre\u00e7os ap\u00f3s cita\u00e7\u00e3o de Bolsonaro"},"content":{"rendered":"<p>A <a href=\"https:\/\/www.suno.com.br\/acoes\/petr4\/\"><strong>Petrobras<\/strong> (PETR4)<\/a> reafirmou na noite deste s\u00e1bado (29) a sua pol\u00edtica de pre\u00e7os. Em comunicado \u00e0 <a href=\"https:\/\/www.suno.com.br\/artigos\/cvm\/\">Comiss\u00e3o de Valores Mobili\u00e1rios (CVM)<\/a>, a estatal refor\u00e7ou que &#8220;monitora permanentemente o mercado e, a partir de uma percep\u00e7\u00e3o de realinhamento de patamar, seja de c\u00e2mbio, seja de cota\u00e7\u00f5es internacionais de petr\u00f3leo e derivados, realiza reajustes de pre\u00e7o&#8221;.<\/p>\t<div class=\"wrapper-featured-image\">\n\t\t<figure class=\"spotlightImg\">\n\n\t\t\t<picture>\n\t\t\t\t<source media=\"(max-width: 768px)\" srcset=\"https:\/\/files.sunoresearch.com.br\/n\/uploads\/2021\/04\/ce8f7773-petrobras4-1-400x200.webp\">\n\t\t\t\t<img loading=\"lazy\" decoding=\"async\" class=\"newsContent__article__imgCapa lazyloadDisabled \" src=\"https:\/\/files.sunoresearch.com.br\/n\/uploads\/2021\/04\/ce8f7773-petrobras4-1-800x450.webp\" width=\"800\" height=\"450\" alt=\"Petrobras (PETR4) reafirma pol\u00edtica de pre\u00e7os ap\u00f3s cita\u00e7\u00e3o de Bolsonaro\" fetchpriority=high \/>\n\t\t\t<\/picture>\n\n\t\t\t<figcaption class=\"wp-caption-text wp-caption-text--show\">Petrobras (PETR4). Foto: Divulga\u00e7\u00e3o<\/figcaption>\n\t\t<\/figure>\n\t<\/div>\n\n\n\t<p>\n\t\t<a href=\"https:\/\/lp.suno.com.br\/planilha-controle-gastos\/\" target=\"_blank\" data-element=\"shortcode-suno-banner\" title=\"Banner SUNO, clique e saiba mais\">\n\t\t\t<picture>\n\t\t\t\t<source media=\"(max-width: 500px)\" srcset=\"https:\/\/files.sunoresearch.com.br\/n\/uploads\/2023\/03\/400x300-Planilha-controle-de-gastos.png\">\n\t\t\t\t<img class=\"newsContent__article__imgCapa newsContent__article__imgCapa--banner\"\n\t\t\t\t\tsrc=\"https:\/\/files.sunoresearch.com.br\/n\/uploads\/2023\/03\/1420x240-Planilha-controle-de-gastos.png\"\n\t\t\t\t\tdata-promo-id=\"101751\"\t\t\t\t\t\t\t\t\t\twidth='1420' height='240'\t\t\t\t\talt=\"https:\/\/files.sunoresearch.com.br\/n\/uploads\/2023\/03\/1420x240-Planilha-controle-de-gastos.png\"\n\t\t\t\t>\n\t\t\t<\/picture>\n\t\t<\/a>\n\t<\/p>\n\n\n<p>&#8220;Os estudos e monitoramentos elaborados pelas \u00e1reas t\u00e9cnicas de comercializa\u00e7\u00e3o da Petrobras suportam a tomada de decis\u00e3o e a proposi\u00e7\u00e3o de reajustes de pre\u00e7o, sendo observado permanentemente o ambiente de neg\u00f3cios e o comportamento dos seus competidores, visando um posicionamento competitivo adequado&#8221;, prossegue a companhia no texto.<\/p>\n<p>A reafirma\u00e7\u00e3o da pol\u00edtica ocorre um dia depois de o presidente Jair Bolsonaro afirmar que a estatal estaria realizando estudos para que exista &#8220;previsibilidade no aumento&#8221; dos combust\u00edveis.<\/p>\n<p><a href=\"https:\/\/lp.suno.com.br\/suno-one\/\">Suno One: acesse gratuitamente eBooks, Minicursos, Artigos e V\u00eddeo Aulas sobre investimentos com um \u00fanico cadastro. Clique para saber mais!<\/a><\/p>\n<p>A apoiadores, o chefe do Planalto disse que a medida n\u00e3o significa uma inger\u00eancia sobre a empresa. Contudo, em seguida, criticou a atual pol\u00edtica de pre\u00e7os da estatal e, ao comentar a demiss\u00e3o do ex-presidente da petroleira Roberto Castello Branco, disse: &#8220;eu troquei o comando da Petrobras. No come\u00e7o foi um esc\u00e2ndalo, interfere. \u00c9 para interferir mesmo, eu n\u00e3o sou o presidente?&#8221;.<\/p>\n<h2>Petrobras: PEB \u00e9 condenada a pagar US$ 61,1 milh\u00f5es em indeniza\u00e7\u00e3o<\/h2>\n<p>A Petrobras Bolivia (PEB), <a href=\"https:\/\/www.suno.com.br\/artigos\/subsidiaria\/\">subsidi\u00e1ria integral<\/a> da <a href=\"https:\/\/www.suno.com.br\/acoes\/petr4\/\"><strong>Petrobras<\/strong> (PETR4)<\/a>, foi condenada em primeira inst\u00e2ncia, na sexta-feira (28), a pagar US$ 61,1 milh\u00f5es (cerca de R$ 319,553 milh\u00f5es), acrescida de juros e custas, em<a href=\"https:\/\/www.suno.com.br\/noticias\/petrobras-petr4-peb-condenada-indenizacao-terras\/\"> indeniza\u00e7\u00e3o pelo uso de propriedade onde est\u00e3o localizadas as instala\u00e7\u00f5es do campo San Alberto<\/a>.<\/p>\n<p>Em fato relevante divulgado nessa sexta-feira (28), a Petrobras afirma que a senten\u00e7a tamb\u00e9m imp\u00f4s medidas cautelares contra a <strong>PEB<\/strong>.<\/p>\n<p>&#8220;Na decis\u00e3o judicial, um suposto propriet\u00e1rio da \u00e1rea ocupada pelo <strong>bloco San Alberto<\/strong> foi contemplado com uma indeniza\u00e7\u00e3o por uso da propriedade, calculada a partir de 1996, quando as opera\u00e7\u00f5es do bloco foram iniciadas&#8221;, explica<a href=\"https:\/\/www.suno.com.br\/artigos\/estatal-so-se-for-de-graca\/\"> a estatal<\/a>.<\/p>\n<p>No entanto, a companhia lembra que desde o in\u00edcio das atividades no bloco, a PEB celebrou acordos de servid\u00e3o com diversas comunidades camponesas que eram leg\u00edtimas propriet\u00e1rias dessas terras, de acordo com um levantamento feito pelo Instituto Nacional de Reforma Agr\u00e1ria da Bol\u00edvia (INRA) \u00e0 \u00e9poca.<\/p>\n<p>Frente a isso, a PEB recorreu \u00e0 inst\u00e2ncia superior, o Tribunal Agroambiental de Sucre, onde o caso est\u00e1 sendo avaliado. &#8220;A Petrobras espera que o Tribunal reverta a decis\u00e3o. A companhia entende que ocorreram irregularidades durante o processo e a PEB se defender\u00e1 vigorosamente em todas as inst\u00e2ncias&#8221;, aponta o documento.<\/p>\n\t<p>\n\t\t<a href=\"https:\/\/lp.suno.com.br\/planilha-de-controle-de-investimentos\/\" target=\"_blank\" data-element=\"shortcode-suno-banner\" title=\"Banner SUNO, clique e saiba mais\">\n\t\t\t<picture>\n\t\t\t\t<source media=\"(max-width: 500px)\" srcset=\"https:\/\/files.sunoresearch.com.br\/n\/uploads\/2023\/03\/400x300-Controle-de-Investimentos.png\">\n\t\t\t\t<img class=\"newsContent__article__imgCapa newsContent__article__imgCapa--banner\"\n\t\t\t\t\tsrc=\"https:\/\/files.sunoresearch.com.br\/n\/uploads\/2023\/03\/1420x240-Controle-de-Investimentos.png\"\n\t\t\t\t\tdata-promo-id=\"75934\"\t\t\t\t\t\t\t\t\t\twidth='1420' height='240'\t\t\t\t\talt=\"https:\/\/files.sunoresearch.com.br\/n\/uploads\/2023\/03\/1420x240-Controle-de-Investimentos.png\"\n\t\t\t\t>\n\t\t\t<\/picture>\n\t\t<\/a>\n\t<\/p>\n\n\n<p><em>(Com Estad\u00e3o Conte\u00fado)<\/em><\/p>\n","protected":false},"excerpt":{"rendered":"<p>A Petrobras (PETR4) reafirmou na noite deste s\u00e1bado (29) a sua pol\u00edtica de pre\u00e7os. Em comunicado \u00e0 Comiss\u00e3o de Valores Mobili\u00e1rios (CVM), a estatal refor\u00e7ou que &#8220;monitora permanentemente o mercado e, a partir de uma percep\u00e7\u00e3o de realinhamento de patamar, seja de c\u00e2mbio, seja de cota\u00e7\u00f5es internacionais de petr\u00f3leo e derivados, realiza reajustes de pre\u00e7o&#8221;. [&hellip;]<\/p>\n","protected":false},"author":27,"featured_media":137760,"comment_status":"closed","ping_status":"closed","sticky":false,"template":"","format":"standard","meta":[],"categories":[60],"tags":[2426,595,766],"suno_strategy":[],"class_list":["post-152304","post","type-post","status-publish","format-standard","has-post-thumbnail","hentry","category-mercado","tag-petr3","tag-petrobras-petr4","tag-petroleo"],"yoast_head":"<!-- This site is optimized with the Yoast SEO plugin v24.4 - https:\/\/yoast.com\/wordpress\/plugins\/seo\/ -->\n<title>Petrobras (PETR4) reafirma pol\u00edtica de pre\u00e7os ap\u00f3s Bolsonaro citar cia<\/title>\n<meta name=\"description\" content=\"A Petrobras refor\u00e7ou que &quot;monitora permanentemente o mercado ap\u00f3s o presidente Jair Bolsonaro citar a companhia. Clique aqui para ler.\" \/>\n<meta name=\"robots\" content=\"index, follow, max-snippet:-1, max-image-preview:large, max-video-preview:-1\" \/>\n<link rel=\"canonical\" href=\"https:\/\/www.suno.com.br\/noticias\/petrobras-petr4-reafirma-politica-de-precos-apos-bolsonaro-falar-em-previsibilidade\/\" \/>\n<meta property=\"og:locale\" content=\"pt_BR\" \/>\n<meta property=\"og:type\" content=\"article\" \/>\n<meta property=\"og:title\" content=\"Petrobras (PETR4) reafirma pol\u00edtica de pre\u00e7os ap\u00f3s Bolsonaro citar cia\" \/>\n<meta property=\"og:description\" content=\"A Petrobras refor\u00e7ou que &quot;monitora permanentemente o mercado ap\u00f3s o presidente Jair Bolsonaro citar a companhia. Clique aqui para ler.\" \/>\n<meta property=\"og:url\" content=\"https:\/\/www.suno.com.br\/noticias\/petrobras-petr4-reafirma-politica-de-precos-apos-bolsonaro-falar-em-previsibilidade\/\" \/>\n<meta property=\"og:site_name\" content=\"Suno Not\u00edcias\" \/>\n<meta property=\"article:publisher\" content=\"https:\/\/facebook.com\/sunoresearch\" \/>\n<meta property=\"og:image\" content=\"https:\/\/files.sunoresearch.com.br\/n\/uploads\/2021\/04\/ce8f7773-petrobras4-1.jpg\" \/>\n\t<meta property=\"og:image:width\" content=\"1200\" \/>\n\t<meta property=\"og:image:height\" content=\"800\" \/>\n\t<meta property=\"og:image:type\" content=\"image\/jpeg\" \/>\n<meta name=\"author\" content=\"Vinicius Pereira\" \/>\n<meta name=\"twitter:card\" content=\"summary_large_image\" \/>\n<meta name=\"twitter:creator\" content=\"@https:\/\/twitter.com\/viniciuspjornal\" \/>\n<meta name=\"twitter:site\" content=\"@sunoresearch\" \/>\n<meta name=\"twitter:label1\" content=\"Escrito por\" \/>\n\t<meta name=\"twitter:data1\" content=\"Vinicius Pereira\" \/>\n\t<meta name=\"twitter:label2\" content=\"Est. tempo de leitura\" \/>\n\t<meta name=\"twitter:data2\" content=\"2 minutos\" \/>\n<script type=\"application\/ld+json\" class=\"yoast-schema-graph\">{\"@context\":\"https:\/\/schema.org\",\"@graph\":[{\"@type\":\"NewsArticle\",\"@id\":\"https:\/\/www.suno.com.br\/noticias\/petrobras-petr4-reafirma-politica-de-precos-apos-bolsonaro-falar-em-previsibilidade\/#article\",\"isPartOf\":{\"@id\":\"https:\/\/www.suno.com.br\/noticias\/petrobras-petr4-reafirma-politica-de-precos-apos-bolsonaro-falar-em-previsibilidade\/\"},\"author\":{\"name\":\"Vinicius Pereira\",\"@id\":\"https:\/\/www.suno.com.br\/noticias\/#\/schema\/person\/a20761b96e4df7eb57f1f9e41be1dbf3\"},\"headline\":\"Petrobras (PETR4) reafirma pol\u00edtica de pre\u00e7os ap\u00f3s cita\u00e7\u00e3o de Bolsonaro\",\"datePublished\":\"2021-05-30T13:40:06+00:00\",\"dateModified\":\"2021-05-30T14:49:42+00:00\",\"mainEntityOfPage\":{\"@id\":\"https:\/\/www.suno.com.br\/noticias\/petrobras-petr4-reafirma-politica-de-precos-apos-bolsonaro-falar-em-previsibilidade\/\"},\"wordCount\":491,\"publisher\":{\"@id\":\"https:\/\/www.suno.com.br\/noticias\/#organization\"},\"image\":{\"@id\":\"https:\/\/www.suno.com.br\/noticias\/petrobras-petr4-reafirma-politica-de-precos-apos-bolsonaro-falar-em-previsibilidade\/#primaryimage\"},\"thumbnailUrl\":\"https:\/\/files.sunoresearch.com.br\/n\/uploads\/2021\/04\/ce8f7773-petrobras4-1-jpg.webp\",\"keywords\":[\"PETR3\",\"Petrobras (PETR4)\",\"Petr\u00f3leo\"],\"articleSection\":[\"Mercado\"],\"inLanguage\":\"pt-BR\"},{\"@type\":\"WebPage\",\"@id\":\"https:\/\/www.suno.com.br\/noticias\/petrobras-petr4-reafirma-politica-de-precos-apos-bolsonaro-falar-em-previsibilidade\/\",\"url\":\"https:\/\/www.suno.com.br\/noticias\/petrobras-petr4-reafirma-politica-de-precos-apos-bolsonaro-falar-em-previsibilidade\/\",\"name\":\"Petrobras (PETR4) reafirma pol\u00edtica de pre\u00e7os ap\u00f3s Bolsonaro citar cia\",\"isPartOf\":{\"@id\":\"https:\/\/www.suno.com.br\/noticias\/#website\"},\"primaryImageOfPage\":{\"@id\":\"https:\/\/www.suno.com.br\/noticias\/petrobras-petr4-reafirma-politica-de-precos-apos-bolsonaro-falar-em-previsibilidade\/#primaryimage\"},\"image\":{\"@id\":\"https:\/\/www.suno.com.br\/noticias\/petrobras-petr4-reafirma-politica-de-precos-apos-bolsonaro-falar-em-previsibilidade\/#primaryimage\"},\"thumbnailUrl\":\"https:\/\/files.sunoresearch.com.br\/n\/uploads\/2021\/04\/ce8f7773-petrobras4-1-jpg.webp\",\"datePublished\":\"2021-05-30T13:40:06+00:00\",\"dateModified\":\"2021-05-30T14:49:42+00:00\",\"description\":\"A Petrobras refor\u00e7ou que \\\"monitora permanentemente o mercado ap\u00f3s o presidente Jair Bolsonaro citar a companhia. Clique aqui para ler.\",\"breadcrumb\":{\"@id\":\"https:\/\/www.suno.com.br\/noticias\/petrobras-petr4-reafirma-politica-de-precos-apos-bolsonaro-falar-em-previsibilidade\/#breadcrumb\"},\"inLanguage\":\"pt-BR\",\"potentialAction\":[{\"@type\":\"ReadAction\",\"target\":[\"https:\/\/www.suno.com.br\/noticias\/petrobras-petr4-reafirma-politica-de-precos-apos-bolsonaro-falar-em-previsibilidade\/\"]}]},{\"@type\":\"ImageObject\",\"inLanguage\":\"pt-BR\",\"@id\":\"https:\/\/www.suno.com.br\/noticias\/petrobras-petr4-reafirma-politica-de-precos-apos-bolsonaro-falar-em-previsibilidade\/#primaryimage\",\"url\":\"https:\/\/files.sunoresearch.com.br\/n\/uploads\/2021\/04\/ce8f7773-petrobras4-1-jpg.webp\",\"contentUrl\":\"https:\/\/files.sunoresearch.com.br\/n\/uploads\/2021\/04\/ce8f7773-petrobras4-1-jpg.webp\",\"width\":1200,\"height\":800,\"caption\":\"Petrobras (PETR4). Foto: Divulga\u00e7\u00e3o\"},{\"@type\":\"BreadcrumbList\",\"@id\":\"https:\/\/www.suno.com.br\/noticias\/petrobras-petr4-reafirma-politica-de-precos-apos-bolsonaro-falar-em-previsibilidade\/#breadcrumb\",\"itemListElement\":[{\"@type\":\"ListItem\",\"position\":1,\"name\":\"Not\u00edcias\",\"item\":\"https:\/\/www.suno.com.br\/noticias\/\"},{\"@type\":\"ListItem\",\"position\":2,\"name\":\"Mercado\",\"item\":\"https:\/\/www.suno.com.br\/noticias\/mercado\/\"},{\"@type\":\"ListItem\",\"position\":3,\"name\":\"Petrobras (PETR4) reafirma pol\u00edtica de pre\u00e7os ap\u00f3s cita\u00e7\u00e3o de Bolsonaro\"}]},{\"@type\":\"WebSite\",\"@id\":\"https:\/\/www.suno.com.br\/noticias\/#website\",\"url\":\"https:\/\/www.suno.com.br\/noticias\/\",\"name\":\"Suno Not\u00edcias\",\"description\":\"Seu portal de informa\u00e7\u00e3o sobre o mundo dos investimentos\",\"publisher\":{\"@id\":\"https:\/\/www.suno.com.br\/noticias\/#organization\"},\"potentialAction\":[{\"@type\":\"SearchAction\",\"target\":{\"@type\":\"EntryPoint\",\"urlTemplate\":\"https:\/\/www.suno.com.br\/noticias\/?s={search_term_string}\"},\"query-input\":{\"@type\":\"PropertyValueSpecification\",\"valueRequired\":true,\"valueName\":\"search_term_string\"}}],\"inLanguage\":\"pt-BR\"},{\"@type\":\"Organization\",\"@id\":\"https:\/\/www.suno.com.br\/noticias\/#organization\",\"name\":\"Suno Not\u00edcias\",\"url\":\"https:\/\/www.suno.com.br\/noticias\/\",\"logo\":{\"@type\":\"ImageObject\",\"inLanguage\":\"pt-BR\",\"@id\":\"https:\/\/www.suno.com.br\/noticias\/#\/schema\/logo\/image\/\",\"url\":\"https:\/\/files.sunoresearch.com.br\/n\/uploads\/2021\/09\/suno-logo.png\",\"contentUrl\":\"https:\/\/files.sunoresearch.com.br\/n\/uploads\/2021\/09\/suno-logo.png\",\"width\":180,\"height\":180,\"caption\":\"Suno Not\u00edcias\"},\"image\":{\"@id\":\"https:\/\/www.suno.com.br\/noticias\/#\/schema\/logo\/image\/\"},\"sameAs\":[\"https:\/\/facebook.com\/sunoresearch\",\"https:\/\/x.com\/sunoresearch\",\"https:\/\/www.instagram.com\/suno\",\"https:\/\/www.linkedin.com\/company\/suno-research\/\",\"https:\/\/www.youtube.com\/c\/sunoresearch\"]},{\"@type\":\"Person\",\"@id\":\"https:\/\/www.suno.com.br\/noticias\/#\/schema\/person\/a20761b96e4df7eb57f1f9e41be1dbf3\",\"name\":\"Vinicius Pereira\",\"image\":{\"@type\":\"ImageObject\",\"inLanguage\":\"pt-BR\",\"@id\":\"https:\/\/www.suno.com.br\/noticias\/#\/schema\/person\/image\/\",\"url\":\"https:\/\/secure.gravatar.com\/avatar\/783866b933198f5cc4c5d03fcc8b1301?s=96&r=g\",\"contentUrl\":\"https:\/\/secure.gravatar.com\/avatar\/783866b933198f5cc4c5d03fcc8b1301?s=96&r=g\",\"caption\":\"Vinicius Pereira\"},\"description\":\"Vinicius Pereira foi rep\u00f3rter de economia da Folha de S.Paulo, stringer do jornal no Canad\u00e1 e colaborador de VEJA. J\u00e1 escreveu tamb\u00e9m para BBC Brasil, The Intercept Brasil e UOL. Tem MBA em Informa\u00e7\u00f5es Econ\u00f4mico-Financeiras e Mercado de Capitais pela FIA\/B3.\",\"sameAs\":[\"https:\/\/x.com\/https:\/\/twitter.com\/viniciuspjornal\"],\"url\":\"https:\/\/www.suno.com.br\/noticias\/author\/vinicius-pereira\/\"}]}<\/script>\n<!-- \/ Yoast SEO plugin. -->","yoast_head_json":{"title":"Petrobras (PETR4) reafirma pol\u00edtica de pre\u00e7os ap\u00f3s Bolsonaro citar cia","description":"A Petrobras refor\u00e7ou que \"monitora permanentemente o mercado ap\u00f3s o presidente Jair Bolsonaro citar a companhia. Clique aqui para ler.","robots":{"index":"index","follow":"follow","max-snippet":"max-snippet:-1","max-image-preview":"max-image-preview:large","max-video-preview":"max-video-preview:-1"},"canonical":"https:\/\/www.suno.com.br\/noticias\/petrobras-petr4-reafirma-politica-de-precos-apos-bolsonaro-falar-em-previsibilidade\/","og_locale":"pt_BR","og_type":"article","og_title":"Petrobras (PETR4) reafirma pol\u00edtica de pre\u00e7os ap\u00f3s Bolsonaro citar cia","og_description":"A Petrobras refor\u00e7ou que \"monitora permanentemente o mercado ap\u00f3s o presidente Jair Bolsonaro citar a companhia. Clique aqui para ler.","og_url":"https:\/\/www.suno.com.br\/noticias\/petrobras-petr4-reafirma-politica-de-precos-apos-bolsonaro-falar-em-previsibilidade\/","og_site_name":"Suno Not\u00edcias","article_publisher":"https:\/\/facebook.com\/sunoresearch","og_image":[{"width":1200,"height":800,"url":"https:\/\/files.sunoresearch.com.br\/n\/uploads\/2021\/04\/ce8f7773-petrobras4-1.jpg","type":"image\/jpeg"}],"author":"Vinicius Pereira","twitter_card":"summary_large_image","twitter_creator":"@https:\/\/twitter.com\/viniciuspjornal","twitter_site":"@sunoresearch","twitter_misc":{"Escrito por":"Vinicius Pereira","Est. tempo de leitura":"2 minutos"},"schema":{"@context":"https:\/\/schema.org","@graph":[{"@type":"NewsArticle","@id":"https:\/\/www.suno.com.br\/noticias\/petrobras-petr4-reafirma-politica-de-precos-apos-bolsonaro-falar-em-previsibilidade\/#article","isPartOf":{"@id":"https:\/\/www.suno.com.br\/noticias\/petrobras-petr4-reafirma-politica-de-precos-apos-bolsonaro-falar-em-previsibilidade\/"},"author":{"name":"Vinicius Pereira","@id":"https:\/\/www.suno.com.br\/noticias\/#\/schema\/person\/a20761b96e4df7eb57f1f9e41be1dbf3"},"headline":"Petrobras (PETR4) reafirma pol\u00edtica de pre\u00e7os ap\u00f3s cita\u00e7\u00e3o de Bolsonaro","datePublished":"2021-05-30T13:40:06+00:00","dateModified":"2021-05-30T14:49:42+00:00","mainEntityOfPage":{"@id":"https:\/\/www.suno.com.br\/noticias\/petrobras-petr4-reafirma-politica-de-precos-apos-bolsonaro-falar-em-previsibilidade\/"},"wordCount":491,"publisher":{"@id":"https:\/\/www.suno.com.br\/noticias\/#organization"},"image":{"@id":"https:\/\/www.suno.com.br\/noticias\/petrobras-petr4-reafirma-politica-de-precos-apos-bolsonaro-falar-em-previsibilidade\/#primaryimage"},"thumbnailUrl":"https:\/\/files.sunoresearch.com.br\/n\/uploads\/2021\/04\/ce8f7773-petrobras4-1-jpg.webp","keywords":["PETR3","Petrobras (PETR4)","Petr\u00f3leo"],"articleSection":["Mercado"],"inLanguage":"pt-BR"},{"@type":"WebPage","@id":"https:\/\/www.suno.com.br\/noticias\/petrobras-petr4-reafirma-politica-de-precos-apos-bolsonaro-falar-em-previsibilidade\/","url":"https:\/\/www.suno.com.br\/noticias\/petrobras-petr4-reafirma-politica-de-precos-apos-bolsonaro-falar-em-previsibilidade\/","name":"Petrobras (PETR4) reafirma pol\u00edtica de pre\u00e7os ap\u00f3s Bolsonaro citar cia","isPartOf":{"@id":"https:\/\/www.suno.com.br\/noticias\/#website"},"primaryImageOfPage":{"@id":"https:\/\/www.suno.com.br\/noticias\/petrobras-petr4-reafirma-politica-de-precos-apos-bolsonaro-falar-em-previsibilidade\/#primaryimage"},"image":{"@id":"https:\/\/www.suno.com.br\/noticias\/petrobras-petr4-reafirma-politica-de-precos-apos-bolsonaro-falar-em-previsibilidade\/#primaryimage"},"thumbnailUrl":"https:\/\/files.sunoresearch.com.br\/n\/uploads\/2021\/04\/ce8f7773-petrobras4-1-jpg.webp","datePublished":"2021-05-30T13:40:06+00:00","dateModified":"2021-05-30T14:49:42+00:00","description":"A Petrobras refor\u00e7ou que \"monitora permanentemente o mercado ap\u00f3s o presidente Jair Bolsonaro citar a companhia. Clique aqui para ler.","breadcrumb":{"@id":"https:\/\/www.suno.com.br\/noticias\/petrobras-petr4-reafirma-politica-de-precos-apos-bolsonaro-falar-em-previsibilidade\/#breadcrumb"},"inLanguage":"pt-BR","potentialAction":[{"@type":"ReadAction","target":["https:\/\/www.suno.com.br\/noticias\/petrobras-petr4-reafirma-politica-de-precos-apos-bolsonaro-falar-em-previsibilidade\/"]}]},{"@type":"ImageObject","inLanguage":"pt-BR","@id":"https:\/\/www.suno.com.br\/noticias\/petrobras-petr4-reafirma-politica-de-precos-apos-bolsonaro-falar-em-previsibilidade\/#primaryimage","url":"https:\/\/files.sunoresearch.com.br\/n\/uploads\/2021\/04\/ce8f7773-petrobras4-1-jpg.webp","contentUrl":"https:\/\/files.sunoresearch.com.br\/n\/uploads\/2021\/04\/ce8f7773-petrobras4-1-jpg.webp","width":1200,"height":800,"caption":"Petrobras (PETR4). Foto: Divulga\u00e7\u00e3o"},{"@type":"BreadcrumbList","@id":"https:\/\/www.suno.com.br\/noticias\/petrobras-petr4-reafirma-politica-de-precos-apos-bolsonaro-falar-em-previsibilidade\/#breadcrumb","itemListElement":[{"@type":"ListItem","position":1,"name":"Not\u00edcias","item":"https:\/\/www.suno.com.br\/noticias\/"},{"@type":"ListItem","position":2,"name":"Mercado","item":"https:\/\/www.suno.com.br\/noticias\/mercado\/"},{"@type":"ListItem","position":3,"name":"Petrobras (PETR4) reafirma pol\u00edtica de pre\u00e7os ap\u00f3s cita\u00e7\u00e3o de Bolsonaro"}]},{"@type":"WebSite","@id":"https:\/\/www.suno.com.br\/noticias\/#website","url":"https:\/\/www.suno.com.br\/noticias\/","name":"Suno Not\u00edcias","description":"Seu portal de informa\u00e7\u00e3o sobre o mundo dos investimentos","publisher":{"@id":"https:\/\/www.suno.com.br\/noticias\/#organization"},"potentialAction":[{"@type":"SearchAction","target":{"@type":"EntryPoint","urlTemplate":"https:\/\/www.suno.com.br\/noticias\/?s={search_term_string}"},"query-input":{"@type":"PropertyValueSpecification","valueRequired":true,"valueName":"search_term_string"}}],"inLanguage":"pt-BR"},{"@type":"Organization","@id":"https:\/\/www.suno.com.br\/noticias\/#organization","name":"Suno Not\u00edcias","url":"https:\/\/www.suno.com.br\/noticias\/","logo":{"@type":"ImageObject","inLanguage":"pt-BR","@id":"https:\/\/www.suno.com.br\/noticias\/#\/schema\/logo\/image\/","url":"https:\/\/files.sunoresearch.com.br\/n\/uploads\/2021\/09\/suno-logo.png","contentUrl":"https:\/\/files.sunoresearch.com.br\/n\/uploads\/2021\/09\/suno-logo.png","width":180,"height":180,"caption":"Suno Not\u00edcias"},"image":{"@id":"https:\/\/www.suno.com.br\/noticias\/#\/schema\/logo\/image\/"},"sameAs":["https:\/\/facebook.com\/sunoresearch","https:\/\/x.com\/sunoresearch","https:\/\/www.instagram.com\/suno","https:\/\/www.linkedin.com\/company\/suno-research\/","https:\/\/www.youtube.com\/c\/sunoresearch"]},{"@type":"Person","@id":"https:\/\/www.suno.com.br\/noticias\/#\/schema\/person\/a20761b96e4df7eb57f1f9e41be1dbf3","name":"Vinicius Pereira","image":{"@type":"ImageObject","inLanguage":"pt-BR","@id":"https:\/\/www.suno.com.br\/noticias\/#\/schema\/person\/image\/","url":"https:\/\/secure.gravatar.com\/avatar\/783866b933198f5cc4c5d03fcc8b1301?s=96&r=g","contentUrl":"https:\/\/secure.gravatar.com\/avatar\/783866b933198f5cc4c5d03fcc8b1301?s=96&r=g","caption":"Vinicius Pereira"},"description":"Vinicius Pereira foi rep\u00f3rter de economia da Folha de S.Paulo, stringer do jornal no Canad\u00e1 e colaborador de VEJA. J\u00e1 escreveu tamb\u00e9m para BBC Brasil, The Intercept Brasil e UOL. Tem MBA em Informa\u00e7\u00f5es Econ\u00f4mico-Financeiras e Mercado de Capitais pela FIA\/B3.","sameAs":["https:\/\/x.com\/https:\/\/twitter.com\/viniciuspjornal"],"url":"https:\/\/www.suno.com.br\/noticias\/author\/vinicius-pereira\/"}]}},"default_loop_html":"<div class=\"cardsPage__listCard__boxs\"><div class=\"cardsPage__listCard__boxs__img\"><a href=\"https:\/\/www.suno.com.br\/noticias\/petrobras-petr4-reafirma-politica-de-precos-apos-bolsonaro-falar-em-previsibilidade\/\"><img class=\"mask\" src=\"https:\/\/www.suno.com.br\/noticias\/wp-content\/themes\/suno\/resources\/images\/spotlight\/spotlight1img\/bg-mask.png\" alt=\"Image Mask\"\/><img src=\"https:\/\/files.sunoresearch.com.br\/n\/uploads\/2021\/04\/ce8f7773-petrobras4-1-400x200.webp\" alt=\"Petrobras (PETR4) reafirma pol\u00edtica de pre\u00e7os ap\u00f3s cita\u00e7\u00e3o de Bolsonaro\"\/><\/a><span class=\"spotlightCategory\"><a href=\"https:\/\/www.suno.com.br\/noticias\/mercado\/\">Mercado<\/a><\/span><\/div><div class=\"cardsPage__listCard__boxs__content\"><a href=\"https:\/\/www.suno.com.br\/noticias\/petrobras-petr4-reafirma-politica-de-precos-apos-bolsonaro-falar-em-previsibilidade\/\"><h2 class=\"content__title\">Petrobras (PETR4) reafirma pol\u00edtica de pre\u00e7os ap\u00f3s cita\u00e7\u00e3o de Bolsonaro<\/h2><\/a><div class=\"newsContent__article__meta\"><div class=\"newsContent__article__meta__authorBox\"><a href=\"https:\/\/www.suno.com.br\/noticias\/author\/vinicius-pereira\/\" class=\"authorBox__avatar noMobi\"><img src=\"https:\/\/files.sunoresearch.com.br\/n\/uploads\/2020\/08\/77510613-whatsapp-image-2020-08-03-at-13.40.40-150x150.webp\" alt=\"Vinicius Pereira\"><\/a><div class=\"authorBox__name\"><span>por\n\t\t\t<a href=\"https:\/\/www.suno.com.br\/noticias\/author\/vinicius-pereira\/\"><span itemprop=\"author\">Vinicius Pereira<\/span><\/a><\/span><time datetime=\"2021-05-30T10:40:06-03:00\" itemprop=\"datePublished\">30\/05\/2021 10:40<\/time><\/div><\/div><\/div><\/div><\/div>","single_layout":"posts","amp_enabled":true,"_links":{"self":[{"href":"https:\/\/www.suno.com.br\/noticias\/wp-json\/wp\/v2\/posts\/152304"}],"collection":[{"href":"https:\/\/www.suno.com.br\/noticias\/wp-json\/wp\/v2\/posts"}],"about":[{"href":"https:\/\/www.suno.com.br\/noticias\/wp-json\/wp\/v2\/types\/post"}],"author":[{"embeddable":true,"href":"https:\/\/www.suno.com.br\/noticias\/wp-json\/wp\/v2\/users\/27"}],"replies":[{"embeddable":true,"href":"https:\/\/www.suno.com.br\/noticias\/wp-json\/wp\/v2\/comments?post=152304"}],"version-history":[{"count":4,"href":"https:\/\/www.suno.com.br\/noticias\/wp-json\/wp\/v2\/posts\/152304\/revisions"}],"predecessor-version":[{"id":152941,"href":"https:\/\/www.suno.com.br\/noticias\/wp-json\/wp\/v2\/posts\/152304\/revisions\/152941"}],"wp:featuredmedia":[{"embeddable":true,"href":"https:\/\/www.suno.com.br\/noticias\/wp-json\/wp\/v2\/media\/137760"}],"wp:attachment":[{"href":"https:\/\/www.suno.com.br\/noticias\/wp-json\/wp\/v2\/media?parent=152304"}],"wp:term":[{"taxonomy":"category","embeddable":true,"href":"https:\/\/www.suno.com.br\/noticias\/wp-json\/wp\/v2\/categories?post=152304"},{"taxonomy":"post_tag","embeddable":true,"href":"https:\/\/www.suno.com.br\/noticias\/wp-json\/wp\/v2\/tags?post=152304"},{"taxonomy":"suno_strategy","embeddable":true,"href":"https:\/\/www.suno.com.br\/noticias\/wp-json\/wp\/v2\/suno_strategy?post=152304"}],"curies":[{"name":"wp","href":"https:\/\/api.w.org\/{rel}","templated":true}]}}