{"id":15223,"date":"2019-02-13T18:38:23","date_gmt":"2019-02-13T20:38:23","guid":{"rendered":"https:\/\/www.suno.com.br\/noticias\/?p=15223"},"modified":"2019-02-13T18:38:23","modified_gmt":"2019-02-13T20:38:23","slug":"general-brasileiro-integrara-comando-militar-eua","status":"publish","type":"post","link":"https:\/\/www.suno.com.br\/noticias\/general-brasileiro-integrara-comando-militar-eua\/","title":{"rendered":"General brasileiro integrar\u00e1 comando militar dos EUA"},"content":{"rendered":"<p>Um <strong>general brasileiro<\/strong> entrar\u00e1 no\u00a0<strong>Comando Sul (US SouthCom)<\/strong> das <strong>For\u00e7as Armadas<\/strong> dos <strong>Estados Unidos.<\/strong> A not\u00edcia foi divulgada pelo almirante\u00a0Craig Faller, comandante da divis\u00e3o para a seguran\u00e7a dos <strong>EUA<\/strong> na <strong>Am\u00e9rica Central, Caribe<\/strong> e a <strong>Am\u00e9rica do Sul.<\/strong> O alto oficial brasileiro dever\u00e1 integrar o comando ainda esse ano.<\/p>\t<div class=\"wrapper-featured-image\">\n\t\t<figure class=\"spotlightImg\">\n\n\t\t\t<picture>\n\t\t\t\t<source media=\"(max-width: 768px)\" srcset=\"https:\/\/files.sunoresearch.com.br\/n\/uploads\/2019\/02\/96ed410c-us-south-command-400x200.webp\">\n\t\t\t\t<img loading=\"lazy\" decoding=\"async\" class=\"newsContent__article__imgCapa lazyloadDisabled newsContent__article__imgCapa--noCaption\" src=\"https:\/\/files.sunoresearch.com.br\/n\/uploads\/2019\/02\/96ed410c-us-south-command-jpg.webp\" width=\"800\" height=\"450\" alt=\"General brasileiro integrar\u00e1 comando militar dos EUA\" fetchpriority=high \/>\n\t\t\t<\/picture>\n\n\t\t\t<figcaption class=\"wp-caption-text wp-caption-text--hide\"><\/figcaption>\n\t\t<\/figure>\n\t<\/div>\n\n\n<p>O almirante <strong>Fallen<\/strong> divulgou a not\u00edcia durante uma audi\u00eancia na\u00a0<strong>Comiss\u00e3o de For\u00e7as Armadas do Senado dos Estados Unidos.<\/strong> Segundo o <strong>militar<\/strong> norte-americano,\u00a0o <strong>Brasil<\/strong> est\u00e1 entre os pa\u00edses com os quais os <strong>EUA<\/strong> incrementaram <strong>parcerias.<\/strong> Outros <strong>pa\u00edses<\/strong> citados por Fallen s\u00e3o o <strong>Chile<\/strong> e a <strong>Col\u00f4mbia.<\/strong><\/p>\n<p>&#8220;At\u00e9 o fim do ano o <strong>Brasil<\/strong> enviar\u00e1 um <strong>general<\/strong> para servir como vice-comandante de interoperabilidade do <strong>Comando Sul&#8221;,<\/strong> explicou <strong>Fallen<\/strong> e seu depoimento.<\/p>\n<h2>Pa\u00edses parceiros dos EUA<\/h2>\n<p>Para o <strong>almirante,<\/strong> o <strong>Brasil<\/strong> \u00e9 o primeiro signat\u00e1rio na <strong>Am\u00e9rica Latina<\/strong> do <strong>acordo para uso pac\u00edfico do espa\u00e7o<\/strong> (Space Situational Awareness Agreement, em ingl\u00eas). Por sua vez, a <strong>Col\u00f4mbia<\/strong> \u00e9 o primeiro parceiro latino-americano parceiro da\u00a0<strong>Organiza\u00e7\u00e3o da Alian\u00e7a do Atl\u00e2ntico Norte (OTAN).<\/strong> Enquanto o <strong>Chile<\/strong> \u00e9 parte do maior exerc\u00edcio de <strong>guerra<\/strong> mar\u00edtima do mundo, chamado de &#8220;Rim of the Pacific&#8221;.<\/p>\n<p>Fallen salientou a import\u00e2ncia da <strong>parceria<\/strong> como fundamental para a pol\u00edtica de seguran\u00e7a dos <strong>Estados Unidos:<\/strong> &#8220;Queremos inimigos que nos temam e amigos que fa\u00e7am parceria conosco&#8221;, declarou o <strong>almirante.<\/strong><\/p>\n<p>Segundo a vis\u00e3o <strong>estrat\u00e9gica<\/strong> dos <strong>EUA,<\/strong> seis pa\u00edses s\u00e3o amea\u00e7as aos interesses americanos: <strong>R\u00fassia, China, Ir\u00e3.<\/strong> Na <strong>Am\u00e9rica Latina<\/strong> eles t\u00eam &#8220;aliados autorit\u00e1rios&#8221; em <strong>Cuba, Nicar\u00e1gua<\/strong> e <strong>Venezuela.<\/strong> O almirante expressou preocupa\u00e7\u00e3o com os <strong>exerc\u00edcios militares<\/strong> russos na\u00a0Venezuela, at\u00e9 com for\u00e7as nucleares. Ele salientou o apoio de Moscou ao regime de <strong>Nicol\u00e1s Maduro<\/strong> como uma amea\u00e7a aos <strong>Estados Unidos.<\/strong><\/p>\n<p>Por sua vez, o almirante indicou as &#8220;pr\u00e1ticas predat\u00f3rias&#8221; da <strong>China<\/strong> na <strong>regi\u00e3o.<\/strong> Ele menciona o empr\u00e9stimo de US$ 150 bilh\u00f5es concedido por <strong>Pequim<\/strong> a <strong>pa\u00edses<\/strong> da <strong>America Latina.<\/strong> Segundo Fallen, o objetivo desse <strong>empr\u00e9stimo<\/strong> seria controlar as <strong>infraestruturas,<\/strong> principalmente <strong>portos,<\/strong> e fortalecer a <strong>presen\u00e7a chinesa<\/strong> na <strong>regi\u00e3o.<\/strong> Um dos principais interesses da <strong>China<\/strong> seria o canal do <strong>Panam\u00e1.<\/strong><\/p>\n<h2>Minist\u00e9rio da Defesa confirma<\/h2>\n<p>O <strong>Minist\u00e9rio da Defesa do Brasil<\/strong> confirmou a presen\u00e7a de um general na estrutura do comando militar sul dos <strong>EUA.<\/strong> Essa seria a primeira vez que um militar brasileiro participa de uma miss\u00e3o desse tipo O <strong>Pa\u00eds<\/strong> j\u00e1\u00a0participa de interc\u00e2mbios com as <strong>For\u00e7as Armadas<\/strong> de outras <strong>na\u00e7\u00f5es,<\/strong> al\u00e9m de <strong>for\u00e7as<\/strong><br \/>\n<strong>multilaterais em miss\u00f5es internacionais.<\/strong> Entretanto, jamais integrou o comando de nenhuma For\u00e7a Armada estrangeira.\u00a0Todavia, o ministro da Defesa, Fernando Azevedo, descartou que a participa\u00e7\u00e3o de um <strong>general<\/strong> brasileiro possa resultar em uma <strong>interven\u00e7\u00e3o militar<\/strong> na <strong>Venezuela.<\/strong><\/p>\n","protected":false},"excerpt":{"rendered":"<p>Um general brasileiro entrar\u00e1 no\u00a0Comando Sul (US SouthCom) das For\u00e7as Armadas dos Estados Unidos. A not\u00edcia foi divulgada pelo almirante\u00a0Craig Faller, comandante da divis\u00e3o para a seguran\u00e7a dos EUA na Am\u00e9rica Central, Caribe e a Am\u00e9rica do Sul. O alto oficial brasileiro dever\u00e1 integrar o comando ainda esse ano. O almirante Fallen divulgou a not\u00edcia [&hellip;]<\/p>\n","protected":false},"author":9,"featured_media":15234,"comment_status":"closed","ping_status":"closed","sticky":false,"template":"","format":"standard","meta":[],"categories":[63],"tags":[793,1154,1153],"suno_strategy":[],"class_list":["post-15223","post","type-post","status-publish","format-standard","has-post-thumbnail","hentry","category-internacional","tag-estados-unidos-eua","tag-forcas-armadas","tag-ministerio-defesa"],"yoast_head":"<!-- This site is optimized with the Yoast SEO plugin v24.4 - https:\/\/yoast.com\/wordpress\/plugins\/seo\/ -->\n<title>General brasileiro integrar\u00e1 comando militar dos EUA<\/title>\n<meta name=\"description\" content=\"Um general brasileiro entrar\u00e1 no\u00a0Comando Sul (SouthCom) das For\u00e7as Armadas dos Estados Unidos. Clique aqui para saber mais.\" \/>\n<meta name=\"robots\" content=\"index, follow, max-snippet:-1, max-image-preview:large, max-video-preview:-1\" \/>\n<link rel=\"canonical\" href=\"https:\/\/www.suno.com.br\/noticias\/general-brasileiro-integrara-comando-militar-eua\/\" \/>\n<meta property=\"og:locale\" content=\"pt_BR\" \/>\n<meta property=\"og:type\" content=\"article\" \/>\n<meta property=\"og:title\" content=\"General brasileiro integrar\u00e1 comando militar dos EUA\" \/>\n<meta property=\"og:description\" content=\"Um general brasileiro entrar\u00e1 no\u00a0Comando Sul (SouthCom) das For\u00e7as Armadas dos Estados Unidos. Clique aqui para saber mais.\" \/>\n<meta property=\"og:url\" content=\"https:\/\/www.suno.com.br\/noticias\/general-brasileiro-integrara-comando-militar-eua\/\" \/>\n<meta property=\"og:site_name\" content=\"Suno Not\u00edcias\" \/>\n<meta property=\"article:publisher\" content=\"https:\/\/facebook.com\/sunoresearch\" \/>\n<meta property=\"og:image\" content=\"https:\/\/files.sunoresearch.com.br\/n\/uploads\/2019\/02\/96ed410c-us-south-command.jpg\" \/>\n\t<meta property=\"og:image:width\" content=\"788\" \/>\n\t<meta property=\"og:image:height\" content=\"540\" \/>\n\t<meta property=\"og:image:type\" content=\"image\/jpeg\" \/>\n<meta name=\"author\" content=\"Carlo Cauti\" \/>\n<meta name=\"twitter:card\" content=\"summary_large_image\" \/>\n<meta name=\"twitter:creator\" content=\"@sunoresearch\" \/>\n<meta name=\"twitter:site\" content=\"@sunoresearch\" \/>\n<meta name=\"twitter:label1\" content=\"Escrito por\" \/>\n\t<meta name=\"twitter:data1\" content=\"Carlo Cauti\" \/>\n\t<meta name=\"twitter:label2\" content=\"Est. tempo de leitura\" \/>\n\t<meta name=\"twitter:data2\" content=\"2 minutos\" \/>\n<script type=\"application\/ld+json\" class=\"yoast-schema-graph\">{\"@context\":\"https:\/\/schema.org\",\"@graph\":[{\"@type\":\"NewsArticle\",\"@id\":\"https:\/\/www.suno.com.br\/noticias\/general-brasileiro-integrara-comando-militar-eua\/#article\",\"isPartOf\":{\"@id\":\"https:\/\/www.suno.com.br\/noticias\/general-brasileiro-integrara-comando-militar-eua\/\"},\"author\":{\"name\":\"Carlo Cauti\",\"@id\":\"https:\/\/www.suno.com.br\/noticias\/#\/schema\/person\/e6e0f723cc177805027f4566c1d5e0c8\"},\"headline\":\"General brasileiro integrar\u00e1 comando militar dos EUA\",\"datePublished\":\"2019-02-13T20:38:23+00:00\",\"mainEntityOfPage\":{\"@id\":\"https:\/\/www.suno.com.br\/noticias\/general-brasileiro-integrara-comando-militar-eua\/\"},\"wordCount\":501,\"publisher\":{\"@id\":\"https:\/\/www.suno.com.br\/noticias\/#organization\"},\"image\":{\"@id\":\"https:\/\/www.suno.com.br\/noticias\/general-brasileiro-integrara-comando-militar-eua\/#primaryimage\"},\"thumbnailUrl\":\"https:\/\/files.sunoresearch.com.br\/n\/uploads\/2019\/02\/96ed410c-us-south-command-jpg.webp\",\"keywords\":[\"Estados Unidos (EUA)\",\"For\u00e7as Armadas\",\"Minist\u00e9rio da Defesa\"],\"articleSection\":[\"Internacional\"],\"inLanguage\":\"pt-BR\"},{\"@type\":\"WebPage\",\"@id\":\"https:\/\/www.suno.com.br\/noticias\/general-brasileiro-integrara-comando-militar-eua\/\",\"url\":\"https:\/\/www.suno.com.br\/noticias\/general-brasileiro-integrara-comando-militar-eua\/\",\"name\":\"General brasileiro integrar\u00e1 comando militar dos EUA\",\"isPartOf\":{\"@id\":\"https:\/\/www.suno.com.br\/noticias\/#website\"},\"primaryImageOfPage\":{\"@id\":\"https:\/\/www.suno.com.br\/noticias\/general-brasileiro-integrara-comando-militar-eua\/#primaryimage\"},\"image\":{\"@id\":\"https:\/\/www.suno.com.br\/noticias\/general-brasileiro-integrara-comando-militar-eua\/#primaryimage\"},\"thumbnailUrl\":\"https:\/\/files.sunoresearch.com.br\/n\/uploads\/2019\/02\/96ed410c-us-south-command-jpg.webp\",\"datePublished\":\"2019-02-13T20:38:23+00:00\",\"description\":\"Um general brasileiro entrar\u00e1 no\u00a0Comando Sul (SouthCom) das For\u00e7as Armadas dos Estados Unidos. Clique aqui para saber mais.\",\"breadcrumb\":{\"@id\":\"https:\/\/www.suno.com.br\/noticias\/general-brasileiro-integrara-comando-militar-eua\/#breadcrumb\"},\"inLanguage\":\"pt-BR\",\"potentialAction\":[{\"@type\":\"ReadAction\",\"target\":[\"https:\/\/www.suno.com.br\/noticias\/general-brasileiro-integrara-comando-militar-eua\/\"]}]},{\"@type\":\"ImageObject\",\"inLanguage\":\"pt-BR\",\"@id\":\"https:\/\/www.suno.com.br\/noticias\/general-brasileiro-integrara-comando-militar-eua\/#primaryimage\",\"url\":\"https:\/\/files.sunoresearch.com.br\/n\/uploads\/2019\/02\/96ed410c-us-south-command-jpg.webp\",\"contentUrl\":\"https:\/\/files.sunoresearch.com.br\/n\/uploads\/2019\/02\/96ed410c-us-south-command-jpg.webp\",\"width\":788,\"height\":540},{\"@type\":\"BreadcrumbList\",\"@id\":\"https:\/\/www.suno.com.br\/noticias\/general-brasileiro-integrara-comando-militar-eua\/#breadcrumb\",\"itemListElement\":[{\"@type\":\"ListItem\",\"position\":1,\"name\":\"Not\u00edcias\",\"item\":\"https:\/\/www.suno.com.br\/noticias\/\"},{\"@type\":\"ListItem\",\"position\":2,\"name\":\"Internacional\",\"item\":\"https:\/\/www.suno.com.br\/noticias\/internacional\/\"},{\"@type\":\"ListItem\",\"position\":3,\"name\":\"General brasileiro integrar\u00e1 comando militar dos EUA\"}]},{\"@type\":\"WebSite\",\"@id\":\"https:\/\/www.suno.com.br\/noticias\/#website\",\"url\":\"https:\/\/www.suno.com.br\/noticias\/\",\"name\":\"Suno Not\u00edcias\",\"description\":\"Seu portal de informa\u00e7\u00e3o sobre o mundo dos investimentos\",\"publisher\":{\"@id\":\"https:\/\/www.suno.com.br\/noticias\/#organization\"},\"potentialAction\":[{\"@type\":\"SearchAction\",\"target\":{\"@type\":\"EntryPoint\",\"urlTemplate\":\"https:\/\/www.suno.com.br\/noticias\/?s={search_term_string}\"},\"query-input\":{\"@type\":\"PropertyValueSpecification\",\"valueRequired\":true,\"valueName\":\"search_term_string\"}}],\"inLanguage\":\"pt-BR\"},{\"@type\":\"Organization\",\"@id\":\"https:\/\/www.suno.com.br\/noticias\/#organization\",\"name\":\"Suno Not\u00edcias\",\"url\":\"https:\/\/www.suno.com.br\/noticias\/\",\"logo\":{\"@type\":\"ImageObject\",\"inLanguage\":\"pt-BR\",\"@id\":\"https:\/\/www.suno.com.br\/noticias\/#\/schema\/logo\/image\/\",\"url\":\"https:\/\/files.sunoresearch.com.br\/n\/uploads\/2021\/09\/suno-logo.png\",\"contentUrl\":\"https:\/\/files.sunoresearch.com.br\/n\/uploads\/2021\/09\/suno-logo.png\",\"width\":180,\"height\":180,\"caption\":\"Suno Not\u00edcias\"},\"image\":{\"@id\":\"https:\/\/www.suno.com.br\/noticias\/#\/schema\/logo\/image\/\"},\"sameAs\":[\"https:\/\/facebook.com\/sunoresearch\",\"https:\/\/x.com\/sunoresearch\",\"https:\/\/www.instagram.com\/suno\",\"https:\/\/www.linkedin.com\/company\/suno-research\/\",\"https:\/\/www.youtube.com\/c\/sunoresearch\"]},{\"@type\":\"Person\",\"@id\":\"https:\/\/www.suno.com.br\/noticias\/#\/schema\/person\/e6e0f723cc177805027f4566c1d5e0c8\",\"name\":\"Carlo Cauti\",\"image\":{\"@type\":\"ImageObject\",\"inLanguage\":\"pt-BR\",\"@id\":\"https:\/\/www.suno.com.br\/noticias\/#\/schema\/person\/image\/\",\"url\":\"https:\/\/secure.gravatar.com\/avatar\/3ada9e0bd164c23abd4792a9606d583c?s=96&r=g\",\"contentUrl\":\"https:\/\/secure.gravatar.com\/avatar\/3ada9e0bd164c23abd4792a9606d583c?s=96&r=g\",\"caption\":\"Carlo Cauti\"},\"description\":\"Editor multim\u00eddia do SUNO Not\u00edcias. Italiano, formado em Ci\u00eancias Pol\u00edticas pela universidade LUISS G. Carli de Roma e mestre cum laude em Rela\u00e7\u00f5es Internacionais, Jornalismo Internacional e de Guerra e em Economia Internacional. Concluiu tamb\u00e9m um MBA em Finan\u00e7as na B3. No Brasil, teve passagem por ve\u00edculos como Estad\u00e3o, Globo, Veja e EXAME. e nas ag\u00eancias de not\u00edcias italianas ANSA e NOVA.\",\"url\":\"https:\/\/www.suno.com.br\/noticias\/author\/carlo-cauti\/\"}]}<\/script>\n<!-- \/ Yoast SEO plugin. -->","yoast_head_json":{"title":"General brasileiro integrar\u00e1 comando militar dos EUA","description":"Um general brasileiro entrar\u00e1 no\u00a0Comando Sul (SouthCom) das For\u00e7as Armadas dos Estados Unidos. Clique aqui para saber mais.","robots":{"index":"index","follow":"follow","max-snippet":"max-snippet:-1","max-image-preview":"max-image-preview:large","max-video-preview":"max-video-preview:-1"},"canonical":"https:\/\/www.suno.com.br\/noticias\/general-brasileiro-integrara-comando-militar-eua\/","og_locale":"pt_BR","og_type":"article","og_title":"General brasileiro integrar\u00e1 comando militar dos EUA","og_description":"Um general brasileiro entrar\u00e1 no\u00a0Comando Sul (SouthCom) das For\u00e7as Armadas dos Estados Unidos. Clique aqui para saber mais.","og_url":"https:\/\/www.suno.com.br\/noticias\/general-brasileiro-integrara-comando-militar-eua\/","og_site_name":"Suno Not\u00edcias","article_publisher":"https:\/\/facebook.com\/sunoresearch","og_image":[{"width":788,"height":540,"url":"https:\/\/files.sunoresearch.com.br\/n\/uploads\/2019\/02\/96ed410c-us-south-command.jpg","type":"image\/jpeg"}],"author":"Carlo Cauti","twitter_card":"summary_large_image","twitter_creator":"@sunoresearch","twitter_site":"@sunoresearch","twitter_misc":{"Escrito por":"Carlo Cauti","Est. tempo de leitura":"2 minutos"},"schema":{"@context":"https:\/\/schema.org","@graph":[{"@type":"NewsArticle","@id":"https:\/\/www.suno.com.br\/noticias\/general-brasileiro-integrara-comando-militar-eua\/#article","isPartOf":{"@id":"https:\/\/www.suno.com.br\/noticias\/general-brasileiro-integrara-comando-militar-eua\/"},"author":{"name":"Carlo Cauti","@id":"https:\/\/www.suno.com.br\/noticias\/#\/schema\/person\/e6e0f723cc177805027f4566c1d5e0c8"},"headline":"General brasileiro integrar\u00e1 comando militar dos EUA","datePublished":"2019-02-13T20:38:23+00:00","mainEntityOfPage":{"@id":"https:\/\/www.suno.com.br\/noticias\/general-brasileiro-integrara-comando-militar-eua\/"},"wordCount":501,"publisher":{"@id":"https:\/\/www.suno.com.br\/noticias\/#organization"},"image":{"@id":"https:\/\/www.suno.com.br\/noticias\/general-brasileiro-integrara-comando-militar-eua\/#primaryimage"},"thumbnailUrl":"https:\/\/files.sunoresearch.com.br\/n\/uploads\/2019\/02\/96ed410c-us-south-command-jpg.webp","keywords":["Estados Unidos (EUA)","For\u00e7as Armadas","Minist\u00e9rio da Defesa"],"articleSection":["Internacional"],"inLanguage":"pt-BR"},{"@type":"WebPage","@id":"https:\/\/www.suno.com.br\/noticias\/general-brasileiro-integrara-comando-militar-eua\/","url":"https:\/\/www.suno.com.br\/noticias\/general-brasileiro-integrara-comando-militar-eua\/","name":"General brasileiro integrar\u00e1 comando militar dos EUA","isPartOf":{"@id":"https:\/\/www.suno.com.br\/noticias\/#website"},"primaryImageOfPage":{"@id":"https:\/\/www.suno.com.br\/noticias\/general-brasileiro-integrara-comando-militar-eua\/#primaryimage"},"image":{"@id":"https:\/\/www.suno.com.br\/noticias\/general-brasileiro-integrara-comando-militar-eua\/#primaryimage"},"thumbnailUrl":"https:\/\/files.sunoresearch.com.br\/n\/uploads\/2019\/02\/96ed410c-us-south-command-jpg.webp","datePublished":"2019-02-13T20:38:23+00:00","description":"Um general brasileiro entrar\u00e1 no\u00a0Comando Sul (SouthCom) das For\u00e7as Armadas dos Estados Unidos. Clique aqui para saber mais.","breadcrumb":{"@id":"https:\/\/www.suno.com.br\/noticias\/general-brasileiro-integrara-comando-militar-eua\/#breadcrumb"},"inLanguage":"pt-BR","potentialAction":[{"@type":"ReadAction","target":["https:\/\/www.suno.com.br\/noticias\/general-brasileiro-integrara-comando-militar-eua\/"]}]},{"@type":"ImageObject","inLanguage":"pt-BR","@id":"https:\/\/www.suno.com.br\/noticias\/general-brasileiro-integrara-comando-militar-eua\/#primaryimage","url":"https:\/\/files.sunoresearch.com.br\/n\/uploads\/2019\/02\/96ed410c-us-south-command-jpg.webp","contentUrl":"https:\/\/files.sunoresearch.com.br\/n\/uploads\/2019\/02\/96ed410c-us-south-command-jpg.webp","width":788,"height":540},{"@type":"BreadcrumbList","@id":"https:\/\/www.suno.com.br\/noticias\/general-brasileiro-integrara-comando-militar-eua\/#breadcrumb","itemListElement":[{"@type":"ListItem","position":1,"name":"Not\u00edcias","item":"https:\/\/www.suno.com.br\/noticias\/"},{"@type":"ListItem","position":2,"name":"Internacional","item":"https:\/\/www.suno.com.br\/noticias\/internacional\/"},{"@type":"ListItem","position":3,"name":"General brasileiro integrar\u00e1 comando militar dos EUA"}]},{"@type":"WebSite","@id":"https:\/\/www.suno.com.br\/noticias\/#website","url":"https:\/\/www.suno.com.br\/noticias\/","name":"Suno Not\u00edcias","description":"Seu portal de informa\u00e7\u00e3o sobre o mundo dos investimentos","publisher":{"@id":"https:\/\/www.suno.com.br\/noticias\/#organization"},"potentialAction":[{"@type":"SearchAction","target":{"@type":"EntryPoint","urlTemplate":"https:\/\/www.suno.com.br\/noticias\/?s={search_term_string}"},"query-input":{"@type":"PropertyValueSpecification","valueRequired":true,"valueName":"search_term_string"}}],"inLanguage":"pt-BR"},{"@type":"Organization","@id":"https:\/\/www.suno.com.br\/noticias\/#organization","name":"Suno Not\u00edcias","url":"https:\/\/www.suno.com.br\/noticias\/","logo":{"@type":"ImageObject","inLanguage":"pt-BR","@id":"https:\/\/www.suno.com.br\/noticias\/#\/schema\/logo\/image\/","url":"https:\/\/files.sunoresearch.com.br\/n\/uploads\/2021\/09\/suno-logo.png","contentUrl":"https:\/\/files.sunoresearch.com.br\/n\/uploads\/2021\/09\/suno-logo.png","width":180,"height":180,"caption":"Suno Not\u00edcias"},"image":{"@id":"https:\/\/www.suno.com.br\/noticias\/#\/schema\/logo\/image\/"},"sameAs":["https:\/\/facebook.com\/sunoresearch","https:\/\/x.com\/sunoresearch","https:\/\/www.instagram.com\/suno","https:\/\/www.linkedin.com\/company\/suno-research\/","https:\/\/www.youtube.com\/c\/sunoresearch"]},{"@type":"Person","@id":"https:\/\/www.suno.com.br\/noticias\/#\/schema\/person\/e6e0f723cc177805027f4566c1d5e0c8","name":"Carlo Cauti","image":{"@type":"ImageObject","inLanguage":"pt-BR","@id":"https:\/\/www.suno.com.br\/noticias\/#\/schema\/person\/image\/","url":"https:\/\/secure.gravatar.com\/avatar\/3ada9e0bd164c23abd4792a9606d583c?s=96&r=g","contentUrl":"https:\/\/secure.gravatar.com\/avatar\/3ada9e0bd164c23abd4792a9606d583c?s=96&r=g","caption":"Carlo Cauti"},"description":"Editor multim\u00eddia do SUNO Not\u00edcias. Italiano, formado em Ci\u00eancias Pol\u00edticas pela universidade LUISS G. Carli de Roma e mestre cum laude em Rela\u00e7\u00f5es Internacionais, Jornalismo Internacional e de Guerra e em Economia Internacional. Concluiu tamb\u00e9m um MBA em Finan\u00e7as na B3. No Brasil, teve passagem por ve\u00edculos como Estad\u00e3o, Globo, Veja e EXAME. e nas ag\u00eancias de not\u00edcias italianas ANSA e NOVA.","url":"https:\/\/www.suno.com.br\/noticias\/author\/carlo-cauti\/"}]}},"default_loop_html":"<div class=\"cardsPage__listCard__boxs\"><div class=\"cardsPage__listCard__boxs__img\"><a href=\"https:\/\/www.suno.com.br\/noticias\/general-brasileiro-integrara-comando-militar-eua\/\"><img class=\"mask\" src=\"https:\/\/www.suno.com.br\/noticias\/wp-content\/themes\/suno\/resources\/images\/spotlight\/spotlight1img\/bg-mask.png\" alt=\"Image Mask\"\/><img src=\"https:\/\/files.sunoresearch.com.br\/n\/uploads\/2019\/02\/96ed410c-us-south-command-400x200.webp\" alt=\"General brasileiro integrar\u00e1 comando militar dos EUA\"\/><\/a><span class=\"spotlightCategory\"><a href=\"https:\/\/www.suno.com.br\/noticias\/internacional\/\">Internacional<\/a><\/span><\/div><div class=\"cardsPage__listCard__boxs__content\"><a href=\"https:\/\/www.suno.com.br\/noticias\/general-brasileiro-integrara-comando-militar-eua\/\"><h2 class=\"content__title\">General brasileiro integrar\u00e1 comando militar dos EUA<\/h2><\/a><div class=\"newsContent__article__meta\"><div class=\"newsContent__article__meta__authorBox\"><a href=\"https:\/\/www.suno.com.br\/noticias\/author\/carlo-cauti\/\" class=\"authorBox__avatar noMobi\"><img src=\"https:\/\/files.sunoresearch.com.br\/n\/uploads\/2020\/08\/e3745f9a-perfil-carlo-cauti-150x150.webp\" alt=\"Carlo Cauti\"><\/a><div class=\"authorBox__name\"><span>por\n\t\t\t<a href=\"https:\/\/www.suno.com.br\/noticias\/author\/carlo-cauti\/\"><span itemprop=\"author\">Carlo Cauti<\/span><\/a><\/span><time datetime=\"2019-02-13T18:38:23-02:00\" itemprop=\"datePublished\">13\/02\/2019 18:38<\/time><\/div><\/div><\/div><\/div><\/div>","single_layout":"posts","amp_enabled":true,"_links":{"self":[{"href":"https:\/\/www.suno.com.br\/noticias\/wp-json\/wp\/v2\/posts\/15223"}],"collection":[{"href":"https:\/\/www.suno.com.br\/noticias\/wp-json\/wp\/v2\/posts"}],"about":[{"href":"https:\/\/www.suno.com.br\/noticias\/wp-json\/wp\/v2\/types\/post"}],"author":[{"embeddable":true,"href":"https:\/\/www.suno.com.br\/noticias\/wp-json\/wp\/v2\/users\/9"}],"replies":[{"embeddable":true,"href":"https:\/\/www.suno.com.br\/noticias\/wp-json\/wp\/v2\/comments?post=15223"}],"version-history":[{"count":0,"href":"https:\/\/www.suno.com.br\/noticias\/wp-json\/wp\/v2\/posts\/15223\/revisions"}],"wp:featuredmedia":[{"embeddable":true,"href":"https:\/\/www.suno.com.br\/noticias\/wp-json\/wp\/v2\/media\/15234"}],"wp:attachment":[{"href":"https:\/\/www.suno.com.br\/noticias\/wp-json\/wp\/v2\/media?parent=15223"}],"wp:term":[{"taxonomy":"category","embeddable":true,"href":"https:\/\/www.suno.com.br\/noticias\/wp-json\/wp\/v2\/categories?post=15223"},{"taxonomy":"post_tag","embeddable":true,"href":"https:\/\/www.suno.com.br\/noticias\/wp-json\/wp\/v2\/tags?post=15223"},{"taxonomy":"suno_strategy","embeddable":true,"href":"https:\/\/www.suno.com.br\/noticias\/wp-json\/wp\/v2\/suno_strategy?post=15223"}],"curies":[{"name":"wp","href":"https:\/\/api.w.org\/{rel}","templated":true}]}}