{"id":15201,"date":"2019-02-13T17:15:06","date_gmt":"2019-02-13T19:15:06","guid":{"rendered":"https:\/\/www.suno.com.br\/noticias\/?p=15201"},"modified":"2021-02-18T17:53:57","modified_gmt":"2021-02-18T20:53:57","slug":"dolar-alta-otimismo-acordo-comercial","status":"publish","type":"post","link":"https:\/\/www.suno.com.br\/noticias\/dolar-alta-otimismo-acordo-comercial\/","title":{"rendered":"D\u00f3lar fecha em alta devido ao otimismo em rela\u00e7\u00e3o ao acordo comercial"},"content":{"rendered":"<p>O d\u00f3lar operou novamente em alta e nesta quarta-feira (13) registrou um crescimento de 1,05% sendo cotado a R$ 3,7506.<\/p>\t<div class=\"wrapper-featured-image\">\n\t\t<figure class=\"spotlightImg\">\n\n\t\t\t<picture>\n\t\t\t\t<source media=\"(max-width: 768px)\" srcset=\"https:\/\/files.sunoresearch.com.br\/n\/uploads\/2019\/01\/1e328bf6-d\u00f3lar-400x200.webp\">\n\t\t\t\t<img loading=\"lazy\" decoding=\"async\" class=\"newsContent__article__imgCapa lazyloadDisabled newsContent__article__imgCapa--noCaption\" src=\"https:\/\/files.sunoresearch.com.br\/n\/uploads\/2019\/01\/1e328bf6-d\u00f3lar.jpg\" width=\"800\" height=\"450\" alt=\"D\u00f3lar fecha em alta devido ao otimismo em rela\u00e7\u00e3o ao acordo comercial\" fetchpriority=high \/>\n\t\t\t<\/picture>\n\n\t\t\t<figcaption class=\"wp-caption-text wp-caption-text--hide\">O d\u00f3lar encerrou nesta sexta-feira em alta de 1,14%, negociado a R$ 5,326 na venda, batendo um novo record. Clique aqui para saber mais<\/figcaption>\n\t\t<\/figure>\n\t<\/div>\n\n\n<p>No in\u00edcio do preg\u00e3o, a <strong>moeda norte-americana<\/strong> anotou sua pior marca do dia sendo cotada em R$\u00a03,7182 valor pr\u00f3ximo ao do fechamento da \u00faltima ter\u00e7a-feira (12). No entanto, ap\u00f3s isso o <strong>d\u00f3lar<\/strong> passou a subir at\u00e9 que pr\u00f3ximo as 14h40 registrou sua maior <strong>cota\u00e7\u00e3o<\/strong> da sess\u00e3o sendo avaliada em R$\u00a03,7556.<\/p>\n<h2>Outras cota\u00e7\u00f5es<\/h2>\n<ul>\n<li><strong>Euro: <\/strong>alta de 0,668% (R$ 4,2345);<\/li>\n<li><strong>Libra: <\/strong>alta de 0,831% (R$ 4,8274);<\/li>\n<li><strong>Peso Argentino: <\/strong>alta de 0,511% (R$ 0,0983);<\/li>\n<li><strong>Yuan (China): <\/strong>alta de 1,298% (R$ 0,5552);<\/li>\n<li><strong>Iene (Jap\u00e3o):\u00a0<\/strong>alta de 0,721% (R$ 0,338);<\/li>\n<li><strong>Bitcoin: <\/strong>queda de 0,2% (R$\u00a013.397,14).<\/li>\n<\/ul>\n<p>Principais assuntos que movimentaram a moeda nesta quarta:<\/p>\n<ul>\n<li><strong>Negocia\u00e7\u00f5es comerciais;<\/strong><\/li>\n<li><strong>Bolsonaro recebe alta;<\/strong><\/li>\n<li><strong>Movimenta\u00e7\u00e3o Banco Central.<\/strong><\/li>\n<\/ul>\n<h2>Negocia\u00e7\u00f5es comerciais<\/h2>\n<p>Na \u00faltima ter\u00e7a-feira (12), o presidente dos Estados Unidos, Donald Trump, afirmou que o prazo para fechamento do acordo comercial com a China, previsto para 1\u00ba de mar\u00e7o, pode ser prorrogado.<\/p>\n<p><a href=\"https:\/\/www.suno.com.br\/noticias\/prazo-acordo-comercial-prorrogado-trump\/\">Saiba mais:\u00a0Prazo para fechar acordo comercial pode ser prorrogado, diz Trump<\/a><\/p>\n<p>&nbsp;<\/p>\n<p>Al\u00e9m disso, disse que espera se reunir em algum momento com o presidente da <strong>China<\/strong>, <strong>Xi Jinping<\/strong>, para realizar o <strong>acordo comercial<\/strong>.<\/p>\n<p>Autoridades dos <strong>Estados Unidos<\/strong> chegara a <strong>Pequim<\/strong> nesta ter\u00e7a-feira (12). Dessa forma, as autoridades ir\u00e3o se reunir com o vice-primeiro-ministro chin\u00eas, <strong>Liu He<\/strong>, para as negocia\u00e7\u00f5es de alto n\u00edvel.<\/p>\n<p><a href=\"https:\/\/www.suno.com.br\/noticias\/eua-china-negociacoes-guerra-comercial\/\">Saiba mais: Representante comercial dos EUA chega \u00e0 China para negocia\u00e7\u00f5es<\/a><\/p>\n<p>O objetivo das duas <strong>pot\u00eancias econ\u00f4micas<\/strong> \u00e9 fechar um acordo que de fim a guerra comercial antes do prazo de 1\u00ba de mar\u00e7o, evitando o aumento das tarifas.<\/p>\n<div class=\"mc-column content-text active-extra-styles active-capital-letter\" data-block-type=\"unstyled\" data-block-weight=\"54\" data-block-id=\"1\">\n<p class=\"content-text__container theme-color-primary-first-letter\" data-track-category=\"Link no Texto\" data-track-links=\"\">De acordo com Trump, caso as <strong>negocia\u00e7\u00f5es<\/strong> avancem e cheguem perto de um acordo completo, pode ser que o<strong> prazo seja prorrogado<\/strong>.<\/p>\n<p data-track-category=\"Link no Texto\" data-track-links=\"\">&#8220;Estamos indo muito bem l\u00e1 na China&#8221;, afirmou o presidente aos rep\u00f3rteres.<\/p>\n<h2 data-track-category=\"Link no Texto\">Bolsonaro recebe alta<\/h2>\n<p>Nesta quarta-feira o presidente, <strong>Jair Bolsonaro<\/strong>, foi liberado pelo m\u00e9dicos do hospital Albert Einstein. Entretanto, o presidente se prepara para voltar \u00e0 Bras\u00edlia ainda hoje.<\/p>\n<p>Bolsonaro passou por uma cirurgia em 28 de janeiro, para a retirada da bolsa de colostomia aplicada ap\u00f3s o atentado de 6 de setembro, onde foi esfaqueado.<\/p>\n<p><a href=\"https:\/\/www.suno.com.br\/noticias\/presidente-bolsonaro-liberado-pelos-medicos\/\">Saiba mais:\u00a0Presidente Bolsonaro \u00e9 liberado pelos m\u00e9dicos e volta para Bras\u00edlia<\/a><\/p>\n<p>Na \u00faltima segunda-feira (11), havia sido descartada a possibilidade de Bolsonaro receber a proposta da <strong>reforma da Previd\u00eancia<\/strong> por estar no hospital, disse o porta-voz da Presid\u00eancia, general <strong>Ot\u00e1vio R\u00eago Barros<\/strong>.<\/p>\n<p>No entanto, com a sa\u00edda do presidente e sua volta ao <strong>Planalto do Planalto<\/strong>, os olhos do mercado voltam a ficar atentos ao envio da proposta para o <strong>Congresso Nacional<\/strong>.<\/p>\n<h2>Movimenta\u00e7\u00e3o do Banco Central<\/h2>\n<\/div>\n<p>O <strong>Banco Central<\/strong> movimentou 10,33 mil swaps cambiais tradicionais nesta quarta-feira. No entanto, foram rolados US$ 4,648 bilh\u00f5es de um total de US$ 9,811 bilh\u00f5es que tem vencimento em mar\u00e7o.<\/p>\n<p>Os<a href=\"https:\/\/www.suno.com.br\/artigos\/swap-cambial\/\"> swaps cambiais<\/a> equivalem \u00e0 venda futura de d\u00f3lares.<\/p>\n<h2>\u00daltima cota\u00e7\u00e3o<\/h2>\n<p>No preg\u00e3o da \u00faltima ter\u00e7a-feira (12), o <strong>d\u00f3lar<\/strong> caiu 1,308% sendo cotado a R$ 3,7137. No entanto, essa havia sido a primeira queda ap\u00f3s quatro altas seguidas.<\/p>\n","protected":false},"excerpt":{"rendered":"<p>O d\u00f3lar operou novamente em alta e nesta quarta-feira (13) registrou um crescimento de 1,05% sendo cotado a R$ 3,7506. O d\u00f3lar encerrou nesta sexta-feira em alta de 1,14%, negociado a R$ 5,326 na venda, batendo um novo record. Clique aqui para saber mais No in\u00edcio do preg\u00e3o, a moeda norte-americana anotou sua pior marca [&hellip;]<\/p>\n","protected":false},"author":11,"featured_media":12723,"comment_status":"closed","ping_status":"closed","sticky":false,"template":"","format":"standard","meta":[],"categories":[60],"tags":[1842,711,326,793,980,940],"suno_strategy":[],"class_list":["post-15201","post","type-post","status-publish","format-standard","has-post-thumbnail","hentry","category-mercado","tag-banco-central-bc","tag-china","tag-dolar","tag-estados-unidos-eua","tag-guerra-comercial","tag-reforma-da-previdencia"],"yoast_head":"<!-- This site is optimized with the Yoast SEO plugin v24.4 - https:\/\/yoast.com\/wordpress\/plugins\/seo\/ -->\n<title>D\u00f3lar fecha em alta devido ao otimismo em rela\u00e7\u00e3o ao acordo comercial<\/title>\n<meta name=\"description\" content=\"D\u00f3lar tem alta ap\u00f3s recuar no \u00faltimo preg\u00e3o; Moeda havia sofrido primeira queda ap\u00f3s quatro altas seguidas. Clique para saber mais.\" \/>\n<meta name=\"robots\" content=\"index, follow, max-snippet:-1, max-image-preview:large, max-video-preview:-1\" \/>\n<link rel=\"canonical\" href=\"https:\/\/www.suno.com.br\/noticias\/dolar-alta-otimismo-acordo-comercial\/\" \/>\n<meta property=\"og:locale\" content=\"pt_BR\" \/>\n<meta property=\"og:type\" content=\"article\" \/>\n<meta property=\"og:title\" content=\"D\u00f3lar fecha em alta devido ao otimismo em rela\u00e7\u00e3o ao acordo comercial\" \/>\n<meta property=\"og:description\" content=\"D\u00f3lar tem alta ap\u00f3s recuar no \u00faltimo preg\u00e3o; Moeda havia sofrido primeira queda ap\u00f3s quatro altas seguidas. Clique para saber mais.\" \/>\n<meta property=\"og:url\" content=\"https:\/\/www.suno.com.br\/noticias\/dolar-alta-otimismo-acordo-comercial\/\" \/>\n<meta property=\"og:site_name\" content=\"Suno Not\u00edcias\" \/>\n<meta property=\"article:publisher\" content=\"https:\/\/facebook.com\/sunoresearch\" \/>\n<meta property=\"og:image\" content=\"https:\/\/files.sunoresearch.com.br\/n\/uploads\/2019\/01\/1e328bf6-d\u00f3lar.jpg\" \/>\n\t<meta property=\"og:image:width\" content=\"450\" \/>\n\t<meta property=\"og:image:height\" content=\"251\" \/>\n\t<meta property=\"og:image:type\" content=\"image\/jpeg\" \/>\n<meta name=\"author\" content=\"Renan Bandeira\" \/>\n<meta name=\"twitter:card\" content=\"summary_large_image\" \/>\n<meta name=\"twitter:creator\" content=\"@sunoresearch\" \/>\n<meta name=\"twitter:site\" content=\"@sunoresearch\" \/>\n<meta name=\"twitter:label1\" content=\"Escrito por\" \/>\n\t<meta name=\"twitter:data1\" content=\"Renan Bandeira\" \/>\n\t<meta name=\"twitter:label2\" content=\"Est. tempo de leitura\" \/>\n\t<meta name=\"twitter:data2\" content=\"3 minutos\" \/>\n<script type=\"application\/ld+json\" class=\"yoast-schema-graph\">{\"@context\":\"https:\/\/schema.org\",\"@graph\":[{\"@type\":\"NewsArticle\",\"@id\":\"https:\/\/www.suno.com.br\/noticias\/dolar-alta-otimismo-acordo-comercial\/#article\",\"isPartOf\":{\"@id\":\"https:\/\/www.suno.com.br\/noticias\/dolar-alta-otimismo-acordo-comercial\/\"},\"author\":{\"name\":\"Renan Bandeira\",\"@id\":\"https:\/\/www.suno.com.br\/noticias\/#\/schema\/person\/fc144a1c6108bd1dcd43784e88a3c138\"},\"headline\":\"D\u00f3lar fecha em alta devido ao otimismo em rela\u00e7\u00e3o ao acordo comercial\",\"datePublished\":\"2019-02-13T19:15:06+00:00\",\"dateModified\":\"2021-02-18T20:53:57+00:00\",\"mainEntityOfPage\":{\"@id\":\"https:\/\/www.suno.com.br\/noticias\/dolar-alta-otimismo-acordo-comercial\/\"},\"wordCount\":526,\"publisher\":{\"@id\":\"https:\/\/www.suno.com.br\/noticias\/#organization\"},\"image\":{\"@id\":\"https:\/\/www.suno.com.br\/noticias\/dolar-alta-otimismo-acordo-comercial\/#primaryimage\"},\"thumbnailUrl\":\"https:\/\/files.sunoresearch.com.br\/n\/uploads\/2019\/01\/1e328bf6-d\u00f3lar.jpg\",\"keywords\":[\"Banco Central (BC)\",\"China\",\"d\u00f3lar\",\"Estados Unidos (EUA)\",\"guerra comercial\",\"Reforma da Previd\u00eancia\"],\"articleSection\":[\"Mercado\"],\"inLanguage\":\"pt-BR\"},{\"@type\":\"WebPage\",\"@id\":\"https:\/\/www.suno.com.br\/noticias\/dolar-alta-otimismo-acordo-comercial\/\",\"url\":\"https:\/\/www.suno.com.br\/noticias\/dolar-alta-otimismo-acordo-comercial\/\",\"name\":\"D\u00f3lar fecha em alta devido ao otimismo em rela\u00e7\u00e3o ao acordo comercial\",\"isPartOf\":{\"@id\":\"https:\/\/www.suno.com.br\/noticias\/#website\"},\"primaryImageOfPage\":{\"@id\":\"https:\/\/www.suno.com.br\/noticias\/dolar-alta-otimismo-acordo-comercial\/#primaryimage\"},\"image\":{\"@id\":\"https:\/\/www.suno.com.br\/noticias\/dolar-alta-otimismo-acordo-comercial\/#primaryimage\"},\"thumbnailUrl\":\"https:\/\/files.sunoresearch.com.br\/n\/uploads\/2019\/01\/1e328bf6-d\u00f3lar.jpg\",\"datePublished\":\"2019-02-13T19:15:06+00:00\",\"dateModified\":\"2021-02-18T20:53:57+00:00\",\"description\":\"D\u00f3lar tem alta ap\u00f3s recuar no \u00faltimo preg\u00e3o; Moeda havia sofrido primeira queda ap\u00f3s quatro altas seguidas. Clique para saber mais.\",\"breadcrumb\":{\"@id\":\"https:\/\/www.suno.com.br\/noticias\/dolar-alta-otimismo-acordo-comercial\/#breadcrumb\"},\"inLanguage\":\"pt-BR\",\"potentialAction\":[{\"@type\":\"ReadAction\",\"target\":[\"https:\/\/www.suno.com.br\/noticias\/dolar-alta-otimismo-acordo-comercial\/\"]}]},{\"@type\":\"ImageObject\",\"inLanguage\":\"pt-BR\",\"@id\":\"https:\/\/www.suno.com.br\/noticias\/dolar-alta-otimismo-acordo-comercial\/#primaryimage\",\"url\":\"https:\/\/files.sunoresearch.com.br\/n\/uploads\/2019\/01\/1e328bf6-d\u00f3lar.jpg\",\"contentUrl\":\"https:\/\/files.sunoresearch.com.br\/n\/uploads\/2019\/01\/1e328bf6-d\u00f3lar.jpg\",\"width\":450,\"height\":251,\"caption\":\"O d\u00f3lar encerrou nesta sexta-feira em alta de 1,14%, negociado a R$ 5,326 na venda, batendo um novo record. Clique aqui para saber mais\"},{\"@type\":\"BreadcrumbList\",\"@id\":\"https:\/\/www.suno.com.br\/noticias\/dolar-alta-otimismo-acordo-comercial\/#breadcrumb\",\"itemListElement\":[{\"@type\":\"ListItem\",\"position\":1,\"name\":\"Not\u00edcias\",\"item\":\"https:\/\/www.suno.com.br\/noticias\/\"},{\"@type\":\"ListItem\",\"position\":2,\"name\":\"Mercado\",\"item\":\"https:\/\/www.suno.com.br\/noticias\/mercado\/\"},{\"@type\":\"ListItem\",\"position\":3,\"name\":\"D\u00f3lar fecha em alta devido ao otimismo em rela\u00e7\u00e3o ao acordo comercial\"}]},{\"@type\":\"WebSite\",\"@id\":\"https:\/\/www.suno.com.br\/noticias\/#website\",\"url\":\"https:\/\/www.suno.com.br\/noticias\/\",\"name\":\"Suno Not\u00edcias\",\"description\":\"Seu portal de informa\u00e7\u00e3o sobre o mundo dos investimentos\",\"publisher\":{\"@id\":\"https:\/\/www.suno.com.br\/noticias\/#organization\"},\"potentialAction\":[{\"@type\":\"SearchAction\",\"target\":{\"@type\":\"EntryPoint\",\"urlTemplate\":\"https:\/\/www.suno.com.br\/noticias\/?s={search_term_string}\"},\"query-input\":{\"@type\":\"PropertyValueSpecification\",\"valueRequired\":true,\"valueName\":\"search_term_string\"}}],\"inLanguage\":\"pt-BR\"},{\"@type\":\"Organization\",\"@id\":\"https:\/\/www.suno.com.br\/noticias\/#organization\",\"name\":\"Suno Not\u00edcias\",\"url\":\"https:\/\/www.suno.com.br\/noticias\/\",\"logo\":{\"@type\":\"ImageObject\",\"inLanguage\":\"pt-BR\",\"@id\":\"https:\/\/www.suno.com.br\/noticias\/#\/schema\/logo\/image\/\",\"url\":\"https:\/\/files.sunoresearch.com.br\/n\/uploads\/2021\/09\/suno-logo.png\",\"contentUrl\":\"https:\/\/files.sunoresearch.com.br\/n\/uploads\/2021\/09\/suno-logo.png\",\"width\":180,\"height\":180,\"caption\":\"Suno Not\u00edcias\"},\"image\":{\"@id\":\"https:\/\/www.suno.com.br\/noticias\/#\/schema\/logo\/image\/\"},\"sameAs\":[\"https:\/\/facebook.com\/sunoresearch\",\"https:\/\/x.com\/sunoresearch\",\"https:\/\/www.instagram.com\/suno\",\"https:\/\/www.linkedin.com\/company\/suno-research\/\",\"https:\/\/www.youtube.com\/c\/sunoresearch\"]},{\"@type\":\"Person\",\"@id\":\"https:\/\/www.suno.com.br\/noticias\/#\/schema\/person\/fc144a1c6108bd1dcd43784e88a3c138\",\"name\":\"Renan Bandeira\",\"image\":{\"@type\":\"ImageObject\",\"inLanguage\":\"pt-BR\",\"@id\":\"https:\/\/www.suno.com.br\/noticias\/#\/schema\/person\/image\/\",\"url\":\"https:\/\/secure.gravatar.com\/avatar\/68359cdb608f14f11bbefcb78f3fc747?s=96&r=g\",\"contentUrl\":\"https:\/\/secure.gravatar.com\/avatar\/68359cdb608f14f11bbefcb78f3fc747?s=96&r=g\",\"caption\":\"Renan Bandeira\"},\"description\":\"Renan Bandeira escreve sobre pol\u00edtica e economia para o portal da Suno Research. Antes da Suno, trabalhou em uma rede de televis\u00e3o, onde fazia reportagens sobre os mesmos temas. Estuda na Universidade Metodista de S\u00e3o Paulo.\",\"url\":\"https:\/\/www.suno.com.br\/noticias\/author\/renan-bandeira\/\"}]}<\/script>\n<!-- \/ Yoast SEO plugin. -->","yoast_head_json":{"title":"D\u00f3lar fecha em alta devido ao otimismo em rela\u00e7\u00e3o ao acordo comercial","description":"D\u00f3lar tem alta ap\u00f3s recuar no \u00faltimo preg\u00e3o; Moeda havia sofrido primeira queda ap\u00f3s quatro altas seguidas. Clique para saber mais.","robots":{"index":"index","follow":"follow","max-snippet":"max-snippet:-1","max-image-preview":"max-image-preview:large","max-video-preview":"max-video-preview:-1"},"canonical":"https:\/\/www.suno.com.br\/noticias\/dolar-alta-otimismo-acordo-comercial\/","og_locale":"pt_BR","og_type":"article","og_title":"D\u00f3lar fecha em alta devido ao otimismo em rela\u00e7\u00e3o ao acordo comercial","og_description":"D\u00f3lar tem alta ap\u00f3s recuar no \u00faltimo preg\u00e3o; Moeda havia sofrido primeira queda ap\u00f3s quatro altas seguidas. Clique para saber mais.","og_url":"https:\/\/www.suno.com.br\/noticias\/dolar-alta-otimismo-acordo-comercial\/","og_site_name":"Suno Not\u00edcias","article_publisher":"https:\/\/facebook.com\/sunoresearch","og_image":[{"width":450,"height":251,"url":"https:\/\/files.sunoresearch.com.br\/n\/uploads\/2019\/01\/1e328bf6-d\u00f3lar.jpg","type":"image\/jpeg"}],"author":"Renan Bandeira","twitter_card":"summary_large_image","twitter_creator":"@sunoresearch","twitter_site":"@sunoresearch","twitter_misc":{"Escrito por":"Renan Bandeira","Est. tempo de leitura":"3 minutos"},"schema":{"@context":"https:\/\/schema.org","@graph":[{"@type":"NewsArticle","@id":"https:\/\/www.suno.com.br\/noticias\/dolar-alta-otimismo-acordo-comercial\/#article","isPartOf":{"@id":"https:\/\/www.suno.com.br\/noticias\/dolar-alta-otimismo-acordo-comercial\/"},"author":{"name":"Renan Bandeira","@id":"https:\/\/www.suno.com.br\/noticias\/#\/schema\/person\/fc144a1c6108bd1dcd43784e88a3c138"},"headline":"D\u00f3lar fecha em alta devido ao otimismo em rela\u00e7\u00e3o ao acordo comercial","datePublished":"2019-02-13T19:15:06+00:00","dateModified":"2021-02-18T20:53:57+00:00","mainEntityOfPage":{"@id":"https:\/\/www.suno.com.br\/noticias\/dolar-alta-otimismo-acordo-comercial\/"},"wordCount":526,"publisher":{"@id":"https:\/\/www.suno.com.br\/noticias\/#organization"},"image":{"@id":"https:\/\/www.suno.com.br\/noticias\/dolar-alta-otimismo-acordo-comercial\/#primaryimage"},"thumbnailUrl":"https:\/\/files.sunoresearch.com.br\/n\/uploads\/2019\/01\/1e328bf6-d\u00f3lar.jpg","keywords":["Banco Central (BC)","China","d\u00f3lar","Estados Unidos (EUA)","guerra comercial","Reforma da Previd\u00eancia"],"articleSection":["Mercado"],"inLanguage":"pt-BR"},{"@type":"WebPage","@id":"https:\/\/www.suno.com.br\/noticias\/dolar-alta-otimismo-acordo-comercial\/","url":"https:\/\/www.suno.com.br\/noticias\/dolar-alta-otimismo-acordo-comercial\/","name":"D\u00f3lar fecha em alta devido ao otimismo em rela\u00e7\u00e3o ao acordo comercial","isPartOf":{"@id":"https:\/\/www.suno.com.br\/noticias\/#website"},"primaryImageOfPage":{"@id":"https:\/\/www.suno.com.br\/noticias\/dolar-alta-otimismo-acordo-comercial\/#primaryimage"},"image":{"@id":"https:\/\/www.suno.com.br\/noticias\/dolar-alta-otimismo-acordo-comercial\/#primaryimage"},"thumbnailUrl":"https:\/\/files.sunoresearch.com.br\/n\/uploads\/2019\/01\/1e328bf6-d\u00f3lar.jpg","datePublished":"2019-02-13T19:15:06+00:00","dateModified":"2021-02-18T20:53:57+00:00","description":"D\u00f3lar tem alta ap\u00f3s recuar no \u00faltimo preg\u00e3o; Moeda havia sofrido primeira queda ap\u00f3s quatro altas seguidas. Clique para saber mais.","breadcrumb":{"@id":"https:\/\/www.suno.com.br\/noticias\/dolar-alta-otimismo-acordo-comercial\/#breadcrumb"},"inLanguage":"pt-BR","potentialAction":[{"@type":"ReadAction","target":["https:\/\/www.suno.com.br\/noticias\/dolar-alta-otimismo-acordo-comercial\/"]}]},{"@type":"ImageObject","inLanguage":"pt-BR","@id":"https:\/\/www.suno.com.br\/noticias\/dolar-alta-otimismo-acordo-comercial\/#primaryimage","url":"https:\/\/files.sunoresearch.com.br\/n\/uploads\/2019\/01\/1e328bf6-d\u00f3lar.jpg","contentUrl":"https:\/\/files.sunoresearch.com.br\/n\/uploads\/2019\/01\/1e328bf6-d\u00f3lar.jpg","width":450,"height":251,"caption":"O d\u00f3lar encerrou nesta sexta-feira em alta de 1,14%, negociado a R$ 5,326 na venda, batendo um novo record. Clique aqui para saber mais"},{"@type":"BreadcrumbList","@id":"https:\/\/www.suno.com.br\/noticias\/dolar-alta-otimismo-acordo-comercial\/#breadcrumb","itemListElement":[{"@type":"ListItem","position":1,"name":"Not\u00edcias","item":"https:\/\/www.suno.com.br\/noticias\/"},{"@type":"ListItem","position":2,"name":"Mercado","item":"https:\/\/www.suno.com.br\/noticias\/mercado\/"},{"@type":"ListItem","position":3,"name":"D\u00f3lar fecha em alta devido ao otimismo em rela\u00e7\u00e3o ao acordo comercial"}]},{"@type":"WebSite","@id":"https:\/\/www.suno.com.br\/noticias\/#website","url":"https:\/\/www.suno.com.br\/noticias\/","name":"Suno Not\u00edcias","description":"Seu portal de informa\u00e7\u00e3o sobre o mundo dos investimentos","publisher":{"@id":"https:\/\/www.suno.com.br\/noticias\/#organization"},"potentialAction":[{"@type":"SearchAction","target":{"@type":"EntryPoint","urlTemplate":"https:\/\/www.suno.com.br\/noticias\/?s={search_term_string}"},"query-input":{"@type":"PropertyValueSpecification","valueRequired":true,"valueName":"search_term_string"}}],"inLanguage":"pt-BR"},{"@type":"Organization","@id":"https:\/\/www.suno.com.br\/noticias\/#organization","name":"Suno Not\u00edcias","url":"https:\/\/www.suno.com.br\/noticias\/","logo":{"@type":"ImageObject","inLanguage":"pt-BR","@id":"https:\/\/www.suno.com.br\/noticias\/#\/schema\/logo\/image\/","url":"https:\/\/files.sunoresearch.com.br\/n\/uploads\/2021\/09\/suno-logo.png","contentUrl":"https:\/\/files.sunoresearch.com.br\/n\/uploads\/2021\/09\/suno-logo.png","width":180,"height":180,"caption":"Suno Not\u00edcias"},"image":{"@id":"https:\/\/www.suno.com.br\/noticias\/#\/schema\/logo\/image\/"},"sameAs":["https:\/\/facebook.com\/sunoresearch","https:\/\/x.com\/sunoresearch","https:\/\/www.instagram.com\/suno","https:\/\/www.linkedin.com\/company\/suno-research\/","https:\/\/www.youtube.com\/c\/sunoresearch"]},{"@type":"Person","@id":"https:\/\/www.suno.com.br\/noticias\/#\/schema\/person\/fc144a1c6108bd1dcd43784e88a3c138","name":"Renan Bandeira","image":{"@type":"ImageObject","inLanguage":"pt-BR","@id":"https:\/\/www.suno.com.br\/noticias\/#\/schema\/person\/image\/","url":"https:\/\/secure.gravatar.com\/avatar\/68359cdb608f14f11bbefcb78f3fc747?s=96&r=g","contentUrl":"https:\/\/secure.gravatar.com\/avatar\/68359cdb608f14f11bbefcb78f3fc747?s=96&r=g","caption":"Renan Bandeira"},"description":"Renan Bandeira escreve sobre pol\u00edtica e economia para o portal da Suno Research. Antes da Suno, trabalhou em uma rede de televis\u00e3o, onde fazia reportagens sobre os mesmos temas. Estuda na Universidade Metodista de S\u00e3o Paulo.","url":"https:\/\/www.suno.com.br\/noticias\/author\/renan-bandeira\/"}]}},"default_loop_html":"<div class=\"cardsPage__listCard__boxs\"><div class=\"cardsPage__listCard__boxs__img\"><a href=\"https:\/\/www.suno.com.br\/noticias\/dolar-alta-otimismo-acordo-comercial\/\"><img class=\"mask\" src=\"https:\/\/www.suno.com.br\/noticias\/wp-content\/themes\/suno\/resources\/images\/spotlight\/spotlight1img\/bg-mask.png\" alt=\"Image Mask\"\/><img src=\"https:\/\/files.sunoresearch.com.br\/n\/uploads\/2019\/01\/1e328bf6-d\u00f3lar-400x200.webp\" alt=\"D\u00f3lar fecha em alta devido ao otimismo em rela\u00e7\u00e3o ao acordo comercial\"\/><\/a><span class=\"spotlightCategory\"><a href=\"https:\/\/www.suno.com.br\/noticias\/mercado\/\">Mercado<\/a><\/span><\/div><div class=\"cardsPage__listCard__boxs__content\"><a href=\"https:\/\/www.suno.com.br\/noticias\/dolar-alta-otimismo-acordo-comercial\/\"><h2 class=\"content__title\">D\u00f3lar fecha em alta devido ao otimismo em rela\u00e7\u00e3o ao acordo comercial<\/h2><\/a><div class=\"newsContent__article__meta\"><div class=\"newsContent__article__meta__authorBox\"><a href=\"https:\/\/www.suno.com.br\/noticias\/author\/renan-bandeira\/\" class=\"authorBox__avatar noMobi\"><img src=\"https:\/\/secure.gravatar.com\/avatar\/68359cdb608f14f11bbefcb78f3fc747?s=96&#038;r=g\" alt=\"Renan Bandeira\"><\/a><div class=\"authorBox__name\"><span>por\n\t\t\t<a href=\"https:\/\/www.suno.com.br\/noticias\/author\/renan-bandeira\/\"><span itemprop=\"author\">Renan Bandeira<\/span><\/a><\/span><time datetime=\"2019-02-13T17:15:06-02:00\" itemprop=\"datePublished\">13\/02\/2019 17:15<\/time><\/div><\/div><\/div><\/div><\/div>","single_layout":"posts","amp_enabled":true,"_links":{"self":[{"href":"https:\/\/www.suno.com.br\/noticias\/wp-json\/wp\/v2\/posts\/15201"}],"collection":[{"href":"https:\/\/www.suno.com.br\/noticias\/wp-json\/wp\/v2\/posts"}],"about":[{"href":"https:\/\/www.suno.com.br\/noticias\/wp-json\/wp\/v2\/types\/post"}],"author":[{"embeddable":true,"href":"https:\/\/www.suno.com.br\/noticias\/wp-json\/wp\/v2\/users\/11"}],"replies":[{"embeddable":true,"href":"https:\/\/www.suno.com.br\/noticias\/wp-json\/wp\/v2\/comments?post=15201"}],"version-history":[{"count":0,"href":"https:\/\/www.suno.com.br\/noticias\/wp-json\/wp\/v2\/posts\/15201\/revisions"}],"wp:featuredmedia":[{"embeddable":true,"href":"https:\/\/www.suno.com.br\/noticias\/wp-json\/wp\/v2\/media\/12723"}],"wp:attachment":[{"href":"https:\/\/www.suno.com.br\/noticias\/wp-json\/wp\/v2\/media?parent=15201"}],"wp:term":[{"taxonomy":"category","embeddable":true,"href":"https:\/\/www.suno.com.br\/noticias\/wp-json\/wp\/v2\/categories?post=15201"},{"taxonomy":"post_tag","embeddable":true,"href":"https:\/\/www.suno.com.br\/noticias\/wp-json\/wp\/v2\/tags?post=15201"},{"taxonomy":"suno_strategy","embeddable":true,"href":"https:\/\/www.suno.com.br\/noticias\/wp-json\/wp\/v2\/suno_strategy?post=15201"}],"curies":[{"name":"wp","href":"https:\/\/api.w.org\/{rel}","templated":true}]}}