{"id":151961,"date":"2021-05-30T13:55:11","date_gmt":"2021-05-30T16:55:11","guid":{"rendered":"https:\/\/www.suno.com.br\/noticias\/?p=151961"},"modified":"2021-05-30T16:05:15","modified_gmt":"2021-05-30T19:05:15","slug":"apagao-ons-pede-que-usinas-reduzam-vazao-de-agua-para-evitar-caos","status":"publish","type":"post","link":"https:\/\/www.suno.com.br\/noticias\/apagao-ons-pede-que-usinas-reduzam-vazao-de-agua-para-evitar-caos\/","title":{"rendered":"Apag\u00e3o: ONS pede que usinas reduzam vaz\u00e3o de \u00e1gua para evitar caos"},"content":{"rendered":"<p>As aten\u00e7\u00f5es de todo setor el\u00e9trico se voltam, neste momento, para o n\u00edvel dos reservat\u00f3rios localizados na bacia do Rio Paran\u00e1 em meio a discuss\u00f5es sobre a possibilidade de um <strong>apag\u00e3o<\/strong> no Brasil. \u00c9 nesta regi\u00e3o que est\u00e3o localizadas as principais barragens que abastecem todo o Sudeste e Centro-Oeste do Pa\u00eds, com dezenas usinas espalhadas pela calha principal do Rio Paran\u00e1 e pelos rios que comp\u00f5em a sua bacia, como Parana\u00edba, Grande, Tiet\u00ea e Paranapanema. Sozinha, a bacia do Paran\u00e1 responde por 53% da capacidade nacional de gera\u00e7\u00e3o de energia do Pa\u00eds. Seu cen\u00e1rio, no entanto, \u00e9 cr\u00edtico.<\/p>\t<div class=\"wrapper-featured-image\">\n\t\t<figure class=\"spotlightImg\">\n\n\t\t\t<picture>\n\t\t\t\t<source media=\"(max-width: 768px)\" srcset=\"https:\/\/files.sunoresearch.com.br\/n\/uploads\/2021\/05\/593271b8-power-lines-1868352_1280-400x200.webp\">\n\t\t\t\t<img loading=\"lazy\" decoding=\"async\" class=\"newsContent__article__imgCapa lazyloadDisabled \" src=\"https:\/\/files.sunoresearch.com.br\/n\/uploads\/2021\/05\/593271b8-power-lines-1868352_1280-800x450.webp\" width=\"800\" height=\"450\" alt=\"Apag\u00e3o: ONS pede que usinas reduzam vaz\u00e3o de \u00e1gua para evitar caos\" fetchpriority=high \/>\n\t\t\t<\/picture>\n\n\t\t\t<figcaption class=\"wp-caption-text wp-caption-text--show\">Cons\u00f3rcio brecou planos de Doria de realizar a privatiza\u00e7\u00e3o da Emae ainda em 2021 - Foto: Pixabay<\/figcaption>\n\t\t<\/figure>\n\t<\/div>\n\n\n\t<p>\n\t\t<a href=\"https:\/\/lp.suno.com.br\/planilha-controle-gastos\/\" target=\"_blank\" data-element=\"shortcode-suno-banner\" title=\"Banner SUNO, clique e saiba mais\">\n\t\t\t<picture>\n\t\t\t\t<source media=\"(max-width: 500px)\" srcset=\"https:\/\/files.sunoresearch.com.br\/n\/uploads\/2023\/03\/400x300-Planilha-controle-de-gastos.png\">\n\t\t\t\t<img class=\"newsContent__article__imgCapa newsContent__article__imgCapa--banner\"\n\t\t\t\t\tsrc=\"https:\/\/files.sunoresearch.com.br\/n\/uploads\/2023\/03\/1420x240-Planilha-controle-de-gastos.png\"\n\t\t\t\t\tdata-promo-id=\"101751\"\t\t\t\t\t\t\t\t\t\twidth='1420' height='240'\t\t\t\t\talt=\"https:\/\/files.sunoresearch.com.br\/n\/uploads\/2023\/03\/1420x240-Planilha-controle-de-gastos.png\"\n\t\t\t\t>\n\t\t\t<\/picture>\n\t\t<\/a>\n\t<\/p>\n\n\n<p>Se considerado o volume total de \u00e1gua armazenada hoje na bacia do Paran\u00e1, a quantidade chega a apenas 27% de sua capacidade plena. Esse \u00e9 o segundo pior n\u00edvel de armazenamento dos \u00faltimos 21 anos nesta bacia. N\u00e3o por acaso, o governo emitiu alerta de emerg\u00eancia h\u00eddrica para os cinco Estados banhados pelos rios: Minas Gerais, Goi\u00e1s, Mato Grosso do Sul, S\u00e3o Paulo e Paran\u00e1.<\/p>\n<p>Para tentar amenizar a situa\u00e7\u00e3o e riscos de desabastecimento e de um poss\u00edvel apag\u00e3o, o Operador Nacional do Sistema El\u00e9trico (ONS) decidiu que dever\u00e1 ser liberada uma quantidade m\u00ednima de \u00e1gua nas barragens das hidrel\u00e9tricas de Jupi\u00e1, localizada entre as cidades de Andradina e Castilho (SP) e Tr\u00eas Lagoas (MS); e Porto Primavera, na divisa dos munic\u00edpios de Rosana (SP) e Bataypor\u00e3 (MS). Dessa forma, preserva-se mais \u00e1gua para atravessar o per\u00edodo seco. A quest\u00e3o \u00e9 o impacto que essa redu\u00e7\u00e3o pode trazer, seja ao meio ambiente e ao transporte fluvial, al\u00e9m de impactar na receita das donas dessas usinas.<\/p>\n<p><a href=\"https:\/\/lp.suno.com.br\/suno-one\/\">Suno One: acesse gratuitamente eBooks, Minicursos, Artigos e V\u00eddeo Aulas sobre investimentos com um \u00fanico cadastro. Clique para saber mais!<\/a><\/p>\n<p>Em condi\u00e7\u00f5es normais, o m\u00ednimo de \u00e1gua que Jupi\u00e1 tem que liberar \u00e9 de 4.000 metros c\u00fabicos por segundo (m\u00b3\/s), enquanto Porto Primavera tem como regra o m\u00ednimo de 4.600 m\u00b3\/s. Desde o fim do ano passado, o ONS tem determinado novas restri\u00e7\u00f5es de libera\u00e7\u00e3o de \u00e1gua. Agora, por\u00e9m, imp\u00f5e decis\u00f5es dr\u00e1sticas. Em um pedido enviado ao Ibama na semana passada, o \u00f3rg\u00e3o afirma que, a partir de julho, a libera\u00e7\u00e3o de Jupi\u00e1 n\u00e3o poder\u00e1 ultrapassar 2.300 m\u00b3\/s. Em Porto Primavera, a decis\u00e3o \u00e9 restringir a libera\u00e7\u00e3o a 2.700 m\u00b3\/s.<\/p>\n<p>&#8220;\u00c9 imprescind\u00edvel a redu\u00e7\u00e3o das vaz\u00f5es m\u00ednimas a serem praticadas no trecho do baixo Paran\u00e1&#8221;, afirma o ONS. Essa redu\u00e7\u00e3o, segundo o Operador, &#8220;proporciona benef\u00edcios aos aspectos socioambientais em rela\u00e7\u00e3o a uma condi\u00e7\u00e3o natural da bacia do rio Paran\u00e1, caso se chegue na situa\u00e7\u00e3o em que n\u00e3o haja nenhuma capacidade de regulariza\u00e7\u00e3o das vaz\u00f5es pelos reservat\u00f3rios da bacia&#8221;.<\/p>\n<p>Questionado sobre o assunto e o apag\u00e3o, o ONS declarou, por meio de nota, que as a\u00e7\u00f5es &#8220;visam reduzir o risco da perda do controle h\u00eddrico&#8221; na bacia do rio Paran\u00e1. &#8220;Todas as medidas ser\u00e3o tomadas a partir de junho com o objetivo de garantir a devida governabilidade das cascatas hidr\u00e1ulicas, inclusive quanto \u00e0 preserva\u00e7\u00e3o do uso da \u00e1gua, ao longo do per\u00edodo seco de 2021&#8221;, declarou.<\/p>\n<p>O operador afirmou que tem sinalizado, desde 2020, &#8220;uma situa\u00e7\u00e3o hidrol\u00f3gica bastante adversa, com uma escassez h\u00eddrica que n\u00e3o permitiu a total recupera\u00e7\u00e3o dos n\u00edveis dos reservat\u00f3rios no per\u00edodo de outubro de 2020 a mar\u00e7o de 2021, ainda que desde outubro do ano passado, com autoriza\u00e7\u00e3o do Comit\u00ea de Monitoramento do Setor El\u00e9trico (CMSE), estiv\u00e9ssemos atuando em diversas frentes e adotando medidas preventivas&#8221;.<\/p>\n<h2><b>Novas regras para evitar apag\u00e3o<\/b><\/h2>\n<p>Al\u00e9m de Jupi\u00e1 e Porto Primavera, o ONS informou que as hidrel\u00e9tricas de Ilha Solteira, Tr\u00eas Irm\u00e3os, Xing\u00f3, Furnas e Mascarenhas de Moraes tamb\u00e9m passar\u00e3o a ter novas regras de libera\u00e7\u00e3o de \u00e1gua. &#8220;Todas estas delibera\u00e7\u00f5es ser\u00e3o apreciadas pela Ag\u00eancia Nacional de \u00c1guas e Saneamento B\u00e1sico (ANA) e, posteriormente, encaminhadas ao Conselho Nacional de Pol\u00edtica Energ\u00e9tica (CNPE), por se tratarem de importantes iniciativas para manterem a seguran\u00e7a no abastecimento e no atendimento eletroenerg\u00e9tico&#8221;.<\/p>\n\t<div data-element=\"shortcode-read-more\" class=\"knowMore\">\n\t\t\t\t<span class=\"knowMore__title\">Leia tamb\u00e9m<\/span>\n\t\t\t\t<a class=\"knowMore__link\" href=\"https:\/\/www.suno.com.br\/noticias\/rodrigo-limp-privatizacoes-eletrobras-elet3-capitalizacao\/\">\n\t\t\tEletrobras (ELET3) precisa aumentar sua capacidade de investimentos, diz Limp\t\t<\/a>\n\t<\/div>\n\n\n<p>A empresa CGT Brasil, dona de Jupi\u00e1, declarou que &#8220;tem conhecimento da sens\u00edvel situa\u00e7\u00e3o&#8221; e vem colaborando com o ONS e demais \u00f3rg\u00e3os &#8220;para que seja mantida a governabilidade das cascatas hidr\u00e1ulicas&#8221; no Pa\u00eds.<\/p>\n<p>&#8220;A empresa est\u00e1 desenvolvendo um Plano de A\u00e7\u00e3o para viabilizar a redu\u00e7\u00e3o controlada de vaz\u00e3o na UHE Jupi\u00e1, tendo por premissa o monitoramento e mitiga\u00e7\u00e3o de poss\u00edveis impactos ambientais. Tal plano inclui pedido de participa\u00e7\u00e3o dos \u00f3rg\u00e3os governamentais nas a\u00e7\u00f5es. A empresa refor\u00e7a que cumpre rigorosamente as Leis e demais normas vigentes no Pa\u00eds e aguarda a determina\u00e7\u00e3o dos \u00f3rg\u00e3os competentes em rela\u00e7\u00e3o ao tema&#8221;, informou.<\/p>\n<p>A Cesp declarou que &#8220;reconhece e se sensibiliza com o cen\u00e1rio de crise h\u00eddrica vivida em \u00e2mbito nacional e vem colaborando ativamente com todas as solicita\u00e7\u00f5es do ONS e demais \u00f3rg\u00e3os p\u00fablicos, inclusive com redu\u00e7\u00f5es de vaz\u00e3o na usina hidroel\u00e9trica de Porto Primavera, j\u00e1 realizadas a pedido do pr\u00f3prio ONS, ap\u00f3s aprova\u00e7\u00e3o do Ibama, sempre visando assegurar o melhor uso m\u00faltiplo da \u00e1gua&#8221;.<\/p>\n<p>A empresa tamb\u00e9m prepara um plano de trabalho de testes para avalia\u00e7\u00e3o conjunta de nova redu\u00e7\u00e3o da vaz\u00e3o desta usina a fim de evitar um <strong>apag\u00e3o<\/strong>. &#8220;A Cesp reitera a import\u00e2ncia de suas premissas socioambientais e assegura cumprir rigorosamente as leis brasileiras.&#8221;<\/p>\n<p><em>(Com Estad\u00e3o Conte\u00fado)<\/em><\/p>\n\t<p>\n\t\t<a href=\"https:\/\/lp.suno.com.br\/planilha-de-controle-de-investimentos\/\" target=\"_blank\" data-element=\"shortcode-suno-banner\" title=\"Banner SUNO, clique e saiba mais\">\n\t\t\t<picture>\n\t\t\t\t<source media=\"(max-width: 500px)\" srcset=\"https:\/\/files.sunoresearch.com.br\/n\/uploads\/2023\/03\/400x300-Controle-de-Investimentos.png\">\n\t\t\t\t<img class=\"newsContent__article__imgCapa newsContent__article__imgCapa--banner\"\n\t\t\t\t\tsrc=\"https:\/\/files.sunoresearch.com.br\/n\/uploads\/2023\/03\/1420x240-Controle-de-Investimentos.png\"\n\t\t\t\t\tdata-promo-id=\"75934\"\t\t\t\t\t\t\t\t\t\twidth='1420' height='240'\t\t\t\t\talt=\"https:\/\/files.sunoresearch.com.br\/n\/uploads\/2023\/03\/1420x240-Controle-de-Investimentos.png\"\n\t\t\t\t>\n\t\t\t<\/picture>\n\t\t<\/a>\n\t<\/p>\n\n\n","protected":false},"excerpt":{"rendered":"<p>As aten\u00e7\u00f5es de todo setor el\u00e9trico se voltam, neste momento, para o n\u00edvel dos reservat\u00f3rios localizados na bacia do Rio Paran\u00e1 em meio a discuss\u00f5es sobre a possibilidade de um apag\u00e3o no Brasil. \u00c9 nesta regi\u00e3o que est\u00e3o localizadas as principais barragens que abastecem todo o Sudeste e Centro-Oeste do Pa\u00eds, com dezenas usinas espalhadas [&hellip;]<\/p>\n","protected":false},"author":43,"featured_media":151887,"comment_status":"closed","ping_status":"closed","sticky":false,"template":"","format":"standard","meta":[],"categories":[64],"tags":[106360],"suno_strategy":[],"class_list":["post-151961","post","type-post","status-publish","format-standard","has-post-thumbnail","hentry","category-negocios","tag-setor-eletrico"],"yoast_head":"<!-- This site is optimized with the Yoast SEO plugin v24.4 - https:\/\/yoast.com\/wordpress\/plugins\/seo\/ -->\n<title>Apag\u00e3o: ONS pede que usinas reduzam vaz\u00e3o de \u00e1gua para evitar caos<\/title>\n<meta name=\"description\" content=\"Em meio a possibilidade de apag\u00e3o no Pa\u00eds, autoridades tentar alterar comportamento do setor para evitar o caos. Clique aqui para ler mais.\" \/>\n<meta name=\"robots\" content=\"index, follow, max-snippet:-1, max-image-preview:large, max-video-preview:-1\" \/>\n<link rel=\"canonical\" href=\"https:\/\/www.suno.com.br\/noticias\/apagao-ons-pede-que-usinas-reduzam-vazao-de-agua-para-evitar-caos\/\" \/>\n<meta property=\"og:locale\" content=\"pt_BR\" \/>\n<meta property=\"og:type\" content=\"article\" \/>\n<meta property=\"og:title\" content=\"Apag\u00e3o: ONS pede que usinas reduzam vaz\u00e3o de \u00e1gua para evitar caos\" \/>\n<meta property=\"og:description\" content=\"Em meio a possibilidade de apag\u00e3o no Pa\u00eds, autoridades tentar alterar comportamento do setor para evitar o caos. Clique aqui para ler mais.\" \/>\n<meta property=\"og:url\" content=\"https:\/\/www.suno.com.br\/noticias\/apagao-ons-pede-que-usinas-reduzam-vazao-de-agua-para-evitar-caos\/\" \/>\n<meta property=\"og:site_name\" content=\"Suno Not\u00edcias\" \/>\n<meta property=\"article:publisher\" content=\"https:\/\/facebook.com\/sunoresearch\" \/>\n<meta property=\"article:author\" content=\"https:\/\/www.facebook.com\/sunonoticias\/\" \/>\n<meta property=\"og:image\" content=\"https:\/\/files.sunoresearch.com.br\/n\/uploads\/2021\/05\/593271b8-power-lines-1868352_1280.jpg\" \/>\n\t<meta property=\"og:image:width\" content=\"1280\" \/>\n\t<meta property=\"og:image:height\" content=\"853\" \/>\n\t<meta property=\"og:image:type\" content=\"image\/jpeg\" \/>\n<meta name=\"author\" content=\"Reda\u00e7\u00e3o Suno Not\u00edcias\" \/>\n<meta name=\"twitter:card\" content=\"summary_large_image\" \/>\n<meta name=\"twitter:creator\" content=\"@https:\/\/twitter.com\/sunoresearch\" \/>\n<meta name=\"twitter:site\" content=\"@sunoresearch\" \/>\n<meta name=\"twitter:label1\" content=\"Escrito por\" \/>\n\t<meta name=\"twitter:data1\" content=\"Reda\u00e7\u00e3o Suno Not\u00edcias\" \/>\n\t<meta name=\"twitter:label2\" content=\"Est. tempo de leitura\" \/>\n\t<meta name=\"twitter:data2\" content=\"5 minutos\" \/>\n<script type=\"application\/ld+json\" class=\"yoast-schema-graph\">{\"@context\":\"https:\/\/schema.org\",\"@graph\":[{\"@type\":\"NewsArticle\",\"@id\":\"https:\/\/www.suno.com.br\/noticias\/apagao-ons-pede-que-usinas-reduzam-vazao-de-agua-para-evitar-caos\/#article\",\"isPartOf\":{\"@id\":\"https:\/\/www.suno.com.br\/noticias\/apagao-ons-pede-que-usinas-reduzam-vazao-de-agua-para-evitar-caos\/\"},\"author\":{\"name\":\"Reda\u00e7\u00e3o Suno Not\u00edcias\",\"@id\":\"https:\/\/www.suno.com.br\/noticias\/#\/schema\/person\/c1b1bd3727fa852bd045e9dbff3673ea\"},\"headline\":\"Apag\u00e3o: ONS pede que usinas reduzam vaz\u00e3o de \u00e1gua para evitar caos\",\"datePublished\":\"2021-05-30T16:55:11+00:00\",\"dateModified\":\"2021-05-30T19:05:15+00:00\",\"mainEntityOfPage\":{\"@id\":\"https:\/\/www.suno.com.br\/noticias\/apagao-ons-pede-que-usinas-reduzam-vazao-de-agua-para-evitar-caos\/\"},\"wordCount\":995,\"publisher\":{\"@id\":\"https:\/\/www.suno.com.br\/noticias\/#organization\"},\"image\":{\"@id\":\"https:\/\/www.suno.com.br\/noticias\/apagao-ons-pede-que-usinas-reduzam-vazao-de-agua-para-evitar-caos\/#primaryimage\"},\"thumbnailUrl\":\"https:\/\/files.sunoresearch.com.br\/n\/uploads\/2021\/05\/593271b8-power-lines-1868352_1280-jpg.webp\",\"keywords\":[\"Setor el\u00e9trico\"],\"articleSection\":[\"Neg\u00f3cios\"],\"inLanguage\":\"pt-BR\"},{\"@type\":\"WebPage\",\"@id\":\"https:\/\/www.suno.com.br\/noticias\/apagao-ons-pede-que-usinas-reduzam-vazao-de-agua-para-evitar-caos\/\",\"url\":\"https:\/\/www.suno.com.br\/noticias\/apagao-ons-pede-que-usinas-reduzam-vazao-de-agua-para-evitar-caos\/\",\"name\":\"Apag\u00e3o: ONS pede que usinas reduzam vaz\u00e3o de \u00e1gua para evitar caos\",\"isPartOf\":{\"@id\":\"https:\/\/www.suno.com.br\/noticias\/#website\"},\"primaryImageOfPage\":{\"@id\":\"https:\/\/www.suno.com.br\/noticias\/apagao-ons-pede-que-usinas-reduzam-vazao-de-agua-para-evitar-caos\/#primaryimage\"},\"image\":{\"@id\":\"https:\/\/www.suno.com.br\/noticias\/apagao-ons-pede-que-usinas-reduzam-vazao-de-agua-para-evitar-caos\/#primaryimage\"},\"thumbnailUrl\":\"https:\/\/files.sunoresearch.com.br\/n\/uploads\/2021\/05\/593271b8-power-lines-1868352_1280-jpg.webp\",\"datePublished\":\"2021-05-30T16:55:11+00:00\",\"dateModified\":\"2021-05-30T19:05:15+00:00\",\"description\":\"Em meio a possibilidade de apag\u00e3o no Pa\u00eds, autoridades tentar alterar comportamento do setor para evitar o caos. Clique aqui para ler mais.\",\"breadcrumb\":{\"@id\":\"https:\/\/www.suno.com.br\/noticias\/apagao-ons-pede-que-usinas-reduzam-vazao-de-agua-para-evitar-caos\/#breadcrumb\"},\"inLanguage\":\"pt-BR\",\"potentialAction\":[{\"@type\":\"ReadAction\",\"target\":[\"https:\/\/www.suno.com.br\/noticias\/apagao-ons-pede-que-usinas-reduzam-vazao-de-agua-para-evitar-caos\/\"]}]},{\"@type\":\"ImageObject\",\"inLanguage\":\"pt-BR\",\"@id\":\"https:\/\/www.suno.com.br\/noticias\/apagao-ons-pede-que-usinas-reduzam-vazao-de-agua-para-evitar-caos\/#primaryimage\",\"url\":\"https:\/\/files.sunoresearch.com.br\/n\/uploads\/2021\/05\/593271b8-power-lines-1868352_1280-jpg.webp\",\"contentUrl\":\"https:\/\/files.sunoresearch.com.br\/n\/uploads\/2021\/05\/593271b8-power-lines-1868352_1280-jpg.webp\",\"width\":1280,\"height\":853,\"caption\":\"Cons\u00f3rcio brecou planos de Doria de realizar a privatiza\u00e7\u00e3o da Emae ainda em 2021 - Foto: Pixabay\"},{\"@type\":\"BreadcrumbList\",\"@id\":\"https:\/\/www.suno.com.br\/noticias\/apagao-ons-pede-que-usinas-reduzam-vazao-de-agua-para-evitar-caos\/#breadcrumb\",\"itemListElement\":[{\"@type\":\"ListItem\",\"position\":1,\"name\":\"Not\u00edcias\",\"item\":\"https:\/\/www.suno.com.br\/noticias\/\"},{\"@type\":\"ListItem\",\"position\":2,\"name\":\"Neg\u00f3cios\",\"item\":\"https:\/\/www.suno.com.br\/noticias\/negocios\/\"},{\"@type\":\"ListItem\",\"position\":3,\"name\":\"Apag\u00e3o: ONS pede que usinas reduzam vaz\u00e3o de \u00e1gua para evitar caos\"}]},{\"@type\":\"WebSite\",\"@id\":\"https:\/\/www.suno.com.br\/noticias\/#website\",\"url\":\"https:\/\/www.suno.com.br\/noticias\/\",\"name\":\"Suno Not\u00edcias\",\"description\":\"Seu portal de informa\u00e7\u00e3o sobre o mundo dos investimentos\",\"publisher\":{\"@id\":\"https:\/\/www.suno.com.br\/noticias\/#organization\"},\"potentialAction\":[{\"@type\":\"SearchAction\",\"target\":{\"@type\":\"EntryPoint\",\"urlTemplate\":\"https:\/\/www.suno.com.br\/noticias\/?s={search_term_string}\"},\"query-input\":{\"@type\":\"PropertyValueSpecification\",\"valueRequired\":true,\"valueName\":\"search_term_string\"}}],\"inLanguage\":\"pt-BR\"},{\"@type\":\"Organization\",\"@id\":\"https:\/\/www.suno.com.br\/noticias\/#organization\",\"name\":\"Suno Not\u00edcias\",\"url\":\"https:\/\/www.suno.com.br\/noticias\/\",\"logo\":{\"@type\":\"ImageObject\",\"inLanguage\":\"pt-BR\",\"@id\":\"https:\/\/www.suno.com.br\/noticias\/#\/schema\/logo\/image\/\",\"url\":\"https:\/\/files.sunoresearch.com.br\/n\/uploads\/2021\/09\/suno-logo.png\",\"contentUrl\":\"https:\/\/files.sunoresearch.com.br\/n\/uploads\/2021\/09\/suno-logo.png\",\"width\":180,\"height\":180,\"caption\":\"Suno Not\u00edcias\"},\"image\":{\"@id\":\"https:\/\/www.suno.com.br\/noticias\/#\/schema\/logo\/image\/\"},\"sameAs\":[\"https:\/\/facebook.com\/sunoresearch\",\"https:\/\/x.com\/sunoresearch\",\"https:\/\/www.instagram.com\/suno\",\"https:\/\/www.linkedin.com\/company\/suno-research\/\",\"https:\/\/www.youtube.com\/c\/sunoresearch\"]},{\"@type\":\"Person\",\"@id\":\"https:\/\/www.suno.com.br\/noticias\/#\/schema\/person\/c1b1bd3727fa852bd045e9dbff3673ea\",\"name\":\"Reda\u00e7\u00e3o Suno Not\u00edcias\",\"image\":{\"@type\":\"ImageObject\",\"inLanguage\":\"pt-BR\",\"@id\":\"https:\/\/www.suno.com.br\/noticias\/#\/schema\/person\/image\/\",\"url\":\"https:\/\/secure.gravatar.com\/avatar\/b8104b9b5a71985d5238ee59fbe418af?s=96&r=g\",\"contentUrl\":\"https:\/\/secure.gravatar.com\/avatar\/b8104b9b5a71985d5238ee59fbe418af?s=96&r=g\",\"caption\":\"Reda\u00e7\u00e3o Suno Not\u00edcias\"},\"description\":\"O Suno Not\u00edcias \u00e9 um portal de informa\u00e7\u00f5es sobre Mercado Financeiro, Pol\u00edtica, Neg\u00f3cios, Economia e Finan\u00e7as Pessoais.\",\"sameAs\":[\"https:\/\/www.suno.com.br\/noticias\",\"https:\/\/www.facebook.com\/sunonoticias\/\",\"https:\/\/www.instagram.com\/sunonoticias\/\",\"https:\/\/x.com\/https:\/\/twitter.com\/sunoresearch\",\"https:\/\/www.youtube.com\/sunonoticias\"],\"url\":\"https:\/\/www.suno.com.br\/noticias\/author\/redacao-suno\/\"}]}<\/script>\n<!-- \/ Yoast SEO plugin. -->","yoast_head_json":{"title":"Apag\u00e3o: ONS pede que usinas reduzam vaz\u00e3o de \u00e1gua para evitar caos","description":"Em meio a possibilidade de apag\u00e3o no Pa\u00eds, autoridades tentar alterar comportamento do setor para evitar o caos. Clique aqui para ler mais.","robots":{"index":"index","follow":"follow","max-snippet":"max-snippet:-1","max-image-preview":"max-image-preview:large","max-video-preview":"max-video-preview:-1"},"canonical":"https:\/\/www.suno.com.br\/noticias\/apagao-ons-pede-que-usinas-reduzam-vazao-de-agua-para-evitar-caos\/","og_locale":"pt_BR","og_type":"article","og_title":"Apag\u00e3o: ONS pede que usinas reduzam vaz\u00e3o de \u00e1gua para evitar caos","og_description":"Em meio a possibilidade de apag\u00e3o no Pa\u00eds, autoridades tentar alterar comportamento do setor para evitar o caos. Clique aqui para ler mais.","og_url":"https:\/\/www.suno.com.br\/noticias\/apagao-ons-pede-que-usinas-reduzam-vazao-de-agua-para-evitar-caos\/","og_site_name":"Suno Not\u00edcias","article_publisher":"https:\/\/facebook.com\/sunoresearch","article_author":"https:\/\/www.facebook.com\/sunonoticias\/","og_image":[{"width":1280,"height":853,"url":"https:\/\/files.sunoresearch.com.br\/n\/uploads\/2021\/05\/593271b8-power-lines-1868352_1280.jpg","type":"image\/jpeg"}],"author":"Reda\u00e7\u00e3o Suno Not\u00edcias","twitter_card":"summary_large_image","twitter_creator":"@https:\/\/twitter.com\/sunoresearch","twitter_site":"@sunoresearch","twitter_misc":{"Escrito por":"Reda\u00e7\u00e3o Suno Not\u00edcias","Est. tempo de leitura":"5 minutos"},"schema":{"@context":"https:\/\/schema.org","@graph":[{"@type":"NewsArticle","@id":"https:\/\/www.suno.com.br\/noticias\/apagao-ons-pede-que-usinas-reduzam-vazao-de-agua-para-evitar-caos\/#article","isPartOf":{"@id":"https:\/\/www.suno.com.br\/noticias\/apagao-ons-pede-que-usinas-reduzam-vazao-de-agua-para-evitar-caos\/"},"author":{"name":"Reda\u00e7\u00e3o Suno Not\u00edcias","@id":"https:\/\/www.suno.com.br\/noticias\/#\/schema\/person\/c1b1bd3727fa852bd045e9dbff3673ea"},"headline":"Apag\u00e3o: ONS pede que usinas reduzam vaz\u00e3o de \u00e1gua para evitar caos","datePublished":"2021-05-30T16:55:11+00:00","dateModified":"2021-05-30T19:05:15+00:00","mainEntityOfPage":{"@id":"https:\/\/www.suno.com.br\/noticias\/apagao-ons-pede-que-usinas-reduzam-vazao-de-agua-para-evitar-caos\/"},"wordCount":995,"publisher":{"@id":"https:\/\/www.suno.com.br\/noticias\/#organization"},"image":{"@id":"https:\/\/www.suno.com.br\/noticias\/apagao-ons-pede-que-usinas-reduzam-vazao-de-agua-para-evitar-caos\/#primaryimage"},"thumbnailUrl":"https:\/\/files.sunoresearch.com.br\/n\/uploads\/2021\/05\/593271b8-power-lines-1868352_1280-jpg.webp","keywords":["Setor el\u00e9trico"],"articleSection":["Neg\u00f3cios"],"inLanguage":"pt-BR"},{"@type":"WebPage","@id":"https:\/\/www.suno.com.br\/noticias\/apagao-ons-pede-que-usinas-reduzam-vazao-de-agua-para-evitar-caos\/","url":"https:\/\/www.suno.com.br\/noticias\/apagao-ons-pede-que-usinas-reduzam-vazao-de-agua-para-evitar-caos\/","name":"Apag\u00e3o: ONS pede que usinas reduzam vaz\u00e3o de \u00e1gua para evitar caos","isPartOf":{"@id":"https:\/\/www.suno.com.br\/noticias\/#website"},"primaryImageOfPage":{"@id":"https:\/\/www.suno.com.br\/noticias\/apagao-ons-pede-que-usinas-reduzam-vazao-de-agua-para-evitar-caos\/#primaryimage"},"image":{"@id":"https:\/\/www.suno.com.br\/noticias\/apagao-ons-pede-que-usinas-reduzam-vazao-de-agua-para-evitar-caos\/#primaryimage"},"thumbnailUrl":"https:\/\/files.sunoresearch.com.br\/n\/uploads\/2021\/05\/593271b8-power-lines-1868352_1280-jpg.webp","datePublished":"2021-05-30T16:55:11+00:00","dateModified":"2021-05-30T19:05:15+00:00","description":"Em meio a possibilidade de apag\u00e3o no Pa\u00eds, autoridades tentar alterar comportamento do setor para evitar o caos. Clique aqui para ler mais.","breadcrumb":{"@id":"https:\/\/www.suno.com.br\/noticias\/apagao-ons-pede-que-usinas-reduzam-vazao-de-agua-para-evitar-caos\/#breadcrumb"},"inLanguage":"pt-BR","potentialAction":[{"@type":"ReadAction","target":["https:\/\/www.suno.com.br\/noticias\/apagao-ons-pede-que-usinas-reduzam-vazao-de-agua-para-evitar-caos\/"]}]},{"@type":"ImageObject","inLanguage":"pt-BR","@id":"https:\/\/www.suno.com.br\/noticias\/apagao-ons-pede-que-usinas-reduzam-vazao-de-agua-para-evitar-caos\/#primaryimage","url":"https:\/\/files.sunoresearch.com.br\/n\/uploads\/2021\/05\/593271b8-power-lines-1868352_1280-jpg.webp","contentUrl":"https:\/\/files.sunoresearch.com.br\/n\/uploads\/2021\/05\/593271b8-power-lines-1868352_1280-jpg.webp","width":1280,"height":853,"caption":"Cons\u00f3rcio brecou planos de Doria de realizar a privatiza\u00e7\u00e3o da Emae ainda em 2021 - Foto: Pixabay"},{"@type":"BreadcrumbList","@id":"https:\/\/www.suno.com.br\/noticias\/apagao-ons-pede-que-usinas-reduzam-vazao-de-agua-para-evitar-caos\/#breadcrumb","itemListElement":[{"@type":"ListItem","position":1,"name":"Not\u00edcias","item":"https:\/\/www.suno.com.br\/noticias\/"},{"@type":"ListItem","position":2,"name":"Neg\u00f3cios","item":"https:\/\/www.suno.com.br\/noticias\/negocios\/"},{"@type":"ListItem","position":3,"name":"Apag\u00e3o: ONS pede que usinas reduzam vaz\u00e3o de \u00e1gua para evitar caos"}]},{"@type":"WebSite","@id":"https:\/\/www.suno.com.br\/noticias\/#website","url":"https:\/\/www.suno.com.br\/noticias\/","name":"Suno Not\u00edcias","description":"Seu portal de informa\u00e7\u00e3o sobre o mundo dos investimentos","publisher":{"@id":"https:\/\/www.suno.com.br\/noticias\/#organization"},"potentialAction":[{"@type":"SearchAction","target":{"@type":"EntryPoint","urlTemplate":"https:\/\/www.suno.com.br\/noticias\/?s={search_term_string}"},"query-input":{"@type":"PropertyValueSpecification","valueRequired":true,"valueName":"search_term_string"}}],"inLanguage":"pt-BR"},{"@type":"Organization","@id":"https:\/\/www.suno.com.br\/noticias\/#organization","name":"Suno Not\u00edcias","url":"https:\/\/www.suno.com.br\/noticias\/","logo":{"@type":"ImageObject","inLanguage":"pt-BR","@id":"https:\/\/www.suno.com.br\/noticias\/#\/schema\/logo\/image\/","url":"https:\/\/files.sunoresearch.com.br\/n\/uploads\/2021\/09\/suno-logo.png","contentUrl":"https:\/\/files.sunoresearch.com.br\/n\/uploads\/2021\/09\/suno-logo.png","width":180,"height":180,"caption":"Suno Not\u00edcias"},"image":{"@id":"https:\/\/www.suno.com.br\/noticias\/#\/schema\/logo\/image\/"},"sameAs":["https:\/\/facebook.com\/sunoresearch","https:\/\/x.com\/sunoresearch","https:\/\/www.instagram.com\/suno","https:\/\/www.linkedin.com\/company\/suno-research\/","https:\/\/www.youtube.com\/c\/sunoresearch"]},{"@type":"Person","@id":"https:\/\/www.suno.com.br\/noticias\/#\/schema\/person\/c1b1bd3727fa852bd045e9dbff3673ea","name":"Reda\u00e7\u00e3o Suno Not\u00edcias","image":{"@type":"ImageObject","inLanguage":"pt-BR","@id":"https:\/\/www.suno.com.br\/noticias\/#\/schema\/person\/image\/","url":"https:\/\/secure.gravatar.com\/avatar\/b8104b9b5a71985d5238ee59fbe418af?s=96&r=g","contentUrl":"https:\/\/secure.gravatar.com\/avatar\/b8104b9b5a71985d5238ee59fbe418af?s=96&r=g","caption":"Reda\u00e7\u00e3o Suno Not\u00edcias"},"description":"O Suno Not\u00edcias \u00e9 um portal de informa\u00e7\u00f5es sobre Mercado Financeiro, Pol\u00edtica, Neg\u00f3cios, Economia e Finan\u00e7as Pessoais.","sameAs":["https:\/\/www.suno.com.br\/noticias","https:\/\/www.facebook.com\/sunonoticias\/","https:\/\/www.instagram.com\/sunonoticias\/","https:\/\/x.com\/https:\/\/twitter.com\/sunoresearch","https:\/\/www.youtube.com\/sunonoticias"],"url":"https:\/\/www.suno.com.br\/noticias\/author\/redacao-suno\/"}]}},"default_loop_html":"<div class=\"cardsPage__listCard__boxs\"><div class=\"cardsPage__listCard__boxs__img\"><a href=\"https:\/\/www.suno.com.br\/noticias\/apagao-ons-pede-que-usinas-reduzam-vazao-de-agua-para-evitar-caos\/\"><img class=\"mask\" src=\"https:\/\/www.suno.com.br\/noticias\/wp-content\/themes\/suno\/resources\/images\/spotlight\/spotlight1img\/bg-mask.png\" alt=\"Image Mask\"\/><img src=\"https:\/\/files.sunoresearch.com.br\/n\/uploads\/2021\/05\/593271b8-power-lines-1868352_1280-400x200.webp\" alt=\"Apag\u00e3o: ONS pede que usinas reduzam vaz\u00e3o de \u00e1gua para evitar caos\"\/><\/a><span class=\"spotlightCategory\"><a href=\"https:\/\/www.suno.com.br\/noticias\/negocios\/\">Neg\u00f3cios<\/a><\/span><\/div><div class=\"cardsPage__listCard__boxs__content\"><a href=\"https:\/\/www.suno.com.br\/noticias\/apagao-ons-pede-que-usinas-reduzam-vazao-de-agua-para-evitar-caos\/\"><h2 class=\"content__title\">Apag\u00e3o: ONS pede que usinas reduzam vaz\u00e3o de \u00e1gua para evitar caos<\/h2><\/a><div class=\"newsContent__article__meta\"><div class=\"newsContent__article__meta__authorBox\"><a href=\"https:\/\/www.suno.com.br\/noticias\/author\/redacao-suno\/\" class=\"authorBox__avatar noMobi\"><img src=\"https:\/\/files.sunoresearch.com.br\/n\/uploads\/2020\/08\/0ace682d-redacao-1-150x150.webp\" alt=\"Reda\u00e7\u00e3o Suno Not\u00edcias\"><\/a><div class=\"authorBox__name\"><span>por\n\t\t\t<a href=\"https:\/\/www.suno.com.br\/noticias\/author\/redacao-suno\/\"><span itemprop=\"author\">Reda\u00e7\u00e3o Suno Not\u00edcias<\/span><\/a><\/span><time datetime=\"2021-05-30T13:55:11-03:00\" itemprop=\"datePublished\">30\/05\/2021 13:55<\/time><\/div><\/div><\/div><\/div><\/div>","single_layout":"posts","amp_enabled":true,"_links":{"self":[{"href":"https:\/\/www.suno.com.br\/noticias\/wp-json\/wp\/v2\/posts\/151961"}],"collection":[{"href":"https:\/\/www.suno.com.br\/noticias\/wp-json\/wp\/v2\/posts"}],"about":[{"href":"https:\/\/www.suno.com.br\/noticias\/wp-json\/wp\/v2\/types\/post"}],"author":[{"embeddable":true,"href":"https:\/\/www.suno.com.br\/noticias\/wp-json\/wp\/v2\/users\/43"}],"replies":[{"embeddable":true,"href":"https:\/\/www.suno.com.br\/noticias\/wp-json\/wp\/v2\/comments?post=151961"}],"version-history":[{"count":3,"href":"https:\/\/www.suno.com.br\/noticias\/wp-json\/wp\/v2\/posts\/151961\/revisions"}],"predecessor-version":[{"id":152334,"href":"https:\/\/www.suno.com.br\/noticias\/wp-json\/wp\/v2\/posts\/151961\/revisions\/152334"}],"wp:featuredmedia":[{"embeddable":true,"href":"https:\/\/www.suno.com.br\/noticias\/wp-json\/wp\/v2\/media\/151887"}],"wp:attachment":[{"href":"https:\/\/www.suno.com.br\/noticias\/wp-json\/wp\/v2\/media?parent=151961"}],"wp:term":[{"taxonomy":"category","embeddable":true,"href":"https:\/\/www.suno.com.br\/noticias\/wp-json\/wp\/v2\/categories?post=151961"},{"taxonomy":"post_tag","embeddable":true,"href":"https:\/\/www.suno.com.br\/noticias\/wp-json\/wp\/v2\/tags?post=151961"},{"taxonomy":"suno_strategy","embeddable":true,"href":"https:\/\/www.suno.com.br\/noticias\/wp-json\/wp\/v2\/suno_strategy?post=151961"}],"curies":[{"name":"wp","href":"https:\/\/api.w.org\/{rel}","templated":true}]}}