{"id":151950,"date":"2021-05-30T14:56:51","date_gmt":"2021-05-30T17:56:51","guid":{"rendered":"https:\/\/www.suno.com.br\/noticias\/?p=151950"},"modified":"2021-06-01T22:28:35","modified_gmt":"2021-06-02T01:28:35","slug":"selic-alta-do-igp-m-levanta-duvidas-sobre-a-inflacao-e-pode-pressionar-taxa","status":"publish","type":"post","link":"https:\/\/www.suno.com.br\/noticias\/selic-alta-do-igp-m-levanta-duvidas-sobre-a-inflacao-e-pode-pressionar-taxa\/","title":{"rendered":"Selic: alta do IGP-M levanta d\u00favidas sobre a infla\u00e7\u00e3o e pode pressionar taxa"},"content":{"rendered":"<p>O \u00cdndice Geral de Pre\u00e7os &#8211; Mercado (IGP-M), bastante usado para os reajustes de aluguel, fechou o m\u00eas de maio com alta de 4,10%, uma forte acelera\u00e7\u00e3o em rela\u00e7\u00e3o ao 1,51% registrado em abril. No ano, o indicador, calculado pela Funda\u00e7\u00e3o Get\u00falio Vargas (FGV) alcan\u00e7ou 14,39%. Em 12 meses, o avan\u00e7o j\u00e1 chega a 37,04%. Essa taxa \u00e9 a maior registrada desde o in\u00edcio do Plano Real, superando o acumulado de 32,97% de abril de 2003, o que pode for\u00e7ar uma alta maior na <a href=\"https:\/\/www.suno.com.br\/artigos\/taxa-selic\/\">taxa b\u00e1sica de juros (<strong>Selic<\/strong>)<\/a>.<\/p>\t<div class=\"wrapper-featured-image\">\n\t\t<figure class=\"spotlightImg\">\n\n\t\t\t<picture>\n\t\t\t\t<source media=\"(max-width: 768px)\" srcset=\"https:\/\/files.sunoresearch.com.br\/n\/uploads\/2021\/01\/bad137e7-dinheiro-400x200.webp\">\n\t\t\t\t<img loading=\"lazy\" decoding=\"async\" class=\"newsContent__article__imgCapa lazyloadDisabled \" src=\"https:\/\/files.sunoresearch.com.br\/n\/uploads\/2021\/01\/bad137e7-dinheiro-800x450.webp\" width=\"800\" height=\"450\" alt=\"Selic: alta do IGP-M levanta d\u00favidas sobre a infla\u00e7\u00e3o e pode pressionar taxa\" fetchpriority=high \/>\n\t\t\t<\/picture>\n\n\t\t\t<figcaption class=\"wp-caption-text wp-caption-text--show\">Selic: &quot;Um novo aumento vai tirar uma parte das pessoas do mercado. A presta\u00e7\u00e3o pode n\u00e3o caber mais no bolso. Mas, ainda assim, ser\u00e1 uma taxa palat\u00e1vel&quot;, ponderou a presidente da Abecip, Cristiane Portella.<\/figcaption>\n\t\t<\/figure>\n\t<\/div>\n\n\n\t<p>\n\t\t<a href=\"https:\/\/lp.suno.com.br\/planilha-controle-gastos\/\" target=\"_blank\" data-element=\"shortcode-suno-banner\" title=\"Banner SUNO, clique e saiba mais\">\n\t\t\t<picture>\n\t\t\t\t<source media=\"(max-width: 500px)\" srcset=\"https:\/\/files.sunoresearch.com.br\/n\/uploads\/2023\/03\/400x300-Planilha-controle-de-gastos.png\">\n\t\t\t\t<img class=\"newsContent__article__imgCapa newsContent__article__imgCapa--banner\"\n\t\t\t\t\tsrc=\"https:\/\/files.sunoresearch.com.br\/n\/uploads\/2023\/03\/1420x240-Planilha-controle-de-gastos.png\"\n\t\t\t\t\tdata-promo-id=\"101751\"\t\t\t\t\t\t\t\t\t\twidth='1420' height='240'\t\t\t\t\talt=\"https:\/\/files.sunoresearch.com.br\/n\/uploads\/2023\/03\/1420x240-Planilha-controle-de-gastos.png\"\n\t\t\t\t>\n\t\t\t<\/picture>\n\t\t<\/a>\n\t<\/p>\n\n\n<p>A disparada do \u00edndice j\u00e1 motivou at\u00e9 um projeto, do deputado Vin\u00edcius Carvalho (Republicanos-SP), que prop\u00f5e a troca do IGP-M pelo \u00cdndice de Pre\u00e7os ao Consumidor (IPCA) como o teto para os reajustes anuais de contratos residenciais e comerciais. O tema \u00e9 pol\u00eamico e encontra resist\u00eancia em parte do mercado, que defende a livre negocia\u00e7\u00e3o entre as partes.<\/p>\n<p>O texto em an\u00e1lise na C\u00e2mara dos Deputados prev\u00ea que o \u00edndice de reajuste nos contratos de loca\u00e7\u00e3o residencial e comercial n\u00e3o poder\u00e1 ser superior ao \u00edndice oficial de infla\u00e7\u00e3o. O IPCA acumulado no ano at\u00e9 abril est\u00e1 em 2,37%, e em 12 meses, 6,76%. Desde o in\u00edcio do ano, lojistas de shoppings centers come\u00e7aram a negociar a revis\u00e3o de seus contratos de aluguel na tentativa de trocar o \u00edndice de reajuste.<\/p>\n<p><a href=\"https:\/\/lp.suno.com.br\/suno-one\/\">Suno One: acesse gratuitamente eBooks, Minicursos, Artigos e V\u00eddeo Aulas sobre investimentos com um \u00fanico cadastro. Clique para saber mais!<\/a><\/p>\n<p>A alta do IGP-M reitera tamb\u00e9m temores inflacion\u00e1rios e deve provocar eleva\u00e7\u00e3o na proje\u00e7\u00e3o de 5,5% para a taxa Selic no fim de 2021, considerando tamb\u00e9m as expectativas de crescimento econ\u00f4mico mais forte este ano, afirmou o economista-chefe da Necton, Andr\u00e9 Perfeito. Hoje, a Selic est\u00e1 em 3,5% ao ano.<\/p>\n<p>Segundo Perfeito, a infla\u00e7\u00e3o tem caracter\u00edsticas t\u00edpicas de um choque de oferta e o \u00cdndice de Pre\u00e7os ao Produtor Amplo (IPA), um dos componentes do IGP-M, deixa isso claro, com alta de 5,23% no m\u00eas e acumulado em 12 meses de &#8220;estonteantes&#8221; 50,21%.<\/p>\n<p>&#8220;Os bancos centrais de todo o mundo enfrentam problemas similares nesta pandemia com a infla\u00e7\u00e3o e a maioria deles continua argumentando que esses s\u00e3o choques transit\u00f3rios e, logo, n\u00e3o faria sentido subir fortemente a taxa de juros agora. Entendemos que essa argumenta\u00e7\u00e3o faz sentido, mas num pa\u00eds amplamente indexado como o nosso, num \u00edndice como IGP-M isso traz preocupa\u00e7\u00f5es adicionais.&#8221;<\/p>\n<p>Perfeito argumenta que a \u00fanica forma de tentar minimizar os efeitos delet\u00e9rios da infla\u00e7\u00e3o no curto prazo seria controlar o d\u00f3lar por meio de uma alta mais forte da taxa Selic. Mas ele pondera que o Banco Central n\u00e3o tem meta para o c\u00e2mbio.<\/p>\n<h2><b>Destaques do IGP-M que podem pressionar Selic<\/b><\/h2>\n<p>Todos os \u00edndices que comp\u00f5em o IGP-M registraram acelera\u00e7\u00e3o em maio. A mais significativa ocorreu no IPA, que reflete os pre\u00e7os no atacado, de 1,84% para 5,23%. J\u00e1 o \u00cdndice de Pre\u00e7o ao Consumidor (IPC) avan\u00e7ou de 0,44% para 0,61%, chegando a 7,36% no acumulado em 12 meses at\u00e9 maio. J\u00e1 o \u00cdndice Nacional de Custo da Constru\u00e7\u00e3o (INCC) passou de 0,95% para 1,80%, com 14,62% em 12 meses.<\/p>\n<p>O salto do IGP-M de abril para maio &#8220;foi tudo culpa&#8221; do IPA, com destaque para o min\u00e9rio de ferro (de -1,23% para 20,64%) e outras commodities, mas com repasses vis\u00edveis na cadeia, diz o coordenador dos \u00cdndices de Pre\u00e7os na FGV, Andr\u00e9 Braz. Para o economista, a escalada do min\u00e9rio de ferro mostra gordura que deve ser revertida no pr\u00f3ximo m\u00eas, considerando tamb\u00e9m medidas contra a especula\u00e7\u00e3o na China. Mas ele refor\u00e7a que h\u00e1 outros movimentos da cadeia que s\u00e3o preocupantes e uma desacelera\u00e7\u00e3o mais abrupta, na dire\u00e7\u00e3o de 1%, talvez s\u00f3 em julho.<\/p>\n<p>Al\u00e9m do min\u00e9rio, Braz tamb\u00e9m destacou o aumento em mat\u00e9rias-primas brutas (1,28% para 10,15%), da cana de a\u00e7\u00facar (3,43% para 18,65%), com alta de 41,22% em 12 meses, e da soja (1,23% para 3,74%), chegando a 76,97% no per\u00edodo de um ano finalizado em maio. &#8220;O que impressiona mais, apesar das varia\u00e7\u00f5es mensais serem expressivas, s\u00e3o as taxas acumuladas de 12 meses que as commodities v\u00eam sustentando e que levam a um repasse na cadeia. Com a demanda come\u00e7ando a aquecer, com expectativas de crescimento da economia indo para 4%, h\u00e1 encaminhamento de press\u00f5es.&#8221;<\/p>\n<p>Com a avalanche de custos acumulados em 12 meses, Braz afirma que \u00e9 crescente a chance de impacto na infla\u00e7\u00e3o ao consumidor tamb\u00e9m em 2022. &#8220;Dependendo da intensidade que o varejo reagir ao IPA, o movimento da Selic pode ser mais agressivo do que 5,5%. O grande desafio \u00e9 n\u00e3o perder a guerra para a infla\u00e7\u00e3o. N\u00e3o estou falando de hiperinfla\u00e7\u00e3o, mas de manter a ancoragem&#8221;, diz, ponderando que \u00e9 preciso tamb\u00e9m dosar o aumento da Selic para n\u00e3o criar &#8220;embara\u00e7os&#8221; para o crescimento econ\u00f4mico. Ele tamb\u00e9m sugere medidas para aumentar a competi\u00e7\u00e3o de setores, como, por exemplo, altera\u00e7\u00f5es em impostos de importa\u00e7\u00e3o.<\/p>\n<p><em>(Com Estad\u00e3o Conte\u00fado)<\/em><\/p>\n\t<p>\n\t\t<a href=\"https:\/\/lp.suno.com.br\/planilha-de-controle-de-investimentos\/\" target=\"_blank\" data-element=\"shortcode-suno-banner\" title=\"Banner SUNO, clique e saiba mais\">\n\t\t\t<picture>\n\t\t\t\t<source media=\"(max-width: 500px)\" srcset=\"https:\/\/files.sunoresearch.com.br\/n\/uploads\/2023\/03\/400x300-Controle-de-Investimentos.png\">\n\t\t\t\t<img class=\"newsContent__article__imgCapa newsContent__article__imgCapa--banner\"\n\t\t\t\t\tsrc=\"https:\/\/files.sunoresearch.com.br\/n\/uploads\/2023\/03\/1420x240-Controle-de-Investimentos.png\"\n\t\t\t\t\tdata-promo-id=\"75934\"\t\t\t\t\t\t\t\t\t\twidth='1420' height='240'\t\t\t\t\talt=\"https:\/\/files.sunoresearch.com.br\/n\/uploads\/2023\/03\/1420x240-Controle-de-Investimentos.png\"\n\t\t\t\t>\n\t\t\t<\/picture>\n\t\t<\/a>\n\t<\/p>\n\n\n","protected":false},"excerpt":{"rendered":"<p>O \u00cdndice Geral de Pre\u00e7os &#8211; Mercado (IGP-M), bastante usado para os reajustes de aluguel, fechou o m\u00eas de maio com alta de 4,10%, uma forte acelera\u00e7\u00e3o em rela\u00e7\u00e3o ao 1,51% registrado em abril. No ano, o indicador, calculado pela Funda\u00e7\u00e3o Get\u00falio Vargas (FGV) alcan\u00e7ou 14,39%. Em 12 meses, o avan\u00e7o j\u00e1 chega a 37,04%. [&hellip;]<\/p>\n","protected":false},"author":43,"featured_media":113055,"comment_status":"closed","ping_status":"closed","sticky":false,"template":"","format":"standard","meta":[],"categories":[62],"tags":[1045,850,290],"suno_strategy":[],"class_list":["post-151950","post","type-post","status-publish","format-standard","has-post-thumbnail","hentry","category-economia","tag-igp-m","tag-inflacao","tag-taxa-selic"],"yoast_head":"<!-- This site is optimized with the Yoast SEO plugin v24.4 - https:\/\/yoast.com\/wordpress\/plugins\/seo\/ -->\n<title>Selic: IGP-M levanta d\u00favidas sobre a infla\u00e7\u00e3o e pode pressionar taxa<\/title>\n<meta name=\"description\" content=\"Alta da infla\u00e7\u00e3o medida pelo IGP-M deve pressionar por um novo aumento na Selic no Pa\u00eds. Clique aqui para ler mais sobre.\" \/>\n<meta name=\"robots\" content=\"index, follow, max-snippet:-1, max-image-preview:large, max-video-preview:-1\" \/>\n<link rel=\"canonical\" href=\"https:\/\/www.suno.com.br\/noticias\/selic-alta-do-igp-m-levanta-duvidas-sobre-a-inflacao-e-pode-pressionar-taxa\/\" \/>\n<meta property=\"og:locale\" content=\"pt_BR\" \/>\n<meta property=\"og:type\" content=\"article\" \/>\n<meta property=\"og:title\" content=\"Selic: IGP-M levanta d\u00favidas sobre a infla\u00e7\u00e3o e pode pressionar taxa\" \/>\n<meta property=\"og:description\" content=\"Alta da infla\u00e7\u00e3o medida pelo IGP-M deve pressionar por um novo aumento na Selic no Pa\u00eds. Clique aqui para ler mais sobre.\" \/>\n<meta property=\"og:url\" content=\"https:\/\/www.suno.com.br\/noticias\/selic-alta-do-igp-m-levanta-duvidas-sobre-a-inflacao-e-pode-pressionar-taxa\/\" \/>\n<meta property=\"og:site_name\" content=\"Suno Not\u00edcias\" \/>\n<meta property=\"article:publisher\" content=\"https:\/\/facebook.com\/sunoresearch\" \/>\n<meta property=\"article:author\" content=\"https:\/\/www.facebook.com\/sunonoticias\/\" \/>\n<meta property=\"og:image\" content=\"https:\/\/files.sunoresearch.com.br\/n\/uploads\/2021\/01\/bad137e7-dinheiro.jpg\" \/>\n\t<meta property=\"og:image:width\" content=\"1200\" \/>\n\t<meta property=\"og:image:height\" content=\"800\" \/>\n\t<meta property=\"og:image:type\" content=\"image\/jpeg\" \/>\n<meta name=\"author\" content=\"Reda\u00e7\u00e3o Suno Not\u00edcias\" \/>\n<meta name=\"twitter:card\" content=\"summary_large_image\" \/>\n<meta name=\"twitter:creator\" content=\"@https:\/\/twitter.com\/sunoresearch\" \/>\n<meta name=\"twitter:site\" content=\"@sunoresearch\" \/>\n<meta name=\"twitter:label1\" content=\"Escrito por\" \/>\n\t<meta name=\"twitter:data1\" content=\"Reda\u00e7\u00e3o Suno Not\u00edcias\" \/>\n\t<meta name=\"twitter:label2\" content=\"Est. tempo de leitura\" \/>\n\t<meta name=\"twitter:data2\" content=\"4 minutos\" \/>\n<script type=\"application\/ld+json\" class=\"yoast-schema-graph\">{\"@context\":\"https:\/\/schema.org\",\"@graph\":[{\"@type\":\"NewsArticle\",\"@id\":\"https:\/\/www.suno.com.br\/noticias\/selic-alta-do-igp-m-levanta-duvidas-sobre-a-inflacao-e-pode-pressionar-taxa\/#article\",\"isPartOf\":{\"@id\":\"https:\/\/www.suno.com.br\/noticias\/selic-alta-do-igp-m-levanta-duvidas-sobre-a-inflacao-e-pode-pressionar-taxa\/\"},\"author\":{\"name\":\"Reda\u00e7\u00e3o Suno Not\u00edcias\",\"@id\":\"https:\/\/www.suno.com.br\/noticias\/#\/schema\/person\/c1b1bd3727fa852bd045e9dbff3673ea\"},\"headline\":\"Selic: alta do IGP-M levanta d\u00favidas sobre a infla\u00e7\u00e3o e pode pressionar taxa\",\"datePublished\":\"2021-05-30T17:56:51+00:00\",\"dateModified\":\"2021-06-02T01:28:35+00:00\",\"mainEntityOfPage\":{\"@id\":\"https:\/\/www.suno.com.br\/noticias\/selic-alta-do-igp-m-levanta-duvidas-sobre-a-inflacao-e-pode-pressionar-taxa\/\"},\"wordCount\":875,\"publisher\":{\"@id\":\"https:\/\/www.suno.com.br\/noticias\/#organization\"},\"image\":{\"@id\":\"https:\/\/www.suno.com.br\/noticias\/selic-alta-do-igp-m-levanta-duvidas-sobre-a-inflacao-e-pode-pressionar-taxa\/#primaryimage\"},\"thumbnailUrl\":\"https:\/\/files.sunoresearch.com.br\/n\/uploads\/2021\/01\/bad137e7-dinheiro-jpg.webp\",\"keywords\":[\"IGP-M\",\"infla\u00e7\u00e3o\",\"Taxa Selic\"],\"articleSection\":[\"Economia\"],\"inLanguage\":\"pt-BR\"},{\"@type\":\"WebPage\",\"@id\":\"https:\/\/www.suno.com.br\/noticias\/selic-alta-do-igp-m-levanta-duvidas-sobre-a-inflacao-e-pode-pressionar-taxa\/\",\"url\":\"https:\/\/www.suno.com.br\/noticias\/selic-alta-do-igp-m-levanta-duvidas-sobre-a-inflacao-e-pode-pressionar-taxa\/\",\"name\":\"Selic: IGP-M levanta d\u00favidas sobre a infla\u00e7\u00e3o e pode pressionar taxa\",\"isPartOf\":{\"@id\":\"https:\/\/www.suno.com.br\/noticias\/#website\"},\"primaryImageOfPage\":{\"@id\":\"https:\/\/www.suno.com.br\/noticias\/selic-alta-do-igp-m-levanta-duvidas-sobre-a-inflacao-e-pode-pressionar-taxa\/#primaryimage\"},\"image\":{\"@id\":\"https:\/\/www.suno.com.br\/noticias\/selic-alta-do-igp-m-levanta-duvidas-sobre-a-inflacao-e-pode-pressionar-taxa\/#primaryimage\"},\"thumbnailUrl\":\"https:\/\/files.sunoresearch.com.br\/n\/uploads\/2021\/01\/bad137e7-dinheiro-jpg.webp\",\"datePublished\":\"2021-05-30T17:56:51+00:00\",\"dateModified\":\"2021-06-02T01:28:35+00:00\",\"description\":\"Alta da infla\u00e7\u00e3o medida pelo IGP-M deve pressionar por um novo aumento na Selic no Pa\u00eds. Clique aqui para ler mais sobre.\",\"breadcrumb\":{\"@id\":\"https:\/\/www.suno.com.br\/noticias\/selic-alta-do-igp-m-levanta-duvidas-sobre-a-inflacao-e-pode-pressionar-taxa\/#breadcrumb\"},\"inLanguage\":\"pt-BR\",\"potentialAction\":[{\"@type\":\"ReadAction\",\"target\":[\"https:\/\/www.suno.com.br\/noticias\/selic-alta-do-igp-m-levanta-duvidas-sobre-a-inflacao-e-pode-pressionar-taxa\/\"]}]},{\"@type\":\"ImageObject\",\"inLanguage\":\"pt-BR\",\"@id\":\"https:\/\/www.suno.com.br\/noticias\/selic-alta-do-igp-m-levanta-duvidas-sobre-a-inflacao-e-pode-pressionar-taxa\/#primaryimage\",\"url\":\"https:\/\/files.sunoresearch.com.br\/n\/uploads\/2021\/01\/bad137e7-dinheiro-jpg.webp\",\"contentUrl\":\"https:\/\/files.sunoresearch.com.br\/n\/uploads\/2021\/01\/bad137e7-dinheiro-jpg.webp\",\"width\":1200,\"height\":800,\"caption\":\"Selic: \\\"Um novo aumento vai tirar uma parte das pessoas do mercado. A presta\u00e7\u00e3o pode n\u00e3o caber mais no bolso. Mas, ainda assim, ser\u00e1 uma taxa palat\u00e1vel\\\", ponderou a presidente da Abecip, Cristiane Portella.\"},{\"@type\":\"BreadcrumbList\",\"@id\":\"https:\/\/www.suno.com.br\/noticias\/selic-alta-do-igp-m-levanta-duvidas-sobre-a-inflacao-e-pode-pressionar-taxa\/#breadcrumb\",\"itemListElement\":[{\"@type\":\"ListItem\",\"position\":1,\"name\":\"Not\u00edcias\",\"item\":\"https:\/\/www.suno.com.br\/noticias\/\"},{\"@type\":\"ListItem\",\"position\":2,\"name\":\"Economia\",\"item\":\"https:\/\/www.suno.com.br\/noticias\/economia\/\"},{\"@type\":\"ListItem\",\"position\":3,\"name\":\"Selic: alta do IGP-M levanta d\u00favidas sobre a infla\u00e7\u00e3o e pode pressionar taxa\"}]},{\"@type\":\"WebSite\",\"@id\":\"https:\/\/www.suno.com.br\/noticias\/#website\",\"url\":\"https:\/\/www.suno.com.br\/noticias\/\",\"name\":\"Suno Not\u00edcias\",\"description\":\"Seu portal de informa\u00e7\u00e3o sobre o mundo dos investimentos\",\"publisher\":{\"@id\":\"https:\/\/www.suno.com.br\/noticias\/#organization\"},\"potentialAction\":[{\"@type\":\"SearchAction\",\"target\":{\"@type\":\"EntryPoint\",\"urlTemplate\":\"https:\/\/www.suno.com.br\/noticias\/?s={search_term_string}\"},\"query-input\":{\"@type\":\"PropertyValueSpecification\",\"valueRequired\":true,\"valueName\":\"search_term_string\"}}],\"inLanguage\":\"pt-BR\"},{\"@type\":\"Organization\",\"@id\":\"https:\/\/www.suno.com.br\/noticias\/#organization\",\"name\":\"Suno Not\u00edcias\",\"url\":\"https:\/\/www.suno.com.br\/noticias\/\",\"logo\":{\"@type\":\"ImageObject\",\"inLanguage\":\"pt-BR\",\"@id\":\"https:\/\/www.suno.com.br\/noticias\/#\/schema\/logo\/image\/\",\"url\":\"https:\/\/files.sunoresearch.com.br\/n\/uploads\/2021\/09\/suno-logo.png\",\"contentUrl\":\"https:\/\/files.sunoresearch.com.br\/n\/uploads\/2021\/09\/suno-logo.png\",\"width\":180,\"height\":180,\"caption\":\"Suno Not\u00edcias\"},\"image\":{\"@id\":\"https:\/\/www.suno.com.br\/noticias\/#\/schema\/logo\/image\/\"},\"sameAs\":[\"https:\/\/facebook.com\/sunoresearch\",\"https:\/\/x.com\/sunoresearch\",\"https:\/\/www.instagram.com\/suno\",\"https:\/\/www.linkedin.com\/company\/suno-research\/\",\"https:\/\/www.youtube.com\/c\/sunoresearch\"]},{\"@type\":\"Person\",\"@id\":\"https:\/\/www.suno.com.br\/noticias\/#\/schema\/person\/c1b1bd3727fa852bd045e9dbff3673ea\",\"name\":\"Reda\u00e7\u00e3o Suno Not\u00edcias\",\"image\":{\"@type\":\"ImageObject\",\"inLanguage\":\"pt-BR\",\"@id\":\"https:\/\/www.suno.com.br\/noticias\/#\/schema\/person\/image\/\",\"url\":\"https:\/\/secure.gravatar.com\/avatar\/b8104b9b5a71985d5238ee59fbe418af?s=96&r=g\",\"contentUrl\":\"https:\/\/secure.gravatar.com\/avatar\/b8104b9b5a71985d5238ee59fbe418af?s=96&r=g\",\"caption\":\"Reda\u00e7\u00e3o Suno Not\u00edcias\"},\"description\":\"O Suno Not\u00edcias \u00e9 um portal de informa\u00e7\u00f5es sobre Mercado Financeiro, Pol\u00edtica, Neg\u00f3cios, Economia e Finan\u00e7as Pessoais.\",\"sameAs\":[\"https:\/\/www.suno.com.br\/noticias\",\"https:\/\/www.facebook.com\/sunonoticias\/\",\"https:\/\/www.instagram.com\/sunonoticias\/\",\"https:\/\/x.com\/https:\/\/twitter.com\/sunoresearch\",\"https:\/\/www.youtube.com\/sunonoticias\"],\"url\":\"https:\/\/www.suno.com.br\/noticias\/author\/redacao-suno\/\"}]}<\/script>\n<!-- \/ Yoast SEO plugin. -->","yoast_head_json":{"title":"Selic: IGP-M levanta d\u00favidas sobre a infla\u00e7\u00e3o e pode pressionar taxa","description":"Alta da infla\u00e7\u00e3o medida pelo IGP-M deve pressionar por um novo aumento na Selic no Pa\u00eds. Clique aqui para ler mais sobre.","robots":{"index":"index","follow":"follow","max-snippet":"max-snippet:-1","max-image-preview":"max-image-preview:large","max-video-preview":"max-video-preview:-1"},"canonical":"https:\/\/www.suno.com.br\/noticias\/selic-alta-do-igp-m-levanta-duvidas-sobre-a-inflacao-e-pode-pressionar-taxa\/","og_locale":"pt_BR","og_type":"article","og_title":"Selic: IGP-M levanta d\u00favidas sobre a infla\u00e7\u00e3o e pode pressionar taxa","og_description":"Alta da infla\u00e7\u00e3o medida pelo IGP-M deve pressionar por um novo aumento na Selic no Pa\u00eds. Clique aqui para ler mais sobre.","og_url":"https:\/\/www.suno.com.br\/noticias\/selic-alta-do-igp-m-levanta-duvidas-sobre-a-inflacao-e-pode-pressionar-taxa\/","og_site_name":"Suno Not\u00edcias","article_publisher":"https:\/\/facebook.com\/sunoresearch","article_author":"https:\/\/www.facebook.com\/sunonoticias\/","og_image":[{"width":1200,"height":800,"url":"https:\/\/files.sunoresearch.com.br\/n\/uploads\/2021\/01\/bad137e7-dinheiro.jpg","type":"image\/jpeg"}],"author":"Reda\u00e7\u00e3o Suno Not\u00edcias","twitter_card":"summary_large_image","twitter_creator":"@https:\/\/twitter.com\/sunoresearch","twitter_site":"@sunoresearch","twitter_misc":{"Escrito por":"Reda\u00e7\u00e3o Suno Not\u00edcias","Est. tempo de leitura":"4 minutos"},"schema":{"@context":"https:\/\/schema.org","@graph":[{"@type":"NewsArticle","@id":"https:\/\/www.suno.com.br\/noticias\/selic-alta-do-igp-m-levanta-duvidas-sobre-a-inflacao-e-pode-pressionar-taxa\/#article","isPartOf":{"@id":"https:\/\/www.suno.com.br\/noticias\/selic-alta-do-igp-m-levanta-duvidas-sobre-a-inflacao-e-pode-pressionar-taxa\/"},"author":{"name":"Reda\u00e7\u00e3o Suno Not\u00edcias","@id":"https:\/\/www.suno.com.br\/noticias\/#\/schema\/person\/c1b1bd3727fa852bd045e9dbff3673ea"},"headline":"Selic: alta do IGP-M levanta d\u00favidas sobre a infla\u00e7\u00e3o e pode pressionar taxa","datePublished":"2021-05-30T17:56:51+00:00","dateModified":"2021-06-02T01:28:35+00:00","mainEntityOfPage":{"@id":"https:\/\/www.suno.com.br\/noticias\/selic-alta-do-igp-m-levanta-duvidas-sobre-a-inflacao-e-pode-pressionar-taxa\/"},"wordCount":875,"publisher":{"@id":"https:\/\/www.suno.com.br\/noticias\/#organization"},"image":{"@id":"https:\/\/www.suno.com.br\/noticias\/selic-alta-do-igp-m-levanta-duvidas-sobre-a-inflacao-e-pode-pressionar-taxa\/#primaryimage"},"thumbnailUrl":"https:\/\/files.sunoresearch.com.br\/n\/uploads\/2021\/01\/bad137e7-dinheiro-jpg.webp","keywords":["IGP-M","infla\u00e7\u00e3o","Taxa Selic"],"articleSection":["Economia"],"inLanguage":"pt-BR"},{"@type":"WebPage","@id":"https:\/\/www.suno.com.br\/noticias\/selic-alta-do-igp-m-levanta-duvidas-sobre-a-inflacao-e-pode-pressionar-taxa\/","url":"https:\/\/www.suno.com.br\/noticias\/selic-alta-do-igp-m-levanta-duvidas-sobre-a-inflacao-e-pode-pressionar-taxa\/","name":"Selic: IGP-M levanta d\u00favidas sobre a infla\u00e7\u00e3o e pode pressionar taxa","isPartOf":{"@id":"https:\/\/www.suno.com.br\/noticias\/#website"},"primaryImageOfPage":{"@id":"https:\/\/www.suno.com.br\/noticias\/selic-alta-do-igp-m-levanta-duvidas-sobre-a-inflacao-e-pode-pressionar-taxa\/#primaryimage"},"image":{"@id":"https:\/\/www.suno.com.br\/noticias\/selic-alta-do-igp-m-levanta-duvidas-sobre-a-inflacao-e-pode-pressionar-taxa\/#primaryimage"},"thumbnailUrl":"https:\/\/files.sunoresearch.com.br\/n\/uploads\/2021\/01\/bad137e7-dinheiro-jpg.webp","datePublished":"2021-05-30T17:56:51+00:00","dateModified":"2021-06-02T01:28:35+00:00","description":"Alta da infla\u00e7\u00e3o medida pelo IGP-M deve pressionar por um novo aumento na Selic no Pa\u00eds. Clique aqui para ler mais sobre.","breadcrumb":{"@id":"https:\/\/www.suno.com.br\/noticias\/selic-alta-do-igp-m-levanta-duvidas-sobre-a-inflacao-e-pode-pressionar-taxa\/#breadcrumb"},"inLanguage":"pt-BR","potentialAction":[{"@type":"ReadAction","target":["https:\/\/www.suno.com.br\/noticias\/selic-alta-do-igp-m-levanta-duvidas-sobre-a-inflacao-e-pode-pressionar-taxa\/"]}]},{"@type":"ImageObject","inLanguage":"pt-BR","@id":"https:\/\/www.suno.com.br\/noticias\/selic-alta-do-igp-m-levanta-duvidas-sobre-a-inflacao-e-pode-pressionar-taxa\/#primaryimage","url":"https:\/\/files.sunoresearch.com.br\/n\/uploads\/2021\/01\/bad137e7-dinheiro-jpg.webp","contentUrl":"https:\/\/files.sunoresearch.com.br\/n\/uploads\/2021\/01\/bad137e7-dinheiro-jpg.webp","width":1200,"height":800,"caption":"Selic: \"Um novo aumento vai tirar uma parte das pessoas do mercado. A presta\u00e7\u00e3o pode n\u00e3o caber mais no bolso. Mas, ainda assim, ser\u00e1 uma taxa palat\u00e1vel\", ponderou a presidente da Abecip, Cristiane Portella."},{"@type":"BreadcrumbList","@id":"https:\/\/www.suno.com.br\/noticias\/selic-alta-do-igp-m-levanta-duvidas-sobre-a-inflacao-e-pode-pressionar-taxa\/#breadcrumb","itemListElement":[{"@type":"ListItem","position":1,"name":"Not\u00edcias","item":"https:\/\/www.suno.com.br\/noticias\/"},{"@type":"ListItem","position":2,"name":"Economia","item":"https:\/\/www.suno.com.br\/noticias\/economia\/"},{"@type":"ListItem","position":3,"name":"Selic: alta do IGP-M levanta d\u00favidas sobre a infla\u00e7\u00e3o e pode pressionar taxa"}]},{"@type":"WebSite","@id":"https:\/\/www.suno.com.br\/noticias\/#website","url":"https:\/\/www.suno.com.br\/noticias\/","name":"Suno Not\u00edcias","description":"Seu portal de informa\u00e7\u00e3o sobre o mundo dos investimentos","publisher":{"@id":"https:\/\/www.suno.com.br\/noticias\/#organization"},"potentialAction":[{"@type":"SearchAction","target":{"@type":"EntryPoint","urlTemplate":"https:\/\/www.suno.com.br\/noticias\/?s={search_term_string}"},"query-input":{"@type":"PropertyValueSpecification","valueRequired":true,"valueName":"search_term_string"}}],"inLanguage":"pt-BR"},{"@type":"Organization","@id":"https:\/\/www.suno.com.br\/noticias\/#organization","name":"Suno Not\u00edcias","url":"https:\/\/www.suno.com.br\/noticias\/","logo":{"@type":"ImageObject","inLanguage":"pt-BR","@id":"https:\/\/www.suno.com.br\/noticias\/#\/schema\/logo\/image\/","url":"https:\/\/files.sunoresearch.com.br\/n\/uploads\/2021\/09\/suno-logo.png","contentUrl":"https:\/\/files.sunoresearch.com.br\/n\/uploads\/2021\/09\/suno-logo.png","width":180,"height":180,"caption":"Suno Not\u00edcias"},"image":{"@id":"https:\/\/www.suno.com.br\/noticias\/#\/schema\/logo\/image\/"},"sameAs":["https:\/\/facebook.com\/sunoresearch","https:\/\/x.com\/sunoresearch","https:\/\/www.instagram.com\/suno","https:\/\/www.linkedin.com\/company\/suno-research\/","https:\/\/www.youtube.com\/c\/sunoresearch"]},{"@type":"Person","@id":"https:\/\/www.suno.com.br\/noticias\/#\/schema\/person\/c1b1bd3727fa852bd045e9dbff3673ea","name":"Reda\u00e7\u00e3o Suno Not\u00edcias","image":{"@type":"ImageObject","inLanguage":"pt-BR","@id":"https:\/\/www.suno.com.br\/noticias\/#\/schema\/person\/image\/","url":"https:\/\/secure.gravatar.com\/avatar\/b8104b9b5a71985d5238ee59fbe418af?s=96&r=g","contentUrl":"https:\/\/secure.gravatar.com\/avatar\/b8104b9b5a71985d5238ee59fbe418af?s=96&r=g","caption":"Reda\u00e7\u00e3o Suno Not\u00edcias"},"description":"O Suno Not\u00edcias \u00e9 um portal de informa\u00e7\u00f5es sobre Mercado Financeiro, Pol\u00edtica, Neg\u00f3cios, Economia e Finan\u00e7as Pessoais.","sameAs":["https:\/\/www.suno.com.br\/noticias","https:\/\/www.facebook.com\/sunonoticias\/","https:\/\/www.instagram.com\/sunonoticias\/","https:\/\/x.com\/https:\/\/twitter.com\/sunoresearch","https:\/\/www.youtube.com\/sunonoticias"],"url":"https:\/\/www.suno.com.br\/noticias\/author\/redacao-suno\/"}]}},"default_loop_html":"<div class=\"cardsPage__listCard__boxs\"><div class=\"cardsPage__listCard__boxs__img\"><a href=\"https:\/\/www.suno.com.br\/noticias\/selic-alta-do-igp-m-levanta-duvidas-sobre-a-inflacao-e-pode-pressionar-taxa\/\"><img class=\"mask\" src=\"https:\/\/www.suno.com.br\/noticias\/wp-content\/themes\/suno\/resources\/images\/spotlight\/spotlight1img\/bg-mask.png\" alt=\"Image Mask\"\/><img src=\"https:\/\/files.sunoresearch.com.br\/n\/uploads\/2021\/01\/bad137e7-dinheiro-400x200.webp\" alt=\"Selic: alta do IGP-M levanta d\u00favidas sobre a infla\u00e7\u00e3o e pode pressionar taxa\"\/><\/a><span class=\"spotlightCategory\"><a href=\"https:\/\/www.suno.com.br\/noticias\/economia\/\">Economia<\/a><\/span><\/div><div class=\"cardsPage__listCard__boxs__content\"><a href=\"https:\/\/www.suno.com.br\/noticias\/selic-alta-do-igp-m-levanta-duvidas-sobre-a-inflacao-e-pode-pressionar-taxa\/\"><h2 class=\"content__title\">Selic: alta do IGP-M levanta d\u00favidas sobre a infla\u00e7\u00e3o e pode pressionar taxa<\/h2><\/a><div class=\"newsContent__article__meta\"><div class=\"newsContent__article__meta__authorBox\"><a href=\"https:\/\/www.suno.com.br\/noticias\/author\/redacao-suno\/\" class=\"authorBox__avatar noMobi\"><img src=\"https:\/\/files.sunoresearch.com.br\/n\/uploads\/2020\/08\/0ace682d-redacao-1-150x150.webp\" alt=\"Reda\u00e7\u00e3o Suno Not\u00edcias\"><\/a><div class=\"authorBox__name\"><span>por\n\t\t\t<a href=\"https:\/\/www.suno.com.br\/noticias\/author\/redacao-suno\/\"><span itemprop=\"author\">Reda\u00e7\u00e3o Suno Not\u00edcias<\/span><\/a><\/span><time datetime=\"2021-05-30T14:56:51-03:00\" itemprop=\"datePublished\">30\/05\/2021 14:56<\/time><\/div><\/div><\/div><\/div><\/div>","single_layout":"posts","amp_enabled":true,"_links":{"self":[{"href":"https:\/\/www.suno.com.br\/noticias\/wp-json\/wp\/v2\/posts\/151950"}],"collection":[{"href":"https:\/\/www.suno.com.br\/noticias\/wp-json\/wp\/v2\/posts"}],"about":[{"href":"https:\/\/www.suno.com.br\/noticias\/wp-json\/wp\/v2\/types\/post"}],"author":[{"embeddable":true,"href":"https:\/\/www.suno.com.br\/noticias\/wp-json\/wp\/v2\/users\/43"}],"replies":[{"embeddable":true,"href":"https:\/\/www.suno.com.br\/noticias\/wp-json\/wp\/v2\/comments?post=151950"}],"version-history":[{"count":2,"href":"https:\/\/www.suno.com.br\/noticias\/wp-json\/wp\/v2\/posts\/151950\/revisions"}],"predecessor-version":[{"id":152339,"href":"https:\/\/www.suno.com.br\/noticias\/wp-json\/wp\/v2\/posts\/151950\/revisions\/152339"}],"wp:featuredmedia":[{"embeddable":true,"href":"https:\/\/www.suno.com.br\/noticias\/wp-json\/wp\/v2\/media\/113055"}],"wp:attachment":[{"href":"https:\/\/www.suno.com.br\/noticias\/wp-json\/wp\/v2\/media?parent=151950"}],"wp:term":[{"taxonomy":"category","embeddable":true,"href":"https:\/\/www.suno.com.br\/noticias\/wp-json\/wp\/v2\/categories?post=151950"},{"taxonomy":"post_tag","embeddable":true,"href":"https:\/\/www.suno.com.br\/noticias\/wp-json\/wp\/v2\/tags?post=151950"},{"taxonomy":"suno_strategy","embeddable":true,"href":"https:\/\/www.suno.com.br\/noticias\/wp-json\/wp\/v2\/suno_strategy?post=151950"}],"curies":[{"name":"wp","href":"https:\/\/api.w.org\/{rel}","templated":true}]}}