{"id":15187,"date":"2019-02-13T15:41:43","date_gmt":"2019-02-13T17:41:43","guid":{"rendered":"https:\/\/www.suno.com.br\/noticias\/?p=15187"},"modified":"2021-02-18T15:25:09","modified_gmt":"2021-02-18T18:25:09","slug":"volvo-vai-investi-brasil","status":"publish","type":"post","link":"https:\/\/www.suno.com.br\/noticias\/volvo-vai-investi-brasil\/","title":{"rendered":"At\u00e9 2020, Volvo vai investir R$ 1 bilh\u00e3o no Brasil"},"content":{"rendered":"<p>A Volvo vai investir R$ 1 bilh\u00e3o no Brasil at\u00e9 o fim de 2020. A informa\u00e7\u00e3o foi divulgada nesta quarta-feira (13) pela empresa.<\/p>\t<div class=\"wrapper-featured-image\">\n\t\t<figure class=\"spotlightImg\">\n\n\t\t\t<picture>\n\t\t\t\t<source media=\"(max-width: 768px)\" srcset=\"https:\/\/files.sunoresearch.com.br\/n\/uploads\/2019\/02\/40e75a62-volvo-400x200.webp\">\n\t\t\t\t<img loading=\"lazy\" decoding=\"async\" class=\"newsContent__article__imgCapa lazyloadDisabled newsContent__article__imgCapa--noCaption\" src=\"https:\/\/files.sunoresearch.com.br\/n\/uploads\/2019\/02\/40e75a62-volvo-800x450.webp\" width=\"800\" height=\"450\" alt=\"At\u00e9 2020, Volvo vai investir R$ 1 bilh\u00e3o no Brasil\" fetchpriority=high \/>\n\t\t\t<\/picture>\n\n\t\t\t<figcaption class=\"wp-caption-text wp-caption-text--hide\">Volvo anuncia investimento de R$ 1 bilh\u00e3o no Brasil<\/figcaption>\n\t\t<\/figure>\n\t<\/div>\n\n\n<p>O valor \u00e9 R$ 250 milh\u00f5es maior do que o previsto pela <strong>Volvo<\/strong> no in\u00edcio de 2018. Al\u00e9m disso, a fabricante de <strong>caminh\u00f5es<\/strong> e <strong>\u00f4nibus<\/strong> contratou 300 pessoas neste come\u00e7o de ano.<\/p>\n<p><a href=\"https:\/\/www.suno.com.br\/noticias\/vendas-globais-volkswagen-diminuem\/\">Saiba mais:\u00a0Vendas globais da Volkswagen diminuem 3,4% em janeiro<\/a><\/p>\n<p>\u201cS\u00e3o novos recursos para todos os neg\u00f3cios da marca no <strong>Brasil<\/strong>: caminh\u00f5es, \u00f4nibus, equipamentos de constru\u00e7\u00e3o e motores mar\u00edtimos e industriais, na pesquisa e desenvolvimento de novos produtos e servi\u00e7os\u201d, diz <strong>Wilson Lirmann<\/strong>, presidente para a <strong>Am\u00e9rica Latina<\/strong>.<\/p>\n<p>Ainda segundo <strong>Lirmann<\/strong>, a melhora do cen\u00e1rio econ\u00f4mico do Brasil foi um dos motivos para a expans\u00e3o dos investimentos.<\/p>\n<p>\u201cO aumento do investimento \u00e9 resultado dos sinais consistentes de retomada da economia e da expectativa de um aumento de cerca de 30% no mercado total de caminh\u00f5es no <strong>Brasil<\/strong>\u201d, afirmou <strong>Lirmann<\/strong>. As falas ocorreram durante apresenta\u00e7\u00e3o dos n\u00fameros da companhia em evento em S\u00e3o Paulo.<\/p>\n<h2>Crescimento da Volvo<\/h2>\n<p>As vendas de caminh\u00e3o cresceram 81% em 2018 em compara\u00e7\u00e3o com 2017, com 9.138 unidades entregues. J\u00e1 as vendas de <strong>\u00f4nibus<\/strong> tiveram aumento de 114%, com a entrega de 300 unidades.<\/p>\n<p><a href=\"https:\/\/www.suno.com.br\/noticias\/industria-alimentos-fatura-656-alta\/\">Saiba mais:\u00a0Ind\u00fastria de alimentos fatura R$ 656 bilh\u00f5es em 2018; alta de 2,08%<\/a><\/p>\n<p>Nesta quarta-feira (13) a fabricante anunciou que investir\u00e1 R$ 250 milh\u00f5es na f\u00e1brica de <strong>Curitiba<\/strong>. A unidade, que contratou 300 funcion\u00e1rios, \u00e9 considerado o maior complexo industrial da <strong>Volvo<\/strong> no continente. L\u00e1 s\u00e3o fabricados:<\/p>\n<ul>\n<li>caminh\u00f5es pesados e semipesados;<\/li>\n<li>\u00f4nibus rodovi\u00e1rios e urbanos;<\/li>\n<li>motores;<\/li>\n<li>cabines;<\/li>\n<li>caixas de c\u00e2mbio;<\/li>\n<\/ul>\n<p>Al\u00e9m disso, a <strong>Volvo<\/strong> possui uma f\u00e1brica de equipamentos de constru\u00e7\u00e3o em Pederneiras, interior de S\u00e3o Paulo.<\/p>\n<p><a href=\"https:\/\/www.suno.com.br\/noticias\/cade-avianca-latam-azul-correios\/\">Saiba mais:\u00a0Cade nega peti\u00e7\u00e3o de Avianca e Latam e aprova alian\u00e7a Azul-Correios<\/a><\/p>\n","protected":false},"excerpt":{"rendered":"<p>A Volvo vai investir R$ 1 bilh\u00e3o no Brasil at\u00e9 o fim de 2020. A informa\u00e7\u00e3o foi divulgada nesta quarta-feira (13) pela empresa. Volvo anuncia investimento de R$ 1 bilh\u00e3o no Brasil O valor \u00e9 R$ 250 milh\u00f5es maior do que o previsto pela Volvo no in\u00edcio de 2018. Al\u00e9m disso, a fabricante de caminh\u00f5es [&hellip;]<\/p>\n","protected":false},"author":14,"featured_media":15193,"comment_status":"closed","ping_status":"closed","sticky":false,"template":"","format":"standard","meta":[],"categories":[64],"tags":[1147],"suno_strategy":[],"class_list":["post-15187","post","type-post","status-publish","format-standard","has-post-thumbnail","hentry","category-negocios","tag-volvo"],"yoast_head":"<!-- This site is optimized with the Yoast SEO plugin v24.4 - https:\/\/yoast.com\/wordpress\/plugins\/seo\/ -->\n<title>At\u00e9 2020, Volvo vai investir R$ 1 bilh\u00e3o no Brasil<\/title>\n<meta name=\"description\" content=\"O valor \u00e9 R$ 250 milh\u00f5es maior do que o previsto pela Volvo no in\u00edcio de 2018. Al\u00e9m disso, a Volvo contratou 300 pessoas. Clique para ler\" \/>\n<meta name=\"robots\" content=\"index, follow, max-snippet:-1, max-image-preview:large, max-video-preview:-1\" \/>\n<link rel=\"canonical\" href=\"https:\/\/www.suno.com.br\/noticias\/volvo-vai-investi-brasil\/\" \/>\n<meta property=\"og:locale\" content=\"pt_BR\" \/>\n<meta property=\"og:type\" content=\"article\" \/>\n<meta property=\"og:title\" content=\"At\u00e9 2020, Volvo vai investir R$ 1 bilh\u00e3o no Brasil\" \/>\n<meta property=\"og:description\" content=\"O valor \u00e9 R$ 250 milh\u00f5es maior do que o previsto pela Volvo no in\u00edcio de 2018. Al\u00e9m disso, a Volvo contratou 300 pessoas. Clique para ler\" \/>\n<meta property=\"og:url\" content=\"https:\/\/www.suno.com.br\/noticias\/volvo-vai-investi-brasil\/\" \/>\n<meta property=\"og:site_name\" content=\"Suno Not\u00edcias\" \/>\n<meta property=\"article:publisher\" content=\"https:\/\/facebook.com\/sunoresearch\" \/>\n<meta property=\"og:image\" content=\"https:\/\/files.sunoresearch.com.br\/n\/uploads\/2019\/02\/40e75a62-volvo-1024x683.jpg\" \/>\n\t<meta property=\"og:image:width\" content=\"1024\" \/>\n\t<meta property=\"og:image:height\" content=\"683\" \/>\n\t<meta property=\"og:image:type\" content=\"image\/jpeg\" \/>\n<meta name=\"author\" content=\"Renan Dantas\" \/>\n<meta name=\"twitter:card\" content=\"summary_large_image\" \/>\n<meta name=\"twitter:creator\" content=\"@sunoresearch\" \/>\n<meta name=\"twitter:site\" content=\"@sunoresearch\" \/>\n<meta name=\"twitter:label1\" content=\"Escrito por\" \/>\n\t<meta name=\"twitter:data1\" content=\"Renan Dantas\" \/>\n\t<meta name=\"twitter:label2\" content=\"Est. tempo de leitura\" \/>\n\t<meta name=\"twitter:data2\" content=\"2 minutos\" \/>\n<script type=\"application\/ld+json\" class=\"yoast-schema-graph\">{\"@context\":\"https:\/\/schema.org\",\"@graph\":[{\"@type\":\"NewsArticle\",\"@id\":\"https:\/\/www.suno.com.br\/noticias\/volvo-vai-investi-brasil\/#article\",\"isPartOf\":{\"@id\":\"https:\/\/www.suno.com.br\/noticias\/volvo-vai-investi-brasil\/\"},\"author\":{\"name\":\"Renan Dantas\",\"@id\":\"https:\/\/www.suno.com.br\/noticias\/#\/schema\/person\/3f7693d5795a3f6d5ce15309ee785699\"},\"headline\":\"At\u00e9 2020, Volvo vai investir R$ 1 bilh\u00e3o no Brasil\",\"datePublished\":\"2019-02-13T17:41:43+00:00\",\"dateModified\":\"2021-02-18T18:25:09+00:00\",\"mainEntityOfPage\":{\"@id\":\"https:\/\/www.suno.com.br\/noticias\/volvo-vai-investi-brasil\/\"},\"wordCount\":317,\"publisher\":{\"@id\":\"https:\/\/www.suno.com.br\/noticias\/#organization\"},\"image\":{\"@id\":\"https:\/\/www.suno.com.br\/noticias\/volvo-vai-investi-brasil\/#primaryimage\"},\"thumbnailUrl\":\"https:\/\/files.sunoresearch.com.br\/n\/uploads\/2019\/02\/40e75a62-volvo-scaled.webp\",\"keywords\":[\"Volvo\"],\"articleSection\":[\"Neg\u00f3cios\"],\"inLanguage\":\"pt-BR\"},{\"@type\":\"WebPage\",\"@id\":\"https:\/\/www.suno.com.br\/noticias\/volvo-vai-investi-brasil\/\",\"url\":\"https:\/\/www.suno.com.br\/noticias\/volvo-vai-investi-brasil\/\",\"name\":\"At\u00e9 2020, Volvo vai investir R$ 1 bilh\u00e3o no Brasil\",\"isPartOf\":{\"@id\":\"https:\/\/www.suno.com.br\/noticias\/#website\"},\"primaryImageOfPage\":{\"@id\":\"https:\/\/www.suno.com.br\/noticias\/volvo-vai-investi-brasil\/#primaryimage\"},\"image\":{\"@id\":\"https:\/\/www.suno.com.br\/noticias\/volvo-vai-investi-brasil\/#primaryimage\"},\"thumbnailUrl\":\"https:\/\/files.sunoresearch.com.br\/n\/uploads\/2019\/02\/40e75a62-volvo-scaled.webp\",\"datePublished\":\"2019-02-13T17:41:43+00:00\",\"dateModified\":\"2021-02-18T18:25:09+00:00\",\"description\":\"O valor \u00e9 R$ 250 milh\u00f5es maior do que o previsto pela Volvo no in\u00edcio de 2018. Al\u00e9m disso, a Volvo contratou 300 pessoas. Clique para ler\",\"breadcrumb\":{\"@id\":\"https:\/\/www.suno.com.br\/noticias\/volvo-vai-investi-brasil\/#breadcrumb\"},\"inLanguage\":\"pt-BR\",\"potentialAction\":[{\"@type\":\"ReadAction\",\"target\":[\"https:\/\/www.suno.com.br\/noticias\/volvo-vai-investi-brasil\/\"]}]},{\"@type\":\"ImageObject\",\"inLanguage\":\"pt-BR\",\"@id\":\"https:\/\/www.suno.com.br\/noticias\/volvo-vai-investi-brasil\/#primaryimage\",\"url\":\"https:\/\/files.sunoresearch.com.br\/n\/uploads\/2019\/02\/40e75a62-volvo-scaled.webp\",\"contentUrl\":\"https:\/\/files.sunoresearch.com.br\/n\/uploads\/2019\/02\/40e75a62-volvo-scaled.webp\",\"width\":2560,\"height\":1707,\"caption\":\"Volvo anuncia investimento de R$ 1 bilh\u00e3o no Brasil\"},{\"@type\":\"BreadcrumbList\",\"@id\":\"https:\/\/www.suno.com.br\/noticias\/volvo-vai-investi-brasil\/#breadcrumb\",\"itemListElement\":[{\"@type\":\"ListItem\",\"position\":1,\"name\":\"Not\u00edcias\",\"item\":\"https:\/\/www.suno.com.br\/noticias\/\"},{\"@type\":\"ListItem\",\"position\":2,\"name\":\"Neg\u00f3cios\",\"item\":\"https:\/\/www.suno.com.br\/noticias\/negocios\/\"},{\"@type\":\"ListItem\",\"position\":3,\"name\":\"At\u00e9 2020, Volvo vai investir R$ 1 bilh\u00e3o no Brasil\"}]},{\"@type\":\"WebSite\",\"@id\":\"https:\/\/www.suno.com.br\/noticias\/#website\",\"url\":\"https:\/\/www.suno.com.br\/noticias\/\",\"name\":\"Suno Not\u00edcias\",\"description\":\"Seu portal de informa\u00e7\u00e3o sobre o mundo dos investimentos\",\"publisher\":{\"@id\":\"https:\/\/www.suno.com.br\/noticias\/#organization\"},\"potentialAction\":[{\"@type\":\"SearchAction\",\"target\":{\"@type\":\"EntryPoint\",\"urlTemplate\":\"https:\/\/www.suno.com.br\/noticias\/?s={search_term_string}\"},\"query-input\":{\"@type\":\"PropertyValueSpecification\",\"valueRequired\":true,\"valueName\":\"search_term_string\"}}],\"inLanguage\":\"pt-BR\"},{\"@type\":\"Organization\",\"@id\":\"https:\/\/www.suno.com.br\/noticias\/#organization\",\"name\":\"Suno Not\u00edcias\",\"url\":\"https:\/\/www.suno.com.br\/noticias\/\",\"logo\":{\"@type\":\"ImageObject\",\"inLanguage\":\"pt-BR\",\"@id\":\"https:\/\/www.suno.com.br\/noticias\/#\/schema\/logo\/image\/\",\"url\":\"https:\/\/files.sunoresearch.com.br\/n\/uploads\/2021\/09\/suno-logo.png\",\"contentUrl\":\"https:\/\/files.sunoresearch.com.br\/n\/uploads\/2021\/09\/suno-logo.png\",\"width\":180,\"height\":180,\"caption\":\"Suno Not\u00edcias\"},\"image\":{\"@id\":\"https:\/\/www.suno.com.br\/noticias\/#\/schema\/logo\/image\/\"},\"sameAs\":[\"https:\/\/facebook.com\/sunoresearch\",\"https:\/\/x.com\/sunoresearch\",\"https:\/\/www.instagram.com\/suno\",\"https:\/\/www.linkedin.com\/company\/suno-research\/\",\"https:\/\/www.youtube.com\/c\/sunoresearch\"]},{\"@type\":\"Person\",\"@id\":\"https:\/\/www.suno.com.br\/noticias\/#\/schema\/person\/3f7693d5795a3f6d5ce15309ee785699\",\"name\":\"Renan Dantas\",\"image\":{\"@type\":\"ImageObject\",\"inLanguage\":\"pt-BR\",\"@id\":\"https:\/\/www.suno.com.br\/noticias\/#\/schema\/person\/image\/\",\"url\":\"https:\/\/secure.gravatar.com\/avatar\/1787b83e7484a08e51d62ac8b41c8396?s=96&r=g\",\"contentUrl\":\"https:\/\/secure.gravatar.com\/avatar\/1787b83e7484a08e51d62ac8b41c8396?s=96&r=g\",\"caption\":\"Renan Dantas\"},\"description\":\"Escreve sobre pol\u00edtica e mercado financeiro para o portal Suno Not\u00edcias. Antes, atuou na assessoria de comunica\u00e7\u00e3o do Minist\u00e9rio P\u00fablico do Trabalho e na R\u00e1dio Mackenzie, onde apresentava e produzia um programa sobre artistas da m\u00fasica brasileira. \u00c9 estudante na Universidade Presbiteriana Mackenzie.\",\"url\":\"https:\/\/www.suno.com.br\/noticias\/author\/renan-dantas\/\"}]}<\/script>\n<!-- \/ Yoast SEO plugin. -->","yoast_head_json":{"title":"At\u00e9 2020, Volvo vai investir R$ 1 bilh\u00e3o no Brasil","description":"O valor \u00e9 R$ 250 milh\u00f5es maior do que o previsto pela Volvo no in\u00edcio de 2018. Al\u00e9m disso, a Volvo contratou 300 pessoas. Clique para ler","robots":{"index":"index","follow":"follow","max-snippet":"max-snippet:-1","max-image-preview":"max-image-preview:large","max-video-preview":"max-video-preview:-1"},"canonical":"https:\/\/www.suno.com.br\/noticias\/volvo-vai-investi-brasil\/","og_locale":"pt_BR","og_type":"article","og_title":"At\u00e9 2020, Volvo vai investir R$ 1 bilh\u00e3o no Brasil","og_description":"O valor \u00e9 R$ 250 milh\u00f5es maior do que o previsto pela Volvo no in\u00edcio de 2018. Al\u00e9m disso, a Volvo contratou 300 pessoas. Clique para ler","og_url":"https:\/\/www.suno.com.br\/noticias\/volvo-vai-investi-brasil\/","og_site_name":"Suno Not\u00edcias","article_publisher":"https:\/\/facebook.com\/sunoresearch","og_image":[{"width":1024,"height":683,"url":"https:\/\/files.sunoresearch.com.br\/n\/uploads\/2019\/02\/40e75a62-volvo-1024x683.jpg","type":"image\/jpeg"}],"author":"Renan Dantas","twitter_card":"summary_large_image","twitter_creator":"@sunoresearch","twitter_site":"@sunoresearch","twitter_misc":{"Escrito por":"Renan Dantas","Est. tempo de leitura":"2 minutos"},"schema":{"@context":"https:\/\/schema.org","@graph":[{"@type":"NewsArticle","@id":"https:\/\/www.suno.com.br\/noticias\/volvo-vai-investi-brasil\/#article","isPartOf":{"@id":"https:\/\/www.suno.com.br\/noticias\/volvo-vai-investi-brasil\/"},"author":{"name":"Renan Dantas","@id":"https:\/\/www.suno.com.br\/noticias\/#\/schema\/person\/3f7693d5795a3f6d5ce15309ee785699"},"headline":"At\u00e9 2020, Volvo vai investir R$ 1 bilh\u00e3o no Brasil","datePublished":"2019-02-13T17:41:43+00:00","dateModified":"2021-02-18T18:25:09+00:00","mainEntityOfPage":{"@id":"https:\/\/www.suno.com.br\/noticias\/volvo-vai-investi-brasil\/"},"wordCount":317,"publisher":{"@id":"https:\/\/www.suno.com.br\/noticias\/#organization"},"image":{"@id":"https:\/\/www.suno.com.br\/noticias\/volvo-vai-investi-brasil\/#primaryimage"},"thumbnailUrl":"https:\/\/files.sunoresearch.com.br\/n\/uploads\/2019\/02\/40e75a62-volvo-scaled.webp","keywords":["Volvo"],"articleSection":["Neg\u00f3cios"],"inLanguage":"pt-BR"},{"@type":"WebPage","@id":"https:\/\/www.suno.com.br\/noticias\/volvo-vai-investi-brasil\/","url":"https:\/\/www.suno.com.br\/noticias\/volvo-vai-investi-brasil\/","name":"At\u00e9 2020, Volvo vai investir R$ 1 bilh\u00e3o no Brasil","isPartOf":{"@id":"https:\/\/www.suno.com.br\/noticias\/#website"},"primaryImageOfPage":{"@id":"https:\/\/www.suno.com.br\/noticias\/volvo-vai-investi-brasil\/#primaryimage"},"image":{"@id":"https:\/\/www.suno.com.br\/noticias\/volvo-vai-investi-brasil\/#primaryimage"},"thumbnailUrl":"https:\/\/files.sunoresearch.com.br\/n\/uploads\/2019\/02\/40e75a62-volvo-scaled.webp","datePublished":"2019-02-13T17:41:43+00:00","dateModified":"2021-02-18T18:25:09+00:00","description":"O valor \u00e9 R$ 250 milh\u00f5es maior do que o previsto pela Volvo no in\u00edcio de 2018. Al\u00e9m disso, a Volvo contratou 300 pessoas. Clique para ler","breadcrumb":{"@id":"https:\/\/www.suno.com.br\/noticias\/volvo-vai-investi-brasil\/#breadcrumb"},"inLanguage":"pt-BR","potentialAction":[{"@type":"ReadAction","target":["https:\/\/www.suno.com.br\/noticias\/volvo-vai-investi-brasil\/"]}]},{"@type":"ImageObject","inLanguage":"pt-BR","@id":"https:\/\/www.suno.com.br\/noticias\/volvo-vai-investi-brasil\/#primaryimage","url":"https:\/\/files.sunoresearch.com.br\/n\/uploads\/2019\/02\/40e75a62-volvo-scaled.webp","contentUrl":"https:\/\/files.sunoresearch.com.br\/n\/uploads\/2019\/02\/40e75a62-volvo-scaled.webp","width":2560,"height":1707,"caption":"Volvo anuncia investimento de R$ 1 bilh\u00e3o no Brasil"},{"@type":"BreadcrumbList","@id":"https:\/\/www.suno.com.br\/noticias\/volvo-vai-investi-brasil\/#breadcrumb","itemListElement":[{"@type":"ListItem","position":1,"name":"Not\u00edcias","item":"https:\/\/www.suno.com.br\/noticias\/"},{"@type":"ListItem","position":2,"name":"Neg\u00f3cios","item":"https:\/\/www.suno.com.br\/noticias\/negocios\/"},{"@type":"ListItem","position":3,"name":"At\u00e9 2020, Volvo vai investir R$ 1 bilh\u00e3o no Brasil"}]},{"@type":"WebSite","@id":"https:\/\/www.suno.com.br\/noticias\/#website","url":"https:\/\/www.suno.com.br\/noticias\/","name":"Suno Not\u00edcias","description":"Seu portal de informa\u00e7\u00e3o sobre o mundo dos investimentos","publisher":{"@id":"https:\/\/www.suno.com.br\/noticias\/#organization"},"potentialAction":[{"@type":"SearchAction","target":{"@type":"EntryPoint","urlTemplate":"https:\/\/www.suno.com.br\/noticias\/?s={search_term_string}"},"query-input":{"@type":"PropertyValueSpecification","valueRequired":true,"valueName":"search_term_string"}}],"inLanguage":"pt-BR"},{"@type":"Organization","@id":"https:\/\/www.suno.com.br\/noticias\/#organization","name":"Suno Not\u00edcias","url":"https:\/\/www.suno.com.br\/noticias\/","logo":{"@type":"ImageObject","inLanguage":"pt-BR","@id":"https:\/\/www.suno.com.br\/noticias\/#\/schema\/logo\/image\/","url":"https:\/\/files.sunoresearch.com.br\/n\/uploads\/2021\/09\/suno-logo.png","contentUrl":"https:\/\/files.sunoresearch.com.br\/n\/uploads\/2021\/09\/suno-logo.png","width":180,"height":180,"caption":"Suno Not\u00edcias"},"image":{"@id":"https:\/\/www.suno.com.br\/noticias\/#\/schema\/logo\/image\/"},"sameAs":["https:\/\/facebook.com\/sunoresearch","https:\/\/x.com\/sunoresearch","https:\/\/www.instagram.com\/suno","https:\/\/www.linkedin.com\/company\/suno-research\/","https:\/\/www.youtube.com\/c\/sunoresearch"]},{"@type":"Person","@id":"https:\/\/www.suno.com.br\/noticias\/#\/schema\/person\/3f7693d5795a3f6d5ce15309ee785699","name":"Renan Dantas","image":{"@type":"ImageObject","inLanguage":"pt-BR","@id":"https:\/\/www.suno.com.br\/noticias\/#\/schema\/person\/image\/","url":"https:\/\/secure.gravatar.com\/avatar\/1787b83e7484a08e51d62ac8b41c8396?s=96&r=g","contentUrl":"https:\/\/secure.gravatar.com\/avatar\/1787b83e7484a08e51d62ac8b41c8396?s=96&r=g","caption":"Renan Dantas"},"description":"Escreve sobre pol\u00edtica e mercado financeiro para o portal Suno Not\u00edcias. Antes, atuou na assessoria de comunica\u00e7\u00e3o do Minist\u00e9rio P\u00fablico do Trabalho e na R\u00e1dio Mackenzie, onde apresentava e produzia um programa sobre artistas da m\u00fasica brasileira. \u00c9 estudante na Universidade Presbiteriana Mackenzie.","url":"https:\/\/www.suno.com.br\/noticias\/author\/renan-dantas\/"}]}},"default_loop_html":"<div class=\"cardsPage__listCard__boxs\"><div class=\"cardsPage__listCard__boxs__img\"><a href=\"https:\/\/www.suno.com.br\/noticias\/volvo-vai-investi-brasil\/\"><img class=\"mask\" src=\"https:\/\/www.suno.com.br\/noticias\/wp-content\/themes\/suno\/resources\/images\/spotlight\/spotlight1img\/bg-mask.png\" alt=\"Image Mask\"\/><img src=\"https:\/\/files.sunoresearch.com.br\/n\/uploads\/2019\/02\/40e75a62-volvo-400x200.webp\" alt=\"At\u00e9 2020, Volvo vai investir R$ 1 bilh\u00e3o no Brasil\"\/><\/a><span class=\"spotlightCategory\"><a href=\"https:\/\/www.suno.com.br\/noticias\/negocios\/\">Neg\u00f3cios<\/a><\/span><\/div><div class=\"cardsPage__listCard__boxs__content\"><a href=\"https:\/\/www.suno.com.br\/noticias\/volvo-vai-investi-brasil\/\"><h2 class=\"content__title\">At\u00e9 2020, Volvo vai investir R$ 1 bilh\u00e3o no Brasil<\/h2><\/a><div class=\"newsContent__article__meta\"><div class=\"newsContent__article__meta__authorBox\"><a href=\"https:\/\/www.suno.com.br\/noticias\/author\/renan-dantas\/\" class=\"authorBox__avatar noMobi\"><img src=\"https:\/\/secure.gravatar.com\/avatar\/1787b83e7484a08e51d62ac8b41c8396?s=96&#038;r=g\" alt=\"Renan Dantas\"><\/a><div class=\"authorBox__name\"><span>por\n\t\t\t<a href=\"https:\/\/www.suno.com.br\/noticias\/author\/renan-dantas\/\"><span itemprop=\"author\">Renan Dantas<\/span><\/a><\/span><time datetime=\"2019-02-13T15:41:43-02:00\" itemprop=\"datePublished\">13\/02\/2019 15:41<\/time><\/div><\/div><\/div><\/div><\/div>","single_layout":"posts","amp_enabled":true,"_links":{"self":[{"href":"https:\/\/www.suno.com.br\/noticias\/wp-json\/wp\/v2\/posts\/15187"}],"collection":[{"href":"https:\/\/www.suno.com.br\/noticias\/wp-json\/wp\/v2\/posts"}],"about":[{"href":"https:\/\/www.suno.com.br\/noticias\/wp-json\/wp\/v2\/types\/post"}],"author":[{"embeddable":true,"href":"https:\/\/www.suno.com.br\/noticias\/wp-json\/wp\/v2\/users\/14"}],"replies":[{"embeddable":true,"href":"https:\/\/www.suno.com.br\/noticias\/wp-json\/wp\/v2\/comments?post=15187"}],"version-history":[{"count":0,"href":"https:\/\/www.suno.com.br\/noticias\/wp-json\/wp\/v2\/posts\/15187\/revisions"}],"wp:featuredmedia":[{"embeddable":true,"href":"https:\/\/www.suno.com.br\/noticias\/wp-json\/wp\/v2\/media\/15193"}],"wp:attachment":[{"href":"https:\/\/www.suno.com.br\/noticias\/wp-json\/wp\/v2\/media?parent=15187"}],"wp:term":[{"taxonomy":"category","embeddable":true,"href":"https:\/\/www.suno.com.br\/noticias\/wp-json\/wp\/v2\/categories?post=15187"},{"taxonomy":"post_tag","embeddable":true,"href":"https:\/\/www.suno.com.br\/noticias\/wp-json\/wp\/v2\/tags?post=15187"},{"taxonomy":"suno_strategy","embeddable":true,"href":"https:\/\/www.suno.com.br\/noticias\/wp-json\/wp\/v2\/suno_strategy?post=15187"}],"curies":[{"name":"wp","href":"https:\/\/api.w.org\/{rel}","templated":true}]}}