{"id":151860,"date":"2021-05-28T19:18:38","date_gmt":"2021-05-28T22:18:38","guid":{"rendered":"https:\/\/www.suno.com.br\/noticias\/?p=151860"},"modified":"2021-05-28T19:18:38","modified_gmt":"2021-05-28T22:18:38","slug":"aneel-explicacoes-belo-monte-transmissora-energia-ocorrencia","status":"publish","type":"post","link":"https:\/\/www.suno.com.br\/noticias\/aneel-explicacoes-belo-monte-transmissora-energia-ocorrencia\/","title":{"rendered":"Aneel cobra explica\u00e7\u00f5es \u00e0 Belo Monte Transmissora de Energia por ocorr\u00eancia"},"content":{"rendered":"<p>A Ag\u00eancia Nacional de Energia El\u00e9trica (<strong>Aneel<\/strong>) pediu explica\u00e7\u00f5es \u00e0 Belo Monte Transmissora de Energia sobre a ocorr\u00eancia em um bipolo no sistema de transmiss\u00e3o da usina de Belo Monte nesta sexta-feira (28). A falha levou a um corte de carga no Sistema Interligado Nacional (SIN) que durou cerca de 20 minutos.<\/p>\t<div class=\"wrapper-featured-image\">\n\t\t<figure class=\"spotlightImg\">\n\n\t\t\t<picture>\n\t\t\t\t<source media=\"(max-width: 768px)\" srcset=\"https:\/\/files.sunoresearch.com.br\/n\/uploads\/2021\/05\/593271b8-power-lines-1868352_1280-400x200.webp\">\n\t\t\t\t<img loading=\"lazy\" decoding=\"async\" class=\"newsContent__article__imgCapa lazyloadDisabled \" src=\"https:\/\/files.sunoresearch.com.br\/n\/uploads\/2021\/05\/593271b8-power-lines-1868352_1280-800x450.webp\" width=\"800\" height=\"450\" alt=\"Aneel cobra explica\u00e7\u00f5es \u00e0 Belo Monte Transmissora de Energia por ocorr\u00eancia\" fetchpriority=high \/>\n\t\t\t<\/picture>\n\n\t\t\t<figcaption class=\"wp-caption-text wp-caption-text--show\">Cons\u00f3rcio brecou planos de Doria de realizar a privatiza\u00e7\u00e3o da Emae ainda em 2021 - Foto: Pixabay<\/figcaption>\n\t\t<\/figure>\n\t<\/div>\n\n\n\t<p>\n\t\t<a href=\"https:\/\/lp.suno.com.br\/planilha-controle-gastos\/\" target=\"_blank\" data-element=\"shortcode-suno-banner\" title=\"Banner SUNO, clique e saiba mais\">\n\t\t\t<picture>\n\t\t\t\t<source media=\"(max-width: 500px)\" srcset=\"https:\/\/files.sunoresearch.com.br\/n\/uploads\/2023\/03\/400x300-Planilha-controle-de-gastos.png\">\n\t\t\t\t<img class=\"newsContent__article__imgCapa newsContent__article__imgCapa--banner\"\n\t\t\t\t\tsrc=\"https:\/\/files.sunoresearch.com.br\/n\/uploads\/2023\/03\/1420x240-Planilha-controle-de-gastos.png\"\n\t\t\t\t\tdata-promo-id=\"101751\"\t\t\t\t\t\t\t\t\t\twidth='1420' height='240'\t\t\t\t\talt=\"https:\/\/files.sunoresearch.com.br\/n\/uploads\/2023\/03\/1420x240-Planilha-controle-de-gastos.png\"\n\t\t\t\t>\n\t\t\t<\/picture>\n\t\t<\/a>\n\t<\/p>\n\n\n<p>De acordo com a \u00e1rea de fiscaliza\u00e7\u00e3o da Aneel, uma primeira ocorr\u00eancia, \u00e0s 11h06, na linha de transmiss\u00e3o de alta tens\u00e3o entre Par\u00e1 e Minas Gerais, que escoa energia de Belo Monte, teria causado sobrecarga em outros polos do sistema de transmiss\u00e3o associado \u00e0 usina, &#8220;sem maiores consequ\u00eancias para o Sistema Interligado&#8221;.<\/p>\n<p>A ag\u00eancia informou ainda que, na sequ\u00eancia, \u00e0s 11h26, houve um segundo desligamento na linha, e o desligamento de seis unidades geradoras da usina de Belo Monte, o que causou o corte de carga.<\/p>\n<p><a href=\"https:\/\/lp.suno.com.br\/suno-one\/?ppp=noticias\/hospital-care-pedido-ipo-cvm\/\">Suno One: acesse gratuitamente eBooks, Minicursos, Artigos e V\u00eddeo Aulas sobre investimentos com um \u00fanico cadastro. Clique para saber mais!<\/a><\/p>\n<p>No of\u00edcio, a ag\u00eancia reguladora estabeleceu prazo de um dia, a partir do recebimento do documento, para a concession\u00e1ria apresentar esclarecimentos sobre a ocorr\u00eancia.<\/p>\n<p>A empresa tamb\u00e9m ter\u00e1 que informar as medidas adotadas para solucionar o problema e evitar a reincid\u00eancia dos acontecimentos.<\/p>\n\t<div data-element=\"shortcode-read-more\" class=\"knowMore\">\n\t\t\t\t<span class=\"knowMore__title\">Veja tamb\u00e9m<\/span>\n\t\t\t\t<a class=\"knowMore__link\" href=\"https:\/\/www.suno.com.br\/noticias\/apagao-atinge-consumidores-estados-brasil\/\">\n\t\t\tApag\u00e3o assola consumidores de diversos estados do Brasil\t\t<\/a>\n\t<\/div>\n\n\n<h2>Problema desliga 7 turbinas em Belo Monte, mas \u00e9 resolvido, diz ONS<\/h2>\n\t<p>\n\t\t<a href=\"https:\/\/lp.suno.com.br\/planilha-da-vida-financeira\/\" target=\"_blank\" data-element=\"shortcode-suno-banner\" title=\"Banner SUNO, clique e saiba mais\">\n\t\t\t<picture>\n\t\t\t\t<source media=\"(max-width: 500px)\" srcset=\"https:\/\/files.sunoresearch.com.br\/n\/uploads\/2023\/04\/400x300-Planilha-vida-financeira-true.png\">\n\t\t\t\t<img class=\"newsContent__article__imgCapa newsContent__article__imgCapa--banner\"\n\t\t\t\t\tsrc=\"https:\/\/files.sunoresearch.com.br\/n\/uploads\/2023\/04\/1420x240-Planilha-vida-financeira-true.png\"\n\t\t\t\t\tdata-promo-id=\"106682\"\t\t\t\t\t\t\t\t\t\twidth='1420' height='240'\t\t\t\t\talt=\"https:\/\/files.sunoresearch.com.br\/n\/uploads\/2023\/04\/1420x240-Planilha-vida-financeira-true.png\"\n\t\t\t\t>\n\t\t\t<\/picture>\n\t\t<\/a>\n\t<\/p>\n\n\n<p>Um problema ocorrido na usina hidrel\u00e9trica de Belo Monte desligou sete turbinas nesta sexta-feira, mas o problema j\u00e1 foi resolvido e as unidades voltaram a funcionar. A informa\u00e7\u00e3o \u00e9 foi divulgada pelo Operador Nacional do Sistema (ONS), que n\u00e3o tinha detalhes imediatos.<\/p>\n<p>&#8220;Uma nota est\u00e1 sendo elaborada para registrar a ocorr\u00eancia&#8221;, informou o ONS.<\/p>\n<p>O operador tamb\u00e9m n\u00e3o confirmou que tenha havido<strong> apag\u00f5es no Pa\u00eds<\/strong> por conta da suspens\u00e3o do suprimento, que teria atingido principalmente o Nordeste, Norte e Centro Oeste, segundo coment\u00e1rios nas redes sociais.<\/p>\n<p>Al\u00e9m disso,\u00a0 o Distrito Federal e algumas regi\u00f5es do Nordeste e de Minas Gerais tamb\u00e9m tiveram um <strong>apag\u00e3o<\/strong> nesta manh\u00e3. Em Bras\u00edlia, a <a href=\"https:\/\/www.suno.com.br\/acoes\/neoe3\/\"><strong>Neoenergia<\/strong> (NEOE3)<\/a>, respons\u00e1vel pela distribui\u00e7\u00e3o, informou que a falta de luz foi parcial, durou menos de 20 minutos, das 11h26 \u00e0s 11h50, e &#8220;afetou diversos estados do pa\u00eds&#8221;.<\/p>\n<p>Com informa\u00e7\u00f5es do Estad\u00e3o Conte\u00fado<\/p>\n\t<p>\n\t\t<a href=\"https:\/\/lp.suno.com.br\/planilha-de-controle-de-investimentos\/\" target=\"_blank\" data-element=\"shortcode-suno-banner\" title=\"Banner SUNO, clique e saiba mais\">\n\t\t\t<picture>\n\t\t\t\t<source media=\"(max-width: 500px)\" srcset=\"https:\/\/files.sunoresearch.com.br\/n\/uploads\/2023\/03\/400x300-Controle-de-Investimentos.png\">\n\t\t\t\t<img class=\"newsContent__article__imgCapa newsContent__article__imgCapa--banner\"\n\t\t\t\t\tsrc=\"https:\/\/files.sunoresearch.com.br\/n\/uploads\/2023\/03\/1420x240-Controle-de-Investimentos.png\"\n\t\t\t\t\tdata-promo-id=\"75934\"\t\t\t\t\t\t\t\t\t\twidth='1420' height='240'\t\t\t\t\talt=\"https:\/\/files.sunoresearch.com.br\/n\/uploads\/2023\/03\/1420x240-Controle-de-Investimentos.png\"\n\t\t\t\t>\n\t\t\t<\/picture>\n\t\t<\/a>\n\t<\/p>\n\n\n","protected":false},"excerpt":{"rendered":"<p>A Ag\u00eancia Nacional de Energia El\u00e9trica (Aneel) pediu explica\u00e7\u00f5es \u00e0 Belo Monte Transmissora de Energia sobre a ocorr\u00eancia em um bipolo no sistema de transmiss\u00e3o da usina de Belo Monte nesta sexta-feira (28). A falha levou a um corte de carga no Sistema Interligado Nacional (SIN) que durou cerca de 20 minutos. Cons\u00f3rcio brecou planos [&hellip;]<\/p>\n","protected":false},"author":56,"featured_media":151887,"comment_status":"closed","ping_status":"closed","sticky":false,"template":"","format":"standard","meta":[],"categories":[64],"tags":[896,106081],"suno_strategy":[],"class_list":["post-151860","post","type-post","status-publish","format-standard","has-post-thumbnail","hentry","category-negocios","tag-aneel","tag-energia"],"yoast_head":"<!-- This site is optimized with the Yoast SEO plugin v24.4 - https:\/\/yoast.com\/wordpress\/plugins\/seo\/ -->\n<title>Aneel cobra explica\u00e7\u00f5es \u00e0 Belo Monte por ocorr\u00eancia<\/title>\n<meta name=\"description\" content=\"A Aneel pediu explica\u00e7\u00f5es \u00e0 Belo Monte Transmissora de Energia sobre o apag\u00e3o de hoje. Clique aqui para saber mais.\" \/>\n<meta name=\"robots\" content=\"index, follow, max-snippet:-1, max-image-preview:large, max-video-preview:-1\" \/>\n<link rel=\"canonical\" href=\"https:\/\/www.suno.com.br\/noticias\/aneel-explicacoes-belo-monte-transmissora-energia-ocorrencia\/\" \/>\n<meta property=\"og:locale\" content=\"pt_BR\" \/>\n<meta property=\"og:type\" content=\"article\" \/>\n<meta property=\"og:title\" content=\"Aneel cobra explica\u00e7\u00f5es \u00e0 Belo Monte por ocorr\u00eancia\" \/>\n<meta property=\"og:description\" content=\"A Aneel pediu explica\u00e7\u00f5es \u00e0 Belo Monte Transmissora de Energia sobre o apag\u00e3o de hoje. Clique aqui para saber mais.\" \/>\n<meta property=\"og:url\" content=\"https:\/\/www.suno.com.br\/noticias\/aneel-explicacoes-belo-monte-transmissora-energia-ocorrencia\/\" \/>\n<meta property=\"og:site_name\" content=\"Suno Not\u00edcias\" \/>\n<meta property=\"article:publisher\" content=\"https:\/\/facebook.com\/sunoresearch\" \/>\n<meta property=\"og:image\" content=\"https:\/\/files.sunoresearch.com.br\/n\/uploads\/2021\/05\/593271b8-power-lines-1868352_1280.jpg\" \/>\n\t<meta property=\"og:image:width\" content=\"1280\" \/>\n\t<meta property=\"og:image:height\" content=\"853\" \/>\n\t<meta property=\"og:image:type\" content=\"image\/jpeg\" \/>\n<meta name=\"author\" content=\"Rafaela La Regina\" \/>\n<meta name=\"twitter:card\" content=\"summary_large_image\" \/>\n<meta name=\"twitter:creator\" content=\"@sunoresearch\" \/>\n<meta name=\"twitter:site\" content=\"@sunoresearch\" \/>\n<meta name=\"twitter:label1\" content=\"Escrito por\" \/>\n\t<meta name=\"twitter:data1\" content=\"Rafaela La Regina\" \/>\n\t<meta name=\"twitter:label2\" content=\"Est. tempo de leitura\" \/>\n\t<meta name=\"twitter:data2\" content=\"2 minutos\" \/>\n<script type=\"application\/ld+json\" class=\"yoast-schema-graph\">{\"@context\":\"https:\/\/schema.org\",\"@graph\":[{\"@type\":\"NewsArticle\",\"@id\":\"https:\/\/www.suno.com.br\/noticias\/aneel-explicacoes-belo-monte-transmissora-energia-ocorrencia\/#article\",\"isPartOf\":{\"@id\":\"https:\/\/www.suno.com.br\/noticias\/aneel-explicacoes-belo-monte-transmissora-energia-ocorrencia\/\"},\"author\":{\"name\":\"Rafaela La Regina\",\"@id\":\"https:\/\/www.suno.com.br\/noticias\/#\/schema\/person\/e672ca8cea627fe715fa29bca7da95e0\"},\"headline\":\"Aneel cobra explica\u00e7\u00f5es \u00e0 Belo Monte Transmissora de Energia por ocorr\u00eancia\",\"datePublished\":\"2021-05-28T22:18:38+00:00\",\"mainEntityOfPage\":{\"@id\":\"https:\/\/www.suno.com.br\/noticias\/aneel-explicacoes-belo-monte-transmissora-energia-ocorrencia\/\"},\"wordCount\":417,\"publisher\":{\"@id\":\"https:\/\/www.suno.com.br\/noticias\/#organization\"},\"image\":{\"@id\":\"https:\/\/www.suno.com.br\/noticias\/aneel-explicacoes-belo-monte-transmissora-energia-ocorrencia\/#primaryimage\"},\"thumbnailUrl\":\"https:\/\/files.sunoresearch.com.br\/n\/uploads\/2021\/05\/593271b8-power-lines-1868352_1280-jpg.webp\",\"keywords\":[\"Aneel\",\"energia\"],\"articleSection\":[\"Neg\u00f3cios\"],\"inLanguage\":\"pt-BR\"},{\"@type\":\"WebPage\",\"@id\":\"https:\/\/www.suno.com.br\/noticias\/aneel-explicacoes-belo-monte-transmissora-energia-ocorrencia\/\",\"url\":\"https:\/\/www.suno.com.br\/noticias\/aneel-explicacoes-belo-monte-transmissora-energia-ocorrencia\/\",\"name\":\"Aneel cobra explica\u00e7\u00f5es \u00e0 Belo Monte por ocorr\u00eancia\",\"isPartOf\":{\"@id\":\"https:\/\/www.suno.com.br\/noticias\/#website\"},\"primaryImageOfPage\":{\"@id\":\"https:\/\/www.suno.com.br\/noticias\/aneel-explicacoes-belo-monte-transmissora-energia-ocorrencia\/#primaryimage\"},\"image\":{\"@id\":\"https:\/\/www.suno.com.br\/noticias\/aneel-explicacoes-belo-monte-transmissora-energia-ocorrencia\/#primaryimage\"},\"thumbnailUrl\":\"https:\/\/files.sunoresearch.com.br\/n\/uploads\/2021\/05\/593271b8-power-lines-1868352_1280-jpg.webp\",\"datePublished\":\"2021-05-28T22:18:38+00:00\",\"description\":\"A Aneel pediu explica\u00e7\u00f5es \u00e0 Belo Monte Transmissora de Energia sobre o apag\u00e3o de hoje. Clique aqui para saber mais.\",\"breadcrumb\":{\"@id\":\"https:\/\/www.suno.com.br\/noticias\/aneel-explicacoes-belo-monte-transmissora-energia-ocorrencia\/#breadcrumb\"},\"inLanguage\":\"pt-BR\",\"potentialAction\":[{\"@type\":\"ReadAction\",\"target\":[\"https:\/\/www.suno.com.br\/noticias\/aneel-explicacoes-belo-monte-transmissora-energia-ocorrencia\/\"]}]},{\"@type\":\"ImageObject\",\"inLanguage\":\"pt-BR\",\"@id\":\"https:\/\/www.suno.com.br\/noticias\/aneel-explicacoes-belo-monte-transmissora-energia-ocorrencia\/#primaryimage\",\"url\":\"https:\/\/files.sunoresearch.com.br\/n\/uploads\/2021\/05\/593271b8-power-lines-1868352_1280-jpg.webp\",\"contentUrl\":\"https:\/\/files.sunoresearch.com.br\/n\/uploads\/2021\/05\/593271b8-power-lines-1868352_1280-jpg.webp\",\"width\":1280,\"height\":853,\"caption\":\"Cons\u00f3rcio brecou planos de Doria de realizar a privatiza\u00e7\u00e3o da Emae ainda em 2021 - Foto: Pixabay\"},{\"@type\":\"BreadcrumbList\",\"@id\":\"https:\/\/www.suno.com.br\/noticias\/aneel-explicacoes-belo-monte-transmissora-energia-ocorrencia\/#breadcrumb\",\"itemListElement\":[{\"@type\":\"ListItem\",\"position\":1,\"name\":\"Not\u00edcias\",\"item\":\"https:\/\/www.suno.com.br\/noticias\/\"},{\"@type\":\"ListItem\",\"position\":2,\"name\":\"Neg\u00f3cios\",\"item\":\"https:\/\/www.suno.com.br\/noticias\/negocios\/\"},{\"@type\":\"ListItem\",\"position\":3,\"name\":\"Aneel cobra explica\u00e7\u00f5es \u00e0 Belo Monte Transmissora de Energia por ocorr\u00eancia\"}]},{\"@type\":\"WebSite\",\"@id\":\"https:\/\/www.suno.com.br\/noticias\/#website\",\"url\":\"https:\/\/www.suno.com.br\/noticias\/\",\"name\":\"Suno Not\u00edcias\",\"description\":\"Seu portal de informa\u00e7\u00e3o sobre o mundo dos investimentos\",\"publisher\":{\"@id\":\"https:\/\/www.suno.com.br\/noticias\/#organization\"},\"potentialAction\":[{\"@type\":\"SearchAction\",\"target\":{\"@type\":\"EntryPoint\",\"urlTemplate\":\"https:\/\/www.suno.com.br\/noticias\/?s={search_term_string}\"},\"query-input\":{\"@type\":\"PropertyValueSpecification\",\"valueRequired\":true,\"valueName\":\"search_term_string\"}}],\"inLanguage\":\"pt-BR\"},{\"@type\":\"Organization\",\"@id\":\"https:\/\/www.suno.com.br\/noticias\/#organization\",\"name\":\"Suno Not\u00edcias\",\"url\":\"https:\/\/www.suno.com.br\/noticias\/\",\"logo\":{\"@type\":\"ImageObject\",\"inLanguage\":\"pt-BR\",\"@id\":\"https:\/\/www.suno.com.br\/noticias\/#\/schema\/logo\/image\/\",\"url\":\"https:\/\/files.sunoresearch.com.br\/n\/uploads\/2021\/09\/suno-logo.png\",\"contentUrl\":\"https:\/\/files.sunoresearch.com.br\/n\/uploads\/2021\/09\/suno-logo.png\",\"width\":180,\"height\":180,\"caption\":\"Suno Not\u00edcias\"},\"image\":{\"@id\":\"https:\/\/www.suno.com.br\/noticias\/#\/schema\/logo\/image\/\"},\"sameAs\":[\"https:\/\/facebook.com\/sunoresearch\",\"https:\/\/x.com\/sunoresearch\",\"https:\/\/www.instagram.com\/suno\",\"https:\/\/www.linkedin.com\/company\/suno-research\/\",\"https:\/\/www.youtube.com\/c\/sunoresearch\"]},{\"@type\":\"Person\",\"@id\":\"https:\/\/www.suno.com.br\/noticias\/#\/schema\/person\/e672ca8cea627fe715fa29bca7da95e0\",\"name\":\"Rafaela La Regina\",\"image\":{\"@type\":\"ImageObject\",\"inLanguage\":\"pt-BR\",\"@id\":\"https:\/\/www.suno.com.br\/noticias\/#\/schema\/person\/image\/\",\"url\":\"https:\/\/secure.gravatar.com\/avatar\/d2c75a52d243deb93d0465fdcb21bd37?s=96&r=g\",\"contentUrl\":\"https:\/\/secure.gravatar.com\/avatar\/d2c75a52d243deb93d0465fdcb21bd37?s=96&r=g\",\"caption\":\"Rafaela La Regina\"},\"description\":\"Estagi\u00e1ria no Suno Not\u00edcias. Escreve sobre economia, pol\u00edtica e neg\u00f3cios. Estuda Rela\u00e7\u00f5es Internacionais no IBMEC-SP.\",\"url\":\"https:\/\/www.suno.com.br\/noticias\/author\/rafaela-la-regina\/\"}]}<\/script>\n<!-- \/ Yoast SEO plugin. -->","yoast_head_json":{"title":"Aneel cobra explica\u00e7\u00f5es \u00e0 Belo Monte por ocorr\u00eancia","description":"A Aneel pediu explica\u00e7\u00f5es \u00e0 Belo Monte Transmissora de Energia sobre o apag\u00e3o de hoje. Clique aqui para saber mais.","robots":{"index":"index","follow":"follow","max-snippet":"max-snippet:-1","max-image-preview":"max-image-preview:large","max-video-preview":"max-video-preview:-1"},"canonical":"https:\/\/www.suno.com.br\/noticias\/aneel-explicacoes-belo-monte-transmissora-energia-ocorrencia\/","og_locale":"pt_BR","og_type":"article","og_title":"Aneel cobra explica\u00e7\u00f5es \u00e0 Belo Monte por ocorr\u00eancia","og_description":"A Aneel pediu explica\u00e7\u00f5es \u00e0 Belo Monte Transmissora de Energia sobre o apag\u00e3o de hoje. Clique aqui para saber mais.","og_url":"https:\/\/www.suno.com.br\/noticias\/aneel-explicacoes-belo-monte-transmissora-energia-ocorrencia\/","og_site_name":"Suno Not\u00edcias","article_publisher":"https:\/\/facebook.com\/sunoresearch","og_image":[{"width":1280,"height":853,"url":"https:\/\/files.sunoresearch.com.br\/n\/uploads\/2021\/05\/593271b8-power-lines-1868352_1280.jpg","type":"image\/jpeg"}],"author":"Rafaela La Regina","twitter_card":"summary_large_image","twitter_creator":"@sunoresearch","twitter_site":"@sunoresearch","twitter_misc":{"Escrito por":"Rafaela La Regina","Est. tempo de leitura":"2 minutos"},"schema":{"@context":"https:\/\/schema.org","@graph":[{"@type":"NewsArticle","@id":"https:\/\/www.suno.com.br\/noticias\/aneel-explicacoes-belo-monte-transmissora-energia-ocorrencia\/#article","isPartOf":{"@id":"https:\/\/www.suno.com.br\/noticias\/aneel-explicacoes-belo-monte-transmissora-energia-ocorrencia\/"},"author":{"name":"Rafaela La Regina","@id":"https:\/\/www.suno.com.br\/noticias\/#\/schema\/person\/e672ca8cea627fe715fa29bca7da95e0"},"headline":"Aneel cobra explica\u00e7\u00f5es \u00e0 Belo Monte Transmissora de Energia por ocorr\u00eancia","datePublished":"2021-05-28T22:18:38+00:00","mainEntityOfPage":{"@id":"https:\/\/www.suno.com.br\/noticias\/aneel-explicacoes-belo-monte-transmissora-energia-ocorrencia\/"},"wordCount":417,"publisher":{"@id":"https:\/\/www.suno.com.br\/noticias\/#organization"},"image":{"@id":"https:\/\/www.suno.com.br\/noticias\/aneel-explicacoes-belo-monte-transmissora-energia-ocorrencia\/#primaryimage"},"thumbnailUrl":"https:\/\/files.sunoresearch.com.br\/n\/uploads\/2021\/05\/593271b8-power-lines-1868352_1280-jpg.webp","keywords":["Aneel","energia"],"articleSection":["Neg\u00f3cios"],"inLanguage":"pt-BR"},{"@type":"WebPage","@id":"https:\/\/www.suno.com.br\/noticias\/aneel-explicacoes-belo-monte-transmissora-energia-ocorrencia\/","url":"https:\/\/www.suno.com.br\/noticias\/aneel-explicacoes-belo-monte-transmissora-energia-ocorrencia\/","name":"Aneel cobra explica\u00e7\u00f5es \u00e0 Belo Monte por ocorr\u00eancia","isPartOf":{"@id":"https:\/\/www.suno.com.br\/noticias\/#website"},"primaryImageOfPage":{"@id":"https:\/\/www.suno.com.br\/noticias\/aneel-explicacoes-belo-monte-transmissora-energia-ocorrencia\/#primaryimage"},"image":{"@id":"https:\/\/www.suno.com.br\/noticias\/aneel-explicacoes-belo-monte-transmissora-energia-ocorrencia\/#primaryimage"},"thumbnailUrl":"https:\/\/files.sunoresearch.com.br\/n\/uploads\/2021\/05\/593271b8-power-lines-1868352_1280-jpg.webp","datePublished":"2021-05-28T22:18:38+00:00","description":"A Aneel pediu explica\u00e7\u00f5es \u00e0 Belo Monte Transmissora de Energia sobre o apag\u00e3o de hoje. Clique aqui para saber mais.","breadcrumb":{"@id":"https:\/\/www.suno.com.br\/noticias\/aneel-explicacoes-belo-monte-transmissora-energia-ocorrencia\/#breadcrumb"},"inLanguage":"pt-BR","potentialAction":[{"@type":"ReadAction","target":["https:\/\/www.suno.com.br\/noticias\/aneel-explicacoes-belo-monte-transmissora-energia-ocorrencia\/"]}]},{"@type":"ImageObject","inLanguage":"pt-BR","@id":"https:\/\/www.suno.com.br\/noticias\/aneel-explicacoes-belo-monte-transmissora-energia-ocorrencia\/#primaryimage","url":"https:\/\/files.sunoresearch.com.br\/n\/uploads\/2021\/05\/593271b8-power-lines-1868352_1280-jpg.webp","contentUrl":"https:\/\/files.sunoresearch.com.br\/n\/uploads\/2021\/05\/593271b8-power-lines-1868352_1280-jpg.webp","width":1280,"height":853,"caption":"Cons\u00f3rcio brecou planos de Doria de realizar a privatiza\u00e7\u00e3o da Emae ainda em 2021 - Foto: Pixabay"},{"@type":"BreadcrumbList","@id":"https:\/\/www.suno.com.br\/noticias\/aneel-explicacoes-belo-monte-transmissora-energia-ocorrencia\/#breadcrumb","itemListElement":[{"@type":"ListItem","position":1,"name":"Not\u00edcias","item":"https:\/\/www.suno.com.br\/noticias\/"},{"@type":"ListItem","position":2,"name":"Neg\u00f3cios","item":"https:\/\/www.suno.com.br\/noticias\/negocios\/"},{"@type":"ListItem","position":3,"name":"Aneel cobra explica\u00e7\u00f5es \u00e0 Belo Monte Transmissora de Energia por ocorr\u00eancia"}]},{"@type":"WebSite","@id":"https:\/\/www.suno.com.br\/noticias\/#website","url":"https:\/\/www.suno.com.br\/noticias\/","name":"Suno Not\u00edcias","description":"Seu portal de informa\u00e7\u00e3o sobre o mundo dos investimentos","publisher":{"@id":"https:\/\/www.suno.com.br\/noticias\/#organization"},"potentialAction":[{"@type":"SearchAction","target":{"@type":"EntryPoint","urlTemplate":"https:\/\/www.suno.com.br\/noticias\/?s={search_term_string}"},"query-input":{"@type":"PropertyValueSpecification","valueRequired":true,"valueName":"search_term_string"}}],"inLanguage":"pt-BR"},{"@type":"Organization","@id":"https:\/\/www.suno.com.br\/noticias\/#organization","name":"Suno Not\u00edcias","url":"https:\/\/www.suno.com.br\/noticias\/","logo":{"@type":"ImageObject","inLanguage":"pt-BR","@id":"https:\/\/www.suno.com.br\/noticias\/#\/schema\/logo\/image\/","url":"https:\/\/files.sunoresearch.com.br\/n\/uploads\/2021\/09\/suno-logo.png","contentUrl":"https:\/\/files.sunoresearch.com.br\/n\/uploads\/2021\/09\/suno-logo.png","width":180,"height":180,"caption":"Suno Not\u00edcias"},"image":{"@id":"https:\/\/www.suno.com.br\/noticias\/#\/schema\/logo\/image\/"},"sameAs":["https:\/\/facebook.com\/sunoresearch","https:\/\/x.com\/sunoresearch","https:\/\/www.instagram.com\/suno","https:\/\/www.linkedin.com\/company\/suno-research\/","https:\/\/www.youtube.com\/c\/sunoresearch"]},{"@type":"Person","@id":"https:\/\/www.suno.com.br\/noticias\/#\/schema\/person\/e672ca8cea627fe715fa29bca7da95e0","name":"Rafaela La Regina","image":{"@type":"ImageObject","inLanguage":"pt-BR","@id":"https:\/\/www.suno.com.br\/noticias\/#\/schema\/person\/image\/","url":"https:\/\/secure.gravatar.com\/avatar\/d2c75a52d243deb93d0465fdcb21bd37?s=96&r=g","contentUrl":"https:\/\/secure.gravatar.com\/avatar\/d2c75a52d243deb93d0465fdcb21bd37?s=96&r=g","caption":"Rafaela La Regina"},"description":"Estagi\u00e1ria no Suno Not\u00edcias. Escreve sobre economia, pol\u00edtica e neg\u00f3cios. Estuda Rela\u00e7\u00f5es Internacionais no IBMEC-SP.","url":"https:\/\/www.suno.com.br\/noticias\/author\/rafaela-la-regina\/"}]}},"default_loop_html":"<div class=\"cardsPage__listCard__boxs\"><div class=\"cardsPage__listCard__boxs__img\"><a href=\"https:\/\/www.suno.com.br\/noticias\/aneel-explicacoes-belo-monte-transmissora-energia-ocorrencia\/\"><img class=\"mask\" src=\"https:\/\/www.suno.com.br\/noticias\/wp-content\/themes\/suno\/resources\/images\/spotlight\/spotlight1img\/bg-mask.png\" alt=\"Image Mask\"\/><img src=\"https:\/\/files.sunoresearch.com.br\/n\/uploads\/2021\/05\/593271b8-power-lines-1868352_1280-400x200.webp\" alt=\"Aneel cobra explica\u00e7\u00f5es \u00e0 Belo Monte Transmissora de Energia por ocorr\u00eancia\"\/><\/a><span class=\"spotlightCategory\"><a href=\"https:\/\/www.suno.com.br\/noticias\/negocios\/\">Neg\u00f3cios<\/a><\/span><\/div><div class=\"cardsPage__listCard__boxs__content\"><a href=\"https:\/\/www.suno.com.br\/noticias\/aneel-explicacoes-belo-monte-transmissora-energia-ocorrencia\/\"><h2 class=\"content__title\">Aneel cobra explica\u00e7\u00f5es \u00e0 Belo Monte Transmissora de Energia por ocorr\u00eancia<\/h2><\/a><div class=\"newsContent__article__meta\"><div class=\"newsContent__article__meta__authorBox\"><a href=\"https:\/\/www.suno.com.br\/noticias\/author\/rafaela-la-regina\/\" class=\"authorBox__avatar noMobi\"><img src=\"https:\/\/secure.gravatar.com\/avatar\/d2c75a52d243deb93d0465fdcb21bd37?s=96&#038;r=g\" alt=\"Rafaela La Regina\"><\/a><div class=\"authorBox__name\"><span>por\n\t\t\t<a href=\"https:\/\/www.suno.com.br\/noticias\/author\/rafaela-la-regina\/\"><span itemprop=\"author\">Rafaela La Regina<\/span><\/a><\/span><time datetime=\"2021-05-28T19:18:38-03:00\" itemprop=\"datePublished\">28\/05\/2021 19:18<\/time><\/div><\/div><\/div><\/div><\/div>","single_layout":"posts","amp_enabled":true,"_links":{"self":[{"href":"https:\/\/www.suno.com.br\/noticias\/wp-json\/wp\/v2\/posts\/151860"}],"collection":[{"href":"https:\/\/www.suno.com.br\/noticias\/wp-json\/wp\/v2\/posts"}],"about":[{"href":"https:\/\/www.suno.com.br\/noticias\/wp-json\/wp\/v2\/types\/post"}],"author":[{"embeddable":true,"href":"https:\/\/www.suno.com.br\/noticias\/wp-json\/wp\/v2\/users\/56"}],"replies":[{"embeddable":true,"href":"https:\/\/www.suno.com.br\/noticias\/wp-json\/wp\/v2\/comments?post=151860"}],"version-history":[{"count":2,"href":"https:\/\/www.suno.com.br\/noticias\/wp-json\/wp\/v2\/posts\/151860\/revisions"}],"predecessor-version":[{"id":151889,"href":"https:\/\/www.suno.com.br\/noticias\/wp-json\/wp\/v2\/posts\/151860\/revisions\/151889"}],"wp:featuredmedia":[{"embeddable":true,"href":"https:\/\/www.suno.com.br\/noticias\/wp-json\/wp\/v2\/media\/151887"}],"wp:attachment":[{"href":"https:\/\/www.suno.com.br\/noticias\/wp-json\/wp\/v2\/media?parent=151860"}],"wp:term":[{"taxonomy":"category","embeddable":true,"href":"https:\/\/www.suno.com.br\/noticias\/wp-json\/wp\/v2\/categories?post=151860"},{"taxonomy":"post_tag","embeddable":true,"href":"https:\/\/www.suno.com.br\/noticias\/wp-json\/wp\/v2\/tags?post=151860"},{"taxonomy":"suno_strategy","embeddable":true,"href":"https:\/\/www.suno.com.br\/noticias\/wp-json\/wp\/v2\/suno_strategy?post=151860"}],"curies":[{"name":"wp","href":"https:\/\/api.w.org\/{rel}","templated":true}]}}