{"id":151805,"date":"2021-05-28T15:43:02","date_gmt":"2021-05-28T18:43:02","guid":{"rendered":"https:\/\/www.suno.com.br\/noticias\/?p=151805"},"modified":"2021-06-24T02:05:24","modified_gmt":"2021-06-24T05:05:24","slug":"crimes-ciberneticos-lei-penas-mais-duras-sancionada","status":"publish","type":"post","link":"https:\/\/www.suno.com.br\/noticias\/crimes-ciberneticos-lei-penas-mais-duras-sancionada\/","title":{"rendered":"Crimes cibern\u00e9ticos: Lei com penas mais duras \u00e9 sancionada"},"content":{"rendered":"<p>O presidente Jair Bolsonaro sancionou um Projeto de Lei que prev\u00ea a amplia\u00e7\u00e3o de <strong>penas por crimes<\/strong> de furto e estelionato praticados com o uso de dispositivos eletr\u00f4nicos como celulares, computadores e tablets.<\/p>\t<div class=\"wrapper-featured-image\">\n\t\t<figure class=\"spotlightImg\">\n\n\t\t\t<picture>\n\t\t\t\t<source media=\"(max-width: 768px)\" srcset=\"https:\/\/files.sunoresearch.com.br\/n\/uploads\/2021\/05\/5834837c-security-2972105_1280-400x200.webp\">\n\t\t\t\t<img loading=\"lazy\" decoding=\"async\" class=\"newsContent__article__imgCapa lazyloadDisabled \" src=\"https:\/\/files.sunoresearch.com.br\/n\/uploads\/2021\/05\/5834837c-security-2972105_1280-800x450.webp\" width=\"800\" height=\"450\" alt=\"Crimes cibern\u00e9ticos: Lei com penas mais duras \u00e9 sancionada\" fetchpriority=high \/>\n\t\t\t<\/picture>\n\n\t\t\t<figcaption class=\"wp-caption-text wp-caption-text--show\">Crimes cibern\u00e9ticos. Foto: Pixabay<\/figcaption>\n\t\t<\/figure>\n\t<\/div>\n\n\n\t<p>\n\t\t<a href=\"https:\/\/lp.suno.com.br\/planilha-controle-gastos\/\" target=\"_blank\" data-element=\"shortcode-suno-banner\" title=\"Banner SUNO, clique e saiba mais\">\n\t\t\t<picture>\n\t\t\t\t<source media=\"(max-width: 500px)\" srcset=\"https:\/\/files.sunoresearch.com.br\/n\/uploads\/2023\/03\/400x300-Planilha-controle-de-gastos.png\">\n\t\t\t\t<img class=\"newsContent__article__imgCapa newsContent__article__imgCapa--banner\"\n\t\t\t\t\tsrc=\"https:\/\/files.sunoresearch.com.br\/n\/uploads\/2023\/03\/1420x240-Planilha-controle-de-gastos.png\"\n\t\t\t\t\tdata-promo-id=\"101751\"\t\t\t\t\t\t\t\t\t\twidth='1420' height='240'\t\t\t\t\talt=\"https:\/\/files.sunoresearch.com.br\/n\/uploads\/2023\/03\/1420x240-Planilha-controle-de-gastos.png\"\n\t\t\t\t>\n\t\t\t<\/picture>\n\t\t<\/a>\n\t<\/p>\n\n\n<p>Com o projeto, o C\u00f3digo Penal \u00e9 alterado com pena de reclus\u00e3o de quatro a oito anos, para o crime de furto realizado com o uso desses aparelhos, estejam ou n\u00e3o conectados \u00e0 internet, seja com viola\u00e7\u00e3o de senhas, mecanismos de seguran\u00e7a ou com o uso de programas invasores.<\/p>\n<p>O texto foi aprovado no in\u00edcio do m\u00eas pelo Congresso Nacional e a san\u00e7\u00e3o ser\u00e1 publicada na edi\u00e7\u00e3o desta sexta-feira (28) do Di\u00e1rio Oficial da Uni\u00e3o, conforme informou a Ag\u00eancia Brasil.<\/p>\n<p><a class=\"waffle-rich-text-link\" href=\"https:\/\/lp.suno.com.br\/suno-one\/\">Suno One: acesse gratuitamente eBooks, Minicursos, Artigos e V\u00eddeo Aulas sobre investimentos com um \u00fanico cadastro. Clique para saber mais!<\/a><\/p>\n<p>A lei estabelece que, no crime de invas\u00e3o de dispositivo inform\u00e1tico previsto no C\u00f3digo Penal, tal penalidade passar\u00e1 a ser de reclus\u00e3o, de um a quatro anos, e multa, aumentando-se a pena de um ter\u00e7o a dois ter\u00e7os se a invas\u00e3o <a href=\"https:\/\/www.suno.com.br\/artigos\/prejuizos-acumulados\/\">resultar em preju\u00edzo econ\u00f4mico<\/a>. Nessa circunst\u00e2ncia, a pena aplic\u00e1vel era de deten\u00e7\u00e3o de tr\u00eas meses a um ano e multa.<\/p>\n<p>Al\u00e9m disso, a medida determina tamb\u00e9m que, se da invas\u00e3o resultar a obten\u00e7\u00e3o de conte\u00fado de comunica\u00e7\u00f5es eletr\u00f4nicas privadas, segredos comerciais ou industriais, informa\u00e7\u00f5es sigilosas, assim definidas em lei, ou o controle remoto n\u00e3o autorizado do dispositivo invadido, a pena passar\u00e1 a ser de reclus\u00e3o, de dois a cinco anos, e multa. At\u00e9 ent\u00e3o, a pena em vigor neste caso era de reclus\u00e3o, de seis meses a dois anos, e multa.<\/p>\n\t<p>\n\t\t<a href=\"https:\/\/lp.suno.com.br\/planilha-da-vida-financeira\/\" target=\"_blank\" data-element=\"shortcode-suno-banner\" title=\"Banner SUNO, clique e saiba mais\">\n\t\t\t<picture>\n\t\t\t\t<source media=\"(max-width: 500px)\" srcset=\"https:\/\/files.sunoresearch.com.br\/n\/uploads\/2023\/04\/400x300-Planilha-vida-financeira-true.png\">\n\t\t\t\t<img class=\"newsContent__article__imgCapa newsContent__article__imgCapa--banner\"\n\t\t\t\t\tsrc=\"https:\/\/files.sunoresearch.com.br\/n\/uploads\/2023\/04\/1420x240-Planilha-vida-financeira-true.png\"\n\t\t\t\t\tdata-promo-id=\"106682\"\t\t\t\t\t\t\t\t\t\twidth='1420' height='240'\t\t\t\t\talt=\"https:\/\/files.sunoresearch.com.br\/n\/uploads\/2023\/04\/1420x240-Planilha-vida-financeira-true.png\"\n\t\t\t\t>\n\t\t\t<\/picture>\n\t\t<\/a>\n\t<\/p>\n\n\n<p>Ao passo que se o crime for praticado contra idoso ou vulner\u00e1vel, a pena aumenta de um ter\u00e7o ao dobro, considerando-se o resultado. E, se for praticado com o uso de servidor de inform\u00e1tica mantido fora do pa\u00eds, o aumento da pena pode ir de um ter\u00e7o a dois ter\u00e7os.<\/p>\n<p>No <strong>crime<\/strong> j\u00e1 existente de invadir aparelhos de inform\u00e1tica para obter dados, modific\u00e1-los ou destrui-los, o projeto aumenta a pena de deten\u00e7\u00e3o de 3 meses a 1 ano para reclus\u00e3o de 1 a 4 anos. A reda\u00e7\u00e3o do tipo penal \u00e9 alterada para definir que h\u00e1 crime mesmo se o usu\u00e1rio n\u00e3o for o titular do aparelho, condi\u00e7\u00e3o comum no <a href=\"https:\/\/www.suno.com.br\/noticias\/home-office-ficas-para-trabalhar-produtiva\/\">home office<\/a>.<\/p>\n<p>Com informa\u00e7\u00f5es da Ag\u00eancia Brasil<\/p>\n\t<p>\n\t\t<a href=\"https:\/\/lp.suno.com.br\/planilha-de-controle-de-investimentos\/\" target=\"_blank\" data-element=\"shortcode-suno-banner\" title=\"Banner SUNO, clique e saiba mais\">\n\t\t\t<picture>\n\t\t\t\t<source media=\"(max-width: 500px)\" srcset=\"https:\/\/files.sunoresearch.com.br\/n\/uploads\/2023\/03\/400x300-Controle-de-Investimentos.png\">\n\t\t\t\t<img class=\"newsContent__article__imgCapa newsContent__article__imgCapa--banner\"\n\t\t\t\t\tsrc=\"https:\/\/files.sunoresearch.com.br\/n\/uploads\/2023\/03\/1420x240-Controle-de-Investimentos.png\"\n\t\t\t\t\tdata-promo-id=\"75934\"\t\t\t\t\t\t\t\t\t\twidth='1420' height='240'\t\t\t\t\talt=\"https:\/\/files.sunoresearch.com.br\/n\/uploads\/2023\/03\/1420x240-Controle-de-Investimentos.png\"\n\t\t\t\t>\n\t\t\t<\/picture>\n\t\t<\/a>\n\t<\/p>\n\n\n","protected":false},"excerpt":{"rendered":"<p>O presidente Jair Bolsonaro sancionou um Projeto de Lei que prev\u00ea a amplia\u00e7\u00e3o de penas por crimes de furto e estelionato praticados com o uso de dispositivos eletr\u00f4nicos como celulares, computadores e tablets. Crimes cibern\u00e9ticos. Foto: Pixabay Com o projeto, o C\u00f3digo Penal \u00e9 alterado com pena de reclus\u00e3o de quatro a oito anos, para [&hellip;]<\/p>\n","protected":false},"author":56,"featured_media":151814,"comment_status":"closed","ping_status":"closed","sticky":false,"template":"","format":"standard","meta":[],"categories":[61],"tags":[105312,719],"suno_strategy":[],"class_list":["post-151805","post","type-post","status-publish","format-standard","has-post-thumbnail","hentry","category-politica","tag-ataques-ciberneticos","tag-jair-bolsonaro"],"yoast_head":"<!-- This site is optimized with the Yoast SEO plugin v24.4 - https:\/\/yoast.com\/wordpress\/plugins\/seo\/ -->\n<title>Crimes cibern\u00e9ticos: Lei com penas mais duras \u00e9 sancionada<\/title>\n<meta name=\"description\" content=\"Bolsonaro sancionou um Projeto de Lei que prev\u00ea a amplia\u00e7\u00e3o de penas por crimes praticados com o uso de dispositivos eletr\u00f4nicos. Clique aqui para saber mais.\" \/>\n<meta name=\"robots\" content=\"index, follow, max-snippet:-1, max-image-preview:large, max-video-preview:-1\" \/>\n<link rel=\"canonical\" href=\"https:\/\/www.suno.com.br\/noticias\/crimes-ciberneticos-lei-penas-mais-duras-sancionada\/\" \/>\n<meta property=\"og:locale\" content=\"pt_BR\" \/>\n<meta property=\"og:type\" content=\"article\" \/>\n<meta property=\"og:title\" content=\"Crimes cibern\u00e9ticos: Lei com penas mais duras \u00e9 sancionada\" \/>\n<meta property=\"og:description\" content=\"Bolsonaro sancionou um Projeto de Lei que prev\u00ea a amplia\u00e7\u00e3o de penas por crimes praticados com o uso de dispositivos eletr\u00f4nicos. Clique aqui para saber mais.\" \/>\n<meta property=\"og:url\" content=\"https:\/\/www.suno.com.br\/noticias\/crimes-ciberneticos-lei-penas-mais-duras-sancionada\/\" \/>\n<meta property=\"og:site_name\" content=\"Suno Not\u00edcias\" \/>\n<meta property=\"article:publisher\" content=\"https:\/\/facebook.com\/sunoresearch\" \/>\n<meta property=\"og:image\" content=\"https:\/\/files.sunoresearch.com.br\/n\/uploads\/2021\/05\/5834837c-security-2972105_1280.jpg\" \/>\n\t<meta property=\"og:image:width\" content=\"1280\" \/>\n\t<meta property=\"og:image:height\" content=\"853\" \/>\n\t<meta property=\"og:image:type\" content=\"image\/jpeg\" \/>\n<meta name=\"author\" content=\"Rafaela La Regina\" \/>\n<meta name=\"twitter:card\" content=\"summary_large_image\" \/>\n<meta name=\"twitter:creator\" content=\"@sunoresearch\" \/>\n<meta name=\"twitter:site\" content=\"@sunoresearch\" \/>\n<meta name=\"twitter:label1\" content=\"Escrito por\" \/>\n\t<meta name=\"twitter:data1\" content=\"Rafaela La Regina\" \/>\n\t<meta name=\"twitter:label2\" content=\"Est. tempo de leitura\" \/>\n\t<meta name=\"twitter:data2\" content=\"2 minutos\" \/>\n<script type=\"application\/ld+json\" class=\"yoast-schema-graph\">{\"@context\":\"https:\/\/schema.org\",\"@graph\":[{\"@type\":\"NewsArticle\",\"@id\":\"https:\/\/www.suno.com.br\/noticias\/crimes-ciberneticos-lei-penas-mais-duras-sancionada\/#article\",\"isPartOf\":{\"@id\":\"https:\/\/www.suno.com.br\/noticias\/crimes-ciberneticos-lei-penas-mais-duras-sancionada\/\"},\"author\":{\"name\":\"Rafaela La Regina\",\"@id\":\"https:\/\/www.suno.com.br\/noticias\/#\/schema\/person\/e672ca8cea627fe715fa29bca7da95e0\"},\"headline\":\"Crimes cibern\u00e9ticos: Lei com penas mais duras \u00e9 sancionada\",\"datePublished\":\"2021-05-28T18:43:02+00:00\",\"dateModified\":\"2021-06-24T05:05:24+00:00\",\"mainEntityOfPage\":{\"@id\":\"https:\/\/www.suno.com.br\/noticias\/crimes-ciberneticos-lei-penas-mais-duras-sancionada\/\"},\"wordCount\":448,\"publisher\":{\"@id\":\"https:\/\/www.suno.com.br\/noticias\/#organization\"},\"image\":{\"@id\":\"https:\/\/www.suno.com.br\/noticias\/crimes-ciberneticos-lei-penas-mais-duras-sancionada\/#primaryimage\"},\"thumbnailUrl\":\"https:\/\/files.sunoresearch.com.br\/n\/uploads\/2021\/05\/5834837c-security-2972105_1280-jpg.webp\",\"keywords\":[\"ataques cibern\u00e9ticos\",\"Jair Bolsonaro\"],\"articleSection\":[\"Pol\u00edtica\"],\"inLanguage\":\"pt-BR\"},{\"@type\":\"WebPage\",\"@id\":\"https:\/\/www.suno.com.br\/noticias\/crimes-ciberneticos-lei-penas-mais-duras-sancionada\/\",\"url\":\"https:\/\/www.suno.com.br\/noticias\/crimes-ciberneticos-lei-penas-mais-duras-sancionada\/\",\"name\":\"Crimes cibern\u00e9ticos: Lei com penas mais duras \u00e9 sancionada\",\"isPartOf\":{\"@id\":\"https:\/\/www.suno.com.br\/noticias\/#website\"},\"primaryImageOfPage\":{\"@id\":\"https:\/\/www.suno.com.br\/noticias\/crimes-ciberneticos-lei-penas-mais-duras-sancionada\/#primaryimage\"},\"image\":{\"@id\":\"https:\/\/www.suno.com.br\/noticias\/crimes-ciberneticos-lei-penas-mais-duras-sancionada\/#primaryimage\"},\"thumbnailUrl\":\"https:\/\/files.sunoresearch.com.br\/n\/uploads\/2021\/05\/5834837c-security-2972105_1280-jpg.webp\",\"datePublished\":\"2021-05-28T18:43:02+00:00\",\"dateModified\":\"2021-06-24T05:05:24+00:00\",\"description\":\"Bolsonaro sancionou um Projeto de Lei que prev\u00ea a amplia\u00e7\u00e3o de penas por crimes praticados com o uso de dispositivos eletr\u00f4nicos. Clique aqui para saber mais.\",\"breadcrumb\":{\"@id\":\"https:\/\/www.suno.com.br\/noticias\/crimes-ciberneticos-lei-penas-mais-duras-sancionada\/#breadcrumb\"},\"inLanguage\":\"pt-BR\",\"potentialAction\":[{\"@type\":\"ReadAction\",\"target\":[\"https:\/\/www.suno.com.br\/noticias\/crimes-ciberneticos-lei-penas-mais-duras-sancionada\/\"]}]},{\"@type\":\"ImageObject\",\"inLanguage\":\"pt-BR\",\"@id\":\"https:\/\/www.suno.com.br\/noticias\/crimes-ciberneticos-lei-penas-mais-duras-sancionada\/#primaryimage\",\"url\":\"https:\/\/files.sunoresearch.com.br\/n\/uploads\/2021\/05\/5834837c-security-2972105_1280-jpg.webp\",\"contentUrl\":\"https:\/\/files.sunoresearch.com.br\/n\/uploads\/2021\/05\/5834837c-security-2972105_1280-jpg.webp\",\"width\":1280,\"height\":853,\"caption\":\"Crimes cibern\u00e9ticos. Foto: Pixabay\"},{\"@type\":\"BreadcrumbList\",\"@id\":\"https:\/\/www.suno.com.br\/noticias\/crimes-ciberneticos-lei-penas-mais-duras-sancionada\/#breadcrumb\",\"itemListElement\":[{\"@type\":\"ListItem\",\"position\":1,\"name\":\"Not\u00edcias\",\"item\":\"https:\/\/www.suno.com.br\/noticias\/\"},{\"@type\":\"ListItem\",\"position\":2,\"name\":\"Pol\u00edtica\",\"item\":\"https:\/\/www.suno.com.br\/noticias\/politica\/\"},{\"@type\":\"ListItem\",\"position\":3,\"name\":\"Crimes cibern\u00e9ticos: Lei com penas mais duras \u00e9 sancionada\"}]},{\"@type\":\"WebSite\",\"@id\":\"https:\/\/www.suno.com.br\/noticias\/#website\",\"url\":\"https:\/\/www.suno.com.br\/noticias\/\",\"name\":\"Suno Not\u00edcias\",\"description\":\"Seu portal de informa\u00e7\u00e3o sobre o mundo dos investimentos\",\"publisher\":{\"@id\":\"https:\/\/www.suno.com.br\/noticias\/#organization\"},\"potentialAction\":[{\"@type\":\"SearchAction\",\"target\":{\"@type\":\"EntryPoint\",\"urlTemplate\":\"https:\/\/www.suno.com.br\/noticias\/?s={search_term_string}\"},\"query-input\":{\"@type\":\"PropertyValueSpecification\",\"valueRequired\":true,\"valueName\":\"search_term_string\"}}],\"inLanguage\":\"pt-BR\"},{\"@type\":\"Organization\",\"@id\":\"https:\/\/www.suno.com.br\/noticias\/#organization\",\"name\":\"Suno Not\u00edcias\",\"url\":\"https:\/\/www.suno.com.br\/noticias\/\",\"logo\":{\"@type\":\"ImageObject\",\"inLanguage\":\"pt-BR\",\"@id\":\"https:\/\/www.suno.com.br\/noticias\/#\/schema\/logo\/image\/\",\"url\":\"https:\/\/files.sunoresearch.com.br\/n\/uploads\/2021\/09\/suno-logo.png\",\"contentUrl\":\"https:\/\/files.sunoresearch.com.br\/n\/uploads\/2021\/09\/suno-logo.png\",\"width\":180,\"height\":180,\"caption\":\"Suno Not\u00edcias\"},\"image\":{\"@id\":\"https:\/\/www.suno.com.br\/noticias\/#\/schema\/logo\/image\/\"},\"sameAs\":[\"https:\/\/facebook.com\/sunoresearch\",\"https:\/\/x.com\/sunoresearch\",\"https:\/\/www.instagram.com\/suno\",\"https:\/\/www.linkedin.com\/company\/suno-research\/\",\"https:\/\/www.youtube.com\/c\/sunoresearch\"]},{\"@type\":\"Person\",\"@id\":\"https:\/\/www.suno.com.br\/noticias\/#\/schema\/person\/e672ca8cea627fe715fa29bca7da95e0\",\"name\":\"Rafaela La Regina\",\"image\":{\"@type\":\"ImageObject\",\"inLanguage\":\"pt-BR\",\"@id\":\"https:\/\/www.suno.com.br\/noticias\/#\/schema\/person\/image\/\",\"url\":\"https:\/\/secure.gravatar.com\/avatar\/d2c75a52d243deb93d0465fdcb21bd37?s=96&r=g\",\"contentUrl\":\"https:\/\/secure.gravatar.com\/avatar\/d2c75a52d243deb93d0465fdcb21bd37?s=96&r=g\",\"caption\":\"Rafaela La Regina\"},\"description\":\"Estagi\u00e1ria no Suno Not\u00edcias. Escreve sobre economia, pol\u00edtica e neg\u00f3cios. Estuda Rela\u00e7\u00f5es Internacionais no IBMEC-SP.\",\"url\":\"https:\/\/www.suno.com.br\/noticias\/author\/rafaela-la-regina\/\"}]}<\/script>\n<!-- \/ Yoast SEO plugin. -->","yoast_head_json":{"title":"Crimes cibern\u00e9ticos: Lei com penas mais duras \u00e9 sancionada","description":"Bolsonaro sancionou um Projeto de Lei que prev\u00ea a amplia\u00e7\u00e3o de penas por crimes praticados com o uso de dispositivos eletr\u00f4nicos. Clique aqui para saber mais.","robots":{"index":"index","follow":"follow","max-snippet":"max-snippet:-1","max-image-preview":"max-image-preview:large","max-video-preview":"max-video-preview:-1"},"canonical":"https:\/\/www.suno.com.br\/noticias\/crimes-ciberneticos-lei-penas-mais-duras-sancionada\/","og_locale":"pt_BR","og_type":"article","og_title":"Crimes cibern\u00e9ticos: Lei com penas mais duras \u00e9 sancionada","og_description":"Bolsonaro sancionou um Projeto de Lei que prev\u00ea a amplia\u00e7\u00e3o de penas por crimes praticados com o uso de dispositivos eletr\u00f4nicos. Clique aqui para saber mais.","og_url":"https:\/\/www.suno.com.br\/noticias\/crimes-ciberneticos-lei-penas-mais-duras-sancionada\/","og_site_name":"Suno Not\u00edcias","article_publisher":"https:\/\/facebook.com\/sunoresearch","og_image":[{"width":1280,"height":853,"url":"https:\/\/files.sunoresearch.com.br\/n\/uploads\/2021\/05\/5834837c-security-2972105_1280.jpg","type":"image\/jpeg"}],"author":"Rafaela La Regina","twitter_card":"summary_large_image","twitter_creator":"@sunoresearch","twitter_site":"@sunoresearch","twitter_misc":{"Escrito por":"Rafaela La Regina","Est. tempo de leitura":"2 minutos"},"schema":{"@context":"https:\/\/schema.org","@graph":[{"@type":"NewsArticle","@id":"https:\/\/www.suno.com.br\/noticias\/crimes-ciberneticos-lei-penas-mais-duras-sancionada\/#article","isPartOf":{"@id":"https:\/\/www.suno.com.br\/noticias\/crimes-ciberneticos-lei-penas-mais-duras-sancionada\/"},"author":{"name":"Rafaela La Regina","@id":"https:\/\/www.suno.com.br\/noticias\/#\/schema\/person\/e672ca8cea627fe715fa29bca7da95e0"},"headline":"Crimes cibern\u00e9ticos: Lei com penas mais duras \u00e9 sancionada","datePublished":"2021-05-28T18:43:02+00:00","dateModified":"2021-06-24T05:05:24+00:00","mainEntityOfPage":{"@id":"https:\/\/www.suno.com.br\/noticias\/crimes-ciberneticos-lei-penas-mais-duras-sancionada\/"},"wordCount":448,"publisher":{"@id":"https:\/\/www.suno.com.br\/noticias\/#organization"},"image":{"@id":"https:\/\/www.suno.com.br\/noticias\/crimes-ciberneticos-lei-penas-mais-duras-sancionada\/#primaryimage"},"thumbnailUrl":"https:\/\/files.sunoresearch.com.br\/n\/uploads\/2021\/05\/5834837c-security-2972105_1280-jpg.webp","keywords":["ataques cibern\u00e9ticos","Jair Bolsonaro"],"articleSection":["Pol\u00edtica"],"inLanguage":"pt-BR"},{"@type":"WebPage","@id":"https:\/\/www.suno.com.br\/noticias\/crimes-ciberneticos-lei-penas-mais-duras-sancionada\/","url":"https:\/\/www.suno.com.br\/noticias\/crimes-ciberneticos-lei-penas-mais-duras-sancionada\/","name":"Crimes cibern\u00e9ticos: Lei com penas mais duras \u00e9 sancionada","isPartOf":{"@id":"https:\/\/www.suno.com.br\/noticias\/#website"},"primaryImageOfPage":{"@id":"https:\/\/www.suno.com.br\/noticias\/crimes-ciberneticos-lei-penas-mais-duras-sancionada\/#primaryimage"},"image":{"@id":"https:\/\/www.suno.com.br\/noticias\/crimes-ciberneticos-lei-penas-mais-duras-sancionada\/#primaryimage"},"thumbnailUrl":"https:\/\/files.sunoresearch.com.br\/n\/uploads\/2021\/05\/5834837c-security-2972105_1280-jpg.webp","datePublished":"2021-05-28T18:43:02+00:00","dateModified":"2021-06-24T05:05:24+00:00","description":"Bolsonaro sancionou um Projeto de Lei que prev\u00ea a amplia\u00e7\u00e3o de penas por crimes praticados com o uso de dispositivos eletr\u00f4nicos. Clique aqui para saber mais.","breadcrumb":{"@id":"https:\/\/www.suno.com.br\/noticias\/crimes-ciberneticos-lei-penas-mais-duras-sancionada\/#breadcrumb"},"inLanguage":"pt-BR","potentialAction":[{"@type":"ReadAction","target":["https:\/\/www.suno.com.br\/noticias\/crimes-ciberneticos-lei-penas-mais-duras-sancionada\/"]}]},{"@type":"ImageObject","inLanguage":"pt-BR","@id":"https:\/\/www.suno.com.br\/noticias\/crimes-ciberneticos-lei-penas-mais-duras-sancionada\/#primaryimage","url":"https:\/\/files.sunoresearch.com.br\/n\/uploads\/2021\/05\/5834837c-security-2972105_1280-jpg.webp","contentUrl":"https:\/\/files.sunoresearch.com.br\/n\/uploads\/2021\/05\/5834837c-security-2972105_1280-jpg.webp","width":1280,"height":853,"caption":"Crimes cibern\u00e9ticos. Foto: Pixabay"},{"@type":"BreadcrumbList","@id":"https:\/\/www.suno.com.br\/noticias\/crimes-ciberneticos-lei-penas-mais-duras-sancionada\/#breadcrumb","itemListElement":[{"@type":"ListItem","position":1,"name":"Not\u00edcias","item":"https:\/\/www.suno.com.br\/noticias\/"},{"@type":"ListItem","position":2,"name":"Pol\u00edtica","item":"https:\/\/www.suno.com.br\/noticias\/politica\/"},{"@type":"ListItem","position":3,"name":"Crimes cibern\u00e9ticos: Lei com penas mais duras \u00e9 sancionada"}]},{"@type":"WebSite","@id":"https:\/\/www.suno.com.br\/noticias\/#website","url":"https:\/\/www.suno.com.br\/noticias\/","name":"Suno Not\u00edcias","description":"Seu portal de informa\u00e7\u00e3o sobre o mundo dos investimentos","publisher":{"@id":"https:\/\/www.suno.com.br\/noticias\/#organization"},"potentialAction":[{"@type":"SearchAction","target":{"@type":"EntryPoint","urlTemplate":"https:\/\/www.suno.com.br\/noticias\/?s={search_term_string}"},"query-input":{"@type":"PropertyValueSpecification","valueRequired":true,"valueName":"search_term_string"}}],"inLanguage":"pt-BR"},{"@type":"Organization","@id":"https:\/\/www.suno.com.br\/noticias\/#organization","name":"Suno Not\u00edcias","url":"https:\/\/www.suno.com.br\/noticias\/","logo":{"@type":"ImageObject","inLanguage":"pt-BR","@id":"https:\/\/www.suno.com.br\/noticias\/#\/schema\/logo\/image\/","url":"https:\/\/files.sunoresearch.com.br\/n\/uploads\/2021\/09\/suno-logo.png","contentUrl":"https:\/\/files.sunoresearch.com.br\/n\/uploads\/2021\/09\/suno-logo.png","width":180,"height":180,"caption":"Suno Not\u00edcias"},"image":{"@id":"https:\/\/www.suno.com.br\/noticias\/#\/schema\/logo\/image\/"},"sameAs":["https:\/\/facebook.com\/sunoresearch","https:\/\/x.com\/sunoresearch","https:\/\/www.instagram.com\/suno","https:\/\/www.linkedin.com\/company\/suno-research\/","https:\/\/www.youtube.com\/c\/sunoresearch"]},{"@type":"Person","@id":"https:\/\/www.suno.com.br\/noticias\/#\/schema\/person\/e672ca8cea627fe715fa29bca7da95e0","name":"Rafaela La Regina","image":{"@type":"ImageObject","inLanguage":"pt-BR","@id":"https:\/\/www.suno.com.br\/noticias\/#\/schema\/person\/image\/","url":"https:\/\/secure.gravatar.com\/avatar\/d2c75a52d243deb93d0465fdcb21bd37?s=96&r=g","contentUrl":"https:\/\/secure.gravatar.com\/avatar\/d2c75a52d243deb93d0465fdcb21bd37?s=96&r=g","caption":"Rafaela La Regina"},"description":"Estagi\u00e1ria no Suno Not\u00edcias. Escreve sobre economia, pol\u00edtica e neg\u00f3cios. Estuda Rela\u00e7\u00f5es Internacionais no IBMEC-SP.","url":"https:\/\/www.suno.com.br\/noticias\/author\/rafaela-la-regina\/"}]}},"default_loop_html":"<div class=\"cardsPage__listCard__boxs\"><div class=\"cardsPage__listCard__boxs__img\"><a href=\"https:\/\/www.suno.com.br\/noticias\/crimes-ciberneticos-lei-penas-mais-duras-sancionada\/\"><img class=\"mask\" src=\"https:\/\/www.suno.com.br\/noticias\/wp-content\/themes\/suno\/resources\/images\/spotlight\/spotlight1img\/bg-mask.png\" alt=\"Image Mask\"\/><img src=\"https:\/\/files.sunoresearch.com.br\/n\/uploads\/2021\/05\/5834837c-security-2972105_1280-400x200.webp\" alt=\"Crimes cibern\u00e9ticos: Lei com penas mais duras \u00e9 sancionada\"\/><\/a><span class=\"spotlightCategory\"><a href=\"https:\/\/www.suno.com.br\/noticias\/politica\/\">Pol\u00edtica<\/a><\/span><\/div><div class=\"cardsPage__listCard__boxs__content\"><a href=\"https:\/\/www.suno.com.br\/noticias\/crimes-ciberneticos-lei-penas-mais-duras-sancionada\/\"><h2 class=\"content__title\">Crimes cibern\u00e9ticos: Lei com penas mais duras \u00e9 sancionada<\/h2><\/a><div class=\"newsContent__article__meta\"><div class=\"newsContent__article__meta__authorBox\"><a href=\"https:\/\/www.suno.com.br\/noticias\/author\/rafaela-la-regina\/\" class=\"authorBox__avatar noMobi\"><img src=\"https:\/\/secure.gravatar.com\/avatar\/d2c75a52d243deb93d0465fdcb21bd37?s=96&#038;r=g\" alt=\"Rafaela La Regina\"><\/a><div class=\"authorBox__name\"><span>por\n\t\t\t<a href=\"https:\/\/www.suno.com.br\/noticias\/author\/rafaela-la-regina\/\"><span itemprop=\"author\">Rafaela La Regina<\/span><\/a><\/span><time datetime=\"2021-05-28T15:43:02-03:00\" itemprop=\"datePublished\">28\/05\/2021 15:43<\/time><\/div><\/div><\/div><\/div><\/div>","single_layout":"posts","amp_enabled":true,"_links":{"self":[{"href":"https:\/\/www.suno.com.br\/noticias\/wp-json\/wp\/v2\/posts\/151805"}],"collection":[{"href":"https:\/\/www.suno.com.br\/noticias\/wp-json\/wp\/v2\/posts"}],"about":[{"href":"https:\/\/www.suno.com.br\/noticias\/wp-json\/wp\/v2\/types\/post"}],"author":[{"embeddable":true,"href":"https:\/\/www.suno.com.br\/noticias\/wp-json\/wp\/v2\/users\/56"}],"replies":[{"embeddable":true,"href":"https:\/\/www.suno.com.br\/noticias\/wp-json\/wp\/v2\/comments?post=151805"}],"version-history":[{"count":1,"href":"https:\/\/www.suno.com.br\/noticias\/wp-json\/wp\/v2\/posts\/151805\/revisions"}],"predecessor-version":[{"id":151815,"href":"https:\/\/www.suno.com.br\/noticias\/wp-json\/wp\/v2\/posts\/151805\/revisions\/151815"}],"wp:featuredmedia":[{"embeddable":true,"href":"https:\/\/www.suno.com.br\/noticias\/wp-json\/wp\/v2\/media\/151814"}],"wp:attachment":[{"href":"https:\/\/www.suno.com.br\/noticias\/wp-json\/wp\/v2\/media?parent=151805"}],"wp:term":[{"taxonomy":"category","embeddable":true,"href":"https:\/\/www.suno.com.br\/noticias\/wp-json\/wp\/v2\/categories?post=151805"},{"taxonomy":"post_tag","embeddable":true,"href":"https:\/\/www.suno.com.br\/noticias\/wp-json\/wp\/v2\/tags?post=151805"},{"taxonomy":"suno_strategy","embeddable":true,"href":"https:\/\/www.suno.com.br\/noticias\/wp-json\/wp\/v2\/suno_strategy?post=151805"}],"curies":[{"name":"wp","href":"https:\/\/api.w.org\/{rel}","templated":true}]}}