{"id":151741,"date":"2021-05-28T14:54:41","date_gmt":"2021-05-28T17:54:41","guid":{"rendered":"https:\/\/www.suno.com.br\/noticias\/?p=151741"},"modified":"2021-05-28T14:54:41","modified_gmt":"2021-05-28T17:54:41","slug":"stf-mantem-lei-proibe-uso-animais-teste-cosmeticos-rio","status":"publish","type":"post","link":"https:\/\/www.suno.com.br\/noticias\/stf-mantem-lei-proibe-uso-animais-teste-cosmeticos-rio\/","title":{"rendered":"STF mant\u00e9m lei que pro\u00edbe uso de animais em testes de cosm\u00e9ticos no Rio"},"content":{"rendered":"<p>O Supremo Tribunal Federal (STF) decidiu nesta sexta-feira (27) manter a proibi\u00e7\u00e3o da <strong>utiliza\u00e7\u00e3o de animais em testes<\/strong> experimentais de cosm\u00e9ticos, produtos de higiene pessoal e de limpeza no estado do Rio de Janeiro.<\/p>\t<div class=\"wrapper-featured-image\">\n\t\t<figure class=\"spotlightImg\">\n\n\t\t\t<picture>\n\t\t\t\t<source media=\"(max-width: 768px)\" srcset=\"https:\/\/files.sunoresearch.com.br\/n\/uploads\/2021\/05\/814fc8d9-rabbit-694919_1280-400x200.webp\">\n\t\t\t\t<img loading=\"lazy\" decoding=\"async\" class=\"newsContent__article__imgCapa lazyloadDisabled \" src=\"https:\/\/files.sunoresearch.com.br\/n\/uploads\/2021\/05\/814fc8d9-rabbit-694919_1280-800x450.webp\" width=\"800\" height=\"450\" alt=\"STF mant\u00e9m lei que pro\u00edbe uso de animais em testes de cosm\u00e9ticos no Rio\" fetchpriority=high \/>\n\t\t\t<\/picture>\n\n\t\t\t<figcaption class=\"wp-caption-text wp-caption-text--show\">testes em animais. Foto: Pixabay<\/figcaption>\n\t\t<\/figure>\n\t<\/div>\n\n\n\t<p>\n\t\t<a href=\"https:\/\/lp.suno.com.br\/planilha-controle-gastos\/\" target=\"_blank\" data-element=\"shortcode-suno-banner\" title=\"Banner SUNO, clique e saiba mais\">\n\t\t\t<picture>\n\t\t\t\t<source media=\"(max-width: 500px)\" srcset=\"https:\/\/files.sunoresearch.com.br\/n\/uploads\/2023\/03\/400x300-Planilha-controle-de-gastos.png\">\n\t\t\t\t<img class=\"newsContent__article__imgCapa newsContent__article__imgCapa--banner\"\n\t\t\t\t\tsrc=\"https:\/\/files.sunoresearch.com.br\/n\/uploads\/2023\/03\/1420x240-Planilha-controle-de-gastos.png\"\n\t\t\t\t\tdata-promo-id=\"101751\"\t\t\t\t\t\t\t\t\t\twidth='1420' height='240'\t\t\t\t\talt=\"https:\/\/files.sunoresearch.com.br\/n\/uploads\/2023\/03\/1420x240-Planilha-controle-de-gastos.png\"\n\t\t\t\t>\n\t\t\t<\/picture>\n\t\t<\/a>\n\t<\/p>\n\n\n<p>De acordo com a Ag\u00eancia Brasil, a decis\u00e3o sobre os testes em animais foi aprovada por maioria dos votos. Ao passo que os ministros validaram o dispositivo da norma estadual que estabeleceu a medida.<\/p>\n<p>O caso chegou ao STF por meio de uma a\u00e7\u00e3o protocolada na Corte em 2018 pela Associa\u00e7\u00e3o Brasileira da Ind\u00fastria de Higiene Pessoal, Perfumaria e Cosm\u00e9ticos (Abihpec).<\/p>\n<p>Segundo alega\u00e7\u00f5es da entidade, a Lei Estadual aprovada pela Assembleia Legislativa do Rio de Janeiro (Alerj), \u00e9 inconstitucional por tratar de quest\u00f5es que seriam de compet\u00eancia do Congresso Nacional, tal como prote\u00e7\u00e3o ao meio ambiente, proibir a circula\u00e7\u00e3o de produtos que foram testados em animais e criar regras de rotulagem.<\/p>\n<p>Por maioria de votos, os ministros seguiram voto proferido pelo relator, Gilmar Mendes. Para o ministro, o estado pode estabelecer medidas para proibir os testes em animais, contudo, n\u00e3o pode restringir a comercializa\u00e7\u00e3o dos produtos.<\/p>\n<p><a class=\"waffle-rich-text-link\" href=\"https:\/\/lp.suno.com.br\/suno-one\/\">Suno One: acesse gratuitamente eBooks, Minicursos, Artigos e V\u00eddeo Aulas sobre investimentos com um \u00fanico cadastro. Clique para saber mais!<\/a><\/p>\n<p>\u201cAs leis estaduais que vedam a utiliza\u00e7\u00e3o de animais para o desenvolvimento de experimentos e testes de produtos cosm\u00e9ticos parecem concretizar o exerc\u00edcio de compet\u00eancia legislativa plena dos pr\u00f3prios estados ante a inexist\u00eancia de disciplina a n\u00edvel federal\u201d, respondeu.<\/p>\n<p>Todavia, no julgamento, os ministros consideraram inconstitucional o dispositivo da lei que proibiu a comercializa\u00e7\u00e3o de produtos derivados dos testes no estado.<\/p>\n<h2>Veja cinco empresas que j\u00e1 n\u00e3o testam seus produtos em animais:<\/h2>\n<h3><strong>Avon (<\/strong>AVON34)<\/h3>\n<p>A <strong>Avon (AVON34)<\/strong> afirma em seu site que n\u00e3o testa seus produtos em animais. Entretanto, n\u00e3o possui o selo <strong>cruelty-free<\/strong> da organiza\u00e7\u00e3o <strong>PETA<\/strong> (Pessoas pelo tratamento \u00e9tico dos animais).<\/p>\n<p>A companhia explica que n\u00e3o est\u00e1 na lista de empresas que n\u00e3o testam em animais da PETA, pois a organiza\u00e7\u00e3o focada no direito dos animais havia inclu\u00eddo a Avon na lista de empresas que vendem produtos na <strong>China,<\/strong> e por isso testa alguns produtos em animais devido a regulamenta\u00e7\u00e3o do Pa\u00eds.<\/p>\n<p>Apesar disso, a Avon afirma em seu site que j\u00e1 foi retirada dessa lista, pois n\u00e3o faz mais <strong>testes em animais.<\/strong><\/p>\n\t<div data-element=\"shortcode-read-more\" class=\"knowMore\">\n\t\t\t\t<span class=\"knowMore__title\">Leia tamb\u00e9m<\/span>\n\t\t\t\t<a class=\"knowMore__link\" href=\"https:\/\/www.suno.com.br\/noticias\/do-picpay-a-avon-as-marcas-que-apostam-no-bbb-21\/\">\n\t\t\tDo PicPay \u00e0 Avon, as marcas que apostam no BBB 21\t\t<\/a>\n\t<\/div>\n\n\n<p>Al\u00e9m disso, a marca <strong>Lez Earle<\/strong>, que era da Avon, mas foi vendida h\u00e1 algum tempo, n\u00e3o testa em animais e \u00e9 cerificada pela PETA.<\/p>\n<p>Al\u00e9m de n\u00e3o testar os produtos em animais, a <strong>Lez Earle <\/strong>tamb\u00e9m n\u00e3o testa os ingredientes atrav\u00e9s desse m\u00e9todo, assim como seus fornecedores ou terceiros. Contudo, a empresa n\u00e3o \u00e9 100% vegana.<\/p>\n<h3><strong>Dove, da Unilever (ULEV34)<\/strong><\/h3>\n<p>A marca <strong>Dove,<\/strong> da <strong>Unilever (ULEV34),<\/strong> n\u00e3o testa seus produtos em bichinhos e estampa o selo cruelty-free da PETA.<\/p>\n<p>Entretanto, a Unilever n\u00e3o possui o selo, pois algumas outras <strong>marcas sob seu guarda-chuva<\/strong> ainda fazem testes em animais.<\/p>\n<p>Em seu site, a dona da Dove explica que desde 2004 cumpre o banimento desses testes na <strong>Europa,<\/strong> e apoia a iniciativa. No entanto, em alguns mercados em que a companhia atua, parte dos insumos usados para produ\u00e7\u00e3o do produto podem ser testados em animais pelos fornecedores.<\/p>\n\t<div data-element=\"shortcode-read-more\" class=\"knowMore\">\n\t\t\t\t<span class=\"knowMore__title\">Veja tamb\u00e9m<\/span>\n\t\t\t\t<a class=\"knowMore__link\" href=\"https:\/\/www.suno.com.br\/noticias\/unilever-supera-previsoes-mercado-lucra-coronavirus\/\">\n\t\t\tUnilever supera as previs\u00f5es do mercado e lucra com coronav\u00edrus\t\t<\/a>\n\t<\/div>\n\n\n<p>Mas al\u00e9m da Dove, h\u00e1 outras marcas da Unilever que n\u00e3o fazem testes em bichinhos.<\/p>\n\t<p>\n\t\t<a href=\"https:\/\/lp.suno.com.br\/planilha-da-vida-financeira\/\" target=\"_blank\" data-element=\"shortcode-suno-banner\" title=\"Banner SUNO, clique e saiba mais\">\n\t\t\t<picture>\n\t\t\t\t<source media=\"(max-width: 500px)\" srcset=\"https:\/\/files.sunoresearch.com.br\/n\/uploads\/2023\/04\/400x300-Planilha-vida-financeira-true.png\">\n\t\t\t\t<img class=\"newsContent__article__imgCapa newsContent__article__imgCapa--banner\"\n\t\t\t\t\tsrc=\"https:\/\/files.sunoresearch.com.br\/n\/uploads\/2023\/04\/1420x240-Planilha-vida-financeira-true.png\"\n\t\t\t\t\tdata-promo-id=\"106682\"\t\t\t\t\t\t\t\t\t\twidth='1420' height='240'\t\t\t\t\talt=\"https:\/\/files.sunoresearch.com.br\/n\/uploads\/2023\/04\/1420x240-Planilha-vida-financeira-true.png\"\n\t\t\t\t>\n\t\t\t<\/picture>\n\t\t<\/a>\n\t<\/p>\n\n\n<h3><strong>Johnson &amp; Johnson (JNJB34)<\/strong><\/h3>\n<p>Assim como a Natura, a <strong>Johnson<\/strong> <strong>&amp; Johnson (JNJB34)<\/strong> afirma n\u00e3o testar seus produtos em animais, mas tamb\u00e9m n\u00e3o \u00e9 reconhecida pela PETA como cruelty-free.<\/p>\n\t<div data-element=\"shortcode-read-more\" class=\"knowMore\">\n\t\t\t\t<span class=\"knowMore__title\">Leia tamb\u00e9m<\/span>\n\t\t\t\t<a class=\"knowMore__link\" href=\"https:\/\/www.suno.com.br\/noticias\/johnson-johnson-surpreende-em-lucro-liquido-e-receita-no-1o-trimestre\/\">\n\t\t\tJohnson &amp; Johnson surpreende em lucro l\u00edquido e receita no 1\u00ba trimestre\t\t<\/a>\n\t<\/div>\n\n\n<p>A empresa explica que em nenhum de seus produtos cosm\u00e9ticos \u00e9 testado em animais, a n\u00e3o ser em situa\u00e7\u00f5es em que o regulamento exige.<\/p>\n<h3><strong>Urban Decay da L&#8217;Or\u00e9al<\/strong><\/h3>\n<p>Outra empresa, que assim como a Natura, n\u00e3o faz testes em animais \u00e9 a <strong>Urban Decay,<\/strong> da <strong>L&#8217;Or\u00e9al<\/strong> (<a href=\"https:\/\/www.suno.com.br\/artigos\/euronext\/#:~:text=A%20Euronext%20%C3%A9%20uma%20bolsa,Bruxelas%20e%20a%20de%20Amsterd%C3%A3.\">Euronext<\/a>: OR). Desse modo, a Urban Decay possui o logo PETA<\/p>\n<p>Por sua vez, a<a href=\"https:\/\/www.suno.com.br\/artigos\/o-que-e-uma-holding\/\"> empresa m\u00e3e<\/a>, a L&#8217;Or\u00e9al ainda n\u00e3o possui o selo, mas afirma que se preocupa com o<strong> bem-estar dos animais<\/strong>.<\/p>\n<p>Al\u00e9m disso, a companhia desenvolve pele humana reconstru\u00edda, e assim pode ver como os seus produtos se comportam na pele humana, sem precisar fazer testes em animais.<\/p>\n<h3><strong>Natura (NTCO3)<\/strong><\/h3>\n<p>Por sua vez, a Natura (<strong>NTCO3<\/strong>) n\u00e3o testa seus produtos em animais desde 2006, e n\u00e3o compra nenhum ingrediente que tenha passado por esse tipo de teste, de acordo com seu site.<\/p>\n<p>A companhia que tamb\u00e9m estampa o selo PETA, foi certificada em 2018 pela <strong>Cruelty Free International<\/strong> com o selo The <strong>Leaping Bunny,<\/strong> e isso fez com que a Natura fosse a primeira companhia da Am\u00e9rica Latina a ter essa certifica\u00e7\u00e3o, de acordo com seu site.<\/p>\n\t<div data-element=\"shortcode-read-more\" class=\"knowMore\">\n\t\t\t\t<span class=\"knowMore__title\">Leia tamb\u00e9m<\/span>\n\t\t\t\t<a class=\"knowMore__link\" href=\"https:\/\/www.suno.com.br\/noticias\/natura-ntco3-esg-emissao-notas-1-bilhao\/\">\n\t\t\tNatura (NTCO3) conclui emiss\u00e3o de US$ 1 bilh\u00e3o em notas ESG\t\t<\/a>\n\t<\/div>\n\n\n<p>Embora apenas 80% dos produtos da Natura sejam <strong>testados em animais<\/strong>, 100% do seu portf\u00f3lio \u00e9 vegetariano, ou seja, n\u00e3o usam ingredientes que envolva a morte de animais.<\/p>\n<p>Com informa\u00e7\u00f5es da Ag\u00eancia Brasil<\/p>\n\t<p>\n\t\t<a href=\"https:\/\/lp.suno.com.br\/planilha-de-controle-de-investimentos\/\" target=\"_blank\" data-element=\"shortcode-suno-banner\" title=\"Banner SUNO, clique e saiba mais\">\n\t\t\t<picture>\n\t\t\t\t<source media=\"(max-width: 500px)\" srcset=\"https:\/\/files.sunoresearch.com.br\/n\/uploads\/2023\/03\/400x300-Controle-de-Investimentos.png\">\n\t\t\t\t<img class=\"newsContent__article__imgCapa newsContent__article__imgCapa--banner\"\n\t\t\t\t\tsrc=\"https:\/\/files.sunoresearch.com.br\/n\/uploads\/2023\/03\/1420x240-Controle-de-Investimentos.png\"\n\t\t\t\t\tdata-promo-id=\"75934\"\t\t\t\t\t\t\t\t\t\twidth='1420' height='240'\t\t\t\t\talt=\"https:\/\/files.sunoresearch.com.br\/n\/uploads\/2023\/03\/1420x240-Controle-de-Investimentos.png\"\n\t\t\t\t>\n\t\t\t<\/picture>\n\t\t<\/a>\n\t<\/p>\n\n\n","protected":false},"excerpt":{"rendered":"<p>O Supremo Tribunal Federal (STF) decidiu nesta sexta-feira (27) manter a proibi\u00e7\u00e3o da utiliza\u00e7\u00e3o de animais em testes experimentais de cosm\u00e9ticos, produtos de higiene pessoal e de limpeza no estado do Rio de Janeiro. testes em animais. Foto: Pixabay De acordo com a Ag\u00eancia Brasil, a decis\u00e3o sobre os testes em animais foi aprovada por [&hellip;]<\/p>\n","protected":false},"author":56,"featured_media":151799,"comment_status":"closed","ping_status":"closed","sticky":false,"template":"","format":"standard","meta":[],"categories":[64],"tags":[802,785],"suno_strategy":[],"class_list":["post-151741","post","type-post","status-publish","format-standard","has-post-thumbnail","hentry","category-negocios","tag-rio-de-janeiro","tag-supremo-tribunal-federal-stf"],"yoast_head":"<!-- This site is optimized with the Yoast SEO plugin v24.4 - https:\/\/yoast.com\/wordpress\/plugins\/seo\/ -->\n<title>STF mant\u00e9m lei que pro\u00edbe uso de animais em teste de cosm\u00e9ticos no Rio<\/title>\n<meta name=\"description\" content=\"O uso de animais em testes experimentais de cosm\u00e9ticos, produtos de higiene pessoal e de limpeza foram proibidos. Clique aqui para saber mais.\" \/>\n<meta name=\"robots\" content=\"index, follow, max-snippet:-1, max-image-preview:large, max-video-preview:-1\" \/>\n<link rel=\"canonical\" href=\"https:\/\/www.suno.com.br\/noticias\/stf-mantem-lei-proibe-uso-animais-teste-cosmeticos-rio\/\" \/>\n<meta property=\"og:locale\" content=\"pt_BR\" \/>\n<meta property=\"og:type\" content=\"article\" \/>\n<meta property=\"og:title\" content=\"STF mant\u00e9m lei que pro\u00edbe uso de animais em teste de cosm\u00e9ticos no Rio\" \/>\n<meta property=\"og:description\" content=\"O uso de animais em testes experimentais de cosm\u00e9ticos, produtos de higiene pessoal e de limpeza foram proibidos. Clique aqui para saber mais.\" \/>\n<meta property=\"og:url\" content=\"https:\/\/www.suno.com.br\/noticias\/stf-mantem-lei-proibe-uso-animais-teste-cosmeticos-rio\/\" \/>\n<meta property=\"og:site_name\" content=\"Suno Not\u00edcias\" \/>\n<meta property=\"article:publisher\" content=\"https:\/\/facebook.com\/sunoresearch\" \/>\n<meta property=\"og:image\" content=\"https:\/\/files.sunoresearch.com.br\/n\/uploads\/2021\/05\/814fc8d9-rabbit-694919_1280.jpg\" \/>\n\t<meta property=\"og:image:width\" content=\"1280\" \/>\n\t<meta property=\"og:image:height\" content=\"854\" \/>\n\t<meta property=\"og:image:type\" content=\"image\/jpeg\" \/>\n<meta name=\"author\" content=\"Rafaela La Regina\" \/>\n<meta name=\"twitter:card\" content=\"summary_large_image\" \/>\n<meta name=\"twitter:creator\" content=\"@sunoresearch\" \/>\n<meta name=\"twitter:site\" content=\"@sunoresearch\" \/>\n<meta name=\"twitter:label1\" content=\"Escrito por\" \/>\n\t<meta name=\"twitter:data1\" content=\"Rafaela La Regina\" \/>\n\t<meta name=\"twitter:label2\" content=\"Est. tempo de leitura\" \/>\n\t<meta name=\"twitter:data2\" content=\"4 minutos\" \/>\n<script type=\"application\/ld+json\" class=\"yoast-schema-graph\">{\"@context\":\"https:\/\/schema.org\",\"@graph\":[{\"@type\":\"NewsArticle\",\"@id\":\"https:\/\/www.suno.com.br\/noticias\/stf-mantem-lei-proibe-uso-animais-teste-cosmeticos-rio\/#article\",\"isPartOf\":{\"@id\":\"https:\/\/www.suno.com.br\/noticias\/stf-mantem-lei-proibe-uso-animais-teste-cosmeticos-rio\/\"},\"author\":{\"name\":\"Rafaela La Regina\",\"@id\":\"https:\/\/www.suno.com.br\/noticias\/#\/schema\/person\/e672ca8cea627fe715fa29bca7da95e0\"},\"headline\":\"STF mant\u00e9m lei que pro\u00edbe uso de animais em testes de cosm\u00e9ticos no Rio\",\"datePublished\":\"2021-05-28T17:54:41+00:00\",\"mainEntityOfPage\":{\"@id\":\"https:\/\/www.suno.com.br\/noticias\/stf-mantem-lei-proibe-uso-animais-teste-cosmeticos-rio\/\"},\"wordCount\":903,\"publisher\":{\"@id\":\"https:\/\/www.suno.com.br\/noticias\/#organization\"},\"image\":{\"@id\":\"https:\/\/www.suno.com.br\/noticias\/stf-mantem-lei-proibe-uso-animais-teste-cosmeticos-rio\/#primaryimage\"},\"thumbnailUrl\":\"https:\/\/files.sunoresearch.com.br\/n\/uploads\/2021\/05\/814fc8d9-rabbit-694919_1280-jpg.webp\",\"keywords\":[\"Rio de Janeiro\",\"Supremo Tribunal Federal (STF)\"],\"articleSection\":[\"Neg\u00f3cios\"],\"inLanguage\":\"pt-BR\"},{\"@type\":\"WebPage\",\"@id\":\"https:\/\/www.suno.com.br\/noticias\/stf-mantem-lei-proibe-uso-animais-teste-cosmeticos-rio\/\",\"url\":\"https:\/\/www.suno.com.br\/noticias\/stf-mantem-lei-proibe-uso-animais-teste-cosmeticos-rio\/\",\"name\":\"STF mant\u00e9m lei que pro\u00edbe uso de animais em teste de cosm\u00e9ticos no Rio\",\"isPartOf\":{\"@id\":\"https:\/\/www.suno.com.br\/noticias\/#website\"},\"primaryImageOfPage\":{\"@id\":\"https:\/\/www.suno.com.br\/noticias\/stf-mantem-lei-proibe-uso-animais-teste-cosmeticos-rio\/#primaryimage\"},\"image\":{\"@id\":\"https:\/\/www.suno.com.br\/noticias\/stf-mantem-lei-proibe-uso-animais-teste-cosmeticos-rio\/#primaryimage\"},\"thumbnailUrl\":\"https:\/\/files.sunoresearch.com.br\/n\/uploads\/2021\/05\/814fc8d9-rabbit-694919_1280-jpg.webp\",\"datePublished\":\"2021-05-28T17:54:41+00:00\",\"description\":\"O uso de animais em testes experimentais de cosm\u00e9ticos, produtos de higiene pessoal e de limpeza foram proibidos. Clique aqui para saber mais.\",\"breadcrumb\":{\"@id\":\"https:\/\/www.suno.com.br\/noticias\/stf-mantem-lei-proibe-uso-animais-teste-cosmeticos-rio\/#breadcrumb\"},\"inLanguage\":\"pt-BR\",\"potentialAction\":[{\"@type\":\"ReadAction\",\"target\":[\"https:\/\/www.suno.com.br\/noticias\/stf-mantem-lei-proibe-uso-animais-teste-cosmeticos-rio\/\"]}]},{\"@type\":\"ImageObject\",\"inLanguage\":\"pt-BR\",\"@id\":\"https:\/\/www.suno.com.br\/noticias\/stf-mantem-lei-proibe-uso-animais-teste-cosmeticos-rio\/#primaryimage\",\"url\":\"https:\/\/files.sunoresearch.com.br\/n\/uploads\/2021\/05\/814fc8d9-rabbit-694919_1280-jpg.webp\",\"contentUrl\":\"https:\/\/files.sunoresearch.com.br\/n\/uploads\/2021\/05\/814fc8d9-rabbit-694919_1280-jpg.webp\",\"width\":1280,\"height\":854,\"caption\":\"testes em animais. Foto: Pixabay\"},{\"@type\":\"BreadcrumbList\",\"@id\":\"https:\/\/www.suno.com.br\/noticias\/stf-mantem-lei-proibe-uso-animais-teste-cosmeticos-rio\/#breadcrumb\",\"itemListElement\":[{\"@type\":\"ListItem\",\"position\":1,\"name\":\"Not\u00edcias\",\"item\":\"https:\/\/www.suno.com.br\/noticias\/\"},{\"@type\":\"ListItem\",\"position\":2,\"name\":\"Neg\u00f3cios\",\"item\":\"https:\/\/www.suno.com.br\/noticias\/negocios\/\"},{\"@type\":\"ListItem\",\"position\":3,\"name\":\"STF mant\u00e9m lei que pro\u00edbe uso de animais em testes de cosm\u00e9ticos no Rio\"}]},{\"@type\":\"WebSite\",\"@id\":\"https:\/\/www.suno.com.br\/noticias\/#website\",\"url\":\"https:\/\/www.suno.com.br\/noticias\/\",\"name\":\"Suno Not\u00edcias\",\"description\":\"Seu portal de informa\u00e7\u00e3o sobre o mundo dos investimentos\",\"publisher\":{\"@id\":\"https:\/\/www.suno.com.br\/noticias\/#organization\"},\"potentialAction\":[{\"@type\":\"SearchAction\",\"target\":{\"@type\":\"EntryPoint\",\"urlTemplate\":\"https:\/\/www.suno.com.br\/noticias\/?s={search_term_string}\"},\"query-input\":{\"@type\":\"PropertyValueSpecification\",\"valueRequired\":true,\"valueName\":\"search_term_string\"}}],\"inLanguage\":\"pt-BR\"},{\"@type\":\"Organization\",\"@id\":\"https:\/\/www.suno.com.br\/noticias\/#organization\",\"name\":\"Suno Not\u00edcias\",\"url\":\"https:\/\/www.suno.com.br\/noticias\/\",\"logo\":{\"@type\":\"ImageObject\",\"inLanguage\":\"pt-BR\",\"@id\":\"https:\/\/www.suno.com.br\/noticias\/#\/schema\/logo\/image\/\",\"url\":\"https:\/\/files.sunoresearch.com.br\/n\/uploads\/2021\/09\/suno-logo.png\",\"contentUrl\":\"https:\/\/files.sunoresearch.com.br\/n\/uploads\/2021\/09\/suno-logo.png\",\"width\":180,\"height\":180,\"caption\":\"Suno Not\u00edcias\"},\"image\":{\"@id\":\"https:\/\/www.suno.com.br\/noticias\/#\/schema\/logo\/image\/\"},\"sameAs\":[\"https:\/\/facebook.com\/sunoresearch\",\"https:\/\/x.com\/sunoresearch\",\"https:\/\/www.instagram.com\/suno\",\"https:\/\/www.linkedin.com\/company\/suno-research\/\",\"https:\/\/www.youtube.com\/c\/sunoresearch\"]},{\"@type\":\"Person\",\"@id\":\"https:\/\/www.suno.com.br\/noticias\/#\/schema\/person\/e672ca8cea627fe715fa29bca7da95e0\",\"name\":\"Rafaela La Regina\",\"image\":{\"@type\":\"ImageObject\",\"inLanguage\":\"pt-BR\",\"@id\":\"https:\/\/www.suno.com.br\/noticias\/#\/schema\/person\/image\/\",\"url\":\"https:\/\/secure.gravatar.com\/avatar\/d2c75a52d243deb93d0465fdcb21bd37?s=96&r=g\",\"contentUrl\":\"https:\/\/secure.gravatar.com\/avatar\/d2c75a52d243deb93d0465fdcb21bd37?s=96&r=g\",\"caption\":\"Rafaela La Regina\"},\"description\":\"Estagi\u00e1ria no Suno Not\u00edcias. Escreve sobre economia, pol\u00edtica e neg\u00f3cios. Estuda Rela\u00e7\u00f5es Internacionais no IBMEC-SP.\",\"url\":\"https:\/\/www.suno.com.br\/noticias\/author\/rafaela-la-regina\/\"}]}<\/script>\n<!-- \/ Yoast SEO plugin. -->","yoast_head_json":{"title":"STF mant\u00e9m lei que pro\u00edbe uso de animais em teste de cosm\u00e9ticos no Rio","description":"O uso de animais em testes experimentais de cosm\u00e9ticos, produtos de higiene pessoal e de limpeza foram proibidos. Clique aqui para saber mais.","robots":{"index":"index","follow":"follow","max-snippet":"max-snippet:-1","max-image-preview":"max-image-preview:large","max-video-preview":"max-video-preview:-1"},"canonical":"https:\/\/www.suno.com.br\/noticias\/stf-mantem-lei-proibe-uso-animais-teste-cosmeticos-rio\/","og_locale":"pt_BR","og_type":"article","og_title":"STF mant\u00e9m lei que pro\u00edbe uso de animais em teste de cosm\u00e9ticos no Rio","og_description":"O uso de animais em testes experimentais de cosm\u00e9ticos, produtos de higiene pessoal e de limpeza foram proibidos. Clique aqui para saber mais.","og_url":"https:\/\/www.suno.com.br\/noticias\/stf-mantem-lei-proibe-uso-animais-teste-cosmeticos-rio\/","og_site_name":"Suno Not\u00edcias","article_publisher":"https:\/\/facebook.com\/sunoresearch","og_image":[{"width":1280,"height":854,"url":"https:\/\/files.sunoresearch.com.br\/n\/uploads\/2021\/05\/814fc8d9-rabbit-694919_1280.jpg","type":"image\/jpeg"}],"author":"Rafaela La Regina","twitter_card":"summary_large_image","twitter_creator":"@sunoresearch","twitter_site":"@sunoresearch","twitter_misc":{"Escrito por":"Rafaela La Regina","Est. tempo de leitura":"4 minutos"},"schema":{"@context":"https:\/\/schema.org","@graph":[{"@type":"NewsArticle","@id":"https:\/\/www.suno.com.br\/noticias\/stf-mantem-lei-proibe-uso-animais-teste-cosmeticos-rio\/#article","isPartOf":{"@id":"https:\/\/www.suno.com.br\/noticias\/stf-mantem-lei-proibe-uso-animais-teste-cosmeticos-rio\/"},"author":{"name":"Rafaela La Regina","@id":"https:\/\/www.suno.com.br\/noticias\/#\/schema\/person\/e672ca8cea627fe715fa29bca7da95e0"},"headline":"STF mant\u00e9m lei que pro\u00edbe uso de animais em testes de cosm\u00e9ticos no Rio","datePublished":"2021-05-28T17:54:41+00:00","mainEntityOfPage":{"@id":"https:\/\/www.suno.com.br\/noticias\/stf-mantem-lei-proibe-uso-animais-teste-cosmeticos-rio\/"},"wordCount":903,"publisher":{"@id":"https:\/\/www.suno.com.br\/noticias\/#organization"},"image":{"@id":"https:\/\/www.suno.com.br\/noticias\/stf-mantem-lei-proibe-uso-animais-teste-cosmeticos-rio\/#primaryimage"},"thumbnailUrl":"https:\/\/files.sunoresearch.com.br\/n\/uploads\/2021\/05\/814fc8d9-rabbit-694919_1280-jpg.webp","keywords":["Rio de Janeiro","Supremo Tribunal Federal (STF)"],"articleSection":["Neg\u00f3cios"],"inLanguage":"pt-BR"},{"@type":"WebPage","@id":"https:\/\/www.suno.com.br\/noticias\/stf-mantem-lei-proibe-uso-animais-teste-cosmeticos-rio\/","url":"https:\/\/www.suno.com.br\/noticias\/stf-mantem-lei-proibe-uso-animais-teste-cosmeticos-rio\/","name":"STF mant\u00e9m lei que pro\u00edbe uso de animais em teste de cosm\u00e9ticos no Rio","isPartOf":{"@id":"https:\/\/www.suno.com.br\/noticias\/#website"},"primaryImageOfPage":{"@id":"https:\/\/www.suno.com.br\/noticias\/stf-mantem-lei-proibe-uso-animais-teste-cosmeticos-rio\/#primaryimage"},"image":{"@id":"https:\/\/www.suno.com.br\/noticias\/stf-mantem-lei-proibe-uso-animais-teste-cosmeticos-rio\/#primaryimage"},"thumbnailUrl":"https:\/\/files.sunoresearch.com.br\/n\/uploads\/2021\/05\/814fc8d9-rabbit-694919_1280-jpg.webp","datePublished":"2021-05-28T17:54:41+00:00","description":"O uso de animais em testes experimentais de cosm\u00e9ticos, produtos de higiene pessoal e de limpeza foram proibidos. Clique aqui para saber mais.","breadcrumb":{"@id":"https:\/\/www.suno.com.br\/noticias\/stf-mantem-lei-proibe-uso-animais-teste-cosmeticos-rio\/#breadcrumb"},"inLanguage":"pt-BR","potentialAction":[{"@type":"ReadAction","target":["https:\/\/www.suno.com.br\/noticias\/stf-mantem-lei-proibe-uso-animais-teste-cosmeticos-rio\/"]}]},{"@type":"ImageObject","inLanguage":"pt-BR","@id":"https:\/\/www.suno.com.br\/noticias\/stf-mantem-lei-proibe-uso-animais-teste-cosmeticos-rio\/#primaryimage","url":"https:\/\/files.sunoresearch.com.br\/n\/uploads\/2021\/05\/814fc8d9-rabbit-694919_1280-jpg.webp","contentUrl":"https:\/\/files.sunoresearch.com.br\/n\/uploads\/2021\/05\/814fc8d9-rabbit-694919_1280-jpg.webp","width":1280,"height":854,"caption":"testes em animais. Foto: Pixabay"},{"@type":"BreadcrumbList","@id":"https:\/\/www.suno.com.br\/noticias\/stf-mantem-lei-proibe-uso-animais-teste-cosmeticos-rio\/#breadcrumb","itemListElement":[{"@type":"ListItem","position":1,"name":"Not\u00edcias","item":"https:\/\/www.suno.com.br\/noticias\/"},{"@type":"ListItem","position":2,"name":"Neg\u00f3cios","item":"https:\/\/www.suno.com.br\/noticias\/negocios\/"},{"@type":"ListItem","position":3,"name":"STF mant\u00e9m lei que pro\u00edbe uso de animais em testes de cosm\u00e9ticos no Rio"}]},{"@type":"WebSite","@id":"https:\/\/www.suno.com.br\/noticias\/#website","url":"https:\/\/www.suno.com.br\/noticias\/","name":"Suno Not\u00edcias","description":"Seu portal de informa\u00e7\u00e3o sobre o mundo dos investimentos","publisher":{"@id":"https:\/\/www.suno.com.br\/noticias\/#organization"},"potentialAction":[{"@type":"SearchAction","target":{"@type":"EntryPoint","urlTemplate":"https:\/\/www.suno.com.br\/noticias\/?s={search_term_string}"},"query-input":{"@type":"PropertyValueSpecification","valueRequired":true,"valueName":"search_term_string"}}],"inLanguage":"pt-BR"},{"@type":"Organization","@id":"https:\/\/www.suno.com.br\/noticias\/#organization","name":"Suno Not\u00edcias","url":"https:\/\/www.suno.com.br\/noticias\/","logo":{"@type":"ImageObject","inLanguage":"pt-BR","@id":"https:\/\/www.suno.com.br\/noticias\/#\/schema\/logo\/image\/","url":"https:\/\/files.sunoresearch.com.br\/n\/uploads\/2021\/09\/suno-logo.png","contentUrl":"https:\/\/files.sunoresearch.com.br\/n\/uploads\/2021\/09\/suno-logo.png","width":180,"height":180,"caption":"Suno Not\u00edcias"},"image":{"@id":"https:\/\/www.suno.com.br\/noticias\/#\/schema\/logo\/image\/"},"sameAs":["https:\/\/facebook.com\/sunoresearch","https:\/\/x.com\/sunoresearch","https:\/\/www.instagram.com\/suno","https:\/\/www.linkedin.com\/company\/suno-research\/","https:\/\/www.youtube.com\/c\/sunoresearch"]},{"@type":"Person","@id":"https:\/\/www.suno.com.br\/noticias\/#\/schema\/person\/e672ca8cea627fe715fa29bca7da95e0","name":"Rafaela La Regina","image":{"@type":"ImageObject","inLanguage":"pt-BR","@id":"https:\/\/www.suno.com.br\/noticias\/#\/schema\/person\/image\/","url":"https:\/\/secure.gravatar.com\/avatar\/d2c75a52d243deb93d0465fdcb21bd37?s=96&r=g","contentUrl":"https:\/\/secure.gravatar.com\/avatar\/d2c75a52d243deb93d0465fdcb21bd37?s=96&r=g","caption":"Rafaela La Regina"},"description":"Estagi\u00e1ria no Suno Not\u00edcias. Escreve sobre economia, pol\u00edtica e neg\u00f3cios. Estuda Rela\u00e7\u00f5es Internacionais no IBMEC-SP.","url":"https:\/\/www.suno.com.br\/noticias\/author\/rafaela-la-regina\/"}]}},"default_loop_html":"<div class=\"cardsPage__listCard__boxs\"><div class=\"cardsPage__listCard__boxs__img\"><a href=\"https:\/\/www.suno.com.br\/noticias\/stf-mantem-lei-proibe-uso-animais-teste-cosmeticos-rio\/\"><img class=\"mask\" src=\"https:\/\/www.suno.com.br\/noticias\/wp-content\/themes\/suno\/resources\/images\/spotlight\/spotlight1img\/bg-mask.png\" alt=\"Image Mask\"\/><img src=\"https:\/\/files.sunoresearch.com.br\/n\/uploads\/2021\/05\/814fc8d9-rabbit-694919_1280-400x200.webp\" alt=\"STF mant\u00e9m lei que pro\u00edbe uso de animais em testes de cosm\u00e9ticos no Rio\"\/><\/a><span class=\"spotlightCategory\"><a href=\"https:\/\/www.suno.com.br\/noticias\/negocios\/\">Neg\u00f3cios<\/a><\/span><\/div><div class=\"cardsPage__listCard__boxs__content\"><a href=\"https:\/\/www.suno.com.br\/noticias\/stf-mantem-lei-proibe-uso-animais-teste-cosmeticos-rio\/\"><h2 class=\"content__title\">STF mant\u00e9m lei que pro\u00edbe uso de animais em testes de cosm\u00e9ticos no Rio<\/h2><\/a><div class=\"newsContent__article__meta\"><div class=\"newsContent__article__meta__authorBox\"><a href=\"https:\/\/www.suno.com.br\/noticias\/author\/rafaela-la-regina\/\" class=\"authorBox__avatar noMobi\"><img src=\"https:\/\/secure.gravatar.com\/avatar\/d2c75a52d243deb93d0465fdcb21bd37?s=96&#038;r=g\" alt=\"Rafaela La Regina\"><\/a><div class=\"authorBox__name\"><span>por\n\t\t\t<a href=\"https:\/\/www.suno.com.br\/noticias\/author\/rafaela-la-regina\/\"><span itemprop=\"author\">Rafaela La Regina<\/span><\/a><\/span><time datetime=\"2021-05-28T14:54:41-03:00\" itemprop=\"datePublished\">28\/05\/2021 14:54<\/time><\/div><\/div><\/div><\/div><\/div>","single_layout":"posts","amp_enabled":true,"_links":{"self":[{"href":"https:\/\/www.suno.com.br\/noticias\/wp-json\/wp\/v2\/posts\/151741"}],"collection":[{"href":"https:\/\/www.suno.com.br\/noticias\/wp-json\/wp\/v2\/posts"}],"about":[{"href":"https:\/\/www.suno.com.br\/noticias\/wp-json\/wp\/v2\/types\/post"}],"author":[{"embeddable":true,"href":"https:\/\/www.suno.com.br\/noticias\/wp-json\/wp\/v2\/users\/56"}],"replies":[{"embeddable":true,"href":"https:\/\/www.suno.com.br\/noticias\/wp-json\/wp\/v2\/comments?post=151741"}],"version-history":[{"count":1,"href":"https:\/\/www.suno.com.br\/noticias\/wp-json\/wp\/v2\/posts\/151741\/revisions"}],"predecessor-version":[{"id":151800,"href":"https:\/\/www.suno.com.br\/noticias\/wp-json\/wp\/v2\/posts\/151741\/revisions\/151800"}],"wp:featuredmedia":[{"embeddable":true,"href":"https:\/\/www.suno.com.br\/noticias\/wp-json\/wp\/v2\/media\/151799"}],"wp:attachment":[{"href":"https:\/\/www.suno.com.br\/noticias\/wp-json\/wp\/v2\/media?parent=151741"}],"wp:term":[{"taxonomy":"category","embeddable":true,"href":"https:\/\/www.suno.com.br\/noticias\/wp-json\/wp\/v2\/categories?post=151741"},{"taxonomy":"post_tag","embeddable":true,"href":"https:\/\/www.suno.com.br\/noticias\/wp-json\/wp\/v2\/tags?post=151741"},{"taxonomy":"suno_strategy","embeddable":true,"href":"https:\/\/www.suno.com.br\/noticias\/wp-json\/wp\/v2\/suno_strategy?post=151741"}],"curies":[{"name":"wp","href":"https:\/\/api.w.org\/{rel}","templated":true}]}}