{"id":15153,"date":"2019-02-13T12:19:19","date_gmt":"2019-02-13T14:19:19","guid":{"rendered":"https:\/\/www.suno.com.br\/noticias\/?p=15153"},"modified":"2019-02-13T13:00:51","modified_gmt":"2019-02-13T15:00:51","slug":"presidente-bolsonaro-liberado-pelos-medicos","status":"publish","type":"post","link":"https:\/\/www.suno.com.br\/noticias\/presidente-bolsonaro-liberado-pelos-medicos\/","title":{"rendered":"Presidente Bolsonaro \u00e9 liberado pelos m\u00e9dicos e volta para Bras\u00edlia"},"content":{"rendered":"<p>O presidente Jair Bolsonaro foi liberado pelos m\u00e9dicos do hospital <strong>Albert Einstein<\/strong> na manh\u00e3 desta quarta-feira (13).<\/p>\t<div class=\"wrapper-featured-image\">\n\t\t<figure class=\"spotlightImg\">\n\n\t\t\t<picture>\n\t\t\t\t<source media=\"(max-width: 768px)\" srcset=\"https:\/\/files.sunoresearch.com.br\/n\/uploads\/2019\/01\/e9c048f9-reforma-da-previd\u00eancia-400x200.webp\">\n\t\t\t\t<img loading=\"lazy\" decoding=\"async\" class=\"newsContent__article__imgCapa lazyloadDisabled newsContent__article__imgCapa--noCaption\" src=\"https:\/\/files.sunoresearch.com.br\/n\/uploads\/2019\/01\/e9c048f9-reforma-da-previd\u00eancia-800x450.webp\" width=\"800\" height=\"450\" alt=\"Presidente Bolsonaro \u00e9 liberado pelos m\u00e9dicos e volta para Bras\u00edlia\" fetchpriority=high \/>\n\t\t\t<\/picture>\n\n\t\t\t<figcaption class=\"wp-caption-text wp-caption-text--hide\"> Jair Bolsonaro afirma que seu filho \u00e9 adequado para cargo de embaixador<\/figcaption>\n\t\t<\/figure>\n\t<\/div>\n\n\n<p>O presidente est\u00e1 se preparando para voltar de <strong>S\u00e3o Paulo<\/strong> para <strong>Bras\u00edlia<\/strong> ainda hoje. <strong>Bolsonaro<\/strong> passou por uma cirurgia para a retirada da <strong>bolsa de colostomia<\/strong> aplicada depois do atentado que sofreu no dia 6 de setembro. A opera\u00e7\u00e3o foi realizada no dia 28 de janeiro. A <strong>opera\u00e7\u00e3o<\/strong> a que o <strong>presidente<\/strong> foi submetido durou cerca de oito horas, em vez das tr\u00eas previstas inicialmente.<\/p>\n<p><a href=\"https:\/\/www.suno.com.br\/noticias\/cirurgia-bolsonaro-termina-8-horas\/\">Saiba mais: Cirurgia do presidente Jair Bolsonaro termina ap\u00f3s mais de 8 horas\u00a0<\/a><\/p>\n<p>As previs\u00f5es inciais eram que o <strong>presidente<\/strong> tivesse alta do hospital em at\u00e9 10 dias ap\u00f3s a cirurgia. Entretanto, <strong>Bolsonaro<\/strong> teve uma <strong>pneumonia<\/strong> que o obrigou a permanecer mais dias no <strong>hospital<\/strong> paulistano. A tomografia do t\u00f3rax e abdome mostrou que houve evolu\u00e7\u00e3o no quatro intestinal, mas tamb\u00e9m uma imagem compat\u00edvel com o problema respirat\u00f3rio.<\/p>\n<h2>O atentado que derrubou Bolsonaro<\/h2>\n<p>Jair Bolsonaro utilizava uma\u00a0<strong>bolsa de colostomia<\/strong> no abdome desde 6 de setembro de 2018. Os m\u00e9dicos o operaram ap\u00f3s ele receber uma facada de Ad\u00e9lio Bispo de Oliveira durante campanha eleitoral em Juiz de Fora (MG). Segundo investiga\u00e7\u00f5es da <strong>Pol\u00edcia Federal<\/strong>, o criminoso agiu sozinho.<\/p>\n<p>Desde o atentado, o <strong>presidente<\/strong> passou por tr\u00eas <strong>cirurgias<\/strong>. Essa \u00faltima cirurgia foi necess\u00e1ria para reconstruir o tr\u00e2nsito intestinal. O gabinete da <a href=\"http:\/\/www2.planalto.gov.br\/\"><strong>Presid\u00eancia da Rep\u00fablica<\/strong><\/a> foi transferido para o Hospital <strong>Albert Einstein<\/strong> e, de l\u00e1,\u00a0<strong>Bolsonaro<\/strong> fez seus despachos. Ele tamb\u00e9m aproveitou para anunciar futuras medidas de seu governo. Entre elas, novas regras para o tr\u00e2nsito, como a de ampliar o prazo de validade da Carteira Nacional de Habilita\u00e7\u00e3o (<strong>CNH<\/strong>), o fim da obrigatoriedade de simuladores em aulas de autoescola, revis\u00f5es no m\u00e9todo de emplacamento. Ele tamb\u00e9m anunciou o general do Ex\u00e9rcito Jesus Corr\u00eaa como novo presidente do Instituto Nacional de Coloniza\u00e7\u00e3o e Reforma Agr\u00e1ria (Incra) e mudan\u00e7as na Lei Rouanet.<\/p>\n","protected":false},"excerpt":{"rendered":"<p>O presidente Jair Bolsonaro foi liberado pelos m\u00e9dicos do hospital Albert Einstein na manh\u00e3 desta quarta-feira (13). Jair Bolsonaro afirma que seu filho \u00e9 adequado para cargo de embaixador O presidente est\u00e1 se preparando para voltar de S\u00e3o Paulo para Bras\u00edlia ainda hoje. Bolsonaro passou por uma cirurgia para a retirada da bolsa de colostomia [&hellip;]<\/p>\n","protected":false},"author":9,"featured_media":12180,"comment_status":"closed","ping_status":"closed","sticky":false,"template":"","format":"standard","meta":[],"categories":[61],"tags":[719,843],"suno_strategy":[],"class_list":["post-15153","post","type-post","status-publish","format-standard","has-post-thumbnail","hentry","category-politica","tag-jair-bolsonaro","tag-sao-paulo"],"yoast_head":"<!-- This site is optimized with the Yoast SEO plugin v24.4 - https:\/\/yoast.com\/wordpress\/plugins\/seo\/ -->\n<title>Presidente Bolsonaro \u00e9 liberado pelos m\u00e9dicos e volta para Bras\u00edlia<\/title>\n<meta name=\"description\" content=\"O presidente Bolsonaro foi liberado pelos m\u00e9dicos do hospital Albert Einstein na manh\u00e3 desta quarta-feira (13). Clique aqui para saber mais.\" \/>\n<meta name=\"robots\" content=\"index, follow, max-snippet:-1, max-image-preview:large, max-video-preview:-1\" \/>\n<link rel=\"canonical\" href=\"https:\/\/www.suno.com.br\/noticias\/presidente-bolsonaro-liberado-pelos-medicos\/\" \/>\n<meta property=\"og:locale\" content=\"pt_BR\" \/>\n<meta property=\"og:type\" content=\"article\" \/>\n<meta property=\"og:title\" content=\"Presidente Bolsonaro \u00e9 liberado pelos m\u00e9dicos e volta para Bras\u00edlia\" \/>\n<meta property=\"og:description\" content=\"O presidente Bolsonaro foi liberado pelos m\u00e9dicos do hospital Albert Einstein na manh\u00e3 desta quarta-feira (13). Clique aqui para saber mais.\" \/>\n<meta property=\"og:url\" content=\"https:\/\/www.suno.com.br\/noticias\/presidente-bolsonaro-liberado-pelos-medicos\/\" \/>\n<meta property=\"og:site_name\" content=\"Suno Not\u00edcias\" \/>\n<meta property=\"article:publisher\" content=\"https:\/\/facebook.com\/sunoresearch\" \/>\n<meta property=\"og:image\" content=\"https:\/\/files.sunoresearch.com.br\/n\/uploads\/2019\/01\/e9c048f9-reforma-da-previd\u00eancia.jpg\" \/>\n\t<meta property=\"og:image:width\" content=\"1140\" \/>\n\t<meta property=\"og:image:height\" content=\"760\" \/>\n\t<meta property=\"og:image:type\" content=\"image\/jpeg\" \/>\n<meta name=\"author\" content=\"Carlo Cauti\" \/>\n<meta name=\"twitter:card\" content=\"summary_large_image\" \/>\n<meta name=\"twitter:creator\" content=\"@sunoresearch\" \/>\n<meta name=\"twitter:site\" content=\"@sunoresearch\" \/>\n<meta name=\"twitter:label1\" content=\"Escrito por\" \/>\n\t<meta name=\"twitter:data1\" content=\"Carlo Cauti\" \/>\n\t<meta name=\"twitter:label2\" content=\"Est. tempo de leitura\" \/>\n\t<meta name=\"twitter:data2\" content=\"2 minutos\" \/>\n<script type=\"application\/ld+json\" class=\"yoast-schema-graph\">{\"@context\":\"https:\/\/schema.org\",\"@graph\":[{\"@type\":\"NewsArticle\",\"@id\":\"https:\/\/www.suno.com.br\/noticias\/presidente-bolsonaro-liberado-pelos-medicos\/#article\",\"isPartOf\":{\"@id\":\"https:\/\/www.suno.com.br\/noticias\/presidente-bolsonaro-liberado-pelos-medicos\/\"},\"author\":{\"name\":\"Carlo Cauti\",\"@id\":\"https:\/\/www.suno.com.br\/noticias\/#\/schema\/person\/e6e0f723cc177805027f4566c1d5e0c8\"},\"headline\":\"Presidente Bolsonaro \u00e9 liberado pelos m\u00e9dicos e volta para Bras\u00edlia\",\"datePublished\":\"2019-02-13T14:19:19+00:00\",\"dateModified\":\"2019-02-13T15:00:51+00:00\",\"mainEntityOfPage\":{\"@id\":\"https:\/\/www.suno.com.br\/noticias\/presidente-bolsonaro-liberado-pelos-medicos\/\"},\"wordCount\":351,\"publisher\":{\"@id\":\"https:\/\/www.suno.com.br\/noticias\/#organization\"},\"image\":{\"@id\":\"https:\/\/www.suno.com.br\/noticias\/presidente-bolsonaro-liberado-pelos-medicos\/#primaryimage\"},\"thumbnailUrl\":\"https:\/\/files.sunoresearch.com.br\/n\/uploads\/2019\/01\/e9c048f9-reforma-da-previd\u00eancia-jpg.webp\",\"keywords\":[\"Jair Bolsonaro\",\"S\u00e3o Paulo\"],\"articleSection\":[\"Pol\u00edtica\"],\"inLanguage\":\"pt-BR\"},{\"@type\":\"WebPage\",\"@id\":\"https:\/\/www.suno.com.br\/noticias\/presidente-bolsonaro-liberado-pelos-medicos\/\",\"url\":\"https:\/\/www.suno.com.br\/noticias\/presidente-bolsonaro-liberado-pelos-medicos\/\",\"name\":\"Presidente Bolsonaro \u00e9 liberado pelos m\u00e9dicos e volta para Bras\u00edlia\",\"isPartOf\":{\"@id\":\"https:\/\/www.suno.com.br\/noticias\/#website\"},\"primaryImageOfPage\":{\"@id\":\"https:\/\/www.suno.com.br\/noticias\/presidente-bolsonaro-liberado-pelos-medicos\/#primaryimage\"},\"image\":{\"@id\":\"https:\/\/www.suno.com.br\/noticias\/presidente-bolsonaro-liberado-pelos-medicos\/#primaryimage\"},\"thumbnailUrl\":\"https:\/\/files.sunoresearch.com.br\/n\/uploads\/2019\/01\/e9c048f9-reforma-da-previd\u00eancia-jpg.webp\",\"datePublished\":\"2019-02-13T14:19:19+00:00\",\"dateModified\":\"2019-02-13T15:00:51+00:00\",\"description\":\"O presidente Bolsonaro foi liberado pelos m\u00e9dicos do hospital Albert Einstein na manh\u00e3 desta quarta-feira (13). Clique aqui para saber mais.\",\"breadcrumb\":{\"@id\":\"https:\/\/www.suno.com.br\/noticias\/presidente-bolsonaro-liberado-pelos-medicos\/#breadcrumb\"},\"inLanguage\":\"pt-BR\",\"potentialAction\":[{\"@type\":\"ReadAction\",\"target\":[\"https:\/\/www.suno.com.br\/noticias\/presidente-bolsonaro-liberado-pelos-medicos\/\"]}]},{\"@type\":\"ImageObject\",\"inLanguage\":\"pt-BR\",\"@id\":\"https:\/\/www.suno.com.br\/noticias\/presidente-bolsonaro-liberado-pelos-medicos\/#primaryimage\",\"url\":\"https:\/\/files.sunoresearch.com.br\/n\/uploads\/2019\/01\/e9c048f9-reforma-da-previd\u00eancia-jpg.webp\",\"contentUrl\":\"https:\/\/files.sunoresearch.com.br\/n\/uploads\/2019\/01\/e9c048f9-reforma-da-previd\u00eancia-jpg.webp\",\"width\":1140,\"height\":760,\"caption\":\"Jair Bolsonaro afirma que seu filho \u00e9 adequado para cargo de embaixador\"},{\"@type\":\"BreadcrumbList\",\"@id\":\"https:\/\/www.suno.com.br\/noticias\/presidente-bolsonaro-liberado-pelos-medicos\/#breadcrumb\",\"itemListElement\":[{\"@type\":\"ListItem\",\"position\":1,\"name\":\"Not\u00edcias\",\"item\":\"https:\/\/www.suno.com.br\/noticias\/\"},{\"@type\":\"ListItem\",\"position\":2,\"name\":\"Pol\u00edtica\",\"item\":\"https:\/\/www.suno.com.br\/noticias\/politica\/\"},{\"@type\":\"ListItem\",\"position\":3,\"name\":\"Presidente Bolsonaro \u00e9 liberado pelos m\u00e9dicos e volta para Bras\u00edlia\"}]},{\"@type\":\"WebSite\",\"@id\":\"https:\/\/www.suno.com.br\/noticias\/#website\",\"url\":\"https:\/\/www.suno.com.br\/noticias\/\",\"name\":\"Suno Not\u00edcias\",\"description\":\"Seu portal de informa\u00e7\u00e3o sobre o mundo dos investimentos\",\"publisher\":{\"@id\":\"https:\/\/www.suno.com.br\/noticias\/#organization\"},\"potentialAction\":[{\"@type\":\"SearchAction\",\"target\":{\"@type\":\"EntryPoint\",\"urlTemplate\":\"https:\/\/www.suno.com.br\/noticias\/?s={search_term_string}\"},\"query-input\":{\"@type\":\"PropertyValueSpecification\",\"valueRequired\":true,\"valueName\":\"search_term_string\"}}],\"inLanguage\":\"pt-BR\"},{\"@type\":\"Organization\",\"@id\":\"https:\/\/www.suno.com.br\/noticias\/#organization\",\"name\":\"Suno Not\u00edcias\",\"url\":\"https:\/\/www.suno.com.br\/noticias\/\",\"logo\":{\"@type\":\"ImageObject\",\"inLanguage\":\"pt-BR\",\"@id\":\"https:\/\/www.suno.com.br\/noticias\/#\/schema\/logo\/image\/\",\"url\":\"https:\/\/files.sunoresearch.com.br\/n\/uploads\/2021\/09\/suno-logo.png\",\"contentUrl\":\"https:\/\/files.sunoresearch.com.br\/n\/uploads\/2021\/09\/suno-logo.png\",\"width\":180,\"height\":180,\"caption\":\"Suno Not\u00edcias\"},\"image\":{\"@id\":\"https:\/\/www.suno.com.br\/noticias\/#\/schema\/logo\/image\/\"},\"sameAs\":[\"https:\/\/facebook.com\/sunoresearch\",\"https:\/\/x.com\/sunoresearch\",\"https:\/\/www.instagram.com\/suno\",\"https:\/\/www.linkedin.com\/company\/suno-research\/\",\"https:\/\/www.youtube.com\/c\/sunoresearch\"]},{\"@type\":\"Person\",\"@id\":\"https:\/\/www.suno.com.br\/noticias\/#\/schema\/person\/e6e0f723cc177805027f4566c1d5e0c8\",\"name\":\"Carlo Cauti\",\"image\":{\"@type\":\"ImageObject\",\"inLanguage\":\"pt-BR\",\"@id\":\"https:\/\/www.suno.com.br\/noticias\/#\/schema\/person\/image\/\",\"url\":\"https:\/\/secure.gravatar.com\/avatar\/3ada9e0bd164c23abd4792a9606d583c?s=96&r=g\",\"contentUrl\":\"https:\/\/secure.gravatar.com\/avatar\/3ada9e0bd164c23abd4792a9606d583c?s=96&r=g\",\"caption\":\"Carlo Cauti\"},\"description\":\"Editor multim\u00eddia do SUNO Not\u00edcias. Italiano, formado em Ci\u00eancias Pol\u00edticas pela universidade LUISS G. Carli de Roma e mestre cum laude em Rela\u00e7\u00f5es Internacionais, Jornalismo Internacional e de Guerra e em Economia Internacional. Concluiu tamb\u00e9m um MBA em Finan\u00e7as na B3. No Brasil, teve passagem por ve\u00edculos como Estad\u00e3o, Globo, Veja e EXAME. e nas ag\u00eancias de not\u00edcias italianas ANSA e NOVA.\",\"url\":\"https:\/\/www.suno.com.br\/noticias\/author\/carlo-cauti\/\"}]}<\/script>\n<!-- \/ Yoast SEO plugin. -->","yoast_head_json":{"title":"Presidente Bolsonaro \u00e9 liberado pelos m\u00e9dicos e volta para Bras\u00edlia","description":"O presidente Bolsonaro foi liberado pelos m\u00e9dicos do hospital Albert Einstein na manh\u00e3 desta quarta-feira (13). Clique aqui para saber mais.","robots":{"index":"index","follow":"follow","max-snippet":"max-snippet:-1","max-image-preview":"max-image-preview:large","max-video-preview":"max-video-preview:-1"},"canonical":"https:\/\/www.suno.com.br\/noticias\/presidente-bolsonaro-liberado-pelos-medicos\/","og_locale":"pt_BR","og_type":"article","og_title":"Presidente Bolsonaro \u00e9 liberado pelos m\u00e9dicos e volta para Bras\u00edlia","og_description":"O presidente Bolsonaro foi liberado pelos m\u00e9dicos do hospital Albert Einstein na manh\u00e3 desta quarta-feira (13). Clique aqui para saber mais.","og_url":"https:\/\/www.suno.com.br\/noticias\/presidente-bolsonaro-liberado-pelos-medicos\/","og_site_name":"Suno Not\u00edcias","article_publisher":"https:\/\/facebook.com\/sunoresearch","og_image":[{"width":1140,"height":760,"url":"https:\/\/files.sunoresearch.com.br\/n\/uploads\/2019\/01\/e9c048f9-reforma-da-previd\u00eancia.jpg","type":"image\/jpeg"}],"author":"Carlo Cauti","twitter_card":"summary_large_image","twitter_creator":"@sunoresearch","twitter_site":"@sunoresearch","twitter_misc":{"Escrito por":"Carlo Cauti","Est. tempo de leitura":"2 minutos"},"schema":{"@context":"https:\/\/schema.org","@graph":[{"@type":"NewsArticle","@id":"https:\/\/www.suno.com.br\/noticias\/presidente-bolsonaro-liberado-pelos-medicos\/#article","isPartOf":{"@id":"https:\/\/www.suno.com.br\/noticias\/presidente-bolsonaro-liberado-pelos-medicos\/"},"author":{"name":"Carlo Cauti","@id":"https:\/\/www.suno.com.br\/noticias\/#\/schema\/person\/e6e0f723cc177805027f4566c1d5e0c8"},"headline":"Presidente Bolsonaro \u00e9 liberado pelos m\u00e9dicos e volta para Bras\u00edlia","datePublished":"2019-02-13T14:19:19+00:00","dateModified":"2019-02-13T15:00:51+00:00","mainEntityOfPage":{"@id":"https:\/\/www.suno.com.br\/noticias\/presidente-bolsonaro-liberado-pelos-medicos\/"},"wordCount":351,"publisher":{"@id":"https:\/\/www.suno.com.br\/noticias\/#organization"},"image":{"@id":"https:\/\/www.suno.com.br\/noticias\/presidente-bolsonaro-liberado-pelos-medicos\/#primaryimage"},"thumbnailUrl":"https:\/\/files.sunoresearch.com.br\/n\/uploads\/2019\/01\/e9c048f9-reforma-da-previd\u00eancia-jpg.webp","keywords":["Jair Bolsonaro","S\u00e3o Paulo"],"articleSection":["Pol\u00edtica"],"inLanguage":"pt-BR"},{"@type":"WebPage","@id":"https:\/\/www.suno.com.br\/noticias\/presidente-bolsonaro-liberado-pelos-medicos\/","url":"https:\/\/www.suno.com.br\/noticias\/presidente-bolsonaro-liberado-pelos-medicos\/","name":"Presidente Bolsonaro \u00e9 liberado pelos m\u00e9dicos e volta para Bras\u00edlia","isPartOf":{"@id":"https:\/\/www.suno.com.br\/noticias\/#website"},"primaryImageOfPage":{"@id":"https:\/\/www.suno.com.br\/noticias\/presidente-bolsonaro-liberado-pelos-medicos\/#primaryimage"},"image":{"@id":"https:\/\/www.suno.com.br\/noticias\/presidente-bolsonaro-liberado-pelos-medicos\/#primaryimage"},"thumbnailUrl":"https:\/\/files.sunoresearch.com.br\/n\/uploads\/2019\/01\/e9c048f9-reforma-da-previd\u00eancia-jpg.webp","datePublished":"2019-02-13T14:19:19+00:00","dateModified":"2019-02-13T15:00:51+00:00","description":"O presidente Bolsonaro foi liberado pelos m\u00e9dicos do hospital Albert Einstein na manh\u00e3 desta quarta-feira (13). Clique aqui para saber mais.","breadcrumb":{"@id":"https:\/\/www.suno.com.br\/noticias\/presidente-bolsonaro-liberado-pelos-medicos\/#breadcrumb"},"inLanguage":"pt-BR","potentialAction":[{"@type":"ReadAction","target":["https:\/\/www.suno.com.br\/noticias\/presidente-bolsonaro-liberado-pelos-medicos\/"]}]},{"@type":"ImageObject","inLanguage":"pt-BR","@id":"https:\/\/www.suno.com.br\/noticias\/presidente-bolsonaro-liberado-pelos-medicos\/#primaryimage","url":"https:\/\/files.sunoresearch.com.br\/n\/uploads\/2019\/01\/e9c048f9-reforma-da-previd\u00eancia-jpg.webp","contentUrl":"https:\/\/files.sunoresearch.com.br\/n\/uploads\/2019\/01\/e9c048f9-reforma-da-previd\u00eancia-jpg.webp","width":1140,"height":760,"caption":"Jair Bolsonaro afirma que seu filho \u00e9 adequado para cargo de embaixador"},{"@type":"BreadcrumbList","@id":"https:\/\/www.suno.com.br\/noticias\/presidente-bolsonaro-liberado-pelos-medicos\/#breadcrumb","itemListElement":[{"@type":"ListItem","position":1,"name":"Not\u00edcias","item":"https:\/\/www.suno.com.br\/noticias\/"},{"@type":"ListItem","position":2,"name":"Pol\u00edtica","item":"https:\/\/www.suno.com.br\/noticias\/politica\/"},{"@type":"ListItem","position":3,"name":"Presidente Bolsonaro \u00e9 liberado pelos m\u00e9dicos e volta para Bras\u00edlia"}]},{"@type":"WebSite","@id":"https:\/\/www.suno.com.br\/noticias\/#website","url":"https:\/\/www.suno.com.br\/noticias\/","name":"Suno Not\u00edcias","description":"Seu portal de informa\u00e7\u00e3o sobre o mundo dos investimentos","publisher":{"@id":"https:\/\/www.suno.com.br\/noticias\/#organization"},"potentialAction":[{"@type":"SearchAction","target":{"@type":"EntryPoint","urlTemplate":"https:\/\/www.suno.com.br\/noticias\/?s={search_term_string}"},"query-input":{"@type":"PropertyValueSpecification","valueRequired":true,"valueName":"search_term_string"}}],"inLanguage":"pt-BR"},{"@type":"Organization","@id":"https:\/\/www.suno.com.br\/noticias\/#organization","name":"Suno Not\u00edcias","url":"https:\/\/www.suno.com.br\/noticias\/","logo":{"@type":"ImageObject","inLanguage":"pt-BR","@id":"https:\/\/www.suno.com.br\/noticias\/#\/schema\/logo\/image\/","url":"https:\/\/files.sunoresearch.com.br\/n\/uploads\/2021\/09\/suno-logo.png","contentUrl":"https:\/\/files.sunoresearch.com.br\/n\/uploads\/2021\/09\/suno-logo.png","width":180,"height":180,"caption":"Suno Not\u00edcias"},"image":{"@id":"https:\/\/www.suno.com.br\/noticias\/#\/schema\/logo\/image\/"},"sameAs":["https:\/\/facebook.com\/sunoresearch","https:\/\/x.com\/sunoresearch","https:\/\/www.instagram.com\/suno","https:\/\/www.linkedin.com\/company\/suno-research\/","https:\/\/www.youtube.com\/c\/sunoresearch"]},{"@type":"Person","@id":"https:\/\/www.suno.com.br\/noticias\/#\/schema\/person\/e6e0f723cc177805027f4566c1d5e0c8","name":"Carlo Cauti","image":{"@type":"ImageObject","inLanguage":"pt-BR","@id":"https:\/\/www.suno.com.br\/noticias\/#\/schema\/person\/image\/","url":"https:\/\/secure.gravatar.com\/avatar\/3ada9e0bd164c23abd4792a9606d583c?s=96&r=g","contentUrl":"https:\/\/secure.gravatar.com\/avatar\/3ada9e0bd164c23abd4792a9606d583c?s=96&r=g","caption":"Carlo Cauti"},"description":"Editor multim\u00eddia do SUNO Not\u00edcias. Italiano, formado em Ci\u00eancias Pol\u00edticas pela universidade LUISS G. Carli de Roma e mestre cum laude em Rela\u00e7\u00f5es Internacionais, Jornalismo Internacional e de Guerra e em Economia Internacional. Concluiu tamb\u00e9m um MBA em Finan\u00e7as na B3. No Brasil, teve passagem por ve\u00edculos como Estad\u00e3o, Globo, Veja e EXAME. e nas ag\u00eancias de not\u00edcias italianas ANSA e NOVA.","url":"https:\/\/www.suno.com.br\/noticias\/author\/carlo-cauti\/"}]}},"default_loop_html":"<div class=\"cardsPage__listCard__boxs\"><div class=\"cardsPage__listCard__boxs__img\"><a href=\"https:\/\/www.suno.com.br\/noticias\/presidente-bolsonaro-liberado-pelos-medicos\/\"><img class=\"mask\" src=\"https:\/\/www.suno.com.br\/noticias\/wp-content\/themes\/suno\/resources\/images\/spotlight\/spotlight1img\/bg-mask.png\" alt=\"Image Mask\"\/><img src=\"https:\/\/files.sunoresearch.com.br\/n\/uploads\/2019\/01\/e9c048f9-reforma-da-previd\u00eancia-400x200.webp\" alt=\"Presidente Bolsonaro \u00e9 liberado pelos m\u00e9dicos e volta para Bras\u00edlia\"\/><\/a><span class=\"spotlightCategory\"><a href=\"https:\/\/www.suno.com.br\/noticias\/politica\/\">Pol\u00edtica<\/a><\/span><\/div><div class=\"cardsPage__listCard__boxs__content\"><a href=\"https:\/\/www.suno.com.br\/noticias\/presidente-bolsonaro-liberado-pelos-medicos\/\"><h2 class=\"content__title\">Presidente Bolsonaro \u00e9 liberado pelos m\u00e9dicos e volta para Bras\u00edlia<\/h2><\/a><div class=\"newsContent__article__meta\"><div class=\"newsContent__article__meta__authorBox\"><a href=\"https:\/\/www.suno.com.br\/noticias\/author\/carlo-cauti\/\" class=\"authorBox__avatar noMobi\"><img src=\"https:\/\/files.sunoresearch.com.br\/n\/uploads\/2020\/08\/e3745f9a-perfil-carlo-cauti-150x150.webp\" alt=\"Carlo Cauti\"><\/a><div class=\"authorBox__name\"><span>por\n\t\t\t<a href=\"https:\/\/www.suno.com.br\/noticias\/author\/carlo-cauti\/\"><span itemprop=\"author\">Carlo Cauti<\/span><\/a><\/span><time datetime=\"2019-02-13T12:19:19-02:00\" itemprop=\"datePublished\">13\/02\/2019 12:19<\/time><\/div><\/div><\/div><\/div><\/div>","single_layout":"posts","amp_enabled":true,"_links":{"self":[{"href":"https:\/\/www.suno.com.br\/noticias\/wp-json\/wp\/v2\/posts\/15153"}],"collection":[{"href":"https:\/\/www.suno.com.br\/noticias\/wp-json\/wp\/v2\/posts"}],"about":[{"href":"https:\/\/www.suno.com.br\/noticias\/wp-json\/wp\/v2\/types\/post"}],"author":[{"embeddable":true,"href":"https:\/\/www.suno.com.br\/noticias\/wp-json\/wp\/v2\/users\/9"}],"replies":[{"embeddable":true,"href":"https:\/\/www.suno.com.br\/noticias\/wp-json\/wp\/v2\/comments?post=15153"}],"version-history":[{"count":0,"href":"https:\/\/www.suno.com.br\/noticias\/wp-json\/wp\/v2\/posts\/15153\/revisions"}],"wp:featuredmedia":[{"embeddable":true,"href":"https:\/\/www.suno.com.br\/noticias\/wp-json\/wp\/v2\/media\/12180"}],"wp:attachment":[{"href":"https:\/\/www.suno.com.br\/noticias\/wp-json\/wp\/v2\/media?parent=15153"}],"wp:term":[{"taxonomy":"category","embeddable":true,"href":"https:\/\/www.suno.com.br\/noticias\/wp-json\/wp\/v2\/categories?post=15153"},{"taxonomy":"post_tag","embeddable":true,"href":"https:\/\/www.suno.com.br\/noticias\/wp-json\/wp\/v2\/tags?post=15153"},{"taxonomy":"suno_strategy","embeddable":true,"href":"https:\/\/www.suno.com.br\/noticias\/wp-json\/wp\/v2\/suno_strategy?post=15153"}],"curies":[{"name":"wp","href":"https:\/\/api.w.org\/{rel}","templated":true}]}}