{"id":151486,"date":"2021-05-28T06:37:58","date_gmt":"2021-05-28T09:37:58","guid":{"rendered":"https:\/\/www.suno.com.br\/noticias\/?p=151486"},"modified":"2021-06-13T23:24:38","modified_gmt":"2021-06-14T02:24:38","slug":"biden-proposta-orcamento-6-trilhoes","status":"publish","type":"post","link":"https:\/\/www.suno.com.br\/noticias\/biden-proposta-orcamento-6-trilhoes\/","title":{"rendered":"Biden ir\u00e1 propor or\u00e7amento de US$ 6tri, maior desde a Segunda Guerra Mundial"},"content":{"rendered":"<p>O presidente dos Estados Unidos, o democrata <strong>Joe Biden<\/strong>, divulgar\u00e1 um <a href=\"https:\/\/www.suno.com.br\/artigos\/orcamento-ajustado\/\">or\u00e7amento fiscal<\/a> prevendo gastos federais na casa de US$ 6 trilh\u00f5es, segundo documento obtido pelo\u00a0<em>The New York Times<\/em>. O plano \u00e9 financiar esse or\u00e7amento com o aumento de impostos sobre empresas e pessoas f\u00edsicas com alta renda.<\/p>\t<div class=\"wrapper-featured-image\">\n\t\t<figure class=\"spotlightImg\">\n\n\t\t\t<picture>\n\t\t\t\t<source media=\"(max-width: 768px)\" srcset=\"https:\/\/files.sunoresearch.com.br\/n\/uploads\/2021\/04\/8cff42f9-179500198_193049239430594_1247318380646846205_n-400x200.webp\">\n\t\t\t\t<img loading=\"lazy\" decoding=\"async\" class=\"newsContent__article__imgCapa lazyloadDisabled \" src=\"https:\/\/files.sunoresearch.com.br\/n\/uploads\/2021\/04\/8cff42f9-179500198_193049239430594_1247318380646846205_n-800x450.webp\" width=\"800\" height=\"450\" alt=\"Biden ir\u00e1 propor or\u00e7amento de US$ 6tri, maior desde a Segunda Guerra Mundial\" fetchpriority=high \/>\n\t\t\t<\/picture>\n\n\t\t\t<figcaption class=\"wp-caption-text wp-caption-text--show\">O presidente dos Estados Unidos, Joe Biden - Foto: Reprodu\u00e7\u00e3o: White House Facebook<\/figcaption>\n\t\t<\/figure>\n\t<\/div>\n\n\n\t<p>\n\t\t<a href=\"https:\/\/lp.suno.com.br\/planilha-controle-gastos\/\" target=\"_blank\" data-element=\"shortcode-suno-banner\" title=\"Banner SUNO, clique e saiba mais\">\n\t\t\t<picture>\n\t\t\t\t<source media=\"(max-width: 500px)\" srcset=\"https:\/\/files.sunoresearch.com.br\/n\/uploads\/2023\/03\/400x300-Planilha-controle-de-gastos.png\">\n\t\t\t\t<img class=\"newsContent__article__imgCapa newsContent__article__imgCapa--banner\"\n\t\t\t\t\tsrc=\"https:\/\/files.sunoresearch.com.br\/n\/uploads\/2023\/03\/1420x240-Planilha-controle-de-gastos.png\"\n\t\t\t\t\tdata-promo-id=\"101751\"\t\t\t\t\t\t\t\t\t\twidth='1420' height='240'\t\t\t\t\talt=\"https:\/\/files.sunoresearch.com.br\/n\/uploads\/2023\/03\/1420x240-Planilha-controle-de-gastos.png\"\n\t\t\t\t>\n\t\t\t<\/picture>\n\t\t<\/a>\n\t<\/p>\n\n\n<p><strong>Biden<\/strong>,<a href=\"https:\/\/www.suno.com.br\/noticias\/biden-adia-proposta-orcamento-maio\/\"> conforme divulgado anteriormente<\/a>,\u00a0adiou a divulga\u00e7\u00e3o da sua <a href=\"https:\/\/www.suno.com.br\/artigos\/politica-fiscal\/\">proposta de or\u00e7amento fiscal<\/a> para a pr\u00f3xima sexta-feira (28).<\/p>\n<p>Os <strong>documentos<\/strong> apontam um investimento de US$ 8,2 trilh\u00f5es at\u00e9 o ano de 2031, <a href=\"https:\/\/www.suno.com.br\/artigos\/deficit-orcamentario\/\">prevendo um d\u00e9ficit de US$ 1,3 trilh\u00e3o<\/a> ao longo da pr\u00f3xima d\u00e9cada. O democrata prev\u00ea um investimento, sobretudo, em infraestrutura, sa\u00fade e educa\u00e7\u00e3o, prevendo um gasto que \u00e9 o maior or\u00e7amento desde a Segunda Guerra Mundial.<\/p>\n<p>Os planos de investimentos sociais tamb\u00e9m somam uma fatia relevante, considerando o almejo de Biden em elevar o padr\u00e3o m\u00e9dio de vida do americano com gastos federais, al\u00e9m do investimento na ind\u00fastria, que devem impulsionar os <strong>EUA<\/strong> no cen\u00e1rio global.<\/p>\n<p><a href=\"https:\/\/lp.suno.com.br\/suno-one\/?ppp=noticias\/hospital-care-pedido-ipo-cvm\/\"><b>Suno One: acesse gratuitamente eBooks, Minicursos, Artigos e V\u00eddeo Aulas sobre investimentos com um \u00fanico cadastro. Clique para saber mais!<\/b><\/a><\/p>\n<p>Por \u00f3bvio, os n\u00edveis de <strong>tributa\u00e7\u00e3o<\/strong> e de encargos tamb\u00e9m devem ser expandidos, mas &#8220;necess\u00e1rios para manter os Estados Unidos competitivos&#8221;.<\/p>\n<p>Os <strong>investimentos<\/strong> incluem dinheiro para estradas, canos de \u00e1gua, internet banda larga, esta\u00e7\u00f5es de carregamento para ve\u00edculos el\u00e9tricos e pesquisas avan\u00e7adas de manufatura.<\/p>\n\t<div data-element=\"shortcode-read-more\" class=\"knowMore\">\n\t\t\t\t<span class=\"knowMore__title\">Saiba mais<\/span>\n\t\t\t\t<a class=\"knowMore__link\" href=\"https:\/\/www.suno.com.br\/noticias\/biden-adia-proposta-orcamento-maio\/\">\n\t\t\tJoe Biden adia proposta de or\u00e7amento nos EUA para 28 de maio\t\t<\/a>\n\t<\/div>\n\n\n<p>Al\u00e9m disso, dentro do <strong>or\u00e7amento<\/strong>, h\u00e1 a previs\u00e3o do financiamento de creches acess\u00edveis, jardim de inf\u00e2ncia universal e um programa nacional de licen\u00e7a remunerada. Os gastos com defesa nacional tamb\u00e9m devem crescer, apesar de diminuir em compara\u00e7\u00e3o com o or\u00e7amento dispendido pelo governo americano<\/p>\n<p>Funcion\u00e1rios do governo que foram ouvidos pelo <em>The New York Times<\/em> citaram que os planos de emprego e fam\u00edlias poderiam ser compensados <a href=\"https:\/\/www.suno.com.br\/artigos\/obrigacoes-tributarias\/\">por aumentos de impostos ao longo de 15 anos<\/a>.<\/p>\n\t<p>\n\t\t<a href=\"https:\/\/lp.suno.com.br\/planilha-da-vida-financeira\/\" target=\"_blank\" data-element=\"shortcode-suno-banner\" title=\"Banner SUNO, clique e saiba mais\">\n\t\t\t<picture>\n\t\t\t\t<source media=\"(max-width: 500px)\" srcset=\"https:\/\/files.sunoresearch.com.br\/n\/uploads\/2023\/04\/400x300-Planilha-vida-financeira-true.png\">\n\t\t\t\t<img class=\"newsContent__article__imgCapa newsContent__article__imgCapa--banner\"\n\t\t\t\t\tsrc=\"https:\/\/files.sunoresearch.com.br\/n\/uploads\/2023\/04\/1420x240-Planilha-vida-financeira-true.png\"\n\t\t\t\t\tdata-promo-id=\"106682\"\t\t\t\t\t\t\t\t\t\twidth='1420' height='240'\t\t\t\t\talt=\"https:\/\/files.sunoresearch.com.br\/n\/uploads\/2023\/04\/1420x240-Planilha-vida-financeira-true.png\"\n\t\t\t\t>\n\t\t\t<\/picture>\n\t\t<\/a>\n\t<\/p>\n\n\n<h2>Biden deve encurtar impostos de americanos com baixa ou m\u00e9dia renda<\/h2>\n<p>Os documentos tamb\u00e9m demonstram que o democrata mira um corte de impostos para os americanos que possuem baixa ou m\u00e9dia renda, considerando que as tributa\u00e7\u00f5es foram adotadas no mandato do republicano Donald Trump, em 2017. A previs\u00e3o era de que esses impostos expirassem em 2025, o plano, segundo o or\u00e7amento, \u00e9 de cort\u00e1-los.<\/p>\n<p>A ideia \u00e9 n\u00e3o aumentar os impostos de todos aqueles que ganham menos de US$ 400.000 ao ano.<\/p>\n<p>Embora seu plano estime uma receita tribut\u00e1ria adicional pelos pr\u00f3ximos anos, os Estados Unidos ainda ficariam em um d\u00e9ficit expressivo ao tomar dinheiro emprestado como forma de financiar o or\u00e7amento proposto por <strong>Biden<\/strong>.<\/p>\n\t<p>\n\t\t<a href=\"https:\/\/lp.suno.com.br\/planilha-de-controle-de-investimentos\/\" target=\"_blank\" data-element=\"shortcode-suno-banner\" title=\"Banner SUNO, clique e saiba mais\">\n\t\t\t<picture>\n\t\t\t\t<source media=\"(max-width: 500px)\" srcset=\"https:\/\/files.sunoresearch.com.br\/n\/uploads\/2023\/03\/400x300-Controle-de-Investimentos.png\">\n\t\t\t\t<img class=\"newsContent__article__imgCapa newsContent__article__imgCapa--banner\"\n\t\t\t\t\tsrc=\"https:\/\/files.sunoresearch.com.br\/n\/uploads\/2023\/03\/1420x240-Controle-de-Investimentos.png\"\n\t\t\t\t\tdata-promo-id=\"75934\"\t\t\t\t\t\t\t\t\t\twidth='1420' height='240'\t\t\t\t\talt=\"https:\/\/files.sunoresearch.com.br\/n\/uploads\/2023\/03\/1420x240-Controle-de-Investimentos.png\"\n\t\t\t\t>\n\t\t\t<\/picture>\n\t\t<\/a>\n\t<\/p>\n\n\n","protected":false},"excerpt":{"rendered":"<p>O presidente dos Estados Unidos, o democrata Joe Biden, divulgar\u00e1 um or\u00e7amento fiscal prevendo gastos federais na casa de US$ 6 trilh\u00f5es, segundo documento obtido pelo\u00a0The New York Times. O plano \u00e9 financiar esse or\u00e7amento com o aumento de impostos sobre empresas e pessoas f\u00edsicas com alta renda. O presidente dos Estados Unidos, Joe Biden [&hellip;]<\/p>\n","protected":false},"author":73,"featured_media":143294,"comment_status":"closed","ping_status":"closed","sticky":false,"template":"","format":"standard","meta":[],"categories":[63],"tags":[793,704,73481],"suno_strategy":[],"class_list":["post-151486","post","type-post","status-publish","format-standard","has-post-thumbnail","hentry","category-internacional","tag-estados-unidos-eua","tag-impostos","tag-joe-biden"],"yoast_head":"<!-- This site is optimized with the Yoast SEO plugin v24.4 - https:\/\/yoast.com\/wordpress\/plugins\/seo\/ -->\n<title>Biden ir\u00e1 propor or\u00e7amento de US$ 6tri, o maior desde a Segunda Guerra<\/title>\n<meta name=\"description\" content=\"Biden ir\u00e1 propor um aumento na taxa\u00e7\u00e3o para financiar or\u00e7amento ambicioso, segundo documentos obtidos pelo New York Times. Leia sobre\" \/>\n<meta name=\"robots\" content=\"index, follow, max-snippet:-1, max-image-preview:large, max-video-preview:-1\" \/>\n<link rel=\"canonical\" href=\"https:\/\/www.suno.com.br\/noticias\/biden-proposta-orcamento-6-trilhoes\/\" \/>\n<meta property=\"og:locale\" content=\"pt_BR\" \/>\n<meta property=\"og:type\" content=\"article\" \/>\n<meta property=\"og:title\" content=\"Biden ir\u00e1 propor or\u00e7amento de US$ 6tri, o maior desde a Segunda Guerra\" \/>\n<meta property=\"og:description\" content=\"Biden ir\u00e1 propor um aumento na taxa\u00e7\u00e3o para financiar or\u00e7amento ambicioso, segundo documentos obtidos pelo New York Times. Leia sobre\" \/>\n<meta property=\"og:url\" content=\"https:\/\/www.suno.com.br\/noticias\/biden-proposta-orcamento-6-trilhoes\/\" \/>\n<meta property=\"og:site_name\" content=\"Suno Not\u00edcias\" \/>\n<meta property=\"article:publisher\" content=\"https:\/\/facebook.com\/sunoresearch\" \/>\n<meta property=\"og:image\" content=\"https:\/\/files.sunoresearch.com.br\/n\/uploads\/2021\/04\/8cff42f9-179500198_193049239430594_1247318380646846205_n.jpg\" \/>\n\t<meta property=\"og:image:width\" content=\"2048\" \/>\n\t<meta property=\"og:image:height\" content=\"1365\" \/>\n\t<meta property=\"og:image:type\" content=\"image\/jpeg\" \/>\n<meta name=\"author\" content=\"Eduardo Vargas\" \/>\n<meta name=\"twitter:card\" content=\"summary_large_image\" \/>\n<meta name=\"twitter:creator\" content=\"@sunoresearch\" \/>\n<meta name=\"twitter:site\" content=\"@sunoresearch\" \/>\n<meta name=\"twitter:label1\" content=\"Escrito por\" \/>\n\t<meta name=\"twitter:data1\" content=\"Eduardo Vargas\" \/>\n\t<meta name=\"twitter:label2\" content=\"Est. tempo de leitura\" \/>\n\t<meta name=\"twitter:data2\" content=\"2 minutos\" \/>\n<script type=\"application\/ld+json\" class=\"yoast-schema-graph\">{\"@context\":\"https:\/\/schema.org\",\"@graph\":[{\"@type\":\"NewsArticle\",\"@id\":\"https:\/\/www.suno.com.br\/noticias\/biden-proposta-orcamento-6-trilhoes\/#article\",\"isPartOf\":{\"@id\":\"https:\/\/www.suno.com.br\/noticias\/biden-proposta-orcamento-6-trilhoes\/\"},\"author\":{\"name\":\"Eduardo Vargas\",\"@id\":\"https:\/\/www.suno.com.br\/noticias\/#\/schema\/person\/7f4d362bf3518e76090143ae77bb49a5\"},\"headline\":\"Biden ir\u00e1 propor or\u00e7amento de US$ 6tri, maior desde a Segunda Guerra Mundial\",\"datePublished\":\"2021-05-28T09:37:58+00:00\",\"dateModified\":\"2021-06-14T02:24:38+00:00\",\"mainEntityOfPage\":{\"@id\":\"https:\/\/www.suno.com.br\/noticias\/biden-proposta-orcamento-6-trilhoes\/\"},\"wordCount\":481,\"publisher\":{\"@id\":\"https:\/\/www.suno.com.br\/noticias\/#organization\"},\"image\":{\"@id\":\"https:\/\/www.suno.com.br\/noticias\/biden-proposta-orcamento-6-trilhoes\/#primaryimage\"},\"thumbnailUrl\":\"https:\/\/files.sunoresearch.com.br\/n\/uploads\/2021\/04\/8cff42f9-179500198_193049239430594_1247318380646846205_n-jpg.webp\",\"keywords\":[\"Estados Unidos (EUA)\",\"impostos\",\"Joe Biden\"],\"articleSection\":[\"Internacional\"],\"inLanguage\":\"pt-BR\"},{\"@type\":\"WebPage\",\"@id\":\"https:\/\/www.suno.com.br\/noticias\/biden-proposta-orcamento-6-trilhoes\/\",\"url\":\"https:\/\/www.suno.com.br\/noticias\/biden-proposta-orcamento-6-trilhoes\/\",\"name\":\"Biden ir\u00e1 propor or\u00e7amento de US$ 6tri, o maior desde a Segunda Guerra\",\"isPartOf\":{\"@id\":\"https:\/\/www.suno.com.br\/noticias\/#website\"},\"primaryImageOfPage\":{\"@id\":\"https:\/\/www.suno.com.br\/noticias\/biden-proposta-orcamento-6-trilhoes\/#primaryimage\"},\"image\":{\"@id\":\"https:\/\/www.suno.com.br\/noticias\/biden-proposta-orcamento-6-trilhoes\/#primaryimage\"},\"thumbnailUrl\":\"https:\/\/files.sunoresearch.com.br\/n\/uploads\/2021\/04\/8cff42f9-179500198_193049239430594_1247318380646846205_n-jpg.webp\",\"datePublished\":\"2021-05-28T09:37:58+00:00\",\"dateModified\":\"2021-06-14T02:24:38+00:00\",\"description\":\"Biden ir\u00e1 propor um aumento na taxa\u00e7\u00e3o para financiar or\u00e7amento ambicioso, segundo documentos obtidos pelo New York Times. Leia sobre\",\"breadcrumb\":{\"@id\":\"https:\/\/www.suno.com.br\/noticias\/biden-proposta-orcamento-6-trilhoes\/#breadcrumb\"},\"inLanguage\":\"pt-BR\",\"potentialAction\":[{\"@type\":\"ReadAction\",\"target\":[\"https:\/\/www.suno.com.br\/noticias\/biden-proposta-orcamento-6-trilhoes\/\"]}]},{\"@type\":\"ImageObject\",\"inLanguage\":\"pt-BR\",\"@id\":\"https:\/\/www.suno.com.br\/noticias\/biden-proposta-orcamento-6-trilhoes\/#primaryimage\",\"url\":\"https:\/\/files.sunoresearch.com.br\/n\/uploads\/2021\/04\/8cff42f9-179500198_193049239430594_1247318380646846205_n-jpg.webp\",\"contentUrl\":\"https:\/\/files.sunoresearch.com.br\/n\/uploads\/2021\/04\/8cff42f9-179500198_193049239430594_1247318380646846205_n-jpg.webp\",\"width\":2048,\"height\":1365,\"caption\":\"O presidente dos Estados Unidos, Joe Biden - Foto: Reprodu\u00e7\u00e3o: White House Facebook\"},{\"@type\":\"BreadcrumbList\",\"@id\":\"https:\/\/www.suno.com.br\/noticias\/biden-proposta-orcamento-6-trilhoes\/#breadcrumb\",\"itemListElement\":[{\"@type\":\"ListItem\",\"position\":1,\"name\":\"Not\u00edcias\",\"item\":\"https:\/\/www.suno.com.br\/noticias\/\"},{\"@type\":\"ListItem\",\"position\":2,\"name\":\"Internacional\",\"item\":\"https:\/\/www.suno.com.br\/noticias\/internacional\/\"},{\"@type\":\"ListItem\",\"position\":3,\"name\":\"Biden ir\u00e1 propor or\u00e7amento de US$ 6tri, maior desde a Segunda Guerra Mundial\"}]},{\"@type\":\"WebSite\",\"@id\":\"https:\/\/www.suno.com.br\/noticias\/#website\",\"url\":\"https:\/\/www.suno.com.br\/noticias\/\",\"name\":\"Suno Not\u00edcias\",\"description\":\"Seu portal de informa\u00e7\u00e3o sobre o mundo dos investimentos\",\"publisher\":{\"@id\":\"https:\/\/www.suno.com.br\/noticias\/#organization\"},\"potentialAction\":[{\"@type\":\"SearchAction\",\"target\":{\"@type\":\"EntryPoint\",\"urlTemplate\":\"https:\/\/www.suno.com.br\/noticias\/?s={search_term_string}\"},\"query-input\":{\"@type\":\"PropertyValueSpecification\",\"valueRequired\":true,\"valueName\":\"search_term_string\"}}],\"inLanguage\":\"pt-BR\"},{\"@type\":\"Organization\",\"@id\":\"https:\/\/www.suno.com.br\/noticias\/#organization\",\"name\":\"Suno Not\u00edcias\",\"url\":\"https:\/\/www.suno.com.br\/noticias\/\",\"logo\":{\"@type\":\"ImageObject\",\"inLanguage\":\"pt-BR\",\"@id\":\"https:\/\/www.suno.com.br\/noticias\/#\/schema\/logo\/image\/\",\"url\":\"https:\/\/files.sunoresearch.com.br\/n\/uploads\/2021\/09\/suno-logo.png\",\"contentUrl\":\"https:\/\/files.sunoresearch.com.br\/n\/uploads\/2021\/09\/suno-logo.png\",\"width\":180,\"height\":180,\"caption\":\"Suno Not\u00edcias\"},\"image\":{\"@id\":\"https:\/\/www.suno.com.br\/noticias\/#\/schema\/logo\/image\/\"},\"sameAs\":[\"https:\/\/facebook.com\/sunoresearch\",\"https:\/\/x.com\/sunoresearch\",\"https:\/\/www.instagram.com\/suno\",\"https:\/\/www.linkedin.com\/company\/suno-research\/\",\"https:\/\/www.youtube.com\/c\/sunoresearch\"]},{\"@type\":\"Person\",\"@id\":\"https:\/\/www.suno.com.br\/noticias\/#\/schema\/person\/7f4d362bf3518e76090143ae77bb49a5\",\"name\":\"Eduardo Vargas\",\"image\":{\"@type\":\"ImageObject\",\"inLanguage\":\"pt-BR\",\"@id\":\"https:\/\/www.suno.com.br\/noticias\/#\/schema\/person\/image\/\",\"url\":\"https:\/\/secure.gravatar.com\/avatar\/dac340933427a22924c9f99d1eb2e3f2?s=96&r=g\",\"contentUrl\":\"https:\/\/secure.gravatar.com\/avatar\/dac340933427a22924c9f99d1eb2e3f2?s=96&r=g\",\"caption\":\"Eduardo Vargas\"},\"description\":\"Jornalista formado pela UFSC, cobre macroeconomia, neg\u00f3cios e startups para o Suno Not\u00edcias, escrevendo principalmente not\u00edcias sobre o mercado financeiro e a bolsa de valores. No YouTube e no Instagram, \u00e9 respons\u00e1vel pela produ\u00e7\u00e3o de Reels e Shorts do Suno Not\u00edcias. Anteriormente, trabalhou cobrindo economia e cotidiano no ND+ e para o ND, maior jornal impresso de Santa Catarina. Cursou um semestre letivo de Estudos de M\u00eddia na Universidad de Buenos Aires.\",\"url\":\"https:\/\/www.suno.com.br\/noticias\/author\/eduardo-vargas\/\"}]}<\/script>\n<!-- \/ Yoast SEO plugin. -->","yoast_head_json":{"title":"Biden ir\u00e1 propor or\u00e7amento de US$ 6tri, o maior desde a Segunda Guerra","description":"Biden ir\u00e1 propor um aumento na taxa\u00e7\u00e3o para financiar or\u00e7amento ambicioso, segundo documentos obtidos pelo New York Times. Leia sobre","robots":{"index":"index","follow":"follow","max-snippet":"max-snippet:-1","max-image-preview":"max-image-preview:large","max-video-preview":"max-video-preview:-1"},"canonical":"https:\/\/www.suno.com.br\/noticias\/biden-proposta-orcamento-6-trilhoes\/","og_locale":"pt_BR","og_type":"article","og_title":"Biden ir\u00e1 propor or\u00e7amento de US$ 6tri, o maior desde a Segunda Guerra","og_description":"Biden ir\u00e1 propor um aumento na taxa\u00e7\u00e3o para financiar or\u00e7amento ambicioso, segundo documentos obtidos pelo New York Times. Leia sobre","og_url":"https:\/\/www.suno.com.br\/noticias\/biden-proposta-orcamento-6-trilhoes\/","og_site_name":"Suno Not\u00edcias","article_publisher":"https:\/\/facebook.com\/sunoresearch","og_image":[{"width":2048,"height":1365,"url":"https:\/\/files.sunoresearch.com.br\/n\/uploads\/2021\/04\/8cff42f9-179500198_193049239430594_1247318380646846205_n.jpg","type":"image\/jpeg"}],"author":"Eduardo Vargas","twitter_card":"summary_large_image","twitter_creator":"@sunoresearch","twitter_site":"@sunoresearch","twitter_misc":{"Escrito por":"Eduardo Vargas","Est. tempo de leitura":"2 minutos"},"schema":{"@context":"https:\/\/schema.org","@graph":[{"@type":"NewsArticle","@id":"https:\/\/www.suno.com.br\/noticias\/biden-proposta-orcamento-6-trilhoes\/#article","isPartOf":{"@id":"https:\/\/www.suno.com.br\/noticias\/biden-proposta-orcamento-6-trilhoes\/"},"author":{"name":"Eduardo Vargas","@id":"https:\/\/www.suno.com.br\/noticias\/#\/schema\/person\/7f4d362bf3518e76090143ae77bb49a5"},"headline":"Biden ir\u00e1 propor or\u00e7amento de US$ 6tri, maior desde a Segunda Guerra Mundial","datePublished":"2021-05-28T09:37:58+00:00","dateModified":"2021-06-14T02:24:38+00:00","mainEntityOfPage":{"@id":"https:\/\/www.suno.com.br\/noticias\/biden-proposta-orcamento-6-trilhoes\/"},"wordCount":481,"publisher":{"@id":"https:\/\/www.suno.com.br\/noticias\/#organization"},"image":{"@id":"https:\/\/www.suno.com.br\/noticias\/biden-proposta-orcamento-6-trilhoes\/#primaryimage"},"thumbnailUrl":"https:\/\/files.sunoresearch.com.br\/n\/uploads\/2021\/04\/8cff42f9-179500198_193049239430594_1247318380646846205_n-jpg.webp","keywords":["Estados Unidos (EUA)","impostos","Joe Biden"],"articleSection":["Internacional"],"inLanguage":"pt-BR"},{"@type":"WebPage","@id":"https:\/\/www.suno.com.br\/noticias\/biden-proposta-orcamento-6-trilhoes\/","url":"https:\/\/www.suno.com.br\/noticias\/biden-proposta-orcamento-6-trilhoes\/","name":"Biden ir\u00e1 propor or\u00e7amento de US$ 6tri, o maior desde a Segunda Guerra","isPartOf":{"@id":"https:\/\/www.suno.com.br\/noticias\/#website"},"primaryImageOfPage":{"@id":"https:\/\/www.suno.com.br\/noticias\/biden-proposta-orcamento-6-trilhoes\/#primaryimage"},"image":{"@id":"https:\/\/www.suno.com.br\/noticias\/biden-proposta-orcamento-6-trilhoes\/#primaryimage"},"thumbnailUrl":"https:\/\/files.sunoresearch.com.br\/n\/uploads\/2021\/04\/8cff42f9-179500198_193049239430594_1247318380646846205_n-jpg.webp","datePublished":"2021-05-28T09:37:58+00:00","dateModified":"2021-06-14T02:24:38+00:00","description":"Biden ir\u00e1 propor um aumento na taxa\u00e7\u00e3o para financiar or\u00e7amento ambicioso, segundo documentos obtidos pelo New York Times. Leia sobre","breadcrumb":{"@id":"https:\/\/www.suno.com.br\/noticias\/biden-proposta-orcamento-6-trilhoes\/#breadcrumb"},"inLanguage":"pt-BR","potentialAction":[{"@type":"ReadAction","target":["https:\/\/www.suno.com.br\/noticias\/biden-proposta-orcamento-6-trilhoes\/"]}]},{"@type":"ImageObject","inLanguage":"pt-BR","@id":"https:\/\/www.suno.com.br\/noticias\/biden-proposta-orcamento-6-trilhoes\/#primaryimage","url":"https:\/\/files.sunoresearch.com.br\/n\/uploads\/2021\/04\/8cff42f9-179500198_193049239430594_1247318380646846205_n-jpg.webp","contentUrl":"https:\/\/files.sunoresearch.com.br\/n\/uploads\/2021\/04\/8cff42f9-179500198_193049239430594_1247318380646846205_n-jpg.webp","width":2048,"height":1365,"caption":"O presidente dos Estados Unidos, Joe Biden - Foto: Reprodu\u00e7\u00e3o: White House Facebook"},{"@type":"BreadcrumbList","@id":"https:\/\/www.suno.com.br\/noticias\/biden-proposta-orcamento-6-trilhoes\/#breadcrumb","itemListElement":[{"@type":"ListItem","position":1,"name":"Not\u00edcias","item":"https:\/\/www.suno.com.br\/noticias\/"},{"@type":"ListItem","position":2,"name":"Internacional","item":"https:\/\/www.suno.com.br\/noticias\/internacional\/"},{"@type":"ListItem","position":3,"name":"Biden ir\u00e1 propor or\u00e7amento de US$ 6tri, maior desde a Segunda Guerra Mundial"}]},{"@type":"WebSite","@id":"https:\/\/www.suno.com.br\/noticias\/#website","url":"https:\/\/www.suno.com.br\/noticias\/","name":"Suno Not\u00edcias","description":"Seu portal de informa\u00e7\u00e3o sobre o mundo dos investimentos","publisher":{"@id":"https:\/\/www.suno.com.br\/noticias\/#organization"},"potentialAction":[{"@type":"SearchAction","target":{"@type":"EntryPoint","urlTemplate":"https:\/\/www.suno.com.br\/noticias\/?s={search_term_string}"},"query-input":{"@type":"PropertyValueSpecification","valueRequired":true,"valueName":"search_term_string"}}],"inLanguage":"pt-BR"},{"@type":"Organization","@id":"https:\/\/www.suno.com.br\/noticias\/#organization","name":"Suno Not\u00edcias","url":"https:\/\/www.suno.com.br\/noticias\/","logo":{"@type":"ImageObject","inLanguage":"pt-BR","@id":"https:\/\/www.suno.com.br\/noticias\/#\/schema\/logo\/image\/","url":"https:\/\/files.sunoresearch.com.br\/n\/uploads\/2021\/09\/suno-logo.png","contentUrl":"https:\/\/files.sunoresearch.com.br\/n\/uploads\/2021\/09\/suno-logo.png","width":180,"height":180,"caption":"Suno Not\u00edcias"},"image":{"@id":"https:\/\/www.suno.com.br\/noticias\/#\/schema\/logo\/image\/"},"sameAs":["https:\/\/facebook.com\/sunoresearch","https:\/\/x.com\/sunoresearch","https:\/\/www.instagram.com\/suno","https:\/\/www.linkedin.com\/company\/suno-research\/","https:\/\/www.youtube.com\/c\/sunoresearch"]},{"@type":"Person","@id":"https:\/\/www.suno.com.br\/noticias\/#\/schema\/person\/7f4d362bf3518e76090143ae77bb49a5","name":"Eduardo Vargas","image":{"@type":"ImageObject","inLanguage":"pt-BR","@id":"https:\/\/www.suno.com.br\/noticias\/#\/schema\/person\/image\/","url":"https:\/\/secure.gravatar.com\/avatar\/dac340933427a22924c9f99d1eb2e3f2?s=96&r=g","contentUrl":"https:\/\/secure.gravatar.com\/avatar\/dac340933427a22924c9f99d1eb2e3f2?s=96&r=g","caption":"Eduardo Vargas"},"description":"Jornalista formado pela UFSC, cobre macroeconomia, neg\u00f3cios e startups para o Suno Not\u00edcias, escrevendo principalmente not\u00edcias sobre o mercado financeiro e a bolsa de valores. No YouTube e no Instagram, \u00e9 respons\u00e1vel pela produ\u00e7\u00e3o de Reels e Shorts do Suno Not\u00edcias. Anteriormente, trabalhou cobrindo economia e cotidiano no ND+ e para o ND, maior jornal impresso de Santa Catarina. Cursou um semestre letivo de Estudos de M\u00eddia na Universidad de Buenos Aires.","url":"https:\/\/www.suno.com.br\/noticias\/author\/eduardo-vargas\/"}]}},"default_loop_html":"<div class=\"cardsPage__listCard__boxs\"><div class=\"cardsPage__listCard__boxs__img\"><a href=\"https:\/\/www.suno.com.br\/noticias\/biden-proposta-orcamento-6-trilhoes\/\"><img class=\"mask\" src=\"https:\/\/www.suno.com.br\/noticias\/wp-content\/themes\/suno\/resources\/images\/spotlight\/spotlight1img\/bg-mask.png\" alt=\"Image Mask\"\/><img src=\"https:\/\/files.sunoresearch.com.br\/n\/uploads\/2021\/04\/8cff42f9-179500198_193049239430594_1247318380646846205_n-400x200.webp\" alt=\"Biden ir\u00e1 propor or\u00e7amento de US$ 6tri, maior desde a Segunda Guerra Mundial\"\/><\/a><span class=\"spotlightCategory\"><a href=\"https:\/\/www.suno.com.br\/noticias\/internacional\/\">Internacional<\/a><\/span><\/div><div class=\"cardsPage__listCard__boxs__content\"><a href=\"https:\/\/www.suno.com.br\/noticias\/biden-proposta-orcamento-6-trilhoes\/\"><h2 class=\"content__title\">Biden ir\u00e1 propor or\u00e7amento de US$ 6tri, maior desde a Segunda Guerra Mundial<\/h2><\/a><div class=\"newsContent__article__meta\"><div class=\"newsContent__article__meta__authorBox\"><a href=\"https:\/\/www.suno.com.br\/noticias\/author\/eduardo-vargas\/\" class=\"authorBox__avatar noMobi\"><img src=\"https:\/\/secure.gravatar.com\/avatar\/dac340933427a22924c9f99d1eb2e3f2?s=96&#038;r=g\" alt=\"Eduardo Vargas\"><\/a><div class=\"authorBox__name\"><span>por\n\t\t\t<a href=\"https:\/\/www.suno.com.br\/noticias\/author\/eduardo-vargas\/\"><span itemprop=\"author\">Eduardo Vargas<\/span><\/a><\/span><time datetime=\"2021-05-28T06:37:58-03:00\" itemprop=\"datePublished\">28\/05\/2021 06:37<\/time><\/div><\/div><\/div><\/div><\/div>","single_layout":"posts","amp_enabled":true,"_links":{"self":[{"href":"https:\/\/www.suno.com.br\/noticias\/wp-json\/wp\/v2\/posts\/151486"}],"collection":[{"href":"https:\/\/www.suno.com.br\/noticias\/wp-json\/wp\/v2\/posts"}],"about":[{"href":"https:\/\/www.suno.com.br\/noticias\/wp-json\/wp\/v2\/types\/post"}],"author":[{"embeddable":true,"href":"https:\/\/www.suno.com.br\/noticias\/wp-json\/wp\/v2\/users\/73"}],"replies":[{"embeddable":true,"href":"https:\/\/www.suno.com.br\/noticias\/wp-json\/wp\/v2\/comments?post=151486"}],"version-history":[{"count":3,"href":"https:\/\/www.suno.com.br\/noticias\/wp-json\/wp\/v2\/posts\/151486\/revisions"}],"predecessor-version":[{"id":151793,"href":"https:\/\/www.suno.com.br\/noticias\/wp-json\/wp\/v2\/posts\/151486\/revisions\/151793"}],"wp:featuredmedia":[{"embeddable":true,"href":"https:\/\/www.suno.com.br\/noticias\/wp-json\/wp\/v2\/media\/143294"}],"wp:attachment":[{"href":"https:\/\/www.suno.com.br\/noticias\/wp-json\/wp\/v2\/media?parent=151486"}],"wp:term":[{"taxonomy":"category","embeddable":true,"href":"https:\/\/www.suno.com.br\/noticias\/wp-json\/wp\/v2\/categories?post=151486"},{"taxonomy":"post_tag","embeddable":true,"href":"https:\/\/www.suno.com.br\/noticias\/wp-json\/wp\/v2\/tags?post=151486"},{"taxonomy":"suno_strategy","embeddable":true,"href":"https:\/\/www.suno.com.br\/noticias\/wp-json\/wp\/v2\/suno_strategy?post=151486"}],"curies":[{"name":"wp","href":"https:\/\/api.w.org\/{rel}","templated":true}]}}