{"id":151388,"date":"2021-05-27T14:47:07","date_gmt":"2021-05-27T17:47:07","guid":{"rendered":"https:\/\/www.suno.com.br\/noticias\/?p=151388"},"modified":"2021-05-28T14:04:23","modified_gmt":"2021-05-28T17:04:23","slug":"mercosul-paulo-guedes-brasil-modernizar","status":"publish","type":"post","link":"https:\/\/www.suno.com.br\/noticias\/mercosul-paulo-guedes-brasil-modernizar\/","title":{"rendered":"Mercosul: Guedes nega sa\u00edda, mas diz que Brasil quer modernizar o bloco"},"content":{"rendered":"<p>O ministro da Economia, <a href=\"https:\/\/www.suno.com.br\/tudo-sobre\/paulo-guedes\/\">Paulo Guedes<\/a>, repetiu nesta quinta-feira (27) que o governo brasileiro n\u00e3o quer deixar o <strong>Mercosul<\/strong>, mas sim modernizar o bloco. &#8220;N\u00f3s n\u00e3o vamos sair do Mercosul. Queremos continuar a integra\u00e7\u00e3o, mas n\u00e3o est\u00e1 funcionando como deveria. Queremos fazer a moderniza\u00e7\u00e3o do Mercosul&#8221;, afirmou, em participa\u00e7\u00e3o em evento realizado pela Coaliz\u00e3o Ind\u00fastria.<\/p>\t<div class=\"wrapper-featured-image\">\n\t\t<figure class=\"spotlightImg\">\n\n\t\t\t<picture>\n\t\t\t\t<source media=\"(max-width: 768px)\" srcset=\"https:\/\/files.sunoresearch.com.br\/n\/uploads\/2021\/03\/7c7882d5-paulo-guedes-foto-najara-araujo-camara-dos-deputados-400x200.webp\">\n\t\t\t\t<img loading=\"lazy\" decoding=\"async\" class=\"newsContent__article__imgCapa lazyloadDisabled \" src=\"https:\/\/files.sunoresearch.com.br\/n\/uploads\/2021\/03\/7c7882d5-paulo-guedes-foto-najara-araujo-camara-dos-deputados-800x450.webp\" width=\"800\" height=\"450\" alt=\"Mercosul: Guedes nega sa\u00edda, mas diz que Brasil quer modernizar o bloco\" fetchpriority=high \/>\n\t\t\t<\/picture>\n\n\t\t\t<figcaption class=\"wp-caption-text wp-caption-text--show\">Guedes tem se reunido com o MME e o Presidente da Petrobras recentemente, para discutir solu\u00e7\u00f5es para alta da gasolina - Foto: Najara Araujo, C\u00e2mara dos Deputados.<\/figcaption>\n\t\t<\/figure>\n\t<\/div>\n\n\n\t<p>\n\t\t<a href=\"https:\/\/lp.suno.com.br\/planilha-controle-gastos\/\" target=\"_blank\" data-element=\"shortcode-suno-banner\" title=\"Banner SUNO, clique e saiba mais\">\n\t\t\t<picture>\n\t\t\t\t<source media=\"(max-width: 500px)\" srcset=\"https:\/\/files.sunoresearch.com.br\/n\/uploads\/2023\/03\/400x300-Planilha-controle-de-gastos.png\">\n\t\t\t\t<img class=\"newsContent__article__imgCapa newsContent__article__imgCapa--banner\"\n\t\t\t\t\tsrc=\"https:\/\/files.sunoresearch.com.br\/n\/uploads\/2023\/03\/1420x240-Planilha-controle-de-gastos.png\"\n\t\t\t\t\tdata-promo-id=\"101751\"\t\t\t\t\t\t\t\t\t\twidth='1420' height='240'\t\t\t\t\talt=\"https:\/\/files.sunoresearch.com.br\/n\/uploads\/2023\/03\/1420x240-Planilha-controle-de-gastos.png\"\n\t\t\t\t>\n\t\t\t<\/picture>\n\t\t<\/a>\n\t<\/p>\n\n\n<p>Guedes avaliou que o carro el\u00e9trico ou movido a hidrog\u00eanio \u00e9 uma amea\u00e7a \u00e0 ind\u00fastria automobil\u00edstica tradicional, citando o crescimento da Tesla. &#8220;O setor est\u00e1 sendo apertado no mundo inteiro. A <strong>Ford<\/strong> deixou o Brasil n\u00e3o por causa do governo, mas porque est\u00e1 em dificuldades no mundo todo&#8221;, completou.<\/p>\n<p><a href=\"https:\/\/lp.suno.com.br\/suno-one\/\">Suno One: acesse gratuitamente eBooks, Minicursos, Artigos e V\u00eddeo Aulas sobre investimentos com um \u00fanico cadastro. Clique para saber mais!<\/a><\/p>\n<p>Para o ministro, a <strong>ind\u00fastria automotiva brasileira<\/strong> j\u00e1 foi um grande foco de crescimento, acabou encurralada.<\/p>\n<p>Segundo ele, montadoras deixam o Brasil por quest\u00f5es estruturais. &#8220;Gradualmente a ind\u00fastria automotiva no Brasil foi se enrijecendo e se limitou \u00e0 nossa vizinhan\u00e7a, que \u00e9 importante. Mas n\u00f3s \u00e9 que t\u00ednhamos que vender autom\u00f3vel para a Coreia. Come\u00e7amos a produzir antes deles&#8221;, acrescentou.<\/p>\n<p>Guedes lembrou que a situa\u00e7\u00e3o da pandemia na <strong>Am\u00e9rica Latina<\/strong> atualmente impede a negocia\u00e7\u00e3o de novos acordos automotivos. &#8220;Se fomos procurar a Argentina agora para falar disso, nem seremos recebidos&#8221;, concluiu.<\/p>\n\t<p>\n\t\t<a href=\"https:\/\/lp.suno.com.br\/planilha-da-vida-financeira\/\" target=\"_blank\" data-element=\"shortcode-suno-banner\" title=\"Banner SUNO, clique e saiba mais\">\n\t\t\t<picture>\n\t\t\t\t<source media=\"(max-width: 500px)\" srcset=\"https:\/\/files.sunoresearch.com.br\/n\/uploads\/2023\/04\/400x300-Planilha-vida-financeira-true.png\">\n\t\t\t\t<img class=\"newsContent__article__imgCapa newsContent__article__imgCapa--banner\"\n\t\t\t\t\tsrc=\"https:\/\/files.sunoresearch.com.br\/n\/uploads\/2023\/04\/1420x240-Planilha-vida-financeira-true.png\"\n\t\t\t\t\tdata-promo-id=\"106682\"\t\t\t\t\t\t\t\t\t\twidth='1420' height='240'\t\t\t\t\talt=\"https:\/\/files.sunoresearch.com.br\/n\/uploads\/2023\/04\/1420x240-Planilha-vida-financeira-true.png\"\n\t\t\t\t>\n\t\t\t<\/picture>\n\t\t<\/a>\n\t<\/p>\n\n\n<h2>Guedes sugere flexibilizar acordos e reduzir a tarifa do Mercosul<\/h2>\n<p>No m\u00eas passado, o ministro defendeu a redu\u00e7\u00e3o imediata da <a href=\"https:\/\/www.suno.com.br\/artigos\/uniao-aduaneira\/\">Tarifa Externa Comum (TEC) do bloco<\/a>. &#8220;At\u00e9 compreendemos a situa\u00e7\u00e3o de membros que possam ter dificuldade de baix\u00e1-la no momento, mas gostar\u00edamos de propor o movimento. Para o Brasil, \u00e9 importante reduzirmos&#8221;, disse Guedes.<\/p>\n<p>&#8220;Fizemos uma proposta de reduzirmos em 10%, ou seja, <strong>baixar a tarifa <\/strong>de um determinado produto de 30% para 27%. Isso n\u00e3o machuca ningu\u00e9m, \u00e9 s\u00f3 para mandar um sinal de que n\u00e3o estamos fechando a economia&#8221;, afirmou, em sess\u00e3o tem\u00e1tica do Senado que celebra os 30 anos do Tratado de Assun\u00e7\u00e3o, com o tema: &#8220;<a href=\"https:\/\/www.suno.com.br\/artigos\/mercosul\/#:~:text=O%20que%20%C3%A9%20o%20Mercosul,de%20Ouro%20Preto%20em%201994.\">Mercosul<\/a>, avan\u00e7os, desafios e perspectivas&#8221;.<\/p>\n<p>De acordo com o ministro, n\u00e3o \u00e9 a inten\u00e7\u00e3o do governo brasileiro abrir a economia de uma s\u00f3 vez, mas argumentou que essa redu\u00e7\u00e3o de 10% na TEC do <strong>Mercosul<\/strong> seria um primeiro passo nessa dire\u00e7\u00e3o.<\/p>\n<p><em>(Com informa\u00e7\u00f5es do Estad\u00e3o Conte\u00fado)<\/em><\/p>\n<p><span data-sheets-value=\"{&quot;1&quot;:2,&quot;2&quot;:&quot;&quot;}\" data-sheets-userformat=\"{&quot;2&quot;:513,&quot;3&quot;:{&quot;1&quot;:0},&quot;12&quot;:0}\">\t<p>\n\t\t<a href=\"https:\/\/lp.suno.com.br\/planilha-de-controle-de-investimentos\/\" target=\"_blank\" data-element=\"shortcode-suno-banner\" title=\"Banner SUNO, clique e saiba mais\">\n\t\t\t<picture>\n\t\t\t\t<source media=\"(max-width: 500px)\" srcset=\"https:\/\/files.sunoresearch.com.br\/n\/uploads\/2023\/03\/400x300-Controle-de-Investimentos.png\">\n\t\t\t\t<img class=\"newsContent__article__imgCapa newsContent__article__imgCapa--banner\"\n\t\t\t\t\tsrc=\"https:\/\/files.sunoresearch.com.br\/n\/uploads\/2023\/03\/1420x240-Controle-de-Investimentos.png\"\n\t\t\t\t\tdata-promo-id=\"75934\"\t\t\t\t\t\t\t\t\t\twidth='1420' height='240'\t\t\t\t\talt=\"https:\/\/files.sunoresearch.com.br\/n\/uploads\/2023\/03\/1420x240-Controle-de-Investimentos.png\"\n\t\t\t\t>\n\t\t\t<\/picture>\n\t\t<\/a>\n\t<\/p>\n\n<\/span><\/p>\n","protected":false},"excerpt":{"rendered":"<p>O ministro da Economia, Paulo Guedes, repetiu nesta quinta-feira (27) que o governo brasileiro n\u00e3o quer deixar o Mercosul, mas sim modernizar o bloco. &#8220;N\u00f3s n\u00e3o vamos sair do Mercosul. Queremos continuar a integra\u00e7\u00e3o, mas n\u00e3o est\u00e1 funcionando como deveria. Queremos fazer a moderniza\u00e7\u00e3o do Mercosul&#8221;, afirmou, em participa\u00e7\u00e3o em evento realizado pela Coaliz\u00e3o Ind\u00fastria. [&hellip;]<\/p>\n","protected":false},"author":15,"featured_media":130412,"comment_status":"closed","ping_status":"closed","sticky":false,"template":"","format":"standard","meta":[],"categories":[61],"tags":[868,909,796],"suno_strategy":[],"class_list":["post-151388","post","type-post","status-publish","format-standard","has-post-thumbnail","hentry","category-politica","tag-mercosul","tag-ministerio-da-economia","tag-paulo-guedes"],"yoast_head":"<!-- This site is optimized with the Yoast SEO plugin v24.4 - https:\/\/yoast.com\/wordpress\/plugins\/seo\/ -->\n<title>Mercosul: Guedes nega sa\u00edda, mas diz que Brasil quer modernizar o bloco<\/title>\n<meta name=\"description\" content=\"Guedes repetiu nesta quinta-feira (27) que o governo brasileiro n\u00e3o quer deixar o Mercosul, mas sim modernizar o bloco. Clique aqui\" \/>\n<meta name=\"robots\" content=\"index, follow, max-snippet:-1, max-image-preview:large, max-video-preview:-1\" \/>\n<link rel=\"canonical\" href=\"https:\/\/www.suno.com.br\/noticias\/mercosul-paulo-guedes-brasil-modernizar\/\" \/>\n<meta property=\"og:locale\" content=\"pt_BR\" \/>\n<meta property=\"og:type\" content=\"article\" \/>\n<meta property=\"og:title\" content=\"Mercosul: Guedes nega sa\u00edda, mas diz que Brasil quer modernizar o bloco\" \/>\n<meta property=\"og:description\" content=\"Guedes repetiu nesta quinta-feira (27) que o governo brasileiro n\u00e3o quer deixar o Mercosul, mas sim modernizar o bloco. Clique aqui\" \/>\n<meta property=\"og:url\" content=\"https:\/\/www.suno.com.br\/noticias\/mercosul-paulo-guedes-brasil-modernizar\/\" \/>\n<meta property=\"og:site_name\" content=\"Suno Not\u00edcias\" \/>\n<meta property=\"article:publisher\" content=\"https:\/\/facebook.com\/sunoresearch\" \/>\n<meta property=\"og:image\" content=\"https:\/\/files.sunoresearch.com.br\/n\/uploads\/2021\/03\/7c7882d5-paulo-guedes-foto-najara-araujo-camara-dos-deputados.jpg\" \/>\n\t<meta property=\"og:image:width\" content=\"1200\" \/>\n\t<meta property=\"og:image:height\" content=\"800\" \/>\n\t<meta property=\"og:image:type\" content=\"image\/jpeg\" \/>\n<meta name=\"author\" content=\"Poliana Santos\" \/>\n<meta name=\"twitter:card\" content=\"summary_large_image\" \/>\n<meta name=\"twitter:creator\" content=\"@sunoresearch\" \/>\n<meta name=\"twitter:site\" content=\"@sunoresearch\" \/>\n<meta name=\"twitter:label1\" content=\"Escrito por\" \/>\n\t<meta name=\"twitter:data1\" content=\"Poliana Santos\" \/>\n\t<meta name=\"twitter:label2\" content=\"Est. tempo de leitura\" \/>\n\t<meta name=\"twitter:data2\" content=\"2 minutos\" \/>\n<script type=\"application\/ld+json\" class=\"yoast-schema-graph\">{\"@context\":\"https:\/\/schema.org\",\"@graph\":[{\"@type\":\"NewsArticle\",\"@id\":\"https:\/\/www.suno.com.br\/noticias\/mercosul-paulo-guedes-brasil-modernizar\/#article\",\"isPartOf\":{\"@id\":\"https:\/\/www.suno.com.br\/noticias\/mercosul-paulo-guedes-brasil-modernizar\/\"},\"author\":{\"name\":\"Poliana Santos\",\"@id\":\"https:\/\/www.suno.com.br\/noticias\/#\/schema\/person\/02ec1f752758247878a2bf4abee1aeda\"},\"headline\":\"Mercosul: Guedes nega sa\u00edda, mas diz que Brasil quer modernizar o bloco\",\"datePublished\":\"2021-05-27T17:47:07+00:00\",\"dateModified\":\"2021-05-28T17:04:23+00:00\",\"mainEntityOfPage\":{\"@id\":\"https:\/\/www.suno.com.br\/noticias\/mercosul-paulo-guedes-brasil-modernizar\/\"},\"wordCount\":424,\"publisher\":{\"@id\":\"https:\/\/www.suno.com.br\/noticias\/#organization\"},\"image\":{\"@id\":\"https:\/\/www.suno.com.br\/noticias\/mercosul-paulo-guedes-brasil-modernizar\/#primaryimage\"},\"thumbnailUrl\":\"https:\/\/files.sunoresearch.com.br\/n\/uploads\/2021\/03\/7c7882d5-paulo-guedes-foto-najara-araujo-camara-dos-deputados-jpg.webp\",\"keywords\":[\"Mercosul\",\"Minist\u00e9rio da Economia\",\"Paulo Guedes\"],\"articleSection\":[\"Pol\u00edtica\"],\"inLanguage\":\"pt-BR\"},{\"@type\":\"WebPage\",\"@id\":\"https:\/\/www.suno.com.br\/noticias\/mercosul-paulo-guedes-brasil-modernizar\/\",\"url\":\"https:\/\/www.suno.com.br\/noticias\/mercosul-paulo-guedes-brasil-modernizar\/\",\"name\":\"Mercosul: Guedes nega sa\u00edda, mas diz que Brasil quer modernizar o bloco\",\"isPartOf\":{\"@id\":\"https:\/\/www.suno.com.br\/noticias\/#website\"},\"primaryImageOfPage\":{\"@id\":\"https:\/\/www.suno.com.br\/noticias\/mercosul-paulo-guedes-brasil-modernizar\/#primaryimage\"},\"image\":{\"@id\":\"https:\/\/www.suno.com.br\/noticias\/mercosul-paulo-guedes-brasil-modernizar\/#primaryimage\"},\"thumbnailUrl\":\"https:\/\/files.sunoresearch.com.br\/n\/uploads\/2021\/03\/7c7882d5-paulo-guedes-foto-najara-araujo-camara-dos-deputados-jpg.webp\",\"datePublished\":\"2021-05-27T17:47:07+00:00\",\"dateModified\":\"2021-05-28T17:04:23+00:00\",\"description\":\"Guedes repetiu nesta quinta-feira (27) que o governo brasileiro n\u00e3o quer deixar o Mercosul, mas sim modernizar o bloco. Clique aqui\",\"breadcrumb\":{\"@id\":\"https:\/\/www.suno.com.br\/noticias\/mercosul-paulo-guedes-brasil-modernizar\/#breadcrumb\"},\"inLanguage\":\"pt-BR\",\"potentialAction\":[{\"@type\":\"ReadAction\",\"target\":[\"https:\/\/www.suno.com.br\/noticias\/mercosul-paulo-guedes-brasil-modernizar\/\"]}]},{\"@type\":\"ImageObject\",\"inLanguage\":\"pt-BR\",\"@id\":\"https:\/\/www.suno.com.br\/noticias\/mercosul-paulo-guedes-brasil-modernizar\/#primaryimage\",\"url\":\"https:\/\/files.sunoresearch.com.br\/n\/uploads\/2021\/03\/7c7882d5-paulo-guedes-foto-najara-araujo-camara-dos-deputados-jpg.webp\",\"contentUrl\":\"https:\/\/files.sunoresearch.com.br\/n\/uploads\/2021\/03\/7c7882d5-paulo-guedes-foto-najara-araujo-camara-dos-deputados-jpg.webp\",\"width\":1200,\"height\":800,\"caption\":\"Guedes tem se reunido com o MME e o Presidente da Petrobras recentemente, para discutir solu\u00e7\u00f5es para alta da gasolina - Foto: Najara Araujo, C\u00e2mara dos Deputados.\"},{\"@type\":\"BreadcrumbList\",\"@id\":\"https:\/\/www.suno.com.br\/noticias\/mercosul-paulo-guedes-brasil-modernizar\/#breadcrumb\",\"itemListElement\":[{\"@type\":\"ListItem\",\"position\":1,\"name\":\"Not\u00edcias\",\"item\":\"https:\/\/www.suno.com.br\/noticias\/\"},{\"@type\":\"ListItem\",\"position\":2,\"name\":\"Pol\u00edtica\",\"item\":\"https:\/\/www.suno.com.br\/noticias\/politica\/\"},{\"@type\":\"ListItem\",\"position\":3,\"name\":\"Mercosul: Guedes nega sa\u00edda, mas diz que Brasil quer modernizar o bloco\"}]},{\"@type\":\"WebSite\",\"@id\":\"https:\/\/www.suno.com.br\/noticias\/#website\",\"url\":\"https:\/\/www.suno.com.br\/noticias\/\",\"name\":\"Suno Not\u00edcias\",\"description\":\"Seu portal de informa\u00e7\u00e3o sobre o mundo dos investimentos\",\"publisher\":{\"@id\":\"https:\/\/www.suno.com.br\/noticias\/#organization\"},\"potentialAction\":[{\"@type\":\"SearchAction\",\"target\":{\"@type\":\"EntryPoint\",\"urlTemplate\":\"https:\/\/www.suno.com.br\/noticias\/?s={search_term_string}\"},\"query-input\":{\"@type\":\"PropertyValueSpecification\",\"valueRequired\":true,\"valueName\":\"search_term_string\"}}],\"inLanguage\":\"pt-BR\"},{\"@type\":\"Organization\",\"@id\":\"https:\/\/www.suno.com.br\/noticias\/#organization\",\"name\":\"Suno Not\u00edcias\",\"url\":\"https:\/\/www.suno.com.br\/noticias\/\",\"logo\":{\"@type\":\"ImageObject\",\"inLanguage\":\"pt-BR\",\"@id\":\"https:\/\/www.suno.com.br\/noticias\/#\/schema\/logo\/image\/\",\"url\":\"https:\/\/files.sunoresearch.com.br\/n\/uploads\/2021\/09\/suno-logo.png\",\"contentUrl\":\"https:\/\/files.sunoresearch.com.br\/n\/uploads\/2021\/09\/suno-logo.png\",\"width\":180,\"height\":180,\"caption\":\"Suno Not\u00edcias\"},\"image\":{\"@id\":\"https:\/\/www.suno.com.br\/noticias\/#\/schema\/logo\/image\/\"},\"sameAs\":[\"https:\/\/facebook.com\/sunoresearch\",\"https:\/\/x.com\/sunoresearch\",\"https:\/\/www.instagram.com\/suno\",\"https:\/\/www.linkedin.com\/company\/suno-research\/\",\"https:\/\/www.youtube.com\/c\/sunoresearch\"]},{\"@type\":\"Person\",\"@id\":\"https:\/\/www.suno.com.br\/noticias\/#\/schema\/person\/02ec1f752758247878a2bf4abee1aeda\",\"name\":\"Poliana Santos\",\"image\":{\"@type\":\"ImageObject\",\"inLanguage\":\"pt-BR\",\"@id\":\"https:\/\/www.suno.com.br\/noticias\/#\/schema\/person\/image\/\",\"url\":\"https:\/\/secure.gravatar.com\/avatar\/0645bd32f23d87b2130f2b2dff1d3f8d?s=96&r=g\",\"contentUrl\":\"https:\/\/secure.gravatar.com\/avatar\/0645bd32f23d87b2130f2b2dff1d3f8d?s=96&r=g\",\"caption\":\"Poliana Santos\"},\"description\":\"Rep\u00f3rter no Suno Not\u00edcias, com cobertura em mercado financeiro, economia, finan\u00e7as pessoais, renda fixa e varejo. Jornalista formada pela Faculdade C\u00e1sper L\u00edbero e possui passagem na R\u00e1dio Gazeta AM com a produ\u00e7\u00e3o de conte\u00fado sobre economia, pol\u00edtica, sa\u00fade, moda e m\u00fasica. Possui certificado de conclus\u00e3o do curso de An\u00e1lise de Balan\u00e7os pela Funda\u00e7\u00e3o Bradesco, Agenda Brasil pela FAAP, Educa\u00e7\u00e3o Pol\u00edtica por Alexandre Garcia e do Tesouro Direto e Mercado de A\u00e7\u00f5es pela B3.\",\"url\":\"https:\/\/www.suno.com.br\/noticias\/author\/poliana-santos\/\"}]}<\/script>\n<!-- \/ Yoast SEO plugin. -->","yoast_head_json":{"title":"Mercosul: Guedes nega sa\u00edda, mas diz que Brasil quer modernizar o bloco","description":"Guedes repetiu nesta quinta-feira (27) que o governo brasileiro n\u00e3o quer deixar o Mercosul, mas sim modernizar o bloco. Clique aqui","robots":{"index":"index","follow":"follow","max-snippet":"max-snippet:-1","max-image-preview":"max-image-preview:large","max-video-preview":"max-video-preview:-1"},"canonical":"https:\/\/www.suno.com.br\/noticias\/mercosul-paulo-guedes-brasil-modernizar\/","og_locale":"pt_BR","og_type":"article","og_title":"Mercosul: Guedes nega sa\u00edda, mas diz que Brasil quer modernizar o bloco","og_description":"Guedes repetiu nesta quinta-feira (27) que o governo brasileiro n\u00e3o quer deixar o Mercosul, mas sim modernizar o bloco. Clique aqui","og_url":"https:\/\/www.suno.com.br\/noticias\/mercosul-paulo-guedes-brasil-modernizar\/","og_site_name":"Suno Not\u00edcias","article_publisher":"https:\/\/facebook.com\/sunoresearch","og_image":[{"width":1200,"height":800,"url":"https:\/\/files.sunoresearch.com.br\/n\/uploads\/2021\/03\/7c7882d5-paulo-guedes-foto-najara-araujo-camara-dos-deputados.jpg","type":"image\/jpeg"}],"author":"Poliana Santos","twitter_card":"summary_large_image","twitter_creator":"@sunoresearch","twitter_site":"@sunoresearch","twitter_misc":{"Escrito por":"Poliana Santos","Est. tempo de leitura":"2 minutos"},"schema":{"@context":"https:\/\/schema.org","@graph":[{"@type":"NewsArticle","@id":"https:\/\/www.suno.com.br\/noticias\/mercosul-paulo-guedes-brasil-modernizar\/#article","isPartOf":{"@id":"https:\/\/www.suno.com.br\/noticias\/mercosul-paulo-guedes-brasil-modernizar\/"},"author":{"name":"Poliana Santos","@id":"https:\/\/www.suno.com.br\/noticias\/#\/schema\/person\/02ec1f752758247878a2bf4abee1aeda"},"headline":"Mercosul: Guedes nega sa\u00edda, mas diz que Brasil quer modernizar o bloco","datePublished":"2021-05-27T17:47:07+00:00","dateModified":"2021-05-28T17:04:23+00:00","mainEntityOfPage":{"@id":"https:\/\/www.suno.com.br\/noticias\/mercosul-paulo-guedes-brasil-modernizar\/"},"wordCount":424,"publisher":{"@id":"https:\/\/www.suno.com.br\/noticias\/#organization"},"image":{"@id":"https:\/\/www.suno.com.br\/noticias\/mercosul-paulo-guedes-brasil-modernizar\/#primaryimage"},"thumbnailUrl":"https:\/\/files.sunoresearch.com.br\/n\/uploads\/2021\/03\/7c7882d5-paulo-guedes-foto-najara-araujo-camara-dos-deputados-jpg.webp","keywords":["Mercosul","Minist\u00e9rio da Economia","Paulo Guedes"],"articleSection":["Pol\u00edtica"],"inLanguage":"pt-BR"},{"@type":"WebPage","@id":"https:\/\/www.suno.com.br\/noticias\/mercosul-paulo-guedes-brasil-modernizar\/","url":"https:\/\/www.suno.com.br\/noticias\/mercosul-paulo-guedes-brasil-modernizar\/","name":"Mercosul: Guedes nega sa\u00edda, mas diz que Brasil quer modernizar o bloco","isPartOf":{"@id":"https:\/\/www.suno.com.br\/noticias\/#website"},"primaryImageOfPage":{"@id":"https:\/\/www.suno.com.br\/noticias\/mercosul-paulo-guedes-brasil-modernizar\/#primaryimage"},"image":{"@id":"https:\/\/www.suno.com.br\/noticias\/mercosul-paulo-guedes-brasil-modernizar\/#primaryimage"},"thumbnailUrl":"https:\/\/files.sunoresearch.com.br\/n\/uploads\/2021\/03\/7c7882d5-paulo-guedes-foto-najara-araujo-camara-dos-deputados-jpg.webp","datePublished":"2021-05-27T17:47:07+00:00","dateModified":"2021-05-28T17:04:23+00:00","description":"Guedes repetiu nesta quinta-feira (27) que o governo brasileiro n\u00e3o quer deixar o Mercosul, mas sim modernizar o bloco. Clique aqui","breadcrumb":{"@id":"https:\/\/www.suno.com.br\/noticias\/mercosul-paulo-guedes-brasil-modernizar\/#breadcrumb"},"inLanguage":"pt-BR","potentialAction":[{"@type":"ReadAction","target":["https:\/\/www.suno.com.br\/noticias\/mercosul-paulo-guedes-brasil-modernizar\/"]}]},{"@type":"ImageObject","inLanguage":"pt-BR","@id":"https:\/\/www.suno.com.br\/noticias\/mercosul-paulo-guedes-brasil-modernizar\/#primaryimage","url":"https:\/\/files.sunoresearch.com.br\/n\/uploads\/2021\/03\/7c7882d5-paulo-guedes-foto-najara-araujo-camara-dos-deputados-jpg.webp","contentUrl":"https:\/\/files.sunoresearch.com.br\/n\/uploads\/2021\/03\/7c7882d5-paulo-guedes-foto-najara-araujo-camara-dos-deputados-jpg.webp","width":1200,"height":800,"caption":"Guedes tem se reunido com o MME e o Presidente da Petrobras recentemente, para discutir solu\u00e7\u00f5es para alta da gasolina - Foto: Najara Araujo, C\u00e2mara dos Deputados."},{"@type":"BreadcrumbList","@id":"https:\/\/www.suno.com.br\/noticias\/mercosul-paulo-guedes-brasil-modernizar\/#breadcrumb","itemListElement":[{"@type":"ListItem","position":1,"name":"Not\u00edcias","item":"https:\/\/www.suno.com.br\/noticias\/"},{"@type":"ListItem","position":2,"name":"Pol\u00edtica","item":"https:\/\/www.suno.com.br\/noticias\/politica\/"},{"@type":"ListItem","position":3,"name":"Mercosul: Guedes nega sa\u00edda, mas diz que Brasil quer modernizar o bloco"}]},{"@type":"WebSite","@id":"https:\/\/www.suno.com.br\/noticias\/#website","url":"https:\/\/www.suno.com.br\/noticias\/","name":"Suno Not\u00edcias","description":"Seu portal de informa\u00e7\u00e3o sobre o mundo dos investimentos","publisher":{"@id":"https:\/\/www.suno.com.br\/noticias\/#organization"},"potentialAction":[{"@type":"SearchAction","target":{"@type":"EntryPoint","urlTemplate":"https:\/\/www.suno.com.br\/noticias\/?s={search_term_string}"},"query-input":{"@type":"PropertyValueSpecification","valueRequired":true,"valueName":"search_term_string"}}],"inLanguage":"pt-BR"},{"@type":"Organization","@id":"https:\/\/www.suno.com.br\/noticias\/#organization","name":"Suno Not\u00edcias","url":"https:\/\/www.suno.com.br\/noticias\/","logo":{"@type":"ImageObject","inLanguage":"pt-BR","@id":"https:\/\/www.suno.com.br\/noticias\/#\/schema\/logo\/image\/","url":"https:\/\/files.sunoresearch.com.br\/n\/uploads\/2021\/09\/suno-logo.png","contentUrl":"https:\/\/files.sunoresearch.com.br\/n\/uploads\/2021\/09\/suno-logo.png","width":180,"height":180,"caption":"Suno Not\u00edcias"},"image":{"@id":"https:\/\/www.suno.com.br\/noticias\/#\/schema\/logo\/image\/"},"sameAs":["https:\/\/facebook.com\/sunoresearch","https:\/\/x.com\/sunoresearch","https:\/\/www.instagram.com\/suno","https:\/\/www.linkedin.com\/company\/suno-research\/","https:\/\/www.youtube.com\/c\/sunoresearch"]},{"@type":"Person","@id":"https:\/\/www.suno.com.br\/noticias\/#\/schema\/person\/02ec1f752758247878a2bf4abee1aeda","name":"Poliana Santos","image":{"@type":"ImageObject","inLanguage":"pt-BR","@id":"https:\/\/www.suno.com.br\/noticias\/#\/schema\/person\/image\/","url":"https:\/\/secure.gravatar.com\/avatar\/0645bd32f23d87b2130f2b2dff1d3f8d?s=96&r=g","contentUrl":"https:\/\/secure.gravatar.com\/avatar\/0645bd32f23d87b2130f2b2dff1d3f8d?s=96&r=g","caption":"Poliana Santos"},"description":"Rep\u00f3rter no Suno Not\u00edcias, com cobertura em mercado financeiro, economia, finan\u00e7as pessoais, renda fixa e varejo. Jornalista formada pela Faculdade C\u00e1sper L\u00edbero e possui passagem na R\u00e1dio Gazeta AM com a produ\u00e7\u00e3o de conte\u00fado sobre economia, pol\u00edtica, sa\u00fade, moda e m\u00fasica. Possui certificado de conclus\u00e3o do curso de An\u00e1lise de Balan\u00e7os pela Funda\u00e7\u00e3o Bradesco, Agenda Brasil pela FAAP, Educa\u00e7\u00e3o Pol\u00edtica por Alexandre Garcia e do Tesouro Direto e Mercado de A\u00e7\u00f5es pela B3.","url":"https:\/\/www.suno.com.br\/noticias\/author\/poliana-santos\/"}]}},"default_loop_html":"<div class=\"cardsPage__listCard__boxs\"><div class=\"cardsPage__listCard__boxs__img\"><a href=\"https:\/\/www.suno.com.br\/noticias\/mercosul-paulo-guedes-brasil-modernizar\/\"><img class=\"mask\" src=\"https:\/\/www.suno.com.br\/noticias\/wp-content\/themes\/suno\/resources\/images\/spotlight\/spotlight1img\/bg-mask.png\" alt=\"Image Mask\"\/><img src=\"https:\/\/files.sunoresearch.com.br\/n\/uploads\/2021\/03\/7c7882d5-paulo-guedes-foto-najara-araujo-camara-dos-deputados-400x200.webp\" alt=\"Mercosul: Guedes nega sa\u00edda, mas diz que Brasil quer modernizar o bloco\"\/><\/a><span class=\"spotlightCategory\"><a href=\"https:\/\/www.suno.com.br\/noticias\/politica\/\">Pol\u00edtica<\/a><\/span><\/div><div class=\"cardsPage__listCard__boxs__content\"><a href=\"https:\/\/www.suno.com.br\/noticias\/mercosul-paulo-guedes-brasil-modernizar\/\"><h2 class=\"content__title\">Mercosul: Guedes nega sa\u00edda, mas diz que Brasil quer modernizar o bloco<\/h2><\/a><div class=\"newsContent__article__meta\"><div class=\"newsContent__article__meta__authorBox\"><a href=\"https:\/\/www.suno.com.br\/noticias\/author\/poliana-santos\/\" class=\"authorBox__avatar noMobi\"><img src=\"https:\/\/files.sunoresearch.com.br\/n\/uploads\/2020\/08\/7ef34026-whatsapp-image-2020-08-03-at-12.37.57-150x150.webp\" alt=\"Poliana Santos\"><\/a><div class=\"authorBox__name\"><span>por\n\t\t\t<a href=\"https:\/\/www.suno.com.br\/noticias\/author\/poliana-santos\/\"><span itemprop=\"author\">Poliana Santos<\/span><\/a><\/span><time datetime=\"2021-05-27T14:47:07-03:00\" itemprop=\"datePublished\">27\/05\/2021 14:47<\/time><\/div><\/div><\/div><\/div><\/div>","single_layout":"posts","amp_enabled":true,"_links":{"self":[{"href":"https:\/\/www.suno.com.br\/noticias\/wp-json\/wp\/v2\/posts\/151388"}],"collection":[{"href":"https:\/\/www.suno.com.br\/noticias\/wp-json\/wp\/v2\/posts"}],"about":[{"href":"https:\/\/www.suno.com.br\/noticias\/wp-json\/wp\/v2\/types\/post"}],"author":[{"embeddable":true,"href":"https:\/\/www.suno.com.br\/noticias\/wp-json\/wp\/v2\/users\/15"}],"replies":[{"embeddable":true,"href":"https:\/\/www.suno.com.br\/noticias\/wp-json\/wp\/v2\/comments?post=151388"}],"version-history":[{"count":4,"href":"https:\/\/www.suno.com.br\/noticias\/wp-json\/wp\/v2\/posts\/151388\/revisions"}],"predecessor-version":[{"id":151752,"href":"https:\/\/www.suno.com.br\/noticias\/wp-json\/wp\/v2\/posts\/151388\/revisions\/151752"}],"wp:featuredmedia":[{"embeddable":true,"href":"https:\/\/www.suno.com.br\/noticias\/wp-json\/wp\/v2\/media\/130412"}],"wp:attachment":[{"href":"https:\/\/www.suno.com.br\/noticias\/wp-json\/wp\/v2\/media?parent=151388"}],"wp:term":[{"taxonomy":"category","embeddable":true,"href":"https:\/\/www.suno.com.br\/noticias\/wp-json\/wp\/v2\/categories?post=151388"},{"taxonomy":"post_tag","embeddable":true,"href":"https:\/\/www.suno.com.br\/noticias\/wp-json\/wp\/v2\/tags?post=151388"},{"taxonomy":"suno_strategy","embeddable":true,"href":"https:\/\/www.suno.com.br\/noticias\/wp-json\/wp\/v2\/suno_strategy?post=151388"}],"curies":[{"name":"wp","href":"https:\/\/api.w.org\/{rel}","templated":true}]}}