{"id":15127,"date":"2019-02-13T11:13:36","date_gmt":"2019-02-13T13:13:36","guid":{"rendered":"https:\/\/www.suno.com.br\/noticias\/?p=15127"},"modified":"2019-02-13T11:13:36","modified_gmt":"2019-02-13T13:13:36","slug":"editora-abril-tem-risco-de-falencia-por-falta-de-acordo-sobre-divida","status":"publish","type":"post","link":"https:\/\/www.suno.com.br\/noticias\/editora-abril-tem-risco-de-falencia-por-falta-de-acordo-sobre-divida\/","title":{"rendered":"Editora Abril tem risco de fal\u00eancia por falta de acordo sobre d\u00edvida"},"content":{"rendered":"<p>A falta de acordo sobre a <strong>d\u00edvida<\/strong> da Editora Abril poderia levar a <strong>fal\u00eancia<\/strong> da empresa. As negocia\u00e7\u00f5es ente os bancos <strong>credores<\/strong> e os <strong>empres\u00e1rios<\/strong> interessados em adquirir a editora n\u00e3o foram positivas.<\/p>\t<div class=\"wrapper-featured-image\">\n\t\t<figure class=\"spotlightImg\">\n\n\t\t\t<picture>\n\t\t\t\t<source media=\"(max-width: 768px)\" srcset=\"https:\/\/files.sunoresearch.com.br\/n\/uploads\/2018\/12\/91b6763a-grupo-abril-400x200.webp\">\n\t\t\t\t<img loading=\"lazy\" decoding=\"async\" class=\"newsContent__article__imgCapa lazyloadDisabled newsContent__article__imgCapa--noCaption\" src=\"https:\/\/files.sunoresearch.com.br\/n\/uploads\/2018\/12\/91b6763a-grupo-abril-jpg.webp\" width=\"800\" height=\"450\" alt=\"Editora Abril tem risco de fal\u00eancia por falta de acordo sobre d\u00edvida\" fetchpriority=high \/>\n\t\t\t<\/picture>\n\n\t\t\t<figcaption class=\"wp-caption-text wp-caption-text--hide\">Grupo Abril<\/figcaption>\n\t\t<\/figure>\n\t<\/div>\n\n\n<p>Segundo o jornal &#8220;Folha de S.Paulo&#8221;, fontes pr\u00f3ximas as negocia\u00e7\u00f5es informaram que a proposta de adquirir a d\u00edvida da <strong>Editora<\/strong>\u00a0<strong>Abril<\/strong> n\u00e3o foi considerada suficiente pelos <strong>bancos.<\/strong> O grupo tem ma <strong>d\u00edvida<\/strong> que supera R$ 1,6 bilh\u00e3o. Sem acordo entre bancos e empres\u00e1rios, o plano de <strong>recupera\u00e7\u00e3o judiciaria<\/strong> poderia ser rejeitado e decretada a fal\u00eancia da empresa.<\/p>\n<p><a href=\"https:\/\/www.suno.com.br\/noticias\/grupo-abril-comprado-fabio-carvalho\/\">Saiba mais: Grupo Abril \u00e9 comprado por F\u00e1bio Carvalho\u00a0<\/a><\/p>\n<p>Os maiores detentores da d\u00edvida da\u00a0<strong>Abril<\/strong> dever\u00e3o aprovar, ou rejeitar, o plano de <strong>recupera\u00e7\u00e3o<\/strong> durante a <strong>assembleia<\/strong> convocada para o dia 19 de mar\u00e7o.\u00a0\u00a0A maior <strong>editora de revistas<\/strong> da <strong>Am\u00e9rica Latina<\/strong> tem suas principais d\u00edvidas com o <strong>Ita\u00fa, Bradesco<\/strong> e <strong>Santander,<\/strong> al\u00e9m de outros <strong>credores.<\/strong> Al\u00e9m disso, tem R$ 90 milh\u00f5es de <strong>d\u00edvidas<\/strong>\u00a0<strong>trabalhistas<\/strong> com <strong>ex-funcion\u00e1rios.<\/strong><\/p>\n<h2>Recupera\u00e7\u00e3o judicial<\/h2>\n<p>A <strong>Abril<\/strong> est\u00e1 em <a href=\"https:\/\/www.suno.com.br\/artigos\/recuperacao-judicial\/\"><strong>recupera\u00e7\u00e3o judicial<\/strong><\/a> desde agosto. E um dos maiores problemas desse processo \u00e9 que a <strong>empresa<\/strong> tem uma <strong>d\u00edvida<\/strong> muito alta e poucos <strong>ativos<\/strong>.Eles se resumem basicamente ao pr\u00e9dio da gr\u00e1fica em <strong>S\u00e3o Paulo<\/strong> e as marcas das <strong>revistas.<\/strong><\/p>\n<p><a href=\"https:\/\/www.suno.com.br\/noticias\/editoras-questionam-cade-venda-abril\/\">Saiba mais: Editoras questionam no Cade venda do Grupo Abril a F\u00e1bio Carvalho\u00a0<\/a><\/p>\n<p>Em dezembro de 2018 a fam\u00edlia <strong>Civita,<\/strong> fundadora da <strong>Abril,<\/strong> vendeu sua participa\u00e7\u00e3o no grupo para o empres\u00e1rio <strong>F\u00e1bio Carvalho.<\/strong> A opera\u00e7\u00e3o foi realizada com o apoio do banco <strong>BTG,<\/strong> mas n\u00e3o resolveu a quest\u00e3o da <strong>d\u00edvida banc\u00e1ria.<\/strong> O ponto mais delicado para o futuro da Abril.\u00a0Se nenhum acordo for alcan\u00e7ado com os principais <strong>credores,<\/strong> eles poderiam at\u00e9 tomar o controle da <strong>empresa.<\/strong> Ou, simplesmente, rejeitar o plano de recupera\u00e7\u00e3o judicial e levar a fal\u00eancia a Abril.<\/p>\n<p>Se de um lado os bancos credores n\u00e3o querem ser respons\u00e1veis pela quebra da <strong>editora.<\/strong> Por outro lado, o corte das d\u00edvidas previsto nas propostas em discuss\u00e3o \u00e9 muito relevante.<\/p>\n<h2>Tr\u00eas frentes de negocia\u00e7\u00e3o<\/h2>\n<p>A negocia\u00e7\u00e3o com os bancos \u00e9 levada adiante por tr\u00eas grupos:<\/p>\n<ul>\n<li><strong>Enforce,<\/strong> bra\u00e7o de recupera\u00e7\u00e3o de ativos do <strong>BTG<\/strong><\/li>\n<li><strong>Guilder Capital,<\/strong> em conjunto com um grupo de empres\u00e1rios<\/li>\n<li><strong>Jive Asset Management,<\/strong> especialistas em empresas em crise<\/li>\n<\/ul>\n<p>A proposta da <strong>Enforce<\/strong> prev\u00ea o pagamento de apenas 8% das d\u00edvidas. Entretanto, n\u00e3o inclui participa\u00e7\u00e3o na venda posterior de <strong>ativos.<\/strong>\u00a0A Enforce trabalha com F\u00e1bio Carvalho, e a proposta prev\u00ea que o empres\u00e1rio administraria a empresa. Por sua vez, o <strong>BTG<\/strong> utilizaria a base de clientes da revista <strong>&#8220;Exame&#8221;.<\/strong> O objetivo do banco \u00e9 lan\u00e7ar uma <strong>plataforma de not\u00edcias financeiras<\/strong> partido da maior revista de <strong>economia<\/strong> do <strong>Brasil.<\/strong><\/p>\n<p>Por sua vez, a <strong>Jive<\/strong> apresentou uma proposta de pagamento de 3% do cr\u00e9dito, com a participa\u00e7\u00e3o em 20% dos valores obtidos vendendo os ativos da empresa. Ao contr\u00e1rio, a\u00a0<strong>Guilder Capital<\/strong> apresentou uma proposta que prev\u00ea o pagamento imediato de um valor simb\u00f3lico de R$ 1.000, quitar as d\u00edvidas dos <strong>ex-funcion\u00e1rios<\/strong> com as vendas dos ativos e s\u00f3 depois pagar os bancos. Nesse caso, as institui\u00e7\u00f5es financeiras receberiam seu dinheiro de volta somente ao longo dos anos.<\/p>\n<p>A proposta da <strong>Guilder<\/strong> \u00e9 de longo prazo e teria o apoio de um grupo de empres\u00e1rios que quis se manter an\u00f4nimo. O objetivo \u00e9 criar uma funda\u00e7\u00e3o para recuperar e gerir a <strong>Editora Abril,<\/strong> garantindo assim sua <strong>independ\u00eancia jornalistica.<\/strong><\/p>\n","protected":false},"excerpt":{"rendered":"<p>A falta de acordo sobre a d\u00edvida da Editora Abril poderia levar a fal\u00eancia da empresa. As negocia\u00e7\u00f5es ente os bancos credores e os empres\u00e1rios interessados em adquirir a editora n\u00e3o foram positivas. Grupo Abril Segundo o jornal &#8220;Folha de S.Paulo&#8221;, fontes pr\u00f3ximas as negocia\u00e7\u00f5es informaram que a proposta de adquirir a d\u00edvida da Editora\u00a0Abril [&hellip;]<\/p>\n","protected":false},"author":9,"featured_media":9613,"comment_status":"closed","ping_status":"closed","sticky":false,"template":"","format":"standard","meta":[],"categories":[60],"tags":[289,898,314],"suno_strategy":[],"class_list":["post-15127","post","type-post","status-publish","format-standard","has-post-thumbnail","hentry","category-mercado","tag-bancos","tag-grupo-abril","tag-recuperacao-judicial"],"yoast_head":"<!-- This site is optimized with the Yoast SEO plugin v24.4 - https:\/\/yoast.com\/wordpress\/plugins\/seo\/ -->\n<title>Editora Abril tem risco de fal\u00eancia por falta de acordo sobre d\u00edvida<\/title>\n<meta name=\"description\" content=\"A falta de acordo sobre a d\u00edvida da Editora Abril poderia levar a fal\u00eancia da empresa. Clique aqui para saber mais.\" \/>\n<meta name=\"robots\" content=\"index, follow, max-snippet:-1, max-image-preview:large, max-video-preview:-1\" \/>\n<link rel=\"canonical\" href=\"https:\/\/www.suno.com.br\/noticias\/editora-abril-tem-risco-de-falencia-por-falta-de-acordo-sobre-divida\/\" \/>\n<meta property=\"og:locale\" content=\"pt_BR\" \/>\n<meta property=\"og:type\" content=\"article\" \/>\n<meta property=\"og:title\" content=\"Editora Abril tem risco de fal\u00eancia por falta de acordo sobre d\u00edvida\" \/>\n<meta property=\"og:description\" content=\"A falta de acordo sobre a d\u00edvida da Editora Abril poderia levar a fal\u00eancia da empresa. Clique aqui para saber mais.\" \/>\n<meta property=\"og:url\" content=\"https:\/\/www.suno.com.br\/noticias\/editora-abril-tem-risco-de-falencia-por-falta-de-acordo-sobre-divida\/\" \/>\n<meta property=\"og:site_name\" content=\"Suno Not\u00edcias\" \/>\n<meta property=\"article:publisher\" content=\"https:\/\/facebook.com\/sunoresearch\" \/>\n<meta property=\"og:image\" content=\"https:\/\/files.sunoresearch.com.br\/n\/uploads\/2018\/12\/91b6763a-grupo-abril.jpg\" \/>\n\t<meta property=\"og:image:width\" content=\"615\" \/>\n\t<meta property=\"og:image:height\" content=\"300\" \/>\n\t<meta property=\"og:image:type\" content=\"image\/jpeg\" \/>\n<meta name=\"author\" content=\"Carlo Cauti\" \/>\n<meta name=\"twitter:card\" content=\"summary_large_image\" \/>\n<meta name=\"twitter:creator\" content=\"@sunoresearch\" \/>\n<meta name=\"twitter:site\" content=\"@sunoresearch\" \/>\n<meta name=\"twitter:label1\" content=\"Escrito por\" \/>\n\t<meta name=\"twitter:data1\" content=\"Carlo Cauti\" \/>\n\t<meta name=\"twitter:label2\" content=\"Est. tempo de leitura\" \/>\n\t<meta name=\"twitter:data2\" content=\"3 minutos\" \/>\n<script type=\"application\/ld+json\" class=\"yoast-schema-graph\">{\"@context\":\"https:\/\/schema.org\",\"@graph\":[{\"@type\":\"NewsArticle\",\"@id\":\"https:\/\/www.suno.com.br\/noticias\/editora-abril-tem-risco-de-falencia-por-falta-de-acordo-sobre-divida\/#article\",\"isPartOf\":{\"@id\":\"https:\/\/www.suno.com.br\/noticias\/editora-abril-tem-risco-de-falencia-por-falta-de-acordo-sobre-divida\/\"},\"author\":{\"name\":\"Carlo Cauti\",\"@id\":\"https:\/\/www.suno.com.br\/noticias\/#\/schema\/person\/e6e0f723cc177805027f4566c1d5e0c8\"},\"headline\":\"Editora Abril tem risco de fal\u00eancia por falta de acordo sobre d\u00edvida\",\"datePublished\":\"2019-02-13T13:13:36+00:00\",\"mainEntityOfPage\":{\"@id\":\"https:\/\/www.suno.com.br\/noticias\/editora-abril-tem-risco-de-falencia-por-falta-de-acordo-sobre-divida\/\"},\"wordCount\":624,\"publisher\":{\"@id\":\"https:\/\/www.suno.com.br\/noticias\/#organization\"},\"image\":{\"@id\":\"https:\/\/www.suno.com.br\/noticias\/editora-abril-tem-risco-de-falencia-por-falta-de-acordo-sobre-divida\/#primaryimage\"},\"thumbnailUrl\":\"https:\/\/files.sunoresearch.com.br\/n\/uploads\/2018\/12\/91b6763a-grupo-abril-jpg.webp\",\"keywords\":[\"bancos\",\"Grupo Abril\",\"recupera\u00e7\u00e3o judicial\"],\"articleSection\":[\"Mercado\"],\"inLanguage\":\"pt-BR\"},{\"@type\":\"WebPage\",\"@id\":\"https:\/\/www.suno.com.br\/noticias\/editora-abril-tem-risco-de-falencia-por-falta-de-acordo-sobre-divida\/\",\"url\":\"https:\/\/www.suno.com.br\/noticias\/editora-abril-tem-risco-de-falencia-por-falta-de-acordo-sobre-divida\/\",\"name\":\"Editora Abril tem risco de fal\u00eancia por falta de acordo sobre d\u00edvida\",\"isPartOf\":{\"@id\":\"https:\/\/www.suno.com.br\/noticias\/#website\"},\"primaryImageOfPage\":{\"@id\":\"https:\/\/www.suno.com.br\/noticias\/editora-abril-tem-risco-de-falencia-por-falta-de-acordo-sobre-divida\/#primaryimage\"},\"image\":{\"@id\":\"https:\/\/www.suno.com.br\/noticias\/editora-abril-tem-risco-de-falencia-por-falta-de-acordo-sobre-divida\/#primaryimage\"},\"thumbnailUrl\":\"https:\/\/files.sunoresearch.com.br\/n\/uploads\/2018\/12\/91b6763a-grupo-abril-jpg.webp\",\"datePublished\":\"2019-02-13T13:13:36+00:00\",\"description\":\"A falta de acordo sobre a d\u00edvida da Editora Abril poderia levar a fal\u00eancia da empresa. Clique aqui para saber mais.\",\"breadcrumb\":{\"@id\":\"https:\/\/www.suno.com.br\/noticias\/editora-abril-tem-risco-de-falencia-por-falta-de-acordo-sobre-divida\/#breadcrumb\"},\"inLanguage\":\"pt-BR\",\"potentialAction\":[{\"@type\":\"ReadAction\",\"target\":[\"https:\/\/www.suno.com.br\/noticias\/editora-abril-tem-risco-de-falencia-por-falta-de-acordo-sobre-divida\/\"]}]},{\"@type\":\"ImageObject\",\"inLanguage\":\"pt-BR\",\"@id\":\"https:\/\/www.suno.com.br\/noticias\/editora-abril-tem-risco-de-falencia-por-falta-de-acordo-sobre-divida\/#primaryimage\",\"url\":\"https:\/\/files.sunoresearch.com.br\/n\/uploads\/2018\/12\/91b6763a-grupo-abril-jpg.webp\",\"contentUrl\":\"https:\/\/files.sunoresearch.com.br\/n\/uploads\/2018\/12\/91b6763a-grupo-abril-jpg.webp\",\"width\":615,\"height\":300,\"caption\":\"Grupo Abril\"},{\"@type\":\"BreadcrumbList\",\"@id\":\"https:\/\/www.suno.com.br\/noticias\/editora-abril-tem-risco-de-falencia-por-falta-de-acordo-sobre-divida\/#breadcrumb\",\"itemListElement\":[{\"@type\":\"ListItem\",\"position\":1,\"name\":\"Not\u00edcias\",\"item\":\"https:\/\/www.suno.com.br\/noticias\/\"},{\"@type\":\"ListItem\",\"position\":2,\"name\":\"Mercado\",\"item\":\"https:\/\/www.suno.com.br\/noticias\/mercado\/\"},{\"@type\":\"ListItem\",\"position\":3,\"name\":\"Editora Abril tem risco de fal\u00eancia por falta de acordo sobre d\u00edvida\"}]},{\"@type\":\"WebSite\",\"@id\":\"https:\/\/www.suno.com.br\/noticias\/#website\",\"url\":\"https:\/\/www.suno.com.br\/noticias\/\",\"name\":\"Suno Not\u00edcias\",\"description\":\"Seu portal de informa\u00e7\u00e3o sobre o mundo dos investimentos\",\"publisher\":{\"@id\":\"https:\/\/www.suno.com.br\/noticias\/#organization\"},\"potentialAction\":[{\"@type\":\"SearchAction\",\"target\":{\"@type\":\"EntryPoint\",\"urlTemplate\":\"https:\/\/www.suno.com.br\/noticias\/?s={search_term_string}\"},\"query-input\":{\"@type\":\"PropertyValueSpecification\",\"valueRequired\":true,\"valueName\":\"search_term_string\"}}],\"inLanguage\":\"pt-BR\"},{\"@type\":\"Organization\",\"@id\":\"https:\/\/www.suno.com.br\/noticias\/#organization\",\"name\":\"Suno Not\u00edcias\",\"url\":\"https:\/\/www.suno.com.br\/noticias\/\",\"logo\":{\"@type\":\"ImageObject\",\"inLanguage\":\"pt-BR\",\"@id\":\"https:\/\/www.suno.com.br\/noticias\/#\/schema\/logo\/image\/\",\"url\":\"https:\/\/files.sunoresearch.com.br\/n\/uploads\/2021\/09\/suno-logo.png\",\"contentUrl\":\"https:\/\/files.sunoresearch.com.br\/n\/uploads\/2021\/09\/suno-logo.png\",\"width\":180,\"height\":180,\"caption\":\"Suno Not\u00edcias\"},\"image\":{\"@id\":\"https:\/\/www.suno.com.br\/noticias\/#\/schema\/logo\/image\/\"},\"sameAs\":[\"https:\/\/facebook.com\/sunoresearch\",\"https:\/\/x.com\/sunoresearch\",\"https:\/\/www.instagram.com\/suno\",\"https:\/\/www.linkedin.com\/company\/suno-research\/\",\"https:\/\/www.youtube.com\/c\/sunoresearch\"]},{\"@type\":\"Person\",\"@id\":\"https:\/\/www.suno.com.br\/noticias\/#\/schema\/person\/e6e0f723cc177805027f4566c1d5e0c8\",\"name\":\"Carlo Cauti\",\"image\":{\"@type\":\"ImageObject\",\"inLanguage\":\"pt-BR\",\"@id\":\"https:\/\/www.suno.com.br\/noticias\/#\/schema\/person\/image\/\",\"url\":\"https:\/\/secure.gravatar.com\/avatar\/3ada9e0bd164c23abd4792a9606d583c?s=96&r=g\",\"contentUrl\":\"https:\/\/secure.gravatar.com\/avatar\/3ada9e0bd164c23abd4792a9606d583c?s=96&r=g\",\"caption\":\"Carlo Cauti\"},\"description\":\"Editor multim\u00eddia do SUNO Not\u00edcias. Italiano, formado em Ci\u00eancias Pol\u00edticas pela universidade LUISS G. Carli de Roma e mestre cum laude em Rela\u00e7\u00f5es Internacionais, Jornalismo Internacional e de Guerra e em Economia Internacional. Concluiu tamb\u00e9m um MBA em Finan\u00e7as na B3. No Brasil, teve passagem por ve\u00edculos como Estad\u00e3o, Globo, Veja e EXAME. e nas ag\u00eancias de not\u00edcias italianas ANSA e NOVA.\",\"url\":\"https:\/\/www.suno.com.br\/noticias\/author\/carlo-cauti\/\"}]}<\/script>\n<!-- \/ Yoast SEO plugin. -->","yoast_head_json":{"title":"Editora Abril tem risco de fal\u00eancia por falta de acordo sobre d\u00edvida","description":"A falta de acordo sobre a d\u00edvida da Editora Abril poderia levar a fal\u00eancia da empresa. Clique aqui para saber mais.","robots":{"index":"index","follow":"follow","max-snippet":"max-snippet:-1","max-image-preview":"max-image-preview:large","max-video-preview":"max-video-preview:-1"},"canonical":"https:\/\/www.suno.com.br\/noticias\/editora-abril-tem-risco-de-falencia-por-falta-de-acordo-sobre-divida\/","og_locale":"pt_BR","og_type":"article","og_title":"Editora Abril tem risco de fal\u00eancia por falta de acordo sobre d\u00edvida","og_description":"A falta de acordo sobre a d\u00edvida da Editora Abril poderia levar a fal\u00eancia da empresa. Clique aqui para saber mais.","og_url":"https:\/\/www.suno.com.br\/noticias\/editora-abril-tem-risco-de-falencia-por-falta-de-acordo-sobre-divida\/","og_site_name":"Suno Not\u00edcias","article_publisher":"https:\/\/facebook.com\/sunoresearch","og_image":[{"width":615,"height":300,"url":"https:\/\/files.sunoresearch.com.br\/n\/uploads\/2018\/12\/91b6763a-grupo-abril.jpg","type":"image\/jpeg"}],"author":"Carlo Cauti","twitter_card":"summary_large_image","twitter_creator":"@sunoresearch","twitter_site":"@sunoresearch","twitter_misc":{"Escrito por":"Carlo Cauti","Est. tempo de leitura":"3 minutos"},"schema":{"@context":"https:\/\/schema.org","@graph":[{"@type":"NewsArticle","@id":"https:\/\/www.suno.com.br\/noticias\/editora-abril-tem-risco-de-falencia-por-falta-de-acordo-sobre-divida\/#article","isPartOf":{"@id":"https:\/\/www.suno.com.br\/noticias\/editora-abril-tem-risco-de-falencia-por-falta-de-acordo-sobre-divida\/"},"author":{"name":"Carlo Cauti","@id":"https:\/\/www.suno.com.br\/noticias\/#\/schema\/person\/e6e0f723cc177805027f4566c1d5e0c8"},"headline":"Editora Abril tem risco de fal\u00eancia por falta de acordo sobre d\u00edvida","datePublished":"2019-02-13T13:13:36+00:00","mainEntityOfPage":{"@id":"https:\/\/www.suno.com.br\/noticias\/editora-abril-tem-risco-de-falencia-por-falta-de-acordo-sobre-divida\/"},"wordCount":624,"publisher":{"@id":"https:\/\/www.suno.com.br\/noticias\/#organization"},"image":{"@id":"https:\/\/www.suno.com.br\/noticias\/editora-abril-tem-risco-de-falencia-por-falta-de-acordo-sobre-divida\/#primaryimage"},"thumbnailUrl":"https:\/\/files.sunoresearch.com.br\/n\/uploads\/2018\/12\/91b6763a-grupo-abril-jpg.webp","keywords":["bancos","Grupo Abril","recupera\u00e7\u00e3o judicial"],"articleSection":["Mercado"],"inLanguage":"pt-BR"},{"@type":"WebPage","@id":"https:\/\/www.suno.com.br\/noticias\/editora-abril-tem-risco-de-falencia-por-falta-de-acordo-sobre-divida\/","url":"https:\/\/www.suno.com.br\/noticias\/editora-abril-tem-risco-de-falencia-por-falta-de-acordo-sobre-divida\/","name":"Editora Abril tem risco de fal\u00eancia por falta de acordo sobre d\u00edvida","isPartOf":{"@id":"https:\/\/www.suno.com.br\/noticias\/#website"},"primaryImageOfPage":{"@id":"https:\/\/www.suno.com.br\/noticias\/editora-abril-tem-risco-de-falencia-por-falta-de-acordo-sobre-divida\/#primaryimage"},"image":{"@id":"https:\/\/www.suno.com.br\/noticias\/editora-abril-tem-risco-de-falencia-por-falta-de-acordo-sobre-divida\/#primaryimage"},"thumbnailUrl":"https:\/\/files.sunoresearch.com.br\/n\/uploads\/2018\/12\/91b6763a-grupo-abril-jpg.webp","datePublished":"2019-02-13T13:13:36+00:00","description":"A falta de acordo sobre a d\u00edvida da Editora Abril poderia levar a fal\u00eancia da empresa. Clique aqui para saber mais.","breadcrumb":{"@id":"https:\/\/www.suno.com.br\/noticias\/editora-abril-tem-risco-de-falencia-por-falta-de-acordo-sobre-divida\/#breadcrumb"},"inLanguage":"pt-BR","potentialAction":[{"@type":"ReadAction","target":["https:\/\/www.suno.com.br\/noticias\/editora-abril-tem-risco-de-falencia-por-falta-de-acordo-sobre-divida\/"]}]},{"@type":"ImageObject","inLanguage":"pt-BR","@id":"https:\/\/www.suno.com.br\/noticias\/editora-abril-tem-risco-de-falencia-por-falta-de-acordo-sobre-divida\/#primaryimage","url":"https:\/\/files.sunoresearch.com.br\/n\/uploads\/2018\/12\/91b6763a-grupo-abril-jpg.webp","contentUrl":"https:\/\/files.sunoresearch.com.br\/n\/uploads\/2018\/12\/91b6763a-grupo-abril-jpg.webp","width":615,"height":300,"caption":"Grupo Abril"},{"@type":"BreadcrumbList","@id":"https:\/\/www.suno.com.br\/noticias\/editora-abril-tem-risco-de-falencia-por-falta-de-acordo-sobre-divida\/#breadcrumb","itemListElement":[{"@type":"ListItem","position":1,"name":"Not\u00edcias","item":"https:\/\/www.suno.com.br\/noticias\/"},{"@type":"ListItem","position":2,"name":"Mercado","item":"https:\/\/www.suno.com.br\/noticias\/mercado\/"},{"@type":"ListItem","position":3,"name":"Editora Abril tem risco de fal\u00eancia por falta de acordo sobre d\u00edvida"}]},{"@type":"WebSite","@id":"https:\/\/www.suno.com.br\/noticias\/#website","url":"https:\/\/www.suno.com.br\/noticias\/","name":"Suno Not\u00edcias","description":"Seu portal de informa\u00e7\u00e3o sobre o mundo dos investimentos","publisher":{"@id":"https:\/\/www.suno.com.br\/noticias\/#organization"},"potentialAction":[{"@type":"SearchAction","target":{"@type":"EntryPoint","urlTemplate":"https:\/\/www.suno.com.br\/noticias\/?s={search_term_string}"},"query-input":{"@type":"PropertyValueSpecification","valueRequired":true,"valueName":"search_term_string"}}],"inLanguage":"pt-BR"},{"@type":"Organization","@id":"https:\/\/www.suno.com.br\/noticias\/#organization","name":"Suno Not\u00edcias","url":"https:\/\/www.suno.com.br\/noticias\/","logo":{"@type":"ImageObject","inLanguage":"pt-BR","@id":"https:\/\/www.suno.com.br\/noticias\/#\/schema\/logo\/image\/","url":"https:\/\/files.sunoresearch.com.br\/n\/uploads\/2021\/09\/suno-logo.png","contentUrl":"https:\/\/files.sunoresearch.com.br\/n\/uploads\/2021\/09\/suno-logo.png","width":180,"height":180,"caption":"Suno Not\u00edcias"},"image":{"@id":"https:\/\/www.suno.com.br\/noticias\/#\/schema\/logo\/image\/"},"sameAs":["https:\/\/facebook.com\/sunoresearch","https:\/\/x.com\/sunoresearch","https:\/\/www.instagram.com\/suno","https:\/\/www.linkedin.com\/company\/suno-research\/","https:\/\/www.youtube.com\/c\/sunoresearch"]},{"@type":"Person","@id":"https:\/\/www.suno.com.br\/noticias\/#\/schema\/person\/e6e0f723cc177805027f4566c1d5e0c8","name":"Carlo Cauti","image":{"@type":"ImageObject","inLanguage":"pt-BR","@id":"https:\/\/www.suno.com.br\/noticias\/#\/schema\/person\/image\/","url":"https:\/\/secure.gravatar.com\/avatar\/3ada9e0bd164c23abd4792a9606d583c?s=96&r=g","contentUrl":"https:\/\/secure.gravatar.com\/avatar\/3ada9e0bd164c23abd4792a9606d583c?s=96&r=g","caption":"Carlo Cauti"},"description":"Editor multim\u00eddia do SUNO Not\u00edcias. Italiano, formado em Ci\u00eancias Pol\u00edticas pela universidade LUISS G. Carli de Roma e mestre cum laude em Rela\u00e7\u00f5es Internacionais, Jornalismo Internacional e de Guerra e em Economia Internacional. Concluiu tamb\u00e9m um MBA em Finan\u00e7as na B3. No Brasil, teve passagem por ve\u00edculos como Estad\u00e3o, Globo, Veja e EXAME. e nas ag\u00eancias de not\u00edcias italianas ANSA e NOVA.","url":"https:\/\/www.suno.com.br\/noticias\/author\/carlo-cauti\/"}]}},"default_loop_html":"<div class=\"cardsPage__listCard__boxs\"><div class=\"cardsPage__listCard__boxs__img\"><a href=\"https:\/\/www.suno.com.br\/noticias\/editora-abril-tem-risco-de-falencia-por-falta-de-acordo-sobre-divida\/\"><img class=\"mask\" src=\"https:\/\/www.suno.com.br\/noticias\/wp-content\/themes\/suno\/resources\/images\/spotlight\/spotlight1img\/bg-mask.png\" alt=\"Image Mask\"\/><img src=\"https:\/\/files.sunoresearch.com.br\/n\/uploads\/2018\/12\/91b6763a-grupo-abril-400x200.webp\" alt=\"Editora Abril tem risco de fal\u00eancia por falta de acordo sobre d\u00edvida\"\/><\/a><span class=\"spotlightCategory\"><a href=\"https:\/\/www.suno.com.br\/noticias\/mercado\/\">Mercado<\/a><\/span><\/div><div class=\"cardsPage__listCard__boxs__content\"><a href=\"https:\/\/www.suno.com.br\/noticias\/editora-abril-tem-risco-de-falencia-por-falta-de-acordo-sobre-divida\/\"><h2 class=\"content__title\">Editora Abril tem risco de fal\u00eancia por falta de acordo sobre d\u00edvida<\/h2><\/a><div class=\"newsContent__article__meta\"><div class=\"newsContent__article__meta__authorBox\"><a href=\"https:\/\/www.suno.com.br\/noticias\/author\/carlo-cauti\/\" class=\"authorBox__avatar noMobi\"><img src=\"https:\/\/files.sunoresearch.com.br\/n\/uploads\/2020\/08\/e3745f9a-perfil-carlo-cauti-150x150.webp\" alt=\"Carlo Cauti\"><\/a><div class=\"authorBox__name\"><span>por\n\t\t\t<a href=\"https:\/\/www.suno.com.br\/noticias\/author\/carlo-cauti\/\"><span itemprop=\"author\">Carlo Cauti<\/span><\/a><\/span><time datetime=\"2019-02-13T11:13:36-02:00\" itemprop=\"datePublished\">13\/02\/2019 11:13<\/time><\/div><\/div><\/div><\/div><\/div>","single_layout":"posts","amp_enabled":true,"_links":{"self":[{"href":"https:\/\/www.suno.com.br\/noticias\/wp-json\/wp\/v2\/posts\/15127"}],"collection":[{"href":"https:\/\/www.suno.com.br\/noticias\/wp-json\/wp\/v2\/posts"}],"about":[{"href":"https:\/\/www.suno.com.br\/noticias\/wp-json\/wp\/v2\/types\/post"}],"author":[{"embeddable":true,"href":"https:\/\/www.suno.com.br\/noticias\/wp-json\/wp\/v2\/users\/9"}],"replies":[{"embeddable":true,"href":"https:\/\/www.suno.com.br\/noticias\/wp-json\/wp\/v2\/comments?post=15127"}],"version-history":[{"count":0,"href":"https:\/\/www.suno.com.br\/noticias\/wp-json\/wp\/v2\/posts\/15127\/revisions"}],"wp:featuredmedia":[{"embeddable":true,"href":"https:\/\/www.suno.com.br\/noticias\/wp-json\/wp\/v2\/media\/9613"}],"wp:attachment":[{"href":"https:\/\/www.suno.com.br\/noticias\/wp-json\/wp\/v2\/media?parent=15127"}],"wp:term":[{"taxonomy":"category","embeddable":true,"href":"https:\/\/www.suno.com.br\/noticias\/wp-json\/wp\/v2\/categories?post=15127"},{"taxonomy":"post_tag","embeddable":true,"href":"https:\/\/www.suno.com.br\/noticias\/wp-json\/wp\/v2\/tags?post=15127"},{"taxonomy":"suno_strategy","embeddable":true,"href":"https:\/\/www.suno.com.br\/noticias\/wp-json\/wp\/v2\/suno_strategy?post=15127"}],"curies":[{"name":"wp","href":"https:\/\/api.w.org\/{rel}","templated":true}]}}