{"id":15121,"date":"2019-02-13T10:20:28","date_gmt":"2019-02-13T12:20:28","guid":{"rendered":"https:\/\/www.suno.com.br\/noticias\/?p=15121"},"modified":"2019-02-13T11:51:06","modified_gmt":"2019-02-13T13:51:06","slug":"espanha-parlamento-rejeita-lei-orcamentaria","status":"publish","type":"post","link":"https:\/\/www.suno.com.br\/noticias\/espanha-parlamento-rejeita-lei-orcamentaria\/","title":{"rendered":"Espanha: Parlamento rejeita lei or\u00e7ament\u00e1ria e governo pode cair"},"content":{"rendered":"<p>O <strong>Parlamento<\/strong> da Espanha votou contra a proposta de lei or\u00e7ament\u00e1ria apresentada pelo <strong>governo.<\/strong> O voto desta quarta-feira (13) \u00e9 uma grave derrota para o primeiro-ministro, o socialista <strong>Pedro S\u00e1nchez.<\/strong><\/p>\t<div class=\"wrapper-featured-image\">\n\t\t<figure class=\"spotlightImg\">\n\n\t\t\t<picture>\n\t\t\t\t<source media=\"(max-width: 768px)\" srcset=\"https:\/\/files.sunoresearch.com.br\/n\/uploads\/2019\/02\/82b83245-o-primeiro-ministro-espanho-pedro-sanchez-400x200.webp\">\n\t\t\t\t<img loading=\"lazy\" decoding=\"async\" class=\"newsContent__article__imgCapa lazyloadDisabled newsContent__article__imgCapa--noCaption\" src=\"https:\/\/files.sunoresearch.com.br\/n\/uploads\/2019\/02\/82b83245-o-primeiro-ministro-espanho-pedro-sanchez-800x450.webp\" width=\"800\" height=\"450\" alt=\"Espanha: Parlamento rejeita lei or\u00e7ament\u00e1ria e governo pode cair\" fetchpriority=high \/>\n\t\t\t<\/picture>\n\n\t\t\t<figcaption class=\"wp-caption-text wp-caption-text--hide\">O primeiro-ministro da Espanha, Pedro Sanchez<\/figcaption>\n\t\t<\/figure>\n\t<\/div>\n\n\n<p>O <strong>governo espanhol<\/strong> n\u00e3o conseguiu manter compacta sua maioria parlamentar ap\u00f3s as negocia\u00e7\u00f5es iniciadas com os independentistas catal\u00e3es. O <strong>primeiro-ministro<\/strong> tinha iniciado nos \u00faltimos dias contatos com for\u00e7as a favor da <strong>independ\u00eancia<\/strong> da <strong>Catalunha.<\/strong> Uma decis\u00e3o que foi alvo de duras cr\u00edticas por parte de muitos <strong>partidos<\/strong> pol\u00edticos, que defendem a unidade da <strong>Espanha.<\/strong> E tamb\u00e9m que gerou uma grande <strong>manifesta\u00e7\u00e3o<\/strong>\u00a0de protesto no domingo em <strong>Madri,<\/strong> onde participaram mais de 45 mil pessoas.<\/p>\n<h2>Crise parlamentar<\/h2>\n<p><strong>S\u00e1nchez<\/strong> tem o apoio de menos de um quarto do <strong>Parlamento<\/strong> espanhol, sendo que o seu partido, o <strong>Partido Socialista Oper\u00e1rio Espanhol<\/strong> (PSOE) tem apenas 84 assentos em 350 no Congresso dos Deputados. Sua maioria \u00e9 baseada no suporte externo do partido de extrema esquerda <strong>Podemos<\/strong> e dos <strong>nacionalistas<\/strong> catal\u00e3es, al\u00e9m de outros partidos menores. Mas eles n\u00e3o fazem parte da coliga\u00e7\u00e3o de <strong>governo.<\/strong> Mesmo se o Executivo S\u00e1nchez come\u00e7ou as negocia\u00e7\u00f5es com os <strong>independentistas<\/strong> catal\u00e3es, os nacionalistas condicionaram a inclus\u00e3o da quest\u00e3o da independ\u00eancia da <strong>Catalunha<\/strong> na aprova\u00e7\u00e3o da <strong>lei do or\u00e7amento.<\/strong><\/p>\n<p><strong>Pedro S\u00e1nchez<\/strong> chegou ao poder na <strong>Espanha<\/strong> em junho de 2018, ap\u00f3s a queda do governo do ent\u00e3o primeiro-ministro\u00a0<strong>Mariano Rajoy.<\/strong> Ele prometeu reduzir as tens\u00f5es entre o <strong>governo<\/strong> central de <strong>Madri<\/strong> e os independentistas da <strong>Catalunha.<\/strong><\/p>\n<h2>Elei\u00e7\u00f5es antecipadas<\/h2>\n<p>A rejei\u00e7\u00e3o da lei or\u00e7ament\u00e1ria abre o caminho para <strong>elei\u00e7\u00f5es antecipadas<\/strong> na<strong> Espanha.<\/strong> Uma data poss\u00edvel seria o dia 14 de abril, ou tamb\u00e9m junto com as <strong>elei\u00e7\u00f5es europeias<\/strong> em maio.<\/p>\n","protected":false},"excerpt":{"rendered":"<p>O Parlamento da Espanha votou contra a proposta de lei or\u00e7ament\u00e1ria apresentada pelo governo. O voto desta quarta-feira (13) \u00e9 uma grave derrota para o primeiro-ministro, o socialista Pedro S\u00e1nchez. O primeiro-ministro da Espanha, Pedro Sanchez O governo espanhol n\u00e3o conseguiu manter compacta sua maioria parlamentar ap\u00f3s as negocia\u00e7\u00f5es iniciadas com os independentistas catal\u00e3es. O [&hellip;]<\/p>\n","protected":false},"author":9,"featured_media":15122,"comment_status":"closed","ping_status":"closed","sticky":false,"template":"","format":"standard","meta":[],"categories":[63],"tags":[1128],"suno_strategy":[],"class_list":["post-15121","post","type-post","status-publish","format-standard","has-post-thumbnail","hentry","category-internacional","tag-orcamento-publico"],"yoast_head":"<!-- This site is optimized with the Yoast SEO plugin v24.4 - https:\/\/yoast.com\/wordpress\/plugins\/seo\/ -->\n<title>Espanha: Parlamento rejeita lei or\u00e7ament\u00e1ria e governo pode cair<\/title>\n<meta name=\"description\" content=\"O Parlamento da Espanha votou contra a proposta de lei or\u00e7ament\u00e1ria apresentada pelo governo. Clique aqui para saber mais.\" \/>\n<meta name=\"robots\" content=\"index, follow, max-snippet:-1, max-image-preview:large, max-video-preview:-1\" \/>\n<link rel=\"canonical\" href=\"https:\/\/www.suno.com.br\/noticias\/espanha-parlamento-rejeita-lei-orcamentaria\/\" \/>\n<meta property=\"og:locale\" content=\"pt_BR\" \/>\n<meta property=\"og:type\" content=\"article\" \/>\n<meta property=\"og:title\" content=\"Espanha: Parlamento rejeita lei or\u00e7ament\u00e1ria e governo pode cair\" \/>\n<meta property=\"og:description\" content=\"O Parlamento da Espanha votou contra a proposta de lei or\u00e7ament\u00e1ria apresentada pelo governo. Clique aqui para saber mais.\" \/>\n<meta property=\"og:url\" content=\"https:\/\/www.suno.com.br\/noticias\/espanha-parlamento-rejeita-lei-orcamentaria\/\" \/>\n<meta property=\"og:site_name\" content=\"Suno Not\u00edcias\" \/>\n<meta property=\"article:publisher\" content=\"https:\/\/facebook.com\/sunoresearch\" \/>\n<meta property=\"og:image\" content=\"https:\/\/files.sunoresearch.com.br\/n\/uploads\/2019\/02\/82b83245-o-primeiro-ministro-espanho-pedro-sanchez.jpg\" \/>\n\t<meta property=\"og:image:width\" content=\"996\" \/>\n\t<meta property=\"og:image:height\" content=\"560\" \/>\n\t<meta property=\"og:image:type\" content=\"image\/jpeg\" \/>\n<meta name=\"author\" content=\"Carlo Cauti\" \/>\n<meta name=\"twitter:card\" content=\"summary_large_image\" \/>\n<meta name=\"twitter:creator\" content=\"@sunoresearch\" \/>\n<meta name=\"twitter:site\" content=\"@sunoresearch\" \/>\n<meta name=\"twitter:label1\" content=\"Escrito por\" \/>\n\t<meta name=\"twitter:data1\" content=\"Carlo Cauti\" \/>\n\t<meta name=\"twitter:label2\" content=\"Est. tempo de leitura\" \/>\n\t<meta name=\"twitter:data2\" content=\"2 minutos\" \/>\n<script type=\"application\/ld+json\" class=\"yoast-schema-graph\">{\"@context\":\"https:\/\/schema.org\",\"@graph\":[{\"@type\":\"NewsArticle\",\"@id\":\"https:\/\/www.suno.com.br\/noticias\/espanha-parlamento-rejeita-lei-orcamentaria\/#article\",\"isPartOf\":{\"@id\":\"https:\/\/www.suno.com.br\/noticias\/espanha-parlamento-rejeita-lei-orcamentaria\/\"},\"author\":{\"name\":\"Carlo Cauti\",\"@id\":\"https:\/\/www.suno.com.br\/noticias\/#\/schema\/person\/e6e0f723cc177805027f4566c1d5e0c8\"},\"headline\":\"Espanha: Parlamento rejeita lei or\u00e7ament\u00e1ria e governo pode cair\",\"datePublished\":\"2019-02-13T12:20:28+00:00\",\"dateModified\":\"2019-02-13T13:51:06+00:00\",\"mainEntityOfPage\":{\"@id\":\"https:\/\/www.suno.com.br\/noticias\/espanha-parlamento-rejeita-lei-orcamentaria\/\"},\"wordCount\":313,\"publisher\":{\"@id\":\"https:\/\/www.suno.com.br\/noticias\/#organization\"},\"image\":{\"@id\":\"https:\/\/www.suno.com.br\/noticias\/espanha-parlamento-rejeita-lei-orcamentaria\/#primaryimage\"},\"thumbnailUrl\":\"https:\/\/files.sunoresearch.com.br\/n\/uploads\/2019\/02\/82b83245-o-primeiro-ministro-espanho-pedro-sanchez-jpg.webp\",\"keywords\":[\"Or\u00e7amento P\u00fablico\"],\"articleSection\":[\"Internacional\"],\"inLanguage\":\"pt-BR\"},{\"@type\":\"WebPage\",\"@id\":\"https:\/\/www.suno.com.br\/noticias\/espanha-parlamento-rejeita-lei-orcamentaria\/\",\"url\":\"https:\/\/www.suno.com.br\/noticias\/espanha-parlamento-rejeita-lei-orcamentaria\/\",\"name\":\"Espanha: Parlamento rejeita lei or\u00e7ament\u00e1ria e governo pode cair\",\"isPartOf\":{\"@id\":\"https:\/\/www.suno.com.br\/noticias\/#website\"},\"primaryImageOfPage\":{\"@id\":\"https:\/\/www.suno.com.br\/noticias\/espanha-parlamento-rejeita-lei-orcamentaria\/#primaryimage\"},\"image\":{\"@id\":\"https:\/\/www.suno.com.br\/noticias\/espanha-parlamento-rejeita-lei-orcamentaria\/#primaryimage\"},\"thumbnailUrl\":\"https:\/\/files.sunoresearch.com.br\/n\/uploads\/2019\/02\/82b83245-o-primeiro-ministro-espanho-pedro-sanchez-jpg.webp\",\"datePublished\":\"2019-02-13T12:20:28+00:00\",\"dateModified\":\"2019-02-13T13:51:06+00:00\",\"description\":\"O Parlamento da Espanha votou contra a proposta de lei or\u00e7ament\u00e1ria apresentada pelo governo. Clique aqui para saber mais.\",\"breadcrumb\":{\"@id\":\"https:\/\/www.suno.com.br\/noticias\/espanha-parlamento-rejeita-lei-orcamentaria\/#breadcrumb\"},\"inLanguage\":\"pt-BR\",\"potentialAction\":[{\"@type\":\"ReadAction\",\"target\":[\"https:\/\/www.suno.com.br\/noticias\/espanha-parlamento-rejeita-lei-orcamentaria\/\"]}]},{\"@type\":\"ImageObject\",\"inLanguage\":\"pt-BR\",\"@id\":\"https:\/\/www.suno.com.br\/noticias\/espanha-parlamento-rejeita-lei-orcamentaria\/#primaryimage\",\"url\":\"https:\/\/files.sunoresearch.com.br\/n\/uploads\/2019\/02\/82b83245-o-primeiro-ministro-espanho-pedro-sanchez-jpg.webp\",\"contentUrl\":\"https:\/\/files.sunoresearch.com.br\/n\/uploads\/2019\/02\/82b83245-o-primeiro-ministro-espanho-pedro-sanchez-jpg.webp\",\"width\":996,\"height\":560,\"caption\":\"O primeiro-ministro da Espanha, Pedro Sanchez\"},{\"@type\":\"BreadcrumbList\",\"@id\":\"https:\/\/www.suno.com.br\/noticias\/espanha-parlamento-rejeita-lei-orcamentaria\/#breadcrumb\",\"itemListElement\":[{\"@type\":\"ListItem\",\"position\":1,\"name\":\"Not\u00edcias\",\"item\":\"https:\/\/www.suno.com.br\/noticias\/\"},{\"@type\":\"ListItem\",\"position\":2,\"name\":\"Internacional\",\"item\":\"https:\/\/www.suno.com.br\/noticias\/internacional\/\"},{\"@type\":\"ListItem\",\"position\":3,\"name\":\"Espanha: Parlamento rejeita lei or\u00e7ament\u00e1ria e governo pode cair\"}]},{\"@type\":\"WebSite\",\"@id\":\"https:\/\/www.suno.com.br\/noticias\/#website\",\"url\":\"https:\/\/www.suno.com.br\/noticias\/\",\"name\":\"Suno Not\u00edcias\",\"description\":\"Seu portal de informa\u00e7\u00e3o sobre o mundo dos investimentos\",\"publisher\":{\"@id\":\"https:\/\/www.suno.com.br\/noticias\/#organization\"},\"potentialAction\":[{\"@type\":\"SearchAction\",\"target\":{\"@type\":\"EntryPoint\",\"urlTemplate\":\"https:\/\/www.suno.com.br\/noticias\/?s={search_term_string}\"},\"query-input\":{\"@type\":\"PropertyValueSpecification\",\"valueRequired\":true,\"valueName\":\"search_term_string\"}}],\"inLanguage\":\"pt-BR\"},{\"@type\":\"Organization\",\"@id\":\"https:\/\/www.suno.com.br\/noticias\/#organization\",\"name\":\"Suno Not\u00edcias\",\"url\":\"https:\/\/www.suno.com.br\/noticias\/\",\"logo\":{\"@type\":\"ImageObject\",\"inLanguage\":\"pt-BR\",\"@id\":\"https:\/\/www.suno.com.br\/noticias\/#\/schema\/logo\/image\/\",\"url\":\"https:\/\/files.sunoresearch.com.br\/n\/uploads\/2021\/09\/suno-logo.png\",\"contentUrl\":\"https:\/\/files.sunoresearch.com.br\/n\/uploads\/2021\/09\/suno-logo.png\",\"width\":180,\"height\":180,\"caption\":\"Suno Not\u00edcias\"},\"image\":{\"@id\":\"https:\/\/www.suno.com.br\/noticias\/#\/schema\/logo\/image\/\"},\"sameAs\":[\"https:\/\/facebook.com\/sunoresearch\",\"https:\/\/x.com\/sunoresearch\",\"https:\/\/www.instagram.com\/suno\",\"https:\/\/www.linkedin.com\/company\/suno-research\/\",\"https:\/\/www.youtube.com\/c\/sunoresearch\"]},{\"@type\":\"Person\",\"@id\":\"https:\/\/www.suno.com.br\/noticias\/#\/schema\/person\/e6e0f723cc177805027f4566c1d5e0c8\",\"name\":\"Carlo Cauti\",\"image\":{\"@type\":\"ImageObject\",\"inLanguage\":\"pt-BR\",\"@id\":\"https:\/\/www.suno.com.br\/noticias\/#\/schema\/person\/image\/\",\"url\":\"https:\/\/secure.gravatar.com\/avatar\/3ada9e0bd164c23abd4792a9606d583c?s=96&r=g\",\"contentUrl\":\"https:\/\/secure.gravatar.com\/avatar\/3ada9e0bd164c23abd4792a9606d583c?s=96&r=g\",\"caption\":\"Carlo Cauti\"},\"description\":\"Editor multim\u00eddia do SUNO Not\u00edcias. Italiano, formado em Ci\u00eancias Pol\u00edticas pela universidade LUISS G. Carli de Roma e mestre cum laude em Rela\u00e7\u00f5es Internacionais, Jornalismo Internacional e de Guerra e em Economia Internacional. Concluiu tamb\u00e9m um MBA em Finan\u00e7as na B3. No Brasil, teve passagem por ve\u00edculos como Estad\u00e3o, Globo, Veja e EXAME. e nas ag\u00eancias de not\u00edcias italianas ANSA e NOVA.\",\"url\":\"https:\/\/www.suno.com.br\/noticias\/author\/carlo-cauti\/\"}]}<\/script>\n<!-- \/ Yoast SEO plugin. -->","yoast_head_json":{"title":"Espanha: Parlamento rejeita lei or\u00e7ament\u00e1ria e governo pode cair","description":"O Parlamento da Espanha votou contra a proposta de lei or\u00e7ament\u00e1ria apresentada pelo governo. Clique aqui para saber mais.","robots":{"index":"index","follow":"follow","max-snippet":"max-snippet:-1","max-image-preview":"max-image-preview:large","max-video-preview":"max-video-preview:-1"},"canonical":"https:\/\/www.suno.com.br\/noticias\/espanha-parlamento-rejeita-lei-orcamentaria\/","og_locale":"pt_BR","og_type":"article","og_title":"Espanha: Parlamento rejeita lei or\u00e7ament\u00e1ria e governo pode cair","og_description":"O Parlamento da Espanha votou contra a proposta de lei or\u00e7ament\u00e1ria apresentada pelo governo. Clique aqui para saber mais.","og_url":"https:\/\/www.suno.com.br\/noticias\/espanha-parlamento-rejeita-lei-orcamentaria\/","og_site_name":"Suno Not\u00edcias","article_publisher":"https:\/\/facebook.com\/sunoresearch","og_image":[{"width":996,"height":560,"url":"https:\/\/files.sunoresearch.com.br\/n\/uploads\/2019\/02\/82b83245-o-primeiro-ministro-espanho-pedro-sanchez.jpg","type":"image\/jpeg"}],"author":"Carlo Cauti","twitter_card":"summary_large_image","twitter_creator":"@sunoresearch","twitter_site":"@sunoresearch","twitter_misc":{"Escrito por":"Carlo Cauti","Est. tempo de leitura":"2 minutos"},"schema":{"@context":"https:\/\/schema.org","@graph":[{"@type":"NewsArticle","@id":"https:\/\/www.suno.com.br\/noticias\/espanha-parlamento-rejeita-lei-orcamentaria\/#article","isPartOf":{"@id":"https:\/\/www.suno.com.br\/noticias\/espanha-parlamento-rejeita-lei-orcamentaria\/"},"author":{"name":"Carlo Cauti","@id":"https:\/\/www.suno.com.br\/noticias\/#\/schema\/person\/e6e0f723cc177805027f4566c1d5e0c8"},"headline":"Espanha: Parlamento rejeita lei or\u00e7ament\u00e1ria e governo pode cair","datePublished":"2019-02-13T12:20:28+00:00","dateModified":"2019-02-13T13:51:06+00:00","mainEntityOfPage":{"@id":"https:\/\/www.suno.com.br\/noticias\/espanha-parlamento-rejeita-lei-orcamentaria\/"},"wordCount":313,"publisher":{"@id":"https:\/\/www.suno.com.br\/noticias\/#organization"},"image":{"@id":"https:\/\/www.suno.com.br\/noticias\/espanha-parlamento-rejeita-lei-orcamentaria\/#primaryimage"},"thumbnailUrl":"https:\/\/files.sunoresearch.com.br\/n\/uploads\/2019\/02\/82b83245-o-primeiro-ministro-espanho-pedro-sanchez-jpg.webp","keywords":["Or\u00e7amento P\u00fablico"],"articleSection":["Internacional"],"inLanguage":"pt-BR"},{"@type":"WebPage","@id":"https:\/\/www.suno.com.br\/noticias\/espanha-parlamento-rejeita-lei-orcamentaria\/","url":"https:\/\/www.suno.com.br\/noticias\/espanha-parlamento-rejeita-lei-orcamentaria\/","name":"Espanha: Parlamento rejeita lei or\u00e7ament\u00e1ria e governo pode cair","isPartOf":{"@id":"https:\/\/www.suno.com.br\/noticias\/#website"},"primaryImageOfPage":{"@id":"https:\/\/www.suno.com.br\/noticias\/espanha-parlamento-rejeita-lei-orcamentaria\/#primaryimage"},"image":{"@id":"https:\/\/www.suno.com.br\/noticias\/espanha-parlamento-rejeita-lei-orcamentaria\/#primaryimage"},"thumbnailUrl":"https:\/\/files.sunoresearch.com.br\/n\/uploads\/2019\/02\/82b83245-o-primeiro-ministro-espanho-pedro-sanchez-jpg.webp","datePublished":"2019-02-13T12:20:28+00:00","dateModified":"2019-02-13T13:51:06+00:00","description":"O Parlamento da Espanha votou contra a proposta de lei or\u00e7ament\u00e1ria apresentada pelo governo. Clique aqui para saber mais.","breadcrumb":{"@id":"https:\/\/www.suno.com.br\/noticias\/espanha-parlamento-rejeita-lei-orcamentaria\/#breadcrumb"},"inLanguage":"pt-BR","potentialAction":[{"@type":"ReadAction","target":["https:\/\/www.suno.com.br\/noticias\/espanha-parlamento-rejeita-lei-orcamentaria\/"]}]},{"@type":"ImageObject","inLanguage":"pt-BR","@id":"https:\/\/www.suno.com.br\/noticias\/espanha-parlamento-rejeita-lei-orcamentaria\/#primaryimage","url":"https:\/\/files.sunoresearch.com.br\/n\/uploads\/2019\/02\/82b83245-o-primeiro-ministro-espanho-pedro-sanchez-jpg.webp","contentUrl":"https:\/\/files.sunoresearch.com.br\/n\/uploads\/2019\/02\/82b83245-o-primeiro-ministro-espanho-pedro-sanchez-jpg.webp","width":996,"height":560,"caption":"O primeiro-ministro da Espanha, Pedro Sanchez"},{"@type":"BreadcrumbList","@id":"https:\/\/www.suno.com.br\/noticias\/espanha-parlamento-rejeita-lei-orcamentaria\/#breadcrumb","itemListElement":[{"@type":"ListItem","position":1,"name":"Not\u00edcias","item":"https:\/\/www.suno.com.br\/noticias\/"},{"@type":"ListItem","position":2,"name":"Internacional","item":"https:\/\/www.suno.com.br\/noticias\/internacional\/"},{"@type":"ListItem","position":3,"name":"Espanha: Parlamento rejeita lei or\u00e7ament\u00e1ria e governo pode cair"}]},{"@type":"WebSite","@id":"https:\/\/www.suno.com.br\/noticias\/#website","url":"https:\/\/www.suno.com.br\/noticias\/","name":"Suno Not\u00edcias","description":"Seu portal de informa\u00e7\u00e3o sobre o mundo dos investimentos","publisher":{"@id":"https:\/\/www.suno.com.br\/noticias\/#organization"},"potentialAction":[{"@type":"SearchAction","target":{"@type":"EntryPoint","urlTemplate":"https:\/\/www.suno.com.br\/noticias\/?s={search_term_string}"},"query-input":{"@type":"PropertyValueSpecification","valueRequired":true,"valueName":"search_term_string"}}],"inLanguage":"pt-BR"},{"@type":"Organization","@id":"https:\/\/www.suno.com.br\/noticias\/#organization","name":"Suno Not\u00edcias","url":"https:\/\/www.suno.com.br\/noticias\/","logo":{"@type":"ImageObject","inLanguage":"pt-BR","@id":"https:\/\/www.suno.com.br\/noticias\/#\/schema\/logo\/image\/","url":"https:\/\/files.sunoresearch.com.br\/n\/uploads\/2021\/09\/suno-logo.png","contentUrl":"https:\/\/files.sunoresearch.com.br\/n\/uploads\/2021\/09\/suno-logo.png","width":180,"height":180,"caption":"Suno Not\u00edcias"},"image":{"@id":"https:\/\/www.suno.com.br\/noticias\/#\/schema\/logo\/image\/"},"sameAs":["https:\/\/facebook.com\/sunoresearch","https:\/\/x.com\/sunoresearch","https:\/\/www.instagram.com\/suno","https:\/\/www.linkedin.com\/company\/suno-research\/","https:\/\/www.youtube.com\/c\/sunoresearch"]},{"@type":"Person","@id":"https:\/\/www.suno.com.br\/noticias\/#\/schema\/person\/e6e0f723cc177805027f4566c1d5e0c8","name":"Carlo Cauti","image":{"@type":"ImageObject","inLanguage":"pt-BR","@id":"https:\/\/www.suno.com.br\/noticias\/#\/schema\/person\/image\/","url":"https:\/\/secure.gravatar.com\/avatar\/3ada9e0bd164c23abd4792a9606d583c?s=96&r=g","contentUrl":"https:\/\/secure.gravatar.com\/avatar\/3ada9e0bd164c23abd4792a9606d583c?s=96&r=g","caption":"Carlo Cauti"},"description":"Editor multim\u00eddia do SUNO Not\u00edcias. Italiano, formado em Ci\u00eancias Pol\u00edticas pela universidade LUISS G. Carli de Roma e mestre cum laude em Rela\u00e7\u00f5es Internacionais, Jornalismo Internacional e de Guerra e em Economia Internacional. Concluiu tamb\u00e9m um MBA em Finan\u00e7as na B3. No Brasil, teve passagem por ve\u00edculos como Estad\u00e3o, Globo, Veja e EXAME. e nas ag\u00eancias de not\u00edcias italianas ANSA e NOVA.","url":"https:\/\/www.suno.com.br\/noticias\/author\/carlo-cauti\/"}]}},"default_loop_html":"<div class=\"cardsPage__listCard__boxs\"><div class=\"cardsPage__listCard__boxs__img\"><a href=\"https:\/\/www.suno.com.br\/noticias\/espanha-parlamento-rejeita-lei-orcamentaria\/\"><img class=\"mask\" src=\"https:\/\/www.suno.com.br\/noticias\/wp-content\/themes\/suno\/resources\/images\/spotlight\/spotlight1img\/bg-mask.png\" alt=\"Image Mask\"\/><img src=\"https:\/\/files.sunoresearch.com.br\/n\/uploads\/2019\/02\/82b83245-o-primeiro-ministro-espanho-pedro-sanchez-400x200.webp\" alt=\"Espanha: Parlamento rejeita lei or\u00e7ament\u00e1ria e governo pode cair\"\/><\/a><span class=\"spotlightCategory\"><a href=\"https:\/\/www.suno.com.br\/noticias\/internacional\/\">Internacional<\/a><\/span><\/div><div class=\"cardsPage__listCard__boxs__content\"><a href=\"https:\/\/www.suno.com.br\/noticias\/espanha-parlamento-rejeita-lei-orcamentaria\/\"><h2 class=\"content__title\">Espanha: Parlamento rejeita lei or\u00e7ament\u00e1ria e governo pode cair<\/h2><\/a><div class=\"newsContent__article__meta\"><div class=\"newsContent__article__meta__authorBox\"><a href=\"https:\/\/www.suno.com.br\/noticias\/author\/carlo-cauti\/\" class=\"authorBox__avatar noMobi\"><img src=\"https:\/\/files.sunoresearch.com.br\/n\/uploads\/2020\/08\/e3745f9a-perfil-carlo-cauti-150x150.webp\" alt=\"Carlo Cauti\"><\/a><div class=\"authorBox__name\"><span>por\n\t\t\t<a href=\"https:\/\/www.suno.com.br\/noticias\/author\/carlo-cauti\/\"><span itemprop=\"author\">Carlo Cauti<\/span><\/a><\/span><time datetime=\"2019-02-13T10:20:28-02:00\" itemprop=\"datePublished\">13\/02\/2019 10:20<\/time><\/div><\/div><\/div><\/div><\/div>","single_layout":"posts","amp_enabled":true,"_links":{"self":[{"href":"https:\/\/www.suno.com.br\/noticias\/wp-json\/wp\/v2\/posts\/15121"}],"collection":[{"href":"https:\/\/www.suno.com.br\/noticias\/wp-json\/wp\/v2\/posts"}],"about":[{"href":"https:\/\/www.suno.com.br\/noticias\/wp-json\/wp\/v2\/types\/post"}],"author":[{"embeddable":true,"href":"https:\/\/www.suno.com.br\/noticias\/wp-json\/wp\/v2\/users\/9"}],"replies":[{"embeddable":true,"href":"https:\/\/www.suno.com.br\/noticias\/wp-json\/wp\/v2\/comments?post=15121"}],"version-history":[{"count":0,"href":"https:\/\/www.suno.com.br\/noticias\/wp-json\/wp\/v2\/posts\/15121\/revisions"}],"wp:featuredmedia":[{"embeddable":true,"href":"https:\/\/www.suno.com.br\/noticias\/wp-json\/wp\/v2\/media\/15122"}],"wp:attachment":[{"href":"https:\/\/www.suno.com.br\/noticias\/wp-json\/wp\/v2\/media?parent=15121"}],"wp:term":[{"taxonomy":"category","embeddable":true,"href":"https:\/\/www.suno.com.br\/noticias\/wp-json\/wp\/v2\/categories?post=15121"},{"taxonomy":"post_tag","embeddable":true,"href":"https:\/\/www.suno.com.br\/noticias\/wp-json\/wp\/v2\/tags?post=15121"},{"taxonomy":"suno_strategy","embeddable":true,"href":"https:\/\/www.suno.com.br\/noticias\/wp-json\/wp\/v2\/suno_strategy?post=15121"}],"curies":[{"name":"wp","href":"https:\/\/api.w.org\/{rel}","templated":true}]}}