{"id":15120,"date":"2019-02-13T10:29:51","date_gmt":"2019-02-13T12:29:51","guid":{"rendered":"https:\/\/www.suno.com.br\/noticias\/?p=15120"},"modified":"2019-02-13T10:29:51","modified_gmt":"2019-02-13T12:29:51","slug":"trump-acordo-comercial-china-prazo","status":"publish","type":"post","link":"https:\/\/www.suno.com.br\/noticias\/trump-acordo-comercial-china-prazo\/","title":{"rendered":"Trump diz que pode prorrogar prazo para acordo comercial com a China"},"content":{"rendered":"<p>O presidente norte-americano, Donald Trump, informou na ter\u00e7a-feira (12) que o <strong>prazo<\/strong> para fechar um <strong>acordo comercial<\/strong> com a <strong>China<\/strong> poder\u00e1 ser prorrogado.<\/p>\t<div class=\"wrapper-featured-image\">\n\t\t<figure class=\"spotlightImg\">\n\n\t\t\t<picture>\n\t\t\t\t<source media=\"(max-width: 768px)\" srcset=\"https:\/\/files.sunoresearch.com.br\/n\/uploads\/2018\/12\/f470bca4-donald-trump-400x200.webp\">\n\t\t\t\t<img loading=\"lazy\" decoding=\"async\" class=\"newsContent__article__imgCapa lazyloadDisabled newsContent__article__imgCapa--noCaption\" src=\"https:\/\/files.sunoresearch.com.br\/n\/uploads\/2018\/12\/f470bca4-donald-trump-800x450.webp\" width=\"800\" height=\"450\" alt=\"Trump diz que pode prorrogar prazo para acordo comercial com a China\" fetchpriority=high \/>\n\t\t\t<\/picture>\n\n\t\t\t<figcaption class=\"wp-caption-text wp-caption-text--hide\">O presidente norte-americano, Donald Trump. (divulga\u00e7\u00e3o)<\/figcaption>\n\t\t<\/figure>\n\t<\/div>\n\n\n<p>A data de vencimento da <strong>tr\u00e9gua<\/strong> de 90 dias estabelecida por<strong> Donald Trump<\/strong> e <strong>Xi Jinping<\/strong>, presidente chin\u00eas, encerrar\u00e1 em <strong>1\u00ba de mar\u00e7o<\/strong>.<\/p>\n<p>Apesar da possibilidade de prorroga\u00e7\u00e3o, Trump afirmou que prefere n\u00e3o estender o prazo para o<strong> acordo comercial<\/strong>. O presidente dos EUA almeja encontrar-se com Xi Jinping, e selar o pacto <strong>presencialmente<\/strong>.<\/p>\n<p><a href=\"https:\/\/www.suno.com.br\/noticias\/eua-china-negociacoes-guerra-comercial\/\">Saiba mais &#8211;\u00a0Representante comercial dos EUA chega \u00e0 China para negocia\u00e7\u00f5es<\/a><\/p>\n<h2>3\u00aa rodada de negocia\u00e7\u00f5es<\/h2>\n<p>A nova rodada de negocia\u00e7\u00f5es para o acordo da <strong>guerra comercial<\/strong> deve ter in\u00edcio hoje em Pequim. Participar\u00e3o das discuss\u00f5es:<\/p>\n<ul>\n<li>Robert Lighthizer, representante de Com\u00e9rcio dos Estados Unidos da Am\u00e9rica (EUA);<\/li>\n<li>Steven Mnuchin, secret\u00e1rio do Tesouro dos EUA;<\/li>\n<li>Liu He, vice-primeiro-ministro chin\u00eas.<\/li>\n<\/ul>\n<p>Com a chegada do fim da tr\u00e9gua sem acordo estabelecido, crescem as chances dos EUA aumentarem a taxa dos US$ 200 bilh\u00f5es de <strong>importa\u00e7\u00f5es chinesas<\/strong>. A taxa ser\u00e1 alterada de 10% a 25%.<\/p>\n<p>Por sua vez, a <strong>China\u00a0<\/strong>provavelmente reagiria elevando tarifas sobre US$ 60 bilh\u00f5es de d\u00f3lares em bens americanos, o que anunciou no ano passado como uma <strong>retalia\u00e7\u00e3o<\/strong>.<\/p>\n<p>A terceira rodada de <strong>negocia\u00e7\u00f5es<\/strong> deve ter fim na quarta-feira (13). As outras duas rodadas presenciais, desde a <strong>tr\u00e9gua<\/strong>, ocorreram em janeiro, entre 7 e 9, e entre 30 e 31.<\/p>\n<p><a href=\"https:\/\/www.suno.com.br\/noticias\/acordo-comercial-acontecera-pequim-mercados\/\">Saiba mais &#8211;\u00a0Acordo comercial acontecer\u00e1 se Pequim abrir seus mercados, diz Trump\u00a0<\/a><\/p>\n<h2>Guerra Comercial<\/h2>\n<p>Em 2015, a China lan\u00e7ou o plano\u00a0<strong>\u201cMade in China 2025\u201d<\/strong>, com o intuito de transformar o pa\u00eds\u00a0em um l\u00edder mundial em setores futuros, como:<\/p>\n<ul>\n<li>aeron\u00e1utica;<\/li>\n<li>rob\u00f3tica;<\/li>\n<li>telecomunica\u00e7\u00f5es;<\/li>\n<li>intelig\u00eancia artificial<\/li>\n<li>e ve\u00edculos de energia limpa.<\/li>\n<\/ul>\n<p>Em paralelo, o presidente dos EUA, <strong>Donald Trump<\/strong>, se mostrou v\u00e1rias vezes favor\u00e1vel ao avan\u00e7o da economia chinesa prosperando. Contudo, n\u00e3o em detrimento das empresas americanas.<\/p>\n<p><strong>Washington<\/strong> deseja acabar com\u00a0pr\u00e1ticas comerciais que considera \u201cinjustas\u201d. Dentre elas est\u00e3o:<\/p>\n<ul>\n<li>a transfer\u00eancia de tecnologia imposta a empresas estrangeiras na <strong>China<\/strong>;<\/li>\n<li>o roubo de propriedade intelectual dos EUA;<\/li>\n<li>e os subs\u00eddios concedidos a empresas estatais chinesas.<\/li>\n<\/ul>\n<p>Para \u201cincentivar\u201d Pequim a corrigir tais \u201cinjusti\u00e7as\u201d do com\u00e9rcio, o governo de <strong>Donald Trump<\/strong> imp\u00f4s novas tarifas de US$ 250 bilh\u00f5es em produtos chineses. Por sua vez, a China\u00a0aplicou\u00a0tarifas adicionais a US$ 110 bilh\u00f5es em produtos norte-americanos.<\/p>\n","protected":false},"excerpt":{"rendered":"<p>O presidente norte-americano, Donald Trump, informou na ter\u00e7a-feira (12) que o prazo para fechar um acordo comercial com a China poder\u00e1 ser prorrogado. O presidente norte-americano, Donald Trump. (divulga\u00e7\u00e3o) A data de vencimento da tr\u00e9gua de 90 dias estabelecida por Donald Trump e Xi Jinping, presidente chin\u00eas, encerrar\u00e1 em 1\u00ba de mar\u00e7o. Apesar da possibilidade [&hellip;]<\/p>\n","protected":false},"author":12,"featured_media":8604,"comment_status":"closed","ping_status":"closed","sticky":false,"template":"","format":"standard","meta":[],"categories":[63],"tags":[711,724,793,913],"suno_strategy":[],"class_list":["post-15120","post","type-post","status-publish","format-standard","has-post-thumbnail","hentry","category-internacional","tag-china","tag-donald-trump","tag-estados-unidos-eua","tag-xi-jinping"],"yoast_head":"<!-- This site is optimized with the Yoast SEO plugin v24.4 - https:\/\/yoast.com\/wordpress\/plugins\/seo\/ -->\n<title>Trump diz que pode prorrogar prazo para acordo comercial com a China<\/title>\n<meta name=\"description\" content=\"Donald Trump informou que o prazo para fechar um acordo comercial com a China poder\u00e1 ser prorrogado. Clique para saber mais.\" \/>\n<meta name=\"robots\" content=\"index, follow, max-snippet:-1, max-image-preview:large, max-video-preview:-1\" \/>\n<link rel=\"canonical\" href=\"https:\/\/www.suno.com.br\/noticias\/trump-acordo-comercial-china-prazo\/\" \/>\n<meta property=\"og:locale\" content=\"pt_BR\" \/>\n<meta property=\"og:type\" content=\"article\" \/>\n<meta property=\"og:title\" content=\"Trump diz que pode prorrogar prazo para acordo comercial com a China\" \/>\n<meta property=\"og:description\" content=\"Donald Trump informou que o prazo para fechar um acordo comercial com a China poder\u00e1 ser prorrogado. Clique para saber mais.\" \/>\n<meta property=\"og:url\" content=\"https:\/\/www.suno.com.br\/noticias\/trump-acordo-comercial-china-prazo\/\" \/>\n<meta property=\"og:site_name\" content=\"Suno Not\u00edcias\" \/>\n<meta property=\"article:publisher\" content=\"https:\/\/facebook.com\/sunoresearch\" \/>\n<meta property=\"og:image\" content=\"https:\/\/files.sunoresearch.com.br\/n\/uploads\/2018\/12\/f470bca4-donald-trump.jpg\" \/>\n\t<meta property=\"og:image:width\" content=\"4096\" \/>\n\t<meta property=\"og:image:height\" content=\"2385\" \/>\n\t<meta property=\"og:image:type\" content=\"image\/jpeg\" \/>\n<meta name=\"author\" content=\"Amanda Gushiken\" \/>\n<meta name=\"twitter:card\" content=\"summary_large_image\" \/>\n<meta name=\"twitter:creator\" content=\"@sunoresearch\" \/>\n<meta name=\"twitter:site\" content=\"@sunoresearch\" \/>\n<meta name=\"twitter:label1\" content=\"Escrito por\" \/>\n\t<meta name=\"twitter:data1\" content=\"Amanda Gushiken\" \/>\n\t<meta name=\"twitter:label2\" content=\"Est. tempo de leitura\" \/>\n\t<meta name=\"twitter:data2\" content=\"2 minutos\" \/>\n<script type=\"application\/ld+json\" class=\"yoast-schema-graph\">{\"@context\":\"https:\/\/schema.org\",\"@graph\":[{\"@type\":\"NewsArticle\",\"@id\":\"https:\/\/www.suno.com.br\/noticias\/trump-acordo-comercial-china-prazo\/#article\",\"isPartOf\":{\"@id\":\"https:\/\/www.suno.com.br\/noticias\/trump-acordo-comercial-china-prazo\/\"},\"author\":{\"name\":\"Amanda Gushiken\",\"@id\":\"https:\/\/www.suno.com.br\/noticias\/#\/schema\/person\/a5b06fa4e879d8e8e119c6ed3cd630d1\"},\"headline\":\"Trump diz que pode prorrogar prazo para acordo comercial com a China\",\"datePublished\":\"2019-02-13T12:29:51+00:00\",\"mainEntityOfPage\":{\"@id\":\"https:\/\/www.suno.com.br\/noticias\/trump-acordo-comercial-china-prazo\/\"},\"wordCount\":418,\"publisher\":{\"@id\":\"https:\/\/www.suno.com.br\/noticias\/#organization\"},\"image\":{\"@id\":\"https:\/\/www.suno.com.br\/noticias\/trump-acordo-comercial-china-prazo\/#primaryimage\"},\"thumbnailUrl\":\"https:\/\/files.sunoresearch.com.br\/n\/uploads\/2018\/12\/f470bca4-donald-trump-scaled.webp\",\"keywords\":[\"China\",\"Donald Trump\",\"Estados Unidos (EUA)\",\"Xi Jinping\"],\"articleSection\":[\"Internacional\"],\"inLanguage\":\"pt-BR\"},{\"@type\":\"WebPage\",\"@id\":\"https:\/\/www.suno.com.br\/noticias\/trump-acordo-comercial-china-prazo\/\",\"url\":\"https:\/\/www.suno.com.br\/noticias\/trump-acordo-comercial-china-prazo\/\",\"name\":\"Trump diz que pode prorrogar prazo para acordo comercial com a China\",\"isPartOf\":{\"@id\":\"https:\/\/www.suno.com.br\/noticias\/#website\"},\"primaryImageOfPage\":{\"@id\":\"https:\/\/www.suno.com.br\/noticias\/trump-acordo-comercial-china-prazo\/#primaryimage\"},\"image\":{\"@id\":\"https:\/\/www.suno.com.br\/noticias\/trump-acordo-comercial-china-prazo\/#primaryimage\"},\"thumbnailUrl\":\"https:\/\/files.sunoresearch.com.br\/n\/uploads\/2018\/12\/f470bca4-donald-trump-scaled.webp\",\"datePublished\":\"2019-02-13T12:29:51+00:00\",\"description\":\"Donald Trump informou que o prazo para fechar um acordo comercial com a China poder\u00e1 ser prorrogado. Clique para saber mais.\",\"breadcrumb\":{\"@id\":\"https:\/\/www.suno.com.br\/noticias\/trump-acordo-comercial-china-prazo\/#breadcrumb\"},\"inLanguage\":\"pt-BR\",\"potentialAction\":[{\"@type\":\"ReadAction\",\"target\":[\"https:\/\/www.suno.com.br\/noticias\/trump-acordo-comercial-china-prazo\/\"]}]},{\"@type\":\"ImageObject\",\"inLanguage\":\"pt-BR\",\"@id\":\"https:\/\/www.suno.com.br\/noticias\/trump-acordo-comercial-china-prazo\/#primaryimage\",\"url\":\"https:\/\/files.sunoresearch.com.br\/n\/uploads\/2018\/12\/f470bca4-donald-trump-scaled.webp\",\"contentUrl\":\"https:\/\/files.sunoresearch.com.br\/n\/uploads\/2018\/12\/f470bca4-donald-trump-scaled.webp\",\"width\":2560,\"height\":1491,\"caption\":\"O presidente norte-americano, Donald Trump. (divulga\u00e7\u00e3o)\"},{\"@type\":\"BreadcrumbList\",\"@id\":\"https:\/\/www.suno.com.br\/noticias\/trump-acordo-comercial-china-prazo\/#breadcrumb\",\"itemListElement\":[{\"@type\":\"ListItem\",\"position\":1,\"name\":\"Not\u00edcias\",\"item\":\"https:\/\/www.suno.com.br\/noticias\/\"},{\"@type\":\"ListItem\",\"position\":2,\"name\":\"Internacional\",\"item\":\"https:\/\/www.suno.com.br\/noticias\/internacional\/\"},{\"@type\":\"ListItem\",\"position\":3,\"name\":\"Trump diz que pode prorrogar prazo para acordo comercial com a China\"}]},{\"@type\":\"WebSite\",\"@id\":\"https:\/\/www.suno.com.br\/noticias\/#website\",\"url\":\"https:\/\/www.suno.com.br\/noticias\/\",\"name\":\"Suno Not\u00edcias\",\"description\":\"Seu portal de informa\u00e7\u00e3o sobre o mundo dos investimentos\",\"publisher\":{\"@id\":\"https:\/\/www.suno.com.br\/noticias\/#organization\"},\"potentialAction\":[{\"@type\":\"SearchAction\",\"target\":{\"@type\":\"EntryPoint\",\"urlTemplate\":\"https:\/\/www.suno.com.br\/noticias\/?s={search_term_string}\"},\"query-input\":{\"@type\":\"PropertyValueSpecification\",\"valueRequired\":true,\"valueName\":\"search_term_string\"}}],\"inLanguage\":\"pt-BR\"},{\"@type\":\"Organization\",\"@id\":\"https:\/\/www.suno.com.br\/noticias\/#organization\",\"name\":\"Suno Not\u00edcias\",\"url\":\"https:\/\/www.suno.com.br\/noticias\/\",\"logo\":{\"@type\":\"ImageObject\",\"inLanguage\":\"pt-BR\",\"@id\":\"https:\/\/www.suno.com.br\/noticias\/#\/schema\/logo\/image\/\",\"url\":\"https:\/\/files.sunoresearch.com.br\/n\/uploads\/2021\/09\/suno-logo.png\",\"contentUrl\":\"https:\/\/files.sunoresearch.com.br\/n\/uploads\/2021\/09\/suno-logo.png\",\"width\":180,\"height\":180,\"caption\":\"Suno Not\u00edcias\"},\"image\":{\"@id\":\"https:\/\/www.suno.com.br\/noticias\/#\/schema\/logo\/image\/\"},\"sameAs\":[\"https:\/\/facebook.com\/sunoresearch\",\"https:\/\/x.com\/sunoresearch\",\"https:\/\/www.instagram.com\/suno\",\"https:\/\/www.linkedin.com\/company\/suno-research\/\",\"https:\/\/www.youtube.com\/c\/sunoresearch\"]},{\"@type\":\"Person\",\"@id\":\"https:\/\/www.suno.com.br\/noticias\/#\/schema\/person\/a5b06fa4e879d8e8e119c6ed3cd630d1\",\"name\":\"Amanda Gushiken\",\"image\":{\"@type\":\"ImageObject\",\"inLanguage\":\"pt-BR\",\"@id\":\"https:\/\/www.suno.com.br\/noticias\/#\/schema\/person\/image\/\",\"url\":\"https:\/\/secure.gravatar.com\/avatar\/ecd84705e6b65e3685ae80d725501fbe?s=96&r=g\",\"contentUrl\":\"https:\/\/secure.gravatar.com\/avatar\/ecd84705e6b65e3685ae80d725501fbe?s=96&r=g\",\"caption\":\"Amanda Gushiken\"},\"description\":\"Amanda Sayuri Gushiken escreve sobre finan\u00e7as e neg\u00f3cios para o portal Suno Not\u00edcias. Antes, trabalhou selecionando not\u00edcias da imprensa para clientes do mercado financeiro. Tamb\u00e9m desenvolveu pesquisa acad\u00eamica pela Universidade Anhembi Morumbi na \u00e1rea de Teorias da Comunica\u00e7\u00e3o e \u00e9 fot\u00f3grafa nas horas vagas.\",\"url\":\"https:\/\/www.suno.com.br\/noticias\/author\/amanda\/\"}]}<\/script>\n<!-- \/ Yoast SEO plugin. -->","yoast_head_json":{"title":"Trump diz que pode prorrogar prazo para acordo comercial com a China","description":"Donald Trump informou que o prazo para fechar um acordo comercial com a China poder\u00e1 ser prorrogado. Clique para saber mais.","robots":{"index":"index","follow":"follow","max-snippet":"max-snippet:-1","max-image-preview":"max-image-preview:large","max-video-preview":"max-video-preview:-1"},"canonical":"https:\/\/www.suno.com.br\/noticias\/trump-acordo-comercial-china-prazo\/","og_locale":"pt_BR","og_type":"article","og_title":"Trump diz que pode prorrogar prazo para acordo comercial com a China","og_description":"Donald Trump informou que o prazo para fechar um acordo comercial com a China poder\u00e1 ser prorrogado. Clique para saber mais.","og_url":"https:\/\/www.suno.com.br\/noticias\/trump-acordo-comercial-china-prazo\/","og_site_name":"Suno Not\u00edcias","article_publisher":"https:\/\/facebook.com\/sunoresearch","og_image":[{"width":4096,"height":2385,"url":"https:\/\/files.sunoresearch.com.br\/n\/uploads\/2018\/12\/f470bca4-donald-trump.jpg","type":"image\/jpeg"}],"author":"Amanda Gushiken","twitter_card":"summary_large_image","twitter_creator":"@sunoresearch","twitter_site":"@sunoresearch","twitter_misc":{"Escrito por":"Amanda Gushiken","Est. tempo de leitura":"2 minutos"},"schema":{"@context":"https:\/\/schema.org","@graph":[{"@type":"NewsArticle","@id":"https:\/\/www.suno.com.br\/noticias\/trump-acordo-comercial-china-prazo\/#article","isPartOf":{"@id":"https:\/\/www.suno.com.br\/noticias\/trump-acordo-comercial-china-prazo\/"},"author":{"name":"Amanda Gushiken","@id":"https:\/\/www.suno.com.br\/noticias\/#\/schema\/person\/a5b06fa4e879d8e8e119c6ed3cd630d1"},"headline":"Trump diz que pode prorrogar prazo para acordo comercial com a China","datePublished":"2019-02-13T12:29:51+00:00","mainEntityOfPage":{"@id":"https:\/\/www.suno.com.br\/noticias\/trump-acordo-comercial-china-prazo\/"},"wordCount":418,"publisher":{"@id":"https:\/\/www.suno.com.br\/noticias\/#organization"},"image":{"@id":"https:\/\/www.suno.com.br\/noticias\/trump-acordo-comercial-china-prazo\/#primaryimage"},"thumbnailUrl":"https:\/\/files.sunoresearch.com.br\/n\/uploads\/2018\/12\/f470bca4-donald-trump-scaled.webp","keywords":["China","Donald Trump","Estados Unidos (EUA)","Xi Jinping"],"articleSection":["Internacional"],"inLanguage":"pt-BR"},{"@type":"WebPage","@id":"https:\/\/www.suno.com.br\/noticias\/trump-acordo-comercial-china-prazo\/","url":"https:\/\/www.suno.com.br\/noticias\/trump-acordo-comercial-china-prazo\/","name":"Trump diz que pode prorrogar prazo para acordo comercial com a China","isPartOf":{"@id":"https:\/\/www.suno.com.br\/noticias\/#website"},"primaryImageOfPage":{"@id":"https:\/\/www.suno.com.br\/noticias\/trump-acordo-comercial-china-prazo\/#primaryimage"},"image":{"@id":"https:\/\/www.suno.com.br\/noticias\/trump-acordo-comercial-china-prazo\/#primaryimage"},"thumbnailUrl":"https:\/\/files.sunoresearch.com.br\/n\/uploads\/2018\/12\/f470bca4-donald-trump-scaled.webp","datePublished":"2019-02-13T12:29:51+00:00","description":"Donald Trump informou que o prazo para fechar um acordo comercial com a China poder\u00e1 ser prorrogado. Clique para saber mais.","breadcrumb":{"@id":"https:\/\/www.suno.com.br\/noticias\/trump-acordo-comercial-china-prazo\/#breadcrumb"},"inLanguage":"pt-BR","potentialAction":[{"@type":"ReadAction","target":["https:\/\/www.suno.com.br\/noticias\/trump-acordo-comercial-china-prazo\/"]}]},{"@type":"ImageObject","inLanguage":"pt-BR","@id":"https:\/\/www.suno.com.br\/noticias\/trump-acordo-comercial-china-prazo\/#primaryimage","url":"https:\/\/files.sunoresearch.com.br\/n\/uploads\/2018\/12\/f470bca4-donald-trump-scaled.webp","contentUrl":"https:\/\/files.sunoresearch.com.br\/n\/uploads\/2018\/12\/f470bca4-donald-trump-scaled.webp","width":2560,"height":1491,"caption":"O presidente norte-americano, Donald Trump. (divulga\u00e7\u00e3o)"},{"@type":"BreadcrumbList","@id":"https:\/\/www.suno.com.br\/noticias\/trump-acordo-comercial-china-prazo\/#breadcrumb","itemListElement":[{"@type":"ListItem","position":1,"name":"Not\u00edcias","item":"https:\/\/www.suno.com.br\/noticias\/"},{"@type":"ListItem","position":2,"name":"Internacional","item":"https:\/\/www.suno.com.br\/noticias\/internacional\/"},{"@type":"ListItem","position":3,"name":"Trump diz que pode prorrogar prazo para acordo comercial com a China"}]},{"@type":"WebSite","@id":"https:\/\/www.suno.com.br\/noticias\/#website","url":"https:\/\/www.suno.com.br\/noticias\/","name":"Suno Not\u00edcias","description":"Seu portal de informa\u00e7\u00e3o sobre o mundo dos investimentos","publisher":{"@id":"https:\/\/www.suno.com.br\/noticias\/#organization"},"potentialAction":[{"@type":"SearchAction","target":{"@type":"EntryPoint","urlTemplate":"https:\/\/www.suno.com.br\/noticias\/?s={search_term_string}"},"query-input":{"@type":"PropertyValueSpecification","valueRequired":true,"valueName":"search_term_string"}}],"inLanguage":"pt-BR"},{"@type":"Organization","@id":"https:\/\/www.suno.com.br\/noticias\/#organization","name":"Suno Not\u00edcias","url":"https:\/\/www.suno.com.br\/noticias\/","logo":{"@type":"ImageObject","inLanguage":"pt-BR","@id":"https:\/\/www.suno.com.br\/noticias\/#\/schema\/logo\/image\/","url":"https:\/\/files.sunoresearch.com.br\/n\/uploads\/2021\/09\/suno-logo.png","contentUrl":"https:\/\/files.sunoresearch.com.br\/n\/uploads\/2021\/09\/suno-logo.png","width":180,"height":180,"caption":"Suno Not\u00edcias"},"image":{"@id":"https:\/\/www.suno.com.br\/noticias\/#\/schema\/logo\/image\/"},"sameAs":["https:\/\/facebook.com\/sunoresearch","https:\/\/x.com\/sunoresearch","https:\/\/www.instagram.com\/suno","https:\/\/www.linkedin.com\/company\/suno-research\/","https:\/\/www.youtube.com\/c\/sunoresearch"]},{"@type":"Person","@id":"https:\/\/www.suno.com.br\/noticias\/#\/schema\/person\/a5b06fa4e879d8e8e119c6ed3cd630d1","name":"Amanda Gushiken","image":{"@type":"ImageObject","inLanguage":"pt-BR","@id":"https:\/\/www.suno.com.br\/noticias\/#\/schema\/person\/image\/","url":"https:\/\/secure.gravatar.com\/avatar\/ecd84705e6b65e3685ae80d725501fbe?s=96&r=g","contentUrl":"https:\/\/secure.gravatar.com\/avatar\/ecd84705e6b65e3685ae80d725501fbe?s=96&r=g","caption":"Amanda Gushiken"},"description":"Amanda Sayuri Gushiken escreve sobre finan\u00e7as e neg\u00f3cios para o portal Suno Not\u00edcias. Antes, trabalhou selecionando not\u00edcias da imprensa para clientes do mercado financeiro. Tamb\u00e9m desenvolveu pesquisa acad\u00eamica pela Universidade Anhembi Morumbi na \u00e1rea de Teorias da Comunica\u00e7\u00e3o e \u00e9 fot\u00f3grafa nas horas vagas.","url":"https:\/\/www.suno.com.br\/noticias\/author\/amanda\/"}]}},"default_loop_html":"<div class=\"cardsPage__listCard__boxs\"><div class=\"cardsPage__listCard__boxs__img\"><a href=\"https:\/\/www.suno.com.br\/noticias\/trump-acordo-comercial-china-prazo\/\"><img class=\"mask\" src=\"https:\/\/www.suno.com.br\/noticias\/wp-content\/themes\/suno\/resources\/images\/spotlight\/spotlight1img\/bg-mask.png\" alt=\"Image Mask\"\/><img src=\"https:\/\/files.sunoresearch.com.br\/n\/uploads\/2018\/12\/f470bca4-donald-trump-400x200.webp\" alt=\"Trump diz que pode prorrogar prazo para acordo comercial com a China\"\/><\/a><span class=\"spotlightCategory\"><a href=\"https:\/\/www.suno.com.br\/noticias\/internacional\/\">Internacional<\/a><\/span><\/div><div class=\"cardsPage__listCard__boxs__content\"><a href=\"https:\/\/www.suno.com.br\/noticias\/trump-acordo-comercial-china-prazo\/\"><h2 class=\"content__title\">Trump diz que pode prorrogar prazo para acordo comercial com a China<\/h2><\/a><div class=\"newsContent__article__meta\"><div class=\"newsContent__article__meta__authorBox\"><a href=\"https:\/\/www.suno.com.br\/noticias\/author\/amanda\/\" class=\"authorBox__avatar noMobi\"><img src=\"https:\/\/files.sunoresearch.com.br\/n\/uploads\/2018\/11\/c6ad30be-amanda-150x150.webp\" alt=\"Amanda Gushiken\"><\/a><div class=\"authorBox__name\"><span>por\n\t\t\t<a href=\"https:\/\/www.suno.com.br\/noticias\/author\/amanda\/\"><span itemprop=\"author\">Amanda Gushiken<\/span><\/a><\/span><time datetime=\"2019-02-13T10:29:51-02:00\" itemprop=\"datePublished\">13\/02\/2019 10:29<\/time><\/div><\/div><\/div><\/div><\/div>","single_layout":"posts","amp_enabled":true,"_links":{"self":[{"href":"https:\/\/www.suno.com.br\/noticias\/wp-json\/wp\/v2\/posts\/15120"}],"collection":[{"href":"https:\/\/www.suno.com.br\/noticias\/wp-json\/wp\/v2\/posts"}],"about":[{"href":"https:\/\/www.suno.com.br\/noticias\/wp-json\/wp\/v2\/types\/post"}],"author":[{"embeddable":true,"href":"https:\/\/www.suno.com.br\/noticias\/wp-json\/wp\/v2\/users\/12"}],"replies":[{"embeddable":true,"href":"https:\/\/www.suno.com.br\/noticias\/wp-json\/wp\/v2\/comments?post=15120"}],"version-history":[{"count":0,"href":"https:\/\/www.suno.com.br\/noticias\/wp-json\/wp\/v2\/posts\/15120\/revisions"}],"wp:featuredmedia":[{"embeddable":true,"href":"https:\/\/www.suno.com.br\/noticias\/wp-json\/wp\/v2\/media\/8604"}],"wp:attachment":[{"href":"https:\/\/www.suno.com.br\/noticias\/wp-json\/wp\/v2\/media?parent=15120"}],"wp:term":[{"taxonomy":"category","embeddable":true,"href":"https:\/\/www.suno.com.br\/noticias\/wp-json\/wp\/v2\/categories?post=15120"},{"taxonomy":"post_tag","embeddable":true,"href":"https:\/\/www.suno.com.br\/noticias\/wp-json\/wp\/v2\/tags?post=15120"},{"taxonomy":"suno_strategy","embeddable":true,"href":"https:\/\/www.suno.com.br\/noticias\/wp-json\/wp\/v2\/suno_strategy?post=15120"}],"curies":[{"name":"wp","href":"https:\/\/api.w.org\/{rel}","templated":true}]}}