{"id":151131,"date":"2021-05-26T18:27:02","date_gmt":"2021-05-26T21:27:02","guid":{"rendered":"https:\/\/www.suno.com.br\/noticias\/?p=151131"},"modified":"2021-05-26T18:27:02","modified_gmt":"2021-05-26T21:27:02","slug":"divida-publica-federal-cai-292-abril-r-5089-trilhoes-tesouro","status":"publish","type":"post","link":"https:\/\/www.suno.com.br\/noticias\/divida-publica-federal-cai-292-abril-r-5089-trilhoes-tesouro\/","title":{"rendered":"D\u00edvida P\u00fablica Federal cai 2,92% em abril para R$ 5,089 tri, diz Tesouro"},"content":{"rendered":"<p>O estoque da <strong>D\u00edvida P\u00fablica Federal (DPF)<\/strong> caiu 2,92% em abril, quando atingiu R$ 5,089 trilh\u00f5es. Os dados foram divulgados nesta quarta-feira (26) pelo <a href=\"https:\/\/www.suno.com.br\/artigos\/tesouro-nacional\/\">Tesouro Nacional<\/a>. Em mar\u00e7o, o estoque estava em R$ 5,242 trilh\u00f5es.<\/p>\t<div class=\"wrapper-featured-image\">\n\t\t<figure class=\"spotlightImg\">\n\n\t\t\t<picture>\n\t\t\t\t<source media=\"(max-width: 768px)\" srcset=\"https:\/\/files.sunoresearch.com.br\/n\/uploads\/2021\/04\/f9640bf4-ballots-1195056_1920-400x200.webp\">\n\t\t\t\t<img loading=\"lazy\" decoding=\"async\" class=\"newsContent__article__imgCapa lazyloadDisabled \" src=\"https:\/\/files.sunoresearch.com.br\/n\/uploads\/2021\/04\/f9640bf4-ballots-1195056_1920-800x450.webp\" width=\"800\" height=\"450\" alt=\"D\u00edvida P\u00fablica Federal cai 2,92% em abril para R$ 5,089 tri, diz Tesouro\" fetchpriority=high \/>\n\t\t\t<\/picture>\n\n\t\t\t<figcaption class=\"wp-caption-text wp-caption-text--show\">IPCA-15 sobe 0,52% em dezembro, fechando 2022 com alta de 5,90%. Foto: Pixabay<\/figcaption>\n\t\t<\/figure>\n\t<\/div>\n\n\n\t<p>\n\t\t<a href=\"https:\/\/lp.suno.com.br\/planilha-controle-gastos\/\" target=\"_blank\" data-element=\"shortcode-suno-banner\" title=\"Banner SUNO, clique e saiba mais\">\n\t\t\t<picture>\n\t\t\t\t<source media=\"(max-width: 500px)\" srcset=\"https:\/\/files.sunoresearch.com.br\/n\/uploads\/2023\/03\/400x300-Planilha-controle-de-gastos.png\">\n\t\t\t\t<img class=\"newsContent__article__imgCapa newsContent__article__imgCapa--banner\"\n\t\t\t\t\tsrc=\"https:\/\/files.sunoresearch.com.br\/n\/uploads\/2023\/03\/1420x240-Planilha-controle-de-gastos.png\"\n\t\t\t\t\tdata-promo-id=\"101751\"\t\t\t\t\t\t\t\t\t\twidth='1420' height='240'\t\t\t\t\talt=\"https:\/\/files.sunoresearch.com.br\/n\/uploads\/2023\/03\/1420x240-Planilha-controle-de-gastos.png\"\n\t\t\t\t>\n\t\t\t<\/picture>\n\t\t<\/a>\n\t<\/p>\n\n\n<p>A corre\u00e7\u00e3o de juros no estoque da DPF foi de R$ 13,88 bilh\u00f5es no m\u00eas passado, quando houve resgate l\u00edquido de R$ 167,16 bilh\u00f5es. A DPF inclui a d\u00edvida interna e externa. A D\u00edvida P\u00fablica Mobili\u00e1ria Federal interna (<strong>DPMFi<\/strong>) caiu 2,70% e fechou o m\u00eas em R$ 4,852 trilh\u00f5es.<\/p>\n<p>J\u00e1 a D\u00edvida P\u00fablica Federal externa (<strong>DPFe<\/strong>) ficou 7,23% menor, somando R$ 237,00 bilh\u00f5es (US$ 43,86 bilh\u00f5es) no m\u00eas passado.<\/p>\n<p><a href=\"https:\/\/lp.suno.com.br\/suno-one\/\">Suno One: acesse gratuitamente eBooks, Minicursos, Artigos e V\u00eddeo Aulas sobre investimentos com um \u00fanico cadastro. Clique para saber mais!<\/a><\/p>\n<p><b>Composi\u00e7\u00e3o<\/b><\/p>\n<p>A parcela de <a href=\"https:\/\/www.suno.com.br\/artigos\/tesouro-prefixado\/\">t\u00edtulos prefixados<\/a> na DPF caiu de 34,67% em mar\u00e7o para 31,90% em abril. J\u00e1 os pap\u00e9is atrelados \u00e0 Selic aumentaram a fatia, de 33,78% para 35,50%.<\/p>\n<p>Os t\u00edtulos remunerados pela <a href=\"https:\/\/www.suno.com.br\/artigos\/inflacao\/\">infla\u00e7\u00e3o<\/a> subiram para 27,69% do estoque da DPF em abril ante 26,38% em mar\u00e7o.<\/p>\n\t<p>\n\t\t<a href=\"https:\/\/lp.suno.com.br\/planilha-da-vida-financeira\/\" target=\"_blank\" data-element=\"shortcode-suno-banner\" title=\"Banner SUNO, clique e saiba mais\">\n\t\t\t<picture>\n\t\t\t\t<source media=\"(max-width: 500px)\" srcset=\"https:\/\/files.sunoresearch.com.br\/n\/uploads\/2023\/04\/400x300-Planilha-vida-financeira-true.png\">\n\t\t\t\t<img class=\"newsContent__article__imgCapa newsContent__article__imgCapa--banner\"\n\t\t\t\t\tsrc=\"https:\/\/files.sunoresearch.com.br\/n\/uploads\/2023\/04\/1420x240-Planilha-vida-financeira-true.png\"\n\t\t\t\t\tdata-promo-id=\"106682\"\t\t\t\t\t\t\t\t\t\twidth='1420' height='240'\t\t\t\t\talt=\"https:\/\/files.sunoresearch.com.br\/n\/uploads\/2023\/04\/1420x240-Planilha-vida-financeira-true.png\"\n\t\t\t\t>\n\t\t\t<\/picture>\n\t\t<\/a>\n\t<\/p>\n\n\n<p>Os pap\u00e9is cambiais reduziram a participa\u00e7\u00e3o na DPF de 5,17% em mar\u00e7o para 4,91% em abril .<\/p>\n<p><b>12 meses<\/b><\/p>\n<p>A parcela da DPF a vencer em 12 meses caiu de 27,78%, em mar\u00e7o, para 24,52%, em abril, segundo o Tesouro Nacional. O prazo m\u00e9dio da d\u00edvida aumentou de 3,63 anos, em mar\u00e7o, para 3,79 anos, em abril.<\/p>\n<p>O custo m\u00e9dio acumulado em 12 meses da DPF passou de apresentou redu\u00e7\u00e3o de 7,64% ao ano, em mar\u00e7o, para 7,22% ao ano, em abril.<\/p>\n\t<div data-element=\"shortcode-read-more\" class=\"knowMore\">\n\t\t\t\t<span class=\"knowMore__title\">Leia tamb\u00e9m <\/span>\n\t\t\t\t<a class=\"knowMore__link\" href=\"https:\/\/www.suno.com.br\/noticias\/picpay-contrata-btg-pactual-bpac11-para-realizar-ipo-diz-coluna\/\">\n\t\t\tPicPay contrata BTG Pactual (BPAC11) para realizar IPO, diz coluna\t\t<\/a>\n\t<\/div>\n\n\n<p><b>Estrangeiros<\/b><\/p>\n<p>O montante da d\u00edvida p\u00fablica brasileira nas m\u00e3os de estrangeiros caiu de R$ 475,66 bilh\u00f5es em mar\u00e7o para R$ 472,95 bilh\u00f5es em abril. Mas, considerando todas as varia\u00e7\u00f5es na d\u00edvida no m\u00eas passado, o porcentual dos investidores n\u00e3o residentes na DPMFi subiu, passando de 9,54% em mar\u00e7o para 9,75% em abril.<\/p>\n<p>A participa\u00e7\u00e3o de entidades de previd\u00eancia subiu de 22,70% para 23,55%.<\/p>\n<p>A categoria das institui\u00e7\u00f5es financeiras registrou queda na participa\u00e7\u00e3o do estoque da DPMFi de 31,07% em mar\u00e7o para 29,71% em abril.<\/p>\n<p>Os fundos de investimentos aumentaram a fatia de 24,10% para 23,84%. J\u00e1 a participa\u00e7\u00e3o das seguradores passou de 3,68% para 3,89%, informou o <strong>Tesouro<\/strong>.<\/p>\n<p>Com informa\u00e7\u00f5es do Estad\u00e3o Conte\u00fado.<\/p>\n\t<p>\n\t\t<a href=\"https:\/\/lp.suno.com.br\/planilha-de-controle-de-investimentos\/\" target=\"_blank\" data-element=\"shortcode-suno-banner\" title=\"Banner SUNO, clique e saiba mais\">\n\t\t\t<picture>\n\t\t\t\t<source media=\"(max-width: 500px)\" srcset=\"https:\/\/files.sunoresearch.com.br\/n\/uploads\/2023\/03\/400x300-Controle-de-Investimentos.png\">\n\t\t\t\t<img class=\"newsContent__article__imgCapa newsContent__article__imgCapa--banner\"\n\t\t\t\t\tsrc=\"https:\/\/files.sunoresearch.com.br\/n\/uploads\/2023\/03\/1420x240-Controle-de-Investimentos.png\"\n\t\t\t\t\tdata-promo-id=\"75934\"\t\t\t\t\t\t\t\t\t\twidth='1420' height='240'\t\t\t\t\talt=\"https:\/\/files.sunoresearch.com.br\/n\/uploads\/2023\/03\/1420x240-Controle-de-Investimentos.png\"\n\t\t\t\t>\n\t\t\t<\/picture>\n\t\t<\/a>\n\t<\/p>\n\n\n","protected":false},"excerpt":{"rendered":"<p>O estoque da D\u00edvida P\u00fablica Federal (DPF) caiu 2,92% em abril, quando atingiu R$ 5,089 trilh\u00f5es. Os dados foram divulgados nesta quarta-feira (26) pelo Tesouro Nacional. Em mar\u00e7o, o estoque estava em R$ 5,242 trilh\u00f5es. IPCA-15 sobe 0,52% em dezembro, fechando 2022 com alta de 5,90%. Foto: Pixabay A corre\u00e7\u00e3o de juros no estoque da [&hellip;]<\/p>\n","protected":false},"author":56,"featured_media":139912,"comment_status":"closed","ping_status":"closed","sticky":false,"template":"","format":"standard","meta":[],"categories":[62],"tags":[1265,1044],"suno_strategy":[],"class_list":["post-151131","post","type-post","status-publish","format-standard","has-post-thumbnail","hentry","category-economia","tag-divida-publica-federal","tag-tesouro-nacional"],"yoast_head":"<!-- This site is optimized with the Yoast SEO plugin v24.4 - https:\/\/yoast.com\/wordpress\/plugins\/seo\/ -->\n<title>D\u00edvida P\u00fablica Federal cai 2,92% em abril para R$ 5,089 tri, diz Tesouro<\/title>\n<meta name=\"description\" content=\"Em mar\u00e7o, o estoque da D\u00edvida P\u00fablica Federal (DPF) estava em R$ 5,242 trilh\u00f5es, segundo o Tesouro Nacional. Clique aqui para saber mais.\" \/>\n<meta name=\"robots\" content=\"index, follow, max-snippet:-1, max-image-preview:large, max-video-preview:-1\" \/>\n<link rel=\"canonical\" href=\"https:\/\/www.suno.com.br\/noticias\/divida-publica-federal-cai-292-abril-r-5089-trilhoes-tesouro\/\" \/>\n<meta property=\"og:locale\" content=\"pt_BR\" \/>\n<meta property=\"og:type\" content=\"article\" \/>\n<meta property=\"og:title\" content=\"D\u00edvida P\u00fablica Federal cai 2,92% em abril para R$ 5,089 tri, diz Tesouro\" \/>\n<meta property=\"og:description\" content=\"Em mar\u00e7o, o estoque da D\u00edvida P\u00fablica Federal (DPF) estava em R$ 5,242 trilh\u00f5es, segundo o Tesouro Nacional. Clique aqui para saber mais.\" \/>\n<meta property=\"og:url\" content=\"https:\/\/www.suno.com.br\/noticias\/divida-publica-federal-cai-292-abril-r-5089-trilhoes-tesouro\/\" \/>\n<meta property=\"og:site_name\" content=\"Suno Not\u00edcias\" \/>\n<meta property=\"article:publisher\" content=\"https:\/\/facebook.com\/sunoresearch\" \/>\n<meta property=\"og:image\" content=\"https:\/\/files.sunoresearch.com.br\/n\/uploads\/2021\/04\/f9640bf4-ballots-1195056_1920.jpg\" \/>\n\t<meta property=\"og:image:width\" content=\"1920\" \/>\n\t<meta property=\"og:image:height\" content=\"1280\" \/>\n\t<meta property=\"og:image:type\" content=\"image\/jpeg\" \/>\n<meta name=\"author\" content=\"Rafaela La Regina\" \/>\n<meta name=\"twitter:card\" content=\"summary_large_image\" \/>\n<meta name=\"twitter:creator\" content=\"@sunoresearch\" \/>\n<meta name=\"twitter:site\" content=\"@sunoresearch\" \/>\n<meta name=\"twitter:label1\" content=\"Escrito por\" \/>\n\t<meta name=\"twitter:data1\" content=\"Rafaela La Regina\" \/>\n\t<meta name=\"twitter:label2\" content=\"Est. tempo de leitura\" \/>\n\t<meta name=\"twitter:data2\" content=\"2 minutos\" \/>\n<script type=\"application\/ld+json\" class=\"yoast-schema-graph\">{\"@context\":\"https:\/\/schema.org\",\"@graph\":[{\"@type\":\"NewsArticle\",\"@id\":\"https:\/\/www.suno.com.br\/noticias\/divida-publica-federal-cai-292-abril-r-5089-trilhoes-tesouro\/#article\",\"isPartOf\":{\"@id\":\"https:\/\/www.suno.com.br\/noticias\/divida-publica-federal-cai-292-abril-r-5089-trilhoes-tesouro\/\"},\"author\":{\"name\":\"Rafaela La Regina\",\"@id\":\"https:\/\/www.suno.com.br\/noticias\/#\/schema\/person\/e672ca8cea627fe715fa29bca7da95e0\"},\"headline\":\"D\u00edvida P\u00fablica Federal cai 2,92% em abril para R$ 5,089 tri, diz Tesouro\",\"datePublished\":\"2021-05-26T21:27:02+00:00\",\"mainEntityOfPage\":{\"@id\":\"https:\/\/www.suno.com.br\/noticias\/divida-publica-federal-cai-292-abril-r-5089-trilhoes-tesouro\/\"},\"wordCount\":414,\"publisher\":{\"@id\":\"https:\/\/www.suno.com.br\/noticias\/#organization\"},\"image\":{\"@id\":\"https:\/\/www.suno.com.br\/noticias\/divida-publica-federal-cai-292-abril-r-5089-trilhoes-tesouro\/#primaryimage\"},\"thumbnailUrl\":\"https:\/\/files.sunoresearch.com.br\/n\/uploads\/2021\/04\/f9640bf4-ballots-1195056_1920-jpg.webp\",\"keywords\":[\"D\u00edvida P\u00fablica Federal\",\"Tesouro Nacional\"],\"articleSection\":[\"Economia\"],\"inLanguage\":\"pt-BR\"},{\"@type\":\"WebPage\",\"@id\":\"https:\/\/www.suno.com.br\/noticias\/divida-publica-federal-cai-292-abril-r-5089-trilhoes-tesouro\/\",\"url\":\"https:\/\/www.suno.com.br\/noticias\/divida-publica-federal-cai-292-abril-r-5089-trilhoes-tesouro\/\",\"name\":\"D\u00edvida P\u00fablica Federal cai 2,92% em abril para R$ 5,089 tri, diz Tesouro\",\"isPartOf\":{\"@id\":\"https:\/\/www.suno.com.br\/noticias\/#website\"},\"primaryImageOfPage\":{\"@id\":\"https:\/\/www.suno.com.br\/noticias\/divida-publica-federal-cai-292-abril-r-5089-trilhoes-tesouro\/#primaryimage\"},\"image\":{\"@id\":\"https:\/\/www.suno.com.br\/noticias\/divida-publica-federal-cai-292-abril-r-5089-trilhoes-tesouro\/#primaryimage\"},\"thumbnailUrl\":\"https:\/\/files.sunoresearch.com.br\/n\/uploads\/2021\/04\/f9640bf4-ballots-1195056_1920-jpg.webp\",\"datePublished\":\"2021-05-26T21:27:02+00:00\",\"description\":\"Em mar\u00e7o, o estoque da D\u00edvida P\u00fablica Federal (DPF) estava em R$ 5,242 trilh\u00f5es, segundo o Tesouro Nacional. Clique aqui para saber mais.\",\"breadcrumb\":{\"@id\":\"https:\/\/www.suno.com.br\/noticias\/divida-publica-federal-cai-292-abril-r-5089-trilhoes-tesouro\/#breadcrumb\"},\"inLanguage\":\"pt-BR\",\"potentialAction\":[{\"@type\":\"ReadAction\",\"target\":[\"https:\/\/www.suno.com.br\/noticias\/divida-publica-federal-cai-292-abril-r-5089-trilhoes-tesouro\/\"]}]},{\"@type\":\"ImageObject\",\"inLanguage\":\"pt-BR\",\"@id\":\"https:\/\/www.suno.com.br\/noticias\/divida-publica-federal-cai-292-abril-r-5089-trilhoes-tesouro\/#primaryimage\",\"url\":\"https:\/\/files.sunoresearch.com.br\/n\/uploads\/2021\/04\/f9640bf4-ballots-1195056_1920-jpg.webp\",\"contentUrl\":\"https:\/\/files.sunoresearch.com.br\/n\/uploads\/2021\/04\/f9640bf4-ballots-1195056_1920-jpg.webp\",\"width\":1920,\"height\":1280,\"caption\":\"IPCA-15 sobe 0,52% em dezembro, fechando 2022 com alta de 5,90%. Foto: Pixabay\"},{\"@type\":\"BreadcrumbList\",\"@id\":\"https:\/\/www.suno.com.br\/noticias\/divida-publica-federal-cai-292-abril-r-5089-trilhoes-tesouro\/#breadcrumb\",\"itemListElement\":[{\"@type\":\"ListItem\",\"position\":1,\"name\":\"Not\u00edcias\",\"item\":\"https:\/\/www.suno.com.br\/noticias\/\"},{\"@type\":\"ListItem\",\"position\":2,\"name\":\"Economia\",\"item\":\"https:\/\/www.suno.com.br\/noticias\/economia\/\"},{\"@type\":\"ListItem\",\"position\":3,\"name\":\"D\u00edvida P\u00fablica Federal cai 2,92% em abril para R$ 5,089 tri, diz Tesouro\"}]},{\"@type\":\"WebSite\",\"@id\":\"https:\/\/www.suno.com.br\/noticias\/#website\",\"url\":\"https:\/\/www.suno.com.br\/noticias\/\",\"name\":\"Suno Not\u00edcias\",\"description\":\"Seu portal de informa\u00e7\u00e3o sobre o mundo dos investimentos\",\"publisher\":{\"@id\":\"https:\/\/www.suno.com.br\/noticias\/#organization\"},\"potentialAction\":[{\"@type\":\"SearchAction\",\"target\":{\"@type\":\"EntryPoint\",\"urlTemplate\":\"https:\/\/www.suno.com.br\/noticias\/?s={search_term_string}\"},\"query-input\":{\"@type\":\"PropertyValueSpecification\",\"valueRequired\":true,\"valueName\":\"search_term_string\"}}],\"inLanguage\":\"pt-BR\"},{\"@type\":\"Organization\",\"@id\":\"https:\/\/www.suno.com.br\/noticias\/#organization\",\"name\":\"Suno Not\u00edcias\",\"url\":\"https:\/\/www.suno.com.br\/noticias\/\",\"logo\":{\"@type\":\"ImageObject\",\"inLanguage\":\"pt-BR\",\"@id\":\"https:\/\/www.suno.com.br\/noticias\/#\/schema\/logo\/image\/\",\"url\":\"https:\/\/files.sunoresearch.com.br\/n\/uploads\/2021\/09\/suno-logo.png\",\"contentUrl\":\"https:\/\/files.sunoresearch.com.br\/n\/uploads\/2021\/09\/suno-logo.png\",\"width\":180,\"height\":180,\"caption\":\"Suno Not\u00edcias\"},\"image\":{\"@id\":\"https:\/\/www.suno.com.br\/noticias\/#\/schema\/logo\/image\/\"},\"sameAs\":[\"https:\/\/facebook.com\/sunoresearch\",\"https:\/\/x.com\/sunoresearch\",\"https:\/\/www.instagram.com\/suno\",\"https:\/\/www.linkedin.com\/company\/suno-research\/\",\"https:\/\/www.youtube.com\/c\/sunoresearch\"]},{\"@type\":\"Person\",\"@id\":\"https:\/\/www.suno.com.br\/noticias\/#\/schema\/person\/e672ca8cea627fe715fa29bca7da95e0\",\"name\":\"Rafaela La Regina\",\"image\":{\"@type\":\"ImageObject\",\"inLanguage\":\"pt-BR\",\"@id\":\"https:\/\/www.suno.com.br\/noticias\/#\/schema\/person\/image\/\",\"url\":\"https:\/\/secure.gravatar.com\/avatar\/d2c75a52d243deb93d0465fdcb21bd37?s=96&r=g\",\"contentUrl\":\"https:\/\/secure.gravatar.com\/avatar\/d2c75a52d243deb93d0465fdcb21bd37?s=96&r=g\",\"caption\":\"Rafaela La Regina\"},\"description\":\"Estagi\u00e1ria no Suno Not\u00edcias. Escreve sobre economia, pol\u00edtica e neg\u00f3cios. Estuda Rela\u00e7\u00f5es Internacionais no IBMEC-SP.\",\"url\":\"https:\/\/www.suno.com.br\/noticias\/author\/rafaela-la-regina\/\"}]}<\/script>\n<!-- \/ Yoast SEO plugin. -->","yoast_head_json":{"title":"D\u00edvida P\u00fablica Federal cai 2,92% em abril para R$ 5,089 tri, diz Tesouro","description":"Em mar\u00e7o, o estoque da D\u00edvida P\u00fablica Federal (DPF) estava em R$ 5,242 trilh\u00f5es, segundo o Tesouro Nacional. Clique aqui para saber mais.","robots":{"index":"index","follow":"follow","max-snippet":"max-snippet:-1","max-image-preview":"max-image-preview:large","max-video-preview":"max-video-preview:-1"},"canonical":"https:\/\/www.suno.com.br\/noticias\/divida-publica-federal-cai-292-abril-r-5089-trilhoes-tesouro\/","og_locale":"pt_BR","og_type":"article","og_title":"D\u00edvida P\u00fablica Federal cai 2,92% em abril para R$ 5,089 tri, diz Tesouro","og_description":"Em mar\u00e7o, o estoque da D\u00edvida P\u00fablica Federal (DPF) estava em R$ 5,242 trilh\u00f5es, segundo o Tesouro Nacional. Clique aqui para saber mais.","og_url":"https:\/\/www.suno.com.br\/noticias\/divida-publica-federal-cai-292-abril-r-5089-trilhoes-tesouro\/","og_site_name":"Suno Not\u00edcias","article_publisher":"https:\/\/facebook.com\/sunoresearch","og_image":[{"width":1920,"height":1280,"url":"https:\/\/files.sunoresearch.com.br\/n\/uploads\/2021\/04\/f9640bf4-ballots-1195056_1920.jpg","type":"image\/jpeg"}],"author":"Rafaela La Regina","twitter_card":"summary_large_image","twitter_creator":"@sunoresearch","twitter_site":"@sunoresearch","twitter_misc":{"Escrito por":"Rafaela La Regina","Est. tempo de leitura":"2 minutos"},"schema":{"@context":"https:\/\/schema.org","@graph":[{"@type":"NewsArticle","@id":"https:\/\/www.suno.com.br\/noticias\/divida-publica-federal-cai-292-abril-r-5089-trilhoes-tesouro\/#article","isPartOf":{"@id":"https:\/\/www.suno.com.br\/noticias\/divida-publica-federal-cai-292-abril-r-5089-trilhoes-tesouro\/"},"author":{"name":"Rafaela La Regina","@id":"https:\/\/www.suno.com.br\/noticias\/#\/schema\/person\/e672ca8cea627fe715fa29bca7da95e0"},"headline":"D\u00edvida P\u00fablica Federal cai 2,92% em abril para R$ 5,089 tri, diz Tesouro","datePublished":"2021-05-26T21:27:02+00:00","mainEntityOfPage":{"@id":"https:\/\/www.suno.com.br\/noticias\/divida-publica-federal-cai-292-abril-r-5089-trilhoes-tesouro\/"},"wordCount":414,"publisher":{"@id":"https:\/\/www.suno.com.br\/noticias\/#organization"},"image":{"@id":"https:\/\/www.suno.com.br\/noticias\/divida-publica-federal-cai-292-abril-r-5089-trilhoes-tesouro\/#primaryimage"},"thumbnailUrl":"https:\/\/files.sunoresearch.com.br\/n\/uploads\/2021\/04\/f9640bf4-ballots-1195056_1920-jpg.webp","keywords":["D\u00edvida P\u00fablica Federal","Tesouro Nacional"],"articleSection":["Economia"],"inLanguage":"pt-BR"},{"@type":"WebPage","@id":"https:\/\/www.suno.com.br\/noticias\/divida-publica-federal-cai-292-abril-r-5089-trilhoes-tesouro\/","url":"https:\/\/www.suno.com.br\/noticias\/divida-publica-federal-cai-292-abril-r-5089-trilhoes-tesouro\/","name":"D\u00edvida P\u00fablica Federal cai 2,92% em abril para R$ 5,089 tri, diz Tesouro","isPartOf":{"@id":"https:\/\/www.suno.com.br\/noticias\/#website"},"primaryImageOfPage":{"@id":"https:\/\/www.suno.com.br\/noticias\/divida-publica-federal-cai-292-abril-r-5089-trilhoes-tesouro\/#primaryimage"},"image":{"@id":"https:\/\/www.suno.com.br\/noticias\/divida-publica-federal-cai-292-abril-r-5089-trilhoes-tesouro\/#primaryimage"},"thumbnailUrl":"https:\/\/files.sunoresearch.com.br\/n\/uploads\/2021\/04\/f9640bf4-ballots-1195056_1920-jpg.webp","datePublished":"2021-05-26T21:27:02+00:00","description":"Em mar\u00e7o, o estoque da D\u00edvida P\u00fablica Federal (DPF) estava em R$ 5,242 trilh\u00f5es, segundo o Tesouro Nacional. Clique aqui para saber mais.","breadcrumb":{"@id":"https:\/\/www.suno.com.br\/noticias\/divida-publica-federal-cai-292-abril-r-5089-trilhoes-tesouro\/#breadcrumb"},"inLanguage":"pt-BR","potentialAction":[{"@type":"ReadAction","target":["https:\/\/www.suno.com.br\/noticias\/divida-publica-federal-cai-292-abril-r-5089-trilhoes-tesouro\/"]}]},{"@type":"ImageObject","inLanguage":"pt-BR","@id":"https:\/\/www.suno.com.br\/noticias\/divida-publica-federal-cai-292-abril-r-5089-trilhoes-tesouro\/#primaryimage","url":"https:\/\/files.sunoresearch.com.br\/n\/uploads\/2021\/04\/f9640bf4-ballots-1195056_1920-jpg.webp","contentUrl":"https:\/\/files.sunoresearch.com.br\/n\/uploads\/2021\/04\/f9640bf4-ballots-1195056_1920-jpg.webp","width":1920,"height":1280,"caption":"IPCA-15 sobe 0,52% em dezembro, fechando 2022 com alta de 5,90%. Foto: Pixabay"},{"@type":"BreadcrumbList","@id":"https:\/\/www.suno.com.br\/noticias\/divida-publica-federal-cai-292-abril-r-5089-trilhoes-tesouro\/#breadcrumb","itemListElement":[{"@type":"ListItem","position":1,"name":"Not\u00edcias","item":"https:\/\/www.suno.com.br\/noticias\/"},{"@type":"ListItem","position":2,"name":"Economia","item":"https:\/\/www.suno.com.br\/noticias\/economia\/"},{"@type":"ListItem","position":3,"name":"D\u00edvida P\u00fablica Federal cai 2,92% em abril para R$ 5,089 tri, diz Tesouro"}]},{"@type":"WebSite","@id":"https:\/\/www.suno.com.br\/noticias\/#website","url":"https:\/\/www.suno.com.br\/noticias\/","name":"Suno Not\u00edcias","description":"Seu portal de informa\u00e7\u00e3o sobre o mundo dos investimentos","publisher":{"@id":"https:\/\/www.suno.com.br\/noticias\/#organization"},"potentialAction":[{"@type":"SearchAction","target":{"@type":"EntryPoint","urlTemplate":"https:\/\/www.suno.com.br\/noticias\/?s={search_term_string}"},"query-input":{"@type":"PropertyValueSpecification","valueRequired":true,"valueName":"search_term_string"}}],"inLanguage":"pt-BR"},{"@type":"Organization","@id":"https:\/\/www.suno.com.br\/noticias\/#organization","name":"Suno Not\u00edcias","url":"https:\/\/www.suno.com.br\/noticias\/","logo":{"@type":"ImageObject","inLanguage":"pt-BR","@id":"https:\/\/www.suno.com.br\/noticias\/#\/schema\/logo\/image\/","url":"https:\/\/files.sunoresearch.com.br\/n\/uploads\/2021\/09\/suno-logo.png","contentUrl":"https:\/\/files.sunoresearch.com.br\/n\/uploads\/2021\/09\/suno-logo.png","width":180,"height":180,"caption":"Suno Not\u00edcias"},"image":{"@id":"https:\/\/www.suno.com.br\/noticias\/#\/schema\/logo\/image\/"},"sameAs":["https:\/\/facebook.com\/sunoresearch","https:\/\/x.com\/sunoresearch","https:\/\/www.instagram.com\/suno","https:\/\/www.linkedin.com\/company\/suno-research\/","https:\/\/www.youtube.com\/c\/sunoresearch"]},{"@type":"Person","@id":"https:\/\/www.suno.com.br\/noticias\/#\/schema\/person\/e672ca8cea627fe715fa29bca7da95e0","name":"Rafaela La Regina","image":{"@type":"ImageObject","inLanguage":"pt-BR","@id":"https:\/\/www.suno.com.br\/noticias\/#\/schema\/person\/image\/","url":"https:\/\/secure.gravatar.com\/avatar\/d2c75a52d243deb93d0465fdcb21bd37?s=96&r=g","contentUrl":"https:\/\/secure.gravatar.com\/avatar\/d2c75a52d243deb93d0465fdcb21bd37?s=96&r=g","caption":"Rafaela La Regina"},"description":"Estagi\u00e1ria no Suno Not\u00edcias. Escreve sobre economia, pol\u00edtica e neg\u00f3cios. Estuda Rela\u00e7\u00f5es Internacionais no IBMEC-SP.","url":"https:\/\/www.suno.com.br\/noticias\/author\/rafaela-la-regina\/"}]}},"default_loop_html":"<div class=\"cardsPage__listCard__boxs\"><div class=\"cardsPage__listCard__boxs__img\"><a href=\"https:\/\/www.suno.com.br\/noticias\/divida-publica-federal-cai-292-abril-r-5089-trilhoes-tesouro\/\"><img class=\"mask\" src=\"https:\/\/www.suno.com.br\/noticias\/wp-content\/themes\/suno\/resources\/images\/spotlight\/spotlight1img\/bg-mask.png\" alt=\"Image Mask\"\/><img src=\"https:\/\/files.sunoresearch.com.br\/n\/uploads\/2021\/04\/f9640bf4-ballots-1195056_1920-400x200.webp\" alt=\"D\u00edvida P\u00fablica Federal cai 2,92% em abril para R$ 5,089 tri, diz Tesouro\"\/><\/a><span class=\"spotlightCategory\"><a href=\"https:\/\/www.suno.com.br\/noticias\/economia\/\">Economia<\/a><\/span><\/div><div class=\"cardsPage__listCard__boxs__content\"><a href=\"https:\/\/www.suno.com.br\/noticias\/divida-publica-federal-cai-292-abril-r-5089-trilhoes-tesouro\/\"><h2 class=\"content__title\">D\u00edvida P\u00fablica Federal cai 2,92% em abril para R$ 5,089 tri, diz Tesouro<\/h2><\/a><div class=\"newsContent__article__meta\"><div class=\"newsContent__article__meta__authorBox\"><a href=\"https:\/\/www.suno.com.br\/noticias\/author\/rafaela-la-regina\/\" class=\"authorBox__avatar noMobi\"><img src=\"https:\/\/secure.gravatar.com\/avatar\/d2c75a52d243deb93d0465fdcb21bd37?s=96&#038;r=g\" alt=\"Rafaela La Regina\"><\/a><div class=\"authorBox__name\"><span>por\n\t\t\t<a href=\"https:\/\/www.suno.com.br\/noticias\/author\/rafaela-la-regina\/\"><span itemprop=\"author\">Rafaela La Regina<\/span><\/a><\/span><time datetime=\"2021-05-26T18:27:02-03:00\" itemprop=\"datePublished\">26\/05\/2021 18:27<\/time><\/div><\/div><\/div><\/div><\/div>","single_layout":"posts","amp_enabled":true,"_links":{"self":[{"href":"https:\/\/www.suno.com.br\/noticias\/wp-json\/wp\/v2\/posts\/151131"}],"collection":[{"href":"https:\/\/www.suno.com.br\/noticias\/wp-json\/wp\/v2\/posts"}],"about":[{"href":"https:\/\/www.suno.com.br\/noticias\/wp-json\/wp\/v2\/types\/post"}],"author":[{"embeddable":true,"href":"https:\/\/www.suno.com.br\/noticias\/wp-json\/wp\/v2\/users\/56"}],"replies":[{"embeddable":true,"href":"https:\/\/www.suno.com.br\/noticias\/wp-json\/wp\/v2\/comments?post=151131"}],"version-history":[{"count":2,"href":"https:\/\/www.suno.com.br\/noticias\/wp-json\/wp\/v2\/posts\/151131\/revisions"}],"predecessor-version":[{"id":151210,"href":"https:\/\/www.suno.com.br\/noticias\/wp-json\/wp\/v2\/posts\/151131\/revisions\/151210"}],"wp:featuredmedia":[{"embeddable":true,"href":"https:\/\/www.suno.com.br\/noticias\/wp-json\/wp\/v2\/media\/139912"}],"wp:attachment":[{"href":"https:\/\/www.suno.com.br\/noticias\/wp-json\/wp\/v2\/media?parent=151131"}],"wp:term":[{"taxonomy":"category","embeddable":true,"href":"https:\/\/www.suno.com.br\/noticias\/wp-json\/wp\/v2\/categories?post=151131"},{"taxonomy":"post_tag","embeddable":true,"href":"https:\/\/www.suno.com.br\/noticias\/wp-json\/wp\/v2\/tags?post=151131"},{"taxonomy":"suno_strategy","embeddable":true,"href":"https:\/\/www.suno.com.br\/noticias\/wp-json\/wp\/v2\/suno_strategy?post=151131"}],"curies":[{"name":"wp","href":"https:\/\/api.w.org\/{rel}","templated":true}]}}