{"id":151014,"date":"2021-05-26T11:03:39","date_gmt":"2021-05-26T14:03:39","guid":{"rendered":"https:\/\/www.suno.com.br\/noticias\/?p=151014"},"modified":"2021-05-26T11:03:39","modified_gmt":"2021-05-26T14:03:39","slug":"destaques-de-empresas-marfrig-mrfg3-itausa-itsa4-azul-azul4","status":"publish","type":"post","link":"https:\/\/www.suno.com.br\/noticias\/destaques-de-empresas-marfrig-mrfg3-itausa-itsa4-azul-azul4\/","title":{"rendered":"Destaques de Empresas: Marfrig (MRFG3), Ita\u00fasa (ITSA4) e Azul (AZUL4)"},"content":{"rendered":"<p>Nos <strong>destaques de empresas<\/strong> desta quarta-feira (26) chama a aten\u00e7\u00e3o do investidor a investiga\u00e7\u00e3o da Comiss\u00e3o de Valores Mobili\u00e1rios (CVM) sobre o uso de informa\u00e7\u00e3o privilegiada pelo dono da <a href=\"https:\/\/www.suno.com.br\/acoes\/mrfg3\/\">Marfrig (MRFG3)<\/a>, Marcos Molina, na compra de a\u00e7\u00f5es do frigor\u00edfico antes da aquisi\u00e7\u00e3o da <em>National Beef<\/em>, em 2018.<\/p>\t<div class=\"wrapper-featured-image\">\n\t\t<figure class=\"spotlightImg\">\n\n\t\t\t<picture>\n\t\t\t\t<source media=\"(max-width: 768px)\" srcset=\"https:\/\/files.sunoresearch.com.br\/n\/uploads\/2021\/03\/da639ab2-marfrig-400x200.webp\">\n\t\t\t\t<img loading=\"lazy\" decoding=\"async\" class=\"newsContent__article__imgCapa lazyloadDisabled \" src=\"https:\/\/files.sunoresearch.com.br\/n\/uploads\/2021\/03\/da639ab2-marfrig-800x450.webp\" width=\"800\" height=\"450\" alt=\"Destaques de Empresas: Marfrig (MRFG3), Ita\u00fasa (ITSA4) e Azul (AZUL4)\" fetchpriority=high \/>\n\t\t\t<\/picture>\n\n\t\t\t<figcaption class=\"wp-caption-text wp-caption-text--show\">Marfrig. Foto: Divulga\u00e7\u00e3o\/Marfrig<\/figcaption>\n\t\t<\/figure>\n\t<\/div>\n\n\n\t<p>\n\t\t<a href=\"https:\/\/lp.suno.com.br\/planilha-controle-gastos\/\" target=\"_blank\" data-element=\"shortcode-suno-banner\" title=\"Banner SUNO, clique e saiba mais\">\n\t\t\t<picture>\n\t\t\t\t<source media=\"(max-width: 500px)\" srcset=\"https:\/\/files.sunoresearch.com.br\/n\/uploads\/2023\/03\/400x300-Planilha-controle-de-gastos.png\">\n\t\t\t\t<img class=\"newsContent__article__imgCapa newsContent__article__imgCapa--banner\"\n\t\t\t\t\tsrc=\"https:\/\/files.sunoresearch.com.br\/n\/uploads\/2023\/03\/1420x240-Planilha-controle-de-gastos.png\"\n\t\t\t\t\tdata-promo-id=\"101751\"\t\t\t\t\t\t\t\t\t\twidth='1420' height='240'\t\t\t\t\talt=\"https:\/\/files.sunoresearch.com.br\/n\/uploads\/2023\/03\/1420x240-Planilha-controle-de-gastos.png\"\n\t\t\t\t>\n\t\t\t<\/picture>\n\t\t<\/a>\n\t<\/p>\n\n\n<p>Entre os destaques de empresas tamb\u00e9m est\u00e1 a<a href=\"https:\/\/www.suno.com.br\/acoes\/itsa4\/\"><strong> Ita\u00fasa<\/strong> (ITSA4)<\/a> que divulgou o cronograma de pagamento de dividendos trimestrais, referentes ao exerc\u00edcio social de 2021. J\u00e1 a <a href=\"https:\/\/www.suno.com.br\/acoes\/azul4\/\"><strong>Azul<\/strong> (AZUL4)<\/a> estaria com a inten\u00e7\u00e3o de comprar parte da Latam.<\/p>\n<p><a href=\"https:\/\/lp.suno.com.br\/suno-one\/?ppp=noticias\/hospital-care-pedido-ipo-cvm\/\">Suno One: acesse gratuitamente eBooks, Minicursos, Artigos e V\u00eddeo Aulas sobre investimentos com um \u00fanico cadastro. Clique para saber mais!<\/a><\/p>\n<p>Por sua vez, o CEO da <a href=\"http:\/\/www.suno.com.br\/acoes\/elet3\"><strong>Eletrobras<\/strong> (ELET3)<\/a>, Rodrigo Limp, disse que o planejamento da empresa prev\u00ea investimentos de R$ 200 bilh\u00f5es at\u00e9 2035. O <a href=\"https:\/\/www.suno.com.br\/acoes\/bpac11\/\"><strong>BTG Pactual<\/strong> (BPAC11)<\/a> est\u00e1 estudando realizar uma oferta subsequente de a\u00e7\u00f5es (follow-on).<\/p>\n<p>Veja os destaques de empresas desta quarta-feira (26)<\/p>\n<h2>Marfrig<\/h2>\n<p>A CVM abriu um processo sancionador contra Marcos Molina, fundador e dono da <strong>Marfrig<\/strong>, para apurar o uso de <a href=\"https:\/\/www.suno.com.br\/artigos\/insider-information\/\">informa\u00e7\u00e3o privilegiada<\/a> na compra de a\u00e7\u00f5es do frigor\u00edfico antes da aquisi\u00e7\u00e3o da National Beef, em 2018. A informa\u00e7\u00e3o foi revelada pelo jornal <em>Valor Econ\u00f4mico<\/em>.<\/p>\n\t<div data-element=\"shortcode-read-more\" class=\"knowMore\">\n\t\t\t\t<span class=\"knowMore__title\">Saiba Mais<\/span>\n\t\t\t\t<a class=\"knowMore__link\" href=\"https:\/\/www.suno.com.br\/noticias\/marcos-molina-marfrig-mrfg3-acusado-insider\/\">\n\t\t\tMarcos Molina, dono da Marfrig (MRFG3), \u00e9 acusado de insider, diz jornal\t\t<\/a>\n\t<\/div>\n\n\n<p>De acordo com a reportagem, a conclus\u00e3o da Superintend\u00eancia de Processos Sancionadores (SPS) foi: <strong>Marcos Molina\u00a0<\/strong>realizou\u00a0<a href=\"https:\/\/www.suno.com.br\/artigos\/insider-trading\/\"><em>insider trading <\/em><\/a>enquanto presidente do conselho de administra\u00e7\u00e3o da Marfrig e participava das negocia\u00e7\u00f5es para a compra. As opera\u00e7\u00f5es foram levadas a cabo pelo executivo e a esposa M\u00e1rcia Mar\u00e7al dos Santos.<\/p>\n<h2>Ita\u00fasa<\/h2>\n<p>Entre os destaques de empresas est\u00e1 a <strong>Ita\u00fasa<\/strong> que divulgou seu ronograma de pagamentos dos<a href=\"https:\/\/www.suno.com.br\/dividendos\/\"> dividendos trimestrais<\/a>, referentes aos exerc\u00edcio social de 2021, no valor de R$ 0,02 por a\u00e7\u00e3o.<\/p>\n\t<div data-element=\"shortcode-read-more\" class=\"knowMore\">\n\t\t\t\t<span class=\"knowMore__title\">Saiba Mais<\/span>\n\t\t\t\t<a class=\"knowMore__link\" href=\"https:\/\/www.suno.com.br\/noticias\/itausa-itsa4-cronograma-pagamento-dividendos\/\">\n\t\t\tIta\u00fasa (ITSA4) divulga cronograma de pagamento de dividendos trimestrais\t\t<\/a>\n\t<\/div>\n\n\n<p>Confira o cronograma divulgado pela Ita\u00fasa:<\/p>\n<ul>\n<li><a href=\"https:\/\/www.suno.com.br\/artigos\/data-ex\/\">Data-base<\/a>: 31\/05\/2021; data de pagamento: 1\/07\/2021<\/li>\n<li>Data-base: 31\/08\/2021; data de pagamento: 1\/10\/2021<\/li>\n<li>Data-base: 30\/11\/2021; data de pagamento: 3\/01\/2022<\/li>\n<li>Data-base: 28\/02\/2022; data de pagamento: 1\/04\/2022<\/li>\n<\/ul>\n<h2>Azul<\/h2>\n<p>A<strong> Azul<\/strong> e a Latam Airlines Brasil comunicaram ao mercado ontem sobre fim do acordo de voos compartilhados, que come\u00e7ou em agosto do ano passado. Frente a isso, com a inten\u00e7\u00e3o de comprar parte da concorrente no Brasil, a Azul estaria conversando com arrendadores de aeronaves, segundo fontes informaram ao jornal <em>Valor Econ\u00f4mico<\/em> nesta ter\u00e7a-feira.<\/p>\n\t<div data-element=\"shortcode-read-more\" class=\"knowMore\">\n\t\t\t\t<span class=\"knowMore__title\">Saiba Mais<\/span>\n\t\t\t\t<a class=\"knowMore__link\" href=\"https:\/\/www.suno.com.br\/noticias\/azul-azul4-compra-latam-brasil\/\">\n\t\t\tAzul (AZUL4) estaria conversando sobre compra da Latam Brasil, diz jornal\t\t<\/a>\n\t<\/div>\n\n\n<p>Vale destacar que desde o in\u00edcio do acordo, j\u00e1 corriam boatos no mercado de que a Azul estaria interessada em comprar as opera\u00e7\u00f5es da<strong> Latam Brasil,\u00a0<\/strong>mas a companhia chilena resistiu.<\/p>\n<h2>Eletrobras<\/h2>\n<p>Entre os destaques de empresas est\u00e1 a declara\u00e7\u00e3o do CEO da Eletroras, Rodrigo Limp, na qual disse que o planejamento estrat\u00e9gico da empresa prev\u00ea investimentos de ordem de R$ 200 bilh\u00f5es at\u00e9 2035 com a <a href=\"https:\/\/www.suno.com.br\/artigos\/privatizacao\/\">privatiza\u00e7\u00e3o da holding<\/a>.<\/p>\n\t<div data-element=\"shortcode-read-more\" class=\"knowMore\">\n\t\t\t\t<span class=\"knowMore__title\">Saiba Mais<\/span>\n\t\t\t\t<a class=\"knowMore__link\" href=\"https:\/\/www.suno.com.br\/noticias\/eletrobras-elet3-investira-r-200-bi-ate-2035-privatizada\/\">\n\t\t\tEletrobras (ELET3) investir\u00e1 R$ 200 bi at\u00e9 2035 se for privatizada, diz CEO\t\t<\/a>\n\t<\/div>\n\n\n<p>Ao passo que no cen\u00e1rio atual, a Eletrobras teria condi\u00e7\u00f5es de investir apenas a metade desse valor, informou o presidente da companhia durante a 22\u00aa edi\u00e7\u00e3o do CEO Confere Brasil, evento promovido pelo banco BTG Pactual.<\/p>\n<h2>BTG Pactual<\/h2>\n<p>O <strong>BTG Pactual<\/strong> disse, na manh\u00e3 desta de hoje, que est\u00e1 estudando realizar uma <a href=\"https:\/\/www.suno.com.br\/artigos\/follow-on\/\">oferta subsequente de a\u00e7\u00f5es (follow-on)<\/a> com esfor\u00e7os restritos. O montante estimado n\u00e3o foi divulgado, mas o banco de investimento afirmou que volume e estrutura seriam similares a capta\u00e7\u00f5es realizadas nos \u00faltimos anos.<\/p>\n\t<div data-element=\"shortcode-read-more\" class=\"knowMore\">\n\t\t\t\t<span class=\"knowMore__title\">Saiba Mais<\/span>\n\t\t\t\t<a class=\"knowMore__link\" href=\"https:\/\/www.suno.com.br\/noticias\/btg-pactual-bpac11-estuda-oferta-de-acoes\/\">\n\t\t\tBTG Pactual (BPAC11) estuda oferta de a\u00e7\u00f5es restrita\t\t<\/a>\n\t<\/div>\n\n\n<p>Em janeiro deste ano, o BTG Pactual levantou R$ 2,57 bilh\u00f5es em um<strong> follow-on<\/strong>. Os recursos l\u00edquidos captados na oferta foram destinados para acelerar iniciativas estrat\u00e9gicas e de crescimento na \u00e1rea de varejo digital. Desde ent\u00e3o, a institui\u00e7\u00e3o j\u00e1 comprou a fintech Kinvo, uma maior participa\u00e7\u00e3o no <a href=\"https:\/\/www.suno.com.br\/acoes\/bpan4\/\"><strong>Banco Pan<\/strong> (BPAN4)<\/a> e o Grupo Universa, controlador da Empiricus.<\/p>\n<p>Os <strong>destaques de empresas<\/strong> do Suno Not\u00edcias mostram os principais acontecimentos que prometem movimentar o mercado durante o dia.<\/p>\n\t<p>\n\t\t<a href=\"https:\/\/lp.suno.com.br\/planilha-da-vida-financeira\/\" target=\"_blank\" data-element=\"shortcode-suno-banner\" title=\"Banner SUNO, clique e saiba mais\">\n\t\t\t<picture>\n\t\t\t\t<source media=\"(max-width: 500px)\" srcset=\"https:\/\/files.sunoresearch.com.br\/n\/uploads\/2023\/04\/400x300-Planilha-vida-financeira-true.png\">\n\t\t\t\t<img class=\"newsContent__article__imgCapa newsContent__article__imgCapa--banner\"\n\t\t\t\t\tsrc=\"https:\/\/files.sunoresearch.com.br\/n\/uploads\/2023\/04\/1420x240-Planilha-vida-financeira-true.png\"\n\t\t\t\t\tdata-promo-id=\"106682\"\t\t\t\t\t\t\t\t\t\twidth='1420' height='240'\t\t\t\t\talt=\"https:\/\/files.sunoresearch.com.br\/n\/uploads\/2023\/04\/1420x240-Planilha-vida-financeira-true.png\"\n\t\t\t\t>\n\t\t\t<\/picture>\n\t\t<\/a>\n\t<\/p>\n\n\n","protected":false},"excerpt":{"rendered":"<p>Nos destaques de empresas desta quarta-feira (26) chama a aten\u00e7\u00e3o do investidor a investiga\u00e7\u00e3o da Comiss\u00e3o de Valores Mobili\u00e1rios (CVM) sobre o uso de informa\u00e7\u00e3o privilegiada pelo dono da Marfrig (MRFG3), Marcos Molina, na compra de a\u00e7\u00f5es do frigor\u00edfico antes da aquisi\u00e7\u00e3o da National Beef, em 2018. Marfrig. Foto: Divulga\u00e7\u00e3o\/Marfrig Entre os destaques de empresas [&hellip;]<\/p>\n","protected":false},"author":15,"featured_media":130398,"comment_status":"closed","ping_status":"closed","sticky":false,"template":"","format":"standard","meta":[],"categories":[64],"tags":[106932,104831,517,552],"suno_strategy":[],"class_list":["post-151014","post","type-post","status-publish","format-standard","has-post-thumbnail","hentry","category-negocios","tag-azul-azul4","tag-destaques-de-empresas","tag-itausa-itsa3-itsa4","tag-marfrig-mrfg3"],"yoast_head":"<!-- This site is optimized with the Yoast SEO plugin v24.4 - https:\/\/yoast.com\/wordpress\/plugins\/seo\/ -->\n<title>Destaques de Empresas: Marfrig (MRFG3), Ita\u00fasa (ITSA4) e Azul (AZUL4)<\/title>\n<meta name=\"description\" content=\"Os destaques de empresas do Suno Not\u00edcias mostram os principais acontecimentos que prometem movimentar o mercado durante o dia. Clique aqui\" \/>\n<meta name=\"robots\" content=\"index, follow, max-snippet:-1, max-image-preview:large, max-video-preview:-1\" \/>\n<link rel=\"canonical\" href=\"https:\/\/www.suno.com.br\/noticias\/destaques-de-empresas-marfrig-mrfg3-itausa-itsa4-azul-azul4\/\" \/>\n<meta property=\"og:locale\" content=\"pt_BR\" \/>\n<meta property=\"og:type\" content=\"article\" \/>\n<meta property=\"og:title\" content=\"Destaques de Empresas: Marfrig (MRFG3), Ita\u00fasa (ITSA4) e Azul (AZUL4)\" \/>\n<meta property=\"og:description\" content=\"Os destaques de empresas do Suno Not\u00edcias mostram os principais acontecimentos que prometem movimentar o mercado durante o dia. Clique aqui\" \/>\n<meta property=\"og:url\" content=\"https:\/\/www.suno.com.br\/noticias\/destaques-de-empresas-marfrig-mrfg3-itausa-itsa4-azul-azul4\/\" \/>\n<meta property=\"og:site_name\" content=\"Suno Not\u00edcias\" \/>\n<meta property=\"article:publisher\" content=\"https:\/\/facebook.com\/sunoresearch\" \/>\n<meta property=\"og:image\" content=\"https:\/\/files.sunoresearch.com.br\/n\/uploads\/2021\/03\/da639ab2-marfrig.jpg\" \/>\n\t<meta property=\"og:image:width\" content=\"1200\" \/>\n\t<meta property=\"og:image:height\" content=\"800\" \/>\n\t<meta property=\"og:image:type\" content=\"image\/jpeg\" \/>\n<meta name=\"author\" content=\"Poliana Santos\" \/>\n<meta name=\"twitter:card\" content=\"summary_large_image\" \/>\n<meta name=\"twitter:creator\" content=\"@sunoresearch\" \/>\n<meta name=\"twitter:site\" content=\"@sunoresearch\" \/>\n<meta name=\"twitter:label1\" content=\"Escrito por\" \/>\n\t<meta name=\"twitter:data1\" content=\"Poliana Santos\" \/>\n\t<meta name=\"twitter:label2\" content=\"Est. tempo de leitura\" \/>\n\t<meta name=\"twitter:data2\" content=\"3 minutos\" \/>\n<script type=\"application\/ld+json\" class=\"yoast-schema-graph\">{\"@context\":\"https:\/\/schema.org\",\"@graph\":[{\"@type\":\"NewsArticle\",\"@id\":\"https:\/\/www.suno.com.br\/noticias\/destaques-de-empresas-marfrig-mrfg3-itausa-itsa4-azul-azul4\/#article\",\"isPartOf\":{\"@id\":\"https:\/\/www.suno.com.br\/noticias\/destaques-de-empresas-marfrig-mrfg3-itausa-itsa4-azul-azul4\/\"},\"author\":{\"name\":\"Poliana Santos\",\"@id\":\"https:\/\/www.suno.com.br\/noticias\/#\/schema\/person\/02ec1f752758247878a2bf4abee1aeda\"},\"headline\":\"Destaques de Empresas: Marfrig (MRFG3), Ita\u00fasa (ITSA4) e Azul (AZUL4)\",\"datePublished\":\"2021-05-26T14:03:39+00:00\",\"mainEntityOfPage\":{\"@id\":\"https:\/\/www.suno.com.br\/noticias\/destaques-de-empresas-marfrig-mrfg3-itausa-itsa4-azul-azul4\/\"},\"wordCount\":678,\"publisher\":{\"@id\":\"https:\/\/www.suno.com.br\/noticias\/#organization\"},\"image\":{\"@id\":\"https:\/\/www.suno.com.br\/noticias\/destaques-de-empresas-marfrig-mrfg3-itausa-itsa4-azul-azul4\/#primaryimage\"},\"thumbnailUrl\":\"https:\/\/files.sunoresearch.com.br\/n\/uploads\/2021\/03\/da639ab2-marfrig-jpg.webp\",\"keywords\":[\"Azul (AZUL4)\",\"destaques de empresas\",\"Ita\u00fasa (ITSA3\/ITSA4)\",\"Marfrig (MRFG3)\"],\"articleSection\":[\"Neg\u00f3cios\"],\"inLanguage\":\"pt-BR\"},{\"@type\":\"WebPage\",\"@id\":\"https:\/\/www.suno.com.br\/noticias\/destaques-de-empresas-marfrig-mrfg3-itausa-itsa4-azul-azul4\/\",\"url\":\"https:\/\/www.suno.com.br\/noticias\/destaques-de-empresas-marfrig-mrfg3-itausa-itsa4-azul-azul4\/\",\"name\":\"Destaques de Empresas: Marfrig (MRFG3), Ita\u00fasa (ITSA4) e Azul (AZUL4)\",\"isPartOf\":{\"@id\":\"https:\/\/www.suno.com.br\/noticias\/#website\"},\"primaryImageOfPage\":{\"@id\":\"https:\/\/www.suno.com.br\/noticias\/destaques-de-empresas-marfrig-mrfg3-itausa-itsa4-azul-azul4\/#primaryimage\"},\"image\":{\"@id\":\"https:\/\/www.suno.com.br\/noticias\/destaques-de-empresas-marfrig-mrfg3-itausa-itsa4-azul-azul4\/#primaryimage\"},\"thumbnailUrl\":\"https:\/\/files.sunoresearch.com.br\/n\/uploads\/2021\/03\/da639ab2-marfrig-jpg.webp\",\"datePublished\":\"2021-05-26T14:03:39+00:00\",\"description\":\"Os destaques de empresas do Suno Not\u00edcias mostram os principais acontecimentos que prometem movimentar o mercado durante o dia. Clique aqui\",\"breadcrumb\":{\"@id\":\"https:\/\/www.suno.com.br\/noticias\/destaques-de-empresas-marfrig-mrfg3-itausa-itsa4-azul-azul4\/#breadcrumb\"},\"inLanguage\":\"pt-BR\",\"potentialAction\":[{\"@type\":\"ReadAction\",\"target\":[\"https:\/\/www.suno.com.br\/noticias\/destaques-de-empresas-marfrig-mrfg3-itausa-itsa4-azul-azul4\/\"]}]},{\"@type\":\"ImageObject\",\"inLanguage\":\"pt-BR\",\"@id\":\"https:\/\/www.suno.com.br\/noticias\/destaques-de-empresas-marfrig-mrfg3-itausa-itsa4-azul-azul4\/#primaryimage\",\"url\":\"https:\/\/files.sunoresearch.com.br\/n\/uploads\/2021\/03\/da639ab2-marfrig-jpg.webp\",\"contentUrl\":\"https:\/\/files.sunoresearch.com.br\/n\/uploads\/2021\/03\/da639ab2-marfrig-jpg.webp\",\"width\":1200,\"height\":800,\"caption\":\"Marfrig. Foto: Divulga\u00e7\u00e3o\/Marfrig\"},{\"@type\":\"BreadcrumbList\",\"@id\":\"https:\/\/www.suno.com.br\/noticias\/destaques-de-empresas-marfrig-mrfg3-itausa-itsa4-azul-azul4\/#breadcrumb\",\"itemListElement\":[{\"@type\":\"ListItem\",\"position\":1,\"name\":\"Not\u00edcias\",\"item\":\"https:\/\/www.suno.com.br\/noticias\/\"},{\"@type\":\"ListItem\",\"position\":2,\"name\":\"Neg\u00f3cios\",\"item\":\"https:\/\/www.suno.com.br\/noticias\/negocios\/\"},{\"@type\":\"ListItem\",\"position\":3,\"name\":\"Destaques de Empresas: Marfrig (MRFG3), Ita\u00fasa (ITSA4) e Azul (AZUL4)\"}]},{\"@type\":\"WebSite\",\"@id\":\"https:\/\/www.suno.com.br\/noticias\/#website\",\"url\":\"https:\/\/www.suno.com.br\/noticias\/\",\"name\":\"Suno Not\u00edcias\",\"description\":\"Seu portal de informa\u00e7\u00e3o sobre o mundo dos investimentos\",\"publisher\":{\"@id\":\"https:\/\/www.suno.com.br\/noticias\/#organization\"},\"potentialAction\":[{\"@type\":\"SearchAction\",\"target\":{\"@type\":\"EntryPoint\",\"urlTemplate\":\"https:\/\/www.suno.com.br\/noticias\/?s={search_term_string}\"},\"query-input\":{\"@type\":\"PropertyValueSpecification\",\"valueRequired\":true,\"valueName\":\"search_term_string\"}}],\"inLanguage\":\"pt-BR\"},{\"@type\":\"Organization\",\"@id\":\"https:\/\/www.suno.com.br\/noticias\/#organization\",\"name\":\"Suno Not\u00edcias\",\"url\":\"https:\/\/www.suno.com.br\/noticias\/\",\"logo\":{\"@type\":\"ImageObject\",\"inLanguage\":\"pt-BR\",\"@id\":\"https:\/\/www.suno.com.br\/noticias\/#\/schema\/logo\/image\/\",\"url\":\"https:\/\/files.sunoresearch.com.br\/n\/uploads\/2021\/09\/suno-logo.png\",\"contentUrl\":\"https:\/\/files.sunoresearch.com.br\/n\/uploads\/2021\/09\/suno-logo.png\",\"width\":180,\"height\":180,\"caption\":\"Suno Not\u00edcias\"},\"image\":{\"@id\":\"https:\/\/www.suno.com.br\/noticias\/#\/schema\/logo\/image\/\"},\"sameAs\":[\"https:\/\/facebook.com\/sunoresearch\",\"https:\/\/x.com\/sunoresearch\",\"https:\/\/www.instagram.com\/suno\",\"https:\/\/www.linkedin.com\/company\/suno-research\/\",\"https:\/\/www.youtube.com\/c\/sunoresearch\"]},{\"@type\":\"Person\",\"@id\":\"https:\/\/www.suno.com.br\/noticias\/#\/schema\/person\/02ec1f752758247878a2bf4abee1aeda\",\"name\":\"Poliana Santos\",\"image\":{\"@type\":\"ImageObject\",\"inLanguage\":\"pt-BR\",\"@id\":\"https:\/\/www.suno.com.br\/noticias\/#\/schema\/person\/image\/\",\"url\":\"https:\/\/secure.gravatar.com\/avatar\/0645bd32f23d87b2130f2b2dff1d3f8d?s=96&r=g\",\"contentUrl\":\"https:\/\/secure.gravatar.com\/avatar\/0645bd32f23d87b2130f2b2dff1d3f8d?s=96&r=g\",\"caption\":\"Poliana Santos\"},\"description\":\"Rep\u00f3rter no Suno Not\u00edcias, com cobertura em mercado financeiro, economia, finan\u00e7as pessoais, renda fixa e varejo. Jornalista formada pela Faculdade C\u00e1sper L\u00edbero e possui passagem na R\u00e1dio Gazeta AM com a produ\u00e7\u00e3o de conte\u00fado sobre economia, pol\u00edtica, sa\u00fade, moda e m\u00fasica. Possui certificado de conclus\u00e3o do curso de An\u00e1lise de Balan\u00e7os pela Funda\u00e7\u00e3o Bradesco, Agenda Brasil pela FAAP, Educa\u00e7\u00e3o Pol\u00edtica por Alexandre Garcia e do Tesouro Direto e Mercado de A\u00e7\u00f5es pela B3.\",\"url\":\"https:\/\/www.suno.com.br\/noticias\/author\/poliana-santos\/\"}]}<\/script>\n<!-- \/ Yoast SEO plugin. -->","yoast_head_json":{"title":"Destaques de Empresas: Marfrig (MRFG3), Ita\u00fasa (ITSA4) e Azul (AZUL4)","description":"Os destaques de empresas do Suno Not\u00edcias mostram os principais acontecimentos que prometem movimentar o mercado durante o dia. Clique aqui","robots":{"index":"index","follow":"follow","max-snippet":"max-snippet:-1","max-image-preview":"max-image-preview:large","max-video-preview":"max-video-preview:-1"},"canonical":"https:\/\/www.suno.com.br\/noticias\/destaques-de-empresas-marfrig-mrfg3-itausa-itsa4-azul-azul4\/","og_locale":"pt_BR","og_type":"article","og_title":"Destaques de Empresas: Marfrig (MRFG3), Ita\u00fasa (ITSA4) e Azul (AZUL4)","og_description":"Os destaques de empresas do Suno Not\u00edcias mostram os principais acontecimentos que prometem movimentar o mercado durante o dia. Clique aqui","og_url":"https:\/\/www.suno.com.br\/noticias\/destaques-de-empresas-marfrig-mrfg3-itausa-itsa4-azul-azul4\/","og_site_name":"Suno Not\u00edcias","article_publisher":"https:\/\/facebook.com\/sunoresearch","og_image":[{"width":1200,"height":800,"url":"https:\/\/files.sunoresearch.com.br\/n\/uploads\/2021\/03\/da639ab2-marfrig.jpg","type":"image\/jpeg"}],"author":"Poliana Santos","twitter_card":"summary_large_image","twitter_creator":"@sunoresearch","twitter_site":"@sunoresearch","twitter_misc":{"Escrito por":"Poliana Santos","Est. tempo de leitura":"3 minutos"},"schema":{"@context":"https:\/\/schema.org","@graph":[{"@type":"NewsArticle","@id":"https:\/\/www.suno.com.br\/noticias\/destaques-de-empresas-marfrig-mrfg3-itausa-itsa4-azul-azul4\/#article","isPartOf":{"@id":"https:\/\/www.suno.com.br\/noticias\/destaques-de-empresas-marfrig-mrfg3-itausa-itsa4-azul-azul4\/"},"author":{"name":"Poliana Santos","@id":"https:\/\/www.suno.com.br\/noticias\/#\/schema\/person\/02ec1f752758247878a2bf4abee1aeda"},"headline":"Destaques de Empresas: Marfrig (MRFG3), Ita\u00fasa (ITSA4) e Azul (AZUL4)","datePublished":"2021-05-26T14:03:39+00:00","mainEntityOfPage":{"@id":"https:\/\/www.suno.com.br\/noticias\/destaques-de-empresas-marfrig-mrfg3-itausa-itsa4-azul-azul4\/"},"wordCount":678,"publisher":{"@id":"https:\/\/www.suno.com.br\/noticias\/#organization"},"image":{"@id":"https:\/\/www.suno.com.br\/noticias\/destaques-de-empresas-marfrig-mrfg3-itausa-itsa4-azul-azul4\/#primaryimage"},"thumbnailUrl":"https:\/\/files.sunoresearch.com.br\/n\/uploads\/2021\/03\/da639ab2-marfrig-jpg.webp","keywords":["Azul (AZUL4)","destaques de empresas","Ita\u00fasa (ITSA3\/ITSA4)","Marfrig (MRFG3)"],"articleSection":["Neg\u00f3cios"],"inLanguage":"pt-BR"},{"@type":"WebPage","@id":"https:\/\/www.suno.com.br\/noticias\/destaques-de-empresas-marfrig-mrfg3-itausa-itsa4-azul-azul4\/","url":"https:\/\/www.suno.com.br\/noticias\/destaques-de-empresas-marfrig-mrfg3-itausa-itsa4-azul-azul4\/","name":"Destaques de Empresas: Marfrig (MRFG3), Ita\u00fasa (ITSA4) e Azul (AZUL4)","isPartOf":{"@id":"https:\/\/www.suno.com.br\/noticias\/#website"},"primaryImageOfPage":{"@id":"https:\/\/www.suno.com.br\/noticias\/destaques-de-empresas-marfrig-mrfg3-itausa-itsa4-azul-azul4\/#primaryimage"},"image":{"@id":"https:\/\/www.suno.com.br\/noticias\/destaques-de-empresas-marfrig-mrfg3-itausa-itsa4-azul-azul4\/#primaryimage"},"thumbnailUrl":"https:\/\/files.sunoresearch.com.br\/n\/uploads\/2021\/03\/da639ab2-marfrig-jpg.webp","datePublished":"2021-05-26T14:03:39+00:00","description":"Os destaques de empresas do Suno Not\u00edcias mostram os principais acontecimentos que prometem movimentar o mercado durante o dia. Clique aqui","breadcrumb":{"@id":"https:\/\/www.suno.com.br\/noticias\/destaques-de-empresas-marfrig-mrfg3-itausa-itsa4-azul-azul4\/#breadcrumb"},"inLanguage":"pt-BR","potentialAction":[{"@type":"ReadAction","target":["https:\/\/www.suno.com.br\/noticias\/destaques-de-empresas-marfrig-mrfg3-itausa-itsa4-azul-azul4\/"]}]},{"@type":"ImageObject","inLanguage":"pt-BR","@id":"https:\/\/www.suno.com.br\/noticias\/destaques-de-empresas-marfrig-mrfg3-itausa-itsa4-azul-azul4\/#primaryimage","url":"https:\/\/files.sunoresearch.com.br\/n\/uploads\/2021\/03\/da639ab2-marfrig-jpg.webp","contentUrl":"https:\/\/files.sunoresearch.com.br\/n\/uploads\/2021\/03\/da639ab2-marfrig-jpg.webp","width":1200,"height":800,"caption":"Marfrig. Foto: Divulga\u00e7\u00e3o\/Marfrig"},{"@type":"BreadcrumbList","@id":"https:\/\/www.suno.com.br\/noticias\/destaques-de-empresas-marfrig-mrfg3-itausa-itsa4-azul-azul4\/#breadcrumb","itemListElement":[{"@type":"ListItem","position":1,"name":"Not\u00edcias","item":"https:\/\/www.suno.com.br\/noticias\/"},{"@type":"ListItem","position":2,"name":"Neg\u00f3cios","item":"https:\/\/www.suno.com.br\/noticias\/negocios\/"},{"@type":"ListItem","position":3,"name":"Destaques de Empresas: Marfrig (MRFG3), Ita\u00fasa (ITSA4) e Azul (AZUL4)"}]},{"@type":"WebSite","@id":"https:\/\/www.suno.com.br\/noticias\/#website","url":"https:\/\/www.suno.com.br\/noticias\/","name":"Suno Not\u00edcias","description":"Seu portal de informa\u00e7\u00e3o sobre o mundo dos investimentos","publisher":{"@id":"https:\/\/www.suno.com.br\/noticias\/#organization"},"potentialAction":[{"@type":"SearchAction","target":{"@type":"EntryPoint","urlTemplate":"https:\/\/www.suno.com.br\/noticias\/?s={search_term_string}"},"query-input":{"@type":"PropertyValueSpecification","valueRequired":true,"valueName":"search_term_string"}}],"inLanguage":"pt-BR"},{"@type":"Organization","@id":"https:\/\/www.suno.com.br\/noticias\/#organization","name":"Suno Not\u00edcias","url":"https:\/\/www.suno.com.br\/noticias\/","logo":{"@type":"ImageObject","inLanguage":"pt-BR","@id":"https:\/\/www.suno.com.br\/noticias\/#\/schema\/logo\/image\/","url":"https:\/\/files.sunoresearch.com.br\/n\/uploads\/2021\/09\/suno-logo.png","contentUrl":"https:\/\/files.sunoresearch.com.br\/n\/uploads\/2021\/09\/suno-logo.png","width":180,"height":180,"caption":"Suno Not\u00edcias"},"image":{"@id":"https:\/\/www.suno.com.br\/noticias\/#\/schema\/logo\/image\/"},"sameAs":["https:\/\/facebook.com\/sunoresearch","https:\/\/x.com\/sunoresearch","https:\/\/www.instagram.com\/suno","https:\/\/www.linkedin.com\/company\/suno-research\/","https:\/\/www.youtube.com\/c\/sunoresearch"]},{"@type":"Person","@id":"https:\/\/www.suno.com.br\/noticias\/#\/schema\/person\/02ec1f752758247878a2bf4abee1aeda","name":"Poliana Santos","image":{"@type":"ImageObject","inLanguage":"pt-BR","@id":"https:\/\/www.suno.com.br\/noticias\/#\/schema\/person\/image\/","url":"https:\/\/secure.gravatar.com\/avatar\/0645bd32f23d87b2130f2b2dff1d3f8d?s=96&r=g","contentUrl":"https:\/\/secure.gravatar.com\/avatar\/0645bd32f23d87b2130f2b2dff1d3f8d?s=96&r=g","caption":"Poliana Santos"},"description":"Rep\u00f3rter no Suno Not\u00edcias, com cobertura em mercado financeiro, economia, finan\u00e7as pessoais, renda fixa e varejo. Jornalista formada pela Faculdade C\u00e1sper L\u00edbero e possui passagem na R\u00e1dio Gazeta AM com a produ\u00e7\u00e3o de conte\u00fado sobre economia, pol\u00edtica, sa\u00fade, moda e m\u00fasica. Possui certificado de conclus\u00e3o do curso de An\u00e1lise de Balan\u00e7os pela Funda\u00e7\u00e3o Bradesco, Agenda Brasil pela FAAP, Educa\u00e7\u00e3o Pol\u00edtica por Alexandre Garcia e do Tesouro Direto e Mercado de A\u00e7\u00f5es pela B3.","url":"https:\/\/www.suno.com.br\/noticias\/author\/poliana-santos\/"}]}},"default_loop_html":"<div class=\"cardsPage__listCard__boxs\"><div class=\"cardsPage__listCard__boxs__img\"><a href=\"https:\/\/www.suno.com.br\/noticias\/destaques-de-empresas-marfrig-mrfg3-itausa-itsa4-azul-azul4\/\"><img class=\"mask\" src=\"https:\/\/www.suno.com.br\/noticias\/wp-content\/themes\/suno\/resources\/images\/spotlight\/spotlight1img\/bg-mask.png\" alt=\"Image Mask\"\/><img src=\"https:\/\/files.sunoresearch.com.br\/n\/uploads\/2021\/03\/da639ab2-marfrig-400x200.webp\" alt=\"Destaques de Empresas: Marfrig (MRFG3), Ita\u00fasa (ITSA4) e Azul (AZUL4)\"\/><\/a><span class=\"spotlightCategory\"><a href=\"https:\/\/www.suno.com.br\/noticias\/negocios\/\">Neg\u00f3cios<\/a><\/span><\/div><div class=\"cardsPage__listCard__boxs__content\"><a href=\"https:\/\/www.suno.com.br\/noticias\/destaques-de-empresas-marfrig-mrfg3-itausa-itsa4-azul-azul4\/\"><h2 class=\"content__title\">Destaques de Empresas: Marfrig (MRFG3), Ita\u00fasa (ITSA4) e Azul (AZUL4)<\/h2><\/a><div class=\"newsContent__article__meta\"><div class=\"newsContent__article__meta__authorBox\"><a href=\"https:\/\/www.suno.com.br\/noticias\/author\/poliana-santos\/\" class=\"authorBox__avatar noMobi\"><img src=\"https:\/\/files.sunoresearch.com.br\/n\/uploads\/2020\/08\/7ef34026-whatsapp-image-2020-08-03-at-12.37.57-150x150.webp\" alt=\"Poliana Santos\"><\/a><div class=\"authorBox__name\"><span>por\n\t\t\t<a href=\"https:\/\/www.suno.com.br\/noticias\/author\/poliana-santos\/\"><span itemprop=\"author\">Poliana Santos<\/span><\/a><\/span><time datetime=\"2021-05-26T11:03:39-03:00\" itemprop=\"datePublished\">26\/05\/2021 11:03<\/time><\/div><\/div><\/div><\/div><\/div>","single_layout":"posts","amp_enabled":true,"_links":{"self":[{"href":"https:\/\/www.suno.com.br\/noticias\/wp-json\/wp\/v2\/posts\/151014"}],"collection":[{"href":"https:\/\/www.suno.com.br\/noticias\/wp-json\/wp\/v2\/posts"}],"about":[{"href":"https:\/\/www.suno.com.br\/noticias\/wp-json\/wp\/v2\/types\/post"}],"author":[{"embeddable":true,"href":"https:\/\/www.suno.com.br\/noticias\/wp-json\/wp\/v2\/users\/15"}],"replies":[{"embeddable":true,"href":"https:\/\/www.suno.com.br\/noticias\/wp-json\/wp\/v2\/comments?post=151014"}],"version-history":[{"count":1,"href":"https:\/\/www.suno.com.br\/noticias\/wp-json\/wp\/v2\/posts\/151014\/revisions"}],"predecessor-version":[{"id":151025,"href":"https:\/\/www.suno.com.br\/noticias\/wp-json\/wp\/v2\/posts\/151014\/revisions\/151025"}],"wp:featuredmedia":[{"embeddable":true,"href":"https:\/\/www.suno.com.br\/noticias\/wp-json\/wp\/v2\/media\/130398"}],"wp:attachment":[{"href":"https:\/\/www.suno.com.br\/noticias\/wp-json\/wp\/v2\/media?parent=151014"}],"wp:term":[{"taxonomy":"category","embeddable":true,"href":"https:\/\/www.suno.com.br\/noticias\/wp-json\/wp\/v2\/categories?post=151014"},{"taxonomy":"post_tag","embeddable":true,"href":"https:\/\/www.suno.com.br\/noticias\/wp-json\/wp\/v2\/tags?post=151014"},{"taxonomy":"suno_strategy","embeddable":true,"href":"https:\/\/www.suno.com.br\/noticias\/wp-json\/wp\/v2\/suno_strategy?post=151014"}],"curies":[{"name":"wp","href":"https:\/\/api.w.org\/{rel}","templated":true}]}}