{"id":150818,"date":"2021-05-25T16:30:18","date_gmt":"2021-05-25T19:30:18","guid":{"rendered":"https:\/\/www.suno.com.br\/noticias\/?p=150818"},"modified":"2021-05-25T16:30:18","modified_gmt":"2021-05-25T19:30:18","slug":"rodrigo-limp-privatizacoes-eletrobras-elet3-capitalizacao","status":"publish","type":"post","link":"https:\/\/www.suno.com.br\/noticias\/rodrigo-limp-privatizacoes-eletrobras-elet3-capitalizacao\/","title":{"rendered":"Eletrobras (ELET3) precisa aumentar sua capacidade de investimentos, diz Limp"},"content":{"rendered":"<p>Rodrigo Limp, presidente da <a href=\"http:\/\/www.suno.com.br\/acoes\/elet3\"><strong>Eletrobras<\/strong> (ELET3)<\/a>, afirmou que tem &#8220;expectativa positiva&#8221; com a tramita\u00e7\u00e3o da Medida Provis\u00f3ria (MP) que autoriza a<a href=\"https:\/\/www.suno.com.br\/artigos\/privatizacao\/\"> privatiza\u00e7\u00e3o da holding<\/a> no Congresso Nacional. O executivo participou nesta ter\u00e7a-feira (25) de em evento online promovido pelo banco BTG Pactual.<\/p>\t<div class=\"wrapper-featured-image\">\n\t\t<figure class=\"spotlightImg\">\n\n\t\t\t<picture>\n\t\t\t\t<source media=\"(max-width: 768px)\" srcset=\"https:\/\/files.sunoresearch.com.br\/n\/uploads\/2021\/04\/36f765d6-eletrobras-400x200.webp\">\n\t\t\t\t<img loading=\"lazy\" decoding=\"async\" class=\"newsContent__article__imgCapa lazyloadDisabled \" src=\"https:\/\/files.sunoresearch.com.br\/n\/uploads\/2021\/04\/36f765d6-eletrobras-800x450.webp\" width=\"800\" height=\"450\" alt=\"Eletrobras (ELET3) precisa aumentar sua capacidade de investimentos, diz Limp\" fetchpriority=high \/>\n\t\t\t<\/picture>\n\n\t\t\t<figcaption class=\"wp-caption-text wp-caption-text--show\">CPFL - Foto: Reprodu\u00e7\u00e3o Facebook<\/figcaption>\n\t\t<\/figure>\n\t<\/div>\n\n\n\t<p>\n\t\t<a href=\"https:\/\/lp.suno.com.br\/planilha-controle-gastos\/\" target=\"_blank\" data-element=\"shortcode-suno-banner\" title=\"Banner SUNO, clique e saiba mais\">\n\t\t\t<picture>\n\t\t\t\t<source media=\"(max-width: 500px)\" srcset=\"https:\/\/files.sunoresearch.com.br\/n\/uploads\/2023\/03\/400x300-Planilha-controle-de-gastos.png\">\n\t\t\t\t<img class=\"newsContent__article__imgCapa newsContent__article__imgCapa--banner\"\n\t\t\t\t\tsrc=\"https:\/\/files.sunoresearch.com.br\/n\/uploads\/2023\/03\/1420x240-Planilha-controle-de-gastos.png\"\n\t\t\t\t\tdata-promo-id=\"101751\"\t\t\t\t\t\t\t\t\t\twidth='1420' height='240'\t\t\t\t\talt=\"https:\/\/files.sunoresearch.com.br\/n\/uploads\/2023\/03\/1420x240-Planilha-controle-de-gastos.png\"\n\t\t\t\t>\n\t\t\t<\/picture>\n\t\t<\/a>\n\t<\/p>\n\n\n<p>Sem entrar em detalhes sobre o projeto de convers\u00e3o em lei da <strong>MP<\/strong>, <a href=\"https:\/\/www.suno.com.br\/noticias\/rodrigo-limp-nascimento-presidencia-eletrobras-elet3\/\"><strong>Rodrigo Li<\/strong><strong>mp <\/strong><\/a>ressaltou que a capitaliza\u00e7\u00e3o da companhia \u00e9 &#8220;muito importante&#8221; para ampliar a capacidade de investimentos, a competitividade e a agilidade da Eletrobras.<\/p>\n<p>&#8220;Para permanecer como protagonista, a Eletrobras precisa aumentar sua capacidade de investimentos&#8221;, afirmou Limp durante o evento.<\/p>\n<p><a href=\"https:\/\/lp.suno.com.br\/suno-one\/\">Suno One: acesse gratuitamente eBooks, Minicursos, Artigos e V\u00eddeo Aulas sobre investimentos com um \u00fanico cadastro. Clique para saber mais!<\/a><\/p>\n<p>Segundo o executivo, a<a href=\"https:\/\/www.suno.com.br\/artigos\/estatal-so-se-for-de-graca\/\"> estatal do setor el\u00e9trico<\/a> investiu, nos \u00faltimos dois anos, em m\u00e9dia, R$ 3 bilh\u00f5es ao ano. Com a capitaliza\u00e7\u00e3o, desenhada para permitir a sa\u00edda da Uni\u00e3o do controle da companhia, o plano \u00e9 elevar os montantes para &#8220;quase R$ 13 bilh\u00f5es ao ano&#8221;, disse Limp.<\/p>\n<p>Em parte, segundo Limp, a capacidade de investimentos da Eletrobras caiu tanto porque foi preciso fazer ajustes financeiros de 2016 para c\u00e1, ap\u00f3s a empresa perder valor de 2012 a 2015, quando houve mudan\u00e7as no setor el\u00e9trico, promovidos pelo governo Dilma Rousseff (PT). Nesse processo, Limp citou o foco nas <strong>privatiza\u00e7\u00f5es<\/strong> em geral, incluindo as distribuidoras regionais que eram controladas pela estatal.<\/p>\n<p>O executivo citou a conclus\u00e3o da constru\u00e7\u00e3o da usina termonuclear de Angra 3 como o principal projeto de investimentos da Eletrobras, mas esse ativo n\u00e3o permanecer\u00e1 com a companhia ap\u00f3s a privatiza\u00e7\u00e3o. Pela Constitui\u00e7\u00e3o Federal, usinas nucleares precisam ter controle da Uni\u00e3o.<\/p>\n<h2>MP da Eletrobras precisa de aprova\u00e7\u00e3o at\u00e9 22 de junho<\/h2>\n<p>Editada em fevereiro, a MP que autoriza a<strong> privatiza\u00e7\u00e3o da Eletrobras<\/strong> precisa ser aprovada at\u00e9 o dia 22 de junho pelo Senado Federal para n\u00e3o perder validade. Na \u00faltima quarta-feira (19), o projeto de convers\u00e3o da MP em lei foi aprovado na C\u00e2mara dos Deputados e seguiu para o Senado. Se os senadores modificarem o texto, ele ter\u00e1 que voltar para mais uma an\u00e1lise dos deputados, o que aumenta o risco de perder o prazo.<\/p>\n<p>Para conseguir a aprova\u00e7\u00e3o na C\u00e2mara, o Executivo j\u00e1 tinha previsto no texto original da MP a garantia de investimentos regionais, para agradar parlamentares do Norte e do Nordeste. S\u00f3 que, no projeto de convers\u00e3o, os deputados inclu\u00edram uma s\u00e9rie de mudan\u00e7as, como previs\u00e3o de investimentos em termel\u00e9tricas em locais onde n\u00e3o h\u00e1 reservas ou gasodutos, contrata\u00e7\u00e3o obrigat\u00f3ria de pequenas centrais hidrel\u00e9tricas (PCHs) nos leil\u00f5es e renova\u00e7\u00e3o de contratos de energia velha a pre\u00e7os superiores ao de usinas novas.<\/p>\n\t<p>\n\t\t<a href=\"https:\/\/lp.suno.com.br\/planilha-da-vida-financeira\/\" target=\"_blank\" data-element=\"shortcode-suno-banner\" title=\"Banner SUNO, clique e saiba mais\">\n\t\t\t<picture>\n\t\t\t\t<source media=\"(max-width: 500px)\" srcset=\"https:\/\/files.sunoresearch.com.br\/n\/uploads\/2023\/04\/400x300-Planilha-vida-financeira-true.png\">\n\t\t\t\t<img class=\"newsContent__article__imgCapa newsContent__article__imgCapa--banner\"\n\t\t\t\t\tsrc=\"https:\/\/files.sunoresearch.com.br\/n\/uploads\/2023\/04\/1420x240-Planilha-vida-financeira-true.png\"\n\t\t\t\t\tdata-promo-id=\"106682\"\t\t\t\t\t\t\t\t\t\twidth='1420' height='240'\t\t\t\t\talt=\"https:\/\/files.sunoresearch.com.br\/n\/uploads\/2023\/04\/1420x240-Planilha-vida-financeira-true.png\"\n\t\t\t\t>\n\t\t\t<\/picture>\n\t\t<\/a>\n\t<\/p>\n\n\n<p>Segundo especialistas, esses &#8220;jabutis&#8221; &#8211; como s\u00e3o chamados, no jarg\u00e3o do Congresso, altera\u00e7\u00f5es inclu\u00eddas numa MP que nada t\u00eam a ver com o assunto original da lei &#8211; poder\u00e3o atrapalhar investimentos futuros no<strong> setor el\u00e9trico<\/strong> e elevar a conta de luz para os consumidores finais.<\/p>\n<h2>Cota\u00e7\u00e3o da ELET3<\/h2>\n<p>Por volta das 16h20 de hoje, a a\u00e7\u00e3o da <strong>Eletrobras (ELET3)<\/strong> operava em alta de 1,73%, valendo R$ 43,00.<\/p>\n<p><em>Com informa\u00e7\u00f5es do Estad\u00e3o Conte\u00fado<\/em><\/p>\n\t<p>\n\t\t<a href=\"https:\/\/lp.suno.com.br\/planilha-de-controle-de-investimentos\/\" target=\"_blank\" data-element=\"shortcode-suno-banner\" title=\"Banner SUNO, clique e saiba mais\">\n\t\t\t<picture>\n\t\t\t\t<source media=\"(max-width: 500px)\" srcset=\"https:\/\/files.sunoresearch.com.br\/n\/uploads\/2023\/03\/400x300-Controle-de-Investimentos.png\">\n\t\t\t\t<img class=\"newsContent__article__imgCapa newsContent__article__imgCapa--banner\"\n\t\t\t\t\tsrc=\"https:\/\/files.sunoresearch.com.br\/n\/uploads\/2023\/03\/1420x240-Controle-de-Investimentos.png\"\n\t\t\t\t\tdata-promo-id=\"75934\"\t\t\t\t\t\t\t\t\t\twidth='1420' height='240'\t\t\t\t\talt=\"https:\/\/files.sunoresearch.com.br\/n\/uploads\/2023\/03\/1420x240-Controle-de-Investimentos.png\"\n\t\t\t\t>\n\t\t\t<\/picture>\n\t\t<\/a>\n\t<\/p>\n\n\n","protected":false},"excerpt":{"rendered":"<p>Rodrigo Limp, presidente da Eletrobras (ELET3), afirmou que tem &#8220;expectativa positiva&#8221; com a tramita\u00e7\u00e3o da Medida Provis\u00f3ria (MP) que autoriza a privatiza\u00e7\u00e3o da holding no Congresso Nacional. O executivo participou nesta ter\u00e7a-feira (25) de em evento online promovido pelo banco BTG Pactual. CPFL &#8211; Foto: Reprodu\u00e7\u00e3o Facebook Sem entrar em detalhes sobre o projeto de [&hellip;]<\/p>\n","protected":false},"author":39,"featured_media":140392,"comment_status":"closed","ping_status":"closed","sticky":false,"template":"","format":"standard","meta":[],"categories":[64],"tags":[455],"suno_strategy":[],"class_list":["post-150818","post","type-post","status-publish","format-standard","has-post-thumbnail","hentry","category-negocios","tag-eletrobras-elet3-elet5-elet6"],"yoast_head":"<!-- This site is optimized with the Yoast SEO plugin v24.4 - https:\/\/yoast.com\/wordpress\/plugins\/seo\/ -->\n<title>Eletrobras precisa aumentar sua capacidade de investimentos, diz Limp<\/title>\n<meta name=\"description\" content=\"Rodrigo Limp tem &quot;expectativa positiva&quot; com a tramita\u00e7\u00e3o da MP que autoriza a privatiza\u00e7\u00e3o da Eletrobras (ELET3). Clique e saiba mais!\" \/>\n<meta name=\"robots\" content=\"index, follow, max-snippet:-1, max-image-preview:large, max-video-preview:-1\" \/>\n<link rel=\"canonical\" href=\"https:\/\/www.suno.com.br\/noticias\/rodrigo-limp-privatizacoes-eletrobras-elet3-capitalizacao\/\" \/>\n<meta property=\"og:locale\" content=\"pt_BR\" \/>\n<meta property=\"og:type\" content=\"article\" \/>\n<meta property=\"og:title\" content=\"Eletrobras precisa aumentar sua capacidade de investimentos, diz Limp\" \/>\n<meta property=\"og:description\" content=\"Rodrigo Limp tem &quot;expectativa positiva&quot; com a tramita\u00e7\u00e3o da MP que autoriza a privatiza\u00e7\u00e3o da Eletrobras (ELET3). Clique e saiba mais!\" \/>\n<meta property=\"og:url\" content=\"https:\/\/www.suno.com.br\/noticias\/rodrigo-limp-privatizacoes-eletrobras-elet3-capitalizacao\/\" \/>\n<meta property=\"og:site_name\" content=\"Suno Not\u00edcias\" \/>\n<meta property=\"article:publisher\" content=\"https:\/\/facebook.com\/sunoresearch\" \/>\n<meta property=\"og:image\" content=\"https:\/\/files.sunoresearch.com.br\/n\/uploads\/2021\/04\/36f765d6-eletrobras.jpg\" \/>\n\t<meta property=\"og:image:width\" content=\"1201\" \/>\n\t<meta property=\"og:image:height\" content=\"629\" \/>\n\t<meta property=\"og:image:type\" content=\"image\/jpeg\" \/>\n<meta name=\"author\" content=\"Laura Moutinho\" \/>\n<meta name=\"twitter:card\" content=\"summary_large_image\" \/>\n<meta name=\"twitter:creator\" content=\"@sunoresearch\" \/>\n<meta name=\"twitter:site\" content=\"@sunoresearch\" \/>\n<meta name=\"twitter:label1\" content=\"Escrito por\" \/>\n\t<meta name=\"twitter:data1\" content=\"Laura Moutinho\" \/>\n\t<meta name=\"twitter:label2\" content=\"Est. tempo de leitura\" \/>\n\t<meta name=\"twitter:data2\" content=\"3 minutos\" \/>\n<script type=\"application\/ld+json\" class=\"yoast-schema-graph\">{\"@context\":\"https:\/\/schema.org\",\"@graph\":[{\"@type\":\"NewsArticle\",\"@id\":\"https:\/\/www.suno.com.br\/noticias\/rodrigo-limp-privatizacoes-eletrobras-elet3-capitalizacao\/#article\",\"isPartOf\":{\"@id\":\"https:\/\/www.suno.com.br\/noticias\/rodrigo-limp-privatizacoes-eletrobras-elet3-capitalizacao\/\"},\"author\":{\"name\":\"Laura Moutinho\",\"@id\":\"https:\/\/www.suno.com.br\/noticias\/#\/schema\/person\/3df0d2808748b74496efe5dbeaef2c72\"},\"headline\":\"Eletrobras (ELET3) precisa aumentar sua capacidade de investimentos, diz Limp\",\"datePublished\":\"2021-05-25T19:30:18+00:00\",\"mainEntityOfPage\":{\"@id\":\"https:\/\/www.suno.com.br\/noticias\/rodrigo-limp-privatizacoes-eletrobras-elet3-capitalizacao\/\"},\"wordCount\":569,\"publisher\":{\"@id\":\"https:\/\/www.suno.com.br\/noticias\/#organization\"},\"image\":{\"@id\":\"https:\/\/www.suno.com.br\/noticias\/rodrigo-limp-privatizacoes-eletrobras-elet3-capitalizacao\/#primaryimage\"},\"thumbnailUrl\":\"https:\/\/files.sunoresearch.com.br\/n\/uploads\/2021\/04\/36f765d6-eletrobras-jpg.webp\",\"keywords\":[\"Eletrobras (ELET3\/ELET5\/ELET6)\"],\"articleSection\":[\"Neg\u00f3cios\"],\"inLanguage\":\"pt-BR\"},{\"@type\":\"WebPage\",\"@id\":\"https:\/\/www.suno.com.br\/noticias\/rodrigo-limp-privatizacoes-eletrobras-elet3-capitalizacao\/\",\"url\":\"https:\/\/www.suno.com.br\/noticias\/rodrigo-limp-privatizacoes-eletrobras-elet3-capitalizacao\/\",\"name\":\"Eletrobras precisa aumentar sua capacidade de investimentos, diz Limp\",\"isPartOf\":{\"@id\":\"https:\/\/www.suno.com.br\/noticias\/#website\"},\"primaryImageOfPage\":{\"@id\":\"https:\/\/www.suno.com.br\/noticias\/rodrigo-limp-privatizacoes-eletrobras-elet3-capitalizacao\/#primaryimage\"},\"image\":{\"@id\":\"https:\/\/www.suno.com.br\/noticias\/rodrigo-limp-privatizacoes-eletrobras-elet3-capitalizacao\/#primaryimage\"},\"thumbnailUrl\":\"https:\/\/files.sunoresearch.com.br\/n\/uploads\/2021\/04\/36f765d6-eletrobras-jpg.webp\",\"datePublished\":\"2021-05-25T19:30:18+00:00\",\"description\":\"Rodrigo Limp tem \\\"expectativa positiva\\\" com a tramita\u00e7\u00e3o da MP que autoriza a privatiza\u00e7\u00e3o da Eletrobras (ELET3). Clique e saiba mais!\",\"breadcrumb\":{\"@id\":\"https:\/\/www.suno.com.br\/noticias\/rodrigo-limp-privatizacoes-eletrobras-elet3-capitalizacao\/#breadcrumb\"},\"inLanguage\":\"pt-BR\",\"potentialAction\":[{\"@type\":\"ReadAction\",\"target\":[\"https:\/\/www.suno.com.br\/noticias\/rodrigo-limp-privatizacoes-eletrobras-elet3-capitalizacao\/\"]}]},{\"@type\":\"ImageObject\",\"inLanguage\":\"pt-BR\",\"@id\":\"https:\/\/www.suno.com.br\/noticias\/rodrigo-limp-privatizacoes-eletrobras-elet3-capitalizacao\/#primaryimage\",\"url\":\"https:\/\/files.sunoresearch.com.br\/n\/uploads\/2021\/04\/36f765d6-eletrobras-jpg.webp\",\"contentUrl\":\"https:\/\/files.sunoresearch.com.br\/n\/uploads\/2021\/04\/36f765d6-eletrobras-jpg.webp\",\"width\":1201,\"height\":629,\"caption\":\"CPFL - Foto: Reprodu\u00e7\u00e3o Facebook\"},{\"@type\":\"BreadcrumbList\",\"@id\":\"https:\/\/www.suno.com.br\/noticias\/rodrigo-limp-privatizacoes-eletrobras-elet3-capitalizacao\/#breadcrumb\",\"itemListElement\":[{\"@type\":\"ListItem\",\"position\":1,\"name\":\"Not\u00edcias\",\"item\":\"https:\/\/www.suno.com.br\/noticias\/\"},{\"@type\":\"ListItem\",\"position\":2,\"name\":\"Neg\u00f3cios\",\"item\":\"https:\/\/www.suno.com.br\/noticias\/negocios\/\"},{\"@type\":\"ListItem\",\"position\":3,\"name\":\"Eletrobras (ELET3) precisa aumentar sua capacidade de investimentos, diz Limp\"}]},{\"@type\":\"WebSite\",\"@id\":\"https:\/\/www.suno.com.br\/noticias\/#website\",\"url\":\"https:\/\/www.suno.com.br\/noticias\/\",\"name\":\"Suno Not\u00edcias\",\"description\":\"Seu portal de informa\u00e7\u00e3o sobre o mundo dos investimentos\",\"publisher\":{\"@id\":\"https:\/\/www.suno.com.br\/noticias\/#organization\"},\"potentialAction\":[{\"@type\":\"SearchAction\",\"target\":{\"@type\":\"EntryPoint\",\"urlTemplate\":\"https:\/\/www.suno.com.br\/noticias\/?s={search_term_string}\"},\"query-input\":{\"@type\":\"PropertyValueSpecification\",\"valueRequired\":true,\"valueName\":\"search_term_string\"}}],\"inLanguage\":\"pt-BR\"},{\"@type\":\"Organization\",\"@id\":\"https:\/\/www.suno.com.br\/noticias\/#organization\",\"name\":\"Suno Not\u00edcias\",\"url\":\"https:\/\/www.suno.com.br\/noticias\/\",\"logo\":{\"@type\":\"ImageObject\",\"inLanguage\":\"pt-BR\",\"@id\":\"https:\/\/www.suno.com.br\/noticias\/#\/schema\/logo\/image\/\",\"url\":\"https:\/\/files.sunoresearch.com.br\/n\/uploads\/2021\/09\/suno-logo.png\",\"contentUrl\":\"https:\/\/files.sunoresearch.com.br\/n\/uploads\/2021\/09\/suno-logo.png\",\"width\":180,\"height\":180,\"caption\":\"Suno Not\u00edcias\"},\"image\":{\"@id\":\"https:\/\/www.suno.com.br\/noticias\/#\/schema\/logo\/image\/\"},\"sameAs\":[\"https:\/\/facebook.com\/sunoresearch\",\"https:\/\/x.com\/sunoresearch\",\"https:\/\/www.instagram.com\/suno\",\"https:\/\/www.linkedin.com\/company\/suno-research\/\",\"https:\/\/www.youtube.com\/c\/sunoresearch\"]},{\"@type\":\"Person\",\"@id\":\"https:\/\/www.suno.com.br\/noticias\/#\/schema\/person\/3df0d2808748b74496efe5dbeaef2c72\",\"name\":\"Laura Moutinho\",\"image\":{\"@type\":\"ImageObject\",\"inLanguage\":\"pt-BR\",\"@id\":\"https:\/\/www.suno.com.br\/noticias\/#\/schema\/person\/image\/\",\"url\":\"https:\/\/secure.gravatar.com\/avatar\/7571c7c8ca3a6fca5e41384ece5557ff?s=96&r=g\",\"contentUrl\":\"https:\/\/secure.gravatar.com\/avatar\/7571c7c8ca3a6fca5e41384ece5557ff?s=96&r=g\",\"caption\":\"Laura Moutinho\"},\"description\":\"Estagi\u00e1ria na Suno Not\u00edcias, escreve not\u00edcias que afetam o mercado financeiro. Estuda administra\u00e7\u00e3o na Universidade Presbiteriana Mackenzie.\",\"url\":\"https:\/\/www.suno.com.br\/noticias\/author\/laura-moutinho\/\"}]}<\/script>\n<!-- \/ Yoast SEO plugin. -->","yoast_head_json":{"title":"Eletrobras precisa aumentar sua capacidade de investimentos, diz Limp","description":"Rodrigo Limp tem \"expectativa positiva\" com a tramita\u00e7\u00e3o da MP que autoriza a privatiza\u00e7\u00e3o da Eletrobras (ELET3). Clique e saiba mais!","robots":{"index":"index","follow":"follow","max-snippet":"max-snippet:-1","max-image-preview":"max-image-preview:large","max-video-preview":"max-video-preview:-1"},"canonical":"https:\/\/www.suno.com.br\/noticias\/rodrigo-limp-privatizacoes-eletrobras-elet3-capitalizacao\/","og_locale":"pt_BR","og_type":"article","og_title":"Eletrobras precisa aumentar sua capacidade de investimentos, diz Limp","og_description":"Rodrigo Limp tem \"expectativa positiva\" com a tramita\u00e7\u00e3o da MP que autoriza a privatiza\u00e7\u00e3o da Eletrobras (ELET3). Clique e saiba mais!","og_url":"https:\/\/www.suno.com.br\/noticias\/rodrigo-limp-privatizacoes-eletrobras-elet3-capitalizacao\/","og_site_name":"Suno Not\u00edcias","article_publisher":"https:\/\/facebook.com\/sunoresearch","og_image":[{"width":1201,"height":629,"url":"https:\/\/files.sunoresearch.com.br\/n\/uploads\/2021\/04\/36f765d6-eletrobras.jpg","type":"image\/jpeg"}],"author":"Laura Moutinho","twitter_card":"summary_large_image","twitter_creator":"@sunoresearch","twitter_site":"@sunoresearch","twitter_misc":{"Escrito por":"Laura Moutinho","Est. tempo de leitura":"3 minutos"},"schema":{"@context":"https:\/\/schema.org","@graph":[{"@type":"NewsArticle","@id":"https:\/\/www.suno.com.br\/noticias\/rodrigo-limp-privatizacoes-eletrobras-elet3-capitalizacao\/#article","isPartOf":{"@id":"https:\/\/www.suno.com.br\/noticias\/rodrigo-limp-privatizacoes-eletrobras-elet3-capitalizacao\/"},"author":{"name":"Laura Moutinho","@id":"https:\/\/www.suno.com.br\/noticias\/#\/schema\/person\/3df0d2808748b74496efe5dbeaef2c72"},"headline":"Eletrobras (ELET3) precisa aumentar sua capacidade de investimentos, diz Limp","datePublished":"2021-05-25T19:30:18+00:00","mainEntityOfPage":{"@id":"https:\/\/www.suno.com.br\/noticias\/rodrigo-limp-privatizacoes-eletrobras-elet3-capitalizacao\/"},"wordCount":569,"publisher":{"@id":"https:\/\/www.suno.com.br\/noticias\/#organization"},"image":{"@id":"https:\/\/www.suno.com.br\/noticias\/rodrigo-limp-privatizacoes-eletrobras-elet3-capitalizacao\/#primaryimage"},"thumbnailUrl":"https:\/\/files.sunoresearch.com.br\/n\/uploads\/2021\/04\/36f765d6-eletrobras-jpg.webp","keywords":["Eletrobras (ELET3\/ELET5\/ELET6)"],"articleSection":["Neg\u00f3cios"],"inLanguage":"pt-BR"},{"@type":"WebPage","@id":"https:\/\/www.suno.com.br\/noticias\/rodrigo-limp-privatizacoes-eletrobras-elet3-capitalizacao\/","url":"https:\/\/www.suno.com.br\/noticias\/rodrigo-limp-privatizacoes-eletrobras-elet3-capitalizacao\/","name":"Eletrobras precisa aumentar sua capacidade de investimentos, diz Limp","isPartOf":{"@id":"https:\/\/www.suno.com.br\/noticias\/#website"},"primaryImageOfPage":{"@id":"https:\/\/www.suno.com.br\/noticias\/rodrigo-limp-privatizacoes-eletrobras-elet3-capitalizacao\/#primaryimage"},"image":{"@id":"https:\/\/www.suno.com.br\/noticias\/rodrigo-limp-privatizacoes-eletrobras-elet3-capitalizacao\/#primaryimage"},"thumbnailUrl":"https:\/\/files.sunoresearch.com.br\/n\/uploads\/2021\/04\/36f765d6-eletrobras-jpg.webp","datePublished":"2021-05-25T19:30:18+00:00","description":"Rodrigo Limp tem \"expectativa positiva\" com a tramita\u00e7\u00e3o da MP que autoriza a privatiza\u00e7\u00e3o da Eletrobras (ELET3). Clique e saiba mais!","breadcrumb":{"@id":"https:\/\/www.suno.com.br\/noticias\/rodrigo-limp-privatizacoes-eletrobras-elet3-capitalizacao\/#breadcrumb"},"inLanguage":"pt-BR","potentialAction":[{"@type":"ReadAction","target":["https:\/\/www.suno.com.br\/noticias\/rodrigo-limp-privatizacoes-eletrobras-elet3-capitalizacao\/"]}]},{"@type":"ImageObject","inLanguage":"pt-BR","@id":"https:\/\/www.suno.com.br\/noticias\/rodrigo-limp-privatizacoes-eletrobras-elet3-capitalizacao\/#primaryimage","url":"https:\/\/files.sunoresearch.com.br\/n\/uploads\/2021\/04\/36f765d6-eletrobras-jpg.webp","contentUrl":"https:\/\/files.sunoresearch.com.br\/n\/uploads\/2021\/04\/36f765d6-eletrobras-jpg.webp","width":1201,"height":629,"caption":"CPFL - Foto: Reprodu\u00e7\u00e3o Facebook"},{"@type":"BreadcrumbList","@id":"https:\/\/www.suno.com.br\/noticias\/rodrigo-limp-privatizacoes-eletrobras-elet3-capitalizacao\/#breadcrumb","itemListElement":[{"@type":"ListItem","position":1,"name":"Not\u00edcias","item":"https:\/\/www.suno.com.br\/noticias\/"},{"@type":"ListItem","position":2,"name":"Neg\u00f3cios","item":"https:\/\/www.suno.com.br\/noticias\/negocios\/"},{"@type":"ListItem","position":3,"name":"Eletrobras (ELET3) precisa aumentar sua capacidade de investimentos, diz Limp"}]},{"@type":"WebSite","@id":"https:\/\/www.suno.com.br\/noticias\/#website","url":"https:\/\/www.suno.com.br\/noticias\/","name":"Suno Not\u00edcias","description":"Seu portal de informa\u00e7\u00e3o sobre o mundo dos investimentos","publisher":{"@id":"https:\/\/www.suno.com.br\/noticias\/#organization"},"potentialAction":[{"@type":"SearchAction","target":{"@type":"EntryPoint","urlTemplate":"https:\/\/www.suno.com.br\/noticias\/?s={search_term_string}"},"query-input":{"@type":"PropertyValueSpecification","valueRequired":true,"valueName":"search_term_string"}}],"inLanguage":"pt-BR"},{"@type":"Organization","@id":"https:\/\/www.suno.com.br\/noticias\/#organization","name":"Suno Not\u00edcias","url":"https:\/\/www.suno.com.br\/noticias\/","logo":{"@type":"ImageObject","inLanguage":"pt-BR","@id":"https:\/\/www.suno.com.br\/noticias\/#\/schema\/logo\/image\/","url":"https:\/\/files.sunoresearch.com.br\/n\/uploads\/2021\/09\/suno-logo.png","contentUrl":"https:\/\/files.sunoresearch.com.br\/n\/uploads\/2021\/09\/suno-logo.png","width":180,"height":180,"caption":"Suno Not\u00edcias"},"image":{"@id":"https:\/\/www.suno.com.br\/noticias\/#\/schema\/logo\/image\/"},"sameAs":["https:\/\/facebook.com\/sunoresearch","https:\/\/x.com\/sunoresearch","https:\/\/www.instagram.com\/suno","https:\/\/www.linkedin.com\/company\/suno-research\/","https:\/\/www.youtube.com\/c\/sunoresearch"]},{"@type":"Person","@id":"https:\/\/www.suno.com.br\/noticias\/#\/schema\/person\/3df0d2808748b74496efe5dbeaef2c72","name":"Laura Moutinho","image":{"@type":"ImageObject","inLanguage":"pt-BR","@id":"https:\/\/www.suno.com.br\/noticias\/#\/schema\/person\/image\/","url":"https:\/\/secure.gravatar.com\/avatar\/7571c7c8ca3a6fca5e41384ece5557ff?s=96&r=g","contentUrl":"https:\/\/secure.gravatar.com\/avatar\/7571c7c8ca3a6fca5e41384ece5557ff?s=96&r=g","caption":"Laura Moutinho"},"description":"Estagi\u00e1ria na Suno Not\u00edcias, escreve not\u00edcias que afetam o mercado financeiro. Estuda administra\u00e7\u00e3o na Universidade Presbiteriana Mackenzie.","url":"https:\/\/www.suno.com.br\/noticias\/author\/laura-moutinho\/"}]}},"default_loop_html":"<div class=\"cardsPage__listCard__boxs\"><div class=\"cardsPage__listCard__boxs__img\"><a href=\"https:\/\/www.suno.com.br\/noticias\/rodrigo-limp-privatizacoes-eletrobras-elet3-capitalizacao\/\"><img class=\"mask\" src=\"https:\/\/www.suno.com.br\/noticias\/wp-content\/themes\/suno\/resources\/images\/spotlight\/spotlight1img\/bg-mask.png\" alt=\"Image Mask\"\/><img src=\"https:\/\/files.sunoresearch.com.br\/n\/uploads\/2021\/04\/36f765d6-eletrobras-400x200.webp\" alt=\"Eletrobras (ELET3) precisa aumentar sua capacidade de investimentos, diz Limp\"\/><\/a><span class=\"spotlightCategory\"><a href=\"https:\/\/www.suno.com.br\/noticias\/negocios\/\">Neg\u00f3cios<\/a><\/span><\/div><div class=\"cardsPage__listCard__boxs__content\"><a href=\"https:\/\/www.suno.com.br\/noticias\/rodrigo-limp-privatizacoes-eletrobras-elet3-capitalizacao\/\"><h2 class=\"content__title\">Eletrobras (ELET3) precisa aumentar sua capacidade de investimentos, diz Limp<\/h2><\/a><div class=\"newsContent__article__meta\"><div class=\"newsContent__article__meta__authorBox\"><a href=\"https:\/\/www.suno.com.br\/noticias\/author\/laura-moutinho\/\" class=\"authorBox__avatar noMobi\"><img src=\"https:\/\/files.sunoresearch.com.br\/n\/uploads\/2020\/08\/531ff69d-whatsapp-image-2020-08-03-at-14.54.38-150x150.webp\" alt=\"Laura Moutinho\"><\/a><div class=\"authorBox__name\"><span>por\n\t\t\t<a href=\"https:\/\/www.suno.com.br\/noticias\/author\/laura-moutinho\/\"><span itemprop=\"author\">Laura Moutinho<\/span><\/a><\/span><time datetime=\"2021-05-25T16:30:18-03:00\" itemprop=\"datePublished\">25\/05\/2021 16:30<\/time><\/div><\/div><\/div><\/div><\/div>","single_layout":"posts","amp_enabled":true,"_links":{"self":[{"href":"https:\/\/www.suno.com.br\/noticias\/wp-json\/wp\/v2\/posts\/150818"}],"collection":[{"href":"https:\/\/www.suno.com.br\/noticias\/wp-json\/wp\/v2\/posts"}],"about":[{"href":"https:\/\/www.suno.com.br\/noticias\/wp-json\/wp\/v2\/types\/post"}],"author":[{"embeddable":true,"href":"https:\/\/www.suno.com.br\/noticias\/wp-json\/wp\/v2\/users\/39"}],"replies":[{"embeddable":true,"href":"https:\/\/www.suno.com.br\/noticias\/wp-json\/wp\/v2\/comments?post=150818"}],"version-history":[{"count":2,"href":"https:\/\/www.suno.com.br\/noticias\/wp-json\/wp\/v2\/posts\/150818\/revisions"}],"predecessor-version":[{"id":150829,"href":"https:\/\/www.suno.com.br\/noticias\/wp-json\/wp\/v2\/posts\/150818\/revisions\/150829"}],"wp:featuredmedia":[{"embeddable":true,"href":"https:\/\/www.suno.com.br\/noticias\/wp-json\/wp\/v2\/media\/140392"}],"wp:attachment":[{"href":"https:\/\/www.suno.com.br\/noticias\/wp-json\/wp\/v2\/media?parent=150818"}],"wp:term":[{"taxonomy":"category","embeddable":true,"href":"https:\/\/www.suno.com.br\/noticias\/wp-json\/wp\/v2\/categories?post=150818"},{"taxonomy":"post_tag","embeddable":true,"href":"https:\/\/www.suno.com.br\/noticias\/wp-json\/wp\/v2\/tags?post=150818"},{"taxonomy":"suno_strategy","embeddable":true,"href":"https:\/\/www.suno.com.br\/noticias\/wp-json\/wp\/v2\/suno_strategy?post=150818"}],"curies":[{"name":"wp","href":"https:\/\/api.w.org\/{rel}","templated":true}]}}