{"id":150787,"date":"2021-05-25T15:55:48","date_gmt":"2021-05-25T18:55:48","guid":{"rendered":"https:\/\/www.suno.com.br\/noticias\/?p=150787"},"modified":"2021-05-25T15:55:48","modified_gmt":"2021-05-25T18:55:48","slug":"cogna-cogn3-faculdades-medicina-segundo-semestre","status":"publish","type":"post","link":"https:\/\/www.suno.com.br\/noticias\/cogna-cogn3-faculdades-medicina-segundo-semestre\/","title":{"rendered":"Cogna (CONG3) planeja comprar faculdades de medicina no segundo semestre"},"content":{"rendered":"<p>A <a href=\"https:\/\/www.suno.com.br\/acoes\/cogn3\/\"><strong>Cogna<\/strong> (CONG3)<\/a> tem como planejamento estrat\u00e9gico comprar faculdades de medicina e plataformas de tecnologia a partir do segundo semestre deste ano. Em entrevista ao jornal <em>Valor Econ\u00f4mico<\/em>, o CEO da companhia, Rodrigo Galindo, disse que j\u00e1 iniciaram conversas com potenciais ativos.<\/p>\t<div class=\"wrapper-featured-image\">\n\t\t<figure class=\"spotlightImg\">\n\n\t\t\t<picture>\n\t\t\t\t<source media=\"(max-width: 768px)\" srcset=\"https:\/\/files.sunoresearch.com.br\/n\/uploads\/2021\/05\/934baaa3-classroom-2093743_640-400x200.webp\">\n\t\t\t\t<img loading=\"lazy\" decoding=\"async\" class=\"newsContent__article__imgCapa lazyloadDisabled \" src=\"https:\/\/files.sunoresearch.com.br\/n\/uploads\/2021\/05\/934baaa3-classroom-2093743_640-jpg.webp\" width=\"800\" height=\"450\" alt=\"Cogna (CONG3) planeja comprar faculdades de medicina no segundo semestre\" fetchpriority=high \/>\n\t\t\t<\/picture>\n\n\t\t\t<figcaption class=\"wp-caption-text wp-caption-text--show\">Cogna. Foto: Pixabay<\/figcaption>\n\t\t<\/figure>\n\t<\/div>\n\n\n\t<p>\n\t\t<a href=\"https:\/\/lp.suno.com.br\/planilha-controle-gastos\/\" target=\"_blank\" data-element=\"shortcode-suno-banner\" title=\"Banner SUNO, clique e saiba mais\">\n\t\t\t<picture>\n\t\t\t\t<source media=\"(max-width: 500px)\" srcset=\"https:\/\/files.sunoresearch.com.br\/n\/uploads\/2023\/03\/400x300-Planilha-controle-de-gastos.png\">\n\t\t\t\t<img class=\"newsContent__article__imgCapa newsContent__article__imgCapa--banner\"\n\t\t\t\t\tsrc=\"https:\/\/files.sunoresearch.com.br\/n\/uploads\/2023\/03\/1420x240-Planilha-controle-de-gastos.png\"\n\t\t\t\t\tdata-promo-id=\"101751\"\t\t\t\t\t\t\t\t\t\twidth='1420' height='240'\t\t\t\t\talt=\"https:\/\/files.sunoresearch.com.br\/n\/uploads\/2023\/03\/1420x240-Planilha-controle-de-gastos.png\"\n\t\t\t\t>\n\t\t\t<\/picture>\n\t\t<\/a>\n\t<\/p>\n\n\n<p>&#8220;Hoje, j\u00e1 temos espa\u00e7o em balan\u00e7o para fazer potencialmente uma aquisi\u00e7\u00e3o de medicina ou plataforma de tecnologia. Ent\u00e3o, a gente j\u00e1 est\u00e1 no jogo&#8221;, disse o CEO da Cogna ao ve\u00edculo.<\/p>\n<p><a href=\"https:\/\/lp.suno.com.br\/suno-one\/\">Suno One: acesse gratuitamente eBooks, Minicursos, Artigos e V\u00eddeo Aulas sobre investimentos com um \u00fanico cadastro. Clique para saber mais!<\/a><\/p>\n<p>Esses planejamentos fazem parte de uma reestrutura\u00e7\u00e3o da empresa para alavancar os seus ativos. A Cogna observou seu neg\u00f3cio de faculdades &#8212; que equivale a 60% da receita da companhia &#8212; reduzir nos \u00faltimos dois anos.<\/p>\n<p>Com a <strong>pandemia<\/strong>, a companhia de educa\u00e7\u00e3o se viu em um cen\u00e1rio pior pois fechou 25% de seus campi presenciais e perdeu a lideran\u00e7a do ensino superior presencial para a sua concorrente <a href=\"https:\/\/www.suno.com.br\/acoes\/yduq3\/\">Yduqs (YDUQ3)<\/a>.<\/p>\n<p>Com isso, a Cogna tem o objetivo agora de atuar em diversos <strong>segmentos da educa\u00e7\u00e3o,<\/strong> como a medicina. Galindo garante que a companhia s\u00f3 ir\u00e1 investir em ativos que trazem valor \u00e0 empresa.<\/p>\n<p>&#8220;N\u00e3o acho que vamos entrar num cen\u00e1rio indisciplinado de aquisi\u00e7\u00f5es e, se isso, acontecer \u00e9 uma opcionalidade comprar. Somos muito disciplinados, s\u00f3 vamos fazer as transa\u00e7\u00f5es que gerarem valor \u00e0 companhia. Ent\u00e3o, n\u00e3o acho que comprar agora ou mais para o fim do ano vai mudar sensivelmente esse cen\u00e1rio&#8221;.<\/p>\n<h2>Cogna tem lucro ajustado de R$ 6,4 milh\u00f5es, queda de 86% no ano<\/h2>\n<p>A Cogna registrou no primeiro trimestre de 2021 um <a href=\"https:\/\/www.suno.com.br\/artigos\/lucro-liquido\/\">lucro l\u00edquido<\/a> ajustado de R$ 6,49 milh\u00f5es, n\u00famero 86,1% menor do que os R$ 46,8 milh\u00f5es registrados no mesmo per\u00edodo de 2020. Considerando efeitos n\u00e3o recorrentes, como os gastos com reestrutura\u00e7\u00f5es de subsidi\u00e1rias, a Cogna teria registrado um preju\u00edzo de R$ 90,9 milh\u00f5es, crescendo 132,5% na base anual.<\/p>\n\t<div data-element=\"shortcode-read-more\" class=\"knowMore\">\n\t\t\t\t<span class=\"knowMore__title\">Saiba Mais<\/span>\n\t\t\t\t<a class=\"knowMore__link\" href=\"https:\/\/www.suno.com.br\/noticias\/cogna-cogn3-tem-lucro-de-r-64-milhoes-queda-de-86-no-ano\/\">\n\t\t\tCogna (COGN3) tem lucro ajustado de R$ 6,4 milh\u00f5es, queda de 86% no ano\t\t<\/a>\n\t<\/div>\n\n\n<p>A companhia de educa\u00e7\u00e3o continua a sentir os impactos da pandemia da Covid-19 e da crise econ\u00f4mica &#8211; a <a href=\"https:\/\/www.suno.com.br\/artigos\/o-que-receita-liquida\/\">receita l\u00edquida<\/a> caiu 22% na base anual, para R$ 1,2 bilh\u00e3o.<\/p>\n<p>&#8220;As dificuldades relacionadas \u00e0 pandemia ainda persistem, e isto ofuscou parte dos nossos esfor\u00e7os. A capta\u00e7\u00e3o do ensino presencial continuou bastante pressionada&#8221;, diz a <strong>Cogna<\/strong> em seu balan\u00e7o, publicado no in\u00edcio deste m\u00eas.<\/p>\n\t<p>\n\t\t<a href=\"https:\/\/lp.suno.com.br\/planilha-da-vida-financeira\/\" target=\"_blank\" data-element=\"shortcode-suno-banner\" title=\"Banner SUNO, clique e saiba mais\">\n\t\t\t<picture>\n\t\t\t\t<source media=\"(max-width: 500px)\" srcset=\"https:\/\/files.sunoresearch.com.br\/n\/uploads\/2023\/04\/400x300-Planilha-vida-financeira-true.png\">\n\t\t\t\t<img class=\"newsContent__article__imgCapa newsContent__article__imgCapa--banner\"\n\t\t\t\t\tsrc=\"https:\/\/files.sunoresearch.com.br\/n\/uploads\/2023\/04\/1420x240-Planilha-vida-financeira-true.png\"\n\t\t\t\t\tdata-promo-id=\"106682\"\t\t\t\t\t\t\t\t\t\twidth='1420' height='240'\t\t\t\t\talt=\"https:\/\/files.sunoresearch.com.br\/n\/uploads\/2023\/04\/1420x240-Planilha-vida-financeira-true.png\"\n\t\t\t\t>\n\t\t\t<\/picture>\n\t\t<\/a>\n\t<\/p>\n\n\n","protected":false},"excerpt":{"rendered":"<p>A Cogna (CONG3) tem como planejamento estrat\u00e9gico comprar faculdades de medicina e plataformas de tecnologia a partir do segundo semestre deste ano. Em entrevista ao jornal Valor Econ\u00f4mico, o CEO da companhia, Rodrigo Galindo, disse que j\u00e1 iniciaram conversas com potenciais ativos. Cogna. Foto: Pixabay &#8220;Hoje, j\u00e1 temos espa\u00e7o em balan\u00e7o para fazer potencialmente uma [&hellip;]<\/p>\n","protected":false},"author":15,"featured_media":150804,"comment_status":"closed","ping_status":"closed","sticky":false,"template":"","format":"standard","meta":[],"categories":[64],"tags":[2257,2363],"suno_strategy":[],"class_list":["post-150787","post","type-post","status-publish","format-standard","has-post-thumbnail","hentry","category-negocios","tag-cogna-cogn3","tag-yduqs-yduq3"],"yoast_head":"<!-- This site is optimized with the Yoast SEO plugin v24.4 - https:\/\/yoast.com\/wordpress\/plugins\/seo\/ -->\n<title>Cogna (CONG3) planeja comprar faculdades de medicina no 2T21<\/title>\n<meta name=\"description\" content=\"A Cogna (CONG3) tem como planejamento estrat\u00e9gico comprar faculdades de medicina a partir do segundo semestre deste ano. Clique aqui\" \/>\n<meta name=\"robots\" content=\"index, follow, max-snippet:-1, max-image-preview:large, max-video-preview:-1\" \/>\n<link rel=\"canonical\" href=\"https:\/\/www.suno.com.br\/noticias\/cogna-cogn3-faculdades-medicina-segundo-semestre\/\" \/>\n<meta property=\"og:locale\" content=\"pt_BR\" \/>\n<meta property=\"og:type\" content=\"article\" \/>\n<meta property=\"og:title\" content=\"Cogna (CONG3) planeja comprar faculdades de medicina no 2T21\" \/>\n<meta property=\"og:description\" content=\"A Cogna (CONG3) tem como planejamento estrat\u00e9gico comprar faculdades de medicina a partir do segundo semestre deste ano. Clique aqui\" \/>\n<meta property=\"og:url\" content=\"https:\/\/www.suno.com.br\/noticias\/cogna-cogn3-faculdades-medicina-segundo-semestre\/\" \/>\n<meta property=\"og:site_name\" content=\"Suno Not\u00edcias\" \/>\n<meta property=\"article:publisher\" content=\"https:\/\/facebook.com\/sunoresearch\" \/>\n<meta property=\"og:image\" content=\"https:\/\/files.sunoresearch.com.br\/n\/uploads\/2021\/05\/934baaa3-classroom-2093743_640.jpg\" \/>\n\t<meta property=\"og:image:width\" content=\"640\" \/>\n\t<meta property=\"og:image:height\" content=\"457\" \/>\n\t<meta property=\"og:image:type\" content=\"image\/jpeg\" \/>\n<meta name=\"author\" content=\"Poliana Santos\" \/>\n<meta name=\"twitter:card\" content=\"summary_large_image\" \/>\n<meta name=\"twitter:creator\" content=\"@sunoresearch\" \/>\n<meta name=\"twitter:site\" content=\"@sunoresearch\" \/>\n<meta name=\"twitter:label1\" content=\"Escrito por\" \/>\n\t<meta name=\"twitter:data1\" content=\"Poliana Santos\" \/>\n\t<meta name=\"twitter:label2\" content=\"Est. tempo de leitura\" \/>\n\t<meta name=\"twitter:data2\" content=\"2 minutos\" \/>\n<script type=\"application\/ld+json\" class=\"yoast-schema-graph\">{\"@context\":\"https:\/\/schema.org\",\"@graph\":[{\"@type\":\"NewsArticle\",\"@id\":\"https:\/\/www.suno.com.br\/noticias\/cogna-cogn3-faculdades-medicina-segundo-semestre\/#article\",\"isPartOf\":{\"@id\":\"https:\/\/www.suno.com.br\/noticias\/cogna-cogn3-faculdades-medicina-segundo-semestre\/\"},\"author\":{\"name\":\"Poliana Santos\",\"@id\":\"https:\/\/www.suno.com.br\/noticias\/#\/schema\/person\/02ec1f752758247878a2bf4abee1aeda\"},\"headline\":\"Cogna (CONG3) planeja comprar faculdades de medicina no segundo semestre\",\"datePublished\":\"2021-05-25T18:55:48+00:00\",\"mainEntityOfPage\":{\"@id\":\"https:\/\/www.suno.com.br\/noticias\/cogna-cogn3-faculdades-medicina-segundo-semestre\/\"},\"wordCount\":425,\"publisher\":{\"@id\":\"https:\/\/www.suno.com.br\/noticias\/#organization\"},\"image\":{\"@id\":\"https:\/\/www.suno.com.br\/noticias\/cogna-cogn3-faculdades-medicina-segundo-semestre\/#primaryimage\"},\"thumbnailUrl\":\"https:\/\/files.sunoresearch.com.br\/n\/uploads\/2021\/05\/934baaa3-classroom-2093743_640-jpg.webp\",\"keywords\":[\"Cogna (COGN3)\",\"Yduqs (YDUQ3)\"],\"articleSection\":[\"Neg\u00f3cios\"],\"inLanguage\":\"pt-BR\"},{\"@type\":\"WebPage\",\"@id\":\"https:\/\/www.suno.com.br\/noticias\/cogna-cogn3-faculdades-medicina-segundo-semestre\/\",\"url\":\"https:\/\/www.suno.com.br\/noticias\/cogna-cogn3-faculdades-medicina-segundo-semestre\/\",\"name\":\"Cogna (CONG3) planeja comprar faculdades de medicina no 2T21\",\"isPartOf\":{\"@id\":\"https:\/\/www.suno.com.br\/noticias\/#website\"},\"primaryImageOfPage\":{\"@id\":\"https:\/\/www.suno.com.br\/noticias\/cogna-cogn3-faculdades-medicina-segundo-semestre\/#primaryimage\"},\"image\":{\"@id\":\"https:\/\/www.suno.com.br\/noticias\/cogna-cogn3-faculdades-medicina-segundo-semestre\/#primaryimage\"},\"thumbnailUrl\":\"https:\/\/files.sunoresearch.com.br\/n\/uploads\/2021\/05\/934baaa3-classroom-2093743_640-jpg.webp\",\"datePublished\":\"2021-05-25T18:55:48+00:00\",\"description\":\"A Cogna (CONG3) tem como planejamento estrat\u00e9gico comprar faculdades de medicina a partir do segundo semestre deste ano. Clique aqui\",\"breadcrumb\":{\"@id\":\"https:\/\/www.suno.com.br\/noticias\/cogna-cogn3-faculdades-medicina-segundo-semestre\/#breadcrumb\"},\"inLanguage\":\"pt-BR\",\"potentialAction\":[{\"@type\":\"ReadAction\",\"target\":[\"https:\/\/www.suno.com.br\/noticias\/cogna-cogn3-faculdades-medicina-segundo-semestre\/\"]}]},{\"@type\":\"ImageObject\",\"inLanguage\":\"pt-BR\",\"@id\":\"https:\/\/www.suno.com.br\/noticias\/cogna-cogn3-faculdades-medicina-segundo-semestre\/#primaryimage\",\"url\":\"https:\/\/files.sunoresearch.com.br\/n\/uploads\/2021\/05\/934baaa3-classroom-2093743_640-jpg.webp\",\"contentUrl\":\"https:\/\/files.sunoresearch.com.br\/n\/uploads\/2021\/05\/934baaa3-classroom-2093743_640-jpg.webp\",\"width\":640,\"height\":457,\"caption\":\"Cogna. Foto: Pixabay\"},{\"@type\":\"BreadcrumbList\",\"@id\":\"https:\/\/www.suno.com.br\/noticias\/cogna-cogn3-faculdades-medicina-segundo-semestre\/#breadcrumb\",\"itemListElement\":[{\"@type\":\"ListItem\",\"position\":1,\"name\":\"Not\u00edcias\",\"item\":\"https:\/\/www.suno.com.br\/noticias\/\"},{\"@type\":\"ListItem\",\"position\":2,\"name\":\"Neg\u00f3cios\",\"item\":\"https:\/\/www.suno.com.br\/noticias\/negocios\/\"},{\"@type\":\"ListItem\",\"position\":3,\"name\":\"Cogna (CONG3) planeja comprar faculdades de medicina no segundo semestre\"}]},{\"@type\":\"WebSite\",\"@id\":\"https:\/\/www.suno.com.br\/noticias\/#website\",\"url\":\"https:\/\/www.suno.com.br\/noticias\/\",\"name\":\"Suno Not\u00edcias\",\"description\":\"Seu portal de informa\u00e7\u00e3o sobre o mundo dos investimentos\",\"publisher\":{\"@id\":\"https:\/\/www.suno.com.br\/noticias\/#organization\"},\"potentialAction\":[{\"@type\":\"SearchAction\",\"target\":{\"@type\":\"EntryPoint\",\"urlTemplate\":\"https:\/\/www.suno.com.br\/noticias\/?s={search_term_string}\"},\"query-input\":{\"@type\":\"PropertyValueSpecification\",\"valueRequired\":true,\"valueName\":\"search_term_string\"}}],\"inLanguage\":\"pt-BR\"},{\"@type\":\"Organization\",\"@id\":\"https:\/\/www.suno.com.br\/noticias\/#organization\",\"name\":\"Suno Not\u00edcias\",\"url\":\"https:\/\/www.suno.com.br\/noticias\/\",\"logo\":{\"@type\":\"ImageObject\",\"inLanguage\":\"pt-BR\",\"@id\":\"https:\/\/www.suno.com.br\/noticias\/#\/schema\/logo\/image\/\",\"url\":\"https:\/\/files.sunoresearch.com.br\/n\/uploads\/2021\/09\/suno-logo.png\",\"contentUrl\":\"https:\/\/files.sunoresearch.com.br\/n\/uploads\/2021\/09\/suno-logo.png\",\"width\":180,\"height\":180,\"caption\":\"Suno Not\u00edcias\"},\"image\":{\"@id\":\"https:\/\/www.suno.com.br\/noticias\/#\/schema\/logo\/image\/\"},\"sameAs\":[\"https:\/\/facebook.com\/sunoresearch\",\"https:\/\/x.com\/sunoresearch\",\"https:\/\/www.instagram.com\/suno\",\"https:\/\/www.linkedin.com\/company\/suno-research\/\",\"https:\/\/www.youtube.com\/c\/sunoresearch\"]},{\"@type\":\"Person\",\"@id\":\"https:\/\/www.suno.com.br\/noticias\/#\/schema\/person\/02ec1f752758247878a2bf4abee1aeda\",\"name\":\"Poliana Santos\",\"image\":{\"@type\":\"ImageObject\",\"inLanguage\":\"pt-BR\",\"@id\":\"https:\/\/www.suno.com.br\/noticias\/#\/schema\/person\/image\/\",\"url\":\"https:\/\/secure.gravatar.com\/avatar\/0645bd32f23d87b2130f2b2dff1d3f8d?s=96&r=g\",\"contentUrl\":\"https:\/\/secure.gravatar.com\/avatar\/0645bd32f23d87b2130f2b2dff1d3f8d?s=96&r=g\",\"caption\":\"Poliana Santos\"},\"description\":\"Rep\u00f3rter no Suno Not\u00edcias, com cobertura em mercado financeiro, economia, finan\u00e7as pessoais, renda fixa e varejo. Jornalista formada pela Faculdade C\u00e1sper L\u00edbero e possui passagem na R\u00e1dio Gazeta AM com a produ\u00e7\u00e3o de conte\u00fado sobre economia, pol\u00edtica, sa\u00fade, moda e m\u00fasica. Possui certificado de conclus\u00e3o do curso de An\u00e1lise de Balan\u00e7os pela Funda\u00e7\u00e3o Bradesco, Agenda Brasil pela FAAP, Educa\u00e7\u00e3o Pol\u00edtica por Alexandre Garcia e do Tesouro Direto e Mercado de A\u00e7\u00f5es pela B3.\",\"url\":\"https:\/\/www.suno.com.br\/noticias\/author\/poliana-santos\/\"}]}<\/script>\n<!-- \/ Yoast SEO plugin. -->","yoast_head_json":{"title":"Cogna (CONG3) planeja comprar faculdades de medicina no 2T21","description":"A Cogna (CONG3) tem como planejamento estrat\u00e9gico comprar faculdades de medicina a partir do segundo semestre deste ano. Clique aqui","robots":{"index":"index","follow":"follow","max-snippet":"max-snippet:-1","max-image-preview":"max-image-preview:large","max-video-preview":"max-video-preview:-1"},"canonical":"https:\/\/www.suno.com.br\/noticias\/cogna-cogn3-faculdades-medicina-segundo-semestre\/","og_locale":"pt_BR","og_type":"article","og_title":"Cogna (CONG3) planeja comprar faculdades de medicina no 2T21","og_description":"A Cogna (CONG3) tem como planejamento estrat\u00e9gico comprar faculdades de medicina a partir do segundo semestre deste ano. Clique aqui","og_url":"https:\/\/www.suno.com.br\/noticias\/cogna-cogn3-faculdades-medicina-segundo-semestre\/","og_site_name":"Suno Not\u00edcias","article_publisher":"https:\/\/facebook.com\/sunoresearch","og_image":[{"width":640,"height":457,"url":"https:\/\/files.sunoresearch.com.br\/n\/uploads\/2021\/05\/934baaa3-classroom-2093743_640.jpg","type":"image\/jpeg"}],"author":"Poliana Santos","twitter_card":"summary_large_image","twitter_creator":"@sunoresearch","twitter_site":"@sunoresearch","twitter_misc":{"Escrito por":"Poliana Santos","Est. tempo de leitura":"2 minutos"},"schema":{"@context":"https:\/\/schema.org","@graph":[{"@type":"NewsArticle","@id":"https:\/\/www.suno.com.br\/noticias\/cogna-cogn3-faculdades-medicina-segundo-semestre\/#article","isPartOf":{"@id":"https:\/\/www.suno.com.br\/noticias\/cogna-cogn3-faculdades-medicina-segundo-semestre\/"},"author":{"name":"Poliana Santos","@id":"https:\/\/www.suno.com.br\/noticias\/#\/schema\/person\/02ec1f752758247878a2bf4abee1aeda"},"headline":"Cogna (CONG3) planeja comprar faculdades de medicina no segundo semestre","datePublished":"2021-05-25T18:55:48+00:00","mainEntityOfPage":{"@id":"https:\/\/www.suno.com.br\/noticias\/cogna-cogn3-faculdades-medicina-segundo-semestre\/"},"wordCount":425,"publisher":{"@id":"https:\/\/www.suno.com.br\/noticias\/#organization"},"image":{"@id":"https:\/\/www.suno.com.br\/noticias\/cogna-cogn3-faculdades-medicina-segundo-semestre\/#primaryimage"},"thumbnailUrl":"https:\/\/files.sunoresearch.com.br\/n\/uploads\/2021\/05\/934baaa3-classroom-2093743_640-jpg.webp","keywords":["Cogna (COGN3)","Yduqs (YDUQ3)"],"articleSection":["Neg\u00f3cios"],"inLanguage":"pt-BR"},{"@type":"WebPage","@id":"https:\/\/www.suno.com.br\/noticias\/cogna-cogn3-faculdades-medicina-segundo-semestre\/","url":"https:\/\/www.suno.com.br\/noticias\/cogna-cogn3-faculdades-medicina-segundo-semestre\/","name":"Cogna (CONG3) planeja comprar faculdades de medicina no 2T21","isPartOf":{"@id":"https:\/\/www.suno.com.br\/noticias\/#website"},"primaryImageOfPage":{"@id":"https:\/\/www.suno.com.br\/noticias\/cogna-cogn3-faculdades-medicina-segundo-semestre\/#primaryimage"},"image":{"@id":"https:\/\/www.suno.com.br\/noticias\/cogna-cogn3-faculdades-medicina-segundo-semestre\/#primaryimage"},"thumbnailUrl":"https:\/\/files.sunoresearch.com.br\/n\/uploads\/2021\/05\/934baaa3-classroom-2093743_640-jpg.webp","datePublished":"2021-05-25T18:55:48+00:00","description":"A Cogna (CONG3) tem como planejamento estrat\u00e9gico comprar faculdades de medicina a partir do segundo semestre deste ano. Clique aqui","breadcrumb":{"@id":"https:\/\/www.suno.com.br\/noticias\/cogna-cogn3-faculdades-medicina-segundo-semestre\/#breadcrumb"},"inLanguage":"pt-BR","potentialAction":[{"@type":"ReadAction","target":["https:\/\/www.suno.com.br\/noticias\/cogna-cogn3-faculdades-medicina-segundo-semestre\/"]}]},{"@type":"ImageObject","inLanguage":"pt-BR","@id":"https:\/\/www.suno.com.br\/noticias\/cogna-cogn3-faculdades-medicina-segundo-semestre\/#primaryimage","url":"https:\/\/files.sunoresearch.com.br\/n\/uploads\/2021\/05\/934baaa3-classroom-2093743_640-jpg.webp","contentUrl":"https:\/\/files.sunoresearch.com.br\/n\/uploads\/2021\/05\/934baaa3-classroom-2093743_640-jpg.webp","width":640,"height":457,"caption":"Cogna. Foto: Pixabay"},{"@type":"BreadcrumbList","@id":"https:\/\/www.suno.com.br\/noticias\/cogna-cogn3-faculdades-medicina-segundo-semestre\/#breadcrumb","itemListElement":[{"@type":"ListItem","position":1,"name":"Not\u00edcias","item":"https:\/\/www.suno.com.br\/noticias\/"},{"@type":"ListItem","position":2,"name":"Neg\u00f3cios","item":"https:\/\/www.suno.com.br\/noticias\/negocios\/"},{"@type":"ListItem","position":3,"name":"Cogna (CONG3) planeja comprar faculdades de medicina no segundo semestre"}]},{"@type":"WebSite","@id":"https:\/\/www.suno.com.br\/noticias\/#website","url":"https:\/\/www.suno.com.br\/noticias\/","name":"Suno Not\u00edcias","description":"Seu portal de informa\u00e7\u00e3o sobre o mundo dos investimentos","publisher":{"@id":"https:\/\/www.suno.com.br\/noticias\/#organization"},"potentialAction":[{"@type":"SearchAction","target":{"@type":"EntryPoint","urlTemplate":"https:\/\/www.suno.com.br\/noticias\/?s={search_term_string}"},"query-input":{"@type":"PropertyValueSpecification","valueRequired":true,"valueName":"search_term_string"}}],"inLanguage":"pt-BR"},{"@type":"Organization","@id":"https:\/\/www.suno.com.br\/noticias\/#organization","name":"Suno Not\u00edcias","url":"https:\/\/www.suno.com.br\/noticias\/","logo":{"@type":"ImageObject","inLanguage":"pt-BR","@id":"https:\/\/www.suno.com.br\/noticias\/#\/schema\/logo\/image\/","url":"https:\/\/files.sunoresearch.com.br\/n\/uploads\/2021\/09\/suno-logo.png","contentUrl":"https:\/\/files.sunoresearch.com.br\/n\/uploads\/2021\/09\/suno-logo.png","width":180,"height":180,"caption":"Suno Not\u00edcias"},"image":{"@id":"https:\/\/www.suno.com.br\/noticias\/#\/schema\/logo\/image\/"},"sameAs":["https:\/\/facebook.com\/sunoresearch","https:\/\/x.com\/sunoresearch","https:\/\/www.instagram.com\/suno","https:\/\/www.linkedin.com\/company\/suno-research\/","https:\/\/www.youtube.com\/c\/sunoresearch"]},{"@type":"Person","@id":"https:\/\/www.suno.com.br\/noticias\/#\/schema\/person\/02ec1f752758247878a2bf4abee1aeda","name":"Poliana Santos","image":{"@type":"ImageObject","inLanguage":"pt-BR","@id":"https:\/\/www.suno.com.br\/noticias\/#\/schema\/person\/image\/","url":"https:\/\/secure.gravatar.com\/avatar\/0645bd32f23d87b2130f2b2dff1d3f8d?s=96&r=g","contentUrl":"https:\/\/secure.gravatar.com\/avatar\/0645bd32f23d87b2130f2b2dff1d3f8d?s=96&r=g","caption":"Poliana Santos"},"description":"Rep\u00f3rter no Suno Not\u00edcias, com cobertura em mercado financeiro, economia, finan\u00e7as pessoais, renda fixa e varejo. Jornalista formada pela Faculdade C\u00e1sper L\u00edbero e possui passagem na R\u00e1dio Gazeta AM com a produ\u00e7\u00e3o de conte\u00fado sobre economia, pol\u00edtica, sa\u00fade, moda e m\u00fasica. Possui certificado de conclus\u00e3o do curso de An\u00e1lise de Balan\u00e7os pela Funda\u00e7\u00e3o Bradesco, Agenda Brasil pela FAAP, Educa\u00e7\u00e3o Pol\u00edtica por Alexandre Garcia e do Tesouro Direto e Mercado de A\u00e7\u00f5es pela B3.","url":"https:\/\/www.suno.com.br\/noticias\/author\/poliana-santos\/"}]}},"default_loop_html":"<div class=\"cardsPage__listCard__boxs\"><div class=\"cardsPage__listCard__boxs__img\"><a href=\"https:\/\/www.suno.com.br\/noticias\/cogna-cogn3-faculdades-medicina-segundo-semestre\/\"><img class=\"mask\" src=\"https:\/\/www.suno.com.br\/noticias\/wp-content\/themes\/suno\/resources\/images\/spotlight\/spotlight1img\/bg-mask.png\" alt=\"Image Mask\"\/><img src=\"https:\/\/files.sunoresearch.com.br\/n\/uploads\/2021\/05\/934baaa3-classroom-2093743_640-400x200.webp\" alt=\"Cogna (CONG3) planeja comprar faculdades de medicina no segundo semestre\"\/><\/a><span class=\"spotlightCategory\"><a href=\"https:\/\/www.suno.com.br\/noticias\/negocios\/\">Neg\u00f3cios<\/a><\/span><\/div><div class=\"cardsPage__listCard__boxs__content\"><a href=\"https:\/\/www.suno.com.br\/noticias\/cogna-cogn3-faculdades-medicina-segundo-semestre\/\"><h2 class=\"content__title\">Cogna (CONG3) planeja comprar faculdades de medicina no segundo semestre<\/h2><\/a><div class=\"newsContent__article__meta\"><div class=\"newsContent__article__meta__authorBox\"><a href=\"https:\/\/www.suno.com.br\/noticias\/author\/poliana-santos\/\" class=\"authorBox__avatar noMobi\"><img src=\"https:\/\/files.sunoresearch.com.br\/n\/uploads\/2020\/08\/7ef34026-whatsapp-image-2020-08-03-at-12.37.57-150x150.webp\" alt=\"Poliana Santos\"><\/a><div class=\"authorBox__name\"><span>por\n\t\t\t<a href=\"https:\/\/www.suno.com.br\/noticias\/author\/poliana-santos\/\"><span itemprop=\"author\">Poliana Santos<\/span><\/a><\/span><time datetime=\"2021-05-25T15:55:48-03:00\" itemprop=\"datePublished\">25\/05\/2021 15:55<\/time><\/div><\/div><\/div><\/div><\/div>","single_layout":"posts","amp_enabled":true,"_links":{"self":[{"href":"https:\/\/www.suno.com.br\/noticias\/wp-json\/wp\/v2\/posts\/150787"}],"collection":[{"href":"https:\/\/www.suno.com.br\/noticias\/wp-json\/wp\/v2\/posts"}],"about":[{"href":"https:\/\/www.suno.com.br\/noticias\/wp-json\/wp\/v2\/types\/post"}],"author":[{"embeddable":true,"href":"https:\/\/www.suno.com.br\/noticias\/wp-json\/wp\/v2\/users\/15"}],"replies":[{"embeddable":true,"href":"https:\/\/www.suno.com.br\/noticias\/wp-json\/wp\/v2\/comments?post=150787"}],"version-history":[{"count":3,"href":"https:\/\/www.suno.com.br\/noticias\/wp-json\/wp\/v2\/posts\/150787\/revisions"}],"predecessor-version":[{"id":150817,"href":"https:\/\/www.suno.com.br\/noticias\/wp-json\/wp\/v2\/posts\/150787\/revisions\/150817"}],"wp:featuredmedia":[{"embeddable":true,"href":"https:\/\/www.suno.com.br\/noticias\/wp-json\/wp\/v2\/media\/150804"}],"wp:attachment":[{"href":"https:\/\/www.suno.com.br\/noticias\/wp-json\/wp\/v2\/media?parent=150787"}],"wp:term":[{"taxonomy":"category","embeddable":true,"href":"https:\/\/www.suno.com.br\/noticias\/wp-json\/wp\/v2\/categories?post=150787"},{"taxonomy":"post_tag","embeddable":true,"href":"https:\/\/www.suno.com.br\/noticias\/wp-json\/wp\/v2\/tags?post=150787"},{"taxonomy":"suno_strategy","embeddable":true,"href":"https:\/\/www.suno.com.br\/noticias\/wp-json\/wp\/v2\/suno_strategy?post=150787"}],"curies":[{"name":"wp","href":"https:\/\/api.w.org\/{rel}","templated":true}]}}