{"id":150668,"date":"2021-05-25T09:01:51","date_gmt":"2021-05-25T12:01:51","guid":{"rendered":"https:\/\/www.suno.com.br\/noticias\/?p=150668"},"modified":"2021-05-25T09:01:51","modified_gmt":"2021-05-25T12:01:51","slug":"xp-acusa-acqua-vero-quebra-contrato-multa-134mi","status":"publish","type":"post","link":"https:\/\/www.suno.com.br\/noticias\/xp-acusa-acqua-vero-quebra-contrato-multa-134mi\/","title":{"rendered":"XP acusa Acqua-Vero de quebra de contrato e pede multa de R$ 134mi"},"content":{"rendered":"<p>A <strong>XP <\/strong>Investimentos acusou a Acqua-Vero de quebra de contrato logo ap\u00f3s o escrit\u00f3rio de investimentos associado <a href=\"https:\/\/www.suno.com.br\/artigos\/rescisao-contratual\/\">pedir rescis\u00e3o de contrato<\/a> na segunda-feira (24), e pediu o pagamento de uma multa de R$ 134 milh\u00f5es, segundo o jornal O Estado de S.Paulo.<\/p>\t<div class=\"wrapper-featured-image\">\n\t\t<figure class=\"spotlightImg\">\n\n\t\t\t<picture>\n\t\t\t\t<source media=\"(max-width: 768px)\" srcset=\"https:\/\/files.sunoresearch.com.br\/n\/uploads\/2019\/12\/af325117-xp-investimentos-400x200.webp\">\n\t\t\t\t<img loading=\"lazy\" decoding=\"async\" class=\"newsContent__article__imgCapa lazyloadDisabled \" src=\"https:\/\/files.sunoresearch.com.br\/n\/uploads\/2019\/12\/af325117-xp-investimentos-800x450.webp\" width=\"800\" height=\"450\" alt=\"XP acusa Acqua-Vero de quebra de contrato e pede multa de R$ 134mi\" fetchpriority=high \/>\n\t\t\t<\/picture>\n\n\t\t\t<figcaption class=\"wp-caption-text wp-caption-text--show\">XP pede o dobro do valor que investiu para fus\u00e3o e expans\u00e3o dos escrit\u00f3rios Acqua e Vero, dando origem ao Acqua-Vero - Foto: Divulga\u00e7\u00e3o XP<\/figcaption>\n\t\t<\/figure>\n\t<\/div>\n\n\n<p><span style=\"font-weight: 400;\">\u00a0\t<p>\n\t\t<a href=\"https:\/\/lp.suno.com.br\/planilha-controle-gastos\/\" target=\"_blank\" data-element=\"shortcode-suno-banner\" title=\"Banner SUNO, clique e saiba mais\">\n\t\t\t<picture>\n\t\t\t\t<source media=\"(max-width: 500px)\" srcset=\"https:\/\/files.sunoresearch.com.br\/n\/uploads\/2023\/03\/400x300-Planilha-controle-de-gastos.png\">\n\t\t\t\t<img class=\"newsContent__article__imgCapa newsContent__article__imgCapa--banner\"\n\t\t\t\t\tsrc=\"https:\/\/files.sunoresearch.com.br\/n\/uploads\/2023\/03\/1420x240-Planilha-controle-de-gastos.png\"\n\t\t\t\t\tdata-promo-id=\"101751\"\t\t\t\t\t\t\t\t\t\twidth='1420' height='240'\t\t\t\t\talt=\"https:\/\/files.sunoresearch.com.br\/n\/uploads\/2023\/03\/1420x240-Planilha-controle-de-gastos.png\"\n\t\t\t\t>\n\t\t\t<\/picture>\n\t\t<\/a>\n\t<\/p>\n\n<\/span><\/p>\n<p>O valor \u00e9 duas vezes maior do que o montante que a XP diz ter investido para a expans\u00e3o e fus\u00e3o entre os dois escrit\u00f3rios &#8211; que ent\u00e3o deram origem \u00e0 <strong>Acqua-Vero<\/strong>, maior escrit\u00f3rio de SP em assessoria de investimentos.<\/p>\n<p>O escrit\u00f3rio, por sua vez, alega que a <strong>rescis\u00e3o se deu por justa causa<\/strong>, com efeitos imediatos da ruptura, conectando-se ao <a href=\"https:\/\/www.suno.com.br\/acoes\/bpac11\/\"><strong>BTG Pactual<\/strong> (BPAC11)<\/a> a partir desta ter\u00e7a-feira (25), mirando uma <a href=\"https:\/\/www.suno.com.br\/artigos\/ipo\/\">oferta p\u00fablica de a\u00e7\u00f5es (<strong>IPO<\/strong>, do ingl\u00eas)<\/a> no longo prazo.<\/p>\n<p><a href=\"https:\/\/lp.suno.com.br\/suno-one\/?ppp=noticias\/hospital-care-pedido-ipo-cvm\/\"><b>Suno One: acesse gratuitamente eBooks, Minicursos, Artigos e V\u00eddeo Aulas sobre investimentos com um \u00fanico cadastro. Clique para saber mais!<\/b><\/a><\/p>\n<p>Em comunicado, a Acqua-Vero citou <a href=\"https:\/\/www.suno.com.br\/artigos\/garantia-fidejussoria\/\">que algumas regras do <strong>contrato<\/strong> n\u00e3o estariam sendo obedecidas<\/a>, o que motivou a decis\u00e3o de rescis\u00e3o imediata.<\/p>\n<p>J\u00e1 na \u00faltima semana, o escrit\u00f3rio anunciou que realizaria o movimento de deixar a XP e, em decorr\u00eancia disso, estaria cumprindo um per\u00edodo de 60 dias de aviso pr\u00e9vio.<\/p>\n<p><span style=\"font-weight: 400;\">\t<div data-element=\"shortcode-read-more\" class=\"knowMore\">\n\t\t\t\t<span class=\"knowMore__title\">Saiba mais<\/span>\n\t\t\t\t<a class=\"knowMore__link\" href=\"https:\/\/www.suno.com.br\/noticias\/acqua-vero-rescinde-contrato-xp\/\">\n\t\t\tAcqua-Vero rescinde contrato com a XP por justa causa\t\t<\/a>\n\t<\/div>\n\n<\/span><\/p>\n<p>A Acqua-Vero n\u00e3o estaria conseguindo acessar o software de gest\u00e3o dos clientes, o que estaria impedindo o trabalho do escrit\u00f3rio, conforme dito pelo escrit\u00f3rio, em nota.<\/p>\n<p>&#8220;Nossa inten\u00e7\u00e3o sempre foi cumprir todos os termos do contrato at\u00e9 o final do per\u00edodo de aviso pr\u00e9vio, mas, diante das infra\u00e7\u00f5es, n\u00e3o vimos outra sa\u00edda sen\u00e3o a rescis\u00e3o imediata por justa causa&#8221;, disse Eduardo Siqueira, co-fundador da Acqua-Vero.<\/p>\n<h2>Acqua-Vero era um dos maiores da XP<\/h2>\n<p>A Acqua-Vero, conforme citado, j\u00e1 estava em vias de deixar a XP. Na segunda-feira passada, dia 17, o escrit\u00f3rio se desligou, sendo um dos maiores sob o guarda-chuva da corretora, com R$ 8,5 bilh\u00f5es sob cust\u00f3dia.<\/p>\n<p>O escrit\u00f3rio possui um total de 16 filiais atualmente, abarcando 16 localidades &#8211; incluindo S\u00e3o Paulo, Rio de Janeiro, Salvador, Velo Horizonte, Campinas e Fortaleza.<\/p>\n<p><span style=\"font-weight: 400;\">\t<p>\n\t\t<a href=\"https:\/\/lp.suno.com.br\/planilha-de-controle-de-investimentos\/\" target=\"_blank\" data-element=\"shortcode-suno-banner\" title=\"Banner SUNO, clique e saiba mais\">\n\t\t\t<picture>\n\t\t\t\t<source media=\"(max-width: 500px)\" srcset=\"https:\/\/files.sunoresearch.com.br\/n\/uploads\/2023\/03\/400x300-Controle-de-Investimentos.png\">\n\t\t\t\t<img class=\"newsContent__article__imgCapa newsContent__article__imgCapa--banner\"\n\t\t\t\t\tsrc=\"https:\/\/files.sunoresearch.com.br\/n\/uploads\/2023\/03\/1420x240-Controle-de-Investimentos.png\"\n\t\t\t\t\tdata-promo-id=\"75934\"\t\t\t\t\t\t\t\t\t\twidth='1420' height='240'\t\t\t\t\talt=\"https:\/\/files.sunoresearch.com.br\/n\/uploads\/2023\/03\/1420x240-Controle-de-Investimentos.png\"\n\t\t\t\t>\n\t\t\t<\/picture>\n\t\t<\/a>\n\t<\/p>\n\n<\/span><\/p>\n<p>Dentre as metas de longo prazo do escrit\u00f3rio, constam:<\/p>\n<ul>\n<li>Chegar a marca de 100 escrit\u00f3rios<\/li>\n<li>Ampliar a carteira de R$ 8,5 bilh\u00f5es para R$ 12 bilh\u00f5es<\/li>\n<li>Chegar a 350 profissionais ativos<\/li>\n<\/ul>\n<p>Com essas ambi\u00e7\u00f5es, a Acqua-Vero pretende <a href=\"https:\/\/www.suno.com.br\/artigos\/b3\/\">abrir capital na Bolsa de Valores de S\u00e3o Paulo (B3)<\/a> em um horizonte de tr\u00eas anos, agora vinculada ao BTG.<\/p>\n<p>Logo ap\u00f3s deixar a <strong>XP<\/strong>, em nota, o escrit\u00f3rio afirma j\u00e1 dar continuidade aos\u00a0 \u201cplanos de se transformar em uma corretora de valores e futuramente fazer um IPO\u201d.<\/p>\n<p><span style=\"font-weight: 400;\">\t<p>\n\t\t<a href=\"https:\/\/lp.suno.com.br\/planilha-da-vida-financeira\/\" target=\"_blank\" data-element=\"shortcode-suno-banner\" title=\"Banner SUNO, clique e saiba mais\">\n\t\t\t<picture>\n\t\t\t\t<source media=\"(max-width: 500px)\" srcset=\"https:\/\/files.sunoresearch.com.br\/n\/uploads\/2023\/04\/400x300-Planilha-vida-financeira-true.png\">\n\t\t\t\t<img class=\"newsContent__article__imgCapa newsContent__article__imgCapa--banner\"\n\t\t\t\t\tsrc=\"https:\/\/files.sunoresearch.com.br\/n\/uploads\/2023\/04\/1420x240-Planilha-vida-financeira-true.png\"\n\t\t\t\t\tdata-promo-id=\"106682\"\t\t\t\t\t\t\t\t\t\twidth='1420' height='240'\t\t\t\t\talt=\"https:\/\/files.sunoresearch.com.br\/n\/uploads\/2023\/04\/1420x240-Planilha-vida-financeira-true.png\"\n\t\t\t\t>\n\t\t\t<\/picture>\n\t\t<\/a>\n\t<\/p>\n\n<\/span><\/p>\n","protected":false},"excerpt":{"rendered":"<p>A XP Investimentos acusou a Acqua-Vero de quebra de contrato logo ap\u00f3s o escrit\u00f3rio de investimentos associado pedir rescis\u00e3o de contrato na segunda-feira (24), e pediu o pagamento de uma multa de R$ 134 milh\u00f5es, segundo o jornal O Estado de S.Paulo. XP pede o dobro do valor que investiu para fus\u00e3o e expans\u00e3o dos [&hellip;]<\/p>\n","protected":false},"author":73,"featured_media":47427,"comment_status":"closed","ping_status":"closed","sticky":false,"template":"","format":"standard","meta":[],"categories":[64],"tags":[399,888],"suno_strategy":[],"class_list":["post-150668","post","type-post","status-publish","format-standard","has-post-thumbnail","hentry","category-negocios","tag-btg-pactual-bpac11-bpac3-bpac5","tag-xp-investimentos"],"yoast_head":"<!-- This site is optimized with the Yoast SEO plugin v24.4 - https:\/\/yoast.com\/wordpress\/plugins\/seo\/ -->\n<title>XP acusa Acqua-Vero de quebra de contrato e pede multa de R$ 134mi<\/title>\n<meta name=\"description\" content=\"A ruptura da Acqua-Vero com a XP j\u00e1 estava prevista, contudo, o escrit\u00f3rio decidiu por uma rescis\u00e3o imediata alegando justa causa. Leia mais\" \/>\n<meta name=\"robots\" content=\"index, follow, max-snippet:-1, max-image-preview:large, max-video-preview:-1\" \/>\n<link rel=\"canonical\" href=\"https:\/\/www.suno.com.br\/noticias\/xp-acusa-acqua-vero-quebra-contrato-multa-134mi\/\" \/>\n<meta property=\"og:locale\" content=\"pt_BR\" \/>\n<meta property=\"og:type\" content=\"article\" \/>\n<meta property=\"og:title\" content=\"XP acusa Acqua-Vero de quebra de contrato e pede multa de R$ 134mi\" \/>\n<meta property=\"og:description\" content=\"A ruptura da Acqua-Vero com a XP j\u00e1 estava prevista, contudo, o escrit\u00f3rio decidiu por uma rescis\u00e3o imediata alegando justa causa. Leia mais\" \/>\n<meta property=\"og:url\" content=\"https:\/\/www.suno.com.br\/noticias\/xp-acusa-acqua-vero-quebra-contrato-multa-134mi\/\" \/>\n<meta property=\"og:site_name\" content=\"Suno Not\u00edcias\" \/>\n<meta property=\"article:publisher\" content=\"https:\/\/facebook.com\/sunoresearch\" \/>\n<meta property=\"og:image\" content=\"https:\/\/files.sunoresearch.com.br\/n\/uploads\/2019\/12\/af325117-xp-investimentos.png\" \/>\n\t<meta property=\"og:image:width\" content=\"1024\" \/>\n\t<meta property=\"og:image:height\" content=\"769\" \/>\n\t<meta property=\"og:image:type\" content=\"image\/png\" \/>\n<meta name=\"author\" content=\"Eduardo Vargas\" \/>\n<meta name=\"twitter:card\" content=\"summary_large_image\" \/>\n<meta name=\"twitter:creator\" content=\"@sunoresearch\" \/>\n<meta name=\"twitter:site\" content=\"@sunoresearch\" \/>\n<meta name=\"twitter:label1\" content=\"Escrito por\" \/>\n\t<meta name=\"twitter:data1\" content=\"Eduardo Vargas\" \/>\n\t<meta name=\"twitter:label2\" content=\"Est. tempo de leitura\" \/>\n\t<meta name=\"twitter:data2\" content=\"2 minutos\" \/>\n<script type=\"application\/ld+json\" class=\"yoast-schema-graph\">{\"@context\":\"https:\/\/schema.org\",\"@graph\":[{\"@type\":\"NewsArticle\",\"@id\":\"https:\/\/www.suno.com.br\/noticias\/xp-acusa-acqua-vero-quebra-contrato-multa-134mi\/#article\",\"isPartOf\":{\"@id\":\"https:\/\/www.suno.com.br\/noticias\/xp-acusa-acqua-vero-quebra-contrato-multa-134mi\/\"},\"author\":{\"name\":\"Eduardo Vargas\",\"@id\":\"https:\/\/www.suno.com.br\/noticias\/#\/schema\/person\/7f4d362bf3518e76090143ae77bb49a5\"},\"headline\":\"XP acusa Acqua-Vero de quebra de contrato e pede multa de R$ 134mi\",\"datePublished\":\"2021-05-25T12:01:51+00:00\",\"mainEntityOfPage\":{\"@id\":\"https:\/\/www.suno.com.br\/noticias\/xp-acusa-acqua-vero-quebra-contrato-multa-134mi\/\"},\"wordCount\":477,\"publisher\":{\"@id\":\"https:\/\/www.suno.com.br\/noticias\/#organization\"},\"image\":{\"@id\":\"https:\/\/www.suno.com.br\/noticias\/xp-acusa-acqua-vero-quebra-contrato-multa-134mi\/#primaryimage\"},\"thumbnailUrl\":\"https:\/\/files.sunoresearch.com.br\/n\/uploads\/2019\/12\/af325117-xp-investimentos-png.webp\",\"keywords\":[\"BTG Pactual (BPAC11\/BPAC3\/BPAC5)\",\"XP Investimentos\"],\"articleSection\":[\"Neg\u00f3cios\"],\"inLanguage\":\"pt-BR\"},{\"@type\":\"WebPage\",\"@id\":\"https:\/\/www.suno.com.br\/noticias\/xp-acusa-acqua-vero-quebra-contrato-multa-134mi\/\",\"url\":\"https:\/\/www.suno.com.br\/noticias\/xp-acusa-acqua-vero-quebra-contrato-multa-134mi\/\",\"name\":\"XP acusa Acqua-Vero de quebra de contrato e pede multa de R$ 134mi\",\"isPartOf\":{\"@id\":\"https:\/\/www.suno.com.br\/noticias\/#website\"},\"primaryImageOfPage\":{\"@id\":\"https:\/\/www.suno.com.br\/noticias\/xp-acusa-acqua-vero-quebra-contrato-multa-134mi\/#primaryimage\"},\"image\":{\"@id\":\"https:\/\/www.suno.com.br\/noticias\/xp-acusa-acqua-vero-quebra-contrato-multa-134mi\/#primaryimage\"},\"thumbnailUrl\":\"https:\/\/files.sunoresearch.com.br\/n\/uploads\/2019\/12\/af325117-xp-investimentos-png.webp\",\"datePublished\":\"2021-05-25T12:01:51+00:00\",\"description\":\"A ruptura da Acqua-Vero com a XP j\u00e1 estava prevista, contudo, o escrit\u00f3rio decidiu por uma rescis\u00e3o imediata alegando justa causa. Leia mais\",\"breadcrumb\":{\"@id\":\"https:\/\/www.suno.com.br\/noticias\/xp-acusa-acqua-vero-quebra-contrato-multa-134mi\/#breadcrumb\"},\"inLanguage\":\"pt-BR\",\"potentialAction\":[{\"@type\":\"ReadAction\",\"target\":[\"https:\/\/www.suno.com.br\/noticias\/xp-acusa-acqua-vero-quebra-contrato-multa-134mi\/\"]}]},{\"@type\":\"ImageObject\",\"inLanguage\":\"pt-BR\",\"@id\":\"https:\/\/www.suno.com.br\/noticias\/xp-acusa-acqua-vero-quebra-contrato-multa-134mi\/#primaryimage\",\"url\":\"https:\/\/files.sunoresearch.com.br\/n\/uploads\/2019\/12\/af325117-xp-investimentos-png.webp\",\"contentUrl\":\"https:\/\/files.sunoresearch.com.br\/n\/uploads\/2019\/12\/af325117-xp-investimentos-png.webp\",\"width\":1024,\"height\":769,\"caption\":\"XP pede o dobro do valor que investiu para fus\u00e3o e expans\u00e3o dos escrit\u00f3rios Acqua e Vero, dando origem ao Acqua-Vero - Foto: Divulga\u00e7\u00e3o XP\"},{\"@type\":\"BreadcrumbList\",\"@id\":\"https:\/\/www.suno.com.br\/noticias\/xp-acusa-acqua-vero-quebra-contrato-multa-134mi\/#breadcrumb\",\"itemListElement\":[{\"@type\":\"ListItem\",\"position\":1,\"name\":\"Not\u00edcias\",\"item\":\"https:\/\/www.suno.com.br\/noticias\/\"},{\"@type\":\"ListItem\",\"position\":2,\"name\":\"Neg\u00f3cios\",\"item\":\"https:\/\/www.suno.com.br\/noticias\/negocios\/\"},{\"@type\":\"ListItem\",\"position\":3,\"name\":\"XP acusa Acqua-Vero de quebra de contrato e pede multa de R$ 134mi\"}]},{\"@type\":\"WebSite\",\"@id\":\"https:\/\/www.suno.com.br\/noticias\/#website\",\"url\":\"https:\/\/www.suno.com.br\/noticias\/\",\"name\":\"Suno Not\u00edcias\",\"description\":\"Seu portal de informa\u00e7\u00e3o sobre o mundo dos investimentos\",\"publisher\":{\"@id\":\"https:\/\/www.suno.com.br\/noticias\/#organization\"},\"potentialAction\":[{\"@type\":\"SearchAction\",\"target\":{\"@type\":\"EntryPoint\",\"urlTemplate\":\"https:\/\/www.suno.com.br\/noticias\/?s={search_term_string}\"},\"query-input\":{\"@type\":\"PropertyValueSpecification\",\"valueRequired\":true,\"valueName\":\"search_term_string\"}}],\"inLanguage\":\"pt-BR\"},{\"@type\":\"Organization\",\"@id\":\"https:\/\/www.suno.com.br\/noticias\/#organization\",\"name\":\"Suno Not\u00edcias\",\"url\":\"https:\/\/www.suno.com.br\/noticias\/\",\"logo\":{\"@type\":\"ImageObject\",\"inLanguage\":\"pt-BR\",\"@id\":\"https:\/\/www.suno.com.br\/noticias\/#\/schema\/logo\/image\/\",\"url\":\"https:\/\/files.sunoresearch.com.br\/n\/uploads\/2021\/09\/suno-logo.png\",\"contentUrl\":\"https:\/\/files.sunoresearch.com.br\/n\/uploads\/2021\/09\/suno-logo.png\",\"width\":180,\"height\":180,\"caption\":\"Suno Not\u00edcias\"},\"image\":{\"@id\":\"https:\/\/www.suno.com.br\/noticias\/#\/schema\/logo\/image\/\"},\"sameAs\":[\"https:\/\/facebook.com\/sunoresearch\",\"https:\/\/x.com\/sunoresearch\",\"https:\/\/www.instagram.com\/suno\",\"https:\/\/www.linkedin.com\/company\/suno-research\/\",\"https:\/\/www.youtube.com\/c\/sunoresearch\"]},{\"@type\":\"Person\",\"@id\":\"https:\/\/www.suno.com.br\/noticias\/#\/schema\/person\/7f4d362bf3518e76090143ae77bb49a5\",\"name\":\"Eduardo Vargas\",\"image\":{\"@type\":\"ImageObject\",\"inLanguage\":\"pt-BR\",\"@id\":\"https:\/\/www.suno.com.br\/noticias\/#\/schema\/person\/image\/\",\"url\":\"https:\/\/secure.gravatar.com\/avatar\/dac340933427a22924c9f99d1eb2e3f2?s=96&r=g\",\"contentUrl\":\"https:\/\/secure.gravatar.com\/avatar\/dac340933427a22924c9f99d1eb2e3f2?s=96&r=g\",\"caption\":\"Eduardo Vargas\"},\"description\":\"Jornalista formado pela UFSC, cobre macroeconomia, neg\u00f3cios e startups para o Suno Not\u00edcias, escrevendo principalmente not\u00edcias sobre o mercado financeiro e a bolsa de valores. No YouTube e no Instagram, \u00e9 respons\u00e1vel pela produ\u00e7\u00e3o de Reels e Shorts do Suno Not\u00edcias. Anteriormente, trabalhou cobrindo economia e cotidiano no ND+ e para o ND, maior jornal impresso de Santa Catarina. Cursou um semestre letivo de Estudos de M\u00eddia na Universidad de Buenos Aires.\",\"url\":\"https:\/\/www.suno.com.br\/noticias\/author\/eduardo-vargas\/\"}]}<\/script>\n<!-- \/ Yoast SEO plugin. -->","yoast_head_json":{"title":"XP acusa Acqua-Vero de quebra de contrato e pede multa de R$ 134mi","description":"A ruptura da Acqua-Vero com a XP j\u00e1 estava prevista, contudo, o escrit\u00f3rio decidiu por uma rescis\u00e3o imediata alegando justa causa. Leia mais","robots":{"index":"index","follow":"follow","max-snippet":"max-snippet:-1","max-image-preview":"max-image-preview:large","max-video-preview":"max-video-preview:-1"},"canonical":"https:\/\/www.suno.com.br\/noticias\/xp-acusa-acqua-vero-quebra-contrato-multa-134mi\/","og_locale":"pt_BR","og_type":"article","og_title":"XP acusa Acqua-Vero de quebra de contrato e pede multa de R$ 134mi","og_description":"A ruptura da Acqua-Vero com a XP j\u00e1 estava prevista, contudo, o escrit\u00f3rio decidiu por uma rescis\u00e3o imediata alegando justa causa. Leia mais","og_url":"https:\/\/www.suno.com.br\/noticias\/xp-acusa-acqua-vero-quebra-contrato-multa-134mi\/","og_site_name":"Suno Not\u00edcias","article_publisher":"https:\/\/facebook.com\/sunoresearch","og_image":[{"width":1024,"height":769,"url":"https:\/\/files.sunoresearch.com.br\/n\/uploads\/2019\/12\/af325117-xp-investimentos.png","type":"image\/png"}],"author":"Eduardo Vargas","twitter_card":"summary_large_image","twitter_creator":"@sunoresearch","twitter_site":"@sunoresearch","twitter_misc":{"Escrito por":"Eduardo Vargas","Est. tempo de leitura":"2 minutos"},"schema":{"@context":"https:\/\/schema.org","@graph":[{"@type":"NewsArticle","@id":"https:\/\/www.suno.com.br\/noticias\/xp-acusa-acqua-vero-quebra-contrato-multa-134mi\/#article","isPartOf":{"@id":"https:\/\/www.suno.com.br\/noticias\/xp-acusa-acqua-vero-quebra-contrato-multa-134mi\/"},"author":{"name":"Eduardo Vargas","@id":"https:\/\/www.suno.com.br\/noticias\/#\/schema\/person\/7f4d362bf3518e76090143ae77bb49a5"},"headline":"XP acusa Acqua-Vero de quebra de contrato e pede multa de R$ 134mi","datePublished":"2021-05-25T12:01:51+00:00","mainEntityOfPage":{"@id":"https:\/\/www.suno.com.br\/noticias\/xp-acusa-acqua-vero-quebra-contrato-multa-134mi\/"},"wordCount":477,"publisher":{"@id":"https:\/\/www.suno.com.br\/noticias\/#organization"},"image":{"@id":"https:\/\/www.suno.com.br\/noticias\/xp-acusa-acqua-vero-quebra-contrato-multa-134mi\/#primaryimage"},"thumbnailUrl":"https:\/\/files.sunoresearch.com.br\/n\/uploads\/2019\/12\/af325117-xp-investimentos-png.webp","keywords":["BTG Pactual (BPAC11\/BPAC3\/BPAC5)","XP Investimentos"],"articleSection":["Neg\u00f3cios"],"inLanguage":"pt-BR"},{"@type":"WebPage","@id":"https:\/\/www.suno.com.br\/noticias\/xp-acusa-acqua-vero-quebra-contrato-multa-134mi\/","url":"https:\/\/www.suno.com.br\/noticias\/xp-acusa-acqua-vero-quebra-contrato-multa-134mi\/","name":"XP acusa Acqua-Vero de quebra de contrato e pede multa de R$ 134mi","isPartOf":{"@id":"https:\/\/www.suno.com.br\/noticias\/#website"},"primaryImageOfPage":{"@id":"https:\/\/www.suno.com.br\/noticias\/xp-acusa-acqua-vero-quebra-contrato-multa-134mi\/#primaryimage"},"image":{"@id":"https:\/\/www.suno.com.br\/noticias\/xp-acusa-acqua-vero-quebra-contrato-multa-134mi\/#primaryimage"},"thumbnailUrl":"https:\/\/files.sunoresearch.com.br\/n\/uploads\/2019\/12\/af325117-xp-investimentos-png.webp","datePublished":"2021-05-25T12:01:51+00:00","description":"A ruptura da Acqua-Vero com a XP j\u00e1 estava prevista, contudo, o escrit\u00f3rio decidiu por uma rescis\u00e3o imediata alegando justa causa. Leia mais","breadcrumb":{"@id":"https:\/\/www.suno.com.br\/noticias\/xp-acusa-acqua-vero-quebra-contrato-multa-134mi\/#breadcrumb"},"inLanguage":"pt-BR","potentialAction":[{"@type":"ReadAction","target":["https:\/\/www.suno.com.br\/noticias\/xp-acusa-acqua-vero-quebra-contrato-multa-134mi\/"]}]},{"@type":"ImageObject","inLanguage":"pt-BR","@id":"https:\/\/www.suno.com.br\/noticias\/xp-acusa-acqua-vero-quebra-contrato-multa-134mi\/#primaryimage","url":"https:\/\/files.sunoresearch.com.br\/n\/uploads\/2019\/12\/af325117-xp-investimentos-png.webp","contentUrl":"https:\/\/files.sunoresearch.com.br\/n\/uploads\/2019\/12\/af325117-xp-investimentos-png.webp","width":1024,"height":769,"caption":"XP pede o dobro do valor que investiu para fus\u00e3o e expans\u00e3o dos escrit\u00f3rios Acqua e Vero, dando origem ao Acqua-Vero - Foto: Divulga\u00e7\u00e3o XP"},{"@type":"BreadcrumbList","@id":"https:\/\/www.suno.com.br\/noticias\/xp-acusa-acqua-vero-quebra-contrato-multa-134mi\/#breadcrumb","itemListElement":[{"@type":"ListItem","position":1,"name":"Not\u00edcias","item":"https:\/\/www.suno.com.br\/noticias\/"},{"@type":"ListItem","position":2,"name":"Neg\u00f3cios","item":"https:\/\/www.suno.com.br\/noticias\/negocios\/"},{"@type":"ListItem","position":3,"name":"XP acusa Acqua-Vero de quebra de contrato e pede multa de R$ 134mi"}]},{"@type":"WebSite","@id":"https:\/\/www.suno.com.br\/noticias\/#website","url":"https:\/\/www.suno.com.br\/noticias\/","name":"Suno Not\u00edcias","description":"Seu portal de informa\u00e7\u00e3o sobre o mundo dos investimentos","publisher":{"@id":"https:\/\/www.suno.com.br\/noticias\/#organization"},"potentialAction":[{"@type":"SearchAction","target":{"@type":"EntryPoint","urlTemplate":"https:\/\/www.suno.com.br\/noticias\/?s={search_term_string}"},"query-input":{"@type":"PropertyValueSpecification","valueRequired":true,"valueName":"search_term_string"}}],"inLanguage":"pt-BR"},{"@type":"Organization","@id":"https:\/\/www.suno.com.br\/noticias\/#organization","name":"Suno Not\u00edcias","url":"https:\/\/www.suno.com.br\/noticias\/","logo":{"@type":"ImageObject","inLanguage":"pt-BR","@id":"https:\/\/www.suno.com.br\/noticias\/#\/schema\/logo\/image\/","url":"https:\/\/files.sunoresearch.com.br\/n\/uploads\/2021\/09\/suno-logo.png","contentUrl":"https:\/\/files.sunoresearch.com.br\/n\/uploads\/2021\/09\/suno-logo.png","width":180,"height":180,"caption":"Suno Not\u00edcias"},"image":{"@id":"https:\/\/www.suno.com.br\/noticias\/#\/schema\/logo\/image\/"},"sameAs":["https:\/\/facebook.com\/sunoresearch","https:\/\/x.com\/sunoresearch","https:\/\/www.instagram.com\/suno","https:\/\/www.linkedin.com\/company\/suno-research\/","https:\/\/www.youtube.com\/c\/sunoresearch"]},{"@type":"Person","@id":"https:\/\/www.suno.com.br\/noticias\/#\/schema\/person\/7f4d362bf3518e76090143ae77bb49a5","name":"Eduardo Vargas","image":{"@type":"ImageObject","inLanguage":"pt-BR","@id":"https:\/\/www.suno.com.br\/noticias\/#\/schema\/person\/image\/","url":"https:\/\/secure.gravatar.com\/avatar\/dac340933427a22924c9f99d1eb2e3f2?s=96&r=g","contentUrl":"https:\/\/secure.gravatar.com\/avatar\/dac340933427a22924c9f99d1eb2e3f2?s=96&r=g","caption":"Eduardo Vargas"},"description":"Jornalista formado pela UFSC, cobre macroeconomia, neg\u00f3cios e startups para o Suno Not\u00edcias, escrevendo principalmente not\u00edcias sobre o mercado financeiro e a bolsa de valores. No YouTube e no Instagram, \u00e9 respons\u00e1vel pela produ\u00e7\u00e3o de Reels e Shorts do Suno Not\u00edcias. Anteriormente, trabalhou cobrindo economia e cotidiano no ND+ e para o ND, maior jornal impresso de Santa Catarina. Cursou um semestre letivo de Estudos de M\u00eddia na Universidad de Buenos Aires.","url":"https:\/\/www.suno.com.br\/noticias\/author\/eduardo-vargas\/"}]}},"default_loop_html":"<div class=\"cardsPage__listCard__boxs\"><div class=\"cardsPage__listCard__boxs__img\"><a href=\"https:\/\/www.suno.com.br\/noticias\/xp-acusa-acqua-vero-quebra-contrato-multa-134mi\/\"><img class=\"mask\" src=\"https:\/\/www.suno.com.br\/noticias\/wp-content\/themes\/suno\/resources\/images\/spotlight\/spotlight1img\/bg-mask.png\" alt=\"Image Mask\"\/><img src=\"https:\/\/files.sunoresearch.com.br\/n\/uploads\/2019\/12\/af325117-xp-investimentos-400x200.webp\" alt=\"XP acusa Acqua-Vero de quebra de contrato e pede multa de R$ 134mi\"\/><\/a><span class=\"spotlightCategory\"><a href=\"https:\/\/www.suno.com.br\/noticias\/negocios\/\">Neg\u00f3cios<\/a><\/span><\/div><div class=\"cardsPage__listCard__boxs__content\"><a href=\"https:\/\/www.suno.com.br\/noticias\/xp-acusa-acqua-vero-quebra-contrato-multa-134mi\/\"><h2 class=\"content__title\">XP acusa Acqua-Vero de quebra de contrato e pede multa de R$ 134mi<\/h2><\/a><div class=\"newsContent__article__meta\"><div class=\"newsContent__article__meta__authorBox\"><a href=\"https:\/\/www.suno.com.br\/noticias\/author\/eduardo-vargas\/\" class=\"authorBox__avatar noMobi\"><img src=\"https:\/\/secure.gravatar.com\/avatar\/dac340933427a22924c9f99d1eb2e3f2?s=96&#038;r=g\" alt=\"Eduardo Vargas\"><\/a><div class=\"authorBox__name\"><span>por\n\t\t\t<a href=\"https:\/\/www.suno.com.br\/noticias\/author\/eduardo-vargas\/\"><span itemprop=\"author\">Eduardo Vargas<\/span><\/a><\/span><time datetime=\"2021-05-25T09:01:51-03:00\" itemprop=\"datePublished\">25\/05\/2021 09:01<\/time><\/div><\/div><\/div><\/div><\/div>","single_layout":"posts","amp_enabled":true,"_links":{"self":[{"href":"https:\/\/www.suno.com.br\/noticias\/wp-json\/wp\/v2\/posts\/150668"}],"collection":[{"href":"https:\/\/www.suno.com.br\/noticias\/wp-json\/wp\/v2\/posts"}],"about":[{"href":"https:\/\/www.suno.com.br\/noticias\/wp-json\/wp\/v2\/types\/post"}],"author":[{"embeddable":true,"href":"https:\/\/www.suno.com.br\/noticias\/wp-json\/wp\/v2\/users\/73"}],"replies":[{"embeddable":true,"href":"https:\/\/www.suno.com.br\/noticias\/wp-json\/wp\/v2\/comments?post=150668"}],"version-history":[{"count":3,"href":"https:\/\/www.suno.com.br\/noticias\/wp-json\/wp\/v2\/posts\/150668\/revisions"}],"predecessor-version":[{"id":150681,"href":"https:\/\/www.suno.com.br\/noticias\/wp-json\/wp\/v2\/posts\/150668\/revisions\/150681"}],"wp:featuredmedia":[{"embeddable":true,"href":"https:\/\/www.suno.com.br\/noticias\/wp-json\/wp\/v2\/media\/47427"}],"wp:attachment":[{"href":"https:\/\/www.suno.com.br\/noticias\/wp-json\/wp\/v2\/media?parent=150668"}],"wp:term":[{"taxonomy":"category","embeddable":true,"href":"https:\/\/www.suno.com.br\/noticias\/wp-json\/wp\/v2\/categories?post=150668"},{"taxonomy":"post_tag","embeddable":true,"href":"https:\/\/www.suno.com.br\/noticias\/wp-json\/wp\/v2\/tags?post=150668"},{"taxonomy":"suno_strategy","embeddable":true,"href":"https:\/\/www.suno.com.br\/noticias\/wp-json\/wp\/v2\/suno_strategy?post=150668"}],"curies":[{"name":"wp","href":"https:\/\/api.w.org\/{rel}","templated":true}]}}