{"id":15064,"date":"2019-02-12T19:15:20","date_gmt":"2019-02-12T21:15:20","guid":{"rendered":"https:\/\/www.suno.com.br\/noticias\/?p=15064"},"modified":"2021-02-18T17:53:57","modified_gmt":"2021-02-18T20:53:57","slug":"prazo-acordo-comercial-prorrogado-trump","status":"publish","type":"post","link":"https:\/\/www.suno.com.br\/noticias\/prazo-acordo-comercial-prorrogado-trump\/","title":{"rendered":"Prazo para fechar acordo comercial pode ser prorrogado, diz Trump"},"content":{"rendered":"<p>O presidente dos Estados Unidos, Donald Trump, afirmou nesta ter\u00e7a-feira (12), que pode prorrogar o prazo de 1\u00ba de mar\u00e7o para fechar um acordo comercial com a China.<\/p>\t<div class=\"wrapper-featured-image\">\n\t\t<figure class=\"spotlightImg\">\n\n\t\t\t<picture>\n\t\t\t\t<source media=\"(max-width: 768px)\" srcset=\"https:\/\/files.sunoresearch.com.br\/n\/uploads\/2019\/02\/3a7fd482-acordo-comercial-400x200.webp\">\n\t\t\t\t<img loading=\"lazy\" decoding=\"async\" class=\"newsContent__article__imgCapa lazyloadDisabled newsContent__article__imgCapa--noCaption\" src=\"https:\/\/files.sunoresearch.com.br\/n\/uploads\/2019\/02\/3a7fd482-acordo-comercial-800x450.webp\" width=\"800\" height=\"450\" alt=\"Prazo para fechar acordo comercial pode ser prorrogado, diz Trump\" fetchpriority=high \/>\n\t\t\t<\/picture>\n\n\t\t\t<figcaption class=\"wp-caption-text wp-caption-text--hide\">Donald Trump: Pelosi indica deputados para seguir com impeachment<\/figcaption>\n\t\t<\/figure>\n\t<\/div>\n\n\n<p>No entanto, <strong>Trump<\/strong> afirmou que preferia n\u00e3o fazer isso. Al\u00e9m disso, disse que espera se reunir em algum momento com o presidente da <strong>China<\/strong>, <strong>Xi Jinping<\/strong>, para realizar o <strong>acordo comercial<\/strong>.<\/p>\n<h2>Autoridades norte-americanas na China<\/h2>\n<p>Autoridades dos <strong>Estados Unidos<\/strong> chegaram a <strong>Pequim<\/strong> nesta ter\u00e7a-feira (12). Dessa forma, as autoridades ir\u00e3o se reunir com o vice-primeiro-ministro chin\u00eas, <strong>Liu He<\/strong>, para as negocia\u00e7\u00f5es de alto n\u00edvel.<\/p>\n<p><a href=\"https:\/\/www.suno.com.br\/noticias\/eua-china-negociacoes-guerra-comercial\/\">Saiba mais: Representante comercial dos EUA chega \u00e0 China para negocia\u00e7\u00f5es<\/a><\/p>\n<p>O objetivo das duas <strong>pot\u00eancias econ\u00f4micas<\/strong> \u00e9 fechar um acordo que de fim a guerra comercial antes do prazo de 1\u00ba de mar\u00e7o, evitando o aumento das tarifas.<\/p>\n<div class=\"mc-column content-text active-extra-styles active-capital-letter\" data-block-type=\"unstyled\" data-block-weight=\"54\" data-block-id=\"1\">\n<p class=\"content-text__container theme-color-primary-first-letter\" data-track-category=\"Link no Texto\" data-track-links=\"\">De acordo com Trump, caso as <strong>negocia\u00e7\u00f5es<\/strong> avancem e cheguem perto de um acordo completo, pode ser que o<strong> prazo seja prorrogado<\/strong>.<\/p>\n<p data-track-category=\"Link no Texto\" data-track-links=\"\">&#8220;Estamos indo muito bem l\u00e1 na China&#8221;, afirmou o presidente aos rep\u00f3rteres.<\/p>\n<h2 data-track-category=\"Link no Texto\">Entenda a guerra comercial<\/h2>\n<p>Ainda em 2015, a China lan\u00e7ou o programa &#8220;Made in China 2025&#8221;, que tinha como objetivo fazer do pa\u00eds um l\u00edder mundial em setores, como:<\/p>\n<ul>\n<li>aeron\u00e1utica;<\/li>\n<li>rob\u00f3tica;<\/li>\n<li>telecomunica\u00e7\u00f5es;<\/li>\n<li>intelig\u00eancia artificial<\/li>\n<li>e ve\u00edculos de energia limpa.<\/li>\n<\/ul>\n<p>Alinhado ao pensamento chin\u00eas, o presidente dos Estados Unidos, <strong>Donald Trump<\/strong>, pareceu favor\u00e1vel ao progresso da <strong>China<\/strong> em alguns momentos. No entanto, n\u00e3o era favor\u00e1vel as perdas das empresas norte-americanas.<\/p>\n<p>Dessa forma, os EUA pedem o fim de pr\u00e1ticas comerciais que julga &#8220;injustas&#8221;, como:<\/p>\n<ul>\n<li>a transfer\u00eancia de tecnologia imposta a empresas estrangeiras na China;<\/li>\n<li>o roubo de propriedade intelectual dos EUA;<\/li>\n<li>e os subs\u00eddios concedidos a empresas estatais chinesas.<\/li>\n<\/ul>\n<p>Para for\u00e7ar Pequim a corrigir as tais &#8220;injusti\u00e7as&#8221;, Washington imp\u00f4s novas tarifas de US$ 250 bilh\u00f5es em produtos chineses.<\/p>\n<p><a href=\"https:\/\/www.suno.com.br\/noticias\/china-negocia-oposicao-venezuelana-dividas-petroleo\/\">Saiba mais: China negocia com oposi\u00e7\u00e3o da Venezuela sobre d\u00edvidas e petr\u00f3leo<\/a><\/p>\n<p>Al\u00e9m disso, amea\u00e7a aumentar as <strong>tarifas<\/strong> sobre US$ 200 bilh\u00f5es de importa\u00e7\u00f5es chinesas, de 10% a 25%. Em contrapartida, a China\u00a0aplicou\u00a0tarifas adicionais a US$ 110 bilh\u00f5es em <strong>produtos<\/strong> norte-americanos.<\/p>\n<p>Inicialmente, os <strong>EUA<\/strong> e a <strong>China<\/strong> deram uma tr\u00e9gua de 90 dias na sua guerra comercial. Dessa forma, os pa\u00edses buscam um <strong>acordo comercial<\/strong> para que n\u00e3o haja <strong>aumento de tarifas<\/strong> de ambas partes. O prazo acaba em 1\u00ba de mar\u00e7o.<\/p>\n<\/div>\n","protected":false},"excerpt":{"rendered":"<p>O presidente dos Estados Unidos, Donald Trump, afirmou nesta ter\u00e7a-feira (12), que pode prorrogar o prazo de 1\u00ba de mar\u00e7o para fechar um acordo comercial com a China. Donald Trump: Pelosi indica deputados para seguir com impeachment No entanto, Trump afirmou que preferia n\u00e3o fazer isso. Al\u00e9m disso, disse que espera se reunir em algum [&hellip;]<\/p>\n","protected":false},"author":11,"featured_media":15071,"comment_status":"closed","ping_status":"closed","sticky":false,"template":"","format":"standard","meta":[],"categories":[63],"tags":[711,793,980],"suno_strategy":[],"class_list":["post-15064","post","type-post","status-publish","format-standard","has-post-thumbnail","hentry","category-internacional","tag-china","tag-estados-unidos-eua","tag-guerra-comercial"],"yoast_head":"<!-- This site is optimized with the Yoast SEO plugin v24.4 - https:\/\/yoast.com\/wordpress\/plugins\/seo\/ -->\n<title>Prazo para fechar acordo comercial pode ser prorrogado, diz Trump<\/title>\n<meta name=\"description\" content=\"Autoridades dos EUA est\u00e3o na China para negociar acordo comercial; Tr\u00e9gua tarif\u00e1ria de 90 dias acaba em mar\u00e7o. Clique para saber mais.\" \/>\n<meta name=\"robots\" content=\"index, follow, max-snippet:-1, max-image-preview:large, max-video-preview:-1\" \/>\n<link rel=\"canonical\" href=\"https:\/\/www.suno.com.br\/noticias\/prazo-acordo-comercial-prorrogado-trump\/\" \/>\n<meta property=\"og:locale\" content=\"pt_BR\" \/>\n<meta property=\"og:type\" content=\"article\" \/>\n<meta property=\"og:title\" content=\"Prazo para fechar acordo comercial pode ser prorrogado, diz Trump\" \/>\n<meta property=\"og:description\" content=\"Autoridades dos EUA est\u00e3o na China para negociar acordo comercial; Tr\u00e9gua tarif\u00e1ria de 90 dias acaba em mar\u00e7o. Clique para saber mais.\" \/>\n<meta property=\"og:url\" content=\"https:\/\/www.suno.com.br\/noticias\/prazo-acordo-comercial-prorrogado-trump\/\" \/>\n<meta property=\"og:site_name\" content=\"Suno Not\u00edcias\" \/>\n<meta property=\"article:publisher\" content=\"https:\/\/facebook.com\/sunoresearch\" \/>\n<meta property=\"og:image\" content=\"https:\/\/files.sunoresearch.com.br\/n\/uploads\/2019\/02\/3a7fd482-acordo-comercial.jpg\" \/>\n\t<meta property=\"og:image:width\" content=\"1000\" \/>\n\t<meta property=\"og:image:height\" content=\"541\" \/>\n\t<meta property=\"og:image:type\" content=\"image\/jpeg\" \/>\n<meta name=\"author\" content=\"Renan Bandeira\" \/>\n<meta name=\"twitter:card\" content=\"summary_large_image\" \/>\n<meta name=\"twitter:creator\" content=\"@sunoresearch\" \/>\n<meta name=\"twitter:site\" content=\"@sunoresearch\" \/>\n<meta name=\"twitter:label1\" content=\"Escrito por\" \/>\n\t<meta name=\"twitter:data1\" content=\"Renan Bandeira\" \/>\n\t<meta name=\"twitter:label2\" content=\"Est. tempo de leitura\" \/>\n\t<meta name=\"twitter:data2\" content=\"2 minutos\" \/>\n<script type=\"application\/ld+json\" class=\"yoast-schema-graph\">{\"@context\":\"https:\/\/schema.org\",\"@graph\":[{\"@type\":\"NewsArticle\",\"@id\":\"https:\/\/www.suno.com.br\/noticias\/prazo-acordo-comercial-prorrogado-trump\/#article\",\"isPartOf\":{\"@id\":\"https:\/\/www.suno.com.br\/noticias\/prazo-acordo-comercial-prorrogado-trump\/\"},\"author\":{\"name\":\"Renan Bandeira\",\"@id\":\"https:\/\/www.suno.com.br\/noticias\/#\/schema\/person\/fc144a1c6108bd1dcd43784e88a3c138\"},\"headline\":\"Prazo para fechar acordo comercial pode ser prorrogado, diz Trump\",\"datePublished\":\"2019-02-12T21:15:20+00:00\",\"dateModified\":\"2021-02-18T20:53:57+00:00\",\"mainEntityOfPage\":{\"@id\":\"https:\/\/www.suno.com.br\/noticias\/prazo-acordo-comercial-prorrogado-trump\/\"},\"wordCount\":417,\"publisher\":{\"@id\":\"https:\/\/www.suno.com.br\/noticias\/#organization\"},\"image\":{\"@id\":\"https:\/\/www.suno.com.br\/noticias\/prazo-acordo-comercial-prorrogado-trump\/#primaryimage\"},\"thumbnailUrl\":\"https:\/\/files.sunoresearch.com.br\/n\/uploads\/2019\/02\/3a7fd482-acordo-comercial-jpg.webp\",\"keywords\":[\"China\",\"Estados Unidos (EUA)\",\"guerra comercial\"],\"articleSection\":[\"Internacional\"],\"inLanguage\":\"pt-BR\"},{\"@type\":\"WebPage\",\"@id\":\"https:\/\/www.suno.com.br\/noticias\/prazo-acordo-comercial-prorrogado-trump\/\",\"url\":\"https:\/\/www.suno.com.br\/noticias\/prazo-acordo-comercial-prorrogado-trump\/\",\"name\":\"Prazo para fechar acordo comercial pode ser prorrogado, diz Trump\",\"isPartOf\":{\"@id\":\"https:\/\/www.suno.com.br\/noticias\/#website\"},\"primaryImageOfPage\":{\"@id\":\"https:\/\/www.suno.com.br\/noticias\/prazo-acordo-comercial-prorrogado-trump\/#primaryimage\"},\"image\":{\"@id\":\"https:\/\/www.suno.com.br\/noticias\/prazo-acordo-comercial-prorrogado-trump\/#primaryimage\"},\"thumbnailUrl\":\"https:\/\/files.sunoresearch.com.br\/n\/uploads\/2019\/02\/3a7fd482-acordo-comercial-jpg.webp\",\"datePublished\":\"2019-02-12T21:15:20+00:00\",\"dateModified\":\"2021-02-18T20:53:57+00:00\",\"description\":\"Autoridades dos EUA est\u00e3o na China para negociar acordo comercial; Tr\u00e9gua tarif\u00e1ria de 90 dias acaba em mar\u00e7o. Clique para saber mais.\",\"breadcrumb\":{\"@id\":\"https:\/\/www.suno.com.br\/noticias\/prazo-acordo-comercial-prorrogado-trump\/#breadcrumb\"},\"inLanguage\":\"pt-BR\",\"potentialAction\":[{\"@type\":\"ReadAction\",\"target\":[\"https:\/\/www.suno.com.br\/noticias\/prazo-acordo-comercial-prorrogado-trump\/\"]}]},{\"@type\":\"ImageObject\",\"inLanguage\":\"pt-BR\",\"@id\":\"https:\/\/www.suno.com.br\/noticias\/prazo-acordo-comercial-prorrogado-trump\/#primaryimage\",\"url\":\"https:\/\/files.sunoresearch.com.br\/n\/uploads\/2019\/02\/3a7fd482-acordo-comercial-jpg.webp\",\"contentUrl\":\"https:\/\/files.sunoresearch.com.br\/n\/uploads\/2019\/02\/3a7fd482-acordo-comercial-jpg.webp\",\"width\":1000,\"height\":541,\"caption\":\"Donald Trump: Pelosi indica deputados para seguir com impeachment\"},{\"@type\":\"BreadcrumbList\",\"@id\":\"https:\/\/www.suno.com.br\/noticias\/prazo-acordo-comercial-prorrogado-trump\/#breadcrumb\",\"itemListElement\":[{\"@type\":\"ListItem\",\"position\":1,\"name\":\"Not\u00edcias\",\"item\":\"https:\/\/www.suno.com.br\/noticias\/\"},{\"@type\":\"ListItem\",\"position\":2,\"name\":\"Internacional\",\"item\":\"https:\/\/www.suno.com.br\/noticias\/internacional\/\"},{\"@type\":\"ListItem\",\"position\":3,\"name\":\"Prazo para fechar acordo comercial pode ser prorrogado, diz Trump\"}]},{\"@type\":\"WebSite\",\"@id\":\"https:\/\/www.suno.com.br\/noticias\/#website\",\"url\":\"https:\/\/www.suno.com.br\/noticias\/\",\"name\":\"Suno Not\u00edcias\",\"description\":\"Seu portal de informa\u00e7\u00e3o sobre o mundo dos investimentos\",\"publisher\":{\"@id\":\"https:\/\/www.suno.com.br\/noticias\/#organization\"},\"potentialAction\":[{\"@type\":\"SearchAction\",\"target\":{\"@type\":\"EntryPoint\",\"urlTemplate\":\"https:\/\/www.suno.com.br\/noticias\/?s={search_term_string}\"},\"query-input\":{\"@type\":\"PropertyValueSpecification\",\"valueRequired\":true,\"valueName\":\"search_term_string\"}}],\"inLanguage\":\"pt-BR\"},{\"@type\":\"Organization\",\"@id\":\"https:\/\/www.suno.com.br\/noticias\/#organization\",\"name\":\"Suno Not\u00edcias\",\"url\":\"https:\/\/www.suno.com.br\/noticias\/\",\"logo\":{\"@type\":\"ImageObject\",\"inLanguage\":\"pt-BR\",\"@id\":\"https:\/\/www.suno.com.br\/noticias\/#\/schema\/logo\/image\/\",\"url\":\"https:\/\/files.sunoresearch.com.br\/n\/uploads\/2021\/09\/suno-logo.png\",\"contentUrl\":\"https:\/\/files.sunoresearch.com.br\/n\/uploads\/2021\/09\/suno-logo.png\",\"width\":180,\"height\":180,\"caption\":\"Suno Not\u00edcias\"},\"image\":{\"@id\":\"https:\/\/www.suno.com.br\/noticias\/#\/schema\/logo\/image\/\"},\"sameAs\":[\"https:\/\/facebook.com\/sunoresearch\",\"https:\/\/x.com\/sunoresearch\",\"https:\/\/www.instagram.com\/suno\",\"https:\/\/www.linkedin.com\/company\/suno-research\/\",\"https:\/\/www.youtube.com\/c\/sunoresearch\"]},{\"@type\":\"Person\",\"@id\":\"https:\/\/www.suno.com.br\/noticias\/#\/schema\/person\/fc144a1c6108bd1dcd43784e88a3c138\",\"name\":\"Renan Bandeira\",\"image\":{\"@type\":\"ImageObject\",\"inLanguage\":\"pt-BR\",\"@id\":\"https:\/\/www.suno.com.br\/noticias\/#\/schema\/person\/image\/\",\"url\":\"https:\/\/secure.gravatar.com\/avatar\/68359cdb608f14f11bbefcb78f3fc747?s=96&r=g\",\"contentUrl\":\"https:\/\/secure.gravatar.com\/avatar\/68359cdb608f14f11bbefcb78f3fc747?s=96&r=g\",\"caption\":\"Renan Bandeira\"},\"description\":\"Renan Bandeira escreve sobre pol\u00edtica e economia para o portal da Suno Research. Antes da Suno, trabalhou em uma rede de televis\u00e3o, onde fazia reportagens sobre os mesmos temas. Estuda na Universidade Metodista de S\u00e3o Paulo.\",\"url\":\"https:\/\/www.suno.com.br\/noticias\/author\/renan-bandeira\/\"}]}<\/script>\n<!-- \/ Yoast SEO plugin. -->","yoast_head_json":{"title":"Prazo para fechar acordo comercial pode ser prorrogado, diz Trump","description":"Autoridades dos EUA est\u00e3o na China para negociar acordo comercial; Tr\u00e9gua tarif\u00e1ria de 90 dias acaba em mar\u00e7o. Clique para saber mais.","robots":{"index":"index","follow":"follow","max-snippet":"max-snippet:-1","max-image-preview":"max-image-preview:large","max-video-preview":"max-video-preview:-1"},"canonical":"https:\/\/www.suno.com.br\/noticias\/prazo-acordo-comercial-prorrogado-trump\/","og_locale":"pt_BR","og_type":"article","og_title":"Prazo para fechar acordo comercial pode ser prorrogado, diz Trump","og_description":"Autoridades dos EUA est\u00e3o na China para negociar acordo comercial; Tr\u00e9gua tarif\u00e1ria de 90 dias acaba em mar\u00e7o. Clique para saber mais.","og_url":"https:\/\/www.suno.com.br\/noticias\/prazo-acordo-comercial-prorrogado-trump\/","og_site_name":"Suno Not\u00edcias","article_publisher":"https:\/\/facebook.com\/sunoresearch","og_image":[{"width":1000,"height":541,"url":"https:\/\/files.sunoresearch.com.br\/n\/uploads\/2019\/02\/3a7fd482-acordo-comercial.jpg","type":"image\/jpeg"}],"author":"Renan Bandeira","twitter_card":"summary_large_image","twitter_creator":"@sunoresearch","twitter_site":"@sunoresearch","twitter_misc":{"Escrito por":"Renan Bandeira","Est. tempo de leitura":"2 minutos"},"schema":{"@context":"https:\/\/schema.org","@graph":[{"@type":"NewsArticle","@id":"https:\/\/www.suno.com.br\/noticias\/prazo-acordo-comercial-prorrogado-trump\/#article","isPartOf":{"@id":"https:\/\/www.suno.com.br\/noticias\/prazo-acordo-comercial-prorrogado-trump\/"},"author":{"name":"Renan Bandeira","@id":"https:\/\/www.suno.com.br\/noticias\/#\/schema\/person\/fc144a1c6108bd1dcd43784e88a3c138"},"headline":"Prazo para fechar acordo comercial pode ser prorrogado, diz Trump","datePublished":"2019-02-12T21:15:20+00:00","dateModified":"2021-02-18T20:53:57+00:00","mainEntityOfPage":{"@id":"https:\/\/www.suno.com.br\/noticias\/prazo-acordo-comercial-prorrogado-trump\/"},"wordCount":417,"publisher":{"@id":"https:\/\/www.suno.com.br\/noticias\/#organization"},"image":{"@id":"https:\/\/www.suno.com.br\/noticias\/prazo-acordo-comercial-prorrogado-trump\/#primaryimage"},"thumbnailUrl":"https:\/\/files.sunoresearch.com.br\/n\/uploads\/2019\/02\/3a7fd482-acordo-comercial-jpg.webp","keywords":["China","Estados Unidos (EUA)","guerra comercial"],"articleSection":["Internacional"],"inLanguage":"pt-BR"},{"@type":"WebPage","@id":"https:\/\/www.suno.com.br\/noticias\/prazo-acordo-comercial-prorrogado-trump\/","url":"https:\/\/www.suno.com.br\/noticias\/prazo-acordo-comercial-prorrogado-trump\/","name":"Prazo para fechar acordo comercial pode ser prorrogado, diz Trump","isPartOf":{"@id":"https:\/\/www.suno.com.br\/noticias\/#website"},"primaryImageOfPage":{"@id":"https:\/\/www.suno.com.br\/noticias\/prazo-acordo-comercial-prorrogado-trump\/#primaryimage"},"image":{"@id":"https:\/\/www.suno.com.br\/noticias\/prazo-acordo-comercial-prorrogado-trump\/#primaryimage"},"thumbnailUrl":"https:\/\/files.sunoresearch.com.br\/n\/uploads\/2019\/02\/3a7fd482-acordo-comercial-jpg.webp","datePublished":"2019-02-12T21:15:20+00:00","dateModified":"2021-02-18T20:53:57+00:00","description":"Autoridades dos EUA est\u00e3o na China para negociar acordo comercial; Tr\u00e9gua tarif\u00e1ria de 90 dias acaba em mar\u00e7o. Clique para saber mais.","breadcrumb":{"@id":"https:\/\/www.suno.com.br\/noticias\/prazo-acordo-comercial-prorrogado-trump\/#breadcrumb"},"inLanguage":"pt-BR","potentialAction":[{"@type":"ReadAction","target":["https:\/\/www.suno.com.br\/noticias\/prazo-acordo-comercial-prorrogado-trump\/"]}]},{"@type":"ImageObject","inLanguage":"pt-BR","@id":"https:\/\/www.suno.com.br\/noticias\/prazo-acordo-comercial-prorrogado-trump\/#primaryimage","url":"https:\/\/files.sunoresearch.com.br\/n\/uploads\/2019\/02\/3a7fd482-acordo-comercial-jpg.webp","contentUrl":"https:\/\/files.sunoresearch.com.br\/n\/uploads\/2019\/02\/3a7fd482-acordo-comercial-jpg.webp","width":1000,"height":541,"caption":"Donald Trump: Pelosi indica deputados para seguir com impeachment"},{"@type":"BreadcrumbList","@id":"https:\/\/www.suno.com.br\/noticias\/prazo-acordo-comercial-prorrogado-trump\/#breadcrumb","itemListElement":[{"@type":"ListItem","position":1,"name":"Not\u00edcias","item":"https:\/\/www.suno.com.br\/noticias\/"},{"@type":"ListItem","position":2,"name":"Internacional","item":"https:\/\/www.suno.com.br\/noticias\/internacional\/"},{"@type":"ListItem","position":3,"name":"Prazo para fechar acordo comercial pode ser prorrogado, diz Trump"}]},{"@type":"WebSite","@id":"https:\/\/www.suno.com.br\/noticias\/#website","url":"https:\/\/www.suno.com.br\/noticias\/","name":"Suno Not\u00edcias","description":"Seu portal de informa\u00e7\u00e3o sobre o mundo dos investimentos","publisher":{"@id":"https:\/\/www.suno.com.br\/noticias\/#organization"},"potentialAction":[{"@type":"SearchAction","target":{"@type":"EntryPoint","urlTemplate":"https:\/\/www.suno.com.br\/noticias\/?s={search_term_string}"},"query-input":{"@type":"PropertyValueSpecification","valueRequired":true,"valueName":"search_term_string"}}],"inLanguage":"pt-BR"},{"@type":"Organization","@id":"https:\/\/www.suno.com.br\/noticias\/#organization","name":"Suno Not\u00edcias","url":"https:\/\/www.suno.com.br\/noticias\/","logo":{"@type":"ImageObject","inLanguage":"pt-BR","@id":"https:\/\/www.suno.com.br\/noticias\/#\/schema\/logo\/image\/","url":"https:\/\/files.sunoresearch.com.br\/n\/uploads\/2021\/09\/suno-logo.png","contentUrl":"https:\/\/files.sunoresearch.com.br\/n\/uploads\/2021\/09\/suno-logo.png","width":180,"height":180,"caption":"Suno Not\u00edcias"},"image":{"@id":"https:\/\/www.suno.com.br\/noticias\/#\/schema\/logo\/image\/"},"sameAs":["https:\/\/facebook.com\/sunoresearch","https:\/\/x.com\/sunoresearch","https:\/\/www.instagram.com\/suno","https:\/\/www.linkedin.com\/company\/suno-research\/","https:\/\/www.youtube.com\/c\/sunoresearch"]},{"@type":"Person","@id":"https:\/\/www.suno.com.br\/noticias\/#\/schema\/person\/fc144a1c6108bd1dcd43784e88a3c138","name":"Renan Bandeira","image":{"@type":"ImageObject","inLanguage":"pt-BR","@id":"https:\/\/www.suno.com.br\/noticias\/#\/schema\/person\/image\/","url":"https:\/\/secure.gravatar.com\/avatar\/68359cdb608f14f11bbefcb78f3fc747?s=96&r=g","contentUrl":"https:\/\/secure.gravatar.com\/avatar\/68359cdb608f14f11bbefcb78f3fc747?s=96&r=g","caption":"Renan Bandeira"},"description":"Renan Bandeira escreve sobre pol\u00edtica e economia para o portal da Suno Research. Antes da Suno, trabalhou em uma rede de televis\u00e3o, onde fazia reportagens sobre os mesmos temas. Estuda na Universidade Metodista de S\u00e3o Paulo.","url":"https:\/\/www.suno.com.br\/noticias\/author\/renan-bandeira\/"}]}},"default_loop_html":"<div class=\"cardsPage__listCard__boxs\"><div class=\"cardsPage__listCard__boxs__img\"><a href=\"https:\/\/www.suno.com.br\/noticias\/prazo-acordo-comercial-prorrogado-trump\/\"><img class=\"mask\" src=\"https:\/\/www.suno.com.br\/noticias\/wp-content\/themes\/suno\/resources\/images\/spotlight\/spotlight1img\/bg-mask.png\" alt=\"Image Mask\"\/><img src=\"https:\/\/files.sunoresearch.com.br\/n\/uploads\/2019\/02\/3a7fd482-acordo-comercial-400x200.webp\" alt=\"Prazo para fechar acordo comercial pode ser prorrogado, diz Trump\"\/><\/a><span class=\"spotlightCategory\"><a href=\"https:\/\/www.suno.com.br\/noticias\/internacional\/\">Internacional<\/a><\/span><\/div><div class=\"cardsPage__listCard__boxs__content\"><a href=\"https:\/\/www.suno.com.br\/noticias\/prazo-acordo-comercial-prorrogado-trump\/\"><h2 class=\"content__title\">Prazo para fechar acordo comercial pode ser prorrogado, diz Trump<\/h2><\/a><div class=\"newsContent__article__meta\"><div class=\"newsContent__article__meta__authorBox\"><a href=\"https:\/\/www.suno.com.br\/noticias\/author\/renan-bandeira\/\" class=\"authorBox__avatar noMobi\"><img src=\"https:\/\/secure.gravatar.com\/avatar\/68359cdb608f14f11bbefcb78f3fc747?s=96&#038;r=g\" alt=\"Renan Bandeira\"><\/a><div class=\"authorBox__name\"><span>por\n\t\t\t<a href=\"https:\/\/www.suno.com.br\/noticias\/author\/renan-bandeira\/\"><span itemprop=\"author\">Renan Bandeira<\/span><\/a><\/span><time datetime=\"2019-02-12T19:15:20-02:00\" itemprop=\"datePublished\">12\/02\/2019 19:15<\/time><\/div><\/div><\/div><\/div><\/div>","single_layout":"posts","amp_enabled":true,"_links":{"self":[{"href":"https:\/\/www.suno.com.br\/noticias\/wp-json\/wp\/v2\/posts\/15064"}],"collection":[{"href":"https:\/\/www.suno.com.br\/noticias\/wp-json\/wp\/v2\/posts"}],"about":[{"href":"https:\/\/www.suno.com.br\/noticias\/wp-json\/wp\/v2\/types\/post"}],"author":[{"embeddable":true,"href":"https:\/\/www.suno.com.br\/noticias\/wp-json\/wp\/v2\/users\/11"}],"replies":[{"embeddable":true,"href":"https:\/\/www.suno.com.br\/noticias\/wp-json\/wp\/v2\/comments?post=15064"}],"version-history":[{"count":0,"href":"https:\/\/www.suno.com.br\/noticias\/wp-json\/wp\/v2\/posts\/15064\/revisions"}],"wp:featuredmedia":[{"embeddable":true,"href":"https:\/\/www.suno.com.br\/noticias\/wp-json\/wp\/v2\/media\/15071"}],"wp:attachment":[{"href":"https:\/\/www.suno.com.br\/noticias\/wp-json\/wp\/v2\/media?parent=15064"}],"wp:term":[{"taxonomy":"category","embeddable":true,"href":"https:\/\/www.suno.com.br\/noticias\/wp-json\/wp\/v2\/categories?post=15064"},{"taxonomy":"post_tag","embeddable":true,"href":"https:\/\/www.suno.com.br\/noticias\/wp-json\/wp\/v2\/tags?post=15064"},{"taxonomy":"suno_strategy","embeddable":true,"href":"https:\/\/www.suno.com.br\/noticias\/wp-json\/wp\/v2\/suno_strategy?post=15064"}],"curies":[{"name":"wp","href":"https:\/\/api.w.org\/{rel}","templated":true}]}}