{"id":15061,"date":"2019-02-12T18:53:44","date_gmt":"2019-02-12T20:53:44","guid":{"rendered":"https:\/\/www.suno.com.br\/noticias\/?p=15061"},"modified":"2019-02-12T18:53:44","modified_gmt":"2019-02-12T20:53:44","slug":"temporal-rio-76-prejuizo-comerciantes","status":"publish","type":"post","link":"https:\/\/www.suno.com.br\/noticias\/temporal-rio-76-prejuizo-comerciantes\/","title":{"rendered":"Temporal que atingiu o Rio causa R$ 76 mi de preju\u00edzo a comerciantes"},"content":{"rendered":"<p>Al\u00e9m dos sete mortos e quase 200 \u00e1rvores destru\u00eddas, o temporal que atingiu a <a href=\"http:\/\/www.rio.rj.gov.br\/\">cidade do Rio de Janeiro<\/a> em 6 de fevereiro deixou estragos milion\u00e1rios. Os comerciantes dos bairros mais afetados pelas chuvas tiveram um preju\u00edzo de R$ 76,6 milh\u00f5es, segundo o Centro de Opera\u00e7\u00f5es da Prefeitura do Rio.<\/p>\t<div class=\"wrapper-featured-image\">\n\t\t<figure class=\"spotlightImg\">\n\n\t\t\t<picture>\n\t\t\t\t<source media=\"(max-width: 768px)\" srcset=\"https:\/\/files.sunoresearch.com.br\/n\/uploads\/2019\/02\/582c12d7-temporal-no-rio-de-janeiro-400x200.webp\">\n\t\t\t\t<img loading=\"lazy\" decoding=\"async\" class=\"newsContent__article__imgCapa lazyloadDisabled newsContent__article__imgCapa--noCaption\" src=\"https:\/\/files.sunoresearch.com.br\/n\/uploads\/2019\/02\/582c12d7-temporal-no-rio-de-janeiro-800x450.webp\" width=\"800\" height=\"450\" alt=\"Temporal que atingiu o Rio causa R$ 76 mi de preju\u00edzo a comerciantes\" fetchpriority=high \/>\n\t\t\t<\/picture>\n\n\t\t\t<figcaption class=\"wp-caption-text wp-caption-text--hide\">Temporal no Rio de Janeiro<\/figcaption>\n\t\t<\/figure>\n\t<\/div>\n\n\n<p><a href=\"https:\/\/www.suno.com.br\/noticias\/energia-eolica-matriz-energetica-brasil\/\">Saiba mais: Energia e\u00f3lica chega a 8% de toda a matriz energ\u00e9tica do Brasil<\/a><\/p>\n<p>Quase dois ter\u00e7os (65%) dos estabelecimentos comerciais do <strong>Rio<\/strong> sofreram com a <strong>tempestade<\/strong>. O dado \u00e9 da pesquisa feita pela <strong>Federa\u00e7\u00e3o do Com\u00e9rcio de Bens, Servi\u00e7os e Turismo do Estado do Rio de Janeiro (Fecomercio-RJ)<\/strong>. O levantamento consultou 273 <strong>comerciantes<\/strong> nos bairros que registraram os <strong>\u00edndices pluviom\u00e9tricos<\/strong> mais altos, de acordo com medi\u00e7\u00e3o do <strong>Sistema Alerta Rio<\/strong>:<\/p>\n<ul>\n<li><strong>Rocinha<\/strong>, zona sul<\/li>\n<li><strong>Vidigal<\/strong>, zona sul<\/li>\n<li><strong>Barra\/Barrinha<\/strong>, zona oeste<\/li>\n<li><strong>Alto da Boa Vista<\/strong>, zona norte<\/li>\n<li><strong>Jardim Bot\u00e2nico<\/strong>, zona sul<\/li>\n<li><strong>Barra\/Riocentro<\/strong>, zona oeste<\/li>\n<li><strong>Grota Funda<\/strong>, zona oeste<\/li>\n<li><strong>Copacabana<\/strong>, zona sul<\/li>\n<li><strong>Recreio dos Bandeirantes<\/strong>, zona oeste<\/li>\n<li><strong>Guaratiba<\/strong>, zona oeste<\/li>\n<\/ul>\n<p><a href=\"https:\/\/www.suno.com.br\/noticias\/consumo-energia-novo-recorde-fevereiro\/\">Saiba mais: Consumo de energia el\u00e9trica deve bater novo recorde em fevereiro<\/a><\/p>\n<p>Entre os entrevistados, quase metade (46,5%) respondeu que vai levar at\u00e9 um m\u00eas para <strong>recuperar<\/strong> o <strong>preju\u00edzo.<\/strong> Outros 33,3% disseram que o tempo ser\u00e1 de um at\u00e9 tr\u00eas meses. A grande maioria (83,4%) dos <strong>estabelecimentos<\/strong> atingidos possui <a href=\"https:\/\/www.suno.com.br\/noticias\/metade-empresas-contratar-funcionarios\/\">at\u00e9 nove funcion\u00e1rios<\/a>.<\/p>\n<p>O <strong>alagamento<\/strong> resultante da chuva foi aferido em 23,2% estabelecimentos. A <strong>falta de energia el\u00e9trica<\/strong> atingiu 12,4% e em 24% dos locais houve <strong>danos<\/strong> \u00e0 estrutura f\u00edsica. Tamb\u00e9m 24% dos comerciantes disseram ter perdido <strong>mercadorias<\/strong> com o <strong>temporal.<\/strong><\/p>\n<p>Em quase um ter\u00e7o dos <strong>estabelecimentos<\/strong> (29,4%), funcion\u00e1rios n\u00e3o conseguiram chegar ao local de trabalho por causa da chuva. E 74,4% registraram <strong>perdas ou quedas no faturamento<\/strong> com a <strong>tempestade<\/strong> que atingiu a <a href=\"https:\/\/www.suno.com.br\/artigos\/bolsa-valores-rio-de-janeiro\/\"><strong>capital fluminense<\/strong><\/a>.<\/p>\n<p>Mal sa\u00edda da <strong>tempestade<\/strong> da \u00faltima semana, o <strong>Rio de Janeiro<\/strong> deve sofrer com a chegada de uma <strong>frente fria<\/strong> que pode trazer novas <strong>chuvas<\/strong> a partir desta ter\u00e7a (12). Os <strong>ventos<\/strong> devem atingir 90 km\/h, ante os 110 km\/h do dia 6.<\/p>\n","protected":false},"excerpt":{"rendered":"<p>Al\u00e9m dos sete mortos e quase 200 \u00e1rvores destru\u00eddas, o temporal que atingiu a cidade do Rio de Janeiro em 6 de fevereiro deixou estragos milion\u00e1rios. Os comerciantes dos bairros mais afetados pelas chuvas tiveram um preju\u00edzo de R$ 76,6 milh\u00f5es, segundo o Centro de Opera\u00e7\u00f5es da Prefeitura do Rio. Temporal no Rio de Janeiro [&hellip;]<\/p>\n","protected":false},"author":13,"featured_media":15065,"comment_status":"closed","ping_status":"closed","sticky":false,"template":"","format":"standard","meta":[],"categories":[62],"tags":[802],"suno_strategy":[],"class_list":["post-15061","post","type-post","status-publish","format-standard","has-post-thumbnail","hentry","category-economia","tag-rio-de-janeiro"],"yoast_head":"<!-- This site is optimized with the Yoast SEO plugin v24.4 - https:\/\/yoast.com\/wordpress\/plugins\/seo\/ -->\n<title>Temporal que atingiu o Rio causa R$ 76 mi de preju\u00edzo a comerciantes<\/title>\n<meta name=\"description\" content=\"Os comerciantes dos bairros mais afetados pelas chuvas no Rio de Janeiro tiveram preju\u00edzo de R$ 76,6 milh\u00f5es. Clique para saber mais.\" \/>\n<meta name=\"robots\" content=\"index, follow, max-snippet:-1, max-image-preview:large, max-video-preview:-1\" \/>\n<link rel=\"canonical\" href=\"https:\/\/www.suno.com.br\/noticias\/temporal-rio-76-prejuizo-comerciantes\/\" \/>\n<meta property=\"og:locale\" content=\"pt_BR\" \/>\n<meta property=\"og:type\" content=\"article\" \/>\n<meta property=\"og:title\" content=\"Temporal que atingiu o Rio causa R$ 76 mi de preju\u00edzo a comerciantes\" \/>\n<meta property=\"og:description\" content=\"Os comerciantes dos bairros mais afetados pelas chuvas no Rio de Janeiro tiveram preju\u00edzo de R$ 76,6 milh\u00f5es. Clique para saber mais.\" \/>\n<meta property=\"og:url\" content=\"https:\/\/www.suno.com.br\/noticias\/temporal-rio-76-prejuizo-comerciantes\/\" \/>\n<meta property=\"og:site_name\" content=\"Suno Not\u00edcias\" \/>\n<meta property=\"article:publisher\" content=\"https:\/\/facebook.com\/sunoresearch\" \/>\n<meta property=\"og:image\" content=\"https:\/\/files.sunoresearch.com.br\/n\/uploads\/2019\/02\/582c12d7-temporal-no-rio-de-janeiro.jpg\" \/>\n\t<meta property=\"og:image:width\" content=\"800\" \/>\n\t<meta property=\"og:image:height\" content=\"533\" \/>\n\t<meta property=\"og:image:type\" content=\"image\/jpeg\" \/>\n<meta name=\"author\" content=\"Guilherme Caetano\" \/>\n<meta name=\"twitter:card\" content=\"summary_large_image\" \/>\n<meta name=\"twitter:creator\" content=\"@sunoresearch\" \/>\n<meta name=\"twitter:site\" content=\"@sunoresearch\" \/>\n<meta name=\"twitter:label1\" content=\"Escrito por\" \/>\n\t<meta name=\"twitter:data1\" content=\"Guilherme Caetano\" \/>\n\t<meta name=\"twitter:label2\" content=\"Est. tempo de leitura\" \/>\n\t<meta name=\"twitter:data2\" content=\"2 minutos\" \/>\n<script type=\"application\/ld+json\" class=\"yoast-schema-graph\">{\"@context\":\"https:\/\/schema.org\",\"@graph\":[{\"@type\":\"NewsArticle\",\"@id\":\"https:\/\/www.suno.com.br\/noticias\/temporal-rio-76-prejuizo-comerciantes\/#article\",\"isPartOf\":{\"@id\":\"https:\/\/www.suno.com.br\/noticias\/temporal-rio-76-prejuizo-comerciantes\/\"},\"author\":{\"name\":\"Guilherme Caetano\",\"@id\":\"https:\/\/www.suno.com.br\/noticias\/#\/schema\/person\/0d0c9687cd2f600c564f25980c140de9\"},\"headline\":\"Temporal que atingiu o Rio causa R$ 76 mi de preju\u00edzo a comerciantes\",\"datePublished\":\"2019-02-12T20:53:44+00:00\",\"mainEntityOfPage\":{\"@id\":\"https:\/\/www.suno.com.br\/noticias\/temporal-rio-76-prejuizo-comerciantes\/\"},\"wordCount\":350,\"publisher\":{\"@id\":\"https:\/\/www.suno.com.br\/noticias\/#organization\"},\"image\":{\"@id\":\"https:\/\/www.suno.com.br\/noticias\/temporal-rio-76-prejuizo-comerciantes\/#primaryimage\"},\"thumbnailUrl\":\"https:\/\/files.sunoresearch.com.br\/n\/uploads\/2019\/02\/582c12d7-temporal-no-rio-de-janeiro-jpg.webp\",\"keywords\":[\"Rio de Janeiro\"],\"articleSection\":[\"Economia\"],\"inLanguage\":\"pt-BR\"},{\"@type\":\"WebPage\",\"@id\":\"https:\/\/www.suno.com.br\/noticias\/temporal-rio-76-prejuizo-comerciantes\/\",\"url\":\"https:\/\/www.suno.com.br\/noticias\/temporal-rio-76-prejuizo-comerciantes\/\",\"name\":\"Temporal que atingiu o Rio causa R$ 76 mi de preju\u00edzo a comerciantes\",\"isPartOf\":{\"@id\":\"https:\/\/www.suno.com.br\/noticias\/#website\"},\"primaryImageOfPage\":{\"@id\":\"https:\/\/www.suno.com.br\/noticias\/temporal-rio-76-prejuizo-comerciantes\/#primaryimage\"},\"image\":{\"@id\":\"https:\/\/www.suno.com.br\/noticias\/temporal-rio-76-prejuizo-comerciantes\/#primaryimage\"},\"thumbnailUrl\":\"https:\/\/files.sunoresearch.com.br\/n\/uploads\/2019\/02\/582c12d7-temporal-no-rio-de-janeiro-jpg.webp\",\"datePublished\":\"2019-02-12T20:53:44+00:00\",\"description\":\"Os comerciantes dos bairros mais afetados pelas chuvas no Rio de Janeiro tiveram preju\u00edzo de R$ 76,6 milh\u00f5es. Clique para saber mais.\",\"breadcrumb\":{\"@id\":\"https:\/\/www.suno.com.br\/noticias\/temporal-rio-76-prejuizo-comerciantes\/#breadcrumb\"},\"inLanguage\":\"pt-BR\",\"potentialAction\":[{\"@type\":\"ReadAction\",\"target\":[\"https:\/\/www.suno.com.br\/noticias\/temporal-rio-76-prejuizo-comerciantes\/\"]}]},{\"@type\":\"ImageObject\",\"inLanguage\":\"pt-BR\",\"@id\":\"https:\/\/www.suno.com.br\/noticias\/temporal-rio-76-prejuizo-comerciantes\/#primaryimage\",\"url\":\"https:\/\/files.sunoresearch.com.br\/n\/uploads\/2019\/02\/582c12d7-temporal-no-rio-de-janeiro-jpg.webp\",\"contentUrl\":\"https:\/\/files.sunoresearch.com.br\/n\/uploads\/2019\/02\/582c12d7-temporal-no-rio-de-janeiro-jpg.webp\",\"width\":800,\"height\":533,\"caption\":\"Temporal no Rio de Janeiro\"},{\"@type\":\"BreadcrumbList\",\"@id\":\"https:\/\/www.suno.com.br\/noticias\/temporal-rio-76-prejuizo-comerciantes\/#breadcrumb\",\"itemListElement\":[{\"@type\":\"ListItem\",\"position\":1,\"name\":\"Not\u00edcias\",\"item\":\"https:\/\/www.suno.com.br\/noticias\/\"},{\"@type\":\"ListItem\",\"position\":2,\"name\":\"Economia\",\"item\":\"https:\/\/www.suno.com.br\/noticias\/economia\/\"},{\"@type\":\"ListItem\",\"position\":3,\"name\":\"Temporal que atingiu o Rio causa R$ 76 mi de preju\u00edzo a comerciantes\"}]},{\"@type\":\"WebSite\",\"@id\":\"https:\/\/www.suno.com.br\/noticias\/#website\",\"url\":\"https:\/\/www.suno.com.br\/noticias\/\",\"name\":\"Suno Not\u00edcias\",\"description\":\"Seu portal de informa\u00e7\u00e3o sobre o mundo dos investimentos\",\"publisher\":{\"@id\":\"https:\/\/www.suno.com.br\/noticias\/#organization\"},\"potentialAction\":[{\"@type\":\"SearchAction\",\"target\":{\"@type\":\"EntryPoint\",\"urlTemplate\":\"https:\/\/www.suno.com.br\/noticias\/?s={search_term_string}\"},\"query-input\":{\"@type\":\"PropertyValueSpecification\",\"valueRequired\":true,\"valueName\":\"search_term_string\"}}],\"inLanguage\":\"pt-BR\"},{\"@type\":\"Organization\",\"@id\":\"https:\/\/www.suno.com.br\/noticias\/#organization\",\"name\":\"Suno Not\u00edcias\",\"url\":\"https:\/\/www.suno.com.br\/noticias\/\",\"logo\":{\"@type\":\"ImageObject\",\"inLanguage\":\"pt-BR\",\"@id\":\"https:\/\/www.suno.com.br\/noticias\/#\/schema\/logo\/image\/\",\"url\":\"https:\/\/files.sunoresearch.com.br\/n\/uploads\/2021\/09\/suno-logo.png\",\"contentUrl\":\"https:\/\/files.sunoresearch.com.br\/n\/uploads\/2021\/09\/suno-logo.png\",\"width\":180,\"height\":180,\"caption\":\"Suno Not\u00edcias\"},\"image\":{\"@id\":\"https:\/\/www.suno.com.br\/noticias\/#\/schema\/logo\/image\/\"},\"sameAs\":[\"https:\/\/facebook.com\/sunoresearch\",\"https:\/\/x.com\/sunoresearch\",\"https:\/\/www.instagram.com\/suno\",\"https:\/\/www.linkedin.com\/company\/suno-research\/\",\"https:\/\/www.youtube.com\/c\/sunoresearch\"]},{\"@type\":\"Person\",\"@id\":\"https:\/\/www.suno.com.br\/noticias\/#\/schema\/person\/0d0c9687cd2f600c564f25980c140de9\",\"name\":\"Guilherme Caetano\",\"image\":{\"@type\":\"ImageObject\",\"inLanguage\":\"pt-BR\",\"@id\":\"https:\/\/www.suno.com.br\/noticias\/#\/schema\/person\/image\/\",\"url\":\"https:\/\/secure.gravatar.com\/avatar\/e48357351a01702a0d19307070e081bf?s=96&r=g\",\"contentUrl\":\"https:\/\/secure.gravatar.com\/avatar\/e48357351a01702a0d19307070e081bf?s=96&r=g\",\"caption\":\"Guilherme Caetano\"},\"description\":\"Formado em jornalismo pela Escola de Comunica\u00e7\u00f5es e Artes da USP, Guilherme Caetano escreve para o portal de not\u00edcias da Suno Research. Passou pelas reda\u00e7\u00f5es da Folha de S.Paulo e da revista \u00c9poca.\",\"url\":\"https:\/\/www.suno.com.br\/noticias\/author\/guilherme-caetano\/\"}]}<\/script>\n<!-- \/ Yoast SEO plugin. -->","yoast_head_json":{"title":"Temporal que atingiu o Rio causa R$ 76 mi de preju\u00edzo a comerciantes","description":"Os comerciantes dos bairros mais afetados pelas chuvas no Rio de Janeiro tiveram preju\u00edzo de R$ 76,6 milh\u00f5es. Clique para saber mais.","robots":{"index":"index","follow":"follow","max-snippet":"max-snippet:-1","max-image-preview":"max-image-preview:large","max-video-preview":"max-video-preview:-1"},"canonical":"https:\/\/www.suno.com.br\/noticias\/temporal-rio-76-prejuizo-comerciantes\/","og_locale":"pt_BR","og_type":"article","og_title":"Temporal que atingiu o Rio causa R$ 76 mi de preju\u00edzo a comerciantes","og_description":"Os comerciantes dos bairros mais afetados pelas chuvas no Rio de Janeiro tiveram preju\u00edzo de R$ 76,6 milh\u00f5es. Clique para saber mais.","og_url":"https:\/\/www.suno.com.br\/noticias\/temporal-rio-76-prejuizo-comerciantes\/","og_site_name":"Suno Not\u00edcias","article_publisher":"https:\/\/facebook.com\/sunoresearch","og_image":[{"width":800,"height":533,"url":"https:\/\/files.sunoresearch.com.br\/n\/uploads\/2019\/02\/582c12d7-temporal-no-rio-de-janeiro.jpg","type":"image\/jpeg"}],"author":"Guilherme Caetano","twitter_card":"summary_large_image","twitter_creator":"@sunoresearch","twitter_site":"@sunoresearch","twitter_misc":{"Escrito por":"Guilherme Caetano","Est. tempo de leitura":"2 minutos"},"schema":{"@context":"https:\/\/schema.org","@graph":[{"@type":"NewsArticle","@id":"https:\/\/www.suno.com.br\/noticias\/temporal-rio-76-prejuizo-comerciantes\/#article","isPartOf":{"@id":"https:\/\/www.suno.com.br\/noticias\/temporal-rio-76-prejuizo-comerciantes\/"},"author":{"name":"Guilherme Caetano","@id":"https:\/\/www.suno.com.br\/noticias\/#\/schema\/person\/0d0c9687cd2f600c564f25980c140de9"},"headline":"Temporal que atingiu o Rio causa R$ 76 mi de preju\u00edzo a comerciantes","datePublished":"2019-02-12T20:53:44+00:00","mainEntityOfPage":{"@id":"https:\/\/www.suno.com.br\/noticias\/temporal-rio-76-prejuizo-comerciantes\/"},"wordCount":350,"publisher":{"@id":"https:\/\/www.suno.com.br\/noticias\/#organization"},"image":{"@id":"https:\/\/www.suno.com.br\/noticias\/temporal-rio-76-prejuizo-comerciantes\/#primaryimage"},"thumbnailUrl":"https:\/\/files.sunoresearch.com.br\/n\/uploads\/2019\/02\/582c12d7-temporal-no-rio-de-janeiro-jpg.webp","keywords":["Rio de Janeiro"],"articleSection":["Economia"],"inLanguage":"pt-BR"},{"@type":"WebPage","@id":"https:\/\/www.suno.com.br\/noticias\/temporal-rio-76-prejuizo-comerciantes\/","url":"https:\/\/www.suno.com.br\/noticias\/temporal-rio-76-prejuizo-comerciantes\/","name":"Temporal que atingiu o Rio causa R$ 76 mi de preju\u00edzo a comerciantes","isPartOf":{"@id":"https:\/\/www.suno.com.br\/noticias\/#website"},"primaryImageOfPage":{"@id":"https:\/\/www.suno.com.br\/noticias\/temporal-rio-76-prejuizo-comerciantes\/#primaryimage"},"image":{"@id":"https:\/\/www.suno.com.br\/noticias\/temporal-rio-76-prejuizo-comerciantes\/#primaryimage"},"thumbnailUrl":"https:\/\/files.sunoresearch.com.br\/n\/uploads\/2019\/02\/582c12d7-temporal-no-rio-de-janeiro-jpg.webp","datePublished":"2019-02-12T20:53:44+00:00","description":"Os comerciantes dos bairros mais afetados pelas chuvas no Rio de Janeiro tiveram preju\u00edzo de R$ 76,6 milh\u00f5es. Clique para saber mais.","breadcrumb":{"@id":"https:\/\/www.suno.com.br\/noticias\/temporal-rio-76-prejuizo-comerciantes\/#breadcrumb"},"inLanguage":"pt-BR","potentialAction":[{"@type":"ReadAction","target":["https:\/\/www.suno.com.br\/noticias\/temporal-rio-76-prejuizo-comerciantes\/"]}]},{"@type":"ImageObject","inLanguage":"pt-BR","@id":"https:\/\/www.suno.com.br\/noticias\/temporal-rio-76-prejuizo-comerciantes\/#primaryimage","url":"https:\/\/files.sunoresearch.com.br\/n\/uploads\/2019\/02\/582c12d7-temporal-no-rio-de-janeiro-jpg.webp","contentUrl":"https:\/\/files.sunoresearch.com.br\/n\/uploads\/2019\/02\/582c12d7-temporal-no-rio-de-janeiro-jpg.webp","width":800,"height":533,"caption":"Temporal no Rio de Janeiro"},{"@type":"BreadcrumbList","@id":"https:\/\/www.suno.com.br\/noticias\/temporal-rio-76-prejuizo-comerciantes\/#breadcrumb","itemListElement":[{"@type":"ListItem","position":1,"name":"Not\u00edcias","item":"https:\/\/www.suno.com.br\/noticias\/"},{"@type":"ListItem","position":2,"name":"Economia","item":"https:\/\/www.suno.com.br\/noticias\/economia\/"},{"@type":"ListItem","position":3,"name":"Temporal que atingiu o Rio causa R$ 76 mi de preju\u00edzo a comerciantes"}]},{"@type":"WebSite","@id":"https:\/\/www.suno.com.br\/noticias\/#website","url":"https:\/\/www.suno.com.br\/noticias\/","name":"Suno Not\u00edcias","description":"Seu portal de informa\u00e7\u00e3o sobre o mundo dos investimentos","publisher":{"@id":"https:\/\/www.suno.com.br\/noticias\/#organization"},"potentialAction":[{"@type":"SearchAction","target":{"@type":"EntryPoint","urlTemplate":"https:\/\/www.suno.com.br\/noticias\/?s={search_term_string}"},"query-input":{"@type":"PropertyValueSpecification","valueRequired":true,"valueName":"search_term_string"}}],"inLanguage":"pt-BR"},{"@type":"Organization","@id":"https:\/\/www.suno.com.br\/noticias\/#organization","name":"Suno Not\u00edcias","url":"https:\/\/www.suno.com.br\/noticias\/","logo":{"@type":"ImageObject","inLanguage":"pt-BR","@id":"https:\/\/www.suno.com.br\/noticias\/#\/schema\/logo\/image\/","url":"https:\/\/files.sunoresearch.com.br\/n\/uploads\/2021\/09\/suno-logo.png","contentUrl":"https:\/\/files.sunoresearch.com.br\/n\/uploads\/2021\/09\/suno-logo.png","width":180,"height":180,"caption":"Suno Not\u00edcias"},"image":{"@id":"https:\/\/www.suno.com.br\/noticias\/#\/schema\/logo\/image\/"},"sameAs":["https:\/\/facebook.com\/sunoresearch","https:\/\/x.com\/sunoresearch","https:\/\/www.instagram.com\/suno","https:\/\/www.linkedin.com\/company\/suno-research\/","https:\/\/www.youtube.com\/c\/sunoresearch"]},{"@type":"Person","@id":"https:\/\/www.suno.com.br\/noticias\/#\/schema\/person\/0d0c9687cd2f600c564f25980c140de9","name":"Guilherme Caetano","image":{"@type":"ImageObject","inLanguage":"pt-BR","@id":"https:\/\/www.suno.com.br\/noticias\/#\/schema\/person\/image\/","url":"https:\/\/secure.gravatar.com\/avatar\/e48357351a01702a0d19307070e081bf?s=96&r=g","contentUrl":"https:\/\/secure.gravatar.com\/avatar\/e48357351a01702a0d19307070e081bf?s=96&r=g","caption":"Guilherme Caetano"},"description":"Formado em jornalismo pela Escola de Comunica\u00e7\u00f5es e Artes da USP, Guilherme Caetano escreve para o portal de not\u00edcias da Suno Research. Passou pelas reda\u00e7\u00f5es da Folha de S.Paulo e da revista \u00c9poca.","url":"https:\/\/www.suno.com.br\/noticias\/author\/guilherme-caetano\/"}]}},"default_loop_html":"<div class=\"cardsPage__listCard__boxs\"><div class=\"cardsPage__listCard__boxs__img\"><a href=\"https:\/\/www.suno.com.br\/noticias\/temporal-rio-76-prejuizo-comerciantes\/\"><img class=\"mask\" src=\"https:\/\/www.suno.com.br\/noticias\/wp-content\/themes\/suno\/resources\/images\/spotlight\/spotlight1img\/bg-mask.png\" alt=\"Image Mask\"\/><img src=\"https:\/\/files.sunoresearch.com.br\/n\/uploads\/2019\/02\/582c12d7-temporal-no-rio-de-janeiro-400x200.webp\" alt=\"Temporal que atingiu o Rio causa R$ 76 mi de preju\u00edzo a comerciantes\"\/><\/a><span class=\"spotlightCategory\"><a href=\"https:\/\/www.suno.com.br\/noticias\/economia\/\">Economia<\/a><\/span><\/div><div class=\"cardsPage__listCard__boxs__content\"><a href=\"https:\/\/www.suno.com.br\/noticias\/temporal-rio-76-prejuizo-comerciantes\/\"><h2 class=\"content__title\">Temporal que atingiu o Rio causa R$ 76 mi de preju\u00edzo a comerciantes<\/h2><\/a><div class=\"newsContent__article__meta\"><div class=\"newsContent__article__meta__authorBox\"><a href=\"https:\/\/www.suno.com.br\/noticias\/author\/guilherme-caetano\/\" class=\"authorBox__avatar noMobi\"><img src=\"https:\/\/secure.gravatar.com\/avatar\/e48357351a01702a0d19307070e081bf?s=96&#038;r=g\" alt=\"Guilherme Caetano\"><\/a><div class=\"authorBox__name\"><span>por\n\t\t\t<a href=\"https:\/\/www.suno.com.br\/noticias\/author\/guilherme-caetano\/\"><span itemprop=\"author\">Guilherme Caetano<\/span><\/a><\/span><time datetime=\"2019-02-12T18:53:44-02:00\" itemprop=\"datePublished\">12\/02\/2019 18:53<\/time><\/div><\/div><\/div><\/div><\/div>","single_layout":"posts","amp_enabled":true,"_links":{"self":[{"href":"https:\/\/www.suno.com.br\/noticias\/wp-json\/wp\/v2\/posts\/15061"}],"collection":[{"href":"https:\/\/www.suno.com.br\/noticias\/wp-json\/wp\/v2\/posts"}],"about":[{"href":"https:\/\/www.suno.com.br\/noticias\/wp-json\/wp\/v2\/types\/post"}],"author":[{"embeddable":true,"href":"https:\/\/www.suno.com.br\/noticias\/wp-json\/wp\/v2\/users\/13"}],"replies":[{"embeddable":true,"href":"https:\/\/www.suno.com.br\/noticias\/wp-json\/wp\/v2\/comments?post=15061"}],"version-history":[{"count":0,"href":"https:\/\/www.suno.com.br\/noticias\/wp-json\/wp\/v2\/posts\/15061\/revisions"}],"wp:featuredmedia":[{"embeddable":true,"href":"https:\/\/www.suno.com.br\/noticias\/wp-json\/wp\/v2\/media\/15065"}],"wp:attachment":[{"href":"https:\/\/www.suno.com.br\/noticias\/wp-json\/wp\/v2\/media?parent=15061"}],"wp:term":[{"taxonomy":"category","embeddable":true,"href":"https:\/\/www.suno.com.br\/noticias\/wp-json\/wp\/v2\/categories?post=15061"},{"taxonomy":"post_tag","embeddable":true,"href":"https:\/\/www.suno.com.br\/noticias\/wp-json\/wp\/v2\/tags?post=15061"},{"taxonomy":"suno_strategy","embeddable":true,"href":"https:\/\/www.suno.com.br\/noticias\/wp-json\/wp\/v2\/suno_strategy?post=15061"}],"curies":[{"name":"wp","href":"https:\/\/api.w.org\/{rel}","templated":true}]}}