{"id":150464,"date":"2021-05-24T15:37:08","date_gmt":"2021-05-24T18:37:08","guid":{"rendered":"https:\/\/www.suno.com.br\/noticias\/?p=150464"},"modified":"2021-05-30T23:41:54","modified_gmt":"2021-05-31T02:41:54","slug":"marisa-amar3-mbank-unificar-negocios-financeiros","status":"publish","type":"post","link":"https:\/\/www.suno.com.br\/noticias\/marisa-amar3-mbank-unificar-negocios-financeiros\/","title":{"rendered":"Marisa (AMAR3) cria o MBank Marisa para unificar neg\u00f3cios financeiros"},"content":{"rendered":"<p>A <a href=\"https:\/\/www.suno.com.br\/acoes\/amar3\/\"><strong>Marisa<\/strong> (AMAR3)<\/a> ir\u00e1 unificar suas opera\u00e7\u00f5es e servi\u00e7os financeiros, dando origem \u00e0 &#8220;MBank Marisa&#8221;, que agrega tr\u00eas empresas da companhia &#8211; o nome social de todas foi mudado com a reestrutura\u00e7\u00e3o. A companhia comunicou a decis\u00e3o nesta segunda-feira (24), por meio de fato relevante, citando que teve <a href=\"https:\/\/www.suno.com.br\/artigos\/bacen\/\">aval do Banco Central (BC)<\/a> para a troca de nome de sua institui\u00e7\u00e3o de pagamento, a &#8220;Sax S.A.&#8221; para &#8220;M Pagamentos S.A.&#8221;<\/p>\t<div class=\"wrapper-featured-image\">\n\t\t<figure class=\"spotlightImg\">\n\n\t\t\t<picture>\n\t\t\t\t<source media=\"(max-width: 768px)\" srcset=\"https:\/\/files.sunoresearch.com.br\/n\/uploads\/2020\/08\/7cce72c7-shutterstock_1512318734-400x200.webp\">\n\t\t\t\t<img loading=\"lazy\" decoding=\"async\" class=\"newsContent__article__imgCapa lazyloadDisabled \" src=\"https:\/\/files.sunoresearch.com.br\/n\/uploads\/2020\/08\/7cce72c7-shutterstock_1512318734-800x450.webp\" width=\"800\" height=\"450\" alt=\"Marisa (AMAR3) cria o MBank Marisa para unificar neg\u00f3cios financeiros\" fetchpriority=high \/>\n\t\t\t<\/picture>\n\n\t\t\t<figcaption class=\"wp-caption-text wp-caption-text--show\">Marisa (AMAR3). Foto: Reprodu\u00e7\u00e3o Facebook<\/figcaption>\n\t\t<\/figure>\n\t<\/div>\n\n\n<p><span style=\"font-weight: 400;\">\t<p>\n\t\t<a href=\"https:\/\/lp.suno.com.br\/planilha-controle-gastos\/\" target=\"_blank\" data-element=\"shortcode-suno-banner\" title=\"Banner SUNO, clique e saiba mais\">\n\t\t\t<picture>\n\t\t\t\t<source media=\"(max-width: 500px)\" srcset=\"https:\/\/files.sunoresearch.com.br\/n\/uploads\/2023\/03\/400x300-Planilha-controle-de-gastos.png\">\n\t\t\t\t<img class=\"newsContent__article__imgCapa newsContent__article__imgCapa--banner\"\n\t\t\t\t\tsrc=\"https:\/\/files.sunoresearch.com.br\/n\/uploads\/2023\/03\/1420x240-Planilha-controle-de-gastos.png\"\n\t\t\t\t\tdata-promo-id=\"101751\"\t\t\t\t\t\t\t\t\t\twidth='1420' height='240'\t\t\t\t\talt=\"https:\/\/files.sunoresearch.com.br\/n\/uploads\/2023\/03\/1420x240-Planilha-controle-de-gastos.png\"\n\t\t\t\t>\n\t\t\t<\/picture>\n\t\t<\/a>\n\t<\/p>\n\n<\/span><\/p>\n<p>Al\u00e9m disso, a <strong>Marisa<\/strong> tamb\u00e9m recebeu todas as demais autoriza\u00e7\u00f5es da Junta Comercial do Estado de S\u00e3o Paulo (JUCESP), e deve <strong>mudar o nome<\/strong> da &#8220;Club Administradora de Cart\u00f5es&#8221; para &#8220;M Cart\u00f5es de Cr\u00e9dito&#8221;,\u00a0 e tamb\u00e9m da &#8220;MAX Participa\u00e7\u00f5es&#8221;, que deve passar a se chamar &#8220;M Bank Participa\u00e7\u00f5es&#8221;.<\/p>\n<p><a href=\"https:\/\/lp.suno.com.br\/suno-one\/?ppp=noticias\/hospital-care-pedido-ipo-cvm\/\"><b>Suno One: acesse gratuitamente eBooks, Minicursos, Artigos e V\u00eddeo Aulas sobre investimentos com um \u00fanico cadastro. Clique para saber mais!<\/b><\/a><\/p>\n<p>A mudan\u00e7a integra uma<strong> simplifica\u00e7\u00e3o acion\u00e1ria<\/strong> envolvendo as tr\u00eas empresas, segundo o documento emitido pela companhia. A Marisa, com isso, visa uma nova identidade visual para as tr\u00eas financeiras, chamando toda a \u00e1rea de &#8220;<strong>MBank Marisa<\/strong>&#8220;.<\/p>\n<p>O processo envolve uma revis\u00e3o de portf\u00f3lio dos produtos pela unidade de neg\u00f3cios, visando a digitaliza\u00e7\u00e3o do servi\u00e7o e a introdu\u00e7\u00e3o de uma carteira digital.<\/p>\n<p><span style=\"font-weight: 400;\">\t<div data-element=\"shortcode-read-more\" class=\"knowMore\">\n\t\t\t\t<span class=\"knowMore__title\">Saiba mais<\/span>\n\t\t\t\t<a class=\"knowMore__link\" href=\"https:\/\/www.suno.com.br\/noticias\/marisa-amar3-prejuizo-1t21\/\">\n\t\t\tRefletindo impactos da pandemia, Marisa (AMAR3) tem preju\u00edzo de R$ 53,4 mi no 1T21\t\t<\/a>\n\t<\/div>\n\n<\/span><\/p>\n<p>Segundo<a href=\"https:\/\/www.suno.com.br\/artigos\/fato-relevante\/\"> consta no<strong> fato relevante<\/strong><\/a>, o movimento \u00e9 mais um dos passos na estrat\u00e9gia de &#8220;consolidar a Marisa como a <strong>plataforma da mulher brasileira<\/strong>&#8220;.<\/p>\n<h2>Marisa teve certifica\u00e7\u00e3o pela Women on Board<\/h2>\n<p>Na \u00faltima quinta-feira (20) a Marisa comunicou que foi certificada pela Women on Board (WOB), citando que recebeu o selo especial por contar com tr\u00eas mulheres em seu conselho de administra\u00e7\u00e3o &#8211; Carla Schmitzberger, Cristina Ribeiro Sarian e Flavia Maria Verginelli.<\/p>\n<p>A companhia deu o informe por meio de um comunicado ao mercado, onde a companhia cita que partiu justamente do conselho de administra\u00e7\u00e3o a ideia de submet\u00ea-la \u00e0 certifica\u00e7\u00e3o.<\/p>\n<p><span style=\"font-weight: 400;\">\t<p>\n\t\t<a href=\"https:\/\/lp.suno.com.br\/planilha-de-controle-de-investimentos\/\" target=\"_blank\" data-element=\"shortcode-suno-banner\" title=\"Banner SUNO, clique e saiba mais\">\n\t\t\t<picture>\n\t\t\t\t<source media=\"(max-width: 500px)\" srcset=\"https:\/\/files.sunoresearch.com.br\/n\/uploads\/2023\/03\/400x300-Controle-de-Investimentos.png\">\n\t\t\t\t<img class=\"newsContent__article__imgCapa newsContent__article__imgCapa--banner\"\n\t\t\t\t\tsrc=\"https:\/\/files.sunoresearch.com.br\/n\/uploads\/2023\/03\/1420x240-Controle-de-Investimentos.png\"\n\t\t\t\t\tdata-promo-id=\"75934\"\t\t\t\t\t\t\t\t\t\twidth='1420' height='240'\t\t\t\t\talt=\"https:\/\/files.sunoresearch.com.br\/n\/uploads\/2023\/03\/1420x240-Controle-de-Investimentos.png\"\n\t\t\t\t>\n\t\t\t<\/picture>\n\t\t<\/a>\n\t<\/p>\n\n <\/span><\/p>\n<p>A iniciativa \u00e9 da <strong>ONU Mulheres<\/strong>, com 37 organiza\u00e7\u00f5es certificadas atualmente. A WOB visa justamente demonstrar os benef\u00edcios da diversidade no meio empresarial, mesma linha defendida pelo corpo administrativo da Marisa, conforme divulgado no fato relevante de hoje.<\/p>\n<h2>Cota\u00e7\u00e3o de AMAR3<\/h2>\n<p>Atualmente, \u00e0s 13h45, <a href=\"https:\/\/www.suno.com.br\/artigos\/o-que-sao-acoes-ordinarias-preferenciais-e-units\/\">os pap\u00e9is da\u00a0<strong>Marisa<\/strong><\/a> registram queda de 3,04% no preg\u00e3o desta segunda-feira (24), ficando com um pre\u00e7o de R$ 6,39 por a\u00e7\u00e3o ordin\u00e1ria.<\/p>\n<p><span style=\"font-weight: 400;\">\t<p>\n\t\t<a href=\"https:\/\/lp.suno.com.br\/planilha-da-vida-financeira\/\" target=\"_blank\" data-element=\"shortcode-suno-banner\" title=\"Banner SUNO, clique e saiba mais\">\n\t\t\t<picture>\n\t\t\t\t<source media=\"(max-width: 500px)\" srcset=\"https:\/\/files.sunoresearch.com.br\/n\/uploads\/2023\/04\/400x300-Planilha-vida-financeira-true.png\">\n\t\t\t\t<img class=\"newsContent__article__imgCapa newsContent__article__imgCapa--banner\"\n\t\t\t\t\tsrc=\"https:\/\/files.sunoresearch.com.br\/n\/uploads\/2023\/04\/1420x240-Planilha-vida-financeira-true.png\"\n\t\t\t\t\tdata-promo-id=\"106682\"\t\t\t\t\t\t\t\t\t\twidth='1420' height='240'\t\t\t\t\talt=\"https:\/\/files.sunoresearch.com.br\/n\/uploads\/2023\/04\/1420x240-Planilha-vida-financeira-true.png\"\n\t\t\t\t>\n\t\t\t<\/picture>\n\t\t<\/a>\n\t<\/p>\n\n<\/span><\/p>\n","protected":false},"excerpt":{"rendered":"<p>A Marisa (AMAR3) ir\u00e1 unificar suas opera\u00e7\u00f5es e servi\u00e7os financeiros, dando origem \u00e0 &#8220;MBank Marisa&#8221;, que agrega tr\u00eas empresas da companhia &#8211; o nome social de todas foi mudado com a reestrutura\u00e7\u00e3o. A companhia comunicou a decis\u00e3o nesta segunda-feira (24), por meio de fato relevante, citando que teve aval do Banco Central (BC) para a [&hellip;]<\/p>\n","protected":false},"author":73,"featured_media":80453,"comment_status":"closed","ping_status":"closed","sticky":false,"template":"","format":"standard","meta":[],"categories":[64],"tags":[541],"suno_strategy":[],"class_list":["post-150464","post","type-post","status-publish","format-standard","has-post-thumbnail","hentry","category-negocios","tag-lojas-marisa-amar3"],"yoast_head":"<!-- This site is optimized with the Yoast SEO plugin v24.4 - https:\/\/yoast.com\/wordpress\/plugins\/seo\/ -->\n<title>Marisa (AMAR3) cria o MBank Marisa para unificar neg\u00f3cios financeiros<\/title>\n<meta name=\"description\" content=\"A Marisa recebeu autoriza\u00e7\u00e3o do Banco Central e da JUCESP para mudar o nome de suas empresas do ramo, visando uma reestrutura\u00e7\u00e3o. Leia sobre\" \/>\n<meta name=\"robots\" content=\"index, follow, max-snippet:-1, max-image-preview:large, max-video-preview:-1\" \/>\n<link rel=\"canonical\" href=\"https:\/\/www.suno.com.br\/noticias\/marisa-amar3-mbank-unificar-negocios-financeiros\/\" \/>\n<meta property=\"og:locale\" content=\"pt_BR\" \/>\n<meta property=\"og:type\" content=\"article\" \/>\n<meta property=\"og:title\" content=\"Marisa (AMAR3) cria o MBank Marisa para unificar neg\u00f3cios financeiros\" \/>\n<meta property=\"og:description\" content=\"A Marisa recebeu autoriza\u00e7\u00e3o do Banco Central e da JUCESP para mudar o nome de suas empresas do ramo, visando uma reestrutura\u00e7\u00e3o. Leia sobre\" \/>\n<meta property=\"og:url\" content=\"https:\/\/www.suno.com.br\/noticias\/marisa-amar3-mbank-unificar-negocios-financeiros\/\" \/>\n<meta property=\"og:site_name\" content=\"Suno Not\u00edcias\" \/>\n<meta property=\"article:publisher\" content=\"https:\/\/facebook.com\/sunoresearch\" \/>\n<meta property=\"og:image\" content=\"https:\/\/files.sunoresearch.com.br\/n\/uploads\/2020\/08\/7cce72c7-shutterstock_1512318734.jpg\" \/>\n\t<meta property=\"og:image:width\" content=\"1024\" \/>\n\t<meta property=\"og:image:height\" content=\"768\" \/>\n\t<meta property=\"og:image:type\" content=\"image\/jpeg\" \/>\n<meta name=\"author\" content=\"Eduardo Vargas\" \/>\n<meta name=\"twitter:card\" content=\"summary_large_image\" \/>\n<meta name=\"twitter:creator\" content=\"@sunoresearch\" \/>\n<meta name=\"twitter:site\" content=\"@sunoresearch\" \/>\n<meta name=\"twitter:label1\" content=\"Escrito por\" \/>\n\t<meta name=\"twitter:data1\" content=\"Eduardo Vargas\" \/>\n\t<meta name=\"twitter:label2\" content=\"Est. tempo de leitura\" \/>\n\t<meta name=\"twitter:data2\" content=\"2 minutos\" \/>\n<script type=\"application\/ld+json\" class=\"yoast-schema-graph\">{\"@context\":\"https:\/\/schema.org\",\"@graph\":[{\"@type\":\"NewsArticle\",\"@id\":\"https:\/\/www.suno.com.br\/noticias\/marisa-amar3-mbank-unificar-negocios-financeiros\/#article\",\"isPartOf\":{\"@id\":\"https:\/\/www.suno.com.br\/noticias\/marisa-amar3-mbank-unificar-negocios-financeiros\/\"},\"author\":{\"name\":\"Eduardo Vargas\",\"@id\":\"https:\/\/www.suno.com.br\/noticias\/#\/schema\/person\/7f4d362bf3518e76090143ae77bb49a5\"},\"headline\":\"Marisa (AMAR3) cria o MBank Marisa para unificar neg\u00f3cios financeiros\",\"datePublished\":\"2021-05-24T18:37:08+00:00\",\"dateModified\":\"2021-05-31T02:41:54+00:00\",\"mainEntityOfPage\":{\"@id\":\"https:\/\/www.suno.com.br\/noticias\/marisa-amar3-mbank-unificar-negocios-financeiros\/\"},\"wordCount\":429,\"publisher\":{\"@id\":\"https:\/\/www.suno.com.br\/noticias\/#organization\"},\"image\":{\"@id\":\"https:\/\/www.suno.com.br\/noticias\/marisa-amar3-mbank-unificar-negocios-financeiros\/#primaryimage\"},\"thumbnailUrl\":\"https:\/\/files.sunoresearch.com.br\/n\/uploads\/2020\/08\/7cce72c7-shutterstock_1512318734-jpg.webp\",\"keywords\":[\"Lojas Marisa (AMAR3)\"],\"articleSection\":[\"Neg\u00f3cios\"],\"inLanguage\":\"pt-BR\"},{\"@type\":\"WebPage\",\"@id\":\"https:\/\/www.suno.com.br\/noticias\/marisa-amar3-mbank-unificar-negocios-financeiros\/\",\"url\":\"https:\/\/www.suno.com.br\/noticias\/marisa-amar3-mbank-unificar-negocios-financeiros\/\",\"name\":\"Marisa (AMAR3) cria o MBank Marisa para unificar neg\u00f3cios financeiros\",\"isPartOf\":{\"@id\":\"https:\/\/www.suno.com.br\/noticias\/#website\"},\"primaryImageOfPage\":{\"@id\":\"https:\/\/www.suno.com.br\/noticias\/marisa-amar3-mbank-unificar-negocios-financeiros\/#primaryimage\"},\"image\":{\"@id\":\"https:\/\/www.suno.com.br\/noticias\/marisa-amar3-mbank-unificar-negocios-financeiros\/#primaryimage\"},\"thumbnailUrl\":\"https:\/\/files.sunoresearch.com.br\/n\/uploads\/2020\/08\/7cce72c7-shutterstock_1512318734-jpg.webp\",\"datePublished\":\"2021-05-24T18:37:08+00:00\",\"dateModified\":\"2021-05-31T02:41:54+00:00\",\"description\":\"A Marisa recebeu autoriza\u00e7\u00e3o do Banco Central e da JUCESP para mudar o nome de suas empresas do ramo, visando uma reestrutura\u00e7\u00e3o. Leia sobre\",\"breadcrumb\":{\"@id\":\"https:\/\/www.suno.com.br\/noticias\/marisa-amar3-mbank-unificar-negocios-financeiros\/#breadcrumb\"},\"inLanguage\":\"pt-BR\",\"potentialAction\":[{\"@type\":\"ReadAction\",\"target\":[\"https:\/\/www.suno.com.br\/noticias\/marisa-amar3-mbank-unificar-negocios-financeiros\/\"]}]},{\"@type\":\"ImageObject\",\"inLanguage\":\"pt-BR\",\"@id\":\"https:\/\/www.suno.com.br\/noticias\/marisa-amar3-mbank-unificar-negocios-financeiros\/#primaryimage\",\"url\":\"https:\/\/files.sunoresearch.com.br\/n\/uploads\/2020\/08\/7cce72c7-shutterstock_1512318734-jpg.webp\",\"contentUrl\":\"https:\/\/files.sunoresearch.com.br\/n\/uploads\/2020\/08\/7cce72c7-shutterstock_1512318734-jpg.webp\",\"width\":1024,\"height\":768,\"caption\":\"Marisa (AMAR3). Foto: Reprodu\u00e7\u00e3o Facebook\"},{\"@type\":\"BreadcrumbList\",\"@id\":\"https:\/\/www.suno.com.br\/noticias\/marisa-amar3-mbank-unificar-negocios-financeiros\/#breadcrumb\",\"itemListElement\":[{\"@type\":\"ListItem\",\"position\":1,\"name\":\"Not\u00edcias\",\"item\":\"https:\/\/www.suno.com.br\/noticias\/\"},{\"@type\":\"ListItem\",\"position\":2,\"name\":\"Neg\u00f3cios\",\"item\":\"https:\/\/www.suno.com.br\/noticias\/negocios\/\"},{\"@type\":\"ListItem\",\"position\":3,\"name\":\"Marisa (AMAR3) cria o MBank Marisa para unificar neg\u00f3cios financeiros\"}]},{\"@type\":\"WebSite\",\"@id\":\"https:\/\/www.suno.com.br\/noticias\/#website\",\"url\":\"https:\/\/www.suno.com.br\/noticias\/\",\"name\":\"Suno Not\u00edcias\",\"description\":\"Seu portal de informa\u00e7\u00e3o sobre o mundo dos investimentos\",\"publisher\":{\"@id\":\"https:\/\/www.suno.com.br\/noticias\/#organization\"},\"potentialAction\":[{\"@type\":\"SearchAction\",\"target\":{\"@type\":\"EntryPoint\",\"urlTemplate\":\"https:\/\/www.suno.com.br\/noticias\/?s={search_term_string}\"},\"query-input\":{\"@type\":\"PropertyValueSpecification\",\"valueRequired\":true,\"valueName\":\"search_term_string\"}}],\"inLanguage\":\"pt-BR\"},{\"@type\":\"Organization\",\"@id\":\"https:\/\/www.suno.com.br\/noticias\/#organization\",\"name\":\"Suno Not\u00edcias\",\"url\":\"https:\/\/www.suno.com.br\/noticias\/\",\"logo\":{\"@type\":\"ImageObject\",\"inLanguage\":\"pt-BR\",\"@id\":\"https:\/\/www.suno.com.br\/noticias\/#\/schema\/logo\/image\/\",\"url\":\"https:\/\/files.sunoresearch.com.br\/n\/uploads\/2021\/09\/suno-logo.png\",\"contentUrl\":\"https:\/\/files.sunoresearch.com.br\/n\/uploads\/2021\/09\/suno-logo.png\",\"width\":180,\"height\":180,\"caption\":\"Suno Not\u00edcias\"},\"image\":{\"@id\":\"https:\/\/www.suno.com.br\/noticias\/#\/schema\/logo\/image\/\"},\"sameAs\":[\"https:\/\/facebook.com\/sunoresearch\",\"https:\/\/x.com\/sunoresearch\",\"https:\/\/www.instagram.com\/suno\",\"https:\/\/www.linkedin.com\/company\/suno-research\/\",\"https:\/\/www.youtube.com\/c\/sunoresearch\"]},{\"@type\":\"Person\",\"@id\":\"https:\/\/www.suno.com.br\/noticias\/#\/schema\/person\/7f4d362bf3518e76090143ae77bb49a5\",\"name\":\"Eduardo Vargas\",\"image\":{\"@type\":\"ImageObject\",\"inLanguage\":\"pt-BR\",\"@id\":\"https:\/\/www.suno.com.br\/noticias\/#\/schema\/person\/image\/\",\"url\":\"https:\/\/secure.gravatar.com\/avatar\/dac340933427a22924c9f99d1eb2e3f2?s=96&r=g\",\"contentUrl\":\"https:\/\/secure.gravatar.com\/avatar\/dac340933427a22924c9f99d1eb2e3f2?s=96&r=g\",\"caption\":\"Eduardo Vargas\"},\"description\":\"Jornalista formado pela UFSC, cobre macroeconomia, neg\u00f3cios e startups para o Suno Not\u00edcias, escrevendo principalmente not\u00edcias sobre o mercado financeiro e a bolsa de valores. No YouTube e no Instagram, \u00e9 respons\u00e1vel pela produ\u00e7\u00e3o de Reels e Shorts do Suno Not\u00edcias. Anteriormente, trabalhou cobrindo economia e cotidiano no ND+ e para o ND, maior jornal impresso de Santa Catarina. Cursou um semestre letivo de Estudos de M\u00eddia na Universidad de Buenos Aires.\",\"url\":\"https:\/\/www.suno.com.br\/noticias\/author\/eduardo-vargas\/\"}]}<\/script>\n<!-- \/ Yoast SEO plugin. -->","yoast_head_json":{"title":"Marisa (AMAR3) cria o MBank Marisa para unificar neg\u00f3cios financeiros","description":"A Marisa recebeu autoriza\u00e7\u00e3o do Banco Central e da JUCESP para mudar o nome de suas empresas do ramo, visando uma reestrutura\u00e7\u00e3o. Leia sobre","robots":{"index":"index","follow":"follow","max-snippet":"max-snippet:-1","max-image-preview":"max-image-preview:large","max-video-preview":"max-video-preview:-1"},"canonical":"https:\/\/www.suno.com.br\/noticias\/marisa-amar3-mbank-unificar-negocios-financeiros\/","og_locale":"pt_BR","og_type":"article","og_title":"Marisa (AMAR3) cria o MBank Marisa para unificar neg\u00f3cios financeiros","og_description":"A Marisa recebeu autoriza\u00e7\u00e3o do Banco Central e da JUCESP para mudar o nome de suas empresas do ramo, visando uma reestrutura\u00e7\u00e3o. Leia sobre","og_url":"https:\/\/www.suno.com.br\/noticias\/marisa-amar3-mbank-unificar-negocios-financeiros\/","og_site_name":"Suno Not\u00edcias","article_publisher":"https:\/\/facebook.com\/sunoresearch","og_image":[{"width":1024,"height":768,"url":"https:\/\/files.sunoresearch.com.br\/n\/uploads\/2020\/08\/7cce72c7-shutterstock_1512318734.jpg","type":"image\/jpeg"}],"author":"Eduardo Vargas","twitter_card":"summary_large_image","twitter_creator":"@sunoresearch","twitter_site":"@sunoresearch","twitter_misc":{"Escrito por":"Eduardo Vargas","Est. tempo de leitura":"2 minutos"},"schema":{"@context":"https:\/\/schema.org","@graph":[{"@type":"NewsArticle","@id":"https:\/\/www.suno.com.br\/noticias\/marisa-amar3-mbank-unificar-negocios-financeiros\/#article","isPartOf":{"@id":"https:\/\/www.suno.com.br\/noticias\/marisa-amar3-mbank-unificar-negocios-financeiros\/"},"author":{"name":"Eduardo Vargas","@id":"https:\/\/www.suno.com.br\/noticias\/#\/schema\/person\/7f4d362bf3518e76090143ae77bb49a5"},"headline":"Marisa (AMAR3) cria o MBank Marisa para unificar neg\u00f3cios financeiros","datePublished":"2021-05-24T18:37:08+00:00","dateModified":"2021-05-31T02:41:54+00:00","mainEntityOfPage":{"@id":"https:\/\/www.suno.com.br\/noticias\/marisa-amar3-mbank-unificar-negocios-financeiros\/"},"wordCount":429,"publisher":{"@id":"https:\/\/www.suno.com.br\/noticias\/#organization"},"image":{"@id":"https:\/\/www.suno.com.br\/noticias\/marisa-amar3-mbank-unificar-negocios-financeiros\/#primaryimage"},"thumbnailUrl":"https:\/\/files.sunoresearch.com.br\/n\/uploads\/2020\/08\/7cce72c7-shutterstock_1512318734-jpg.webp","keywords":["Lojas Marisa (AMAR3)"],"articleSection":["Neg\u00f3cios"],"inLanguage":"pt-BR"},{"@type":"WebPage","@id":"https:\/\/www.suno.com.br\/noticias\/marisa-amar3-mbank-unificar-negocios-financeiros\/","url":"https:\/\/www.suno.com.br\/noticias\/marisa-amar3-mbank-unificar-negocios-financeiros\/","name":"Marisa (AMAR3) cria o MBank Marisa para unificar neg\u00f3cios financeiros","isPartOf":{"@id":"https:\/\/www.suno.com.br\/noticias\/#website"},"primaryImageOfPage":{"@id":"https:\/\/www.suno.com.br\/noticias\/marisa-amar3-mbank-unificar-negocios-financeiros\/#primaryimage"},"image":{"@id":"https:\/\/www.suno.com.br\/noticias\/marisa-amar3-mbank-unificar-negocios-financeiros\/#primaryimage"},"thumbnailUrl":"https:\/\/files.sunoresearch.com.br\/n\/uploads\/2020\/08\/7cce72c7-shutterstock_1512318734-jpg.webp","datePublished":"2021-05-24T18:37:08+00:00","dateModified":"2021-05-31T02:41:54+00:00","description":"A Marisa recebeu autoriza\u00e7\u00e3o do Banco Central e da JUCESP para mudar o nome de suas empresas do ramo, visando uma reestrutura\u00e7\u00e3o. Leia sobre","breadcrumb":{"@id":"https:\/\/www.suno.com.br\/noticias\/marisa-amar3-mbank-unificar-negocios-financeiros\/#breadcrumb"},"inLanguage":"pt-BR","potentialAction":[{"@type":"ReadAction","target":["https:\/\/www.suno.com.br\/noticias\/marisa-amar3-mbank-unificar-negocios-financeiros\/"]}]},{"@type":"ImageObject","inLanguage":"pt-BR","@id":"https:\/\/www.suno.com.br\/noticias\/marisa-amar3-mbank-unificar-negocios-financeiros\/#primaryimage","url":"https:\/\/files.sunoresearch.com.br\/n\/uploads\/2020\/08\/7cce72c7-shutterstock_1512318734-jpg.webp","contentUrl":"https:\/\/files.sunoresearch.com.br\/n\/uploads\/2020\/08\/7cce72c7-shutterstock_1512318734-jpg.webp","width":1024,"height":768,"caption":"Marisa (AMAR3). Foto: Reprodu\u00e7\u00e3o Facebook"},{"@type":"BreadcrumbList","@id":"https:\/\/www.suno.com.br\/noticias\/marisa-amar3-mbank-unificar-negocios-financeiros\/#breadcrumb","itemListElement":[{"@type":"ListItem","position":1,"name":"Not\u00edcias","item":"https:\/\/www.suno.com.br\/noticias\/"},{"@type":"ListItem","position":2,"name":"Neg\u00f3cios","item":"https:\/\/www.suno.com.br\/noticias\/negocios\/"},{"@type":"ListItem","position":3,"name":"Marisa (AMAR3) cria o MBank Marisa para unificar neg\u00f3cios financeiros"}]},{"@type":"WebSite","@id":"https:\/\/www.suno.com.br\/noticias\/#website","url":"https:\/\/www.suno.com.br\/noticias\/","name":"Suno Not\u00edcias","description":"Seu portal de informa\u00e7\u00e3o sobre o mundo dos investimentos","publisher":{"@id":"https:\/\/www.suno.com.br\/noticias\/#organization"},"potentialAction":[{"@type":"SearchAction","target":{"@type":"EntryPoint","urlTemplate":"https:\/\/www.suno.com.br\/noticias\/?s={search_term_string}"},"query-input":{"@type":"PropertyValueSpecification","valueRequired":true,"valueName":"search_term_string"}}],"inLanguage":"pt-BR"},{"@type":"Organization","@id":"https:\/\/www.suno.com.br\/noticias\/#organization","name":"Suno Not\u00edcias","url":"https:\/\/www.suno.com.br\/noticias\/","logo":{"@type":"ImageObject","inLanguage":"pt-BR","@id":"https:\/\/www.suno.com.br\/noticias\/#\/schema\/logo\/image\/","url":"https:\/\/files.sunoresearch.com.br\/n\/uploads\/2021\/09\/suno-logo.png","contentUrl":"https:\/\/files.sunoresearch.com.br\/n\/uploads\/2021\/09\/suno-logo.png","width":180,"height":180,"caption":"Suno Not\u00edcias"},"image":{"@id":"https:\/\/www.suno.com.br\/noticias\/#\/schema\/logo\/image\/"},"sameAs":["https:\/\/facebook.com\/sunoresearch","https:\/\/x.com\/sunoresearch","https:\/\/www.instagram.com\/suno","https:\/\/www.linkedin.com\/company\/suno-research\/","https:\/\/www.youtube.com\/c\/sunoresearch"]},{"@type":"Person","@id":"https:\/\/www.suno.com.br\/noticias\/#\/schema\/person\/7f4d362bf3518e76090143ae77bb49a5","name":"Eduardo Vargas","image":{"@type":"ImageObject","inLanguage":"pt-BR","@id":"https:\/\/www.suno.com.br\/noticias\/#\/schema\/person\/image\/","url":"https:\/\/secure.gravatar.com\/avatar\/dac340933427a22924c9f99d1eb2e3f2?s=96&r=g","contentUrl":"https:\/\/secure.gravatar.com\/avatar\/dac340933427a22924c9f99d1eb2e3f2?s=96&r=g","caption":"Eduardo Vargas"},"description":"Jornalista formado pela UFSC, cobre macroeconomia, neg\u00f3cios e startups para o Suno Not\u00edcias, escrevendo principalmente not\u00edcias sobre o mercado financeiro e a bolsa de valores. No YouTube e no Instagram, \u00e9 respons\u00e1vel pela produ\u00e7\u00e3o de Reels e Shorts do Suno Not\u00edcias. Anteriormente, trabalhou cobrindo economia e cotidiano no ND+ e para o ND, maior jornal impresso de Santa Catarina. Cursou um semestre letivo de Estudos de M\u00eddia na Universidad de Buenos Aires.","url":"https:\/\/www.suno.com.br\/noticias\/author\/eduardo-vargas\/"}]}},"default_loop_html":"<div class=\"cardsPage__listCard__boxs\"><div class=\"cardsPage__listCard__boxs__img\"><a href=\"https:\/\/www.suno.com.br\/noticias\/marisa-amar3-mbank-unificar-negocios-financeiros\/\"><img class=\"mask\" src=\"https:\/\/www.suno.com.br\/noticias\/wp-content\/themes\/suno\/resources\/images\/spotlight\/spotlight1img\/bg-mask.png\" alt=\"Image Mask\"\/><img src=\"https:\/\/files.sunoresearch.com.br\/n\/uploads\/2020\/08\/7cce72c7-shutterstock_1512318734-400x200.webp\" alt=\"Marisa (AMAR3) cria o MBank Marisa para unificar neg\u00f3cios financeiros\"\/><\/a><span class=\"spotlightCategory\"><a href=\"https:\/\/www.suno.com.br\/noticias\/negocios\/\">Neg\u00f3cios<\/a><\/span><\/div><div class=\"cardsPage__listCard__boxs__content\"><a href=\"https:\/\/www.suno.com.br\/noticias\/marisa-amar3-mbank-unificar-negocios-financeiros\/\"><h2 class=\"content__title\">Marisa (AMAR3) cria o MBank Marisa para unificar neg\u00f3cios financeiros<\/h2><\/a><div class=\"newsContent__article__meta\"><div class=\"newsContent__article__meta__authorBox\"><a href=\"https:\/\/www.suno.com.br\/noticias\/author\/eduardo-vargas\/\" class=\"authorBox__avatar noMobi\"><img src=\"https:\/\/secure.gravatar.com\/avatar\/dac340933427a22924c9f99d1eb2e3f2?s=96&#038;r=g\" alt=\"Eduardo Vargas\"><\/a><div class=\"authorBox__name\"><span>por\n\t\t\t<a href=\"https:\/\/www.suno.com.br\/noticias\/author\/eduardo-vargas\/\"><span itemprop=\"author\">Eduardo Vargas<\/span><\/a><\/span><time datetime=\"2021-05-24T15:37:08-03:00\" itemprop=\"datePublished\">24\/05\/2021 15:37<\/time><\/div><\/div><\/div><\/div><\/div>","single_layout":"posts","amp_enabled":true,"_links":{"self":[{"href":"https:\/\/www.suno.com.br\/noticias\/wp-json\/wp\/v2\/posts\/150464"}],"collection":[{"href":"https:\/\/www.suno.com.br\/noticias\/wp-json\/wp\/v2\/posts"}],"about":[{"href":"https:\/\/www.suno.com.br\/noticias\/wp-json\/wp\/v2\/types\/post"}],"author":[{"embeddable":true,"href":"https:\/\/www.suno.com.br\/noticias\/wp-json\/wp\/v2\/users\/73"}],"replies":[{"embeddable":true,"href":"https:\/\/www.suno.com.br\/noticias\/wp-json\/wp\/v2\/comments?post=150464"}],"version-history":[{"count":4,"href":"https:\/\/www.suno.com.br\/noticias\/wp-json\/wp\/v2\/posts\/150464\/revisions"}],"predecessor-version":[{"id":150527,"href":"https:\/\/www.suno.com.br\/noticias\/wp-json\/wp\/v2\/posts\/150464\/revisions\/150527"}],"wp:featuredmedia":[{"embeddable":true,"href":"https:\/\/www.suno.com.br\/noticias\/wp-json\/wp\/v2\/media\/80453"}],"wp:attachment":[{"href":"https:\/\/www.suno.com.br\/noticias\/wp-json\/wp\/v2\/media?parent=150464"}],"wp:term":[{"taxonomy":"category","embeddable":true,"href":"https:\/\/www.suno.com.br\/noticias\/wp-json\/wp\/v2\/categories?post=150464"},{"taxonomy":"post_tag","embeddable":true,"href":"https:\/\/www.suno.com.br\/noticias\/wp-json\/wp\/v2\/tags?post=150464"},{"taxonomy":"suno_strategy","embeddable":true,"href":"https:\/\/www.suno.com.br\/noticias\/wp-json\/wp\/v2\/suno_strategy?post=150464"}],"curies":[{"name":"wp","href":"https:\/\/api.w.org\/{rel}","templated":true}]}}