{"id":15042,"date":"2019-02-12T18:28:52","date_gmt":"2019-02-12T20:28:52","guid":{"rendered":"https:\/\/www.suno.com.br\/noticias\/?p=15042"},"modified":"2021-02-18T17:53:58","modified_gmt":"2021-02-18T20:53:58","slug":"ibovespa-fecha-alta-alinhado-exterior","status":"publish","type":"post","link":"https:\/\/www.suno.com.br\/noticias\/ibovespa-fecha-alta-alinhado-exterior\/","title":{"rendered":"Ibovespa fecha em alta alinhado ao positivismo do exterior"},"content":{"rendered":"<p>O Ibovespa, principal \u00edndice da Bolsa de Valores de S\u00e3o Paulo, a B3, operou o dia todo em alta, ap\u00f3s sess\u00e3o de forte queda.<\/p>\t<div class=\"wrapper-featured-image\">\n\t\t<figure class=\"spotlightImg\">\n\n\t\t\t<picture>\n\t\t\t\t<source media=\"(max-width: 768px)\" srcset=\"https:\/\/files.sunoresearch.com.br\/n\/uploads\/2018\/09\/edd58c15-ibovespa-400x200.webp\">\n\t\t\t\t<img loading=\"lazy\" decoding=\"async\" class=\"newsContent__article__imgCapa lazyloadDisabled newsContent__article__imgCapa--noCaption\" src=\"https:\/\/files.sunoresearch.com.br\/n\/uploads\/2018\/09\/edd58c15-ibovespa-800x450.webp\" width=\"800\" height=\"450\" alt=\"Ibovespa fecha em alta alinhado ao positivismo do exterior\" fetchpriority=high \/>\n\t\t\t<\/picture>\n\n\t\t\t<figcaption class=\"wp-caption-text wp-caption-text--hide\">Ibovespa<\/figcaption>\n\t\t<\/figure>\n\t<\/div>\n\n\n<p>No entanto, o <strong>Ibovespa<\/strong> fechou o preg\u00e3o desta ter\u00e7a-feira (12) com uma alta de 1,86% somando 96.168,40 pontos.<\/p>\n<p>Durante a sess\u00e3o, o \u00edndice registrou sua pior marca na abertura do mercado, quando tinha\u00a094.419,93 pontos. No decorrer do dia o Ibovespa trabalhou em alta e por volta das 16h30 obteve sua melhor marca do preg\u00e3o\u00a096.571,42 pontos.<\/p>\n<p>Principais assuntos que movimentaram o mercado nesta ter\u00e7a:<\/p>\n<ul>\n<li><strong>Negocia\u00e7\u00f5es entre EUA e China;<\/strong><\/li>\n<li><strong>Acordo contra a paralisa\u00e7\u00e3o do governo dos EUA;<\/strong><\/li>\n<li><strong>Brexit;<\/strong><\/li>\n<li><strong>Bolsonaro no hospital.<\/strong><\/li>\n<\/ul>\n<h2>Negocia\u00e7\u00f5es entre EUA e China<\/h2>\n<p>O Representante de Com\u00e9rcio dos Estados Unidos da Am\u00e9rica (EUA), <strong>Robert Lighthizer<\/strong>, chegou a Pequim nesta ter\u00e7a-feira (12). Lighthizer participar\u00e1 de uma nova rodada de <strong>negocia\u00e7\u00f5es<\/strong>, para chegar a um acordo com a China. Antes que o prazo da tr\u00e9gua da <strong><a href=\"https:\/\/www.suno.com.br\/artigos\/guerra-comercial\/\">guerra comercial<\/a> <\/strong>tenha fim, em 1\u00ba mar\u00e7o.<\/p>\n<p><a href=\"https:\/\/www.suno.com.br\/noticias\/eua-china-negociacoes-guerra-comercial\/\">Saiba mais:\u00a0Representante comercial dos EUA chega \u00e0 China para negocia\u00e7\u00f5es<\/a><\/p>\n<p>De acordo com a Reuters, Lighthizer e o\u00a0secret\u00e1rio do Tesouro dos EUA, <strong>Steven Mnuchin<\/strong>, ter\u00e3o <strong>discuss\u00f5es<\/strong> na quinta e na sexta-feira com o vice-primeiro-ministro chin\u00eas, <strong>Liu He<\/strong>.<\/p>\n<h2>Acordo contra a paralisa\u00e7\u00e3o do governo dos EUA<\/h2>\n<p>Nesta segunda-feira (12), parlamentares dos <strong>Estados Unidos<\/strong> chegaram a um acordo preliminar para evitar uma nova paralisa\u00e7\u00e3o parcial do governo no s\u00e1bado (16).<\/p>\n<p>No entanto, n\u00e3o \u00e9 garantido que ele ser\u00e1 aceito pelo presidente <strong>Donald Trump<\/strong>. Afinal, de acordo com assessores, o acordo n\u00e3o inclui uma verba de US$ 5,7 bilh\u00f5es pedida por Trump para a constru\u00e7\u00e3o do muro na fronteira com o M\u00e9xico.<\/p>\n<h2>Brexit<\/h2>\n<p>A primeira-ministra do Reino Unido, Theresa May, informou aos ministros do Parlamento brit\u00e2nico que n\u00e3o ser\u00e1 poss\u00edvel votar o acordo revisado do Brexit nesta semana.<\/p>\n<p>De acordo com o porta-voz do governo, no comunicado desta ter\u00e7a-feira (12), <strong>Theresa\u00a0May<\/strong> afirmou que precisa de um pouco mais de tempo para negociar <strong>Brexit<\/strong> com a <strong>Uni\u00e3o Europeia (UE)<\/strong>.<\/p>\n<p><a href=\"https:\/\/www.suno.com.br\/noticias\/may-comunica-brexit-nao-votado\/\">Saiba mais:\u00a0May comunica ministros que Brexit n\u00e3o ser\u00e1 votado nesta semana<\/a><\/p>\n<p>&#8220;Ela disse que as discuss\u00f5es com a UE precisar\u00e3o de um pouco mais de tempo para serem conclu\u00eddas e que n\u00e3o apresentaremos [o acordo] para uma vota\u00e7\u00e3o nesta semana&#8221;, disse o porta-voz.<\/p>\n<h2>Bolsonaro no hospital<\/h2>\n<p>O presidente <strong>Jair Bolsonaro<\/strong> (PSL) mostrou evolu\u00e7\u00e3o em seu quadro cl\u00ednico e recebeu alta da unidade de terapia semi-intensiva. De acordo com o boletim m\u00e9dico, na \u00faltima segunda-feira (11), o presidente foi para o apartamento no Hospital Albert Einstein.<\/p>\n<p>No entanto, foi descartada a possibilidade de Bolsonaro receber a proposta da <strong>reforma da Previd\u00eancia<\/strong> enquanto estiver no hospital, segundo o porta-voz da Presid\u00eancia, general <strong>Ot\u00e1vio R\u00eago Barros<\/strong>, na \u00faltima segunda-feira (11).<\/p>\n<p>&#8220;Inicialmente est\u00e1 descartado que a proposta da reforma da Previd\u00eancia seja apresentada ao presidente Jair Bolsonaro no hospital&#8221;, disse o porta-voz.<\/p>\n<h2>Bolsas internacionais<\/h2>\n<ul>\n<li><strong>Nasdaq (Estados Unidos)<\/strong>: alta de +1,44%;<\/li>\n<li><strong>FTSE 100 (Reino Unido)<\/strong>: alta de 0,06%;<\/li>\n<li><strong>Nikkei (Jap\u00e3o)<\/strong>: alta de 2,61%;<\/li>\n<li><strong>CAC 40 (Fran\u00e7a)<\/strong>: alta de 0,84%.<\/li>\n<\/ul>\n<h2>Maiores altas<\/h2>\n<ul>\n<li><strong>BBAS3<\/strong>: alta de +6,16% (R$ 53,29);<\/li>\n<li><strong>VALE3<\/strong>: alta de +5,43% (R$ 44,30);<\/li>\n<li><strong>BRAP4<\/strong>: alta de +4,89% (R$ 27,48);<\/li>\n<li><strong>BTOW3<\/strong>: alta de +4,62% (R$ 46,40);<\/li>\n<li><strong>LREN3<\/strong>: alta de +3,86% (R$ 44,66).<\/li>\n<\/ul>\n<h2>Maiores baixas<\/h2>\n<ul>\n<li><strong>LAME4<\/strong>: queda de -3,16% (R$ 19,92);<\/li>\n<li><strong>SUZB3<\/strong>: queda de -2,87% (R$ 45,35);<\/li>\n<li><strong>KLBN11<\/strong>: queda de -2,83% (R$ 18,21);<\/li>\n<li><strong>MRFG3:\u00a0<\/strong>queda de -2,28% (R$ 5,58);<\/li>\n<li><strong>HYPE3<\/strong>: queda de -2,53% (R$ 29,99).<\/li>\n<\/ul>\n<h2>Mais negociadas<\/h2>\n<ul>\n<li><strong>PETR4<\/strong>: alta de +3,54% (R$ 25,72);<\/li>\n<li><strong>VALE3<\/strong>: alta de +5,43% (R$ 44,30);<\/li>\n<li><strong>ABEV3<\/strong>: queda de -0,21% (R$ 18,67);<\/li>\n<li><strong>ITUB4<\/strong>: alta de +2,39% (R$ 37,77);<\/li>\n<li><strong>BBDC4<\/strong>: alta de +2% (R$ 45,30).<\/li>\n<\/ul>\n<h2>\u00daltima cota\u00e7\u00e3o<\/h2>\n<p>O <strong>Ibovespa<\/strong> encerrou a sess\u00e3o da \u00faltima segunda-feira (11) registrando uma queda de 0,98 % e ficando com 94.412,91 pontos.<\/p>\n","protected":false},"excerpt":{"rendered":"<p>O Ibovespa, principal \u00edndice da Bolsa de Valores de S\u00e3o Paulo, a B3, operou o dia todo em alta, ap\u00f3s sess\u00e3o de forte queda. Ibovespa No entanto, o Ibovespa fechou o preg\u00e3o desta ter\u00e7a-feira (12) com uma alta de 1,86% somando 96.168,40 pontos. Durante a sess\u00e3o, o \u00edndice registrou sua pior marca na abertura do [&hellip;]<\/p>\n","protected":false},"author":11,"featured_media":3935,"comment_status":"closed","ping_status":"closed","sticky":false,"template":"","format":"standard","meta":[],"categories":[60],"tags":[753,711,724,793,980,721,719,940,853],"suno_strategy":[],"class_list":["post-15042","post","type-post","status-publish","format-standard","has-post-thumbnail","hentry","category-mercado","tag-brexit","tag-china","tag-donald-trump","tag-estados-unidos-eua","tag-guerra-comercial","tag-ibovespa","tag-jair-bolsonaro","tag-reforma-da-previdencia","tag-theresa-may"],"yoast_head":"<!-- This site is optimized with the Yoast SEO plugin v24.4 - https:\/\/yoast.com\/wordpress\/plugins\/seo\/ -->\n<title>Ibovespa fecha em alta alinhado ao positivismo do exterior<\/title>\n<meta name=\"description\" content=\"Ibovespa tem alta ap\u00f3s queda de 0,98% no preg\u00e3o de segunda (11); \u00cdndice da B3 operou o dia todo em alta. Clique para saber mais.\" \/>\n<meta name=\"robots\" content=\"index, follow, max-snippet:-1, max-image-preview:large, max-video-preview:-1\" \/>\n<link rel=\"canonical\" href=\"https:\/\/www.suno.com.br\/noticias\/ibovespa-fecha-alta-alinhado-exterior\/\" \/>\n<meta property=\"og:locale\" content=\"pt_BR\" \/>\n<meta property=\"og:type\" content=\"article\" \/>\n<meta property=\"og:title\" content=\"Ibovespa fecha em alta alinhado ao positivismo do exterior\" \/>\n<meta property=\"og:description\" content=\"Ibovespa tem alta ap\u00f3s queda de 0,98% no preg\u00e3o de segunda (11); \u00cdndice da B3 operou o dia todo em alta. Clique para saber mais.\" \/>\n<meta property=\"og:url\" content=\"https:\/\/www.suno.com.br\/noticias\/ibovespa-fecha-alta-alinhado-exterior\/\" \/>\n<meta property=\"og:site_name\" content=\"Suno Not\u00edcias\" \/>\n<meta property=\"article:publisher\" content=\"https:\/\/facebook.com\/sunoresearch\" \/>\n<meta property=\"og:image\" content=\"https:\/\/files.sunoresearch.com.br\/n\/uploads\/2018\/09\/edd58c15-ibovespa.jpg\" \/>\n\t<meta property=\"og:image:width\" content=\"1280\" \/>\n\t<meta property=\"og:image:height\" content=\"853\" \/>\n\t<meta property=\"og:image:type\" content=\"image\/jpeg\" \/>\n<meta name=\"author\" content=\"Renan Bandeira\" \/>\n<meta name=\"twitter:card\" content=\"summary_large_image\" \/>\n<meta name=\"twitter:creator\" content=\"@sunoresearch\" \/>\n<meta name=\"twitter:site\" content=\"@sunoresearch\" \/>\n<meta name=\"twitter:label1\" content=\"Escrito por\" \/>\n\t<meta name=\"twitter:data1\" content=\"Renan Bandeira\" \/>\n\t<meta name=\"twitter:label2\" content=\"Est. tempo de leitura\" \/>\n\t<meta name=\"twitter:data2\" content=\"3 minutos\" \/>\n<script type=\"application\/ld+json\" class=\"yoast-schema-graph\">{\"@context\":\"https:\/\/schema.org\",\"@graph\":[{\"@type\":\"NewsArticle\",\"@id\":\"https:\/\/www.suno.com.br\/noticias\/ibovespa-fecha-alta-alinhado-exterior\/#article\",\"isPartOf\":{\"@id\":\"https:\/\/www.suno.com.br\/noticias\/ibovespa-fecha-alta-alinhado-exterior\/\"},\"author\":{\"name\":\"Renan Bandeira\",\"@id\":\"https:\/\/www.suno.com.br\/noticias\/#\/schema\/person\/fc144a1c6108bd1dcd43784e88a3c138\"},\"headline\":\"Ibovespa fecha em alta alinhado ao positivismo do exterior\",\"datePublished\":\"2019-02-12T20:28:52+00:00\",\"dateModified\":\"2021-02-18T20:53:58+00:00\",\"mainEntityOfPage\":{\"@id\":\"https:\/\/www.suno.com.br\/noticias\/ibovespa-fecha-alta-alinhado-exterior\/\"},\"wordCount\":623,\"publisher\":{\"@id\":\"https:\/\/www.suno.com.br\/noticias\/#organization\"},\"image\":{\"@id\":\"https:\/\/www.suno.com.br\/noticias\/ibovespa-fecha-alta-alinhado-exterior\/#primaryimage\"},\"thumbnailUrl\":\"https:\/\/files.sunoresearch.com.br\/n\/uploads\/2018\/09\/edd58c15-ibovespa-jpg.webp\",\"keywords\":[\"Brexit\",\"China\",\"Donald Trump\",\"Estados Unidos (EUA)\",\"guerra comercial\",\"Ibovespa\",\"Jair Bolsonaro\",\"Reforma da Previd\u00eancia\",\"Theresa May\"],\"articleSection\":[\"Mercado\"],\"inLanguage\":\"pt-BR\"},{\"@type\":\"WebPage\",\"@id\":\"https:\/\/www.suno.com.br\/noticias\/ibovespa-fecha-alta-alinhado-exterior\/\",\"url\":\"https:\/\/www.suno.com.br\/noticias\/ibovespa-fecha-alta-alinhado-exterior\/\",\"name\":\"Ibovespa fecha em alta alinhado ao positivismo do exterior\",\"isPartOf\":{\"@id\":\"https:\/\/www.suno.com.br\/noticias\/#website\"},\"primaryImageOfPage\":{\"@id\":\"https:\/\/www.suno.com.br\/noticias\/ibovespa-fecha-alta-alinhado-exterior\/#primaryimage\"},\"image\":{\"@id\":\"https:\/\/www.suno.com.br\/noticias\/ibovespa-fecha-alta-alinhado-exterior\/#primaryimage\"},\"thumbnailUrl\":\"https:\/\/files.sunoresearch.com.br\/n\/uploads\/2018\/09\/edd58c15-ibovespa-jpg.webp\",\"datePublished\":\"2019-02-12T20:28:52+00:00\",\"dateModified\":\"2021-02-18T20:53:58+00:00\",\"description\":\"Ibovespa tem alta ap\u00f3s queda de 0,98% no preg\u00e3o de segunda (11); \u00cdndice da B3 operou o dia todo em alta. Clique para saber mais.\",\"breadcrumb\":{\"@id\":\"https:\/\/www.suno.com.br\/noticias\/ibovespa-fecha-alta-alinhado-exterior\/#breadcrumb\"},\"inLanguage\":\"pt-BR\",\"potentialAction\":[{\"@type\":\"ReadAction\",\"target\":[\"https:\/\/www.suno.com.br\/noticias\/ibovespa-fecha-alta-alinhado-exterior\/\"]}]},{\"@type\":\"ImageObject\",\"inLanguage\":\"pt-BR\",\"@id\":\"https:\/\/www.suno.com.br\/noticias\/ibovespa-fecha-alta-alinhado-exterior\/#primaryimage\",\"url\":\"https:\/\/files.sunoresearch.com.br\/n\/uploads\/2018\/09\/edd58c15-ibovespa-jpg.webp\",\"contentUrl\":\"https:\/\/files.sunoresearch.com.br\/n\/uploads\/2018\/09\/edd58c15-ibovespa-jpg.webp\",\"width\":1280,\"height\":853,\"caption\":\"Ibovespa\"},{\"@type\":\"BreadcrumbList\",\"@id\":\"https:\/\/www.suno.com.br\/noticias\/ibovespa-fecha-alta-alinhado-exterior\/#breadcrumb\",\"itemListElement\":[{\"@type\":\"ListItem\",\"position\":1,\"name\":\"Not\u00edcias\",\"item\":\"https:\/\/www.suno.com.br\/noticias\/\"},{\"@type\":\"ListItem\",\"position\":2,\"name\":\"Mercado\",\"item\":\"https:\/\/www.suno.com.br\/noticias\/mercado\/\"},{\"@type\":\"ListItem\",\"position\":3,\"name\":\"Ibovespa fecha em alta alinhado ao positivismo do exterior\"}]},{\"@type\":\"WebSite\",\"@id\":\"https:\/\/www.suno.com.br\/noticias\/#website\",\"url\":\"https:\/\/www.suno.com.br\/noticias\/\",\"name\":\"Suno Not\u00edcias\",\"description\":\"Seu portal de informa\u00e7\u00e3o sobre o mundo dos investimentos\",\"publisher\":{\"@id\":\"https:\/\/www.suno.com.br\/noticias\/#organization\"},\"potentialAction\":[{\"@type\":\"SearchAction\",\"target\":{\"@type\":\"EntryPoint\",\"urlTemplate\":\"https:\/\/www.suno.com.br\/noticias\/?s={search_term_string}\"},\"query-input\":{\"@type\":\"PropertyValueSpecification\",\"valueRequired\":true,\"valueName\":\"search_term_string\"}}],\"inLanguage\":\"pt-BR\"},{\"@type\":\"Organization\",\"@id\":\"https:\/\/www.suno.com.br\/noticias\/#organization\",\"name\":\"Suno Not\u00edcias\",\"url\":\"https:\/\/www.suno.com.br\/noticias\/\",\"logo\":{\"@type\":\"ImageObject\",\"inLanguage\":\"pt-BR\",\"@id\":\"https:\/\/www.suno.com.br\/noticias\/#\/schema\/logo\/image\/\",\"url\":\"https:\/\/files.sunoresearch.com.br\/n\/uploads\/2021\/09\/suno-logo.png\",\"contentUrl\":\"https:\/\/files.sunoresearch.com.br\/n\/uploads\/2021\/09\/suno-logo.png\",\"width\":180,\"height\":180,\"caption\":\"Suno Not\u00edcias\"},\"image\":{\"@id\":\"https:\/\/www.suno.com.br\/noticias\/#\/schema\/logo\/image\/\"},\"sameAs\":[\"https:\/\/facebook.com\/sunoresearch\",\"https:\/\/x.com\/sunoresearch\",\"https:\/\/www.instagram.com\/suno\",\"https:\/\/www.linkedin.com\/company\/suno-research\/\",\"https:\/\/www.youtube.com\/c\/sunoresearch\"]},{\"@type\":\"Person\",\"@id\":\"https:\/\/www.suno.com.br\/noticias\/#\/schema\/person\/fc144a1c6108bd1dcd43784e88a3c138\",\"name\":\"Renan Bandeira\",\"image\":{\"@type\":\"ImageObject\",\"inLanguage\":\"pt-BR\",\"@id\":\"https:\/\/www.suno.com.br\/noticias\/#\/schema\/person\/image\/\",\"url\":\"https:\/\/secure.gravatar.com\/avatar\/68359cdb608f14f11bbefcb78f3fc747?s=96&r=g\",\"contentUrl\":\"https:\/\/secure.gravatar.com\/avatar\/68359cdb608f14f11bbefcb78f3fc747?s=96&r=g\",\"caption\":\"Renan Bandeira\"},\"description\":\"Renan Bandeira escreve sobre pol\u00edtica e economia para o portal da Suno Research. Antes da Suno, trabalhou em uma rede de televis\u00e3o, onde fazia reportagens sobre os mesmos temas. Estuda na Universidade Metodista de S\u00e3o Paulo.\",\"url\":\"https:\/\/www.suno.com.br\/noticias\/author\/renan-bandeira\/\"}]}<\/script>\n<!-- \/ Yoast SEO plugin. -->","yoast_head_json":{"title":"Ibovespa fecha em alta alinhado ao positivismo do exterior","description":"Ibovespa tem alta ap\u00f3s queda de 0,98% no preg\u00e3o de segunda (11); \u00cdndice da B3 operou o dia todo em alta. Clique para saber mais.","robots":{"index":"index","follow":"follow","max-snippet":"max-snippet:-1","max-image-preview":"max-image-preview:large","max-video-preview":"max-video-preview:-1"},"canonical":"https:\/\/www.suno.com.br\/noticias\/ibovespa-fecha-alta-alinhado-exterior\/","og_locale":"pt_BR","og_type":"article","og_title":"Ibovespa fecha em alta alinhado ao positivismo do exterior","og_description":"Ibovespa tem alta ap\u00f3s queda de 0,98% no preg\u00e3o de segunda (11); \u00cdndice da B3 operou o dia todo em alta. Clique para saber mais.","og_url":"https:\/\/www.suno.com.br\/noticias\/ibovespa-fecha-alta-alinhado-exterior\/","og_site_name":"Suno Not\u00edcias","article_publisher":"https:\/\/facebook.com\/sunoresearch","og_image":[{"width":1280,"height":853,"url":"https:\/\/files.sunoresearch.com.br\/n\/uploads\/2018\/09\/edd58c15-ibovespa.jpg","type":"image\/jpeg"}],"author":"Renan Bandeira","twitter_card":"summary_large_image","twitter_creator":"@sunoresearch","twitter_site":"@sunoresearch","twitter_misc":{"Escrito por":"Renan Bandeira","Est. tempo de leitura":"3 minutos"},"schema":{"@context":"https:\/\/schema.org","@graph":[{"@type":"NewsArticle","@id":"https:\/\/www.suno.com.br\/noticias\/ibovespa-fecha-alta-alinhado-exterior\/#article","isPartOf":{"@id":"https:\/\/www.suno.com.br\/noticias\/ibovespa-fecha-alta-alinhado-exterior\/"},"author":{"name":"Renan Bandeira","@id":"https:\/\/www.suno.com.br\/noticias\/#\/schema\/person\/fc144a1c6108bd1dcd43784e88a3c138"},"headline":"Ibovespa fecha em alta alinhado ao positivismo do exterior","datePublished":"2019-02-12T20:28:52+00:00","dateModified":"2021-02-18T20:53:58+00:00","mainEntityOfPage":{"@id":"https:\/\/www.suno.com.br\/noticias\/ibovespa-fecha-alta-alinhado-exterior\/"},"wordCount":623,"publisher":{"@id":"https:\/\/www.suno.com.br\/noticias\/#organization"},"image":{"@id":"https:\/\/www.suno.com.br\/noticias\/ibovespa-fecha-alta-alinhado-exterior\/#primaryimage"},"thumbnailUrl":"https:\/\/files.sunoresearch.com.br\/n\/uploads\/2018\/09\/edd58c15-ibovespa-jpg.webp","keywords":["Brexit","China","Donald Trump","Estados Unidos (EUA)","guerra comercial","Ibovespa","Jair Bolsonaro","Reforma da Previd\u00eancia","Theresa May"],"articleSection":["Mercado"],"inLanguage":"pt-BR"},{"@type":"WebPage","@id":"https:\/\/www.suno.com.br\/noticias\/ibovespa-fecha-alta-alinhado-exterior\/","url":"https:\/\/www.suno.com.br\/noticias\/ibovespa-fecha-alta-alinhado-exterior\/","name":"Ibovespa fecha em alta alinhado ao positivismo do exterior","isPartOf":{"@id":"https:\/\/www.suno.com.br\/noticias\/#website"},"primaryImageOfPage":{"@id":"https:\/\/www.suno.com.br\/noticias\/ibovespa-fecha-alta-alinhado-exterior\/#primaryimage"},"image":{"@id":"https:\/\/www.suno.com.br\/noticias\/ibovespa-fecha-alta-alinhado-exterior\/#primaryimage"},"thumbnailUrl":"https:\/\/files.sunoresearch.com.br\/n\/uploads\/2018\/09\/edd58c15-ibovespa-jpg.webp","datePublished":"2019-02-12T20:28:52+00:00","dateModified":"2021-02-18T20:53:58+00:00","description":"Ibovespa tem alta ap\u00f3s queda de 0,98% no preg\u00e3o de segunda (11); \u00cdndice da B3 operou o dia todo em alta. Clique para saber mais.","breadcrumb":{"@id":"https:\/\/www.suno.com.br\/noticias\/ibovespa-fecha-alta-alinhado-exterior\/#breadcrumb"},"inLanguage":"pt-BR","potentialAction":[{"@type":"ReadAction","target":["https:\/\/www.suno.com.br\/noticias\/ibovespa-fecha-alta-alinhado-exterior\/"]}]},{"@type":"ImageObject","inLanguage":"pt-BR","@id":"https:\/\/www.suno.com.br\/noticias\/ibovespa-fecha-alta-alinhado-exterior\/#primaryimage","url":"https:\/\/files.sunoresearch.com.br\/n\/uploads\/2018\/09\/edd58c15-ibovespa-jpg.webp","contentUrl":"https:\/\/files.sunoresearch.com.br\/n\/uploads\/2018\/09\/edd58c15-ibovespa-jpg.webp","width":1280,"height":853,"caption":"Ibovespa"},{"@type":"BreadcrumbList","@id":"https:\/\/www.suno.com.br\/noticias\/ibovespa-fecha-alta-alinhado-exterior\/#breadcrumb","itemListElement":[{"@type":"ListItem","position":1,"name":"Not\u00edcias","item":"https:\/\/www.suno.com.br\/noticias\/"},{"@type":"ListItem","position":2,"name":"Mercado","item":"https:\/\/www.suno.com.br\/noticias\/mercado\/"},{"@type":"ListItem","position":3,"name":"Ibovespa fecha em alta alinhado ao positivismo do exterior"}]},{"@type":"WebSite","@id":"https:\/\/www.suno.com.br\/noticias\/#website","url":"https:\/\/www.suno.com.br\/noticias\/","name":"Suno Not\u00edcias","description":"Seu portal de informa\u00e7\u00e3o sobre o mundo dos investimentos","publisher":{"@id":"https:\/\/www.suno.com.br\/noticias\/#organization"},"potentialAction":[{"@type":"SearchAction","target":{"@type":"EntryPoint","urlTemplate":"https:\/\/www.suno.com.br\/noticias\/?s={search_term_string}"},"query-input":{"@type":"PropertyValueSpecification","valueRequired":true,"valueName":"search_term_string"}}],"inLanguage":"pt-BR"},{"@type":"Organization","@id":"https:\/\/www.suno.com.br\/noticias\/#organization","name":"Suno Not\u00edcias","url":"https:\/\/www.suno.com.br\/noticias\/","logo":{"@type":"ImageObject","inLanguage":"pt-BR","@id":"https:\/\/www.suno.com.br\/noticias\/#\/schema\/logo\/image\/","url":"https:\/\/files.sunoresearch.com.br\/n\/uploads\/2021\/09\/suno-logo.png","contentUrl":"https:\/\/files.sunoresearch.com.br\/n\/uploads\/2021\/09\/suno-logo.png","width":180,"height":180,"caption":"Suno Not\u00edcias"},"image":{"@id":"https:\/\/www.suno.com.br\/noticias\/#\/schema\/logo\/image\/"},"sameAs":["https:\/\/facebook.com\/sunoresearch","https:\/\/x.com\/sunoresearch","https:\/\/www.instagram.com\/suno","https:\/\/www.linkedin.com\/company\/suno-research\/","https:\/\/www.youtube.com\/c\/sunoresearch"]},{"@type":"Person","@id":"https:\/\/www.suno.com.br\/noticias\/#\/schema\/person\/fc144a1c6108bd1dcd43784e88a3c138","name":"Renan Bandeira","image":{"@type":"ImageObject","inLanguage":"pt-BR","@id":"https:\/\/www.suno.com.br\/noticias\/#\/schema\/person\/image\/","url":"https:\/\/secure.gravatar.com\/avatar\/68359cdb608f14f11bbefcb78f3fc747?s=96&r=g","contentUrl":"https:\/\/secure.gravatar.com\/avatar\/68359cdb608f14f11bbefcb78f3fc747?s=96&r=g","caption":"Renan Bandeira"},"description":"Renan Bandeira escreve sobre pol\u00edtica e economia para o portal da Suno Research. Antes da Suno, trabalhou em uma rede de televis\u00e3o, onde fazia reportagens sobre os mesmos temas. Estuda na Universidade Metodista de S\u00e3o Paulo.","url":"https:\/\/www.suno.com.br\/noticias\/author\/renan-bandeira\/"}]}},"default_loop_html":"<div class=\"cardsPage__listCard__boxs\"><div class=\"cardsPage__listCard__boxs__img\"><a href=\"https:\/\/www.suno.com.br\/noticias\/ibovespa-fecha-alta-alinhado-exterior\/\"><img class=\"mask\" src=\"https:\/\/www.suno.com.br\/noticias\/wp-content\/themes\/suno\/resources\/images\/spotlight\/spotlight1img\/bg-mask.png\" alt=\"Image Mask\"\/><img src=\"https:\/\/files.sunoresearch.com.br\/n\/uploads\/2018\/09\/edd58c15-ibovespa-400x200.webp\" alt=\"Ibovespa fecha em alta alinhado ao positivismo do exterior\"\/><\/a><span class=\"spotlightCategory\"><a href=\"https:\/\/www.suno.com.br\/noticias\/mercado\/\">Mercado<\/a><\/span><\/div><div class=\"cardsPage__listCard__boxs__content\"><a href=\"https:\/\/www.suno.com.br\/noticias\/ibovespa-fecha-alta-alinhado-exterior\/\"><h2 class=\"content__title\">Ibovespa fecha em alta alinhado ao positivismo do exterior<\/h2><\/a><div class=\"newsContent__article__meta\"><div class=\"newsContent__article__meta__authorBox\"><a href=\"https:\/\/www.suno.com.br\/noticias\/author\/renan-bandeira\/\" class=\"authorBox__avatar noMobi\"><img src=\"https:\/\/secure.gravatar.com\/avatar\/68359cdb608f14f11bbefcb78f3fc747?s=96&#038;r=g\" alt=\"Renan Bandeira\"><\/a><div class=\"authorBox__name\"><span>por\n\t\t\t<a href=\"https:\/\/www.suno.com.br\/noticias\/author\/renan-bandeira\/\"><span itemprop=\"author\">Renan Bandeira<\/span><\/a><\/span><time datetime=\"2019-02-12T18:28:52-02:00\" itemprop=\"datePublished\">12\/02\/2019 18:28<\/time><\/div><\/div><\/div><\/div><\/div>","single_layout":"posts","amp_enabled":true,"_links":{"self":[{"href":"https:\/\/www.suno.com.br\/noticias\/wp-json\/wp\/v2\/posts\/15042"}],"collection":[{"href":"https:\/\/www.suno.com.br\/noticias\/wp-json\/wp\/v2\/posts"}],"about":[{"href":"https:\/\/www.suno.com.br\/noticias\/wp-json\/wp\/v2\/types\/post"}],"author":[{"embeddable":true,"href":"https:\/\/www.suno.com.br\/noticias\/wp-json\/wp\/v2\/users\/11"}],"replies":[{"embeddable":true,"href":"https:\/\/www.suno.com.br\/noticias\/wp-json\/wp\/v2\/comments?post=15042"}],"version-history":[{"count":0,"href":"https:\/\/www.suno.com.br\/noticias\/wp-json\/wp\/v2\/posts\/15042\/revisions"}],"wp:featuredmedia":[{"embeddable":true,"href":"https:\/\/www.suno.com.br\/noticias\/wp-json\/wp\/v2\/media\/3935"}],"wp:attachment":[{"href":"https:\/\/www.suno.com.br\/noticias\/wp-json\/wp\/v2\/media?parent=15042"}],"wp:term":[{"taxonomy":"category","embeddable":true,"href":"https:\/\/www.suno.com.br\/noticias\/wp-json\/wp\/v2\/categories?post=15042"},{"taxonomy":"post_tag","embeddable":true,"href":"https:\/\/www.suno.com.br\/noticias\/wp-json\/wp\/v2\/tags?post=15042"},{"taxonomy":"suno_strategy","embeddable":true,"href":"https:\/\/www.suno.com.br\/noticias\/wp-json\/wp\/v2\/suno_strategy?post=15042"}],"curies":[{"name":"wp","href":"https:\/\/api.w.org\/{rel}","templated":true}]}}