{"id":150390,"date":"2021-06-07T10:00:14","date_gmt":"2021-06-07T13:00:14","guid":{"rendered":"https:\/\/www.suno.com.br\/noticias\/?p=150390"},"modified":"2021-06-07T10:14:12","modified_gmt":"2021-06-07T13:14:12","slug":"vale-saude-credicard-healthfintech","status":"publish","type":"post","link":"https:\/\/www.suno.com.br\/noticias\/vale-saude-credicard-healthfintech\/","title":{"rendered":"Vale Sa\u00fade Sempre \u00e9 aposta de Brigag\u00e3o, ex-CEO da Credicard, em &#8220;healthfintech&#8221;"},"content":{"rendered":"<p>O empres\u00e1rio Eduardo Brigag\u00e3o n\u00e3o \u00e9 do tipo que aproveitaria a aposentadoria apenas no conforto do lar. Depois de atuar como vice-presidente do Citibank e<a href=\"https:\/\/www.suno.com.br\/artigos\/ceo\/\"> diretor-presidente (CEO)<\/a> da Credicard, o executivo voltou ao batente ap\u00f3s os 70 anos e optou por desenhar um neg\u00f3cio com impacto social. Foi assim que surgiu a <strong>Vale Sa\u00fade Sempre<\/strong>, uma &#8220;healthfintech&#8221;, que oferta de cart\u00f5es pr\u00e9-pagos voltados a exames e consultas de sa\u00fade.<\/p>\t<div class=\"wrapper-featured-image\">\n\t\t<figure class=\"spotlightImg\">\n\n\t\t\t<picture>\n\t\t\t\t<source media=\"(max-width: 768px)\" srcset=\"https:\/\/files.sunoresearch.com.br\/n\/uploads\/2021\/03\/1633a1de-setor-saude-400x200.webp\">\n\t\t\t\t<img loading=\"lazy\" decoding=\"async\" class=\"newsContent__article__imgCapa lazyloadDisabled \" src=\"https:\/\/files.sunoresearch.com.br\/n\/uploads\/2021\/03\/1633a1de-setor-saude-800x450.webp\" width=\"800\" height=\"450\" alt=\"Vale Sa\u00fade Sempre \u00e9 aposta de Brigag\u00e3o, ex-CEO da Credicard, em &#8220;healthfintech&#8221;\" fetchpriority=high \/>\n\t\t\t<\/picture>\n\n\t\t\t<figcaption class=\"wp-caption-text wp-caption-text--show\">Hapvida (HAPV3) e mais: BTG  elege suas favoritas na sa\u00fade.Foto: Pixabay<\/figcaption>\n\t\t<\/figure>\n\t<\/div>\n\n\n\t<p>\n\t\t<a href=\"\" target=\"_blank\" data-element=\"shortcode-suno-banner\" title=\"Banner SUNO, clique e saiba mais\">\n\t\t\t<picture>\n\t\t\t\t<source media=\"(max-width: 500px)\" srcset=\"\">\n\t\t\t\t<img class=\"newsContent__article__imgCapa newsContent__article__imgCapa--banner\"\n\t\t\t\t\tsrc=\"\"\n\t\t\t\t\tdata-promo-id=\"138420\"\t\t\t\t\t\t\t\t\t\t\t\t\t\t\talt=\"\"\n\t\t\t\t>\n\t\t\t<\/picture>\n\t\t<\/a>\n\t<\/p>\n\n\n<p>&#8220;Me considero muito patriota e queria me dedicar ao Pa\u00eds, que tem muito problema. Por isso, pensei em fazer um trabalho que tenha um impacto social positivo, de onde saiu a Vale Sa\u00fade Sempre&#8221;, disse <strong>Brigag\u00e3o<\/strong>.<\/p>\n<p>Completando dez anos de exist\u00eancia, a Vale Sa\u00fade Sempre faturou R$ 4 milh\u00f5es no ano passado e possui uma rede de cerca de 500 mil beneficiados. Agora, em meio \u00e0 pandemia do novo coronav\u00edrus (covid-19), a empresa busca ampliar a atua\u00e7\u00e3o B2C para ser uma alternativa entre a rede p\u00fablica de sa\u00fade (SUS) e os planos de sa\u00fade particulares.<\/p>\n<p><a href=\"https:\/\/lp.suno.com.br\/suno-one\/\">Suno One: acesse gratuitamente eBooks, Minicursos, Artigos e V\u00eddeo Aulas sobre investimentos com um \u00fanico cadastro. Clique para saber mais!<\/a><\/p>\n<p>&#8220;Hoje muitas pessoas est\u00e3o perdendo os planos. Vendo a qualidade do que n\u00f3s ofertamos, podemos suprir essa necessidade. Os laborat\u00f3rios e cl\u00ednicas t\u00eam um pre\u00e7o baixo para os planos. Mas como nosso cart\u00e3o \u00e9 pr\u00e9-pago, eles t\u00eam a garantia de receber e pagamos em uma semana. Pelo lado das cl\u00ednicas, eles t\u00eam o interesse de receber nosso cliente que n\u00e3o tem plano, pois entendem que somos um bra\u00e7o para levar novos clientes&#8221;, afirmou o CEO.<\/p>\n<p>A estrutura da Vale Sa\u00fade Sempre \u00e9, de certa forma, simples. O benefici\u00e1rio ou a empresa contrata o cart\u00e3o por R$ 29,90 por m\u00eas e tem acesso a pre\u00e7os mais baixos ou gratuitos em<strong> consultas m\u00e9dicas e exames<\/strong>, al\u00e9m de descontos em medicamentos, servi\u00e7os de fisioterapia e psicologia, por exemplo.<\/p>\n<p>&#8220;Na realidade, somos uma <strong>healthfintech<\/strong>. Somos uma empresa que \u00e9 uma institui\u00e7\u00e3o de pagamento, mas damos acesso a sa\u00fade. Ela \u00e9 uma administradora de <strong>cart\u00f5es pr\u00e9-pagos<\/strong>, exatamente o que era a <strong>Credicard<\/strong> na minha \u00e9poca&#8221;, relembra Brigag\u00e3o.<\/p>\n\t<div data-element=\"shortcode-read-more\" class=\"knowMore\">\n\t\t\t\t<span class=\"knowMore__title\">Veja Tamb\u00e9m<\/span>\n\t\t\t\t<a class=\"knowMore__link\" href=\"https:\/\/www.suno.com.br\/noticias\/alice-saude-custos\/\">\n\t\t\tNa healthtech Alice, o segredo do neg\u00f3cio \u00e9 mais sa\u00fade e menos custos\t\t<\/a>\n\t<\/div>\n\n\n<p>&#8220;O setor de adquir\u00eancia \u00e9 que n\u00f3s vamos nas cl\u00ednicas para contrat\u00e1-los, depois trazemos todos os dados para dentro de casa, sabemos qual exame, onde, etc. Ent\u00e3o usamos essa tecnologia e fazemos o pagamento aos prestadores de servi\u00e7o. Ent\u00e3o todas essas \u00e1reas est\u00e3o dentro de casa e ainda pagamos na semana seguinte&#8221;, disse.<\/p>\n<p>Para colocar o projeto de p\u00e9, o executivo conta com um grande grupo de colaboradores, que se tornaram s\u00f3cios na empreitada.<\/p>\n<p>&#8220;Admitimos como s\u00f3cios <a href=\"https:\/\/www.suno.com.br\/artigos\/investidor-anjo\/\">83 <strong>investidores anjo<\/strong><\/a>. Eles s\u00e3o de dois grupos, 60 deles s\u00e3o ex-alunos de Harvard, executivos de primeira linha e grandes empres\u00e1rios, e mais 23 acionistas do grupo NEB, que aderiram&#8221;, disse.<\/p>\n<p>De acordo com Brigag\u00e3o, a empresa opera pr\u00f3xima do breakeven, mas ainda reinveste todo o capital sem ter a necessidade de retiradas.<\/p>\n<p>&#8220;Trabalhamos <a href=\"https:\/\/www.suno.com.br\/artigos\/breakeven\/\">sempre perto desse <strong>breakeven<\/strong><\/a>, reinvestimos todo o capital, ainda sem projetar quando vamos parar. Fomos os primeiros, mas achamos que a concorr\u00eancia ainda vai continuar a crescer&#8221;, disse.<\/p>\n<p>&#8220;Hoje a empresa n\u00e3o tem d\u00edvida, funciona com o capital que adquirimos e imaginamos sempre continuar dessa maneira&#8221;, completa.<\/p>\n<p>O desafio da <strong>Vale Sa\u00fade Sempre<\/strong> agora \u00e9 migrar ainda mais para o B2C, tentando reduzir o CAC, o custo de aquisi\u00e7\u00e3o por cliente. &#8220;Vender por telefone \u00e9 car\u00edssimo. Estamos tentando agora fazer um programa mostrando a empresa, \u00e9 um programa que est\u00e1 no come\u00e7o e saber se o cliente vir\u00e1 atrav\u00e9s de m\u00eddia e marketing digital&#8221;, disse.<\/p>\n\t<p>\n\t\t<a href=\"https:\/\/lp.suno.com.br\/planilha-de-controle-de-investimentos\/\" target=\"_blank\" data-element=\"shortcode-suno-banner\" title=\"Banner SUNO, clique e saiba mais\">\n\t\t\t<picture>\n\t\t\t\t<source media=\"(max-width: 500px)\" srcset=\"https:\/\/files.sunoresearch.com.br\/n\/uploads\/2023\/03\/400x300-Controle-de-Investimentos.png\">\n\t\t\t\t<img class=\"newsContent__article__imgCapa newsContent__article__imgCapa--banner\"\n\t\t\t\t\tsrc=\"https:\/\/files.sunoresearch.com.br\/n\/uploads\/2023\/03\/1420x240-Controle-de-Investimentos.png\"\n\t\t\t\t\tdata-promo-id=\"75934\"\t\t\t\t\t\t\t\t\t\twidth='1420' height='240'\t\t\t\t\talt=\"https:\/\/files.sunoresearch.com.br\/n\/uploads\/2023\/03\/1420x240-Controle-de-Investimentos.png\"\n\t\t\t\t>\n\t\t\t<\/picture>\n\t\t<\/a>\n\t<\/p>\n\n\n","protected":false},"excerpt":{"rendered":"<p>O empres\u00e1rio Eduardo Brigag\u00e3o n\u00e3o \u00e9 do tipo que aproveitaria a aposentadoria apenas no conforto do lar. Depois de atuar como vice-presidente do Citibank e diretor-presidente (CEO) da Credicard, o executivo voltou ao batente ap\u00f3s os 70 anos e optou por desenhar um neg\u00f3cio com impacto social. Foi assim que surgiu a Vale Sa\u00fade Sempre, [&hellip;]<\/p>\n","protected":false},"author":27,"featured_media":130482,"comment_status":"closed","ping_status":"closed","sticky":false,"template":"","format":"standard","meta":[],"categories":[106394],"tags":[1181,106386,1629,106384],"suno_strategy":[],"class_list":["post-150390","post","type-post","status-publish","format-standard","has-post-thumbnail","hentry","category-startups","tag-citibank","tag-credicard","tag-fintechs","tag-vale-saude-sempre"],"yoast_head":"<!-- This site is optimized with the Yoast SEO plugin v24.4 - https:\/\/yoast.com\/wordpress\/plugins\/seo\/ -->\n<title>Vale Sa\u00fade Sempre \u00e9 aposta de Brigag\u00e3o, ex-Credicard, em healthfintech<\/title>\n<meta name=\"description\" content=\"Eduardo Brigag\u00e3o, que foi vice-presidente do Citibank e (CEO) da Credicard, agora aposta na Vale Sa\u00fade Sempre. Clique para ler.\" \/>\n<meta name=\"robots\" content=\"index, follow, max-snippet:-1, max-image-preview:large, max-video-preview:-1\" \/>\n<link rel=\"canonical\" href=\"https:\/\/www.suno.com.br\/noticias\/vale-saude-credicard-healthfintech\/\" \/>\n<meta property=\"og:locale\" content=\"pt_BR\" \/>\n<meta property=\"og:type\" content=\"article\" \/>\n<meta property=\"og:title\" content=\"Vale Sa\u00fade Sempre \u00e9 aposta de Brigag\u00e3o, ex-Credicard, em healthfintech\" \/>\n<meta property=\"og:description\" content=\"Eduardo Brigag\u00e3o, que foi vice-presidente do Citibank e (CEO) da Credicard, agora aposta na Vale Sa\u00fade Sempre. Clique para ler.\" \/>\n<meta property=\"og:url\" content=\"https:\/\/www.suno.com.br\/noticias\/vale-saude-credicard-healthfintech\/\" \/>\n<meta property=\"og:site_name\" content=\"Suno Not\u00edcias\" \/>\n<meta property=\"article:publisher\" content=\"https:\/\/facebook.com\/sunoresearch\" \/>\n<meta property=\"og:image\" content=\"https:\/\/files.sunoresearch.com.br\/n\/uploads\/2021\/03\/1633a1de-setor-saude.jpg\" \/>\n\t<meta property=\"og:image:width\" content=\"1200\" \/>\n\t<meta property=\"og:image:height\" content=\"799\" \/>\n\t<meta property=\"og:image:type\" content=\"image\/jpeg\" \/>\n<meta name=\"author\" content=\"Vinicius Pereira\" \/>\n<meta name=\"twitter:card\" content=\"summary_large_image\" \/>\n<meta name=\"twitter:creator\" content=\"@https:\/\/twitter.com\/viniciuspjornal\" \/>\n<meta name=\"twitter:site\" content=\"@sunoresearch\" \/>\n<meta name=\"twitter:label1\" content=\"Escrito por\" \/>\n\t<meta name=\"twitter:data1\" content=\"Vinicius Pereira\" \/>\n\t<meta name=\"twitter:label2\" content=\"Est. tempo de leitura\" \/>\n\t<meta name=\"twitter:data2\" content=\"3 minutos\" \/>\n<script type=\"application\/ld+json\" class=\"yoast-schema-graph\">{\"@context\":\"https:\/\/schema.org\",\"@graph\":[{\"@type\":\"NewsArticle\",\"@id\":\"https:\/\/www.suno.com.br\/noticias\/vale-saude-credicard-healthfintech\/#article\",\"isPartOf\":{\"@id\":\"https:\/\/www.suno.com.br\/noticias\/vale-saude-credicard-healthfintech\/\"},\"author\":{\"name\":\"Vinicius Pereira\",\"@id\":\"https:\/\/www.suno.com.br\/noticias\/#\/schema\/person\/a20761b96e4df7eb57f1f9e41be1dbf3\"},\"headline\":\"Vale Sa\u00fade Sempre \u00e9 aposta de Brigag\u00e3o, ex-CEO da Credicard, em &#8220;healthfintech&#8221;\",\"datePublished\":\"2021-06-07T13:00:14+00:00\",\"dateModified\":\"2021-06-07T13:14:12+00:00\",\"mainEntityOfPage\":{\"@id\":\"https:\/\/www.suno.com.br\/noticias\/vale-saude-credicard-healthfintech\/\"},\"wordCount\":665,\"publisher\":{\"@id\":\"https:\/\/www.suno.com.br\/noticias\/#organization\"},\"image\":{\"@id\":\"https:\/\/www.suno.com.br\/noticias\/vale-saude-credicard-healthfintech\/#primaryimage\"},\"thumbnailUrl\":\"https:\/\/files.sunoresearch.com.br\/n\/uploads\/2021\/03\/1633a1de-setor-saude-jpg.webp\",\"keywords\":[\"Citibank\",\"Credicard\",\"fintechs\",\"Vale Sa\u00fade Sempre\"],\"articleSection\":[\"Startups\"],\"inLanguage\":\"pt-BR\"},{\"@type\":\"WebPage\",\"@id\":\"https:\/\/www.suno.com.br\/noticias\/vale-saude-credicard-healthfintech\/\",\"url\":\"https:\/\/www.suno.com.br\/noticias\/vale-saude-credicard-healthfintech\/\",\"name\":\"Vale Sa\u00fade Sempre \u00e9 aposta de Brigag\u00e3o, ex-Credicard, em healthfintech\",\"isPartOf\":{\"@id\":\"https:\/\/www.suno.com.br\/noticias\/#website\"},\"primaryImageOfPage\":{\"@id\":\"https:\/\/www.suno.com.br\/noticias\/vale-saude-credicard-healthfintech\/#primaryimage\"},\"image\":{\"@id\":\"https:\/\/www.suno.com.br\/noticias\/vale-saude-credicard-healthfintech\/#primaryimage\"},\"thumbnailUrl\":\"https:\/\/files.sunoresearch.com.br\/n\/uploads\/2021\/03\/1633a1de-setor-saude-jpg.webp\",\"datePublished\":\"2021-06-07T13:00:14+00:00\",\"dateModified\":\"2021-06-07T13:14:12+00:00\",\"description\":\"Eduardo Brigag\u00e3o, que foi vice-presidente do Citibank e (CEO) da Credicard, agora aposta na Vale Sa\u00fade Sempre. Clique para ler.\",\"breadcrumb\":{\"@id\":\"https:\/\/www.suno.com.br\/noticias\/vale-saude-credicard-healthfintech\/#breadcrumb\"},\"inLanguage\":\"pt-BR\",\"potentialAction\":[{\"@type\":\"ReadAction\",\"target\":[\"https:\/\/www.suno.com.br\/noticias\/vale-saude-credicard-healthfintech\/\"]}]},{\"@type\":\"ImageObject\",\"inLanguage\":\"pt-BR\",\"@id\":\"https:\/\/www.suno.com.br\/noticias\/vale-saude-credicard-healthfintech\/#primaryimage\",\"url\":\"https:\/\/files.sunoresearch.com.br\/n\/uploads\/2021\/03\/1633a1de-setor-saude-jpg.webp\",\"contentUrl\":\"https:\/\/files.sunoresearch.com.br\/n\/uploads\/2021\/03\/1633a1de-setor-saude-jpg.webp\",\"width\":1200,\"height\":799,\"caption\":\"Hapvida (HAPV3) e mais: BTG elege suas favoritas na sa\u00fade.Foto: Pixabay\"},{\"@type\":\"BreadcrumbList\",\"@id\":\"https:\/\/www.suno.com.br\/noticias\/vale-saude-credicard-healthfintech\/#breadcrumb\",\"itemListElement\":[{\"@type\":\"ListItem\",\"position\":1,\"name\":\"Not\u00edcias\",\"item\":\"https:\/\/www.suno.com.br\/noticias\/\"},{\"@type\":\"ListItem\",\"position\":2,\"name\":\"Startups\",\"item\":\"https:\/\/www.suno.com.br\/noticias\/startups\/\"},{\"@type\":\"ListItem\",\"position\":3,\"name\":\"Vale Sa\u00fade Sempre \u00e9 aposta de Brigag\u00e3o, ex-CEO da Credicard, em &#8220;healthfintech&#8221;\"}]},{\"@type\":\"WebSite\",\"@id\":\"https:\/\/www.suno.com.br\/noticias\/#website\",\"url\":\"https:\/\/www.suno.com.br\/noticias\/\",\"name\":\"Suno Not\u00edcias\",\"description\":\"Seu portal de informa\u00e7\u00e3o sobre o mundo dos investimentos\",\"publisher\":{\"@id\":\"https:\/\/www.suno.com.br\/noticias\/#organization\"},\"potentialAction\":[{\"@type\":\"SearchAction\",\"target\":{\"@type\":\"EntryPoint\",\"urlTemplate\":\"https:\/\/www.suno.com.br\/noticias\/?s={search_term_string}\"},\"query-input\":{\"@type\":\"PropertyValueSpecification\",\"valueRequired\":true,\"valueName\":\"search_term_string\"}}],\"inLanguage\":\"pt-BR\"},{\"@type\":\"Organization\",\"@id\":\"https:\/\/www.suno.com.br\/noticias\/#organization\",\"name\":\"Suno Not\u00edcias\",\"url\":\"https:\/\/www.suno.com.br\/noticias\/\",\"logo\":{\"@type\":\"ImageObject\",\"inLanguage\":\"pt-BR\",\"@id\":\"https:\/\/www.suno.com.br\/noticias\/#\/schema\/logo\/image\/\",\"url\":\"https:\/\/files.sunoresearch.com.br\/n\/uploads\/2021\/09\/suno-logo.png\",\"contentUrl\":\"https:\/\/files.sunoresearch.com.br\/n\/uploads\/2021\/09\/suno-logo.png\",\"width\":180,\"height\":180,\"caption\":\"Suno Not\u00edcias\"},\"image\":{\"@id\":\"https:\/\/www.suno.com.br\/noticias\/#\/schema\/logo\/image\/\"},\"sameAs\":[\"https:\/\/facebook.com\/sunoresearch\",\"https:\/\/x.com\/sunoresearch\",\"https:\/\/www.instagram.com\/suno\",\"https:\/\/www.linkedin.com\/company\/suno-research\/\",\"https:\/\/www.youtube.com\/c\/sunoresearch\"]},{\"@type\":\"Person\",\"@id\":\"https:\/\/www.suno.com.br\/noticias\/#\/schema\/person\/a20761b96e4df7eb57f1f9e41be1dbf3\",\"name\":\"Vinicius Pereira\",\"image\":{\"@type\":\"ImageObject\",\"inLanguage\":\"pt-BR\",\"@id\":\"https:\/\/www.suno.com.br\/noticias\/#\/schema\/person\/image\/\",\"url\":\"https:\/\/secure.gravatar.com\/avatar\/783866b933198f5cc4c5d03fcc8b1301?s=96&r=g\",\"contentUrl\":\"https:\/\/secure.gravatar.com\/avatar\/783866b933198f5cc4c5d03fcc8b1301?s=96&r=g\",\"caption\":\"Vinicius Pereira\"},\"description\":\"Vinicius Pereira foi rep\u00f3rter de economia da Folha de S.Paulo, stringer do jornal no Canad\u00e1 e colaborador de VEJA. J\u00e1 escreveu tamb\u00e9m para BBC Brasil, The Intercept Brasil e UOL. Tem MBA em Informa\u00e7\u00f5es Econ\u00f4mico-Financeiras e Mercado de Capitais pela FIA\/B3.\",\"sameAs\":[\"https:\/\/x.com\/https:\/\/twitter.com\/viniciuspjornal\"],\"url\":\"https:\/\/www.suno.com.br\/noticias\/author\/vinicius-pereira\/\"}]}<\/script>\n<!-- \/ Yoast SEO plugin. -->","yoast_head_json":{"title":"Vale Sa\u00fade Sempre \u00e9 aposta de Brigag\u00e3o, ex-Credicard, em healthfintech","description":"Eduardo Brigag\u00e3o, que foi vice-presidente do Citibank e (CEO) da Credicard, agora aposta na Vale Sa\u00fade Sempre. Clique para ler.","robots":{"index":"index","follow":"follow","max-snippet":"max-snippet:-1","max-image-preview":"max-image-preview:large","max-video-preview":"max-video-preview:-1"},"canonical":"https:\/\/www.suno.com.br\/noticias\/vale-saude-credicard-healthfintech\/","og_locale":"pt_BR","og_type":"article","og_title":"Vale Sa\u00fade Sempre \u00e9 aposta de Brigag\u00e3o, ex-Credicard, em healthfintech","og_description":"Eduardo Brigag\u00e3o, que foi vice-presidente do Citibank e (CEO) da Credicard, agora aposta na Vale Sa\u00fade Sempre. Clique para ler.","og_url":"https:\/\/www.suno.com.br\/noticias\/vale-saude-credicard-healthfintech\/","og_site_name":"Suno Not\u00edcias","article_publisher":"https:\/\/facebook.com\/sunoresearch","og_image":[{"width":1200,"height":799,"url":"https:\/\/files.sunoresearch.com.br\/n\/uploads\/2021\/03\/1633a1de-setor-saude.jpg","type":"image\/jpeg"}],"author":"Vinicius Pereira","twitter_card":"summary_large_image","twitter_creator":"@https:\/\/twitter.com\/viniciuspjornal","twitter_site":"@sunoresearch","twitter_misc":{"Escrito por":"Vinicius Pereira","Est. tempo de leitura":"3 minutos"},"schema":{"@context":"https:\/\/schema.org","@graph":[{"@type":"NewsArticle","@id":"https:\/\/www.suno.com.br\/noticias\/vale-saude-credicard-healthfintech\/#article","isPartOf":{"@id":"https:\/\/www.suno.com.br\/noticias\/vale-saude-credicard-healthfintech\/"},"author":{"name":"Vinicius Pereira","@id":"https:\/\/www.suno.com.br\/noticias\/#\/schema\/person\/a20761b96e4df7eb57f1f9e41be1dbf3"},"headline":"Vale Sa\u00fade Sempre \u00e9 aposta de Brigag\u00e3o, ex-CEO da Credicard, em &#8220;healthfintech&#8221;","datePublished":"2021-06-07T13:00:14+00:00","dateModified":"2021-06-07T13:14:12+00:00","mainEntityOfPage":{"@id":"https:\/\/www.suno.com.br\/noticias\/vale-saude-credicard-healthfintech\/"},"wordCount":665,"publisher":{"@id":"https:\/\/www.suno.com.br\/noticias\/#organization"},"image":{"@id":"https:\/\/www.suno.com.br\/noticias\/vale-saude-credicard-healthfintech\/#primaryimage"},"thumbnailUrl":"https:\/\/files.sunoresearch.com.br\/n\/uploads\/2021\/03\/1633a1de-setor-saude-jpg.webp","keywords":["Citibank","Credicard","fintechs","Vale Sa\u00fade Sempre"],"articleSection":["Startups"],"inLanguage":"pt-BR"},{"@type":"WebPage","@id":"https:\/\/www.suno.com.br\/noticias\/vale-saude-credicard-healthfintech\/","url":"https:\/\/www.suno.com.br\/noticias\/vale-saude-credicard-healthfintech\/","name":"Vale Sa\u00fade Sempre \u00e9 aposta de Brigag\u00e3o, ex-Credicard, em healthfintech","isPartOf":{"@id":"https:\/\/www.suno.com.br\/noticias\/#website"},"primaryImageOfPage":{"@id":"https:\/\/www.suno.com.br\/noticias\/vale-saude-credicard-healthfintech\/#primaryimage"},"image":{"@id":"https:\/\/www.suno.com.br\/noticias\/vale-saude-credicard-healthfintech\/#primaryimage"},"thumbnailUrl":"https:\/\/files.sunoresearch.com.br\/n\/uploads\/2021\/03\/1633a1de-setor-saude-jpg.webp","datePublished":"2021-06-07T13:00:14+00:00","dateModified":"2021-06-07T13:14:12+00:00","description":"Eduardo Brigag\u00e3o, que foi vice-presidente do Citibank e (CEO) da Credicard, agora aposta na Vale Sa\u00fade Sempre. Clique para ler.","breadcrumb":{"@id":"https:\/\/www.suno.com.br\/noticias\/vale-saude-credicard-healthfintech\/#breadcrumb"},"inLanguage":"pt-BR","potentialAction":[{"@type":"ReadAction","target":["https:\/\/www.suno.com.br\/noticias\/vale-saude-credicard-healthfintech\/"]}]},{"@type":"ImageObject","inLanguage":"pt-BR","@id":"https:\/\/www.suno.com.br\/noticias\/vale-saude-credicard-healthfintech\/#primaryimage","url":"https:\/\/files.sunoresearch.com.br\/n\/uploads\/2021\/03\/1633a1de-setor-saude-jpg.webp","contentUrl":"https:\/\/files.sunoresearch.com.br\/n\/uploads\/2021\/03\/1633a1de-setor-saude-jpg.webp","width":1200,"height":799,"caption":"Hapvida (HAPV3) e mais: BTG elege suas favoritas na sa\u00fade.Foto: Pixabay"},{"@type":"BreadcrumbList","@id":"https:\/\/www.suno.com.br\/noticias\/vale-saude-credicard-healthfintech\/#breadcrumb","itemListElement":[{"@type":"ListItem","position":1,"name":"Not\u00edcias","item":"https:\/\/www.suno.com.br\/noticias\/"},{"@type":"ListItem","position":2,"name":"Startups","item":"https:\/\/www.suno.com.br\/noticias\/startups\/"},{"@type":"ListItem","position":3,"name":"Vale Sa\u00fade Sempre \u00e9 aposta de Brigag\u00e3o, ex-CEO da Credicard, em &#8220;healthfintech&#8221;"}]},{"@type":"WebSite","@id":"https:\/\/www.suno.com.br\/noticias\/#website","url":"https:\/\/www.suno.com.br\/noticias\/","name":"Suno Not\u00edcias","description":"Seu portal de informa\u00e7\u00e3o sobre o mundo dos investimentos","publisher":{"@id":"https:\/\/www.suno.com.br\/noticias\/#organization"},"potentialAction":[{"@type":"SearchAction","target":{"@type":"EntryPoint","urlTemplate":"https:\/\/www.suno.com.br\/noticias\/?s={search_term_string}"},"query-input":{"@type":"PropertyValueSpecification","valueRequired":true,"valueName":"search_term_string"}}],"inLanguage":"pt-BR"},{"@type":"Organization","@id":"https:\/\/www.suno.com.br\/noticias\/#organization","name":"Suno Not\u00edcias","url":"https:\/\/www.suno.com.br\/noticias\/","logo":{"@type":"ImageObject","inLanguage":"pt-BR","@id":"https:\/\/www.suno.com.br\/noticias\/#\/schema\/logo\/image\/","url":"https:\/\/files.sunoresearch.com.br\/n\/uploads\/2021\/09\/suno-logo.png","contentUrl":"https:\/\/files.sunoresearch.com.br\/n\/uploads\/2021\/09\/suno-logo.png","width":180,"height":180,"caption":"Suno Not\u00edcias"},"image":{"@id":"https:\/\/www.suno.com.br\/noticias\/#\/schema\/logo\/image\/"},"sameAs":["https:\/\/facebook.com\/sunoresearch","https:\/\/x.com\/sunoresearch","https:\/\/www.instagram.com\/suno","https:\/\/www.linkedin.com\/company\/suno-research\/","https:\/\/www.youtube.com\/c\/sunoresearch"]},{"@type":"Person","@id":"https:\/\/www.suno.com.br\/noticias\/#\/schema\/person\/a20761b96e4df7eb57f1f9e41be1dbf3","name":"Vinicius Pereira","image":{"@type":"ImageObject","inLanguage":"pt-BR","@id":"https:\/\/www.suno.com.br\/noticias\/#\/schema\/person\/image\/","url":"https:\/\/secure.gravatar.com\/avatar\/783866b933198f5cc4c5d03fcc8b1301?s=96&r=g","contentUrl":"https:\/\/secure.gravatar.com\/avatar\/783866b933198f5cc4c5d03fcc8b1301?s=96&r=g","caption":"Vinicius Pereira"},"description":"Vinicius Pereira foi rep\u00f3rter de economia da Folha de S.Paulo, stringer do jornal no Canad\u00e1 e colaborador de VEJA. J\u00e1 escreveu tamb\u00e9m para BBC Brasil, The Intercept Brasil e UOL. Tem MBA em Informa\u00e7\u00f5es Econ\u00f4mico-Financeiras e Mercado de Capitais pela FIA\/B3.","sameAs":["https:\/\/x.com\/https:\/\/twitter.com\/viniciuspjornal"],"url":"https:\/\/www.suno.com.br\/noticias\/author\/vinicius-pereira\/"}]}},"default_loop_html":"<div class=\"cardsPage__listCard__boxs\"><div class=\"cardsPage__listCard__boxs__img\"><a href=\"https:\/\/www.suno.com.br\/noticias\/vale-saude-credicard-healthfintech\/\"><img class=\"mask\" src=\"https:\/\/www.suno.com.br\/noticias\/wp-content\/themes\/suno\/resources\/images\/spotlight\/spotlight1img\/bg-mask.png\" alt=\"Image Mask\"\/><img src=\"https:\/\/files.sunoresearch.com.br\/n\/uploads\/2021\/03\/1633a1de-setor-saude-400x200.webp\" alt=\"Vale Sa\u00fade Sempre \u00e9 aposta de Brigag\u00e3o, ex-CEO da Credicard, em &#8220;healthfintech&#8221;\"\/><\/a><span class=\"spotlightCategory\"><a href=\"https:\/\/www.suno.com.br\/noticias\/startups\/\">Startups<\/a><\/span><\/div><div class=\"cardsPage__listCard__boxs__content\"><a href=\"https:\/\/www.suno.com.br\/noticias\/vale-saude-credicard-healthfintech\/\"><h2 class=\"content__title\">Vale Sa\u00fade Sempre \u00e9 aposta de Brigag\u00e3o, ex-CEO da Credicard, em &#8220;healthfintech&#8221;<\/h2><\/a><div class=\"newsContent__article__meta\"><div class=\"newsContent__article__meta__authorBox\"><a href=\"https:\/\/www.suno.com.br\/noticias\/author\/vinicius-pereira\/\" class=\"authorBox__avatar noMobi\"><img src=\"https:\/\/files.sunoresearch.com.br\/n\/uploads\/2020\/08\/77510613-whatsapp-image-2020-08-03-at-13.40.40-150x150.webp\" alt=\"Vinicius Pereira\"><\/a><div class=\"authorBox__name\"><span>por\n\t\t\t<a href=\"https:\/\/www.suno.com.br\/noticias\/author\/vinicius-pereira\/\"><span itemprop=\"author\">Vinicius Pereira<\/span><\/a><\/span><time datetime=\"2021-06-07T10:00:14-03:00\" itemprop=\"datePublished\">07\/06\/2021 10:00<\/time><\/div><\/div><\/div><\/div><\/div>","single_layout":"posts","amp_enabled":true,"_links":{"self":[{"href":"https:\/\/www.suno.com.br\/noticias\/wp-json\/wp\/v2\/posts\/150390"}],"collection":[{"href":"https:\/\/www.suno.com.br\/noticias\/wp-json\/wp\/v2\/posts"}],"about":[{"href":"https:\/\/www.suno.com.br\/noticias\/wp-json\/wp\/v2\/types\/post"}],"author":[{"embeddable":true,"href":"https:\/\/www.suno.com.br\/noticias\/wp-json\/wp\/v2\/users\/27"}],"replies":[{"embeddable":true,"href":"https:\/\/www.suno.com.br\/noticias\/wp-json\/wp\/v2\/comments?post=150390"}],"version-history":[{"count":3,"href":"https:\/\/www.suno.com.br\/noticias\/wp-json\/wp\/v2\/posts\/150390\/revisions"}],"predecessor-version":[{"id":154869,"href":"https:\/\/www.suno.com.br\/noticias\/wp-json\/wp\/v2\/posts\/150390\/revisions\/154869"}],"wp:featuredmedia":[{"embeddable":true,"href":"https:\/\/www.suno.com.br\/noticias\/wp-json\/wp\/v2\/media\/130482"}],"wp:attachment":[{"href":"https:\/\/www.suno.com.br\/noticias\/wp-json\/wp\/v2\/media?parent=150390"}],"wp:term":[{"taxonomy":"category","embeddable":true,"href":"https:\/\/www.suno.com.br\/noticias\/wp-json\/wp\/v2\/categories?post=150390"},{"taxonomy":"post_tag","embeddable":true,"href":"https:\/\/www.suno.com.br\/noticias\/wp-json\/wp\/v2\/tags?post=150390"},{"taxonomy":"suno_strategy","embeddable":true,"href":"https:\/\/www.suno.com.br\/noticias\/wp-json\/wp\/v2\/suno_strategy?post=150390"}],"curies":[{"name":"wp","href":"https:\/\/api.w.org\/{rel}","templated":true}]}}