{"id":150343,"date":"2021-05-24T09:14:35","date_gmt":"2021-05-24T12:14:35","guid":{"rendered":"https:\/\/www.suno.com.br\/noticias\/?p=150343"},"modified":"2021-05-24T09:14:35","modified_gmt":"2021-05-24T12:14:35","slug":"marfrig-mrfg3-investigada-cvm-compra-acoes-brf","status":"publish","type":"post","link":"https:\/\/www.suno.com.br\/noticias\/marfrig-mrfg3-investigada-cvm-compra-acoes-brf\/","title":{"rendered":"Marfrig (MRFG3) ser\u00e1 investigada pela CVM ap\u00f3s compra de a\u00e7\u00f5es da BRF (BRFS3), diz jornal"},"content":{"rendered":"<p>A<a href=\"https:\/\/www.suno.com.br\/artigos\/cvm\/\"> CVM (Comiss\u00e3o de Valores Mobili\u00e1rios)<\/a> abriu um processo para acompanhar a <a href=\"https:\/\/www.suno.com.br\/acoes\/mrfg3\/\"><strong>Marfrig<\/strong> (MRFG3)<\/a> ap\u00f3s a empresa <a href=\"https:\/\/www.suno.com.br\/artigos\/fato-relevante\/\">notificar o mercado<\/a> sobre a compra de a\u00e7\u00f5es da <a href=\"https:\/\/www.suno.com.br\/acoes\/brfs3\/\">BRF (BRFS3)<\/a>. A autarquia j\u00e1 vinha questionando a companhia ao longo da semana, em decorr\u00eancia das not\u00edcias sobre uma poss\u00edvel fus\u00e3o entre ambos os frigor\u00edficos, segundo o jornal Valor Econ\u00f4mico.<\/p>\t<div class=\"wrapper-featured-image\">\n\t\t<figure class=\"spotlightImg\">\n\n\t\t\t<picture>\n\t\t\t\t<source media=\"(max-width: 768px)\" srcset=\"https:\/\/files.sunoresearch.com.br\/n\/uploads\/2021\/03\/da639ab2-marfrig-400x200.webp\">\n\t\t\t\t<img loading=\"lazy\" decoding=\"async\" class=\"newsContent__article__imgCapa lazyloadDisabled \" src=\"https:\/\/files.sunoresearch.com.br\/n\/uploads\/2021\/03\/da639ab2-marfrig-800x450.webp\" width=\"800\" height=\"450\" alt=\"Marfrig (MRFG3) ser\u00e1 investigada pela CVM ap\u00f3s compra de a\u00e7\u00f5es da BRF (BRFS3), diz jornal\" fetchpriority=high \/>\n\t\t\t<\/picture>\n\n\t\t\t<figcaption class=\"wp-caption-text wp-caption-text--show\">Marfrig. Foto: Divulga\u00e7\u00e3o\/Marfrig<\/figcaption>\n\t\t<\/figure>\n\t<\/div>\n\n\n<p><span style=\"font-weight: 400;\">\t<p>\n\t\t<a href=\"https:\/\/lp.suno.com.br\/planilha-controle-gastos\/\" target=\"_blank\" data-element=\"shortcode-suno-banner\" title=\"Banner SUNO, clique e saiba mais\">\n\t\t\t<picture>\n\t\t\t\t<source media=\"(max-width: 500px)\" srcset=\"https:\/\/files.sunoresearch.com.br\/n\/uploads\/2023\/03\/400x300-Planilha-controle-de-gastos.png\">\n\t\t\t\t<img class=\"newsContent__article__imgCapa newsContent__article__imgCapa--banner\"\n\t\t\t\t\tsrc=\"https:\/\/files.sunoresearch.com.br\/n\/uploads\/2023\/03\/1420x240-Planilha-controle-de-gastos.png\"\n\t\t\t\t\tdata-promo-id=\"101751\"\t\t\t\t\t\t\t\t\t\twidth='1420' height='240'\t\t\t\t\talt=\"https:\/\/files.sunoresearch.com.br\/n\/uploads\/2023\/03\/1420x240-Planilha-controle-de-gastos.png\"\n\t\t\t\t>\n\t\t\t<\/picture>\n\t\t<\/a>\n\t<\/p>\n\n<\/span><\/p>\n<p>Tanto a compra de a\u00e7\u00f5es pela Marfrig quanto a investiga\u00e7\u00e3o da <strong>CVM<\/strong> ocorreram na noite de sexta-feira (21). A companhia informou a compra de 196.869.573 a\u00e7\u00f5es ordin\u00e1rias, representativas de aproximadamente 24,23% do <strong>capital social<\/strong> da <strong>BRF<\/strong>.<\/p>\n<p>A empresa, contudo, n\u00e3o informou a <a href=\"https:\/\/www.suno.com.br\/artigos\/fusoes-aquisicoes\/\">data de <strong>aquisi\u00e7\u00e3o da participa\u00e7\u00e3o<\/strong><\/a>, sem detalhar se as compras ocorreram de uma s\u00f3 vez durante a sexta (21), ou em montantes separados, ao longo da semana.<\/p>\n<p><a href=\"https:\/\/lp.suno.com.br\/suno-one\/?ppp=noticias\/hospital-care-pedido-ipo-cvm\/\"><b>Suno One: acesse gratuitamente eBooks, Minicursos, Artigos e V\u00eddeo Aulas sobre investimentos com um \u00fanico cadastro. Clique para saber mais!<\/b><\/a><\/p>\n<p>Com<a href=\"https:\/\/www.suno.com.br\/artigos\/o-que-sao-acoes-ordinarias-preferenciais-e-units\/\"> a <strong>compra das a\u00e7\u00f5es<\/strong><\/a>, a Marfrig se torna a <a href=\"https:\/\/www.suno.com.br\/noticias\/marfrig-mrfg3-a-maior-acionista-brf-brfs3\/\">maior acionista individual da BRF.<\/a><\/p>\n<p>Segundo instru\u00e7\u00e3o da CVM (n\u00ba 358, artigo 12) todas as compras ou vendas de participa\u00e7\u00f5es devem ser divulgadas imediatamente, sejam diretas ou indiretas. Al\u00e9m disso, a empresa deve emitir comunicado sempre que ultrapassar os patamares de 5%, 10%, 15% &#8211; e sucessivamente &#8211; do capital social de outra companhia.<\/p>\n<p>Ainda na quinta-feira (20), a CVM solicitou informa\u00e7\u00f5es sobre as <strong>negocia\u00e7\u00f5es at\u00edpicas<\/strong> dos pap\u00e9is da BRF. A empresa, no entanto, afirmou que n\u00e3o tinha conhecimento de qualquer fato ou informa\u00e7\u00e3o p\u00fablica que pudesse justificar as oscila\u00e7\u00f5es.<\/p>\n<p><span style=\"font-weight: 400;\">\t<div data-element=\"shortcode-read-more\" class=\"knowMore\">\n\t\t\t\t<span class=\"knowMore__title\">Saiba mais<\/span>\n\t\t\t\t<a class=\"knowMore__link\" href=\"https:\/\/www.suno.com.br\/noticias\/marfrig-mrfg3-a-maior-acionista-brf-brfs3\/\">\n\t\t\tMarfrig (MRFG3) se torna a maior acionista individual da BRF (BRFS3)\t\t<\/a>\n\t<\/div>\n\n<\/span><\/p>\n<p>Na sexta (21), a CVM fez um novo pedido. Com isso, a Marfrig deve esclarecer \u00e0 autarquia como se deu a compra dessa participa\u00e7\u00e3o e o motivo da n\u00e3o divulga\u00e7\u00e3o da mesma logo ap\u00f3s ultrapassar os 5% de capital social, conforme firmado em norma.<\/p>\n<p>A declara\u00e7\u00e3o da Marfrig, por ora, foi de que est\u00e1 &#8220;diversificando investimentos&#8221; e n\u00e3o visa exercer influ\u00eancia nas atividades da BRF. Anteriormente a companhia j\u00e1 havia descartado a possibilidade de fus\u00e3o, de antem\u00e3o.<\/p>\n<h2>Aporte agressivo da Marfrig deve ser coberto com gera\u00e7\u00e3o de caixa<\/h2>\n<p><strong>Marcos Molina<\/strong>, que lidera a Marfrig, disse que a compra das a\u00e7\u00f5es ordin\u00e1rias deve ser coberta por uma gera\u00e7\u00e3o de caixa, que deve aumentar no segundo trimestre desse ano, segundo as expectativas.<\/p>\n<p><span style=\"font-weight: 400;\">\t<p>\n\t\t<a href=\"https:\/\/lp.suno.com.br\/planilha-de-controle-de-investimentos\/\" target=\"_blank\" data-element=\"shortcode-suno-banner\" title=\"Banner SUNO, clique e saiba mais\">\n\t\t\t<picture>\n\t\t\t\t<source media=\"(max-width: 500px)\" srcset=\"https:\/\/files.sunoresearch.com.br\/n\/uploads\/2023\/03\/400x300-Controle-de-Investimentos.png\">\n\t\t\t\t<img class=\"newsContent__article__imgCapa newsContent__article__imgCapa--banner\"\n\t\t\t\t\tsrc=\"https:\/\/files.sunoresearch.com.br\/n\/uploads\/2023\/03\/1420x240-Controle-de-Investimentos.png\"\n\t\t\t\t\tdata-promo-id=\"75934\"\t\t\t\t\t\t\t\t\t\twidth='1420' height='240'\t\t\t\t\talt=\"https:\/\/files.sunoresearch.com.br\/n\/uploads\/2023\/03\/1420x240-Controle-de-Investimentos.png\"\n\t\t\t\t>\n\t\t\t<\/picture>\n\t\t<\/a>\n\t<\/p>\n\n<\/span><\/p>\n<p>\u201cGrande parte do investimento ser\u00e1 absorvido com a gera\u00e7\u00e3o do segundo trimestre e outra no terceiro, o que equivale a seis meses de gera\u00e7\u00e3o do National, no m\u00e1ximo\u201d, disse o empres\u00e1rio em entrevista ao jornal Valor Econ\u00f4mico.<\/p>\n<h2>Como ambas terminaram o preg\u00e3o de sexta<\/h2>\n<p>Como ocorre comumente nesse tipo de <strong>transa\u00e7\u00e3o<\/strong>, as a\u00e7\u00f5es da companhia que adquiriu a participa\u00e7\u00e3o acion\u00e1ria ca\u00edram &#8211; em decorr\u00eancia da alavancagem &#8211; ao passo que a empresa <a href=\"https:\/\/www.suno.com.br\/artigos\/acionista-companhias-abertas\/\">que passou a ter um novo acionista<\/a> viu seus pap\u00e9is se valorizarem.<\/p>\n<p>As a\u00e7\u00f5es da <strong>Marfrig<\/strong> ca\u00edram 5,2% no fim do preg\u00e3o de sexta (21), com pre\u00e7o de R$ 18,05. Enquanto isso, a BRF saltou de R$ 23,45 para R$ 26,93, uma valoriza\u00e7\u00e3o de 16,28% ao longo do preg\u00e3o.<\/p>\n<p><span style=\"font-weight: 400;\">\u00a0\t<p>\n\t\t<a href=\"https:\/\/lp.suno.com.br\/planilha-da-vida-financeira\/\" target=\"_blank\" data-element=\"shortcode-suno-banner\" title=\"Banner SUNO, clique e saiba mais\">\n\t\t\t<picture>\n\t\t\t\t<source media=\"(max-width: 500px)\" srcset=\"https:\/\/files.sunoresearch.com.br\/n\/uploads\/2023\/04\/400x300-Planilha-vida-financeira-true.png\">\n\t\t\t\t<img class=\"newsContent__article__imgCapa newsContent__article__imgCapa--banner\"\n\t\t\t\t\tsrc=\"https:\/\/files.sunoresearch.com.br\/n\/uploads\/2023\/04\/1420x240-Planilha-vida-financeira-true.png\"\n\t\t\t\t\tdata-promo-id=\"106682\"\t\t\t\t\t\t\t\t\t\twidth='1420' height='240'\t\t\t\t\talt=\"https:\/\/files.sunoresearch.com.br\/n\/uploads\/2023\/04\/1420x240-Planilha-vida-financeira-true.png\"\n\t\t\t\t>\n\t\t\t<\/picture>\n\t\t<\/a>\n\t<\/p>\n\n<\/span><\/p>\n","protected":false},"excerpt":{"rendered":"<p>A CVM (Comiss\u00e3o de Valores Mobili\u00e1rios) abriu um processo para acompanhar a Marfrig (MRFG3) ap\u00f3s a empresa notificar o mercado sobre a compra de a\u00e7\u00f5es da BRF (BRFS3). A autarquia j\u00e1 vinha questionando a companhia ao longo da semana, em decorr\u00eancia das not\u00edcias sobre uma poss\u00edvel fus\u00e3o entre ambos os frigor\u00edficos, segundo o jornal Valor [&hellip;]<\/p>\n","protected":false},"author":73,"featured_media":130398,"comment_status":"closed","ping_status":"closed","sticky":false,"template":"","format":"standard","meta":[],"categories":[64],"tags":[397,902,2209,62812,552],"suno_strategy":[],"class_list":["post-150343","post","type-post","status-publish","format-standard","has-post-thumbnail","hentry","category-negocios","tag-brf-brfs3","tag-comissao-de-valores-mobiliarios-cvm","tag-frigorificos","tag-fusoes-e-aquisicoes","tag-marfrig-mrfg3"],"yoast_head":"<!-- This site is optimized with the Yoast SEO plugin v24.4 - https:\/\/yoast.com\/wordpress\/plugins\/seo\/ -->\n<title>Marfrig (MRFG3) ser\u00e1 investigada pela CVM ap\u00f3s compra de a\u00e7\u00f5es<\/title>\n<meta name=\"description\" content=\"Ap\u00f3s a Marfrig se tornar a maior acionista da BRF, aumentando sua posi\u00e7\u00e3o para 24%, a CVM informa que investigar\u00e1 a transa\u00e7\u00e3o. Leia sobre\" \/>\n<meta name=\"robots\" content=\"index, follow, max-snippet:-1, max-image-preview:large, max-video-preview:-1\" \/>\n<link rel=\"canonical\" href=\"https:\/\/www.suno.com.br\/noticias\/marfrig-mrfg3-investigada-cvm-compra-acoes-brf\/\" \/>\n<meta property=\"og:locale\" content=\"pt_BR\" \/>\n<meta property=\"og:type\" content=\"article\" \/>\n<meta property=\"og:title\" content=\"Marfrig (MRFG3) ser\u00e1 investigada pela CVM ap\u00f3s compra de a\u00e7\u00f5es\" \/>\n<meta property=\"og:description\" content=\"Ap\u00f3s a Marfrig se tornar a maior acionista da BRF, aumentando sua posi\u00e7\u00e3o para 24%, a CVM informa que investigar\u00e1 a transa\u00e7\u00e3o. Leia sobre\" \/>\n<meta property=\"og:url\" content=\"https:\/\/www.suno.com.br\/noticias\/marfrig-mrfg3-investigada-cvm-compra-acoes-brf\/\" \/>\n<meta property=\"og:site_name\" content=\"Suno Not\u00edcias\" \/>\n<meta property=\"article:publisher\" content=\"https:\/\/facebook.com\/sunoresearch\" \/>\n<meta property=\"og:image\" content=\"https:\/\/files.sunoresearch.com.br\/n\/uploads\/2021\/03\/da639ab2-marfrig.jpg\" \/>\n\t<meta property=\"og:image:width\" content=\"1200\" \/>\n\t<meta property=\"og:image:height\" content=\"800\" \/>\n\t<meta property=\"og:image:type\" content=\"image\/jpeg\" \/>\n<meta name=\"author\" content=\"Eduardo Vargas\" \/>\n<meta name=\"twitter:card\" content=\"summary_large_image\" \/>\n<meta name=\"twitter:creator\" content=\"@sunoresearch\" \/>\n<meta name=\"twitter:site\" content=\"@sunoresearch\" \/>\n<meta name=\"twitter:label1\" content=\"Escrito por\" \/>\n\t<meta name=\"twitter:data1\" content=\"Eduardo Vargas\" \/>\n\t<meta name=\"twitter:label2\" content=\"Est. tempo de leitura\" \/>\n\t<meta name=\"twitter:data2\" content=\"3 minutos\" \/>\n<script type=\"application\/ld+json\" class=\"yoast-schema-graph\">{\"@context\":\"https:\/\/schema.org\",\"@graph\":[{\"@type\":\"NewsArticle\",\"@id\":\"https:\/\/www.suno.com.br\/noticias\/marfrig-mrfg3-investigada-cvm-compra-acoes-brf\/#article\",\"isPartOf\":{\"@id\":\"https:\/\/www.suno.com.br\/noticias\/marfrig-mrfg3-investigada-cvm-compra-acoes-brf\/\"},\"author\":{\"name\":\"Eduardo Vargas\",\"@id\":\"https:\/\/www.suno.com.br\/noticias\/#\/schema\/person\/7f4d362bf3518e76090143ae77bb49a5\"},\"headline\":\"Marfrig (MRFG3) ser\u00e1 investigada pela CVM ap\u00f3s compra de a\u00e7\u00f5es da BRF (BRFS3), diz jornal\",\"datePublished\":\"2021-05-24T12:14:35+00:00\",\"mainEntityOfPage\":{\"@id\":\"https:\/\/www.suno.com.br\/noticias\/marfrig-mrfg3-investigada-cvm-compra-acoes-brf\/\"},\"wordCount\":562,\"publisher\":{\"@id\":\"https:\/\/www.suno.com.br\/noticias\/#organization\"},\"image\":{\"@id\":\"https:\/\/www.suno.com.br\/noticias\/marfrig-mrfg3-investigada-cvm-compra-acoes-brf\/#primaryimage\"},\"thumbnailUrl\":\"https:\/\/files.sunoresearch.com.br\/n\/uploads\/2021\/03\/da639ab2-marfrig-jpg.webp\",\"keywords\":[\"BRF (BRFS3)\",\"Comiss\u00e3o de Valores Mobili\u00e1rios (CVM)\",\"frigor\u00edficos\",\"fus\u00f5es e aquisi\u00e7\u00f5es\",\"Marfrig (MRFG3)\"],\"articleSection\":[\"Neg\u00f3cios\"],\"inLanguage\":\"pt-BR\"},{\"@type\":\"WebPage\",\"@id\":\"https:\/\/www.suno.com.br\/noticias\/marfrig-mrfg3-investigada-cvm-compra-acoes-brf\/\",\"url\":\"https:\/\/www.suno.com.br\/noticias\/marfrig-mrfg3-investigada-cvm-compra-acoes-brf\/\",\"name\":\"Marfrig (MRFG3) ser\u00e1 investigada pela CVM ap\u00f3s compra de a\u00e7\u00f5es\",\"isPartOf\":{\"@id\":\"https:\/\/www.suno.com.br\/noticias\/#website\"},\"primaryImageOfPage\":{\"@id\":\"https:\/\/www.suno.com.br\/noticias\/marfrig-mrfg3-investigada-cvm-compra-acoes-brf\/#primaryimage\"},\"image\":{\"@id\":\"https:\/\/www.suno.com.br\/noticias\/marfrig-mrfg3-investigada-cvm-compra-acoes-brf\/#primaryimage\"},\"thumbnailUrl\":\"https:\/\/files.sunoresearch.com.br\/n\/uploads\/2021\/03\/da639ab2-marfrig-jpg.webp\",\"datePublished\":\"2021-05-24T12:14:35+00:00\",\"description\":\"Ap\u00f3s a Marfrig se tornar a maior acionista da BRF, aumentando sua posi\u00e7\u00e3o para 24%, a CVM informa que investigar\u00e1 a transa\u00e7\u00e3o. Leia sobre\",\"breadcrumb\":{\"@id\":\"https:\/\/www.suno.com.br\/noticias\/marfrig-mrfg3-investigada-cvm-compra-acoes-brf\/#breadcrumb\"},\"inLanguage\":\"pt-BR\",\"potentialAction\":[{\"@type\":\"ReadAction\",\"target\":[\"https:\/\/www.suno.com.br\/noticias\/marfrig-mrfg3-investigada-cvm-compra-acoes-brf\/\"]}]},{\"@type\":\"ImageObject\",\"inLanguage\":\"pt-BR\",\"@id\":\"https:\/\/www.suno.com.br\/noticias\/marfrig-mrfg3-investigada-cvm-compra-acoes-brf\/#primaryimage\",\"url\":\"https:\/\/files.sunoresearch.com.br\/n\/uploads\/2021\/03\/da639ab2-marfrig-jpg.webp\",\"contentUrl\":\"https:\/\/files.sunoresearch.com.br\/n\/uploads\/2021\/03\/da639ab2-marfrig-jpg.webp\",\"width\":1200,\"height\":800,\"caption\":\"Marfrig. Foto: Divulga\u00e7\u00e3o\/Marfrig\"},{\"@type\":\"BreadcrumbList\",\"@id\":\"https:\/\/www.suno.com.br\/noticias\/marfrig-mrfg3-investigada-cvm-compra-acoes-brf\/#breadcrumb\",\"itemListElement\":[{\"@type\":\"ListItem\",\"position\":1,\"name\":\"Not\u00edcias\",\"item\":\"https:\/\/www.suno.com.br\/noticias\/\"},{\"@type\":\"ListItem\",\"position\":2,\"name\":\"Neg\u00f3cios\",\"item\":\"https:\/\/www.suno.com.br\/noticias\/negocios\/\"},{\"@type\":\"ListItem\",\"position\":3,\"name\":\"Marfrig (MRFG3) ser\u00e1 investigada pela CVM ap\u00f3s compra de a\u00e7\u00f5es da BRF (BRFS3), diz jornal\"}]},{\"@type\":\"WebSite\",\"@id\":\"https:\/\/www.suno.com.br\/noticias\/#website\",\"url\":\"https:\/\/www.suno.com.br\/noticias\/\",\"name\":\"Suno Not\u00edcias\",\"description\":\"Seu portal de informa\u00e7\u00e3o sobre o mundo dos investimentos\",\"publisher\":{\"@id\":\"https:\/\/www.suno.com.br\/noticias\/#organization\"},\"potentialAction\":[{\"@type\":\"SearchAction\",\"target\":{\"@type\":\"EntryPoint\",\"urlTemplate\":\"https:\/\/www.suno.com.br\/noticias\/?s={search_term_string}\"},\"query-input\":{\"@type\":\"PropertyValueSpecification\",\"valueRequired\":true,\"valueName\":\"search_term_string\"}}],\"inLanguage\":\"pt-BR\"},{\"@type\":\"Organization\",\"@id\":\"https:\/\/www.suno.com.br\/noticias\/#organization\",\"name\":\"Suno Not\u00edcias\",\"url\":\"https:\/\/www.suno.com.br\/noticias\/\",\"logo\":{\"@type\":\"ImageObject\",\"inLanguage\":\"pt-BR\",\"@id\":\"https:\/\/www.suno.com.br\/noticias\/#\/schema\/logo\/image\/\",\"url\":\"https:\/\/files.sunoresearch.com.br\/n\/uploads\/2021\/09\/suno-logo.png\",\"contentUrl\":\"https:\/\/files.sunoresearch.com.br\/n\/uploads\/2021\/09\/suno-logo.png\",\"width\":180,\"height\":180,\"caption\":\"Suno Not\u00edcias\"},\"image\":{\"@id\":\"https:\/\/www.suno.com.br\/noticias\/#\/schema\/logo\/image\/\"},\"sameAs\":[\"https:\/\/facebook.com\/sunoresearch\",\"https:\/\/x.com\/sunoresearch\",\"https:\/\/www.instagram.com\/suno\",\"https:\/\/www.linkedin.com\/company\/suno-research\/\",\"https:\/\/www.youtube.com\/c\/sunoresearch\"]},{\"@type\":\"Person\",\"@id\":\"https:\/\/www.suno.com.br\/noticias\/#\/schema\/person\/7f4d362bf3518e76090143ae77bb49a5\",\"name\":\"Eduardo Vargas\",\"image\":{\"@type\":\"ImageObject\",\"inLanguage\":\"pt-BR\",\"@id\":\"https:\/\/www.suno.com.br\/noticias\/#\/schema\/person\/image\/\",\"url\":\"https:\/\/secure.gravatar.com\/avatar\/dac340933427a22924c9f99d1eb2e3f2?s=96&r=g\",\"contentUrl\":\"https:\/\/secure.gravatar.com\/avatar\/dac340933427a22924c9f99d1eb2e3f2?s=96&r=g\",\"caption\":\"Eduardo Vargas\"},\"description\":\"Jornalista formado pela UFSC, cobre macroeconomia, neg\u00f3cios e startups para o Suno Not\u00edcias, escrevendo principalmente not\u00edcias sobre o mercado financeiro e a bolsa de valores. No YouTube e no Instagram, \u00e9 respons\u00e1vel pela produ\u00e7\u00e3o de Reels e Shorts do Suno Not\u00edcias. Anteriormente, trabalhou cobrindo economia e cotidiano no ND+ e para o ND, maior jornal impresso de Santa Catarina. Cursou um semestre letivo de Estudos de M\u00eddia na Universidad de Buenos Aires.\",\"url\":\"https:\/\/www.suno.com.br\/noticias\/author\/eduardo-vargas\/\"}]}<\/script>\n<!-- \/ Yoast SEO plugin. -->","yoast_head_json":{"title":"Marfrig (MRFG3) ser\u00e1 investigada pela CVM ap\u00f3s compra de a\u00e7\u00f5es","description":"Ap\u00f3s a Marfrig se tornar a maior acionista da BRF, aumentando sua posi\u00e7\u00e3o para 24%, a CVM informa que investigar\u00e1 a transa\u00e7\u00e3o. Leia sobre","robots":{"index":"index","follow":"follow","max-snippet":"max-snippet:-1","max-image-preview":"max-image-preview:large","max-video-preview":"max-video-preview:-1"},"canonical":"https:\/\/www.suno.com.br\/noticias\/marfrig-mrfg3-investigada-cvm-compra-acoes-brf\/","og_locale":"pt_BR","og_type":"article","og_title":"Marfrig (MRFG3) ser\u00e1 investigada pela CVM ap\u00f3s compra de a\u00e7\u00f5es","og_description":"Ap\u00f3s a Marfrig se tornar a maior acionista da BRF, aumentando sua posi\u00e7\u00e3o para 24%, a CVM informa que investigar\u00e1 a transa\u00e7\u00e3o. Leia sobre","og_url":"https:\/\/www.suno.com.br\/noticias\/marfrig-mrfg3-investigada-cvm-compra-acoes-brf\/","og_site_name":"Suno Not\u00edcias","article_publisher":"https:\/\/facebook.com\/sunoresearch","og_image":[{"width":1200,"height":800,"url":"https:\/\/files.sunoresearch.com.br\/n\/uploads\/2021\/03\/da639ab2-marfrig.jpg","type":"image\/jpeg"}],"author":"Eduardo Vargas","twitter_card":"summary_large_image","twitter_creator":"@sunoresearch","twitter_site":"@sunoresearch","twitter_misc":{"Escrito por":"Eduardo Vargas","Est. tempo de leitura":"3 minutos"},"schema":{"@context":"https:\/\/schema.org","@graph":[{"@type":"NewsArticle","@id":"https:\/\/www.suno.com.br\/noticias\/marfrig-mrfg3-investigada-cvm-compra-acoes-brf\/#article","isPartOf":{"@id":"https:\/\/www.suno.com.br\/noticias\/marfrig-mrfg3-investigada-cvm-compra-acoes-brf\/"},"author":{"name":"Eduardo Vargas","@id":"https:\/\/www.suno.com.br\/noticias\/#\/schema\/person\/7f4d362bf3518e76090143ae77bb49a5"},"headline":"Marfrig (MRFG3) ser\u00e1 investigada pela CVM ap\u00f3s compra de a\u00e7\u00f5es da BRF (BRFS3), diz jornal","datePublished":"2021-05-24T12:14:35+00:00","mainEntityOfPage":{"@id":"https:\/\/www.suno.com.br\/noticias\/marfrig-mrfg3-investigada-cvm-compra-acoes-brf\/"},"wordCount":562,"publisher":{"@id":"https:\/\/www.suno.com.br\/noticias\/#organization"},"image":{"@id":"https:\/\/www.suno.com.br\/noticias\/marfrig-mrfg3-investigada-cvm-compra-acoes-brf\/#primaryimage"},"thumbnailUrl":"https:\/\/files.sunoresearch.com.br\/n\/uploads\/2021\/03\/da639ab2-marfrig-jpg.webp","keywords":["BRF (BRFS3)","Comiss\u00e3o de Valores Mobili\u00e1rios (CVM)","frigor\u00edficos","fus\u00f5es e aquisi\u00e7\u00f5es","Marfrig (MRFG3)"],"articleSection":["Neg\u00f3cios"],"inLanguage":"pt-BR"},{"@type":"WebPage","@id":"https:\/\/www.suno.com.br\/noticias\/marfrig-mrfg3-investigada-cvm-compra-acoes-brf\/","url":"https:\/\/www.suno.com.br\/noticias\/marfrig-mrfg3-investigada-cvm-compra-acoes-brf\/","name":"Marfrig (MRFG3) ser\u00e1 investigada pela CVM ap\u00f3s compra de a\u00e7\u00f5es","isPartOf":{"@id":"https:\/\/www.suno.com.br\/noticias\/#website"},"primaryImageOfPage":{"@id":"https:\/\/www.suno.com.br\/noticias\/marfrig-mrfg3-investigada-cvm-compra-acoes-brf\/#primaryimage"},"image":{"@id":"https:\/\/www.suno.com.br\/noticias\/marfrig-mrfg3-investigada-cvm-compra-acoes-brf\/#primaryimage"},"thumbnailUrl":"https:\/\/files.sunoresearch.com.br\/n\/uploads\/2021\/03\/da639ab2-marfrig-jpg.webp","datePublished":"2021-05-24T12:14:35+00:00","description":"Ap\u00f3s a Marfrig se tornar a maior acionista da BRF, aumentando sua posi\u00e7\u00e3o para 24%, a CVM informa que investigar\u00e1 a transa\u00e7\u00e3o. Leia sobre","breadcrumb":{"@id":"https:\/\/www.suno.com.br\/noticias\/marfrig-mrfg3-investigada-cvm-compra-acoes-brf\/#breadcrumb"},"inLanguage":"pt-BR","potentialAction":[{"@type":"ReadAction","target":["https:\/\/www.suno.com.br\/noticias\/marfrig-mrfg3-investigada-cvm-compra-acoes-brf\/"]}]},{"@type":"ImageObject","inLanguage":"pt-BR","@id":"https:\/\/www.suno.com.br\/noticias\/marfrig-mrfg3-investigada-cvm-compra-acoes-brf\/#primaryimage","url":"https:\/\/files.sunoresearch.com.br\/n\/uploads\/2021\/03\/da639ab2-marfrig-jpg.webp","contentUrl":"https:\/\/files.sunoresearch.com.br\/n\/uploads\/2021\/03\/da639ab2-marfrig-jpg.webp","width":1200,"height":800,"caption":"Marfrig. Foto: Divulga\u00e7\u00e3o\/Marfrig"},{"@type":"BreadcrumbList","@id":"https:\/\/www.suno.com.br\/noticias\/marfrig-mrfg3-investigada-cvm-compra-acoes-brf\/#breadcrumb","itemListElement":[{"@type":"ListItem","position":1,"name":"Not\u00edcias","item":"https:\/\/www.suno.com.br\/noticias\/"},{"@type":"ListItem","position":2,"name":"Neg\u00f3cios","item":"https:\/\/www.suno.com.br\/noticias\/negocios\/"},{"@type":"ListItem","position":3,"name":"Marfrig (MRFG3) ser\u00e1 investigada pela CVM ap\u00f3s compra de a\u00e7\u00f5es da BRF (BRFS3), diz jornal"}]},{"@type":"WebSite","@id":"https:\/\/www.suno.com.br\/noticias\/#website","url":"https:\/\/www.suno.com.br\/noticias\/","name":"Suno Not\u00edcias","description":"Seu portal de informa\u00e7\u00e3o sobre o mundo dos investimentos","publisher":{"@id":"https:\/\/www.suno.com.br\/noticias\/#organization"},"potentialAction":[{"@type":"SearchAction","target":{"@type":"EntryPoint","urlTemplate":"https:\/\/www.suno.com.br\/noticias\/?s={search_term_string}"},"query-input":{"@type":"PropertyValueSpecification","valueRequired":true,"valueName":"search_term_string"}}],"inLanguage":"pt-BR"},{"@type":"Organization","@id":"https:\/\/www.suno.com.br\/noticias\/#organization","name":"Suno Not\u00edcias","url":"https:\/\/www.suno.com.br\/noticias\/","logo":{"@type":"ImageObject","inLanguage":"pt-BR","@id":"https:\/\/www.suno.com.br\/noticias\/#\/schema\/logo\/image\/","url":"https:\/\/files.sunoresearch.com.br\/n\/uploads\/2021\/09\/suno-logo.png","contentUrl":"https:\/\/files.sunoresearch.com.br\/n\/uploads\/2021\/09\/suno-logo.png","width":180,"height":180,"caption":"Suno Not\u00edcias"},"image":{"@id":"https:\/\/www.suno.com.br\/noticias\/#\/schema\/logo\/image\/"},"sameAs":["https:\/\/facebook.com\/sunoresearch","https:\/\/x.com\/sunoresearch","https:\/\/www.instagram.com\/suno","https:\/\/www.linkedin.com\/company\/suno-research\/","https:\/\/www.youtube.com\/c\/sunoresearch"]},{"@type":"Person","@id":"https:\/\/www.suno.com.br\/noticias\/#\/schema\/person\/7f4d362bf3518e76090143ae77bb49a5","name":"Eduardo Vargas","image":{"@type":"ImageObject","inLanguage":"pt-BR","@id":"https:\/\/www.suno.com.br\/noticias\/#\/schema\/person\/image\/","url":"https:\/\/secure.gravatar.com\/avatar\/dac340933427a22924c9f99d1eb2e3f2?s=96&r=g","contentUrl":"https:\/\/secure.gravatar.com\/avatar\/dac340933427a22924c9f99d1eb2e3f2?s=96&r=g","caption":"Eduardo Vargas"},"description":"Jornalista formado pela UFSC, cobre macroeconomia, neg\u00f3cios e startups para o Suno Not\u00edcias, escrevendo principalmente not\u00edcias sobre o mercado financeiro e a bolsa de valores. No YouTube e no Instagram, \u00e9 respons\u00e1vel pela produ\u00e7\u00e3o de Reels e Shorts do Suno Not\u00edcias. Anteriormente, trabalhou cobrindo economia e cotidiano no ND+ e para o ND, maior jornal impresso de Santa Catarina. Cursou um semestre letivo de Estudos de M\u00eddia na Universidad de Buenos Aires.","url":"https:\/\/www.suno.com.br\/noticias\/author\/eduardo-vargas\/"}]}},"default_loop_html":"<div class=\"cardsPage__listCard__boxs\"><div class=\"cardsPage__listCard__boxs__img\"><a href=\"https:\/\/www.suno.com.br\/noticias\/marfrig-mrfg3-investigada-cvm-compra-acoes-brf\/\"><img class=\"mask\" src=\"https:\/\/www.suno.com.br\/noticias\/wp-content\/themes\/suno\/resources\/images\/spotlight\/spotlight1img\/bg-mask.png\" alt=\"Image Mask\"\/><img src=\"https:\/\/files.sunoresearch.com.br\/n\/uploads\/2021\/03\/da639ab2-marfrig-400x200.webp\" alt=\"Marfrig (MRFG3) ser\u00e1 investigada pela CVM ap\u00f3s compra de a\u00e7\u00f5es da BRF (BRFS3), diz jornal\"\/><\/a><span class=\"spotlightCategory\"><a href=\"https:\/\/www.suno.com.br\/noticias\/negocios\/\">Neg\u00f3cios<\/a><\/span><\/div><div class=\"cardsPage__listCard__boxs__content\"><a href=\"https:\/\/www.suno.com.br\/noticias\/marfrig-mrfg3-investigada-cvm-compra-acoes-brf\/\"><h2 class=\"content__title\">Marfrig (MRFG3) ser\u00e1 investigada pela CVM ap\u00f3s compra de a\u00e7\u00f5es da BRF (BRFS3), diz jornal<\/h2><\/a><div class=\"newsContent__article__meta\"><div class=\"newsContent__article__meta__authorBox\"><a href=\"https:\/\/www.suno.com.br\/noticias\/author\/eduardo-vargas\/\" class=\"authorBox__avatar noMobi\"><img src=\"https:\/\/secure.gravatar.com\/avatar\/dac340933427a22924c9f99d1eb2e3f2?s=96&#038;r=g\" alt=\"Eduardo Vargas\"><\/a><div class=\"authorBox__name\"><span>por\n\t\t\t<a href=\"https:\/\/www.suno.com.br\/noticias\/author\/eduardo-vargas\/\"><span itemprop=\"author\">Eduardo Vargas<\/span><\/a><\/span><time datetime=\"2021-05-24T09:14:35-03:00\" itemprop=\"datePublished\">24\/05\/2021 09:14<\/time><\/div><\/div><\/div><\/div><\/div>","single_layout":"posts","amp_enabled":true,"_links":{"self":[{"href":"https:\/\/www.suno.com.br\/noticias\/wp-json\/wp\/v2\/posts\/150343"}],"collection":[{"href":"https:\/\/www.suno.com.br\/noticias\/wp-json\/wp\/v2\/posts"}],"about":[{"href":"https:\/\/www.suno.com.br\/noticias\/wp-json\/wp\/v2\/types\/post"}],"author":[{"embeddable":true,"href":"https:\/\/www.suno.com.br\/noticias\/wp-json\/wp\/v2\/users\/73"}],"replies":[{"embeddable":true,"href":"https:\/\/www.suno.com.br\/noticias\/wp-json\/wp\/v2\/comments?post=150343"}],"version-history":[{"count":2,"href":"https:\/\/www.suno.com.br\/noticias\/wp-json\/wp\/v2\/posts\/150343\/revisions"}],"predecessor-version":[{"id":150370,"href":"https:\/\/www.suno.com.br\/noticias\/wp-json\/wp\/v2\/posts\/150343\/revisions\/150370"}],"wp:featuredmedia":[{"embeddable":true,"href":"https:\/\/www.suno.com.br\/noticias\/wp-json\/wp\/v2\/media\/130398"}],"wp:attachment":[{"href":"https:\/\/www.suno.com.br\/noticias\/wp-json\/wp\/v2\/media?parent=150343"}],"wp:term":[{"taxonomy":"category","embeddable":true,"href":"https:\/\/www.suno.com.br\/noticias\/wp-json\/wp\/v2\/categories?post=150343"},{"taxonomy":"post_tag","embeddable":true,"href":"https:\/\/www.suno.com.br\/noticias\/wp-json\/wp\/v2\/tags?post=150343"},{"taxonomy":"suno_strategy","embeddable":true,"href":"https:\/\/www.suno.com.br\/noticias\/wp-json\/wp\/v2\/suno_strategy?post=150343"}],"curies":[{"name":"wp","href":"https:\/\/api.w.org\/{rel}","templated":true}]}}