{"id":15032,"date":"2019-02-12T16:59:50","date_gmt":"2019-02-12T18:59:50","guid":{"rendered":"https:\/\/www.suno.com.br\/noticias\/?p=15032"},"modified":"2019-02-12T16:59:50","modified_gmt":"2019-02-12T18:59:50","slug":"nissan-reduz-previsao-lucro-liquido-2019","status":"publish","type":"post","link":"https:\/\/www.suno.com.br\/noticias\/nissan-reduz-previsao-lucro-liquido-2019\/","title":{"rendered":"Nissan reduz em 45% a previs\u00e3o do lucro l\u00edquido para 2019"},"content":{"rendered":"<p>A Nissan reduziu as suas previs\u00f5es de lucros para 2019, nesta ter\u00e7a-feira (12). Esses s\u00e3o os primeiros dados a serem divulgados pela empresa ap\u00f3s a pris\u00e3o de seu ex-presidente Carlos Ghosn.<\/p>\t<div class=\"wrapper-featured-image\">\n\t\t<figure class=\"spotlightImg\">\n\n\t\t\t<picture>\n\t\t\t\t<source media=\"(max-width: 768px)\" srcset=\"https:\/\/files.sunoresearch.com.br\/n\/uploads\/2019\/02\/f1905093-nissan-400x200.webp\">\n\t\t\t\t<img loading=\"lazy\" decoding=\"async\" class=\"newsContent__article__imgCapa lazyloadDisabled newsContent__article__imgCapa--noCaption\" src=\"https:\/\/files.sunoresearch.com.br\/n\/uploads\/2019\/02\/f1905093-nissan-800x450.webp\" width=\"800\" height=\"450\" alt=\"Nissan reduz em 45% a previs\u00e3o do lucro l\u00edquido para 2019\" fetchpriority=high \/>\n\t\t\t<\/picture>\n\n\t\t\t<figcaption class=\"wp-caption-text wp-caption-text--hide\">Nissan <\/figcaption>\n\t\t<\/figure>\n\t<\/div>\n\n\n<p>O <strong>lucro l\u00edquido<\/strong> da <strong>Nissan<\/strong>, entre abril e dezembro de 2018, foi reduzido em 45%, ficando em 316,7 bilh\u00f5es de ienes ou US$ 2,87 bilh\u00f5es.<\/p>\n<p>No entanto, o motivo da queda foi a redu\u00e7\u00e3o de 8,4% nas vendas nos <strong>Estados Unidos<\/strong> e a redu\u00e7\u00e3o de 13% nas vendas na <strong>Europa<\/strong>, durante 2017.<\/p>\n<p><a href=\"https:\/\/www.suno.com.br\/noticias\/ghosn-pago-casamento-desviando-dinheiro-versalhes\/\">Saiba mais:\u00a0Ghosn teria pago seu casamento desviando dinheiro doado a Versalhes<\/a><\/p>\n<p>Agora, a empresa prev\u00ea um lucro l\u00edquido de 410 bilh\u00f5es de ienes (US$ 3,71 bi) em 2019. Dessa forma, a nova estimativa mostra uma redu\u00e7\u00e3o de 45% quando comparada aos 500 bilh\u00f5es de ienes (US$ 4,52 bi) esperados antes.<\/p>\n<div class=\"wall protected-content\">\n<div data-track-category=\"multicontent\" data-track-action=\"ultimo chunk conteudo\" data-track-noninteraction=\"false\" data-track-scroll=\"view\">\n<h2>Caso Carlos Ghosn<\/h2>\n<p><strong>Carlos Ghosn<\/strong> est\u00e1 preso desde 19 de novembro em T\u00f3quio, sendo acusado de fraude e uso indevido de recursos do grupo <strong>Renault-Nissan<\/strong>, no qual era presidente.<\/p>\n<p>O executivo de 64 anos foi acusado de ter omitido em suas declara\u00e7\u00f5es de renda \u00e0s autoridades da <strong>Bolsa de Valores<\/strong> nip\u00f4nica. Ele teria escondido quase 5 bilh\u00f5es de ienes (cerca de US$ 44 milh\u00f5es) entre 2010 e 2015.<\/p>\n<p>Al\u00e9m disso, seu bra\u00e7o direito, <strong>Greg Kelly,<\/strong> tamb\u00e9m foi acusado de ter ajudado a <strong>ocultar valores.<\/strong><\/p>\n<p><a href=\"https:\/\/www.suno.com.br\/noticias\/carlos-ghosn-renault\/\">Saiba mais: Carlos Ghosn deixa presid\u00eancia da Renault; Conselho j\u00e1 tem novo nome\u00a0<\/a><\/p>\n<p><strong>Ghosn<\/strong> tamb\u00e9m \u00e9 suspeito de ter repetido a <strong>fraude,<\/strong> entre 2015 e 2018, totalizando 4 bilh\u00f5es de ienes (cerca de US$ 35 milh\u00f5es).<\/p>\n<p><a href=\"https:\/\/www.suno.com.br\/noticias\/carlos-ghosn-sair-prisao-confessar\/\">Saiba mais:\u00a0Carlos Ghosn pode sair da pris\u00e3o se confessar culpa, diz filho\u00a0<\/a><\/p>\n<p>De acordo com a Nissan, al\u00e9m das acusa\u00e7\u00f5es de n\u00e3o ter declarado sua renda real,\u00a0seu ex-presidente utilizou ilicitamente resid\u00eancias de luxo espalhadas em v\u00e1rios pa\u00edses do mundo pagas pela empresa.<\/p>\n<p>A deten\u00e7\u00e3o de <strong>Ghosn<\/strong>\u00a0resultou em uma investiga\u00e7\u00e3o interna da empresa. Al\u00e9m disso, a empresa tamb\u00e9m \u00e9 investigada como pessoa jur\u00eddica. No entanto, a Promotoria suspeita que a empresa tenha fornecido relat\u00f3rios falsos \u00e0s autoridades da <strong>Bolsa de Valores.<\/strong><\/p>\n<p>No entanto, a pris\u00e3o de <strong>Ghosn<\/strong> provocou uma crise na alian\u00e7a entre a <strong>Nissan<\/strong> e a <strong>Renault,<\/strong>\u00a0que foi\u00a0criada em 1999, pelo pr\u00f3prio por\u00a0<strong>Carlos<\/strong> <strong>Ghosn<\/strong>. Assim, com a entrada da Mitsubishi Motors, se tornou o maior grupo mundial do setor automobil\u00edstico.<\/p>\n<p><strong>Carlos Ghosn<\/strong> foi destitu\u00eddo da presid\u00eancia da <strong>Nissan<\/strong> poucos dias depois de ter sido detido. Al\u00e9m disso, o executivo foi retirada da presid\u00eancia da <strong>Mitsubishi Motors<\/strong> e no \u00faltimo m\u00eas renunciou ao mesmo cargo na <strong>Renault<\/strong>.<\/p>\n<\/div>\n<\/div>\n","protected":false},"excerpt":{"rendered":"<p>A Nissan reduziu as suas previs\u00f5es de lucros para 2019, nesta ter\u00e7a-feira (12). Esses s\u00e3o os primeiros dados a serem divulgados pela empresa ap\u00f3s a pris\u00e3o de seu ex-presidente Carlos Ghosn. Nissan O lucro l\u00edquido da Nissan, entre abril e dezembro de 2018, foi reduzido em 45%, ficando em 316,7 bilh\u00f5es de ienes ou US$ [&hellip;]<\/p>\n","protected":false},"author":11,"featured_media":14279,"comment_status":"closed","ping_status":"closed","sticky":false,"template":"","format":"standard","meta":[],"categories":[63],"tags":[876,877],"suno_strategy":[],"class_list":["post-15032","post","type-post","status-publish","format-standard","has-post-thumbnail","hentry","category-internacional","tag-carlos-ghosn","tag-nissan"],"yoast_head":"<!-- This site is optimized with the Yoast SEO plugin v24.4 - https:\/\/yoast.com\/wordpress\/plugins\/seo\/ -->\n<title>Nissan reduz em 45% a previs\u00e3o do lucro l\u00edquido para 2019<\/title>\n<meta name=\"description\" content=\"S\u00e3o os primeiros dados divulgados pela Nissan ap\u00f3s a pris\u00e3o de Ghosn; empresa foi afetada por queda nas vendas nos EUA e Europa. Clique para saber mais.\" \/>\n<meta name=\"robots\" content=\"index, follow, max-snippet:-1, max-image-preview:large, max-video-preview:-1\" \/>\n<link rel=\"canonical\" href=\"https:\/\/www.suno.com.br\/noticias\/nissan-reduz-previsao-lucro-liquido-2019\/\" \/>\n<meta property=\"og:locale\" content=\"pt_BR\" \/>\n<meta property=\"og:type\" content=\"article\" \/>\n<meta property=\"og:title\" content=\"Nissan reduz em 45% a previs\u00e3o do lucro l\u00edquido para 2019\" \/>\n<meta property=\"og:description\" content=\"S\u00e3o os primeiros dados divulgados pela Nissan ap\u00f3s a pris\u00e3o de Ghosn; empresa foi afetada por queda nas vendas nos EUA e Europa. Clique para saber mais.\" \/>\n<meta property=\"og:url\" content=\"https:\/\/www.suno.com.br\/noticias\/nissan-reduz-previsao-lucro-liquido-2019\/\" \/>\n<meta property=\"og:site_name\" content=\"Suno Not\u00edcias\" \/>\n<meta property=\"article:publisher\" content=\"https:\/\/facebook.com\/sunoresearch\" \/>\n<meta property=\"og:image\" content=\"https:\/\/files.sunoresearch.com.br\/n\/uploads\/2019\/02\/f1905093-nissan.jpg\" \/>\n\t<meta property=\"og:image:width\" content=\"800\" \/>\n\t<meta property=\"og:image:height\" content=\"677\" \/>\n\t<meta property=\"og:image:type\" content=\"image\/jpeg\" \/>\n<meta name=\"author\" content=\"Renan Bandeira\" \/>\n<meta name=\"twitter:card\" content=\"summary_large_image\" \/>\n<meta name=\"twitter:creator\" content=\"@sunoresearch\" \/>\n<meta name=\"twitter:site\" content=\"@sunoresearch\" \/>\n<meta name=\"twitter:label1\" content=\"Escrito por\" \/>\n\t<meta name=\"twitter:data1\" content=\"Renan Bandeira\" \/>\n\t<meta name=\"twitter:label2\" content=\"Est. tempo de leitura\" \/>\n\t<meta name=\"twitter:data2\" content=\"2 minutos\" \/>\n<script type=\"application\/ld+json\" class=\"yoast-schema-graph\">{\"@context\":\"https:\/\/schema.org\",\"@graph\":[{\"@type\":\"NewsArticle\",\"@id\":\"https:\/\/www.suno.com.br\/noticias\/nissan-reduz-previsao-lucro-liquido-2019\/#article\",\"isPartOf\":{\"@id\":\"https:\/\/www.suno.com.br\/noticias\/nissan-reduz-previsao-lucro-liquido-2019\/\"},\"author\":{\"name\":\"Renan Bandeira\",\"@id\":\"https:\/\/www.suno.com.br\/noticias\/#\/schema\/person\/fc144a1c6108bd1dcd43784e88a3c138\"},\"headline\":\"Nissan reduz em 45% a previs\u00e3o do lucro l\u00edquido para 2019\",\"datePublished\":\"2019-02-12T18:59:50+00:00\",\"mainEntityOfPage\":{\"@id\":\"https:\/\/www.suno.com.br\/noticias\/nissan-reduz-previsao-lucro-liquido-2019\/\"},\"wordCount\":447,\"publisher\":{\"@id\":\"https:\/\/www.suno.com.br\/noticias\/#organization\"},\"image\":{\"@id\":\"https:\/\/www.suno.com.br\/noticias\/nissan-reduz-previsao-lucro-liquido-2019\/#primaryimage\"},\"thumbnailUrl\":\"https:\/\/files.sunoresearch.com.br\/n\/uploads\/2019\/02\/f1905093-nissan-jpg.webp\",\"keywords\":[\"Carlos Ghosn\",\"Nissan\"],\"articleSection\":[\"Internacional\"],\"inLanguage\":\"pt-BR\"},{\"@type\":\"WebPage\",\"@id\":\"https:\/\/www.suno.com.br\/noticias\/nissan-reduz-previsao-lucro-liquido-2019\/\",\"url\":\"https:\/\/www.suno.com.br\/noticias\/nissan-reduz-previsao-lucro-liquido-2019\/\",\"name\":\"Nissan reduz em 45% a previs\u00e3o do lucro l\u00edquido para 2019\",\"isPartOf\":{\"@id\":\"https:\/\/www.suno.com.br\/noticias\/#website\"},\"primaryImageOfPage\":{\"@id\":\"https:\/\/www.suno.com.br\/noticias\/nissan-reduz-previsao-lucro-liquido-2019\/#primaryimage\"},\"image\":{\"@id\":\"https:\/\/www.suno.com.br\/noticias\/nissan-reduz-previsao-lucro-liquido-2019\/#primaryimage\"},\"thumbnailUrl\":\"https:\/\/files.sunoresearch.com.br\/n\/uploads\/2019\/02\/f1905093-nissan-jpg.webp\",\"datePublished\":\"2019-02-12T18:59:50+00:00\",\"description\":\"S\u00e3o os primeiros dados divulgados pela Nissan ap\u00f3s a pris\u00e3o de Ghosn; empresa foi afetada por queda nas vendas nos EUA e Europa. Clique para saber mais.\",\"breadcrumb\":{\"@id\":\"https:\/\/www.suno.com.br\/noticias\/nissan-reduz-previsao-lucro-liquido-2019\/#breadcrumb\"},\"inLanguage\":\"pt-BR\",\"potentialAction\":[{\"@type\":\"ReadAction\",\"target\":[\"https:\/\/www.suno.com.br\/noticias\/nissan-reduz-previsao-lucro-liquido-2019\/\"]}]},{\"@type\":\"ImageObject\",\"inLanguage\":\"pt-BR\",\"@id\":\"https:\/\/www.suno.com.br\/noticias\/nissan-reduz-previsao-lucro-liquido-2019\/#primaryimage\",\"url\":\"https:\/\/files.sunoresearch.com.br\/n\/uploads\/2019\/02\/f1905093-nissan-jpg.webp\",\"contentUrl\":\"https:\/\/files.sunoresearch.com.br\/n\/uploads\/2019\/02\/f1905093-nissan-jpg.webp\",\"width\":800,\"height\":677,\"caption\":\"Nissan\"},{\"@type\":\"BreadcrumbList\",\"@id\":\"https:\/\/www.suno.com.br\/noticias\/nissan-reduz-previsao-lucro-liquido-2019\/#breadcrumb\",\"itemListElement\":[{\"@type\":\"ListItem\",\"position\":1,\"name\":\"Not\u00edcias\",\"item\":\"https:\/\/www.suno.com.br\/noticias\/\"},{\"@type\":\"ListItem\",\"position\":2,\"name\":\"Internacional\",\"item\":\"https:\/\/www.suno.com.br\/noticias\/internacional\/\"},{\"@type\":\"ListItem\",\"position\":3,\"name\":\"Nissan reduz em 45% a previs\u00e3o do lucro l\u00edquido para 2019\"}]},{\"@type\":\"WebSite\",\"@id\":\"https:\/\/www.suno.com.br\/noticias\/#website\",\"url\":\"https:\/\/www.suno.com.br\/noticias\/\",\"name\":\"Suno Not\u00edcias\",\"description\":\"Seu portal de informa\u00e7\u00e3o sobre o mundo dos investimentos\",\"publisher\":{\"@id\":\"https:\/\/www.suno.com.br\/noticias\/#organization\"},\"potentialAction\":[{\"@type\":\"SearchAction\",\"target\":{\"@type\":\"EntryPoint\",\"urlTemplate\":\"https:\/\/www.suno.com.br\/noticias\/?s={search_term_string}\"},\"query-input\":{\"@type\":\"PropertyValueSpecification\",\"valueRequired\":true,\"valueName\":\"search_term_string\"}}],\"inLanguage\":\"pt-BR\"},{\"@type\":\"Organization\",\"@id\":\"https:\/\/www.suno.com.br\/noticias\/#organization\",\"name\":\"Suno Not\u00edcias\",\"url\":\"https:\/\/www.suno.com.br\/noticias\/\",\"logo\":{\"@type\":\"ImageObject\",\"inLanguage\":\"pt-BR\",\"@id\":\"https:\/\/www.suno.com.br\/noticias\/#\/schema\/logo\/image\/\",\"url\":\"https:\/\/files.sunoresearch.com.br\/n\/uploads\/2021\/09\/suno-logo.png\",\"contentUrl\":\"https:\/\/files.sunoresearch.com.br\/n\/uploads\/2021\/09\/suno-logo.png\",\"width\":180,\"height\":180,\"caption\":\"Suno Not\u00edcias\"},\"image\":{\"@id\":\"https:\/\/www.suno.com.br\/noticias\/#\/schema\/logo\/image\/\"},\"sameAs\":[\"https:\/\/facebook.com\/sunoresearch\",\"https:\/\/x.com\/sunoresearch\",\"https:\/\/www.instagram.com\/suno\",\"https:\/\/www.linkedin.com\/company\/suno-research\/\",\"https:\/\/www.youtube.com\/c\/sunoresearch\"]},{\"@type\":\"Person\",\"@id\":\"https:\/\/www.suno.com.br\/noticias\/#\/schema\/person\/fc144a1c6108bd1dcd43784e88a3c138\",\"name\":\"Renan Bandeira\",\"image\":{\"@type\":\"ImageObject\",\"inLanguage\":\"pt-BR\",\"@id\":\"https:\/\/www.suno.com.br\/noticias\/#\/schema\/person\/image\/\",\"url\":\"https:\/\/secure.gravatar.com\/avatar\/68359cdb608f14f11bbefcb78f3fc747?s=96&r=g\",\"contentUrl\":\"https:\/\/secure.gravatar.com\/avatar\/68359cdb608f14f11bbefcb78f3fc747?s=96&r=g\",\"caption\":\"Renan Bandeira\"},\"description\":\"Renan Bandeira escreve sobre pol\u00edtica e economia para o portal da Suno Research. Antes da Suno, trabalhou em uma rede de televis\u00e3o, onde fazia reportagens sobre os mesmos temas. Estuda na Universidade Metodista de S\u00e3o Paulo.\",\"url\":\"https:\/\/www.suno.com.br\/noticias\/author\/renan-bandeira\/\"}]}<\/script>\n<!-- \/ Yoast SEO plugin. -->","yoast_head_json":{"title":"Nissan reduz em 45% a previs\u00e3o do lucro l\u00edquido para 2019","description":"S\u00e3o os primeiros dados divulgados pela Nissan ap\u00f3s a pris\u00e3o de Ghosn; empresa foi afetada por queda nas vendas nos EUA e Europa. Clique para saber mais.","robots":{"index":"index","follow":"follow","max-snippet":"max-snippet:-1","max-image-preview":"max-image-preview:large","max-video-preview":"max-video-preview:-1"},"canonical":"https:\/\/www.suno.com.br\/noticias\/nissan-reduz-previsao-lucro-liquido-2019\/","og_locale":"pt_BR","og_type":"article","og_title":"Nissan reduz em 45% a previs\u00e3o do lucro l\u00edquido para 2019","og_description":"S\u00e3o os primeiros dados divulgados pela Nissan ap\u00f3s a pris\u00e3o de Ghosn; empresa foi afetada por queda nas vendas nos EUA e Europa. Clique para saber mais.","og_url":"https:\/\/www.suno.com.br\/noticias\/nissan-reduz-previsao-lucro-liquido-2019\/","og_site_name":"Suno Not\u00edcias","article_publisher":"https:\/\/facebook.com\/sunoresearch","og_image":[{"width":800,"height":677,"url":"https:\/\/files.sunoresearch.com.br\/n\/uploads\/2019\/02\/f1905093-nissan.jpg","type":"image\/jpeg"}],"author":"Renan Bandeira","twitter_card":"summary_large_image","twitter_creator":"@sunoresearch","twitter_site":"@sunoresearch","twitter_misc":{"Escrito por":"Renan Bandeira","Est. tempo de leitura":"2 minutos"},"schema":{"@context":"https:\/\/schema.org","@graph":[{"@type":"NewsArticle","@id":"https:\/\/www.suno.com.br\/noticias\/nissan-reduz-previsao-lucro-liquido-2019\/#article","isPartOf":{"@id":"https:\/\/www.suno.com.br\/noticias\/nissan-reduz-previsao-lucro-liquido-2019\/"},"author":{"name":"Renan Bandeira","@id":"https:\/\/www.suno.com.br\/noticias\/#\/schema\/person\/fc144a1c6108bd1dcd43784e88a3c138"},"headline":"Nissan reduz em 45% a previs\u00e3o do lucro l\u00edquido para 2019","datePublished":"2019-02-12T18:59:50+00:00","mainEntityOfPage":{"@id":"https:\/\/www.suno.com.br\/noticias\/nissan-reduz-previsao-lucro-liquido-2019\/"},"wordCount":447,"publisher":{"@id":"https:\/\/www.suno.com.br\/noticias\/#organization"},"image":{"@id":"https:\/\/www.suno.com.br\/noticias\/nissan-reduz-previsao-lucro-liquido-2019\/#primaryimage"},"thumbnailUrl":"https:\/\/files.sunoresearch.com.br\/n\/uploads\/2019\/02\/f1905093-nissan-jpg.webp","keywords":["Carlos Ghosn","Nissan"],"articleSection":["Internacional"],"inLanguage":"pt-BR"},{"@type":"WebPage","@id":"https:\/\/www.suno.com.br\/noticias\/nissan-reduz-previsao-lucro-liquido-2019\/","url":"https:\/\/www.suno.com.br\/noticias\/nissan-reduz-previsao-lucro-liquido-2019\/","name":"Nissan reduz em 45% a previs\u00e3o do lucro l\u00edquido para 2019","isPartOf":{"@id":"https:\/\/www.suno.com.br\/noticias\/#website"},"primaryImageOfPage":{"@id":"https:\/\/www.suno.com.br\/noticias\/nissan-reduz-previsao-lucro-liquido-2019\/#primaryimage"},"image":{"@id":"https:\/\/www.suno.com.br\/noticias\/nissan-reduz-previsao-lucro-liquido-2019\/#primaryimage"},"thumbnailUrl":"https:\/\/files.sunoresearch.com.br\/n\/uploads\/2019\/02\/f1905093-nissan-jpg.webp","datePublished":"2019-02-12T18:59:50+00:00","description":"S\u00e3o os primeiros dados divulgados pela Nissan ap\u00f3s a pris\u00e3o de Ghosn; empresa foi afetada por queda nas vendas nos EUA e Europa. Clique para saber mais.","breadcrumb":{"@id":"https:\/\/www.suno.com.br\/noticias\/nissan-reduz-previsao-lucro-liquido-2019\/#breadcrumb"},"inLanguage":"pt-BR","potentialAction":[{"@type":"ReadAction","target":["https:\/\/www.suno.com.br\/noticias\/nissan-reduz-previsao-lucro-liquido-2019\/"]}]},{"@type":"ImageObject","inLanguage":"pt-BR","@id":"https:\/\/www.suno.com.br\/noticias\/nissan-reduz-previsao-lucro-liquido-2019\/#primaryimage","url":"https:\/\/files.sunoresearch.com.br\/n\/uploads\/2019\/02\/f1905093-nissan-jpg.webp","contentUrl":"https:\/\/files.sunoresearch.com.br\/n\/uploads\/2019\/02\/f1905093-nissan-jpg.webp","width":800,"height":677,"caption":"Nissan"},{"@type":"BreadcrumbList","@id":"https:\/\/www.suno.com.br\/noticias\/nissan-reduz-previsao-lucro-liquido-2019\/#breadcrumb","itemListElement":[{"@type":"ListItem","position":1,"name":"Not\u00edcias","item":"https:\/\/www.suno.com.br\/noticias\/"},{"@type":"ListItem","position":2,"name":"Internacional","item":"https:\/\/www.suno.com.br\/noticias\/internacional\/"},{"@type":"ListItem","position":3,"name":"Nissan reduz em 45% a previs\u00e3o do lucro l\u00edquido para 2019"}]},{"@type":"WebSite","@id":"https:\/\/www.suno.com.br\/noticias\/#website","url":"https:\/\/www.suno.com.br\/noticias\/","name":"Suno Not\u00edcias","description":"Seu portal de informa\u00e7\u00e3o sobre o mundo dos investimentos","publisher":{"@id":"https:\/\/www.suno.com.br\/noticias\/#organization"},"potentialAction":[{"@type":"SearchAction","target":{"@type":"EntryPoint","urlTemplate":"https:\/\/www.suno.com.br\/noticias\/?s={search_term_string}"},"query-input":{"@type":"PropertyValueSpecification","valueRequired":true,"valueName":"search_term_string"}}],"inLanguage":"pt-BR"},{"@type":"Organization","@id":"https:\/\/www.suno.com.br\/noticias\/#organization","name":"Suno Not\u00edcias","url":"https:\/\/www.suno.com.br\/noticias\/","logo":{"@type":"ImageObject","inLanguage":"pt-BR","@id":"https:\/\/www.suno.com.br\/noticias\/#\/schema\/logo\/image\/","url":"https:\/\/files.sunoresearch.com.br\/n\/uploads\/2021\/09\/suno-logo.png","contentUrl":"https:\/\/files.sunoresearch.com.br\/n\/uploads\/2021\/09\/suno-logo.png","width":180,"height":180,"caption":"Suno Not\u00edcias"},"image":{"@id":"https:\/\/www.suno.com.br\/noticias\/#\/schema\/logo\/image\/"},"sameAs":["https:\/\/facebook.com\/sunoresearch","https:\/\/x.com\/sunoresearch","https:\/\/www.instagram.com\/suno","https:\/\/www.linkedin.com\/company\/suno-research\/","https:\/\/www.youtube.com\/c\/sunoresearch"]},{"@type":"Person","@id":"https:\/\/www.suno.com.br\/noticias\/#\/schema\/person\/fc144a1c6108bd1dcd43784e88a3c138","name":"Renan Bandeira","image":{"@type":"ImageObject","inLanguage":"pt-BR","@id":"https:\/\/www.suno.com.br\/noticias\/#\/schema\/person\/image\/","url":"https:\/\/secure.gravatar.com\/avatar\/68359cdb608f14f11bbefcb78f3fc747?s=96&r=g","contentUrl":"https:\/\/secure.gravatar.com\/avatar\/68359cdb608f14f11bbefcb78f3fc747?s=96&r=g","caption":"Renan Bandeira"},"description":"Renan Bandeira escreve sobre pol\u00edtica e economia para o portal da Suno Research. Antes da Suno, trabalhou em uma rede de televis\u00e3o, onde fazia reportagens sobre os mesmos temas. Estuda na Universidade Metodista de S\u00e3o Paulo.","url":"https:\/\/www.suno.com.br\/noticias\/author\/renan-bandeira\/"}]}},"default_loop_html":"<div class=\"cardsPage__listCard__boxs\"><div class=\"cardsPage__listCard__boxs__img\"><a href=\"https:\/\/www.suno.com.br\/noticias\/nissan-reduz-previsao-lucro-liquido-2019\/\"><img class=\"mask\" src=\"https:\/\/www.suno.com.br\/noticias\/wp-content\/themes\/suno\/resources\/images\/spotlight\/spotlight1img\/bg-mask.png\" alt=\"Image Mask\"\/><img src=\"https:\/\/files.sunoresearch.com.br\/n\/uploads\/2019\/02\/f1905093-nissan-400x200.webp\" alt=\"Nissan reduz em 45% a previs\u00e3o do lucro l\u00edquido para 2019\"\/><\/a><span class=\"spotlightCategory\"><a href=\"https:\/\/www.suno.com.br\/noticias\/internacional\/\">Internacional<\/a><\/span><\/div><div class=\"cardsPage__listCard__boxs__content\"><a href=\"https:\/\/www.suno.com.br\/noticias\/nissan-reduz-previsao-lucro-liquido-2019\/\"><h2 class=\"content__title\">Nissan reduz em 45% a previs\u00e3o do lucro l\u00edquido para 2019<\/h2><\/a><div class=\"newsContent__article__meta\"><div class=\"newsContent__article__meta__authorBox\"><a href=\"https:\/\/www.suno.com.br\/noticias\/author\/renan-bandeira\/\" class=\"authorBox__avatar noMobi\"><img src=\"https:\/\/secure.gravatar.com\/avatar\/68359cdb608f14f11bbefcb78f3fc747?s=96&#038;r=g\" alt=\"Renan Bandeira\"><\/a><div class=\"authorBox__name\"><span>por\n\t\t\t<a href=\"https:\/\/www.suno.com.br\/noticias\/author\/renan-bandeira\/\"><span itemprop=\"author\">Renan Bandeira<\/span><\/a><\/span><time datetime=\"2019-02-12T16:59:50-02:00\" itemprop=\"datePublished\">12\/02\/2019 16:59<\/time><\/div><\/div><\/div><\/div><\/div>","single_layout":"posts","amp_enabled":true,"_links":{"self":[{"href":"https:\/\/www.suno.com.br\/noticias\/wp-json\/wp\/v2\/posts\/15032"}],"collection":[{"href":"https:\/\/www.suno.com.br\/noticias\/wp-json\/wp\/v2\/posts"}],"about":[{"href":"https:\/\/www.suno.com.br\/noticias\/wp-json\/wp\/v2\/types\/post"}],"author":[{"embeddable":true,"href":"https:\/\/www.suno.com.br\/noticias\/wp-json\/wp\/v2\/users\/11"}],"replies":[{"embeddable":true,"href":"https:\/\/www.suno.com.br\/noticias\/wp-json\/wp\/v2\/comments?post=15032"}],"version-history":[{"count":0,"href":"https:\/\/www.suno.com.br\/noticias\/wp-json\/wp\/v2\/posts\/15032\/revisions"}],"wp:featuredmedia":[{"embeddable":true,"href":"https:\/\/www.suno.com.br\/noticias\/wp-json\/wp\/v2\/media\/14279"}],"wp:attachment":[{"href":"https:\/\/www.suno.com.br\/noticias\/wp-json\/wp\/v2\/media?parent=15032"}],"wp:term":[{"taxonomy":"category","embeddable":true,"href":"https:\/\/www.suno.com.br\/noticias\/wp-json\/wp\/v2\/categories?post=15032"},{"taxonomy":"post_tag","embeddable":true,"href":"https:\/\/www.suno.com.br\/noticias\/wp-json\/wp\/v2\/tags?post=15032"},{"taxonomy":"suno_strategy","embeddable":true,"href":"https:\/\/www.suno.com.br\/noticias\/wp-json\/wp\/v2\/suno_strategy?post=15032"}],"curies":[{"name":"wp","href":"https:\/\/api.w.org\/{rel}","templated":true}]}}