{"id":15028,"date":"2019-02-12T16:50:14","date_gmt":"2019-02-12T18:50:14","guid":{"rendered":"https:\/\/www.suno.com.br\/noticias\/?p=15028"},"modified":"2021-06-21T05:22:05","modified_gmt":"2021-06-21T08:22:05","slug":"safra-graos-aumento-ibge","status":"publish","type":"post","link":"https:\/\/www.suno.com.br\/noticias\/safra-graos-aumento-ibge\/","title":{"rendered":"IBGE: Safra de gr\u00e3os ter\u00e1 aumento de 1,9% em 2019"},"content":{"rendered":"<p>A safra de gr\u00e3os no Brasil deve chegar a 230,7 milh\u00f5es de toneladas em 2019, o que representa uma alta de 1,9% em rela\u00e7\u00e3o ao mesmo per\u00edodo do ano passado.<\/p>\t<div class=\"wrapper-featured-image\">\n\t\t<figure class=\"spotlightImg\">\n\n\t\t\t<picture>\n\t\t\t\t<source media=\"(max-width: 768px)\" srcset=\"https:\/\/files.sunoresearch.com.br\/n\/uploads\/2018\/09\/e95f416e-soja-400x200.webp\">\n\t\t\t\t<img loading=\"lazy\" decoding=\"async\" class=\"newsContent__article__imgCapa lazyloadDisabled newsContent__article__imgCapa--noCaption\" src=\"https:\/\/files.sunoresearch.com.br\/n\/uploads\/2018\/09\/e95f416e-soja-800x450.webp\" width=\"800\" height=\"450\" alt=\"IBGE: Safra de gr\u00e3os ter\u00e1 aumento de 1,9% em 2019\" fetchpriority=high \/>\n\t\t\t<\/picture>\n\n\t\t\t<figcaption class=\"wp-caption-text wp-caption-text--hide\">A iniciativa \u00e9 parte do plano de expans\u00e3o da sementeira anunciado durante o IPO da Boa Safra<\/figcaption>\n\t\t<\/figure>\n\t<\/div>\n\n\n<p>No total, a <strong>safra de gr\u00e3os<\/strong> deve ter um acr\u00e9scimo de 4,2 milh\u00f5es de toneladas. O estudo foi divulgado nesta ter\u00e7a-feira (12) pelo <strong>Instituto Brasileiro de Geografia e Estat\u00edsticas (IBGE)<\/strong> e faz parte do <strong>Levantamento Sistem\u00e1tico da Produ\u00e7\u00e3o Agr\u00edcola (LSPA)<\/strong>.<\/p>\n<p><a href=\"https:\/\/www.suno.com.br\/noticias\/agronegocio-decisao-tabela-frete\/\">Saiba mais:\u00a0Exporta\u00e7\u00f5es do agroneg\u00f3cio batem recorde e ultrapassam US$ 100 bi<\/a><\/p>\n<p>Apesar do crescimento verificado na compara\u00e7\u00e3o com as proje\u00e7\u00f5es colhidas em 2018, o <strong>LSPA<\/strong> caiu 1,2% em rela\u00e7\u00e3o ao terceiro progn\u00f3stico, divulgado em janeiro. De acordo com o gerente da pesquisa, <strong>Carlos Alfredo Guedes<\/strong>, a queda foi ocasionada pela <a href=\"https:\/\/www.suno.com.br\/noticias\/soja-reduzir-projecao-safra-estados\/\"><strong>falta de chuva<\/strong>\u00a0nas regi\u00f5es produtoras<\/a>.<\/p>\n<p>&#8220;A produ\u00e7\u00e3o de <strong>soja<\/strong> caiu em aproximadamente 4 milh\u00f5es de toneladas por causa dos problemas clim\u00e1ticos, sobretudo no Paran\u00e1 e no Rio Grande do Sul. O Paran\u00e1, inclusive, deixou de ser o segundo estado mais produtor de soja do pa\u00eds, com o Rio Grande do Sul assumindo o seu lugar&#8221;, destacou.<\/p>\n<h2>Segunda maior safra<\/h2>\n<p>Caso os n\u00fameros se confirmem, a safra ser\u00e1 a segunda maior da s\u00e9rie do <strong>LSPA<\/strong>, iniciada em 1975. Em 2017, o Brasil registrou a maior colheita da hist\u00f3ria. A produ\u00e7\u00e3o agr\u00edcola chegou a 238,26 milh\u00f5es de toneladas.<\/p>\n<p>As regi\u00f5es que mais produziram foram:<\/p>\n<ul>\n<li>Centro-Oeste (101 milh\u00f5es de toneladas) &#8211; 44,2%<\/li>\n<li>Sul (77,5 milh\u00f5es de toneladas) &#8211; 33,6%<\/li>\n<li>Sudeste (23,1 milh\u00f5es de toneladas) &#8211; 10%<\/li>\n<li>Nordeste (18,9 milh\u00f5es de toneladas) &#8211; 8,2%<\/li>\n<li>Norte (9,3 milh\u00f5es de toneladas) &#8211; 4%<\/li>\n<\/ul>\n<p>Guedes diz que o aumento de 1,9% em compara\u00e7\u00e3o com 2018 foi puxado pelas expectativas da colheita de <strong>milho<\/strong>, que foi adiantada neste ano. A \u00e1rea plantada cresceu 3,6% em 2019 e a produ\u00e7\u00e3o do gr\u00e3o subiu 9,9%.<\/p>\n<p>&#8220;A <strong>soja<\/strong> foi plantada mais cedo ano passado, com isso teremos um per\u00edodo maior da chamada janela de plantio para o milho 2\u00aa <strong>safra<\/strong>. Isso possibilita menor risco para o desenvolvimento das lavouras&#8221;, explicou o Guedes.<\/p>\n<p><a href=\"https:\/\/www.suno.com.br\/noticias\/exportacoes-agronegocio-batem-recorde-ultrapassam\/\">Saiba mais:\u00a0Exporta\u00e7\u00f5es do agroneg\u00f3cio batem recorde e ultrapassam US$ 100 bi<\/a><\/p>\n<p>Juntos, <strong>soja<\/strong> e <strong>milho<\/strong> representam 88,5% da <strong>produ\u00e7\u00e3o agr\u00edcola brasileira<\/strong>. Em seguida vem o <strong>arroz<\/strong>, com 4,8% da <strong>safra<\/strong> <strong>de gr\u00e3os.<\/strong><\/p>\n<p>&nbsp;<\/p>\n","protected":false},"excerpt":{"rendered":"<p>A safra de gr\u00e3os no Brasil deve chegar a 230,7 milh\u00f5es de toneladas em 2019, o que representa uma alta de 1,9% em rela\u00e7\u00e3o ao mesmo per\u00edodo do ano passado. A iniciativa \u00e9 parte do plano de expans\u00e3o da sementeira anunciado durante o IPO da Boa Safra No total, a safra de gr\u00e3os deve ter [&hellip;]<\/p>\n","protected":false},"author":14,"featured_media":3446,"comment_status":"closed","ping_status":"closed","sticky":false,"template":"","format":"standard","meta":[],"categories":[60],"tags":[1121,1518,821,917],"suno_strategy":[],"class_list":["post-15028","post","type-post","status-publish","format-standard","has-post-thumbnail","hentry","category-mercado","tag-agronegocio","tag-banco-safra","tag-ibge","tag-soja"],"yoast_head":"<!-- This site is optimized with the Yoast SEO plugin v24.4 - https:\/\/yoast.com\/wordpress\/plugins\/seo\/ -->\n<title>IBGE: Safra de gr\u00e3os ter\u00e1 aumento de 1,9% em 2019<\/title>\n<meta name=\"description\" content=\"A safra de gr\u00e3os deve ter um acr\u00e9scimo de 4,2 milh\u00f5es de toneladas. O estudo foi divulgado nesta ter\u00e7a-feira (12). Clique para saber mais.\" \/>\n<meta name=\"robots\" content=\"index, follow, max-snippet:-1, max-image-preview:large, max-video-preview:-1\" \/>\n<link rel=\"canonical\" href=\"https:\/\/www.suno.com.br\/noticias\/safra-graos-aumento-ibge\/\" \/>\n<meta property=\"og:locale\" content=\"pt_BR\" \/>\n<meta property=\"og:type\" content=\"article\" \/>\n<meta property=\"og:title\" content=\"IBGE: Safra de gr\u00e3os ter\u00e1 aumento de 1,9% em 2019\" \/>\n<meta property=\"og:description\" content=\"A safra de gr\u00e3os deve ter um acr\u00e9scimo de 4,2 milh\u00f5es de toneladas. O estudo foi divulgado nesta ter\u00e7a-feira (12). Clique para saber mais.\" \/>\n<meta property=\"og:url\" content=\"https:\/\/www.suno.com.br\/noticias\/safra-graos-aumento-ibge\/\" \/>\n<meta property=\"og:site_name\" content=\"Suno Not\u00edcias\" \/>\n<meta property=\"article:publisher\" content=\"https:\/\/facebook.com\/sunoresearch\" \/>\n<meta property=\"og:image\" content=\"https:\/\/files.sunoresearch.com.br\/n\/uploads\/2018\/09\/e95f416e-soja.jpg\" \/>\n\t<meta property=\"og:image:width\" content=\"2560\" \/>\n\t<meta property=\"og:image:height\" content=\"1920\" \/>\n\t<meta property=\"og:image:type\" content=\"image\/jpeg\" \/>\n<meta name=\"author\" content=\"Renan Dantas\" \/>\n<meta name=\"twitter:card\" content=\"summary_large_image\" \/>\n<meta name=\"twitter:creator\" content=\"@sunoresearch\" \/>\n<meta name=\"twitter:site\" content=\"@sunoresearch\" \/>\n<meta name=\"twitter:label1\" content=\"Escrito por\" \/>\n\t<meta name=\"twitter:data1\" content=\"Renan Dantas\" \/>\n\t<meta name=\"twitter:label2\" content=\"Est. tempo de leitura\" \/>\n\t<meta name=\"twitter:data2\" content=\"2 minutos\" \/>\n<script type=\"application\/ld+json\" class=\"yoast-schema-graph\">{\"@context\":\"https:\/\/schema.org\",\"@graph\":[{\"@type\":\"NewsArticle\",\"@id\":\"https:\/\/www.suno.com.br\/noticias\/safra-graos-aumento-ibge\/#article\",\"isPartOf\":{\"@id\":\"https:\/\/www.suno.com.br\/noticias\/safra-graos-aumento-ibge\/\"},\"author\":{\"name\":\"Renan Dantas\",\"@id\":\"https:\/\/www.suno.com.br\/noticias\/#\/schema\/person\/3f7693d5795a3f6d5ce15309ee785699\"},\"headline\":\"IBGE: Safra de gr\u00e3os ter\u00e1 aumento de 1,9% em 2019\",\"datePublished\":\"2019-02-12T18:50:14+00:00\",\"dateModified\":\"2021-06-21T08:22:05+00:00\",\"mainEntityOfPage\":{\"@id\":\"https:\/\/www.suno.com.br\/noticias\/safra-graos-aumento-ibge\/\"},\"wordCount\":389,\"publisher\":{\"@id\":\"https:\/\/www.suno.com.br\/noticias\/#organization\"},\"image\":{\"@id\":\"https:\/\/www.suno.com.br\/noticias\/safra-graos-aumento-ibge\/#primaryimage\"},\"thumbnailUrl\":\"https:\/\/files.sunoresearch.com.br\/n\/uploads\/2018\/09\/e95f416e-soja-jpg.webp\",\"keywords\":[\"Agroneg\u00f3cio\",\"Banco Safra\",\"IBGE\",\"soja\"],\"articleSection\":[\"Mercado\"],\"inLanguage\":\"pt-BR\"},{\"@type\":\"WebPage\",\"@id\":\"https:\/\/www.suno.com.br\/noticias\/safra-graos-aumento-ibge\/\",\"url\":\"https:\/\/www.suno.com.br\/noticias\/safra-graos-aumento-ibge\/\",\"name\":\"IBGE: Safra de gr\u00e3os ter\u00e1 aumento de 1,9% em 2019\",\"isPartOf\":{\"@id\":\"https:\/\/www.suno.com.br\/noticias\/#website\"},\"primaryImageOfPage\":{\"@id\":\"https:\/\/www.suno.com.br\/noticias\/safra-graos-aumento-ibge\/#primaryimage\"},\"image\":{\"@id\":\"https:\/\/www.suno.com.br\/noticias\/safra-graos-aumento-ibge\/#primaryimage\"},\"thumbnailUrl\":\"https:\/\/files.sunoresearch.com.br\/n\/uploads\/2018\/09\/e95f416e-soja-jpg.webp\",\"datePublished\":\"2019-02-12T18:50:14+00:00\",\"dateModified\":\"2021-06-21T08:22:05+00:00\",\"description\":\"A safra de gr\u00e3os deve ter um acr\u00e9scimo de 4,2 milh\u00f5es de toneladas. O estudo foi divulgado nesta ter\u00e7a-feira (12). Clique para saber mais.\",\"breadcrumb\":{\"@id\":\"https:\/\/www.suno.com.br\/noticias\/safra-graos-aumento-ibge\/#breadcrumb\"},\"inLanguage\":\"pt-BR\",\"potentialAction\":[{\"@type\":\"ReadAction\",\"target\":[\"https:\/\/www.suno.com.br\/noticias\/safra-graos-aumento-ibge\/\"]}]},{\"@type\":\"ImageObject\",\"inLanguage\":\"pt-BR\",\"@id\":\"https:\/\/www.suno.com.br\/noticias\/safra-graos-aumento-ibge\/#primaryimage\",\"url\":\"https:\/\/files.sunoresearch.com.br\/n\/uploads\/2018\/09\/e95f416e-soja-jpg.webp\",\"contentUrl\":\"https:\/\/files.sunoresearch.com.br\/n\/uploads\/2018\/09\/e95f416e-soja-jpg.webp\",\"width\":2560,\"height\":1920,\"caption\":\"A iniciativa \u00e9 parte do plano de expans\u00e3o da sementeira anunciado durante o IPO da Boa Safra\"},{\"@type\":\"BreadcrumbList\",\"@id\":\"https:\/\/www.suno.com.br\/noticias\/safra-graos-aumento-ibge\/#breadcrumb\",\"itemListElement\":[{\"@type\":\"ListItem\",\"position\":1,\"name\":\"Not\u00edcias\",\"item\":\"https:\/\/www.suno.com.br\/noticias\/\"},{\"@type\":\"ListItem\",\"position\":2,\"name\":\"Mercado\",\"item\":\"https:\/\/www.suno.com.br\/noticias\/mercado\/\"},{\"@type\":\"ListItem\",\"position\":3,\"name\":\"IBGE: Safra de gr\u00e3os ter\u00e1 aumento de 1,9% em 2019\"}]},{\"@type\":\"WebSite\",\"@id\":\"https:\/\/www.suno.com.br\/noticias\/#website\",\"url\":\"https:\/\/www.suno.com.br\/noticias\/\",\"name\":\"Suno Not\u00edcias\",\"description\":\"Seu portal de informa\u00e7\u00e3o sobre o mundo dos investimentos\",\"publisher\":{\"@id\":\"https:\/\/www.suno.com.br\/noticias\/#organization\"},\"potentialAction\":[{\"@type\":\"SearchAction\",\"target\":{\"@type\":\"EntryPoint\",\"urlTemplate\":\"https:\/\/www.suno.com.br\/noticias\/?s={search_term_string}\"},\"query-input\":{\"@type\":\"PropertyValueSpecification\",\"valueRequired\":true,\"valueName\":\"search_term_string\"}}],\"inLanguage\":\"pt-BR\"},{\"@type\":\"Organization\",\"@id\":\"https:\/\/www.suno.com.br\/noticias\/#organization\",\"name\":\"Suno Not\u00edcias\",\"url\":\"https:\/\/www.suno.com.br\/noticias\/\",\"logo\":{\"@type\":\"ImageObject\",\"inLanguage\":\"pt-BR\",\"@id\":\"https:\/\/www.suno.com.br\/noticias\/#\/schema\/logo\/image\/\",\"url\":\"https:\/\/files.sunoresearch.com.br\/n\/uploads\/2021\/09\/suno-logo.png\",\"contentUrl\":\"https:\/\/files.sunoresearch.com.br\/n\/uploads\/2021\/09\/suno-logo.png\",\"width\":180,\"height\":180,\"caption\":\"Suno Not\u00edcias\"},\"image\":{\"@id\":\"https:\/\/www.suno.com.br\/noticias\/#\/schema\/logo\/image\/\"},\"sameAs\":[\"https:\/\/facebook.com\/sunoresearch\",\"https:\/\/x.com\/sunoresearch\",\"https:\/\/www.instagram.com\/suno\",\"https:\/\/www.linkedin.com\/company\/suno-research\/\",\"https:\/\/www.youtube.com\/c\/sunoresearch\"]},{\"@type\":\"Person\",\"@id\":\"https:\/\/www.suno.com.br\/noticias\/#\/schema\/person\/3f7693d5795a3f6d5ce15309ee785699\",\"name\":\"Renan Dantas\",\"image\":{\"@type\":\"ImageObject\",\"inLanguage\":\"pt-BR\",\"@id\":\"https:\/\/www.suno.com.br\/noticias\/#\/schema\/person\/image\/\",\"url\":\"https:\/\/secure.gravatar.com\/avatar\/1787b83e7484a08e51d62ac8b41c8396?s=96&r=g\",\"contentUrl\":\"https:\/\/secure.gravatar.com\/avatar\/1787b83e7484a08e51d62ac8b41c8396?s=96&r=g\",\"caption\":\"Renan Dantas\"},\"description\":\"Escreve sobre pol\u00edtica e mercado financeiro para o portal Suno Not\u00edcias. Antes, atuou na assessoria de comunica\u00e7\u00e3o do Minist\u00e9rio P\u00fablico do Trabalho e na R\u00e1dio Mackenzie, onde apresentava e produzia um programa sobre artistas da m\u00fasica brasileira. \u00c9 estudante na Universidade Presbiteriana Mackenzie.\",\"url\":\"https:\/\/www.suno.com.br\/noticias\/author\/renan-dantas\/\"}]}<\/script>\n<!-- \/ Yoast SEO plugin. -->","yoast_head_json":{"title":"IBGE: Safra de gr\u00e3os ter\u00e1 aumento de 1,9% em 2019","description":"A safra de gr\u00e3os deve ter um acr\u00e9scimo de 4,2 milh\u00f5es de toneladas. O estudo foi divulgado nesta ter\u00e7a-feira (12). Clique para saber mais.","robots":{"index":"index","follow":"follow","max-snippet":"max-snippet:-1","max-image-preview":"max-image-preview:large","max-video-preview":"max-video-preview:-1"},"canonical":"https:\/\/www.suno.com.br\/noticias\/safra-graos-aumento-ibge\/","og_locale":"pt_BR","og_type":"article","og_title":"IBGE: Safra de gr\u00e3os ter\u00e1 aumento de 1,9% em 2019","og_description":"A safra de gr\u00e3os deve ter um acr\u00e9scimo de 4,2 milh\u00f5es de toneladas. O estudo foi divulgado nesta ter\u00e7a-feira (12). Clique para saber mais.","og_url":"https:\/\/www.suno.com.br\/noticias\/safra-graos-aumento-ibge\/","og_site_name":"Suno Not\u00edcias","article_publisher":"https:\/\/facebook.com\/sunoresearch","og_image":[{"width":2560,"height":1920,"url":"https:\/\/files.sunoresearch.com.br\/n\/uploads\/2018\/09\/e95f416e-soja.jpg","type":"image\/jpeg"}],"author":"Renan Dantas","twitter_card":"summary_large_image","twitter_creator":"@sunoresearch","twitter_site":"@sunoresearch","twitter_misc":{"Escrito por":"Renan Dantas","Est. tempo de leitura":"2 minutos"},"schema":{"@context":"https:\/\/schema.org","@graph":[{"@type":"NewsArticle","@id":"https:\/\/www.suno.com.br\/noticias\/safra-graos-aumento-ibge\/#article","isPartOf":{"@id":"https:\/\/www.suno.com.br\/noticias\/safra-graos-aumento-ibge\/"},"author":{"name":"Renan Dantas","@id":"https:\/\/www.suno.com.br\/noticias\/#\/schema\/person\/3f7693d5795a3f6d5ce15309ee785699"},"headline":"IBGE: Safra de gr\u00e3os ter\u00e1 aumento de 1,9% em 2019","datePublished":"2019-02-12T18:50:14+00:00","dateModified":"2021-06-21T08:22:05+00:00","mainEntityOfPage":{"@id":"https:\/\/www.suno.com.br\/noticias\/safra-graos-aumento-ibge\/"},"wordCount":389,"publisher":{"@id":"https:\/\/www.suno.com.br\/noticias\/#organization"},"image":{"@id":"https:\/\/www.suno.com.br\/noticias\/safra-graos-aumento-ibge\/#primaryimage"},"thumbnailUrl":"https:\/\/files.sunoresearch.com.br\/n\/uploads\/2018\/09\/e95f416e-soja-jpg.webp","keywords":["Agroneg\u00f3cio","Banco Safra","IBGE","soja"],"articleSection":["Mercado"],"inLanguage":"pt-BR"},{"@type":"WebPage","@id":"https:\/\/www.suno.com.br\/noticias\/safra-graos-aumento-ibge\/","url":"https:\/\/www.suno.com.br\/noticias\/safra-graos-aumento-ibge\/","name":"IBGE: Safra de gr\u00e3os ter\u00e1 aumento de 1,9% em 2019","isPartOf":{"@id":"https:\/\/www.suno.com.br\/noticias\/#website"},"primaryImageOfPage":{"@id":"https:\/\/www.suno.com.br\/noticias\/safra-graos-aumento-ibge\/#primaryimage"},"image":{"@id":"https:\/\/www.suno.com.br\/noticias\/safra-graos-aumento-ibge\/#primaryimage"},"thumbnailUrl":"https:\/\/files.sunoresearch.com.br\/n\/uploads\/2018\/09\/e95f416e-soja-jpg.webp","datePublished":"2019-02-12T18:50:14+00:00","dateModified":"2021-06-21T08:22:05+00:00","description":"A safra de gr\u00e3os deve ter um acr\u00e9scimo de 4,2 milh\u00f5es de toneladas. O estudo foi divulgado nesta ter\u00e7a-feira (12). Clique para saber mais.","breadcrumb":{"@id":"https:\/\/www.suno.com.br\/noticias\/safra-graos-aumento-ibge\/#breadcrumb"},"inLanguage":"pt-BR","potentialAction":[{"@type":"ReadAction","target":["https:\/\/www.suno.com.br\/noticias\/safra-graos-aumento-ibge\/"]}]},{"@type":"ImageObject","inLanguage":"pt-BR","@id":"https:\/\/www.suno.com.br\/noticias\/safra-graos-aumento-ibge\/#primaryimage","url":"https:\/\/files.sunoresearch.com.br\/n\/uploads\/2018\/09\/e95f416e-soja-jpg.webp","contentUrl":"https:\/\/files.sunoresearch.com.br\/n\/uploads\/2018\/09\/e95f416e-soja-jpg.webp","width":2560,"height":1920,"caption":"A iniciativa \u00e9 parte do plano de expans\u00e3o da sementeira anunciado durante o IPO da Boa Safra"},{"@type":"BreadcrumbList","@id":"https:\/\/www.suno.com.br\/noticias\/safra-graos-aumento-ibge\/#breadcrumb","itemListElement":[{"@type":"ListItem","position":1,"name":"Not\u00edcias","item":"https:\/\/www.suno.com.br\/noticias\/"},{"@type":"ListItem","position":2,"name":"Mercado","item":"https:\/\/www.suno.com.br\/noticias\/mercado\/"},{"@type":"ListItem","position":3,"name":"IBGE: Safra de gr\u00e3os ter\u00e1 aumento de 1,9% em 2019"}]},{"@type":"WebSite","@id":"https:\/\/www.suno.com.br\/noticias\/#website","url":"https:\/\/www.suno.com.br\/noticias\/","name":"Suno Not\u00edcias","description":"Seu portal de informa\u00e7\u00e3o sobre o mundo dos investimentos","publisher":{"@id":"https:\/\/www.suno.com.br\/noticias\/#organization"},"potentialAction":[{"@type":"SearchAction","target":{"@type":"EntryPoint","urlTemplate":"https:\/\/www.suno.com.br\/noticias\/?s={search_term_string}"},"query-input":{"@type":"PropertyValueSpecification","valueRequired":true,"valueName":"search_term_string"}}],"inLanguage":"pt-BR"},{"@type":"Organization","@id":"https:\/\/www.suno.com.br\/noticias\/#organization","name":"Suno Not\u00edcias","url":"https:\/\/www.suno.com.br\/noticias\/","logo":{"@type":"ImageObject","inLanguage":"pt-BR","@id":"https:\/\/www.suno.com.br\/noticias\/#\/schema\/logo\/image\/","url":"https:\/\/files.sunoresearch.com.br\/n\/uploads\/2021\/09\/suno-logo.png","contentUrl":"https:\/\/files.sunoresearch.com.br\/n\/uploads\/2021\/09\/suno-logo.png","width":180,"height":180,"caption":"Suno Not\u00edcias"},"image":{"@id":"https:\/\/www.suno.com.br\/noticias\/#\/schema\/logo\/image\/"},"sameAs":["https:\/\/facebook.com\/sunoresearch","https:\/\/x.com\/sunoresearch","https:\/\/www.instagram.com\/suno","https:\/\/www.linkedin.com\/company\/suno-research\/","https:\/\/www.youtube.com\/c\/sunoresearch"]},{"@type":"Person","@id":"https:\/\/www.suno.com.br\/noticias\/#\/schema\/person\/3f7693d5795a3f6d5ce15309ee785699","name":"Renan Dantas","image":{"@type":"ImageObject","inLanguage":"pt-BR","@id":"https:\/\/www.suno.com.br\/noticias\/#\/schema\/person\/image\/","url":"https:\/\/secure.gravatar.com\/avatar\/1787b83e7484a08e51d62ac8b41c8396?s=96&r=g","contentUrl":"https:\/\/secure.gravatar.com\/avatar\/1787b83e7484a08e51d62ac8b41c8396?s=96&r=g","caption":"Renan Dantas"},"description":"Escreve sobre pol\u00edtica e mercado financeiro para o portal Suno Not\u00edcias. Antes, atuou na assessoria de comunica\u00e7\u00e3o do Minist\u00e9rio P\u00fablico do Trabalho e na R\u00e1dio Mackenzie, onde apresentava e produzia um programa sobre artistas da m\u00fasica brasileira. \u00c9 estudante na Universidade Presbiteriana Mackenzie.","url":"https:\/\/www.suno.com.br\/noticias\/author\/renan-dantas\/"}]}},"default_loop_html":"<div class=\"cardsPage__listCard__boxs\"><div class=\"cardsPage__listCard__boxs__img\"><a href=\"https:\/\/www.suno.com.br\/noticias\/safra-graos-aumento-ibge\/\"><img class=\"mask\" src=\"https:\/\/www.suno.com.br\/noticias\/wp-content\/themes\/suno\/resources\/images\/spotlight\/spotlight1img\/bg-mask.png\" alt=\"Image Mask\"\/><img src=\"https:\/\/files.sunoresearch.com.br\/n\/uploads\/2018\/09\/e95f416e-soja-400x200.webp\" alt=\"IBGE: Safra de gr\u00e3os ter\u00e1 aumento de 1,9% em 2019\"\/><\/a><span class=\"spotlightCategory\"><a href=\"https:\/\/www.suno.com.br\/noticias\/mercado\/\">Mercado<\/a><\/span><\/div><div class=\"cardsPage__listCard__boxs__content\"><a href=\"https:\/\/www.suno.com.br\/noticias\/safra-graos-aumento-ibge\/\"><h2 class=\"content__title\">IBGE: Safra de gr\u00e3os ter\u00e1 aumento de 1,9% em 2019<\/h2><\/a><div class=\"newsContent__article__meta\"><div class=\"newsContent__article__meta__authorBox\"><a href=\"https:\/\/www.suno.com.br\/noticias\/author\/renan-dantas\/\" class=\"authorBox__avatar noMobi\"><img src=\"https:\/\/secure.gravatar.com\/avatar\/1787b83e7484a08e51d62ac8b41c8396?s=96&#038;r=g\" alt=\"Renan Dantas\"><\/a><div class=\"authorBox__name\"><span>por\n\t\t\t<a href=\"https:\/\/www.suno.com.br\/noticias\/author\/renan-dantas\/\"><span itemprop=\"author\">Renan Dantas<\/span><\/a><\/span><time datetime=\"2019-02-12T16:50:14-02:00\" itemprop=\"datePublished\">12\/02\/2019 16:50<\/time><\/div><\/div><\/div><\/div><\/div>","single_layout":"posts","amp_enabled":true,"_links":{"self":[{"href":"https:\/\/www.suno.com.br\/noticias\/wp-json\/wp\/v2\/posts\/15028"}],"collection":[{"href":"https:\/\/www.suno.com.br\/noticias\/wp-json\/wp\/v2\/posts"}],"about":[{"href":"https:\/\/www.suno.com.br\/noticias\/wp-json\/wp\/v2\/types\/post"}],"author":[{"embeddable":true,"href":"https:\/\/www.suno.com.br\/noticias\/wp-json\/wp\/v2\/users\/14"}],"replies":[{"embeddable":true,"href":"https:\/\/www.suno.com.br\/noticias\/wp-json\/wp\/v2\/comments?post=15028"}],"version-history":[{"count":1,"href":"https:\/\/www.suno.com.br\/noticias\/wp-json\/wp\/v2\/posts\/15028\/revisions"}],"predecessor-version":[{"id":159515,"href":"https:\/\/www.suno.com.br\/noticias\/wp-json\/wp\/v2\/posts\/15028\/revisions\/159515"}],"wp:featuredmedia":[{"embeddable":true,"href":"https:\/\/www.suno.com.br\/noticias\/wp-json\/wp\/v2\/media\/3446"}],"wp:attachment":[{"href":"https:\/\/www.suno.com.br\/noticias\/wp-json\/wp\/v2\/media?parent=15028"}],"wp:term":[{"taxonomy":"category","embeddable":true,"href":"https:\/\/www.suno.com.br\/noticias\/wp-json\/wp\/v2\/categories?post=15028"},{"taxonomy":"post_tag","embeddable":true,"href":"https:\/\/www.suno.com.br\/noticias\/wp-json\/wp\/v2\/tags?post=15028"},{"taxonomy":"suno_strategy","embeddable":true,"href":"https:\/\/www.suno.com.br\/noticias\/wp-json\/wp\/v2\/suno_strategy?post=15028"}],"curies":[{"name":"wp","href":"https:\/\/api.w.org\/{rel}","templated":true}]}}