{"id":15020,"date":"2019-02-12T16:17:36","date_gmt":"2019-02-12T18:17:36","guid":{"rendered":"https:\/\/www.suno.com.br\/noticias\/?p=15020"},"modified":"2019-02-12T16:17:36","modified_gmt":"2019-02-12T18:17:36","slug":"opep-reduzir-demanda-petroleo","status":"publish","type":"post","link":"https:\/\/www.suno.com.br\/noticias\/opep-reduzir-demanda-petroleo\/","title":{"rendered":"Desacelera\u00e7\u00e3o global faz Opep reduzir previs\u00e3o de demanda do petr\u00f3leo"},"content":{"rendered":"<p><a href=\"https:\/\/www.suno.com.br\/artigos\/opep\/\">Organiza\u00e7\u00e3o dos Pa\u00edses Exportadores de Petr\u00f3leo (Opep)<\/a> reduz previs\u00e3o de demanda mundial de petr\u00f3leo para 2019, nesta ter\u00e7a-feira (12).<\/p>\t<div class=\"wrapper-featured-image\">\n\t\t<figure class=\"spotlightImg\">\n\n\t\t\t<picture>\n\t\t\t\t<source media=\"(max-width: 768px)\" srcset=\"https:\/\/files.sunoresearch.com.br\/n\/uploads\/2019\/02\/73b292b1-petr\u00f3leo-400x200.webp\">\n\t\t\t\t<img loading=\"lazy\" decoding=\"async\" class=\"newsContent__article__imgCapa lazyloadDisabled newsContent__article__imgCapa--noCaption\" src=\"https:\/\/files.sunoresearch.com.br\/n\/uploads\/2019\/02\/73b292b1-petr\u00f3leo-800x450.webp\" width=\"800\" height=\"450\" alt=\"Desacelera\u00e7\u00e3o global faz Opep reduzir previs\u00e3o de demanda do petr\u00f3leo\" fetchpriority=high \/>\n\t\t\t<\/picture>\n\n\t\t\t<figcaption class=\"wp-caption-text wp-caption-text--hide\">Pre\u00e7os do petr\u00f3leo<\/figcaption>\n\t\t<\/figure>\n\t<\/div>\n\n\n<p>No entanto, o motivo do corte na previs\u00e3o de produ\u00e7\u00e3o de <strong>petr\u00f3leo<\/strong> \u00e9 devido a desacelera\u00e7\u00e3o das <strong>economias mundiais<\/strong>. Al\u00e9m disso, tamb\u00e9m foi levado em conta as expectativas de crescimento da oferta e o desafio de evitar um super\u00e1vit enquanto s\u00e3o feitos novos<strong> cortes na produ\u00e7\u00e3o<\/strong>.<\/p>\n<p><a href=\"https:\/\/www.suno.com.br\/noticias\/guiana-extrair-petroleo-venezuela\/\">Saiba mais:\u00a0Guiana pode extrair mais petr\u00f3leo que a Venezuela em cinco anos<\/a><\/p>\n<p>De acordo com o relat\u00f3rio mensal da <strong>Opep<\/strong>, a previs\u00e3o de crescimento econ\u00f4mico baixou. No entanto, o relat\u00f3rio ainda estima que a demanda por petr\u00f3leo cairia para 30,59 milh\u00f5es de barris por dia. Ou seja, 240 mil barris por dia a menos do que o previsto no \u00faltimo m\u00eas.<\/p>\n<div class=\"wall protected-content\">\n<div class=\"mc-column content-text active-extra-styles \" data-block-type=\"unstyled\" data-block-weight=\"46\" data-block-id=\"2\">\n<h2 class=\"content-text__container \" data-track-category=\"Link no Texto\">Acordo da Opep+<\/h2>\n<p>A <strong>Opep+<\/strong> \u00e9 uma alian\u00e7a formada pela Opep, R\u00fassia e outros produtores aliados.<\/p>\n<p>No entanto, a Opep+ decidiu em dezembro reduzir a oferta em 1,2 milh\u00e3o de barris por dia a partir de 1\u00ba de janeiro para evitar o excesso de oferta. Dessa forma, a Opep tinha acordado <strong>cortar a produ\u00e7\u00e3o<\/strong> de 800 mil barris por dia.<\/p>\n<\/div>\n<div class=\"mc-column content-text active-extra-styles \" data-block-type=\"unstyled\" data-block-weight=\"46\" data-block-id=\"3\">\n<p class=\"content-text__container \" data-track-category=\"Link no Texto\" data-track-links=\"\">De acordo com o relat\u00f3rio da Opep, a <strong>produ\u00e7\u00e3o de petr\u00f3leo<\/strong> caiu 797 mil barris por dia, ficando em 30,806 barris por dia em janeiro.<\/p>\n<h2 data-track-category=\"Link no Texto\">Opep e R\u00fassia<\/h2>\n<p>Ar\u00e1bia Saudita segue tentando convencer a R\u00fassia a formalizar um acordo com a Opep.<\/p>\n<p>Dessa forma, a\u00a0<strong>Ar\u00e1bia Saudita<\/strong>\u00a0passaria a controlar os pre\u00e7os e as <strong>exporta\u00e7\u00f5es<\/strong> mundiais de <strong>petr\u00f3leo<\/strong>.<\/p>\n<p>No entanto, essa \u00e9 a segunda tentativa em ano dos sauditas. Em contrapartida, os russos acreditam que a ideia pode beneficiar mais o pa\u00eds do Oriente M\u00e9dio do que a si, e por isso, n\u00e3o deve realizar o acordo.<\/p>\n<p><a href=\"https:\/\/www.suno.com.br\/noticias\/opep-controlar-exportacao-petroleo-pacto-russia\/\">Saiba mais:\u00a0Opep tenta convencer R\u00fassia para controlar exporta\u00e7\u00e3o de petr\u00f3leo<\/a><\/p>\n<p>Al\u00e9m disso, o poss\u00edvel acordo poderia prejudicar a competitividade da ind\u00fastria petrol\u00edfera da R\u00fassia em longo prazo.<\/p>\n<p>De acordo com o &#8220;Wall Street Journal&#8221;, na \u00faltima ter\u00e7a-feira (5), os sauditas e seus aliados do <strong>Golfo P\u00e9rsico<\/strong> est\u00e3o apoiando a parceria com um grupo de 10 na\u00e7\u00f5es produtoras de petr\u00f3leo, que tem como l\u00edder a R\u00fassia.<\/p>\n<p>No entanto, a medida foi tomada para afastar a amea\u00e7a do <em>shale-oil<\/em> barato dos <strong>Estados Unidos<\/strong> e tamb\u00e9m da press\u00e3o do presidente <strong>Donald Trump<\/strong> sobre a <strong>Opep<\/strong> para que os pre\u00e7os do <strong>petr\u00f3leo<\/strong> sigam baixos.<\/p>\n<\/div>\n<\/div>\n","protected":false},"excerpt":{"rendered":"<p>Organiza\u00e7\u00e3o dos Pa\u00edses Exportadores de Petr\u00f3leo (Opep) reduz previs\u00e3o de demanda mundial de petr\u00f3leo para 2019, nesta ter\u00e7a-feira (12). Pre\u00e7os do petr\u00f3leo No entanto, o motivo do corte na previs\u00e3o de produ\u00e7\u00e3o de petr\u00f3leo \u00e9 devido a desacelera\u00e7\u00e3o das economias mundiais. Al\u00e9m disso, tamb\u00e9m foi levado em conta as expectativas de crescimento da oferta e [&hellip;]<\/p>\n","protected":false},"author":11,"featured_media":15030,"comment_status":"closed","ping_status":"closed","sticky":false,"template":"","format":"standard","meta":[],"categories":[60],"tags":[811,766],"suno_strategy":[],"class_list":["post-15020","post","type-post","status-publish","format-standard","has-post-thumbnail","hentry","category-mercado","tag-opep","tag-petroleo"],"yoast_head":"<!-- This site is optimized with the Yoast SEO plugin v24.4 - https:\/\/yoast.com\/wordpress\/plugins\/seo\/ -->\n<title>Desacelera\u00e7\u00e3o global faz Opep reduzir previs\u00e3o de demanda do petr\u00f3leo<\/title>\n<meta name=\"description\" content=\"Opep tamb\u00e9m considerou a expectativa sobre a oferta sobre o petr\u00f3leo; Ar\u00e1bia Saudita quer acordo entre Opep e R\u00fassia. Clique para saber mais.\" \/>\n<meta name=\"robots\" content=\"index, follow, max-snippet:-1, max-image-preview:large, max-video-preview:-1\" \/>\n<link rel=\"canonical\" href=\"https:\/\/www.suno.com.br\/noticias\/opep-reduzir-demanda-petroleo\/\" \/>\n<meta property=\"og:locale\" content=\"pt_BR\" \/>\n<meta property=\"og:type\" content=\"article\" \/>\n<meta property=\"og:title\" content=\"Desacelera\u00e7\u00e3o global faz Opep reduzir previs\u00e3o de demanda do petr\u00f3leo\" \/>\n<meta property=\"og:description\" content=\"Opep tamb\u00e9m considerou a expectativa sobre a oferta sobre o petr\u00f3leo; Ar\u00e1bia Saudita quer acordo entre Opep e R\u00fassia. Clique para saber mais.\" \/>\n<meta property=\"og:url\" content=\"https:\/\/www.suno.com.br\/noticias\/opep-reduzir-demanda-petroleo\/\" \/>\n<meta property=\"og:site_name\" content=\"Suno Not\u00edcias\" \/>\n<meta property=\"article:publisher\" content=\"https:\/\/facebook.com\/sunoresearch\" \/>\n<meta property=\"og:image\" content=\"https:\/\/files.sunoresearch.com.br\/n\/uploads\/2019\/02\/73b292b1-petr\u00f3leo.jpg\" \/>\n\t<meta property=\"og:image:width\" content=\"3506\" \/>\n\t<meta property=\"og:image:height\" content=\"2337\" \/>\n\t<meta property=\"og:image:type\" content=\"image\/jpeg\" \/>\n<meta name=\"author\" content=\"Renan Bandeira\" \/>\n<meta name=\"twitter:card\" content=\"summary_large_image\" \/>\n<meta name=\"twitter:creator\" content=\"@sunoresearch\" \/>\n<meta name=\"twitter:site\" content=\"@sunoresearch\" \/>\n<meta name=\"twitter:label1\" content=\"Escrito por\" \/>\n\t<meta name=\"twitter:data1\" content=\"Renan Bandeira\" \/>\n\t<meta name=\"twitter:label2\" content=\"Est. tempo de leitura\" \/>\n\t<meta name=\"twitter:data2\" content=\"2 minutos\" \/>\n<script type=\"application\/ld+json\" class=\"yoast-schema-graph\">{\"@context\":\"https:\/\/schema.org\",\"@graph\":[{\"@type\":\"NewsArticle\",\"@id\":\"https:\/\/www.suno.com.br\/noticias\/opep-reduzir-demanda-petroleo\/#article\",\"isPartOf\":{\"@id\":\"https:\/\/www.suno.com.br\/noticias\/opep-reduzir-demanda-petroleo\/\"},\"author\":{\"name\":\"Renan Bandeira\",\"@id\":\"https:\/\/www.suno.com.br\/noticias\/#\/schema\/person\/fc144a1c6108bd1dcd43784e88a3c138\"},\"headline\":\"Desacelera\u00e7\u00e3o global faz Opep reduzir previs\u00e3o de demanda do petr\u00f3leo\",\"datePublished\":\"2019-02-12T18:17:36+00:00\",\"mainEntityOfPage\":{\"@id\":\"https:\/\/www.suno.com.br\/noticias\/opep-reduzir-demanda-petroleo\/\"},\"wordCount\":444,\"publisher\":{\"@id\":\"https:\/\/www.suno.com.br\/noticias\/#organization\"},\"image\":{\"@id\":\"https:\/\/www.suno.com.br\/noticias\/opep-reduzir-demanda-petroleo\/#primaryimage\"},\"thumbnailUrl\":\"https:\/\/files.sunoresearch.com.br\/n\/uploads\/2019\/02\/73b292b1-petr\u00f3leo-scaled.webp\",\"keywords\":[\"OPEP\",\"Petr\u00f3leo\"],\"articleSection\":[\"Mercado\"],\"inLanguage\":\"pt-BR\"},{\"@type\":\"WebPage\",\"@id\":\"https:\/\/www.suno.com.br\/noticias\/opep-reduzir-demanda-petroleo\/\",\"url\":\"https:\/\/www.suno.com.br\/noticias\/opep-reduzir-demanda-petroleo\/\",\"name\":\"Desacelera\u00e7\u00e3o global faz Opep reduzir previs\u00e3o de demanda do petr\u00f3leo\",\"isPartOf\":{\"@id\":\"https:\/\/www.suno.com.br\/noticias\/#website\"},\"primaryImageOfPage\":{\"@id\":\"https:\/\/www.suno.com.br\/noticias\/opep-reduzir-demanda-petroleo\/#primaryimage\"},\"image\":{\"@id\":\"https:\/\/www.suno.com.br\/noticias\/opep-reduzir-demanda-petroleo\/#primaryimage\"},\"thumbnailUrl\":\"https:\/\/files.sunoresearch.com.br\/n\/uploads\/2019\/02\/73b292b1-petr\u00f3leo-scaled.webp\",\"datePublished\":\"2019-02-12T18:17:36+00:00\",\"description\":\"Opep tamb\u00e9m considerou a expectativa sobre a oferta sobre o petr\u00f3leo; Ar\u00e1bia Saudita quer acordo entre Opep e R\u00fassia. Clique para saber mais.\",\"breadcrumb\":{\"@id\":\"https:\/\/www.suno.com.br\/noticias\/opep-reduzir-demanda-petroleo\/#breadcrumb\"},\"inLanguage\":\"pt-BR\",\"potentialAction\":[{\"@type\":\"ReadAction\",\"target\":[\"https:\/\/www.suno.com.br\/noticias\/opep-reduzir-demanda-petroleo\/\"]}]},{\"@type\":\"ImageObject\",\"inLanguage\":\"pt-BR\",\"@id\":\"https:\/\/www.suno.com.br\/noticias\/opep-reduzir-demanda-petroleo\/#primaryimage\",\"url\":\"https:\/\/files.sunoresearch.com.br\/n\/uploads\/2019\/02\/73b292b1-petr\u00f3leo-scaled.webp\",\"contentUrl\":\"https:\/\/files.sunoresearch.com.br\/n\/uploads\/2019\/02\/73b292b1-petr\u00f3leo-scaled.webp\",\"width\":2560,\"height\":1706,\"caption\":\"Pre\u00e7os do petr\u00f3leo\"},{\"@type\":\"BreadcrumbList\",\"@id\":\"https:\/\/www.suno.com.br\/noticias\/opep-reduzir-demanda-petroleo\/#breadcrumb\",\"itemListElement\":[{\"@type\":\"ListItem\",\"position\":1,\"name\":\"Not\u00edcias\",\"item\":\"https:\/\/www.suno.com.br\/noticias\/\"},{\"@type\":\"ListItem\",\"position\":2,\"name\":\"Mercado\",\"item\":\"https:\/\/www.suno.com.br\/noticias\/mercado\/\"},{\"@type\":\"ListItem\",\"position\":3,\"name\":\"Desacelera\u00e7\u00e3o global faz Opep reduzir previs\u00e3o de demanda do petr\u00f3leo\"}]},{\"@type\":\"WebSite\",\"@id\":\"https:\/\/www.suno.com.br\/noticias\/#website\",\"url\":\"https:\/\/www.suno.com.br\/noticias\/\",\"name\":\"Suno Not\u00edcias\",\"description\":\"Seu portal de informa\u00e7\u00e3o sobre o mundo dos investimentos\",\"publisher\":{\"@id\":\"https:\/\/www.suno.com.br\/noticias\/#organization\"},\"potentialAction\":[{\"@type\":\"SearchAction\",\"target\":{\"@type\":\"EntryPoint\",\"urlTemplate\":\"https:\/\/www.suno.com.br\/noticias\/?s={search_term_string}\"},\"query-input\":{\"@type\":\"PropertyValueSpecification\",\"valueRequired\":true,\"valueName\":\"search_term_string\"}}],\"inLanguage\":\"pt-BR\"},{\"@type\":\"Organization\",\"@id\":\"https:\/\/www.suno.com.br\/noticias\/#organization\",\"name\":\"Suno Not\u00edcias\",\"url\":\"https:\/\/www.suno.com.br\/noticias\/\",\"logo\":{\"@type\":\"ImageObject\",\"inLanguage\":\"pt-BR\",\"@id\":\"https:\/\/www.suno.com.br\/noticias\/#\/schema\/logo\/image\/\",\"url\":\"https:\/\/files.sunoresearch.com.br\/n\/uploads\/2021\/09\/suno-logo.png\",\"contentUrl\":\"https:\/\/files.sunoresearch.com.br\/n\/uploads\/2021\/09\/suno-logo.png\",\"width\":180,\"height\":180,\"caption\":\"Suno Not\u00edcias\"},\"image\":{\"@id\":\"https:\/\/www.suno.com.br\/noticias\/#\/schema\/logo\/image\/\"},\"sameAs\":[\"https:\/\/facebook.com\/sunoresearch\",\"https:\/\/x.com\/sunoresearch\",\"https:\/\/www.instagram.com\/suno\",\"https:\/\/www.linkedin.com\/company\/suno-research\/\",\"https:\/\/www.youtube.com\/c\/sunoresearch\"]},{\"@type\":\"Person\",\"@id\":\"https:\/\/www.suno.com.br\/noticias\/#\/schema\/person\/fc144a1c6108bd1dcd43784e88a3c138\",\"name\":\"Renan Bandeira\",\"image\":{\"@type\":\"ImageObject\",\"inLanguage\":\"pt-BR\",\"@id\":\"https:\/\/www.suno.com.br\/noticias\/#\/schema\/person\/image\/\",\"url\":\"https:\/\/secure.gravatar.com\/avatar\/68359cdb608f14f11bbefcb78f3fc747?s=96&r=g\",\"contentUrl\":\"https:\/\/secure.gravatar.com\/avatar\/68359cdb608f14f11bbefcb78f3fc747?s=96&r=g\",\"caption\":\"Renan Bandeira\"},\"description\":\"Renan Bandeira escreve sobre pol\u00edtica e economia para o portal da Suno Research. Antes da Suno, trabalhou em uma rede de televis\u00e3o, onde fazia reportagens sobre os mesmos temas. Estuda na Universidade Metodista de S\u00e3o Paulo.\",\"url\":\"https:\/\/www.suno.com.br\/noticias\/author\/renan-bandeira\/\"}]}<\/script>\n<!-- \/ Yoast SEO plugin. -->","yoast_head_json":{"title":"Desacelera\u00e7\u00e3o global faz Opep reduzir previs\u00e3o de demanda do petr\u00f3leo","description":"Opep tamb\u00e9m considerou a expectativa sobre a oferta sobre o petr\u00f3leo; Ar\u00e1bia Saudita quer acordo entre Opep e R\u00fassia. Clique para saber mais.","robots":{"index":"index","follow":"follow","max-snippet":"max-snippet:-1","max-image-preview":"max-image-preview:large","max-video-preview":"max-video-preview:-1"},"canonical":"https:\/\/www.suno.com.br\/noticias\/opep-reduzir-demanda-petroleo\/","og_locale":"pt_BR","og_type":"article","og_title":"Desacelera\u00e7\u00e3o global faz Opep reduzir previs\u00e3o de demanda do petr\u00f3leo","og_description":"Opep tamb\u00e9m considerou a expectativa sobre a oferta sobre o petr\u00f3leo; Ar\u00e1bia Saudita quer acordo entre Opep e R\u00fassia. Clique para saber mais.","og_url":"https:\/\/www.suno.com.br\/noticias\/opep-reduzir-demanda-petroleo\/","og_site_name":"Suno Not\u00edcias","article_publisher":"https:\/\/facebook.com\/sunoresearch","og_image":[{"width":3506,"height":2337,"url":"https:\/\/files.sunoresearch.com.br\/n\/uploads\/2019\/02\/73b292b1-petr\u00f3leo.jpg","type":"image\/jpeg"}],"author":"Renan Bandeira","twitter_card":"summary_large_image","twitter_creator":"@sunoresearch","twitter_site":"@sunoresearch","twitter_misc":{"Escrito por":"Renan Bandeira","Est. tempo de leitura":"2 minutos"},"schema":{"@context":"https:\/\/schema.org","@graph":[{"@type":"NewsArticle","@id":"https:\/\/www.suno.com.br\/noticias\/opep-reduzir-demanda-petroleo\/#article","isPartOf":{"@id":"https:\/\/www.suno.com.br\/noticias\/opep-reduzir-demanda-petroleo\/"},"author":{"name":"Renan Bandeira","@id":"https:\/\/www.suno.com.br\/noticias\/#\/schema\/person\/fc144a1c6108bd1dcd43784e88a3c138"},"headline":"Desacelera\u00e7\u00e3o global faz Opep reduzir previs\u00e3o de demanda do petr\u00f3leo","datePublished":"2019-02-12T18:17:36+00:00","mainEntityOfPage":{"@id":"https:\/\/www.suno.com.br\/noticias\/opep-reduzir-demanda-petroleo\/"},"wordCount":444,"publisher":{"@id":"https:\/\/www.suno.com.br\/noticias\/#organization"},"image":{"@id":"https:\/\/www.suno.com.br\/noticias\/opep-reduzir-demanda-petroleo\/#primaryimage"},"thumbnailUrl":"https:\/\/files.sunoresearch.com.br\/n\/uploads\/2019\/02\/73b292b1-petr\u00f3leo-scaled.webp","keywords":["OPEP","Petr\u00f3leo"],"articleSection":["Mercado"],"inLanguage":"pt-BR"},{"@type":"WebPage","@id":"https:\/\/www.suno.com.br\/noticias\/opep-reduzir-demanda-petroleo\/","url":"https:\/\/www.suno.com.br\/noticias\/opep-reduzir-demanda-petroleo\/","name":"Desacelera\u00e7\u00e3o global faz Opep reduzir previs\u00e3o de demanda do petr\u00f3leo","isPartOf":{"@id":"https:\/\/www.suno.com.br\/noticias\/#website"},"primaryImageOfPage":{"@id":"https:\/\/www.suno.com.br\/noticias\/opep-reduzir-demanda-petroleo\/#primaryimage"},"image":{"@id":"https:\/\/www.suno.com.br\/noticias\/opep-reduzir-demanda-petroleo\/#primaryimage"},"thumbnailUrl":"https:\/\/files.sunoresearch.com.br\/n\/uploads\/2019\/02\/73b292b1-petr\u00f3leo-scaled.webp","datePublished":"2019-02-12T18:17:36+00:00","description":"Opep tamb\u00e9m considerou a expectativa sobre a oferta sobre o petr\u00f3leo; Ar\u00e1bia Saudita quer acordo entre Opep e R\u00fassia. Clique para saber mais.","breadcrumb":{"@id":"https:\/\/www.suno.com.br\/noticias\/opep-reduzir-demanda-petroleo\/#breadcrumb"},"inLanguage":"pt-BR","potentialAction":[{"@type":"ReadAction","target":["https:\/\/www.suno.com.br\/noticias\/opep-reduzir-demanda-petroleo\/"]}]},{"@type":"ImageObject","inLanguage":"pt-BR","@id":"https:\/\/www.suno.com.br\/noticias\/opep-reduzir-demanda-petroleo\/#primaryimage","url":"https:\/\/files.sunoresearch.com.br\/n\/uploads\/2019\/02\/73b292b1-petr\u00f3leo-scaled.webp","contentUrl":"https:\/\/files.sunoresearch.com.br\/n\/uploads\/2019\/02\/73b292b1-petr\u00f3leo-scaled.webp","width":2560,"height":1706,"caption":"Pre\u00e7os do petr\u00f3leo"},{"@type":"BreadcrumbList","@id":"https:\/\/www.suno.com.br\/noticias\/opep-reduzir-demanda-petroleo\/#breadcrumb","itemListElement":[{"@type":"ListItem","position":1,"name":"Not\u00edcias","item":"https:\/\/www.suno.com.br\/noticias\/"},{"@type":"ListItem","position":2,"name":"Mercado","item":"https:\/\/www.suno.com.br\/noticias\/mercado\/"},{"@type":"ListItem","position":3,"name":"Desacelera\u00e7\u00e3o global faz Opep reduzir previs\u00e3o de demanda do petr\u00f3leo"}]},{"@type":"WebSite","@id":"https:\/\/www.suno.com.br\/noticias\/#website","url":"https:\/\/www.suno.com.br\/noticias\/","name":"Suno Not\u00edcias","description":"Seu portal de informa\u00e7\u00e3o sobre o mundo dos investimentos","publisher":{"@id":"https:\/\/www.suno.com.br\/noticias\/#organization"},"potentialAction":[{"@type":"SearchAction","target":{"@type":"EntryPoint","urlTemplate":"https:\/\/www.suno.com.br\/noticias\/?s={search_term_string}"},"query-input":{"@type":"PropertyValueSpecification","valueRequired":true,"valueName":"search_term_string"}}],"inLanguage":"pt-BR"},{"@type":"Organization","@id":"https:\/\/www.suno.com.br\/noticias\/#organization","name":"Suno Not\u00edcias","url":"https:\/\/www.suno.com.br\/noticias\/","logo":{"@type":"ImageObject","inLanguage":"pt-BR","@id":"https:\/\/www.suno.com.br\/noticias\/#\/schema\/logo\/image\/","url":"https:\/\/files.sunoresearch.com.br\/n\/uploads\/2021\/09\/suno-logo.png","contentUrl":"https:\/\/files.sunoresearch.com.br\/n\/uploads\/2021\/09\/suno-logo.png","width":180,"height":180,"caption":"Suno Not\u00edcias"},"image":{"@id":"https:\/\/www.suno.com.br\/noticias\/#\/schema\/logo\/image\/"},"sameAs":["https:\/\/facebook.com\/sunoresearch","https:\/\/x.com\/sunoresearch","https:\/\/www.instagram.com\/suno","https:\/\/www.linkedin.com\/company\/suno-research\/","https:\/\/www.youtube.com\/c\/sunoresearch"]},{"@type":"Person","@id":"https:\/\/www.suno.com.br\/noticias\/#\/schema\/person\/fc144a1c6108bd1dcd43784e88a3c138","name":"Renan Bandeira","image":{"@type":"ImageObject","inLanguage":"pt-BR","@id":"https:\/\/www.suno.com.br\/noticias\/#\/schema\/person\/image\/","url":"https:\/\/secure.gravatar.com\/avatar\/68359cdb608f14f11bbefcb78f3fc747?s=96&r=g","contentUrl":"https:\/\/secure.gravatar.com\/avatar\/68359cdb608f14f11bbefcb78f3fc747?s=96&r=g","caption":"Renan Bandeira"},"description":"Renan Bandeira escreve sobre pol\u00edtica e economia para o portal da Suno Research. Antes da Suno, trabalhou em uma rede de televis\u00e3o, onde fazia reportagens sobre os mesmos temas. Estuda na Universidade Metodista de S\u00e3o Paulo.","url":"https:\/\/www.suno.com.br\/noticias\/author\/renan-bandeira\/"}]}},"default_loop_html":"<div class=\"cardsPage__listCard__boxs\"><div class=\"cardsPage__listCard__boxs__img\"><a href=\"https:\/\/www.suno.com.br\/noticias\/opep-reduzir-demanda-petroleo\/\"><img class=\"mask\" src=\"https:\/\/www.suno.com.br\/noticias\/wp-content\/themes\/suno\/resources\/images\/spotlight\/spotlight1img\/bg-mask.png\" alt=\"Image Mask\"\/><img src=\"https:\/\/files.sunoresearch.com.br\/n\/uploads\/2019\/02\/73b292b1-petr\u00f3leo-400x200.webp\" alt=\"Desacelera\u00e7\u00e3o global faz Opep reduzir previs\u00e3o de demanda do petr\u00f3leo\"\/><\/a><span class=\"spotlightCategory\"><a href=\"https:\/\/www.suno.com.br\/noticias\/mercado\/\">Mercado<\/a><\/span><\/div><div class=\"cardsPage__listCard__boxs__content\"><a href=\"https:\/\/www.suno.com.br\/noticias\/opep-reduzir-demanda-petroleo\/\"><h2 class=\"content__title\">Desacelera\u00e7\u00e3o global faz Opep reduzir previs\u00e3o de demanda do petr\u00f3leo<\/h2><\/a><div class=\"newsContent__article__meta\"><div class=\"newsContent__article__meta__authorBox\"><a href=\"https:\/\/www.suno.com.br\/noticias\/author\/renan-bandeira\/\" class=\"authorBox__avatar noMobi\"><img src=\"https:\/\/secure.gravatar.com\/avatar\/68359cdb608f14f11bbefcb78f3fc747?s=96&#038;r=g\" alt=\"Renan Bandeira\"><\/a><div class=\"authorBox__name\"><span>por\n\t\t\t<a href=\"https:\/\/www.suno.com.br\/noticias\/author\/renan-bandeira\/\"><span itemprop=\"author\">Renan Bandeira<\/span><\/a><\/span><time datetime=\"2019-02-12T16:17:36-02:00\" itemprop=\"datePublished\">12\/02\/2019 16:17<\/time><\/div><\/div><\/div><\/div><\/div>","single_layout":"posts","amp_enabled":true,"_links":{"self":[{"href":"https:\/\/www.suno.com.br\/noticias\/wp-json\/wp\/v2\/posts\/15020"}],"collection":[{"href":"https:\/\/www.suno.com.br\/noticias\/wp-json\/wp\/v2\/posts"}],"about":[{"href":"https:\/\/www.suno.com.br\/noticias\/wp-json\/wp\/v2\/types\/post"}],"author":[{"embeddable":true,"href":"https:\/\/www.suno.com.br\/noticias\/wp-json\/wp\/v2\/users\/11"}],"replies":[{"embeddable":true,"href":"https:\/\/www.suno.com.br\/noticias\/wp-json\/wp\/v2\/comments?post=15020"}],"version-history":[{"count":0,"href":"https:\/\/www.suno.com.br\/noticias\/wp-json\/wp\/v2\/posts\/15020\/revisions"}],"wp:featuredmedia":[{"embeddable":true,"href":"https:\/\/www.suno.com.br\/noticias\/wp-json\/wp\/v2\/media\/15030"}],"wp:attachment":[{"href":"https:\/\/www.suno.com.br\/noticias\/wp-json\/wp\/v2\/media?parent=15020"}],"wp:term":[{"taxonomy":"category","embeddable":true,"href":"https:\/\/www.suno.com.br\/noticias\/wp-json\/wp\/v2\/categories?post=15020"},{"taxonomy":"post_tag","embeddable":true,"href":"https:\/\/www.suno.com.br\/noticias\/wp-json\/wp\/v2\/tags?post=15020"},{"taxonomy":"suno_strategy","embeddable":true,"href":"https:\/\/www.suno.com.br\/noticias\/wp-json\/wp\/v2\/suno_strategy?post=15020"}],"curies":[{"name":"wp","href":"https:\/\/api.w.org\/{rel}","templated":true}]}}