{"id":15016,"date":"2019-02-12T15:52:11","date_gmt":"2019-02-12T17:52:11","guid":{"rendered":"https:\/\/www.suno.com.br\/noticias\/?p=15016"},"modified":"2019-02-12T15:55:28","modified_gmt":"2019-02-12T17:55:28","slug":"reforma-previdencia-governo-bolsonaro","status":"publish","type":"post","link":"https:\/\/www.suno.com.br\/noticias\/reforma-previdencia-governo-bolsonaro\/","title":{"rendered":"Reforma da Previd\u00eancia: governo conclui texto-base para apresentar a Bolsonaro"},"content":{"rendered":"<p>O governo concluiu o texto-base da reforma da Previd\u00eancia que dever\u00e1 ser encaminhado para o presidente Jair Bolsonaro.<\/p>\t<div class=\"wrapper-featured-image\">\n\t\t<figure class=\"spotlightImg\">\n\n\t\t\t<picture>\n\t\t\t\t<source media=\"(max-width: 768px)\" srcset=\"https:\/\/files.sunoresearch.com.br\/n\/uploads\/2019\/02\/2c041400-reforma-da-previd\u00eancia-400x200.webp\">\n\t\t\t\t<img loading=\"lazy\" decoding=\"async\" class=\"newsContent__article__imgCapa lazyloadDisabled newsContent__article__imgCapa--noCaption\" src=\"https:\/\/files.sunoresearch.com.br\/n\/uploads\/2019\/02\/2c041400-reforma-da-previd\u00eancia-800x450.webp\" width=\"800\" height=\"450\" alt=\"Reforma da Previd\u00eancia: governo conclui texto-base para apresentar a Bolsonaro\" fetchpriority=high \/>\n\t\t\t<\/picture>\n\n\t\t\t<figcaption class=\"wp-caption-text wp-caption-text--hide\">Previd\u00eancia<\/figcaption>\n\t\t<\/figure>\n\t<\/div>\n\n\n<p>A informa\u00e7\u00e3o foi divulgada nesta ter\u00e7a-feira (12) pelo <strong>secret\u00e1rio especial do Trabalho e Previd\u00eancia do Minist\u00e9rio da Economia<\/strong>,\u00a0<b>Rog\u00e9rio\u00a0Marinho<\/b>. Com a finaliza\u00e7\u00e3o do texto da <strong>reforma da Previd\u00eancia<\/strong>, a proposta vai passar pelo crivo de <strong>Jair Bolsonaro<\/strong>, que dar\u00e1 a palavra final sobre alguns pontos.<\/p>\n<p><a href=\"https:\/\/www.suno.com.br\/noticias\/mourao-liderancas-cut-previdencia\/\">Saiba mais:\u00a0Mour\u00e3o se encontra com lideran\u00e7as da CUT para falar sobre Previd\u00eancia<\/a><\/p>\n<p>Por\u00e9m, o secret\u00e1rio n\u00e3o quis detalhar quais s\u00e3o esses pontos n\u00e3o definidos. Perguntado se a <strong>idade m\u00ednima entre homens e mulheres<\/strong> e o <strong>tempo de transi\u00e7\u00e3o<\/strong> eram as medidas pendentes, <strong>Marinho<\/strong> respondeu que n\u00e3o poderia responder essa quest\u00e3o.<\/p>\n<p>&#8220;N\u00f3s vamos apresentar um projeto ao presidente. \u00c9 evidente que existem pontos que ser\u00e3o levados \u00e0 presen\u00e7a do presidente, para que ele possa tomar sua posi\u00e7\u00e3o, para que ele possa definir de que forma isso chegar\u00e1 \u00e0 C\u00e2mara Federal&#8221;, afirmou.<\/p>\n<p>De acordo com <strong>Marinho<\/strong>, o texto foi consultado por diversos membros da equipe do <strong>governo<\/strong> antes de ser formulado.<\/p>\n<p>&#8220;Conclu\u00edmos o texto-base, ap\u00f3s v\u00e1rias consultas. Ele passou por avalia\u00e7\u00e3o da <strong>Casa Civil<\/strong>, <strong>Minist\u00e9rio da Desenvolvimento Social<\/strong>, <strong>Agricultura<\/strong>, das v\u00e1rias secretarias que fazem parte do <strong>Minist\u00e9rio da Economia<\/strong>. Recebemos contribui\u00e7\u00e3o de economistas de todo o pa\u00eds, e observamos o texto que j\u00e1 existe na <strong>C\u00e2mara Federal<\/strong>\u00a0(aprovado na comiss\u00e3o especial)&#8221;, declarou <strong>Marinho<\/strong>, ap\u00f3s reuni\u00e3o com o ministro da <strong>Economia<\/strong>, <strong>Paulo Guedes<\/strong>.<\/p>\n<p><a href=\"https:\/\/www.suno.com.br\/noticias\/verde-amarela-previdencia-guedes\/\">Saiba mais:\u00a0Carteira &#8220;verde e amarela&#8221; n\u00e3o ser\u00e1 inclu\u00edda na PEC da Previd\u00eancia, diz Guedes<\/a><\/p>\n<p>A proposta ser\u00e1 enviada quando <strong>Bolsonaro<\/strong> estiver com espa\u00e7o na agenda. O presidente est\u00e1 internado no <strong>Hospital Albert Eisntein<\/strong> se recuperando de uma cirurgia. Na \u00faltima sexta, exames de tomografia mostraram sinais de pneumonia.<\/p>\n<p>&#8220;Vamos aguardar apenas a disponibilidade de agenda do presidente. Estamos esperando que eles nos convoque. Porque ele tem autoridade de tomar decis\u00f5es que julgar convenientes para apresentar o projeto que esteja confort\u00e1vel para ele&#8221;, afirmou Marinho.<\/p>\n<p><a href=\"https:\/\/www.suno.com.br\/noticias\/itau-economia-tri-reforma-previdencia\/\">Saiba mais:\u00a0Ita\u00fa: economia de R$ 1,05 tri em 10 anos com reforma da Previd\u00eancia<\/a><\/p>\n<p>Al\u00e9m disso, o secret\u00e1rio acrescentou que o texto \u00e9 &#8220;bem diferente&#8221; da minuta divulgada na \u00faltima semana. A\u00a0idade m\u00ednima de 65 anos entre homens e mulheres constava na proposta vazada para a imprensa. Para <strong>Marinho<\/strong>, a <strong>reforma da Previd\u00eancia<\/strong> trar\u00e1 &#8220;justi\u00e7a, equidade e tamb\u00e9m um impacto fiscal (economia de recursos) que permita que o Brasil volte a crescer e a gerar empregos&#8221;.<\/p>\n","protected":false},"excerpt":{"rendered":"<p>O governo concluiu o texto-base da reforma da Previd\u00eancia que dever\u00e1 ser encaminhado para o presidente Jair Bolsonaro. Previd\u00eancia A informa\u00e7\u00e3o foi divulgada nesta ter\u00e7a-feira (12) pelo secret\u00e1rio especial do Trabalho e Previd\u00eancia do Minist\u00e9rio da Economia,\u00a0Rog\u00e9rio\u00a0Marinho. Com a finaliza\u00e7\u00e3o do texto da reforma da Previd\u00eancia, a proposta vai passar pelo crivo de Jair Bolsonaro, [&hellip;]<\/p>\n","protected":false},"author":14,"featured_media":15023,"comment_status":"closed","ping_status":"closed","sticky":false,"template":"","format":"standard","meta":[],"categories":[61],"tags":[719,796,940],"suno_strategy":[],"class_list":["post-15016","post","type-post","status-publish","format-standard","has-post-thumbnail","hentry","category-politica","tag-jair-bolsonaro","tag-paulo-guedes","tag-reforma-da-previdencia"],"yoast_head":"<!-- This site is optimized with the Yoast SEO plugin v24.4 - https:\/\/yoast.com\/wordpress\/plugins\/seo\/ -->\n<title>Reforma da Previd\u00eancia: governo conclui texto-base para apresentar a Bolsonaro<\/title>\n<meta name=\"description\" content=\"Com a finaliza\u00e7\u00e3o do texto da reforma da Previd\u00eancia, a proposta dever\u00e1 passar pelo crivo de Jair Bolsonaro. Clique para saber mais.\" \/>\n<meta name=\"robots\" content=\"index, follow, max-snippet:-1, max-image-preview:large, max-video-preview:-1\" \/>\n<link rel=\"canonical\" href=\"https:\/\/www.suno.com.br\/noticias\/reforma-previdencia-governo-bolsonaro\/\" \/>\n<meta property=\"og:locale\" content=\"pt_BR\" \/>\n<meta property=\"og:type\" content=\"article\" \/>\n<meta property=\"og:title\" content=\"Reforma da Previd\u00eancia: governo conclui texto-base para apresentar a Bolsonaro\" \/>\n<meta property=\"og:description\" content=\"Com a finaliza\u00e7\u00e3o do texto da reforma da Previd\u00eancia, a proposta dever\u00e1 passar pelo crivo de Jair Bolsonaro. Clique para saber mais.\" \/>\n<meta property=\"og:url\" content=\"https:\/\/www.suno.com.br\/noticias\/reforma-previdencia-governo-bolsonaro\/\" \/>\n<meta property=\"og:site_name\" content=\"Suno Not\u00edcias\" \/>\n<meta property=\"article:publisher\" content=\"https:\/\/facebook.com\/sunoresearch\" \/>\n<meta property=\"og:image\" content=\"https:\/\/files.sunoresearch.com.br\/n\/uploads\/2019\/02\/2c041400-reforma-da-previd\u00eancia-1024x680.jpg\" \/>\n\t<meta property=\"og:image:width\" content=\"1024\" \/>\n\t<meta property=\"og:image:height\" content=\"680\" \/>\n\t<meta property=\"og:image:type\" content=\"image\/jpeg\" \/>\n<meta name=\"author\" content=\"Renan Dantas\" \/>\n<meta name=\"twitter:card\" content=\"summary_large_image\" \/>\n<meta name=\"twitter:creator\" content=\"@sunoresearch\" \/>\n<meta name=\"twitter:site\" content=\"@sunoresearch\" \/>\n<meta name=\"twitter:label1\" content=\"Escrito por\" \/>\n\t<meta name=\"twitter:data1\" content=\"Renan Dantas\" \/>\n\t<meta name=\"twitter:label2\" content=\"Est. tempo de leitura\" \/>\n\t<meta name=\"twitter:data2\" content=\"2 minutos\" \/>\n<script type=\"application\/ld+json\" class=\"yoast-schema-graph\">{\"@context\":\"https:\/\/schema.org\",\"@graph\":[{\"@type\":\"NewsArticle\",\"@id\":\"https:\/\/www.suno.com.br\/noticias\/reforma-previdencia-governo-bolsonaro\/#article\",\"isPartOf\":{\"@id\":\"https:\/\/www.suno.com.br\/noticias\/reforma-previdencia-governo-bolsonaro\/\"},\"author\":{\"name\":\"Renan Dantas\",\"@id\":\"https:\/\/www.suno.com.br\/noticias\/#\/schema\/person\/3f7693d5795a3f6d5ce15309ee785699\"},\"headline\":\"Reforma da Previd\u00eancia: governo conclui texto-base para apresentar a Bolsonaro\",\"datePublished\":\"2019-02-12T17:52:11+00:00\",\"dateModified\":\"2019-02-12T17:55:28+00:00\",\"mainEntityOfPage\":{\"@id\":\"https:\/\/www.suno.com.br\/noticias\/reforma-previdencia-governo-bolsonaro\/\"},\"wordCount\":453,\"publisher\":{\"@id\":\"https:\/\/www.suno.com.br\/noticias\/#organization\"},\"image\":{\"@id\":\"https:\/\/www.suno.com.br\/noticias\/reforma-previdencia-governo-bolsonaro\/#primaryimage\"},\"thumbnailUrl\":\"https:\/\/files.sunoresearch.com.br\/n\/uploads\/2019\/02\/2c041400-reforma-da-previd\u00eancia-scaled.webp\",\"keywords\":[\"Jair Bolsonaro\",\"Paulo Guedes\",\"Reforma da Previd\u00eancia\"],\"articleSection\":[\"Pol\u00edtica\"],\"inLanguage\":\"pt-BR\"},{\"@type\":\"WebPage\",\"@id\":\"https:\/\/www.suno.com.br\/noticias\/reforma-previdencia-governo-bolsonaro\/\",\"url\":\"https:\/\/www.suno.com.br\/noticias\/reforma-previdencia-governo-bolsonaro\/\",\"name\":\"Reforma da Previd\u00eancia: governo conclui texto-base para apresentar a Bolsonaro\",\"isPartOf\":{\"@id\":\"https:\/\/www.suno.com.br\/noticias\/#website\"},\"primaryImageOfPage\":{\"@id\":\"https:\/\/www.suno.com.br\/noticias\/reforma-previdencia-governo-bolsonaro\/#primaryimage\"},\"image\":{\"@id\":\"https:\/\/www.suno.com.br\/noticias\/reforma-previdencia-governo-bolsonaro\/#primaryimage\"},\"thumbnailUrl\":\"https:\/\/files.sunoresearch.com.br\/n\/uploads\/2019\/02\/2c041400-reforma-da-previd\u00eancia-scaled.webp\",\"datePublished\":\"2019-02-12T17:52:11+00:00\",\"dateModified\":\"2019-02-12T17:55:28+00:00\",\"description\":\"Com a finaliza\u00e7\u00e3o do texto da reforma da Previd\u00eancia, a proposta dever\u00e1 passar pelo crivo de Jair Bolsonaro. Clique para saber mais.\",\"breadcrumb\":{\"@id\":\"https:\/\/www.suno.com.br\/noticias\/reforma-previdencia-governo-bolsonaro\/#breadcrumb\"},\"inLanguage\":\"pt-BR\",\"potentialAction\":[{\"@type\":\"ReadAction\",\"target\":[\"https:\/\/www.suno.com.br\/noticias\/reforma-previdencia-governo-bolsonaro\/\"]}]},{\"@type\":\"ImageObject\",\"inLanguage\":\"pt-BR\",\"@id\":\"https:\/\/www.suno.com.br\/noticias\/reforma-previdencia-governo-bolsonaro\/#primaryimage\",\"url\":\"https:\/\/files.sunoresearch.com.br\/n\/uploads\/2019\/02\/2c041400-reforma-da-previd\u00eancia-scaled.webp\",\"contentUrl\":\"https:\/\/files.sunoresearch.com.br\/n\/uploads\/2019\/02\/2c041400-reforma-da-previd\u00eancia-scaled.webp\",\"width\":2560,\"height\":1699,\"caption\":\"Previd\u00eancia\"},{\"@type\":\"BreadcrumbList\",\"@id\":\"https:\/\/www.suno.com.br\/noticias\/reforma-previdencia-governo-bolsonaro\/#breadcrumb\",\"itemListElement\":[{\"@type\":\"ListItem\",\"position\":1,\"name\":\"Not\u00edcias\",\"item\":\"https:\/\/www.suno.com.br\/noticias\/\"},{\"@type\":\"ListItem\",\"position\":2,\"name\":\"Pol\u00edtica\",\"item\":\"https:\/\/www.suno.com.br\/noticias\/politica\/\"},{\"@type\":\"ListItem\",\"position\":3,\"name\":\"Reforma da Previd\u00eancia: governo conclui texto-base para apresentar a Bolsonaro\"}]},{\"@type\":\"WebSite\",\"@id\":\"https:\/\/www.suno.com.br\/noticias\/#website\",\"url\":\"https:\/\/www.suno.com.br\/noticias\/\",\"name\":\"Suno Not\u00edcias\",\"description\":\"Seu portal de informa\u00e7\u00e3o sobre o mundo dos investimentos\",\"publisher\":{\"@id\":\"https:\/\/www.suno.com.br\/noticias\/#organization\"},\"potentialAction\":[{\"@type\":\"SearchAction\",\"target\":{\"@type\":\"EntryPoint\",\"urlTemplate\":\"https:\/\/www.suno.com.br\/noticias\/?s={search_term_string}\"},\"query-input\":{\"@type\":\"PropertyValueSpecification\",\"valueRequired\":true,\"valueName\":\"search_term_string\"}}],\"inLanguage\":\"pt-BR\"},{\"@type\":\"Organization\",\"@id\":\"https:\/\/www.suno.com.br\/noticias\/#organization\",\"name\":\"Suno Not\u00edcias\",\"url\":\"https:\/\/www.suno.com.br\/noticias\/\",\"logo\":{\"@type\":\"ImageObject\",\"inLanguage\":\"pt-BR\",\"@id\":\"https:\/\/www.suno.com.br\/noticias\/#\/schema\/logo\/image\/\",\"url\":\"https:\/\/files.sunoresearch.com.br\/n\/uploads\/2021\/09\/suno-logo.png\",\"contentUrl\":\"https:\/\/files.sunoresearch.com.br\/n\/uploads\/2021\/09\/suno-logo.png\",\"width\":180,\"height\":180,\"caption\":\"Suno Not\u00edcias\"},\"image\":{\"@id\":\"https:\/\/www.suno.com.br\/noticias\/#\/schema\/logo\/image\/\"},\"sameAs\":[\"https:\/\/facebook.com\/sunoresearch\",\"https:\/\/x.com\/sunoresearch\",\"https:\/\/www.instagram.com\/suno\",\"https:\/\/www.linkedin.com\/company\/suno-research\/\",\"https:\/\/www.youtube.com\/c\/sunoresearch\"]},{\"@type\":\"Person\",\"@id\":\"https:\/\/www.suno.com.br\/noticias\/#\/schema\/person\/3f7693d5795a3f6d5ce15309ee785699\",\"name\":\"Renan Dantas\",\"image\":{\"@type\":\"ImageObject\",\"inLanguage\":\"pt-BR\",\"@id\":\"https:\/\/www.suno.com.br\/noticias\/#\/schema\/person\/image\/\",\"url\":\"https:\/\/secure.gravatar.com\/avatar\/1787b83e7484a08e51d62ac8b41c8396?s=96&r=g\",\"contentUrl\":\"https:\/\/secure.gravatar.com\/avatar\/1787b83e7484a08e51d62ac8b41c8396?s=96&r=g\",\"caption\":\"Renan Dantas\"},\"description\":\"Escreve sobre pol\u00edtica e mercado financeiro para o portal Suno Not\u00edcias. Antes, atuou na assessoria de comunica\u00e7\u00e3o do Minist\u00e9rio P\u00fablico do Trabalho e na R\u00e1dio Mackenzie, onde apresentava e produzia um programa sobre artistas da m\u00fasica brasileira. \u00c9 estudante na Universidade Presbiteriana Mackenzie.\",\"url\":\"https:\/\/www.suno.com.br\/noticias\/author\/renan-dantas\/\"}]}<\/script>\n<!-- \/ Yoast SEO plugin. -->","yoast_head_json":{"title":"Reforma da Previd\u00eancia: governo conclui texto-base para apresentar a Bolsonaro","description":"Com a finaliza\u00e7\u00e3o do texto da reforma da Previd\u00eancia, a proposta dever\u00e1 passar pelo crivo de Jair Bolsonaro. Clique para saber mais.","robots":{"index":"index","follow":"follow","max-snippet":"max-snippet:-1","max-image-preview":"max-image-preview:large","max-video-preview":"max-video-preview:-1"},"canonical":"https:\/\/www.suno.com.br\/noticias\/reforma-previdencia-governo-bolsonaro\/","og_locale":"pt_BR","og_type":"article","og_title":"Reforma da Previd\u00eancia: governo conclui texto-base para apresentar a Bolsonaro","og_description":"Com a finaliza\u00e7\u00e3o do texto da reforma da Previd\u00eancia, a proposta dever\u00e1 passar pelo crivo de Jair Bolsonaro. Clique para saber mais.","og_url":"https:\/\/www.suno.com.br\/noticias\/reforma-previdencia-governo-bolsonaro\/","og_site_name":"Suno Not\u00edcias","article_publisher":"https:\/\/facebook.com\/sunoresearch","og_image":[{"width":1024,"height":680,"url":"https:\/\/files.sunoresearch.com.br\/n\/uploads\/2019\/02\/2c041400-reforma-da-previd\u00eancia-1024x680.jpg","type":"image\/jpeg"}],"author":"Renan Dantas","twitter_card":"summary_large_image","twitter_creator":"@sunoresearch","twitter_site":"@sunoresearch","twitter_misc":{"Escrito por":"Renan Dantas","Est. tempo de leitura":"2 minutos"},"schema":{"@context":"https:\/\/schema.org","@graph":[{"@type":"NewsArticle","@id":"https:\/\/www.suno.com.br\/noticias\/reforma-previdencia-governo-bolsonaro\/#article","isPartOf":{"@id":"https:\/\/www.suno.com.br\/noticias\/reforma-previdencia-governo-bolsonaro\/"},"author":{"name":"Renan Dantas","@id":"https:\/\/www.suno.com.br\/noticias\/#\/schema\/person\/3f7693d5795a3f6d5ce15309ee785699"},"headline":"Reforma da Previd\u00eancia: governo conclui texto-base para apresentar a Bolsonaro","datePublished":"2019-02-12T17:52:11+00:00","dateModified":"2019-02-12T17:55:28+00:00","mainEntityOfPage":{"@id":"https:\/\/www.suno.com.br\/noticias\/reforma-previdencia-governo-bolsonaro\/"},"wordCount":453,"publisher":{"@id":"https:\/\/www.suno.com.br\/noticias\/#organization"},"image":{"@id":"https:\/\/www.suno.com.br\/noticias\/reforma-previdencia-governo-bolsonaro\/#primaryimage"},"thumbnailUrl":"https:\/\/files.sunoresearch.com.br\/n\/uploads\/2019\/02\/2c041400-reforma-da-previd\u00eancia-scaled.webp","keywords":["Jair Bolsonaro","Paulo Guedes","Reforma da Previd\u00eancia"],"articleSection":["Pol\u00edtica"],"inLanguage":"pt-BR"},{"@type":"WebPage","@id":"https:\/\/www.suno.com.br\/noticias\/reforma-previdencia-governo-bolsonaro\/","url":"https:\/\/www.suno.com.br\/noticias\/reforma-previdencia-governo-bolsonaro\/","name":"Reforma da Previd\u00eancia: governo conclui texto-base para apresentar a Bolsonaro","isPartOf":{"@id":"https:\/\/www.suno.com.br\/noticias\/#website"},"primaryImageOfPage":{"@id":"https:\/\/www.suno.com.br\/noticias\/reforma-previdencia-governo-bolsonaro\/#primaryimage"},"image":{"@id":"https:\/\/www.suno.com.br\/noticias\/reforma-previdencia-governo-bolsonaro\/#primaryimage"},"thumbnailUrl":"https:\/\/files.sunoresearch.com.br\/n\/uploads\/2019\/02\/2c041400-reforma-da-previd\u00eancia-scaled.webp","datePublished":"2019-02-12T17:52:11+00:00","dateModified":"2019-02-12T17:55:28+00:00","description":"Com a finaliza\u00e7\u00e3o do texto da reforma da Previd\u00eancia, a proposta dever\u00e1 passar pelo crivo de Jair Bolsonaro. Clique para saber mais.","breadcrumb":{"@id":"https:\/\/www.suno.com.br\/noticias\/reforma-previdencia-governo-bolsonaro\/#breadcrumb"},"inLanguage":"pt-BR","potentialAction":[{"@type":"ReadAction","target":["https:\/\/www.suno.com.br\/noticias\/reforma-previdencia-governo-bolsonaro\/"]}]},{"@type":"ImageObject","inLanguage":"pt-BR","@id":"https:\/\/www.suno.com.br\/noticias\/reforma-previdencia-governo-bolsonaro\/#primaryimage","url":"https:\/\/files.sunoresearch.com.br\/n\/uploads\/2019\/02\/2c041400-reforma-da-previd\u00eancia-scaled.webp","contentUrl":"https:\/\/files.sunoresearch.com.br\/n\/uploads\/2019\/02\/2c041400-reforma-da-previd\u00eancia-scaled.webp","width":2560,"height":1699,"caption":"Previd\u00eancia"},{"@type":"BreadcrumbList","@id":"https:\/\/www.suno.com.br\/noticias\/reforma-previdencia-governo-bolsonaro\/#breadcrumb","itemListElement":[{"@type":"ListItem","position":1,"name":"Not\u00edcias","item":"https:\/\/www.suno.com.br\/noticias\/"},{"@type":"ListItem","position":2,"name":"Pol\u00edtica","item":"https:\/\/www.suno.com.br\/noticias\/politica\/"},{"@type":"ListItem","position":3,"name":"Reforma da Previd\u00eancia: governo conclui texto-base para apresentar a Bolsonaro"}]},{"@type":"WebSite","@id":"https:\/\/www.suno.com.br\/noticias\/#website","url":"https:\/\/www.suno.com.br\/noticias\/","name":"Suno Not\u00edcias","description":"Seu portal de informa\u00e7\u00e3o sobre o mundo dos investimentos","publisher":{"@id":"https:\/\/www.suno.com.br\/noticias\/#organization"},"potentialAction":[{"@type":"SearchAction","target":{"@type":"EntryPoint","urlTemplate":"https:\/\/www.suno.com.br\/noticias\/?s={search_term_string}"},"query-input":{"@type":"PropertyValueSpecification","valueRequired":true,"valueName":"search_term_string"}}],"inLanguage":"pt-BR"},{"@type":"Organization","@id":"https:\/\/www.suno.com.br\/noticias\/#organization","name":"Suno Not\u00edcias","url":"https:\/\/www.suno.com.br\/noticias\/","logo":{"@type":"ImageObject","inLanguage":"pt-BR","@id":"https:\/\/www.suno.com.br\/noticias\/#\/schema\/logo\/image\/","url":"https:\/\/files.sunoresearch.com.br\/n\/uploads\/2021\/09\/suno-logo.png","contentUrl":"https:\/\/files.sunoresearch.com.br\/n\/uploads\/2021\/09\/suno-logo.png","width":180,"height":180,"caption":"Suno Not\u00edcias"},"image":{"@id":"https:\/\/www.suno.com.br\/noticias\/#\/schema\/logo\/image\/"},"sameAs":["https:\/\/facebook.com\/sunoresearch","https:\/\/x.com\/sunoresearch","https:\/\/www.instagram.com\/suno","https:\/\/www.linkedin.com\/company\/suno-research\/","https:\/\/www.youtube.com\/c\/sunoresearch"]},{"@type":"Person","@id":"https:\/\/www.suno.com.br\/noticias\/#\/schema\/person\/3f7693d5795a3f6d5ce15309ee785699","name":"Renan Dantas","image":{"@type":"ImageObject","inLanguage":"pt-BR","@id":"https:\/\/www.suno.com.br\/noticias\/#\/schema\/person\/image\/","url":"https:\/\/secure.gravatar.com\/avatar\/1787b83e7484a08e51d62ac8b41c8396?s=96&r=g","contentUrl":"https:\/\/secure.gravatar.com\/avatar\/1787b83e7484a08e51d62ac8b41c8396?s=96&r=g","caption":"Renan Dantas"},"description":"Escreve sobre pol\u00edtica e mercado financeiro para o portal Suno Not\u00edcias. Antes, atuou na assessoria de comunica\u00e7\u00e3o do Minist\u00e9rio P\u00fablico do Trabalho e na R\u00e1dio Mackenzie, onde apresentava e produzia um programa sobre artistas da m\u00fasica brasileira. \u00c9 estudante na Universidade Presbiteriana Mackenzie.","url":"https:\/\/www.suno.com.br\/noticias\/author\/renan-dantas\/"}]}},"default_loop_html":"<div class=\"cardsPage__listCard__boxs\"><div class=\"cardsPage__listCard__boxs__img\"><a href=\"https:\/\/www.suno.com.br\/noticias\/reforma-previdencia-governo-bolsonaro\/\"><img class=\"mask\" src=\"https:\/\/www.suno.com.br\/noticias\/wp-content\/themes\/suno\/resources\/images\/spotlight\/spotlight1img\/bg-mask.png\" alt=\"Image Mask\"\/><img src=\"https:\/\/files.sunoresearch.com.br\/n\/uploads\/2019\/02\/2c041400-reforma-da-previd\u00eancia-400x200.webp\" alt=\"Reforma da Previd\u00eancia: governo conclui texto-base para apresentar a Bolsonaro\"\/><\/a><span class=\"spotlightCategory\"><a href=\"https:\/\/www.suno.com.br\/noticias\/politica\/\">Pol\u00edtica<\/a><\/span><\/div><div class=\"cardsPage__listCard__boxs__content\"><a href=\"https:\/\/www.suno.com.br\/noticias\/reforma-previdencia-governo-bolsonaro\/\"><h2 class=\"content__title\">Reforma da Previd\u00eancia: governo conclui texto-base para apresentar a Bolsonaro<\/h2><\/a><div class=\"newsContent__article__meta\"><div class=\"newsContent__article__meta__authorBox\"><a href=\"https:\/\/www.suno.com.br\/noticias\/author\/renan-dantas\/\" class=\"authorBox__avatar noMobi\"><img src=\"https:\/\/secure.gravatar.com\/avatar\/1787b83e7484a08e51d62ac8b41c8396?s=96&#038;r=g\" alt=\"Renan Dantas\"><\/a><div class=\"authorBox__name\"><span>por\n\t\t\t<a href=\"https:\/\/www.suno.com.br\/noticias\/author\/renan-dantas\/\"><span itemprop=\"author\">Renan Dantas<\/span><\/a><\/span><time datetime=\"2019-02-12T15:52:11-02:00\" itemprop=\"datePublished\">12\/02\/2019 15:52<\/time><\/div><\/div><\/div><\/div><\/div>","single_layout":"posts","amp_enabled":true,"_links":{"self":[{"href":"https:\/\/www.suno.com.br\/noticias\/wp-json\/wp\/v2\/posts\/15016"}],"collection":[{"href":"https:\/\/www.suno.com.br\/noticias\/wp-json\/wp\/v2\/posts"}],"about":[{"href":"https:\/\/www.suno.com.br\/noticias\/wp-json\/wp\/v2\/types\/post"}],"author":[{"embeddable":true,"href":"https:\/\/www.suno.com.br\/noticias\/wp-json\/wp\/v2\/users\/14"}],"replies":[{"embeddable":true,"href":"https:\/\/www.suno.com.br\/noticias\/wp-json\/wp\/v2\/comments?post=15016"}],"version-history":[{"count":0,"href":"https:\/\/www.suno.com.br\/noticias\/wp-json\/wp\/v2\/posts\/15016\/revisions"}],"wp:featuredmedia":[{"embeddable":true,"href":"https:\/\/www.suno.com.br\/noticias\/wp-json\/wp\/v2\/media\/15023"}],"wp:attachment":[{"href":"https:\/\/www.suno.com.br\/noticias\/wp-json\/wp\/v2\/media?parent=15016"}],"wp:term":[{"taxonomy":"category","embeddable":true,"href":"https:\/\/www.suno.com.br\/noticias\/wp-json\/wp\/v2\/categories?post=15016"},{"taxonomy":"post_tag","embeddable":true,"href":"https:\/\/www.suno.com.br\/noticias\/wp-json\/wp\/v2\/tags?post=15016"},{"taxonomy":"suno_strategy","embeddable":true,"href":"https:\/\/www.suno.com.br\/noticias\/wp-json\/wp\/v2\/suno_strategy?post=15016"}],"curies":[{"name":"wp","href":"https:\/\/api.w.org\/{rel}","templated":true}]}}