{"id":150106,"date":"2021-05-21T17:35:34","date_gmt":"2021-05-21T20:35:34","guid":{"rendered":"https:\/\/www.suno.com.br\/noticias\/?p=150106"},"modified":"2021-05-21T17:35:34","modified_gmt":"2021-05-21T20:35:34","slug":"even-even3-otimista-demanda-imoveis","status":"publish","type":"post","link":"https:\/\/www.suno.com.br\/noticias\/even-even3-otimista-demanda-imoveis\/","title":{"rendered":"Even (EVEN3) continua otimista com a demanda por im\u00f3veis, destaca BTG"},"content":{"rendered":"<p>A construtora e incorporadora <a href=\"https:\/\/www.suno.com.br\/acoes\/even3\/\"><strong>Even<\/strong> (EVEN3)<\/a> realizou nesta sexta-feira (21) o seu Dia do Investidor. Ao participar do evento, os analistas do BTG Pactual destacaram que a gest\u00e3o da companhia continua otimista com a demanda por im\u00f3veis, apesar do aumento das taxas de juros.<\/p>\t<div class=\"wrapper-featured-image\">\n\t\t<figure class=\"spotlightImg\">\n\n\t\t\t<picture>\n\t\t\t\t<source media=\"(max-width: 768px)\" srcset=\"https:\/\/files.sunoresearch.com.br\/n\/uploads\/2021\/05\/7a5ca858-even-400x200.webp\">\n\t\t\t\t<img loading=\"lazy\" decoding=\"async\" class=\"newsContent__article__imgCapa lazyloadDisabled \" src=\"https:\/\/files.sunoresearch.com.br\/n\/uploads\/2021\/05\/7a5ca858-even-800x450.webp\" width=\"800\" height=\"450\" alt=\"Even (EVEN3) continua otimista com a demanda por im\u00f3veis, destaca BTG\" fetchpriority=high \/>\n\t\t\t<\/picture>\n\n\t\t\t<figcaption class=\"wp-caption-text wp-caption-text--show\">Even. Foto: Reprodu\u00e7\u00e3o Facebook<\/figcaption>\n\t\t<\/figure>\n\t<\/div>\n\n\n\t<p>\n\t\t<a href=\"https:\/\/lp.suno.com.br\/planilha-controle-gastos\/\" target=\"_blank\" data-element=\"shortcode-suno-banner\" title=\"Banner SUNO, clique e saiba mais\">\n\t\t\t<picture>\n\t\t\t\t<source media=\"(max-width: 500px)\" srcset=\"https:\/\/files.sunoresearch.com.br\/n\/uploads\/2023\/03\/400x300-Planilha-controle-de-gastos.png\">\n\t\t\t\t<img class=\"newsContent__article__imgCapa newsContent__article__imgCapa--banner\"\n\t\t\t\t\tsrc=\"https:\/\/files.sunoresearch.com.br\/n\/uploads\/2023\/03\/1420x240-Planilha-controle-de-gastos.png\"\n\t\t\t\t\tdata-promo-id=\"101751\"\t\t\t\t\t\t\t\t\t\twidth='1420' height='240'\t\t\t\t\talt=\"https:\/\/files.sunoresearch.com.br\/n\/uploads\/2023\/03\/1420x240-Planilha-controle-de-gastos.png\"\n\t\t\t\t>\n\t\t\t<\/picture>\n\t\t<\/a>\n\t<\/p>\n\n\n<p>Em relat\u00f3rio assinado pelos analistas Gustavo Cambauva e Elvis Credendio, o <strong>BTG Pactual<\/strong> afirma que a &#8220;Even est\u00e1 otimista com as perspectivas para o <strong><a href=\"https:\/\/www.suno.com.br\/artigos\/mercado-imobiliario\/\">mercado imobili\u00e1rio<\/a> em SP<\/strong> apesar da alta taxas de juros e maiores custos de constru\u00e7\u00e3o&#8221;.<\/p>\n<p>A\u00a0 administra\u00e7\u00e3o da construtora acredita que tamanho do mercado imobili\u00e1rio de S\u00e3o Paulo deve ficar em, aproximadamente, R$ 30 bilh\u00f5es ao ano, contra R$ 20 bilh\u00f5es em 2014 a 2018 e R$ 30 bilh\u00f5es em 2008 a 2013.<\/p>\n<p><a href=\"https:\/\/lp.suno.com.br\/suno-one\/\">Suno One: acesse gratuitamente eBooks, Minicursos, Artigos e V\u00eddeo Aulas sobre investimentos com um \u00fanico cadastro. Clique para saber mais!<\/a><\/p>\n<p>No evento, a companhia ainda refor\u00e7ou a<a href=\"https:\/\/www.suno.com.br\/artigos\/oferta-demanda\/\"> s\u00f3lida demanda<\/a> por seus projetos, uma vez que as vendas t\u00eam acontecido mais r\u00e1pido do que o esperado, mesmo com os pre\u00e7os de venda 5,2% acima da<a href=\"https:\/\/www.suno.com.br\/noticias\/inflacao-construcao-civilmaior-28-anos\/#:~:text=Suno%20One%3A%20acesse%20gratuitamente%20eBooks,que%20tamb%C3%A9m%20representa%20um%20recorde.\"> infla\u00e7\u00e3o da constru\u00e7\u00e3o.<\/a><\/p>\n<p>Al\u00e9m disso, a construtora continua com seu foco em projetos de rendimento m\u00e9dio e alto, enquanto visa R$ 1,5 bilh\u00e3o em lan\u00e7amento por ano.<\/p>\n<p>Os analistas do BTG tamb\u00e9m destacam que a empresa est\u00e1 focada na aquisi\u00e7\u00e3o de terrenos atrav\u00e9s de permutas, e tamb\u00e9m n\u00e3o mudar\u00e1 sua estrutura de capital, j\u00e1 que a administra\u00e7\u00e3o acredita que seu patrim\u00f4nio est\u00e1 ajustado ao seu porte.<\/p>\n<h2>Resultados da Even no 1T21<\/h2>\n<p>No primeiro trimestre desse ano, a construtora apresentou um <a href=\"https:\/\/www.suno.com.br\/artigos\/lucro-liquido\/\">lucro l\u00edquido<\/a> de R$ 84 milh\u00f5es, representando um crescimento de 130% na compara\u00e7\u00e3o anualizada. O retorno sobre o Patrim\u00f4nio (<strong>ROE<\/strong>), foi de 18%.<\/p>\n\t<div data-element=\"shortcode-read-more\" class=\"knowMore\">\n\t\t\t\t<span class=\"knowMore__title\">Veja tamb\u00e9m<\/span>\n\t\t\t\t<a class=\"knowMore__link\" href=\"https:\/\/www.suno.com.br\/noticias\/even-even3-geracao-de-caixa-previa\/\">\n\t\t\tEven (EVEN3): gera\u00e7\u00e3o de caixa no 4T20 atinge R$ 467 milh\u00f5es\t\t<\/a>\n\t<\/div>\n\n\n<p>Durante os tr\u00eas primeiros meses do ano, a<strong> receita l\u00edquida da Even<\/strong> totalizou R$ 683 milh\u00f5es, avan\u00e7o de 68% na compara\u00e7\u00e3o ano a ano, enquanto as vendas l\u00edquidas alcan\u00e7aram R$ 586 milh\u00f5es, alta de 129,1%, na mesma base comparativa.<\/p>\n\t<p>\n\t\t<a href=\"https:\/\/lp.suno.com.br\/planilha-da-vida-financeira\/\" target=\"_blank\" data-element=\"shortcode-suno-banner\" title=\"Banner SUNO, clique e saiba mais\">\n\t\t\t<picture>\n\t\t\t\t<source media=\"(max-width: 500px)\" srcset=\"https:\/\/files.sunoresearch.com.br\/n\/uploads\/2023\/04\/400x300-Planilha-vida-financeira-true.png\">\n\t\t\t\t<img class=\"newsContent__article__imgCapa newsContent__article__imgCapa--banner\"\n\t\t\t\t\tsrc=\"https:\/\/files.sunoresearch.com.br\/n\/uploads\/2023\/04\/1420x240-Planilha-vida-financeira-true.png\"\n\t\t\t\t\tdata-promo-id=\"106682\"\t\t\t\t\t\t\t\t\t\twidth='1420' height='240'\t\t\t\t\talt=\"https:\/\/files.sunoresearch.com.br\/n\/uploads\/2023\/04\/1420x240-Planilha-vida-financeira-true.png\"\n\t\t\t\t>\n\t\t\t<\/picture>\n\t\t<\/a>\n\t<\/p>\n\n\n<p>&#8220;As vendas de lan\u00e7amento representaram R$ 412 milh\u00f5es (VSO de 58%), impulsionada pela venda do Hotel Fasano, que representou R$ 280 milh\u00f5es. E encerramos o trimestre com um volume de estoque conclu\u00eddo de R$350 milh\u00f5es, representando 18% do nosso estoque total&#8221;, destaca a construtora em seu balan\u00e7o.<\/p>\n<p>Pouco antes do final do preg\u00e3o de hoje, a a\u00e7\u00e3o da <strong>Even<\/strong> (<strong>EVEN3<\/strong>) operava em queda de 4,77%, valendo R$ 9,79.<\/p>\n\t<p>\n\t\t<a href=\"https:\/\/lp.suno.com.br\/planilha-de-controle-de-investimentos\/\" target=\"_blank\" data-element=\"shortcode-suno-banner\" title=\"Banner SUNO, clique e saiba mais\">\n\t\t\t<picture>\n\t\t\t\t<source media=\"(max-width: 500px)\" srcset=\"https:\/\/files.sunoresearch.com.br\/n\/uploads\/2023\/03\/400x300-Controle-de-Investimentos.png\">\n\t\t\t\t<img class=\"newsContent__article__imgCapa newsContent__article__imgCapa--banner\"\n\t\t\t\t\tsrc=\"https:\/\/files.sunoresearch.com.br\/n\/uploads\/2023\/03\/1420x240-Controle-de-Investimentos.png\"\n\t\t\t\t\tdata-promo-id=\"75934\"\t\t\t\t\t\t\t\t\t\twidth='1420' height='240'\t\t\t\t\talt=\"https:\/\/files.sunoresearch.com.br\/n\/uploads\/2023\/03\/1420x240-Controle-de-Investimentos.png\"\n\t\t\t\t>\n\t\t\t<\/picture>\n\t\t<\/a>\n\t<\/p>\n\n\n","protected":false},"excerpt":{"rendered":"<p>A construtora e incorporadora Even (EVEN3) realizou nesta sexta-feira (21) o seu Dia do Investidor. Ao participar do evento, os analistas do BTG Pactual destacaram que a gest\u00e3o da companhia continua otimista com a demanda por im\u00f3veis, apesar do aumento das taxas de juros. Even. Foto: Reprodu\u00e7\u00e3o Facebook Em relat\u00f3rio assinado pelos analistas Gustavo Cambauva [&hellip;]<\/p>\n","protected":false},"author":39,"featured_media":150149,"comment_status":"closed","ping_status":"closed","sticky":false,"template":"","format":"standard","meta":[],"categories":[64],"tags":[399,105816,471],"suno_strategy":[],"class_list":["post-150106","post","type-post","status-publish","format-standard","has-post-thumbnail","hentry","category-negocios","tag-btg-pactual-bpac11-bpac3-bpac5","tag-especialistas","tag-even-even3"],"yoast_head":"<!-- This site is optimized with the Yoast SEO plugin v24.4 - https:\/\/yoast.com\/wordpress\/plugins\/seo\/ -->\n<title>Even continua otimista com a demanda por im\u00f3veis, destaca BTG<\/title>\n<meta name=\"description\" content=\"O BTG destacou que a Even (EVEN3) continua otimista com a demanda por im\u00f3veis, apesar do aumento das taxas de juros. Clique e saiba mais.\" \/>\n<meta name=\"robots\" content=\"index, follow, max-snippet:-1, max-image-preview:large, max-video-preview:-1\" \/>\n<link rel=\"canonical\" href=\"https:\/\/www.suno.com.br\/noticias\/even-even3-otimista-demanda-imoveis\/\" \/>\n<meta property=\"og:locale\" content=\"pt_BR\" \/>\n<meta property=\"og:type\" content=\"article\" \/>\n<meta property=\"og:title\" content=\"Even continua otimista com a demanda por im\u00f3veis, destaca BTG\" \/>\n<meta property=\"og:description\" content=\"O BTG destacou que a Even (EVEN3) continua otimista com a demanda por im\u00f3veis, apesar do aumento das taxas de juros. Clique e saiba mais.\" \/>\n<meta property=\"og:url\" content=\"https:\/\/www.suno.com.br\/noticias\/even-even3-otimista-demanda-imoveis\/\" \/>\n<meta property=\"og:site_name\" content=\"Suno Not\u00edcias\" \/>\n<meta property=\"article:publisher\" content=\"https:\/\/facebook.com\/sunoresearch\" \/>\n<meta property=\"og:image\" content=\"https:\/\/files.sunoresearch.com.br\/n\/uploads\/2021\/05\/7a5ca858-even.jpg\" \/>\n\t<meta property=\"og:image:width\" content=\"1200\" \/>\n\t<meta property=\"og:image:height\" content=\"900\" \/>\n\t<meta property=\"og:image:type\" content=\"image\/jpeg\" \/>\n<meta name=\"author\" content=\"Laura Moutinho\" \/>\n<meta name=\"twitter:card\" content=\"summary_large_image\" \/>\n<meta name=\"twitter:creator\" content=\"@sunoresearch\" \/>\n<meta name=\"twitter:site\" content=\"@sunoresearch\" \/>\n<meta name=\"twitter:label1\" content=\"Escrito por\" \/>\n\t<meta name=\"twitter:data1\" content=\"Laura Moutinho\" \/>\n\t<meta name=\"twitter:label2\" content=\"Est. tempo de leitura\" \/>\n\t<meta name=\"twitter:data2\" content=\"2 minutos\" \/>\n<script type=\"application\/ld+json\" class=\"yoast-schema-graph\">{\"@context\":\"https:\/\/schema.org\",\"@graph\":[{\"@type\":\"NewsArticle\",\"@id\":\"https:\/\/www.suno.com.br\/noticias\/even-even3-otimista-demanda-imoveis\/#article\",\"isPartOf\":{\"@id\":\"https:\/\/www.suno.com.br\/noticias\/even-even3-otimista-demanda-imoveis\/\"},\"author\":{\"name\":\"Laura Moutinho\",\"@id\":\"https:\/\/www.suno.com.br\/noticias\/#\/schema\/person\/3df0d2808748b74496efe5dbeaef2c72\"},\"headline\":\"Even (EVEN3) continua otimista com a demanda por im\u00f3veis, destaca BTG\",\"datePublished\":\"2021-05-21T20:35:34+00:00\",\"mainEntityOfPage\":{\"@id\":\"https:\/\/www.suno.com.br\/noticias\/even-even3-otimista-demanda-imoveis\/\"},\"wordCount\":441,\"publisher\":{\"@id\":\"https:\/\/www.suno.com.br\/noticias\/#organization\"},\"image\":{\"@id\":\"https:\/\/www.suno.com.br\/noticias\/even-even3-otimista-demanda-imoveis\/#primaryimage\"},\"thumbnailUrl\":\"https:\/\/files.sunoresearch.com.br\/n\/uploads\/2021\/05\/7a5ca858-even-jpg.webp\",\"keywords\":[\"BTG Pactual (BPAC11\/BPAC3\/BPAC5)\",\"Especialistas\",\"Even (EVEN3)\"],\"articleSection\":[\"Neg\u00f3cios\"],\"inLanguage\":\"pt-BR\"},{\"@type\":\"WebPage\",\"@id\":\"https:\/\/www.suno.com.br\/noticias\/even-even3-otimista-demanda-imoveis\/\",\"url\":\"https:\/\/www.suno.com.br\/noticias\/even-even3-otimista-demanda-imoveis\/\",\"name\":\"Even continua otimista com a demanda por im\u00f3veis, destaca BTG\",\"isPartOf\":{\"@id\":\"https:\/\/www.suno.com.br\/noticias\/#website\"},\"primaryImageOfPage\":{\"@id\":\"https:\/\/www.suno.com.br\/noticias\/even-even3-otimista-demanda-imoveis\/#primaryimage\"},\"image\":{\"@id\":\"https:\/\/www.suno.com.br\/noticias\/even-even3-otimista-demanda-imoveis\/#primaryimage\"},\"thumbnailUrl\":\"https:\/\/files.sunoresearch.com.br\/n\/uploads\/2021\/05\/7a5ca858-even-jpg.webp\",\"datePublished\":\"2021-05-21T20:35:34+00:00\",\"description\":\"O BTG destacou que a Even (EVEN3) continua otimista com a demanda por im\u00f3veis, apesar do aumento das taxas de juros. Clique e saiba mais.\",\"breadcrumb\":{\"@id\":\"https:\/\/www.suno.com.br\/noticias\/even-even3-otimista-demanda-imoveis\/#breadcrumb\"},\"inLanguage\":\"pt-BR\",\"potentialAction\":[{\"@type\":\"ReadAction\",\"target\":[\"https:\/\/www.suno.com.br\/noticias\/even-even3-otimista-demanda-imoveis\/\"]}]},{\"@type\":\"ImageObject\",\"inLanguage\":\"pt-BR\",\"@id\":\"https:\/\/www.suno.com.br\/noticias\/even-even3-otimista-demanda-imoveis\/#primaryimage\",\"url\":\"https:\/\/files.sunoresearch.com.br\/n\/uploads\/2021\/05\/7a5ca858-even-jpg.webp\",\"contentUrl\":\"https:\/\/files.sunoresearch.com.br\/n\/uploads\/2021\/05\/7a5ca858-even-jpg.webp\",\"width\":1200,\"height\":900,\"caption\":\"Even. Foto: Reprodu\u00e7\u00e3o Facebook\"},{\"@type\":\"BreadcrumbList\",\"@id\":\"https:\/\/www.suno.com.br\/noticias\/even-even3-otimista-demanda-imoveis\/#breadcrumb\",\"itemListElement\":[{\"@type\":\"ListItem\",\"position\":1,\"name\":\"Not\u00edcias\",\"item\":\"https:\/\/www.suno.com.br\/noticias\/\"},{\"@type\":\"ListItem\",\"position\":2,\"name\":\"Neg\u00f3cios\",\"item\":\"https:\/\/www.suno.com.br\/noticias\/negocios\/\"},{\"@type\":\"ListItem\",\"position\":3,\"name\":\"Even (EVEN3) continua otimista com a demanda por im\u00f3veis, destaca BTG\"}]},{\"@type\":\"WebSite\",\"@id\":\"https:\/\/www.suno.com.br\/noticias\/#website\",\"url\":\"https:\/\/www.suno.com.br\/noticias\/\",\"name\":\"Suno Not\u00edcias\",\"description\":\"Seu portal de informa\u00e7\u00e3o sobre o mundo dos investimentos\",\"publisher\":{\"@id\":\"https:\/\/www.suno.com.br\/noticias\/#organization\"},\"potentialAction\":[{\"@type\":\"SearchAction\",\"target\":{\"@type\":\"EntryPoint\",\"urlTemplate\":\"https:\/\/www.suno.com.br\/noticias\/?s={search_term_string}\"},\"query-input\":{\"@type\":\"PropertyValueSpecification\",\"valueRequired\":true,\"valueName\":\"search_term_string\"}}],\"inLanguage\":\"pt-BR\"},{\"@type\":\"Organization\",\"@id\":\"https:\/\/www.suno.com.br\/noticias\/#organization\",\"name\":\"Suno Not\u00edcias\",\"url\":\"https:\/\/www.suno.com.br\/noticias\/\",\"logo\":{\"@type\":\"ImageObject\",\"inLanguage\":\"pt-BR\",\"@id\":\"https:\/\/www.suno.com.br\/noticias\/#\/schema\/logo\/image\/\",\"url\":\"https:\/\/files.sunoresearch.com.br\/n\/uploads\/2021\/09\/suno-logo.png\",\"contentUrl\":\"https:\/\/files.sunoresearch.com.br\/n\/uploads\/2021\/09\/suno-logo.png\",\"width\":180,\"height\":180,\"caption\":\"Suno Not\u00edcias\"},\"image\":{\"@id\":\"https:\/\/www.suno.com.br\/noticias\/#\/schema\/logo\/image\/\"},\"sameAs\":[\"https:\/\/facebook.com\/sunoresearch\",\"https:\/\/x.com\/sunoresearch\",\"https:\/\/www.instagram.com\/suno\",\"https:\/\/www.linkedin.com\/company\/suno-research\/\",\"https:\/\/www.youtube.com\/c\/sunoresearch\"]},{\"@type\":\"Person\",\"@id\":\"https:\/\/www.suno.com.br\/noticias\/#\/schema\/person\/3df0d2808748b74496efe5dbeaef2c72\",\"name\":\"Laura Moutinho\",\"image\":{\"@type\":\"ImageObject\",\"inLanguage\":\"pt-BR\",\"@id\":\"https:\/\/www.suno.com.br\/noticias\/#\/schema\/person\/image\/\",\"url\":\"https:\/\/secure.gravatar.com\/avatar\/7571c7c8ca3a6fca5e41384ece5557ff?s=96&r=g\",\"contentUrl\":\"https:\/\/secure.gravatar.com\/avatar\/7571c7c8ca3a6fca5e41384ece5557ff?s=96&r=g\",\"caption\":\"Laura Moutinho\"},\"description\":\"Estagi\u00e1ria na Suno Not\u00edcias, escreve not\u00edcias que afetam o mercado financeiro. Estuda administra\u00e7\u00e3o na Universidade Presbiteriana Mackenzie.\",\"url\":\"https:\/\/www.suno.com.br\/noticias\/author\/laura-moutinho\/\"}]}<\/script>\n<!-- \/ Yoast SEO plugin. -->","yoast_head_json":{"title":"Even continua otimista com a demanda por im\u00f3veis, destaca BTG","description":"O BTG destacou que a Even (EVEN3) continua otimista com a demanda por im\u00f3veis, apesar do aumento das taxas de juros. Clique e saiba mais.","robots":{"index":"index","follow":"follow","max-snippet":"max-snippet:-1","max-image-preview":"max-image-preview:large","max-video-preview":"max-video-preview:-1"},"canonical":"https:\/\/www.suno.com.br\/noticias\/even-even3-otimista-demanda-imoveis\/","og_locale":"pt_BR","og_type":"article","og_title":"Even continua otimista com a demanda por im\u00f3veis, destaca BTG","og_description":"O BTG destacou que a Even (EVEN3) continua otimista com a demanda por im\u00f3veis, apesar do aumento das taxas de juros. Clique e saiba mais.","og_url":"https:\/\/www.suno.com.br\/noticias\/even-even3-otimista-demanda-imoveis\/","og_site_name":"Suno Not\u00edcias","article_publisher":"https:\/\/facebook.com\/sunoresearch","og_image":[{"width":1200,"height":900,"url":"https:\/\/files.sunoresearch.com.br\/n\/uploads\/2021\/05\/7a5ca858-even.jpg","type":"image\/jpeg"}],"author":"Laura Moutinho","twitter_card":"summary_large_image","twitter_creator":"@sunoresearch","twitter_site":"@sunoresearch","twitter_misc":{"Escrito por":"Laura Moutinho","Est. tempo de leitura":"2 minutos"},"schema":{"@context":"https:\/\/schema.org","@graph":[{"@type":"NewsArticle","@id":"https:\/\/www.suno.com.br\/noticias\/even-even3-otimista-demanda-imoveis\/#article","isPartOf":{"@id":"https:\/\/www.suno.com.br\/noticias\/even-even3-otimista-demanda-imoveis\/"},"author":{"name":"Laura Moutinho","@id":"https:\/\/www.suno.com.br\/noticias\/#\/schema\/person\/3df0d2808748b74496efe5dbeaef2c72"},"headline":"Even (EVEN3) continua otimista com a demanda por im\u00f3veis, destaca BTG","datePublished":"2021-05-21T20:35:34+00:00","mainEntityOfPage":{"@id":"https:\/\/www.suno.com.br\/noticias\/even-even3-otimista-demanda-imoveis\/"},"wordCount":441,"publisher":{"@id":"https:\/\/www.suno.com.br\/noticias\/#organization"},"image":{"@id":"https:\/\/www.suno.com.br\/noticias\/even-even3-otimista-demanda-imoveis\/#primaryimage"},"thumbnailUrl":"https:\/\/files.sunoresearch.com.br\/n\/uploads\/2021\/05\/7a5ca858-even-jpg.webp","keywords":["BTG Pactual (BPAC11\/BPAC3\/BPAC5)","Especialistas","Even (EVEN3)"],"articleSection":["Neg\u00f3cios"],"inLanguage":"pt-BR"},{"@type":"WebPage","@id":"https:\/\/www.suno.com.br\/noticias\/even-even3-otimista-demanda-imoveis\/","url":"https:\/\/www.suno.com.br\/noticias\/even-even3-otimista-demanda-imoveis\/","name":"Even continua otimista com a demanda por im\u00f3veis, destaca BTG","isPartOf":{"@id":"https:\/\/www.suno.com.br\/noticias\/#website"},"primaryImageOfPage":{"@id":"https:\/\/www.suno.com.br\/noticias\/even-even3-otimista-demanda-imoveis\/#primaryimage"},"image":{"@id":"https:\/\/www.suno.com.br\/noticias\/even-even3-otimista-demanda-imoveis\/#primaryimage"},"thumbnailUrl":"https:\/\/files.sunoresearch.com.br\/n\/uploads\/2021\/05\/7a5ca858-even-jpg.webp","datePublished":"2021-05-21T20:35:34+00:00","description":"O BTG destacou que a Even (EVEN3) continua otimista com a demanda por im\u00f3veis, apesar do aumento das taxas de juros. Clique e saiba mais.","breadcrumb":{"@id":"https:\/\/www.suno.com.br\/noticias\/even-even3-otimista-demanda-imoveis\/#breadcrumb"},"inLanguage":"pt-BR","potentialAction":[{"@type":"ReadAction","target":["https:\/\/www.suno.com.br\/noticias\/even-even3-otimista-demanda-imoveis\/"]}]},{"@type":"ImageObject","inLanguage":"pt-BR","@id":"https:\/\/www.suno.com.br\/noticias\/even-even3-otimista-demanda-imoveis\/#primaryimage","url":"https:\/\/files.sunoresearch.com.br\/n\/uploads\/2021\/05\/7a5ca858-even-jpg.webp","contentUrl":"https:\/\/files.sunoresearch.com.br\/n\/uploads\/2021\/05\/7a5ca858-even-jpg.webp","width":1200,"height":900,"caption":"Even. Foto: Reprodu\u00e7\u00e3o Facebook"},{"@type":"BreadcrumbList","@id":"https:\/\/www.suno.com.br\/noticias\/even-even3-otimista-demanda-imoveis\/#breadcrumb","itemListElement":[{"@type":"ListItem","position":1,"name":"Not\u00edcias","item":"https:\/\/www.suno.com.br\/noticias\/"},{"@type":"ListItem","position":2,"name":"Neg\u00f3cios","item":"https:\/\/www.suno.com.br\/noticias\/negocios\/"},{"@type":"ListItem","position":3,"name":"Even (EVEN3) continua otimista com a demanda por im\u00f3veis, destaca BTG"}]},{"@type":"WebSite","@id":"https:\/\/www.suno.com.br\/noticias\/#website","url":"https:\/\/www.suno.com.br\/noticias\/","name":"Suno Not\u00edcias","description":"Seu portal de informa\u00e7\u00e3o sobre o mundo dos investimentos","publisher":{"@id":"https:\/\/www.suno.com.br\/noticias\/#organization"},"potentialAction":[{"@type":"SearchAction","target":{"@type":"EntryPoint","urlTemplate":"https:\/\/www.suno.com.br\/noticias\/?s={search_term_string}"},"query-input":{"@type":"PropertyValueSpecification","valueRequired":true,"valueName":"search_term_string"}}],"inLanguage":"pt-BR"},{"@type":"Organization","@id":"https:\/\/www.suno.com.br\/noticias\/#organization","name":"Suno Not\u00edcias","url":"https:\/\/www.suno.com.br\/noticias\/","logo":{"@type":"ImageObject","inLanguage":"pt-BR","@id":"https:\/\/www.suno.com.br\/noticias\/#\/schema\/logo\/image\/","url":"https:\/\/files.sunoresearch.com.br\/n\/uploads\/2021\/09\/suno-logo.png","contentUrl":"https:\/\/files.sunoresearch.com.br\/n\/uploads\/2021\/09\/suno-logo.png","width":180,"height":180,"caption":"Suno Not\u00edcias"},"image":{"@id":"https:\/\/www.suno.com.br\/noticias\/#\/schema\/logo\/image\/"},"sameAs":["https:\/\/facebook.com\/sunoresearch","https:\/\/x.com\/sunoresearch","https:\/\/www.instagram.com\/suno","https:\/\/www.linkedin.com\/company\/suno-research\/","https:\/\/www.youtube.com\/c\/sunoresearch"]},{"@type":"Person","@id":"https:\/\/www.suno.com.br\/noticias\/#\/schema\/person\/3df0d2808748b74496efe5dbeaef2c72","name":"Laura Moutinho","image":{"@type":"ImageObject","inLanguage":"pt-BR","@id":"https:\/\/www.suno.com.br\/noticias\/#\/schema\/person\/image\/","url":"https:\/\/secure.gravatar.com\/avatar\/7571c7c8ca3a6fca5e41384ece5557ff?s=96&r=g","contentUrl":"https:\/\/secure.gravatar.com\/avatar\/7571c7c8ca3a6fca5e41384ece5557ff?s=96&r=g","caption":"Laura Moutinho"},"description":"Estagi\u00e1ria na Suno Not\u00edcias, escreve not\u00edcias que afetam o mercado financeiro. Estuda administra\u00e7\u00e3o na Universidade Presbiteriana Mackenzie.","url":"https:\/\/www.suno.com.br\/noticias\/author\/laura-moutinho\/"}]}},"default_loop_html":"<div class=\"cardsPage__listCard__boxs\"><div class=\"cardsPage__listCard__boxs__img\"><a href=\"https:\/\/www.suno.com.br\/noticias\/even-even3-otimista-demanda-imoveis\/\"><img class=\"mask\" src=\"https:\/\/www.suno.com.br\/noticias\/wp-content\/themes\/suno\/resources\/images\/spotlight\/spotlight1img\/bg-mask.png\" alt=\"Image Mask\"\/><img src=\"https:\/\/files.sunoresearch.com.br\/n\/uploads\/2021\/05\/7a5ca858-even-400x200.webp\" alt=\"Even (EVEN3) continua otimista com a demanda por im\u00f3veis, destaca BTG\"\/><\/a><span class=\"spotlightCategory\"><a href=\"https:\/\/www.suno.com.br\/noticias\/negocios\/\">Neg\u00f3cios<\/a><\/span><\/div><div class=\"cardsPage__listCard__boxs__content\"><a href=\"https:\/\/www.suno.com.br\/noticias\/even-even3-otimista-demanda-imoveis\/\"><h2 class=\"content__title\">Even (EVEN3) continua otimista com a demanda por im\u00f3veis, destaca BTG<\/h2><\/a><div class=\"newsContent__article__meta\"><div class=\"newsContent__article__meta__authorBox\"><a href=\"https:\/\/www.suno.com.br\/noticias\/author\/laura-moutinho\/\" class=\"authorBox__avatar noMobi\"><img src=\"https:\/\/files.sunoresearch.com.br\/n\/uploads\/2020\/08\/531ff69d-whatsapp-image-2020-08-03-at-14.54.38-150x150.webp\" alt=\"Laura Moutinho\"><\/a><div class=\"authorBox__name\"><span>por\n\t\t\t<a href=\"https:\/\/www.suno.com.br\/noticias\/author\/laura-moutinho\/\"><span itemprop=\"author\">Laura Moutinho<\/span><\/a><\/span><time datetime=\"2021-05-21T17:35:34-03:00\" itemprop=\"datePublished\">21\/05\/2021 17:35<\/time><\/div><\/div><\/div><\/div><\/div>","single_layout":"posts","amp_enabled":true,"_links":{"self":[{"href":"https:\/\/www.suno.com.br\/noticias\/wp-json\/wp\/v2\/posts\/150106"}],"collection":[{"href":"https:\/\/www.suno.com.br\/noticias\/wp-json\/wp\/v2\/posts"}],"about":[{"href":"https:\/\/www.suno.com.br\/noticias\/wp-json\/wp\/v2\/types\/post"}],"author":[{"embeddable":true,"href":"https:\/\/www.suno.com.br\/noticias\/wp-json\/wp\/v2\/users\/39"}],"replies":[{"embeddable":true,"href":"https:\/\/www.suno.com.br\/noticias\/wp-json\/wp\/v2\/comments?post=150106"}],"version-history":[{"count":3,"href":"https:\/\/www.suno.com.br\/noticias\/wp-json\/wp\/v2\/posts\/150106\/revisions"}],"predecessor-version":[{"id":150158,"href":"https:\/\/www.suno.com.br\/noticias\/wp-json\/wp\/v2\/posts\/150106\/revisions\/150158"}],"wp:featuredmedia":[{"embeddable":true,"href":"https:\/\/www.suno.com.br\/noticias\/wp-json\/wp\/v2\/media\/150149"}],"wp:attachment":[{"href":"https:\/\/www.suno.com.br\/noticias\/wp-json\/wp\/v2\/media?parent=150106"}],"wp:term":[{"taxonomy":"category","embeddable":true,"href":"https:\/\/www.suno.com.br\/noticias\/wp-json\/wp\/v2\/categories?post=150106"},{"taxonomy":"post_tag","embeddable":true,"href":"https:\/\/www.suno.com.br\/noticias\/wp-json\/wp\/v2\/tags?post=150106"},{"taxonomy":"suno_strategy","embeddable":true,"href":"https:\/\/www.suno.com.br\/noticias\/wp-json\/wp\/v2\/suno_strategy?post=150106"}],"curies":[{"name":"wp","href":"https:\/\/api.w.org\/{rel}","templated":true}]}}