{"id":15007,"date":"2019-02-12T14:26:36","date_gmt":"2019-02-12T16:26:36","guid":{"rendered":"https:\/\/www.suno.com.br\/noticias\/?p=15007"},"modified":"2019-02-12T14:26:36","modified_gmt":"2019-02-12T16:26:36","slug":"tribunal-greve-privatizacao-ato-abusivo","status":"publish","type":"post","link":"https:\/\/www.suno.com.br\/noticias\/tribunal-greve-privatizacao-ato-abusivo\/","title":{"rendered":"Tribunal decide que greve contra privatiza\u00e7\u00e3o de estatal \u00e9 ato abusivo"},"content":{"rendered":"<p>O <a href=\"http:\/\/www.tst.jus.br\/\">Tribunal Superior do Trabalho (TST)<\/a> decidiu na \u00faltima segunda (11) que greve e paralisa\u00e7\u00f5es contra a privatiza\u00e7\u00e3o de empresas estatais s\u00e3o um ato abusivo.<\/p>\t<div class=\"wrapper-featured-image\">\n\t\t<figure class=\"spotlightImg\">\n\n\t\t\t<picture>\n\t\t\t\t<source media=\"(max-width: 768px)\" srcset=\"https:\/\/files.sunoresearch.com.br\/n\/uploads\/2019\/02\/2d190d7c-tribunal-superior-do-trabalho-tst-400x200.webp\">\n\t\t\t\t<img loading=\"lazy\" decoding=\"async\" class=\"newsContent__article__imgCapa lazyloadDisabled newsContent__article__imgCapa--noCaption\" src=\"https:\/\/files.sunoresearch.com.br\/n\/uploads\/2019\/02\/2d190d7c-tribunal-superior-do-trabalho-tst-800x450.webp\" width=\"800\" height=\"450\" alt=\"Tribunal decide que greve contra privatiza\u00e7\u00e3o de estatal \u00e9 ato abusivo\" fetchpriority=high \/>\n\t\t\t<\/picture>\n\n\t\t\t<figcaption class=\"wp-caption-text wp-caption-text--hide\">Tribunal Superior do Trabalho (TST)<\/figcaption>\n\t\t<\/figure>\n\t<\/div>\n\n\n<p>A decis\u00e3o do <strong>TST<\/strong> faz com que <strong>trabalhadores<\/strong> que deixarem de exercer suas fun\u00e7\u00f5es para participar de <strong>greves<\/strong> e <strong>paralisa\u00e7\u00f5es<\/strong> com o intuito de <strong>protestar<\/strong> contra a <strong>privatiza\u00e7\u00e3o<\/strong> podem ter seus <strong>sal\u00e1rios<\/strong> <strong>descontados<\/strong>.<\/p>\n<p>O voto do ministro <strong>Ives Gandra Filho<\/strong> definiu o resultado, que fechou em seis a quatro. Para ele, <strong>greves<\/strong> n\u00e3o devem ter <strong>objetivo<\/strong> <strong>pol\u00edtico<\/strong> n\u00e3o relacionado \u00e0s <strong>condi\u00e7\u00f5es<\/strong> <strong>de<\/strong> <strong>trabalho<\/strong>. Assim, por n\u00e3o se tratar de uma <strong>causa<\/strong> <strong>trabalhista<\/strong>, esse tipo de manifesta\u00e7\u00e3o deve ser considerada <strong>abusiva<\/strong>. Os ministros que votaram com <strong>Gandra Filho<\/strong> foram <strong>Aloysio Corr\u00eaa da Veiga<\/strong>, <strong>Renato Lacerda Paiva<\/strong> e <strong>Dora Maria da Costa<\/strong>.<\/p>\n<p>O relator da mat\u00e9ria, <strong>Maur\u00edcio Godinho<\/strong>, entretanto, teve posi\u00e7\u00e3o contr\u00e1ria. O ministro disse que a greve e\u00a0<strong>protestos<\/strong> desse tipo est\u00e3o relacionados com a <strong>manuten\u00e7\u00e3o<\/strong> <strong>do<\/strong> <strong>emprego<\/strong>. N\u00e3o podem, portanto, ser consideradas <strong>pol\u00edticas<\/strong>.<\/p>\n<h2>A privatiza\u00e7\u00e3o da Eletrobras<\/h2>\n<p>Os ministros do <strong>TST<\/strong> tamb\u00e9m debateram sobre a <strong>greve<\/strong> realizada pelos funcion\u00e1rios da <a href=\"http:\/\/eletrobras.com\/pt\/Paginas\/Home.aspx\">estatal <strong>Eletrobras<\/strong><\/a>, realizada em junho de 2018. O ato de seu em raz\u00e3o do an\u00fancio do avan\u00e7o das negocia\u00e7\u00f5es para a <strong>privatiza\u00e7\u00e3o<\/strong> da empresa. A companhia disse que a <strong>greve<\/strong> poderia prejudicar o <strong>abastecimento<\/strong> de <strong>energia<\/strong> <strong>el\u00e9trica<\/strong> em todo o Pa\u00eds.<\/p>\n<p>No fim de janeiro, o presidente da <strong>Eletrobras<\/strong>, <strong>Wilson Ferreira Junior<\/strong>, afirmou que a companhia precisa ser <strong>capitalizada<\/strong> para poder se manter competitiva.<\/p>\n<p>&#8220;O <a href=\"https:\/\/www.suno.com.br\/artigos\/privatizacao\/\">objetivo da <strong>capitaliza\u00e7\u00e3o<\/strong><\/a> colocado por este governo [de <strong>Jair Bolsonaro<\/strong>] \u00e9 que a companhia tenha capacidade de investimento. \u00c9 importante que a companhia tenha como aumentar sua competitividade para participar da futura extens\u00e3o [do <strong>sistema el\u00e9trico<\/strong>]&#8221;, declarou.<\/p>\n<p><a href=\"https:\/\/www.suno.com.br\/noticias\/eletrobras-modelo-de-capitalizacao-ainda-nao-foi-estipulado-diz-ministro\/\">Saiba mais: Eletrobras: modelo de capitaliza\u00e7\u00e3o ainda n\u00e3o foi estipulado, diz ministro<\/a><\/p>\n<p><strong>Ferreira<\/strong> disse que se encontra em &#8220;processo de entendimento&#8221; com o ministro de <strong>Minas<\/strong> <strong>e<\/strong> <strong>Energia<\/strong>, o almirante <strong>Beto Albuquerque<\/strong>. Segundo o executivo, n\u00e3o se sabe ainda se o projeto de lei encaminhado pelo governo de <strong>Michel Temer<\/strong> poder\u00e1 ser aproveitado pela atual gest\u00e3o.<\/p>\n<p>O projeto de <strong>capitaliza\u00e7\u00e3o<\/strong> foi anunciado por <strong>Temer<\/strong> ainda em 2016. Ele pretendia reduzir a participa\u00e7\u00e3o do governo at\u00e9 ultrapassar a marca de 50%. Desta forma, o estado brasileiro perderia o controle direto da estatal.<\/p>\n<p>Em janeiro de 2018, <strong>Temer<\/strong> enviou uma proposta para o <strong>Congresso Nacional<\/strong> apresentando o modelo de <a href=\"https:\/\/www.suno.com.br\/artigos\/faturamento-eletrobras\/\"><strong>privatiza\u00e7\u00e3o<\/strong> da <strong>Eletrobras<\/strong><\/a>. O projeto previa, justamente, a <strong>venda gradual<\/strong> do capital da empresa. Assim, o controle majorit\u00e1rio da estatal se tornaria <strong>privado<\/strong>.<\/p>\n<p><a href=\"https:\/\/www.suno.com.br\/noticias\/acoes-eletrobras-sobem-programa-demissao\/\">Saiba mais: A\u00e7\u00f5es da Eletrobras sobem 5% com an\u00fancio de plano de demiss\u00e3o<\/a><\/p>\n<p>O modelo defendido por <strong>Wilson Ferreira Junior<\/strong> prev\u00ea uma dilui\u00e7\u00e3o dos recursos da Uni\u00e3o na <strong>Eletrobras<\/strong>. Desta forma, o governo deteria uma <strong>golden share<\/strong> e haveria um limite para a concentra\u00e7\u00e3o de voto dos demais acionistas. <strong>A\u00e7\u00f5es golden share<\/strong> s\u00e3o pap\u00e9is que pertencem ao Estado e lhe conferem direitos especiais de car\u00e1ter estrat\u00e9gico, com o poder de veto em algumas decis\u00f5es.<\/p>\n<p><strong>Wilson Ferreira Junior<\/strong> pretende que a <strong>Eletrobras<\/strong> volte a fazer <strong>investimentos<\/strong> em \u00e1reas como <strong>energia renov\u00e1vel<\/strong>, comercializa\u00e7\u00e3o de energia no mercado livre e em projetos &#8220;binacionais&#8221;.<\/p>\n","protected":false},"excerpt":{"rendered":"<p>O Tribunal Superior do Trabalho (TST) decidiu na \u00faltima segunda (11) que greve e paralisa\u00e7\u00f5es contra a privatiza\u00e7\u00e3o de empresas estatais s\u00e3o um ato abusivo. Tribunal Superior do Trabalho (TST) A decis\u00e3o do TST faz com que trabalhadores que deixarem de exercer suas fun\u00e7\u00f5es para participar de greves e paralisa\u00e7\u00f5es com o intuito de protestar [&hellip;]<\/p>\n","protected":false},"author":13,"featured_media":15009,"comment_status":"closed","ping_status":"closed","sticky":false,"template":"","format":"standard","meta":[],"categories":[61],"tags":[455],"suno_strategy":[],"class_list":["post-15007","post","type-post","status-publish","format-standard","has-post-thumbnail","hentry","category-politica","tag-eletrobras-elet3-elet5-elet6"],"yoast_head":"<!-- This site is optimized with the Yoast SEO plugin v24.4 - https:\/\/yoast.com\/wordpress\/plugins\/seo\/ -->\n<title>Tribunal decide que greve contra privatiza\u00e7\u00e3o de estatal \u00e9 ato abusivo<\/title>\n<meta name=\"description\" content=\"O Tribunal Superior do Trabalho (TST) decidiu que greve contra a privatiza\u00e7\u00e3o de empresas estatais s\u00e3o um ato abusivo. Clique e saiba mais.\" \/>\n<meta name=\"robots\" content=\"index, follow, max-snippet:-1, max-image-preview:large, max-video-preview:-1\" \/>\n<link rel=\"canonical\" href=\"https:\/\/www.suno.com.br\/noticias\/tribunal-greve-privatizacao-ato-abusivo\/\" \/>\n<meta property=\"og:locale\" content=\"pt_BR\" \/>\n<meta property=\"og:type\" content=\"article\" \/>\n<meta property=\"og:title\" content=\"Tribunal decide que greve contra privatiza\u00e7\u00e3o de estatal \u00e9 ato abusivo\" \/>\n<meta property=\"og:description\" content=\"O Tribunal Superior do Trabalho (TST) decidiu que greve contra a privatiza\u00e7\u00e3o de empresas estatais s\u00e3o um ato abusivo. Clique e saiba mais.\" \/>\n<meta property=\"og:url\" content=\"https:\/\/www.suno.com.br\/noticias\/tribunal-greve-privatizacao-ato-abusivo\/\" \/>\n<meta property=\"og:site_name\" content=\"Suno Not\u00edcias\" \/>\n<meta property=\"article:publisher\" content=\"https:\/\/facebook.com\/sunoresearch\" \/>\n<meta property=\"og:image\" content=\"https:\/\/files.sunoresearch.com.br\/n\/uploads\/2019\/02\/2d190d7c-tribunal-superior-do-trabalho-tst.jpg\" \/>\n\t<meta property=\"og:image:width\" content=\"800\" \/>\n\t<meta property=\"og:image:height\" content=\"600\" \/>\n\t<meta property=\"og:image:type\" content=\"image\/jpeg\" \/>\n<meta name=\"author\" content=\"Guilherme Caetano\" \/>\n<meta name=\"twitter:card\" content=\"summary_large_image\" \/>\n<meta name=\"twitter:creator\" content=\"@sunoresearch\" \/>\n<meta name=\"twitter:site\" content=\"@sunoresearch\" \/>\n<meta name=\"twitter:label1\" content=\"Escrito por\" \/>\n\t<meta name=\"twitter:data1\" content=\"Guilherme Caetano\" \/>\n\t<meta name=\"twitter:label2\" content=\"Est. tempo de leitura\" \/>\n\t<meta name=\"twitter:data2\" content=\"3 minutos\" \/>\n<script type=\"application\/ld+json\" class=\"yoast-schema-graph\">{\"@context\":\"https:\/\/schema.org\",\"@graph\":[{\"@type\":\"NewsArticle\",\"@id\":\"https:\/\/www.suno.com.br\/noticias\/tribunal-greve-privatizacao-ato-abusivo\/#article\",\"isPartOf\":{\"@id\":\"https:\/\/www.suno.com.br\/noticias\/tribunal-greve-privatizacao-ato-abusivo\/\"},\"author\":{\"name\":\"Guilherme Caetano\",\"@id\":\"https:\/\/www.suno.com.br\/noticias\/#\/schema\/person\/0d0c9687cd2f600c564f25980c140de9\"},\"headline\":\"Tribunal decide que greve contra privatiza\u00e7\u00e3o de estatal \u00e9 ato abusivo\",\"datePublished\":\"2019-02-12T16:26:36+00:00\",\"mainEntityOfPage\":{\"@id\":\"https:\/\/www.suno.com.br\/noticias\/tribunal-greve-privatizacao-ato-abusivo\/\"},\"wordCount\":568,\"publisher\":{\"@id\":\"https:\/\/www.suno.com.br\/noticias\/#organization\"},\"image\":{\"@id\":\"https:\/\/www.suno.com.br\/noticias\/tribunal-greve-privatizacao-ato-abusivo\/#primaryimage\"},\"thumbnailUrl\":\"https:\/\/files.sunoresearch.com.br\/n\/uploads\/2019\/02\/2d190d7c-tribunal-superior-do-trabalho-tst-jpg.webp\",\"keywords\":[\"Eletrobras (ELET3\/ELET5\/ELET6)\"],\"articleSection\":[\"Pol\u00edtica\"],\"inLanguage\":\"pt-BR\"},{\"@type\":\"WebPage\",\"@id\":\"https:\/\/www.suno.com.br\/noticias\/tribunal-greve-privatizacao-ato-abusivo\/\",\"url\":\"https:\/\/www.suno.com.br\/noticias\/tribunal-greve-privatizacao-ato-abusivo\/\",\"name\":\"Tribunal decide que greve contra privatiza\u00e7\u00e3o de estatal \u00e9 ato abusivo\",\"isPartOf\":{\"@id\":\"https:\/\/www.suno.com.br\/noticias\/#website\"},\"primaryImageOfPage\":{\"@id\":\"https:\/\/www.suno.com.br\/noticias\/tribunal-greve-privatizacao-ato-abusivo\/#primaryimage\"},\"image\":{\"@id\":\"https:\/\/www.suno.com.br\/noticias\/tribunal-greve-privatizacao-ato-abusivo\/#primaryimage\"},\"thumbnailUrl\":\"https:\/\/files.sunoresearch.com.br\/n\/uploads\/2019\/02\/2d190d7c-tribunal-superior-do-trabalho-tst-jpg.webp\",\"datePublished\":\"2019-02-12T16:26:36+00:00\",\"description\":\"O Tribunal Superior do Trabalho (TST) decidiu que greve contra a privatiza\u00e7\u00e3o de empresas estatais s\u00e3o um ato abusivo. Clique e saiba mais.\",\"breadcrumb\":{\"@id\":\"https:\/\/www.suno.com.br\/noticias\/tribunal-greve-privatizacao-ato-abusivo\/#breadcrumb\"},\"inLanguage\":\"pt-BR\",\"potentialAction\":[{\"@type\":\"ReadAction\",\"target\":[\"https:\/\/www.suno.com.br\/noticias\/tribunal-greve-privatizacao-ato-abusivo\/\"]}]},{\"@type\":\"ImageObject\",\"inLanguage\":\"pt-BR\",\"@id\":\"https:\/\/www.suno.com.br\/noticias\/tribunal-greve-privatizacao-ato-abusivo\/#primaryimage\",\"url\":\"https:\/\/files.sunoresearch.com.br\/n\/uploads\/2019\/02\/2d190d7c-tribunal-superior-do-trabalho-tst-jpg.webp\",\"contentUrl\":\"https:\/\/files.sunoresearch.com.br\/n\/uploads\/2019\/02\/2d190d7c-tribunal-superior-do-trabalho-tst-jpg.webp\",\"width\":800,\"height\":600,\"caption\":\"Tribunal Superior do Trabalho (TST)\"},{\"@type\":\"BreadcrumbList\",\"@id\":\"https:\/\/www.suno.com.br\/noticias\/tribunal-greve-privatizacao-ato-abusivo\/#breadcrumb\",\"itemListElement\":[{\"@type\":\"ListItem\",\"position\":1,\"name\":\"Not\u00edcias\",\"item\":\"https:\/\/www.suno.com.br\/noticias\/\"},{\"@type\":\"ListItem\",\"position\":2,\"name\":\"Pol\u00edtica\",\"item\":\"https:\/\/www.suno.com.br\/noticias\/politica\/\"},{\"@type\":\"ListItem\",\"position\":3,\"name\":\"Tribunal decide que greve contra privatiza\u00e7\u00e3o de estatal \u00e9 ato abusivo\"}]},{\"@type\":\"WebSite\",\"@id\":\"https:\/\/www.suno.com.br\/noticias\/#website\",\"url\":\"https:\/\/www.suno.com.br\/noticias\/\",\"name\":\"Suno Not\u00edcias\",\"description\":\"Seu portal de informa\u00e7\u00e3o sobre o mundo dos investimentos\",\"publisher\":{\"@id\":\"https:\/\/www.suno.com.br\/noticias\/#organization\"},\"potentialAction\":[{\"@type\":\"SearchAction\",\"target\":{\"@type\":\"EntryPoint\",\"urlTemplate\":\"https:\/\/www.suno.com.br\/noticias\/?s={search_term_string}\"},\"query-input\":{\"@type\":\"PropertyValueSpecification\",\"valueRequired\":true,\"valueName\":\"search_term_string\"}}],\"inLanguage\":\"pt-BR\"},{\"@type\":\"Organization\",\"@id\":\"https:\/\/www.suno.com.br\/noticias\/#organization\",\"name\":\"Suno Not\u00edcias\",\"url\":\"https:\/\/www.suno.com.br\/noticias\/\",\"logo\":{\"@type\":\"ImageObject\",\"inLanguage\":\"pt-BR\",\"@id\":\"https:\/\/www.suno.com.br\/noticias\/#\/schema\/logo\/image\/\",\"url\":\"https:\/\/files.sunoresearch.com.br\/n\/uploads\/2021\/09\/suno-logo.png\",\"contentUrl\":\"https:\/\/files.sunoresearch.com.br\/n\/uploads\/2021\/09\/suno-logo.png\",\"width\":180,\"height\":180,\"caption\":\"Suno Not\u00edcias\"},\"image\":{\"@id\":\"https:\/\/www.suno.com.br\/noticias\/#\/schema\/logo\/image\/\"},\"sameAs\":[\"https:\/\/facebook.com\/sunoresearch\",\"https:\/\/x.com\/sunoresearch\",\"https:\/\/www.instagram.com\/suno\",\"https:\/\/www.linkedin.com\/company\/suno-research\/\",\"https:\/\/www.youtube.com\/c\/sunoresearch\"]},{\"@type\":\"Person\",\"@id\":\"https:\/\/www.suno.com.br\/noticias\/#\/schema\/person\/0d0c9687cd2f600c564f25980c140de9\",\"name\":\"Guilherme Caetano\",\"image\":{\"@type\":\"ImageObject\",\"inLanguage\":\"pt-BR\",\"@id\":\"https:\/\/www.suno.com.br\/noticias\/#\/schema\/person\/image\/\",\"url\":\"https:\/\/secure.gravatar.com\/avatar\/e48357351a01702a0d19307070e081bf?s=96&r=g\",\"contentUrl\":\"https:\/\/secure.gravatar.com\/avatar\/e48357351a01702a0d19307070e081bf?s=96&r=g\",\"caption\":\"Guilherme Caetano\"},\"description\":\"Formado em jornalismo pela Escola de Comunica\u00e7\u00f5es e Artes da USP, Guilherme Caetano escreve para o portal de not\u00edcias da Suno Research. Passou pelas reda\u00e7\u00f5es da Folha de S.Paulo e da revista \u00c9poca.\",\"url\":\"https:\/\/www.suno.com.br\/noticias\/author\/guilherme-caetano\/\"}]}<\/script>\n<!-- \/ Yoast SEO plugin. -->","yoast_head_json":{"title":"Tribunal decide que greve contra privatiza\u00e7\u00e3o de estatal \u00e9 ato abusivo","description":"O Tribunal Superior do Trabalho (TST) decidiu que greve contra a privatiza\u00e7\u00e3o de empresas estatais s\u00e3o um ato abusivo. Clique e saiba mais.","robots":{"index":"index","follow":"follow","max-snippet":"max-snippet:-1","max-image-preview":"max-image-preview:large","max-video-preview":"max-video-preview:-1"},"canonical":"https:\/\/www.suno.com.br\/noticias\/tribunal-greve-privatizacao-ato-abusivo\/","og_locale":"pt_BR","og_type":"article","og_title":"Tribunal decide que greve contra privatiza\u00e7\u00e3o de estatal \u00e9 ato abusivo","og_description":"O Tribunal Superior do Trabalho (TST) decidiu que greve contra a privatiza\u00e7\u00e3o de empresas estatais s\u00e3o um ato abusivo. Clique e saiba mais.","og_url":"https:\/\/www.suno.com.br\/noticias\/tribunal-greve-privatizacao-ato-abusivo\/","og_site_name":"Suno Not\u00edcias","article_publisher":"https:\/\/facebook.com\/sunoresearch","og_image":[{"width":800,"height":600,"url":"https:\/\/files.sunoresearch.com.br\/n\/uploads\/2019\/02\/2d190d7c-tribunal-superior-do-trabalho-tst.jpg","type":"image\/jpeg"}],"author":"Guilherme Caetano","twitter_card":"summary_large_image","twitter_creator":"@sunoresearch","twitter_site":"@sunoresearch","twitter_misc":{"Escrito por":"Guilherme Caetano","Est. tempo de leitura":"3 minutos"},"schema":{"@context":"https:\/\/schema.org","@graph":[{"@type":"NewsArticle","@id":"https:\/\/www.suno.com.br\/noticias\/tribunal-greve-privatizacao-ato-abusivo\/#article","isPartOf":{"@id":"https:\/\/www.suno.com.br\/noticias\/tribunal-greve-privatizacao-ato-abusivo\/"},"author":{"name":"Guilherme Caetano","@id":"https:\/\/www.suno.com.br\/noticias\/#\/schema\/person\/0d0c9687cd2f600c564f25980c140de9"},"headline":"Tribunal decide que greve contra privatiza\u00e7\u00e3o de estatal \u00e9 ato abusivo","datePublished":"2019-02-12T16:26:36+00:00","mainEntityOfPage":{"@id":"https:\/\/www.suno.com.br\/noticias\/tribunal-greve-privatizacao-ato-abusivo\/"},"wordCount":568,"publisher":{"@id":"https:\/\/www.suno.com.br\/noticias\/#organization"},"image":{"@id":"https:\/\/www.suno.com.br\/noticias\/tribunal-greve-privatizacao-ato-abusivo\/#primaryimage"},"thumbnailUrl":"https:\/\/files.sunoresearch.com.br\/n\/uploads\/2019\/02\/2d190d7c-tribunal-superior-do-trabalho-tst-jpg.webp","keywords":["Eletrobras (ELET3\/ELET5\/ELET6)"],"articleSection":["Pol\u00edtica"],"inLanguage":"pt-BR"},{"@type":"WebPage","@id":"https:\/\/www.suno.com.br\/noticias\/tribunal-greve-privatizacao-ato-abusivo\/","url":"https:\/\/www.suno.com.br\/noticias\/tribunal-greve-privatizacao-ato-abusivo\/","name":"Tribunal decide que greve contra privatiza\u00e7\u00e3o de estatal \u00e9 ato abusivo","isPartOf":{"@id":"https:\/\/www.suno.com.br\/noticias\/#website"},"primaryImageOfPage":{"@id":"https:\/\/www.suno.com.br\/noticias\/tribunal-greve-privatizacao-ato-abusivo\/#primaryimage"},"image":{"@id":"https:\/\/www.suno.com.br\/noticias\/tribunal-greve-privatizacao-ato-abusivo\/#primaryimage"},"thumbnailUrl":"https:\/\/files.sunoresearch.com.br\/n\/uploads\/2019\/02\/2d190d7c-tribunal-superior-do-trabalho-tst-jpg.webp","datePublished":"2019-02-12T16:26:36+00:00","description":"O Tribunal Superior do Trabalho (TST) decidiu que greve contra a privatiza\u00e7\u00e3o de empresas estatais s\u00e3o um ato abusivo. Clique e saiba mais.","breadcrumb":{"@id":"https:\/\/www.suno.com.br\/noticias\/tribunal-greve-privatizacao-ato-abusivo\/#breadcrumb"},"inLanguage":"pt-BR","potentialAction":[{"@type":"ReadAction","target":["https:\/\/www.suno.com.br\/noticias\/tribunal-greve-privatizacao-ato-abusivo\/"]}]},{"@type":"ImageObject","inLanguage":"pt-BR","@id":"https:\/\/www.suno.com.br\/noticias\/tribunal-greve-privatizacao-ato-abusivo\/#primaryimage","url":"https:\/\/files.sunoresearch.com.br\/n\/uploads\/2019\/02\/2d190d7c-tribunal-superior-do-trabalho-tst-jpg.webp","contentUrl":"https:\/\/files.sunoresearch.com.br\/n\/uploads\/2019\/02\/2d190d7c-tribunal-superior-do-trabalho-tst-jpg.webp","width":800,"height":600,"caption":"Tribunal Superior do Trabalho (TST)"},{"@type":"BreadcrumbList","@id":"https:\/\/www.suno.com.br\/noticias\/tribunal-greve-privatizacao-ato-abusivo\/#breadcrumb","itemListElement":[{"@type":"ListItem","position":1,"name":"Not\u00edcias","item":"https:\/\/www.suno.com.br\/noticias\/"},{"@type":"ListItem","position":2,"name":"Pol\u00edtica","item":"https:\/\/www.suno.com.br\/noticias\/politica\/"},{"@type":"ListItem","position":3,"name":"Tribunal decide que greve contra privatiza\u00e7\u00e3o de estatal \u00e9 ato abusivo"}]},{"@type":"WebSite","@id":"https:\/\/www.suno.com.br\/noticias\/#website","url":"https:\/\/www.suno.com.br\/noticias\/","name":"Suno Not\u00edcias","description":"Seu portal de informa\u00e7\u00e3o sobre o mundo dos investimentos","publisher":{"@id":"https:\/\/www.suno.com.br\/noticias\/#organization"},"potentialAction":[{"@type":"SearchAction","target":{"@type":"EntryPoint","urlTemplate":"https:\/\/www.suno.com.br\/noticias\/?s={search_term_string}"},"query-input":{"@type":"PropertyValueSpecification","valueRequired":true,"valueName":"search_term_string"}}],"inLanguage":"pt-BR"},{"@type":"Organization","@id":"https:\/\/www.suno.com.br\/noticias\/#organization","name":"Suno Not\u00edcias","url":"https:\/\/www.suno.com.br\/noticias\/","logo":{"@type":"ImageObject","inLanguage":"pt-BR","@id":"https:\/\/www.suno.com.br\/noticias\/#\/schema\/logo\/image\/","url":"https:\/\/files.sunoresearch.com.br\/n\/uploads\/2021\/09\/suno-logo.png","contentUrl":"https:\/\/files.sunoresearch.com.br\/n\/uploads\/2021\/09\/suno-logo.png","width":180,"height":180,"caption":"Suno Not\u00edcias"},"image":{"@id":"https:\/\/www.suno.com.br\/noticias\/#\/schema\/logo\/image\/"},"sameAs":["https:\/\/facebook.com\/sunoresearch","https:\/\/x.com\/sunoresearch","https:\/\/www.instagram.com\/suno","https:\/\/www.linkedin.com\/company\/suno-research\/","https:\/\/www.youtube.com\/c\/sunoresearch"]},{"@type":"Person","@id":"https:\/\/www.suno.com.br\/noticias\/#\/schema\/person\/0d0c9687cd2f600c564f25980c140de9","name":"Guilherme Caetano","image":{"@type":"ImageObject","inLanguage":"pt-BR","@id":"https:\/\/www.suno.com.br\/noticias\/#\/schema\/person\/image\/","url":"https:\/\/secure.gravatar.com\/avatar\/e48357351a01702a0d19307070e081bf?s=96&r=g","contentUrl":"https:\/\/secure.gravatar.com\/avatar\/e48357351a01702a0d19307070e081bf?s=96&r=g","caption":"Guilherme Caetano"},"description":"Formado em jornalismo pela Escola de Comunica\u00e7\u00f5es e Artes da USP, Guilherme Caetano escreve para o portal de not\u00edcias da Suno Research. Passou pelas reda\u00e7\u00f5es da Folha de S.Paulo e da revista \u00c9poca.","url":"https:\/\/www.suno.com.br\/noticias\/author\/guilherme-caetano\/"}]}},"default_loop_html":"<div class=\"cardsPage__listCard__boxs\"><div class=\"cardsPage__listCard__boxs__img\"><a href=\"https:\/\/www.suno.com.br\/noticias\/tribunal-greve-privatizacao-ato-abusivo\/\"><img class=\"mask\" src=\"https:\/\/www.suno.com.br\/noticias\/wp-content\/themes\/suno\/resources\/images\/spotlight\/spotlight1img\/bg-mask.png\" alt=\"Image Mask\"\/><img src=\"https:\/\/files.sunoresearch.com.br\/n\/uploads\/2019\/02\/2d190d7c-tribunal-superior-do-trabalho-tst-400x200.webp\" alt=\"Tribunal decide que greve contra privatiza\u00e7\u00e3o de estatal \u00e9 ato abusivo\"\/><\/a><span class=\"spotlightCategory\"><a href=\"https:\/\/www.suno.com.br\/noticias\/politica\/\">Pol\u00edtica<\/a><\/span><\/div><div class=\"cardsPage__listCard__boxs__content\"><a href=\"https:\/\/www.suno.com.br\/noticias\/tribunal-greve-privatizacao-ato-abusivo\/\"><h2 class=\"content__title\">Tribunal decide que greve contra privatiza\u00e7\u00e3o de estatal \u00e9 ato abusivo<\/h2><\/a><div class=\"newsContent__article__meta\"><div class=\"newsContent__article__meta__authorBox\"><a href=\"https:\/\/www.suno.com.br\/noticias\/author\/guilherme-caetano\/\" class=\"authorBox__avatar noMobi\"><img src=\"https:\/\/secure.gravatar.com\/avatar\/e48357351a01702a0d19307070e081bf?s=96&#038;r=g\" alt=\"Guilherme Caetano\"><\/a><div class=\"authorBox__name\"><span>por\n\t\t\t<a href=\"https:\/\/www.suno.com.br\/noticias\/author\/guilherme-caetano\/\"><span itemprop=\"author\">Guilherme Caetano<\/span><\/a><\/span><time datetime=\"2019-02-12T14:26:36-02:00\" itemprop=\"datePublished\">12\/02\/2019 14:26<\/time><\/div><\/div><\/div><\/div><\/div>","single_layout":"posts","amp_enabled":true,"_links":{"self":[{"href":"https:\/\/www.suno.com.br\/noticias\/wp-json\/wp\/v2\/posts\/15007"}],"collection":[{"href":"https:\/\/www.suno.com.br\/noticias\/wp-json\/wp\/v2\/posts"}],"about":[{"href":"https:\/\/www.suno.com.br\/noticias\/wp-json\/wp\/v2\/types\/post"}],"author":[{"embeddable":true,"href":"https:\/\/www.suno.com.br\/noticias\/wp-json\/wp\/v2\/users\/13"}],"replies":[{"embeddable":true,"href":"https:\/\/www.suno.com.br\/noticias\/wp-json\/wp\/v2\/comments?post=15007"}],"version-history":[{"count":0,"href":"https:\/\/www.suno.com.br\/noticias\/wp-json\/wp\/v2\/posts\/15007\/revisions"}],"wp:featuredmedia":[{"embeddable":true,"href":"https:\/\/www.suno.com.br\/noticias\/wp-json\/wp\/v2\/media\/15009"}],"wp:attachment":[{"href":"https:\/\/www.suno.com.br\/noticias\/wp-json\/wp\/v2\/media?parent=15007"}],"wp:term":[{"taxonomy":"category","embeddable":true,"href":"https:\/\/www.suno.com.br\/noticias\/wp-json\/wp\/v2\/categories?post=15007"},{"taxonomy":"post_tag","embeddable":true,"href":"https:\/\/www.suno.com.br\/noticias\/wp-json\/wp\/v2\/tags?post=15007"},{"taxonomy":"suno_strategy","embeddable":true,"href":"https:\/\/www.suno.com.br\/noticias\/wp-json\/wp\/v2\/suno_strategy?post=15007"}],"curies":[{"name":"wp","href":"https:\/\/api.w.org\/{rel}","templated":true}]}}