{"id":149979,"date":"2021-05-21T14:32:37","date_gmt":"2021-05-21T17:32:37","guid":{"rendered":"https:\/\/www.suno.com.br\/noticias\/?p=149979"},"modified":"2021-06-21T05:55:13","modified_gmt":"2021-06-21T08:55:13","slug":"mp-eletrobras-custos-setor-especialista","status":"publish","type":"post","link":"https:\/\/www.suno.com.br\/noticias\/mp-eletrobras-custos-setor-especialista\/","title":{"rendered":"MP da privatiza\u00e7\u00e3o da Eletrobras (ELET3) pode elevar custos do setor, diz especialista"},"content":{"rendered":"<p>Ap\u00f3s aprova\u00e7\u00e3o pelo Congresso do texto-base da privatiza\u00e7\u00e3o da <a href=\"https:\/\/www.suno.com.br\/acoes\/elet3\/\"><strong>Eletrobras<\/strong> (ELET3)<\/a>, na quarta-feira (19), especialistas do setor el\u00e9trico teceram cr\u00edticas. A avalia\u00e7\u00e3o considera que a Medida Provis\u00f3ria (MP) apresentada pelo relator, deputado Elmar Nascimento (DEM-BA), \u00a0interfere em quest\u00f5es de planejamento da \u00e1rea ao definir sua expans\u00e3o por meio de PCHs, que s\u00e3o usinas t\u00e9rmicas e de hidrel\u00e9tricas de pequeno porte.<\/p>\t<div class=\"wrapper-featured-image\">\n\t\t<figure class=\"spotlightImg\">\n\n\t\t\t<picture>\n\t\t\t\t<source media=\"(max-width: 768px)\" srcset=\"https:\/\/files.sunoresearch.com.br\/n\/uploads\/2021\/05\/e42e9228-foto-luis-macedo-agencia-camara-400x200.webp\">\n\t\t\t\t<img loading=\"lazy\" decoding=\"async\" class=\"newsContent__article__imgCapa lazyloadDisabled \" src=\"https:\/\/files.sunoresearch.com.br\/n\/uploads\/2021\/05\/e42e9228-foto-luis-macedo-agencia-camara-800x450.webp\" width=\"800\" height=\"450\" alt=\"MP da privatiza\u00e7\u00e3o da Eletrobras (ELET3) pode elevar custos do setor, diz especialista\" fetchpriority=high \/>\n\t\t\t<\/picture>\n\n\t\t\t<figcaption class=\"wp-caption-text wp-caption-text--show\">Membros do Congresso. Foto: Luis Macedo\/Ag\u00eancia C\u00e2mara.<\/figcaption>\n\t\t<\/figure>\n\t<\/div>\n\n\n<p><span style=\"font-weight: 400;\">\u00a0\t<p>\n\t\t<a href=\"https:\/\/lp.suno.com.br\/planilha-controle-gastos\/\" target=\"_blank\" data-element=\"shortcode-suno-banner\" title=\"Banner SUNO, clique e saiba mais\">\n\t\t\t<picture>\n\t\t\t\t<source media=\"(max-width: 500px)\" srcset=\"https:\/\/files.sunoresearch.com.br\/n\/uploads\/2023\/03\/400x300-Planilha-controle-de-gastos.png\">\n\t\t\t\t<img class=\"newsContent__article__imgCapa newsContent__article__imgCapa--banner\"\n\t\t\t\t\tsrc=\"https:\/\/files.sunoresearch.com.br\/n\/uploads\/2023\/03\/1420x240-Planilha-controle-de-gastos.png\"\n\t\t\t\t\tdata-promo-id=\"101751\"\t\t\t\t\t\t\t\t\t\twidth='1420' height='240'\t\t\t\t\talt=\"https:\/\/files.sunoresearch.com.br\/n\/uploads\/2023\/03\/1420x240-Planilha-controle-de-gastos.png\"\n\t\t\t\t>\n\t\t\t<\/picture>\n\t\t<\/a>\n\t<\/p>\n\n<\/span><\/p>\n<p>Editada em 23 de fevereiro, a <strong>MP<\/strong> prev\u00ea a dilui\u00e7\u00e3o da atual participa\u00e7\u00e3o d<a href=\"https:\/\/www.suno.com.br\/artigos\/aumento-capital\/\">o governo no capital<\/a> da <strong>Eletrobras<\/strong>, dos atuais 60% para 45%, por meio da oferta de <a href=\"https:\/\/www.suno.com.br\/artigos\/o-que-sao-acoes-ordinarias-preferenciais-e-units\/\">novas a\u00e7\u00f5es no mercado<\/a>. A MP foi aprovada na C\u00e2mara por 313 votos a favor e 166 contra.<\/p>\n<p><iframe loading=\"lazy\" title=\"\ud83d\udd34Marfrig (MRFG3) compra a\u00e7\u00f5es da BRF (BRFS3), segundo jornal\" width=\"1080\" height=\"608\" src=\"https:\/\/www.youtube.com\/embed\/muqsruIvLjg?feature=oembed&#038;enablejsapi=1&#038;origin=https:\/\/www.suno.com.br\" frameborder=\"0\" allow=\"accelerometer; autoplay; clipboard-write; encrypted-media; gyroscope; picture-in-picture\" allowfullscreen><\/iframe><\/p>\n<p>O texto segue agora para o <strong>Senado<\/strong>, onde tem de ser votado at\u00e9 22 de junho, quando perde a validade. &#8220;Acho um absurdo completo, porque o relator se meteu em quest\u00f5es de planejamento do setor el\u00e9trico&#8221;, disse o diretor do instituto Ilumina, Roberto D&#8217;Ara\u00fajo.<\/p>\n<p><a href=\"https:\/\/lp.suno.com.br\/suno-one\/?ppp=noticias\/hospital-care-pedido-ipo-cvm\/\"><b>Suno One: acesse gratuitamente eBooks, Minicursos, Artigos e V\u00eddeo Aulas sobre investimentos com um \u00fanico cadastro. Clique para saber mais!<\/b><\/a><\/p>\n<p>Para ele, as medidas previstas no relat\u00f3rio devem <a href=\"https:\/\/www.suno.com.br\/artigos\/custos-e-gastos\/\">elevar os custos do setor<\/a>, que ser\u00e3o refletidos nas tarifas de energia, e n\u00e3o o contr\u00e1rio como o governo tem defendido.<\/p>\n<p>&#8220;Baixar tarifa deveria ser atacando os <strong>custos<\/strong> de gera\u00e7\u00e3o, e n\u00e3o da forma como est\u00e3o propondo, que \u00e9 pegar o dinheiro da Eletrobras e colocar para cobrir a tarifa alta&#8221;, disse, ao explicar que, ap\u00f3s o fim do dinheiro, os custos de gera\u00e7\u00e3o continuar\u00e3o pressionando os custos para o consumidor final.<\/p>\n<p><span style=\"font-weight: 400;\">\t<div data-element=\"shortcode-read-more\" class=\"knowMore\">\n\t\t\t\t<span class=\"knowMore__title\">Saiba mais<\/span>\n\t\t\t\t<a class=\"knowMore__link\" href=\"https:\/\/www.suno.com.br\/noticias\/privatizacao-eletrobras-elet3-nao-facil-senado\/\">\n\t\t\tPrivatiza\u00e7\u00e3o &#039;esquisita&#039; da Eletrobras (ELET3) n\u00e3o ser\u00e1 jogo f\u00e1cil no Senado, dizem especialistas\t\t<\/a>\n\t<\/div>\n\n<\/span><\/p>\n<p>O presidente da consultoria PSR e ex-presidente da Empresa de Pesquisa Energ\u00e9tica (EPE), Luiz Barroso, tem opini\u00e3o semelhante. Na avalia\u00e7\u00e3o dele, a contrata\u00e7\u00e3o de t\u00e9rmicas \u00e9 &#8220;muito ruim&#8221; porque atribui ao Legislativo a <a href=\"https:\/\/www.suno.com.br\/artigos\/gestao-de-caixa\/\">atividade de planejamento do setor<\/a> el\u00e9trico, ignorando as atividades j\u00e1 realizadas pelo Minist\u00e9rio de Minas e Energia (MME).<\/p>\n<p>&#8220;Leva para o universo pol\u00edtico uma discuss\u00e3o que \u00e9 t\u00e9cnica. A defini\u00e7\u00e3o de compra compuls\u00f3ria de tecnologias pode resultar em inefici\u00eancias e pressionar ainda mais uma tarifa j\u00e1 pressionada&#8221;, afirmou.<\/p>\n<p><span style=\"font-weight: 400;\">\u00a0\t<p>\n\t\t<a href=\"https:\/\/lp.suno.com.br\/planilha-de-controle-de-investimentos\/\" target=\"_blank\" data-element=\"shortcode-suno-banner\" title=\"Banner SUNO, clique e saiba mais\">\n\t\t\t<picture>\n\t\t\t\t<source media=\"(max-width: 500px)\" srcset=\"https:\/\/files.sunoresearch.com.br\/n\/uploads\/2023\/03\/400x300-Controle-de-Investimentos.png\">\n\t\t\t\t<img class=\"newsContent__article__imgCapa newsContent__article__imgCapa--banner\"\n\t\t\t\t\tsrc=\"https:\/\/files.sunoresearch.com.br\/n\/uploads\/2023\/03\/1420x240-Controle-de-Investimentos.png\"\n\t\t\t\t\tdata-promo-id=\"75934\"\t\t\t\t\t\t\t\t\t\twidth='1420' height='240'\t\t\t\t\talt=\"https:\/\/files.sunoresearch.com.br\/n\/uploads\/2023\/03\/1420x240-Controle-de-Investimentos.png\"\n\t\t\t\t>\n\t\t\t<\/picture>\n\t\t<\/a>\n\t<\/p>\n\n<\/span><\/p>\n<p>O ex-presidente da EPE Maur\u00edcio Tolmasquim tamb\u00e9m acredita que, da forma como a MP foi aprovada, traz novos custos para o setor, alguns dos quais ter\u00e3o de ser financiados pela Conta de Desenvolvimento Energ\u00e9tico (CDE), para arcar com o valor mais caro da energia vendida pelas PCHs.<\/p>\n<p>&#8220;Tem uma s\u00e9rie de novos custos e imposi\u00e7\u00f5es que foram colocadas sobre o consumidor de energia, que ter\u00e1 impacto grande sobre a tarifa&#8221;, afirmou ele sobre a MP de privatiza\u00e7\u00e3o da\u00a0Eletrobras.<\/p>\n<h2>Privatiza\u00e7\u00e3o da Eletrobras n\u00e3o ter\u00e1 jogo f\u00e1cil no Senado<\/h2>\n<p><a href=\"https:\/\/www.suno.com.br\/noticias\/privatizacao-eletrobras-elet3-nao-facil-senado\/\">\u201c\u00c9 uma privatiza\u00e7\u00e3o esquisita\u201d<\/a>, pontuou Rodrigo Leite, professor de Finan\u00e7as e Controle Gerencial do Coppead\/UFRJ. \u201cSui generis\u201d.<\/p>\n<p>Mas segundo o especialista h\u00e1 problemas em outras pra\u00e7as, como no Senado. Para Leite, o tr\u00e2mite na casa deve ser particularmente dif\u00edcil devido \u00e0 CPI da Covid e \u00e0s \u201ctestemunhas radioativas\u201d que l\u00e1 dep\u00f5em. \u201cO governo est\u00e1 lutando em duas frentes. Ele tem homens para isso?\u201d<\/p>\n<p>Murilo Breder, analista de renda vari\u00e1vel da Easynvest, destacou outro ponto: o tempo. \u201c[A MP] tem pouco tempo para ser aprovada, at\u00e9 22 de junho, para n\u00e3o perder a validade.\u201d<\/p>\n<p>\u201cE est\u00e1 no meio da CPI da Covid, que est\u00e1 demandando bastante tempo dos senadores\u201d, acrescentou.<\/p>\n<p>Atualmente, <a href=\"https:\/\/www.suno.com.br\/artigos\/b3\/\">\u00e0s 13h30 do preg\u00e3o desta sexta-feira (21)<\/a>, os <a href=\"https:\/\/www.suno.com.br\/artigos\/acoes-ordinarias\/\">pap\u00e9is<\/a> da <strong>Eletrobras\u00a0<\/strong>apresentam queda de 0,17%. No fim do preg\u00e3o anterior as a\u00e7\u00f5es da companhia fecharam em queda de 2,35%, ap\u00f3s o \u00e2nimo que precedeu a MP e fez o saldo semanal ficar positivo, com valoriza\u00e7\u00e3o de 3,71% nos \u00faltimos sete dias.<\/p>\n<p><span style=\"font-weight: 400;\">\t<p>\n\t\t<a href=\"https:\/\/lp.suno.com.br\/planilha-da-vida-financeira\/\" target=\"_blank\" data-element=\"shortcode-suno-banner\" title=\"Banner SUNO, clique e saiba mais\">\n\t\t\t<picture>\n\t\t\t\t<source media=\"(max-width: 500px)\" srcset=\"https:\/\/files.sunoresearch.com.br\/n\/uploads\/2023\/04\/400x300-Planilha-vida-financeira-true.png\">\n\t\t\t\t<img class=\"newsContent__article__imgCapa newsContent__article__imgCapa--banner\"\n\t\t\t\t\tsrc=\"https:\/\/files.sunoresearch.com.br\/n\/uploads\/2023\/04\/1420x240-Planilha-vida-financeira-true.png\"\n\t\t\t\t\tdata-promo-id=\"106682\"\t\t\t\t\t\t\t\t\t\twidth='1420' height='240'\t\t\t\t\talt=\"https:\/\/files.sunoresearch.com.br\/n\/uploads\/2023\/04\/1420x240-Planilha-vida-financeira-true.png\"\n\t\t\t\t>\n\t\t\t<\/picture>\n\t\t<\/a>\n\t<\/p>\n\n<\/span><\/p>\n<p><em><strong>As informa\u00e7\u00f5es s\u00e3o do jornal O Estado de S. Paulo.<\/strong><\/em><\/p>\n","protected":false},"excerpt":{"rendered":"<p>Ap\u00f3s aprova\u00e7\u00e3o pelo Congresso do texto-base da privatiza\u00e7\u00e3o da Eletrobras (ELET3), na quarta-feira (19), especialistas do setor el\u00e9trico teceram cr\u00edticas. A avalia\u00e7\u00e3o considera que a Medida Provis\u00f3ria (MP) apresentada pelo relator, deputado Elmar Nascimento (DEM-BA), \u00a0interfere em quest\u00f5es de planejamento da \u00e1rea ao definir sua expans\u00e3o por meio de PCHs, que s\u00e3o usinas t\u00e9rmicas e [&hellip;]<\/p>\n","protected":false},"author":73,"featured_media":150062,"comment_status":"closed","ping_status":"closed","sticky":false,"template":"","format":"standard","meta":[],"categories":[60],"tags":[938,901,455,104992,945],"suno_strategy":[],"class_list":["post-149979","post","type-post","status-publish","format-standard","has-post-thumbnail","hentry","category-mercado","tag-camara-dos-deputados","tag-congresso-nacional","tag-eletrobras-elet3-elet5-elet6","tag-privatizacao-da-eletrobras","tag-privatizacoes"],"yoast_head":"<!-- This site is optimized with the Yoast SEO plugin v24.4 - https:\/\/yoast.com\/wordpress\/plugins\/seo\/ -->\n<title>MP da Eletrobras (ELET3) pode elevar custos do setor, diz especialista<\/title>\n<meta name=\"description\" content=\"O texto rec\u00e9m aprovado na c\u00e2mara que autoriza a privatiza\u00e7\u00e3o da Eletrobras deve trazer novos custos para o setor. Leia mais\" \/>\n<meta name=\"robots\" content=\"index, follow, max-snippet:-1, max-image-preview:large, max-video-preview:-1\" \/>\n<link rel=\"canonical\" href=\"https:\/\/www.suno.com.br\/noticias\/mp-eletrobras-custos-setor-especialista\/\" \/>\n<meta property=\"og:locale\" content=\"pt_BR\" \/>\n<meta property=\"og:type\" content=\"article\" \/>\n<meta property=\"og:title\" content=\"MP da Eletrobras (ELET3) pode elevar custos do setor, diz especialista\" \/>\n<meta property=\"og:description\" content=\"O texto rec\u00e9m aprovado na c\u00e2mara que autoriza a privatiza\u00e7\u00e3o da Eletrobras deve trazer novos custos para o setor. Leia mais\" \/>\n<meta property=\"og:url\" content=\"https:\/\/www.suno.com.br\/noticias\/mp-eletrobras-custos-setor-especialista\/\" \/>\n<meta property=\"og:site_name\" content=\"Suno Not\u00edcias\" \/>\n<meta property=\"article:publisher\" content=\"https:\/\/facebook.com\/sunoresearch\" \/>\n<meta property=\"og:image\" content=\"https:\/\/files.sunoresearch.com.br\/n\/uploads\/2021\/05\/e42e9228-foto-luis-macedo-agencia-camara.jpg\" \/>\n\t<meta property=\"og:image:width\" content=\"2003\" \/>\n\t<meta property=\"og:image:height\" content=\"1312\" \/>\n\t<meta property=\"og:image:type\" content=\"image\/jpeg\" \/>\n<meta name=\"author\" content=\"Eduardo Vargas\" \/>\n<meta name=\"twitter:card\" content=\"summary_large_image\" \/>\n<meta name=\"twitter:creator\" content=\"@sunoresearch\" \/>\n<meta name=\"twitter:site\" content=\"@sunoresearch\" \/>\n<meta name=\"twitter:label1\" content=\"Escrito por\" \/>\n\t<meta name=\"twitter:data1\" content=\"Eduardo Vargas\" \/>\n\t<meta name=\"twitter:label2\" content=\"Est. tempo de leitura\" \/>\n\t<meta name=\"twitter:data2\" content=\"3 minutos\" \/>\n<script type=\"application\/ld+json\" class=\"yoast-schema-graph\">{\"@context\":\"https:\/\/schema.org\",\"@graph\":[{\"@type\":\"NewsArticle\",\"@id\":\"https:\/\/www.suno.com.br\/noticias\/mp-eletrobras-custos-setor-especialista\/#article\",\"isPartOf\":{\"@id\":\"https:\/\/www.suno.com.br\/noticias\/mp-eletrobras-custos-setor-especialista\/\"},\"author\":{\"name\":\"Eduardo Vargas\",\"@id\":\"https:\/\/www.suno.com.br\/noticias\/#\/schema\/person\/7f4d362bf3518e76090143ae77bb49a5\"},\"headline\":\"MP da privatiza\u00e7\u00e3o da Eletrobras (ELET3) pode elevar custos do setor, diz especialista\",\"datePublished\":\"2021-05-21T17:32:37+00:00\",\"dateModified\":\"2021-06-21T08:55:13+00:00\",\"mainEntityOfPage\":{\"@id\":\"https:\/\/www.suno.com.br\/noticias\/mp-eletrobras-custos-setor-especialista\/\"},\"wordCount\":682,\"publisher\":{\"@id\":\"https:\/\/www.suno.com.br\/noticias\/#organization\"},\"image\":{\"@id\":\"https:\/\/www.suno.com.br\/noticias\/mp-eletrobras-custos-setor-especialista\/#primaryimage\"},\"thumbnailUrl\":\"https:\/\/files.sunoresearch.com.br\/n\/uploads\/2021\/05\/e42e9228-foto-luis-macedo-agencia-camara-jpg.webp\",\"keywords\":[\"C\u00e2mara dos Deputados\",\"Congresso Nacional\",\"Eletrobras (ELET3\/ELET5\/ELET6)\",\"privatiza\u00e7\u00e3o da Eletrobras\",\"privatiza\u00e7\u00f5es\"],\"articleSection\":[\"Mercado\"],\"inLanguage\":\"pt-BR\"},{\"@type\":\"WebPage\",\"@id\":\"https:\/\/www.suno.com.br\/noticias\/mp-eletrobras-custos-setor-especialista\/\",\"url\":\"https:\/\/www.suno.com.br\/noticias\/mp-eletrobras-custos-setor-especialista\/\",\"name\":\"MP da Eletrobras (ELET3) pode elevar custos do setor, diz especialista\",\"isPartOf\":{\"@id\":\"https:\/\/www.suno.com.br\/noticias\/#website\"},\"primaryImageOfPage\":{\"@id\":\"https:\/\/www.suno.com.br\/noticias\/mp-eletrobras-custos-setor-especialista\/#primaryimage\"},\"image\":{\"@id\":\"https:\/\/www.suno.com.br\/noticias\/mp-eletrobras-custos-setor-especialista\/#primaryimage\"},\"thumbnailUrl\":\"https:\/\/files.sunoresearch.com.br\/n\/uploads\/2021\/05\/e42e9228-foto-luis-macedo-agencia-camara-jpg.webp\",\"datePublished\":\"2021-05-21T17:32:37+00:00\",\"dateModified\":\"2021-06-21T08:55:13+00:00\",\"description\":\"O texto rec\u00e9m aprovado na c\u00e2mara que autoriza a privatiza\u00e7\u00e3o da Eletrobras deve trazer novos custos para o setor. Leia mais\",\"breadcrumb\":{\"@id\":\"https:\/\/www.suno.com.br\/noticias\/mp-eletrobras-custos-setor-especialista\/#breadcrumb\"},\"inLanguage\":\"pt-BR\",\"potentialAction\":[{\"@type\":\"ReadAction\",\"target\":[\"https:\/\/www.suno.com.br\/noticias\/mp-eletrobras-custos-setor-especialista\/\"]}]},{\"@type\":\"ImageObject\",\"inLanguage\":\"pt-BR\",\"@id\":\"https:\/\/www.suno.com.br\/noticias\/mp-eletrobras-custos-setor-especialista\/#primaryimage\",\"url\":\"https:\/\/files.sunoresearch.com.br\/n\/uploads\/2021\/05\/e42e9228-foto-luis-macedo-agencia-camara-jpg.webp\",\"contentUrl\":\"https:\/\/files.sunoresearch.com.br\/n\/uploads\/2021\/05\/e42e9228-foto-luis-macedo-agencia-camara-jpg.webp\",\"width\":2003,\"height\":1312,\"caption\":\"Membros do Congresso. Foto: Luis Macedo\/Ag\u00eancia C\u00e2mara.\"},{\"@type\":\"BreadcrumbList\",\"@id\":\"https:\/\/www.suno.com.br\/noticias\/mp-eletrobras-custos-setor-especialista\/#breadcrumb\",\"itemListElement\":[{\"@type\":\"ListItem\",\"position\":1,\"name\":\"Not\u00edcias\",\"item\":\"https:\/\/www.suno.com.br\/noticias\/\"},{\"@type\":\"ListItem\",\"position\":2,\"name\":\"Mercado\",\"item\":\"https:\/\/www.suno.com.br\/noticias\/mercado\/\"},{\"@type\":\"ListItem\",\"position\":3,\"name\":\"MP da privatiza\u00e7\u00e3o da Eletrobras (ELET3) pode elevar custos do setor, diz especialista\"}]},{\"@type\":\"WebSite\",\"@id\":\"https:\/\/www.suno.com.br\/noticias\/#website\",\"url\":\"https:\/\/www.suno.com.br\/noticias\/\",\"name\":\"Suno Not\u00edcias\",\"description\":\"Seu portal de informa\u00e7\u00e3o sobre o mundo dos investimentos\",\"publisher\":{\"@id\":\"https:\/\/www.suno.com.br\/noticias\/#organization\"},\"potentialAction\":[{\"@type\":\"SearchAction\",\"target\":{\"@type\":\"EntryPoint\",\"urlTemplate\":\"https:\/\/www.suno.com.br\/noticias\/?s={search_term_string}\"},\"query-input\":{\"@type\":\"PropertyValueSpecification\",\"valueRequired\":true,\"valueName\":\"search_term_string\"}}],\"inLanguage\":\"pt-BR\"},{\"@type\":\"Organization\",\"@id\":\"https:\/\/www.suno.com.br\/noticias\/#organization\",\"name\":\"Suno Not\u00edcias\",\"url\":\"https:\/\/www.suno.com.br\/noticias\/\",\"logo\":{\"@type\":\"ImageObject\",\"inLanguage\":\"pt-BR\",\"@id\":\"https:\/\/www.suno.com.br\/noticias\/#\/schema\/logo\/image\/\",\"url\":\"https:\/\/files.sunoresearch.com.br\/n\/uploads\/2021\/09\/suno-logo.png\",\"contentUrl\":\"https:\/\/files.sunoresearch.com.br\/n\/uploads\/2021\/09\/suno-logo.png\",\"width\":180,\"height\":180,\"caption\":\"Suno Not\u00edcias\"},\"image\":{\"@id\":\"https:\/\/www.suno.com.br\/noticias\/#\/schema\/logo\/image\/\"},\"sameAs\":[\"https:\/\/facebook.com\/sunoresearch\",\"https:\/\/x.com\/sunoresearch\",\"https:\/\/www.instagram.com\/suno\",\"https:\/\/www.linkedin.com\/company\/suno-research\/\",\"https:\/\/www.youtube.com\/c\/sunoresearch\"]},{\"@type\":\"Person\",\"@id\":\"https:\/\/www.suno.com.br\/noticias\/#\/schema\/person\/7f4d362bf3518e76090143ae77bb49a5\",\"name\":\"Eduardo Vargas\",\"image\":{\"@type\":\"ImageObject\",\"inLanguage\":\"pt-BR\",\"@id\":\"https:\/\/www.suno.com.br\/noticias\/#\/schema\/person\/image\/\",\"url\":\"https:\/\/secure.gravatar.com\/avatar\/dac340933427a22924c9f99d1eb2e3f2?s=96&r=g\",\"contentUrl\":\"https:\/\/secure.gravatar.com\/avatar\/dac340933427a22924c9f99d1eb2e3f2?s=96&r=g\",\"caption\":\"Eduardo Vargas\"},\"description\":\"Jornalista formado pela UFSC, cobre macroeconomia, neg\u00f3cios e startups para o Suno Not\u00edcias, escrevendo principalmente not\u00edcias sobre o mercado financeiro e a bolsa de valores. No YouTube e no Instagram, \u00e9 respons\u00e1vel pela produ\u00e7\u00e3o de Reels e Shorts do Suno Not\u00edcias. Anteriormente, trabalhou cobrindo economia e cotidiano no ND+ e para o ND, maior jornal impresso de Santa Catarina. Cursou um semestre letivo de Estudos de M\u00eddia na Universidad de Buenos Aires.\",\"url\":\"https:\/\/www.suno.com.br\/noticias\/author\/eduardo-vargas\/\"}]}<\/script>\n<!-- \/ Yoast SEO plugin. -->","yoast_head_json":{"title":"MP da Eletrobras (ELET3) pode elevar custos do setor, diz especialista","description":"O texto rec\u00e9m aprovado na c\u00e2mara que autoriza a privatiza\u00e7\u00e3o da Eletrobras deve trazer novos custos para o setor. Leia mais","robots":{"index":"index","follow":"follow","max-snippet":"max-snippet:-1","max-image-preview":"max-image-preview:large","max-video-preview":"max-video-preview:-1"},"canonical":"https:\/\/www.suno.com.br\/noticias\/mp-eletrobras-custos-setor-especialista\/","og_locale":"pt_BR","og_type":"article","og_title":"MP da Eletrobras (ELET3) pode elevar custos do setor, diz especialista","og_description":"O texto rec\u00e9m aprovado na c\u00e2mara que autoriza a privatiza\u00e7\u00e3o da Eletrobras deve trazer novos custos para o setor. Leia mais","og_url":"https:\/\/www.suno.com.br\/noticias\/mp-eletrobras-custos-setor-especialista\/","og_site_name":"Suno Not\u00edcias","article_publisher":"https:\/\/facebook.com\/sunoresearch","og_image":[{"width":2003,"height":1312,"url":"https:\/\/files.sunoresearch.com.br\/n\/uploads\/2021\/05\/e42e9228-foto-luis-macedo-agencia-camara.jpg","type":"image\/jpeg"}],"author":"Eduardo Vargas","twitter_card":"summary_large_image","twitter_creator":"@sunoresearch","twitter_site":"@sunoresearch","twitter_misc":{"Escrito por":"Eduardo Vargas","Est. tempo de leitura":"3 minutos"},"schema":{"@context":"https:\/\/schema.org","@graph":[{"@type":"NewsArticle","@id":"https:\/\/www.suno.com.br\/noticias\/mp-eletrobras-custos-setor-especialista\/#article","isPartOf":{"@id":"https:\/\/www.suno.com.br\/noticias\/mp-eletrobras-custos-setor-especialista\/"},"author":{"name":"Eduardo Vargas","@id":"https:\/\/www.suno.com.br\/noticias\/#\/schema\/person\/7f4d362bf3518e76090143ae77bb49a5"},"headline":"MP da privatiza\u00e7\u00e3o da Eletrobras (ELET3) pode elevar custos do setor, diz especialista","datePublished":"2021-05-21T17:32:37+00:00","dateModified":"2021-06-21T08:55:13+00:00","mainEntityOfPage":{"@id":"https:\/\/www.suno.com.br\/noticias\/mp-eletrobras-custos-setor-especialista\/"},"wordCount":682,"publisher":{"@id":"https:\/\/www.suno.com.br\/noticias\/#organization"},"image":{"@id":"https:\/\/www.suno.com.br\/noticias\/mp-eletrobras-custos-setor-especialista\/#primaryimage"},"thumbnailUrl":"https:\/\/files.sunoresearch.com.br\/n\/uploads\/2021\/05\/e42e9228-foto-luis-macedo-agencia-camara-jpg.webp","keywords":["C\u00e2mara dos Deputados","Congresso Nacional","Eletrobras (ELET3\/ELET5\/ELET6)","privatiza\u00e7\u00e3o da Eletrobras","privatiza\u00e7\u00f5es"],"articleSection":["Mercado"],"inLanguage":"pt-BR"},{"@type":"WebPage","@id":"https:\/\/www.suno.com.br\/noticias\/mp-eletrobras-custos-setor-especialista\/","url":"https:\/\/www.suno.com.br\/noticias\/mp-eletrobras-custos-setor-especialista\/","name":"MP da Eletrobras (ELET3) pode elevar custos do setor, diz especialista","isPartOf":{"@id":"https:\/\/www.suno.com.br\/noticias\/#website"},"primaryImageOfPage":{"@id":"https:\/\/www.suno.com.br\/noticias\/mp-eletrobras-custos-setor-especialista\/#primaryimage"},"image":{"@id":"https:\/\/www.suno.com.br\/noticias\/mp-eletrobras-custos-setor-especialista\/#primaryimage"},"thumbnailUrl":"https:\/\/files.sunoresearch.com.br\/n\/uploads\/2021\/05\/e42e9228-foto-luis-macedo-agencia-camara-jpg.webp","datePublished":"2021-05-21T17:32:37+00:00","dateModified":"2021-06-21T08:55:13+00:00","description":"O texto rec\u00e9m aprovado na c\u00e2mara que autoriza a privatiza\u00e7\u00e3o da Eletrobras deve trazer novos custos para o setor. Leia mais","breadcrumb":{"@id":"https:\/\/www.suno.com.br\/noticias\/mp-eletrobras-custos-setor-especialista\/#breadcrumb"},"inLanguage":"pt-BR","potentialAction":[{"@type":"ReadAction","target":["https:\/\/www.suno.com.br\/noticias\/mp-eletrobras-custos-setor-especialista\/"]}]},{"@type":"ImageObject","inLanguage":"pt-BR","@id":"https:\/\/www.suno.com.br\/noticias\/mp-eletrobras-custos-setor-especialista\/#primaryimage","url":"https:\/\/files.sunoresearch.com.br\/n\/uploads\/2021\/05\/e42e9228-foto-luis-macedo-agencia-camara-jpg.webp","contentUrl":"https:\/\/files.sunoresearch.com.br\/n\/uploads\/2021\/05\/e42e9228-foto-luis-macedo-agencia-camara-jpg.webp","width":2003,"height":1312,"caption":"Membros do Congresso. Foto: Luis Macedo\/Ag\u00eancia C\u00e2mara."},{"@type":"BreadcrumbList","@id":"https:\/\/www.suno.com.br\/noticias\/mp-eletrobras-custos-setor-especialista\/#breadcrumb","itemListElement":[{"@type":"ListItem","position":1,"name":"Not\u00edcias","item":"https:\/\/www.suno.com.br\/noticias\/"},{"@type":"ListItem","position":2,"name":"Mercado","item":"https:\/\/www.suno.com.br\/noticias\/mercado\/"},{"@type":"ListItem","position":3,"name":"MP da privatiza\u00e7\u00e3o da Eletrobras (ELET3) pode elevar custos do setor, diz especialista"}]},{"@type":"WebSite","@id":"https:\/\/www.suno.com.br\/noticias\/#website","url":"https:\/\/www.suno.com.br\/noticias\/","name":"Suno Not\u00edcias","description":"Seu portal de informa\u00e7\u00e3o sobre o mundo dos investimentos","publisher":{"@id":"https:\/\/www.suno.com.br\/noticias\/#organization"},"potentialAction":[{"@type":"SearchAction","target":{"@type":"EntryPoint","urlTemplate":"https:\/\/www.suno.com.br\/noticias\/?s={search_term_string}"},"query-input":{"@type":"PropertyValueSpecification","valueRequired":true,"valueName":"search_term_string"}}],"inLanguage":"pt-BR"},{"@type":"Organization","@id":"https:\/\/www.suno.com.br\/noticias\/#organization","name":"Suno Not\u00edcias","url":"https:\/\/www.suno.com.br\/noticias\/","logo":{"@type":"ImageObject","inLanguage":"pt-BR","@id":"https:\/\/www.suno.com.br\/noticias\/#\/schema\/logo\/image\/","url":"https:\/\/files.sunoresearch.com.br\/n\/uploads\/2021\/09\/suno-logo.png","contentUrl":"https:\/\/files.sunoresearch.com.br\/n\/uploads\/2021\/09\/suno-logo.png","width":180,"height":180,"caption":"Suno Not\u00edcias"},"image":{"@id":"https:\/\/www.suno.com.br\/noticias\/#\/schema\/logo\/image\/"},"sameAs":["https:\/\/facebook.com\/sunoresearch","https:\/\/x.com\/sunoresearch","https:\/\/www.instagram.com\/suno","https:\/\/www.linkedin.com\/company\/suno-research\/","https:\/\/www.youtube.com\/c\/sunoresearch"]},{"@type":"Person","@id":"https:\/\/www.suno.com.br\/noticias\/#\/schema\/person\/7f4d362bf3518e76090143ae77bb49a5","name":"Eduardo Vargas","image":{"@type":"ImageObject","inLanguage":"pt-BR","@id":"https:\/\/www.suno.com.br\/noticias\/#\/schema\/person\/image\/","url":"https:\/\/secure.gravatar.com\/avatar\/dac340933427a22924c9f99d1eb2e3f2?s=96&r=g","contentUrl":"https:\/\/secure.gravatar.com\/avatar\/dac340933427a22924c9f99d1eb2e3f2?s=96&r=g","caption":"Eduardo Vargas"},"description":"Jornalista formado pela UFSC, cobre macroeconomia, neg\u00f3cios e startups para o Suno Not\u00edcias, escrevendo principalmente not\u00edcias sobre o mercado financeiro e a bolsa de valores. No YouTube e no Instagram, \u00e9 respons\u00e1vel pela produ\u00e7\u00e3o de Reels e Shorts do Suno Not\u00edcias. Anteriormente, trabalhou cobrindo economia e cotidiano no ND+ e para o ND, maior jornal impresso de Santa Catarina. Cursou um semestre letivo de Estudos de M\u00eddia na Universidad de Buenos Aires.","url":"https:\/\/www.suno.com.br\/noticias\/author\/eduardo-vargas\/"}]}},"default_loop_html":"<div class=\"cardsPage__listCard__boxs\"><div class=\"cardsPage__listCard__boxs__img\"><a href=\"https:\/\/www.suno.com.br\/noticias\/mp-eletrobras-custos-setor-especialista\/\"><img class=\"mask\" src=\"https:\/\/www.suno.com.br\/noticias\/wp-content\/themes\/suno\/resources\/images\/spotlight\/spotlight1img\/bg-mask.png\" alt=\"Image Mask\"\/><img src=\"https:\/\/files.sunoresearch.com.br\/n\/uploads\/2021\/05\/e42e9228-foto-luis-macedo-agencia-camara-400x200.webp\" alt=\"MP da privatiza\u00e7\u00e3o da Eletrobras (ELET3) pode elevar custos do setor, diz especialista\"\/><\/a><span class=\"spotlightCategory\"><a href=\"https:\/\/www.suno.com.br\/noticias\/mercado\/\">Mercado<\/a><\/span><\/div><div class=\"cardsPage__listCard__boxs__content\"><a href=\"https:\/\/www.suno.com.br\/noticias\/mp-eletrobras-custos-setor-especialista\/\"><h2 class=\"content__title\">MP da privatiza\u00e7\u00e3o da Eletrobras (ELET3) pode elevar custos do setor, diz especialista<\/h2><\/a><div class=\"newsContent__article__meta\"><div class=\"newsContent__article__meta__authorBox\"><a href=\"https:\/\/www.suno.com.br\/noticias\/author\/eduardo-vargas\/\" class=\"authorBox__avatar noMobi\"><img src=\"https:\/\/secure.gravatar.com\/avatar\/dac340933427a22924c9f99d1eb2e3f2?s=96&#038;r=g\" alt=\"Eduardo Vargas\"><\/a><div class=\"authorBox__name\"><span>por\n\t\t\t<a href=\"https:\/\/www.suno.com.br\/noticias\/author\/eduardo-vargas\/\"><span itemprop=\"author\">Eduardo Vargas<\/span><\/a><\/span><time datetime=\"2021-05-21T14:32:37-03:00\" itemprop=\"datePublished\">21\/05\/2021 14:32<\/time><\/div><\/div><\/div><\/div><\/div>","single_layout":"posts","amp_enabled":true,"_links":{"self":[{"href":"https:\/\/www.suno.com.br\/noticias\/wp-json\/wp\/v2\/posts\/149979"}],"collection":[{"href":"https:\/\/www.suno.com.br\/noticias\/wp-json\/wp\/v2\/posts"}],"about":[{"href":"https:\/\/www.suno.com.br\/noticias\/wp-json\/wp\/v2\/types\/post"}],"author":[{"embeddable":true,"href":"https:\/\/www.suno.com.br\/noticias\/wp-json\/wp\/v2\/users\/73"}],"replies":[{"embeddable":true,"href":"https:\/\/www.suno.com.br\/noticias\/wp-json\/wp\/v2\/comments?post=149979"}],"version-history":[{"count":5,"href":"https:\/\/www.suno.com.br\/noticias\/wp-json\/wp\/v2\/posts\/149979\/revisions"}],"predecessor-version":[{"id":150192,"href":"https:\/\/www.suno.com.br\/noticias\/wp-json\/wp\/v2\/posts\/149979\/revisions\/150192"}],"wp:featuredmedia":[{"embeddable":true,"href":"https:\/\/www.suno.com.br\/noticias\/wp-json\/wp\/v2\/media\/150062"}],"wp:attachment":[{"href":"https:\/\/www.suno.com.br\/noticias\/wp-json\/wp\/v2\/media?parent=149979"}],"wp:term":[{"taxonomy":"category","embeddable":true,"href":"https:\/\/www.suno.com.br\/noticias\/wp-json\/wp\/v2\/categories?post=149979"},{"taxonomy":"post_tag","embeddable":true,"href":"https:\/\/www.suno.com.br\/noticias\/wp-json\/wp\/v2\/tags?post=149979"},{"taxonomy":"suno_strategy","embeddable":true,"href":"https:\/\/www.suno.com.br\/noticias\/wp-json\/wp\/v2\/suno_strategy?post=149979"}],"curies":[{"name":"wp","href":"https:\/\/api.w.org\/{rel}","templated":true}]}}