{"id":149971,"date":"2021-05-21T10:13:57","date_gmt":"2021-05-21T13:13:57","guid":{"rendered":"https:\/\/www.suno.com.br\/noticias\/?p=149971"},"modified":"2021-05-21T10:13:57","modified_gmt":"2021-05-21T13:13:57","slug":"caixa-anuncia-novas-unidades-fim-2021","status":"publish","type":"post","link":"https:\/\/www.suno.com.br\/noticias\/caixa-anuncia-novas-unidades-fim-2021\/","title":{"rendered":"Caixa anuncia que abrir\u00e1 130 novas unidades at\u00e9 o fim de 2021"},"content":{"rendered":"<p>Segundo an\u00fancio do presidente da <strong>Caixa<\/strong> Econ\u00f4mica Federal, <a href=\"https:\/\/www.suno.com.br\/tudo-sobre\/pedro-guimaraes\/\">Pedro Guimar\u00e3es<\/a>, a estatal ir\u00e1 abrir um total de 130 unidades at\u00e9 o fim de 2021. A fala ocorreu nesta quinta-feira (20) e, segundo Guimar\u00e3es, ser\u00e3o 79 unidades para atendimento ao p\u00fablico e 51 unidades especializadas em agroneg\u00f3cio, abarcando 128 munic\u00edpios no total.<\/p>\t<div class=\"wrapper-featured-image\">\n\t\t<figure class=\"spotlightImg\">\n\n\t\t\t<picture>\n\t\t\t\t<source media=\"(max-width: 768px)\" srcset=\"https:\/\/files.sunoresearch.com.br\/n\/uploads\/2021\/05\/abfe74ee-caixa_economica_federal0505202673-400x200.webp\">\n\t\t\t\t<img loading=\"lazy\" decoding=\"async\" class=\"newsContent__article__imgCapa lazyloadDisabled \" src=\"https:\/\/files.sunoresearch.com.br\/n\/uploads\/2021\/05\/abfe74ee-caixa_economica_federal0505202673-800x450.webp\" width=\"800\" height=\"450\" alt=\"Caixa anuncia que abrir\u00e1 130 novas unidades at\u00e9 o fim de 2021\" fetchpriority=high \/>\n\t\t\t<\/picture>\n\n\t\t\t<figcaption class=\"wp-caption-text wp-caption-text--show\">Recentemente, a Abono salarial de 2019 esquecido por trabalhadores j\u00e1 pode ser pedido. Foto: Marcelo Camargo\/Ag\u00eancia Brasil.<\/figcaption>\n\t\t<\/figure>\n\t<\/div>\n\n\n<p><span style=\"font-weight: 400;\">\t<p>\n\t\t<a href=\"https:\/\/lp.suno.com.br\/planilha-controle-gastos\/\" target=\"_blank\" data-element=\"shortcode-suno-banner\" title=\"Banner SUNO, clique e saiba mais\">\n\t\t\t<picture>\n\t\t\t\t<source media=\"(max-width: 500px)\" srcset=\"https:\/\/files.sunoresearch.com.br\/n\/uploads\/2023\/03\/400x300-Planilha-controle-de-gastos.png\">\n\t\t\t\t<img class=\"newsContent__article__imgCapa newsContent__article__imgCapa--banner\"\n\t\t\t\t\tsrc=\"https:\/\/files.sunoresearch.com.br\/n\/uploads\/2023\/03\/1420x240-Planilha-controle-de-gastos.png\"\n\t\t\t\t\tdata-promo-id=\"101751\"\t\t\t\t\t\t\t\t\t\twidth='1420' height='240'\t\t\t\t\talt=\"https:\/\/files.sunoresearch.com.br\/n\/uploads\/2023\/03\/1420x240-Planilha-controle-de-gastos.png\"\n\t\t\t\t>\n\t\t\t<\/picture>\n\t\t<\/a>\n\t<\/p>\n\n <\/span><\/p>\n<p>Com a expans\u00e3o da rede, o <strong>banco<\/strong> passar\u00e1 a atuar em todos os munic\u00edpios com mais de 40 mil habitantes. Na regi\u00e3o Centro-Oeste, a <strong>Caixa<\/strong> abrir\u00e1 20 unidades: uma no Distrito Federal; cinco em Goi\u00e1s; sete no Mato Grosso e sete no Mato Grosso do Sul. No Nordeste, ser\u00e3o abertas 43 unidades: tr\u00eas na Bahia; 10 no Cear\u00e1; 19 no Maranh\u00e3o; uma na Para\u00edba; oito em Pernambuco e duas no Piau\u00ed.<\/p>\n<p>Na regi\u00e3o Norte, s\u00e3o <strong>33 novas unidades<\/strong>: sete no Amazonas; 23 no Par\u00e1; duas em Rond\u00f4nia e uma em Tocantins. Ser\u00e3o inauguradas 20 unidades no Sudeste: uma no Esp\u00edrito Santo; oito em Minas Gerais; nove em S\u00e3o Paulo e duas no Rio de Janeiro. Na regi\u00e3o Sul, a rede de atendimento ganhar\u00e1 14 unidades: sete no Paran\u00e1; duas em Santa Catarina e cinco no Rio Grande do Sul.<\/p>\n<p><span style=\"font-weight: 400;\">\u00a0<\/span><a href=\"https:\/\/lp.suno.com.br\/suno-one\/?ppp=noticias\/hospital-care-pedido-ipo-cvm\/\"><b>Suno One: acesse gratuitamente eBooks, Minicursos, Artigos e V\u00eddeo Aulas sobre investimentos com um \u00fanico cadastro. Clique para saber mais!<\/b><\/a><\/p>\n<p>Essa \u00e9 a segunda expans\u00e3o da rede de atendimentos da Caixa anunciada neste ano. Em janeiro, o banco havia anunciado a cria\u00e7\u00e3o de 75 unidades em todo o pa\u00eds, com prioridade para o Norte e o Nordeste.<\/p>\n<p>Com a <strong>expans\u00e3o<\/strong>, a Caixa totalizar\u00e1 4,3 mil unidades pr\u00f3prias, entre ag\u00eancias e unidades especializadas de atendimento. Al\u00e9m disso, o banco tem 8.985 correspondentes banc\u00e1rios; 13.226 unidades lot\u00e9ricas, duas ag\u00eancias-barco e oito ag\u00eancias-caminh\u00e3o, o que somar\u00e1 mais de 26 mil pontos de atendimento f\u00edsico.<\/p>\n<p><span style=\"font-weight: 400;\">\t<div data-element=\"shortcode-read-more\" class=\"knowMore\">\n\t\t\t\t<span class=\"knowMore__title\">Saiba mais<\/span>\n\t\t\t\t<a class=\"knowMore__link\" href=\"https:\/\/www.suno.com.br\/noticias\/auxilio-emergencial-caixa-segunda-parcela\/\">\n\t\t\tAux\u00edlio emergencial: Caixa inicia pagamento de segunda parcela\t\t<\/a>\n\t<\/div>\n\n<\/span><\/p>\n<h2>Caixa demitiu tr\u00eas diretores<\/h2>\n<p>A Caixa\u00a0Econ\u00f4mica Federal decidiu trocar tr\u00eas diretores do <a href=\"https:\/\/www.suno.com.br\/artigos\/tipos-de-aposentadoria\/\">fundo de pens\u00e3o dos funcion\u00e1rios do banco (Funcef)<\/a>. Dentre os diretores, est\u00e1 o diretor-presidente, Renato Villela, e os respons\u00e1veis pela \u00e1rea de investimento. As informa\u00e7\u00f5es s\u00e3o do jornal O Estado de S. Paulo.<\/p>\n<p>De acordo com o Estad\u00e3o\/Broadcast, a mudan\u00e7a teria sido motivada por insubordina\u00e7\u00e3o ao presidente da Caixa, Pedro Guimar\u00e3es. Ele queria ter mais poder sobre a aloca\u00e7\u00e3o de recursos do fundo, um dos maiores do Pa\u00eds, com patrim\u00f4nio superior a R$ 80 bilh\u00f5es.<\/p>\n<p><span style=\"font-weight: 400;\">\t<p>\n\t\t<a href=\"https:\/\/lp.suno.com.br\/planilha-de-controle-de-investimentos\/\" target=\"_blank\" data-element=\"shortcode-suno-banner\" title=\"Banner SUNO, clique e saiba mais\">\n\t\t\t<picture>\n\t\t\t\t<source media=\"(max-width: 500px)\" srcset=\"https:\/\/files.sunoresearch.com.br\/n\/uploads\/2023\/03\/400x300-Controle-de-Investimentos.png\">\n\t\t\t\t<img class=\"newsContent__article__imgCapa newsContent__article__imgCapa--banner\"\n\t\t\t\t\tsrc=\"https:\/\/files.sunoresearch.com.br\/n\/uploads\/2023\/03\/1420x240-Controle-de-Investimentos.png\"\n\t\t\t\t\tdata-promo-id=\"75934\"\t\t\t\t\t\t\t\t\t\twidth='1420' height='240'\t\t\t\t\talt=\"https:\/\/files.sunoresearch.com.br\/n\/uploads\/2023\/03\/1420x240-Controle-de-Investimentos.png\"\n\t\t\t\t>\n\t\t\t<\/picture>\n\t\t<\/a>\n\t<\/p>\n\n\u00a0 <\/span><\/p>\n<p>O banco, por sua vez, nega que essa tenha sido a raz\u00e3o para as altera\u00e7\u00f5es no fundo. Mas, nos bastidores, a recusa da Funcef em participar da <a href=\"https:\/\/www.suno.com.br\/artigos\/ipo\/\">oferta p\u00fablica inicial de a\u00e7\u00f5es (IPO)<\/a> da Caixa Seguridade, opera\u00e7\u00e3o realizada no fim de abril, \u00e9 apontada como gota d&#8217;\u00e1gua para a troca de comando.<\/p>\n<p>O ingresso do fundo de pens\u00e3o poderia elevar o pre\u00e7o da oferta e, consequentemente, os ganhos do banco. Procurada, a Funcef n\u00e3o quis se manifestar sobre o epis\u00f3dio envolvendo o IPO.<\/p>\n<h2>Estatal vendeu participa\u00e7\u00e3o no Banco Pan (BPAN4)<\/h2>\n<p>O <a href=\"https:\/\/www.suno.com.br\/acoes\/bpan4\/\"><strong>Banco Pan<\/strong> (BPAN4)<\/a>, recentemente adquirido pelo <a href=\"https:\/\/www.suno.com.br\/acoes\/bpac11\/\">BTG Pactual (BPAC11)<\/a>, foi informado pelo bra\u00e7o de participa\u00e7\u00f5es da Caixa Econ\u00f4mica Federal, o CaixaPar, antes s\u00f3cio do Pan, <a href=\"https:\/\/www.suno.com.br\/artigos\/fusoes-aquisicoes\/\">sobre a venda total de sua participa\u00e7\u00e3o<\/a>.<\/p>\n<p>&#8220;A CaixaPar informou ainda que em decorr\u00eancia da aliena\u00e7\u00e3o, foi firmado distrato do acordo de acionistas celebrado com Banco BTG Pactual, deixando de exercer o co-controle do Banco Pan&#8221;, diz o comunicado publicado no fim da noite de quarta (19).<\/p>\n<p>A aliena\u00e7\u00e3o vem menos de um m\u00eas ap\u00f3s o <a href=\"https:\/\/www.suno.com.br\/artigos\/cade\/\">Conselho Administrativo de Defesa Econ\u00f4mica (Cade)<\/a> aprovar, sem restri\u00e7\u00f5es, a compra das a\u00e7\u00f5es do CaixaPar pelo Banco Sistema, subsidi\u00e1rio integral do BTG Pactual.<\/p>\n<p>Antes da movimenta\u00e7\u00e3o, o capital votante do Pan era dividido em 50,8% do BTG Pactual e os 49,2% restantes em posse da CaixaPar. O acordo de venda foi anunciado pela <strong>Caixa<\/strong> e pelo BTG no in\u00edcio de abril, no valor aproximado de R$ 3,7 bilh\u00f5es.<\/p>\n<p><span style=\"font-weight: 400;\">\u00a0\t<p>\n\t\t<a href=\"https:\/\/lp.suno.com.br\/planilha-da-vida-financeira\/\" target=\"_blank\" data-element=\"shortcode-suno-banner\" title=\"Banner SUNO, clique e saiba mais\">\n\t\t\t<picture>\n\t\t\t\t<source media=\"(max-width: 500px)\" srcset=\"https:\/\/files.sunoresearch.com.br\/n\/uploads\/2023\/04\/400x300-Planilha-vida-financeira-true.png\">\n\t\t\t\t<img class=\"newsContent__article__imgCapa newsContent__article__imgCapa--banner\"\n\t\t\t\t\tsrc=\"https:\/\/files.sunoresearch.com.br\/n\/uploads\/2023\/04\/1420x240-Planilha-vida-financeira-true.png\"\n\t\t\t\t\tdata-promo-id=\"106682\"\t\t\t\t\t\t\t\t\t\twidth='1420' height='240'\t\t\t\t\talt=\"https:\/\/files.sunoresearch.com.br\/n\/uploads\/2023\/04\/1420x240-Planilha-vida-financeira-true.png\"\n\t\t\t\t>\n\t\t\t<\/picture>\n\t\t<\/a>\n\t<\/p>\n\n<\/span><\/p>\n<p><strong><em>Com informa\u00e7\u00f5es do Estad\u00e3o Conte\u00fado e da Ag\u00eancia Brasil<\/em><\/strong><\/p>\n","protected":false},"excerpt":{"rendered":"<p>Segundo an\u00fancio do presidente da Caixa Econ\u00f4mica Federal, Pedro Guimar\u00e3es, a estatal ir\u00e1 abrir um total de 130 unidades at\u00e9 o fim de 2021. A fala ocorreu nesta quinta-feira (20) e, segundo Guimar\u00e3es, ser\u00e3o 79 unidades para atendimento ao p\u00fablico e 51 unidades especializadas em agroneg\u00f3cio, abarcando 128 munic\u00edpios no total. Recentemente, a Abono salarial [&hellip;]<\/p>\n","protected":false},"author":73,"featured_media":148606,"comment_status":"closed","ping_status":"closed","sticky":false,"template":"","format":"standard","meta":[],"categories":[64],"tags":[370,1199,1556],"suno_strategy":[],"class_list":["post-149971","post","type-post","status-publish","format-standard","has-post-thumbnail","hentry","category-negocios","tag-banco-pan-bpan4","tag-caixa-economica-federal-cef","tag-governo-federal"],"yoast_head":"<!-- This site is optimized with the Yoast SEO plugin v24.4 - https:\/\/yoast.com\/wordpress\/plugins\/seo\/ -->\n<title>Caixa anuncia que abrir\u00e1 130 novas unidades at\u00e9 o fim de 2021<\/title>\n<meta name=\"description\" content=\"O presidente da Caixa, Pedro Guimar\u00e3es, informou que ser\u00e3o 79 de atendimento ao p\u00fablico e 51 especializadas no agroneg\u00f3cio. Leia sobre\" \/>\n<meta name=\"robots\" content=\"index, follow, max-snippet:-1, max-image-preview:large, max-video-preview:-1\" \/>\n<link rel=\"canonical\" href=\"https:\/\/www.suno.com.br\/noticias\/caixa-anuncia-novas-unidades-fim-2021\/\" \/>\n<meta property=\"og:locale\" content=\"pt_BR\" \/>\n<meta property=\"og:type\" content=\"article\" \/>\n<meta property=\"og:title\" content=\"Caixa anuncia que abrir\u00e1 130 novas unidades at\u00e9 o fim de 2021\" \/>\n<meta property=\"og:description\" content=\"O presidente da Caixa, Pedro Guimar\u00e3es, informou que ser\u00e3o 79 de atendimento ao p\u00fablico e 51 especializadas no agroneg\u00f3cio. Leia sobre\" \/>\n<meta property=\"og:url\" content=\"https:\/\/www.suno.com.br\/noticias\/caixa-anuncia-novas-unidades-fim-2021\/\" \/>\n<meta property=\"og:site_name\" content=\"Suno Not\u00edcias\" \/>\n<meta property=\"article:publisher\" content=\"https:\/\/facebook.com\/sunoresearch\" \/>\n<meta property=\"og:image\" content=\"https:\/\/files.sunoresearch.com.br\/n\/uploads\/2021\/05\/abfe74ee-caixa_economica_federal0505202673.jpg\" \/>\n\t<meta property=\"og:image:width\" content=\"1170\" \/>\n\t<meta property=\"og:image:height\" content=\"700\" \/>\n\t<meta property=\"og:image:type\" content=\"image\/jpeg\" \/>\n<meta name=\"author\" content=\"Eduardo Vargas\" \/>\n<meta name=\"twitter:card\" content=\"summary_large_image\" \/>\n<meta name=\"twitter:creator\" content=\"@sunoresearch\" \/>\n<meta name=\"twitter:site\" content=\"@sunoresearch\" \/>\n<meta name=\"twitter:label1\" content=\"Escrito por\" \/>\n\t<meta name=\"twitter:data1\" content=\"Eduardo Vargas\" \/>\n\t<meta name=\"twitter:label2\" content=\"Est. tempo de leitura\" \/>\n\t<meta name=\"twitter:data2\" content=\"4 minutos\" \/>\n<script type=\"application\/ld+json\" class=\"yoast-schema-graph\">{\"@context\":\"https:\/\/schema.org\",\"@graph\":[{\"@type\":\"NewsArticle\",\"@id\":\"https:\/\/www.suno.com.br\/noticias\/caixa-anuncia-novas-unidades-fim-2021\/#article\",\"isPartOf\":{\"@id\":\"https:\/\/www.suno.com.br\/noticias\/caixa-anuncia-novas-unidades-fim-2021\/\"},\"author\":{\"name\":\"Eduardo Vargas\",\"@id\":\"https:\/\/www.suno.com.br\/noticias\/#\/schema\/person\/7f4d362bf3518e76090143ae77bb49a5\"},\"headline\":\"Caixa anuncia que abrir\u00e1 130 novas unidades at\u00e9 o fim de 2021\",\"datePublished\":\"2021-05-21T13:13:57+00:00\",\"mainEntityOfPage\":{\"@id\":\"https:\/\/www.suno.com.br\/noticias\/caixa-anuncia-novas-unidades-fim-2021\/\"},\"wordCount\":713,\"publisher\":{\"@id\":\"https:\/\/www.suno.com.br\/noticias\/#organization\"},\"image\":{\"@id\":\"https:\/\/www.suno.com.br\/noticias\/caixa-anuncia-novas-unidades-fim-2021\/#primaryimage\"},\"thumbnailUrl\":\"https:\/\/files.sunoresearch.com.br\/n\/uploads\/2021\/05\/abfe74ee-caixa_economica_federal0505202673-jpg.webp\",\"keywords\":[\"Banco Pan (BPAN4)\",\"Caixa Econ\u00f4mica Federal (CEF)\",\"governo federal\"],\"articleSection\":[\"Neg\u00f3cios\"],\"inLanguage\":\"pt-BR\"},{\"@type\":\"WebPage\",\"@id\":\"https:\/\/www.suno.com.br\/noticias\/caixa-anuncia-novas-unidades-fim-2021\/\",\"url\":\"https:\/\/www.suno.com.br\/noticias\/caixa-anuncia-novas-unidades-fim-2021\/\",\"name\":\"Caixa anuncia que abrir\u00e1 130 novas unidades at\u00e9 o fim de 2021\",\"isPartOf\":{\"@id\":\"https:\/\/www.suno.com.br\/noticias\/#website\"},\"primaryImageOfPage\":{\"@id\":\"https:\/\/www.suno.com.br\/noticias\/caixa-anuncia-novas-unidades-fim-2021\/#primaryimage\"},\"image\":{\"@id\":\"https:\/\/www.suno.com.br\/noticias\/caixa-anuncia-novas-unidades-fim-2021\/#primaryimage\"},\"thumbnailUrl\":\"https:\/\/files.sunoresearch.com.br\/n\/uploads\/2021\/05\/abfe74ee-caixa_economica_federal0505202673-jpg.webp\",\"datePublished\":\"2021-05-21T13:13:57+00:00\",\"description\":\"O presidente da Caixa, Pedro Guimar\u00e3es, informou que ser\u00e3o 79 de atendimento ao p\u00fablico e 51 especializadas no agroneg\u00f3cio. Leia sobre\",\"breadcrumb\":{\"@id\":\"https:\/\/www.suno.com.br\/noticias\/caixa-anuncia-novas-unidades-fim-2021\/#breadcrumb\"},\"inLanguage\":\"pt-BR\",\"potentialAction\":[{\"@type\":\"ReadAction\",\"target\":[\"https:\/\/www.suno.com.br\/noticias\/caixa-anuncia-novas-unidades-fim-2021\/\"]}]},{\"@type\":\"ImageObject\",\"inLanguage\":\"pt-BR\",\"@id\":\"https:\/\/www.suno.com.br\/noticias\/caixa-anuncia-novas-unidades-fim-2021\/#primaryimage\",\"url\":\"https:\/\/files.sunoresearch.com.br\/n\/uploads\/2021\/05\/abfe74ee-caixa_economica_federal0505202673-jpg.webp\",\"contentUrl\":\"https:\/\/files.sunoresearch.com.br\/n\/uploads\/2021\/05\/abfe74ee-caixa_economica_federal0505202673-jpg.webp\",\"width\":1170,\"height\":700,\"caption\":\"Recentemente, a Abono salarial de 2019 esquecido por trabalhadores j\u00e1 pode ser pedido. Foto: Marcelo Camargo\/Ag\u00eancia Brasil.\"},{\"@type\":\"BreadcrumbList\",\"@id\":\"https:\/\/www.suno.com.br\/noticias\/caixa-anuncia-novas-unidades-fim-2021\/#breadcrumb\",\"itemListElement\":[{\"@type\":\"ListItem\",\"position\":1,\"name\":\"Not\u00edcias\",\"item\":\"https:\/\/www.suno.com.br\/noticias\/\"},{\"@type\":\"ListItem\",\"position\":2,\"name\":\"Neg\u00f3cios\",\"item\":\"https:\/\/www.suno.com.br\/noticias\/negocios\/\"},{\"@type\":\"ListItem\",\"position\":3,\"name\":\"Caixa anuncia que abrir\u00e1 130 novas unidades at\u00e9 o fim de 2021\"}]},{\"@type\":\"WebSite\",\"@id\":\"https:\/\/www.suno.com.br\/noticias\/#website\",\"url\":\"https:\/\/www.suno.com.br\/noticias\/\",\"name\":\"Suno Not\u00edcias\",\"description\":\"Seu portal de informa\u00e7\u00e3o sobre o mundo dos investimentos\",\"publisher\":{\"@id\":\"https:\/\/www.suno.com.br\/noticias\/#organization\"},\"potentialAction\":[{\"@type\":\"SearchAction\",\"target\":{\"@type\":\"EntryPoint\",\"urlTemplate\":\"https:\/\/www.suno.com.br\/noticias\/?s={search_term_string}\"},\"query-input\":{\"@type\":\"PropertyValueSpecification\",\"valueRequired\":true,\"valueName\":\"search_term_string\"}}],\"inLanguage\":\"pt-BR\"},{\"@type\":\"Organization\",\"@id\":\"https:\/\/www.suno.com.br\/noticias\/#organization\",\"name\":\"Suno Not\u00edcias\",\"url\":\"https:\/\/www.suno.com.br\/noticias\/\",\"logo\":{\"@type\":\"ImageObject\",\"inLanguage\":\"pt-BR\",\"@id\":\"https:\/\/www.suno.com.br\/noticias\/#\/schema\/logo\/image\/\",\"url\":\"https:\/\/files.sunoresearch.com.br\/n\/uploads\/2021\/09\/suno-logo.png\",\"contentUrl\":\"https:\/\/files.sunoresearch.com.br\/n\/uploads\/2021\/09\/suno-logo.png\",\"width\":180,\"height\":180,\"caption\":\"Suno Not\u00edcias\"},\"image\":{\"@id\":\"https:\/\/www.suno.com.br\/noticias\/#\/schema\/logo\/image\/\"},\"sameAs\":[\"https:\/\/facebook.com\/sunoresearch\",\"https:\/\/x.com\/sunoresearch\",\"https:\/\/www.instagram.com\/suno\",\"https:\/\/www.linkedin.com\/company\/suno-research\/\",\"https:\/\/www.youtube.com\/c\/sunoresearch\"]},{\"@type\":\"Person\",\"@id\":\"https:\/\/www.suno.com.br\/noticias\/#\/schema\/person\/7f4d362bf3518e76090143ae77bb49a5\",\"name\":\"Eduardo Vargas\",\"image\":{\"@type\":\"ImageObject\",\"inLanguage\":\"pt-BR\",\"@id\":\"https:\/\/www.suno.com.br\/noticias\/#\/schema\/person\/image\/\",\"url\":\"https:\/\/secure.gravatar.com\/avatar\/dac340933427a22924c9f99d1eb2e3f2?s=96&r=g\",\"contentUrl\":\"https:\/\/secure.gravatar.com\/avatar\/dac340933427a22924c9f99d1eb2e3f2?s=96&r=g\",\"caption\":\"Eduardo Vargas\"},\"description\":\"Jornalista formado pela UFSC, cobre macroeconomia, neg\u00f3cios e startups para o Suno Not\u00edcias, escrevendo principalmente not\u00edcias sobre o mercado financeiro e a bolsa de valores. No YouTube e no Instagram, \u00e9 respons\u00e1vel pela produ\u00e7\u00e3o de Reels e Shorts do Suno Not\u00edcias. Anteriormente, trabalhou cobrindo economia e cotidiano no ND+ e para o ND, maior jornal impresso de Santa Catarina. Cursou um semestre letivo de Estudos de M\u00eddia na Universidad de Buenos Aires.\",\"url\":\"https:\/\/www.suno.com.br\/noticias\/author\/eduardo-vargas\/\"}]}<\/script>\n<!-- \/ Yoast SEO plugin. -->","yoast_head_json":{"title":"Caixa anuncia que abrir\u00e1 130 novas unidades at\u00e9 o fim de 2021","description":"O presidente da Caixa, Pedro Guimar\u00e3es, informou que ser\u00e3o 79 de atendimento ao p\u00fablico e 51 especializadas no agroneg\u00f3cio. Leia sobre","robots":{"index":"index","follow":"follow","max-snippet":"max-snippet:-1","max-image-preview":"max-image-preview:large","max-video-preview":"max-video-preview:-1"},"canonical":"https:\/\/www.suno.com.br\/noticias\/caixa-anuncia-novas-unidades-fim-2021\/","og_locale":"pt_BR","og_type":"article","og_title":"Caixa anuncia que abrir\u00e1 130 novas unidades at\u00e9 o fim de 2021","og_description":"O presidente da Caixa, Pedro Guimar\u00e3es, informou que ser\u00e3o 79 de atendimento ao p\u00fablico e 51 especializadas no agroneg\u00f3cio. Leia sobre","og_url":"https:\/\/www.suno.com.br\/noticias\/caixa-anuncia-novas-unidades-fim-2021\/","og_site_name":"Suno Not\u00edcias","article_publisher":"https:\/\/facebook.com\/sunoresearch","og_image":[{"width":1170,"height":700,"url":"https:\/\/files.sunoresearch.com.br\/n\/uploads\/2021\/05\/abfe74ee-caixa_economica_federal0505202673.jpg","type":"image\/jpeg"}],"author":"Eduardo Vargas","twitter_card":"summary_large_image","twitter_creator":"@sunoresearch","twitter_site":"@sunoresearch","twitter_misc":{"Escrito por":"Eduardo Vargas","Est. tempo de leitura":"4 minutos"},"schema":{"@context":"https:\/\/schema.org","@graph":[{"@type":"NewsArticle","@id":"https:\/\/www.suno.com.br\/noticias\/caixa-anuncia-novas-unidades-fim-2021\/#article","isPartOf":{"@id":"https:\/\/www.suno.com.br\/noticias\/caixa-anuncia-novas-unidades-fim-2021\/"},"author":{"name":"Eduardo Vargas","@id":"https:\/\/www.suno.com.br\/noticias\/#\/schema\/person\/7f4d362bf3518e76090143ae77bb49a5"},"headline":"Caixa anuncia que abrir\u00e1 130 novas unidades at\u00e9 o fim de 2021","datePublished":"2021-05-21T13:13:57+00:00","mainEntityOfPage":{"@id":"https:\/\/www.suno.com.br\/noticias\/caixa-anuncia-novas-unidades-fim-2021\/"},"wordCount":713,"publisher":{"@id":"https:\/\/www.suno.com.br\/noticias\/#organization"},"image":{"@id":"https:\/\/www.suno.com.br\/noticias\/caixa-anuncia-novas-unidades-fim-2021\/#primaryimage"},"thumbnailUrl":"https:\/\/files.sunoresearch.com.br\/n\/uploads\/2021\/05\/abfe74ee-caixa_economica_federal0505202673-jpg.webp","keywords":["Banco Pan (BPAN4)","Caixa Econ\u00f4mica Federal (CEF)","governo federal"],"articleSection":["Neg\u00f3cios"],"inLanguage":"pt-BR"},{"@type":"WebPage","@id":"https:\/\/www.suno.com.br\/noticias\/caixa-anuncia-novas-unidades-fim-2021\/","url":"https:\/\/www.suno.com.br\/noticias\/caixa-anuncia-novas-unidades-fim-2021\/","name":"Caixa anuncia que abrir\u00e1 130 novas unidades at\u00e9 o fim de 2021","isPartOf":{"@id":"https:\/\/www.suno.com.br\/noticias\/#website"},"primaryImageOfPage":{"@id":"https:\/\/www.suno.com.br\/noticias\/caixa-anuncia-novas-unidades-fim-2021\/#primaryimage"},"image":{"@id":"https:\/\/www.suno.com.br\/noticias\/caixa-anuncia-novas-unidades-fim-2021\/#primaryimage"},"thumbnailUrl":"https:\/\/files.sunoresearch.com.br\/n\/uploads\/2021\/05\/abfe74ee-caixa_economica_federal0505202673-jpg.webp","datePublished":"2021-05-21T13:13:57+00:00","description":"O presidente da Caixa, Pedro Guimar\u00e3es, informou que ser\u00e3o 79 de atendimento ao p\u00fablico e 51 especializadas no agroneg\u00f3cio. Leia sobre","breadcrumb":{"@id":"https:\/\/www.suno.com.br\/noticias\/caixa-anuncia-novas-unidades-fim-2021\/#breadcrumb"},"inLanguage":"pt-BR","potentialAction":[{"@type":"ReadAction","target":["https:\/\/www.suno.com.br\/noticias\/caixa-anuncia-novas-unidades-fim-2021\/"]}]},{"@type":"ImageObject","inLanguage":"pt-BR","@id":"https:\/\/www.suno.com.br\/noticias\/caixa-anuncia-novas-unidades-fim-2021\/#primaryimage","url":"https:\/\/files.sunoresearch.com.br\/n\/uploads\/2021\/05\/abfe74ee-caixa_economica_federal0505202673-jpg.webp","contentUrl":"https:\/\/files.sunoresearch.com.br\/n\/uploads\/2021\/05\/abfe74ee-caixa_economica_federal0505202673-jpg.webp","width":1170,"height":700,"caption":"Recentemente, a Abono salarial de 2019 esquecido por trabalhadores j\u00e1 pode ser pedido. Foto: Marcelo Camargo\/Ag\u00eancia Brasil."},{"@type":"BreadcrumbList","@id":"https:\/\/www.suno.com.br\/noticias\/caixa-anuncia-novas-unidades-fim-2021\/#breadcrumb","itemListElement":[{"@type":"ListItem","position":1,"name":"Not\u00edcias","item":"https:\/\/www.suno.com.br\/noticias\/"},{"@type":"ListItem","position":2,"name":"Neg\u00f3cios","item":"https:\/\/www.suno.com.br\/noticias\/negocios\/"},{"@type":"ListItem","position":3,"name":"Caixa anuncia que abrir\u00e1 130 novas unidades at\u00e9 o fim de 2021"}]},{"@type":"WebSite","@id":"https:\/\/www.suno.com.br\/noticias\/#website","url":"https:\/\/www.suno.com.br\/noticias\/","name":"Suno Not\u00edcias","description":"Seu portal de informa\u00e7\u00e3o sobre o mundo dos investimentos","publisher":{"@id":"https:\/\/www.suno.com.br\/noticias\/#organization"},"potentialAction":[{"@type":"SearchAction","target":{"@type":"EntryPoint","urlTemplate":"https:\/\/www.suno.com.br\/noticias\/?s={search_term_string}"},"query-input":{"@type":"PropertyValueSpecification","valueRequired":true,"valueName":"search_term_string"}}],"inLanguage":"pt-BR"},{"@type":"Organization","@id":"https:\/\/www.suno.com.br\/noticias\/#organization","name":"Suno Not\u00edcias","url":"https:\/\/www.suno.com.br\/noticias\/","logo":{"@type":"ImageObject","inLanguage":"pt-BR","@id":"https:\/\/www.suno.com.br\/noticias\/#\/schema\/logo\/image\/","url":"https:\/\/files.sunoresearch.com.br\/n\/uploads\/2021\/09\/suno-logo.png","contentUrl":"https:\/\/files.sunoresearch.com.br\/n\/uploads\/2021\/09\/suno-logo.png","width":180,"height":180,"caption":"Suno Not\u00edcias"},"image":{"@id":"https:\/\/www.suno.com.br\/noticias\/#\/schema\/logo\/image\/"},"sameAs":["https:\/\/facebook.com\/sunoresearch","https:\/\/x.com\/sunoresearch","https:\/\/www.instagram.com\/suno","https:\/\/www.linkedin.com\/company\/suno-research\/","https:\/\/www.youtube.com\/c\/sunoresearch"]},{"@type":"Person","@id":"https:\/\/www.suno.com.br\/noticias\/#\/schema\/person\/7f4d362bf3518e76090143ae77bb49a5","name":"Eduardo Vargas","image":{"@type":"ImageObject","inLanguage":"pt-BR","@id":"https:\/\/www.suno.com.br\/noticias\/#\/schema\/person\/image\/","url":"https:\/\/secure.gravatar.com\/avatar\/dac340933427a22924c9f99d1eb2e3f2?s=96&r=g","contentUrl":"https:\/\/secure.gravatar.com\/avatar\/dac340933427a22924c9f99d1eb2e3f2?s=96&r=g","caption":"Eduardo Vargas"},"description":"Jornalista formado pela UFSC, cobre macroeconomia, neg\u00f3cios e startups para o Suno Not\u00edcias, escrevendo principalmente not\u00edcias sobre o mercado financeiro e a bolsa de valores. No YouTube e no Instagram, \u00e9 respons\u00e1vel pela produ\u00e7\u00e3o de Reels e Shorts do Suno Not\u00edcias. Anteriormente, trabalhou cobrindo economia e cotidiano no ND+ e para o ND, maior jornal impresso de Santa Catarina. Cursou um semestre letivo de Estudos de M\u00eddia na Universidad de Buenos Aires.","url":"https:\/\/www.suno.com.br\/noticias\/author\/eduardo-vargas\/"}]}},"default_loop_html":"<div class=\"cardsPage__listCard__boxs\"><div class=\"cardsPage__listCard__boxs__img\"><a href=\"https:\/\/www.suno.com.br\/noticias\/caixa-anuncia-novas-unidades-fim-2021\/\"><img class=\"mask\" src=\"https:\/\/www.suno.com.br\/noticias\/wp-content\/themes\/suno\/resources\/images\/spotlight\/spotlight1img\/bg-mask.png\" alt=\"Image Mask\"\/><img src=\"https:\/\/files.sunoresearch.com.br\/n\/uploads\/2021\/05\/abfe74ee-caixa_economica_federal0505202673-400x200.webp\" alt=\"Caixa anuncia que abrir\u00e1 130 novas unidades at\u00e9 o fim de 2021\"\/><\/a><span class=\"spotlightCategory\"><a href=\"https:\/\/www.suno.com.br\/noticias\/negocios\/\">Neg\u00f3cios<\/a><\/span><\/div><div class=\"cardsPage__listCard__boxs__content\"><a href=\"https:\/\/www.suno.com.br\/noticias\/caixa-anuncia-novas-unidades-fim-2021\/\"><h2 class=\"content__title\">Caixa anuncia que abrir\u00e1 130 novas unidades at\u00e9 o fim de 2021<\/h2><\/a><div class=\"newsContent__article__meta\"><div class=\"newsContent__article__meta__authorBox\"><a href=\"https:\/\/www.suno.com.br\/noticias\/author\/eduardo-vargas\/\" class=\"authorBox__avatar noMobi\"><img src=\"https:\/\/secure.gravatar.com\/avatar\/dac340933427a22924c9f99d1eb2e3f2?s=96&#038;r=g\" alt=\"Eduardo Vargas\"><\/a><div class=\"authorBox__name\"><span>por\n\t\t\t<a href=\"https:\/\/www.suno.com.br\/noticias\/author\/eduardo-vargas\/\"><span itemprop=\"author\">Eduardo Vargas<\/span><\/a><\/span><time datetime=\"2021-05-21T10:13:57-03:00\" itemprop=\"datePublished\">21\/05\/2021 10:13<\/time><\/div><\/div><\/div><\/div><\/div>","single_layout":"posts","amp_enabled":true,"_links":{"self":[{"href":"https:\/\/www.suno.com.br\/noticias\/wp-json\/wp\/v2\/posts\/149971"}],"collection":[{"href":"https:\/\/www.suno.com.br\/noticias\/wp-json\/wp\/v2\/posts"}],"about":[{"href":"https:\/\/www.suno.com.br\/noticias\/wp-json\/wp\/v2\/types\/post"}],"author":[{"embeddable":true,"href":"https:\/\/www.suno.com.br\/noticias\/wp-json\/wp\/v2\/users\/73"}],"replies":[{"embeddable":true,"href":"https:\/\/www.suno.com.br\/noticias\/wp-json\/wp\/v2\/comments?post=149971"}],"version-history":[{"count":2,"href":"https:\/\/www.suno.com.br\/noticias\/wp-json\/wp\/v2\/posts\/149971\/revisions"}],"predecessor-version":[{"id":154940,"href":"https:\/\/www.suno.com.br\/noticias\/wp-json\/wp\/v2\/posts\/149971\/revisions\/154940"}],"wp:featuredmedia":[{"embeddable":true,"href":"https:\/\/www.suno.com.br\/noticias\/wp-json\/wp\/v2\/media\/148606"}],"wp:attachment":[{"href":"https:\/\/www.suno.com.br\/noticias\/wp-json\/wp\/v2\/media?parent=149971"}],"wp:term":[{"taxonomy":"category","embeddable":true,"href":"https:\/\/www.suno.com.br\/noticias\/wp-json\/wp\/v2\/categories?post=149971"},{"taxonomy":"post_tag","embeddable":true,"href":"https:\/\/www.suno.com.br\/noticias\/wp-json\/wp\/v2\/tags?post=149971"},{"taxonomy":"suno_strategy","embeddable":true,"href":"https:\/\/www.suno.com.br\/noticias\/wp-json\/wp\/v2\/suno_strategy?post=149971"}],"curies":[{"name":"wp","href":"https:\/\/api.w.org\/{rel}","templated":true}]}}