{"id":149957,"date":"2021-05-21T08:42:36","date_gmt":"2021-05-21T11:42:36","guid":{"rendered":"https:\/\/www.suno.com.br\/noticias\/?p=149957"},"modified":"2021-06-24T02:05:25","modified_gmt":"2021-06-24T05:05:25","slug":"agenda-do-dia-bolsonaro-em-evento-pmis-vencimento-de-opcoes","status":"publish","type":"post","link":"https:\/\/www.suno.com.br\/noticias\/agenda-do-dia-bolsonaro-em-evento-pmis-vencimento-de-opcoes\/","title":{"rendered":"Agenda do dia: Bolsonaro em evento, PMIs, vencimento de op\u00e7\u00f5es"},"content":{"rendered":"<p>Na<strong> agenda do dia<\/strong> desta sexta-feira (21), destaque para a participa\u00e7\u00e3o do presidente da Rep\u00fablica Jair Bolsonaro em evento e para a publica\u00e7\u00e3o, pelo IHS Markit, de <a href=\"https:\/\/www.suno.com.br\/artigos\/pmi\/\">PMIs.<\/a><\/p>\t<div class=\"wrapper-featured-image\">\n\t\t<figure class=\"spotlightImg\">\n\n\t\t\t<picture>\n\t\t\t\t<source media=\"(max-width: 768px)\" srcset=\"https:\/\/files.sunoresearch.com.br\/n\/uploads\/2021\/03\/aeccded5-jair-bolsonaro-foto-marcos-correa-pr-400x200.webp\">\n\t\t\t\t<img loading=\"lazy\" decoding=\"async\" class=\"newsContent__article__imgCapa lazyloadDisabled \" src=\"https:\/\/files.sunoresearch.com.br\/n\/uploads\/2021\/03\/aeccded5-jair-bolsonaro-foto-marcos-correa-pr-800x450.webp\" width=\"800\" height=\"450\" alt=\"Agenda do dia: Bolsonaro em evento, PMIs, vencimento de op\u00e7\u00f5es\" fetchpriority=high \/>\n\t\t\t<\/picture>\n\n\t\t\t<figcaption class=\"wp-caption-text wp-caption-text--show\">Jair Bolsonaro: &quot;Tudo de ruim que acontece na Petrobras cai no meu colo. O que \u00e9  bom n\u00e3o cai nada em meu colo&quot;, disse.. Foto: Marcos Corr\u00eaa PR<\/figcaption>\n\t\t<\/figure>\n\t<\/div>\n\n\n<p><span style=\"font-weight: 400;\">\t<p>\n\t\t<a href=\"https:\/\/lp.suno.com.br\/planilha-controle-gastos\/\" target=\"_blank\" data-element=\"shortcode-suno-banner\" title=\"Banner SUNO, clique e saiba mais\">\n\t\t\t<picture>\n\t\t\t\t<source media=\"(max-width: 500px)\" srcset=\"https:\/\/files.sunoresearch.com.br\/n\/uploads\/2023\/03\/400x300-Planilha-controle-de-gastos.png\">\n\t\t\t\t<img class=\"newsContent__article__imgCapa newsContent__article__imgCapa--banner\"\n\t\t\t\t\tsrc=\"https:\/\/files.sunoresearch.com.br\/n\/uploads\/2023\/03\/1420x240-Planilha-controle-de-gastos.png\"\n\t\t\t\t\tdata-promo-id=\"101751\"\t\t\t\t\t\t\t\t\t\twidth='1420' height='240'\t\t\t\t\talt=\"https:\/\/files.sunoresearch.com.br\/n\/uploads\/2023\/03\/1420x240-Planilha-controle-de-gastos.png\"\n\t\t\t\t>\n\t\t\t<\/picture>\n\t\t<\/a>\n\t<\/p>\n\n <\/span><\/p>\n<p>No <strong>lado corporativo<\/strong> da agenda do dia, sem grande destaques: a sexta tem apenas a participa\u00e7\u00e3o do <a href=\"https:\/\/www.suno.com.br\/artigos\/ceo\/\">diretor-executivo (CEO)<\/a> da <a href=\"https:\/\/www.suno.com.br\/acoes\/rrrp3\/\">3R Petroleum (RRRP3)<\/a>, Ricardo Savini, em evento. Na B3, h\u00e1 o vencimento de op\u00e7\u00f5es sobre a\u00e7\u00f5es.<\/p>\n<h2>Bolsonaro participa de evento no Maranh\u00e3o<\/h2>\n<p>O presidente da Rep\u00fablica, Jair Bolsonaro, participa, \u00e0s 9h20, de evento de entrega de t\u00edtulos de propriedades rurais no Maranh\u00e3o, onde deve falar. Fora isso, a agenda do dia conta com reuni\u00f5es corriqueiras: <a href=\"https:\/\/www.suno.com.br\/tudo-sobre\/paulo-guedes\/\">Paulo Guedes<\/a> se encontra, por exemplo, com alguns secret\u00e1rios e com o ministro da Cidadania Jo\u00e3o Roma. O presidente do <a href=\"https:\/\/www.suno.com.br\/artigos\/bacen\/\">Banco Central<\/a> Roberto Campos Neto se encontra com representantes da Moody&#8217;s.<\/p>\n<p><a href=\"https:\/\/lp.suno.com.br\/suno-one\/?ppp=noticias\/hospital-care-pedido-ipo-cvm\/\"><b>Suno One: acesse gratuitamente eBooks, Minicursos, Artigos e V\u00eddeo Aulas sobre investimentos com um \u00fanico cadastro. Clique para saber mais!<\/b><\/a><\/p>\n<h2>Agenda do dia tem PMIs<\/h2>\n<p>Entre os dados macroecon\u00f4micos da agenda do dia desta sexta-feira, destaque para a publica\u00e7\u00e3o, pelo IHS Markit, dos PMIs composto, industrial e de servi\u00e7os. \u00c0s 10h45, h\u00e1 a divulga\u00e7\u00e3o dos \u00edndices dos Estados Unidos, com o mercado esperando uma leve queda na leitura de todos.<\/p>\n<p>Mais cedo, houve a publica\u00e7\u00e3o dos PMIs da Alemanha, da Uni\u00e3o Europeia e do Reino Unido: a Alemanha superou o consenso apenas na leitura do setor de servi\u00e7os. J\u00e1 o bloco econ\u00f4mico viu todos os seus \u00edndices virem melhor do que o esperado. No Reino Unido, as leituras dos \u00edndices composto e industrial vieram melhores do que o que foi projetado e a de servi\u00e7os, frustrou.<\/p>\n<p><span style=\"font-weight: 400;\">\t<p>\n\t\t<a href=\"https:\/\/lp.suno.com.br\/planilha-de-controle-de-investimentos\/\" target=\"_blank\" data-element=\"shortcode-suno-banner\" title=\"Banner SUNO, clique e saiba mais\">\n\t\t\t<picture>\n\t\t\t\t<source media=\"(max-width: 500px)\" srcset=\"https:\/\/files.sunoresearch.com.br\/n\/uploads\/2023\/03\/400x300-Controle-de-Investimentos.png\">\n\t\t\t\t<img class=\"newsContent__article__imgCapa newsContent__article__imgCapa--banner\"\n\t\t\t\t\tsrc=\"https:\/\/files.sunoresearch.com.br\/n\/uploads\/2023\/03\/1420x240-Controle-de-Investimentos.png\"\n\t\t\t\t\tdata-promo-id=\"75934\"\t\t\t\t\t\t\t\t\t\twidth='1420' height='240'\t\t\t\t\talt=\"https:\/\/files.sunoresearch.com.br\/n\/uploads\/2023\/03\/1420x240-Controle-de-Investimentos.png\"\n\t\t\t\t>\n\t\t\t<\/picture>\n\t\t<\/a>\n\t<\/p>\n\n \u00a0 \u00a0 <\/span><\/p>\n<p>Al\u00e9m dos PMIs, o Reino Unido publicou tamb\u00e9m a varia\u00e7\u00e3o das vendas do varejo em abril, que avan\u00e7aram 9,2%: o mercado previa uma alta de apenas 4,5%. Nos Estados Unidos, \u00e0s 11h, h\u00e1 a varia\u00e7\u00e3o do n\u00famero de vendas de casas no mesmo m\u00eas, marcada para \u00e0s 11h na agenda do dia.<\/p>\n<h2>Diretor da 3R Petroleum fala em evento<\/h2>\n<p>Na<strong> agenda do dia<\/strong> corporativa, sem grande movimentos: a sexta-feira conta apenas com o diretor-executivo (CEO) da 3R Petroleum participando de evento do Instituto Brasileiro de Finan\u00e7as (IBEF), \u00e0s 11h15. Na B3, h\u00e1 o <a href=\"https:\/\/www.suno.com.br\/artigos\/mercado-de-opcoes\/\">vencimento de op\u00e7\u00f5es<\/a> \u00e0s 13h.<\/p>\n<p><span style=\"font-weight: 400;\">\t<p>\n\t\t<a href=\"https:\/\/lp.suno.com.br\/planilha-da-vida-financeira\/\" target=\"_blank\" data-element=\"shortcode-suno-banner\" title=\"Banner SUNO, clique e saiba mais\">\n\t\t\t<picture>\n\t\t\t\t<source media=\"(max-width: 500px)\" srcset=\"https:\/\/files.sunoresearch.com.br\/n\/uploads\/2023\/04\/400x300-Planilha-vida-financeira-true.png\">\n\t\t\t\t<img class=\"newsContent__article__imgCapa newsContent__article__imgCapa--banner\"\n\t\t\t\t\tsrc=\"https:\/\/files.sunoresearch.com.br\/n\/uploads\/2023\/04\/1420x240-Planilha-vida-financeira-true.png\"\n\t\t\t\t\tdata-promo-id=\"106682\"\t\t\t\t\t\t\t\t\t\twidth='1420' height='240'\t\t\t\t\talt=\"https:\/\/files.sunoresearch.com.br\/n\/uploads\/2023\/04\/1420x240-Planilha-vida-financeira-true.png\"\n\t\t\t\t>\n\t\t\t<\/picture>\n\t\t<\/a>\n\t<\/p>\n\n<\/span><\/p>\n","protected":false},"excerpt":{"rendered":"<p>Na agenda do dia desta sexta-feira (21), destaque para a participa\u00e7\u00e3o do presidente da Rep\u00fablica Jair Bolsonaro em evento e para a publica\u00e7\u00e3o, pelo IHS Markit, de PMIs. Jair Bolsonaro: &quot;Tudo de ruim que acontece na Petrobras cai no meu colo. O que \u00e9 bom n\u00e3o cai nada em meu colo&quot;, disse.. Foto: Marcos Corr\u00eaa [&hellip;]<\/p>\n","protected":false},"author":59,"featured_media":130360,"comment_status":"closed","ping_status":"closed","sticky":false,"template":"","format":"standard","meta":[],"categories":[60],"tags":[719,39619,57524],"suno_strategy":[],"class_list":["post-149957","post","type-post","status-publish","format-standard","has-post-thumbnail","hentry","category-mercado","tag-jair-bolsonaro","tag-opcoes","tag-pmi"],"yoast_head":"<!-- This site is optimized with the Yoast SEO plugin v24.4 - https:\/\/yoast.com\/wordpress\/plugins\/seo\/ -->\n<title>Agenda do dia: Bolsonaro em evento, PMIs, vencimento de op\u00e7\u00f5es<\/title>\n<meta name=\"description\" content=\"Na agenda do dia desta sexta, destaque para o presidente da Rep\u00fablica Jair Bolsonaro em evento e para os PMIs. Clique aqui para saber mais.\" \/>\n<meta name=\"robots\" content=\"index, follow, max-snippet:-1, max-image-preview:large, max-video-preview:-1\" \/>\n<link rel=\"canonical\" href=\"https:\/\/www.suno.com.br\/noticias\/agenda-do-dia-bolsonaro-em-evento-pmis-vencimento-de-opcoes\/\" \/>\n<meta property=\"og:locale\" content=\"pt_BR\" \/>\n<meta property=\"og:type\" content=\"article\" \/>\n<meta property=\"og:title\" content=\"Agenda do dia: Bolsonaro em evento, PMIs, vencimento de op\u00e7\u00f5es\" \/>\n<meta property=\"og:description\" content=\"Na agenda do dia desta sexta, destaque para o presidente da Rep\u00fablica Jair Bolsonaro em evento e para os PMIs. Clique aqui para saber mais.\" \/>\n<meta property=\"og:url\" content=\"https:\/\/www.suno.com.br\/noticias\/agenda-do-dia-bolsonaro-em-evento-pmis-vencimento-de-opcoes\/\" \/>\n<meta property=\"og:site_name\" content=\"Suno Not\u00edcias\" \/>\n<meta property=\"article:publisher\" content=\"https:\/\/facebook.com\/sunoresearch\" \/>\n<meta property=\"og:image\" content=\"https:\/\/files.sunoresearch.com.br\/n\/uploads\/2021\/03\/aeccded5-jair-bolsonaro-foto-marcos-correa-pr.jpg\" \/>\n\t<meta property=\"og:image:width\" content=\"1200\" \/>\n\t<meta property=\"og:image:height\" content=\"800\" \/>\n\t<meta property=\"og:image:type\" content=\"image\/jpeg\" \/>\n<meta name=\"author\" content=\"Vitor Azevedo\" \/>\n<meta name=\"twitter:card\" content=\"summary_large_image\" \/>\n<meta name=\"twitter:creator\" content=\"@sunoresearch\" \/>\n<meta name=\"twitter:site\" content=\"@sunoresearch\" \/>\n<meta name=\"twitter:label1\" content=\"Escrito por\" \/>\n\t<meta name=\"twitter:data1\" content=\"Vitor Azevedo\" \/>\n\t<meta name=\"twitter:label2\" content=\"Est. tempo de leitura\" \/>\n\t<meta name=\"twitter:data2\" content=\"2 minutos\" \/>\n<script type=\"application\/ld+json\" class=\"yoast-schema-graph\">{\"@context\":\"https:\/\/schema.org\",\"@graph\":[{\"@type\":\"NewsArticle\",\"@id\":\"https:\/\/www.suno.com.br\/noticias\/agenda-do-dia-bolsonaro-em-evento-pmis-vencimento-de-opcoes\/#article\",\"isPartOf\":{\"@id\":\"https:\/\/www.suno.com.br\/noticias\/agenda-do-dia-bolsonaro-em-evento-pmis-vencimento-de-opcoes\/\"},\"author\":{\"name\":\"Vitor Azevedo\",\"@id\":\"https:\/\/www.suno.com.br\/noticias\/#\/schema\/person\/658d5fbc74d81f265f5df3562d0038ab\"},\"headline\":\"Agenda do dia: Bolsonaro em evento, PMIs, vencimento de op\u00e7\u00f5es\",\"datePublished\":\"2021-05-21T11:42:36+00:00\",\"dateModified\":\"2021-06-24T05:05:25+00:00\",\"mainEntityOfPage\":{\"@id\":\"https:\/\/www.suno.com.br\/noticias\/agenda-do-dia-bolsonaro-em-evento-pmis-vencimento-de-opcoes\/\"},\"wordCount\":418,\"publisher\":{\"@id\":\"https:\/\/www.suno.com.br\/noticias\/#organization\"},\"image\":{\"@id\":\"https:\/\/www.suno.com.br\/noticias\/agenda-do-dia-bolsonaro-em-evento-pmis-vencimento-de-opcoes\/#primaryimage\"},\"thumbnailUrl\":\"https:\/\/files.sunoresearch.com.br\/n\/uploads\/2021\/03\/aeccded5-jair-bolsonaro-foto-marcos-correa-pr-jpg.webp\",\"keywords\":[\"Jair Bolsonaro\",\"op\u00e7\u00f5es\",\"pmi\"],\"articleSection\":[\"Mercado\"],\"inLanguage\":\"pt-BR\"},{\"@type\":\"WebPage\",\"@id\":\"https:\/\/www.suno.com.br\/noticias\/agenda-do-dia-bolsonaro-em-evento-pmis-vencimento-de-opcoes\/\",\"url\":\"https:\/\/www.suno.com.br\/noticias\/agenda-do-dia-bolsonaro-em-evento-pmis-vencimento-de-opcoes\/\",\"name\":\"Agenda do dia: Bolsonaro em evento, PMIs, vencimento de op\u00e7\u00f5es\",\"isPartOf\":{\"@id\":\"https:\/\/www.suno.com.br\/noticias\/#website\"},\"primaryImageOfPage\":{\"@id\":\"https:\/\/www.suno.com.br\/noticias\/agenda-do-dia-bolsonaro-em-evento-pmis-vencimento-de-opcoes\/#primaryimage\"},\"image\":{\"@id\":\"https:\/\/www.suno.com.br\/noticias\/agenda-do-dia-bolsonaro-em-evento-pmis-vencimento-de-opcoes\/#primaryimage\"},\"thumbnailUrl\":\"https:\/\/files.sunoresearch.com.br\/n\/uploads\/2021\/03\/aeccded5-jair-bolsonaro-foto-marcos-correa-pr-jpg.webp\",\"datePublished\":\"2021-05-21T11:42:36+00:00\",\"dateModified\":\"2021-06-24T05:05:25+00:00\",\"description\":\"Na agenda do dia desta sexta, destaque para o presidente da Rep\u00fablica Jair Bolsonaro em evento e para os PMIs. Clique aqui para saber mais.\",\"breadcrumb\":{\"@id\":\"https:\/\/www.suno.com.br\/noticias\/agenda-do-dia-bolsonaro-em-evento-pmis-vencimento-de-opcoes\/#breadcrumb\"},\"inLanguage\":\"pt-BR\",\"potentialAction\":[{\"@type\":\"ReadAction\",\"target\":[\"https:\/\/www.suno.com.br\/noticias\/agenda-do-dia-bolsonaro-em-evento-pmis-vencimento-de-opcoes\/\"]}]},{\"@type\":\"ImageObject\",\"inLanguage\":\"pt-BR\",\"@id\":\"https:\/\/www.suno.com.br\/noticias\/agenda-do-dia-bolsonaro-em-evento-pmis-vencimento-de-opcoes\/#primaryimage\",\"url\":\"https:\/\/files.sunoresearch.com.br\/n\/uploads\/2021\/03\/aeccded5-jair-bolsonaro-foto-marcos-correa-pr-jpg.webp\",\"contentUrl\":\"https:\/\/files.sunoresearch.com.br\/n\/uploads\/2021\/03\/aeccded5-jair-bolsonaro-foto-marcos-correa-pr-jpg.webp\",\"width\":1200,\"height\":800,\"caption\":\"Jair Bolsonaro: \\\"Tudo de ruim que acontece na Petrobras cai no meu colo. O que \u00e9 bom n\u00e3o cai nada em meu colo\\\", disse.. Foto: Marcos Corr\u00eaa PR\"},{\"@type\":\"BreadcrumbList\",\"@id\":\"https:\/\/www.suno.com.br\/noticias\/agenda-do-dia-bolsonaro-em-evento-pmis-vencimento-de-opcoes\/#breadcrumb\",\"itemListElement\":[{\"@type\":\"ListItem\",\"position\":1,\"name\":\"Not\u00edcias\",\"item\":\"https:\/\/www.suno.com.br\/noticias\/\"},{\"@type\":\"ListItem\",\"position\":2,\"name\":\"Mercado\",\"item\":\"https:\/\/www.suno.com.br\/noticias\/mercado\/\"},{\"@type\":\"ListItem\",\"position\":3,\"name\":\"Agenda do dia: Bolsonaro em evento, PMIs, vencimento de op\u00e7\u00f5es\"}]},{\"@type\":\"WebSite\",\"@id\":\"https:\/\/www.suno.com.br\/noticias\/#website\",\"url\":\"https:\/\/www.suno.com.br\/noticias\/\",\"name\":\"Suno Not\u00edcias\",\"description\":\"Seu portal de informa\u00e7\u00e3o sobre o mundo dos investimentos\",\"publisher\":{\"@id\":\"https:\/\/www.suno.com.br\/noticias\/#organization\"},\"potentialAction\":[{\"@type\":\"SearchAction\",\"target\":{\"@type\":\"EntryPoint\",\"urlTemplate\":\"https:\/\/www.suno.com.br\/noticias\/?s={search_term_string}\"},\"query-input\":{\"@type\":\"PropertyValueSpecification\",\"valueRequired\":true,\"valueName\":\"search_term_string\"}}],\"inLanguage\":\"pt-BR\"},{\"@type\":\"Organization\",\"@id\":\"https:\/\/www.suno.com.br\/noticias\/#organization\",\"name\":\"Suno Not\u00edcias\",\"url\":\"https:\/\/www.suno.com.br\/noticias\/\",\"logo\":{\"@type\":\"ImageObject\",\"inLanguage\":\"pt-BR\",\"@id\":\"https:\/\/www.suno.com.br\/noticias\/#\/schema\/logo\/image\/\",\"url\":\"https:\/\/files.sunoresearch.com.br\/n\/uploads\/2021\/09\/suno-logo.png\",\"contentUrl\":\"https:\/\/files.sunoresearch.com.br\/n\/uploads\/2021\/09\/suno-logo.png\",\"width\":180,\"height\":180,\"caption\":\"Suno Not\u00edcias\"},\"image\":{\"@id\":\"https:\/\/www.suno.com.br\/noticias\/#\/schema\/logo\/image\/\"},\"sameAs\":[\"https:\/\/facebook.com\/sunoresearch\",\"https:\/\/x.com\/sunoresearch\",\"https:\/\/www.instagram.com\/suno\",\"https:\/\/www.linkedin.com\/company\/suno-research\/\",\"https:\/\/www.youtube.com\/c\/sunoresearch\"]},{\"@type\":\"Person\",\"@id\":\"https:\/\/www.suno.com.br\/noticias\/#\/schema\/person\/658d5fbc74d81f265f5df3562d0038ab\",\"name\":\"Vitor Azevedo\",\"image\":{\"@type\":\"ImageObject\",\"inLanguage\":\"pt-BR\",\"@id\":\"https:\/\/www.suno.com.br\/noticias\/#\/schema\/person\/image\/\",\"url\":\"https:\/\/secure.gravatar.com\/avatar\/62b86195291b446fe380824eb28b99a5?s=96&r=g\",\"contentUrl\":\"https:\/\/secure.gravatar.com\/avatar\/62b86195291b446fe380824eb28b99a5?s=96&r=g\",\"caption\":\"Vitor Azevedo\"},\"description\":\"Formado em jornalismo pela Unesp, escreve sobre economia e neg\u00f3cios para a Suno Not\u00edcias.\",\"url\":\"https:\/\/www.suno.com.br\/noticias\/author\/vitor-azevedo\/\"}]}<\/script>\n<!-- \/ Yoast SEO plugin. -->","yoast_head_json":{"title":"Agenda do dia: Bolsonaro em evento, PMIs, vencimento de op\u00e7\u00f5es","description":"Na agenda do dia desta sexta, destaque para o presidente da Rep\u00fablica Jair Bolsonaro em evento e para os PMIs. Clique aqui para saber mais.","robots":{"index":"index","follow":"follow","max-snippet":"max-snippet:-1","max-image-preview":"max-image-preview:large","max-video-preview":"max-video-preview:-1"},"canonical":"https:\/\/www.suno.com.br\/noticias\/agenda-do-dia-bolsonaro-em-evento-pmis-vencimento-de-opcoes\/","og_locale":"pt_BR","og_type":"article","og_title":"Agenda do dia: Bolsonaro em evento, PMIs, vencimento de op\u00e7\u00f5es","og_description":"Na agenda do dia desta sexta, destaque para o presidente da Rep\u00fablica Jair Bolsonaro em evento e para os PMIs. Clique aqui para saber mais.","og_url":"https:\/\/www.suno.com.br\/noticias\/agenda-do-dia-bolsonaro-em-evento-pmis-vencimento-de-opcoes\/","og_site_name":"Suno Not\u00edcias","article_publisher":"https:\/\/facebook.com\/sunoresearch","og_image":[{"width":1200,"height":800,"url":"https:\/\/files.sunoresearch.com.br\/n\/uploads\/2021\/03\/aeccded5-jair-bolsonaro-foto-marcos-correa-pr.jpg","type":"image\/jpeg"}],"author":"Vitor Azevedo","twitter_card":"summary_large_image","twitter_creator":"@sunoresearch","twitter_site":"@sunoresearch","twitter_misc":{"Escrito por":"Vitor Azevedo","Est. tempo de leitura":"2 minutos"},"schema":{"@context":"https:\/\/schema.org","@graph":[{"@type":"NewsArticle","@id":"https:\/\/www.suno.com.br\/noticias\/agenda-do-dia-bolsonaro-em-evento-pmis-vencimento-de-opcoes\/#article","isPartOf":{"@id":"https:\/\/www.suno.com.br\/noticias\/agenda-do-dia-bolsonaro-em-evento-pmis-vencimento-de-opcoes\/"},"author":{"name":"Vitor Azevedo","@id":"https:\/\/www.suno.com.br\/noticias\/#\/schema\/person\/658d5fbc74d81f265f5df3562d0038ab"},"headline":"Agenda do dia: Bolsonaro em evento, PMIs, vencimento de op\u00e7\u00f5es","datePublished":"2021-05-21T11:42:36+00:00","dateModified":"2021-06-24T05:05:25+00:00","mainEntityOfPage":{"@id":"https:\/\/www.suno.com.br\/noticias\/agenda-do-dia-bolsonaro-em-evento-pmis-vencimento-de-opcoes\/"},"wordCount":418,"publisher":{"@id":"https:\/\/www.suno.com.br\/noticias\/#organization"},"image":{"@id":"https:\/\/www.suno.com.br\/noticias\/agenda-do-dia-bolsonaro-em-evento-pmis-vencimento-de-opcoes\/#primaryimage"},"thumbnailUrl":"https:\/\/files.sunoresearch.com.br\/n\/uploads\/2021\/03\/aeccded5-jair-bolsonaro-foto-marcos-correa-pr-jpg.webp","keywords":["Jair Bolsonaro","op\u00e7\u00f5es","pmi"],"articleSection":["Mercado"],"inLanguage":"pt-BR"},{"@type":"WebPage","@id":"https:\/\/www.suno.com.br\/noticias\/agenda-do-dia-bolsonaro-em-evento-pmis-vencimento-de-opcoes\/","url":"https:\/\/www.suno.com.br\/noticias\/agenda-do-dia-bolsonaro-em-evento-pmis-vencimento-de-opcoes\/","name":"Agenda do dia: Bolsonaro em evento, PMIs, vencimento de op\u00e7\u00f5es","isPartOf":{"@id":"https:\/\/www.suno.com.br\/noticias\/#website"},"primaryImageOfPage":{"@id":"https:\/\/www.suno.com.br\/noticias\/agenda-do-dia-bolsonaro-em-evento-pmis-vencimento-de-opcoes\/#primaryimage"},"image":{"@id":"https:\/\/www.suno.com.br\/noticias\/agenda-do-dia-bolsonaro-em-evento-pmis-vencimento-de-opcoes\/#primaryimage"},"thumbnailUrl":"https:\/\/files.sunoresearch.com.br\/n\/uploads\/2021\/03\/aeccded5-jair-bolsonaro-foto-marcos-correa-pr-jpg.webp","datePublished":"2021-05-21T11:42:36+00:00","dateModified":"2021-06-24T05:05:25+00:00","description":"Na agenda do dia desta sexta, destaque para o presidente da Rep\u00fablica Jair Bolsonaro em evento e para os PMIs. Clique aqui para saber mais.","breadcrumb":{"@id":"https:\/\/www.suno.com.br\/noticias\/agenda-do-dia-bolsonaro-em-evento-pmis-vencimento-de-opcoes\/#breadcrumb"},"inLanguage":"pt-BR","potentialAction":[{"@type":"ReadAction","target":["https:\/\/www.suno.com.br\/noticias\/agenda-do-dia-bolsonaro-em-evento-pmis-vencimento-de-opcoes\/"]}]},{"@type":"ImageObject","inLanguage":"pt-BR","@id":"https:\/\/www.suno.com.br\/noticias\/agenda-do-dia-bolsonaro-em-evento-pmis-vencimento-de-opcoes\/#primaryimage","url":"https:\/\/files.sunoresearch.com.br\/n\/uploads\/2021\/03\/aeccded5-jair-bolsonaro-foto-marcos-correa-pr-jpg.webp","contentUrl":"https:\/\/files.sunoresearch.com.br\/n\/uploads\/2021\/03\/aeccded5-jair-bolsonaro-foto-marcos-correa-pr-jpg.webp","width":1200,"height":800,"caption":"Jair Bolsonaro: \"Tudo de ruim que acontece na Petrobras cai no meu colo. O que \u00e9 bom n\u00e3o cai nada em meu colo\", disse.. Foto: Marcos Corr\u00eaa PR"},{"@type":"BreadcrumbList","@id":"https:\/\/www.suno.com.br\/noticias\/agenda-do-dia-bolsonaro-em-evento-pmis-vencimento-de-opcoes\/#breadcrumb","itemListElement":[{"@type":"ListItem","position":1,"name":"Not\u00edcias","item":"https:\/\/www.suno.com.br\/noticias\/"},{"@type":"ListItem","position":2,"name":"Mercado","item":"https:\/\/www.suno.com.br\/noticias\/mercado\/"},{"@type":"ListItem","position":3,"name":"Agenda do dia: Bolsonaro em evento, PMIs, vencimento de op\u00e7\u00f5es"}]},{"@type":"WebSite","@id":"https:\/\/www.suno.com.br\/noticias\/#website","url":"https:\/\/www.suno.com.br\/noticias\/","name":"Suno Not\u00edcias","description":"Seu portal de informa\u00e7\u00e3o sobre o mundo dos investimentos","publisher":{"@id":"https:\/\/www.suno.com.br\/noticias\/#organization"},"potentialAction":[{"@type":"SearchAction","target":{"@type":"EntryPoint","urlTemplate":"https:\/\/www.suno.com.br\/noticias\/?s={search_term_string}"},"query-input":{"@type":"PropertyValueSpecification","valueRequired":true,"valueName":"search_term_string"}}],"inLanguage":"pt-BR"},{"@type":"Organization","@id":"https:\/\/www.suno.com.br\/noticias\/#organization","name":"Suno Not\u00edcias","url":"https:\/\/www.suno.com.br\/noticias\/","logo":{"@type":"ImageObject","inLanguage":"pt-BR","@id":"https:\/\/www.suno.com.br\/noticias\/#\/schema\/logo\/image\/","url":"https:\/\/files.sunoresearch.com.br\/n\/uploads\/2021\/09\/suno-logo.png","contentUrl":"https:\/\/files.sunoresearch.com.br\/n\/uploads\/2021\/09\/suno-logo.png","width":180,"height":180,"caption":"Suno Not\u00edcias"},"image":{"@id":"https:\/\/www.suno.com.br\/noticias\/#\/schema\/logo\/image\/"},"sameAs":["https:\/\/facebook.com\/sunoresearch","https:\/\/x.com\/sunoresearch","https:\/\/www.instagram.com\/suno","https:\/\/www.linkedin.com\/company\/suno-research\/","https:\/\/www.youtube.com\/c\/sunoresearch"]},{"@type":"Person","@id":"https:\/\/www.suno.com.br\/noticias\/#\/schema\/person\/658d5fbc74d81f265f5df3562d0038ab","name":"Vitor Azevedo","image":{"@type":"ImageObject","inLanguage":"pt-BR","@id":"https:\/\/www.suno.com.br\/noticias\/#\/schema\/person\/image\/","url":"https:\/\/secure.gravatar.com\/avatar\/62b86195291b446fe380824eb28b99a5?s=96&r=g","contentUrl":"https:\/\/secure.gravatar.com\/avatar\/62b86195291b446fe380824eb28b99a5?s=96&r=g","caption":"Vitor Azevedo"},"description":"Formado em jornalismo pela Unesp, escreve sobre economia e neg\u00f3cios para a Suno Not\u00edcias.","url":"https:\/\/www.suno.com.br\/noticias\/author\/vitor-azevedo\/"}]}},"default_loop_html":"<div class=\"cardsPage__listCard__boxs\"><div class=\"cardsPage__listCard__boxs__img\"><a href=\"https:\/\/www.suno.com.br\/noticias\/agenda-do-dia-bolsonaro-em-evento-pmis-vencimento-de-opcoes\/\"><img class=\"mask\" src=\"https:\/\/www.suno.com.br\/noticias\/wp-content\/themes\/suno\/resources\/images\/spotlight\/spotlight1img\/bg-mask.png\" alt=\"Image Mask\"\/><img src=\"https:\/\/files.sunoresearch.com.br\/n\/uploads\/2021\/03\/aeccded5-jair-bolsonaro-foto-marcos-correa-pr-400x200.webp\" alt=\"Agenda do dia: Bolsonaro em evento, PMIs, vencimento de op\u00e7\u00f5es\"\/><\/a><span class=\"spotlightCategory\"><a href=\"https:\/\/www.suno.com.br\/noticias\/mercado\/\">Mercado<\/a><\/span><\/div><div class=\"cardsPage__listCard__boxs__content\"><a href=\"https:\/\/www.suno.com.br\/noticias\/agenda-do-dia-bolsonaro-em-evento-pmis-vencimento-de-opcoes\/\"><h2 class=\"content__title\">Agenda do dia: Bolsonaro em evento, PMIs, vencimento de op\u00e7\u00f5es<\/h2><\/a><div class=\"newsContent__article__meta\"><div class=\"newsContent__article__meta__authorBox\"><a href=\"https:\/\/www.suno.com.br\/noticias\/author\/vitor-azevedo\/\" class=\"authorBox__avatar noMobi\"><img src=\"https:\/\/secure.gravatar.com\/avatar\/62b86195291b446fe380824eb28b99a5?s=96&#038;r=g\" alt=\"Vitor Azevedo\"><\/a><div class=\"authorBox__name\"><span>por\n\t\t\t<a href=\"https:\/\/www.suno.com.br\/noticias\/author\/vitor-azevedo\/\"><span itemprop=\"author\">Vitor Azevedo<\/span><\/a><\/span><time datetime=\"2021-05-21T08:42:36-03:00\" itemprop=\"datePublished\">21\/05\/2021 08:42<\/time><\/div><\/div><\/div><\/div><\/div>","single_layout":"posts","amp_enabled":true,"_links":{"self":[{"href":"https:\/\/www.suno.com.br\/noticias\/wp-json\/wp\/v2\/posts\/149957"}],"collection":[{"href":"https:\/\/www.suno.com.br\/noticias\/wp-json\/wp\/v2\/posts"}],"about":[{"href":"https:\/\/www.suno.com.br\/noticias\/wp-json\/wp\/v2\/types\/post"}],"author":[{"embeddable":true,"href":"https:\/\/www.suno.com.br\/noticias\/wp-json\/wp\/v2\/users\/59"}],"replies":[{"embeddable":true,"href":"https:\/\/www.suno.com.br\/noticias\/wp-json\/wp\/v2\/comments?post=149957"}],"version-history":[{"count":2,"href":"https:\/\/www.suno.com.br\/noticias\/wp-json\/wp\/v2\/posts\/149957\/revisions"}],"predecessor-version":[{"id":149969,"href":"https:\/\/www.suno.com.br\/noticias\/wp-json\/wp\/v2\/posts\/149957\/revisions\/149969"}],"wp:featuredmedia":[{"embeddable":true,"href":"https:\/\/www.suno.com.br\/noticias\/wp-json\/wp\/v2\/media\/130360"}],"wp:attachment":[{"href":"https:\/\/www.suno.com.br\/noticias\/wp-json\/wp\/v2\/media?parent=149957"}],"wp:term":[{"taxonomy":"category","embeddable":true,"href":"https:\/\/www.suno.com.br\/noticias\/wp-json\/wp\/v2\/categories?post=149957"},{"taxonomy":"post_tag","embeddable":true,"href":"https:\/\/www.suno.com.br\/noticias\/wp-json\/wp\/v2\/tags?post=149957"},{"taxonomy":"suno_strategy","embeddable":true,"href":"https:\/\/www.suno.com.br\/noticias\/wp-json\/wp\/v2\/suno_strategy?post=149957"}],"curies":[{"name":"wp","href":"https:\/\/api.w.org\/{rel}","templated":true}]}}