{"id":149883,"date":"2021-05-20T19:51:30","date_gmt":"2021-05-20T22:51:30","guid":{"rendered":"https:\/\/www.suno.com.br\/noticias\/?p=149883"},"modified":"2021-05-20T19:56:38","modified_gmt":"2021-05-20T22:56:38","slug":"privatizacao-eletrobras-elet3-nao-facil-senado","status":"publish","type":"post","link":"https:\/\/www.suno.com.br\/noticias\/privatizacao-eletrobras-elet3-nao-facil-senado\/","title":{"rendered":"Privatiza\u00e7\u00e3o &#8216;esquisita&#8217; da Eletrobras (ELET3) n\u00e3o ser\u00e1 jogo f\u00e1cil no Senado, dizem especialistas"},"content":{"rendered":"<p>Na noite anterior, a C\u00e2mara dos Deputados aprovou a medida provis\u00f3ria de desestatiza\u00e7\u00e3o da <a href=\"https:\/\/www.suno.com.br\/acoes\/elet3\/\"><strong>Eletrobras<\/strong> (ELET3)<\/a>, projeto aguardado h\u00e1 anos pela Faria Lima, mas apesar da vit\u00f3ria parcial, especialistas apontam que a pr\u00f3xima etapa n\u00e3o ser\u00e1 f\u00e1cil e exigir\u00e1 jogo de cintura do governo do presidente Jair Bolsonaro.<\/p>\t<div class=\"wrapper-featured-image\">\n\t\t<figure class=\"spotlightImg\">\n\n\t\t\t<picture>\n\t\t\t\t<source media=\"(max-width: 768px)\" srcset=\"https:\/\/files.sunoresearch.com.br\/n\/uploads\/2021\/05\/77de2464-116018977_3069258553182251_5230620679520675942_n-400x200.webp\">\n\t\t\t\t<img loading=\"lazy\" decoding=\"async\" class=\"newsContent__article__imgCapa lazyloadDisabled \" src=\"https:\/\/files.sunoresearch.com.br\/n\/uploads\/2021\/05\/77de2464-116018977_3069258553182251_5230620679520675942_n-800x450.webp\" width=\"800\" height=\"450\" alt=\"Privatiza\u00e7\u00e3o &#8216;esquisita&#8217; da Eletrobras (ELET3) n\u00e3o ser\u00e1 jogo f\u00e1cil no Senado, dizem especialistas\" fetchpriority=high \/>\n\t\t\t<\/picture>\n\n\t\t\t<figcaption class=\"wp-caption-text wp-caption-text--show\">Eletrobras. Foto: Reprodu\u00e7\u00e3o Facebook<\/figcaption>\n\t\t<\/figure>\n\t<\/div>\n\n\n\t<p>\n\t\t<a href=\"https:\/\/lp.suno.com.br\/planilha-controle-gastos\/\" target=\"_blank\" data-element=\"shortcode-suno-banner\" title=\"Banner SUNO, clique e saiba mais\">\n\t\t\t<picture>\n\t\t\t\t<source media=\"(max-width: 500px)\" srcset=\"https:\/\/files.sunoresearch.com.br\/n\/uploads\/2023\/03\/400x300-Planilha-controle-de-gastos.png\">\n\t\t\t\t<img class=\"newsContent__article__imgCapa newsContent__article__imgCapa--banner\"\n\t\t\t\t\tsrc=\"https:\/\/files.sunoresearch.com.br\/n\/uploads\/2023\/03\/1420x240-Planilha-controle-de-gastos.png\"\n\t\t\t\t\tdata-promo-id=\"101751\"\t\t\t\t\t\t\t\t\t\twidth='1420' height='240'\t\t\t\t\talt=\"https:\/\/files.sunoresearch.com.br\/n\/uploads\/2023\/03\/1420x240-Planilha-controle-de-gastos.png\"\n\t\t\t\t>\n\t\t\t<\/picture>\n\t\t<\/a>\n\t<\/p>\n\n\n<p>Em dezembro, a equipe econ\u00f4mica publicou um cronograma para 2021, no qual previa a <a href=\"https:\/\/www.suno.com.br\/artigos\/privatizacao\/\">privatiza\u00e7\u00e3o de nove estatais<\/a> sob o guarda-chuva na Uni\u00e3o, entre elas a Eletrobras. A <strong>MP<\/strong> \u00e9 uma das prioridades do Executivo no Congresso e foi a primeira proposta de privatiza\u00e7\u00e3o aprovada na gest\u00e3o Bolsonaro. A opera\u00e7\u00e3o \u00e9 a aposta da equipe econ\u00f4mica para ampliar os investimentos da companhia de gera\u00e7\u00e3o e transmiss\u00e3o de energia el\u00e9trica.<\/p>\n<p><iframe loading=\"lazy\" title=\"YouTube video player\" src=\"https:\/\/www.youtube.com\/embed\/FJ83d2e6C6E\" width=\"560\" height=\"315\" frameborder=\"0\" allowfullscreen=\"allowfullscreen\"><\/iframe><\/p>\n<p>O modelo de desestatiza\u00e7\u00e3o consiste na emiss\u00e3o de novas a\u00e7\u00f5es para diluir participa\u00e7\u00e3o da Uni\u00e3o, hoje em torno de 60%, para 45%. Esta, por sua vez, n\u00e3o subscreveria sua parte no <a href=\"https:\/\/www.suno.com.br\/artigos\/aumento-capital\/\">aumento de capital<\/a>. O governo, no entanto, teria para si um papel de classe especial, a golden share, o qual garantiria poder de veto em decis\u00f5es sens\u00edveis. A expectativa \u00e9 levantar R$ 60 bilh\u00f5es com a opera\u00e7\u00e3o.<\/p>\n<p><a href=\"https:\/\/lp.suno.com.br\/suno-one\/\">Suno One: acesse gratuitamente eBooks, Minicursos, Artigos e V\u00eddeo Aulas sobre investimentos com um \u00fanico cadastro. Clique para saber mais!<\/a><\/p>\n<p>De acordo com o texto do relator Elmar Nascimento (DEM-BA), o modelo poder\u00e1 ser usado para a desestatiza\u00e7\u00e3o de outras empresas p\u00fablicas. &#8220;\u00c9 uma privatiza\u00e7\u00e3o esquisita&#8221;, pontuou <strong>Rodrigo Leite<\/strong>, professor de Finan\u00e7as e Controle Gerencial do Coppead\/UFRJ. &#8220;Sui generis&#8221;.<\/p>\n<p>Mas segundo o especialista h\u00e1 problemas em outras pra\u00e7as, como no Senado. Para Leite, o tr\u00e2mite na casa deve ser particularmente dif\u00edcil devido \u00e0 <strong>CPI da Covid <\/strong>e \u00e0s &#8220;testemunhas radioativas&#8221; que l\u00e1 dep\u00f5em. &#8220;O governo est\u00e1 lutando em duas frentes. Ele tem homens para isso?&#8221;<\/p>\n\t<p>\n\t\t<a href=\"https:\/\/lp.suno.com.br\/planilha-da-vida-financeira\/\" target=\"_blank\" data-element=\"shortcode-suno-banner\" title=\"Banner SUNO, clique e saiba mais\">\n\t\t\t<picture>\n\t\t\t\t<source media=\"(max-width: 500px)\" srcset=\"https:\/\/files.sunoresearch.com.br\/n\/uploads\/2023\/04\/400x300-Planilha-vida-financeira-true.png\">\n\t\t\t\t<img class=\"newsContent__article__imgCapa newsContent__article__imgCapa--banner\"\n\t\t\t\t\tsrc=\"https:\/\/files.sunoresearch.com.br\/n\/uploads\/2023\/04\/1420x240-Planilha-vida-financeira-true.png\"\n\t\t\t\t\tdata-promo-id=\"106682\"\t\t\t\t\t\t\t\t\t\twidth='1420' height='240'\t\t\t\t\talt=\"https:\/\/files.sunoresearch.com.br\/n\/uploads\/2023\/04\/1420x240-Planilha-vida-financeira-true.png\"\n\t\t\t\t>\n\t\t\t<\/picture>\n\t\t<\/a>\n\t<\/p>\n\n\n<p><strong>Murilo Breder<\/strong>, analista de renda vari\u00e1vel da Easynvest, destacou outro ponto: o tempo. &#8220;[A MP] tem pouco tempo para ser aprovada, at\u00e9 22 de junho, para n\u00e3o perder a validade.&#8221;<\/p>\n<p>&#8220;E est\u00e1 no meio da CPI da Covid, que est\u00e1 demandando bastante tempo dos senadores&#8221;, acrescentou.<\/p>\n<h2>Como ficam as a\u00e7\u00f5es da Eletrobras?<\/h2>\n<p>Na vis\u00e3o do analista da Easynvest, apesar dos obst\u00e1culos, a aprova\u00e7\u00e3o da MP \u00e9 positiva e o mercado &#8220;bateu&#8221; nas a\u00e7\u00f5es da Eletrobras nesta quinta-feira (20). Os <a href=\"https:\/\/www.suno.com.br\/artigos\/acoes-ordinarias\/\">pap\u00e9is ordin\u00e1rios<\/a> da el\u00e9trica ca\u00edram 1,88%, para R$ 41,70.<\/p>\n<p>O Ibovespa, \u00edndice de refer\u00eancia da <a href=\"https:\/\/www.suno.com.br\/artigos\/b3\/\">Bolsa de Valores de S\u00e3o Paulo (B3)<\/a>, subiu leve 0,05%.<\/p>\n\t<div data-element=\"shortcode-read-more\" class=\"knowMore\">\n\t\t\t\t<span class=\"knowMore__title\">Leia mais<\/span>\n\t\t\t\t<a class=\"knowMore__link\" href=\"https:\/\/www.suno.com.br\/noticias\/ibovespa-alta-commodities-mp-eletrobras-elet3\/\">\n\t\t\tIbovespa tem alta discreta de 0,05% com commodities e MP da Eletrobras (ELET3)\t\t<\/a>\n\t<\/div>\n\n\n<p>J\u00e1 para <strong>Luis Sales<\/strong>, da Guide Investimentos, o impacto foi apenas &#8220;marginalmente positivo&#8221;, considerando que a &#8220;excelente&#8221; not\u00edcia j\u00e1 era esperada pelo mercado.<\/p>\n<p>No cen\u00e1rio de incertezas atual, a privatiza\u00e7\u00e3o da <strong>Eletrobras<\/strong> \u00e9 vista como uma pauta dif\u00edcil para o Senado e a opera\u00e7\u00e3o vai depender do f\u00f4lego tanto do Executivo quanto do Legislativo para passar, avaliou Rodrigo Leite, professor do Coppead\/UFRJ. Com esse tabuleiro, os pap\u00e9is est\u00e3o no pre\u00e7o, disse.<\/p>\n\t<p>\n\t\t<a href=\"https:\/\/lp.suno.com.br\/planilha-de-controle-de-investimentos\/\" target=\"_blank\" data-element=\"shortcode-suno-banner\" title=\"Banner SUNO, clique e saiba mais\">\n\t\t\t<picture>\n\t\t\t\t<source media=\"(max-width: 500px)\" srcset=\"https:\/\/files.sunoresearch.com.br\/n\/uploads\/2023\/03\/400x300-Controle-de-Investimentos.png\">\n\t\t\t\t<img class=\"newsContent__article__imgCapa newsContent__article__imgCapa--banner\"\n\t\t\t\t\tsrc=\"https:\/\/files.sunoresearch.com.br\/n\/uploads\/2023\/03\/1420x240-Controle-de-Investimentos.png\"\n\t\t\t\t\tdata-promo-id=\"75934\"\t\t\t\t\t\t\t\t\t\twidth='1420' height='240'\t\t\t\t\talt=\"https:\/\/files.sunoresearch.com.br\/n\/uploads\/2023\/03\/1420x240-Controle-de-Investimentos.png\"\n\t\t\t\t>\n\t\t\t<\/picture>\n\t\t<\/a>\n\t<\/p>\n\n\n","protected":false},"excerpt":{"rendered":"<p>Na noite anterior, a C\u00e2mara dos Deputados aprovou a medida provis\u00f3ria de desestatiza\u00e7\u00e3o da Eletrobras (ELET3), projeto aguardado h\u00e1 anos pela Faria Lima, mas apesar da vit\u00f3ria parcial, especialistas apontam que a pr\u00f3xima etapa n\u00e3o ser\u00e1 f\u00e1cil e exigir\u00e1 jogo de cintura do governo do presidente Jair Bolsonaro. Eletrobras. Foto: Reprodu\u00e7\u00e3o Facebook Em dezembro, a [&hellip;]<\/p>\n","protected":false},"author":35,"featured_media":149921,"comment_status":"closed","ping_status":"closed","sticky":false,"template":"","format":"standard","meta":[],"categories":[64],"tags":[455,105816,945],"suno_strategy":[],"class_list":["post-149883","post","type-post","status-publish","format-standard","has-post-thumbnail","hentry","category-negocios","tag-eletrobras-elet3-elet5-elet6","tag-especialistas","tag-privatizacoes"],"yoast_head":"<!-- This site is optimized with the Yoast SEO plugin v24.4 - https:\/\/yoast.com\/wordpress\/plugins\/seo\/ -->\n<title>Privatiza\u00e7\u00e3o &#039;esquisita&#039; da Eletrobras (ELET3) n\u00e3o ser\u00e1 f\u00e1cil no Senado<\/title>\n<meta name=\"description\" content=\"A C\u00e2maraaprovou a MP de privatiza\u00e7\u00e3o da Eletrobras (ELET3) e o texto segue para o Senado, mas a etapa n\u00e3o ser\u00e1 f\u00e1cil, segundo especialistas.\" \/>\n<meta name=\"robots\" content=\"index, follow, max-snippet:-1, max-image-preview:large, max-video-preview:-1\" \/>\n<link rel=\"canonical\" href=\"https:\/\/www.suno.com.br\/noticias\/privatizacao-eletrobras-elet3-nao-facil-senado\/\" \/>\n<meta property=\"og:locale\" content=\"pt_BR\" \/>\n<meta property=\"og:type\" content=\"article\" \/>\n<meta property=\"og:title\" content=\"Privatiza\u00e7\u00e3o &#039;esquisita&#039; da Eletrobras (ELET3) n\u00e3o ser\u00e1 f\u00e1cil no Senado\" \/>\n<meta property=\"og:description\" content=\"A C\u00e2maraaprovou a MP de privatiza\u00e7\u00e3o da Eletrobras (ELET3) e o texto segue para o Senado, mas a etapa n\u00e3o ser\u00e1 f\u00e1cil, segundo especialistas.\" \/>\n<meta property=\"og:url\" content=\"https:\/\/www.suno.com.br\/noticias\/privatizacao-eletrobras-elet3-nao-facil-senado\/\" \/>\n<meta property=\"og:site_name\" content=\"Suno Not\u00edcias\" \/>\n<meta property=\"article:publisher\" content=\"https:\/\/facebook.com\/sunoresearch\" \/>\n<meta property=\"og:image\" content=\"https:\/\/files.sunoresearch.com.br\/n\/uploads\/2021\/05\/77de2464-116018977_3069258553182251_5230620679520675942_n.jpg\" \/>\n\t<meta property=\"og:image:width\" content=\"1200\" \/>\n\t<meta property=\"og:image:height\" content=\"782\" \/>\n\t<meta property=\"og:image:type\" content=\"image\/jpeg\" \/>\n<meta name=\"author\" content=\"Arthur Guimar\u00e3es\" \/>\n<meta name=\"twitter:card\" content=\"summary_large_image\" \/>\n<meta name=\"twitter:creator\" content=\"@sunoresearch\" \/>\n<meta name=\"twitter:site\" content=\"@sunoresearch\" \/>\n<meta name=\"twitter:label1\" content=\"Escrito por\" \/>\n\t<meta name=\"twitter:data1\" content=\"Arthur Guimar\u00e3es\" \/>\n\t<meta name=\"twitter:label2\" content=\"Est. tempo de leitura\" \/>\n\t<meta name=\"twitter:data2\" content=\"3 minutos\" \/>\n<script type=\"application\/ld+json\" class=\"yoast-schema-graph\">{\"@context\":\"https:\/\/schema.org\",\"@graph\":[{\"@type\":\"NewsArticle\",\"@id\":\"https:\/\/www.suno.com.br\/noticias\/privatizacao-eletrobras-elet3-nao-facil-senado\/#article\",\"isPartOf\":{\"@id\":\"https:\/\/www.suno.com.br\/noticias\/privatizacao-eletrobras-elet3-nao-facil-senado\/\"},\"author\":{\"name\":\"Arthur Guimar\u00e3es\",\"@id\":\"https:\/\/www.suno.com.br\/noticias\/#\/schema\/person\/053a750a709a263919a20f976caae91c\"},\"headline\":\"Privatiza\u00e7\u00e3o &#8216;esquisita&#8217; da Eletrobras (ELET3) n\u00e3o ser\u00e1 jogo f\u00e1cil no Senado, dizem especialistas\",\"datePublished\":\"2021-05-20T22:51:30+00:00\",\"dateModified\":\"2021-05-20T22:56:38+00:00\",\"mainEntityOfPage\":{\"@id\":\"https:\/\/www.suno.com.br\/noticias\/privatizacao-eletrobras-elet3-nao-facil-senado\/\"},\"wordCount\":541,\"publisher\":{\"@id\":\"https:\/\/www.suno.com.br\/noticias\/#organization\"},\"image\":{\"@id\":\"https:\/\/www.suno.com.br\/noticias\/privatizacao-eletrobras-elet3-nao-facil-senado\/#primaryimage\"},\"thumbnailUrl\":\"https:\/\/files.sunoresearch.com.br\/n\/uploads\/2021\/05\/77de2464-116018977_3069258553182251_5230620679520675942_n-jpg.webp\",\"keywords\":[\"Eletrobras (ELET3\/ELET5\/ELET6)\",\"Especialistas\",\"privatiza\u00e7\u00f5es\"],\"articleSection\":[\"Neg\u00f3cios\"],\"inLanguage\":\"pt-BR\"},{\"@type\":\"WebPage\",\"@id\":\"https:\/\/www.suno.com.br\/noticias\/privatizacao-eletrobras-elet3-nao-facil-senado\/\",\"url\":\"https:\/\/www.suno.com.br\/noticias\/privatizacao-eletrobras-elet3-nao-facil-senado\/\",\"name\":\"Privatiza\u00e7\u00e3o 'esquisita' da Eletrobras (ELET3) n\u00e3o ser\u00e1 f\u00e1cil no Senado\",\"isPartOf\":{\"@id\":\"https:\/\/www.suno.com.br\/noticias\/#website\"},\"primaryImageOfPage\":{\"@id\":\"https:\/\/www.suno.com.br\/noticias\/privatizacao-eletrobras-elet3-nao-facil-senado\/#primaryimage\"},\"image\":{\"@id\":\"https:\/\/www.suno.com.br\/noticias\/privatizacao-eletrobras-elet3-nao-facil-senado\/#primaryimage\"},\"thumbnailUrl\":\"https:\/\/files.sunoresearch.com.br\/n\/uploads\/2021\/05\/77de2464-116018977_3069258553182251_5230620679520675942_n-jpg.webp\",\"datePublished\":\"2021-05-20T22:51:30+00:00\",\"dateModified\":\"2021-05-20T22:56:38+00:00\",\"description\":\"A C\u00e2maraaprovou a MP de privatiza\u00e7\u00e3o da Eletrobras (ELET3) e o texto segue para o Senado, mas a etapa n\u00e3o ser\u00e1 f\u00e1cil, segundo especialistas.\",\"breadcrumb\":{\"@id\":\"https:\/\/www.suno.com.br\/noticias\/privatizacao-eletrobras-elet3-nao-facil-senado\/#breadcrumb\"},\"inLanguage\":\"pt-BR\",\"potentialAction\":[{\"@type\":\"ReadAction\",\"target\":[\"https:\/\/www.suno.com.br\/noticias\/privatizacao-eletrobras-elet3-nao-facil-senado\/\"]}]},{\"@type\":\"ImageObject\",\"inLanguage\":\"pt-BR\",\"@id\":\"https:\/\/www.suno.com.br\/noticias\/privatizacao-eletrobras-elet3-nao-facil-senado\/#primaryimage\",\"url\":\"https:\/\/files.sunoresearch.com.br\/n\/uploads\/2021\/05\/77de2464-116018977_3069258553182251_5230620679520675942_n-jpg.webp\",\"contentUrl\":\"https:\/\/files.sunoresearch.com.br\/n\/uploads\/2021\/05\/77de2464-116018977_3069258553182251_5230620679520675942_n-jpg.webp\",\"width\":1200,\"height\":782,\"caption\":\"Eletrobras. Foto: Reprodu\u00e7\u00e3o Facebook\"},{\"@type\":\"BreadcrumbList\",\"@id\":\"https:\/\/www.suno.com.br\/noticias\/privatizacao-eletrobras-elet3-nao-facil-senado\/#breadcrumb\",\"itemListElement\":[{\"@type\":\"ListItem\",\"position\":1,\"name\":\"Not\u00edcias\",\"item\":\"https:\/\/www.suno.com.br\/noticias\/\"},{\"@type\":\"ListItem\",\"position\":2,\"name\":\"Neg\u00f3cios\",\"item\":\"https:\/\/www.suno.com.br\/noticias\/negocios\/\"},{\"@type\":\"ListItem\",\"position\":3,\"name\":\"Privatiza\u00e7\u00e3o &#8216;esquisita&#8217; da Eletrobras (ELET3) n\u00e3o ser\u00e1 jogo f\u00e1cil no Senado, dizem especialistas\"}]},{\"@type\":\"WebSite\",\"@id\":\"https:\/\/www.suno.com.br\/noticias\/#website\",\"url\":\"https:\/\/www.suno.com.br\/noticias\/\",\"name\":\"Suno Not\u00edcias\",\"description\":\"Seu portal de informa\u00e7\u00e3o sobre o mundo dos investimentos\",\"publisher\":{\"@id\":\"https:\/\/www.suno.com.br\/noticias\/#organization\"},\"potentialAction\":[{\"@type\":\"SearchAction\",\"target\":{\"@type\":\"EntryPoint\",\"urlTemplate\":\"https:\/\/www.suno.com.br\/noticias\/?s={search_term_string}\"},\"query-input\":{\"@type\":\"PropertyValueSpecification\",\"valueRequired\":true,\"valueName\":\"search_term_string\"}}],\"inLanguage\":\"pt-BR\"},{\"@type\":\"Organization\",\"@id\":\"https:\/\/www.suno.com.br\/noticias\/#organization\",\"name\":\"Suno Not\u00edcias\",\"url\":\"https:\/\/www.suno.com.br\/noticias\/\",\"logo\":{\"@type\":\"ImageObject\",\"inLanguage\":\"pt-BR\",\"@id\":\"https:\/\/www.suno.com.br\/noticias\/#\/schema\/logo\/image\/\",\"url\":\"https:\/\/files.sunoresearch.com.br\/n\/uploads\/2021\/09\/suno-logo.png\",\"contentUrl\":\"https:\/\/files.sunoresearch.com.br\/n\/uploads\/2021\/09\/suno-logo.png\",\"width\":180,\"height\":180,\"caption\":\"Suno Not\u00edcias\"},\"image\":{\"@id\":\"https:\/\/www.suno.com.br\/noticias\/#\/schema\/logo\/image\/\"},\"sameAs\":[\"https:\/\/facebook.com\/sunoresearch\",\"https:\/\/x.com\/sunoresearch\",\"https:\/\/www.instagram.com\/suno\",\"https:\/\/www.linkedin.com\/company\/suno-research\/\",\"https:\/\/www.youtube.com\/c\/sunoresearch\"]},{\"@type\":\"Person\",\"@id\":\"https:\/\/www.suno.com.br\/noticias\/#\/schema\/person\/053a750a709a263919a20f976caae91c\",\"name\":\"Arthur Guimar\u00e3es\",\"image\":{\"@type\":\"ImageObject\",\"inLanguage\":\"pt-BR\",\"@id\":\"https:\/\/www.suno.com.br\/noticias\/#\/schema\/person\/image\/\",\"url\":\"https:\/\/secure.gravatar.com\/avatar\/1affd86a11209ae09eb6dd3bcad3e96c?s=96&r=g\",\"contentUrl\":\"https:\/\/secure.gravatar.com\/avatar\/1affd86a11209ae09eb6dd3bcad3e96c?s=96&r=g\",\"caption\":\"Arthur Guimar\u00e3es\"},\"description\":\"Arthur Guimar\u00e3es escreve sobre pol\u00edtica, economia e neg\u00f3cios para o portal de not\u00edcias da Suno Research. Atualmente, \u00e9 estudante de jornalismo pela Faculdade C\u00e1sper L\u00edbero.\",\"url\":\"https:\/\/www.suno.com.br\/noticias\/author\/arthur-guimaraes\/\"}]}<\/script>\n<!-- \/ Yoast SEO plugin. -->","yoast_head_json":{"title":"Privatiza\u00e7\u00e3o 'esquisita' da Eletrobras (ELET3) n\u00e3o ser\u00e1 f\u00e1cil no Senado","description":"A C\u00e2maraaprovou a MP de privatiza\u00e7\u00e3o da Eletrobras (ELET3) e o texto segue para o Senado, mas a etapa n\u00e3o ser\u00e1 f\u00e1cil, segundo especialistas.","robots":{"index":"index","follow":"follow","max-snippet":"max-snippet:-1","max-image-preview":"max-image-preview:large","max-video-preview":"max-video-preview:-1"},"canonical":"https:\/\/www.suno.com.br\/noticias\/privatizacao-eletrobras-elet3-nao-facil-senado\/","og_locale":"pt_BR","og_type":"article","og_title":"Privatiza\u00e7\u00e3o 'esquisita' da Eletrobras (ELET3) n\u00e3o ser\u00e1 f\u00e1cil no Senado","og_description":"A C\u00e2maraaprovou a MP de privatiza\u00e7\u00e3o da Eletrobras (ELET3) e o texto segue para o Senado, mas a etapa n\u00e3o ser\u00e1 f\u00e1cil, segundo especialistas.","og_url":"https:\/\/www.suno.com.br\/noticias\/privatizacao-eletrobras-elet3-nao-facil-senado\/","og_site_name":"Suno Not\u00edcias","article_publisher":"https:\/\/facebook.com\/sunoresearch","og_image":[{"width":1200,"height":782,"url":"https:\/\/files.sunoresearch.com.br\/n\/uploads\/2021\/05\/77de2464-116018977_3069258553182251_5230620679520675942_n.jpg","type":"image\/jpeg"}],"author":"Arthur Guimar\u00e3es","twitter_card":"summary_large_image","twitter_creator":"@sunoresearch","twitter_site":"@sunoresearch","twitter_misc":{"Escrito por":"Arthur Guimar\u00e3es","Est. tempo de leitura":"3 minutos"},"schema":{"@context":"https:\/\/schema.org","@graph":[{"@type":"NewsArticle","@id":"https:\/\/www.suno.com.br\/noticias\/privatizacao-eletrobras-elet3-nao-facil-senado\/#article","isPartOf":{"@id":"https:\/\/www.suno.com.br\/noticias\/privatizacao-eletrobras-elet3-nao-facil-senado\/"},"author":{"name":"Arthur Guimar\u00e3es","@id":"https:\/\/www.suno.com.br\/noticias\/#\/schema\/person\/053a750a709a263919a20f976caae91c"},"headline":"Privatiza\u00e7\u00e3o &#8216;esquisita&#8217; da Eletrobras (ELET3) n\u00e3o ser\u00e1 jogo f\u00e1cil no Senado, dizem especialistas","datePublished":"2021-05-20T22:51:30+00:00","dateModified":"2021-05-20T22:56:38+00:00","mainEntityOfPage":{"@id":"https:\/\/www.suno.com.br\/noticias\/privatizacao-eletrobras-elet3-nao-facil-senado\/"},"wordCount":541,"publisher":{"@id":"https:\/\/www.suno.com.br\/noticias\/#organization"},"image":{"@id":"https:\/\/www.suno.com.br\/noticias\/privatizacao-eletrobras-elet3-nao-facil-senado\/#primaryimage"},"thumbnailUrl":"https:\/\/files.sunoresearch.com.br\/n\/uploads\/2021\/05\/77de2464-116018977_3069258553182251_5230620679520675942_n-jpg.webp","keywords":["Eletrobras (ELET3\/ELET5\/ELET6)","Especialistas","privatiza\u00e7\u00f5es"],"articleSection":["Neg\u00f3cios"],"inLanguage":"pt-BR"},{"@type":"WebPage","@id":"https:\/\/www.suno.com.br\/noticias\/privatizacao-eletrobras-elet3-nao-facil-senado\/","url":"https:\/\/www.suno.com.br\/noticias\/privatizacao-eletrobras-elet3-nao-facil-senado\/","name":"Privatiza\u00e7\u00e3o 'esquisita' da Eletrobras (ELET3) n\u00e3o ser\u00e1 f\u00e1cil no Senado","isPartOf":{"@id":"https:\/\/www.suno.com.br\/noticias\/#website"},"primaryImageOfPage":{"@id":"https:\/\/www.suno.com.br\/noticias\/privatizacao-eletrobras-elet3-nao-facil-senado\/#primaryimage"},"image":{"@id":"https:\/\/www.suno.com.br\/noticias\/privatizacao-eletrobras-elet3-nao-facil-senado\/#primaryimage"},"thumbnailUrl":"https:\/\/files.sunoresearch.com.br\/n\/uploads\/2021\/05\/77de2464-116018977_3069258553182251_5230620679520675942_n-jpg.webp","datePublished":"2021-05-20T22:51:30+00:00","dateModified":"2021-05-20T22:56:38+00:00","description":"A C\u00e2maraaprovou a MP de privatiza\u00e7\u00e3o da Eletrobras (ELET3) e o texto segue para o Senado, mas a etapa n\u00e3o ser\u00e1 f\u00e1cil, segundo especialistas.","breadcrumb":{"@id":"https:\/\/www.suno.com.br\/noticias\/privatizacao-eletrobras-elet3-nao-facil-senado\/#breadcrumb"},"inLanguage":"pt-BR","potentialAction":[{"@type":"ReadAction","target":["https:\/\/www.suno.com.br\/noticias\/privatizacao-eletrobras-elet3-nao-facil-senado\/"]}]},{"@type":"ImageObject","inLanguage":"pt-BR","@id":"https:\/\/www.suno.com.br\/noticias\/privatizacao-eletrobras-elet3-nao-facil-senado\/#primaryimage","url":"https:\/\/files.sunoresearch.com.br\/n\/uploads\/2021\/05\/77de2464-116018977_3069258553182251_5230620679520675942_n-jpg.webp","contentUrl":"https:\/\/files.sunoresearch.com.br\/n\/uploads\/2021\/05\/77de2464-116018977_3069258553182251_5230620679520675942_n-jpg.webp","width":1200,"height":782,"caption":"Eletrobras. Foto: Reprodu\u00e7\u00e3o Facebook"},{"@type":"BreadcrumbList","@id":"https:\/\/www.suno.com.br\/noticias\/privatizacao-eletrobras-elet3-nao-facil-senado\/#breadcrumb","itemListElement":[{"@type":"ListItem","position":1,"name":"Not\u00edcias","item":"https:\/\/www.suno.com.br\/noticias\/"},{"@type":"ListItem","position":2,"name":"Neg\u00f3cios","item":"https:\/\/www.suno.com.br\/noticias\/negocios\/"},{"@type":"ListItem","position":3,"name":"Privatiza\u00e7\u00e3o &#8216;esquisita&#8217; da Eletrobras (ELET3) n\u00e3o ser\u00e1 jogo f\u00e1cil no Senado, dizem especialistas"}]},{"@type":"WebSite","@id":"https:\/\/www.suno.com.br\/noticias\/#website","url":"https:\/\/www.suno.com.br\/noticias\/","name":"Suno Not\u00edcias","description":"Seu portal de informa\u00e7\u00e3o sobre o mundo dos investimentos","publisher":{"@id":"https:\/\/www.suno.com.br\/noticias\/#organization"},"potentialAction":[{"@type":"SearchAction","target":{"@type":"EntryPoint","urlTemplate":"https:\/\/www.suno.com.br\/noticias\/?s={search_term_string}"},"query-input":{"@type":"PropertyValueSpecification","valueRequired":true,"valueName":"search_term_string"}}],"inLanguage":"pt-BR"},{"@type":"Organization","@id":"https:\/\/www.suno.com.br\/noticias\/#organization","name":"Suno Not\u00edcias","url":"https:\/\/www.suno.com.br\/noticias\/","logo":{"@type":"ImageObject","inLanguage":"pt-BR","@id":"https:\/\/www.suno.com.br\/noticias\/#\/schema\/logo\/image\/","url":"https:\/\/files.sunoresearch.com.br\/n\/uploads\/2021\/09\/suno-logo.png","contentUrl":"https:\/\/files.sunoresearch.com.br\/n\/uploads\/2021\/09\/suno-logo.png","width":180,"height":180,"caption":"Suno Not\u00edcias"},"image":{"@id":"https:\/\/www.suno.com.br\/noticias\/#\/schema\/logo\/image\/"},"sameAs":["https:\/\/facebook.com\/sunoresearch","https:\/\/x.com\/sunoresearch","https:\/\/www.instagram.com\/suno","https:\/\/www.linkedin.com\/company\/suno-research\/","https:\/\/www.youtube.com\/c\/sunoresearch"]},{"@type":"Person","@id":"https:\/\/www.suno.com.br\/noticias\/#\/schema\/person\/053a750a709a263919a20f976caae91c","name":"Arthur Guimar\u00e3es","image":{"@type":"ImageObject","inLanguage":"pt-BR","@id":"https:\/\/www.suno.com.br\/noticias\/#\/schema\/person\/image\/","url":"https:\/\/secure.gravatar.com\/avatar\/1affd86a11209ae09eb6dd3bcad3e96c?s=96&r=g","contentUrl":"https:\/\/secure.gravatar.com\/avatar\/1affd86a11209ae09eb6dd3bcad3e96c?s=96&r=g","caption":"Arthur Guimar\u00e3es"},"description":"Arthur Guimar\u00e3es escreve sobre pol\u00edtica, economia e neg\u00f3cios para o portal de not\u00edcias da Suno Research. Atualmente, \u00e9 estudante de jornalismo pela Faculdade C\u00e1sper L\u00edbero.","url":"https:\/\/www.suno.com.br\/noticias\/author\/arthur-guimaraes\/"}]}},"default_loop_html":"<div class=\"cardsPage__listCard__boxs\"><div class=\"cardsPage__listCard__boxs__img\"><a href=\"https:\/\/www.suno.com.br\/noticias\/privatizacao-eletrobras-elet3-nao-facil-senado\/\"><img class=\"mask\" src=\"https:\/\/www.suno.com.br\/noticias\/wp-content\/themes\/suno\/resources\/images\/spotlight\/spotlight1img\/bg-mask.png\" alt=\"Image Mask\"\/><img src=\"https:\/\/files.sunoresearch.com.br\/n\/uploads\/2021\/05\/77de2464-116018977_3069258553182251_5230620679520675942_n-400x200.webp\" alt=\"Privatiza\u00e7\u00e3o &#8216;esquisita&#8217; da Eletrobras (ELET3) n\u00e3o ser\u00e1 jogo f\u00e1cil no Senado, dizem especialistas\"\/><\/a><span class=\"spotlightCategory\"><a href=\"https:\/\/www.suno.com.br\/noticias\/negocios\/\">Neg\u00f3cios<\/a><\/span><\/div><div class=\"cardsPage__listCard__boxs__content\"><a href=\"https:\/\/www.suno.com.br\/noticias\/privatizacao-eletrobras-elet3-nao-facil-senado\/\"><h2 class=\"content__title\">Privatiza\u00e7\u00e3o &#8216;esquisita&#8217; da Eletrobras (ELET3) n\u00e3o ser\u00e1 jogo f\u00e1cil no Senado, dizem especialistas<\/h2><\/a><div class=\"newsContent__article__meta\"><div class=\"newsContent__article__meta__authorBox\"><a href=\"https:\/\/www.suno.com.br\/noticias\/author\/arthur-guimaraes\/\" class=\"authorBox__avatar noMobi\"><img src=\"https:\/\/files.sunoresearch.com.br\/n\/uploads\/2020\/02\/dfb40897-eu-150x150.webp\" alt=\"Arthur Guimar\u00e3es\"><\/a><div class=\"authorBox__name\"><span>por\n\t\t\t<a href=\"https:\/\/www.suno.com.br\/noticias\/author\/arthur-guimaraes\/\"><span itemprop=\"author\">Arthur Guimar\u00e3es<\/span><\/a><\/span><time datetime=\"2021-05-20T19:51:30-03:00\" itemprop=\"datePublished\">20\/05\/2021 19:51<\/time><\/div><\/div><\/div><\/div><\/div>","single_layout":"posts","amp_enabled":true,"_links":{"self":[{"href":"https:\/\/www.suno.com.br\/noticias\/wp-json\/wp\/v2\/posts\/149883"}],"collection":[{"href":"https:\/\/www.suno.com.br\/noticias\/wp-json\/wp\/v2\/posts"}],"about":[{"href":"https:\/\/www.suno.com.br\/noticias\/wp-json\/wp\/v2\/types\/post"}],"author":[{"embeddable":true,"href":"https:\/\/www.suno.com.br\/noticias\/wp-json\/wp\/v2\/users\/35"}],"replies":[{"embeddable":true,"href":"https:\/\/www.suno.com.br\/noticias\/wp-json\/wp\/v2\/comments?post=149883"}],"version-history":[{"count":3,"href":"https:\/\/www.suno.com.br\/noticias\/wp-json\/wp\/v2\/posts\/149883\/revisions"}],"predecessor-version":[{"id":149928,"href":"https:\/\/www.suno.com.br\/noticias\/wp-json\/wp\/v2\/posts\/149883\/revisions\/149928"}],"wp:featuredmedia":[{"embeddable":true,"href":"https:\/\/www.suno.com.br\/noticias\/wp-json\/wp\/v2\/media\/149921"}],"wp:attachment":[{"href":"https:\/\/www.suno.com.br\/noticias\/wp-json\/wp\/v2\/media?parent=149883"}],"wp:term":[{"taxonomy":"category","embeddable":true,"href":"https:\/\/www.suno.com.br\/noticias\/wp-json\/wp\/v2\/categories?post=149883"},{"taxonomy":"post_tag","embeddable":true,"href":"https:\/\/www.suno.com.br\/noticias\/wp-json\/wp\/v2\/tags?post=149883"},{"taxonomy":"suno_strategy","embeddable":true,"href":"https:\/\/www.suno.com.br\/noticias\/wp-json\/wp\/v2\/suno_strategy?post=149883"}],"curies":[{"name":"wp","href":"https:\/\/api.w.org\/{rel}","templated":true}]}}