{"id":149774,"date":"2021-05-20T14:45:17","date_gmt":"2021-05-20T17:45:17","guid":{"rendered":"https:\/\/www.suno.com.br\/noticias\/?p=149774"},"modified":"2021-05-20T14:45:17","modified_gmt":"2021-05-20T17:45:17","slug":"neon-diretor-financeiro-cogna-cogn3","status":"publish","type":"post","link":"https:\/\/www.suno.com.br\/noticias\/neon-diretor-financeiro-cogna-cogn3\/","title":{"rendered":"Jamil Marques, ex-Cogna (COGN3), ser\u00e1 novo diretor financeiro da Neon, diz jornal"},"content":{"rendered":"<p>Jamil Saud Marques ir\u00e1 ocupar o cargo de diretor financeiro da <strong>Neon Pagamentos<\/strong>. O executivo foi CFO da <a href=\"https:\/\/www.suno.com.br\/acoes\/cogn3\/\"><strong>Cogna<\/strong> (CONG3)<\/a> e tamb\u00e9m j\u00e1 trabalhou no banco su\u00ed\u00e7o UBS, na consultoria McKinsey e na companhia de energia <strong>AES Brasil <\/strong>(AESB3). A informa\u00e7\u00e3o \u00e9 do Valor Econ\u00f4mico.<\/p>\t<div class=\"wrapper-featured-image\">\n\t\t<figure class=\"spotlightImg\">\n\n\t\t\t<picture>\n\t\t\t\t<source media=\"(max-width: 768px)\" srcset=\"https:\/\/files.sunoresearch.com.br\/n\/uploads\/2021\/04\/b763c63e-neon-divulgacao-400x200.webp\">\n\t\t\t\t<img loading=\"lazy\" decoding=\"async\" class=\"newsContent__article__imgCapa lazyloadDisabled \" src=\"https:\/\/files.sunoresearch.com.br\/n\/uploads\/2021\/04\/b763c63e-neon-divulgacao-800x450.webp\" width=\"800\" height=\"450\" alt=\"Jamil Marques, ex-Cogna (COGN3), ser\u00e1 novo diretor financeiro da Neon, diz jornal\" fetchpriority=high \/>\n\t\t\t<\/picture>\n\n\t\t\t<figcaption class=\"wp-caption-text wp-caption-text--show\">Foto: Divulga\u00e7\u00e3o Neon<\/figcaption>\n\t\t<\/figure>\n\t<\/div>\n\n\n<p><span style=\"font-weight: 400;\">\t<p>\n\t\t<a href=\"https:\/\/lp.suno.com.br\/planilha-controle-gastos\/\" target=\"_blank\" data-element=\"shortcode-suno-banner\" title=\"Banner SUNO, clique e saiba mais\">\n\t\t\t<picture>\n\t\t\t\t<source media=\"(max-width: 500px)\" srcset=\"https:\/\/files.sunoresearch.com.br\/n\/uploads\/2023\/03\/400x300-Planilha-controle-de-gastos.png\">\n\t\t\t\t<img class=\"newsContent__article__imgCapa newsContent__article__imgCapa--banner\"\n\t\t\t\t\tsrc=\"https:\/\/files.sunoresearch.com.br\/n\/uploads\/2023\/03\/1420x240-Planilha-controle-de-gastos.png\"\n\t\t\t\t\tdata-promo-id=\"101751\"\t\t\t\t\t\t\t\t\t\twidth='1420' height='240'\t\t\t\t\talt=\"https:\/\/files.sunoresearch.com.br\/n\/uploads\/2023\/03\/1420x240-Planilha-controle-de-gastos.png\"\n\t\t\t\t>\n\t\t\t<\/picture>\n\t\t<\/a>\n\t<\/p>\n\n \u00a0 \u00a0<\/span><\/p>\n<p>De acordo com o executivo, a Neon &#8220;vem crescendo em uma velocidade absurda, com um foco muito claro no segmento de classe C expandida, em ter uma oferta eficiente, ajudar as pessoas a terem uma experi\u00eancia banc\u00e1ria melhor\u201d, informou o jornal.<\/p>\n<p>Al\u00e9m disso, Marques ressaltou que se identificou com a cultura da Neon, lembrando ainda que o setor financeiro passa por uma revolu\u00e7\u00e3o digital.<\/p>\n<p><a href=\"https:\/\/lp.suno.com.br\/suno-one\/?ppp=noticias\/hospital-care-pedido-ipo-cvm\/\">Suno One: acesse gratuitamente eBooks, Minicursos, Artigos e V\u00eddeo Aulas sobre investimentos com um \u00fanico cadastro. Clique para saber mais!<\/a><\/p>\n<p>\u201cA Neon avan\u00e7ou em governan\u00e7a, gest\u00e3o de risco, seguran\u00e7a da informa\u00e7\u00e3o, acelerou o lan\u00e7amento de produtos. Para este ano a trajet\u00f3ria \u00e9 a mesma. Temos todas as condi\u00e7\u00f5es de ter uma oferta competitiva, sermos um player relevante\u201d, disse.<\/p>\n<h2>Neon recebe autoriza\u00e7\u00e3o do BC para funcionar como institui\u00e7\u00e3o de pagamento<\/h2>\n<p>Em abril, a Neon informou que recebeu autoriza\u00e7\u00e3o do<a href=\"https:\/\/www.suno.com.br\/artigos\/bacen\/\"> Banco Central (BC)<\/a> para funcionar como institui\u00e7\u00e3o de pagamento, nas modalidades emissora de moeda eletr\u00f4nica e emissora de instrumento de pagamento p\u00f3s-pago.<\/p>\n<p>Em comunicado enviado ao<strong> SUNO<\/strong> Not\u00edcias, a empresa explicou que isso n\u00e3o significa nenhuma mudan\u00e7a imediata para os seus clientes.<\/p>\n<p>A nova licen\u00e7a permite que a Neon se conecte diretamente ao <a href=\"https:\/\/www.suno.com.br\/artigos\/sistema-de-pagamento-brasileiro\/\" target=\"_blank\" rel=\"noopener noreferrer\">Sistema de Pagamentos Brasileiro (SPB)<\/a> para realiza\u00e7\u00e3o direta de <strong>pagamentos e transfer\u00eancias<\/strong> e ao Sistema de Pagamentos Instant\u00e2neo (SPI), para o<a href=\"https:\/\/www.suno.com.br\/artigos\/pix\/\" target=\"_blank\" rel=\"noopener noreferrer\"> PIX<\/a>.<\/p>\n\t<div data-element=\"shortcode-read-more\" class=\"knowMore\">\n\t\t\t\t<span class=\"knowMore__title\">Saiba Mais<\/span>\n\t\t\t\t<a class=\"knowMore__link\" href=\"https:\/\/www.suno.com.br\/noticias\/neon-pagamentos-autorizacao-bc-instituicao\/\">\n\t\t\tNeon recebe autoriza\u00e7\u00e3o do BC para funcionar como institui\u00e7\u00e3o de pagamento\t\t<\/a>\n\t<\/div>\n\n\n<p>Segundo a institui\u00e7\u00e3o, hoje estas conex\u00f5es j\u00e1 s\u00e3o feitas por meio da parceria com o <strong>Banco Votorantim<\/strong>. &#8220;No curto prazo, n\u00e3o haver\u00e1 altera\u00e7\u00e3o desse arranjo&#8221;, informou.<\/p>\n<p>Ainda segundo o comunicado, a obten\u00e7\u00e3o dessa licen\u00e7a \u00e9 um caminho natural. &#8220;A Neon que vem crescendo num ritmo acelerado e hoje j\u00e1 tem mais de 11 milh\u00f5es de contas abertas e continua seguindo seu prop\u00f3sito de oferecer produtos e servi\u00e7os financeiros acess\u00edveis e sem burocracias para cada vez mais brasileiros.&#8221;<\/p>\n<p>Em 2020 a <strong>Neon<\/strong> dobrou a base de clientes com mais de 5 milh\u00f5es contas abertas durante o ano, em todos os segmentos.<\/p>\n<p><span style=\"font-weight: 400;\">\t<p>\n\t\t<a href=\"https:\/\/lp.suno.com.br\/planilha-controle-gastos\/\" target=\"_blank\" data-element=\"shortcode-suno-banner\" title=\"Banner SUNO, clique e saiba mais\">\n\t\t\t<picture>\n\t\t\t\t<source media=\"(max-width: 500px)\" srcset=\"https:\/\/files.sunoresearch.com.br\/n\/uploads\/2023\/03\/400x300-Planilha-controle-de-gastos.png\">\n\t\t\t\t<img class=\"newsContent__article__imgCapa newsContent__article__imgCapa--banner\"\n\t\t\t\t\tsrc=\"https:\/\/files.sunoresearch.com.br\/n\/uploads\/2023\/03\/1420x240-Planilha-controle-de-gastos.png\"\n\t\t\t\t\tdata-promo-id=\"101751\"\t\t\t\t\t\t\t\t\t\twidth='1420' height='240'\t\t\t\t\talt=\"https:\/\/files.sunoresearch.com.br\/n\/uploads\/2023\/03\/1420x240-Planilha-controle-de-gastos.png\"\n\t\t\t\t>\n\t\t\t<\/picture>\n\t\t<\/a>\n\t<\/p>\n\n<\/span><\/p>\n","protected":false},"excerpt":{"rendered":"<p>Jamil Saud Marques ir\u00e1 ocupar o cargo de diretor financeiro da Neon Pagamentos. O executivo foi CFO da Cogna (CONG3) e tamb\u00e9m j\u00e1 trabalhou no banco su\u00ed\u00e7o UBS, na consultoria McKinsey e na companhia de energia AES Brasil (AESB3). A informa\u00e7\u00e3o \u00e9 do Valor Econ\u00f4mico. Foto: Divulga\u00e7\u00e3o Neon \u00a0 \u00a0 De acordo com o executivo, [&hellip;]<\/p>\n","protected":false},"author":56,"featured_media":138348,"comment_status":"closed","ping_status":"closed","sticky":false,"template":"","format":"standard","meta":[],"categories":[64],"tags":[2257,1489],"suno_strategy":[],"class_list":["post-149774","post","type-post","status-publish","format-standard","has-post-thumbnail","hentry","category-negocios","tag-cogna-cogn3","tag-neon-pagamentos"],"yoast_head":"<!-- This site is optimized with the Yoast SEO plugin v24.4 - https:\/\/yoast.com\/wordpress\/plugins\/seo\/ -->\n<title>Jamil Marques, ex-Cogna (COGN3), ser\u00e1 novo diretor financeiro da Neon<\/title>\n<meta name=\"description\" content=\"O novo diretor da Neon foi CFO da Cogna (CONG3) e j\u00e1 trabalhou no banco su\u00ed\u00e7o UBS e na AES Brasil (AESB3). Clique aqui para saber mais.\" \/>\n<meta name=\"robots\" content=\"index, follow, max-snippet:-1, max-image-preview:large, max-video-preview:-1\" \/>\n<link rel=\"canonical\" href=\"https:\/\/www.suno.com.br\/noticias\/neon-diretor-financeiro-cogna-cogn3\/\" \/>\n<meta property=\"og:locale\" content=\"pt_BR\" \/>\n<meta property=\"og:type\" content=\"article\" \/>\n<meta property=\"og:title\" content=\"Jamil Marques, ex-Cogna (COGN3), ser\u00e1 novo diretor financeiro da Neon\" \/>\n<meta property=\"og:description\" content=\"O novo diretor da Neon foi CFO da Cogna (CONG3) e j\u00e1 trabalhou no banco su\u00ed\u00e7o UBS e na AES Brasil (AESB3). Clique aqui para saber mais.\" \/>\n<meta property=\"og:url\" content=\"https:\/\/www.suno.com.br\/noticias\/neon-diretor-financeiro-cogna-cogn3\/\" \/>\n<meta property=\"og:site_name\" content=\"Suno Not\u00edcias\" \/>\n<meta property=\"article:publisher\" content=\"https:\/\/facebook.com\/sunoresearch\" \/>\n<meta property=\"og:image\" content=\"https:\/\/files.sunoresearch.com.br\/n\/uploads\/2021\/04\/b763c63e-neon-divulgacao.jpeg\" \/>\n\t<meta property=\"og:image:width\" content=\"1280\" \/>\n\t<meta property=\"og:image:height\" content=\"960\" \/>\n\t<meta property=\"og:image:type\" content=\"image\/jpeg\" \/>\n<meta name=\"author\" content=\"Rafaela La Regina\" \/>\n<meta name=\"twitter:card\" content=\"summary_large_image\" \/>\n<meta name=\"twitter:creator\" content=\"@sunoresearch\" \/>\n<meta name=\"twitter:site\" content=\"@sunoresearch\" \/>\n<meta name=\"twitter:label1\" content=\"Escrito por\" \/>\n\t<meta name=\"twitter:data1\" content=\"Rafaela La Regina\" \/>\n\t<meta name=\"twitter:label2\" content=\"Est. tempo de leitura\" \/>\n\t<meta name=\"twitter:data2\" content=\"2 minutos\" \/>\n<script type=\"application\/ld+json\" class=\"yoast-schema-graph\">{\"@context\":\"https:\/\/schema.org\",\"@graph\":[{\"@type\":\"NewsArticle\",\"@id\":\"https:\/\/www.suno.com.br\/noticias\/neon-diretor-financeiro-cogna-cogn3\/#article\",\"isPartOf\":{\"@id\":\"https:\/\/www.suno.com.br\/noticias\/neon-diretor-financeiro-cogna-cogn3\/\"},\"author\":{\"name\":\"Rafaela La Regina\",\"@id\":\"https:\/\/www.suno.com.br\/noticias\/#\/schema\/person\/e672ca8cea627fe715fa29bca7da95e0\"},\"headline\":\"Jamil Marques, ex-Cogna (COGN3), ser\u00e1 novo diretor financeiro da Neon, diz jornal\",\"datePublished\":\"2021-05-20T17:45:17+00:00\",\"mainEntityOfPage\":{\"@id\":\"https:\/\/www.suno.com.br\/noticias\/neon-diretor-financeiro-cogna-cogn3\/\"},\"wordCount\":423,\"publisher\":{\"@id\":\"https:\/\/www.suno.com.br\/noticias\/#organization\"},\"image\":{\"@id\":\"https:\/\/www.suno.com.br\/noticias\/neon-diretor-financeiro-cogna-cogn3\/#primaryimage\"},\"thumbnailUrl\":\"https:\/\/files.sunoresearch.com.br\/n\/uploads\/2021\/04\/b763c63e-neon-divulgacao-jpeg.webp\",\"keywords\":[\"Cogna (COGN3)\",\"Neon Pagamentos\"],\"articleSection\":[\"Neg\u00f3cios\"],\"inLanguage\":\"pt-BR\"},{\"@type\":\"WebPage\",\"@id\":\"https:\/\/www.suno.com.br\/noticias\/neon-diretor-financeiro-cogna-cogn3\/\",\"url\":\"https:\/\/www.suno.com.br\/noticias\/neon-diretor-financeiro-cogna-cogn3\/\",\"name\":\"Jamil Marques, ex-Cogna (COGN3), ser\u00e1 novo diretor financeiro da Neon\",\"isPartOf\":{\"@id\":\"https:\/\/www.suno.com.br\/noticias\/#website\"},\"primaryImageOfPage\":{\"@id\":\"https:\/\/www.suno.com.br\/noticias\/neon-diretor-financeiro-cogna-cogn3\/#primaryimage\"},\"image\":{\"@id\":\"https:\/\/www.suno.com.br\/noticias\/neon-diretor-financeiro-cogna-cogn3\/#primaryimage\"},\"thumbnailUrl\":\"https:\/\/files.sunoresearch.com.br\/n\/uploads\/2021\/04\/b763c63e-neon-divulgacao-jpeg.webp\",\"datePublished\":\"2021-05-20T17:45:17+00:00\",\"description\":\"O novo diretor da Neon foi CFO da Cogna (CONG3) e j\u00e1 trabalhou no banco su\u00ed\u00e7o UBS e na AES Brasil (AESB3). Clique aqui para saber mais.\",\"breadcrumb\":{\"@id\":\"https:\/\/www.suno.com.br\/noticias\/neon-diretor-financeiro-cogna-cogn3\/#breadcrumb\"},\"inLanguage\":\"pt-BR\",\"potentialAction\":[{\"@type\":\"ReadAction\",\"target\":[\"https:\/\/www.suno.com.br\/noticias\/neon-diretor-financeiro-cogna-cogn3\/\"]}]},{\"@type\":\"ImageObject\",\"inLanguage\":\"pt-BR\",\"@id\":\"https:\/\/www.suno.com.br\/noticias\/neon-diretor-financeiro-cogna-cogn3\/#primaryimage\",\"url\":\"https:\/\/files.sunoresearch.com.br\/n\/uploads\/2021\/04\/b763c63e-neon-divulgacao-jpeg.webp\",\"contentUrl\":\"https:\/\/files.sunoresearch.com.br\/n\/uploads\/2021\/04\/b763c63e-neon-divulgacao-jpeg.webp\",\"width\":1280,\"height\":960,\"caption\":\"Foto: Divulga\u00e7\u00e3o Neon\"},{\"@type\":\"BreadcrumbList\",\"@id\":\"https:\/\/www.suno.com.br\/noticias\/neon-diretor-financeiro-cogna-cogn3\/#breadcrumb\",\"itemListElement\":[{\"@type\":\"ListItem\",\"position\":1,\"name\":\"Not\u00edcias\",\"item\":\"https:\/\/www.suno.com.br\/noticias\/\"},{\"@type\":\"ListItem\",\"position\":2,\"name\":\"Neg\u00f3cios\",\"item\":\"https:\/\/www.suno.com.br\/noticias\/negocios\/\"},{\"@type\":\"ListItem\",\"position\":3,\"name\":\"Jamil Marques, ex-Cogna (COGN3), ser\u00e1 novo diretor financeiro da Neon, diz jornal\"}]},{\"@type\":\"WebSite\",\"@id\":\"https:\/\/www.suno.com.br\/noticias\/#website\",\"url\":\"https:\/\/www.suno.com.br\/noticias\/\",\"name\":\"Suno Not\u00edcias\",\"description\":\"Seu portal de informa\u00e7\u00e3o sobre o mundo dos investimentos\",\"publisher\":{\"@id\":\"https:\/\/www.suno.com.br\/noticias\/#organization\"},\"potentialAction\":[{\"@type\":\"SearchAction\",\"target\":{\"@type\":\"EntryPoint\",\"urlTemplate\":\"https:\/\/www.suno.com.br\/noticias\/?s={search_term_string}\"},\"query-input\":{\"@type\":\"PropertyValueSpecification\",\"valueRequired\":true,\"valueName\":\"search_term_string\"}}],\"inLanguage\":\"pt-BR\"},{\"@type\":\"Organization\",\"@id\":\"https:\/\/www.suno.com.br\/noticias\/#organization\",\"name\":\"Suno Not\u00edcias\",\"url\":\"https:\/\/www.suno.com.br\/noticias\/\",\"logo\":{\"@type\":\"ImageObject\",\"inLanguage\":\"pt-BR\",\"@id\":\"https:\/\/www.suno.com.br\/noticias\/#\/schema\/logo\/image\/\",\"url\":\"https:\/\/files.sunoresearch.com.br\/n\/uploads\/2021\/09\/suno-logo.png\",\"contentUrl\":\"https:\/\/files.sunoresearch.com.br\/n\/uploads\/2021\/09\/suno-logo.png\",\"width\":180,\"height\":180,\"caption\":\"Suno Not\u00edcias\"},\"image\":{\"@id\":\"https:\/\/www.suno.com.br\/noticias\/#\/schema\/logo\/image\/\"},\"sameAs\":[\"https:\/\/facebook.com\/sunoresearch\",\"https:\/\/x.com\/sunoresearch\",\"https:\/\/www.instagram.com\/suno\",\"https:\/\/www.linkedin.com\/company\/suno-research\/\",\"https:\/\/www.youtube.com\/c\/sunoresearch\"]},{\"@type\":\"Person\",\"@id\":\"https:\/\/www.suno.com.br\/noticias\/#\/schema\/person\/e672ca8cea627fe715fa29bca7da95e0\",\"name\":\"Rafaela La Regina\",\"image\":{\"@type\":\"ImageObject\",\"inLanguage\":\"pt-BR\",\"@id\":\"https:\/\/www.suno.com.br\/noticias\/#\/schema\/person\/image\/\",\"url\":\"https:\/\/secure.gravatar.com\/avatar\/d2c75a52d243deb93d0465fdcb21bd37?s=96&r=g\",\"contentUrl\":\"https:\/\/secure.gravatar.com\/avatar\/d2c75a52d243deb93d0465fdcb21bd37?s=96&r=g\",\"caption\":\"Rafaela La Regina\"},\"description\":\"Estagi\u00e1ria no Suno Not\u00edcias. Escreve sobre economia, pol\u00edtica e neg\u00f3cios. Estuda Rela\u00e7\u00f5es Internacionais no IBMEC-SP.\",\"url\":\"https:\/\/www.suno.com.br\/noticias\/author\/rafaela-la-regina\/\"}]}<\/script>\n<!-- \/ Yoast SEO plugin. -->","yoast_head_json":{"title":"Jamil Marques, ex-Cogna (COGN3), ser\u00e1 novo diretor financeiro da Neon","description":"O novo diretor da Neon foi CFO da Cogna (CONG3) e j\u00e1 trabalhou no banco su\u00ed\u00e7o UBS e na AES Brasil (AESB3). Clique aqui para saber mais.","robots":{"index":"index","follow":"follow","max-snippet":"max-snippet:-1","max-image-preview":"max-image-preview:large","max-video-preview":"max-video-preview:-1"},"canonical":"https:\/\/www.suno.com.br\/noticias\/neon-diretor-financeiro-cogna-cogn3\/","og_locale":"pt_BR","og_type":"article","og_title":"Jamil Marques, ex-Cogna (COGN3), ser\u00e1 novo diretor financeiro da Neon","og_description":"O novo diretor da Neon foi CFO da Cogna (CONG3) e j\u00e1 trabalhou no banco su\u00ed\u00e7o UBS e na AES Brasil (AESB3). Clique aqui para saber mais.","og_url":"https:\/\/www.suno.com.br\/noticias\/neon-diretor-financeiro-cogna-cogn3\/","og_site_name":"Suno Not\u00edcias","article_publisher":"https:\/\/facebook.com\/sunoresearch","og_image":[{"width":1280,"height":960,"url":"https:\/\/files.sunoresearch.com.br\/n\/uploads\/2021\/04\/b763c63e-neon-divulgacao.jpeg","type":"image\/jpeg"}],"author":"Rafaela La Regina","twitter_card":"summary_large_image","twitter_creator":"@sunoresearch","twitter_site":"@sunoresearch","twitter_misc":{"Escrito por":"Rafaela La Regina","Est. tempo de leitura":"2 minutos"},"schema":{"@context":"https:\/\/schema.org","@graph":[{"@type":"NewsArticle","@id":"https:\/\/www.suno.com.br\/noticias\/neon-diretor-financeiro-cogna-cogn3\/#article","isPartOf":{"@id":"https:\/\/www.suno.com.br\/noticias\/neon-diretor-financeiro-cogna-cogn3\/"},"author":{"name":"Rafaela La Regina","@id":"https:\/\/www.suno.com.br\/noticias\/#\/schema\/person\/e672ca8cea627fe715fa29bca7da95e0"},"headline":"Jamil Marques, ex-Cogna (COGN3), ser\u00e1 novo diretor financeiro da Neon, diz jornal","datePublished":"2021-05-20T17:45:17+00:00","mainEntityOfPage":{"@id":"https:\/\/www.suno.com.br\/noticias\/neon-diretor-financeiro-cogna-cogn3\/"},"wordCount":423,"publisher":{"@id":"https:\/\/www.suno.com.br\/noticias\/#organization"},"image":{"@id":"https:\/\/www.suno.com.br\/noticias\/neon-diretor-financeiro-cogna-cogn3\/#primaryimage"},"thumbnailUrl":"https:\/\/files.sunoresearch.com.br\/n\/uploads\/2021\/04\/b763c63e-neon-divulgacao-jpeg.webp","keywords":["Cogna (COGN3)","Neon Pagamentos"],"articleSection":["Neg\u00f3cios"],"inLanguage":"pt-BR"},{"@type":"WebPage","@id":"https:\/\/www.suno.com.br\/noticias\/neon-diretor-financeiro-cogna-cogn3\/","url":"https:\/\/www.suno.com.br\/noticias\/neon-diretor-financeiro-cogna-cogn3\/","name":"Jamil Marques, ex-Cogna (COGN3), ser\u00e1 novo diretor financeiro da Neon","isPartOf":{"@id":"https:\/\/www.suno.com.br\/noticias\/#website"},"primaryImageOfPage":{"@id":"https:\/\/www.suno.com.br\/noticias\/neon-diretor-financeiro-cogna-cogn3\/#primaryimage"},"image":{"@id":"https:\/\/www.suno.com.br\/noticias\/neon-diretor-financeiro-cogna-cogn3\/#primaryimage"},"thumbnailUrl":"https:\/\/files.sunoresearch.com.br\/n\/uploads\/2021\/04\/b763c63e-neon-divulgacao-jpeg.webp","datePublished":"2021-05-20T17:45:17+00:00","description":"O novo diretor da Neon foi CFO da Cogna (CONG3) e j\u00e1 trabalhou no banco su\u00ed\u00e7o UBS e na AES Brasil (AESB3). Clique aqui para saber mais.","breadcrumb":{"@id":"https:\/\/www.suno.com.br\/noticias\/neon-diretor-financeiro-cogna-cogn3\/#breadcrumb"},"inLanguage":"pt-BR","potentialAction":[{"@type":"ReadAction","target":["https:\/\/www.suno.com.br\/noticias\/neon-diretor-financeiro-cogna-cogn3\/"]}]},{"@type":"ImageObject","inLanguage":"pt-BR","@id":"https:\/\/www.suno.com.br\/noticias\/neon-diretor-financeiro-cogna-cogn3\/#primaryimage","url":"https:\/\/files.sunoresearch.com.br\/n\/uploads\/2021\/04\/b763c63e-neon-divulgacao-jpeg.webp","contentUrl":"https:\/\/files.sunoresearch.com.br\/n\/uploads\/2021\/04\/b763c63e-neon-divulgacao-jpeg.webp","width":1280,"height":960,"caption":"Foto: Divulga\u00e7\u00e3o Neon"},{"@type":"BreadcrumbList","@id":"https:\/\/www.suno.com.br\/noticias\/neon-diretor-financeiro-cogna-cogn3\/#breadcrumb","itemListElement":[{"@type":"ListItem","position":1,"name":"Not\u00edcias","item":"https:\/\/www.suno.com.br\/noticias\/"},{"@type":"ListItem","position":2,"name":"Neg\u00f3cios","item":"https:\/\/www.suno.com.br\/noticias\/negocios\/"},{"@type":"ListItem","position":3,"name":"Jamil Marques, ex-Cogna (COGN3), ser\u00e1 novo diretor financeiro da Neon, diz jornal"}]},{"@type":"WebSite","@id":"https:\/\/www.suno.com.br\/noticias\/#website","url":"https:\/\/www.suno.com.br\/noticias\/","name":"Suno Not\u00edcias","description":"Seu portal de informa\u00e7\u00e3o sobre o mundo dos investimentos","publisher":{"@id":"https:\/\/www.suno.com.br\/noticias\/#organization"},"potentialAction":[{"@type":"SearchAction","target":{"@type":"EntryPoint","urlTemplate":"https:\/\/www.suno.com.br\/noticias\/?s={search_term_string}"},"query-input":{"@type":"PropertyValueSpecification","valueRequired":true,"valueName":"search_term_string"}}],"inLanguage":"pt-BR"},{"@type":"Organization","@id":"https:\/\/www.suno.com.br\/noticias\/#organization","name":"Suno Not\u00edcias","url":"https:\/\/www.suno.com.br\/noticias\/","logo":{"@type":"ImageObject","inLanguage":"pt-BR","@id":"https:\/\/www.suno.com.br\/noticias\/#\/schema\/logo\/image\/","url":"https:\/\/files.sunoresearch.com.br\/n\/uploads\/2021\/09\/suno-logo.png","contentUrl":"https:\/\/files.sunoresearch.com.br\/n\/uploads\/2021\/09\/suno-logo.png","width":180,"height":180,"caption":"Suno Not\u00edcias"},"image":{"@id":"https:\/\/www.suno.com.br\/noticias\/#\/schema\/logo\/image\/"},"sameAs":["https:\/\/facebook.com\/sunoresearch","https:\/\/x.com\/sunoresearch","https:\/\/www.instagram.com\/suno","https:\/\/www.linkedin.com\/company\/suno-research\/","https:\/\/www.youtube.com\/c\/sunoresearch"]},{"@type":"Person","@id":"https:\/\/www.suno.com.br\/noticias\/#\/schema\/person\/e672ca8cea627fe715fa29bca7da95e0","name":"Rafaela La Regina","image":{"@type":"ImageObject","inLanguage":"pt-BR","@id":"https:\/\/www.suno.com.br\/noticias\/#\/schema\/person\/image\/","url":"https:\/\/secure.gravatar.com\/avatar\/d2c75a52d243deb93d0465fdcb21bd37?s=96&r=g","contentUrl":"https:\/\/secure.gravatar.com\/avatar\/d2c75a52d243deb93d0465fdcb21bd37?s=96&r=g","caption":"Rafaela La Regina"},"description":"Estagi\u00e1ria no Suno Not\u00edcias. Escreve sobre economia, pol\u00edtica e neg\u00f3cios. Estuda Rela\u00e7\u00f5es Internacionais no IBMEC-SP.","url":"https:\/\/www.suno.com.br\/noticias\/author\/rafaela-la-regina\/"}]}},"default_loop_html":"<div class=\"cardsPage__listCard__boxs\"><div class=\"cardsPage__listCard__boxs__img\"><a href=\"https:\/\/www.suno.com.br\/noticias\/neon-diretor-financeiro-cogna-cogn3\/\"><img class=\"mask\" src=\"https:\/\/www.suno.com.br\/noticias\/wp-content\/themes\/suno\/resources\/images\/spotlight\/spotlight1img\/bg-mask.png\" alt=\"Image Mask\"\/><img src=\"https:\/\/files.sunoresearch.com.br\/n\/uploads\/2021\/04\/b763c63e-neon-divulgacao-400x200.webp\" alt=\"Jamil Marques, ex-Cogna (COGN3), ser\u00e1 novo diretor financeiro da Neon, diz jornal\"\/><\/a><span class=\"spotlightCategory\"><a href=\"https:\/\/www.suno.com.br\/noticias\/negocios\/\">Neg\u00f3cios<\/a><\/span><\/div><div class=\"cardsPage__listCard__boxs__content\"><a href=\"https:\/\/www.suno.com.br\/noticias\/neon-diretor-financeiro-cogna-cogn3\/\"><h2 class=\"content__title\">Jamil Marques, ex-Cogna (COGN3), ser\u00e1 novo diretor financeiro da Neon, diz jornal<\/h2><\/a><div class=\"newsContent__article__meta\"><div class=\"newsContent__article__meta__authorBox\"><a href=\"https:\/\/www.suno.com.br\/noticias\/author\/rafaela-la-regina\/\" class=\"authorBox__avatar noMobi\"><img src=\"https:\/\/secure.gravatar.com\/avatar\/d2c75a52d243deb93d0465fdcb21bd37?s=96&#038;r=g\" alt=\"Rafaela La Regina\"><\/a><div class=\"authorBox__name\"><span>por\n\t\t\t<a href=\"https:\/\/www.suno.com.br\/noticias\/author\/rafaela-la-regina\/\"><span itemprop=\"author\">Rafaela La Regina<\/span><\/a><\/span><time datetime=\"2021-05-20T14:45:17-03:00\" itemprop=\"datePublished\">20\/05\/2021 14:45<\/time><\/div><\/div><\/div><\/div><\/div>","single_layout":"posts","amp_enabled":true,"_links":{"self":[{"href":"https:\/\/www.suno.com.br\/noticias\/wp-json\/wp\/v2\/posts\/149774"}],"collection":[{"href":"https:\/\/www.suno.com.br\/noticias\/wp-json\/wp\/v2\/posts"}],"about":[{"href":"https:\/\/www.suno.com.br\/noticias\/wp-json\/wp\/v2\/types\/post"}],"author":[{"embeddable":true,"href":"https:\/\/www.suno.com.br\/noticias\/wp-json\/wp\/v2\/users\/56"}],"replies":[{"embeddable":true,"href":"https:\/\/www.suno.com.br\/noticias\/wp-json\/wp\/v2\/comments?post=149774"}],"version-history":[{"count":1,"href":"https:\/\/www.suno.com.br\/noticias\/wp-json\/wp\/v2\/posts\/149774\/revisions"}],"predecessor-version":[{"id":149786,"href":"https:\/\/www.suno.com.br\/noticias\/wp-json\/wp\/v2\/posts\/149774\/revisions\/149786"}],"wp:featuredmedia":[{"embeddable":true,"href":"https:\/\/www.suno.com.br\/noticias\/wp-json\/wp\/v2\/media\/138348"}],"wp:attachment":[{"href":"https:\/\/www.suno.com.br\/noticias\/wp-json\/wp\/v2\/media?parent=149774"}],"wp:term":[{"taxonomy":"category","embeddable":true,"href":"https:\/\/www.suno.com.br\/noticias\/wp-json\/wp\/v2\/categories?post=149774"},{"taxonomy":"post_tag","embeddable":true,"href":"https:\/\/www.suno.com.br\/noticias\/wp-json\/wp\/v2\/tags?post=149774"},{"taxonomy":"suno_strategy","embeddable":true,"href":"https:\/\/www.suno.com.br\/noticias\/wp-json\/wp\/v2\/suno_strategy?post=149774"}],"curies":[{"name":"wp","href":"https:\/\/api.w.org\/{rel}","templated":true}]}}