{"id":149726,"date":"2021-05-20T11:55:14","date_gmt":"2021-05-20T14:55:14","guid":{"rendered":"https:\/\/www.suno.com.br\/noticias\/?p=149726"},"modified":"2021-06-13T23:09:29","modified_gmt":"2021-06-14T02:09:29","slug":"brasil-recebe-doses-vacina-pfizer","status":"publish","type":"post","link":"https:\/\/www.suno.com.br\/noticias\/brasil-recebe-doses-vacina-pfizer\/","title":{"rendered":"Brasil recebe remessa de 629 mil doses da vacina da Pfizer (PFIZ34)"},"content":{"rendered":"<p>Uma remessa de 629 mil doses da vacina da <strong>Pfizer<\/strong> (PFIZ34) chegou na noite da \u00faltima quarta-feira (19) no Aeroporto de Viracopos, em Campinas (SP).<\/p>\t<div class=\"wrapper-featured-image\">\n\t\t<figure class=\"spotlightImg\">\n\n\t\t\t<picture>\n\t\t\t\t<source media=\"(max-width: 768px)\" srcset=\"https:\/\/files.sunoresearch.com.br\/n\/uploads\/2021\/01\/bf9e9083-pfizer-e1638917267847-400x200.webp\">\n\t\t\t\t<img loading=\"lazy\" decoding=\"async\" class=\"newsContent__article__imgCapa lazyloadDisabled \" src=\"https:\/\/files.sunoresearch.com.br\/n\/uploads\/2021\/01\/bf9e9083-pfizer-e1638917267847-800x450.webp\" width=\"800\" height=\"450\" alt=\"Brasil recebe remessa de 629 mil doses da vacina da Pfizer (PFIZ34)\" fetchpriority=high \/>\n\t\t\t<\/picture>\n\n\t\t\t<figcaption class=\"wp-caption-text wp-caption-text--show\">Pfizer. Foto: Divulga\u00e7\u00e3o.<\/figcaption>\n\t\t<\/figure>\n\t<\/div>\n\n\n<p><span style=\"font-weight: 400;\">\u00a0\t<p>\n\t\t<a href=\"https:\/\/lp.suno.com.br\/planilha-controle-gastos\/\" target=\"_blank\" data-element=\"shortcode-suno-banner\" title=\"Banner SUNO, clique e saiba mais\">\n\t\t\t<picture>\n\t\t\t\t<source media=\"(max-width: 500px)\" srcset=\"https:\/\/files.sunoresearch.com.br\/n\/uploads\/2023\/03\/400x300-Planilha-controle-de-gastos.png\">\n\t\t\t\t<img class=\"newsContent__article__imgCapa newsContent__article__imgCapa--banner\"\n\t\t\t\t\tsrc=\"https:\/\/files.sunoresearch.com.br\/n\/uploads\/2023\/03\/1420x240-Planilha-controle-de-gastos.png\"\n\t\t\t\t\tdata-promo-id=\"101751\"\t\t\t\t\t\t\t\t\t\twidth='1420' height='240'\t\t\t\t\talt=\"https:\/\/files.sunoresearch.com.br\/n\/uploads\/2023\/03\/1420x240-Planilha-controle-de-gastos.png\"\n\t\t\t\t>\n\t\t\t<\/picture>\n\t\t<\/a>\n\t<\/p>\n\n <\/span><\/p>\n<p>Trata-se do quarto lote de um total de 200 milh\u00f5es de <strong>vacinas<\/strong> contratadas pelo governo brasileiro da farmac\u00eautica Pfizer. Somadas, as quatro remessas totalizam 2,8 milh\u00f5es de doses do imunizante entregues ao Minist\u00e9rio da Sa\u00fade.<\/p>\n<p>As doses, agora, ser\u00e3o levadas ao Centro de Distribui\u00e7\u00e3o do <strong>Minist\u00e9rio da Sa\u00fade<\/strong> em Guarulhos (SP), onde as vacinas s\u00e3o armazenadas a uma temperatura de -90\u00baC a -60\u00b0C.<\/p>\n<p><a href=\"https:\/\/lp.suno.com.br\/suno-one\/?ppp=noticias\/hospital-care-pedido-ipo-cvm\/\"><b>Suno One: acesse gratuitamente eBooks, Minicursos, Artigos e V\u00eddeo Aulas sobre investimentos com um \u00fanico cadastro. Clique para saber mais!<\/b><\/a><\/p>\n<p>Ao serem enviadas aos locais de vacina\u00e7\u00e3o, os <strong>imunizantes<\/strong> s\u00e3o expostos a temperatura de -20\u00b0C. Nas salas de vacina\u00e7\u00e3o, onde a refrigera\u00e7\u00e3o \u00e9 de 2\u00baC a 8\u00b0C, as doses precisam ser aplicadas em at\u00e9 cinco dias.<\/p>\n<p>Para o m\u00eas de maio, segundo o painel de vacina\u00e7\u00e3o contra a covid-19, est\u00e3o previstos 20,5 milh\u00f5es de doses da Oxford\/AstraZeneca produzida pela Fiocruz, 3,9 milh\u00f5es da Oxford\/AstraZeneca obtida pelo cons\u00f3rcio Covax Facility, cinco milh\u00f5es da CoronaVac e mais 842 mil da Pfizer pelo Covax Facility, totalizando 32,9 milh\u00f5es de doses.<\/p>\n<p><span style=\"font-weight: 400;\">\t<div data-element=\"shortcode-read-more\" class=\"knowMore\">\n\t\t\t\t<span class=\"knowMore__title\">Saiba mais<\/span>\n\t\t\t\t<a class=\"knowMore__link\" href=\"https:\/\/www.suno.com.br\/noticias\/vacinas-pfizer-governo-comprara\/\">\n\t\t\tGoverno comprar\u00e1 vacina dos laborat\u00f3rios Pfizer e Janssen, diz jornal\t\t<\/a>\n\t<\/div>\n\n<\/span><\/p>\n<h2>Pfizer reporta lucro de US$ 4,87 bilh\u00f5es<\/h2>\n<p>A Pfizer divulgou no in\u00edcio deste m\u00eas seus <a href=\"https:\/\/www.suno.com.br\/artigos\/resultado-financeiro\/\">resultados no primeiro trimestre<\/a> de 2021. A farmac\u00eautica norte-americana, uma das principais fornecedoras mundiais de vacina contra a Covid-19, teve <a href=\"https:\/\/www.suno.com.br\/artigos\/lucro-liquido\/\">lucro l\u00edquido<\/a> de US$ 4,87 bilh\u00f5es no per\u00edodo, o que corresponde a US$ 0,86 por a\u00e7\u00e3o.<\/p>\n<p>O lucro da companhia entre janeiro e mar\u00e7o desse ano ainda \u00e9 45% maior do que o ganho de US$ 3,355 bilh\u00f5es, equivalente a US$ 0,60 por a\u00e7\u00e3o, apurado em igual per\u00edodo do ano passado.<\/p>\n<p>Com ajustes, o<a href=\"https:\/\/www.suno.com.br\/artigos\/lucro-por-acao\/\"> lucro por a\u00e7\u00e3o <\/a>nos tr\u00eas primeiros meses do ano foi de US$ 0,93, bem acima da previs\u00e3o de analistas consultados pela FactSet, de US$ 0,77.<\/p>\n<p><span style=\"font-weight: 400;\">\t<p>\n\t\t<a href=\"https:\/\/lp.suno.com.br\/planilha-de-controle-de-investimentos\/\" target=\"_blank\" data-element=\"shortcode-suno-banner\" title=\"Banner SUNO, clique e saiba mais\">\n\t\t\t<picture>\n\t\t\t\t<source media=\"(max-width: 500px)\" srcset=\"https:\/\/files.sunoresearch.com.br\/n\/uploads\/2023\/03\/400x300-Controle-de-Investimentos.png\">\n\t\t\t\t<img class=\"newsContent__article__imgCapa newsContent__article__imgCapa--banner\"\n\t\t\t\t\tsrc=\"https:\/\/files.sunoresearch.com.br\/n\/uploads\/2023\/03\/1420x240-Controle-de-Investimentos.png\"\n\t\t\t\t\tdata-promo-id=\"75934\"\t\t\t\t\t\t\t\t\t\twidth='1420' height='240'\t\t\t\t\talt=\"https:\/\/files.sunoresearch.com.br\/n\/uploads\/2023\/03\/1420x240-Controle-de-Investimentos.png\"\n\t\t\t\t>\n\t\t\t<\/picture>\n\t\t<\/a>\n\t<\/p>\n\n<\/span><\/p>\n<p>Na mesma compara\u00e7\u00e3o, a <a href=\"https:\/\/www.suno.com.br\/artigos\/o-que-receita-liquida\/\">receita da companhia<\/a> igualmente cresceu 45% no primeiro trimestre, a US$ 14,58 bilh\u00f5es, tamb\u00e9m ficando bem acima do consenso da FactSet, de US$ 13,54 bilh\u00f5es. Apenas a receita com vacinas triplicou, a US$ 4,89 bilh\u00f5es.<\/p>\n<p>Para 2021, a <strong>Pfizer<\/strong> elevou sua previs\u00e3o de lucro ajustado por a\u00e7\u00e3o, para uma faixa de US$ 3,55 a US$ 3,65, assim como sua proje\u00e7\u00e3o de receita, para o intervalo de US$ 70,5 bilh\u00f5es a US$ 72,5 bilh\u00f5es.<\/p>\n<p><em>Com informa\u00e7\u00f5es da Ag\u00eancia Brasil e Estad\u00e3o Conte\u00fado.\u00a0\u00a0<\/em><\/p>\n<p><span style=\"font-weight: 400;\">\t<p>\n\t\t<a href=\"https:\/\/lp.suno.com.br\/planilha-da-vida-financeira\/\" target=\"_blank\" data-element=\"shortcode-suno-banner\" title=\"Banner SUNO, clique e saiba mais\">\n\t\t\t<picture>\n\t\t\t\t<source media=\"(max-width: 500px)\" srcset=\"https:\/\/files.sunoresearch.com.br\/n\/uploads\/2023\/04\/400x300-Planilha-vida-financeira-true.png\">\n\t\t\t\t<img class=\"newsContent__article__imgCapa newsContent__article__imgCapa--banner\"\n\t\t\t\t\tsrc=\"https:\/\/files.sunoresearch.com.br\/n\/uploads\/2023\/04\/1420x240-Planilha-vida-financeira-true.png\"\n\t\t\t\t\tdata-promo-id=\"106682\"\t\t\t\t\t\t\t\t\t\twidth='1420' height='240'\t\t\t\t\talt=\"https:\/\/files.sunoresearch.com.br\/n\/uploads\/2023\/04\/1420x240-Planilha-vida-financeira-true.png\"\n\t\t\t\t>\n\t\t\t<\/picture>\n\t\t<\/a>\n\t<\/p>\n\n<\/span><\/p>\n","protected":false},"excerpt":{"rendered":"<p>Uma remessa de 629 mil doses da vacina da Pfizer (PFIZ34) chegou na noite da \u00faltima quarta-feira (19) no Aeroporto de Viracopos, em Campinas (SP). Pfizer. Foto: Divulga\u00e7\u00e3o. \u00a0 Trata-se do quarto lote de um total de 200 milh\u00f5es de vacinas contratadas pelo governo brasileiro da farmac\u00eautica Pfizer. Somadas, as quatro remessas totalizam 2,8 milh\u00f5es [&hellip;]<\/p>\n","protected":false},"author":73,"featured_media":116016,"comment_status":"closed","ping_status":"closed","sticky":false,"template":"","format":"standard","meta":[],"categories":[62],"tags":[2487,5255,2748,884,25002],"suno_strategy":[],"class_list":["post-149726","post","type-post","status-publish","format-standard","has-post-thumbnail","hentry","category-economia","tag-coronavirus","tag-covid-19","tag-pandemia","tag-pfizer-pfiz34","tag-vacina"],"yoast_head":"<!-- This site is optimized with the Yoast SEO plugin v24.4 - https:\/\/yoast.com\/wordpress\/plugins\/seo\/ -->\n<title>Brasil recebe remessa de 629 mil doses da vacina da Pfizer (PFIZ34)<\/title>\n<meta name=\"description\" content=\"A remessa \u00e9 o quarto lote de um total de 200 milh\u00f5es de vacinas contratadas pelo governo brasileiro da farmac\u00eautica Pfizer. Leia mais.\" \/>\n<meta name=\"robots\" content=\"index, follow, max-snippet:-1, max-image-preview:large, max-video-preview:-1\" \/>\n<link rel=\"canonical\" href=\"https:\/\/www.suno.com.br\/noticias\/brasil-recebe-doses-vacina-pfizer\/\" \/>\n<meta property=\"og:locale\" content=\"pt_BR\" \/>\n<meta property=\"og:type\" content=\"article\" \/>\n<meta property=\"og:title\" content=\"Brasil recebe remessa de 629 mil doses da vacina da Pfizer (PFIZ34)\" \/>\n<meta property=\"og:description\" content=\"A remessa \u00e9 o quarto lote de um total de 200 milh\u00f5es de vacinas contratadas pelo governo brasileiro da farmac\u00eautica Pfizer. Leia mais.\" \/>\n<meta property=\"og:url\" content=\"https:\/\/www.suno.com.br\/noticias\/brasil-recebe-doses-vacina-pfizer\/\" \/>\n<meta property=\"og:site_name\" content=\"Suno Not\u00edcias\" \/>\n<meta property=\"article:publisher\" content=\"https:\/\/facebook.com\/sunoresearch\" \/>\n<meta property=\"og:image\" content=\"https:\/\/files.sunoresearch.com.br\/n\/uploads\/2021\/01\/bf9e9083-pfizer-e1638917267847.jpg\" \/>\n\t<meta property=\"og:image:width\" content=\"1170\" \/>\n\t<meta property=\"og:image:height\" content=\"700\" \/>\n\t<meta property=\"og:image:type\" content=\"image\/jpeg\" \/>\n<meta name=\"author\" content=\"Eduardo Vargas\" \/>\n<meta name=\"twitter:card\" content=\"summary_large_image\" \/>\n<meta name=\"twitter:creator\" content=\"@sunoresearch\" \/>\n<meta name=\"twitter:site\" content=\"@sunoresearch\" \/>\n<meta name=\"twitter:label1\" content=\"Escrito por\" \/>\n\t<meta name=\"twitter:data1\" content=\"Eduardo Vargas\" \/>\n\t<meta name=\"twitter:label2\" content=\"Est. tempo de leitura\" \/>\n\t<meta name=\"twitter:data2\" content=\"2 minutos\" \/>\n<script type=\"application\/ld+json\" class=\"yoast-schema-graph\">{\"@context\":\"https:\/\/schema.org\",\"@graph\":[{\"@type\":\"NewsArticle\",\"@id\":\"https:\/\/www.suno.com.br\/noticias\/brasil-recebe-doses-vacina-pfizer\/#article\",\"isPartOf\":{\"@id\":\"https:\/\/www.suno.com.br\/noticias\/brasil-recebe-doses-vacina-pfizer\/\"},\"author\":{\"name\":\"Eduardo Vargas\",\"@id\":\"https:\/\/www.suno.com.br\/noticias\/#\/schema\/person\/7f4d362bf3518e76090143ae77bb49a5\"},\"headline\":\"Brasil recebe remessa de 629 mil doses da vacina da Pfizer (PFIZ34)\",\"datePublished\":\"2021-05-20T14:55:14+00:00\",\"dateModified\":\"2021-06-14T02:09:29+00:00\",\"mainEntityOfPage\":{\"@id\":\"https:\/\/www.suno.com.br\/noticias\/brasil-recebe-doses-vacina-pfizer\/\"},\"wordCount\":450,\"publisher\":{\"@id\":\"https:\/\/www.suno.com.br\/noticias\/#organization\"},\"image\":{\"@id\":\"https:\/\/www.suno.com.br\/noticias\/brasil-recebe-doses-vacina-pfizer\/#primaryimage\"},\"thumbnailUrl\":\"https:\/\/files.sunoresearch.com.br\/n\/uploads\/2021\/01\/bf9e9083-pfizer-e1638917267847-jpg.webp\",\"keywords\":[\"coronav\u00edrus\",\"covid-19\",\"pandemia\",\"Pfizer (PFIZ34)\",\"vacina\"],\"articleSection\":[\"Economia\"],\"inLanguage\":\"pt-BR\"},{\"@type\":\"WebPage\",\"@id\":\"https:\/\/www.suno.com.br\/noticias\/brasil-recebe-doses-vacina-pfizer\/\",\"url\":\"https:\/\/www.suno.com.br\/noticias\/brasil-recebe-doses-vacina-pfizer\/\",\"name\":\"Brasil recebe remessa de 629 mil doses da vacina da Pfizer (PFIZ34)\",\"isPartOf\":{\"@id\":\"https:\/\/www.suno.com.br\/noticias\/#website\"},\"primaryImageOfPage\":{\"@id\":\"https:\/\/www.suno.com.br\/noticias\/brasil-recebe-doses-vacina-pfizer\/#primaryimage\"},\"image\":{\"@id\":\"https:\/\/www.suno.com.br\/noticias\/brasil-recebe-doses-vacina-pfizer\/#primaryimage\"},\"thumbnailUrl\":\"https:\/\/files.sunoresearch.com.br\/n\/uploads\/2021\/01\/bf9e9083-pfizer-e1638917267847-jpg.webp\",\"datePublished\":\"2021-05-20T14:55:14+00:00\",\"dateModified\":\"2021-06-14T02:09:29+00:00\",\"description\":\"A remessa \u00e9 o quarto lote de um total de 200 milh\u00f5es de vacinas contratadas pelo governo brasileiro da farmac\u00eautica Pfizer. Leia mais.\",\"breadcrumb\":{\"@id\":\"https:\/\/www.suno.com.br\/noticias\/brasil-recebe-doses-vacina-pfizer\/#breadcrumb\"},\"inLanguage\":\"pt-BR\",\"potentialAction\":[{\"@type\":\"ReadAction\",\"target\":[\"https:\/\/www.suno.com.br\/noticias\/brasil-recebe-doses-vacina-pfizer\/\"]}]},{\"@type\":\"ImageObject\",\"inLanguage\":\"pt-BR\",\"@id\":\"https:\/\/www.suno.com.br\/noticias\/brasil-recebe-doses-vacina-pfizer\/#primaryimage\",\"url\":\"https:\/\/files.sunoresearch.com.br\/n\/uploads\/2021\/01\/bf9e9083-pfizer-e1638917267847-jpg.webp\",\"contentUrl\":\"https:\/\/files.sunoresearch.com.br\/n\/uploads\/2021\/01\/bf9e9083-pfizer-e1638917267847-jpg.webp\",\"width\":1170,\"height\":700,\"caption\":\"Pfizer. Foto: Divulga\u00e7\u00e3o.\"},{\"@type\":\"BreadcrumbList\",\"@id\":\"https:\/\/www.suno.com.br\/noticias\/brasil-recebe-doses-vacina-pfizer\/#breadcrumb\",\"itemListElement\":[{\"@type\":\"ListItem\",\"position\":1,\"name\":\"Not\u00edcias\",\"item\":\"https:\/\/www.suno.com.br\/noticias\/\"},{\"@type\":\"ListItem\",\"position\":2,\"name\":\"Economia\",\"item\":\"https:\/\/www.suno.com.br\/noticias\/economia\/\"},{\"@type\":\"ListItem\",\"position\":3,\"name\":\"Brasil recebe remessa de 629 mil doses da vacina da Pfizer (PFIZ34)\"}]},{\"@type\":\"WebSite\",\"@id\":\"https:\/\/www.suno.com.br\/noticias\/#website\",\"url\":\"https:\/\/www.suno.com.br\/noticias\/\",\"name\":\"Suno Not\u00edcias\",\"description\":\"Seu portal de informa\u00e7\u00e3o sobre o mundo dos investimentos\",\"publisher\":{\"@id\":\"https:\/\/www.suno.com.br\/noticias\/#organization\"},\"potentialAction\":[{\"@type\":\"SearchAction\",\"target\":{\"@type\":\"EntryPoint\",\"urlTemplate\":\"https:\/\/www.suno.com.br\/noticias\/?s={search_term_string}\"},\"query-input\":{\"@type\":\"PropertyValueSpecification\",\"valueRequired\":true,\"valueName\":\"search_term_string\"}}],\"inLanguage\":\"pt-BR\"},{\"@type\":\"Organization\",\"@id\":\"https:\/\/www.suno.com.br\/noticias\/#organization\",\"name\":\"Suno Not\u00edcias\",\"url\":\"https:\/\/www.suno.com.br\/noticias\/\",\"logo\":{\"@type\":\"ImageObject\",\"inLanguage\":\"pt-BR\",\"@id\":\"https:\/\/www.suno.com.br\/noticias\/#\/schema\/logo\/image\/\",\"url\":\"https:\/\/files.sunoresearch.com.br\/n\/uploads\/2021\/09\/suno-logo.png\",\"contentUrl\":\"https:\/\/files.sunoresearch.com.br\/n\/uploads\/2021\/09\/suno-logo.png\",\"width\":180,\"height\":180,\"caption\":\"Suno Not\u00edcias\"},\"image\":{\"@id\":\"https:\/\/www.suno.com.br\/noticias\/#\/schema\/logo\/image\/\"},\"sameAs\":[\"https:\/\/facebook.com\/sunoresearch\",\"https:\/\/x.com\/sunoresearch\",\"https:\/\/www.instagram.com\/suno\",\"https:\/\/www.linkedin.com\/company\/suno-research\/\",\"https:\/\/www.youtube.com\/c\/sunoresearch\"]},{\"@type\":\"Person\",\"@id\":\"https:\/\/www.suno.com.br\/noticias\/#\/schema\/person\/7f4d362bf3518e76090143ae77bb49a5\",\"name\":\"Eduardo Vargas\",\"image\":{\"@type\":\"ImageObject\",\"inLanguage\":\"pt-BR\",\"@id\":\"https:\/\/www.suno.com.br\/noticias\/#\/schema\/person\/image\/\",\"url\":\"https:\/\/secure.gravatar.com\/avatar\/dac340933427a22924c9f99d1eb2e3f2?s=96&r=g\",\"contentUrl\":\"https:\/\/secure.gravatar.com\/avatar\/dac340933427a22924c9f99d1eb2e3f2?s=96&r=g\",\"caption\":\"Eduardo Vargas\"},\"description\":\"Jornalista formado pela UFSC, cobre macroeconomia, neg\u00f3cios e startups para o Suno Not\u00edcias, escrevendo principalmente not\u00edcias sobre o mercado financeiro e a bolsa de valores. No YouTube e no Instagram, \u00e9 respons\u00e1vel pela produ\u00e7\u00e3o de Reels e Shorts do Suno Not\u00edcias. Anteriormente, trabalhou cobrindo economia e cotidiano no ND+ e para o ND, maior jornal impresso de Santa Catarina. Cursou um semestre letivo de Estudos de M\u00eddia na Universidad de Buenos Aires.\",\"url\":\"https:\/\/www.suno.com.br\/noticias\/author\/eduardo-vargas\/\"}]}<\/script>\n<!-- \/ Yoast SEO plugin. -->","yoast_head_json":{"title":"Brasil recebe remessa de 629 mil doses da vacina da Pfizer (PFIZ34)","description":"A remessa \u00e9 o quarto lote de um total de 200 milh\u00f5es de vacinas contratadas pelo governo brasileiro da farmac\u00eautica Pfizer. Leia mais.","robots":{"index":"index","follow":"follow","max-snippet":"max-snippet:-1","max-image-preview":"max-image-preview:large","max-video-preview":"max-video-preview:-1"},"canonical":"https:\/\/www.suno.com.br\/noticias\/brasil-recebe-doses-vacina-pfizer\/","og_locale":"pt_BR","og_type":"article","og_title":"Brasil recebe remessa de 629 mil doses da vacina da Pfizer (PFIZ34)","og_description":"A remessa \u00e9 o quarto lote de um total de 200 milh\u00f5es de vacinas contratadas pelo governo brasileiro da farmac\u00eautica Pfizer. Leia mais.","og_url":"https:\/\/www.suno.com.br\/noticias\/brasil-recebe-doses-vacina-pfizer\/","og_site_name":"Suno Not\u00edcias","article_publisher":"https:\/\/facebook.com\/sunoresearch","og_image":[{"width":1170,"height":700,"url":"https:\/\/files.sunoresearch.com.br\/n\/uploads\/2021\/01\/bf9e9083-pfizer-e1638917267847.jpg","type":"image\/jpeg"}],"author":"Eduardo Vargas","twitter_card":"summary_large_image","twitter_creator":"@sunoresearch","twitter_site":"@sunoresearch","twitter_misc":{"Escrito por":"Eduardo Vargas","Est. tempo de leitura":"2 minutos"},"schema":{"@context":"https:\/\/schema.org","@graph":[{"@type":"NewsArticle","@id":"https:\/\/www.suno.com.br\/noticias\/brasil-recebe-doses-vacina-pfizer\/#article","isPartOf":{"@id":"https:\/\/www.suno.com.br\/noticias\/brasil-recebe-doses-vacina-pfizer\/"},"author":{"name":"Eduardo Vargas","@id":"https:\/\/www.suno.com.br\/noticias\/#\/schema\/person\/7f4d362bf3518e76090143ae77bb49a5"},"headline":"Brasil recebe remessa de 629 mil doses da vacina da Pfizer (PFIZ34)","datePublished":"2021-05-20T14:55:14+00:00","dateModified":"2021-06-14T02:09:29+00:00","mainEntityOfPage":{"@id":"https:\/\/www.suno.com.br\/noticias\/brasil-recebe-doses-vacina-pfizer\/"},"wordCount":450,"publisher":{"@id":"https:\/\/www.suno.com.br\/noticias\/#organization"},"image":{"@id":"https:\/\/www.suno.com.br\/noticias\/brasil-recebe-doses-vacina-pfizer\/#primaryimage"},"thumbnailUrl":"https:\/\/files.sunoresearch.com.br\/n\/uploads\/2021\/01\/bf9e9083-pfizer-e1638917267847-jpg.webp","keywords":["coronav\u00edrus","covid-19","pandemia","Pfizer (PFIZ34)","vacina"],"articleSection":["Economia"],"inLanguage":"pt-BR"},{"@type":"WebPage","@id":"https:\/\/www.suno.com.br\/noticias\/brasil-recebe-doses-vacina-pfizer\/","url":"https:\/\/www.suno.com.br\/noticias\/brasil-recebe-doses-vacina-pfizer\/","name":"Brasil recebe remessa de 629 mil doses da vacina da Pfizer (PFIZ34)","isPartOf":{"@id":"https:\/\/www.suno.com.br\/noticias\/#website"},"primaryImageOfPage":{"@id":"https:\/\/www.suno.com.br\/noticias\/brasil-recebe-doses-vacina-pfizer\/#primaryimage"},"image":{"@id":"https:\/\/www.suno.com.br\/noticias\/brasil-recebe-doses-vacina-pfizer\/#primaryimage"},"thumbnailUrl":"https:\/\/files.sunoresearch.com.br\/n\/uploads\/2021\/01\/bf9e9083-pfizer-e1638917267847-jpg.webp","datePublished":"2021-05-20T14:55:14+00:00","dateModified":"2021-06-14T02:09:29+00:00","description":"A remessa \u00e9 o quarto lote de um total de 200 milh\u00f5es de vacinas contratadas pelo governo brasileiro da farmac\u00eautica Pfizer. Leia mais.","breadcrumb":{"@id":"https:\/\/www.suno.com.br\/noticias\/brasil-recebe-doses-vacina-pfizer\/#breadcrumb"},"inLanguage":"pt-BR","potentialAction":[{"@type":"ReadAction","target":["https:\/\/www.suno.com.br\/noticias\/brasil-recebe-doses-vacina-pfizer\/"]}]},{"@type":"ImageObject","inLanguage":"pt-BR","@id":"https:\/\/www.suno.com.br\/noticias\/brasil-recebe-doses-vacina-pfizer\/#primaryimage","url":"https:\/\/files.sunoresearch.com.br\/n\/uploads\/2021\/01\/bf9e9083-pfizer-e1638917267847-jpg.webp","contentUrl":"https:\/\/files.sunoresearch.com.br\/n\/uploads\/2021\/01\/bf9e9083-pfizer-e1638917267847-jpg.webp","width":1170,"height":700,"caption":"Pfizer. Foto: Divulga\u00e7\u00e3o."},{"@type":"BreadcrumbList","@id":"https:\/\/www.suno.com.br\/noticias\/brasil-recebe-doses-vacina-pfizer\/#breadcrumb","itemListElement":[{"@type":"ListItem","position":1,"name":"Not\u00edcias","item":"https:\/\/www.suno.com.br\/noticias\/"},{"@type":"ListItem","position":2,"name":"Economia","item":"https:\/\/www.suno.com.br\/noticias\/economia\/"},{"@type":"ListItem","position":3,"name":"Brasil recebe remessa de 629 mil doses da vacina da Pfizer (PFIZ34)"}]},{"@type":"WebSite","@id":"https:\/\/www.suno.com.br\/noticias\/#website","url":"https:\/\/www.suno.com.br\/noticias\/","name":"Suno Not\u00edcias","description":"Seu portal de informa\u00e7\u00e3o sobre o mundo dos investimentos","publisher":{"@id":"https:\/\/www.suno.com.br\/noticias\/#organization"},"potentialAction":[{"@type":"SearchAction","target":{"@type":"EntryPoint","urlTemplate":"https:\/\/www.suno.com.br\/noticias\/?s={search_term_string}"},"query-input":{"@type":"PropertyValueSpecification","valueRequired":true,"valueName":"search_term_string"}}],"inLanguage":"pt-BR"},{"@type":"Organization","@id":"https:\/\/www.suno.com.br\/noticias\/#organization","name":"Suno Not\u00edcias","url":"https:\/\/www.suno.com.br\/noticias\/","logo":{"@type":"ImageObject","inLanguage":"pt-BR","@id":"https:\/\/www.suno.com.br\/noticias\/#\/schema\/logo\/image\/","url":"https:\/\/files.sunoresearch.com.br\/n\/uploads\/2021\/09\/suno-logo.png","contentUrl":"https:\/\/files.sunoresearch.com.br\/n\/uploads\/2021\/09\/suno-logo.png","width":180,"height":180,"caption":"Suno Not\u00edcias"},"image":{"@id":"https:\/\/www.suno.com.br\/noticias\/#\/schema\/logo\/image\/"},"sameAs":["https:\/\/facebook.com\/sunoresearch","https:\/\/x.com\/sunoresearch","https:\/\/www.instagram.com\/suno","https:\/\/www.linkedin.com\/company\/suno-research\/","https:\/\/www.youtube.com\/c\/sunoresearch"]},{"@type":"Person","@id":"https:\/\/www.suno.com.br\/noticias\/#\/schema\/person\/7f4d362bf3518e76090143ae77bb49a5","name":"Eduardo Vargas","image":{"@type":"ImageObject","inLanguage":"pt-BR","@id":"https:\/\/www.suno.com.br\/noticias\/#\/schema\/person\/image\/","url":"https:\/\/secure.gravatar.com\/avatar\/dac340933427a22924c9f99d1eb2e3f2?s=96&r=g","contentUrl":"https:\/\/secure.gravatar.com\/avatar\/dac340933427a22924c9f99d1eb2e3f2?s=96&r=g","caption":"Eduardo Vargas"},"description":"Jornalista formado pela UFSC, cobre macroeconomia, neg\u00f3cios e startups para o Suno Not\u00edcias, escrevendo principalmente not\u00edcias sobre o mercado financeiro e a bolsa de valores. No YouTube e no Instagram, \u00e9 respons\u00e1vel pela produ\u00e7\u00e3o de Reels e Shorts do Suno Not\u00edcias. Anteriormente, trabalhou cobrindo economia e cotidiano no ND+ e para o ND, maior jornal impresso de Santa Catarina. Cursou um semestre letivo de Estudos de M\u00eddia na Universidad de Buenos Aires.","url":"https:\/\/www.suno.com.br\/noticias\/author\/eduardo-vargas\/"}]}},"default_loop_html":"<div class=\"cardsPage__listCard__boxs\"><div class=\"cardsPage__listCard__boxs__img\"><a href=\"https:\/\/www.suno.com.br\/noticias\/brasil-recebe-doses-vacina-pfizer\/\"><img class=\"mask\" src=\"https:\/\/www.suno.com.br\/noticias\/wp-content\/themes\/suno\/resources\/images\/spotlight\/spotlight1img\/bg-mask.png\" alt=\"Image Mask\"\/><img src=\"https:\/\/files.sunoresearch.com.br\/n\/uploads\/2021\/01\/bf9e9083-pfizer-e1638917267847-400x200.webp\" alt=\"Brasil recebe remessa de 629 mil doses da vacina da Pfizer (PFIZ34)\"\/><\/a><span class=\"spotlightCategory\"><a href=\"https:\/\/www.suno.com.br\/noticias\/economia\/\">Economia<\/a><\/span><\/div><div class=\"cardsPage__listCard__boxs__content\"><a href=\"https:\/\/www.suno.com.br\/noticias\/brasil-recebe-doses-vacina-pfizer\/\"><h2 class=\"content__title\">Brasil recebe remessa de 629 mil doses da vacina da Pfizer (PFIZ34)<\/h2><\/a><div class=\"newsContent__article__meta\"><div class=\"newsContent__article__meta__authorBox\"><a href=\"https:\/\/www.suno.com.br\/noticias\/author\/eduardo-vargas\/\" class=\"authorBox__avatar noMobi\"><img src=\"https:\/\/secure.gravatar.com\/avatar\/dac340933427a22924c9f99d1eb2e3f2?s=96&#038;r=g\" alt=\"Eduardo Vargas\"><\/a><div class=\"authorBox__name\"><span>por\n\t\t\t<a href=\"https:\/\/www.suno.com.br\/noticias\/author\/eduardo-vargas\/\"><span itemprop=\"author\">Eduardo Vargas<\/span><\/a><\/span><time datetime=\"2021-05-20T11:55:14-03:00\" itemprop=\"datePublished\">20\/05\/2021 11:55<\/time><\/div><\/div><\/div><\/div><\/div>","single_layout":"posts","amp_enabled":true,"_links":{"self":[{"href":"https:\/\/www.suno.com.br\/noticias\/wp-json\/wp\/v2\/posts\/149726"}],"collection":[{"href":"https:\/\/www.suno.com.br\/noticias\/wp-json\/wp\/v2\/posts"}],"about":[{"href":"https:\/\/www.suno.com.br\/noticias\/wp-json\/wp\/v2\/types\/post"}],"author":[{"embeddable":true,"href":"https:\/\/www.suno.com.br\/noticias\/wp-json\/wp\/v2\/users\/73"}],"replies":[{"embeddable":true,"href":"https:\/\/www.suno.com.br\/noticias\/wp-json\/wp\/v2\/comments?post=149726"}],"version-history":[{"count":3,"href":"https:\/\/www.suno.com.br\/noticias\/wp-json\/wp\/v2\/posts\/149726\/revisions"}],"predecessor-version":[{"id":149737,"href":"https:\/\/www.suno.com.br\/noticias\/wp-json\/wp\/v2\/posts\/149726\/revisions\/149737"}],"wp:featuredmedia":[{"embeddable":true,"href":"https:\/\/www.suno.com.br\/noticias\/wp-json\/wp\/v2\/media\/116016"}],"wp:attachment":[{"href":"https:\/\/www.suno.com.br\/noticias\/wp-json\/wp\/v2\/media?parent=149726"}],"wp:term":[{"taxonomy":"category","embeddable":true,"href":"https:\/\/www.suno.com.br\/noticias\/wp-json\/wp\/v2\/categories?post=149726"},{"taxonomy":"post_tag","embeddable":true,"href":"https:\/\/www.suno.com.br\/noticias\/wp-json\/wp\/v2\/tags?post=149726"},{"taxonomy":"suno_strategy","embeddable":true,"href":"https:\/\/www.suno.com.br\/noticias\/wp-json\/wp\/v2\/suno_strategy?post=149726"}],"curies":[{"name":"wp","href":"https:\/\/api.w.org\/{rel}","templated":true}]}}