{"id":149711,"date":"2021-05-20T11:28:26","date_gmt":"2021-05-20T14:28:26","guid":{"rendered":"https:\/\/www.suno.com.br\/noticias\/?p=149711"},"modified":"2021-05-20T11:28:38","modified_gmt":"2021-05-20T14:28:38","slug":"hapvida-hapv3-desiste-de-adquirir-grupo-santa-filomena-e-finaliza-compra-do-promed","status":"publish","type":"post","link":"https:\/\/www.suno.com.br\/noticias\/hapvida-hapv3-desiste-de-adquirir-grupo-santa-filomena-e-finaliza-compra-do-promed\/","title":{"rendered":"Hapvida (HAPV3) desiste de adquirir Grupo Santa Filomena, mas finaliza compra do Promed"},"content":{"rendered":"<p>A <a href=\"https:\/\/www.suno.com.br\/acoes\/hapv3\/\"><strong>Hapvida<\/strong> (HAPV3)<\/a> desistiu de adquirir o Grupo Santa Filomena, de acordo com comunicado publicado nesta quinta-feira (20). O contrato de compra e venda havia sido fechado em setembro do ano passado.<\/p>\t<div class=\"wrapper-featured-image\">\n\t\t<figure class=\"spotlightImg\">\n\n\t\t\t<picture>\n\t\t\t\t<source media=\"(max-width: 768px)\" srcset=\"https:\/\/files.sunoresearch.com.br\/n\/uploads\/2021\/04\/5cc0756e-foto-hapvida-institucional_divulgacao_credito-falcao-jr-400x200.webp\">\n\t\t\t\t<img loading=\"lazy\" decoding=\"async\" class=\"newsContent__article__imgCapa lazyloadDisabled \" src=\"https:\/\/files.sunoresearch.com.br\/n\/uploads\/2021\/04\/5cc0756e-foto-hapvida-institucional_divulgacao_credito-falcao-jr-800x450.webp\" width=\"800\" height=\"450\" alt=\"Hapvida (HAPV3) desiste de adquirir Grupo Santa Filomena, mas finaliza compra do Promed\" fetchpriority=high \/>\n\t\t\t<\/picture>\n\n\t\t\t<figcaption class=\"wp-caption-text wp-caption-text--show\">Hapvida . Foto: Divulga\u00e7\u00e3o<\/figcaption>\n\t\t<\/figure>\n\t<\/div>\n\n\n<p><span style=\"font-weight: 400;\">\t<p>\n\t\t<a href=\"https:\/\/lp.suno.com.br\/planilha-controle-gastos\/\" target=\"_blank\" data-element=\"shortcode-suno-banner\" title=\"Banner SUNO, clique e saiba mais\">\n\t\t\t<picture>\n\t\t\t\t<source media=\"(max-width: 500px)\" srcset=\"https:\/\/files.sunoresearch.com.br\/n\/uploads\/2023\/03\/400x300-Planilha-controle-de-gastos.png\">\n\t\t\t\t<img class=\"newsContent__article__imgCapa newsContent__article__imgCapa--banner\"\n\t\t\t\t\tsrc=\"https:\/\/files.sunoresearch.com.br\/n\/uploads\/2023\/03\/1420x240-Planilha-controle-de-gastos.png\"\n\t\t\t\t\tdata-promo-id=\"101751\"\t\t\t\t\t\t\t\t\t\twidth='1420' height='240'\t\t\t\t\talt=\"https:\/\/files.sunoresearch.com.br\/n\/uploads\/2023\/03\/1420x240-Planilha-controle-de-gastos.png\"\n\t\t\t\t>\n\t\t\t<\/picture>\n\t\t<\/a>\n\t<\/p>\n\n\u00a0 \u00a0 <\/span><\/p>\n<p>&#8220;Diante da impossibilidade da conclus\u00e3o de todas as condi\u00e7\u00f5es precedentes previstas na proposta dentro do prazo, restou cancelar a opera\u00e7\u00e3o <a href=\"https:\/\/www.suno.com.br\/artigos\/fusoes-aquisicoes\/\">de aquisi\u00e7\u00e3o<\/a> do Grupo Santa Filomena, composto por uma carteira de cerca de 6 mil benefici\u00e1rios de planos de sa\u00fade concentrados na regi\u00e3o de Rio Claro (SP) e pelo Hospital Santa Filomena&#8221;, informou a Hapivda.<\/p>\n<p>A compra do Grupo Santa Filomena fora fechada por R$ 45 milh\u00f5es &#8211; segundo a companhia, a movimenta\u00e7\u00e3o seguia a sua estrat\u00e9gia de crescimento e de ganho de <em><a href=\"https:\/\/www.suno.com.br\/artigos\/market-share\/\">market share<\/a>.<\/em><\/p>\n<p><a href=\"https:\/\/lp.suno.com.br\/suno-one\/?ppp=noticias\/hospital-care-pedido-ipo-cvm\/\"><b>Suno One: acesse gratuitamente eBooks, Minicursos, Artigos e V\u00eddeo Aulas sobre investimentos com um \u00fanico cadastro. Clique para saber mais!<\/b><\/a><\/p>\n<p>Na \u00e9poca, a Hapvida j\u00e1 havia informado que a transa\u00e7\u00e3o estava sujeita a negocia\u00e7\u00e3o bem-sucedida dos instrumentos contratuais de aquisi\u00e7\u00e3o, dos quais n\u00e3o deu mais detalhes, e \u00e0 aprova\u00e7\u00e3o de \u00f3rg\u00e3os reguladores.<\/p>\n<h2>Hapvida finaliza compra do Grupo Promed<\/h2>\n<p>Por outro lado, a Hapvida anunciou tamb\u00e9m nesta quinta-feira que encerrou a compra do Grupo Promed, que atua na regi\u00e3o metropolitana de Belo Horizonte (MG).<\/p>\n<p><span style=\"font-weight: 400;\">\t<p>\n\t\t<a href=\"https:\/\/lp.suno.com.br\/planilha-da-vida-financeira\/\" target=\"_blank\" data-element=\"shortcode-suno-banner\" title=\"Banner SUNO, clique e saiba mais\">\n\t\t\t<picture>\n\t\t\t\t<source media=\"(max-width: 500px)\" srcset=\"https:\/\/files.sunoresearch.com.br\/n\/uploads\/2023\/04\/400x300-Planilha-vida-financeira-true.png\">\n\t\t\t\t<img class=\"newsContent__article__imgCapa newsContent__article__imgCapa--banner\"\n\t\t\t\t\tsrc=\"https:\/\/files.sunoresearch.com.br\/n\/uploads\/2023\/04\/1420x240-Planilha-vida-financeira-true.png\"\n\t\t\t\t\tdata-promo-id=\"106682\"\t\t\t\t\t\t\t\t\t\twidth='1420' height='240'\t\t\t\t\talt=\"https:\/\/files.sunoresearch.com.br\/n\/uploads\/2023\/04\/1420x240-Planilha-vida-financeira-true.png\"\n\t\t\t\t>\n\t\t\t<\/picture>\n\t\t<\/a>\n\t<\/p>\n\n<\/span><\/p>\n<p>&#8220;O Grupo Promed composto de dois hospitais, incluindo o Hospital Vera Cruz, com um total de 240leitosde interna\u00e7\u00e3o, al\u00e9m de 7 cl\u00ednicas de atendimento prim\u00e1rio e tr\u00eas operadoras de sa\u00fade que, combinadas, possuem uma carteira total de cerca de 280 mil benefici\u00e1rios&#8221;, explica o documento.\u00a0 S\u00e3o mais de dois milh\u00f5es de benefici\u00e1rios em planos de assist\u00eancia m\u00e9dica e um milh\u00e3o em assist\u00eancia odontol\u00f3gica.<\/p>\n<p>&#8220;Com a conclus\u00e3o dessa opera\u00e7\u00e3o, a Companhia amplia sua estrat\u00e9gia de crescimento por meio de uma plataforma que possibilita uma opera\u00e7\u00e3o verticalizada e integrada numa das principais pra\u00e7as de atua\u00e7\u00e3o do Brasil&#8221;, diz a nota.<\/p>\n<p>A <strong>Hapvida<\/strong> gastou R$ 1,5 bilh\u00e3o na transa\u00e7\u00e3o, feita tamb\u00e9m em setembro do ano passado.<\/p>\n<p><span style=\"font-weight: 400;\">\t<p>\n\t\t<a href=\"https:\/\/lp.suno.com.br\/planilha-da-vida-financeira\/\" target=\"_blank\" data-element=\"shortcode-suno-banner\" title=\"Banner SUNO, clique e saiba mais\">\n\t\t\t<picture>\n\t\t\t\t<source media=\"(max-width: 500px)\" srcset=\"https:\/\/files.sunoresearch.com.br\/n\/uploads\/2023\/04\/400x300-Planilha-vida-financeira-true.png\">\n\t\t\t\t<img class=\"newsContent__article__imgCapa newsContent__article__imgCapa--banner\"\n\t\t\t\t\tsrc=\"https:\/\/files.sunoresearch.com.br\/n\/uploads\/2023\/04\/1420x240-Planilha-vida-financeira-true.png\"\n\t\t\t\t\tdata-promo-id=\"106682\"\t\t\t\t\t\t\t\t\t\twidth='1420' height='240'\t\t\t\t\talt=\"https:\/\/files.sunoresearch.com.br\/n\/uploads\/2023\/04\/1420x240-Planilha-vida-financeira-true.png\"\n\t\t\t\t>\n\t\t\t<\/picture>\n\t\t<\/a>\n\t<\/p>\n\n<\/span><\/p>\n","protected":false},"excerpt":{"rendered":"<p>A Hapvida (HAPV3) desistiu de adquirir o Grupo Santa Filomena, de acordo com comunicado publicado nesta quinta-feira (20). O contrato de compra e venda havia sido fechado em setembro do ano passado. Hapvida . Foto: Divulga\u00e7\u00e3o \u00a0 \u00a0 &#8220;Diante da impossibilidade da conclus\u00e3o de todas as condi\u00e7\u00f5es precedentes previstas na proposta dentro do prazo, restou [&hellip;]<\/p>\n","protected":false},"author":59,"featured_media":137430,"comment_status":"closed","ping_status":"closed","sticky":false,"template":"","format":"standard","meta":[],"categories":[64],"tags":[497],"suno_strategy":[],"class_list":["post-149711","post","type-post","status-publish","format-standard","has-post-thumbnail","hentry","category-negocios","tag-hapvida-hapv3"],"yoast_head":"<!-- This site is optimized with the Yoast SEO plugin v24.4 - https:\/\/yoast.com\/wordpress\/plugins\/seo\/ -->\n<title>Hapvida (HAPV3) desiste de adquirir Grupo Santa Filomena<\/title>\n<meta name=\"description\" content=\"A Hapvida desistiu nesta quinta de adquirir o Grupo Santa Filomena, mas finalizou a grupa do Promed. Clique aqui para saber mais.\" \/>\n<meta name=\"robots\" content=\"index, follow, max-snippet:-1, max-image-preview:large, max-video-preview:-1\" \/>\n<link rel=\"canonical\" href=\"https:\/\/www.suno.com.br\/noticias\/hapvida-hapv3-desiste-de-adquirir-grupo-santa-filomena-e-finaliza-compra-do-promed\/\" \/>\n<meta property=\"og:locale\" content=\"pt_BR\" \/>\n<meta property=\"og:type\" content=\"article\" \/>\n<meta property=\"og:title\" content=\"Hapvida (HAPV3) desiste de adquirir Grupo Santa Filomena\" \/>\n<meta property=\"og:description\" content=\"A Hapvida desistiu nesta quinta de adquirir o Grupo Santa Filomena, mas finalizou a grupa do Promed. Clique aqui para saber mais.\" \/>\n<meta property=\"og:url\" content=\"https:\/\/www.suno.com.br\/noticias\/hapvida-hapv3-desiste-de-adquirir-grupo-santa-filomena-e-finaliza-compra-do-promed\/\" \/>\n<meta property=\"og:site_name\" content=\"Suno Not\u00edcias\" \/>\n<meta property=\"article:publisher\" content=\"https:\/\/facebook.com\/sunoresearch\" \/>\n<meta property=\"og:image\" content=\"https:\/\/files.sunoresearch.com.br\/n\/uploads\/2021\/04\/5cc0756e-foto-hapvida-institucional_divulgacao_credito-falcao-jr.jpg\" \/>\n\t<meta property=\"og:image:width\" content=\"1200\" \/>\n\t<meta property=\"og:image:height\" content=\"708\" \/>\n\t<meta property=\"og:image:type\" content=\"image\/jpeg\" \/>\n<meta name=\"author\" content=\"Vitor Azevedo\" \/>\n<meta name=\"twitter:card\" content=\"summary_large_image\" \/>\n<meta name=\"twitter:creator\" content=\"@sunoresearch\" \/>\n<meta name=\"twitter:site\" content=\"@sunoresearch\" \/>\n<meta name=\"twitter:label1\" content=\"Escrito por\" \/>\n\t<meta name=\"twitter:data1\" content=\"Vitor Azevedo\" \/>\n\t<meta name=\"twitter:label2\" content=\"Est. tempo de leitura\" \/>\n\t<meta name=\"twitter:data2\" content=\"2 minutos\" \/>\n<script type=\"application\/ld+json\" class=\"yoast-schema-graph\">{\"@context\":\"https:\/\/schema.org\",\"@graph\":[{\"@type\":\"NewsArticle\",\"@id\":\"https:\/\/www.suno.com.br\/noticias\/hapvida-hapv3-desiste-de-adquirir-grupo-santa-filomena-e-finaliza-compra-do-promed\/#article\",\"isPartOf\":{\"@id\":\"https:\/\/www.suno.com.br\/noticias\/hapvida-hapv3-desiste-de-adquirir-grupo-santa-filomena-e-finaliza-compra-do-promed\/\"},\"author\":{\"name\":\"Vitor Azevedo\",\"@id\":\"https:\/\/www.suno.com.br\/noticias\/#\/schema\/person\/658d5fbc74d81f265f5df3562d0038ab\"},\"headline\":\"Hapvida (HAPV3) desiste de adquirir Grupo Santa Filomena, mas finaliza compra do Promed\",\"datePublished\":\"2021-05-20T14:28:26+00:00\",\"dateModified\":\"2021-05-20T14:28:38+00:00\",\"mainEntityOfPage\":{\"@id\":\"https:\/\/www.suno.com.br\/noticias\/hapvida-hapv3-desiste-de-adquirir-grupo-santa-filomena-e-finaliza-compra-do-promed\/\"},\"wordCount\":371,\"publisher\":{\"@id\":\"https:\/\/www.suno.com.br\/noticias\/#organization\"},\"image\":{\"@id\":\"https:\/\/www.suno.com.br\/noticias\/hapvida-hapv3-desiste-de-adquirir-grupo-santa-filomena-e-finaliza-compra-do-promed\/#primaryimage\"},\"thumbnailUrl\":\"https:\/\/files.sunoresearch.com.br\/n\/uploads\/2021\/04\/5cc0756e-foto-hapvida-institucional_divulgacao_credito-falcao-jr-jpg.webp\",\"keywords\":[\"Hapvida (HAPV3)\"],\"articleSection\":[\"Neg\u00f3cios\"],\"inLanguage\":\"pt-BR\"},{\"@type\":\"WebPage\",\"@id\":\"https:\/\/www.suno.com.br\/noticias\/hapvida-hapv3-desiste-de-adquirir-grupo-santa-filomena-e-finaliza-compra-do-promed\/\",\"url\":\"https:\/\/www.suno.com.br\/noticias\/hapvida-hapv3-desiste-de-adquirir-grupo-santa-filomena-e-finaliza-compra-do-promed\/\",\"name\":\"Hapvida (HAPV3) desiste de adquirir Grupo Santa Filomena\",\"isPartOf\":{\"@id\":\"https:\/\/www.suno.com.br\/noticias\/#website\"},\"primaryImageOfPage\":{\"@id\":\"https:\/\/www.suno.com.br\/noticias\/hapvida-hapv3-desiste-de-adquirir-grupo-santa-filomena-e-finaliza-compra-do-promed\/#primaryimage\"},\"image\":{\"@id\":\"https:\/\/www.suno.com.br\/noticias\/hapvida-hapv3-desiste-de-adquirir-grupo-santa-filomena-e-finaliza-compra-do-promed\/#primaryimage\"},\"thumbnailUrl\":\"https:\/\/files.sunoresearch.com.br\/n\/uploads\/2021\/04\/5cc0756e-foto-hapvida-institucional_divulgacao_credito-falcao-jr-jpg.webp\",\"datePublished\":\"2021-05-20T14:28:26+00:00\",\"dateModified\":\"2021-05-20T14:28:38+00:00\",\"description\":\"A Hapvida desistiu nesta quinta de adquirir o Grupo Santa Filomena, mas finalizou a grupa do Promed. Clique aqui para saber mais.\",\"breadcrumb\":{\"@id\":\"https:\/\/www.suno.com.br\/noticias\/hapvida-hapv3-desiste-de-adquirir-grupo-santa-filomena-e-finaliza-compra-do-promed\/#breadcrumb\"},\"inLanguage\":\"pt-BR\",\"potentialAction\":[{\"@type\":\"ReadAction\",\"target\":[\"https:\/\/www.suno.com.br\/noticias\/hapvida-hapv3-desiste-de-adquirir-grupo-santa-filomena-e-finaliza-compra-do-promed\/\"]}]},{\"@type\":\"ImageObject\",\"inLanguage\":\"pt-BR\",\"@id\":\"https:\/\/www.suno.com.br\/noticias\/hapvida-hapv3-desiste-de-adquirir-grupo-santa-filomena-e-finaliza-compra-do-promed\/#primaryimage\",\"url\":\"https:\/\/files.sunoresearch.com.br\/n\/uploads\/2021\/04\/5cc0756e-foto-hapvida-institucional_divulgacao_credito-falcao-jr-jpg.webp\",\"contentUrl\":\"https:\/\/files.sunoresearch.com.br\/n\/uploads\/2021\/04\/5cc0756e-foto-hapvida-institucional_divulgacao_credito-falcao-jr-jpg.webp\",\"width\":1200,\"height\":708,\"caption\":\"Hapvida . Foto: Divulga\u00e7\u00e3o\"},{\"@type\":\"BreadcrumbList\",\"@id\":\"https:\/\/www.suno.com.br\/noticias\/hapvida-hapv3-desiste-de-adquirir-grupo-santa-filomena-e-finaliza-compra-do-promed\/#breadcrumb\",\"itemListElement\":[{\"@type\":\"ListItem\",\"position\":1,\"name\":\"Not\u00edcias\",\"item\":\"https:\/\/www.suno.com.br\/noticias\/\"},{\"@type\":\"ListItem\",\"position\":2,\"name\":\"Neg\u00f3cios\",\"item\":\"https:\/\/www.suno.com.br\/noticias\/negocios\/\"},{\"@type\":\"ListItem\",\"position\":3,\"name\":\"Hapvida (HAPV3) desiste de adquirir Grupo Santa Filomena, mas finaliza compra do Promed\"}]},{\"@type\":\"WebSite\",\"@id\":\"https:\/\/www.suno.com.br\/noticias\/#website\",\"url\":\"https:\/\/www.suno.com.br\/noticias\/\",\"name\":\"Suno Not\u00edcias\",\"description\":\"Seu portal de informa\u00e7\u00e3o sobre o mundo dos investimentos\",\"publisher\":{\"@id\":\"https:\/\/www.suno.com.br\/noticias\/#organization\"},\"potentialAction\":[{\"@type\":\"SearchAction\",\"target\":{\"@type\":\"EntryPoint\",\"urlTemplate\":\"https:\/\/www.suno.com.br\/noticias\/?s={search_term_string}\"},\"query-input\":{\"@type\":\"PropertyValueSpecification\",\"valueRequired\":true,\"valueName\":\"search_term_string\"}}],\"inLanguage\":\"pt-BR\"},{\"@type\":\"Organization\",\"@id\":\"https:\/\/www.suno.com.br\/noticias\/#organization\",\"name\":\"Suno Not\u00edcias\",\"url\":\"https:\/\/www.suno.com.br\/noticias\/\",\"logo\":{\"@type\":\"ImageObject\",\"inLanguage\":\"pt-BR\",\"@id\":\"https:\/\/www.suno.com.br\/noticias\/#\/schema\/logo\/image\/\",\"url\":\"https:\/\/files.sunoresearch.com.br\/n\/uploads\/2021\/09\/suno-logo.png\",\"contentUrl\":\"https:\/\/files.sunoresearch.com.br\/n\/uploads\/2021\/09\/suno-logo.png\",\"width\":180,\"height\":180,\"caption\":\"Suno Not\u00edcias\"},\"image\":{\"@id\":\"https:\/\/www.suno.com.br\/noticias\/#\/schema\/logo\/image\/\"},\"sameAs\":[\"https:\/\/facebook.com\/sunoresearch\",\"https:\/\/x.com\/sunoresearch\",\"https:\/\/www.instagram.com\/suno\",\"https:\/\/www.linkedin.com\/company\/suno-research\/\",\"https:\/\/www.youtube.com\/c\/sunoresearch\"]},{\"@type\":\"Person\",\"@id\":\"https:\/\/www.suno.com.br\/noticias\/#\/schema\/person\/658d5fbc74d81f265f5df3562d0038ab\",\"name\":\"Vitor Azevedo\",\"image\":{\"@type\":\"ImageObject\",\"inLanguage\":\"pt-BR\",\"@id\":\"https:\/\/www.suno.com.br\/noticias\/#\/schema\/person\/image\/\",\"url\":\"https:\/\/secure.gravatar.com\/avatar\/62b86195291b446fe380824eb28b99a5?s=96&r=g\",\"contentUrl\":\"https:\/\/secure.gravatar.com\/avatar\/62b86195291b446fe380824eb28b99a5?s=96&r=g\",\"caption\":\"Vitor Azevedo\"},\"description\":\"Formado em jornalismo pela Unesp, escreve sobre economia e neg\u00f3cios para a Suno Not\u00edcias.\",\"url\":\"https:\/\/www.suno.com.br\/noticias\/author\/vitor-azevedo\/\"}]}<\/script>\n<!-- \/ Yoast SEO plugin. -->","yoast_head_json":{"title":"Hapvida (HAPV3) desiste de adquirir Grupo Santa Filomena","description":"A Hapvida desistiu nesta quinta de adquirir o Grupo Santa Filomena, mas finalizou a grupa do Promed. Clique aqui para saber mais.","robots":{"index":"index","follow":"follow","max-snippet":"max-snippet:-1","max-image-preview":"max-image-preview:large","max-video-preview":"max-video-preview:-1"},"canonical":"https:\/\/www.suno.com.br\/noticias\/hapvida-hapv3-desiste-de-adquirir-grupo-santa-filomena-e-finaliza-compra-do-promed\/","og_locale":"pt_BR","og_type":"article","og_title":"Hapvida (HAPV3) desiste de adquirir Grupo Santa Filomena","og_description":"A Hapvida desistiu nesta quinta de adquirir o Grupo Santa Filomena, mas finalizou a grupa do Promed. Clique aqui para saber mais.","og_url":"https:\/\/www.suno.com.br\/noticias\/hapvida-hapv3-desiste-de-adquirir-grupo-santa-filomena-e-finaliza-compra-do-promed\/","og_site_name":"Suno Not\u00edcias","article_publisher":"https:\/\/facebook.com\/sunoresearch","og_image":[{"width":1200,"height":708,"url":"https:\/\/files.sunoresearch.com.br\/n\/uploads\/2021\/04\/5cc0756e-foto-hapvida-institucional_divulgacao_credito-falcao-jr.jpg","type":"image\/jpeg"}],"author":"Vitor Azevedo","twitter_card":"summary_large_image","twitter_creator":"@sunoresearch","twitter_site":"@sunoresearch","twitter_misc":{"Escrito por":"Vitor Azevedo","Est. tempo de leitura":"2 minutos"},"schema":{"@context":"https:\/\/schema.org","@graph":[{"@type":"NewsArticle","@id":"https:\/\/www.suno.com.br\/noticias\/hapvida-hapv3-desiste-de-adquirir-grupo-santa-filomena-e-finaliza-compra-do-promed\/#article","isPartOf":{"@id":"https:\/\/www.suno.com.br\/noticias\/hapvida-hapv3-desiste-de-adquirir-grupo-santa-filomena-e-finaliza-compra-do-promed\/"},"author":{"name":"Vitor Azevedo","@id":"https:\/\/www.suno.com.br\/noticias\/#\/schema\/person\/658d5fbc74d81f265f5df3562d0038ab"},"headline":"Hapvida (HAPV3) desiste de adquirir Grupo Santa Filomena, mas finaliza compra do Promed","datePublished":"2021-05-20T14:28:26+00:00","dateModified":"2021-05-20T14:28:38+00:00","mainEntityOfPage":{"@id":"https:\/\/www.suno.com.br\/noticias\/hapvida-hapv3-desiste-de-adquirir-grupo-santa-filomena-e-finaliza-compra-do-promed\/"},"wordCount":371,"publisher":{"@id":"https:\/\/www.suno.com.br\/noticias\/#organization"},"image":{"@id":"https:\/\/www.suno.com.br\/noticias\/hapvida-hapv3-desiste-de-adquirir-grupo-santa-filomena-e-finaliza-compra-do-promed\/#primaryimage"},"thumbnailUrl":"https:\/\/files.sunoresearch.com.br\/n\/uploads\/2021\/04\/5cc0756e-foto-hapvida-institucional_divulgacao_credito-falcao-jr-jpg.webp","keywords":["Hapvida (HAPV3)"],"articleSection":["Neg\u00f3cios"],"inLanguage":"pt-BR"},{"@type":"WebPage","@id":"https:\/\/www.suno.com.br\/noticias\/hapvida-hapv3-desiste-de-adquirir-grupo-santa-filomena-e-finaliza-compra-do-promed\/","url":"https:\/\/www.suno.com.br\/noticias\/hapvida-hapv3-desiste-de-adquirir-grupo-santa-filomena-e-finaliza-compra-do-promed\/","name":"Hapvida (HAPV3) desiste de adquirir Grupo Santa Filomena","isPartOf":{"@id":"https:\/\/www.suno.com.br\/noticias\/#website"},"primaryImageOfPage":{"@id":"https:\/\/www.suno.com.br\/noticias\/hapvida-hapv3-desiste-de-adquirir-grupo-santa-filomena-e-finaliza-compra-do-promed\/#primaryimage"},"image":{"@id":"https:\/\/www.suno.com.br\/noticias\/hapvida-hapv3-desiste-de-adquirir-grupo-santa-filomena-e-finaliza-compra-do-promed\/#primaryimage"},"thumbnailUrl":"https:\/\/files.sunoresearch.com.br\/n\/uploads\/2021\/04\/5cc0756e-foto-hapvida-institucional_divulgacao_credito-falcao-jr-jpg.webp","datePublished":"2021-05-20T14:28:26+00:00","dateModified":"2021-05-20T14:28:38+00:00","description":"A Hapvida desistiu nesta quinta de adquirir o Grupo Santa Filomena, mas finalizou a grupa do Promed. Clique aqui para saber mais.","breadcrumb":{"@id":"https:\/\/www.suno.com.br\/noticias\/hapvida-hapv3-desiste-de-adquirir-grupo-santa-filomena-e-finaliza-compra-do-promed\/#breadcrumb"},"inLanguage":"pt-BR","potentialAction":[{"@type":"ReadAction","target":["https:\/\/www.suno.com.br\/noticias\/hapvida-hapv3-desiste-de-adquirir-grupo-santa-filomena-e-finaliza-compra-do-promed\/"]}]},{"@type":"ImageObject","inLanguage":"pt-BR","@id":"https:\/\/www.suno.com.br\/noticias\/hapvida-hapv3-desiste-de-adquirir-grupo-santa-filomena-e-finaliza-compra-do-promed\/#primaryimage","url":"https:\/\/files.sunoresearch.com.br\/n\/uploads\/2021\/04\/5cc0756e-foto-hapvida-institucional_divulgacao_credito-falcao-jr-jpg.webp","contentUrl":"https:\/\/files.sunoresearch.com.br\/n\/uploads\/2021\/04\/5cc0756e-foto-hapvida-institucional_divulgacao_credito-falcao-jr-jpg.webp","width":1200,"height":708,"caption":"Hapvida . Foto: Divulga\u00e7\u00e3o"},{"@type":"BreadcrumbList","@id":"https:\/\/www.suno.com.br\/noticias\/hapvida-hapv3-desiste-de-adquirir-grupo-santa-filomena-e-finaliza-compra-do-promed\/#breadcrumb","itemListElement":[{"@type":"ListItem","position":1,"name":"Not\u00edcias","item":"https:\/\/www.suno.com.br\/noticias\/"},{"@type":"ListItem","position":2,"name":"Neg\u00f3cios","item":"https:\/\/www.suno.com.br\/noticias\/negocios\/"},{"@type":"ListItem","position":3,"name":"Hapvida (HAPV3) desiste de adquirir Grupo Santa Filomena, mas finaliza compra do Promed"}]},{"@type":"WebSite","@id":"https:\/\/www.suno.com.br\/noticias\/#website","url":"https:\/\/www.suno.com.br\/noticias\/","name":"Suno Not\u00edcias","description":"Seu portal de informa\u00e7\u00e3o sobre o mundo dos investimentos","publisher":{"@id":"https:\/\/www.suno.com.br\/noticias\/#organization"},"potentialAction":[{"@type":"SearchAction","target":{"@type":"EntryPoint","urlTemplate":"https:\/\/www.suno.com.br\/noticias\/?s={search_term_string}"},"query-input":{"@type":"PropertyValueSpecification","valueRequired":true,"valueName":"search_term_string"}}],"inLanguage":"pt-BR"},{"@type":"Organization","@id":"https:\/\/www.suno.com.br\/noticias\/#organization","name":"Suno Not\u00edcias","url":"https:\/\/www.suno.com.br\/noticias\/","logo":{"@type":"ImageObject","inLanguage":"pt-BR","@id":"https:\/\/www.suno.com.br\/noticias\/#\/schema\/logo\/image\/","url":"https:\/\/files.sunoresearch.com.br\/n\/uploads\/2021\/09\/suno-logo.png","contentUrl":"https:\/\/files.sunoresearch.com.br\/n\/uploads\/2021\/09\/suno-logo.png","width":180,"height":180,"caption":"Suno Not\u00edcias"},"image":{"@id":"https:\/\/www.suno.com.br\/noticias\/#\/schema\/logo\/image\/"},"sameAs":["https:\/\/facebook.com\/sunoresearch","https:\/\/x.com\/sunoresearch","https:\/\/www.instagram.com\/suno","https:\/\/www.linkedin.com\/company\/suno-research\/","https:\/\/www.youtube.com\/c\/sunoresearch"]},{"@type":"Person","@id":"https:\/\/www.suno.com.br\/noticias\/#\/schema\/person\/658d5fbc74d81f265f5df3562d0038ab","name":"Vitor Azevedo","image":{"@type":"ImageObject","inLanguage":"pt-BR","@id":"https:\/\/www.suno.com.br\/noticias\/#\/schema\/person\/image\/","url":"https:\/\/secure.gravatar.com\/avatar\/62b86195291b446fe380824eb28b99a5?s=96&r=g","contentUrl":"https:\/\/secure.gravatar.com\/avatar\/62b86195291b446fe380824eb28b99a5?s=96&r=g","caption":"Vitor Azevedo"},"description":"Formado em jornalismo pela Unesp, escreve sobre economia e neg\u00f3cios para a Suno Not\u00edcias.","url":"https:\/\/www.suno.com.br\/noticias\/author\/vitor-azevedo\/"}]}},"default_loop_html":"<div class=\"cardsPage__listCard__boxs\"><div class=\"cardsPage__listCard__boxs__img\"><a href=\"https:\/\/www.suno.com.br\/noticias\/hapvida-hapv3-desiste-de-adquirir-grupo-santa-filomena-e-finaliza-compra-do-promed\/\"><img class=\"mask\" src=\"https:\/\/www.suno.com.br\/noticias\/wp-content\/themes\/suno\/resources\/images\/spotlight\/spotlight1img\/bg-mask.png\" alt=\"Image Mask\"\/><img src=\"https:\/\/files.sunoresearch.com.br\/n\/uploads\/2021\/04\/5cc0756e-foto-hapvida-institucional_divulgacao_credito-falcao-jr-400x200.webp\" alt=\"Hapvida (HAPV3) desiste de adquirir Grupo Santa Filomena, mas finaliza compra do Promed\"\/><\/a><span class=\"spotlightCategory\"><a href=\"https:\/\/www.suno.com.br\/noticias\/negocios\/\">Neg\u00f3cios<\/a><\/span><\/div><div class=\"cardsPage__listCard__boxs__content\"><a href=\"https:\/\/www.suno.com.br\/noticias\/hapvida-hapv3-desiste-de-adquirir-grupo-santa-filomena-e-finaliza-compra-do-promed\/\"><h2 class=\"content__title\">Hapvida (HAPV3) desiste de adquirir Grupo Santa Filomena, mas finaliza compra do Promed<\/h2><\/a><div class=\"newsContent__article__meta\"><div class=\"newsContent__article__meta__authorBox\"><a href=\"https:\/\/www.suno.com.br\/noticias\/author\/vitor-azevedo\/\" class=\"authorBox__avatar noMobi\"><img src=\"https:\/\/secure.gravatar.com\/avatar\/62b86195291b446fe380824eb28b99a5?s=96&#038;r=g\" alt=\"Vitor Azevedo\"><\/a><div class=\"authorBox__name\"><span>por\n\t\t\t<a href=\"https:\/\/www.suno.com.br\/noticias\/author\/vitor-azevedo\/\"><span itemprop=\"author\">Vitor Azevedo<\/span><\/a><\/span><time datetime=\"2021-05-20T11:28:26-03:00\" itemprop=\"datePublished\">20\/05\/2021 11:28<\/time><\/div><\/div><\/div><\/div><\/div>","single_layout":"posts","amp_enabled":true,"_links":{"self":[{"href":"https:\/\/www.suno.com.br\/noticias\/wp-json\/wp\/v2\/posts\/149711"}],"collection":[{"href":"https:\/\/www.suno.com.br\/noticias\/wp-json\/wp\/v2\/posts"}],"about":[{"href":"https:\/\/www.suno.com.br\/noticias\/wp-json\/wp\/v2\/types\/post"}],"author":[{"embeddable":true,"href":"https:\/\/www.suno.com.br\/noticias\/wp-json\/wp\/v2\/users\/59"}],"replies":[{"embeddable":true,"href":"https:\/\/www.suno.com.br\/noticias\/wp-json\/wp\/v2\/comments?post=149711"}],"version-history":[{"count":2,"href":"https:\/\/www.suno.com.br\/noticias\/wp-json\/wp\/v2\/posts\/149711\/revisions"}],"predecessor-version":[{"id":149728,"href":"https:\/\/www.suno.com.br\/noticias\/wp-json\/wp\/v2\/posts\/149711\/revisions\/149728"}],"wp:featuredmedia":[{"embeddable":true,"href":"https:\/\/www.suno.com.br\/noticias\/wp-json\/wp\/v2\/media\/137430"}],"wp:attachment":[{"href":"https:\/\/www.suno.com.br\/noticias\/wp-json\/wp\/v2\/media?parent=149711"}],"wp:term":[{"taxonomy":"category","embeddable":true,"href":"https:\/\/www.suno.com.br\/noticias\/wp-json\/wp\/v2\/categories?post=149711"},{"taxonomy":"post_tag","embeddable":true,"href":"https:\/\/www.suno.com.br\/noticias\/wp-json\/wp\/v2\/tags?post=149711"},{"taxonomy":"suno_strategy","embeddable":true,"href":"https:\/\/www.suno.com.br\/noticias\/wp-json\/wp\/v2\/suno_strategy?post=149711"}],"curies":[{"name":"wp","href":"https:\/\/api.w.org\/{rel}","templated":true}]}}