{"id":149680,"date":"2021-05-20T10:20:37","date_gmt":"2021-05-20T13:20:37","guid":{"rendered":"https:\/\/www.suno.com.br\/noticias\/?p=149680"},"modified":"2021-05-20T17:37:32","modified_gmt":"2021-05-20T20:37:32","slug":"destaques-de-empresas-eletrobras-elet3-inter-bidi11-petz-petz3","status":"publish","type":"post","link":"https:\/\/www.suno.com.br\/noticias\/destaques-de-empresas-eletrobras-elet3-inter-bidi11-petz-petz3\/","title":{"rendered":"Destaques de Empresas: Eletrobras (ELET3), Inter (BIDI11) e Petz (PETZ3)"},"content":{"rendered":"<p>Nos<strong> destaques de empresas<\/strong> desta quinta-feira (20) chama a aten\u00e7\u00e3o do mercado a aprova\u00e7\u00e3o do texto-base da medida provis\u00f3ria (MP) que permite a privatiza\u00e7\u00e3o da <a href=\"https:\/\/www.suno.com.br\/acoes\/elet3\/\">Eletrobras (ELET3)<\/a>.<\/p>\t<div class=\"wrapper-featured-image\">\n\t\t<figure class=\"spotlightImg\">\n\n\t\t\t<picture>\n\t\t\t\t<source media=\"(max-width: 768px)\" srcset=\"https:\/\/files.sunoresearch.com.br\/n\/uploads\/2021\/04\/2dc350d3-eletrobras-facebook-400x200.webp\">\n\t\t\t\t<img loading=\"lazy\" decoding=\"async\" class=\"newsContent__article__imgCapa lazyloadDisabled \" src=\"https:\/\/files.sunoresearch.com.br\/n\/uploads\/2021\/04\/2dc350d3-eletrobras-facebook-800x450.webp\" width=\"800\" height=\"450\" alt=\"Destaques de Empresas: Eletrobras (ELET3), Inter (BIDI11) e Petz (PETZ3)\" fetchpriority=high \/>\n\t\t\t<\/picture>\n\n\t\t\t<figcaption class=\"wp-caption-text wp-caption-text--show\">Eletrobras (ELET3). Foto: Reprodu\u00e7\u00e3o Facebook<\/figcaption>\n\t\t<\/figure>\n\t<\/div>\n\n\n\t<p>\n\t\t<a href=\"https:\/\/lp.suno.com.br\/planilha-controle-gastos\/\" target=\"_blank\" data-element=\"shortcode-suno-banner\" title=\"Banner SUNO, clique e saiba mais\">\n\t\t\t<picture>\n\t\t\t\t<source media=\"(max-width: 500px)\" srcset=\"https:\/\/files.sunoresearch.com.br\/n\/uploads\/2023\/03\/400x300-Planilha-controle-de-gastos.png\">\n\t\t\t\t<img class=\"newsContent__article__imgCapa newsContent__article__imgCapa--banner\"\n\t\t\t\t\tsrc=\"https:\/\/files.sunoresearch.com.br\/n\/uploads\/2023\/03\/1420x240-Planilha-controle-de-gastos.png\"\n\t\t\t\t\tdata-promo-id=\"101751\"\t\t\t\t\t\t\t\t\t\twidth='1420' height='240'\t\t\t\t\talt=\"https:\/\/files.sunoresearch.com.br\/n\/uploads\/2023\/03\/1420x240-Planilha-controle-de-gastos.png\"\n\t\t\t\t>\n\t\t\t<\/picture>\n\t\t<\/a>\n\t<\/p>\n\n\n<p>Entre os destaques de empresas est\u00e1 tamb\u00e9m o <a href=\"https:\/\/www.suno.com.br\/acoes\/bidi11\/\"><strong>Banco Inter<\/strong> (BIDI11)<\/a> que uniu for\u00e7as com o <a href=\"https:\/\/www.suno.com.br\/acoes\/abcb4\/\">ABC Brasil (ABCB4)<\/a> para ganhar o mercado de capitais. J\u00e1 Paulo Caffareli renunciou o cargo de CEO da <a href=\"https:\/\/www.suno.com.br\/acoes\/ciel3\/\"><strong>Cielo<\/strong> (CIEL3)<\/a>.<br \/>\n\t<p>\n\t\t<a href=\"\" target=\"_blank\" data-element=\"shortcode-suno-banner\" title=\"Banner SUNO, clique e saiba mais\">\n\t\t\t<picture>\n\t\t\t\t<source media=\"(max-width: 500px)\" srcset=\"\">\n\t\t\t\t<img class=\"newsContent__article__imgCapa newsContent__article__imgCapa--banner\"\n\t\t\t\t\tsrc=\"\"\n\t\t\t\t\tdata-promo-id=\"100083\"\t\t\t\t\t\t\t\t\t\t\t\t\t\t\talt=\"\"\n\t\t\t\t>\n\t\t\t<\/picture>\n\t\t<\/a>\n\t<\/p>\n\n\t<\/p>\n<p><a href=\"https:\/\/lp.suno.com.br\/suno-one\/?ppp=noticias\/hospital-care-pedido-ipo-cvm\/\">Suno One: acesse gratuitamente eBooks, Minicursos, Artigos e V\u00eddeo Aulas sobre investimentos com um \u00fanico cadastro. Clique para saber mais!<\/a><\/p>\n<p>A <a href=\"https:\/\/www.suno.com.br\/acoes\/petz3\/\">Petz (PETZ3)<\/a> informou ao mercado que ir\u00e1 pagar R$ 14,9 milh\u00f5es em proventos no dia 25 de maio. Por sua vez, a Justi\u00e7a do Rio de Janeiro confirmou, na segunda inst\u00e2ncia, a fal\u00eancia da <a href=\"https:\/\/www.suno.com.br\/acoes\/mmxm3\/\"><strong>MMX<\/strong> (MMXM3)<\/a>.<\/p>\n<p>Veja os destaques de empresas desta quinta-feira:<\/p>\n<h2>Eletrobras<\/h2>\n<p>A C\u00e2mara dos Deputados aprovou na noite da quarta-feira (19), o texto-base da medida provis\u00f3ria que permite a privatiza\u00e7\u00e3o da <strong>Eletrobras<\/strong>.<\/p>\n\t<div data-element=\"shortcode-read-more\" class=\"knowMore\">\n\t\t\t\t<span class=\"knowMore__title\">Saiba Mais<\/span>\n\t\t\t\t<a class=\"knowMore__link\" href=\"https:\/\/www.suno.com.br\/noticias\/eletrobras-elet3-mp-camara-aprova-privatizacao\/\">\n\t\t\tEletrobras (ELET3): C\u00e2mara aprova MP que concede privatiza\u00e7\u00e3o\t\t<\/a>\n\t<\/div>\n\n\n<p>A proposta autoriza o <strong>governo<\/strong> a diluir sua participa\u00e7\u00e3o na Eletrobras, hoje em torno de 60% para 45%, por meio da oferta de novas a\u00e7\u00f5es no mercado. A MP foi aprovada por 313 votos a favor a 166. Os deputados analisam agora os &#8220;destaques&#8221;, que podem alterar o teor da proposta.<\/p>\n<h2>Banco Inter<\/h2>\n<p>Entre os destaques de empresas est\u00e1 o <strong>Banco Inter<\/strong> que fechou uma parceria com o Banco ABC Brasil para atuar juntos em emiss\u00f5es de d\u00edvida e de a\u00e7\u00f5es. As institui\u00e7\u00f5es ir\u00e3o trabalhar em conjunto na estrutura\u00e7\u00e3o, coloca\u00e7\u00e3o e distribui\u00e7\u00e3o dessas opera\u00e7\u00f5es e de fundos de investimentos.<\/p>\n\t<div data-element=\"shortcode-read-more\" class=\"knowMore\">\n\t\t\t\t<span class=\"knowMore__title\">Saiba Mais<\/span>\n\t\t\t\t<a class=\"knowMore__link\" href=\"https:\/\/www.suno.com.br\/noticias\/banco-inter-bidi11-abc-abcb4-acoes-dividas-parceria\/\">\n\t\t\tBanco Inter (BIDI11) e ABC (ABCB4) unem for\u00e7as para ganhar o mercado de capitais\t\t<\/a>\n\t<\/div>\n\n\n<p>Segundo o <a href=\"https:\/\/www.suno.com.br\/artigos\/fato-relevante\/\">fato relevante<\/a> do Banco Inter, o objetivo \u00e9 combinar a experi\u00eancia do <strong>ABC<\/strong> em estrutura\u00e7\u00e3o de opera\u00e7\u00f5es de deb\u00eantures e cr\u00e9dito privado com os mais de 11 milh\u00f5es de clientes do <strong>Inter<\/strong>.<\/p>\n<h2>Cielo<\/h2>\n<p>A <strong>Cielo<\/strong> informou que <strong>Paulo Rog\u00e9rio Caffarelli<\/strong> apresentou, nesta data, sua carta de ren\u00fancia ao cargo de Diretor-Presidente da companhia. Diante disso, <strong>Gustavo Henrique Santos de Sousa<\/strong> ocupar\u00e1 sua posi\u00e7\u00e3o.<\/p>\n\t<div data-element=\"shortcode-read-more\" class=\"knowMore\">\n\t\t\t\t<span class=\"knowMore__title\">Saiba Mais<\/span>\n\t\t\t\t<a class=\"knowMore__link\" href=\"https:\/\/www.suno.com.br\/noticias\/cielo-ciel3-paulo-caffarelli-renuncia-cargo-ceo\/\">\n\t\t\tCielo (CIEL3): Paulo Caffarelli renuncia ao cargo de CEO\t\t<\/a>\n\t<\/div>\n\n\n<p>Caffarelli deixar\u00e1 a Cielo ap\u00f3s quase tr\u00eas anos \u00e0 frente da empresa, &#8220;per\u00edodo em que liderou importantes melhorias operacionais, com destaque para a atua\u00e7\u00e3o comercial e o modelo de atendimento, ao mesmo tempo em que fomentou de forma relevante o processo de transforma\u00e7\u00e3o cultural e digital&#8221;, disse a companhia em nota.<\/p>\n<h2>Petz<\/h2>\n<p>Entre os destaques de empresas est\u00e1 a <strong>Petz<\/strong> que informou que os R$<br \/>\n12.359.656,67 em <a href=\"https:\/\/www.suno.com.br\/artigos\/entenda-o-jcp\/\">juros sobre capital pr\u00f3prio (JCP),<\/a> relativos ao exerc\u00edcio de 2020, e os R$ 2.587.072,35 em\u00a0<a href=\"https:\/\/www.suno.com.br\/dividendos\/#:~:text=O%20que%20s%C3%A3o%20dividendos%3F,suas%20a%C3%A7%C3%B5es%20listadas%20em%20bolsa.\">dividendos suplementares,<\/a> relativos ao exerc\u00edcio social encerrado em 31 de dezembro de 2020, ser\u00e3o pagos no dia 25 de maio.<\/p>\n\t<div data-element=\"shortcode-read-more\" class=\"knowMore\">\n\t\t\t\t<span class=\"knowMore__title\">Saiba Mais<\/span>\n\t\t\t\t<a class=\"knowMore__link\" href=\"https:\/\/www.suno.com.br\/noticias\/petz-petz3-dividendos-jcp-maio\/\">\n\t\t\tPetz (PETZ3) pagar\u00e1 dividendos e JCP no dia 25 de maio\t\t<\/a>\n\t<\/div>\n\n\n<p>A Petz lembra que os <strong>juros sobre capital pr\u00f3prio<\/strong> foram aprovados pelo seu<a href=\"https:\/\/www.suno.com.br\/artigos\/conselho-administracao\/\"> Conselho de Administra\u00e7\u00e3o<\/a> em dezembro do ano passado, e correspondem a pouco mais de R$ 0,0331 por a\u00e7\u00e3o, considerando 372.855.796 <a href=\"https:\/\/www.suno.com.br\/artigos\/o-que-sao-acoes-ordinarias-preferenciais-e-units\/\">a\u00e7\u00f5es ordin\u00e1rias<\/a>. Os pap\u00e9is passaram a ser negociados sem direito aos proventos desde 23 de dezembro do ano passado.<\/p>\n<h2>MMX<\/h2>\n<p>A fal\u00eancia de duas empresas ligadas \u00e0 <strong>MMX<\/strong>, mineradora do empres\u00e1rio <a href=\"https:\/\/www.suno.com.br\/tudo-sobre\/eike-batista\/\">Eike Batista,\u00a0<\/a>foi confirmada ontem pelo Tribunal de Justi\u00e7a do Rio de Janeiro. A decis\u00e3o foi tomada em segunda inst\u00e2ncia, pela 6\u00aa C\u00e2mara C\u00edvel do Tribunal, que seguiu o relat\u00f3rio do desembargador Benedicto Abicair.<\/p>\n\t<div data-element=\"shortcode-read-more\" class=\"knowMore\">\n\t\t\t\t<span class=\"knowMore__title\">Saiba Mais<\/span>\n\t\t\t\t<a class=\"knowMore__link\" href=\"https:\/\/www.suno.com.br\/noticias\/justica-confirma-falencia-mmx-mmxm3\/\">\n\t\t\tJusti\u00e7a do Rio confirma, na 2\u00aa inst\u00e2ncia, fal\u00eancia da MMX (MMXM3); a\u00e7\u00e3o despenca\t\t<\/a>\n\t<\/div>\n\n\n<p>Ainda cabe recurso, mas a MMX n\u00e3o retornou aos contatos da reportagem para informar se pretende recorrer da decis\u00e3o. A mineradora tem dois processos de<a href=\"https:\/\/www.suno.com.br\/artigos\/recuperacao-judicial\/\"> <strong>recupera\u00e7\u00e3o judicial<\/strong><\/a> e, em ambos, j\u00e1 teve<a href=\"https:\/\/www.suno.com.br\/artigos\/falencia\/\"> a fal\u00eancia<\/a> decretada.<\/p>\n<p>Os <strong>destaques de empresas<\/strong> do Suno Not\u00edcias mostram os principais acontecimentos que prometem movimentar o mercado durante o dia.<\/p>\n\t<p>\n\t\t<a href=\"https:\/\/lp.suno.com.br\/planilha-da-vida-financeira\/\" target=\"_blank\" data-element=\"shortcode-suno-banner\" title=\"Banner SUNO, clique e saiba mais\">\n\t\t\t<picture>\n\t\t\t\t<source media=\"(max-width: 500px)\" srcset=\"https:\/\/files.sunoresearch.com.br\/n\/uploads\/2023\/04\/400x300-Planilha-vida-financeira-true.png\">\n\t\t\t\t<img class=\"newsContent__article__imgCapa newsContent__article__imgCapa--banner\"\n\t\t\t\t\tsrc=\"https:\/\/files.sunoresearch.com.br\/n\/uploads\/2023\/04\/1420x240-Planilha-vida-financeira-true.png\"\n\t\t\t\t\tdata-promo-id=\"106682\"\t\t\t\t\t\t\t\t\t\twidth='1420' height='240'\t\t\t\t\talt=\"https:\/\/files.sunoresearch.com.br\/n\/uploads\/2023\/04\/1420x240-Planilha-vida-financeira-true.png\"\n\t\t\t\t>\n\t\t\t<\/picture>\n\t\t<\/a>\n\t<\/p>\n\n\n","protected":false},"excerpt":{"rendered":"<p>Nos destaques de empresas desta quinta-feira (20) chama a aten\u00e7\u00e3o do mercado a aprova\u00e7\u00e3o do texto-base da medida provis\u00f3ria (MP) que permite a privatiza\u00e7\u00e3o da Eletrobras (ELET3). Eletrobras (ELET3). Foto: Reprodu\u00e7\u00e3o Facebook Entre os destaques de empresas est\u00e1 tamb\u00e9m o Banco Inter (BIDI11) que uniu for\u00e7as com o ABC Brasil (ABCB4) para ganhar o mercado [&hellip;]<\/p>\n","protected":false},"author":15,"featured_media":139310,"comment_status":"closed","ping_status":"closed","sticky":false,"template":"","format":"standard","meta":[],"categories":[64],"tags":[104831,455,565,97380],"suno_strategy":[],"class_list":["post-149680","post","type-post","status-publish","format-standard","has-post-thumbnail","hentry","category-negocios","tag-destaques-de-empresas","tag-eletrobras-elet3-elet5-elet6","tag-mmx-mmxm11-mmxm3","tag-petz-petz3"],"yoast_head":"<!-- This site is optimized with the Yoast SEO plugin v24.4 - https:\/\/yoast.com\/wordpress\/plugins\/seo\/ -->\n<title>Destaques de Empresas: Eletrobras (ELET3), Inter (BIDI11) e Petz<\/title>\n<meta name=\"description\" content=\"Os destaques de empresas do Suno Not\u00edcias mostram os principais acontecimentos que prometem movimentar o mercado durante o dia. Clique aqui\" \/>\n<meta name=\"robots\" content=\"index, follow, max-snippet:-1, max-image-preview:large, max-video-preview:-1\" \/>\n<link rel=\"canonical\" href=\"https:\/\/www.suno.com.br\/noticias\/destaques-de-empresas-eletrobras-elet3-inter-bidi11-petz-petz3\/\" \/>\n<meta property=\"og:locale\" content=\"pt_BR\" \/>\n<meta property=\"og:type\" content=\"article\" \/>\n<meta property=\"og:title\" content=\"Destaques de Empresas: Eletrobras (ELET3), Inter (BIDI11) e Petz\" \/>\n<meta property=\"og:description\" content=\"Os destaques de empresas do Suno Not\u00edcias mostram os principais acontecimentos que prometem movimentar o mercado durante o dia. Clique aqui\" \/>\n<meta property=\"og:url\" content=\"https:\/\/www.suno.com.br\/noticias\/destaques-de-empresas-eletrobras-elet3-inter-bidi11-petz-petz3\/\" \/>\n<meta property=\"og:site_name\" content=\"Suno Not\u00edcias\" \/>\n<meta property=\"article:publisher\" content=\"https:\/\/facebook.com\/sunoresearch\" \/>\n<meta property=\"og:image\" content=\"https:\/\/files.sunoresearch.com.br\/n\/uploads\/2021\/04\/2dc350d3-eletrobras-facebook.jpg\" \/>\n\t<meta property=\"og:image:width\" content=\"868\" \/>\n\t<meta property=\"og:image:height\" content=\"868\" \/>\n\t<meta property=\"og:image:type\" content=\"image\/jpeg\" \/>\n<meta name=\"author\" content=\"Poliana Santos\" \/>\n<meta name=\"twitter:card\" content=\"summary_large_image\" \/>\n<meta name=\"twitter:creator\" content=\"@sunoresearch\" \/>\n<meta name=\"twitter:site\" content=\"@sunoresearch\" \/>\n<meta name=\"twitter:label1\" content=\"Escrito por\" \/>\n\t<meta name=\"twitter:data1\" content=\"Poliana Santos\" \/>\n\t<meta name=\"twitter:label2\" content=\"Est. tempo de leitura\" \/>\n\t<meta name=\"twitter:data2\" content=\"3 minutos\" \/>\n<script type=\"application\/ld+json\" class=\"yoast-schema-graph\">{\"@context\":\"https:\/\/schema.org\",\"@graph\":[{\"@type\":\"NewsArticle\",\"@id\":\"https:\/\/www.suno.com.br\/noticias\/destaques-de-empresas-eletrobras-elet3-inter-bidi11-petz-petz3\/#article\",\"isPartOf\":{\"@id\":\"https:\/\/www.suno.com.br\/noticias\/destaques-de-empresas-eletrobras-elet3-inter-bidi11-petz-petz3\/\"},\"author\":{\"name\":\"Poliana Santos\",\"@id\":\"https:\/\/www.suno.com.br\/noticias\/#\/schema\/person\/02ec1f752758247878a2bf4abee1aeda\"},\"headline\":\"Destaques de Empresas: Eletrobras (ELET3), Inter (BIDI11) e Petz (PETZ3)\",\"datePublished\":\"2021-05-20T13:20:37+00:00\",\"dateModified\":\"2021-05-20T20:37:32+00:00\",\"mainEntityOfPage\":{\"@id\":\"https:\/\/www.suno.com.br\/noticias\/destaques-de-empresas-eletrobras-elet3-inter-bidi11-petz-petz3\/\"},\"wordCount\":661,\"publisher\":{\"@id\":\"https:\/\/www.suno.com.br\/noticias\/#organization\"},\"image\":{\"@id\":\"https:\/\/www.suno.com.br\/noticias\/destaques-de-empresas-eletrobras-elet3-inter-bidi11-petz-petz3\/#primaryimage\"},\"thumbnailUrl\":\"https:\/\/files.sunoresearch.com.br\/n\/uploads\/2021\/04\/2dc350d3-eletrobras-facebook-jpg.webp\",\"keywords\":[\"destaques de empresas\",\"Eletrobras (ELET3\/ELET5\/ELET6)\",\"MMX (MMXM11\/MMXM3)\",\"Petz (PETZ3)\"],\"articleSection\":[\"Neg\u00f3cios\"],\"inLanguage\":\"pt-BR\"},{\"@type\":\"WebPage\",\"@id\":\"https:\/\/www.suno.com.br\/noticias\/destaques-de-empresas-eletrobras-elet3-inter-bidi11-petz-petz3\/\",\"url\":\"https:\/\/www.suno.com.br\/noticias\/destaques-de-empresas-eletrobras-elet3-inter-bidi11-petz-petz3\/\",\"name\":\"Destaques de Empresas: Eletrobras (ELET3), Inter (BIDI11) e Petz\",\"isPartOf\":{\"@id\":\"https:\/\/www.suno.com.br\/noticias\/#website\"},\"primaryImageOfPage\":{\"@id\":\"https:\/\/www.suno.com.br\/noticias\/destaques-de-empresas-eletrobras-elet3-inter-bidi11-petz-petz3\/#primaryimage\"},\"image\":{\"@id\":\"https:\/\/www.suno.com.br\/noticias\/destaques-de-empresas-eletrobras-elet3-inter-bidi11-petz-petz3\/#primaryimage\"},\"thumbnailUrl\":\"https:\/\/files.sunoresearch.com.br\/n\/uploads\/2021\/04\/2dc350d3-eletrobras-facebook-jpg.webp\",\"datePublished\":\"2021-05-20T13:20:37+00:00\",\"dateModified\":\"2021-05-20T20:37:32+00:00\",\"description\":\"Os destaques de empresas do Suno Not\u00edcias mostram os principais acontecimentos que prometem movimentar o mercado durante o dia. Clique aqui\",\"breadcrumb\":{\"@id\":\"https:\/\/www.suno.com.br\/noticias\/destaques-de-empresas-eletrobras-elet3-inter-bidi11-petz-petz3\/#breadcrumb\"},\"inLanguage\":\"pt-BR\",\"potentialAction\":[{\"@type\":\"ReadAction\",\"target\":[\"https:\/\/www.suno.com.br\/noticias\/destaques-de-empresas-eletrobras-elet3-inter-bidi11-petz-petz3\/\"]}]},{\"@type\":\"ImageObject\",\"inLanguage\":\"pt-BR\",\"@id\":\"https:\/\/www.suno.com.br\/noticias\/destaques-de-empresas-eletrobras-elet3-inter-bidi11-petz-petz3\/#primaryimage\",\"url\":\"https:\/\/files.sunoresearch.com.br\/n\/uploads\/2021\/04\/2dc350d3-eletrobras-facebook-jpg.webp\",\"contentUrl\":\"https:\/\/files.sunoresearch.com.br\/n\/uploads\/2021\/04\/2dc350d3-eletrobras-facebook-jpg.webp\",\"width\":868,\"height\":868,\"caption\":\"Eletrobras (ELET3). Foto: Reprodu\u00e7\u00e3o Facebook\"},{\"@type\":\"BreadcrumbList\",\"@id\":\"https:\/\/www.suno.com.br\/noticias\/destaques-de-empresas-eletrobras-elet3-inter-bidi11-petz-petz3\/#breadcrumb\",\"itemListElement\":[{\"@type\":\"ListItem\",\"position\":1,\"name\":\"Not\u00edcias\",\"item\":\"https:\/\/www.suno.com.br\/noticias\/\"},{\"@type\":\"ListItem\",\"position\":2,\"name\":\"Neg\u00f3cios\",\"item\":\"https:\/\/www.suno.com.br\/noticias\/negocios\/\"},{\"@type\":\"ListItem\",\"position\":3,\"name\":\"Destaques de Empresas: Eletrobras (ELET3), Inter (BIDI11) e Petz (PETZ3)\"}]},{\"@type\":\"WebSite\",\"@id\":\"https:\/\/www.suno.com.br\/noticias\/#website\",\"url\":\"https:\/\/www.suno.com.br\/noticias\/\",\"name\":\"Suno Not\u00edcias\",\"description\":\"Seu portal de informa\u00e7\u00e3o sobre o mundo dos investimentos\",\"publisher\":{\"@id\":\"https:\/\/www.suno.com.br\/noticias\/#organization\"},\"potentialAction\":[{\"@type\":\"SearchAction\",\"target\":{\"@type\":\"EntryPoint\",\"urlTemplate\":\"https:\/\/www.suno.com.br\/noticias\/?s={search_term_string}\"},\"query-input\":{\"@type\":\"PropertyValueSpecification\",\"valueRequired\":true,\"valueName\":\"search_term_string\"}}],\"inLanguage\":\"pt-BR\"},{\"@type\":\"Organization\",\"@id\":\"https:\/\/www.suno.com.br\/noticias\/#organization\",\"name\":\"Suno Not\u00edcias\",\"url\":\"https:\/\/www.suno.com.br\/noticias\/\",\"logo\":{\"@type\":\"ImageObject\",\"inLanguage\":\"pt-BR\",\"@id\":\"https:\/\/www.suno.com.br\/noticias\/#\/schema\/logo\/image\/\",\"url\":\"https:\/\/files.sunoresearch.com.br\/n\/uploads\/2021\/09\/suno-logo.png\",\"contentUrl\":\"https:\/\/files.sunoresearch.com.br\/n\/uploads\/2021\/09\/suno-logo.png\",\"width\":180,\"height\":180,\"caption\":\"Suno Not\u00edcias\"},\"image\":{\"@id\":\"https:\/\/www.suno.com.br\/noticias\/#\/schema\/logo\/image\/\"},\"sameAs\":[\"https:\/\/facebook.com\/sunoresearch\",\"https:\/\/x.com\/sunoresearch\",\"https:\/\/www.instagram.com\/suno\",\"https:\/\/www.linkedin.com\/company\/suno-research\/\",\"https:\/\/www.youtube.com\/c\/sunoresearch\"]},{\"@type\":\"Person\",\"@id\":\"https:\/\/www.suno.com.br\/noticias\/#\/schema\/person\/02ec1f752758247878a2bf4abee1aeda\",\"name\":\"Poliana Santos\",\"image\":{\"@type\":\"ImageObject\",\"inLanguage\":\"pt-BR\",\"@id\":\"https:\/\/www.suno.com.br\/noticias\/#\/schema\/person\/image\/\",\"url\":\"https:\/\/secure.gravatar.com\/avatar\/0645bd32f23d87b2130f2b2dff1d3f8d?s=96&r=g\",\"contentUrl\":\"https:\/\/secure.gravatar.com\/avatar\/0645bd32f23d87b2130f2b2dff1d3f8d?s=96&r=g\",\"caption\":\"Poliana Santos\"},\"description\":\"Rep\u00f3rter no Suno Not\u00edcias, com cobertura em mercado financeiro, economia, finan\u00e7as pessoais, renda fixa e varejo. Jornalista formada pela Faculdade C\u00e1sper L\u00edbero e possui passagem na R\u00e1dio Gazeta AM com a produ\u00e7\u00e3o de conte\u00fado sobre economia, pol\u00edtica, sa\u00fade, moda e m\u00fasica. Possui certificado de conclus\u00e3o do curso de An\u00e1lise de Balan\u00e7os pela Funda\u00e7\u00e3o Bradesco, Agenda Brasil pela FAAP, Educa\u00e7\u00e3o Pol\u00edtica por Alexandre Garcia e do Tesouro Direto e Mercado de A\u00e7\u00f5es pela B3.\",\"url\":\"https:\/\/www.suno.com.br\/noticias\/author\/poliana-santos\/\"}]}<\/script>\n<!-- \/ Yoast SEO plugin. -->","yoast_head_json":{"title":"Destaques de Empresas: Eletrobras (ELET3), Inter (BIDI11) e Petz","description":"Os destaques de empresas do Suno Not\u00edcias mostram os principais acontecimentos que prometem movimentar o mercado durante o dia. Clique aqui","robots":{"index":"index","follow":"follow","max-snippet":"max-snippet:-1","max-image-preview":"max-image-preview:large","max-video-preview":"max-video-preview:-1"},"canonical":"https:\/\/www.suno.com.br\/noticias\/destaques-de-empresas-eletrobras-elet3-inter-bidi11-petz-petz3\/","og_locale":"pt_BR","og_type":"article","og_title":"Destaques de Empresas: Eletrobras (ELET3), Inter (BIDI11) e Petz","og_description":"Os destaques de empresas do Suno Not\u00edcias mostram os principais acontecimentos que prometem movimentar o mercado durante o dia. Clique aqui","og_url":"https:\/\/www.suno.com.br\/noticias\/destaques-de-empresas-eletrobras-elet3-inter-bidi11-petz-petz3\/","og_site_name":"Suno Not\u00edcias","article_publisher":"https:\/\/facebook.com\/sunoresearch","og_image":[{"width":868,"height":868,"url":"https:\/\/files.sunoresearch.com.br\/n\/uploads\/2021\/04\/2dc350d3-eletrobras-facebook.jpg","type":"image\/jpeg"}],"author":"Poliana Santos","twitter_card":"summary_large_image","twitter_creator":"@sunoresearch","twitter_site":"@sunoresearch","twitter_misc":{"Escrito por":"Poliana Santos","Est. tempo de leitura":"3 minutos"},"schema":{"@context":"https:\/\/schema.org","@graph":[{"@type":"NewsArticle","@id":"https:\/\/www.suno.com.br\/noticias\/destaques-de-empresas-eletrobras-elet3-inter-bidi11-petz-petz3\/#article","isPartOf":{"@id":"https:\/\/www.suno.com.br\/noticias\/destaques-de-empresas-eletrobras-elet3-inter-bidi11-petz-petz3\/"},"author":{"name":"Poliana Santos","@id":"https:\/\/www.suno.com.br\/noticias\/#\/schema\/person\/02ec1f752758247878a2bf4abee1aeda"},"headline":"Destaques de Empresas: Eletrobras (ELET3), Inter (BIDI11) e Petz (PETZ3)","datePublished":"2021-05-20T13:20:37+00:00","dateModified":"2021-05-20T20:37:32+00:00","mainEntityOfPage":{"@id":"https:\/\/www.suno.com.br\/noticias\/destaques-de-empresas-eletrobras-elet3-inter-bidi11-petz-petz3\/"},"wordCount":661,"publisher":{"@id":"https:\/\/www.suno.com.br\/noticias\/#organization"},"image":{"@id":"https:\/\/www.suno.com.br\/noticias\/destaques-de-empresas-eletrobras-elet3-inter-bidi11-petz-petz3\/#primaryimage"},"thumbnailUrl":"https:\/\/files.sunoresearch.com.br\/n\/uploads\/2021\/04\/2dc350d3-eletrobras-facebook-jpg.webp","keywords":["destaques de empresas","Eletrobras (ELET3\/ELET5\/ELET6)","MMX (MMXM11\/MMXM3)","Petz (PETZ3)"],"articleSection":["Neg\u00f3cios"],"inLanguage":"pt-BR"},{"@type":"WebPage","@id":"https:\/\/www.suno.com.br\/noticias\/destaques-de-empresas-eletrobras-elet3-inter-bidi11-petz-petz3\/","url":"https:\/\/www.suno.com.br\/noticias\/destaques-de-empresas-eletrobras-elet3-inter-bidi11-petz-petz3\/","name":"Destaques de Empresas: Eletrobras (ELET3), Inter (BIDI11) e Petz","isPartOf":{"@id":"https:\/\/www.suno.com.br\/noticias\/#website"},"primaryImageOfPage":{"@id":"https:\/\/www.suno.com.br\/noticias\/destaques-de-empresas-eletrobras-elet3-inter-bidi11-petz-petz3\/#primaryimage"},"image":{"@id":"https:\/\/www.suno.com.br\/noticias\/destaques-de-empresas-eletrobras-elet3-inter-bidi11-petz-petz3\/#primaryimage"},"thumbnailUrl":"https:\/\/files.sunoresearch.com.br\/n\/uploads\/2021\/04\/2dc350d3-eletrobras-facebook-jpg.webp","datePublished":"2021-05-20T13:20:37+00:00","dateModified":"2021-05-20T20:37:32+00:00","description":"Os destaques de empresas do Suno Not\u00edcias mostram os principais acontecimentos que prometem movimentar o mercado durante o dia. Clique aqui","breadcrumb":{"@id":"https:\/\/www.suno.com.br\/noticias\/destaques-de-empresas-eletrobras-elet3-inter-bidi11-petz-petz3\/#breadcrumb"},"inLanguage":"pt-BR","potentialAction":[{"@type":"ReadAction","target":["https:\/\/www.suno.com.br\/noticias\/destaques-de-empresas-eletrobras-elet3-inter-bidi11-petz-petz3\/"]}]},{"@type":"ImageObject","inLanguage":"pt-BR","@id":"https:\/\/www.suno.com.br\/noticias\/destaques-de-empresas-eletrobras-elet3-inter-bidi11-petz-petz3\/#primaryimage","url":"https:\/\/files.sunoresearch.com.br\/n\/uploads\/2021\/04\/2dc350d3-eletrobras-facebook-jpg.webp","contentUrl":"https:\/\/files.sunoresearch.com.br\/n\/uploads\/2021\/04\/2dc350d3-eletrobras-facebook-jpg.webp","width":868,"height":868,"caption":"Eletrobras (ELET3). Foto: Reprodu\u00e7\u00e3o Facebook"},{"@type":"BreadcrumbList","@id":"https:\/\/www.suno.com.br\/noticias\/destaques-de-empresas-eletrobras-elet3-inter-bidi11-petz-petz3\/#breadcrumb","itemListElement":[{"@type":"ListItem","position":1,"name":"Not\u00edcias","item":"https:\/\/www.suno.com.br\/noticias\/"},{"@type":"ListItem","position":2,"name":"Neg\u00f3cios","item":"https:\/\/www.suno.com.br\/noticias\/negocios\/"},{"@type":"ListItem","position":3,"name":"Destaques de Empresas: Eletrobras (ELET3), Inter (BIDI11) e Petz (PETZ3)"}]},{"@type":"WebSite","@id":"https:\/\/www.suno.com.br\/noticias\/#website","url":"https:\/\/www.suno.com.br\/noticias\/","name":"Suno Not\u00edcias","description":"Seu portal de informa\u00e7\u00e3o sobre o mundo dos investimentos","publisher":{"@id":"https:\/\/www.suno.com.br\/noticias\/#organization"},"potentialAction":[{"@type":"SearchAction","target":{"@type":"EntryPoint","urlTemplate":"https:\/\/www.suno.com.br\/noticias\/?s={search_term_string}"},"query-input":{"@type":"PropertyValueSpecification","valueRequired":true,"valueName":"search_term_string"}}],"inLanguage":"pt-BR"},{"@type":"Organization","@id":"https:\/\/www.suno.com.br\/noticias\/#organization","name":"Suno Not\u00edcias","url":"https:\/\/www.suno.com.br\/noticias\/","logo":{"@type":"ImageObject","inLanguage":"pt-BR","@id":"https:\/\/www.suno.com.br\/noticias\/#\/schema\/logo\/image\/","url":"https:\/\/files.sunoresearch.com.br\/n\/uploads\/2021\/09\/suno-logo.png","contentUrl":"https:\/\/files.sunoresearch.com.br\/n\/uploads\/2021\/09\/suno-logo.png","width":180,"height":180,"caption":"Suno Not\u00edcias"},"image":{"@id":"https:\/\/www.suno.com.br\/noticias\/#\/schema\/logo\/image\/"},"sameAs":["https:\/\/facebook.com\/sunoresearch","https:\/\/x.com\/sunoresearch","https:\/\/www.instagram.com\/suno","https:\/\/www.linkedin.com\/company\/suno-research\/","https:\/\/www.youtube.com\/c\/sunoresearch"]},{"@type":"Person","@id":"https:\/\/www.suno.com.br\/noticias\/#\/schema\/person\/02ec1f752758247878a2bf4abee1aeda","name":"Poliana Santos","image":{"@type":"ImageObject","inLanguage":"pt-BR","@id":"https:\/\/www.suno.com.br\/noticias\/#\/schema\/person\/image\/","url":"https:\/\/secure.gravatar.com\/avatar\/0645bd32f23d87b2130f2b2dff1d3f8d?s=96&r=g","contentUrl":"https:\/\/secure.gravatar.com\/avatar\/0645bd32f23d87b2130f2b2dff1d3f8d?s=96&r=g","caption":"Poliana Santos"},"description":"Rep\u00f3rter no Suno Not\u00edcias, com cobertura em mercado financeiro, economia, finan\u00e7as pessoais, renda fixa e varejo. Jornalista formada pela Faculdade C\u00e1sper L\u00edbero e possui passagem na R\u00e1dio Gazeta AM com a produ\u00e7\u00e3o de conte\u00fado sobre economia, pol\u00edtica, sa\u00fade, moda e m\u00fasica. Possui certificado de conclus\u00e3o do curso de An\u00e1lise de Balan\u00e7os pela Funda\u00e7\u00e3o Bradesco, Agenda Brasil pela FAAP, Educa\u00e7\u00e3o Pol\u00edtica por Alexandre Garcia e do Tesouro Direto e Mercado de A\u00e7\u00f5es pela B3.","url":"https:\/\/www.suno.com.br\/noticias\/author\/poliana-santos\/"}]}},"default_loop_html":"<div class=\"cardsPage__listCard__boxs\"><div class=\"cardsPage__listCard__boxs__img\"><a href=\"https:\/\/www.suno.com.br\/noticias\/destaques-de-empresas-eletrobras-elet3-inter-bidi11-petz-petz3\/\"><img class=\"mask\" src=\"https:\/\/www.suno.com.br\/noticias\/wp-content\/themes\/suno\/resources\/images\/spotlight\/spotlight1img\/bg-mask.png\" alt=\"Image Mask\"\/><img src=\"https:\/\/files.sunoresearch.com.br\/n\/uploads\/2021\/04\/2dc350d3-eletrobras-facebook-400x200.webp\" alt=\"Destaques de Empresas: Eletrobras (ELET3), Inter (BIDI11) e Petz (PETZ3)\"\/><\/a><span class=\"spotlightCategory\"><a href=\"https:\/\/www.suno.com.br\/noticias\/negocios\/\">Neg\u00f3cios<\/a><\/span><\/div><div class=\"cardsPage__listCard__boxs__content\"><a href=\"https:\/\/www.suno.com.br\/noticias\/destaques-de-empresas-eletrobras-elet3-inter-bidi11-petz-petz3\/\"><h2 class=\"content__title\">Destaques de Empresas: Eletrobras (ELET3), Inter (BIDI11) e Petz (PETZ3)<\/h2><\/a><div class=\"newsContent__article__meta\"><div class=\"newsContent__article__meta__authorBox\"><a href=\"https:\/\/www.suno.com.br\/noticias\/author\/poliana-santos\/\" class=\"authorBox__avatar noMobi\"><img src=\"https:\/\/files.sunoresearch.com.br\/n\/uploads\/2020\/08\/7ef34026-whatsapp-image-2020-08-03-at-12.37.57-150x150.webp\" alt=\"Poliana Santos\"><\/a><div class=\"authorBox__name\"><span>por\n\t\t\t<a href=\"https:\/\/www.suno.com.br\/noticias\/author\/poliana-santos\/\"><span itemprop=\"author\">Poliana Santos<\/span><\/a><\/span><time datetime=\"2021-05-20T10:20:37-03:00\" itemprop=\"datePublished\">20\/05\/2021 10:20<\/time><\/div><\/div><\/div><\/div><\/div>","single_layout":"posts","amp_enabled":true,"_links":{"self":[{"href":"https:\/\/www.suno.com.br\/noticias\/wp-json\/wp\/v2\/posts\/149680"}],"collection":[{"href":"https:\/\/www.suno.com.br\/noticias\/wp-json\/wp\/v2\/posts"}],"about":[{"href":"https:\/\/www.suno.com.br\/noticias\/wp-json\/wp\/v2\/types\/post"}],"author":[{"embeddable":true,"href":"https:\/\/www.suno.com.br\/noticias\/wp-json\/wp\/v2\/users\/15"}],"replies":[{"embeddable":true,"href":"https:\/\/www.suno.com.br\/noticias\/wp-json\/wp\/v2\/comments?post=149680"}],"version-history":[{"count":3,"href":"https:\/\/www.suno.com.br\/noticias\/wp-json\/wp\/v2\/posts\/149680\/revisions"}],"predecessor-version":[{"id":149880,"href":"https:\/\/www.suno.com.br\/noticias\/wp-json\/wp\/v2\/posts\/149680\/revisions\/149880"}],"wp:featuredmedia":[{"embeddable":true,"href":"https:\/\/www.suno.com.br\/noticias\/wp-json\/wp\/v2\/media\/139310"}],"wp:attachment":[{"href":"https:\/\/www.suno.com.br\/noticias\/wp-json\/wp\/v2\/media?parent=149680"}],"wp:term":[{"taxonomy":"category","embeddable":true,"href":"https:\/\/www.suno.com.br\/noticias\/wp-json\/wp\/v2\/categories?post=149680"},{"taxonomy":"post_tag","embeddable":true,"href":"https:\/\/www.suno.com.br\/noticias\/wp-json\/wp\/v2\/tags?post=149680"},{"taxonomy":"suno_strategy","embeddable":true,"href":"https:\/\/www.suno.com.br\/noticias\/wp-json\/wp\/v2\/suno_strategy?post=149680"}],"curies":[{"name":"wp","href":"https:\/\/api.w.org\/{rel}","templated":true}]}}