{"id":14968,"date":"2019-02-12T11:59:44","date_gmt":"2019-02-12T13:59:44","guid":{"rendered":"https:\/\/www.suno.com.br\/noticias\/?p=14968"},"modified":"2019-02-12T12:13:41","modified_gmt":"2019-02-12T14:13:41","slug":"40-industria-brasileira-terminou-2018-crise","status":"publish","type":"post","link":"https:\/\/www.suno.com.br\/noticias\/40-industria-brasileira-terminou-2018-crise\/","title":{"rendered":"40% da ind\u00fastria brasileira terminou 2018 em crise"},"content":{"rendered":"<p>Uma pesquisa do<strong> Instituto de Estudos para o Desenvolvimento Industrial (IEDI)<\/strong> mostra como 40% da ind\u00fastria terminou 2018 em <strong>crise.<\/strong><\/p>\t<div class=\"wrapper-featured-image\">\n\t\t<figure class=\"spotlightImg\">\n\n\t\t\t<picture>\n\t\t\t\t<source media=\"(max-width: 768px)\" srcset=\"https:\/\/files.sunoresearch.com.br\/n\/uploads\/2019\/02\/0320473e-produ\u00e7\u00e3o-industrial-ind\u00fastria-brasileira-400x200.webp\">\n\t\t\t\t<img loading=\"lazy\" decoding=\"async\" class=\"newsContent__article__imgCapa lazyloadDisabled newsContent__article__imgCapa--noCaption\" src=\"https:\/\/files.sunoresearch.com.br\/n\/uploads\/2019\/02\/0320473e-produ\u00e7\u00e3o-industrial-ind\u00fastria-brasileira-jpeg.webp\" width=\"800\" height=\"450\" alt=\"40% da ind\u00fastria brasileira terminou 2018 em crise\" fetchpriority=high \/>\n\t\t\t<\/picture>\n\n\t\t\t<figcaption class=\"wp-caption-text wp-caption-text--hide\">Ind\u00fastria de S\u00e3o Paulo fecha 13 mil postos de trabalho em junho<\/figcaption>\n\t\t<\/figure>\n\t<\/div>\n\n\n<p>Segundo a pesquisa, divulgada pelo jornal &#8220;O Estado de S.Paulo&#8221;, esse 40% dos <strong>segmentos industriais<\/strong> acumulou uma queda na <a href=\"https:\/\/www.suno.com.br\/artigos\/fatores-producao\/\">produ\u00e7\u00e3o<\/a> maior que 1% em rela\u00e7\u00e3o a 2017. Outros 14 segmentos da <strong>ind\u00fastria brasileira<\/strong> ficaram estagnados no ano passado. O levantamento foi realizado com\u00a0base na <strong>Pesquisa Industrial Mensal &#8211; Produ\u00e7\u00e3o F\u00edsica<\/strong>, elaborada pelo <strong>Instituto Brasileiro de Geografia e Estat\u00edstica (IBGE)<\/strong>.<\/p>\n<p>Esse resultado mostra como a recupera\u00e7\u00e3o gradual da <strong>atividade econ\u00f4mica<\/strong> registrada em 2017 acabou sendo frustrada em 2018. Al\u00e9m disso, segundo o <strong>IEDI,<\/strong> a <strong>desacelera\u00e7\u00e3o<\/strong> no ano passado entre os segmentos analisados foi bastante disseminada. Dos 93 <strong>subsetores industriais<\/strong> objeto da pesquisa, 37 registraram uma crise de moderada a fulminante.<\/p>\n<p><a href=\"https:\/\/www.suno.com.br\/noticias\/producao-industrial-pior-resultado-novembro\/\">Saiba mais: Produ\u00e7\u00e3o industrial registra pior resultado em novembro desde 2015\u00a0<\/a><\/p>\n<p>Entre os segmentos que registraram os piores resultados, muitos s\u00e3o ligados aos fluxos de renda e \u00e0 desacelera\u00e7\u00e3o do inteiro <strong>setor industrial<\/strong> brasileiro. Entretanto, um setor particularmente afetado pela crise foi o <strong>t\u00eaxtil<\/strong> que registrou 5 dos 37 subsetores em crise. Ao contr\u00e1rio, entre os setores que tiveram um melhor desempenho, h\u00e1 v\u00e1rios que\u00a0tinham uma base de compara\u00e7\u00e3o muito baixa com o ano anterior ou perfil <strong>exportador.<\/strong> Entre eles, fabricantes de <strong>papel<\/strong> e <strong>celulose,<\/strong> produtos de <strong>carnes, caminh\u00f5es<\/strong> e <strong>\u00f4nibus, tratores<\/strong> e <strong>equipamentos agr\u00edcolas.<\/strong><\/p>\n<p>Al\u00e9m disso, parte da crise \u00e9 tamb\u00e9m explic\u00e1vel com os efeitos negativos da <strong>greve dos caminhoneiros.<\/strong> A paralisa\u00e7\u00e3o, realizada no final de maio, desorganizou a <strong>produ\u00e7\u00e3o industrial brasileira,<\/strong> alterou o rumo de crescimento registrado at\u00e9 abril, e prejudicou <strong>consumo<\/strong> e <strong>investimentos.<\/strong><\/p>\n<p><a href=\"https:\/\/www.suno.com.br\/noticias\/ibge-producao-industrial-cresceu-11-em-2018\/\">Saiba mais:\u00a0IBGE: produ\u00e7\u00e3o industrial cresceu 1,1% em 2018\u00a0<\/a><\/p>\n<p>Essa conjuntura se reflete tamb\u00e9m nos dados da <strong>Pesquisa Industrial Mensal<\/strong>, divulgada pelo <strong>IBGE.<\/strong> No primeiro semestre de 2018 a ind\u00fastria brasileira cresceu 2,3% em rela\u00e7\u00e3o ao mesmo per\u00edodo de 2017. Entretanto, no segundo semestre a produ\u00e7\u00e3o cresceu apenas de 0,1%. No final de 2018, a ind\u00fastria registrou um crescimento de 1,1%.<\/p>\n<h2>Previs\u00f5es positivas para 2019<\/h2>\n<p>Ao mesmo tempo, as proje\u00e7\u00f5es para 2019 s\u00e3o otimistas. O <strong>setor externo<\/strong> n\u00e3o deveria criar problemas para a <strong>ind\u00fastria,<\/strong> enquanto o <strong>mercado interno<\/strong> deveria ajudar a incrementar o crescimento.<\/p>\n","protected":false},"excerpt":{"rendered":"<p>Uma pesquisa do Instituto de Estudos para o Desenvolvimento Industrial (IEDI) mostra como 40% da ind\u00fastria terminou 2018 em crise. Ind\u00fastria de S\u00e3o Paulo fecha 13 mil postos de trabalho em junho Segundo a pesquisa, divulgada pelo jornal &#8220;O Estado de S.Paulo&#8221;, esse 40% dos segmentos industriais acumulou uma queda na produ\u00e7\u00e3o maior que 1% [&hellip;]<\/p>\n","protected":false},"author":9,"featured_media":14985,"comment_status":"closed","ping_status":"closed","sticky":false,"template":"","format":"standard","meta":[],"categories":[60],"tags":[833,820],"suno_strategy":[],"class_list":["post-14968","post","type-post","status-publish","format-standard","has-post-thumbnail","hentry","category-mercado","tag-greve-dos-caminhoneiros","tag-producao-industrial"],"yoast_head":"<!-- This site is optimized with the Yoast SEO plugin v24.4 - https:\/\/yoast.com\/wordpress\/plugins\/seo\/ -->\n<title>40% da ind\u00fastria brasileira terminou 2018 em crise<\/title>\n<meta name=\"description\" content=\"Uma pesquisa do IEDI mostra como 40% da ind\u00fastria brasileira terminou 2018 em crise. Clique aqui para saber mais.\" \/>\n<meta name=\"robots\" content=\"index, follow, max-snippet:-1, max-image-preview:large, max-video-preview:-1\" \/>\n<link rel=\"canonical\" href=\"https:\/\/www.suno.com.br\/noticias\/40-industria-brasileira-terminou-2018-crise\/\" \/>\n<meta property=\"og:locale\" content=\"pt_BR\" \/>\n<meta property=\"og:type\" content=\"article\" \/>\n<meta property=\"og:title\" content=\"40% da ind\u00fastria brasileira terminou 2018 em crise\" \/>\n<meta property=\"og:description\" content=\"Uma pesquisa do IEDI mostra como 40% da ind\u00fastria brasileira terminou 2018 em crise. Clique aqui para saber mais.\" \/>\n<meta property=\"og:url\" content=\"https:\/\/www.suno.com.br\/noticias\/40-industria-brasileira-terminou-2018-crise\/\" \/>\n<meta property=\"og:site_name\" content=\"Suno Not\u00edcias\" \/>\n<meta property=\"article:publisher\" content=\"https:\/\/facebook.com\/sunoresearch\" \/>\n<meta property=\"og:image\" content=\"https:\/\/files.sunoresearch.com.br\/n\/uploads\/2019\/02\/0320473e-produ\u00e7\u00e3o-industrial-ind\u00fastria-brasileira.jpeg\" \/>\n\t<meta property=\"og:image:width\" content=\"620\" \/>\n\t<meta property=\"og:image:height\" content=\"350\" \/>\n\t<meta property=\"og:image:type\" content=\"image\/jpeg\" \/>\n<meta name=\"author\" content=\"Carlo Cauti\" \/>\n<meta name=\"twitter:card\" content=\"summary_large_image\" \/>\n<meta name=\"twitter:creator\" content=\"@sunoresearch\" \/>\n<meta name=\"twitter:site\" content=\"@sunoresearch\" \/>\n<meta name=\"twitter:label1\" content=\"Escrito por\" \/>\n\t<meta name=\"twitter:data1\" content=\"Carlo Cauti\" \/>\n\t<meta name=\"twitter:label2\" content=\"Est. tempo de leitura\" \/>\n\t<meta name=\"twitter:data2\" content=\"2 minutos\" \/>\n<script type=\"application\/ld+json\" class=\"yoast-schema-graph\">{\"@context\":\"https:\/\/schema.org\",\"@graph\":[{\"@type\":\"NewsArticle\",\"@id\":\"https:\/\/www.suno.com.br\/noticias\/40-industria-brasileira-terminou-2018-crise\/#article\",\"isPartOf\":{\"@id\":\"https:\/\/www.suno.com.br\/noticias\/40-industria-brasileira-terminou-2018-crise\/\"},\"author\":{\"name\":\"Carlo Cauti\",\"@id\":\"https:\/\/www.suno.com.br\/noticias\/#\/schema\/person\/e6e0f723cc177805027f4566c1d5e0c8\"},\"headline\":\"40% da ind\u00fastria brasileira terminou 2018 em crise\",\"datePublished\":\"2019-02-12T13:59:44+00:00\",\"dateModified\":\"2019-02-12T14:13:41+00:00\",\"mainEntityOfPage\":{\"@id\":\"https:\/\/www.suno.com.br\/noticias\/40-industria-brasileira-terminou-2018-crise\/\"},\"wordCount\":381,\"publisher\":{\"@id\":\"https:\/\/www.suno.com.br\/noticias\/#organization\"},\"image\":{\"@id\":\"https:\/\/www.suno.com.br\/noticias\/40-industria-brasileira-terminou-2018-crise\/#primaryimage\"},\"thumbnailUrl\":\"https:\/\/files.sunoresearch.com.br\/n\/uploads\/2019\/02\/0320473e-produ\u00e7\u00e3o-industrial-ind\u00fastria-brasileira-jpeg.webp\",\"keywords\":[\"greve dos caminhoneiros\",\"produ\u00e7\u00e3o industrial\"],\"articleSection\":[\"Mercado\"],\"inLanguage\":\"pt-BR\"},{\"@type\":\"WebPage\",\"@id\":\"https:\/\/www.suno.com.br\/noticias\/40-industria-brasileira-terminou-2018-crise\/\",\"url\":\"https:\/\/www.suno.com.br\/noticias\/40-industria-brasileira-terminou-2018-crise\/\",\"name\":\"40% da ind\u00fastria brasileira terminou 2018 em crise\",\"isPartOf\":{\"@id\":\"https:\/\/www.suno.com.br\/noticias\/#website\"},\"primaryImageOfPage\":{\"@id\":\"https:\/\/www.suno.com.br\/noticias\/40-industria-brasileira-terminou-2018-crise\/#primaryimage\"},\"image\":{\"@id\":\"https:\/\/www.suno.com.br\/noticias\/40-industria-brasileira-terminou-2018-crise\/#primaryimage\"},\"thumbnailUrl\":\"https:\/\/files.sunoresearch.com.br\/n\/uploads\/2019\/02\/0320473e-produ\u00e7\u00e3o-industrial-ind\u00fastria-brasileira-jpeg.webp\",\"datePublished\":\"2019-02-12T13:59:44+00:00\",\"dateModified\":\"2019-02-12T14:13:41+00:00\",\"description\":\"Uma pesquisa do IEDI mostra como 40% da ind\u00fastria brasileira terminou 2018 em crise. Clique aqui para saber mais.\",\"breadcrumb\":{\"@id\":\"https:\/\/www.suno.com.br\/noticias\/40-industria-brasileira-terminou-2018-crise\/#breadcrumb\"},\"inLanguage\":\"pt-BR\",\"potentialAction\":[{\"@type\":\"ReadAction\",\"target\":[\"https:\/\/www.suno.com.br\/noticias\/40-industria-brasileira-terminou-2018-crise\/\"]}]},{\"@type\":\"ImageObject\",\"inLanguage\":\"pt-BR\",\"@id\":\"https:\/\/www.suno.com.br\/noticias\/40-industria-brasileira-terminou-2018-crise\/#primaryimage\",\"url\":\"https:\/\/files.sunoresearch.com.br\/n\/uploads\/2019\/02\/0320473e-produ\u00e7\u00e3o-industrial-ind\u00fastria-brasileira-jpeg.webp\",\"contentUrl\":\"https:\/\/files.sunoresearch.com.br\/n\/uploads\/2019\/02\/0320473e-produ\u00e7\u00e3o-industrial-ind\u00fastria-brasileira-jpeg.webp\",\"width\":620,\"height\":350,\"caption\":\"Ind\u00fastria de S\u00e3o Paulo fecha 13 mil postos de trabalho em junho\"},{\"@type\":\"BreadcrumbList\",\"@id\":\"https:\/\/www.suno.com.br\/noticias\/40-industria-brasileira-terminou-2018-crise\/#breadcrumb\",\"itemListElement\":[{\"@type\":\"ListItem\",\"position\":1,\"name\":\"Not\u00edcias\",\"item\":\"https:\/\/www.suno.com.br\/noticias\/\"},{\"@type\":\"ListItem\",\"position\":2,\"name\":\"Mercado\",\"item\":\"https:\/\/www.suno.com.br\/noticias\/mercado\/\"},{\"@type\":\"ListItem\",\"position\":3,\"name\":\"40% da ind\u00fastria brasileira terminou 2018 em crise\"}]},{\"@type\":\"WebSite\",\"@id\":\"https:\/\/www.suno.com.br\/noticias\/#website\",\"url\":\"https:\/\/www.suno.com.br\/noticias\/\",\"name\":\"Suno Not\u00edcias\",\"description\":\"Seu portal de informa\u00e7\u00e3o sobre o mundo dos investimentos\",\"publisher\":{\"@id\":\"https:\/\/www.suno.com.br\/noticias\/#organization\"},\"potentialAction\":[{\"@type\":\"SearchAction\",\"target\":{\"@type\":\"EntryPoint\",\"urlTemplate\":\"https:\/\/www.suno.com.br\/noticias\/?s={search_term_string}\"},\"query-input\":{\"@type\":\"PropertyValueSpecification\",\"valueRequired\":true,\"valueName\":\"search_term_string\"}}],\"inLanguage\":\"pt-BR\"},{\"@type\":\"Organization\",\"@id\":\"https:\/\/www.suno.com.br\/noticias\/#organization\",\"name\":\"Suno Not\u00edcias\",\"url\":\"https:\/\/www.suno.com.br\/noticias\/\",\"logo\":{\"@type\":\"ImageObject\",\"inLanguage\":\"pt-BR\",\"@id\":\"https:\/\/www.suno.com.br\/noticias\/#\/schema\/logo\/image\/\",\"url\":\"https:\/\/files.sunoresearch.com.br\/n\/uploads\/2021\/09\/suno-logo.png\",\"contentUrl\":\"https:\/\/files.sunoresearch.com.br\/n\/uploads\/2021\/09\/suno-logo.png\",\"width\":180,\"height\":180,\"caption\":\"Suno Not\u00edcias\"},\"image\":{\"@id\":\"https:\/\/www.suno.com.br\/noticias\/#\/schema\/logo\/image\/\"},\"sameAs\":[\"https:\/\/facebook.com\/sunoresearch\",\"https:\/\/x.com\/sunoresearch\",\"https:\/\/www.instagram.com\/suno\",\"https:\/\/www.linkedin.com\/company\/suno-research\/\",\"https:\/\/www.youtube.com\/c\/sunoresearch\"]},{\"@type\":\"Person\",\"@id\":\"https:\/\/www.suno.com.br\/noticias\/#\/schema\/person\/e6e0f723cc177805027f4566c1d5e0c8\",\"name\":\"Carlo Cauti\",\"image\":{\"@type\":\"ImageObject\",\"inLanguage\":\"pt-BR\",\"@id\":\"https:\/\/www.suno.com.br\/noticias\/#\/schema\/person\/image\/\",\"url\":\"https:\/\/secure.gravatar.com\/avatar\/3ada9e0bd164c23abd4792a9606d583c?s=96&r=g\",\"contentUrl\":\"https:\/\/secure.gravatar.com\/avatar\/3ada9e0bd164c23abd4792a9606d583c?s=96&r=g\",\"caption\":\"Carlo Cauti\"},\"description\":\"Editor multim\u00eddia do SUNO Not\u00edcias. Italiano, formado em Ci\u00eancias Pol\u00edticas pela universidade LUISS G. Carli de Roma e mestre cum laude em Rela\u00e7\u00f5es Internacionais, Jornalismo Internacional e de Guerra e em Economia Internacional. Concluiu tamb\u00e9m um MBA em Finan\u00e7as na B3. No Brasil, teve passagem por ve\u00edculos como Estad\u00e3o, Globo, Veja e EXAME. e nas ag\u00eancias de not\u00edcias italianas ANSA e NOVA.\",\"url\":\"https:\/\/www.suno.com.br\/noticias\/author\/carlo-cauti\/\"}]}<\/script>\n<!-- \/ Yoast SEO plugin. -->","yoast_head_json":{"title":"40% da ind\u00fastria brasileira terminou 2018 em crise","description":"Uma pesquisa do IEDI mostra como 40% da ind\u00fastria brasileira terminou 2018 em crise. Clique aqui para saber mais.","robots":{"index":"index","follow":"follow","max-snippet":"max-snippet:-1","max-image-preview":"max-image-preview:large","max-video-preview":"max-video-preview:-1"},"canonical":"https:\/\/www.suno.com.br\/noticias\/40-industria-brasileira-terminou-2018-crise\/","og_locale":"pt_BR","og_type":"article","og_title":"40% da ind\u00fastria brasileira terminou 2018 em crise","og_description":"Uma pesquisa do IEDI mostra como 40% da ind\u00fastria brasileira terminou 2018 em crise. Clique aqui para saber mais.","og_url":"https:\/\/www.suno.com.br\/noticias\/40-industria-brasileira-terminou-2018-crise\/","og_site_name":"Suno Not\u00edcias","article_publisher":"https:\/\/facebook.com\/sunoresearch","og_image":[{"width":620,"height":350,"url":"https:\/\/files.sunoresearch.com.br\/n\/uploads\/2019\/02\/0320473e-produ\u00e7\u00e3o-industrial-ind\u00fastria-brasileira.jpeg","type":"image\/jpeg"}],"author":"Carlo Cauti","twitter_card":"summary_large_image","twitter_creator":"@sunoresearch","twitter_site":"@sunoresearch","twitter_misc":{"Escrito por":"Carlo Cauti","Est. tempo de leitura":"2 minutos"},"schema":{"@context":"https:\/\/schema.org","@graph":[{"@type":"NewsArticle","@id":"https:\/\/www.suno.com.br\/noticias\/40-industria-brasileira-terminou-2018-crise\/#article","isPartOf":{"@id":"https:\/\/www.suno.com.br\/noticias\/40-industria-brasileira-terminou-2018-crise\/"},"author":{"name":"Carlo Cauti","@id":"https:\/\/www.suno.com.br\/noticias\/#\/schema\/person\/e6e0f723cc177805027f4566c1d5e0c8"},"headline":"40% da ind\u00fastria brasileira terminou 2018 em crise","datePublished":"2019-02-12T13:59:44+00:00","dateModified":"2019-02-12T14:13:41+00:00","mainEntityOfPage":{"@id":"https:\/\/www.suno.com.br\/noticias\/40-industria-brasileira-terminou-2018-crise\/"},"wordCount":381,"publisher":{"@id":"https:\/\/www.suno.com.br\/noticias\/#organization"},"image":{"@id":"https:\/\/www.suno.com.br\/noticias\/40-industria-brasileira-terminou-2018-crise\/#primaryimage"},"thumbnailUrl":"https:\/\/files.sunoresearch.com.br\/n\/uploads\/2019\/02\/0320473e-produ\u00e7\u00e3o-industrial-ind\u00fastria-brasileira-jpeg.webp","keywords":["greve dos caminhoneiros","produ\u00e7\u00e3o industrial"],"articleSection":["Mercado"],"inLanguage":"pt-BR"},{"@type":"WebPage","@id":"https:\/\/www.suno.com.br\/noticias\/40-industria-brasileira-terminou-2018-crise\/","url":"https:\/\/www.suno.com.br\/noticias\/40-industria-brasileira-terminou-2018-crise\/","name":"40% da ind\u00fastria brasileira terminou 2018 em crise","isPartOf":{"@id":"https:\/\/www.suno.com.br\/noticias\/#website"},"primaryImageOfPage":{"@id":"https:\/\/www.suno.com.br\/noticias\/40-industria-brasileira-terminou-2018-crise\/#primaryimage"},"image":{"@id":"https:\/\/www.suno.com.br\/noticias\/40-industria-brasileira-terminou-2018-crise\/#primaryimage"},"thumbnailUrl":"https:\/\/files.sunoresearch.com.br\/n\/uploads\/2019\/02\/0320473e-produ\u00e7\u00e3o-industrial-ind\u00fastria-brasileira-jpeg.webp","datePublished":"2019-02-12T13:59:44+00:00","dateModified":"2019-02-12T14:13:41+00:00","description":"Uma pesquisa do IEDI mostra como 40% da ind\u00fastria brasileira terminou 2018 em crise. Clique aqui para saber mais.","breadcrumb":{"@id":"https:\/\/www.suno.com.br\/noticias\/40-industria-brasileira-terminou-2018-crise\/#breadcrumb"},"inLanguage":"pt-BR","potentialAction":[{"@type":"ReadAction","target":["https:\/\/www.suno.com.br\/noticias\/40-industria-brasileira-terminou-2018-crise\/"]}]},{"@type":"ImageObject","inLanguage":"pt-BR","@id":"https:\/\/www.suno.com.br\/noticias\/40-industria-brasileira-terminou-2018-crise\/#primaryimage","url":"https:\/\/files.sunoresearch.com.br\/n\/uploads\/2019\/02\/0320473e-produ\u00e7\u00e3o-industrial-ind\u00fastria-brasileira-jpeg.webp","contentUrl":"https:\/\/files.sunoresearch.com.br\/n\/uploads\/2019\/02\/0320473e-produ\u00e7\u00e3o-industrial-ind\u00fastria-brasileira-jpeg.webp","width":620,"height":350,"caption":"Ind\u00fastria de S\u00e3o Paulo fecha 13 mil postos de trabalho em junho"},{"@type":"BreadcrumbList","@id":"https:\/\/www.suno.com.br\/noticias\/40-industria-brasileira-terminou-2018-crise\/#breadcrumb","itemListElement":[{"@type":"ListItem","position":1,"name":"Not\u00edcias","item":"https:\/\/www.suno.com.br\/noticias\/"},{"@type":"ListItem","position":2,"name":"Mercado","item":"https:\/\/www.suno.com.br\/noticias\/mercado\/"},{"@type":"ListItem","position":3,"name":"40% da ind\u00fastria brasileira terminou 2018 em crise"}]},{"@type":"WebSite","@id":"https:\/\/www.suno.com.br\/noticias\/#website","url":"https:\/\/www.suno.com.br\/noticias\/","name":"Suno Not\u00edcias","description":"Seu portal de informa\u00e7\u00e3o sobre o mundo dos investimentos","publisher":{"@id":"https:\/\/www.suno.com.br\/noticias\/#organization"},"potentialAction":[{"@type":"SearchAction","target":{"@type":"EntryPoint","urlTemplate":"https:\/\/www.suno.com.br\/noticias\/?s={search_term_string}"},"query-input":{"@type":"PropertyValueSpecification","valueRequired":true,"valueName":"search_term_string"}}],"inLanguage":"pt-BR"},{"@type":"Organization","@id":"https:\/\/www.suno.com.br\/noticias\/#organization","name":"Suno Not\u00edcias","url":"https:\/\/www.suno.com.br\/noticias\/","logo":{"@type":"ImageObject","inLanguage":"pt-BR","@id":"https:\/\/www.suno.com.br\/noticias\/#\/schema\/logo\/image\/","url":"https:\/\/files.sunoresearch.com.br\/n\/uploads\/2021\/09\/suno-logo.png","contentUrl":"https:\/\/files.sunoresearch.com.br\/n\/uploads\/2021\/09\/suno-logo.png","width":180,"height":180,"caption":"Suno Not\u00edcias"},"image":{"@id":"https:\/\/www.suno.com.br\/noticias\/#\/schema\/logo\/image\/"},"sameAs":["https:\/\/facebook.com\/sunoresearch","https:\/\/x.com\/sunoresearch","https:\/\/www.instagram.com\/suno","https:\/\/www.linkedin.com\/company\/suno-research\/","https:\/\/www.youtube.com\/c\/sunoresearch"]},{"@type":"Person","@id":"https:\/\/www.suno.com.br\/noticias\/#\/schema\/person\/e6e0f723cc177805027f4566c1d5e0c8","name":"Carlo Cauti","image":{"@type":"ImageObject","inLanguage":"pt-BR","@id":"https:\/\/www.suno.com.br\/noticias\/#\/schema\/person\/image\/","url":"https:\/\/secure.gravatar.com\/avatar\/3ada9e0bd164c23abd4792a9606d583c?s=96&r=g","contentUrl":"https:\/\/secure.gravatar.com\/avatar\/3ada9e0bd164c23abd4792a9606d583c?s=96&r=g","caption":"Carlo Cauti"},"description":"Editor multim\u00eddia do SUNO Not\u00edcias. Italiano, formado em Ci\u00eancias Pol\u00edticas pela universidade LUISS G. Carli de Roma e mestre cum laude em Rela\u00e7\u00f5es Internacionais, Jornalismo Internacional e de Guerra e em Economia Internacional. Concluiu tamb\u00e9m um MBA em Finan\u00e7as na B3. No Brasil, teve passagem por ve\u00edculos como Estad\u00e3o, Globo, Veja e EXAME. e nas ag\u00eancias de not\u00edcias italianas ANSA e NOVA.","url":"https:\/\/www.suno.com.br\/noticias\/author\/carlo-cauti\/"}]}},"default_loop_html":"<div class=\"cardsPage__listCard__boxs\"><div class=\"cardsPage__listCard__boxs__img\"><a href=\"https:\/\/www.suno.com.br\/noticias\/40-industria-brasileira-terminou-2018-crise\/\"><img class=\"mask\" src=\"https:\/\/www.suno.com.br\/noticias\/wp-content\/themes\/suno\/resources\/images\/spotlight\/spotlight1img\/bg-mask.png\" alt=\"Image Mask\"\/><img src=\"https:\/\/files.sunoresearch.com.br\/n\/uploads\/2019\/02\/0320473e-produ\u00e7\u00e3o-industrial-ind\u00fastria-brasileira-400x200.webp\" alt=\"40% da ind\u00fastria brasileira terminou 2018 em crise\"\/><\/a><span class=\"spotlightCategory\"><a href=\"https:\/\/www.suno.com.br\/noticias\/mercado\/\">Mercado<\/a><\/span><\/div><div class=\"cardsPage__listCard__boxs__content\"><a href=\"https:\/\/www.suno.com.br\/noticias\/40-industria-brasileira-terminou-2018-crise\/\"><h2 class=\"content__title\">40% da ind\u00fastria brasileira terminou 2018 em crise<\/h2><\/a><div class=\"newsContent__article__meta\"><div class=\"newsContent__article__meta__authorBox\"><a href=\"https:\/\/www.suno.com.br\/noticias\/author\/carlo-cauti\/\" class=\"authorBox__avatar noMobi\"><img src=\"https:\/\/files.sunoresearch.com.br\/n\/uploads\/2020\/08\/e3745f9a-perfil-carlo-cauti-150x150.webp\" alt=\"Carlo Cauti\"><\/a><div class=\"authorBox__name\"><span>por\n\t\t\t<a href=\"https:\/\/www.suno.com.br\/noticias\/author\/carlo-cauti\/\"><span itemprop=\"author\">Carlo Cauti<\/span><\/a><\/span><time datetime=\"2019-02-12T11:59:44-02:00\" itemprop=\"datePublished\">12\/02\/2019 11:59<\/time><\/div><\/div><\/div><\/div><\/div>","single_layout":"posts","amp_enabled":true,"_links":{"self":[{"href":"https:\/\/www.suno.com.br\/noticias\/wp-json\/wp\/v2\/posts\/14968"}],"collection":[{"href":"https:\/\/www.suno.com.br\/noticias\/wp-json\/wp\/v2\/posts"}],"about":[{"href":"https:\/\/www.suno.com.br\/noticias\/wp-json\/wp\/v2\/types\/post"}],"author":[{"embeddable":true,"href":"https:\/\/www.suno.com.br\/noticias\/wp-json\/wp\/v2\/users\/9"}],"replies":[{"embeddable":true,"href":"https:\/\/www.suno.com.br\/noticias\/wp-json\/wp\/v2\/comments?post=14968"}],"version-history":[{"count":0,"href":"https:\/\/www.suno.com.br\/noticias\/wp-json\/wp\/v2\/posts\/14968\/revisions"}],"wp:featuredmedia":[{"embeddable":true,"href":"https:\/\/www.suno.com.br\/noticias\/wp-json\/wp\/v2\/media\/14985"}],"wp:attachment":[{"href":"https:\/\/www.suno.com.br\/noticias\/wp-json\/wp\/v2\/media?parent=14968"}],"wp:term":[{"taxonomy":"category","embeddable":true,"href":"https:\/\/www.suno.com.br\/noticias\/wp-json\/wp\/v2\/categories?post=14968"},{"taxonomy":"post_tag","embeddable":true,"href":"https:\/\/www.suno.com.br\/noticias\/wp-json\/wp\/v2\/tags?post=14968"},{"taxonomy":"suno_strategy","embeddable":true,"href":"https:\/\/www.suno.com.br\/noticias\/wp-json\/wp\/v2\/suno_strategy?post=14968"}],"curies":[{"name":"wp","href":"https:\/\/api.w.org\/{rel}","templated":true}]}}