{"id":149633,"date":"2021-05-20T07:57:20","date_gmt":"2021-05-20T10:57:20","guid":{"rendered":"https:\/\/www.suno.com.br\/noticias\/?p=149633"},"modified":"2021-05-20T17:47:20","modified_gmt":"2021-05-20T20:47:20","slug":"eletrobras-elet3-mp-camara-aprova-privatizacao","status":"publish","type":"post","link":"https:\/\/www.suno.com.br\/noticias\/eletrobras-elet3-mp-camara-aprova-privatizacao\/","title":{"rendered":"Eletrobras (ELET3): C\u00e2mara aprova MP que concede privatiza\u00e7\u00e3o"},"content":{"rendered":"<p>A C\u00e2mara dos Deputados aprovou na noite da quarta-feira (19), o texto-base da medida provis\u00f3ria que permite a privatiza\u00e7\u00e3o da <a href=\"https:\/\/www.suno.com.br\/acoes\/elet3\/\"><strong>Eletrobras<\/strong> (ELET3)<\/a>.<\/p>\t<div class=\"wrapper-featured-image\">\n\t\t<figure class=\"spotlightImg\">\n\n\t\t\t<picture>\n\t\t\t\t<source media=\"(max-width: 768px)\" srcset=\"https:\/\/files.sunoresearch.com.br\/n\/uploads\/2021\/04\/36f765d6-eletrobras-400x200.webp\">\n\t\t\t\t<img loading=\"lazy\" decoding=\"async\" class=\"newsContent__article__imgCapa lazyloadDisabled \" src=\"https:\/\/files.sunoresearch.com.br\/n\/uploads\/2021\/04\/36f765d6-eletrobras-800x450.webp\" width=\"800\" height=\"450\" alt=\"Eletrobras (ELET3): C\u00e2mara aprova MP que concede privatiza\u00e7\u00e3o\" fetchpriority=high \/>\n\t\t\t<\/picture>\n\n\t\t\t<figcaption class=\"wp-caption-text wp-caption-text--show\">CPFL - Foto: Reprodu\u00e7\u00e3o Facebook<\/figcaption>\n\t\t<\/figure>\n\t<\/div>\n\n\n\t<p>\n\t\t<a href=\"https:\/\/lp.suno.com.br\/planilha-controle-gastos\/\" target=\"_blank\" data-element=\"shortcode-suno-banner\" title=\"Banner SUNO, clique e saiba mais\">\n\t\t\t<picture>\n\t\t\t\t<source media=\"(max-width: 500px)\" srcset=\"https:\/\/files.sunoresearch.com.br\/n\/uploads\/2023\/03\/400x300-Planilha-controle-de-gastos.png\">\n\t\t\t\t<img class=\"newsContent__article__imgCapa newsContent__article__imgCapa--banner\"\n\t\t\t\t\tsrc=\"https:\/\/files.sunoresearch.com.br\/n\/uploads\/2023\/03\/1420x240-Planilha-controle-de-gastos.png\"\n\t\t\t\t\tdata-promo-id=\"101751\"\t\t\t\t\t\t\t\t\t\twidth='1420' height='240'\t\t\t\t\talt=\"https:\/\/files.sunoresearch.com.br\/n\/uploads\/2023\/03\/1420x240-Planilha-controle-de-gastos.png\"\n\t\t\t\t>\n\t\t\t<\/picture>\n\t\t<\/a>\n\t<\/p>\n\n\n<p>A proposta autoriza o <strong>governo<\/strong> a diluir sua participa\u00e7\u00e3o na Eletrobras, hoje em torno de 60% para 45%, por meio da oferta de novas a\u00e7\u00f5es no mercado. A MP foi aprovada por 313 votos a favor a 166. Os deputados analisam agora os &#8220;destaques&#8221;, que podem alterar o teor da proposta.<\/p>\n<p><iframe loading=\"lazy\" title=\"Privatiza\u00e7\u00e3o da Eletrobras: O que vai acontecer?\" width=\"1080\" height=\"608\" src=\"https:\/\/www.youtube.com\/embed\/FJ83d2e6C6E?feature=oembed&#038;enablejsapi=1&#038;origin=https:\/\/www.suno.com.br\" frameborder=\"0\" allow=\"accelerometer; autoplay; clipboard-write; encrypted-media; gyroscope; picture-in-picture\" allowfullscreen><\/iframe><\/p>\n<p><a href=\"https:\/\/lp.suno.com.br\/suno-one\/\">Suno One: acesse gratuitamente eBooks, Minicursos, Artigos e V\u00eddeo Aulas sobre investimentos com um \u00fanico cadastro. Clique para saber mais!<\/a><\/p>\n<p>Enviado pelo governo em 23 de fevereiro, a proposta \u00e9 uma das prioridades do Executivo e aposta na<strong> \u00e1rea econ\u00f4mica<\/strong> para ampliar investimentos da empresa, que atua no setor de <strong>gera\u00e7\u00e3o<\/strong> e <strong>transmiss\u00e3o de energia el\u00e9trica<\/strong>. A proposta ter\u00e1 de ser analisada pelo Senado Federal at\u00e9 22 de junho, quando perde a validade.<\/p>\n<p>A MP foi aprovada sem apoio da oposi\u00e7\u00e3o e com resist\u00eancia de partidos da base aliada. Pela manh\u00e3, partidos entraram com a\u00e7\u00f5es no<strong> Supremo Tribunal Federal<\/strong> (STF) para tentar impedir a vota\u00e7\u00e3o. O l\u00edder da oposi\u00e7\u00e3o, Alessandro Molon (PSB-RJ), afirmou que a vota\u00e7\u00e3o era uma afronta \u00e0 democracia, por n\u00e3o ter sido discutida em uma <strong>comiss\u00e3o mista<\/strong>, formada por deputados e senadores.<\/p>\n<p>&#8220;\u00c9 uma afronta \u00e0 democracia porque n\u00e3o houve a comiss\u00e3o mista, exigida pela Constitui\u00e7\u00e3o. O que houve foi um imp\u00e9rio do relator&#8221;, disse. Ele afirmou que a cria\u00e7\u00e3o do colegiado \u00e9, justamente, para evitar que &#8220;uma \u00fanica pessoa possa trazer o texto que quiser ao plen\u00e1rio&#8221;.<\/p>\n<h2>Destaques da MP da Eletrobras<\/h2>\n<p>Apesar da negocia\u00e7\u00e3o do governo com o relator da proposta, deputado Elmar Nascimento (DEM-BA), nos \u00faltimos dias, a MP foi aprovada com diversos &#8220;jabutis&#8221;, como s\u00e3o chamadas as emendas que mudam o teor do texto do Executivo. Por meio de um acordo, o deputado chegou a retirar algumas das medidas, mas manteve propostas que ter\u00e3o como consequ\u00eancia o <strong>aumento da conta de luz<\/strong> do consumidor final.<\/p>\n<p>O primeiro parecer apresentado por Nascimento condicionava a <strong>privatiza\u00e7\u00e3o da Eletrobras<\/strong> \u00e0 contrata\u00e7\u00e3o pr\u00e9via de 6 mil megawatts (MW) de termel\u00e9tricas em locais definidos pelo relator. A contrapartida foi retirada do texto em uma nova vers\u00e3o do relat\u00f3rio, apresentado nesta tarde durante an\u00e1lise da mat\u00e9ria no plen\u00e1rio.<\/p>\n<p>A exig\u00eancia foi suprimida ap\u00f3s o governo alegar que n\u00e3o havia projetos para todas essas usinas e com o risco de que isso impedisse a privatiza\u00e7\u00e3o, prevista para ser conclu\u00edda no in\u00edcio de 2022.<\/p>\n<p>Contudo, o relator manteve a contrata\u00e7\u00e3o dessas termel\u00e9tricas, por meio de leil\u00e3o, nas Regi\u00f5es <strong>Nordeste<\/strong>, <strong>Norte<\/strong> e <strong>Centro-Oeste<\/strong>, onde h\u00e1 poucas reservas e gasodutos. A constru\u00e7\u00e3o de infraestrutura para escoar o insumo deve resultar no aumento de custos para o consumidor. Deputados se manifestaram contra \u00e0 proposta. &#8220;Estamos reduzindo a efici\u00eancia do setor como um todo, criando um custo desnecess\u00e1rio. Podemos, sim, contratar energia de t\u00e9rmicas, onde h\u00e1 g\u00e1s e gasodutos&#8221;, afirmou o deputado Felipe Rigoni (PSB-ES).<\/p>\n<p>Ao contr\u00e1rio do que foi acordado com o governo, o deputado n\u00e3o retirou a obriga\u00e7\u00e3o permanente de contratar uma m\u00ednima de pequenas centrais hidrel\u00e9tricas (PCHs) em leil\u00f5es de energia nova.<\/p>\n<p>O texto aprovado tamb\u00e9m permite a prorroga\u00e7\u00e3o dos contratos das usinas contratadas no \u00e2mbito do <strong>Programa de Incentivo \u00e0s Fontes Alternativas de Energia El\u00e9trica<\/strong> (Proinfa). Com o vencimento dos contratos, as usinas teriam de disputar leil\u00f5es de energia velha e reduzir seus custos. A MP, no entanto, vai permitir que elas tenham as outorgas estendidas de forma autom\u00e1tica, por mais 20 anos, a pre\u00e7o de energia nova &#8211; que inclui o valor da constru\u00e7\u00e3o de um novo empreendimento, embora elas j\u00e1 estejam prontas.<\/p>\n<p>Nascimento tamb\u00e9m manteve a obriga\u00e7\u00e3o de a Uni\u00e3o realocar fam\u00edlias que moram em faixa de servid\u00e3o de linhas de transmiss\u00e3o em at\u00e9 tr\u00eas anos. A medida valer\u00e1 para todas as regi\u00f5es metropolitanas das capitais e ser\u00e1 paga com recursos do <strong>Programa Casa Verde e Amarela.<\/strong> N\u00e3o h\u00e1, por\u00e9m, estimativa de custos da medida.<\/p>\n<p>Como proposto pelo governo, Nascimento manteve a possibilidade de renova\u00e7\u00e3o antecipada da usina de Tucuru\u00ed, um dos maiores ativos da <strong>Eletronorte<\/strong>, e incluiu tamb\u00e9m a prorroga\u00e7\u00e3o da concess\u00e3o da Hidrel\u00e9trica Mascarenhas de Moraes para Furnas. O texto tamb\u00e9m traz uma trava de 10% para a participa\u00e7\u00e3o de cada acionista no capital social e a cria\u00e7\u00e3o de uma a\u00e7\u00e3o de classe especial &#8216;golden share&#8217; para a Uni\u00e3o, que assegura poder de veto em decis\u00f5es estrat\u00e9gicas.<\/p>\n<p>Assim como previsto no texto original, a Eletronuclear, que opera as usinas nucleares, e a Itaipu Binacional n\u00e3o v\u00e3o entrar no processo de privatiza\u00e7\u00e3o. O governo fica autorizado a criar uma nova <strong>empresa p\u00fablica<\/strong> ou de <strong>economia mista<\/strong> para gerir essas empresas.<\/p>\n<h2><b>Divis\u00e3o de recursos<\/b><\/h2>\n<p>No processo de capitaliza\u00e7\u00e3o, a Eletrobras ter\u00e1 de pagar R$ 25,5 bilh\u00f5es ao <strong>Tesouro Nacional<\/strong> pelos novos contratos de concess\u00e3o de usinas, o que vai permitir que a empresa comercialize energia a pre\u00e7os livres.<\/p>\n<p>O modelo \u00e9 diferente do regime de cotas, que cobre apenas custos de opera\u00e7\u00e3o. A empresa tamb\u00e9m dever\u00e1 transferir R$ 25,5 bilh\u00f5es para a Conta de Desenvolvimento Energ\u00e9tico (CDE), o que vai permitir atenuar as tarifas pagas pelos consumidores.<\/p>\n<p>Em seu relat\u00f3rio, Nascimento determinou que esses valores ser\u00e3o usados para abater as tarifas apenas dos consumidores atendidos pelas distribuidoras da <strong>Eletrobras<\/strong>. Na pr\u00e1tica, o deputado excluiu os efeitos para os grandes consumidores, que negociam no chamado &#8220;mercado livre&#8221; de energia.<\/p>\n<p><em>(Com informa\u00e7\u00f5es do Estad\u00e3o Conte\u00fado)<\/em><\/p>\n\t<p>\n\t\t<a href=\"https:\/\/lp.suno.com.br\/planilha-da-vida-financeira\/\" target=\"_blank\" data-element=\"shortcode-suno-banner\" title=\"Banner SUNO, clique e saiba mais\">\n\t\t\t<picture>\n\t\t\t\t<source media=\"(max-width: 500px)\" srcset=\"https:\/\/files.sunoresearch.com.br\/n\/uploads\/2023\/04\/400x300-Planilha-vida-financeira-true.png\">\n\t\t\t\t<img class=\"newsContent__article__imgCapa newsContent__article__imgCapa--banner\"\n\t\t\t\t\tsrc=\"https:\/\/files.sunoresearch.com.br\/n\/uploads\/2023\/04\/1420x240-Planilha-vida-financeira-true.png\"\n\t\t\t\t\tdata-promo-id=\"106682\"\t\t\t\t\t\t\t\t\t\twidth='1420' height='240'\t\t\t\t\talt=\"https:\/\/files.sunoresearch.com.br\/n\/uploads\/2023\/04\/1420x240-Planilha-vida-financeira-true.png\"\n\t\t\t\t>\n\t\t\t<\/picture>\n\t\t<\/a>\n\t<\/p>\n\n\n","protected":false},"excerpt":{"rendered":"<p>A C\u00e2mara dos Deputados aprovou na noite da quarta-feira (19), o texto-base da medida provis\u00f3ria que permite a privatiza\u00e7\u00e3o da Eletrobras (ELET3). CPFL &#8211; Foto: Reprodu\u00e7\u00e3o Facebook A proposta autoriza o governo a diluir sua participa\u00e7\u00e3o na Eletrobras, hoje em torno de 60% para 45%, por meio da oferta de novas a\u00e7\u00f5es no mercado. A [&hellip;]<\/p>\n","protected":false},"author":15,"featured_media":140392,"comment_status":"closed","ping_status":"closed","sticky":false,"template":"","format":"standard","meta":[],"categories":[60],"tags":[938,455,104992],"suno_strategy":[],"class_list":["post-149633","post","type-post","status-publish","format-standard","has-post-thumbnail","hentry","category-mercado","tag-camara-dos-deputados","tag-eletrobras-elet3-elet5-elet6","tag-privatizacao-da-eletrobras"],"yoast_head":"<!-- This site is optimized with the Yoast SEO plugin v24.4 - https:\/\/yoast.com\/wordpress\/plugins\/seo\/ -->\n<title>Eletrobras (ELET3): C\u00e2mara aprova MP que concede privatiza\u00e7\u00e3o<\/title>\n<meta name=\"description\" content=\"A C\u00e2mara dos Deputados aprovou ontem o texto-base da medida provis\u00f3ria que permite a privatiza\u00e7\u00e3o da Eletrobras (ELET3). Clique aqui.\" \/>\n<meta name=\"robots\" content=\"index, follow, max-snippet:-1, max-image-preview:large, max-video-preview:-1\" \/>\n<link rel=\"canonical\" href=\"https:\/\/www.suno.com.br\/noticias\/eletrobras-elet3-mp-camara-aprova-privatizacao\/\" \/>\n<meta property=\"og:locale\" content=\"pt_BR\" \/>\n<meta property=\"og:type\" content=\"article\" \/>\n<meta property=\"og:title\" content=\"Eletrobras (ELET3): C\u00e2mara aprova MP que concede privatiza\u00e7\u00e3o\" \/>\n<meta property=\"og:description\" content=\"A C\u00e2mara dos Deputados aprovou ontem o texto-base da medida provis\u00f3ria que permite a privatiza\u00e7\u00e3o da Eletrobras (ELET3). Clique aqui.\" \/>\n<meta property=\"og:url\" content=\"https:\/\/www.suno.com.br\/noticias\/eletrobras-elet3-mp-camara-aprova-privatizacao\/\" \/>\n<meta property=\"og:site_name\" content=\"Suno Not\u00edcias\" \/>\n<meta property=\"article:publisher\" content=\"https:\/\/facebook.com\/sunoresearch\" \/>\n<meta property=\"og:image\" content=\"https:\/\/files.sunoresearch.com.br\/n\/uploads\/2021\/04\/36f765d6-eletrobras.jpg\" \/>\n\t<meta property=\"og:image:width\" content=\"1201\" \/>\n\t<meta property=\"og:image:height\" content=\"629\" \/>\n\t<meta property=\"og:image:type\" content=\"image\/jpeg\" \/>\n<meta name=\"author\" content=\"Poliana Santos\" \/>\n<meta name=\"twitter:card\" content=\"summary_large_image\" \/>\n<meta name=\"twitter:creator\" content=\"@sunoresearch\" \/>\n<meta name=\"twitter:site\" content=\"@sunoresearch\" \/>\n<meta name=\"twitter:label1\" content=\"Escrito por\" \/>\n\t<meta name=\"twitter:data1\" content=\"Poliana Santos\" \/>\n\t<meta name=\"twitter:label2\" content=\"Est. tempo de leitura\" \/>\n\t<meta name=\"twitter:data2\" content=\"5 minutos\" \/>\n<script type=\"application\/ld+json\" class=\"yoast-schema-graph\">{\"@context\":\"https:\/\/schema.org\",\"@graph\":[{\"@type\":\"NewsArticle\",\"@id\":\"https:\/\/www.suno.com.br\/noticias\/eletrobras-elet3-mp-camara-aprova-privatizacao\/#article\",\"isPartOf\":{\"@id\":\"https:\/\/www.suno.com.br\/noticias\/eletrobras-elet3-mp-camara-aprova-privatizacao\/\"},\"author\":{\"name\":\"Poliana Santos\",\"@id\":\"https:\/\/www.suno.com.br\/noticias\/#\/schema\/person\/02ec1f752758247878a2bf4abee1aeda\"},\"headline\":\"Eletrobras (ELET3): C\u00e2mara aprova MP que concede privatiza\u00e7\u00e3o\",\"datePublished\":\"2021-05-20T10:57:20+00:00\",\"dateModified\":\"2021-05-20T20:47:20+00:00\",\"mainEntityOfPage\":{\"@id\":\"https:\/\/www.suno.com.br\/noticias\/eletrobras-elet3-mp-camara-aprova-privatizacao\/\"},\"wordCount\":1000,\"publisher\":{\"@id\":\"https:\/\/www.suno.com.br\/noticias\/#organization\"},\"image\":{\"@id\":\"https:\/\/www.suno.com.br\/noticias\/eletrobras-elet3-mp-camara-aprova-privatizacao\/#primaryimage\"},\"thumbnailUrl\":\"https:\/\/files.sunoresearch.com.br\/n\/uploads\/2021\/04\/36f765d6-eletrobras-jpg.webp\",\"keywords\":[\"C\u00e2mara dos Deputados\",\"Eletrobras (ELET3\/ELET5\/ELET6)\",\"privatiza\u00e7\u00e3o da Eletrobras\"],\"articleSection\":[\"Mercado\"],\"inLanguage\":\"pt-BR\"},{\"@type\":\"WebPage\",\"@id\":\"https:\/\/www.suno.com.br\/noticias\/eletrobras-elet3-mp-camara-aprova-privatizacao\/\",\"url\":\"https:\/\/www.suno.com.br\/noticias\/eletrobras-elet3-mp-camara-aprova-privatizacao\/\",\"name\":\"Eletrobras (ELET3): C\u00e2mara aprova MP que concede privatiza\u00e7\u00e3o\",\"isPartOf\":{\"@id\":\"https:\/\/www.suno.com.br\/noticias\/#website\"},\"primaryImageOfPage\":{\"@id\":\"https:\/\/www.suno.com.br\/noticias\/eletrobras-elet3-mp-camara-aprova-privatizacao\/#primaryimage\"},\"image\":{\"@id\":\"https:\/\/www.suno.com.br\/noticias\/eletrobras-elet3-mp-camara-aprova-privatizacao\/#primaryimage\"},\"thumbnailUrl\":\"https:\/\/files.sunoresearch.com.br\/n\/uploads\/2021\/04\/36f765d6-eletrobras-jpg.webp\",\"datePublished\":\"2021-05-20T10:57:20+00:00\",\"dateModified\":\"2021-05-20T20:47:20+00:00\",\"description\":\"A C\u00e2mara dos Deputados aprovou ontem o texto-base da medida provis\u00f3ria que permite a privatiza\u00e7\u00e3o da Eletrobras (ELET3). Clique aqui.\",\"breadcrumb\":{\"@id\":\"https:\/\/www.suno.com.br\/noticias\/eletrobras-elet3-mp-camara-aprova-privatizacao\/#breadcrumb\"},\"inLanguage\":\"pt-BR\",\"potentialAction\":[{\"@type\":\"ReadAction\",\"target\":[\"https:\/\/www.suno.com.br\/noticias\/eletrobras-elet3-mp-camara-aprova-privatizacao\/\"]}]},{\"@type\":\"ImageObject\",\"inLanguage\":\"pt-BR\",\"@id\":\"https:\/\/www.suno.com.br\/noticias\/eletrobras-elet3-mp-camara-aprova-privatizacao\/#primaryimage\",\"url\":\"https:\/\/files.sunoresearch.com.br\/n\/uploads\/2021\/04\/36f765d6-eletrobras-jpg.webp\",\"contentUrl\":\"https:\/\/files.sunoresearch.com.br\/n\/uploads\/2021\/04\/36f765d6-eletrobras-jpg.webp\",\"width\":1201,\"height\":629,\"caption\":\"CPFL - Foto: Reprodu\u00e7\u00e3o Facebook\"},{\"@type\":\"BreadcrumbList\",\"@id\":\"https:\/\/www.suno.com.br\/noticias\/eletrobras-elet3-mp-camara-aprova-privatizacao\/#breadcrumb\",\"itemListElement\":[{\"@type\":\"ListItem\",\"position\":1,\"name\":\"Not\u00edcias\",\"item\":\"https:\/\/www.suno.com.br\/noticias\/\"},{\"@type\":\"ListItem\",\"position\":2,\"name\":\"Mercado\",\"item\":\"https:\/\/www.suno.com.br\/noticias\/mercado\/\"},{\"@type\":\"ListItem\",\"position\":3,\"name\":\"Eletrobras (ELET3): C\u00e2mara aprova MP que concede privatiza\u00e7\u00e3o\"}]},{\"@type\":\"WebSite\",\"@id\":\"https:\/\/www.suno.com.br\/noticias\/#website\",\"url\":\"https:\/\/www.suno.com.br\/noticias\/\",\"name\":\"Suno Not\u00edcias\",\"description\":\"Seu portal de informa\u00e7\u00e3o sobre o mundo dos investimentos\",\"publisher\":{\"@id\":\"https:\/\/www.suno.com.br\/noticias\/#organization\"},\"potentialAction\":[{\"@type\":\"SearchAction\",\"target\":{\"@type\":\"EntryPoint\",\"urlTemplate\":\"https:\/\/www.suno.com.br\/noticias\/?s={search_term_string}\"},\"query-input\":{\"@type\":\"PropertyValueSpecification\",\"valueRequired\":true,\"valueName\":\"search_term_string\"}}],\"inLanguage\":\"pt-BR\"},{\"@type\":\"Organization\",\"@id\":\"https:\/\/www.suno.com.br\/noticias\/#organization\",\"name\":\"Suno Not\u00edcias\",\"url\":\"https:\/\/www.suno.com.br\/noticias\/\",\"logo\":{\"@type\":\"ImageObject\",\"inLanguage\":\"pt-BR\",\"@id\":\"https:\/\/www.suno.com.br\/noticias\/#\/schema\/logo\/image\/\",\"url\":\"https:\/\/files.sunoresearch.com.br\/n\/uploads\/2021\/09\/suno-logo.png\",\"contentUrl\":\"https:\/\/files.sunoresearch.com.br\/n\/uploads\/2021\/09\/suno-logo.png\",\"width\":180,\"height\":180,\"caption\":\"Suno Not\u00edcias\"},\"image\":{\"@id\":\"https:\/\/www.suno.com.br\/noticias\/#\/schema\/logo\/image\/\"},\"sameAs\":[\"https:\/\/facebook.com\/sunoresearch\",\"https:\/\/x.com\/sunoresearch\",\"https:\/\/www.instagram.com\/suno\",\"https:\/\/www.linkedin.com\/company\/suno-research\/\",\"https:\/\/www.youtube.com\/c\/sunoresearch\"]},{\"@type\":\"Person\",\"@id\":\"https:\/\/www.suno.com.br\/noticias\/#\/schema\/person\/02ec1f752758247878a2bf4abee1aeda\",\"name\":\"Poliana Santos\",\"image\":{\"@type\":\"ImageObject\",\"inLanguage\":\"pt-BR\",\"@id\":\"https:\/\/www.suno.com.br\/noticias\/#\/schema\/person\/image\/\",\"url\":\"https:\/\/secure.gravatar.com\/avatar\/0645bd32f23d87b2130f2b2dff1d3f8d?s=96&r=g\",\"contentUrl\":\"https:\/\/secure.gravatar.com\/avatar\/0645bd32f23d87b2130f2b2dff1d3f8d?s=96&r=g\",\"caption\":\"Poliana Santos\"},\"description\":\"Rep\u00f3rter no Suno Not\u00edcias, com cobertura em mercado financeiro, economia, finan\u00e7as pessoais, renda fixa e varejo. Jornalista formada pela Faculdade C\u00e1sper L\u00edbero e possui passagem na R\u00e1dio Gazeta AM com a produ\u00e7\u00e3o de conte\u00fado sobre economia, pol\u00edtica, sa\u00fade, moda e m\u00fasica. Possui certificado de conclus\u00e3o do curso de An\u00e1lise de Balan\u00e7os pela Funda\u00e7\u00e3o Bradesco, Agenda Brasil pela FAAP, Educa\u00e7\u00e3o Pol\u00edtica por Alexandre Garcia e do Tesouro Direto e Mercado de A\u00e7\u00f5es pela B3.\",\"url\":\"https:\/\/www.suno.com.br\/noticias\/author\/poliana-santos\/\"}]}<\/script>\n<!-- \/ Yoast SEO plugin. -->","yoast_head_json":{"title":"Eletrobras (ELET3): C\u00e2mara aprova MP que concede privatiza\u00e7\u00e3o","description":"A C\u00e2mara dos Deputados aprovou ontem o texto-base da medida provis\u00f3ria que permite a privatiza\u00e7\u00e3o da Eletrobras (ELET3). Clique aqui.","robots":{"index":"index","follow":"follow","max-snippet":"max-snippet:-1","max-image-preview":"max-image-preview:large","max-video-preview":"max-video-preview:-1"},"canonical":"https:\/\/www.suno.com.br\/noticias\/eletrobras-elet3-mp-camara-aprova-privatizacao\/","og_locale":"pt_BR","og_type":"article","og_title":"Eletrobras (ELET3): C\u00e2mara aprova MP que concede privatiza\u00e7\u00e3o","og_description":"A C\u00e2mara dos Deputados aprovou ontem o texto-base da medida provis\u00f3ria que permite a privatiza\u00e7\u00e3o da Eletrobras (ELET3). Clique aqui.","og_url":"https:\/\/www.suno.com.br\/noticias\/eletrobras-elet3-mp-camara-aprova-privatizacao\/","og_site_name":"Suno Not\u00edcias","article_publisher":"https:\/\/facebook.com\/sunoresearch","og_image":[{"width":1201,"height":629,"url":"https:\/\/files.sunoresearch.com.br\/n\/uploads\/2021\/04\/36f765d6-eletrobras.jpg","type":"image\/jpeg"}],"author":"Poliana Santos","twitter_card":"summary_large_image","twitter_creator":"@sunoresearch","twitter_site":"@sunoresearch","twitter_misc":{"Escrito por":"Poliana Santos","Est. tempo de leitura":"5 minutos"},"schema":{"@context":"https:\/\/schema.org","@graph":[{"@type":"NewsArticle","@id":"https:\/\/www.suno.com.br\/noticias\/eletrobras-elet3-mp-camara-aprova-privatizacao\/#article","isPartOf":{"@id":"https:\/\/www.suno.com.br\/noticias\/eletrobras-elet3-mp-camara-aprova-privatizacao\/"},"author":{"name":"Poliana Santos","@id":"https:\/\/www.suno.com.br\/noticias\/#\/schema\/person\/02ec1f752758247878a2bf4abee1aeda"},"headline":"Eletrobras (ELET3): C\u00e2mara aprova MP que concede privatiza\u00e7\u00e3o","datePublished":"2021-05-20T10:57:20+00:00","dateModified":"2021-05-20T20:47:20+00:00","mainEntityOfPage":{"@id":"https:\/\/www.suno.com.br\/noticias\/eletrobras-elet3-mp-camara-aprova-privatizacao\/"},"wordCount":1000,"publisher":{"@id":"https:\/\/www.suno.com.br\/noticias\/#organization"},"image":{"@id":"https:\/\/www.suno.com.br\/noticias\/eletrobras-elet3-mp-camara-aprova-privatizacao\/#primaryimage"},"thumbnailUrl":"https:\/\/files.sunoresearch.com.br\/n\/uploads\/2021\/04\/36f765d6-eletrobras-jpg.webp","keywords":["C\u00e2mara dos Deputados","Eletrobras (ELET3\/ELET5\/ELET6)","privatiza\u00e7\u00e3o da Eletrobras"],"articleSection":["Mercado"],"inLanguage":"pt-BR"},{"@type":"WebPage","@id":"https:\/\/www.suno.com.br\/noticias\/eletrobras-elet3-mp-camara-aprova-privatizacao\/","url":"https:\/\/www.suno.com.br\/noticias\/eletrobras-elet3-mp-camara-aprova-privatizacao\/","name":"Eletrobras (ELET3): C\u00e2mara aprova MP que concede privatiza\u00e7\u00e3o","isPartOf":{"@id":"https:\/\/www.suno.com.br\/noticias\/#website"},"primaryImageOfPage":{"@id":"https:\/\/www.suno.com.br\/noticias\/eletrobras-elet3-mp-camara-aprova-privatizacao\/#primaryimage"},"image":{"@id":"https:\/\/www.suno.com.br\/noticias\/eletrobras-elet3-mp-camara-aprova-privatizacao\/#primaryimage"},"thumbnailUrl":"https:\/\/files.sunoresearch.com.br\/n\/uploads\/2021\/04\/36f765d6-eletrobras-jpg.webp","datePublished":"2021-05-20T10:57:20+00:00","dateModified":"2021-05-20T20:47:20+00:00","description":"A C\u00e2mara dos Deputados aprovou ontem o texto-base da medida provis\u00f3ria que permite a privatiza\u00e7\u00e3o da Eletrobras (ELET3). Clique aqui.","breadcrumb":{"@id":"https:\/\/www.suno.com.br\/noticias\/eletrobras-elet3-mp-camara-aprova-privatizacao\/#breadcrumb"},"inLanguage":"pt-BR","potentialAction":[{"@type":"ReadAction","target":["https:\/\/www.suno.com.br\/noticias\/eletrobras-elet3-mp-camara-aprova-privatizacao\/"]}]},{"@type":"ImageObject","inLanguage":"pt-BR","@id":"https:\/\/www.suno.com.br\/noticias\/eletrobras-elet3-mp-camara-aprova-privatizacao\/#primaryimage","url":"https:\/\/files.sunoresearch.com.br\/n\/uploads\/2021\/04\/36f765d6-eletrobras-jpg.webp","contentUrl":"https:\/\/files.sunoresearch.com.br\/n\/uploads\/2021\/04\/36f765d6-eletrobras-jpg.webp","width":1201,"height":629,"caption":"CPFL - Foto: Reprodu\u00e7\u00e3o Facebook"},{"@type":"BreadcrumbList","@id":"https:\/\/www.suno.com.br\/noticias\/eletrobras-elet3-mp-camara-aprova-privatizacao\/#breadcrumb","itemListElement":[{"@type":"ListItem","position":1,"name":"Not\u00edcias","item":"https:\/\/www.suno.com.br\/noticias\/"},{"@type":"ListItem","position":2,"name":"Mercado","item":"https:\/\/www.suno.com.br\/noticias\/mercado\/"},{"@type":"ListItem","position":3,"name":"Eletrobras (ELET3): C\u00e2mara aprova MP que concede privatiza\u00e7\u00e3o"}]},{"@type":"WebSite","@id":"https:\/\/www.suno.com.br\/noticias\/#website","url":"https:\/\/www.suno.com.br\/noticias\/","name":"Suno Not\u00edcias","description":"Seu portal de informa\u00e7\u00e3o sobre o mundo dos investimentos","publisher":{"@id":"https:\/\/www.suno.com.br\/noticias\/#organization"},"potentialAction":[{"@type":"SearchAction","target":{"@type":"EntryPoint","urlTemplate":"https:\/\/www.suno.com.br\/noticias\/?s={search_term_string}"},"query-input":{"@type":"PropertyValueSpecification","valueRequired":true,"valueName":"search_term_string"}}],"inLanguage":"pt-BR"},{"@type":"Organization","@id":"https:\/\/www.suno.com.br\/noticias\/#organization","name":"Suno Not\u00edcias","url":"https:\/\/www.suno.com.br\/noticias\/","logo":{"@type":"ImageObject","inLanguage":"pt-BR","@id":"https:\/\/www.suno.com.br\/noticias\/#\/schema\/logo\/image\/","url":"https:\/\/files.sunoresearch.com.br\/n\/uploads\/2021\/09\/suno-logo.png","contentUrl":"https:\/\/files.sunoresearch.com.br\/n\/uploads\/2021\/09\/suno-logo.png","width":180,"height":180,"caption":"Suno Not\u00edcias"},"image":{"@id":"https:\/\/www.suno.com.br\/noticias\/#\/schema\/logo\/image\/"},"sameAs":["https:\/\/facebook.com\/sunoresearch","https:\/\/x.com\/sunoresearch","https:\/\/www.instagram.com\/suno","https:\/\/www.linkedin.com\/company\/suno-research\/","https:\/\/www.youtube.com\/c\/sunoresearch"]},{"@type":"Person","@id":"https:\/\/www.suno.com.br\/noticias\/#\/schema\/person\/02ec1f752758247878a2bf4abee1aeda","name":"Poliana Santos","image":{"@type":"ImageObject","inLanguage":"pt-BR","@id":"https:\/\/www.suno.com.br\/noticias\/#\/schema\/person\/image\/","url":"https:\/\/secure.gravatar.com\/avatar\/0645bd32f23d87b2130f2b2dff1d3f8d?s=96&r=g","contentUrl":"https:\/\/secure.gravatar.com\/avatar\/0645bd32f23d87b2130f2b2dff1d3f8d?s=96&r=g","caption":"Poliana Santos"},"description":"Rep\u00f3rter no Suno Not\u00edcias, com cobertura em mercado financeiro, economia, finan\u00e7as pessoais, renda fixa e varejo. Jornalista formada pela Faculdade C\u00e1sper L\u00edbero e possui passagem na R\u00e1dio Gazeta AM com a produ\u00e7\u00e3o de conte\u00fado sobre economia, pol\u00edtica, sa\u00fade, moda e m\u00fasica. Possui certificado de conclus\u00e3o do curso de An\u00e1lise de Balan\u00e7os pela Funda\u00e7\u00e3o Bradesco, Agenda Brasil pela FAAP, Educa\u00e7\u00e3o Pol\u00edtica por Alexandre Garcia e do Tesouro Direto e Mercado de A\u00e7\u00f5es pela B3.","url":"https:\/\/www.suno.com.br\/noticias\/author\/poliana-santos\/"}]}},"default_loop_html":"<div class=\"cardsPage__listCard__boxs\"><div class=\"cardsPage__listCard__boxs__img\"><a href=\"https:\/\/www.suno.com.br\/noticias\/eletrobras-elet3-mp-camara-aprova-privatizacao\/\"><img class=\"mask\" src=\"https:\/\/www.suno.com.br\/noticias\/wp-content\/themes\/suno\/resources\/images\/spotlight\/spotlight1img\/bg-mask.png\" alt=\"Image Mask\"\/><img src=\"https:\/\/files.sunoresearch.com.br\/n\/uploads\/2021\/04\/36f765d6-eletrobras-400x200.webp\" alt=\"Eletrobras (ELET3): C\u00e2mara aprova MP que concede privatiza\u00e7\u00e3o\"\/><\/a><span class=\"spotlightCategory\"><a href=\"https:\/\/www.suno.com.br\/noticias\/mercado\/\">Mercado<\/a><\/span><\/div><div class=\"cardsPage__listCard__boxs__content\"><a href=\"https:\/\/www.suno.com.br\/noticias\/eletrobras-elet3-mp-camara-aprova-privatizacao\/\"><h2 class=\"content__title\">Eletrobras (ELET3): C\u00e2mara aprova MP que concede privatiza\u00e7\u00e3o<\/h2><\/a><div class=\"newsContent__article__meta\"><div class=\"newsContent__article__meta__authorBox\"><a href=\"https:\/\/www.suno.com.br\/noticias\/author\/poliana-santos\/\" class=\"authorBox__avatar noMobi\"><img src=\"https:\/\/files.sunoresearch.com.br\/n\/uploads\/2020\/08\/7ef34026-whatsapp-image-2020-08-03-at-12.37.57-150x150.webp\" alt=\"Poliana Santos\"><\/a><div class=\"authorBox__name\"><span>por\n\t\t\t<a href=\"https:\/\/www.suno.com.br\/noticias\/author\/poliana-santos\/\"><span itemprop=\"author\">Poliana Santos<\/span><\/a><\/span><time datetime=\"2021-05-20T07:57:20-03:00\" itemprop=\"datePublished\">20\/05\/2021 07:57<\/time><\/div><\/div><\/div><\/div><\/div>","single_layout":"posts","amp_enabled":true,"_links":{"self":[{"href":"https:\/\/www.suno.com.br\/noticias\/wp-json\/wp\/v2\/posts\/149633"}],"collection":[{"href":"https:\/\/www.suno.com.br\/noticias\/wp-json\/wp\/v2\/posts"}],"about":[{"href":"https:\/\/www.suno.com.br\/noticias\/wp-json\/wp\/v2\/types\/post"}],"author":[{"embeddable":true,"href":"https:\/\/www.suno.com.br\/noticias\/wp-json\/wp\/v2\/users\/15"}],"replies":[{"embeddable":true,"href":"https:\/\/www.suno.com.br\/noticias\/wp-json\/wp\/v2\/comments?post=149633"}],"version-history":[{"count":3,"href":"https:\/\/www.suno.com.br\/noticias\/wp-json\/wp\/v2\/posts\/149633\/revisions"}],"predecessor-version":[{"id":149886,"href":"https:\/\/www.suno.com.br\/noticias\/wp-json\/wp\/v2\/posts\/149633\/revisions\/149886"}],"wp:featuredmedia":[{"embeddable":true,"href":"https:\/\/www.suno.com.br\/noticias\/wp-json\/wp\/v2\/media\/140392"}],"wp:attachment":[{"href":"https:\/\/www.suno.com.br\/noticias\/wp-json\/wp\/v2\/media?parent=149633"}],"wp:term":[{"taxonomy":"category","embeddable":true,"href":"https:\/\/www.suno.com.br\/noticias\/wp-json\/wp\/v2\/categories?post=149633"},{"taxonomy":"post_tag","embeddable":true,"href":"https:\/\/www.suno.com.br\/noticias\/wp-json\/wp\/v2\/tags?post=149633"},{"taxonomy":"suno_strategy","embeddable":true,"href":"https:\/\/www.suno.com.br\/noticias\/wp-json\/wp\/v2\/suno_strategy?post=149633"}],"curies":[{"name":"wp","href":"https:\/\/api.w.org\/{rel}","templated":true}]}}